{"id":9707,"date":"2020-07-09T13:47:21","date_gmt":"2020-07-09T11:47:21","guid":{"rendered":"https:\/\/www.bandi.pl\/blog\/?p=9707"},"modified":"2020-07-16T10:40:17","modified_gmt":"2020-07-16T08:40:17","slug":"krem-z-filtrem-nadal-nie-doceniamy-profilaktyki","status":"publish","type":"post","link":"https:\/\/www.bandi.pl\/blog\/krem-z-filtrem-nadal-nie-doceniamy-profilaktyki\/","title":{"rendered":"Krem z filtrem &#8211; nadal nie doceniamy profilaktyki"},"content":{"rendered":"\n<p>Krem z filtrem to jeden z najskuteczniejszych kosmetyk\u00f3w przeciwstarzeniowych. Nie wyg\u0142adza on bezpo\u015brednio zmarszczek, nie poprawia j\u0119drno\u015bci sk\u00f3ry. A jednak w widoczny spos\u00f3b mo\u017ce wp\u0142ywa\u0107 na jej kondycj\u0119 i wygl\u0105d. W jaki spos\u00f3b?<\/p>\n\n\n\n<h2 class=\"wp-block-heading\">Objawy fotostarzenia<\/h2>\n\n\n\n<p>Niezale\u017cnie od pory roku do naszej sk\u00f3ry ze s\u0142o\u0144ca i sztucznych \u017ar\u00f3de\u0142 \u015bwiat\u0142a dociera szkodliwe promieniowanie UV. Jest ono przyczyn\u0105 wielu niekorzystnych proces\u00f3w. Na skutek wzmo\u017conej aktywno\u015bci metaloproteinaz i wolnych rodnik\u00f3w dochodzi do niszczenia w\u0142\u00f3kien kolagenu i powstawania nieprawid\u0142owych mas w\u0142\u00f3kien elastynowych. Jako, \u017ce bia\u0142ka te odpowiadaj\u0105 za utrzymanie j\u0119drno\u015bci i elstyczno\u015bci sk\u00f3ry pod wp\u0142ywem promieniowania UV zaczyna ona traci\u0107 swoj\u0105 g\u0119sto\u015b\u0107 i pojawiaj\u0105 si\u0119 na niej zmarszczki. <\/p>\n\n\n\n<p>Wydaje si\u0119 wi\u0119c, \u017ce krem z filtrem powinien na sta\u0142e zago\u015bci\u0107 w kosmetyczne ka\u017cdej kobiety. Tym czasem wyniki bada\u0144 raportu* <a href=\"https:\/\/www.bandi.pl\/blog\/badanie-zwyczaje-pielegnacyjne-polek\/\">\u201eZwyczaje piel\u0119gnacyjne Polek\u201d<\/a> wskazuj\u0105, \u017ce jedynie 44% z nas po niego si\u0119ga i w wi\u0119kszo\u015bci jest to stosowanie sezonowe.<\/p>\n\n\n\n<h2 class=\"wp-block-heading\">Jak dzia\u0142a krem z filtrem?<\/h2>\n\n\n\n<p><a href=\"https:\/\/www.bandi.pl\/sklep\/katalog.php?wyr=krem+z+spf\">Krem z filtrem<\/a> to kosmetyk o dzia\u0142aniu profilaktycznym. Jego celem jest ochrona sk\u00f3ry przed g\u0142\u00f3wnym czynnikiem nasilaj\u0105cym jej starzenie, czyli promieniowaniem UV. Mechanizm jego dzia\u0142ania w zale\u017cno\u015bci od zastosowanej substancji aktywnej wi\u0105\u017ce si\u0119 z odbiciem szkodliwego promieniowania UV lub zamian\u0105 go w energi\u0119 ciepln\u0105. Dzi\u0119ki temu struktury podporowe sk\u00f3ry, w tym w\u0142\u00f3kna kolagenu i elastyny nie ulegaj\u0105 zniszczeniu a sk\u00f3ra na d\u0142u\u017cej zachowuje swoj\u0105 j\u0119drno\u015b\u0107 i elastyczno\u015b\u0107. <\/p>\n\n\n\n<h2 class=\"wp-block-heading\">Jaki krem z filtrem wybra\u0107?<\/h2>\n\n\n\n<p>Wsp\u00f3\u0142czesne <a href=\"https:\/\/www.bandi.pl\/sklep\/kremy\/pre-d3-zaawansowany-krem-nawilzajacy-spf-50-637\/\">kremy z filtrem<\/a> cz\u0119sto wykazuj\u0105 szerokie spektrum ochrony. Mog\u0105 dzia\u0142a\u0107 w zakresie promieniowania UVA, UVB, VIS i IR. Takie preparaty chroni\u0105 najlepiej. Zabezpieczaj\u0105 bowiem nie tylko przed promieniowaniem s\u0142onecznym, ale r\u00f3wnie\u017c przed tym pochodz\u0105cym ze sztucznych \u017ar\u00f3de\u0142 \u015bwiat\u0142a np. monitory, jarzeni\u00f3wki itp. Nie wszystkie jednak kremy z filtrem b\u0119d\u0105 dzia\u0142a\u0142y w ten spos\u00f3b, dlatego warto zna\u0107 oznaczenia fotoprotekcji umieszczone na ich opakowaniach. <\/p>\n\n\n\n<figure class=\"wp-block-image size-large\"><a href=\"https:\/\/www.bandi.pl\/sklep\/kremy\/pre-d3-zaawansowany-krem-nawilzajacy-spf-50-637\/\"><img loading=\"lazy\" decoding=\"async\" width=\"400\" height=\"500\" src=\"https:\/\/www.bandi.pl\/blog\/wp-content\/uploads\/2020\/07\/94522015_10158698519004009_7356311833017319424_o-400x500.jpg\" alt=\"Zaawansowany krem nawil\u017caj\u0105cy SPF50\" class=\"wp-image-9709\"\/><\/a><\/figure>\n\n\n\n<h2 class=\"wp-block-heading\">Co oznacza SPF?<\/h2>\n\n\n\n<p>Jednym z najbardziej popularnych oznacze\u0144 dotycz\u0105cych ochrony przeciws\u0142onecznej umieszczanych na opakowaniach krem\u00f3w z filtrem jest symbol SPF. Niestety tylko 16% respondentek bior\u0105cych udzia\u0142 w badaniu* wiedzia\u0142o co on oznacza. Wiele kobiet uwa\u017ca, \u017ce wska\u017anik ten m\u00f3wi o ochronie sk\u00f3ry przed wszystkimi rodzajami promieniowania. Tymczasem dotyczy on g\u0142\u00f3wnie promieniowania UVB. Je\u015bli chcemy by kosmetyk chroni\u0142 r\u00f3wnie\u017c przed UVA, kt\u00f3re w g\u0142\u00f3wnej mierze jest odpowiedzialne za starzenie si\u0119 sk\u00f3ry powinni\u015bmy szuka\u0107 na opakowaniu kosmetyku dodatkowego symbolu UVA w k\u00f3\u0142eczku. <\/p>\n\n\n\n<figure class=\"wp-block-image size-medium\"><a href=\"https:\/\/www.bandi.pl\/sklep\/kremy\/pre-d3-zaawansowany-krem-nawilzajacy-spf-50-637\/\"><img loading=\"lazy\" decoding=\"async\" width=\"300\" height=\"300\" src=\"https:\/\/www.bandi.pl\/blog\/wp-content\/uploads\/2020\/07\/UVA-300x300.png\" alt=\"UVA w k\u00f3\u0142eczku to jeden z symboli, kt\u00f3re mo\u017cemy znale\u017a\u0107 na opakowaniu kremu z filtrem\" class=\"wp-image-9708\"\/><\/a><\/figure>\n\n\n\n<h2 class=\"wp-block-heading\">100% ochrony nie istnieje!<\/h2>\n\n\n\n<p>Zgodnie z wymogami prawa w Unii Europejskiej najwy\u017cszy wska\u017anik ochrony przeciw promieniowaniu UVB to SPF50+. Jak wskazuj\u0105 badania* wiele Polek uwa\u017ca, \u017ce kosmetyk taki zapewnia pe\u0142n\u0105 ochron\u0119 przeciws\u0142oneczn\u0105, a po jego aplikacji sk\u00f3ra jest w 100% bezpieczna. Niestety tak nie jest. \u017baden kosmetyk promieniochronny nie zapewnia takiej ochrony. Dlatego mimo stosowania kremu z filtrem powinni\u015bmy pami\u0119ta\u0107, \u017ce zbyt intensywna ekspozycja na promieniowanie jest zawsze szkodliwa dla naszej sk\u00f3ry.<\/p>\n\n\n\n<p>My kobiety pragniemy by\u0107 pi\u0119kne i chcemy zachowa\u0107 m\u0142ody wygl\u0105d sk\u00f3ry na d\u0142ugo. \u015awiadczy o tym chocia\u017cby to, \u017ce kremy przeciwstarzeniowe to jedna z najlepiej sprzedaj\u0105cych si\u0119 kategorii kosmetyk\u00f3w. Preparaty tego typu maj\u0105 jednak ograniczone mo\u017cliwo\u015bci i pewnych zniszcze\u0144 w sk\u00f3rze spowodowanych promieniowaniem UV nie s\u0105 w stanie odwr\u00f3ci\u0107. Dlatego tak wa\u017cne jest by ka\u017cdego dnia chroni\u0107 sk\u00f3r\u0119, stosuj\u0105c krem z filtrem.<\/p>\n\n\n\n<figure class=\"wp-block-embed-youtube wp-block-embed is-type-video is-provider-youtube wp-embed-aspect-16-9 wp-has-aspect-ratio\"><div class=\"wp-block-embed__wrapper\">\n<iframe loading=\"lazy\" title=\"Filtry - jak stosowa\u0107 \u017ceby dzia\u0142a\u0142y i inne wskaz\u00f3wki\" width=\"1080\" height=\"608\" src=\"https:\/\/www.youtube.com\/embed\/Tt9xm5tGEas?feature=oembed\" frameborder=\"0\" allow=\"accelerometer; autoplay; encrypted-media; gyroscope; picture-in-picture\" allowfullscreen><\/iframe>\n<\/div><\/figure>\n\n\n\n<hr class=\"wp-block-separator is-style-wide\"\/>\n\n\n\n<p> <em>*Badanie \u201eZwyczaje piel\u0119gnacyjne Polek\u201d przeprowadzono metod\u0105 CAWI na reprezentacyjnej grupie 1000 kobiet<\/em> <\/p>\n\n\n\n<div class=\"wp-block-divi-layout\">[et_pb_section fb_built=&#8221;1&#8243; admin_label=&#8221;section&#8221; _builder_version=&#8221;3.22&#8243;][et_pb_row admin_label=&#8221;row&#8221; _builder_version=&#8221;3.25&#8243; background_size=&#8221;initial&#8221; background_position=&#8221;top_left&#8221; background_repeat=&#8221;repeat&#8221;][\/et_pb_row][\/et_pb_section][et_pb_section fb_built=&#8221;1&#8243; _builder_version=&#8221;4.4.1&#8243; top_divider_style=&#8221;arrow&#8221; top_divider_color=&#8221;rgba(255,166,168,0.75)&#8221; top_divider_height=&#8221;1px&#8221; bottom_divider_style=&#8221;arrow&#8221; bottom_divider_color=&#8221;rgba(255,166,168,0.75)&#8221; bottom_divider_height=&#8221;1px&#8221;][et_pb_row column_structure=&#8221;1_2,1_2&#8243; _builder_version=&#8221;4.4.1&#8243; width=&#8221;100%&#8221; module_alignment=&#8221;left&#8221; custom_margin=&#8221;||||false|false&#8221;][et_pb_column type=&#8221;1_2&#8243; _builder_version=&#8221;4.4.1&#8243;][et_pb_text _builder_version=&#8221;4.4.1&#8243; text_font=&#8221;Raleway Bold||||||||&#8221; text_text_color=&#8221;rgba(255,166,168,0.75)&#8221; text_font_size=&#8221;56px&#8221; text_letter_spacing=&#8221;8px&#8221; text_line_height=&#8221;1.1em&#8221; custom_margin=&#8221;40px||||false|false&#8221; hover_enabled=&#8221;0&#8243; link_option_url=&#8221;https:\/\/www.bandi.pl\/sklep\/katalog.php?wyr=+spf&#8221;]<p style=\"text-align: center;\"><strong>KREM Z FILTREM<br><\/strong><\/p>\n<p style=\"text-align: center;\"><strong><\/strong><\/p>\n[\/et_pb_text][et_pb_text _builder_version=&#8221;4.4.1&#8243; text_font=&#8221;Raleway Regular||||||||&#8221; text_text_color=&#8221;#b8b8b8&#8243; text_font_size=&#8221;22px&#8221; text_line_height=&#8221;1.5em&#8221; hover_enabled=&#8221;0&#8243; link_option_url=&#8221;https:\/\/www.bandi.pl\/sklep\/katalog.php?wyr=+spf&#8221;]<p style=\"text-align: center;\">Ochrona, kt\u00f3rej Twoja sk\u00f3ra potrzebuje<\/p>\n[\/et_pb_text][et_pb_button button_url=&#8221;https:\/\/www.bandi.pl\/sklep\/katalog.php?wyr=+spf&#8221; button_text=&#8221;ZOBACZ&#8221; button_alignment=&#8221;center&#8221; disabled_on=&#8221;off|off|off&#8221; _builder_version=&#8221;4.4.1&#8243; custom_button=&#8221;on&#8221; button_text_size=&#8221;20px&#8221; button_text_color=&#8221;#ffffff&#8221; button_border_radius=&#8221;25px&#8221; button_font=&#8221;Bree Serif||||||||&#8221; background_layout=&#8221;dark&#8221; custom_padding=&#8221;12px|30px|12px|30px|true|true&#8221; hover_transition_duration=&#8221;0ms&#8221; hover_enabled=&#8221;0&#8243; box_shadow_style=&#8221;preset3&#8243;][\/et_pb_button][\/et_pb_column][et_pb_column type=&#8221;1_2&#8243; _builder_version=&#8221;4.4.1&#8243;][et_pb_image src=&#8221;https:\/\/www.bandi.pl\/blog\/wp-content\/uploads\/2020\/07\/93679476_230481844865321_5107586970135066281_n.jpg&#8221; align=&#8221;center&#8221; _builder_version=&#8221;4.4.1&#8243; hover_enabled=&#8221;0&#8243; url=&#8221;https:\/\/www.bandi.pl\/sklep\/katalog.php?wyr=+spf&#8221;][\/et_pb_image][\/et_pb_column][\/et_pb_row][\/et_pb_section]<\/div>\n","protected":false},"excerpt":{"rendered":"<p>Krem z filtrem to jeden z najskuteczniejszych kosmetyk\u00f3w przeciwstarzeniowych. Nie wyg\u0142adza on bezpo\u015brednio zmarszczek, nie poprawia j\u0119drno\u015bci sk\u00f3ry. A jednak w widoczny spos\u00f3b mo\u017ce wp\u0142ywa\u0107 na jej kondycj\u0119 i wygl\u0105d. W jaki spos\u00f3b? Objawy fotostarzenia Niezale\u017cnie od pory roku do naszej sk\u00f3ry ze s\u0142o\u0144ca i sztucznych \u017ar\u00f3de\u0142 \u015bwiat\u0142a dociera szkodliwe promieniowanie UV. Jest ono przyczyn\u0105 [&hellip;]<\/p>\n","protected":false},"author":13,"featured_media":9711,"comment_status":"open","ping_status":"closed","sticky":false,"template":"","format":"standard","meta":{"_et_pb_use_builder":"","_et_pb_old_content":"","_et_gb_content_width":"","footnotes":""},"categories":[2055,1817],"tags":[4466,4467,4109,4105,4106,3687,3688,4107,4108,4468,4365],"class_list":["post-9707","post","type-post","status-publish","format-standard","has-post-thumbnail","hentry","category-bandi","category-kategoria-pielegnacja-i-kosmetyki","tag-fotoprotekcja","tag-ir","tag-krem-na-lato","tag-krem-z-filtrem","tag-ochrona-przeciwsloneczna","tag-spf","tag-uv-expert","tag-uva","tag-uvb","tag-vis","tag-zwyczaje-pielegnacyjne-polek"],"yoast_head":"<!-- This site is optimized with the Yoast SEO plugin v27.1.1 - https:\/\/yoast.com\/product\/yoast-seo-wordpress\/ -->\n<title>Krem z filtrem - nadal nie doceniamy profilaktyki &#187; Blog BANDI<\/title>\n<meta name=\"description\" content=\"Krem z filtrem to jeden z najskuteczniejszych kosmetyk\u00f3w przeciwstarzeniowych. Powinni\u015bmy o nim pami\u0119ta\u0107 przez ca\u0142y rok, a szczeg\u00f3lnie latem.\" \/>\n<meta name=\"robots\" content=\"index, follow, max-snippet:-1, max-image-preview:large, max-video-preview:-1\" \/>\n<link rel=\"canonical\" href=\"https:\/\/www.bandi.pl\/blog\/krem-z-filtrem-nadal-nie-doceniamy-profilaktyki\/\" \/>\n<meta property=\"og:locale\" content=\"pl_PL\" \/>\n<meta property=\"og:type\" content=\"article\" \/>\n<meta property=\"og:title\" content=\"Krem z filtrem - nadal nie doceniamy profilaktyki &#187; Blog BANDI\" \/>\n<meta property=\"og:description\" content=\"Krem z filtrem to jeden z najskuteczniejszych kosmetyk\u00f3w przeciwstarzeniowych. Powinni\u015bmy o nim pami\u0119ta\u0107 przez ca\u0142y rok, a szczeg\u00f3lnie latem.\" \/>\n<meta property=\"og:url\" content=\"https:\/\/www.bandi.pl\/blog\/krem-z-filtrem-nadal-nie-doceniamy-profilaktyki\/\" \/>\n<meta property=\"og:site_name\" content=\"Blog BANDI\" \/>\n<meta property=\"article:publisher\" content=\"https:\/\/web.facebook.com\/BANDIcosmetics\" \/>\n<meta property=\"article:published_time\" content=\"2020-07-09T11:47:21+00:00\" \/>\n<meta property=\"article:modified_time\" content=\"2020-07-16T08:40:17+00:00\" \/>\n<meta property=\"og:image\" content=\"https:\/\/www.bandi.pl\/blog\/wp-content\/uploads\/2020\/07\/77-scaled.jpg\" \/>\n\t<meta property=\"og:image:width\" content=\"2560\" \/>\n\t<meta property=\"og:image:height\" content=\"1709\" \/>\n\t<meta property=\"og:image:type\" content=\"image\/jpeg\" \/>\n<meta name=\"author\" content=\"Ilona Kiraga\" \/>\n<meta name=\"twitter:card\" content=\"summary_large_image\" \/>\n<meta name=\"twitter:creator\" content=\"@bandi_cosmetics\" \/>\n<meta name=\"twitter:site\" content=\"@bandi_cosmetics\" \/>\n<meta name=\"twitter:label1\" content=\"Napisane przez\" \/>\n\t<meta name=\"twitter:data1\" content=\"Ilona Kiraga\" \/>\n\t<meta name=\"twitter:label2\" content=\"Szacowany czas czytania\" \/>\n\t<meta name=\"twitter:data2\" content=\"5 minut\" \/>\n<script type=\"application\/ld+json\" class=\"yoast-schema-graph\">{\"@context\":\"https:\/\/schema.org\",\"@graph\":[{\"@type\":\"Article\",\"@id\":\"https:\/\/www.bandi.pl\/blog\/krem-z-filtrem-nadal-nie-doceniamy-profilaktyki\/#article\",\"isPartOf\":{\"@id\":\"https:\/\/www.bandi.pl\/blog\/krem-z-filtrem-nadal-nie-doceniamy-profilaktyki\/\"},\"author\":{\"name\":\"Ilona Kiraga\",\"@id\":\"https:\/\/www.bandi.pl\/blog\/#\/schema\/person\/5ba05af1a18c58f1c31d4ae051ec9499\"},\"headline\":\"Krem z filtrem &#8211; nadal nie doceniamy profilaktyki\",\"datePublished\":\"2020-07-09T11:47:21+00:00\",\"dateModified\":\"2020-07-16T08:40:17+00:00\",\"mainEntityOfPage\":{\"@id\":\"https:\/\/www.bandi.pl\/blog\/krem-z-filtrem-nadal-nie-doceniamy-profilaktyki\/\"},\"wordCount\":942,\"commentCount\":0,\"publisher\":{\"@id\":\"https:\/\/www.bandi.pl\/blog\/#organization\"},\"image\":{\"@id\":\"https:\/\/www.bandi.pl\/blog\/krem-z-filtrem-nadal-nie-doceniamy-profilaktyki\/#primaryimage\"},\"thumbnailUrl\":\"https:\/\/www.bandi.pl\/blog\/wp-content\/uploads\/2020\/07\/77-scaled.jpg\",\"keywords\":[\"fotoprotekcja\",\"ir\",\"krem na lato\",\"krem z filtrem\",\"ochrona przeciws\u0142oneczna\",\"SPF\",\"uv expert\",\"UVA\",\"UVB\",\"vis\",\"zwyczaje piel\u0119gnacyjne Polek\"],\"articleSection\":[\"BANDI\",\"Piel\u0119gnacja i kosmetyki\"],\"inLanguage\":\"pl-PL\",\"potentialAction\":[{\"@type\":\"CommentAction\",\"name\":\"Comment\",\"target\":[\"https:\/\/www.bandi.pl\/blog\/krem-z-filtrem-nadal-nie-doceniamy-profilaktyki\/#respond\"]}]},{\"@type\":\"WebPage\",\"@id\":\"https:\/\/www.bandi.pl\/blog\/krem-z-filtrem-nadal-nie-doceniamy-profilaktyki\/\",\"url\":\"https:\/\/www.bandi.pl\/blog\/krem-z-filtrem-nadal-nie-doceniamy-profilaktyki\/\",\"name\":\"Krem z filtrem - nadal nie doceniamy profilaktyki &#187; Blog BANDI\",\"isPartOf\":{\"@id\":\"https:\/\/www.bandi.pl\/blog\/#website\"},\"primaryImageOfPage\":{\"@id\":\"https:\/\/www.bandi.pl\/blog\/krem-z-filtrem-nadal-nie-doceniamy-profilaktyki\/#primaryimage\"},\"image\":{\"@id\":\"https:\/\/www.bandi.pl\/blog\/krem-z-filtrem-nadal-nie-doceniamy-profilaktyki\/#primaryimage\"},\"thumbnailUrl\":\"https:\/\/www.bandi.pl\/blog\/wp-content\/uploads\/2020\/07\/77-scaled.jpg\",\"datePublished\":\"2020-07-09T11:47:21+00:00\",\"dateModified\":\"2020-07-16T08:40:17+00:00\",\"description\":\"Krem z filtrem to jeden z najskuteczniejszych kosmetyk\u00f3w przeciwstarzeniowych. Powinni\u015bmy o nim pami\u0119ta\u0107 przez ca\u0142y rok, a szczeg\u00f3lnie latem.\",\"breadcrumb\":{\"@id\":\"https:\/\/www.bandi.pl\/blog\/krem-z-filtrem-nadal-nie-doceniamy-profilaktyki\/#breadcrumb\"},\"inLanguage\":\"pl-PL\",\"potentialAction\":[{\"@type\":\"ReadAction\",\"target\":[\"https:\/\/www.bandi.pl\/blog\/krem-z-filtrem-nadal-nie-doceniamy-profilaktyki\/\"]}]},{\"@type\":\"ImageObject\",\"inLanguage\":\"pl-PL\",\"@id\":\"https:\/\/www.bandi.pl\/blog\/krem-z-filtrem-nadal-nie-doceniamy-profilaktyki\/#primaryimage\",\"url\":\"https:\/\/www.bandi.pl\/blog\/wp-content\/uploads\/2020\/07\/77-scaled.jpg\",\"contentUrl\":\"https:\/\/www.bandi.pl\/blog\/wp-content\/uploads\/2020\/07\/77-scaled.jpg\",\"width\":2560,\"height\":1709,\"caption\":\"Girl in hat with sunscreen in the shape of the sun on her back.\"},{\"@type\":\"BreadcrumbList\",\"@id\":\"https:\/\/www.bandi.pl\/blog\/krem-z-filtrem-nadal-nie-doceniamy-profilaktyki\/#breadcrumb\",\"itemListElement\":[{\"@type\":\"ListItem\",\"position\":1,\"name\":\"BANDI\",\"item\":\"https:\/\/www.bandi.pl\/blog\/\"},{\"@type\":\"ListItem\",\"position\":2,\"name\":\"Krem z filtrem &#8211; nadal nie doceniamy profilaktyki\"}]},{\"@type\":\"WebSite\",\"@id\":\"https:\/\/www.bandi.pl\/blog\/#website\",\"url\":\"https:\/\/www.bandi.pl\/blog\/\",\"name\":\"Blog BANDI\",\"description\":\"Czarno na bia\u0142ym o kosmetykach\",\"publisher\":{\"@id\":\"https:\/\/www.bandi.pl\/blog\/#organization\"},\"potentialAction\":[{\"@type\":\"SearchAction\",\"target\":{\"@type\":\"EntryPoint\",\"urlTemplate\":\"https:\/\/www.bandi.pl\/blog\/?s={search_term_string}\"},\"query-input\":{\"@type\":\"PropertyValueSpecification\",\"valueRequired\":true,\"valueName\":\"search_term_string\"}}],\"inLanguage\":\"pl-PL\"},{\"@type\":\"Organization\",\"@id\":\"https:\/\/www.bandi.pl\/blog\/#organization\",\"name\":\"BANDI\",\"url\":\"https:\/\/www.bandi.pl\/blog\/\",\"logo\":{\"@type\":\"ImageObject\",\"inLanguage\":\"pl-PL\",\"@id\":\"https:\/\/www.bandi.pl\/blog\/#\/schema\/logo\/image\/\",\"url\":\"https:\/\/www.bandi.pl\/blog\/wp-content\/uploads\/2019\/06\/bandi-logo.png\",\"contentUrl\":\"https:\/\/www.bandi.pl\/blog\/wp-content\/uploads\/2019\/06\/bandi-logo.png\",\"width\":264,\"height\":111,\"caption\":\"BANDI\"},\"image\":{\"@id\":\"https:\/\/www.bandi.pl\/blog\/#\/schema\/logo\/image\/\"},\"sameAs\":[\"https:\/\/web.facebook.com\/BANDIcosmetics\",\"https:\/\/x.com\/bandi_cosmetics\",\"https:\/\/www.instagram.com\/bandi_cosmetics\/\",\"https:\/\/www.pinterest.com\/bandicosmetics\/\",\"https:\/\/www.youtube.com\/user\/BandiCosmeticsPolska\"]},{\"@type\":\"Person\",\"@id\":\"https:\/\/www.bandi.pl\/blog\/#\/schema\/person\/5ba05af1a18c58f1c31d4ae051ec9499\",\"name\":\"Ilona Kiraga\"}]}<\/script>\n<!-- \/ Yoast SEO plugin. -->","yoast_head_json":{"title":"Krem z filtrem - nadal nie doceniamy profilaktyki &#187; Blog BANDI","description":"Krem z filtrem to jeden z najskuteczniejszych kosmetyk\u00f3w przeciwstarzeniowych. Powinni\u015bmy o nim pami\u0119ta\u0107 przez ca\u0142y rok, a szczeg\u00f3lnie latem.","robots":{"index":"index","follow":"follow","max-snippet":"max-snippet:-1","max-image-preview":"max-image-preview:large","max-video-preview":"max-video-preview:-1"},"canonical":"https:\/\/www.bandi.pl\/blog\/krem-z-filtrem-nadal-nie-doceniamy-profilaktyki\/","og_locale":"pl_PL","og_type":"article","og_title":"Krem z filtrem - nadal nie doceniamy profilaktyki &#187; Blog BANDI","og_description":"Krem z filtrem to jeden z najskuteczniejszych kosmetyk\u00f3w przeciwstarzeniowych. Powinni\u015bmy o nim pami\u0119ta\u0107 przez ca\u0142y rok, a szczeg\u00f3lnie latem.","og_url":"https:\/\/www.bandi.pl\/blog\/krem-z-filtrem-nadal-nie-doceniamy-profilaktyki\/","og_site_name":"Blog BANDI","article_publisher":"https:\/\/web.facebook.com\/BANDIcosmetics","article_published_time":"2020-07-09T11:47:21+00:00","article_modified_time":"2020-07-16T08:40:17+00:00","og_image":[{"width":2560,"height":1709,"url":"https:\/\/www.bandi.pl\/blog\/wp-content\/uploads\/2020\/07\/77-scaled.jpg","type":"image\/jpeg"}],"author":"Ilona Kiraga","twitter_card":"summary_large_image","twitter_creator":"@bandi_cosmetics","twitter_site":"@bandi_cosmetics","twitter_misc":{"Napisane przez":"Ilona Kiraga","Szacowany czas czytania":"5 minut"},"schema":{"@context":"https:\/\/schema.org","@graph":[{"@type":"Article","@id":"https:\/\/www.bandi.pl\/blog\/krem-z-filtrem-nadal-nie-doceniamy-profilaktyki\/#article","isPartOf":{"@id":"https:\/\/www.bandi.pl\/blog\/krem-z-filtrem-nadal-nie-doceniamy-profilaktyki\/"},"author":{"name":"Ilona Kiraga","@id":"https:\/\/www.bandi.pl\/blog\/#\/schema\/person\/5ba05af1a18c58f1c31d4ae051ec9499"},"headline":"Krem z filtrem &#8211; nadal nie doceniamy profilaktyki","datePublished":"2020-07-09T11:47:21+00:00","dateModified":"2020-07-16T08:40:17+00:00","mainEntityOfPage":{"@id":"https:\/\/www.bandi.pl\/blog\/krem-z-filtrem-nadal-nie-doceniamy-profilaktyki\/"},"wordCount":942,"commentCount":0,"publisher":{"@id":"https:\/\/www.bandi.pl\/blog\/#organization"},"image":{"@id":"https:\/\/www.bandi.pl\/blog\/krem-z-filtrem-nadal-nie-doceniamy-profilaktyki\/#primaryimage"},"thumbnailUrl":"https:\/\/www.bandi.pl\/blog\/wp-content\/uploads\/2020\/07\/77-scaled.jpg","keywords":["fotoprotekcja","ir","krem na lato","krem z filtrem","ochrona przeciws\u0142oneczna","SPF","uv expert","UVA","UVB","vis","zwyczaje piel\u0119gnacyjne Polek"],"articleSection":["BANDI","Piel\u0119gnacja i kosmetyki"],"inLanguage":"pl-PL","potentialAction":[{"@type":"CommentAction","name":"Comment","target":["https:\/\/www.bandi.pl\/blog\/krem-z-filtrem-nadal-nie-doceniamy-profilaktyki\/#respond"]}]},{"@type":"WebPage","@id":"https:\/\/www.bandi.pl\/blog\/krem-z-filtrem-nadal-nie-doceniamy-profilaktyki\/","url":"https:\/\/www.bandi.pl\/blog\/krem-z-filtrem-nadal-nie-doceniamy-profilaktyki\/","name":"Krem z filtrem - nadal nie doceniamy profilaktyki &#187; Blog BANDI","isPartOf":{"@id":"https:\/\/www.bandi.pl\/blog\/#website"},"primaryImageOfPage":{"@id":"https:\/\/www.bandi.pl\/blog\/krem-z-filtrem-nadal-nie-doceniamy-profilaktyki\/#primaryimage"},"image":{"@id":"https:\/\/www.bandi.pl\/blog\/krem-z-filtrem-nadal-nie-doceniamy-profilaktyki\/#primaryimage"},"thumbnailUrl":"https:\/\/www.bandi.pl\/blog\/wp-content\/uploads\/2020\/07\/77-scaled.jpg","datePublished":"2020-07-09T11:47:21+00:00","dateModified":"2020-07-16T08:40:17+00:00","description":"Krem z filtrem to jeden z najskuteczniejszych kosmetyk\u00f3w przeciwstarzeniowych. Powinni\u015bmy o nim pami\u0119ta\u0107 przez ca\u0142y rok, a szczeg\u00f3lnie latem.","breadcrumb":{"@id":"https:\/\/www.bandi.pl\/blog\/krem-z-filtrem-nadal-nie-doceniamy-profilaktyki\/#breadcrumb"},"inLanguage":"pl-PL","potentialAction":[{"@type":"ReadAction","target":["https:\/\/www.bandi.pl\/blog\/krem-z-filtrem-nadal-nie-doceniamy-profilaktyki\/"]}]},{"@type":"ImageObject","inLanguage":"pl-PL","@id":"https:\/\/www.bandi.pl\/blog\/krem-z-filtrem-nadal-nie-doceniamy-profilaktyki\/#primaryimage","url":"https:\/\/www.bandi.pl\/blog\/wp-content\/uploads\/2020\/07\/77-scaled.jpg","contentUrl":"https:\/\/www.bandi.pl\/blog\/wp-content\/uploads\/2020\/07\/77-scaled.jpg","width":2560,"height":1709,"caption":"Girl in hat with sunscreen in the shape of the sun on her back."},{"@type":"BreadcrumbList","@id":"https:\/\/www.bandi.pl\/blog\/krem-z-filtrem-nadal-nie-doceniamy-profilaktyki\/#breadcrumb","itemListElement":[{"@type":"ListItem","position":1,"name":"BANDI","item":"https:\/\/www.bandi.pl\/blog\/"},{"@type":"ListItem","position":2,"name":"Krem z filtrem &#8211; nadal nie doceniamy profilaktyki"}]},{"@type":"WebSite","@id":"https:\/\/www.bandi.pl\/blog\/#website","url":"https:\/\/www.bandi.pl\/blog\/","name":"Blog BANDI","description":"Czarno na bia\u0142ym o kosmetykach","publisher":{"@id":"https:\/\/www.bandi.pl\/blog\/#organization"},"potentialAction":[{"@type":"SearchAction","target":{"@type":"EntryPoint","urlTemplate":"https:\/\/www.bandi.pl\/blog\/?s={search_term_string}"},"query-input":{"@type":"PropertyValueSpecification","valueRequired":true,"valueName":"search_term_string"}}],"inLanguage":"pl-PL"},{"@type":"Organization","@id":"https:\/\/www.bandi.pl\/blog\/#organization","name":"BANDI","url":"https:\/\/www.bandi.pl\/blog\/","logo":{"@type":"ImageObject","inLanguage":"pl-PL","@id":"https:\/\/www.bandi.pl\/blog\/#\/schema\/logo\/image\/","url":"https:\/\/www.bandi.pl\/blog\/wp-content\/uploads\/2019\/06\/bandi-logo.png","contentUrl":"https:\/\/www.bandi.pl\/blog\/wp-content\/uploads\/2019\/06\/bandi-logo.png","width":264,"height":111,"caption":"BANDI"},"image":{"@id":"https:\/\/www.bandi.pl\/blog\/#\/schema\/logo\/image\/"},"sameAs":["https:\/\/web.facebook.com\/BANDIcosmetics","https:\/\/x.com\/bandi_cosmetics","https:\/\/www.instagram.com\/bandi_cosmetics\/","https:\/\/www.pinterest.com\/bandicosmetics\/","https:\/\/www.youtube.com\/user\/BandiCosmeticsPolska"]},{"@type":"Person","@id":"https:\/\/www.bandi.pl\/blog\/#\/schema\/person\/5ba05af1a18c58f1c31d4ae051ec9499","name":"Ilona Kiraga"}]}},"_links":{"self":[{"href":"https:\/\/www.bandi.pl\/blog\/wp-json\/wp\/v2\/posts\/9707","targetHints":{"allow":["GET"]}}],"collection":[{"href":"https:\/\/www.bandi.pl\/blog\/wp-json\/wp\/v2\/posts"}],"about":[{"href":"https:\/\/www.bandi.pl\/blog\/wp-json\/wp\/v2\/types\/post"}],"author":[{"embeddable":true,"href":"https:\/\/www.bandi.pl\/blog\/wp-json\/wp\/v2\/users\/13"}],"replies":[{"embeddable":true,"href":"https:\/\/www.bandi.pl\/blog\/wp-json\/wp\/v2\/comments?post=9707"}],"version-history":[{"count":6,"href":"https:\/\/www.bandi.pl\/blog\/wp-json\/wp\/v2\/posts\/9707\/revisions"}],"predecessor-version":[{"id":9762,"href":"https:\/\/www.bandi.pl\/blog\/wp-json\/wp\/v2\/posts\/9707\/revisions\/9762"}],"wp:featuredmedia":[{"embeddable":true,"href":"https:\/\/www.bandi.pl\/blog\/wp-json\/wp\/v2\/media\/9711"}],"wp:attachment":[{"href":"https:\/\/www.bandi.pl\/blog\/wp-json\/wp\/v2\/media?parent=9707"}],"wp:term":[{"taxonomy":"category","embeddable":true,"href":"https:\/\/www.bandi.pl\/blog\/wp-json\/wp\/v2\/categories?post=9707"},{"taxonomy":"post_tag","embeddable":true,"href":"https:\/\/www.bandi.pl\/blog\/wp-json\/wp\/v2\/tags?post=9707"}],"curies":[{"name":"wp","href":"https:\/\/api.w.org\/{rel}","templated":true}]}}