{"id":9670,"date":"2020-07-02T11:11:50","date_gmt":"2020-07-02T09:11:50","guid":{"rendered":"https:\/\/www.bandi.pl\/blog\/?p=9670"},"modified":"2020-07-06T09:46:01","modified_gmt":"2020-07-06T07:46:01","slug":"demakijaz-skory-to-podstawa-jej-pielegnacji","status":"publish","type":"post","link":"https:\/\/www.bandi.pl\/blog\/demakijaz-skory-to-podstawa-jej-pielegnacji\/","title":{"rendered":"Demakija\u017c sk\u00f3ry to podstawa jej piel\u0119gnacji"},"content":{"rendered":"\n<p>Demakija\u017c sk\u00f3ry to niezb\u0119dny element ka\u017cdej piel\u0119gnacji. Cz\u0119sto bowiem od tego etapu zale\u017cy w jakiej kondycji jest nasza sk\u00f3ra oraz czy inne stosowane kosmetyki b\u0119d\u0105 \u201edzia\u0142a\u0142y\u201d. Jak Polki oczyszczaj\u0105 sk\u00f3r\u0119 i czy po\u015bwi\u0119caj\u0105 na demakija\u017c odpowiednio du\u017co czasu i uwagi mo\u017cemy si\u0119 dowiedzie\u0107 z najnowszego raportu* o Ich zwyczajach piel\u0119gnacyjnych.<\/p>\n\n\n\n<h2 class=\"wp-block-heading\">Czym jest demakija\u017c<\/h2>\n\n\n\n<p>Niezale\u017cnie od tego czy na co dzie\u0144 wykonujemy makija\u017c czy te\u017c nie, nasza sk\u00f3ra potrzebuje regularnego, dok\u0142adnego oczyszczania. Zalegaj\u0105 bowiem na niej obumar\u0142e kom\u00f3rki nieustannie z\u0142uszczaj\u0105cej si\u0119 warstwy rogowej nask\u00f3rka, wydzielane przez gruczo\u0142y \u0142ojowe sebum i zanieczyszczenia zewn\u0119trzne. Na jej powierzchni przej\u015bciowo mog\u0105 pojawia\u0107 si\u0119 tak\u017ce szkodliwe drobnoustroje, przyczyniaj\u0105ce si\u0119 do wielu problem\u00f3w ze sk\u00f3r\u0105. Jak zatem powinien wygl\u0105da\u0107 i ile powinien trwa\u0107 prawid\u0142owy demakija\u017c?<\/p>\n\n\n\n<h2 class=\"wp-block-heading\">Wieloetapowy demakija\u017c<\/h2>\n\n\n\n<p>Wed\u0142ug raportu <a href=\"https:\/\/www.bandi.pl\/blog\/badanie-zwyczaje-pielegnacyjne-polek\/\">\u201eZwyczaje piel\u0119gnacyjne Polek\u201d<\/a> a\u017c 66% kobiet po\u015bwi\u0119ca dziennie na piel\u0119gnacj\u0119 nie wi\u0119cej ni\u017c 0,5 godziny. To statystycznie 15 minut rano i 15 minut wieczorem. Nie jest to du\u017co je\u015bli chodzi o prawid\u0142owy demakija\u017c. Daleko nam do Azjatek, kt\u00f3re niezwykle starannie i sumiennie odbywaj\u0105 ten etap piel\u0119gnacji. Niemniej jednak nasza \u015bwiadomo\u015b\u0107 ro\u015bnie, poniewa\u017c a\u017c 71% ankietowanych kobiet wie, \u017ce najlepiej oczy\u015bcimy sk\u00f3r\u0119 stosuj\u0105c wi\u0119cej ni\u017c jeden kosmetyk do demakija\u017cu.<\/p>\n\n\n\n<div class=\"wp-block-columns is-layout-flex wp-container-core-columns-is-layout-9d6595d7 wp-block-columns-is-layout-flex\">\n<div class=\"wp-block-column is-layout-flow wp-block-column-is-layout-flow\">\n<figure class=\"wp-block-image size-large is-resized\"><a href=\"https:\/\/www.bandi.pl\/sklep\/balsamy\/emoliencyjne-maselko-oczyszczajace-2-w-1-demakijaz-i-mycie-twarzy!-887\/\"><img loading=\"lazy\" decoding=\"async\" src=\"https:\/\/www.bandi.pl\/blog\/wp-content\/uploads\/2020\/07\/96017574_10158737642374009_8042812288849149952_o-1-346x500.jpg\" alt=\"Do demakija\u017cu cery wra\u017cliwej i suchej idealnie sprawdzi si\u0119 Emoliecyjne mase\u0142ko oczyszczaj\u0105ce\" class=\"wp-image-9679\" width=\"240\" height=\"346\"\/><\/a><\/figure>\n<\/div>\n\n\n\n<div class=\"wp-block-column is-layout-flow wp-block-column-is-layout-flow\">\n<figure class=\"wp-block-image size-large is-resized\"><a href=\"https:\/\/www.bandi.pl\/sklep\/katalog.php?wyr=%BFel+do+mycia\"><img loading=\"lazy\" decoding=\"async\" src=\"https:\/\/www.bandi.pl\/blog\/wp-content\/uploads\/2020\/07\/81184518_10158216394539009_4886417935138029568_o-333x500.jpg\" alt=\"\u017bel do demakija\u017cu sk\u00f3ry to jeden z najbardziej popularnych kosmetyk\u00f3w oczyszczajacych\" class=\"wp-image-9677\" width=\"232\" height=\"349\"\/><\/a><\/figure>\n<\/div>\n<\/div>\n\n\n\n<h2 class=\"wp-block-heading\">Hity demakija\u017cu<\/h2>\n\n\n\n<p>W\u015br\u00f3d badanych kobiet, zw\u0142aszcza w m\u0142odszych kategoriach wiekowych najbardziej popularnym kosmetykiem do demakija\u017cu okaza\u0142 si\u0119 <a href=\"https:\/\/www.bandi.pl\/sklep\/plyny\/plyn-micelarny-do-demakijazu-twarzy-oczu-i-ust-665\/\">p\u0142yn micelarny<\/a> (67%) i <a href=\"https:\/\/www.bandi.pl\/sklep\/katalog.php?wyr=%BFel+do+mycia\">\u017cel oczyszczaj\u0105cy<\/a> (59%). Niestety du\u017ca grupa kobiet po 65 roku \u017cycia nadal si\u0119ga po zwyk\u0142e myd\u0142o do oczyszczania sk\u00f3ry. Jest to du\u017cy b\u0142\u0105d piel\u0119gnacyjny, kt\u00f3ry mo\u017ce przyczynia\u0107 si\u0119 do znacznego pogorszenia stanu sk\u00f3ry, jej wysuszenia, podra\u017cnie\u0144 i przyspieszenia proces\u00f3w starzenia.<\/p>\n\n\n\n<h2 class=\"wp-block-heading\">Pami\u0119tajmy o toniku<\/h2>\n\n\n\n<p>Bardzo wa\u017cnym elementem prawid\u0142owego demakija\u017cu jest stosowanie <a href=\"https:\/\/www.bandi.pl\/sklep\/katalog.php?wyr=tonik\">toniku<\/a>. Kosmetyk ten nie tylko pomaga usun\u0105\u0107 pozosta\u0142o\u015bci produkt\u00f3w oczyszczaj\u0105cych, ale r\u00f3wnie\u017c przywraca sk\u00f3rze r\u00f3wnowag\u0119 w zakresie pH. Jest to istotne praktycznie dla ka\u017cdego rodzaju cery: suchej, mieszanej, wra\u017cliwej, sk\u0142onnej do powstawania niedoskona\u0142o\u015bci i dojrza\u0142ej. Niestety badania pokazuj\u0105, \u017ce tylko 36% Polek regularnie tonizuje sk\u00f3r\u0119. <\/p>\n\n\n\n<figure class=\"wp-block-image size-medium\"><a href=\"https:\/\/www.bandi.pl\/sklep\/toniki\/nawilzajacy-tonik-z-algami-900\/\"><img loading=\"lazy\" decoding=\"async\" width=\"240\" height=\"300\" src=\"https:\/\/www.bandi.pl\/blog\/wp-content\/uploads\/2020\/07\/93355428_10158640674369009_9068457020369141760_o-240x300.jpg\" alt=\"Tonik to bardzo wa\u017cny element demakija\u017cu\" class=\"wp-image-9682\"\/><\/a><\/figure>\n\n\n\n<p>Pi\u0119kna, zdrowa i promienna sk\u00f3ra to ta, kt\u00f3ra jest prawid\u0142owo piel\u0119gnowana. Nawet je\u015bli b\u0119dziemy stosowa\u0107 najlepszy krem, najbardziej skoncentrowane serum, najwspanialsz\u0105 maseczk\u0119, sk\u00f3ra mo\u017ce nie by\u0107 w dobrej kondycji je\u015bli nie b\u0119dzie prawid\u0142owo oczyszczana. Nie zapominajmy zatem o codziennym, dok\u0142adnym demakija\u017cu.<\/p>\n\n\n\n<figure class=\"wp-block-embed-youtube wp-block-embed is-type-video is-provider-youtube wp-embed-aspect-16-9 wp-has-aspect-ratio\"><div class=\"wp-block-embed__wrapper\">\n<iframe loading=\"lazy\" title=\"Oczyszczanie sk\u00f3ry twarzy - czym i jak to robi\u0107?\" width=\"1080\" height=\"608\" src=\"https:\/\/www.youtube.com\/embed\/uK5bzZ9vL6k?feature=oembed\" frameborder=\"0\" allow=\"accelerometer; autoplay; encrypted-media; gyroscope; picture-in-picture\" allowfullscreen><\/iframe>\n<\/div><\/figure>\n\n\n\n<hr class=\"wp-block-separator is-style-wide\"\/>\n\n\n\n<p><em>*Badanie \u201eZwyczaje piel\u0119gnacyjne Polek\u201d przeprowadzono metod\u0105 CAWI na reprezentacyjnej grupie 1000 kobiet<\/em><\/p>\n\n\n\n<div class=\"wp-block-divi-layout\">[et_pb_section admin_label=&#8221;section&#8221;][et_pb_row admin_label=&#8221;row&#8221;][\/et_pb_row][\/et_pb_section]<\/div>\n\n\n\n<div class=\"wp-block-divi-layout\">[et_pb_section fb_built=&#8221;1&#8243; admin_label=&#8221;section&#8221; _builder_version=&#8221;3.22&#8243;][et_pb_row admin_label=&#8221;row&#8221; _builder_version=&#8221;3.25&#8243; background_size=&#8221;initial&#8221; background_position=&#8221;top_left&#8221; background_repeat=&#8221;repeat&#8221;][\/et_pb_row][\/et_pb_section][et_pb_section fb_built=&#8221;1&#8243; _builder_version=&#8221;4.4.1&#8243; top_divider_style=&#8221;arrow&#8221; top_divider_color=&#8221;rgba(255,166,168,0.75)&#8221; top_divider_height=&#8221;1px&#8221; bottom_divider_style=&#8221;arrow&#8221; bottom_divider_color=&#8221;rgba(255,166,168,0.75)&#8221; bottom_divider_height=&#8221;1px&#8221;][et_pb_row column_structure=&#8221;1_2,1_2&#8243; _builder_version=&#8221;4.4.1&#8243; width=&#8221;100%&#8221; module_alignment=&#8221;left&#8221; custom_margin=&#8221;||||false|false&#8221;][et_pb_column type=&#8221;1_2&#8243; _builder_version=&#8221;4.4.1&#8243;][et_pb_text _builder_version=&#8221;4.4.1&#8243; text_font=&#8221;Raleway Bold||||||||&#8221; text_text_color=&#8221;rgba(255,166,168,0.75)&#8221; text_font_size=&#8221;56px&#8221; text_letter_spacing=&#8221;8px&#8221; text_line_height=&#8221;1.1em&#8221; custom_margin=&#8221;40px||||false|false&#8221; hover_enabled=&#8221;0&#8243; link_option_url=&#8221;https:\/\/www.bandi.pl\/sklep\/katalog\/seria\/75_pure-care\/&#8221;]<p style=\"text-align: center;\"><strong>PURE CARE<br \/><\/strong><\/p>\n<p style=\"text-align: center;\"><strong><\/strong><\/p>\n[\/et_pb_text][et_pb_text _builder_version=&#8221;4.4.1&#8243; text_font=&#8221;Raleway Regular||||||||&#8221; text_text_color=&#8221;#b8b8b8&#8243; text_font_size=&#8221;22px&#8221; text_line_height=&#8221;1.5em&#8221; hover_enabled=&#8221;0&#8243; link_option_url=&#8221;https:\/\/www.bandi.pl\/sklep\/katalog\/seria\/75_pure-care\/&#8221;]<p style=\"text-align: center;\">Prawid\u0142owy demakija\u017c dla Twojej sk\u00f3ry<\/p>[\/et_pb_text][et_pb_button button_url=&#8221;https:\/\/www.bandi.pl\/sklep\/katalog\/seria\/75_pure-care\/&#8221; button_text=&#8221;ZOBACZ&#8221; button_alignment=&#8221;center&#8221; disabled_on=&#8221;off|off|off&#8221; _builder_version=&#8221;4.4.1&#8243; custom_button=&#8221;on&#8221; button_text_size=&#8221;20px&#8221; button_text_color=&#8221;#ffffff&#8221; button_border_radius=&#8221;25px&#8221; button_font=&#8221;Bree Serif||||||||&#8221; background_layout=&#8221;dark&#8221; custom_padding=&#8221;12px|30px|12px|30px|true|true&#8221; hover_transition_duration=&#8221;0ms&#8221; hover_enabled=&#8221;0&#8243; box_shadow_style=&#8221;preset3&#8243;][\/et_pb_button][\/et_pb_column][et_pb_column type=&#8221;1_2&#8243; _builder_version=&#8221;4.4.1&#8243;][et_pb_image src=&#8221;https:\/\/www.bandi.pl\/blog\/wp-content\/uploads\/2020\/07\/90261219_10158504667399009_2229329038713815040_o-1.jpg&#8221; align=&#8221;center&#8221; _builder_version=&#8221;4.4.1&#8243; hover_enabled=&#8221;0&#8243; url=&#8221;https:\/\/www.bandi.pl\/sklep\/katalog\/seria\/75_pure-care\/&#8221;][\/et_pb_image][\/et_pb_column][\/et_pb_row][\/et_pb_section]<\/div>\n\n\n\n<p><\/p>\n","protected":false},"excerpt":{"rendered":"<p>Demakija\u017c sk\u00f3ry to niezb\u0119dny element ka\u017cdej piel\u0119gnacji. Cz\u0119sto bowiem od tego etapu zale\u017cy w jakiej kondycji jest nasza sk\u00f3ra oraz czy inne stosowane kosmetyki b\u0119d\u0105 \u201edzia\u0142a\u0142y\u201d. Jak Polki oczyszczaj\u0105 sk\u00f3r\u0119 i czy po\u015bwi\u0119caj\u0105 na demakija\u017c odpowiednio du\u017co czasu i uwagi mo\u017cemy si\u0119 dowiedzie\u0107 z najnowszego raportu* o Ich zwyczajach piel\u0119gnacyjnych. Czym jest demakija\u017c Niezale\u017cnie od [&hellip;]<\/p>\n","protected":false},"author":13,"featured_media":9685,"comment_status":"open","ping_status":"closed","sticky":false,"template":"","format":"standard","meta":{"_et_pb_use_builder":"","_et_pb_old_content":"","_et_gb_content_width":"","footnotes":""},"categories":[2055,1817],"tags":[102,4418,4420,35,4419,1383,4366,3428,4417,4365],"class_list":["post-9670","post","type-post","status-publish","format-standard","has-post-thumbnail","hentry","category-bandi","category-kategoria-pielegnacja-i-kosmetyki","tag-demakijaz","tag-emoliecyjne-maselko-oczyszczajace","tag-hity-demakijazu","tag-oczyszczanie","tag-olejek-do-demakijazu","tag-plyn-micelarny","tag-raport","tag-tonik","tag-zel-do-demakijazu","tag-zwyczaje-pielegnacyjne-polek"],"yoast_head":"<!-- This site is optimized with the Yoast SEO plugin v27.1.1 - https:\/\/yoast.com\/product\/yoast-seo-wordpress\/ -->\n<title>Demakija\u017c sk\u00f3ry to podstawa jej piel\u0119gnacji &#187; Blog BANDI<\/title>\n<meta name=\"description\" content=\"Demakija\u017c sk\u00f3ry jest niezwykle istotnym elementem jej prawid\u0142owej piel\u0119gnacji. Od niego bowiem cz\u0119sto zale\u017cy stan i kondycja sk\u00f3ry.\" \/>\n<meta name=\"robots\" content=\"index, follow, max-snippet:-1, max-image-preview:large, max-video-preview:-1\" \/>\n<link rel=\"canonical\" href=\"https:\/\/www.bandi.pl\/blog\/demakijaz-skory-to-podstawa-jej-pielegnacji\/\" \/>\n<meta property=\"og:locale\" content=\"pl_PL\" \/>\n<meta property=\"og:type\" content=\"article\" \/>\n<meta property=\"og:title\" content=\"Demakija\u017c sk\u00f3ry to podstawa jej piel\u0119gnacji &#187; Blog BANDI\" \/>\n<meta property=\"og:description\" content=\"Demakija\u017c sk\u00f3ry jest niezwykle istotnym elementem jej prawid\u0142owej piel\u0119gnacji. Od niego bowiem cz\u0119sto zale\u017cy stan i kondycja sk\u00f3ry.\" \/>\n<meta property=\"og:url\" content=\"https:\/\/www.bandi.pl\/blog\/demakijaz-skory-to-podstawa-jej-pielegnacji\/\" \/>\n<meta property=\"og:site_name\" content=\"Blog BANDI\" \/>\n<meta property=\"article:publisher\" content=\"https:\/\/web.facebook.com\/BANDIcosmetics\" \/>\n<meta property=\"article:published_time\" content=\"2020-07-02T09:11:50+00:00\" \/>\n<meta property=\"article:modified_time\" content=\"2020-07-06T07:46:01+00:00\" \/>\n<meta property=\"og:image\" content=\"https:\/\/www.bandi.pl\/blog\/wp-content\/uploads\/2020\/07\/5226-scaled.jpg\" \/>\n\t<meta property=\"og:image:width\" content=\"2560\" \/>\n\t<meta property=\"og:image:height\" content=\"1707\" \/>\n\t<meta property=\"og:image:type\" content=\"image\/jpeg\" \/>\n<meta name=\"author\" content=\"Ilona Kiraga\" \/>\n<meta name=\"twitter:card\" content=\"summary_large_image\" \/>\n<meta name=\"twitter:creator\" content=\"@bandi_cosmetics\" \/>\n<meta name=\"twitter:site\" content=\"@bandi_cosmetics\" \/>\n<meta name=\"twitter:label1\" content=\"Napisane przez\" \/>\n\t<meta name=\"twitter:data1\" content=\"Ilona Kiraga\" \/>\n\t<meta name=\"twitter:label2\" content=\"Szacowany czas czytania\" \/>\n\t<meta name=\"twitter:data2\" content=\"4 minuty\" \/>\n<script type=\"application\/ld+json\" class=\"yoast-schema-graph\">{\"@context\":\"https:\/\/schema.org\",\"@graph\":[{\"@type\":\"Article\",\"@id\":\"https:\/\/www.bandi.pl\/blog\/demakijaz-skory-to-podstawa-jej-pielegnacji\/#article\",\"isPartOf\":{\"@id\":\"https:\/\/www.bandi.pl\/blog\/demakijaz-skory-to-podstawa-jej-pielegnacji\/\"},\"author\":{\"name\":\"Ilona Kiraga\",\"@id\":\"https:\/\/www.bandi.pl\/blog\/#\/schema\/person\/5ba05af1a18c58f1c31d4ae051ec9499\"},\"headline\":\"Demakija\u017c sk\u00f3ry to podstawa jej piel\u0119gnacji\",\"datePublished\":\"2020-07-02T09:11:50+00:00\",\"dateModified\":\"2020-07-06T07:46:01+00:00\",\"mainEntityOfPage\":{\"@id\":\"https:\/\/www.bandi.pl\/blog\/demakijaz-skory-to-podstawa-jej-pielegnacji\/\"},\"wordCount\":800,\"commentCount\":0,\"publisher\":{\"@id\":\"https:\/\/www.bandi.pl\/blog\/#organization\"},\"image\":{\"@id\":\"https:\/\/www.bandi.pl\/blog\/demakijaz-skory-to-podstawa-jej-pielegnacji\/#primaryimage\"},\"thumbnailUrl\":\"https:\/\/www.bandi.pl\/blog\/wp-content\/uploads\/2020\/07\/5226-scaled.jpg\",\"keywords\":[\"demakija\u017c\",\"emoliecyjne mase\u0142ko oczyszczaj\u0105ce\",\"hity demakija\u017cu\",\"oczyszczanie\",\"olejek do demakija\u017cu\",\"p\u0142yn micelarny\",\"raport\",\"tonik\",\"\u017cel do demakija\u017cu\",\"zwyczaje piel\u0119gnacyjne Polek\"],\"articleSection\":[\"BANDI\",\"Piel\u0119gnacja i kosmetyki\"],\"inLanguage\":\"pl-PL\",\"potentialAction\":[{\"@type\":\"CommentAction\",\"name\":\"Comment\",\"target\":[\"https:\/\/www.bandi.pl\/blog\/demakijaz-skory-to-podstawa-jej-pielegnacji\/#respond\"]}]},{\"@type\":\"WebPage\",\"@id\":\"https:\/\/www.bandi.pl\/blog\/demakijaz-skory-to-podstawa-jej-pielegnacji\/\",\"url\":\"https:\/\/www.bandi.pl\/blog\/demakijaz-skory-to-podstawa-jej-pielegnacji\/\",\"name\":\"Demakija\u017c sk\u00f3ry to podstawa jej piel\u0119gnacji &#187; Blog BANDI\",\"isPartOf\":{\"@id\":\"https:\/\/www.bandi.pl\/blog\/#website\"},\"primaryImageOfPage\":{\"@id\":\"https:\/\/www.bandi.pl\/blog\/demakijaz-skory-to-podstawa-jej-pielegnacji\/#primaryimage\"},\"image\":{\"@id\":\"https:\/\/www.bandi.pl\/blog\/demakijaz-skory-to-podstawa-jej-pielegnacji\/#primaryimage\"},\"thumbnailUrl\":\"https:\/\/www.bandi.pl\/blog\/wp-content\/uploads\/2020\/07\/5226-scaled.jpg\",\"datePublished\":\"2020-07-02T09:11:50+00:00\",\"dateModified\":\"2020-07-06T07:46:01+00:00\",\"description\":\"Demakija\u017c sk\u00f3ry jest niezwykle istotnym elementem jej prawid\u0142owej piel\u0119gnacji. Od niego bowiem cz\u0119sto zale\u017cy stan i kondycja sk\u00f3ry.\",\"breadcrumb\":{\"@id\":\"https:\/\/www.bandi.pl\/blog\/demakijaz-skory-to-podstawa-jej-pielegnacji\/#breadcrumb\"},\"inLanguage\":\"pl-PL\",\"potentialAction\":[{\"@type\":\"ReadAction\",\"target\":[\"https:\/\/www.bandi.pl\/blog\/demakijaz-skory-to-podstawa-jej-pielegnacji\/\"]}]},{\"@type\":\"ImageObject\",\"inLanguage\":\"pl-PL\",\"@id\":\"https:\/\/www.bandi.pl\/blog\/demakijaz-skory-to-podstawa-jej-pielegnacji\/#primaryimage\",\"url\":\"https:\/\/www.bandi.pl\/blog\/wp-content\/uploads\/2020\/07\/5226-scaled.jpg\",\"contentUrl\":\"https:\/\/www.bandi.pl\/blog\/wp-content\/uploads\/2020\/07\/5226-scaled.jpg\",\"width\":2560,\"height\":1707,\"caption\":\"Woman wiping her face with cotton pad in the bathroom\"},{\"@type\":\"BreadcrumbList\",\"@id\":\"https:\/\/www.bandi.pl\/blog\/demakijaz-skory-to-podstawa-jej-pielegnacji\/#breadcrumb\",\"itemListElement\":[{\"@type\":\"ListItem\",\"position\":1,\"name\":\"BANDI\",\"item\":\"https:\/\/www.bandi.pl\/blog\/\"},{\"@type\":\"ListItem\",\"position\":2,\"name\":\"Demakija\u017c sk\u00f3ry to podstawa jej piel\u0119gnacji\"}]},{\"@type\":\"WebSite\",\"@id\":\"https:\/\/www.bandi.pl\/blog\/#website\",\"url\":\"https:\/\/www.bandi.pl\/blog\/\",\"name\":\"Blog BANDI\",\"description\":\"Czarno na bia\u0142ym o kosmetykach\",\"publisher\":{\"@id\":\"https:\/\/www.bandi.pl\/blog\/#organization\"},\"potentialAction\":[{\"@type\":\"SearchAction\",\"target\":{\"@type\":\"EntryPoint\",\"urlTemplate\":\"https:\/\/www.bandi.pl\/blog\/?s={search_term_string}\"},\"query-input\":{\"@type\":\"PropertyValueSpecification\",\"valueRequired\":true,\"valueName\":\"search_term_string\"}}],\"inLanguage\":\"pl-PL\"},{\"@type\":\"Organization\",\"@id\":\"https:\/\/www.bandi.pl\/blog\/#organization\",\"name\":\"BANDI\",\"url\":\"https:\/\/www.bandi.pl\/blog\/\",\"logo\":{\"@type\":\"ImageObject\",\"inLanguage\":\"pl-PL\",\"@id\":\"https:\/\/www.bandi.pl\/blog\/#\/schema\/logo\/image\/\",\"url\":\"https:\/\/www.bandi.pl\/blog\/wp-content\/uploads\/2019\/06\/bandi-logo.png\",\"contentUrl\":\"https:\/\/www.bandi.pl\/blog\/wp-content\/uploads\/2019\/06\/bandi-logo.png\",\"width\":264,\"height\":111,\"caption\":\"BANDI\"},\"image\":{\"@id\":\"https:\/\/www.bandi.pl\/blog\/#\/schema\/logo\/image\/\"},\"sameAs\":[\"https:\/\/web.facebook.com\/BANDIcosmetics\",\"https:\/\/x.com\/bandi_cosmetics\",\"https:\/\/www.instagram.com\/bandi_cosmetics\/\",\"https:\/\/www.pinterest.com\/bandicosmetics\/\",\"https:\/\/www.youtube.com\/user\/BandiCosmeticsPolska\"]},{\"@type\":\"Person\",\"@id\":\"https:\/\/www.bandi.pl\/blog\/#\/schema\/person\/5ba05af1a18c58f1c31d4ae051ec9499\",\"name\":\"Ilona Kiraga\"}]}<\/script>\n<!-- \/ Yoast SEO plugin. -->","yoast_head_json":{"title":"Demakija\u017c sk\u00f3ry to podstawa jej piel\u0119gnacji &#187; Blog BANDI","description":"Demakija\u017c sk\u00f3ry jest niezwykle istotnym elementem jej prawid\u0142owej piel\u0119gnacji. Od niego bowiem cz\u0119sto zale\u017cy stan i kondycja sk\u00f3ry.","robots":{"index":"index","follow":"follow","max-snippet":"max-snippet:-1","max-image-preview":"max-image-preview:large","max-video-preview":"max-video-preview:-1"},"canonical":"https:\/\/www.bandi.pl\/blog\/demakijaz-skory-to-podstawa-jej-pielegnacji\/","og_locale":"pl_PL","og_type":"article","og_title":"Demakija\u017c sk\u00f3ry to podstawa jej piel\u0119gnacji &#187; Blog BANDI","og_description":"Demakija\u017c sk\u00f3ry jest niezwykle istotnym elementem jej prawid\u0142owej piel\u0119gnacji. Od niego bowiem cz\u0119sto zale\u017cy stan i kondycja sk\u00f3ry.","og_url":"https:\/\/www.bandi.pl\/blog\/demakijaz-skory-to-podstawa-jej-pielegnacji\/","og_site_name":"Blog BANDI","article_publisher":"https:\/\/web.facebook.com\/BANDIcosmetics","article_published_time":"2020-07-02T09:11:50+00:00","article_modified_time":"2020-07-06T07:46:01+00:00","og_image":[{"width":2560,"height":1707,"url":"https:\/\/www.bandi.pl\/blog\/wp-content\/uploads\/2020\/07\/5226-scaled.jpg","type":"image\/jpeg"}],"author":"Ilona Kiraga","twitter_card":"summary_large_image","twitter_creator":"@bandi_cosmetics","twitter_site":"@bandi_cosmetics","twitter_misc":{"Napisane przez":"Ilona Kiraga","Szacowany czas czytania":"4 minuty"},"schema":{"@context":"https:\/\/schema.org","@graph":[{"@type":"Article","@id":"https:\/\/www.bandi.pl\/blog\/demakijaz-skory-to-podstawa-jej-pielegnacji\/#article","isPartOf":{"@id":"https:\/\/www.bandi.pl\/blog\/demakijaz-skory-to-podstawa-jej-pielegnacji\/"},"author":{"name":"Ilona Kiraga","@id":"https:\/\/www.bandi.pl\/blog\/#\/schema\/person\/5ba05af1a18c58f1c31d4ae051ec9499"},"headline":"Demakija\u017c sk\u00f3ry to podstawa jej piel\u0119gnacji","datePublished":"2020-07-02T09:11:50+00:00","dateModified":"2020-07-06T07:46:01+00:00","mainEntityOfPage":{"@id":"https:\/\/www.bandi.pl\/blog\/demakijaz-skory-to-podstawa-jej-pielegnacji\/"},"wordCount":800,"commentCount":0,"publisher":{"@id":"https:\/\/www.bandi.pl\/blog\/#organization"},"image":{"@id":"https:\/\/www.bandi.pl\/blog\/demakijaz-skory-to-podstawa-jej-pielegnacji\/#primaryimage"},"thumbnailUrl":"https:\/\/www.bandi.pl\/blog\/wp-content\/uploads\/2020\/07\/5226-scaled.jpg","keywords":["demakija\u017c","emoliecyjne mase\u0142ko oczyszczaj\u0105ce","hity demakija\u017cu","oczyszczanie","olejek do demakija\u017cu","p\u0142yn micelarny","raport","tonik","\u017cel do demakija\u017cu","zwyczaje piel\u0119gnacyjne Polek"],"articleSection":["BANDI","Piel\u0119gnacja i kosmetyki"],"inLanguage":"pl-PL","potentialAction":[{"@type":"CommentAction","name":"Comment","target":["https:\/\/www.bandi.pl\/blog\/demakijaz-skory-to-podstawa-jej-pielegnacji\/#respond"]}]},{"@type":"WebPage","@id":"https:\/\/www.bandi.pl\/blog\/demakijaz-skory-to-podstawa-jej-pielegnacji\/","url":"https:\/\/www.bandi.pl\/blog\/demakijaz-skory-to-podstawa-jej-pielegnacji\/","name":"Demakija\u017c sk\u00f3ry to podstawa jej piel\u0119gnacji &#187; Blog BANDI","isPartOf":{"@id":"https:\/\/www.bandi.pl\/blog\/#website"},"primaryImageOfPage":{"@id":"https:\/\/www.bandi.pl\/blog\/demakijaz-skory-to-podstawa-jej-pielegnacji\/#primaryimage"},"image":{"@id":"https:\/\/www.bandi.pl\/blog\/demakijaz-skory-to-podstawa-jej-pielegnacji\/#primaryimage"},"thumbnailUrl":"https:\/\/www.bandi.pl\/blog\/wp-content\/uploads\/2020\/07\/5226-scaled.jpg","datePublished":"2020-07-02T09:11:50+00:00","dateModified":"2020-07-06T07:46:01+00:00","description":"Demakija\u017c sk\u00f3ry jest niezwykle istotnym elementem jej prawid\u0142owej piel\u0119gnacji. Od niego bowiem cz\u0119sto zale\u017cy stan i kondycja sk\u00f3ry.","breadcrumb":{"@id":"https:\/\/www.bandi.pl\/blog\/demakijaz-skory-to-podstawa-jej-pielegnacji\/#breadcrumb"},"inLanguage":"pl-PL","potentialAction":[{"@type":"ReadAction","target":["https:\/\/www.bandi.pl\/blog\/demakijaz-skory-to-podstawa-jej-pielegnacji\/"]}]},{"@type":"ImageObject","inLanguage":"pl-PL","@id":"https:\/\/www.bandi.pl\/blog\/demakijaz-skory-to-podstawa-jej-pielegnacji\/#primaryimage","url":"https:\/\/www.bandi.pl\/blog\/wp-content\/uploads\/2020\/07\/5226-scaled.jpg","contentUrl":"https:\/\/www.bandi.pl\/blog\/wp-content\/uploads\/2020\/07\/5226-scaled.jpg","width":2560,"height":1707,"caption":"Woman wiping her face with cotton pad in the bathroom"},{"@type":"BreadcrumbList","@id":"https:\/\/www.bandi.pl\/blog\/demakijaz-skory-to-podstawa-jej-pielegnacji\/#breadcrumb","itemListElement":[{"@type":"ListItem","position":1,"name":"BANDI","item":"https:\/\/www.bandi.pl\/blog\/"},{"@type":"ListItem","position":2,"name":"Demakija\u017c sk\u00f3ry to podstawa jej piel\u0119gnacji"}]},{"@type":"WebSite","@id":"https:\/\/www.bandi.pl\/blog\/#website","url":"https:\/\/www.bandi.pl\/blog\/","name":"Blog BANDI","description":"Czarno na bia\u0142ym o kosmetykach","publisher":{"@id":"https:\/\/www.bandi.pl\/blog\/#organization"},"potentialAction":[{"@type":"SearchAction","target":{"@type":"EntryPoint","urlTemplate":"https:\/\/www.bandi.pl\/blog\/?s={search_term_string}"},"query-input":{"@type":"PropertyValueSpecification","valueRequired":true,"valueName":"search_term_string"}}],"inLanguage":"pl-PL"},{"@type":"Organization","@id":"https:\/\/www.bandi.pl\/blog\/#organization","name":"BANDI","url":"https:\/\/www.bandi.pl\/blog\/","logo":{"@type":"ImageObject","inLanguage":"pl-PL","@id":"https:\/\/www.bandi.pl\/blog\/#\/schema\/logo\/image\/","url":"https:\/\/www.bandi.pl\/blog\/wp-content\/uploads\/2019\/06\/bandi-logo.png","contentUrl":"https:\/\/www.bandi.pl\/blog\/wp-content\/uploads\/2019\/06\/bandi-logo.png","width":264,"height":111,"caption":"BANDI"},"image":{"@id":"https:\/\/www.bandi.pl\/blog\/#\/schema\/logo\/image\/"},"sameAs":["https:\/\/web.facebook.com\/BANDIcosmetics","https:\/\/x.com\/bandi_cosmetics","https:\/\/www.instagram.com\/bandi_cosmetics\/","https:\/\/www.pinterest.com\/bandicosmetics\/","https:\/\/www.youtube.com\/user\/BandiCosmeticsPolska"]},{"@type":"Person","@id":"https:\/\/www.bandi.pl\/blog\/#\/schema\/person\/5ba05af1a18c58f1c31d4ae051ec9499","name":"Ilona Kiraga"}]}},"_links":{"self":[{"href":"https:\/\/www.bandi.pl\/blog\/wp-json\/wp\/v2\/posts\/9670","targetHints":{"allow":["GET"]}}],"collection":[{"href":"https:\/\/www.bandi.pl\/blog\/wp-json\/wp\/v2\/posts"}],"about":[{"href":"https:\/\/www.bandi.pl\/blog\/wp-json\/wp\/v2\/types\/post"}],"author":[{"embeddable":true,"href":"https:\/\/www.bandi.pl\/blog\/wp-json\/wp\/v2\/users\/13"}],"replies":[{"embeddable":true,"href":"https:\/\/www.bandi.pl\/blog\/wp-json\/wp\/v2\/comments?post=9670"}],"version-history":[{"count":9,"href":"https:\/\/www.bandi.pl\/blog\/wp-json\/wp\/v2\/posts\/9670\/revisions"}],"predecessor-version":[{"id":9703,"href":"https:\/\/www.bandi.pl\/blog\/wp-json\/wp\/v2\/posts\/9670\/revisions\/9703"}],"wp:featuredmedia":[{"embeddable":true,"href":"https:\/\/www.bandi.pl\/blog\/wp-json\/wp\/v2\/media\/9685"}],"wp:attachment":[{"href":"https:\/\/www.bandi.pl\/blog\/wp-json\/wp\/v2\/media?parent=9670"}],"wp:term":[{"taxonomy":"category","embeddable":true,"href":"https:\/\/www.bandi.pl\/blog\/wp-json\/wp\/v2\/categories?post=9670"},{"taxonomy":"post_tag","embeddable":true,"href":"https:\/\/www.bandi.pl\/blog\/wp-json\/wp\/v2\/tags?post=9670"}],"curies":[{"name":"wp","href":"https:\/\/api.w.org\/{rel}","templated":true}]}}