{"id":9209,"date":"2020-06-11T17:27:13","date_gmt":"2020-06-11T15:27:13","guid":{"rendered":"https:\/\/www.bandi.pl\/blog\/?p=9209"},"modified":"2020-06-11T17:31:05","modified_gmt":"2020-06-11T15:31:05","slug":"jak-dbac-o-wlosy-na-co-dzien-praktyczne-wskazowki","status":"publish","type":"post","link":"https:\/\/www.bandi.pl\/blog\/jak-dbac-o-wlosy-na-co-dzien-praktyczne-wskazowki\/","title":{"rendered":"Jak dba\u0107 o w\u0142osy na co dzie\u0144? Praktyczne wskaz\u00f3wki."},"content":{"rendered":"\n<p>Jak dba\u0107 o w\u0142osy by by\u0142y pi\u0119kne, l\u015bni\u0105ce i mocne? Kluczem jest odpowiednia piel\u0119gnacja nie tylko w\u0142os\u00f3w, ale i sk\u00f3ry g\u0142owy. Jak robi\u0107 to prawid\u0142owo podpowiada znana z niezwyk\u0142ego podej\u015bcia do piel\u0119gnacji w\u0142os\u00f3w Agnieszka Niedzia\u0142ek.<\/p>\n\n\n\n<h2 class=\"wp-block-heading\">Jak i czym my\u0107 w\u0142osy?<\/h2>\n\n\n\n<p><strong>Agnieszka<\/strong>: Najcz\u0119\u015bciej skupiamy si\u0119 na myciu samych w\u0142os\u00f3w a nie przyk\u0142adamy odpowiedniej wagi do oczyszczania sk\u00f3ry g\u0142owy. Tymczasem ju\u017c na etapie mycia nale\u017cy zwraca\u0107 uwag\u0119 w jakie sk\u0142adniki piel\u0119gnacyjne wzbogacony jest nasz szampon. <\/p>\n\n\n\n<p><strong>Komentarz od Bandi:<\/strong> Do <a href=\"https:\/\/www.bandi.pl\/sklep\/katalog.php?wyr=szampon\">szampon\u00f3w<\/a> z linii <a href=\"https:\/\/www.bandi.pl\/sklep\/katalog\/seria\/69_tricho-esthetic\/\">Tricho-esthetic<\/a> mo\u017cna tak\u017ce dodawa\u0107 wybrane tricho-ekstrakty. W ten spos\u00f3b otrzymamy indywidualnie dopasowany kosmetyk, kt\u00f3ry pomo\u017ce prawid\u0142owo dba\u0107 o w\u0142osy o sk\u00f3r\u0119 g\u0142owy. Jak to zrobi\u0107? Wystarczy do 200 ml szamponu doda\u0107 ok. 30 kropel <a href=\"https:\/\/www.bandi.pl\/sklep\/katalog.php?wyr=tricho-ekstrakt\">tricho-ekstraktu<\/a>. W ten spos\u00f3b ju\u017c na etapie mycia piel\u0119gnujemy w\u0142osy.<\/p>\n\n\n\n<p><strong>Agnieszka:<\/strong> Wa\u017cny jest spos\u00f3b u\u017cycia samego szamponu. Najlepiej jest kosmetyk myj\u0105cy rozwodni\u0107 i dobrze wymiesza\u0107 z wod\u0105. Dopiero tak przygotowany roztw\u00f3r jest przygotowanym do u\u017cycia produktem myj\u0105cym, poniewa\u017c wtedy \u0142atwiej si\u0119 go rozprowadza oraz dok\u0142adniej sp\u0142ukuje. Dodatkowo unikamy konieczno\u015b\u0107 tarcia i pl\u0105tania w\u0142os\u00f3w podczas spieniania szampon\u00f3w ju\u017c na g\u0142owie.<\/p>\n\n\n\n<h2 class=\"wp-block-heading\">Dbaj o w\u0142osy stosuj\u0105c wcierki<\/h2>\n\n\n\n<p>Mycie jest dopiero wst\u0119pem do dobrej piel\u0119gnacji w\u0142os\u00f3w. Warto dodatkowo stosowa\u0107 tzw. wcierki, czyli kosmetyki, kt\u00f3re aplikujemy bezpo\u015brednio na sk\u00f3r\u0119 g\u0142owy. <\/p>\n\n\n\n<figure class=\"wp-block-image size-large\"><a href=\"https:\/\/www.bandi.pl\/sklep\/katalog.php?wyr=tricho-ekstrakt\"><img loading=\"lazy\" decoding=\"async\" width=\"375\" height=\"500\" src=\"https:\/\/www.bandi.pl\/blog\/wp-content\/uploads\/2020\/05\/61930447_10157571332429009_2956094147225714688_n-375x500.jpg\" alt=\"Tricho-ekstrakty pomagaj\u0105 prawid\u0142owo dba\u0107 o w\u0142osy i sk\u00f3r\u0119 g\u0142owy\n\" class=\"wp-image-9211\"\/><\/a><\/figure>\n\n\n\n<p><strong>Agnieszka:<\/strong> Kiedy stosowa\u0107 wcierki? Wiele zale\u017cy od kierunku dzia\u0142ania produktu, jego konsystencji i sposobu u\u017cycia. <\/p>\n\n\n\n<p><strong>Komentarz od Bandi:<\/strong> W naszej ofercie znajduj\u0105 si\u0119 cztery rodzaje wcierek, kt\u00f3re pomagaj\u0105 dba\u0107 o w\u0142osy i sk\u00f3r\u0119 g\u0142owy. S\u0105 to tricho-ekstrakty:<\/p>\n\n\n\n<ul class=\"wp-block-list\"><li>przeciw wypadaniu w\u0142os\u00f3w<\/li><li>przeciw\u0142upie\u017cowy<\/li><li>nawil\u017caj\u0105co-regeneruj\u0105cy<\/li><li>przeciw przet\u0142uszczaniu si\u0119 sk\u00f3ry g\u0142owy i w\u0142os\u00f3w<\/li><\/ul>\n\n\n\n<p>Dodatkowo na problemy z wypadaniem w\u0142os\u00f3w polecamy <a href=\"https:\/\/www.bandi.pl\/sklep\/lotiony\/tricho-lotion-stymulujacy-wzrost-wlosow-581\/\">tricho-lotion<\/a>. Jest wyj\u0105tkowy rodzaj wcierki, przeznaczony do rozpylenia na sk\u00f3rze g\u0142owy, bez jej wcierania d\u0142o\u0144mi. Produkt mo\u017ce by\u0107 stosowany po umyciu sk\u00f3ry g\u0142owy, po wst\u0119pnym osuszeniu w\u0142os\u00f3w.<\/p>\n\n\n\n<h2 class=\"wp-block-heading\">Peeling do sk\u00f3ry g\u0142owy<\/h2>\n\n\n\n<p><strong>Agnieszka:<\/strong> Polecam Tricho-peeling. Wyj\u0105tkowy&nbsp; kosmetyk do stosowania jednocze\u015bnie z wcierkami. Szczeg\u00f3lnie doceni\u0105 go osoby u\u017cywaj\u0105ce produkty stylizuj\u0105ce do w\u0142os\u00f3w. Peeling m.in. bardzo dobrze usuwa ich nadmiar z powierzchni sk\u00f3ry i przygotowuje j\u0105 do przyswajania sk\u0142adnik\u00f3w aktywnych z wcierek. Warstwowanie to jedna z moich ulubionych cech kosmetyk\u00f3w Bandi! Mo\u017cliwo\u015b\u0107 nak\u0142adania kosmetyk\u00f3w warstwami jest bardzo ciekawym rozwi\u0105zaniem. U mnie sprawdza si\u0119 znakomicie.<\/p>\n\n\n\n<p><strong>Komentarz od Bandi:<\/strong> <a href=\"https:\/\/www.bandi.pl\/sklep\/peelingi\/tricho-peeling-oczyszczajacy-do-skory-glowy-573\/\">Tricho-peeling<\/a> to jeden z naszych bestseller\u00f3w i jeste\u015bmy z tego faktu niezwykle dumni. Nie tylko wzmacnia skuteczno\u015b\u0107 tricho-ekstrakt\u00f3w, ale dodatkowo sprawia, \u017ce w\u0142osy d\u0142u\u017cej wygl\u0105daj\u0105 \u015bwie\u017co. Szczeg\u00f3lnie doceni\u0105 t\u0105 jego zalet\u0119 osoby borykaj\u0105ce si\u0119 z nadmiernym przet\u0142uszczaniem si\u0119 w\u0142os\u00f3w. <\/p>\n\n\n\n<p>Tricho-peelig to skuteczno\u015b\u0107 i wygoda u\u017cycia. Wyj\u0105tkowa formu\u0142a Tricho-peelingu pozwala na na\u0142o\u017cenie bezpo\u015brednio na niego wybranej wcierki, bez konieczno\u015bci zmywania go w mi\u0119dzyczasie. To bardzo wygodne rozwi\u0105zanie, kt\u00f3re u\u0142atwia dbanie o w\u0142osy i sk\u00f3r\u0119 g\u0142owy. <\/p>\n\n\n\n<p>Wi\u0119cej wskaz\u00f3wek i porad Agnieszki jak prawid\u0142owo dba\u0107 o w\u0142osy i sk\u00f3r\u0119 g\u0142owy w filmie. Obejrzyjcie koniecznie!<\/p>\n\n\n\n<figure class=\"wp-block-embed-youtube wp-block-embed is-type-video is-provider-youtube wp-embed-aspect-16-9 wp-has-aspect-ratio\"><div class=\"wp-block-embed__wrapper\">\n<iframe loading=\"lazy\" title=\"spos\u00f3b na pi\u0119kne w\u0142osy\" width=\"1080\" height=\"608\" src=\"https:\/\/www.youtube.com\/embed\/B-SRpZ1YuPk?feature=oembed\" frameborder=\"0\" allow=\"accelerometer; autoplay; encrypted-media; gyroscope; picture-in-picture\" allowfullscreen><\/iframe>\n<\/div><\/figure>\n\n\n\n<p><\/p>\n\n\n\n<div class=\"wp-block-divi-layout\">[et_pb_section fb_built=&#8221;1&#8243; _builder_version=&#8221;4.4.1&#8243;][\/et_pb_section][et_pb_section fb_built=&#8221;1&#8243; _builder_version=&#8221;4.4.1&#8243; top_divider_style=&#8221;arrow&#8221; top_divider_color=&#8221;rgba(255,166,168,0.75)&#8221; top_divider_height=&#8221;1px&#8221; bottom_divider_style=&#8221;arrow&#8221; bottom_divider_color=&#8221;rgba(255,166,168,0.75)&#8221; bottom_divider_height=&#8221;1px&#8221;][et_pb_row column_structure=&#8221;1_2,1_2&#8243; _builder_version=&#8221;4.4.1&#8243; width=&#8221;100%&#8221; module_alignment=&#8221;left&#8221; custom_margin=&#8221;||||false|false&#8221;][et_pb_column type=&#8221;1_2&#8243; _builder_version=&#8221;4.4.1&#8243;][et_pb_text _builder_version=&#8221;4.4.1&#8243; text_font=&#8221;Raleway Bold||||||||&#8221; text_text_color=&#8221;rgba(255,166,168,0.75)&#8221; text_font_size=&#8221;56px&#8221; text_letter_spacing=&#8221;8px&#8221; text_line_height=&#8221;1.1em&#8221; custom_margin=&#8221;40px||||false|false&#8221; hover_enabled=&#8221;0&#8243; link_option_url=&#8221;https:\/\/www.bandi.pl\/sklep\/katalog\/seria\/69_tricho-esthetic\/&#8221;]<p style=\"text-align: center;\"><strong>Tricho esthetic<br><\/strong><\/p>\n<p style=\"text-align: center;\"><strong><\/strong><\/p>\n[\/et_pb_text][et_pb_text _builder_version=&#8221;4.4.1&#8243; text_font=&#8221;Raleway Regular||||||||&#8221; text_text_color=&#8221;#b8b8b8&#8243; text_font_size=&#8221;22px&#8221; text_line_height=&#8221;1.5em&#8221; hover_enabled=&#8221;0&#8243; link_option_url=&#8221;https:\/\/www.bandi.pl\/sklep\/katalog\/seria\/69_tricho-esthetic\/&#8221;]<p style=\"text-align: center;\">W\u0142a\u015bnie takiej piel\u0119gnacji potrzebuj\u0105 Twoje w\u0142osy<\/p>[\/et_pb_text][et_pb_button button_url=&#8221;https:\/\/www.bandi.pl\/sklep\/katalog\/seria\/69_tricho-esthetic\/&#8221; button_text=&#8221;ZOBACZ&#8221; button_alignment=&#8221;center&#8221; disabled_on=&#8221;off|off|off&#8221; _builder_version=&#8221;4.4.1&#8243; custom_button=&#8221;on&#8221; button_text_size=&#8221;20px&#8221; button_text_color=&#8221;#ffffff&#8221; button_border_radius=&#8221;25px&#8221; button_font=&#8221;Bree Serif||||||||&#8221; background_layout=&#8221;dark&#8221; custom_padding=&#8221;12px|30px|12px|30px|true|true&#8221; hover_transition_duration=&#8221;0ms&#8221; hover_enabled=&#8221;0&#8243; box_shadow_style=&#8221;preset3&#8243;][\/et_pb_button][\/et_pb_column][et_pb_column type=&#8221;1_2&#8243; _builder_version=&#8221;4.4.1&#8243;][et_pb_image src=&#8221;https:\/\/www.bandi.pl\/blog\/wp-content\/uploads\/2020\/06\/IMG_4287.jpg&#8221; align=&#8221;center&#8221; _builder_version=&#8221;4.4.1&#8243; hover_enabled=&#8221;0&#8243; url=&#8221;https:\/\/www.bandi.pl\/sklep\/katalog\/seria\/69_tricho-esthetic\/&#8221;][\/et_pb_image][\/et_pb_column][\/et_pb_row][\/et_pb_section]<\/div>\n","protected":false},"excerpt":{"rendered":"<p>Jak dba\u0107 o w\u0142osy by by\u0142y pi\u0119kne, l\u015bni\u0105ce i mocne? Kluczem jest odpowiednia piel\u0119gnacja nie tylko w\u0142os\u00f3w, ale i sk\u00f3ry g\u0142owy. Jak robi\u0107 to prawid\u0142owo podpowiada znana z niezwyk\u0142ego podej\u015bcia do piel\u0119gnacji w\u0142os\u00f3w Agnieszka Niedzia\u0142ek. Jak i czym my\u0107 w\u0142osy? Agnieszka: Najcz\u0119\u015bciej skupiamy si\u0119 na myciu samych w\u0142os\u00f3w a nie przyk\u0142adamy odpowiedniej wagi do oczyszczania [&hellip;]<\/p>\n","protected":false},"author":13,"featured_media":9352,"comment_status":"open","ping_status":"closed","sticky":false,"template":"","format":"standard","meta":{"_et_pb_use_builder":"","_et_pb_old_content":"","_et_gb_content_width":"","footnotes":""},"categories":[2055,2018],"tags":[4302,4137,4136,4303,4304,80,4306,4305],"class_list":["post-9209","post","type-post","status-publish","format-standard","has-post-thumbnail","hentry","category-bandi","category-kategoria-vloger-poleca","tag-jak-dbac-o-wlosy","tag-pielegnacja-skory-glowy","tag-pielegnacja-wlosow","tag-trichi-peeling","tag-tricho-ekstrakt","tag-tricho-esthetic","tag-tricho-lotion","tag-tricho-szampon"],"yoast_head":"<!-- This site is optimized with the Yoast SEO plugin v27.1.1 - https:\/\/yoast.com\/product\/yoast-seo-wordpress\/ -->\n<title>Jak dba\u0107 o w\u0142osy na co dzie\u0144? Praktyczne wskaz\u00f3wki. &#187; Blog BANDI<\/title>\n<meta name=\"description\" content=\"Praktyczne porady i wskaz\u00f3wki jak prawid\u0142owo dba\u0107 o w\u0142osy i sk\u00f3r\u0119 g\u0142owy od znanej vlogerki Agnieszki Niedzia\u0142ek.\" \/>\n<meta name=\"robots\" content=\"index, follow, max-snippet:-1, max-image-preview:large, max-video-preview:-1\" \/>\n<link rel=\"canonical\" href=\"https:\/\/www.bandi.pl\/blog\/jak-dbac-o-wlosy-na-co-dzien-praktyczne-wskazowki\/\" \/>\n<meta property=\"og:locale\" content=\"pl_PL\" \/>\n<meta property=\"og:type\" content=\"article\" \/>\n<meta property=\"og:title\" content=\"Jak dba\u0107 o w\u0142osy na co dzie\u0144? Praktyczne wskaz\u00f3wki. &#187; Blog BANDI\" \/>\n<meta property=\"og:description\" content=\"Praktyczne porady i wskaz\u00f3wki jak prawid\u0142owo dba\u0107 o w\u0142osy i sk\u00f3r\u0119 g\u0142owy od znanej vlogerki Agnieszki Niedzia\u0142ek.\" \/>\n<meta property=\"og:url\" content=\"https:\/\/www.bandi.pl\/blog\/jak-dbac-o-wlosy-na-co-dzien-praktyczne-wskazowki\/\" \/>\n<meta property=\"og:site_name\" content=\"Blog BANDI\" \/>\n<meta property=\"article:publisher\" content=\"https:\/\/web.facebook.com\/BANDIcosmetics\" \/>\n<meta property=\"article:published_time\" content=\"2020-06-11T15:27:13+00:00\" \/>\n<meta property=\"article:modified_time\" content=\"2020-06-11T15:31:05+00:00\" \/>\n<meta property=\"og:image\" content=\"https:\/\/www.bandi.pl\/blog\/wp-content\/uploads\/2020\/06\/89602078_10158463065999009_5010366602491723776_o.jpg\" \/>\n\t<meta property=\"og:image:width\" content=\"706\" \/>\n\t<meta property=\"og:image:height\" content=\"573\" \/>\n\t<meta property=\"og:image:type\" content=\"image\/jpeg\" \/>\n<meta name=\"author\" content=\"Ilona Kiraga\" \/>\n<meta name=\"twitter:card\" content=\"summary_large_image\" \/>\n<meta name=\"twitter:creator\" content=\"@bandi_cosmetics\" \/>\n<meta name=\"twitter:site\" content=\"@bandi_cosmetics\" \/>\n<meta name=\"twitter:label1\" content=\"Napisane przez\" \/>\n\t<meta name=\"twitter:data1\" content=\"Ilona Kiraga\" \/>\n\t<meta name=\"twitter:label2\" content=\"Szacowany czas czytania\" \/>\n\t<meta name=\"twitter:data2\" content=\"4 minuty\" \/>\n<script type=\"application\/ld+json\" class=\"yoast-schema-graph\">{\"@context\":\"https:\/\/schema.org\",\"@graph\":[{\"@type\":\"Article\",\"@id\":\"https:\/\/www.bandi.pl\/blog\/jak-dbac-o-wlosy-na-co-dzien-praktyczne-wskazowki\/#article\",\"isPartOf\":{\"@id\":\"https:\/\/www.bandi.pl\/blog\/jak-dbac-o-wlosy-na-co-dzien-praktyczne-wskazowki\/\"},\"author\":{\"name\":\"Ilona Kiraga\",\"@id\":\"https:\/\/www.bandi.pl\/blog\/#\/schema\/person\/5ba05af1a18c58f1c31d4ae051ec9499\"},\"headline\":\"Jak dba\u0107 o w\u0142osy na co dzie\u0144? Praktyczne wskaz\u00f3wki.\",\"datePublished\":\"2020-06-11T15:27:13+00:00\",\"dateModified\":\"2020-06-11T15:31:05+00:00\",\"mainEntityOfPage\":{\"@id\":\"https:\/\/www.bandi.pl\/blog\/jak-dbac-o-wlosy-na-co-dzien-praktyczne-wskazowki\/\"},\"wordCount\":883,\"commentCount\":0,\"publisher\":{\"@id\":\"https:\/\/www.bandi.pl\/blog\/#organization\"},\"image\":{\"@id\":\"https:\/\/www.bandi.pl\/blog\/jak-dbac-o-wlosy-na-co-dzien-praktyczne-wskazowki\/#primaryimage\"},\"thumbnailUrl\":\"https:\/\/www.bandi.pl\/blog\/wp-content\/uploads\/2020\/06\/89602078_10158463065999009_5010366602491723776_o.jpg\",\"keywords\":[\"jak dba\u0107 o w\u0142osy\",\"piel\u0119gnacja sk\u00f3ry g\u0142owy\",\"piel\u0119gnacja w\u0142os\u00f3w\",\"trichi-peeling\",\"tricho-ekstrakt\",\"Tricho-esthetic\",\"tricho-lotion\",\"tricho-szampon\"],\"articleSection\":[\"BANDI\",\"Vloger poleca\"],\"inLanguage\":\"pl-PL\",\"potentialAction\":[{\"@type\":\"CommentAction\",\"name\":\"Comment\",\"target\":[\"https:\/\/www.bandi.pl\/blog\/jak-dbac-o-wlosy-na-co-dzien-praktyczne-wskazowki\/#respond\"]}]},{\"@type\":\"WebPage\",\"@id\":\"https:\/\/www.bandi.pl\/blog\/jak-dbac-o-wlosy-na-co-dzien-praktyczne-wskazowki\/\",\"url\":\"https:\/\/www.bandi.pl\/blog\/jak-dbac-o-wlosy-na-co-dzien-praktyczne-wskazowki\/\",\"name\":\"Jak dba\u0107 o w\u0142osy na co dzie\u0144? Praktyczne wskaz\u00f3wki. &#187; Blog BANDI\",\"isPartOf\":{\"@id\":\"https:\/\/www.bandi.pl\/blog\/#website\"},\"primaryImageOfPage\":{\"@id\":\"https:\/\/www.bandi.pl\/blog\/jak-dbac-o-wlosy-na-co-dzien-praktyczne-wskazowki\/#primaryimage\"},\"image\":{\"@id\":\"https:\/\/www.bandi.pl\/blog\/jak-dbac-o-wlosy-na-co-dzien-praktyczne-wskazowki\/#primaryimage\"},\"thumbnailUrl\":\"https:\/\/www.bandi.pl\/blog\/wp-content\/uploads\/2020\/06\/89602078_10158463065999009_5010366602491723776_o.jpg\",\"datePublished\":\"2020-06-11T15:27:13+00:00\",\"dateModified\":\"2020-06-11T15:31:05+00:00\",\"description\":\"Praktyczne porady i wskaz\u00f3wki jak prawid\u0142owo dba\u0107 o w\u0142osy i sk\u00f3r\u0119 g\u0142owy od znanej vlogerki Agnieszki Niedzia\u0142ek.\",\"breadcrumb\":{\"@id\":\"https:\/\/www.bandi.pl\/blog\/jak-dbac-o-wlosy-na-co-dzien-praktyczne-wskazowki\/#breadcrumb\"},\"inLanguage\":\"pl-PL\",\"potentialAction\":[{\"@type\":\"ReadAction\",\"target\":[\"https:\/\/www.bandi.pl\/blog\/jak-dbac-o-wlosy-na-co-dzien-praktyczne-wskazowki\/\"]}]},{\"@type\":\"ImageObject\",\"inLanguage\":\"pl-PL\",\"@id\":\"https:\/\/www.bandi.pl\/blog\/jak-dbac-o-wlosy-na-co-dzien-praktyczne-wskazowki\/#primaryimage\",\"url\":\"https:\/\/www.bandi.pl\/blog\/wp-content\/uploads\/2020\/06\/89602078_10158463065999009_5010366602491723776_o.jpg\",\"contentUrl\":\"https:\/\/www.bandi.pl\/blog\/wp-content\/uploads\/2020\/06\/89602078_10158463065999009_5010366602491723776_o.jpg\",\"width\":706,\"height\":573},{\"@type\":\"BreadcrumbList\",\"@id\":\"https:\/\/www.bandi.pl\/blog\/jak-dbac-o-wlosy-na-co-dzien-praktyczne-wskazowki\/#breadcrumb\",\"itemListElement\":[{\"@type\":\"ListItem\",\"position\":1,\"name\":\"BANDI\",\"item\":\"https:\/\/www.bandi.pl\/blog\/\"},{\"@type\":\"ListItem\",\"position\":2,\"name\":\"Jak dba\u0107 o w\u0142osy na co dzie\u0144? Praktyczne wskaz\u00f3wki.\"}]},{\"@type\":\"WebSite\",\"@id\":\"https:\/\/www.bandi.pl\/blog\/#website\",\"url\":\"https:\/\/www.bandi.pl\/blog\/\",\"name\":\"Blog BANDI\",\"description\":\"Czarno na bia\u0142ym o kosmetykach\",\"publisher\":{\"@id\":\"https:\/\/www.bandi.pl\/blog\/#organization\"},\"potentialAction\":[{\"@type\":\"SearchAction\",\"target\":{\"@type\":\"EntryPoint\",\"urlTemplate\":\"https:\/\/www.bandi.pl\/blog\/?s={search_term_string}\"},\"query-input\":{\"@type\":\"PropertyValueSpecification\",\"valueRequired\":true,\"valueName\":\"search_term_string\"}}],\"inLanguage\":\"pl-PL\"},{\"@type\":\"Organization\",\"@id\":\"https:\/\/www.bandi.pl\/blog\/#organization\",\"name\":\"BANDI\",\"url\":\"https:\/\/www.bandi.pl\/blog\/\",\"logo\":{\"@type\":\"ImageObject\",\"inLanguage\":\"pl-PL\",\"@id\":\"https:\/\/www.bandi.pl\/blog\/#\/schema\/logo\/image\/\",\"url\":\"https:\/\/www.bandi.pl\/blog\/wp-content\/uploads\/2019\/06\/bandi-logo.png\",\"contentUrl\":\"https:\/\/www.bandi.pl\/blog\/wp-content\/uploads\/2019\/06\/bandi-logo.png\",\"width\":264,\"height\":111,\"caption\":\"BANDI\"},\"image\":{\"@id\":\"https:\/\/www.bandi.pl\/blog\/#\/schema\/logo\/image\/\"},\"sameAs\":[\"https:\/\/web.facebook.com\/BANDIcosmetics\",\"https:\/\/x.com\/bandi_cosmetics\",\"https:\/\/www.instagram.com\/bandi_cosmetics\/\",\"https:\/\/www.pinterest.com\/bandicosmetics\/\",\"https:\/\/www.youtube.com\/user\/BandiCosmeticsPolska\"]},{\"@type\":\"Person\",\"@id\":\"https:\/\/www.bandi.pl\/blog\/#\/schema\/person\/5ba05af1a18c58f1c31d4ae051ec9499\",\"name\":\"Ilona Kiraga\"}]}<\/script>\n<!-- \/ Yoast SEO plugin. -->","yoast_head_json":{"title":"Jak dba\u0107 o w\u0142osy na co dzie\u0144? Praktyczne wskaz\u00f3wki. &#187; Blog BANDI","description":"Praktyczne porady i wskaz\u00f3wki jak prawid\u0142owo dba\u0107 o w\u0142osy i sk\u00f3r\u0119 g\u0142owy od znanej vlogerki Agnieszki Niedzia\u0142ek.","robots":{"index":"index","follow":"follow","max-snippet":"max-snippet:-1","max-image-preview":"max-image-preview:large","max-video-preview":"max-video-preview:-1"},"canonical":"https:\/\/www.bandi.pl\/blog\/jak-dbac-o-wlosy-na-co-dzien-praktyczne-wskazowki\/","og_locale":"pl_PL","og_type":"article","og_title":"Jak dba\u0107 o w\u0142osy na co dzie\u0144? Praktyczne wskaz\u00f3wki. &#187; Blog BANDI","og_description":"Praktyczne porady i wskaz\u00f3wki jak prawid\u0142owo dba\u0107 o w\u0142osy i sk\u00f3r\u0119 g\u0142owy od znanej vlogerki Agnieszki Niedzia\u0142ek.","og_url":"https:\/\/www.bandi.pl\/blog\/jak-dbac-o-wlosy-na-co-dzien-praktyczne-wskazowki\/","og_site_name":"Blog BANDI","article_publisher":"https:\/\/web.facebook.com\/BANDIcosmetics","article_published_time":"2020-06-11T15:27:13+00:00","article_modified_time":"2020-06-11T15:31:05+00:00","og_image":[{"width":706,"height":573,"url":"https:\/\/www.bandi.pl\/blog\/wp-content\/uploads\/2020\/06\/89602078_10158463065999009_5010366602491723776_o.jpg","type":"image\/jpeg"}],"author":"Ilona Kiraga","twitter_card":"summary_large_image","twitter_creator":"@bandi_cosmetics","twitter_site":"@bandi_cosmetics","twitter_misc":{"Napisane przez":"Ilona Kiraga","Szacowany czas czytania":"4 minuty"},"schema":{"@context":"https:\/\/schema.org","@graph":[{"@type":"Article","@id":"https:\/\/www.bandi.pl\/blog\/jak-dbac-o-wlosy-na-co-dzien-praktyczne-wskazowki\/#article","isPartOf":{"@id":"https:\/\/www.bandi.pl\/blog\/jak-dbac-o-wlosy-na-co-dzien-praktyczne-wskazowki\/"},"author":{"name":"Ilona Kiraga","@id":"https:\/\/www.bandi.pl\/blog\/#\/schema\/person\/5ba05af1a18c58f1c31d4ae051ec9499"},"headline":"Jak dba\u0107 o w\u0142osy na co dzie\u0144? Praktyczne wskaz\u00f3wki.","datePublished":"2020-06-11T15:27:13+00:00","dateModified":"2020-06-11T15:31:05+00:00","mainEntityOfPage":{"@id":"https:\/\/www.bandi.pl\/blog\/jak-dbac-o-wlosy-na-co-dzien-praktyczne-wskazowki\/"},"wordCount":883,"commentCount":0,"publisher":{"@id":"https:\/\/www.bandi.pl\/blog\/#organization"},"image":{"@id":"https:\/\/www.bandi.pl\/blog\/jak-dbac-o-wlosy-na-co-dzien-praktyczne-wskazowki\/#primaryimage"},"thumbnailUrl":"https:\/\/www.bandi.pl\/blog\/wp-content\/uploads\/2020\/06\/89602078_10158463065999009_5010366602491723776_o.jpg","keywords":["jak dba\u0107 o w\u0142osy","piel\u0119gnacja sk\u00f3ry g\u0142owy","piel\u0119gnacja w\u0142os\u00f3w","trichi-peeling","tricho-ekstrakt","Tricho-esthetic","tricho-lotion","tricho-szampon"],"articleSection":["BANDI","Vloger poleca"],"inLanguage":"pl-PL","potentialAction":[{"@type":"CommentAction","name":"Comment","target":["https:\/\/www.bandi.pl\/blog\/jak-dbac-o-wlosy-na-co-dzien-praktyczne-wskazowki\/#respond"]}]},{"@type":"WebPage","@id":"https:\/\/www.bandi.pl\/blog\/jak-dbac-o-wlosy-na-co-dzien-praktyczne-wskazowki\/","url":"https:\/\/www.bandi.pl\/blog\/jak-dbac-o-wlosy-na-co-dzien-praktyczne-wskazowki\/","name":"Jak dba\u0107 o w\u0142osy na co dzie\u0144? Praktyczne wskaz\u00f3wki. &#187; Blog BANDI","isPartOf":{"@id":"https:\/\/www.bandi.pl\/blog\/#website"},"primaryImageOfPage":{"@id":"https:\/\/www.bandi.pl\/blog\/jak-dbac-o-wlosy-na-co-dzien-praktyczne-wskazowki\/#primaryimage"},"image":{"@id":"https:\/\/www.bandi.pl\/blog\/jak-dbac-o-wlosy-na-co-dzien-praktyczne-wskazowki\/#primaryimage"},"thumbnailUrl":"https:\/\/www.bandi.pl\/blog\/wp-content\/uploads\/2020\/06\/89602078_10158463065999009_5010366602491723776_o.jpg","datePublished":"2020-06-11T15:27:13+00:00","dateModified":"2020-06-11T15:31:05+00:00","description":"Praktyczne porady i wskaz\u00f3wki jak prawid\u0142owo dba\u0107 o w\u0142osy i sk\u00f3r\u0119 g\u0142owy od znanej vlogerki Agnieszki Niedzia\u0142ek.","breadcrumb":{"@id":"https:\/\/www.bandi.pl\/blog\/jak-dbac-o-wlosy-na-co-dzien-praktyczne-wskazowki\/#breadcrumb"},"inLanguage":"pl-PL","potentialAction":[{"@type":"ReadAction","target":["https:\/\/www.bandi.pl\/blog\/jak-dbac-o-wlosy-na-co-dzien-praktyczne-wskazowki\/"]}]},{"@type":"ImageObject","inLanguage":"pl-PL","@id":"https:\/\/www.bandi.pl\/blog\/jak-dbac-o-wlosy-na-co-dzien-praktyczne-wskazowki\/#primaryimage","url":"https:\/\/www.bandi.pl\/blog\/wp-content\/uploads\/2020\/06\/89602078_10158463065999009_5010366602491723776_o.jpg","contentUrl":"https:\/\/www.bandi.pl\/blog\/wp-content\/uploads\/2020\/06\/89602078_10158463065999009_5010366602491723776_o.jpg","width":706,"height":573},{"@type":"BreadcrumbList","@id":"https:\/\/www.bandi.pl\/blog\/jak-dbac-o-wlosy-na-co-dzien-praktyczne-wskazowki\/#breadcrumb","itemListElement":[{"@type":"ListItem","position":1,"name":"BANDI","item":"https:\/\/www.bandi.pl\/blog\/"},{"@type":"ListItem","position":2,"name":"Jak dba\u0107 o w\u0142osy na co dzie\u0144? Praktyczne wskaz\u00f3wki."}]},{"@type":"WebSite","@id":"https:\/\/www.bandi.pl\/blog\/#website","url":"https:\/\/www.bandi.pl\/blog\/","name":"Blog BANDI","description":"Czarno na bia\u0142ym o kosmetykach","publisher":{"@id":"https:\/\/www.bandi.pl\/blog\/#organization"},"potentialAction":[{"@type":"SearchAction","target":{"@type":"EntryPoint","urlTemplate":"https:\/\/www.bandi.pl\/blog\/?s={search_term_string}"},"query-input":{"@type":"PropertyValueSpecification","valueRequired":true,"valueName":"search_term_string"}}],"inLanguage":"pl-PL"},{"@type":"Organization","@id":"https:\/\/www.bandi.pl\/blog\/#organization","name":"BANDI","url":"https:\/\/www.bandi.pl\/blog\/","logo":{"@type":"ImageObject","inLanguage":"pl-PL","@id":"https:\/\/www.bandi.pl\/blog\/#\/schema\/logo\/image\/","url":"https:\/\/www.bandi.pl\/blog\/wp-content\/uploads\/2019\/06\/bandi-logo.png","contentUrl":"https:\/\/www.bandi.pl\/blog\/wp-content\/uploads\/2019\/06\/bandi-logo.png","width":264,"height":111,"caption":"BANDI"},"image":{"@id":"https:\/\/www.bandi.pl\/blog\/#\/schema\/logo\/image\/"},"sameAs":["https:\/\/web.facebook.com\/BANDIcosmetics","https:\/\/x.com\/bandi_cosmetics","https:\/\/www.instagram.com\/bandi_cosmetics\/","https:\/\/www.pinterest.com\/bandicosmetics\/","https:\/\/www.youtube.com\/user\/BandiCosmeticsPolska"]},{"@type":"Person","@id":"https:\/\/www.bandi.pl\/blog\/#\/schema\/person\/5ba05af1a18c58f1c31d4ae051ec9499","name":"Ilona Kiraga"}]}},"_links":{"self":[{"href":"https:\/\/www.bandi.pl\/blog\/wp-json\/wp\/v2\/posts\/9209","targetHints":{"allow":["GET"]}}],"collection":[{"href":"https:\/\/www.bandi.pl\/blog\/wp-json\/wp\/v2\/posts"}],"about":[{"href":"https:\/\/www.bandi.pl\/blog\/wp-json\/wp\/v2\/types\/post"}],"author":[{"embeddable":true,"href":"https:\/\/www.bandi.pl\/blog\/wp-json\/wp\/v2\/users\/13"}],"replies":[{"embeddable":true,"href":"https:\/\/www.bandi.pl\/blog\/wp-json\/wp\/v2\/comments?post=9209"}],"version-history":[{"count":3,"href":"https:\/\/www.bandi.pl\/blog\/wp-json\/wp\/v2\/posts\/9209\/revisions"}],"predecessor-version":[{"id":9351,"href":"https:\/\/www.bandi.pl\/blog\/wp-json\/wp\/v2\/posts\/9209\/revisions\/9351"}],"wp:featuredmedia":[{"embeddable":true,"href":"https:\/\/www.bandi.pl\/blog\/wp-json\/wp\/v2\/media\/9352"}],"wp:attachment":[{"href":"https:\/\/www.bandi.pl\/blog\/wp-json\/wp\/v2\/media?parent=9209"}],"wp:term":[{"taxonomy":"category","embeddable":true,"href":"https:\/\/www.bandi.pl\/blog\/wp-json\/wp\/v2\/categories?post=9209"},{"taxonomy":"post_tag","embeddable":true,"href":"https:\/\/www.bandi.pl\/blog\/wp-json\/wp\/v2\/tags?post=9209"}],"curies":[{"name":"wp","href":"https:\/\/api.w.org\/{rel}","templated":true}]}}