{"id":8567,"date":"2020-09-08T10:00:00","date_gmt":"2020-09-08T08:00:00","guid":{"rendered":"https:\/\/www.bandi.pl\/blog\/?p=8567"},"modified":"2020-09-07T13:08:44","modified_gmt":"2020-09-07T11:08:44","slug":"jaka-jest-kobieta-biznesu-wywiad-z-joanna-draniak-kicinska","status":"publish","type":"post","link":"https:\/\/www.bandi.pl\/blog\/jaka-jest-kobieta-biznesu-wywiad-z-joanna-draniak-kicinska\/","title":{"rendered":"Jaka jest kobieta biznesu? Wywiad z Joann\u0105 Draniak-Kici\u0144sk\u0105."},"content":{"rendered":"\n<p>Jaka jest kobieta biznesu? Silna, wymagaj\u0105ca przede wszystkim od siebie, pracowita, ale te\u017c empatyczna, wra\u017cliwa, czasami potrzebuj\u0105ca wys\u0142uchania jej problem\u00f3w i wsparcia. Pa\u0144 prowadz\u0105cych w\u0142asny biznes nie brakuje. S\u0105 odwa\u017cne, m\u0105dre, \u015bwietnie wykszta\u0142cone, chc\u0105 dzieli\u0107 si\u0119 w\u0142asnymi do\u015bwiadczeniami i wspiera\u0107 nawzajem. Joanna Draniak \u2013 Kici\u0144ska, prezes firmy Bandi ma chyba wszystkie cechy kobiety biznesu.<\/p>\n\n\n\n<h2 class=\"wp-block-heading\">Skromna, empatyczna, pracowita.<\/h2>\n\n\n\n<p>Podkre\u015bla, \u017ce nie jest prezesem siedz\u0105cym w swoim gabinecie i z jego perspektywy nadzoruj\u0105cym prac\u0119 w firmie. Wcale nierzadko zdarza si\u0119, \u017ce pracuje ze swoimi pracownikami, zna ich obowi\u0105zki i kiedy trzeba zast\u0119puje ich.<\/p>\n\n\n\n<h2 class=\"wp-block-heading\">Co jest najtrudniejsze?<\/h2>\n\n\n\n<p><em>Relacje mi\u0119dzyludzkie i konieczno\u015b\u0107 dokonywania codziennego wyboru pomi\u0119dzy byciem kobiet\u0105, kt\u00f3ra rozumie, \u017ce ka\u017cdy ma problemy i potrafi wsp\u00f3\u0142czu\u0107, a szefow\u0105, kt\u00f3ra musi egzekwowa\u0107 wykonywanie obowi\u0105zk\u00f3w i rozlicza\u0107 z tego pracownik\u00f3w. W\u0142a\u015bnie te relacje mi\u0119dzyludzkie s\u0105 najtrudniejsze. Czasami trudno bowiem znale\u017a\u0107 granic\u0119 pomi\u0119dzy byciem szefem, a byciem kole\u017cank\u0105. Chcia\u0142abym by\u0107 wsp\u00f3\u0142czuj\u0105c\u0105 osob\u0105, rozumie\u0107 problemy innych, ale z drugiej strony biznes jest wymagaj\u0105cy<\/em> \u2013 m\u00f3wi prezes Bandi. <\/p>\n\n\n\n<h2 class=\"wp-block-heading\">Firma rodzinna<\/h2>\n\n\n\n<p><em>Wszystko nas zmienia, \u015bwiat, kt\u00f3ry nas otacza, sytuacje, w kt\u00f3rych si\u0119 znajdujemy, ludzie, kt\u00f3rych spotykamy. Mam nadziej\u0119, \u017ce to wszystko zmienia mnie na lepsze. Nie musia\u0142am dostosowywa\u0107 si\u0119 do biznesu, bo by\u0142am wychowywana w tym duchu od najm\u0142odszych lat. Przej\u0119\u0142am <a href=\"https:\/\/www.bandi.pl\/blog\/o-nas\/\">firm\u0119 rodzinn\u0105<\/a> po mamie, kt\u00f3ra prowadzi\u0142a j\u0105 ponad 20 lat. Wiedzia\u0142am, w jakie buty wchodz\u0119, czego ta firma wymaga od mnie, z pe\u0142n\u0105 \u015bwiadomo\u015bci\u0105 przej\u0119\u0142am biznes, w kt\u00f3rym od najm\u0142odszych lat wychowywa\u0142am si\u0119 i wiedzia\u0142am jakich po\u015bwiece\u0144 wymaga jego prowadzenie<\/em> \u2013 m\u00f3wi pani Joanna. <\/p>\n\n\n\n<p>Dzi\u015b nierzadko go\u015b\u0107mi w jej gabinecie s\u0105 dwie c\u00f3reczki, ich rysunki zdobi\u0105 \u015bcian\u0119, a w k\u0105cie czekaj\u0105 na nie zabawki.<\/p>\n\n\n\n<figure class=\"wp-block-image size-large\"><img loading=\"lazy\" decoding=\"async\" width=\"750\" height=\"500\" src=\"https:\/\/www.bandi.pl\/blog\/wp-content\/uploads\/2020\/03\/bogda-draniak-i-joanna-draniak-kicinska-750x500.jpg\" alt=\"Dwie kobiety biznesu - Joanna Draniak-Kici\u0144ska i Jej Mama Bogda Draniak\" class=\"wp-image-8568\"\/><\/figure>\n\n\n\n<h2 class=\"wp-block-heading\">Kobieta biznesu na 100%<\/h2>\n\n\n\n<p>W relacjach biznesowych lubi rozmowy o konkretach. Zna cienie i blaski bycia szefem.<\/p>\n\n\n\n<p><em>Presja i odpowiedzialno\u015b\u0107 jest ogromna, nie tylko za pracownik\u00f3w, kt\u00f3rzy maj\u0105 na utrzymaniu rodziny, ale tak\u017ce za wszystkich, kt\u00f3rzy u\u017cywaj\u0105 produkt\u00f3w Bandi. Dlatego nie robi\u0119 nic na p\u00f3\u0142 gwizdka, wk\u0142adam w swoja prac\u0119 ca\u0142\u0105 energi\u0119 i pasj\u0119. Kiedy co\u015b robi\u0119, to na 100% i nawet je\u015bli co\u015b mi nie wyjdzie, to nie mam sobie nic do zarzucenia, bo wiem, \u017ce zrobi\u0142am wszystko, co mog\u0142am<\/em> \u2013 m\u00f3wi.<\/p>\n\n\n\n<h2 class=\"wp-block-heading\">Co daje si\u0142\u0119 na trudne chwile?<\/h2>\n\n\n\n<p>Cz\u0119sto, w trudnych chwilach, ma ochot\u0119 rzuci\u0107 w\u0142asny biznes, przepracowa\u0107 w czyje\u015b firmie 8 godzin a potem po\u015bwi\u0119ci\u0107 czas rodzinie. Jednak to odpowiedzialno\u015b\u0107 i nadzieja, jak\u0105 pok\u0142ada w niej mama, ka\u017ce jej podejmowa\u0107 wyzwania na nowo. <\/p>\n\n\n\n<p><em>Mam czasami takie my\u015bli, \u017ce sprzedam firm\u0119, b\u0119d\u0119 \u017cy\u0142a inaczej, jednak wyrazy zadowolenia a nawet podzi\u0119kowania od klient\u00f3w i pracownik\u00f3w pozwalaj\u0105 cieszy\u0107 si\u0119 z w\u0142asnej firmy. Tych mi\u0142ych rzeczy jest tak du\u017co, \u017ce niweluj\u0105 problemy<\/em> \u2013 m\u00f3wi pani Joanna. <em>Wystarczy jednak par\u0119 godzin odpoczynku, czas sp\u0119dzony z rodzin\u0105, kt\u00f3ra daje si\u0142\u0119, by wr\u00f3ci\u0142y ch\u0119ci do pracy. Pracy, kt\u00f3ra uczy pokory<\/em> &#8211; dodaje.  <\/p>\n\n\n\n<h2 class=\"wp-block-heading\">Kobieta biznesu i cz\u0142onek zespo\u0142u<\/h2>\n\n\n\n<p>Stara si\u0119, by rodzinny klimat w jej firmie sprzyja\u0142 jako\u015bci pracy. Zna ka\u017cdy szczeg\u00f3\u0142 pracy, jest&nbsp; cz\u0142onkiem zespo\u0142u. Kiedy trzeba, po prostu zast\u0119puje pracownik\u00f3w na ich stanowiskach. Plusy bycia szefem? <\/p>\n\n\n\n<p><em>Brak szefa, brak akcjonariuszy, kt\u00f3rzy wymagaj\u0105 wy\u0142\u0105cznie finansowych wynik\u00f3w, mo\u017cliwo\u015b\u0107 realizowania w\u0142asnych marze\u0144 i plan\u00f3w. To jednak rodzi ogromn\u0105 odpowiedzialno\u015b\u0107. Jestem osob\u0105 nauczon\u0105 je\u015b\u0107 ma\u0142\u0105 \u0142y\u017ceczk\u0105, dlatego lubi\u0119 czu\u0107 si\u0119 bezpieczna i np. nie zaci\u0105ga\u0107 wysokich kredyt\u00f3w<\/em> \u2013 m\u00f3wi p. Joanna. <\/p>\n\n\n\n<p>Minusy posiadania w\u0142asnej firmy? Dla pani Joanny najtrudniejsze jest bycie w pe\u0142ni dyspozycyjnym, nawet przez ca\u0142\u0105 dob\u0119. Codziennie po\u015bwi\u0119ca firmie wiele godzin. Wspiera j\u0105 m\u0105\u017c, bez kt\u00f3rego nie wyobra\u017ca sobie funkcjonowania Bandi. <\/p>\n\n\n\n<p><em>To on stworzy\u0142 od podstaw ca\u0142\u0105 stron\u0119 logistyczn\u0105, to by\u0142 dla nas olbrzymi skok cywilizacyjny<\/em> \u2013 m\u00f3wi prezes Draniak-Kici\u0144ska.<\/p>\n\n\n\n<h2 class=\"wp-block-heading\">Czy czuje si\u0119 kobiet\u0105 biznesu?<\/h2>\n\n\n\n<p><em>Chyba jeszcze jestem za m\u0142oda na to (\u015bmiech). Na razie jestem ci\u0119\u017cko pracuj\u0105c\u0105 na ten sukces. Mo\u017ce za 20 lat b\u0119d\u0119 mog\u0142a o tym porozmawia\u0107. <\/em><\/p>\n\n\n\n<p>Rozmawia\u0142a: Anna Daniszewska<\/p>\n\n\n\n<div class=\"wp-block-divi-layout\">[et_pb_section fb_built=&#8221;1&#8243; _builder_version=&#8221;4.4.1&#8243;][\/et_pb_section][et_pb_section fb_built=&#8221;1&#8243; _builder_version=&#8221;4.4.1&#8243; top_divider_style=&#8221;arrow&#8221; top_divider_color=&#8221;rgba(255,166,168,0.75)&#8221; top_divider_height=&#8221;1px&#8221; bottom_divider_style=&#8221;arrow&#8221; bottom_divider_color=&#8221;rgba(255,166,168,0.75)&#8221; bottom_divider_height=&#8221;1px&#8221;][et_pb_row column_structure=&#8221;1_2,1_2&#8243; _builder_version=&#8221;4.4.1&#8243; width=&#8221;100%&#8221; module_alignment=&#8221;left&#8221; custom_margin=&#8221;||||false|false&#8221;][et_pb_column type=&#8221;1_2&#8243; _builder_version=&#8221;4.4.1&#8243;][et_pb_text _builder_version=&#8221;4.4.1&#8243; text_font=&#8221;Raleway Bold||||||||&#8221; text_text_color=&#8221;rgba(255,166,168,0.75)&#8221; text_font_size=&#8221;56px&#8221; text_letter_spacing=&#8221;8px&#8221; text_line_height=&#8221;1.1em&#8221; custom_margin=&#8221;40px||||false|false&#8221; hover_enabled=&#8221;0&#8243; link_option_url=&#8221;https:\/\/www.bandi.pl\/&#8221;]<p style=\"text-align: center;\"><strong><span style=\"font-size: xx-large;\">KOSMETYKI BANDI<\/span><br><\/strong><\/p>\n<p style=\"text-align: center;\"><strong><span style=\"font-size: xx-large;\"><\/span><\/strong><\/p>[\/et_pb_text][et_pb_text _builder_version=&#8221;4.4.1&#8243; text_font=&#8221;Raleway Regular||||||||&#8221; text_text_color=&#8221;#b8b8b8&#8243; text_font_size=&#8221;22px&#8221; text_line_height=&#8221;1.5em&#8221; hover_enabled=&#8221;0&#8243; link_option_url=&#8221;https:\/\/www.bandi.pl\/&#8221;]<p style=\"text-align: center;\">Tworzymy je od ponad 30 lat<\/p>\n<p style=\"text-align: center;\"><\/p>[\/et_pb_text][et_pb_button button_url=&#8221;https:\/\/www.bandi.pl\/&#8221; button_text=&#8221;ZOBACZ&#8221; button_alignment=&#8221;center&#8221; disabled_on=&#8221;off|off|off&#8221; _builder_version=&#8221;4.4.1&#8243; custom_button=&#8221;on&#8221; button_text_size=&#8221;20px&#8221; button_text_color=&#8221;#ffffff&#8221; button_border_radius=&#8221;25px&#8221; button_font=&#8221;Bree Serif||||||||&#8221; background_layout=&#8221;dark&#8221; custom_padding=&#8221;12px|30px|12px|30px|true|true&#8221; hover_transition_duration=&#8221;0ms&#8221; hover_enabled=&#8221;0&#8243; box_shadow_style=&#8221;preset3&#8243;][\/et_pb_button][\/et_pb_column][et_pb_column type=&#8221;1_2&#8243; _builder_version=&#8221;4.4.1&#8243;][et_pb_image src=&#8221;https:\/\/www.bandi.pl\/blog\/wp-content\/uploads\/2020\/05\/60553190_10157534506594009_1374488679745060864_o.jpg&#8221; align=&#8221;center&#8221; _builder_version=&#8221;4.4.1&#8243; hover_enabled=&#8221;0&#8243; url=&#8221;https:\/\/www.bandi.pl\/&#8221;][\/et_pb_image][\/et_pb_column][\/et_pb_row][\/et_pb_section]<\/div>\n","protected":false},"excerpt":{"rendered":"<p>Jaka jest kobieta biznesu? Silna, wymagaj\u0105ca przede wszystkim od siebie, pracowita, ale te\u017c empatyczna, wra\u017cliwa, czasami potrzebuj\u0105ca wys\u0142uchania jej problem\u00f3w i wsparcia. Pa\u0144 prowadz\u0105cych w\u0142asny biznes nie brakuje. S\u0105 odwa\u017cne, m\u0105dre, \u015bwietnie wykszta\u0142cone, chc\u0105 dzieli\u0107 si\u0119 w\u0142asnymi do\u015bwiadczeniami i wspiera\u0107 nawzajem. Joanna Draniak \u2013 Kici\u0144ska, prezes firmy Bandi ma chyba wszystkie cechy kobiety biznesu. Skromna, [&hellip;]<\/p>\n","protected":false},"author":13,"featured_media":9219,"comment_status":"open","ping_status":"closed","sticky":false,"template":"","format":"standard","meta":{"_et_pb_use_builder":"","_et_pb_old_content":"","_et_gb_content_width":"","footnotes":""},"categories":[2055,1969],"tags":[4740,53,4741,4742,4746,4743,4744,4747,4232,4745,4748],"class_list":["post-8567","post","type-post","status-publish","format-standard","has-post-thumbnail","hentry","category-bandi","category-kategoria-co-u-nas","tag-bandi-cosmetics","tag-bezpieczenstwo","tag-firma-kosmetyczna","tag-firma-rodzinna","tag-historia-firmy","tag-joanna-draniak-kicinska","tag-kobieta-biznesu","tag-kosmetyki-bandi","tag-kosmetyki-profesjonalne","tag-polskie-kosmetyki","tag-skutecznosc"],"yoast_head":"<!-- This site is optimized with the Yoast SEO plugin v27.1.1 - https:\/\/yoast.com\/product\/yoast-seo-wordpress\/ -->\n<title>Jaka jest kobieta biznesu? Wywiad z Joann\u0105 Draniak-Kici\u0144sk\u0105. &#187; Blog BANDI<\/title>\n<meta name=\"description\" content=\"Prezes formy Bandi, Joanna Draniak-Kici\u0144ska to niew\u0105tpliwie kobieta biznesu. Ale to tak\u017ce empatyczna i pracowita mama i \u017cona.\" \/>\n<meta name=\"robots\" content=\"index, follow, max-snippet:-1, max-image-preview:large, max-video-preview:-1\" \/>\n<link rel=\"canonical\" href=\"https:\/\/www.bandi.pl\/blog\/jaka-jest-kobieta-biznesu-wywiad-z-joanna-draniak-kicinska\/\" \/>\n<meta property=\"og:locale\" content=\"pl_PL\" \/>\n<meta property=\"og:type\" content=\"article\" \/>\n<meta property=\"og:title\" content=\"Jaka jest kobieta biznesu? Wywiad z Joann\u0105 Draniak-Kici\u0144sk\u0105. &#187; Blog BANDI\" \/>\n<meta property=\"og:description\" content=\"Prezes formy Bandi, Joanna Draniak-Kici\u0144ska to niew\u0105tpliwie kobieta biznesu. Ale to tak\u017ce empatyczna i pracowita mama i \u017cona.\" \/>\n<meta property=\"og:url\" content=\"https:\/\/www.bandi.pl\/blog\/jaka-jest-kobieta-biznesu-wywiad-z-joanna-draniak-kicinska\/\" \/>\n<meta property=\"og:site_name\" content=\"Blog BANDI\" \/>\n<meta property=\"article:publisher\" content=\"https:\/\/web.facebook.com\/BANDIcosmetics\" \/>\n<meta property=\"article:published_time\" content=\"2020-09-08T08:00:00+00:00\" \/>\n<meta property=\"og:image\" content=\"https:\/\/www.bandi.pl\/blog\/wp-content\/uploads\/2020\/05\/23847152_10156058808179009_875215653427815784_o.jpg\" \/>\n\t<meta property=\"og:image:width\" content=\"1080\" \/>\n\t<meta property=\"og:image:height\" content=\"719\" \/>\n\t<meta property=\"og:image:type\" content=\"image\/jpeg\" \/>\n<meta name=\"author\" content=\"Ilona Kiraga\" \/>\n<meta name=\"twitter:card\" content=\"summary_large_image\" \/>\n<meta name=\"twitter:creator\" content=\"@bandi_cosmetics\" \/>\n<meta name=\"twitter:site\" content=\"@bandi_cosmetics\" \/>\n<meta name=\"twitter:label1\" content=\"Napisane przez\" \/>\n\t<meta name=\"twitter:data1\" content=\"Ilona Kiraga\" \/>\n\t<meta name=\"twitter:label2\" content=\"Szacowany czas czytania\" \/>\n\t<meta name=\"twitter:data2\" content=\"5 minut\" \/>\n<script type=\"application\/ld+json\" class=\"yoast-schema-graph\">{\"@context\":\"https:\/\/schema.org\",\"@graph\":[{\"@type\":\"Article\",\"@id\":\"https:\/\/www.bandi.pl\/blog\/jaka-jest-kobieta-biznesu-wywiad-z-joanna-draniak-kicinska\/#article\",\"isPartOf\":{\"@id\":\"https:\/\/www.bandi.pl\/blog\/jaka-jest-kobieta-biznesu-wywiad-z-joanna-draniak-kicinska\/\"},\"author\":{\"name\":\"Ilona Kiraga\",\"@id\":\"https:\/\/www.bandi.pl\/blog\/#\/schema\/person\/5ba05af1a18c58f1c31d4ae051ec9499\"},\"headline\":\"Jaka jest kobieta biznesu? Wywiad z Joann\u0105 Draniak-Kici\u0144sk\u0105.\",\"datePublished\":\"2020-09-08T08:00:00+00:00\",\"mainEntityOfPage\":{\"@id\":\"https:\/\/www.bandi.pl\/blog\/jaka-jest-kobieta-biznesu-wywiad-z-joanna-draniak-kicinska\/\"},\"wordCount\":992,\"commentCount\":0,\"publisher\":{\"@id\":\"https:\/\/www.bandi.pl\/blog\/#organization\"},\"image\":{\"@id\":\"https:\/\/www.bandi.pl\/blog\/jaka-jest-kobieta-biznesu-wywiad-z-joanna-draniak-kicinska\/#primaryimage\"},\"thumbnailUrl\":\"https:\/\/www.bandi.pl\/blog\/wp-content\/uploads\/2020\/05\/23847152_10156058808179009_875215653427815784_o.jpg\",\"keywords\":[\"bandi cosmetics\",\"bezpiecze\u0144stwo\",\"firma kosmetyczna\",\"firma rodzinna\",\"historia firmy\",\"Joanna Draniak-Kici\u0144ska\",\"kobieta biznesu\",\"kosmetyki Bandi\",\"kosmetyki profesjonalne\",\"polskie kosmetyki\",\"skutecznos\u0107\"],\"articleSection\":[\"BANDI\",\"Co u nas?\"],\"inLanguage\":\"pl-PL\",\"potentialAction\":[{\"@type\":\"CommentAction\",\"name\":\"Comment\",\"target\":[\"https:\/\/www.bandi.pl\/blog\/jaka-jest-kobieta-biznesu-wywiad-z-joanna-draniak-kicinska\/#respond\"]}]},{\"@type\":\"WebPage\",\"@id\":\"https:\/\/www.bandi.pl\/blog\/jaka-jest-kobieta-biznesu-wywiad-z-joanna-draniak-kicinska\/\",\"url\":\"https:\/\/www.bandi.pl\/blog\/jaka-jest-kobieta-biznesu-wywiad-z-joanna-draniak-kicinska\/\",\"name\":\"Jaka jest kobieta biznesu? Wywiad z Joann\u0105 Draniak-Kici\u0144sk\u0105. &#187; Blog BANDI\",\"isPartOf\":{\"@id\":\"https:\/\/www.bandi.pl\/blog\/#website\"},\"primaryImageOfPage\":{\"@id\":\"https:\/\/www.bandi.pl\/blog\/jaka-jest-kobieta-biznesu-wywiad-z-joanna-draniak-kicinska\/#primaryimage\"},\"image\":{\"@id\":\"https:\/\/www.bandi.pl\/blog\/jaka-jest-kobieta-biznesu-wywiad-z-joanna-draniak-kicinska\/#primaryimage\"},\"thumbnailUrl\":\"https:\/\/www.bandi.pl\/blog\/wp-content\/uploads\/2020\/05\/23847152_10156058808179009_875215653427815784_o.jpg\",\"datePublished\":\"2020-09-08T08:00:00+00:00\",\"description\":\"Prezes formy Bandi, Joanna Draniak-Kici\u0144ska to niew\u0105tpliwie kobieta biznesu. Ale to tak\u017ce empatyczna i pracowita mama i \u017cona.\",\"breadcrumb\":{\"@id\":\"https:\/\/www.bandi.pl\/blog\/jaka-jest-kobieta-biznesu-wywiad-z-joanna-draniak-kicinska\/#breadcrumb\"},\"inLanguage\":\"pl-PL\",\"potentialAction\":[{\"@type\":\"ReadAction\",\"target\":[\"https:\/\/www.bandi.pl\/blog\/jaka-jest-kobieta-biznesu-wywiad-z-joanna-draniak-kicinska\/\"]}]},{\"@type\":\"ImageObject\",\"inLanguage\":\"pl-PL\",\"@id\":\"https:\/\/www.bandi.pl\/blog\/jaka-jest-kobieta-biznesu-wywiad-z-joanna-draniak-kicinska\/#primaryimage\",\"url\":\"https:\/\/www.bandi.pl\/blog\/wp-content\/uploads\/2020\/05\/23847152_10156058808179009_875215653427815784_o.jpg\",\"contentUrl\":\"https:\/\/www.bandi.pl\/blog\/wp-content\/uploads\/2020\/05\/23847152_10156058808179009_875215653427815784_o.jpg\",\"width\":1080,\"height\":719,\"caption\":\"Jaka jest kobieta biznesu? Wywiad z Joann\u0105 Draniak-Kici\u0144sk\u0105.\"},{\"@type\":\"BreadcrumbList\",\"@id\":\"https:\/\/www.bandi.pl\/blog\/jaka-jest-kobieta-biznesu-wywiad-z-joanna-draniak-kicinska\/#breadcrumb\",\"itemListElement\":[{\"@type\":\"ListItem\",\"position\":1,\"name\":\"BANDI\",\"item\":\"https:\/\/www.bandi.pl\/blog\/\"},{\"@type\":\"ListItem\",\"position\":2,\"name\":\"Jaka jest kobieta biznesu? Wywiad z Joann\u0105 Draniak-Kici\u0144sk\u0105.\"}]},{\"@type\":\"WebSite\",\"@id\":\"https:\/\/www.bandi.pl\/blog\/#website\",\"url\":\"https:\/\/www.bandi.pl\/blog\/\",\"name\":\"Blog BANDI\",\"description\":\"Czarno na bia\u0142ym o kosmetykach\",\"publisher\":{\"@id\":\"https:\/\/www.bandi.pl\/blog\/#organization\"},\"potentialAction\":[{\"@type\":\"SearchAction\",\"target\":{\"@type\":\"EntryPoint\",\"urlTemplate\":\"https:\/\/www.bandi.pl\/blog\/?s={search_term_string}\"},\"query-input\":{\"@type\":\"PropertyValueSpecification\",\"valueRequired\":true,\"valueName\":\"search_term_string\"}}],\"inLanguage\":\"pl-PL\"},{\"@type\":\"Organization\",\"@id\":\"https:\/\/www.bandi.pl\/blog\/#organization\",\"name\":\"BANDI\",\"url\":\"https:\/\/www.bandi.pl\/blog\/\",\"logo\":{\"@type\":\"ImageObject\",\"inLanguage\":\"pl-PL\",\"@id\":\"https:\/\/www.bandi.pl\/blog\/#\/schema\/logo\/image\/\",\"url\":\"https:\/\/www.bandi.pl\/blog\/wp-content\/uploads\/2019\/06\/bandi-logo.png\",\"contentUrl\":\"https:\/\/www.bandi.pl\/blog\/wp-content\/uploads\/2019\/06\/bandi-logo.png\",\"width\":264,\"height\":111,\"caption\":\"BANDI\"},\"image\":{\"@id\":\"https:\/\/www.bandi.pl\/blog\/#\/schema\/logo\/image\/\"},\"sameAs\":[\"https:\/\/web.facebook.com\/BANDIcosmetics\",\"https:\/\/x.com\/bandi_cosmetics\",\"https:\/\/www.instagram.com\/bandi_cosmetics\/\",\"https:\/\/www.pinterest.com\/bandicosmetics\/\",\"https:\/\/www.youtube.com\/user\/BandiCosmeticsPolska\"]},{\"@type\":\"Person\",\"@id\":\"https:\/\/www.bandi.pl\/blog\/#\/schema\/person\/5ba05af1a18c58f1c31d4ae051ec9499\",\"name\":\"Ilona Kiraga\"}]}<\/script>\n<!-- \/ Yoast SEO plugin. -->","yoast_head_json":{"title":"Jaka jest kobieta biznesu? Wywiad z Joann\u0105 Draniak-Kici\u0144sk\u0105. &#187; Blog BANDI","description":"Prezes formy Bandi, Joanna Draniak-Kici\u0144ska to niew\u0105tpliwie kobieta biznesu. Ale to tak\u017ce empatyczna i pracowita mama i \u017cona.","robots":{"index":"index","follow":"follow","max-snippet":"max-snippet:-1","max-image-preview":"max-image-preview:large","max-video-preview":"max-video-preview:-1"},"canonical":"https:\/\/www.bandi.pl\/blog\/jaka-jest-kobieta-biznesu-wywiad-z-joanna-draniak-kicinska\/","og_locale":"pl_PL","og_type":"article","og_title":"Jaka jest kobieta biznesu? Wywiad z Joann\u0105 Draniak-Kici\u0144sk\u0105. &#187; Blog BANDI","og_description":"Prezes formy Bandi, Joanna Draniak-Kici\u0144ska to niew\u0105tpliwie kobieta biznesu. Ale to tak\u017ce empatyczna i pracowita mama i \u017cona.","og_url":"https:\/\/www.bandi.pl\/blog\/jaka-jest-kobieta-biznesu-wywiad-z-joanna-draniak-kicinska\/","og_site_name":"Blog BANDI","article_publisher":"https:\/\/web.facebook.com\/BANDIcosmetics","article_published_time":"2020-09-08T08:00:00+00:00","og_image":[{"width":1080,"height":719,"url":"https:\/\/www.bandi.pl\/blog\/wp-content\/uploads\/2020\/05\/23847152_10156058808179009_875215653427815784_o.jpg","type":"image\/jpeg"}],"author":"Ilona Kiraga","twitter_card":"summary_large_image","twitter_creator":"@bandi_cosmetics","twitter_site":"@bandi_cosmetics","twitter_misc":{"Napisane przez":"Ilona Kiraga","Szacowany czas czytania":"5 minut"},"schema":{"@context":"https:\/\/schema.org","@graph":[{"@type":"Article","@id":"https:\/\/www.bandi.pl\/blog\/jaka-jest-kobieta-biznesu-wywiad-z-joanna-draniak-kicinska\/#article","isPartOf":{"@id":"https:\/\/www.bandi.pl\/blog\/jaka-jest-kobieta-biznesu-wywiad-z-joanna-draniak-kicinska\/"},"author":{"name":"Ilona Kiraga","@id":"https:\/\/www.bandi.pl\/blog\/#\/schema\/person\/5ba05af1a18c58f1c31d4ae051ec9499"},"headline":"Jaka jest kobieta biznesu? Wywiad z Joann\u0105 Draniak-Kici\u0144sk\u0105.","datePublished":"2020-09-08T08:00:00+00:00","mainEntityOfPage":{"@id":"https:\/\/www.bandi.pl\/blog\/jaka-jest-kobieta-biznesu-wywiad-z-joanna-draniak-kicinska\/"},"wordCount":992,"commentCount":0,"publisher":{"@id":"https:\/\/www.bandi.pl\/blog\/#organization"},"image":{"@id":"https:\/\/www.bandi.pl\/blog\/jaka-jest-kobieta-biznesu-wywiad-z-joanna-draniak-kicinska\/#primaryimage"},"thumbnailUrl":"https:\/\/www.bandi.pl\/blog\/wp-content\/uploads\/2020\/05\/23847152_10156058808179009_875215653427815784_o.jpg","keywords":["bandi cosmetics","bezpiecze\u0144stwo","firma kosmetyczna","firma rodzinna","historia firmy","Joanna Draniak-Kici\u0144ska","kobieta biznesu","kosmetyki Bandi","kosmetyki profesjonalne","polskie kosmetyki","skutecznos\u0107"],"articleSection":["BANDI","Co u nas?"],"inLanguage":"pl-PL","potentialAction":[{"@type":"CommentAction","name":"Comment","target":["https:\/\/www.bandi.pl\/blog\/jaka-jest-kobieta-biznesu-wywiad-z-joanna-draniak-kicinska\/#respond"]}]},{"@type":"WebPage","@id":"https:\/\/www.bandi.pl\/blog\/jaka-jest-kobieta-biznesu-wywiad-z-joanna-draniak-kicinska\/","url":"https:\/\/www.bandi.pl\/blog\/jaka-jest-kobieta-biznesu-wywiad-z-joanna-draniak-kicinska\/","name":"Jaka jest kobieta biznesu? Wywiad z Joann\u0105 Draniak-Kici\u0144sk\u0105. &#187; Blog BANDI","isPartOf":{"@id":"https:\/\/www.bandi.pl\/blog\/#website"},"primaryImageOfPage":{"@id":"https:\/\/www.bandi.pl\/blog\/jaka-jest-kobieta-biznesu-wywiad-z-joanna-draniak-kicinska\/#primaryimage"},"image":{"@id":"https:\/\/www.bandi.pl\/blog\/jaka-jest-kobieta-biznesu-wywiad-z-joanna-draniak-kicinska\/#primaryimage"},"thumbnailUrl":"https:\/\/www.bandi.pl\/blog\/wp-content\/uploads\/2020\/05\/23847152_10156058808179009_875215653427815784_o.jpg","datePublished":"2020-09-08T08:00:00+00:00","description":"Prezes formy Bandi, Joanna Draniak-Kici\u0144ska to niew\u0105tpliwie kobieta biznesu. Ale to tak\u017ce empatyczna i pracowita mama i \u017cona.","breadcrumb":{"@id":"https:\/\/www.bandi.pl\/blog\/jaka-jest-kobieta-biznesu-wywiad-z-joanna-draniak-kicinska\/#breadcrumb"},"inLanguage":"pl-PL","potentialAction":[{"@type":"ReadAction","target":["https:\/\/www.bandi.pl\/blog\/jaka-jest-kobieta-biznesu-wywiad-z-joanna-draniak-kicinska\/"]}]},{"@type":"ImageObject","inLanguage":"pl-PL","@id":"https:\/\/www.bandi.pl\/blog\/jaka-jest-kobieta-biznesu-wywiad-z-joanna-draniak-kicinska\/#primaryimage","url":"https:\/\/www.bandi.pl\/blog\/wp-content\/uploads\/2020\/05\/23847152_10156058808179009_875215653427815784_o.jpg","contentUrl":"https:\/\/www.bandi.pl\/blog\/wp-content\/uploads\/2020\/05\/23847152_10156058808179009_875215653427815784_o.jpg","width":1080,"height":719,"caption":"Jaka jest kobieta biznesu? Wywiad z Joann\u0105 Draniak-Kici\u0144sk\u0105."},{"@type":"BreadcrumbList","@id":"https:\/\/www.bandi.pl\/blog\/jaka-jest-kobieta-biznesu-wywiad-z-joanna-draniak-kicinska\/#breadcrumb","itemListElement":[{"@type":"ListItem","position":1,"name":"BANDI","item":"https:\/\/www.bandi.pl\/blog\/"},{"@type":"ListItem","position":2,"name":"Jaka jest kobieta biznesu? Wywiad z Joann\u0105 Draniak-Kici\u0144sk\u0105."}]},{"@type":"WebSite","@id":"https:\/\/www.bandi.pl\/blog\/#website","url":"https:\/\/www.bandi.pl\/blog\/","name":"Blog BANDI","description":"Czarno na bia\u0142ym o kosmetykach","publisher":{"@id":"https:\/\/www.bandi.pl\/blog\/#organization"},"potentialAction":[{"@type":"SearchAction","target":{"@type":"EntryPoint","urlTemplate":"https:\/\/www.bandi.pl\/blog\/?s={search_term_string}"},"query-input":{"@type":"PropertyValueSpecification","valueRequired":true,"valueName":"search_term_string"}}],"inLanguage":"pl-PL"},{"@type":"Organization","@id":"https:\/\/www.bandi.pl\/blog\/#organization","name":"BANDI","url":"https:\/\/www.bandi.pl\/blog\/","logo":{"@type":"ImageObject","inLanguage":"pl-PL","@id":"https:\/\/www.bandi.pl\/blog\/#\/schema\/logo\/image\/","url":"https:\/\/www.bandi.pl\/blog\/wp-content\/uploads\/2019\/06\/bandi-logo.png","contentUrl":"https:\/\/www.bandi.pl\/blog\/wp-content\/uploads\/2019\/06\/bandi-logo.png","width":264,"height":111,"caption":"BANDI"},"image":{"@id":"https:\/\/www.bandi.pl\/blog\/#\/schema\/logo\/image\/"},"sameAs":["https:\/\/web.facebook.com\/BANDIcosmetics","https:\/\/x.com\/bandi_cosmetics","https:\/\/www.instagram.com\/bandi_cosmetics\/","https:\/\/www.pinterest.com\/bandicosmetics\/","https:\/\/www.youtube.com\/user\/BandiCosmeticsPolska"]},{"@type":"Person","@id":"https:\/\/www.bandi.pl\/blog\/#\/schema\/person\/5ba05af1a18c58f1c31d4ae051ec9499","name":"Ilona Kiraga"}]}},"_links":{"self":[{"href":"https:\/\/www.bandi.pl\/blog\/wp-json\/wp\/v2\/posts\/8567","targetHints":{"allow":["GET"]}}],"collection":[{"href":"https:\/\/www.bandi.pl\/blog\/wp-json\/wp\/v2\/posts"}],"about":[{"href":"https:\/\/www.bandi.pl\/blog\/wp-json\/wp\/v2\/types\/post"}],"author":[{"embeddable":true,"href":"https:\/\/www.bandi.pl\/blog\/wp-json\/wp\/v2\/users\/13"}],"replies":[{"embeddable":true,"href":"https:\/\/www.bandi.pl\/blog\/wp-json\/wp\/v2\/comments?post=8567"}],"version-history":[{"count":6,"href":"https:\/\/www.bandi.pl\/blog\/wp-json\/wp\/v2\/posts\/8567\/revisions"}],"predecessor-version":[{"id":10012,"href":"https:\/\/www.bandi.pl\/blog\/wp-json\/wp\/v2\/posts\/8567\/revisions\/10012"}],"wp:featuredmedia":[{"embeddable":true,"href":"https:\/\/www.bandi.pl\/blog\/wp-json\/wp\/v2\/media\/9219"}],"wp:attachment":[{"href":"https:\/\/www.bandi.pl\/blog\/wp-json\/wp\/v2\/media?parent=8567"}],"wp:term":[{"taxonomy":"category","embeddable":true,"href":"https:\/\/www.bandi.pl\/blog\/wp-json\/wp\/v2\/categories?post=8567"},{"taxonomy":"post_tag","embeddable":true,"href":"https:\/\/www.bandi.pl\/blog\/wp-json\/wp\/v2\/tags?post=8567"}],"curies":[{"name":"wp","href":"https:\/\/api.w.org\/{rel}","templated":true}]}}