{"id":7664,"date":"2020-02-25T08:09:00","date_gmt":"2020-02-25T07:09:00","guid":{"rendered":"https:\/\/www.bandi.pl\/blog\/?p=7664"},"modified":"2020-02-24T20:28:22","modified_gmt":"2020-02-24T19:28:22","slug":"alfabet-pielegnacji-d-jak-dlugotrwale-nawilzenie","status":"publish","type":"post","link":"https:\/\/www.bandi.pl\/blog\/alfabet-pielegnacji-d-jak-dlugotrwale-nawilzenie\/","title":{"rendered":"Alfabet piel\u0119gnacji &#8211; D jak d\u0142ugotrwa\u0142e nawil\u017cenie"},"content":{"rendered":"\n<p>Sk\u00f3ra potrzebuje nawil\u017cenia &#8211; o tym wiemy wszyscy. Ale \u017ceby to zrobi\u0107 skutecznie trzeba pozna\u0107 jej mechanizmy dzia\u0142ania, a wtedy dob\u00f3r kosmetyk\u00f3w b\u0119dzie ju\u017c prosty:)<\/p>\n\n\n\n<p>Naj\u0142atwiej jest rozr\u00f3\u017cni\u0107 sk\u0142adniki w kosmetykach na te, kt\u00f3re chroni\u0105 przed przesuszeniem i te, kt\u00f3re aktywnie dzia\u0142aj\u0105 wewn\u0105trz nask\u00f3rka. Nasza sk\u00f3ra potrzebuje obu kierunk\u00f3w dzia\u0142ania. Produkty nat\u0142uszczaj\u0105ce dobieramy bior\u0105c m.in. pod uwag\u0119 rodzaj cery, por\u0119 roku, preferencje co do konsystencji. Kosmetyki o w\u0142a\u015bciwo\u015bciach wi\u0105\u017c\u0105cych wod\u0119 wewn\u0105trz nask\u00f3rka na og\u00f3\u0142 s\u0105 lekkie, wodne lub \u017celowe i wymagaj\u0105 dodatkowego u\u017cycia kosmetyku filmotw\u00f3rczego. <\/p>\n\n\n\n<h2 class=\"wp-block-heading\">D\u0142ugotrwa\u0142e nawil\u017cenie, czyli jakie?<\/h2>\n\n\n\n<p>Wsp\u00f3\u0142czesne kosmetyki ju\u017c po jednym u\u017cyciu potrafi\u0105 nawil\u017ca\u0107 7, 8 a nawet 12 godzin! S\u0105 te\u017c takie, kt\u00f3rych dzia\u0142anie b\u0119dziemy odczuwa\u0107 jeszcze dwa dni po u\u017cyciu. A kt\u00f3re konkretnie to potrafi\u0105?<\/p>\n\n\n\n<p><a href=\"https:\/\/www.bandi.pl\/sklep\/kremy\/krem-intensywnie-nawilzajacy-848\/\">Krem intensywnie nawil\u017caj\u0105cy<\/a> z linii hydro potrafi zaskoczy\u0107! Lekki a nawil\u017ca silnie, natychmiast oraz d\u0142ugotrwale. Osoby, kt\u00f3re uczestniczy\u0142y w badaniu skuteczno\u015bci kosmetyku w pe\u0142ni potwierdzi\u0142y uczucie natychmiastowego uczucia nawil\u017cenia. I tu niespodzianka, ten lekki, niemal niewyczuwalny na sk\u00f3rze krem daje uczucie nawil\u017cenia jeszcze po 7 godzinach u 80% os\u00f3b a wiele z nich potwierdzi\u0142o nawil\u017canie jeszcze po up\u0142ywie 24 godzin! Czemu jest tak skuteczny? To zas\u0142uga wyj\u0105tkowej kompozycji sk\u0142adnik\u00f3w aktywnych takich jak  glikozaminoglikany imituj\u0105ce dzia\u0142anie mukopolisacharyd\u00f3w wyst\u0119puj\u0105cych w sk\u00f3rze. Wykazuj\u0105 silne, natychmiastowe oraz d\u0142ugofalowe nawil\u017cenie, kt\u00f3rego efekty utrzymuj\u0105 si\u0119 nawet do 24 godzin od u\u017cycia! Wywieraj\u0105 korzystny wp\u0142yw na j\u0119drno\u015b\u0107, elastyczno\u015b\u0107 i napi\u0119cie sk\u00f3ry. Koj\u0105, wspieraj\u0105 funkcje bariery ochronnej nask\u00f3rka oraz zmniejszaj\u0105 ryzyko podra\u017cnie\u0144.  A do tego kwas hialuronowy, kt\u00f3ry doskonale wi\u0105\u017ce wod\u0119, nawil\u017caj\u0105cy oraz koj\u0105cy D-panthenol, estry mas\u0142a Shea i maj\u0105ca zdolno\u015b\u0107 wnikania w nask\u00f3rek gliceryna.<\/p>\n\n\n\n<div class=\"wp-block-image\"><figure class=\"aligncenter size-large\"><img loading=\"lazy\" decoding=\"async\" width=\"333\" height=\"500\" src=\"https:\/\/www.bandi.pl\/blog\/wp-content\/uploads\/2020\/02\/IMG_6307-333x500.jpg\" alt=\"d\u0142ugotrwa\u0142e nawil\u017cenie\" class=\"wp-image-7670\"\/><figcaption>D\u0142ugotrwale nawil\u017caj\u0105cy krem o lekkiej konsystencji<\/figcaption><\/figure><\/div>\n\n\n\n<h2 class=\"wp-block-heading\">Nawil\u017cenie + wyg\u0142adzenie<\/h2>\n\n\n\n<p>W linii <a href=\"https:\/\/www.bandi.pl\/sklep\/katalog.php?wyr=anti+irritate\">Medical Expert, serii anti irritate<\/a> czeka na Was kolejna pere\u0142ka. Nieco bogatszy w konsystencji od powy\u017cej wspomnianego kremu to jednak wci\u0105\u017c przy swojej skuteczno\u015bci zaskakuje lekko\u015bci\u0105 a dodatkowo pozostawia na sk\u00f3rze uczucie aksamitu. Wszystkie osoby badaj\u0105ce skuteczno\u015b\u0107 nawil\u017cania <a href=\"https:\/\/www.bandi.pl\/sklep\/kremy\/s.o.s-intensywna-kuracja-kojaca-886\/\">Kuracji S.O.S.<\/a> potwierdzi\u0142y natychmiastowe dzia\u0142anie nawil\u017caj\u0105ce, a tak\u017ce uczucie nawil\u017cenia utrzymuj\u0105ce si\u0119 6 godzin. To nie wszystko&#8230; 70% z nich wskaza\u0142a wyczuwalne nawil\u017cenie utrzymuj\u0105ce si\u0119 nawet do 12 godzin! Trzeba nadmieni\u0107, \u017ce ten kosmetyk by\u0142 stosowany przez osoby z cerami, kt\u00f3re szczeg\u00f3lnie potrzebuj\u0105 nat\u0142uszczenia i wyg\u0142adzenia. Zmniejsza szorstko\u015b\u0107, nieprzyjemne uczucie napi\u0119cia zwi\u0105zane z przesuszeniem nask\u00f3rka &#8211; te efekty utrzymuj\u0105 si\u0119 nawet do 12 godzin wed\u0142ug wi\u0119kszo\u015bci badanych.  Skuteczno\u015b\u0107 zawdzi\u0119cza m.in. fitoceramidom, od\u017cywczemu owsu koloidalnemu, skwalanowi. Ten wyj\u0105tkowy kosmetyk dodatkowo dba o mikrobiom sk\u00f3ry! Co to i po co mo\u017cecie dowiedzie\u0107 si\u0119 od <a href=\"https:\/\/www.youtube.com\/watch?v=aUuaeLO1ddE\">@mama.kosmetolog<\/a>\ud83d\ude42<\/p>\n\n\n\n<div class=\"wp-block-image\"><figure class=\"aligncenter size-large\"><img loading=\"lazy\" decoding=\"async\" width=\"333\" height=\"500\" src=\"https:\/\/www.bandi.pl\/blog\/wp-content\/uploads\/2020\/02\/IMG_2518-333x500.jpg\" alt=\"d\u0142ugotrwa\u0142e nawil\u017cenie i ukojenie cery\" class=\"wp-image-7669\"\/><figcaption>D\u0142ugotrwale nawil\u017caj\u0105ca kuracja, kt\u00f3ra dodatkowo wyg\u0142adza i koi<\/figcaption><\/figure><\/div>\n\n\n\n<h2 class=\"wp-block-heading\">Uczucie nawil\u017cenia na jeszcze d\u0142u\u017cej&#8230;<\/h2>\n\n\n\n<p>A gdyby tak u\u017cy\u0107 kosmetyk w poniedzia\u0142ek, a nawil\u017cenie by\u0142o wyczuwalne jeszcze do \u015brody? To mo\u017cliwe! Tak dzia\u0142a po\u0142\u0105czenie kwasu mlekowego i mocznika w <a href=\"https:\/\/www.bandi.pl\/sklep\/peelingi\/peeling-kwasowy-silnie-nawilzajacy-645\/\">Peelingu kwasowym silnie nawil\u017caj\u0105cym<\/a>. Doceni\u0105 go wszystkie cery (poza nadwra\u017cliwymi) niezale\u017cnie od wieku. Zawarte sk\u0142adniki nie tylko wi\u0105\u017c\u0105 wod\u0119 w nask\u00f3rku chroni\u0105c przed przesuszeniem, ale dodatkowo sprawiaj\u0105, \u017ce nask\u00f3rek jest g\u0142adszy i bardziej elastyczny. Delikatnie z\u0142uszcza, wi\u0119c cera wygl\u0105da na od\u015bwie\u017con\u0105 i roz\u015bwietlon\u0105. Stosuj 2 x w tygodniu, a na niego na\u0142\u00f3\u017c sw\u00f3j ulubiony krem. Na osoby borykaj\u0105ce si\u0119 z nadmiernym przet\u0142uszczanie si\u0119 sk\u00f3ry czeka niespodzianka:) Produkt ma lekk\u0105, \u017celow\u0105 konsystencj\u0119, nie pozostawia uczucia obci\u0105\u017cenia cery, ale to nie wszystko. Cz\u0119st\u0105 przyczyn\u0105 nadmiernego przet\u0142uszczania si\u0119 sk\u00f3ry jest jej przesuszenie dlatego po u\u017cyciu tego kosmetyku mo\u017cecie oczekiwa\u0107 zmniejszenia niekomfortowego &#8222;\u015bwiecenia&#8221; si\u0119 cery! Wystarczy tylko dodatkowo co rano u\u017cywa\u0107 r\u00f3wnie\u017c <a href=\"https:\/\/www.bandi.pl\/sklep\/koncentraty\/koncentrat-nawilzajacy-z-czystym-kwasem-hialuronowym-699\/\">Koncentrat z czystym kwasem hialuronowym.<\/a><\/p>\n\n\n\n<h2 class=\"wp-block-heading\">Co wybra\u0107?<\/h2>\n\n\n\n<p>Oferta kosmetyk\u00f3w nawil\u017caj\u0105cych jest ogromna. Wspomniane powy\u017cej produkty to tylko przyk\u0142ady skutecznego, natychmiastowego i d\u0142ugotrwa\u0142ego dzia\u0142ania. A kt\u00f3re i za co kosmetyki z naszej oferty Wy lubicie najbardziej?<\/p>\n\n\n\n<div style=\"height:40px\" aria-hidden=\"true\" class=\"wp-block-spacer\"><\/div>\n\n\n\n<div class=\"wp-block-divi-layout\">[et_pb_section fb_built=&#8221;1&#8243; _builder_version=&#8221;4.3.3&#8243;][et_pb_row _builder_version=&#8221;4.3.3&#8243; column_structure=&#8221;1_4,3_4&#8243; width=&#8221;100%&#8221; custom_padding=&#8221;20px|20px|20px|20px|true|true&#8221; border_width_all=&#8221;3px&#8221; border_color_all=&#8221;rgba(255,166,168,0.75)&#8221; border_radii=&#8221;on|15px|15px|15px|15px&#8221; hover_enabled=&#8221;0&#8243;][et_pb_column _builder_version=&#8221;4.3.3&#8243; type=&#8221;1_4&#8243;][et_pb_image src=&#8221;https:\/\/www.bandi.pl\/pliki\/hydro-care.jpg&#8221; _builder_version=&#8221;4.3.3&#8243; hover_enabled=&#8221;0&#8243;][\/et_pb_image][\/et_pb_column][et_pb_column _builder_version=&#8221;4.3.3&#8243; type=&#8221;3_4&#8243;][et_pb_text _builder_version=&#8221;4.3.3&#8243; hover_enabled=&#8221;0&#8243;]<h2>Hydro Care intensywne nawil\u017cenie<\/h2>\n<p>Hydro Care to linia dedykowana sk\u00f3rze odwodnionej. Je\u017celi masz zaburzenia wi\u0105zania wody w nask\u00f3rku to Hydro Care jest w\u0142a\u015bnie dla Ciebie. Sprawd\u017a lini\u0119 Hydro Care i poczuj r\u00f3\u017cnic\u0119<\/p>\n[\/et_pb_text][et_pb_button button_text=&#8221;Szukaj kosmetyk\u00f3w hydro care&#8221; _builder_version=&#8221;4.3.3&#8243; button_url=&#8221;https:\/\/www.bandi.pl\/sklep\/katalog\/seria\/21_hydro-care\/&#8221; custom_button=&#8221;on&#8221; button_text_color=&#8221;#ffffff&#8221; button_bg_color=&#8221;#333333&#8243; button_bg_enable_color=&#8221;on&#8221; button_font=&#8221;Bree Serif||||||||&#8221; button_icon=&#8221;%%32%%&#8221; button_on_hover=&#8221;off&#8221; custom_padding=&#8221;|30px|||false|false&#8221; hover_enabled=&#8221;0&#8243;][\/et_pb_button][\/et_pb_column][\/et_pb_row][\/et_pb_section]<\/div>\n","protected":false},"excerpt":{"rendered":"<p>Sk\u00f3ra potrzebuje nawil\u017cenia &#8211; o tym wiemy wszyscy. Ale \u017ceby to zrobi\u0107 skutecznie trzeba pozna\u0107 jej mechanizmy dzia\u0142ania, a wtedy dob\u00f3r kosmetyk\u00f3w b\u0119dzie ju\u017c prosty:) Naj\u0142atwiej jest rozr\u00f3\u017cni\u0107 sk\u0142adniki w kosmetykach na te, kt\u00f3re chroni\u0105 przed przesuszeniem i te, kt\u00f3re aktywnie dzia\u0142aj\u0105 wewn\u0105trz nask\u00f3rka. Nasza sk\u00f3ra potrzebuje obu kierunk\u00f3w dzia\u0142ania. Produkty nat\u0142uszczaj\u0105ce dobieramy bior\u0105c m.in. [&hellip;]<\/p>\n","protected":false},"author":3,"featured_media":7789,"comment_status":"open","ping_status":"closed","sticky":false,"template":"","format":"standard","meta":{"_et_pb_use_builder":"off","_et_pb_old_content":"","_et_gb_content_width":"","footnotes":""},"categories":[2806,1817],"tags":[3018,3486,97,3485],"class_list":["post-7664","post","type-post","status-publish","format-standard","has-post-thumbnail","hentry","category-aneta-dziecielewska","category-kategoria-pielegnacja-i-kosmetyki","tag-alfabet-pielegnacji","tag-hydrocare","tag-nawilzenie","tag-witamina-d"],"yoast_head":"<!-- This site is optimized with the Yoast SEO plugin v27.1.1 - https:\/\/yoast.com\/product\/yoast-seo-wordpress\/ -->\n<title>Alfabet piel\u0119gnacji - D jak d\u0142ugotrwa\u0142e nawil\u017cenie &#187; Blog BANDI<\/title>\n<meta name=\"description\" content=\"Twoja cera jest matowa, brak jej j\u0119drno\u015bci i blasku? Zacznij od doboru intesywnie nawil\u017caj\u0105cego kosmetyku! Sprawd\u017a, kt\u00f3re s\u0105 najlepsze!\" \/>\n<meta name=\"robots\" content=\"index, follow, max-snippet:-1, max-image-preview:large, max-video-preview:-1\" \/>\n<link rel=\"canonical\" href=\"https:\/\/www.bandi.pl\/blog\/alfabet-pielegnacji-d-jak-dlugotrwale-nawilzenie\/\" \/>\n<meta property=\"og:locale\" content=\"pl_PL\" \/>\n<meta property=\"og:type\" content=\"article\" \/>\n<meta property=\"og:title\" content=\"Alfabet piel\u0119gnacji - D jak d\u0142ugotrwa\u0142e nawil\u017cenie &#187; Blog BANDI\" \/>\n<meta property=\"og:description\" content=\"Twoja cera jest matowa, brak jej j\u0119drno\u015bci i blasku? Zacznij od doboru intesywnie nawil\u017caj\u0105cego kosmetyku! Sprawd\u017a, kt\u00f3re s\u0105 najlepsze!\" \/>\n<meta property=\"og:url\" content=\"https:\/\/www.bandi.pl\/blog\/alfabet-pielegnacji-d-jak-dlugotrwale-nawilzenie\/\" \/>\n<meta property=\"og:site_name\" content=\"Blog BANDI\" \/>\n<meta property=\"article:publisher\" content=\"https:\/\/web.facebook.com\/BANDIcosmetics\" \/>\n<meta property=\"article:published_time\" content=\"2020-02-25T07:09:00+00:00\" \/>\n<meta property=\"og:image\" content=\"https:\/\/www.bandi.pl\/blog\/wp-content\/uploads\/2020\/02\/alfabet-pielegnacji-d-jak-dlugotrwale-nawilzenie.jpg\" \/>\n\t<meta property=\"og:image:width\" content=\"1500\" \/>\n\t<meta property=\"og:image:height\" content=\"1000\" \/>\n\t<meta property=\"og:image:type\" content=\"image\/jpeg\" \/>\n<meta name=\"author\" content=\"BANDI\" \/>\n<meta name=\"twitter:card\" content=\"summary_large_image\" \/>\n<meta name=\"twitter:creator\" content=\"@bandi_cosmetics\" \/>\n<meta name=\"twitter:site\" content=\"@bandi_cosmetics\" \/>\n<meta name=\"twitter:label1\" content=\"Napisane przez\" \/>\n\t<meta name=\"twitter:data1\" content=\"BANDI\" \/>\n\t<meta name=\"twitter:label2\" content=\"Szacowany czas czytania\" \/>\n\t<meta name=\"twitter:data2\" content=\"5 minut\" \/>\n<script type=\"application\/ld+json\" class=\"yoast-schema-graph\">{\"@context\":\"https:\/\/schema.org\",\"@graph\":[{\"@type\":\"Article\",\"@id\":\"https:\/\/www.bandi.pl\/blog\/alfabet-pielegnacji-d-jak-dlugotrwale-nawilzenie\/#article\",\"isPartOf\":{\"@id\":\"https:\/\/www.bandi.pl\/blog\/alfabet-pielegnacji-d-jak-dlugotrwale-nawilzenie\/\"},\"author\":{\"name\":\"BANDI\",\"@id\":\"https:\/\/www.bandi.pl\/blog\/#\/schema\/person\/6905a8e1379d84df843b078d275c5aea\"},\"headline\":\"Alfabet piel\u0119gnacji &#8211; D jak d\u0142ugotrwa\u0142e nawil\u017cenie\",\"datePublished\":\"2020-02-25T07:09:00+00:00\",\"mainEntityOfPage\":{\"@id\":\"https:\/\/www.bandi.pl\/blog\/alfabet-pielegnacji-d-jak-dlugotrwale-nawilzenie\/\"},\"wordCount\":942,\"commentCount\":0,\"publisher\":{\"@id\":\"https:\/\/www.bandi.pl\/blog\/#organization\"},\"image\":{\"@id\":\"https:\/\/www.bandi.pl\/blog\/alfabet-pielegnacji-d-jak-dlugotrwale-nawilzenie\/#primaryimage\"},\"thumbnailUrl\":\"https:\/\/www.bandi.pl\/blog\/wp-content\/uploads\/2020\/02\/alfabet-pielegnacji-d-jak-dlugotrwale-nawilzenie.jpg\",\"keywords\":[\"alfabet piel\u0119gnacji\",\"hydrocare\",\"nawil\u017cenie\",\"witamina D\"],\"articleSection\":[\"Aneta Dzi\u0119cielewska\",\"Piel\u0119gnacja i kosmetyki\"],\"inLanguage\":\"pl-PL\",\"potentialAction\":[{\"@type\":\"CommentAction\",\"name\":\"Comment\",\"target\":[\"https:\/\/www.bandi.pl\/blog\/alfabet-pielegnacji-d-jak-dlugotrwale-nawilzenie\/#respond\"]}]},{\"@type\":\"WebPage\",\"@id\":\"https:\/\/www.bandi.pl\/blog\/alfabet-pielegnacji-d-jak-dlugotrwale-nawilzenie\/\",\"url\":\"https:\/\/www.bandi.pl\/blog\/alfabet-pielegnacji-d-jak-dlugotrwale-nawilzenie\/\",\"name\":\"Alfabet piel\u0119gnacji - D jak d\u0142ugotrwa\u0142e nawil\u017cenie &#187; Blog BANDI\",\"isPartOf\":{\"@id\":\"https:\/\/www.bandi.pl\/blog\/#website\"},\"primaryImageOfPage\":{\"@id\":\"https:\/\/www.bandi.pl\/blog\/alfabet-pielegnacji-d-jak-dlugotrwale-nawilzenie\/#primaryimage\"},\"image\":{\"@id\":\"https:\/\/www.bandi.pl\/blog\/alfabet-pielegnacji-d-jak-dlugotrwale-nawilzenie\/#primaryimage\"},\"thumbnailUrl\":\"https:\/\/www.bandi.pl\/blog\/wp-content\/uploads\/2020\/02\/alfabet-pielegnacji-d-jak-dlugotrwale-nawilzenie.jpg\",\"datePublished\":\"2020-02-25T07:09:00+00:00\",\"description\":\"Twoja cera jest matowa, brak jej j\u0119drno\u015bci i blasku? Zacznij od doboru intesywnie nawil\u017caj\u0105cego kosmetyku! Sprawd\u017a, kt\u00f3re s\u0105 najlepsze!\",\"breadcrumb\":{\"@id\":\"https:\/\/www.bandi.pl\/blog\/alfabet-pielegnacji-d-jak-dlugotrwale-nawilzenie\/#breadcrumb\"},\"inLanguage\":\"pl-PL\",\"potentialAction\":[{\"@type\":\"ReadAction\",\"target\":[\"https:\/\/www.bandi.pl\/blog\/alfabet-pielegnacji-d-jak-dlugotrwale-nawilzenie\/\"]}]},{\"@type\":\"ImageObject\",\"inLanguage\":\"pl-PL\",\"@id\":\"https:\/\/www.bandi.pl\/blog\/alfabet-pielegnacji-d-jak-dlugotrwale-nawilzenie\/#primaryimage\",\"url\":\"https:\/\/www.bandi.pl\/blog\/wp-content\/uploads\/2020\/02\/alfabet-pielegnacji-d-jak-dlugotrwale-nawilzenie.jpg\",\"contentUrl\":\"https:\/\/www.bandi.pl\/blog\/wp-content\/uploads\/2020\/02\/alfabet-pielegnacji-d-jak-dlugotrwale-nawilzenie.jpg\",\"width\":1500,\"height\":1000,\"caption\":\"Alfabet piel\u0119gnacji - D, jak d\u0142ugotrwa\u0142e nawil\u017cenie - Aneta Dzi\u0119cielewska - Piel\u0119gnacja i kosmetyki - Blog BANDI\"},{\"@type\":\"BreadcrumbList\",\"@id\":\"https:\/\/www.bandi.pl\/blog\/alfabet-pielegnacji-d-jak-dlugotrwale-nawilzenie\/#breadcrumb\",\"itemListElement\":[{\"@type\":\"ListItem\",\"position\":1,\"name\":\"BANDI\",\"item\":\"https:\/\/www.bandi.pl\/blog\/\"},{\"@type\":\"ListItem\",\"position\":2,\"name\":\"Alfabet piel\u0119gnacji &#8211; D jak d\u0142ugotrwa\u0142e nawil\u017cenie\"}]},{\"@type\":\"WebSite\",\"@id\":\"https:\/\/www.bandi.pl\/blog\/#website\",\"url\":\"https:\/\/www.bandi.pl\/blog\/\",\"name\":\"Blog BANDI\",\"description\":\"Czarno na bia\u0142ym o kosmetykach\",\"publisher\":{\"@id\":\"https:\/\/www.bandi.pl\/blog\/#organization\"},\"potentialAction\":[{\"@type\":\"SearchAction\",\"target\":{\"@type\":\"EntryPoint\",\"urlTemplate\":\"https:\/\/www.bandi.pl\/blog\/?s={search_term_string}\"},\"query-input\":{\"@type\":\"PropertyValueSpecification\",\"valueRequired\":true,\"valueName\":\"search_term_string\"}}],\"inLanguage\":\"pl-PL\"},{\"@type\":\"Organization\",\"@id\":\"https:\/\/www.bandi.pl\/blog\/#organization\",\"name\":\"BANDI\",\"url\":\"https:\/\/www.bandi.pl\/blog\/\",\"logo\":{\"@type\":\"ImageObject\",\"inLanguage\":\"pl-PL\",\"@id\":\"https:\/\/www.bandi.pl\/blog\/#\/schema\/logo\/image\/\",\"url\":\"https:\/\/www.bandi.pl\/blog\/wp-content\/uploads\/2019\/06\/bandi-logo.png\",\"contentUrl\":\"https:\/\/www.bandi.pl\/blog\/wp-content\/uploads\/2019\/06\/bandi-logo.png\",\"width\":264,\"height\":111,\"caption\":\"BANDI\"},\"image\":{\"@id\":\"https:\/\/www.bandi.pl\/blog\/#\/schema\/logo\/image\/\"},\"sameAs\":[\"https:\/\/web.facebook.com\/BANDIcosmetics\",\"https:\/\/x.com\/bandi_cosmetics\",\"https:\/\/www.instagram.com\/bandi_cosmetics\/\",\"https:\/\/www.pinterest.com\/bandicosmetics\/\",\"https:\/\/www.youtube.com\/user\/BandiCosmeticsPolska\"]},{\"@type\":\"Person\",\"@id\":\"https:\/\/www.bandi.pl\/blog\/#\/schema\/person\/6905a8e1379d84df843b078d275c5aea\",\"name\":\"BANDI\",\"sameAs\":[\"https:\/\/www.bandi.pl\/blog\"]}]}<\/script>\n<!-- \/ Yoast SEO plugin. -->","yoast_head_json":{"title":"Alfabet piel\u0119gnacji - D jak d\u0142ugotrwa\u0142e nawil\u017cenie &#187; Blog BANDI","description":"Twoja cera jest matowa, brak jej j\u0119drno\u015bci i blasku? Zacznij od doboru intesywnie nawil\u017caj\u0105cego kosmetyku! Sprawd\u017a, kt\u00f3re s\u0105 najlepsze!","robots":{"index":"index","follow":"follow","max-snippet":"max-snippet:-1","max-image-preview":"max-image-preview:large","max-video-preview":"max-video-preview:-1"},"canonical":"https:\/\/www.bandi.pl\/blog\/alfabet-pielegnacji-d-jak-dlugotrwale-nawilzenie\/","og_locale":"pl_PL","og_type":"article","og_title":"Alfabet piel\u0119gnacji - D jak d\u0142ugotrwa\u0142e nawil\u017cenie &#187; Blog BANDI","og_description":"Twoja cera jest matowa, brak jej j\u0119drno\u015bci i blasku? Zacznij od doboru intesywnie nawil\u017caj\u0105cego kosmetyku! Sprawd\u017a, kt\u00f3re s\u0105 najlepsze!","og_url":"https:\/\/www.bandi.pl\/blog\/alfabet-pielegnacji-d-jak-dlugotrwale-nawilzenie\/","og_site_name":"Blog BANDI","article_publisher":"https:\/\/web.facebook.com\/BANDIcosmetics","article_published_time":"2020-02-25T07:09:00+00:00","og_image":[{"width":1500,"height":1000,"url":"https:\/\/www.bandi.pl\/blog\/wp-content\/uploads\/2020\/02\/alfabet-pielegnacji-d-jak-dlugotrwale-nawilzenie.jpg","type":"image\/jpeg"}],"author":"BANDI","twitter_card":"summary_large_image","twitter_creator":"@bandi_cosmetics","twitter_site":"@bandi_cosmetics","twitter_misc":{"Napisane przez":"BANDI","Szacowany czas czytania":"5 minut"},"schema":{"@context":"https:\/\/schema.org","@graph":[{"@type":"Article","@id":"https:\/\/www.bandi.pl\/blog\/alfabet-pielegnacji-d-jak-dlugotrwale-nawilzenie\/#article","isPartOf":{"@id":"https:\/\/www.bandi.pl\/blog\/alfabet-pielegnacji-d-jak-dlugotrwale-nawilzenie\/"},"author":{"name":"BANDI","@id":"https:\/\/www.bandi.pl\/blog\/#\/schema\/person\/6905a8e1379d84df843b078d275c5aea"},"headline":"Alfabet piel\u0119gnacji &#8211; D jak d\u0142ugotrwa\u0142e nawil\u017cenie","datePublished":"2020-02-25T07:09:00+00:00","mainEntityOfPage":{"@id":"https:\/\/www.bandi.pl\/blog\/alfabet-pielegnacji-d-jak-dlugotrwale-nawilzenie\/"},"wordCount":942,"commentCount":0,"publisher":{"@id":"https:\/\/www.bandi.pl\/blog\/#organization"},"image":{"@id":"https:\/\/www.bandi.pl\/blog\/alfabet-pielegnacji-d-jak-dlugotrwale-nawilzenie\/#primaryimage"},"thumbnailUrl":"https:\/\/www.bandi.pl\/blog\/wp-content\/uploads\/2020\/02\/alfabet-pielegnacji-d-jak-dlugotrwale-nawilzenie.jpg","keywords":["alfabet piel\u0119gnacji","hydrocare","nawil\u017cenie","witamina D"],"articleSection":["Aneta Dzi\u0119cielewska","Piel\u0119gnacja i kosmetyki"],"inLanguage":"pl-PL","potentialAction":[{"@type":"CommentAction","name":"Comment","target":["https:\/\/www.bandi.pl\/blog\/alfabet-pielegnacji-d-jak-dlugotrwale-nawilzenie\/#respond"]}]},{"@type":"WebPage","@id":"https:\/\/www.bandi.pl\/blog\/alfabet-pielegnacji-d-jak-dlugotrwale-nawilzenie\/","url":"https:\/\/www.bandi.pl\/blog\/alfabet-pielegnacji-d-jak-dlugotrwale-nawilzenie\/","name":"Alfabet piel\u0119gnacji - D jak d\u0142ugotrwa\u0142e nawil\u017cenie &#187; Blog BANDI","isPartOf":{"@id":"https:\/\/www.bandi.pl\/blog\/#website"},"primaryImageOfPage":{"@id":"https:\/\/www.bandi.pl\/blog\/alfabet-pielegnacji-d-jak-dlugotrwale-nawilzenie\/#primaryimage"},"image":{"@id":"https:\/\/www.bandi.pl\/blog\/alfabet-pielegnacji-d-jak-dlugotrwale-nawilzenie\/#primaryimage"},"thumbnailUrl":"https:\/\/www.bandi.pl\/blog\/wp-content\/uploads\/2020\/02\/alfabet-pielegnacji-d-jak-dlugotrwale-nawilzenie.jpg","datePublished":"2020-02-25T07:09:00+00:00","description":"Twoja cera jest matowa, brak jej j\u0119drno\u015bci i blasku? Zacznij od doboru intesywnie nawil\u017caj\u0105cego kosmetyku! Sprawd\u017a, kt\u00f3re s\u0105 najlepsze!","breadcrumb":{"@id":"https:\/\/www.bandi.pl\/blog\/alfabet-pielegnacji-d-jak-dlugotrwale-nawilzenie\/#breadcrumb"},"inLanguage":"pl-PL","potentialAction":[{"@type":"ReadAction","target":["https:\/\/www.bandi.pl\/blog\/alfabet-pielegnacji-d-jak-dlugotrwale-nawilzenie\/"]}]},{"@type":"ImageObject","inLanguage":"pl-PL","@id":"https:\/\/www.bandi.pl\/blog\/alfabet-pielegnacji-d-jak-dlugotrwale-nawilzenie\/#primaryimage","url":"https:\/\/www.bandi.pl\/blog\/wp-content\/uploads\/2020\/02\/alfabet-pielegnacji-d-jak-dlugotrwale-nawilzenie.jpg","contentUrl":"https:\/\/www.bandi.pl\/blog\/wp-content\/uploads\/2020\/02\/alfabet-pielegnacji-d-jak-dlugotrwale-nawilzenie.jpg","width":1500,"height":1000,"caption":"Alfabet piel\u0119gnacji - D, jak d\u0142ugotrwa\u0142e nawil\u017cenie - Aneta Dzi\u0119cielewska - Piel\u0119gnacja i kosmetyki - Blog BANDI"},{"@type":"BreadcrumbList","@id":"https:\/\/www.bandi.pl\/blog\/alfabet-pielegnacji-d-jak-dlugotrwale-nawilzenie\/#breadcrumb","itemListElement":[{"@type":"ListItem","position":1,"name":"BANDI","item":"https:\/\/www.bandi.pl\/blog\/"},{"@type":"ListItem","position":2,"name":"Alfabet piel\u0119gnacji &#8211; D jak d\u0142ugotrwa\u0142e nawil\u017cenie"}]},{"@type":"WebSite","@id":"https:\/\/www.bandi.pl\/blog\/#website","url":"https:\/\/www.bandi.pl\/blog\/","name":"Blog BANDI","description":"Czarno na bia\u0142ym o kosmetykach","publisher":{"@id":"https:\/\/www.bandi.pl\/blog\/#organization"},"potentialAction":[{"@type":"SearchAction","target":{"@type":"EntryPoint","urlTemplate":"https:\/\/www.bandi.pl\/blog\/?s={search_term_string}"},"query-input":{"@type":"PropertyValueSpecification","valueRequired":true,"valueName":"search_term_string"}}],"inLanguage":"pl-PL"},{"@type":"Organization","@id":"https:\/\/www.bandi.pl\/blog\/#organization","name":"BANDI","url":"https:\/\/www.bandi.pl\/blog\/","logo":{"@type":"ImageObject","inLanguage":"pl-PL","@id":"https:\/\/www.bandi.pl\/blog\/#\/schema\/logo\/image\/","url":"https:\/\/www.bandi.pl\/blog\/wp-content\/uploads\/2019\/06\/bandi-logo.png","contentUrl":"https:\/\/www.bandi.pl\/blog\/wp-content\/uploads\/2019\/06\/bandi-logo.png","width":264,"height":111,"caption":"BANDI"},"image":{"@id":"https:\/\/www.bandi.pl\/blog\/#\/schema\/logo\/image\/"},"sameAs":["https:\/\/web.facebook.com\/BANDIcosmetics","https:\/\/x.com\/bandi_cosmetics","https:\/\/www.instagram.com\/bandi_cosmetics\/","https:\/\/www.pinterest.com\/bandicosmetics\/","https:\/\/www.youtube.com\/user\/BandiCosmeticsPolska"]},{"@type":"Person","@id":"https:\/\/www.bandi.pl\/blog\/#\/schema\/person\/6905a8e1379d84df843b078d275c5aea","name":"BANDI","sameAs":["https:\/\/www.bandi.pl\/blog"]}]}},"_links":{"self":[{"href":"https:\/\/www.bandi.pl\/blog\/wp-json\/wp\/v2\/posts\/7664","targetHints":{"allow":["GET"]}}],"collection":[{"href":"https:\/\/www.bandi.pl\/blog\/wp-json\/wp\/v2\/posts"}],"about":[{"href":"https:\/\/www.bandi.pl\/blog\/wp-json\/wp\/v2\/types\/post"}],"author":[{"embeddable":true,"href":"https:\/\/www.bandi.pl\/blog\/wp-json\/wp\/v2\/users\/3"}],"replies":[{"embeddable":true,"href":"https:\/\/www.bandi.pl\/blog\/wp-json\/wp\/v2\/comments?post=7664"}],"version-history":[{"count":10,"href":"https:\/\/www.bandi.pl\/blog\/wp-json\/wp\/v2\/posts\/7664\/revisions"}],"predecessor-version":[{"id":7799,"href":"https:\/\/www.bandi.pl\/blog\/wp-json\/wp\/v2\/posts\/7664\/revisions\/7799"}],"wp:featuredmedia":[{"embeddable":true,"href":"https:\/\/www.bandi.pl\/blog\/wp-json\/wp\/v2\/media\/7789"}],"wp:attachment":[{"href":"https:\/\/www.bandi.pl\/blog\/wp-json\/wp\/v2\/media?parent=7664"}],"wp:term":[{"taxonomy":"category","embeddable":true,"href":"https:\/\/www.bandi.pl\/blog\/wp-json\/wp\/v2\/categories?post=7664"},{"taxonomy":"post_tag","embeddable":true,"href":"https:\/\/www.bandi.pl\/blog\/wp-json\/wp\/v2\/tags?post=7664"}],"curies":[{"name":"wp","href":"https:\/\/api.w.org\/{rel}","templated":true}]}}