{"id":7614,"date":"2020-02-14T10:56:13","date_gmt":"2020-02-14T09:56:13","guid":{"rendered":"https:\/\/www.bandi.pl\/blog\/?p=7614"},"modified":"2020-02-14T10:56:17","modified_gmt":"2020-02-14T09:56:17","slug":"bandi-dla-dzieci","status":"publish","type":"post","link":"https:\/\/www.bandi.pl\/blog\/bandi-dla-dzieci\/","title":{"rendered":"Bandi dla dzieci"},"content":{"rendered":"\n<p>Ju\u017c kolejny rok <a href=\"https:\/\/www.bandi.pl\/blog\/fundacja-dzieciom-wspolnota-zdazyc-z-pomoca\/\">wspieramy Fundacj\u0119 Dzieciom &#8222;Zd\u0105\u017cy\u0107 z Pomoc\u0105&#8221;<\/a>! Dlatego w tym roku przekazali\u015bmy nasze produkty Bandi do loterii charytatywnej, kt\u00f3ra odby\u0142a si\u0119 25.01.2020 roku podczas Gali BCC w Teatrze Wielkim.<a href=\"https:\/\/dzieciom.pl\/\"> Fundacja Dzieciom &#8222;Zd\u0105\u017cy\u0107 z Pomoc\u0105&#8221;<\/a> otacza opiek\u0105 przede wszystkim dzieci z pora\u017ceniem m\u00f3zgowym,\u00a0autyzmem, dystrofi\u0105 mi\u0119\u015bniow\u0105, wadami\u00a0 serca, chorobami\u00a0 nowotworowymi. <br>Doch\u00f3d z tegorocznej loterii Fundacja przeznaczy na zakup oprogramowania NEUROGUIDE do terapii\u00a0EEG Biofeedback\u00a0w O\u015brodku Rehabilitacji. Terapia na tym sprz\u0119cie jest metod\u0105 naturoterapeutyczn\u0105 z mo\u017cliwo\u015bci\u0105 szybkiej i trwa\u0142ej poprawy pracy m\u00f3zgu w chorobach neurologicznych. <\/p>\n\n\n\n<p><strong>Pomaganie jest pi\u0119kne, oby wi\u0119cej takich akcji!<\/strong><\/p>\n","protected":false},"excerpt":{"rendered":"<p>Ju\u017c kolejny rok wspieramy Fundacj\u0119 Dzieciom &#8222;Zd\u0105\u017cy\u0107 z Pomoc\u0105&#8221;! Dlatego w tym roku przekazali\u015bmy nasze produkty Bandi do loterii charytatywnej, kt\u00f3ra odby\u0142a si\u0119 25.01.2020 roku podczas Gali BCC w Teatrze Wielkim. Fundacja Dzieciom &#8222;Zd\u0105\u017cy\u0107 z Pomoc\u0105&#8221; otacza opiek\u0105 przede wszystkim dzieci z pora\u017ceniem m\u00f3zgowym,\u00a0autyzmem, dystrofi\u0105 mi\u0119\u015bniow\u0105, wadami\u00a0 serca, chorobami\u00a0 nowotworowymi. Doch\u00f3d z tegorocznej loterii Fundacja [&hellip;]<\/p>\n","protected":false},"author":13,"featured_media":7650,"comment_status":"open","ping_status":"closed","sticky":false,"template":"","format":"standard","meta":{"_et_pb_use_builder":"","_et_pb_old_content":"","_et_gb_content_width":"","footnotes":""},"categories":[2055,1],"tags":[3445,29,3446,2686],"class_list":["post-7614","post","type-post","status-publish","format-standard","has-post-thumbnail","hentry","category-bandi","category-kategoria-bandi-wspiera","tag-bandi","tag-dzieci","tag-fundacja","tag-zdazyc-z-pomoca"],"yoast_head":"<!-- This site is optimized with the Yoast SEO plugin v27.1.1 - https:\/\/yoast.com\/product\/yoast-seo-wordpress\/ -->\n<title>Bandi dla dzieci &#187; Blog BANDI<\/title>\n<meta name=\"description\" content=\"Ju\u017c kolejny rok Bandi wspiera Fudnacj\u0119 Dzieciom &quot;Zd\u0105\u017cy\u0107 z pomoc\u0105&quot;. Pomaganie jest pi\u0119kne dlatego z pewno\u015bci\u0105 nie jest to nasza ostatnia wsp\u00f3lna akcja.\" \/>\n<meta name=\"robots\" content=\"index, follow, max-snippet:-1, max-image-preview:large, max-video-preview:-1\" \/>\n<link rel=\"canonical\" href=\"https:\/\/www.bandi.pl\/blog\/bandi-dla-dzieci\/\" \/>\n<meta property=\"og:locale\" content=\"pl_PL\" \/>\n<meta property=\"og:type\" content=\"article\" \/>\n<meta property=\"og:title\" content=\"Bandi dla dzieci &#187; Blog BANDI\" \/>\n<meta property=\"og:description\" content=\"Ju\u017c kolejny rok Bandi wspiera Fudnacj\u0119 Dzieciom &quot;Zd\u0105\u017cy\u0107 z pomoc\u0105&quot;. Pomaganie jest pi\u0119kne dlatego z pewno\u015bci\u0105 nie jest to nasza ostatnia wsp\u00f3lna akcja.\" \/>\n<meta property=\"og:url\" content=\"https:\/\/www.bandi.pl\/blog\/bandi-dla-dzieci\/\" \/>\n<meta property=\"og:site_name\" content=\"Blog BANDI\" \/>\n<meta property=\"article:publisher\" content=\"https:\/\/web.facebook.com\/BANDIcosmetics\" \/>\n<meta property=\"article:published_time\" content=\"2020-02-14T09:56:13+00:00\" \/>\n<meta property=\"article:modified_time\" content=\"2020-02-14T09:56:17+00:00\" \/>\n<meta property=\"og:image\" content=\"https:\/\/www.bandi.pl\/blog\/wp-content\/uploads\/2020\/02\/bandi-dla-dzieci.jpg\" \/>\n\t<meta property=\"og:image:width\" content=\"1500\" \/>\n\t<meta property=\"og:image:height\" content=\"1000\" \/>\n\t<meta property=\"og:image:type\" content=\"image\/jpeg\" \/>\n<meta name=\"author\" content=\"Ilona Kiraga\" \/>\n<meta name=\"twitter:card\" content=\"summary_large_image\" \/>\n<meta name=\"twitter:creator\" content=\"@bandi_cosmetics\" \/>\n<meta name=\"twitter:site\" content=\"@bandi_cosmetics\" \/>\n<meta name=\"twitter:label1\" content=\"Napisane przez\" \/>\n\t<meta name=\"twitter:data1\" content=\"Ilona Kiraga\" \/>\n\t<meta name=\"twitter:label2\" content=\"Szacowany czas czytania\" \/>\n\t<meta name=\"twitter:data2\" content=\"1 minuta\" \/>\n<script type=\"application\/ld+json\" class=\"yoast-schema-graph\">{\"@context\":\"https:\/\/schema.org\",\"@graph\":[{\"@type\":\"Article\",\"@id\":\"https:\/\/www.bandi.pl\/blog\/bandi-dla-dzieci\/#article\",\"isPartOf\":{\"@id\":\"https:\/\/www.bandi.pl\/blog\/bandi-dla-dzieci\/\"},\"author\":{\"name\":\"Ilona Kiraga\",\"@id\":\"https:\/\/www.bandi.pl\/blog\/#\/schema\/person\/5ba05af1a18c58f1c31d4ae051ec9499\"},\"headline\":\"Bandi dla dzieci\",\"datePublished\":\"2020-02-14T09:56:13+00:00\",\"dateModified\":\"2020-02-14T09:56:17+00:00\",\"mainEntityOfPage\":{\"@id\":\"https:\/\/www.bandi.pl\/blog\/bandi-dla-dzieci\/\"},\"wordCount\":112,\"commentCount\":0,\"publisher\":{\"@id\":\"https:\/\/www.bandi.pl\/blog\/#organization\"},\"image\":{\"@id\":\"https:\/\/www.bandi.pl\/blog\/bandi-dla-dzieci\/#primaryimage\"},\"thumbnailUrl\":\"https:\/\/www.bandi.pl\/blog\/wp-content\/uploads\/2020\/02\/bandi-dla-dzieci.jpg\",\"keywords\":[\"Bandi\",\"dzieci\",\"fundacja\",\"zd\u0105\u017cy\u0107 z pomoc\u0105\"],\"articleSection\":[\"BANDI\",\"BANDI wspiera\"],\"inLanguage\":\"pl-PL\",\"potentialAction\":[{\"@type\":\"CommentAction\",\"name\":\"Comment\",\"target\":[\"https:\/\/www.bandi.pl\/blog\/bandi-dla-dzieci\/#respond\"]}]},{\"@type\":\"WebPage\",\"@id\":\"https:\/\/www.bandi.pl\/blog\/bandi-dla-dzieci\/\",\"url\":\"https:\/\/www.bandi.pl\/blog\/bandi-dla-dzieci\/\",\"name\":\"Bandi dla dzieci &#187; Blog BANDI\",\"isPartOf\":{\"@id\":\"https:\/\/www.bandi.pl\/blog\/#website\"},\"primaryImageOfPage\":{\"@id\":\"https:\/\/www.bandi.pl\/blog\/bandi-dla-dzieci\/#primaryimage\"},\"image\":{\"@id\":\"https:\/\/www.bandi.pl\/blog\/bandi-dla-dzieci\/#primaryimage\"},\"thumbnailUrl\":\"https:\/\/www.bandi.pl\/blog\/wp-content\/uploads\/2020\/02\/bandi-dla-dzieci.jpg\",\"datePublished\":\"2020-02-14T09:56:13+00:00\",\"dateModified\":\"2020-02-14T09:56:17+00:00\",\"description\":\"Ju\u017c kolejny rok Bandi wspiera Fudnacj\u0119 Dzieciom \\\"Zd\u0105\u017cy\u0107 z pomoc\u0105\\\". Pomaganie jest pi\u0119kne dlatego z pewno\u015bci\u0105 nie jest to nasza ostatnia wsp\u00f3lna akcja.\",\"breadcrumb\":{\"@id\":\"https:\/\/www.bandi.pl\/blog\/bandi-dla-dzieci\/#breadcrumb\"},\"inLanguage\":\"pl-PL\",\"potentialAction\":[{\"@type\":\"ReadAction\",\"target\":[\"https:\/\/www.bandi.pl\/blog\/bandi-dla-dzieci\/\"]}]},{\"@type\":\"ImageObject\",\"inLanguage\":\"pl-PL\",\"@id\":\"https:\/\/www.bandi.pl\/blog\/bandi-dla-dzieci\/#primaryimage\",\"url\":\"https:\/\/www.bandi.pl\/blog\/wp-content\/uploads\/2020\/02\/bandi-dla-dzieci.jpg\",\"contentUrl\":\"https:\/\/www.bandi.pl\/blog\/wp-content\/uploads\/2020\/02\/bandi-dla-dzieci.jpg\",\"width\":1500,\"height\":1000,\"caption\":\"BANDI dla dzieci - BANDI wspiera - Blog BANDI\"},{\"@type\":\"BreadcrumbList\",\"@id\":\"https:\/\/www.bandi.pl\/blog\/bandi-dla-dzieci\/#breadcrumb\",\"itemListElement\":[{\"@type\":\"ListItem\",\"position\":1,\"name\":\"BANDI\",\"item\":\"https:\/\/www.bandi.pl\/blog\/\"},{\"@type\":\"ListItem\",\"position\":2,\"name\":\"Bandi dla dzieci\"}]},{\"@type\":\"WebSite\",\"@id\":\"https:\/\/www.bandi.pl\/blog\/#website\",\"url\":\"https:\/\/www.bandi.pl\/blog\/\",\"name\":\"Blog BANDI\",\"description\":\"Czarno na bia\u0142ym o kosmetykach\",\"publisher\":{\"@id\":\"https:\/\/www.bandi.pl\/blog\/#organization\"},\"potentialAction\":[{\"@type\":\"SearchAction\",\"target\":{\"@type\":\"EntryPoint\",\"urlTemplate\":\"https:\/\/www.bandi.pl\/blog\/?s={search_term_string}\"},\"query-input\":{\"@type\":\"PropertyValueSpecification\",\"valueRequired\":true,\"valueName\":\"search_term_string\"}}],\"inLanguage\":\"pl-PL\"},{\"@type\":\"Organization\",\"@id\":\"https:\/\/www.bandi.pl\/blog\/#organization\",\"name\":\"BANDI\",\"url\":\"https:\/\/www.bandi.pl\/blog\/\",\"logo\":{\"@type\":\"ImageObject\",\"inLanguage\":\"pl-PL\",\"@id\":\"https:\/\/www.bandi.pl\/blog\/#\/schema\/logo\/image\/\",\"url\":\"https:\/\/www.bandi.pl\/blog\/wp-content\/uploads\/2019\/06\/bandi-logo.png\",\"contentUrl\":\"https:\/\/www.bandi.pl\/blog\/wp-content\/uploads\/2019\/06\/bandi-logo.png\",\"width\":264,\"height\":111,\"caption\":\"BANDI\"},\"image\":{\"@id\":\"https:\/\/www.bandi.pl\/blog\/#\/schema\/logo\/image\/\"},\"sameAs\":[\"https:\/\/web.facebook.com\/BANDIcosmetics\",\"https:\/\/x.com\/bandi_cosmetics\",\"https:\/\/www.instagram.com\/bandi_cosmetics\/\",\"https:\/\/www.pinterest.com\/bandicosmetics\/\",\"https:\/\/www.youtube.com\/user\/BandiCosmeticsPolska\"]},{\"@type\":\"Person\",\"@id\":\"https:\/\/www.bandi.pl\/blog\/#\/schema\/person\/5ba05af1a18c58f1c31d4ae051ec9499\",\"name\":\"Ilona Kiraga\"}]}<\/script>\n<!-- \/ Yoast SEO plugin. -->","yoast_head_json":{"title":"Bandi dla dzieci &#187; Blog BANDI","description":"Ju\u017c kolejny rok Bandi wspiera Fudnacj\u0119 Dzieciom \"Zd\u0105\u017cy\u0107 z pomoc\u0105\". Pomaganie jest pi\u0119kne dlatego z pewno\u015bci\u0105 nie jest to nasza ostatnia wsp\u00f3lna akcja.","robots":{"index":"index","follow":"follow","max-snippet":"max-snippet:-1","max-image-preview":"max-image-preview:large","max-video-preview":"max-video-preview:-1"},"canonical":"https:\/\/www.bandi.pl\/blog\/bandi-dla-dzieci\/","og_locale":"pl_PL","og_type":"article","og_title":"Bandi dla dzieci &#187; Blog BANDI","og_description":"Ju\u017c kolejny rok Bandi wspiera Fudnacj\u0119 Dzieciom \"Zd\u0105\u017cy\u0107 z pomoc\u0105\". Pomaganie jest pi\u0119kne dlatego z pewno\u015bci\u0105 nie jest to nasza ostatnia wsp\u00f3lna akcja.","og_url":"https:\/\/www.bandi.pl\/blog\/bandi-dla-dzieci\/","og_site_name":"Blog BANDI","article_publisher":"https:\/\/web.facebook.com\/BANDIcosmetics","article_published_time":"2020-02-14T09:56:13+00:00","article_modified_time":"2020-02-14T09:56:17+00:00","og_image":[{"width":1500,"height":1000,"url":"https:\/\/www.bandi.pl\/blog\/wp-content\/uploads\/2020\/02\/bandi-dla-dzieci.jpg","type":"image\/jpeg"}],"author":"Ilona Kiraga","twitter_card":"summary_large_image","twitter_creator":"@bandi_cosmetics","twitter_site":"@bandi_cosmetics","twitter_misc":{"Napisane przez":"Ilona Kiraga","Szacowany czas czytania":"1 minuta"},"schema":{"@context":"https:\/\/schema.org","@graph":[{"@type":"Article","@id":"https:\/\/www.bandi.pl\/blog\/bandi-dla-dzieci\/#article","isPartOf":{"@id":"https:\/\/www.bandi.pl\/blog\/bandi-dla-dzieci\/"},"author":{"name":"Ilona Kiraga","@id":"https:\/\/www.bandi.pl\/blog\/#\/schema\/person\/5ba05af1a18c58f1c31d4ae051ec9499"},"headline":"Bandi dla dzieci","datePublished":"2020-02-14T09:56:13+00:00","dateModified":"2020-02-14T09:56:17+00:00","mainEntityOfPage":{"@id":"https:\/\/www.bandi.pl\/blog\/bandi-dla-dzieci\/"},"wordCount":112,"commentCount":0,"publisher":{"@id":"https:\/\/www.bandi.pl\/blog\/#organization"},"image":{"@id":"https:\/\/www.bandi.pl\/blog\/bandi-dla-dzieci\/#primaryimage"},"thumbnailUrl":"https:\/\/www.bandi.pl\/blog\/wp-content\/uploads\/2020\/02\/bandi-dla-dzieci.jpg","keywords":["Bandi","dzieci","fundacja","zd\u0105\u017cy\u0107 z pomoc\u0105"],"articleSection":["BANDI","BANDI wspiera"],"inLanguage":"pl-PL","potentialAction":[{"@type":"CommentAction","name":"Comment","target":["https:\/\/www.bandi.pl\/blog\/bandi-dla-dzieci\/#respond"]}]},{"@type":"WebPage","@id":"https:\/\/www.bandi.pl\/blog\/bandi-dla-dzieci\/","url":"https:\/\/www.bandi.pl\/blog\/bandi-dla-dzieci\/","name":"Bandi dla dzieci &#187; Blog BANDI","isPartOf":{"@id":"https:\/\/www.bandi.pl\/blog\/#website"},"primaryImageOfPage":{"@id":"https:\/\/www.bandi.pl\/blog\/bandi-dla-dzieci\/#primaryimage"},"image":{"@id":"https:\/\/www.bandi.pl\/blog\/bandi-dla-dzieci\/#primaryimage"},"thumbnailUrl":"https:\/\/www.bandi.pl\/blog\/wp-content\/uploads\/2020\/02\/bandi-dla-dzieci.jpg","datePublished":"2020-02-14T09:56:13+00:00","dateModified":"2020-02-14T09:56:17+00:00","description":"Ju\u017c kolejny rok Bandi wspiera Fudnacj\u0119 Dzieciom \"Zd\u0105\u017cy\u0107 z pomoc\u0105\". Pomaganie jest pi\u0119kne dlatego z pewno\u015bci\u0105 nie jest to nasza ostatnia wsp\u00f3lna akcja.","breadcrumb":{"@id":"https:\/\/www.bandi.pl\/blog\/bandi-dla-dzieci\/#breadcrumb"},"inLanguage":"pl-PL","potentialAction":[{"@type":"ReadAction","target":["https:\/\/www.bandi.pl\/blog\/bandi-dla-dzieci\/"]}]},{"@type":"ImageObject","inLanguage":"pl-PL","@id":"https:\/\/www.bandi.pl\/blog\/bandi-dla-dzieci\/#primaryimage","url":"https:\/\/www.bandi.pl\/blog\/wp-content\/uploads\/2020\/02\/bandi-dla-dzieci.jpg","contentUrl":"https:\/\/www.bandi.pl\/blog\/wp-content\/uploads\/2020\/02\/bandi-dla-dzieci.jpg","width":1500,"height":1000,"caption":"BANDI dla dzieci - BANDI wspiera - Blog BANDI"},{"@type":"BreadcrumbList","@id":"https:\/\/www.bandi.pl\/blog\/bandi-dla-dzieci\/#breadcrumb","itemListElement":[{"@type":"ListItem","position":1,"name":"BANDI","item":"https:\/\/www.bandi.pl\/blog\/"},{"@type":"ListItem","position":2,"name":"Bandi dla dzieci"}]},{"@type":"WebSite","@id":"https:\/\/www.bandi.pl\/blog\/#website","url":"https:\/\/www.bandi.pl\/blog\/","name":"Blog BANDI","description":"Czarno na bia\u0142ym o kosmetykach","publisher":{"@id":"https:\/\/www.bandi.pl\/blog\/#organization"},"potentialAction":[{"@type":"SearchAction","target":{"@type":"EntryPoint","urlTemplate":"https:\/\/www.bandi.pl\/blog\/?s={search_term_string}"},"query-input":{"@type":"PropertyValueSpecification","valueRequired":true,"valueName":"search_term_string"}}],"inLanguage":"pl-PL"},{"@type":"Organization","@id":"https:\/\/www.bandi.pl\/blog\/#organization","name":"BANDI","url":"https:\/\/www.bandi.pl\/blog\/","logo":{"@type":"ImageObject","inLanguage":"pl-PL","@id":"https:\/\/www.bandi.pl\/blog\/#\/schema\/logo\/image\/","url":"https:\/\/www.bandi.pl\/blog\/wp-content\/uploads\/2019\/06\/bandi-logo.png","contentUrl":"https:\/\/www.bandi.pl\/blog\/wp-content\/uploads\/2019\/06\/bandi-logo.png","width":264,"height":111,"caption":"BANDI"},"image":{"@id":"https:\/\/www.bandi.pl\/blog\/#\/schema\/logo\/image\/"},"sameAs":["https:\/\/web.facebook.com\/BANDIcosmetics","https:\/\/x.com\/bandi_cosmetics","https:\/\/www.instagram.com\/bandi_cosmetics\/","https:\/\/www.pinterest.com\/bandicosmetics\/","https:\/\/www.youtube.com\/user\/BandiCosmeticsPolska"]},{"@type":"Person","@id":"https:\/\/www.bandi.pl\/blog\/#\/schema\/person\/5ba05af1a18c58f1c31d4ae051ec9499","name":"Ilona Kiraga"}]}},"_links":{"self":[{"href":"https:\/\/www.bandi.pl\/blog\/wp-json\/wp\/v2\/posts\/7614","targetHints":{"allow":["GET"]}}],"collection":[{"href":"https:\/\/www.bandi.pl\/blog\/wp-json\/wp\/v2\/posts"}],"about":[{"href":"https:\/\/www.bandi.pl\/blog\/wp-json\/wp\/v2\/types\/post"}],"author":[{"embeddable":true,"href":"https:\/\/www.bandi.pl\/blog\/wp-json\/wp\/v2\/users\/13"}],"replies":[{"embeddable":true,"href":"https:\/\/www.bandi.pl\/blog\/wp-json\/wp\/v2\/comments?post=7614"}],"version-history":[{"count":4,"href":"https:\/\/www.bandi.pl\/blog\/wp-json\/wp\/v2\/posts\/7614\/revisions"}],"predecessor-version":[{"id":7651,"href":"https:\/\/www.bandi.pl\/blog\/wp-json\/wp\/v2\/posts\/7614\/revisions\/7651"}],"wp:featuredmedia":[{"embeddable":true,"href":"https:\/\/www.bandi.pl\/blog\/wp-json\/wp\/v2\/media\/7650"}],"wp:attachment":[{"href":"https:\/\/www.bandi.pl\/blog\/wp-json\/wp\/v2\/media?parent=7614"}],"wp:term":[{"taxonomy":"category","embeddable":true,"href":"https:\/\/www.bandi.pl\/blog\/wp-json\/wp\/v2\/categories?post=7614"},{"taxonomy":"post_tag","embeddable":true,"href":"https:\/\/www.bandi.pl\/blog\/wp-json\/wp\/v2\/tags?post=7614"}],"curies":[{"name":"wp","href":"https:\/\/api.w.org\/{rel}","templated":true}]}}