{"id":7241,"date":"2020-01-14T00:00:00","date_gmt":"2020-01-13T23:00:00","guid":{"rendered":"https:\/\/www.bandi.pl\/blog\/?p=7241"},"modified":"2020-01-14T00:50:52","modified_gmt":"2020-01-13T23:50:52","slug":"wasi-ulubiency-2019-r","status":"publish","type":"post","link":"https:\/\/www.bandi.pl\/blog\/wasi-ulubiency-2019-r\/","title":{"rendered":"Wasi ulubie\u0144cy 2019 r. !"},"content":{"rendered":"\n<p>Zobaczcie co wybieraj\u0105 osoby szukaj\u0105ce piel\u0119gnacji w podobnej kategorii co Wy.  Przygotowali\u015bmy dla Was wielkie kosmetyczne zestawienie &#8211; ulubie\u0144cy 2019 roku! \ud83d\ude42<\/p>\n\n\n\n<h2 class=\"wp-block-heading\">Kosmetyki do oczyszczania sk\u00f3ry<\/h2>\n\n\n\n<p>W tej kategorii Waszymi ulubie\u0144cami okazali si\u0119:  <a href=\"https:\/\/www.bandi.pl\/sklep\/zele\/morski-zel-oczyszczajacy-do-twarzy-650\/\">Morski \u017cel oczyszczaj\u0105cy<\/a>, <a href=\"https:\/\/www.bandi.pl\/sklep\/toniki\/morski-tonik-odswiezajaco-kojacy-654\/\">Morski tonik od\u015bwie\u017caj\u0105co-nawil\u017caj\u0105cy<\/a> oraz <a href=\"https:\/\/www.bandi.pl\/sklep\/zele\/kojacy-zel-myjacy-z-probiotykami-724\/\">Koj\u0105cy \u017cel myj\u0105cy z probiotykami<\/a>. <\/p>\n\n\n\n<p>Bardzo nas to cieszy, \u017ce tonik sta\u0142 si\u0119 wa\u017cnym etapem w piel\u0119gnacji tak wielu z Was! Przywracaj\u0105c prawid\u0142owe pH na powierzchni sk\u00f3ry korzystnie wp\u0142ywa na flor\u0119 bakteryjn\u0105 (po\u015brednio przyczynia si\u0119 do redukcji problemu z niedoskona\u0142o\u015bciami) a dodatkowo poprawia przyswajanie si\u0119 sk\u0142adnik\u00f3w aktywnych z nast\u0119pnie nak\u0142adanych kosmetyk\u00f3w.<\/p>\n\n\n\n<p>W trakcie roku 2019 r . by\u0142y te\u017c w naszej ofercie takie kosmetyki myj\u0105ce jak np. <a href=\"https:\/\/www.bandi.pl\/sklep\/maski\/oczyszczajaca-pianka-do-mycia-twarzy-z-biala-herbata-854\/\">Oczyszczaj\u0105ca pianka do twarzy z bia\u0142\u0105 herbat\u0105<\/a> i <a href=\"https:\/\/www.bandi.pl\/sklep\/zele\/delikatny-zel-do-mycia-twarzy-limonka\/ogorek-861\/\">Delikatny \u017cel do mycia twarzy limonka\/og\u00f3rek<\/a>. To by\u0142y edycje limitowane i zdecydowanie tak\u017ce nale\u017ca\u0142y do ulubie\u0144c\u00f3w, bo znika\u0142y z p\u00f3\u0142ek b\u0142yskawicznie!<\/p>\n\n\n\n<h2 class=\"wp-block-heading\">Kremy nawil\u017caj\u0105ce<\/h2>\n\n\n\n<p>Nawil\u017canie sk\u00f3ry jest jednym z najwa\u017cniejszych etap\u00f3w piel\u0119gnacji. W odpowiednio nawil\u017conej sk\u00f3rze prawid\u0142owo zachodz\u0105 przemiany kom\u00f3rkowe, co wp\u0142ywa np. na jej z\u0142uszczanie. Cera nawil\u017cona wygl\u0105da m\u0142odziej, p\u00f3\u017aniej pojawiaj\u0105 si\u0119 oznaki up\u0142ywu czasu, jest bardziej j\u0119drna. <\/p>\n\n\n\n<p>W tej kategorii Waszymi ulubie\u0144cami okazali si\u0119: <a href=\"https:\/\/www.bandi.pl\/sklep\/emulsje\/emulsja-silnie-nawilzajaca-642\/\">Emulsja silnie nawil\u017caj\u0105ca<\/a>, <a href=\"https:\/\/www.bandi.pl\/sklep\/kremy\/nawilzajacy-krem-z-algami-morskimi-838\/\">Krem z algami morskimi<\/a> oraz <a href=\"https:\/\/www.bandi.pl\/sklep\/kremy\/krem-intensywnie-nawilzajacy-848\/\">Krem intensywnie nawil\u017caj\u0105cy<\/a>.<\/p>\n\n\n\n<p>Czy wiecie, \u017ce nawil\u017cenie jest wa\u017cne o ka\u017cdej porze roku? Tak\u017ce zim\u0105! W zale\u017cno\u015bci od temperatury otoczenia, powinni\u015bmy wybiera\u0107 r\u00f3\u017cne formu\u0142y. Im jest zimniej tym Wasze kremy nawil\u017caj\u0105ce powinny mie\u0107 dodatkowo w\u0142a\u015bciwo\u015bci od\u017cywcze, ale o tym ju\u017c w nast\u0119pnej kategorii:)<\/p>\n\n\n\n<div class=\"wp-block-image\"><figure class=\"aligncenter size-large\"><img loading=\"lazy\" decoding=\"async\" width=\"500\" height=\"500\" src=\"https:\/\/www.bandi.pl\/blog\/wp-content\/uploads\/2020\/01\/krem-z-algami-500x500.jpg\" alt=\"Ulubieniec nawil\u017caj\u0105cy\" class=\"wp-image-7250\" srcset=\"https:\/\/www.bandi.pl\/blog\/wp-content\/uploads\/2020\/01\/krem-z-algami-500x500.jpg 500w, https:\/\/www.bandi.pl\/blog\/wp-content\/uploads\/2020\/01\/krem-z-algami-480x480.jpg 480w\" sizes=\"(min-width: 0px) and (max-width: 480px) 480px, (min-width: 481px) 500px, 100vw\" \/><figcaption>Jeden z Waszych ulubionych krem\u00f3w nawil\u017caj\u0105cych to Nawil\u017caj\u0105cy krem z algami morskimi:)<\/figcaption><\/figure><\/div>\n\n\n\n<h2 class=\"wp-block-heading\">Kremy od\u017cywcze (nawil\u017caj\u0105 i nat\u0142uszczaj\u0105)<\/h2>\n\n\n\n<p>Doskonale sprawdzaj\u0105 si\u0119 w piel\u0119gnacji cer suchych przez ca\u0142y roku oraz w przypadku ka\u017cdej cery w zale\u017cno\u015bci od aury i ewentualnego chwilowego przesuszenia. <\/p>\n\n\n\n<p>Cery suche uwielbiaj\u0105 go przez ca\u0142y rok, a w okresie zimy powinien zaopatrzy\u0107 si\u0119 w niego ka\u017cdy, kto b\u0119dzie przebywa\u0142 na zimnie (a ferie tusz tusz:) ). To <a href=\"https:\/\/www.bandi.pl\/sklep\/kremy\/odzywczy-krem-z-kielkami-pszenicy-839\/\">Od\u017cywczy krem z kie\u0142kami pszenicy<\/a>, wyj\u0105tkowa formu\u0142a w naszej ofercie, kt\u00f3re sprawdza si\u0119 doskonale jako tzw. &#8222;cold cream&#8221;, czyli ochrona przed zimnem i wiatrem.<\/p>\n\n\n\n<p>Co\u015b dla os\u00f3b, kt\u00f3rych cery spragnione s\u0105 nawil\u017cenia a jednocze\u015bnie zmniejszenia zaczerwienienia cery. Ulubie\u0144cem w tej kategorii jest <a href=\"https:\/\/www.bandi.pl\/sklep\/kremy\/kremowa-kuracja-na-naczynka-547\/\">Kremowa kuracja na naczynka<\/a>. Wiecie, \u017ce estry cholesterolu w niej zawarte maj\u0105 w\u0142a\u015bciwo\u015bci nie tylko nat\u0142uszczaj\u0105ce, ale tak\u017ce naprawcze? To w\u0142a\u015bnie one redukuj\u0105 szorstko\u015b\u0107 sk\u00f3ry:)<\/p>\n\n\n\n<p>A kiedy poszukiwali\u015bcie kremu od\u017cywczego o dzia\u0142aniu anti aging to wybierali\u015bcie&#8230; <a href=\"https:\/\/www.bandi.pl\/sklep\/kremy\/krem-kolagenowy-818\/\">Krem kolagenowy<\/a>! Najl\u017cejszy w tej puli, jednak bogatszy od &#8222;koleg\u00f3w&#8221; z kategorii kosmetyk\u00f3w nawil\u017caj\u0105cych. Jest Waszym ulubie\u0144cem od lat!<\/p>\n\n\n\n<h2 class=\"wp-block-heading\">Na problemy z niedoskona\u0142o\u015bciami<\/h2>\n\n\n\n<p>Komu nie zdarza si\u0119 niechciany go\u015b\u0107 (lub go\u015bcie) na twarzy? Waszymi ulubionymi kosmetykami do zada\u0144 specjalnych okaza\u0142y si\u0119 <a href=\"https:\/\/www.bandi.pl\/sklep\/kremy\/krem-z-kwasem-migdalowym-i-polihydroksykwasami-817\/\">Krem z kwasem migda\u0142owym i polihydroksykwasami<\/a>, <a href=\"https:\/\/www.bandi.pl\/sklep\/peelingi\/peeling-kwasowy-antytradzikowy-554\/\">Peeling kwasowy antytr\u0105dzikowy<\/a> i <a href=\"https:\/\/www.bandi.pl\/sklep\/ampulki\/skoncentrowana-ampulka-antytradzikowa-552\/\">Skoncentrowana ampu\u0142ka antytr\u0105dzikowa<\/a>.<\/p>\n\n\n\n<p>O ile krem z kwasem migda\u0142owym nak\u0142ada si\u0119 na ca\u0142\u0105 twarz (omijaj\u0105c okolice oczu), to pozostali ulubie\u0144cy doskonale sprawdz\u0105 si\u0119 tak\u017ce w u\u017cyciu punktowym \ud83d\ude42 Ale kt\u00f3ry wybra\u0107? Peeling, czy ampu\u0142k\u0119? Ma\u0142a podpowied\u017a: ampu\u0142ka \u015bwietnie sprawdza si\u0119, je\u015bli niechcianych go\u015bci macie wielu i s\u0105 male\u0144cy, a peeling jest specjalist\u0105 w redukcji wi\u0119kszych i mniej licznych nieprzyjaci\u00f3\u0142.<\/p>\n\n\n\n<div class=\"wp-block-image\"><figure class=\"aligncenter size-large\"><img loading=\"lazy\" decoding=\"async\" width=\"500\" height=\"500\" src=\"https:\/\/www.bandi.pl\/blog\/wp-content\/uploads\/2020\/01\/krem-z-kwasem-migda\u0142owym-500x500.jpg\" alt=\"Krem z kwasem migda\u0142owym i polihydroksykwasami - ulubieniec\" class=\"wp-image-7252\" srcset=\"https:\/\/www.bandi.pl\/blog\/wp-content\/uploads\/2020\/01\/krem-z-kwasem-migda\u0142owym-500x500.jpg 500w, https:\/\/www.bandi.pl\/blog\/wp-content\/uploads\/2020\/01\/krem-z-kwasem-migda\u0142owym-300x300.jpg 300w, https:\/\/www.bandi.pl\/blog\/wp-content\/uploads\/2020\/01\/krem-z-kwasem-migda\u0142owym-150x150.jpg 150w, https:\/\/www.bandi.pl\/blog\/wp-content\/uploads\/2020\/01\/krem-z-kwasem-migda\u0142owym-480x480.jpg 480w, https:\/\/www.bandi.pl\/blog\/wp-content\/uploads\/2020\/01\/krem-z-kwasem-migda\u0142owym.jpg 640w\" sizes=\"(max-width: 500px) 100vw, 500px\" \/><figcaption>Krem z kwasem migda\u0142owym i polihydroksykwasami<\/figcaption><\/figure><\/div>\n\n\n\n<h2 class=\"wp-block-heading\">Kosmetyki matuj\u0105ce<\/h2>\n\n\n\n<p>Kiedy\u015b panowa\u0142o przekonanie, \u017ce aby zmniejszy\u0107 przet\u0142uszczanie si\u0119 cery trzeba j\u0105&#8230; odt\u0142u\u015bci\u0107 np. kosmetykiem na bazie alkoholu. Brrr&#8230;. My wiemy i jak wida\u0107 Wy ju\u017c tak\u017ce, \u017ce aby cera przet\u0142uszcza\u0142a si\u0119 widocznie mniej potrzebne jest w\u0142a\u015bciwe nawil\u017cenie i&#8230; No w\u0142a\u015bnie, potrzebne s\u0105 te\u017c &#8222;sprytne&#8221; sk\u0142adniki aktywne, kt\u00f3re wp\u0142ywaj\u0105 na usprawnienie funkcji sk\u00f3ry. W ka\u017cdym z Waszych ulubie\u0144c\u00f3w zastosowali\u015bmy inny mechanizm dzia\u0142ania, tak\u017ce \u017ceby ka\u017cdy z Was wybra\u0142 najlepsze rozwi\u0105zanie dla siebie \ud83d\ude42<\/p>\n\n\n\n<p>Waszymi ulubie\u0144cami s\u0105 <a href=\"https:\/\/www.bandi.pl\/sklep\/kremy\/pmf-ochronny-krem-nawilzajacy-spf-20-633\/\">PMF Ochronny krem nawil\u017caj\u0105cy SPF 20<\/a>, <a href=\"https:\/\/www.bandi.pl\/sklep\/kremy\/kojacy-krem-matujacy-837\/\">Koj\u0105cy krem matuj\u0105cy<\/a>, <a href=\"https:\/\/www.bandi.pl\/sklep\/emulsje\/pmf-porefectionist-emulsja-zmniejszajaca-pory-632\/\">POREfectionist Emulsja zmniejszaj\u0105ca pory<\/a>.<\/p>\n\n\n\n<p>Warto pami\u0119ta\u0107, \u017ce aby zmniejszy\u0107 nadmierne przet\u0142uszczanie si\u0119 cery, konieczne jest odpowiednie nawil\u017cenie, kt\u00f3re wcale nie musi &#8222;obci\u0105\u017ca\u0107&#8221; cery! Wypr\u00f3bujcie np.: <a href=\"https:\/\/www.bandi.pl\/sklep\/peelingi\/peeling-kwasowy-silnie-nawilzajacy-645\/\">Kwasowy peeling silnie nawil\u017caj\u0105cy<\/a> i <a href=\"https:\/\/www.bandi.pl\/sklep\/koncentraty\/koncentrat-nawilzajacy-z-czystym-kwasem-hialuronowym-699\/\">Koncentrat z czystym kwasem hialuronowym<\/a>.<\/p>\n\n\n\n<h2 class=\"wp-block-heading\">Na widoczne &#8222;naczynka&#8221;<\/h2>\n\n\n\n<p>Coraz wi\u0119cej os\u00f3b zmaga si\u0119 z problemem nadwra\u017cliwo\u015bci cery, kt\u00f3ra mo\u017ce prowadzi\u0107 do widocznie rozszerzonych naczy\u0144 krwiono\u015bnych i sk\u0142onno\u015bci do rumienienia si\u0119. Osoby z cerami naczynkowymi najcz\u0119\u015bciej si\u0119ga\u0142y po <a href=\"https:\/\/www.bandi.pl\/sklep\/kremy\/krem-redukujacy-zaczerwienienia-762\/\">Krem redukuj\u0105cy zaczerwienienia<\/a>, <a href=\"https:\/\/www.bandi.pl\/sklep\/kremy\/cc-korektor-na-naczynka-549\/\">CC Korektor na naczynka<\/a> oraz <a href=\"https:\/\/www.bandi.pl\/sklep\/ampulki\/skoncentrowana-ampulka-na-naczynka-548\/\">Skoncentrowan\u0105 ampu\u0142k\u0119 na naczynka<\/a>.<\/p>\n\n\n\n<p>A czy Wiecie, \u017ce nieprawid\u0142owa piel\u0119gnacja (lub jej brak) w przypadku cery wra\u017cliwej mo\u017ce zaowocowa\u0107 rozwojem tr\u0105dziku r\u00f3\u017cowatego? Je\u015bli obserwujecie u siebie objawy tr\u0105dziku r\u00f3\u017cowatego koniecznie wypr\u00f3bujcie <a href=\"https:\/\/www.bandi.pl\/sklep\/serum\/serum-redukujace-zaczerwienienia-772\/\">Serum redukuj\u0105ce zaczerwienienia<\/a>, kt\u00f3re dzi\u0119ki zawartemu cyprysowi \u015bwietnie sprawdzi si\u0119 w Waszej piel\u0119gnacji.<\/p>\n\n\n\n<h2 class=\"wp-block-heading\">Odm\u0142adzanie<\/h2>\n\n\n\n<p>W ostatnim roku poszukiwali\u015bcie kosmetyk\u00f3w o dzia\u0142aniu poprawiaj\u0105cym kontur twarzy i usprawniaj\u0105cych odnow\u0119 kom\u00f3rkow\u0105. Wasi ulubie\u0144cy to <a href=\"https:\/\/www.bandi.pl\/sklep\/kremy\/odmladzajacy-krem-nawilzajacy-691\/\">Odm\u0142adzaj\u0105cy krem nawil\u017caj\u0105cy<\/a>, <a href=\"https:\/\/www.bandi.pl\/sklep\/serum\/bio-esencja-naprawcza-655\/\">Bio-esencj\u0119 naprawcz\u0105<\/a> oraz <a href=\"https:\/\/www.bandi.pl\/sklep\/kremy\/kremowa-kuracja-przeciw-zmarszczkom-z-retinolem-543\/\">Kremow\u0105 kuracj\u0119 z retinolem<\/a>.<\/p>\n\n\n\n<p>Szczeg\u00f3lnie mi\u0142ym zaskoczeniem dla nas by\u0142a tak ch\u0119tnie kupowana Bio-esencja! Kosmetyk nietypowy o wielokierunkowym dzia\u0142aniu &#8211; mo\u017ce pot\u0119gowa\u0107 skuteczno\u015b\u0107 stosowanych kosmetyk\u00f3w, poprawia koloryt cery, wspiera funkcje ochronne sk\u00f3ry. Kto jeszcze nie zna koniecznie powinien wypr\u00f3bowa\u0107!<\/p>\n\n\n\n<h2 class=\"wp-block-heading\">Peelingi <\/h2>\n\n\n\n<p>Szukaj\u0105c kosmetyku, kt\u00f3ry szybko poprawi wygl\u0105d sk\u00f3ry nie spos\u00f3b nie pami\u0119ta\u0107 o peelingach ziarenkowych, enzymatycznych czy mieszanych. Waszymi ulubie\u0144cami okazali si\u0119 <a href=\"https:\/\/www.bandi.pl\/sklep\/peelingi\/subtelny-peeling-enzymatyczny-840\/\">Subtelny peeling enzymatyczny<\/a>, <a href=\"https:\/\/www.bandi.pl\/sklep\/peelingi\/mikrodermabrazja-z-korundem-815\/\">Mikrodermabrazja z korundem<\/a> i <a href=\"https:\/\/www.bandi.pl\/sklep\/peelingi\/aktywny-peeling-enzymatyczny-z-keratolina-820\/\">Aktywny peeling z keratolin\u0105<\/a>.<\/p>\n\n\n\n<p>Czy wiecie co je \u0142\u0105czy? Ka\u017cdy z nich wp\u0142ywa na lepsze odblokowanie uj\u015b\u0107 gruczo\u0142\u00f3w \u0142ojowych.<\/p>\n\n\n\n<p>Dzia\u0142anie z\u0142uszczaj\u0105ce maj\u0105 oczywi\u015bcie tak\u017ce kwasy, kt\u00f3rych mamy ca\u0142kiem spory wyb\u00f3r:) Je\u015bli chcecie wybra\u0107 najlepszy dla siebie, to pisali\u015bmy o nich w <a href=\"https:\/\/www.bandi.pl\/blog\/alfabet-pielegnacji-a\/\">Alfabecie piel\u0119gnacji<\/a>.<\/p>\n\n\n\n<h2 class=\"wp-block-heading\">W\u0142osy<\/h2>\n\n\n\n<p>Trychologia zago\u015bci\u0142a w Waszej piel\u0119gnacji na dobre, bo np. <a href=\"https:\/\/www.bandi.pl\/sklep\/peelingi\/tricho-peeling-oczyszczajacy-do-skory-glowy-573\/\">Tricho-peeling<\/a> nie tylko jest najch\u0119tniej kupowanym produktem w tej kategorii, ale jednym z najlepiej sprzedaj\u0105cych si\u0119 kosmetyk\u00f3w marki! Wasi ulubie\u0144cy to  <a href=\"https:\/\/www.bandi.pl\/sklep\/ekstrakty\/tricho-ekstrakt-przeciw-wypadaniu-wlosow-576\/\">Tricho ekstrakt przeciw wypadaniu w\u0142os\u00f3w<\/a> i <a href=\"https:\/\/www.bandi.pl\/sklep\/lotiony\/tricho-lotion-stymulujacy-wzrost-wlosow-581\/\">Tricho-lotion stymuluj\u0105cy wzrost w\u0142os\u00f3w<\/a>.<\/p>\n\n\n\n<h2 class=\"wp-block-heading\">Ulubie\u0144cy &#8211; nie tylko Wasi:)<\/h2>\n\n\n\n<p>Wiele spo\u015br\u00f3d Waszych ulubie\u0144c\u00f3w to kosmetyki, kt\u00f3re otrzyma\u0142y tak\u017ce niezale\u017cne nagrody i wyr\u00f3\u017cnienia.<\/p>\n\n\n\n<p>A jacy s\u0105 Wasi ulubie\u0144cy? <\/p>\n","protected":false},"excerpt":{"rendered":"<p>Zobaczcie co wybieraj\u0105 osoby szukaj\u0105ce piel\u0119gnacji w podobnej kategorii co Wy. Przygotowali\u015bmy dla Was wielkie kosmetyczne zestawienie &#8211; ulubie\u0144cy 2019 roku! \ud83d\ude42 Kosmetyki do oczyszczania sk\u00f3ry W tej kategorii Waszymi ulubie\u0144cami okazali si\u0119: Morski \u017cel oczyszczaj\u0105cy, Morski tonik od\u015bwie\u017caj\u0105co-nawil\u017caj\u0105cy oraz Koj\u0105cy \u017cel myj\u0105cy z probiotykami. Bardzo nas to cieszy, \u017ce tonik sta\u0142 si\u0119 wa\u017cnym etapem [&hellip;]<\/p>\n","protected":false},"author":3,"featured_media":7272,"comment_status":"open","ping_status":"closed","sticky":false,"template":"","format":"standard","meta":{"_et_pb_use_builder":"off","_et_pb_old_content":"","_et_gb_content_width":"","footnotes":""},"categories":[2806,1817],"tags":[3083,3084],"class_list":["post-7241","post","type-post","status-publish","format-standard","has-post-thumbnail","hentry","category-aneta-dziecielewska","category-kategoria-pielegnacja-i-kosmetyki","tag-kosmetyki","tag-najlepsze-kosmetyki-2019"],"yoast_head":"<!-- This site is optimized with the Yoast SEO plugin v27.1.1 - https:\/\/yoast.com\/product\/yoast-seo-wordpress\/ -->\n<title>Wasi ulubie\u0144cy 2019 r. ! &#187; Blog BANDI<\/title>\n<meta name=\"description\" content=\"Wasi kosmetyczni ulubie\u0144cy 2019r.! Sprawd\u017a, po kt\u00f3re produkty najcz\u0119\u015bcij si\u0119gali\u015bcie, aby nawil\u017cy\u0107, z\u0142uszczy\u0107, czy odm\u0142odzi\u0107 wygl\u0105d sk\u00f3ry!\" \/>\n<meta name=\"robots\" content=\"index, follow, max-snippet:-1, max-image-preview:large, max-video-preview:-1\" \/>\n<link rel=\"canonical\" href=\"https:\/\/www.bandi.pl\/blog\/wasi-ulubiency-2019-r\/\" \/>\n<meta property=\"og:locale\" content=\"pl_PL\" \/>\n<meta property=\"og:type\" content=\"article\" \/>\n<meta property=\"og:title\" content=\"Wasi ulubie\u0144cy 2019 r. ! &#187; Blog BANDI\" \/>\n<meta property=\"og:description\" content=\"Wasi kosmetyczni ulubie\u0144cy 2019r.! Sprawd\u017a, po kt\u00f3re produkty najcz\u0119\u015bcij si\u0119gali\u015bcie, aby nawil\u017cy\u0107, z\u0142uszczy\u0107, czy odm\u0142odzi\u0107 wygl\u0105d sk\u00f3ry!\" \/>\n<meta property=\"og:url\" content=\"https:\/\/www.bandi.pl\/blog\/wasi-ulubiency-2019-r\/\" \/>\n<meta property=\"og:site_name\" content=\"Blog BANDI\" \/>\n<meta property=\"article:publisher\" content=\"https:\/\/web.facebook.com\/BANDIcosmetics\" \/>\n<meta property=\"article:published_time\" content=\"2020-01-13T23:00:00+00:00\" \/>\n<meta property=\"article:modified_time\" content=\"2020-01-13T23:50:52+00:00\" \/>\n<meta property=\"og:image\" content=\"https:\/\/www.bandi.pl\/blog\/wp-content\/uploads\/2020\/01\/wasi-ulubiency.jpg\" \/>\n\t<meta property=\"og:image:width\" content=\"1500\" \/>\n\t<meta property=\"og:image:height\" content=\"1000\" \/>\n\t<meta property=\"og:image:type\" content=\"image\/jpeg\" \/>\n<meta name=\"author\" content=\"BANDI\" \/>\n<meta name=\"twitter:card\" content=\"summary_large_image\" \/>\n<meta name=\"twitter:creator\" content=\"@bandi_cosmetics\" \/>\n<meta name=\"twitter:site\" content=\"@bandi_cosmetics\" \/>\n<meta name=\"twitter:label1\" content=\"Napisane przez\" \/>\n\t<meta name=\"twitter:data1\" content=\"BANDI\" \/>\n\t<meta name=\"twitter:label2\" content=\"Szacowany czas czytania\" \/>\n\t<meta name=\"twitter:data2\" content=\"6 minut\" \/>\n<script type=\"application\/ld+json\" class=\"yoast-schema-graph\">{\"@context\":\"https:\/\/schema.org\",\"@graph\":[{\"@type\":\"Article\",\"@id\":\"https:\/\/www.bandi.pl\/blog\/wasi-ulubiency-2019-r\/#article\",\"isPartOf\":{\"@id\":\"https:\/\/www.bandi.pl\/blog\/wasi-ulubiency-2019-r\/\"},\"author\":{\"name\":\"BANDI\",\"@id\":\"https:\/\/www.bandi.pl\/blog\/#\/schema\/person\/6905a8e1379d84df843b078d275c5aea\"},\"headline\":\"Wasi ulubie\u0144cy 2019 r. !\",\"datePublished\":\"2020-01-13T23:00:00+00:00\",\"dateModified\":\"2020-01-13T23:50:52+00:00\",\"mainEntityOfPage\":{\"@id\":\"https:\/\/www.bandi.pl\/blog\/wasi-ulubiency-2019-r\/\"},\"wordCount\":1180,\"commentCount\":2,\"publisher\":{\"@id\":\"https:\/\/www.bandi.pl\/blog\/#organization\"},\"image\":{\"@id\":\"https:\/\/www.bandi.pl\/blog\/wasi-ulubiency-2019-r\/#primaryimage\"},\"thumbnailUrl\":\"https:\/\/www.bandi.pl\/blog\/wp-content\/uploads\/2020\/01\/wasi-ulubiency.jpg\",\"keywords\":[\"kosmetyki\",\"najlepsze kosmetyki 2019\"],\"articleSection\":[\"Aneta Dzi\u0119cielewska\",\"Piel\u0119gnacja i kosmetyki\"],\"inLanguage\":\"pl-PL\",\"potentialAction\":[{\"@type\":\"CommentAction\",\"name\":\"Comment\",\"target\":[\"https:\/\/www.bandi.pl\/blog\/wasi-ulubiency-2019-r\/#respond\"]}]},{\"@type\":\"WebPage\",\"@id\":\"https:\/\/www.bandi.pl\/blog\/wasi-ulubiency-2019-r\/\",\"url\":\"https:\/\/www.bandi.pl\/blog\/wasi-ulubiency-2019-r\/\",\"name\":\"Wasi ulubie\u0144cy 2019 r. ! &#187; Blog BANDI\",\"isPartOf\":{\"@id\":\"https:\/\/www.bandi.pl\/blog\/#website\"},\"primaryImageOfPage\":{\"@id\":\"https:\/\/www.bandi.pl\/blog\/wasi-ulubiency-2019-r\/#primaryimage\"},\"image\":{\"@id\":\"https:\/\/www.bandi.pl\/blog\/wasi-ulubiency-2019-r\/#primaryimage\"},\"thumbnailUrl\":\"https:\/\/www.bandi.pl\/blog\/wp-content\/uploads\/2020\/01\/wasi-ulubiency.jpg\",\"datePublished\":\"2020-01-13T23:00:00+00:00\",\"dateModified\":\"2020-01-13T23:50:52+00:00\",\"description\":\"Wasi kosmetyczni ulubie\u0144cy 2019r.! Sprawd\u017a, po kt\u00f3re produkty najcz\u0119\u015bcij si\u0119gali\u015bcie, aby nawil\u017cy\u0107, z\u0142uszczy\u0107, czy odm\u0142odzi\u0107 wygl\u0105d sk\u00f3ry!\",\"breadcrumb\":{\"@id\":\"https:\/\/www.bandi.pl\/blog\/wasi-ulubiency-2019-r\/#breadcrumb\"},\"inLanguage\":\"pl-PL\",\"potentialAction\":[{\"@type\":\"ReadAction\",\"target\":[\"https:\/\/www.bandi.pl\/blog\/wasi-ulubiency-2019-r\/\"]}]},{\"@type\":\"ImageObject\",\"inLanguage\":\"pl-PL\",\"@id\":\"https:\/\/www.bandi.pl\/blog\/wasi-ulubiency-2019-r\/#primaryimage\",\"url\":\"https:\/\/www.bandi.pl\/blog\/wp-content\/uploads\/2020\/01\/wasi-ulubiency.jpg\",\"contentUrl\":\"https:\/\/www.bandi.pl\/blog\/wp-content\/uploads\/2020\/01\/wasi-ulubiency.jpg\",\"width\":1500,\"height\":1000,\"caption\":\"Wasi ulubie\u0144cy 2019 roku - Aneta Dzi\u0119cielewska - Blog BANDI\"},{\"@type\":\"BreadcrumbList\",\"@id\":\"https:\/\/www.bandi.pl\/blog\/wasi-ulubiency-2019-r\/#breadcrumb\",\"itemListElement\":[{\"@type\":\"ListItem\",\"position\":1,\"name\":\"BANDI\",\"item\":\"https:\/\/www.bandi.pl\/blog\/\"},{\"@type\":\"ListItem\",\"position\":2,\"name\":\"Wasi ulubie\u0144cy 2019 r. !\"}]},{\"@type\":\"WebSite\",\"@id\":\"https:\/\/www.bandi.pl\/blog\/#website\",\"url\":\"https:\/\/www.bandi.pl\/blog\/\",\"name\":\"Blog BANDI\",\"description\":\"Czarno na bia\u0142ym o kosmetykach\",\"publisher\":{\"@id\":\"https:\/\/www.bandi.pl\/blog\/#organization\"},\"potentialAction\":[{\"@type\":\"SearchAction\",\"target\":{\"@type\":\"EntryPoint\",\"urlTemplate\":\"https:\/\/www.bandi.pl\/blog\/?s={search_term_string}\"},\"query-input\":{\"@type\":\"PropertyValueSpecification\",\"valueRequired\":true,\"valueName\":\"search_term_string\"}}],\"inLanguage\":\"pl-PL\"},{\"@type\":\"Organization\",\"@id\":\"https:\/\/www.bandi.pl\/blog\/#organization\",\"name\":\"BANDI\",\"url\":\"https:\/\/www.bandi.pl\/blog\/\",\"logo\":{\"@type\":\"ImageObject\",\"inLanguage\":\"pl-PL\",\"@id\":\"https:\/\/www.bandi.pl\/blog\/#\/schema\/logo\/image\/\",\"url\":\"https:\/\/www.bandi.pl\/blog\/wp-content\/uploads\/2019\/06\/bandi-logo.png\",\"contentUrl\":\"https:\/\/www.bandi.pl\/blog\/wp-content\/uploads\/2019\/06\/bandi-logo.png\",\"width\":264,\"height\":111,\"caption\":\"BANDI\"},\"image\":{\"@id\":\"https:\/\/www.bandi.pl\/blog\/#\/schema\/logo\/image\/\"},\"sameAs\":[\"https:\/\/web.facebook.com\/BANDIcosmetics\",\"https:\/\/x.com\/bandi_cosmetics\",\"https:\/\/www.instagram.com\/bandi_cosmetics\/\",\"https:\/\/www.pinterest.com\/bandicosmetics\/\",\"https:\/\/www.youtube.com\/user\/BandiCosmeticsPolska\"]},{\"@type\":\"Person\",\"@id\":\"https:\/\/www.bandi.pl\/blog\/#\/schema\/person\/6905a8e1379d84df843b078d275c5aea\",\"name\":\"BANDI\",\"sameAs\":[\"https:\/\/www.bandi.pl\/blog\"]}]}<\/script>\n<!-- \/ Yoast SEO plugin. -->","yoast_head_json":{"title":"Wasi ulubie\u0144cy 2019 r. ! &#187; Blog BANDI","description":"Wasi kosmetyczni ulubie\u0144cy 2019r.! Sprawd\u017a, po kt\u00f3re produkty najcz\u0119\u015bcij si\u0119gali\u015bcie, aby nawil\u017cy\u0107, z\u0142uszczy\u0107, czy odm\u0142odzi\u0107 wygl\u0105d sk\u00f3ry!","robots":{"index":"index","follow":"follow","max-snippet":"max-snippet:-1","max-image-preview":"max-image-preview:large","max-video-preview":"max-video-preview:-1"},"canonical":"https:\/\/www.bandi.pl\/blog\/wasi-ulubiency-2019-r\/","og_locale":"pl_PL","og_type":"article","og_title":"Wasi ulubie\u0144cy 2019 r. ! &#187; Blog BANDI","og_description":"Wasi kosmetyczni ulubie\u0144cy 2019r.! Sprawd\u017a, po kt\u00f3re produkty najcz\u0119\u015bcij si\u0119gali\u015bcie, aby nawil\u017cy\u0107, z\u0142uszczy\u0107, czy odm\u0142odzi\u0107 wygl\u0105d sk\u00f3ry!","og_url":"https:\/\/www.bandi.pl\/blog\/wasi-ulubiency-2019-r\/","og_site_name":"Blog BANDI","article_publisher":"https:\/\/web.facebook.com\/BANDIcosmetics","article_published_time":"2020-01-13T23:00:00+00:00","article_modified_time":"2020-01-13T23:50:52+00:00","og_image":[{"width":1500,"height":1000,"url":"https:\/\/www.bandi.pl\/blog\/wp-content\/uploads\/2020\/01\/wasi-ulubiency.jpg","type":"image\/jpeg"}],"author":"BANDI","twitter_card":"summary_large_image","twitter_creator":"@bandi_cosmetics","twitter_site":"@bandi_cosmetics","twitter_misc":{"Napisane przez":"BANDI","Szacowany czas czytania":"6 minut"},"schema":{"@context":"https:\/\/schema.org","@graph":[{"@type":"Article","@id":"https:\/\/www.bandi.pl\/blog\/wasi-ulubiency-2019-r\/#article","isPartOf":{"@id":"https:\/\/www.bandi.pl\/blog\/wasi-ulubiency-2019-r\/"},"author":{"name":"BANDI","@id":"https:\/\/www.bandi.pl\/blog\/#\/schema\/person\/6905a8e1379d84df843b078d275c5aea"},"headline":"Wasi ulubie\u0144cy 2019 r. !","datePublished":"2020-01-13T23:00:00+00:00","dateModified":"2020-01-13T23:50:52+00:00","mainEntityOfPage":{"@id":"https:\/\/www.bandi.pl\/blog\/wasi-ulubiency-2019-r\/"},"wordCount":1180,"commentCount":2,"publisher":{"@id":"https:\/\/www.bandi.pl\/blog\/#organization"},"image":{"@id":"https:\/\/www.bandi.pl\/blog\/wasi-ulubiency-2019-r\/#primaryimage"},"thumbnailUrl":"https:\/\/www.bandi.pl\/blog\/wp-content\/uploads\/2020\/01\/wasi-ulubiency.jpg","keywords":["kosmetyki","najlepsze kosmetyki 2019"],"articleSection":["Aneta Dzi\u0119cielewska","Piel\u0119gnacja i kosmetyki"],"inLanguage":"pl-PL","potentialAction":[{"@type":"CommentAction","name":"Comment","target":["https:\/\/www.bandi.pl\/blog\/wasi-ulubiency-2019-r\/#respond"]}]},{"@type":"WebPage","@id":"https:\/\/www.bandi.pl\/blog\/wasi-ulubiency-2019-r\/","url":"https:\/\/www.bandi.pl\/blog\/wasi-ulubiency-2019-r\/","name":"Wasi ulubie\u0144cy 2019 r. ! &#187; Blog BANDI","isPartOf":{"@id":"https:\/\/www.bandi.pl\/blog\/#website"},"primaryImageOfPage":{"@id":"https:\/\/www.bandi.pl\/blog\/wasi-ulubiency-2019-r\/#primaryimage"},"image":{"@id":"https:\/\/www.bandi.pl\/blog\/wasi-ulubiency-2019-r\/#primaryimage"},"thumbnailUrl":"https:\/\/www.bandi.pl\/blog\/wp-content\/uploads\/2020\/01\/wasi-ulubiency.jpg","datePublished":"2020-01-13T23:00:00+00:00","dateModified":"2020-01-13T23:50:52+00:00","description":"Wasi kosmetyczni ulubie\u0144cy 2019r.! Sprawd\u017a, po kt\u00f3re produkty najcz\u0119\u015bcij si\u0119gali\u015bcie, aby nawil\u017cy\u0107, z\u0142uszczy\u0107, czy odm\u0142odzi\u0107 wygl\u0105d sk\u00f3ry!","breadcrumb":{"@id":"https:\/\/www.bandi.pl\/blog\/wasi-ulubiency-2019-r\/#breadcrumb"},"inLanguage":"pl-PL","potentialAction":[{"@type":"ReadAction","target":["https:\/\/www.bandi.pl\/blog\/wasi-ulubiency-2019-r\/"]}]},{"@type":"ImageObject","inLanguage":"pl-PL","@id":"https:\/\/www.bandi.pl\/blog\/wasi-ulubiency-2019-r\/#primaryimage","url":"https:\/\/www.bandi.pl\/blog\/wp-content\/uploads\/2020\/01\/wasi-ulubiency.jpg","contentUrl":"https:\/\/www.bandi.pl\/blog\/wp-content\/uploads\/2020\/01\/wasi-ulubiency.jpg","width":1500,"height":1000,"caption":"Wasi ulubie\u0144cy 2019 roku - Aneta Dzi\u0119cielewska - Blog BANDI"},{"@type":"BreadcrumbList","@id":"https:\/\/www.bandi.pl\/blog\/wasi-ulubiency-2019-r\/#breadcrumb","itemListElement":[{"@type":"ListItem","position":1,"name":"BANDI","item":"https:\/\/www.bandi.pl\/blog\/"},{"@type":"ListItem","position":2,"name":"Wasi ulubie\u0144cy 2019 r. !"}]},{"@type":"WebSite","@id":"https:\/\/www.bandi.pl\/blog\/#website","url":"https:\/\/www.bandi.pl\/blog\/","name":"Blog BANDI","description":"Czarno na bia\u0142ym o kosmetykach","publisher":{"@id":"https:\/\/www.bandi.pl\/blog\/#organization"},"potentialAction":[{"@type":"SearchAction","target":{"@type":"EntryPoint","urlTemplate":"https:\/\/www.bandi.pl\/blog\/?s={search_term_string}"},"query-input":{"@type":"PropertyValueSpecification","valueRequired":true,"valueName":"search_term_string"}}],"inLanguage":"pl-PL"},{"@type":"Organization","@id":"https:\/\/www.bandi.pl\/blog\/#organization","name":"BANDI","url":"https:\/\/www.bandi.pl\/blog\/","logo":{"@type":"ImageObject","inLanguage":"pl-PL","@id":"https:\/\/www.bandi.pl\/blog\/#\/schema\/logo\/image\/","url":"https:\/\/www.bandi.pl\/blog\/wp-content\/uploads\/2019\/06\/bandi-logo.png","contentUrl":"https:\/\/www.bandi.pl\/blog\/wp-content\/uploads\/2019\/06\/bandi-logo.png","width":264,"height":111,"caption":"BANDI"},"image":{"@id":"https:\/\/www.bandi.pl\/blog\/#\/schema\/logo\/image\/"},"sameAs":["https:\/\/web.facebook.com\/BANDIcosmetics","https:\/\/x.com\/bandi_cosmetics","https:\/\/www.instagram.com\/bandi_cosmetics\/","https:\/\/www.pinterest.com\/bandicosmetics\/","https:\/\/www.youtube.com\/user\/BandiCosmeticsPolska"]},{"@type":"Person","@id":"https:\/\/www.bandi.pl\/blog\/#\/schema\/person\/6905a8e1379d84df843b078d275c5aea","name":"BANDI","sameAs":["https:\/\/www.bandi.pl\/blog"]}]}},"_links":{"self":[{"href":"https:\/\/www.bandi.pl\/blog\/wp-json\/wp\/v2\/posts\/7241","targetHints":{"allow":["GET"]}}],"collection":[{"href":"https:\/\/www.bandi.pl\/blog\/wp-json\/wp\/v2\/posts"}],"about":[{"href":"https:\/\/www.bandi.pl\/blog\/wp-json\/wp\/v2\/types\/post"}],"author":[{"embeddable":true,"href":"https:\/\/www.bandi.pl\/blog\/wp-json\/wp\/v2\/users\/3"}],"replies":[{"embeddable":true,"href":"https:\/\/www.bandi.pl\/blog\/wp-json\/wp\/v2\/comments?post=7241"}],"version-history":[{"count":10,"href":"https:\/\/www.bandi.pl\/blog\/wp-json\/wp\/v2\/posts\/7241\/revisions"}],"predecessor-version":[{"id":7273,"href":"https:\/\/www.bandi.pl\/blog\/wp-json\/wp\/v2\/posts\/7241\/revisions\/7273"}],"wp:featuredmedia":[{"embeddable":true,"href":"https:\/\/www.bandi.pl\/blog\/wp-json\/wp\/v2\/media\/7272"}],"wp:attachment":[{"href":"https:\/\/www.bandi.pl\/blog\/wp-json\/wp\/v2\/media?parent=7241"}],"wp:term":[{"taxonomy":"category","embeddable":true,"href":"https:\/\/www.bandi.pl\/blog\/wp-json\/wp\/v2\/categories?post=7241"},{"taxonomy":"post_tag","embeddable":true,"href":"https:\/\/www.bandi.pl\/blog\/wp-json\/wp\/v2\/tags?post=7241"}],"curies":[{"name":"wp","href":"https:\/\/api.w.org\/{rel}","templated":true}]}}