{"id":7103,"date":"2019-12-26T06:00:00","date_gmt":"2019-12-26T05:00:00","guid":{"rendered":"https:\/\/www.bandi.pl\/blog\/?p=7103"},"modified":"2021-10-19T09:18:36","modified_gmt":"2021-10-19T07:18:36","slug":"jak-dbac-zima-o-cere-po-intensywnych-zabiegach-estetycznych","status":"publish","type":"post","link":"https:\/\/www.bandi.pl\/blog\/jak-dbac-zima-o-cere-po-intensywnych-zabiegach-estetycznych\/","title":{"rendered":"Jak dba\u0107 o cer\u0119 po intensywnych zabiegach estetycznych?"},"content":{"rendered":"\n<p>Mamy coraz szerszy dost\u0119p do ro\u017cnych intensywnych zabieg\u00f3w estetycznych. W zale\u017cno\u015bci od defektu estetycznego, mo\u017cemy zaproponowa\u0107 naszym pacjentom\/klientom zr\u00f3\u017cnicowane zabiegi dostosowane do potrzeb danej osoby. Jednak ta r\u00f3\u017cnorodno\u015b\u0107 terapii powoduje, \u017ce musimy pami\u0119ta\u0107 o przekazywaniu du\u017cej ilo\u015bci r\u00f3\u017cnych zalece\u0144. Dodatkowo w zimie sk\u00f3ra twarzy i cia\u0142a staje si\u0119 wyj\u0105tkowo wymagaj\u0105ca. Mr\u00f3z, wiatr i suche powietrze sprawiaj\u0105, \u017ce mo\u017ce sta\u0107 si\u0119 przesuszona, podra\u017cniona i wra\u017cliwa. \u017beby tego unikn\u0105\u0107 trzeba o ni\u0105 odpowiednio zadba\u0107. Problemy zaczynaj\u0105 si\u0119 ju\u017c wtedy, gdy temperatura spada do 10 stopni. Pod wp\u0142ywem zimna uszkadza si\u0119 bowiem pokrywaj\u0105ca sk\u00f3r\u0119 warstwa lipidowa, kt\u00f3ra chroni przed nadmiern\u0105 utrat\u0105 wilgoci. A sytuacj\u0119 pogarsza jeszcze wysuszone kaloryferami powietrze w pomieszczeniach. Cera t\u0142usta i mieszana radzi sobie w takich okoliczno\u015bciach ca\u0142kiem nie\u017ale \u2013 grubsza warstwa sebum nie daje si\u0119 tak \u0142atwo niekorzystnym czynnikom. Ale sk\u00f3ra sucha jest w\u0142a\u015bciwie bezbronna i mo\u017ce wymaga\u0107 wi\u0119kszej troski. Je\u017celi nie zadbamy o ni\u0105 to mo\u017cemy mie\u0107 w zimie du\u017ce problemy. Tak samo dotyczy sk\u00f3ry po intensywnych zabiegach estetycznych. &nbsp;Dodatkowo z wiekiem nasza ochronna warstwa lipidowa regeneruje si\u0119 wolniej. Po intensywnych zabiegach oraz czasie sp\u0119dzonym w nieprzyjaznych warunkach atmosferycznych m\u0142oda sk\u00f3ra wraca do siebie szybciej ni\u017c u os\u00f3b starszych. Zim\u0105 musz\u0105 szczeg\u00f3lnie uwa\u017ca\u0107 osoby z cer\u0105 naczynkow\u0105. <\/p>\n\n\n\n<h2 class=\"wp-block-heading\"><strong>Preparaty nawil\u017caj\u0105ce, nat\u0142uszczaj\u0105ce i ochronne<\/strong><\/h2>\n\n\n\n<p>Sk\u00f3ra po zabiegach estetycznych mo\u017ce\nby\u0107 przej\u015bciowo odwodniona, podra\u017cniona, wra\u017cliwa i i jest cz\u0119\u015bciej nara\u017cona na\npodra\u017cnienia i urazy. W zwi\u0105zku z tym jest niezb\u0119dne u\u017cycie odpowiednich\npreparat\u00f3w. Najlepiej takich, kt\u00f3re dzia\u0142aj\u0105 dwukierunkowo i zawieraj\u0105 zar\u00f3wno sk\u0142adniki\nnawil\u017caj\u0105ce, jaki i t\u0142uszczowe, kt\u00f3re odbudowuj\u0105 prawid\u0142owy p\u0142aszcz lipidowy, a\ntym samym zapobiegaj\u0105 ucieczce wody.<\/p>\n\n\n\n<p>Utrzymanie\nodpowiedniej wilgotno\u015bci w warstwie rogowej (zewn\u0119trznej warstwie nask\u00f3rka),\nu\u0142atwia obecno\u015b\u0107 higroskopijnych zwi\u0105zk\u00f3w chemicznych, czyli takich kt\u00f3re\nprzyci\u0105gaj\u0105 wod\u0119 i hamuj\u0105 jej parowanie. Mieszanina tych substancji jest\nnazwana NMF (naturalny czynnik nawil\u017caj\u0105cy). NMF powstaje w nask\u00f3rku podczas\nprawid\u0142owego procesu rogowacenia i sk\u0142ad si\u0119 z wielu substancji. Do\nnajwa\u017cniejszych nale\u017c\u0105 aminokwasy, mocznik, kwas moczowy, kwas mlekowy,\nkreatynina i inne.<\/p>\n\n\n\n<p>Drugi mechanizm chroni\u0105cy wod\u0119 przed wyparowaniem z nask\u00f3rka, polega na ograniczeniu jej ucieczki przez tzw. substancje hydrofobowe (lipidy p\u0142aszcza lipidowo-wodnego i lipidy tzw cementu mi\u0119dzykom\u00f3rkowego).&nbsp; Te ostatnie odgrywaj\u0105 wa\u017cniejsza rol\u0119. Uk\u0142adaj\u0105 si\u0119 one mi\u0119dzy korneocytami, czyli kom\u00f3rkami warstwy rogowej, w formie specyficznie uporz\u0105dkowanych b\u0142on. Spajaj\u0105 one ze sob\u0105 kom\u00f3rki nask\u00f3rka i tworz\u0105 nieprzepuszczaln\u0105 dla wody barier\u0119 chroni\u0105c\u0105 sk\u00f3r\u0119 przed odwodnieniem.<\/p>\n\n\n\n<p>Sk\u00f3r\u0119 po zabiegach, aby uchroni\u0107 przed dodatkowym wysuszeniem i podra\u017cnieniem, w zimie trzeba smarowa\u0107 si\u0119 odpowiednimi kremami. Szczeg\u00f3lnie przed ka\u017cdym wyj\u015bciem z domu nale\u017cy u\u017cywa\u0107 krem\u00f3w ochronno-regeneracyjnych z wysokimi filtrami UV. To bardzo wa\u017cne, bo zim\u0105 sk\u00f3ra po intensywnych zabiegach mo\u017ce si\u0119 gorzej regenerowa\u0107. <\/p>\n\n\n\n<h2 class=\"wp-block-heading\">Zalecenia po wybranych zabiegach &#8211; peelingi<\/h2>\n\n\n\n<p>Zalecenia dotycz\u0105ce peeling\u00f3w zale\u017c\u0105 od\ng\u0142\u0119boko\u015bci ich wykonania. Po najcz\u0119\u015bciej wykonywanych powierzchownych i\n\u015bredniog\u0142\u0119bokich zaleca si\u0119 specjalne preparaty do u\u017cytku domowego. Na dzie\u0144 s\u0105\nto kremy przeciws\u0142oneczne z filtrem SPF 50+, a na noc preparaty nawil\u017caj\u0105ce i\nnat\u0142uszczaj\u0105ce. Do mycia konieczne s\u0105 \u0142agodne substancje. <\/p>\n\n\n\n<p>Okres powrotu wygl\u0105du sk\u00f3ry do stanu\nprawid\u0142owego jest r\u00f3\u017cny, ale zwykle wynosi jeden tydzie\u0144. <\/p>\n\n\n\n<p>Po zabiegu nale\u017cy bezwzgl\u0119dnie unika\u0107\ns\u0142o\u0144ca, nie stosowa\u0107 zewn\u0119trznie preparat\u00f3w z aktywnymi substancjami, takimi\njak retinoidy i nie wykonywa\u0107 \u017cadnych innych zabieg\u00f3w. Pacjent\u00f3w nale\u017cy\nostrzec, \u017ce b\u0119d\u0105 mogli odczuwa\u0107 napi\u0119cie sk\u00f3ry, \u015bwi\u0105d, pieczenie, k\u0142ucie, b\u00f3l,\n\u017ce mo\u017ce pojawi\u0107 si\u0119 obrz\u0119k i \u0142uszczenie, a nawet strupy. W\u00f3wczas nie wolno\ndrapa\u0107, \u015bciera\u0107 ani zrywa\u0107 z\u0142uszczaj\u0105cych si\u0119 fragment\u00f3w sk\u00f3ry, aby unikn\u0105\u0107\nm.in. powstania blizn. Pacjenci nie mog\u0105 wykonywa\u0107 na w\u0142asn\u0105 r\u0119k\u0119 dodatkowych\npeeling\u00f3w. Je\u015bli pojawi si\u0119 obrz\u0119k, nale\u017cy zastosowa\u0107 zimne ok\u0142ady z lodu. Tak\njak przy innych inwazyjnych procedurach, pacjentom, kt\u00f3rzy w wywiadzie maj\u0105\nnawroty opryszczki, nale\u017cy profilaktycznie zaleci\u0107 leczenie doustne\nacyklowirem.<\/p>\n\n\n\n<h2 class=\"wp-block-heading\">Laseroterapia<\/h2>\n\n\n\n<p>Zalecenia po wykonaniu laseroterapii r\u00f3\u017cni\u0105 si\u0119 i s\u0105 zale\u017cne od tego, jakiego rodzaju lasera\/urz\u0105dzenia IPL u\u017cyto \u2013 czy by\u0142 to laser ablacyjny, czy nieablacyjny, a w przypadku laser\u00f3w nieablacyjnych \u2013 na co i jak g\u0142\u0119boko dzia\u0142ano.  Po wszystkich zabiegach zaleca si\u0119 ochron\u0119 przeciws\u0142oneczn\u0105 w celu unikni\u0119cia przebarwie\u0144; okres, w kt\u00f3rym bezwzgl\u0119dnie chronimy si\u0119 przed \u015bwiat\u0142em s\u0142onecznym, zale\u017cy od typu zabiegu laserowego. Jest d\u0142u\u017cszy w przypadku laser\u00f3w ablacyjnych, a kr\u00f3tszy \u2013 np. przy fotoodm\u0142adzaniu. W wi\u0119kszo\u015bci procedur polaserowych zaleca si\u0119 przyk\u0142adanie zimnych ok\u0142ad\u00f3w dla zmniejszenia ewentualnego obrz\u0119ku, zaczerwienienia i subiektywnych dolegliwo\u015bci (np. pieczenia). Do piel\u0119gnacji w domu poleca si\u0119 na dzie\u0144 kremy z filtrem SPF 50+, a na noc kremy nawil\u017caj\u0105ce. W przypadku u\u017cycia laser\u00f3w ablacyjnych b\u0119d\u0105 to preparaty dodatkowo wspomagaj\u0105ce gojenie. Bardzo wa\u017cne w przypadku ablacyjnych zabieg\u00f3w laserowych jest r\u00f3wnie\u017c informowanie pacjenta o zakazie drapania, z\u0142uszczania, zrywania strup\u00f3w, poniewa\u017c wi\u0105\u017ce si\u0119 to z ryzykiem powstania blizn. Przy tendencji do nawrot\u00f3w opryszczki podaje si\u0119 profilaktycznie leki. <\/p>\n\n\n\n<h2 class=\"wp-block-heading\">Czego potrzebuje Twoja cera?<\/h2>\n\n\n\n<p>Intensywne zabiegi estetyczne, kt\u00f3re przeprowadza profesjonalista nie ko\u0144cz\u0105 si\u0119 wraz z wizyt\u0105. Skuteczno\u015b\u0107 zabieg\u00f3w jest wzmocniona a nawet przed\u0142u\u017cona je\u015bli zostanie wdro\u017cona prawid\u0142owa piel\u0119gnacja domowa. Stosowane zalecenia otrzymasz od swojego lekarza lub kosmetologa. Najlepiej, aby kosmetyki by\u0142y specjalistycznie opracowane z my\u015bl\u0105 o piel\u0119gnacji cer po zabiegach.<\/p>\n","protected":false},"excerpt":{"rendered":"<p>Mamy coraz szerszy dost\u0119p do ro\u017cnych intensywnych zabieg\u00f3w estetycznych. W zale\u017cno\u015bci od defektu estetycznego, mo\u017cemy zaproponowa\u0107 naszym pacjentom\/klientom zr\u00f3\u017cnicowane zabiegi dostosowane do potrzeb danej osoby. Jednak ta r\u00f3\u017cnorodno\u015b\u0107 terapii powoduje, \u017ce musimy pami\u0119ta\u0107 o przekazywaniu du\u017cej ilo\u015bci r\u00f3\u017cnych zalece\u0144. Dodatkowo w zimie sk\u00f3ra twarzy i cia\u0142a staje si\u0119 wyj\u0105tkowo wymagaj\u0105ca. Mr\u00f3z, wiatr i suche powietrze [&hellip;]<\/p>\n","protected":false},"author":3,"featured_media":7110,"comment_status":"open","ping_status":"closed","sticky":false,"template":"","format":"standard","meta":{"_et_pb_use_builder":"off","_et_pb_old_content":"","_et_gb_content_width":"","footnotes":""},"categories":[2857,1817],"tags":[3019,3020],"class_list":["post-7103","post","type-post","status-publish","format-standard","has-post-thumbnail","hentry","category-kamila-padlewska","category-kategoria-pielegnacja-i-kosmetyki","tag-domowa-pielegnacja","tag-zabiegi-kosmetyczne"],"yoast_head":"<!-- This site is optimized with the Yoast SEO plugin v27.1.1 - https:\/\/yoast.com\/product\/yoast-seo-wordpress\/ -->\n<title>Jak dba\u0107 o cer\u0119 po intensywnych zabiegach estetycznych? &#187; Blog BANDI<\/title>\n<meta name=\"description\" content=\"Korzystasz z intensywnych zabieg\u00f3w estetycznych? Koniecznie przeczytaj porady dermatologa jak piel\u0119gnowa\u0107 cer\u0119 zim\u0105!\" \/>\n<meta name=\"robots\" content=\"index, follow, max-snippet:-1, max-image-preview:large, max-video-preview:-1\" \/>\n<link rel=\"canonical\" href=\"https:\/\/www.bandi.pl\/blog\/jak-dbac-zima-o-cere-po-intensywnych-zabiegach-estetycznych\/\" \/>\n<meta property=\"og:locale\" content=\"pl_PL\" \/>\n<meta property=\"og:type\" content=\"article\" \/>\n<meta property=\"og:title\" content=\"Jak dba\u0107 o cer\u0119 po intensywnych zabiegach estetycznych? &#187; Blog BANDI\" \/>\n<meta property=\"og:description\" content=\"Korzystasz z intensywnych zabieg\u00f3w estetycznych? Koniecznie przeczytaj porady dermatologa jak piel\u0119gnowa\u0107 cer\u0119 zim\u0105!\" \/>\n<meta property=\"og:url\" content=\"https:\/\/www.bandi.pl\/blog\/jak-dbac-zima-o-cere-po-intensywnych-zabiegach-estetycznych\/\" \/>\n<meta property=\"og:site_name\" content=\"Blog BANDI\" \/>\n<meta property=\"article:publisher\" content=\"https:\/\/web.facebook.com\/BANDIcosmetics\" \/>\n<meta property=\"article:published_time\" content=\"2019-12-26T05:00:00+00:00\" \/>\n<meta property=\"article:modified_time\" content=\"2021-10-19T07:18:36+00:00\" \/>\n<meta property=\"og:image\" content=\"https:\/\/www.bandi.pl\/blog\/wp-content\/uploads\/2019\/12\/jak-dbac-o-cere-po-intensywnych-zabiegach-kosmetycznych.jpg\" \/>\n\t<meta property=\"og:image:width\" content=\"1500\" \/>\n\t<meta property=\"og:image:height\" content=\"1000\" \/>\n\t<meta property=\"og:image:type\" content=\"image\/jpeg\" \/>\n<meta name=\"author\" content=\"BANDI\" \/>\n<meta name=\"twitter:card\" content=\"summary_large_image\" \/>\n<meta name=\"twitter:creator\" content=\"@bandi_cosmetics\" \/>\n<meta name=\"twitter:site\" content=\"@bandi_cosmetics\" \/>\n<meta name=\"twitter:label1\" content=\"Napisane przez\" \/>\n\t<meta name=\"twitter:data1\" content=\"BANDI\" \/>\n\t<meta name=\"twitter:label2\" content=\"Szacowany czas czytania\" \/>\n\t<meta name=\"twitter:data2\" content=\"4 minuty\" \/>\n<script type=\"application\/ld+json\" class=\"yoast-schema-graph\">{\"@context\":\"https:\/\/schema.org\",\"@graph\":[{\"@type\":\"Article\",\"@id\":\"https:\/\/www.bandi.pl\/blog\/jak-dbac-zima-o-cere-po-intensywnych-zabiegach-estetycznych\/#article\",\"isPartOf\":{\"@id\":\"https:\/\/www.bandi.pl\/blog\/jak-dbac-zima-o-cere-po-intensywnych-zabiegach-estetycznych\/\"},\"author\":{\"name\":\"BANDI\",\"@id\":\"https:\/\/www.bandi.pl\/blog\/#\/schema\/person\/6905a8e1379d84df843b078d275c5aea\"},\"headline\":\"Jak dba\u0107 o cer\u0119 po intensywnych zabiegach estetycznych?\",\"datePublished\":\"2019-12-26T05:00:00+00:00\",\"dateModified\":\"2021-10-19T07:18:36+00:00\",\"mainEntityOfPage\":{\"@id\":\"https:\/\/www.bandi.pl\/blog\/jak-dbac-zima-o-cere-po-intensywnych-zabiegach-estetycznych\/\"},\"wordCount\":1001,\"commentCount\":0,\"publisher\":{\"@id\":\"https:\/\/www.bandi.pl\/blog\/#organization\"},\"image\":{\"@id\":\"https:\/\/www.bandi.pl\/blog\/jak-dbac-zima-o-cere-po-intensywnych-zabiegach-estetycznych\/#primaryimage\"},\"thumbnailUrl\":\"https:\/\/www.bandi.pl\/blog\/wp-content\/uploads\/2019\/12\/jak-dbac-o-cere-po-intensywnych-zabiegach-kosmetycznych.jpg\",\"keywords\":[\"domowa piel\u0119gnacja\",\"zabiegi kosmetyczne\"],\"articleSection\":[\"Kamila Padlewska\",\"Piel\u0119gnacja i kosmetyki\"],\"inLanguage\":\"pl-PL\",\"potentialAction\":[{\"@type\":\"CommentAction\",\"name\":\"Comment\",\"target\":[\"https:\/\/www.bandi.pl\/blog\/jak-dbac-zima-o-cere-po-intensywnych-zabiegach-estetycznych\/#respond\"]}]},{\"@type\":\"WebPage\",\"@id\":\"https:\/\/www.bandi.pl\/blog\/jak-dbac-zima-o-cere-po-intensywnych-zabiegach-estetycznych\/\",\"url\":\"https:\/\/www.bandi.pl\/blog\/jak-dbac-zima-o-cere-po-intensywnych-zabiegach-estetycznych\/\",\"name\":\"Jak dba\u0107 o cer\u0119 po intensywnych zabiegach estetycznych? &#187; Blog BANDI\",\"isPartOf\":{\"@id\":\"https:\/\/www.bandi.pl\/blog\/#website\"},\"primaryImageOfPage\":{\"@id\":\"https:\/\/www.bandi.pl\/blog\/jak-dbac-zima-o-cere-po-intensywnych-zabiegach-estetycznych\/#primaryimage\"},\"image\":{\"@id\":\"https:\/\/www.bandi.pl\/blog\/jak-dbac-zima-o-cere-po-intensywnych-zabiegach-estetycznych\/#primaryimage\"},\"thumbnailUrl\":\"https:\/\/www.bandi.pl\/blog\/wp-content\/uploads\/2019\/12\/jak-dbac-o-cere-po-intensywnych-zabiegach-kosmetycznych.jpg\",\"datePublished\":\"2019-12-26T05:00:00+00:00\",\"dateModified\":\"2021-10-19T07:18:36+00:00\",\"description\":\"Korzystasz z intensywnych zabieg\u00f3w estetycznych? Koniecznie przeczytaj porady dermatologa jak piel\u0119gnowa\u0107 cer\u0119 zim\u0105!\",\"breadcrumb\":{\"@id\":\"https:\/\/www.bandi.pl\/blog\/jak-dbac-zima-o-cere-po-intensywnych-zabiegach-estetycznych\/#breadcrumb\"},\"inLanguage\":\"pl-PL\",\"potentialAction\":[{\"@type\":\"ReadAction\",\"target\":[\"https:\/\/www.bandi.pl\/blog\/jak-dbac-zima-o-cere-po-intensywnych-zabiegach-estetycznych\/\"]}]},{\"@type\":\"ImageObject\",\"inLanguage\":\"pl-PL\",\"@id\":\"https:\/\/www.bandi.pl\/blog\/jak-dbac-zima-o-cere-po-intensywnych-zabiegach-estetycznych\/#primaryimage\",\"url\":\"https:\/\/www.bandi.pl\/blog\/wp-content\/uploads\/2019\/12\/jak-dbac-o-cere-po-intensywnych-zabiegach-kosmetycznych.jpg\",\"contentUrl\":\"https:\/\/www.bandi.pl\/blog\/wp-content\/uploads\/2019\/12\/jak-dbac-o-cere-po-intensywnych-zabiegach-kosmetycznych.jpg\",\"width\":1500,\"height\":1000,\"caption\":\"Jak dba\u0107 zim\u0105 o cer\u0119 po intensywnych zabiegach estetycznych? - prof. Kamila Padlewska - Blog BANDI\"},{\"@type\":\"BreadcrumbList\",\"@id\":\"https:\/\/www.bandi.pl\/blog\/jak-dbac-zima-o-cere-po-intensywnych-zabiegach-estetycznych\/#breadcrumb\",\"itemListElement\":[{\"@type\":\"ListItem\",\"position\":1,\"name\":\"BANDI\",\"item\":\"https:\/\/www.bandi.pl\/blog\/\"},{\"@type\":\"ListItem\",\"position\":2,\"name\":\"Jak dba\u0107 o cer\u0119 po intensywnych zabiegach estetycznych?\"}]},{\"@type\":\"WebSite\",\"@id\":\"https:\/\/www.bandi.pl\/blog\/#website\",\"url\":\"https:\/\/www.bandi.pl\/blog\/\",\"name\":\"Blog BANDI\",\"description\":\"Czarno na bia\u0142ym o kosmetykach\",\"publisher\":{\"@id\":\"https:\/\/www.bandi.pl\/blog\/#organization\"},\"potentialAction\":[{\"@type\":\"SearchAction\",\"target\":{\"@type\":\"EntryPoint\",\"urlTemplate\":\"https:\/\/www.bandi.pl\/blog\/?s={search_term_string}\"},\"query-input\":{\"@type\":\"PropertyValueSpecification\",\"valueRequired\":true,\"valueName\":\"search_term_string\"}}],\"inLanguage\":\"pl-PL\"},{\"@type\":\"Organization\",\"@id\":\"https:\/\/www.bandi.pl\/blog\/#organization\",\"name\":\"BANDI\",\"url\":\"https:\/\/www.bandi.pl\/blog\/\",\"logo\":{\"@type\":\"ImageObject\",\"inLanguage\":\"pl-PL\",\"@id\":\"https:\/\/www.bandi.pl\/blog\/#\/schema\/logo\/image\/\",\"url\":\"https:\/\/www.bandi.pl\/blog\/wp-content\/uploads\/2019\/06\/bandi-logo.png\",\"contentUrl\":\"https:\/\/www.bandi.pl\/blog\/wp-content\/uploads\/2019\/06\/bandi-logo.png\",\"width\":264,\"height\":111,\"caption\":\"BANDI\"},\"image\":{\"@id\":\"https:\/\/www.bandi.pl\/blog\/#\/schema\/logo\/image\/\"},\"sameAs\":[\"https:\/\/web.facebook.com\/BANDIcosmetics\",\"https:\/\/x.com\/bandi_cosmetics\",\"https:\/\/www.instagram.com\/bandi_cosmetics\/\",\"https:\/\/www.pinterest.com\/bandicosmetics\/\",\"https:\/\/www.youtube.com\/user\/BandiCosmeticsPolska\"]},{\"@type\":\"Person\",\"@id\":\"https:\/\/www.bandi.pl\/blog\/#\/schema\/person\/6905a8e1379d84df843b078d275c5aea\",\"name\":\"BANDI\",\"sameAs\":[\"https:\/\/www.bandi.pl\/blog\"]}]}<\/script>\n<!-- \/ Yoast SEO plugin. -->","yoast_head_json":{"title":"Jak dba\u0107 o cer\u0119 po intensywnych zabiegach estetycznych? &#187; Blog BANDI","description":"Korzystasz z intensywnych zabieg\u00f3w estetycznych? Koniecznie przeczytaj porady dermatologa jak piel\u0119gnowa\u0107 cer\u0119 zim\u0105!","robots":{"index":"index","follow":"follow","max-snippet":"max-snippet:-1","max-image-preview":"max-image-preview:large","max-video-preview":"max-video-preview:-1"},"canonical":"https:\/\/www.bandi.pl\/blog\/jak-dbac-zima-o-cere-po-intensywnych-zabiegach-estetycznych\/","og_locale":"pl_PL","og_type":"article","og_title":"Jak dba\u0107 o cer\u0119 po intensywnych zabiegach estetycznych? &#187; Blog BANDI","og_description":"Korzystasz z intensywnych zabieg\u00f3w estetycznych? Koniecznie przeczytaj porady dermatologa jak piel\u0119gnowa\u0107 cer\u0119 zim\u0105!","og_url":"https:\/\/www.bandi.pl\/blog\/jak-dbac-zima-o-cere-po-intensywnych-zabiegach-estetycznych\/","og_site_name":"Blog BANDI","article_publisher":"https:\/\/web.facebook.com\/BANDIcosmetics","article_published_time":"2019-12-26T05:00:00+00:00","article_modified_time":"2021-10-19T07:18:36+00:00","og_image":[{"width":1500,"height":1000,"url":"https:\/\/www.bandi.pl\/blog\/wp-content\/uploads\/2019\/12\/jak-dbac-o-cere-po-intensywnych-zabiegach-kosmetycznych.jpg","type":"image\/jpeg"}],"author":"BANDI","twitter_card":"summary_large_image","twitter_creator":"@bandi_cosmetics","twitter_site":"@bandi_cosmetics","twitter_misc":{"Napisane przez":"BANDI","Szacowany czas czytania":"4 minuty"},"schema":{"@context":"https:\/\/schema.org","@graph":[{"@type":"Article","@id":"https:\/\/www.bandi.pl\/blog\/jak-dbac-zima-o-cere-po-intensywnych-zabiegach-estetycznych\/#article","isPartOf":{"@id":"https:\/\/www.bandi.pl\/blog\/jak-dbac-zima-o-cere-po-intensywnych-zabiegach-estetycznych\/"},"author":{"name":"BANDI","@id":"https:\/\/www.bandi.pl\/blog\/#\/schema\/person\/6905a8e1379d84df843b078d275c5aea"},"headline":"Jak dba\u0107 o cer\u0119 po intensywnych zabiegach estetycznych?","datePublished":"2019-12-26T05:00:00+00:00","dateModified":"2021-10-19T07:18:36+00:00","mainEntityOfPage":{"@id":"https:\/\/www.bandi.pl\/blog\/jak-dbac-zima-o-cere-po-intensywnych-zabiegach-estetycznych\/"},"wordCount":1001,"commentCount":0,"publisher":{"@id":"https:\/\/www.bandi.pl\/blog\/#organization"},"image":{"@id":"https:\/\/www.bandi.pl\/blog\/jak-dbac-zima-o-cere-po-intensywnych-zabiegach-estetycznych\/#primaryimage"},"thumbnailUrl":"https:\/\/www.bandi.pl\/blog\/wp-content\/uploads\/2019\/12\/jak-dbac-o-cere-po-intensywnych-zabiegach-kosmetycznych.jpg","keywords":["domowa piel\u0119gnacja","zabiegi kosmetyczne"],"articleSection":["Kamila Padlewska","Piel\u0119gnacja i kosmetyki"],"inLanguage":"pl-PL","potentialAction":[{"@type":"CommentAction","name":"Comment","target":["https:\/\/www.bandi.pl\/blog\/jak-dbac-zima-o-cere-po-intensywnych-zabiegach-estetycznych\/#respond"]}]},{"@type":"WebPage","@id":"https:\/\/www.bandi.pl\/blog\/jak-dbac-zima-o-cere-po-intensywnych-zabiegach-estetycznych\/","url":"https:\/\/www.bandi.pl\/blog\/jak-dbac-zima-o-cere-po-intensywnych-zabiegach-estetycznych\/","name":"Jak dba\u0107 o cer\u0119 po intensywnych zabiegach estetycznych? &#187; Blog BANDI","isPartOf":{"@id":"https:\/\/www.bandi.pl\/blog\/#website"},"primaryImageOfPage":{"@id":"https:\/\/www.bandi.pl\/blog\/jak-dbac-zima-o-cere-po-intensywnych-zabiegach-estetycznych\/#primaryimage"},"image":{"@id":"https:\/\/www.bandi.pl\/blog\/jak-dbac-zima-o-cere-po-intensywnych-zabiegach-estetycznych\/#primaryimage"},"thumbnailUrl":"https:\/\/www.bandi.pl\/blog\/wp-content\/uploads\/2019\/12\/jak-dbac-o-cere-po-intensywnych-zabiegach-kosmetycznych.jpg","datePublished":"2019-12-26T05:00:00+00:00","dateModified":"2021-10-19T07:18:36+00:00","description":"Korzystasz z intensywnych zabieg\u00f3w estetycznych? Koniecznie przeczytaj porady dermatologa jak piel\u0119gnowa\u0107 cer\u0119 zim\u0105!","breadcrumb":{"@id":"https:\/\/www.bandi.pl\/blog\/jak-dbac-zima-o-cere-po-intensywnych-zabiegach-estetycznych\/#breadcrumb"},"inLanguage":"pl-PL","potentialAction":[{"@type":"ReadAction","target":["https:\/\/www.bandi.pl\/blog\/jak-dbac-zima-o-cere-po-intensywnych-zabiegach-estetycznych\/"]}]},{"@type":"ImageObject","inLanguage":"pl-PL","@id":"https:\/\/www.bandi.pl\/blog\/jak-dbac-zima-o-cere-po-intensywnych-zabiegach-estetycznych\/#primaryimage","url":"https:\/\/www.bandi.pl\/blog\/wp-content\/uploads\/2019\/12\/jak-dbac-o-cere-po-intensywnych-zabiegach-kosmetycznych.jpg","contentUrl":"https:\/\/www.bandi.pl\/blog\/wp-content\/uploads\/2019\/12\/jak-dbac-o-cere-po-intensywnych-zabiegach-kosmetycznych.jpg","width":1500,"height":1000,"caption":"Jak dba\u0107 zim\u0105 o cer\u0119 po intensywnych zabiegach estetycznych? - prof. Kamila Padlewska - Blog BANDI"},{"@type":"BreadcrumbList","@id":"https:\/\/www.bandi.pl\/blog\/jak-dbac-zima-o-cere-po-intensywnych-zabiegach-estetycznych\/#breadcrumb","itemListElement":[{"@type":"ListItem","position":1,"name":"BANDI","item":"https:\/\/www.bandi.pl\/blog\/"},{"@type":"ListItem","position":2,"name":"Jak dba\u0107 o cer\u0119 po intensywnych zabiegach estetycznych?"}]},{"@type":"WebSite","@id":"https:\/\/www.bandi.pl\/blog\/#website","url":"https:\/\/www.bandi.pl\/blog\/","name":"Blog BANDI","description":"Czarno na bia\u0142ym o kosmetykach","publisher":{"@id":"https:\/\/www.bandi.pl\/blog\/#organization"},"potentialAction":[{"@type":"SearchAction","target":{"@type":"EntryPoint","urlTemplate":"https:\/\/www.bandi.pl\/blog\/?s={search_term_string}"},"query-input":{"@type":"PropertyValueSpecification","valueRequired":true,"valueName":"search_term_string"}}],"inLanguage":"pl-PL"},{"@type":"Organization","@id":"https:\/\/www.bandi.pl\/blog\/#organization","name":"BANDI","url":"https:\/\/www.bandi.pl\/blog\/","logo":{"@type":"ImageObject","inLanguage":"pl-PL","@id":"https:\/\/www.bandi.pl\/blog\/#\/schema\/logo\/image\/","url":"https:\/\/www.bandi.pl\/blog\/wp-content\/uploads\/2019\/06\/bandi-logo.png","contentUrl":"https:\/\/www.bandi.pl\/blog\/wp-content\/uploads\/2019\/06\/bandi-logo.png","width":264,"height":111,"caption":"BANDI"},"image":{"@id":"https:\/\/www.bandi.pl\/blog\/#\/schema\/logo\/image\/"},"sameAs":["https:\/\/web.facebook.com\/BANDIcosmetics","https:\/\/x.com\/bandi_cosmetics","https:\/\/www.instagram.com\/bandi_cosmetics\/","https:\/\/www.pinterest.com\/bandicosmetics\/","https:\/\/www.youtube.com\/user\/BandiCosmeticsPolska"]},{"@type":"Person","@id":"https:\/\/www.bandi.pl\/blog\/#\/schema\/person\/6905a8e1379d84df843b078d275c5aea","name":"BANDI","sameAs":["https:\/\/www.bandi.pl\/blog"]}]}},"_links":{"self":[{"href":"https:\/\/www.bandi.pl\/blog\/wp-json\/wp\/v2\/posts\/7103","targetHints":{"allow":["GET"]}}],"collection":[{"href":"https:\/\/www.bandi.pl\/blog\/wp-json\/wp\/v2\/posts"}],"about":[{"href":"https:\/\/www.bandi.pl\/blog\/wp-json\/wp\/v2\/types\/post"}],"author":[{"embeddable":true,"href":"https:\/\/www.bandi.pl\/blog\/wp-json\/wp\/v2\/users\/3"}],"replies":[{"embeddable":true,"href":"https:\/\/www.bandi.pl\/blog\/wp-json\/wp\/v2\/comments?post=7103"}],"version-history":[{"count":3,"href":"https:\/\/www.bandi.pl\/blog\/wp-json\/wp\/v2\/posts\/7103\/revisions"}],"predecessor-version":[{"id":12782,"href":"https:\/\/www.bandi.pl\/blog\/wp-json\/wp\/v2\/posts\/7103\/revisions\/12782"}],"wp:featuredmedia":[{"embeddable":true,"href":"https:\/\/www.bandi.pl\/blog\/wp-json\/wp\/v2\/media\/7110"}],"wp:attachment":[{"href":"https:\/\/www.bandi.pl\/blog\/wp-json\/wp\/v2\/media?parent=7103"}],"wp:term":[{"taxonomy":"category","embeddable":true,"href":"https:\/\/www.bandi.pl\/blog\/wp-json\/wp\/v2\/categories?post=7103"},{"taxonomy":"post_tag","embeddable":true,"href":"https:\/\/www.bandi.pl\/blog\/wp-json\/wp\/v2\/tags?post=7103"}],"curies":[{"name":"wp","href":"https:\/\/api.w.org\/{rel}","templated":true}]}}