{"id":6096,"date":"2019-03-16T00:49:00","date_gmt":"2019-03-15T23:49:00","guid":{"rendered":"https:\/\/www.bandi.pl\/blog\/?p=6096"},"modified":"2019-11-21T16:46:47","modified_gmt":"2019-11-21T15:46:47","slug":"cosmoprof-worldwide-bologna-2019","status":"publish","type":"post","link":"https:\/\/www.bandi.pl\/blog\/cosmoprof-worldwide-bologna-2019\/","title":{"rendered":"Cosmoprof Worldwide Bologna 2019"},"content":{"rendered":"\n<p>Wiod\u0105ce targi na ca\u0142ym \u015bwiecie, \u0142\u0105cz\u0105ce wszystkie obszary przemys\u0142u kosmetycznego, od surowc\u00f3w po gotowy produkt. Dlatego nie mog\u0142o nas tam zabrakn\u0105\u0107 \ud83d\ude42 Wzi\u0119li\u015bmy udzia\u0142 w wydarzeniu z siln\u0105 ekip\u0105 targow\u0105, kt\u00f3ra \u015bwietnie poradzi\u0142a sobie z licznymi rozmowami i pytaniami. Ta edycja, jak ka\u017cda by\u0142a inspiruj\u0105ca, motywuj\u0105ca i niezwykle ciekawa. W tym roku swoj\u0105 \u015bwiatow\u0105 premier\u0119 mia\u0142a seria Home Expert oraz produkty do gabinet\u00f3w kosmetycznych. Nowe opakowania i formu\u0142y wzbudzi\u0142y wielkie zainteresowanie w\u015br\u00f3d odwiedzaj\u0105cych. Cieszymy si\u0119, \u017ce mogli\u015bmy go\u015bci\u0107 tak liczne grono potencjalnych klient\u00f3w.<\/p>\n","protected":false},"excerpt":{"rendered":"<p>Wiod\u0105ce targi na ca\u0142ym \u015bwiecie, \u0142\u0105cz\u0105ce wszystkie obszary przemys\u0142u kosmetycznego, od surowc\u00f3w po gotowy produkt. Dlatego nie mog\u0142o nas tam zabrakn\u0105\u0107 \ud83d\ude42 Wzi\u0119li\u015bmy udzia\u0142 w wydarzeniu z siln\u0105 ekip\u0105 targow\u0105, kt\u00f3ra \u015bwietnie poradzi\u0142a sobie z licznymi rozmowami i pytaniami. Ta edycja, jak ka\u017cda by\u0142a inspiruj\u0105ca, motywuj\u0105ca i niezwykle ciekawa. W tym roku swoj\u0105 \u015bwiatow\u0105 premier\u0119 [&hellip;]<\/p>\n","protected":false},"author":3,"featured_media":0,"comment_status":"open","ping_status":"closed","sticky":false,"template":"","format":"standard","meta":{"_et_pb_use_builder":"off","_et_pb_old_content":"","_et_gb_content_width":"","footnotes":""},"categories":[1973,1741],"tags":[32],"class_list":["post-6096","post","type-post","status-publish","format-standard","hentry","category-kategoria-targi-kosmetyczne-szkolenia","category-kategoria-z-zycia-firmy","tag-cosmoprof"],"yoast_head":"<!-- This site is optimized with the Yoast SEO plugin v27.1.1 - https:\/\/yoast.com\/product\/yoast-seo-wordpress\/ -->\n<title>Cosmoprof Worldwide Bologna 2019 &#187; Blog BANDI<\/title>\n<meta name=\"robots\" content=\"index, follow, max-snippet:-1, max-image-preview:large, max-video-preview:-1\" \/>\n<link rel=\"canonical\" href=\"https:\/\/www.bandi.pl\/blog\/cosmoprof-worldwide-bologna-2019\/\" \/>\n<meta property=\"og:locale\" content=\"pl_PL\" \/>\n<meta property=\"og:type\" content=\"article\" \/>\n<meta property=\"og:title\" content=\"Cosmoprof Worldwide Bologna 2019 &#187; Blog BANDI\" \/>\n<meta property=\"og:description\" content=\"Wiod\u0105ce targi na ca\u0142ym \u015bwiecie, \u0142\u0105cz\u0105ce wszystkie obszary przemys\u0142u kosmetycznego, od surowc\u00f3w po gotowy produkt. Dlatego nie mog\u0142o nas tam zabrakn\u0105\u0107 \ud83d\ude42 Wzi\u0119li\u015bmy udzia\u0142 w wydarzeniu z siln\u0105 ekip\u0105 targow\u0105, kt\u00f3ra \u015bwietnie poradzi\u0142a sobie z licznymi rozmowami i pytaniami. Ta edycja, jak ka\u017cda by\u0142a inspiruj\u0105ca, motywuj\u0105ca i niezwykle ciekawa. W tym roku swoj\u0105 \u015bwiatow\u0105 premier\u0119 [&hellip;]\" \/>\n<meta property=\"og:url\" content=\"https:\/\/www.bandi.pl\/blog\/cosmoprof-worldwide-bologna-2019\/\" \/>\n<meta property=\"og:site_name\" content=\"Blog BANDI\" \/>\n<meta property=\"article:publisher\" content=\"https:\/\/web.facebook.com\/BANDIcosmetics\" \/>\n<meta property=\"article:published_time\" content=\"2019-03-15T23:49:00+00:00\" \/>\n<meta property=\"article:modified_time\" content=\"2019-11-21T15:46:47+00:00\" \/>\n<meta property=\"og:image\" content=\"https:\/\/www.bandi.pl\/blog\/wp-content\/uploads\/2019\/06\/bandi-logo.png\" \/>\n\t<meta property=\"og:image:width\" content=\"264\" \/>\n\t<meta property=\"og:image:height\" content=\"111\" \/>\n\t<meta property=\"og:image:type\" content=\"image\/png\" \/>\n<meta name=\"author\" content=\"BANDI\" \/>\n<meta name=\"twitter:card\" content=\"summary_large_image\" \/>\n<meta name=\"twitter:creator\" content=\"@bandi_cosmetics\" \/>\n<meta name=\"twitter:site\" content=\"@bandi_cosmetics\" \/>\n<meta name=\"twitter:label1\" content=\"Napisane przez\" \/>\n\t<meta name=\"twitter:data1\" content=\"BANDI\" \/>\n\t<meta name=\"twitter:label2\" content=\"Szacowany czas czytania\" \/>\n\t<meta name=\"twitter:data2\" content=\"1 minuta\" \/>\n<script type=\"application\/ld+json\" class=\"yoast-schema-graph\">{\"@context\":\"https:\/\/schema.org\",\"@graph\":[{\"@type\":\"Article\",\"@id\":\"https:\/\/www.bandi.pl\/blog\/cosmoprof-worldwide-bologna-2019\/#article\",\"isPartOf\":{\"@id\":\"https:\/\/www.bandi.pl\/blog\/cosmoprof-worldwide-bologna-2019\/\"},\"author\":{\"name\":\"BANDI\",\"@id\":\"https:\/\/www.bandi.pl\/blog\/#\/schema\/person\/6905a8e1379d84df843b078d275c5aea\"},\"headline\":\"Cosmoprof Worldwide Bologna 2019\",\"datePublished\":\"2019-03-15T23:49:00+00:00\",\"dateModified\":\"2019-11-21T15:46:47+00:00\",\"mainEntityOfPage\":{\"@id\":\"https:\/\/www.bandi.pl\/blog\/cosmoprof-worldwide-bologna-2019\/\"},\"wordCount\":109,\"commentCount\":0,\"publisher\":{\"@id\":\"https:\/\/www.bandi.pl\/blog\/#organization\"},\"keywords\":[\"Cosmoprof\"],\"articleSection\":[\"Targi kosmetyczne, szkolenia...\",\"Z \u017cycia firmy\"],\"inLanguage\":\"pl-PL\",\"potentialAction\":[{\"@type\":\"CommentAction\",\"name\":\"Comment\",\"target\":[\"https:\/\/www.bandi.pl\/blog\/cosmoprof-worldwide-bologna-2019\/#respond\"]}]},{\"@type\":\"WebPage\",\"@id\":\"https:\/\/www.bandi.pl\/blog\/cosmoprof-worldwide-bologna-2019\/\",\"url\":\"https:\/\/www.bandi.pl\/blog\/cosmoprof-worldwide-bologna-2019\/\",\"name\":\"Cosmoprof Worldwide Bologna 2019 &#187; Blog BANDI\",\"isPartOf\":{\"@id\":\"https:\/\/www.bandi.pl\/blog\/#website\"},\"datePublished\":\"2019-03-15T23:49:00+00:00\",\"dateModified\":\"2019-11-21T15:46:47+00:00\",\"breadcrumb\":{\"@id\":\"https:\/\/www.bandi.pl\/blog\/cosmoprof-worldwide-bologna-2019\/#breadcrumb\"},\"inLanguage\":\"pl-PL\",\"potentialAction\":[{\"@type\":\"ReadAction\",\"target\":[\"https:\/\/www.bandi.pl\/blog\/cosmoprof-worldwide-bologna-2019\/\"]}]},{\"@type\":\"BreadcrumbList\",\"@id\":\"https:\/\/www.bandi.pl\/blog\/cosmoprof-worldwide-bologna-2019\/#breadcrumb\",\"itemListElement\":[{\"@type\":\"ListItem\",\"position\":1,\"name\":\"BANDI\",\"item\":\"https:\/\/www.bandi.pl\/blog\/\"},{\"@type\":\"ListItem\",\"position\":2,\"name\":\"Cosmoprof Worldwide Bologna 2019\"}]},{\"@type\":\"WebSite\",\"@id\":\"https:\/\/www.bandi.pl\/blog\/#website\",\"url\":\"https:\/\/www.bandi.pl\/blog\/\",\"name\":\"Blog BANDI\",\"description\":\"Czarno na bia\u0142ym o kosmetykach\",\"publisher\":{\"@id\":\"https:\/\/www.bandi.pl\/blog\/#organization\"},\"potentialAction\":[{\"@type\":\"SearchAction\",\"target\":{\"@type\":\"EntryPoint\",\"urlTemplate\":\"https:\/\/www.bandi.pl\/blog\/?s={search_term_string}\"},\"query-input\":{\"@type\":\"PropertyValueSpecification\",\"valueRequired\":true,\"valueName\":\"search_term_string\"}}],\"inLanguage\":\"pl-PL\"},{\"@type\":\"Organization\",\"@id\":\"https:\/\/www.bandi.pl\/blog\/#organization\",\"name\":\"BANDI\",\"url\":\"https:\/\/www.bandi.pl\/blog\/\",\"logo\":{\"@type\":\"ImageObject\",\"inLanguage\":\"pl-PL\",\"@id\":\"https:\/\/www.bandi.pl\/blog\/#\/schema\/logo\/image\/\",\"url\":\"https:\/\/www.bandi.pl\/blog\/wp-content\/uploads\/2019\/06\/bandi-logo.png\",\"contentUrl\":\"https:\/\/www.bandi.pl\/blog\/wp-content\/uploads\/2019\/06\/bandi-logo.png\",\"width\":264,\"height\":111,\"caption\":\"BANDI\"},\"image\":{\"@id\":\"https:\/\/www.bandi.pl\/blog\/#\/schema\/logo\/image\/\"},\"sameAs\":[\"https:\/\/web.facebook.com\/BANDIcosmetics\",\"https:\/\/x.com\/bandi_cosmetics\",\"https:\/\/www.instagram.com\/bandi_cosmetics\/\",\"https:\/\/www.pinterest.com\/bandicosmetics\/\",\"https:\/\/www.youtube.com\/user\/BandiCosmeticsPolska\"]},{\"@type\":\"Person\",\"@id\":\"https:\/\/www.bandi.pl\/blog\/#\/schema\/person\/6905a8e1379d84df843b078d275c5aea\",\"name\":\"BANDI\",\"sameAs\":[\"https:\/\/www.bandi.pl\/blog\"]}]}<\/script>\n<!-- \/ Yoast SEO plugin. -->","yoast_head_json":{"title":"Cosmoprof Worldwide Bologna 2019 &#187; Blog BANDI","robots":{"index":"index","follow":"follow","max-snippet":"max-snippet:-1","max-image-preview":"max-image-preview:large","max-video-preview":"max-video-preview:-1"},"canonical":"https:\/\/www.bandi.pl\/blog\/cosmoprof-worldwide-bologna-2019\/","og_locale":"pl_PL","og_type":"article","og_title":"Cosmoprof Worldwide Bologna 2019 &#187; Blog BANDI","og_description":"Wiod\u0105ce targi na ca\u0142ym \u015bwiecie, \u0142\u0105cz\u0105ce wszystkie obszary przemys\u0142u kosmetycznego, od surowc\u00f3w po gotowy produkt. Dlatego nie mog\u0142o nas tam zabrakn\u0105\u0107 \ud83d\ude42 Wzi\u0119li\u015bmy udzia\u0142 w wydarzeniu z siln\u0105 ekip\u0105 targow\u0105, kt\u00f3ra \u015bwietnie poradzi\u0142a sobie z licznymi rozmowami i pytaniami. Ta edycja, jak ka\u017cda by\u0142a inspiruj\u0105ca, motywuj\u0105ca i niezwykle ciekawa. W tym roku swoj\u0105 \u015bwiatow\u0105 premier\u0119 [&hellip;]","og_url":"https:\/\/www.bandi.pl\/blog\/cosmoprof-worldwide-bologna-2019\/","og_site_name":"Blog BANDI","article_publisher":"https:\/\/web.facebook.com\/BANDIcosmetics","article_published_time":"2019-03-15T23:49:00+00:00","article_modified_time":"2019-11-21T15:46:47+00:00","og_image":[{"width":264,"height":111,"url":"https:\/\/www.bandi.pl\/blog\/wp-content\/uploads\/2019\/06\/bandi-logo.png","type":"image\/png"}],"author":"BANDI","twitter_card":"summary_large_image","twitter_creator":"@bandi_cosmetics","twitter_site":"@bandi_cosmetics","twitter_misc":{"Napisane przez":"BANDI","Szacowany czas czytania":"1 minuta"},"schema":{"@context":"https:\/\/schema.org","@graph":[{"@type":"Article","@id":"https:\/\/www.bandi.pl\/blog\/cosmoprof-worldwide-bologna-2019\/#article","isPartOf":{"@id":"https:\/\/www.bandi.pl\/blog\/cosmoprof-worldwide-bologna-2019\/"},"author":{"name":"BANDI","@id":"https:\/\/www.bandi.pl\/blog\/#\/schema\/person\/6905a8e1379d84df843b078d275c5aea"},"headline":"Cosmoprof Worldwide Bologna 2019","datePublished":"2019-03-15T23:49:00+00:00","dateModified":"2019-11-21T15:46:47+00:00","mainEntityOfPage":{"@id":"https:\/\/www.bandi.pl\/blog\/cosmoprof-worldwide-bologna-2019\/"},"wordCount":109,"commentCount":0,"publisher":{"@id":"https:\/\/www.bandi.pl\/blog\/#organization"},"keywords":["Cosmoprof"],"articleSection":["Targi kosmetyczne, szkolenia...","Z \u017cycia firmy"],"inLanguage":"pl-PL","potentialAction":[{"@type":"CommentAction","name":"Comment","target":["https:\/\/www.bandi.pl\/blog\/cosmoprof-worldwide-bologna-2019\/#respond"]}]},{"@type":"WebPage","@id":"https:\/\/www.bandi.pl\/blog\/cosmoprof-worldwide-bologna-2019\/","url":"https:\/\/www.bandi.pl\/blog\/cosmoprof-worldwide-bologna-2019\/","name":"Cosmoprof Worldwide Bologna 2019 &#187; Blog BANDI","isPartOf":{"@id":"https:\/\/www.bandi.pl\/blog\/#website"},"datePublished":"2019-03-15T23:49:00+00:00","dateModified":"2019-11-21T15:46:47+00:00","breadcrumb":{"@id":"https:\/\/www.bandi.pl\/blog\/cosmoprof-worldwide-bologna-2019\/#breadcrumb"},"inLanguage":"pl-PL","potentialAction":[{"@type":"ReadAction","target":["https:\/\/www.bandi.pl\/blog\/cosmoprof-worldwide-bologna-2019\/"]}]},{"@type":"BreadcrumbList","@id":"https:\/\/www.bandi.pl\/blog\/cosmoprof-worldwide-bologna-2019\/#breadcrumb","itemListElement":[{"@type":"ListItem","position":1,"name":"BANDI","item":"https:\/\/www.bandi.pl\/blog\/"},{"@type":"ListItem","position":2,"name":"Cosmoprof Worldwide Bologna 2019"}]},{"@type":"WebSite","@id":"https:\/\/www.bandi.pl\/blog\/#website","url":"https:\/\/www.bandi.pl\/blog\/","name":"Blog BANDI","description":"Czarno na bia\u0142ym o kosmetykach","publisher":{"@id":"https:\/\/www.bandi.pl\/blog\/#organization"},"potentialAction":[{"@type":"SearchAction","target":{"@type":"EntryPoint","urlTemplate":"https:\/\/www.bandi.pl\/blog\/?s={search_term_string}"},"query-input":{"@type":"PropertyValueSpecification","valueRequired":true,"valueName":"search_term_string"}}],"inLanguage":"pl-PL"},{"@type":"Organization","@id":"https:\/\/www.bandi.pl\/blog\/#organization","name":"BANDI","url":"https:\/\/www.bandi.pl\/blog\/","logo":{"@type":"ImageObject","inLanguage":"pl-PL","@id":"https:\/\/www.bandi.pl\/blog\/#\/schema\/logo\/image\/","url":"https:\/\/www.bandi.pl\/blog\/wp-content\/uploads\/2019\/06\/bandi-logo.png","contentUrl":"https:\/\/www.bandi.pl\/blog\/wp-content\/uploads\/2019\/06\/bandi-logo.png","width":264,"height":111,"caption":"BANDI"},"image":{"@id":"https:\/\/www.bandi.pl\/blog\/#\/schema\/logo\/image\/"},"sameAs":["https:\/\/web.facebook.com\/BANDIcosmetics","https:\/\/x.com\/bandi_cosmetics","https:\/\/www.instagram.com\/bandi_cosmetics\/","https:\/\/www.pinterest.com\/bandicosmetics\/","https:\/\/www.youtube.com\/user\/BandiCosmeticsPolska"]},{"@type":"Person","@id":"https:\/\/www.bandi.pl\/blog\/#\/schema\/person\/6905a8e1379d84df843b078d275c5aea","name":"BANDI","sameAs":["https:\/\/www.bandi.pl\/blog"]}]}},"_links":{"self":[{"href":"https:\/\/www.bandi.pl\/blog\/wp-json\/wp\/v2\/posts\/6096","targetHints":{"allow":["GET"]}}],"collection":[{"href":"https:\/\/www.bandi.pl\/blog\/wp-json\/wp\/v2\/posts"}],"about":[{"href":"https:\/\/www.bandi.pl\/blog\/wp-json\/wp\/v2\/types\/post"}],"author":[{"embeddable":true,"href":"https:\/\/www.bandi.pl\/blog\/wp-json\/wp\/v2\/users\/3"}],"replies":[{"embeddable":true,"href":"https:\/\/www.bandi.pl\/blog\/wp-json\/wp\/v2\/comments?post=6096"}],"version-history":[{"count":1,"href":"https:\/\/www.bandi.pl\/blog\/wp-json\/wp\/v2\/posts\/6096\/revisions"}],"predecessor-version":[{"id":6097,"href":"https:\/\/www.bandi.pl\/blog\/wp-json\/wp\/v2\/posts\/6096\/revisions\/6097"}],"wp:attachment":[{"href":"https:\/\/www.bandi.pl\/blog\/wp-json\/wp\/v2\/media?parent=6096"}],"wp:term":[{"taxonomy":"category","embeddable":true,"href":"https:\/\/www.bandi.pl\/blog\/wp-json\/wp\/v2\/categories?post=6096"},{"taxonomy":"post_tag","embeddable":true,"href":"https:\/\/www.bandi.pl\/blog\/wp-json\/wp\/v2\/tags?post=6096"}],"curies":[{"name":"wp","href":"https:\/\/api.w.org\/{rel}","templated":true}]}}