{"id":5961,"date":"2018-11-19T19:20:00","date_gmt":"2018-11-19T18:20:00","guid":{"rendered":"https:\/\/www.bandi.pl\/blog\/?p=5961"},"modified":"2019-11-21T16:46:48","modified_gmt":"2019-11-21T15:46:48","slug":"targi-ekocuda","status":"publish","type":"post","link":"https:\/\/www.bandi.pl\/blog\/targi-ekocuda\/","title":{"rendered":"Targi Ekocuda"},"content":{"rendered":"\n<p>17 listopada rozpocz\u0119\u0142a si\u0119 dla nas nowa przygoda\u2026<\/p>\n\n\n\n<p>Po raz pierwszy wzi\u0119li\u015bmy udzia\u0142 w targach EKOCUDA w Warszawie! Nasze stoisko zachwyca\u0142o wszystkich uczestnik\u00f3w. Linia Eco Friendly Care zosta\u0142a<br> bardzo pozytywnie odebrana. Podczas targ\u00f3w towarzyszy\u0142 nam kosmetolog, kt\u00f3ry ka\u017cdej zainteresowanej osobie, t\u0142umaczy\u0142 dzia\u0142anie ekoceutyk\u00f3w!<\/p>\n\n\n\n<p>Bardzo wszystkim dzi\u0119kujemy za tak liczne odwiedziny!<\/p>\n","protected":false},"excerpt":{"rendered":"<p>17 listopada rozpocz\u0119\u0142a si\u0119 dla nas nowa przygoda\u2026 Po raz pierwszy wzi\u0119li\u015bmy udzia\u0142 w targach EKOCUDA w Warszawie! Nasze stoisko zachwyca\u0142o wszystkich uczestnik\u00f3w. Linia Eco Friendly Care zosta\u0142a bardzo pozytywnie odebrana. Podczas targ\u00f3w towarzyszy\u0142 nam kosmetolog, kt\u00f3ry ka\u017cdej zainteresowanej osobie, t\u0142umaczy\u0142 dzia\u0142anie ekoceutyk\u00f3w! Bardzo wszystkim dzi\u0119kujemy za tak liczne odwiedziny!<\/p>\n","protected":false},"author":3,"featured_media":0,"comment_status":"open","ping_status":"closed","sticky":false,"template":"","format":"standard","meta":{"_et_pb_use_builder":"off","_et_pb_old_content":"","_et_gb_content_width":"","footnotes":""},"categories":[2055,1973],"tags":[],"class_list":["post-5961","post","type-post","status-publish","format-standard","hentry","category-bandi","category-kategoria-targi-kosmetyczne-szkolenia"],"yoast_head":"<!-- This site is optimized with the Yoast SEO plugin v27.1.1 - https:\/\/yoast.com\/product\/yoast-seo-wordpress\/ -->\n<title>Targi Ekocuda &#187; Blog BANDI<\/title>\n<meta name=\"robots\" content=\"index, follow, max-snippet:-1, max-image-preview:large, max-video-preview:-1\" \/>\n<link rel=\"canonical\" href=\"https:\/\/www.bandi.pl\/blog\/targi-ekocuda\/\" \/>\n<meta property=\"og:locale\" content=\"pl_PL\" \/>\n<meta property=\"og:type\" content=\"article\" \/>\n<meta property=\"og:title\" content=\"Targi Ekocuda &#187; Blog BANDI\" \/>\n<meta property=\"og:description\" content=\"17 listopada rozpocz\u0119\u0142a si\u0119 dla nas nowa przygoda\u2026 Po raz pierwszy wzi\u0119li\u015bmy udzia\u0142 w targach EKOCUDA w Warszawie! Nasze stoisko zachwyca\u0142o wszystkich uczestnik\u00f3w. Linia Eco Friendly Care zosta\u0142a bardzo pozytywnie odebrana. Podczas targ\u00f3w towarzyszy\u0142 nam kosmetolog, kt\u00f3ry ka\u017cdej zainteresowanej osobie, t\u0142umaczy\u0142 dzia\u0142anie ekoceutyk\u00f3w! Bardzo wszystkim dzi\u0119kujemy za tak liczne odwiedziny!\" \/>\n<meta property=\"og:url\" content=\"https:\/\/www.bandi.pl\/blog\/targi-ekocuda\/\" \/>\n<meta property=\"og:site_name\" content=\"Blog BANDI\" \/>\n<meta property=\"article:publisher\" content=\"https:\/\/web.facebook.com\/BANDIcosmetics\" \/>\n<meta property=\"article:published_time\" content=\"2018-11-19T18:20:00+00:00\" \/>\n<meta property=\"article:modified_time\" content=\"2019-11-21T15:46:48+00:00\" \/>\n<meta property=\"og:image\" content=\"https:\/\/www.bandi.pl\/blog\/wp-content\/uploads\/2019\/06\/bandi-logo.png\" \/>\n\t<meta property=\"og:image:width\" content=\"264\" \/>\n\t<meta property=\"og:image:height\" content=\"111\" \/>\n\t<meta property=\"og:image:type\" content=\"image\/png\" \/>\n<meta name=\"author\" content=\"BANDI\" \/>\n<meta name=\"twitter:card\" content=\"summary_large_image\" \/>\n<meta name=\"twitter:creator\" content=\"@bandi_cosmetics\" \/>\n<meta name=\"twitter:site\" content=\"@bandi_cosmetics\" \/>\n<meta name=\"twitter:label1\" content=\"Napisane przez\" \/>\n\t<meta name=\"twitter:data1\" content=\"BANDI\" \/>\n<script type=\"application\/ld+json\" class=\"yoast-schema-graph\">{\"@context\":\"https:\/\/schema.org\",\"@graph\":[{\"@type\":\"Article\",\"@id\":\"https:\/\/www.bandi.pl\/blog\/targi-ekocuda\/#article\",\"isPartOf\":{\"@id\":\"https:\/\/www.bandi.pl\/blog\/targi-ekocuda\/\"},\"author\":{\"name\":\"BANDI\",\"@id\":\"https:\/\/www.bandi.pl\/blog\/#\/schema\/person\/6905a8e1379d84df843b078d275c5aea\"},\"headline\":\"Targi Ekocuda\",\"datePublished\":\"2018-11-19T18:20:00+00:00\",\"dateModified\":\"2019-11-21T15:46:48+00:00\",\"mainEntityOfPage\":{\"@id\":\"https:\/\/www.bandi.pl\/blog\/targi-ekocuda\/\"},\"wordCount\":64,\"commentCount\":0,\"publisher\":{\"@id\":\"https:\/\/www.bandi.pl\/blog\/#organization\"},\"articleSection\":[\"BANDI\",\"Targi kosmetyczne, szkolenia...\"],\"inLanguage\":\"pl-PL\",\"potentialAction\":[{\"@type\":\"CommentAction\",\"name\":\"Comment\",\"target\":[\"https:\/\/www.bandi.pl\/blog\/targi-ekocuda\/#respond\"]}]},{\"@type\":\"WebPage\",\"@id\":\"https:\/\/www.bandi.pl\/blog\/targi-ekocuda\/\",\"url\":\"https:\/\/www.bandi.pl\/blog\/targi-ekocuda\/\",\"name\":\"Targi Ekocuda &#187; Blog BANDI\",\"isPartOf\":{\"@id\":\"https:\/\/www.bandi.pl\/blog\/#website\"},\"datePublished\":\"2018-11-19T18:20:00+00:00\",\"dateModified\":\"2019-11-21T15:46:48+00:00\",\"breadcrumb\":{\"@id\":\"https:\/\/www.bandi.pl\/blog\/targi-ekocuda\/#breadcrumb\"},\"inLanguage\":\"pl-PL\",\"potentialAction\":[{\"@type\":\"ReadAction\",\"target\":[\"https:\/\/www.bandi.pl\/blog\/targi-ekocuda\/\"]}]},{\"@type\":\"BreadcrumbList\",\"@id\":\"https:\/\/www.bandi.pl\/blog\/targi-ekocuda\/#breadcrumb\",\"itemListElement\":[{\"@type\":\"ListItem\",\"position\":1,\"name\":\"BANDI\",\"item\":\"https:\/\/www.bandi.pl\/blog\/\"},{\"@type\":\"ListItem\",\"position\":2,\"name\":\"Targi Ekocuda\"}]},{\"@type\":\"WebSite\",\"@id\":\"https:\/\/www.bandi.pl\/blog\/#website\",\"url\":\"https:\/\/www.bandi.pl\/blog\/\",\"name\":\"Blog BANDI\",\"description\":\"Czarno na bia\u0142ym o kosmetykach\",\"publisher\":{\"@id\":\"https:\/\/www.bandi.pl\/blog\/#organization\"},\"potentialAction\":[{\"@type\":\"SearchAction\",\"target\":{\"@type\":\"EntryPoint\",\"urlTemplate\":\"https:\/\/www.bandi.pl\/blog\/?s={search_term_string}\"},\"query-input\":{\"@type\":\"PropertyValueSpecification\",\"valueRequired\":true,\"valueName\":\"search_term_string\"}}],\"inLanguage\":\"pl-PL\"},{\"@type\":\"Organization\",\"@id\":\"https:\/\/www.bandi.pl\/blog\/#organization\",\"name\":\"BANDI\",\"url\":\"https:\/\/www.bandi.pl\/blog\/\",\"logo\":{\"@type\":\"ImageObject\",\"inLanguage\":\"pl-PL\",\"@id\":\"https:\/\/www.bandi.pl\/blog\/#\/schema\/logo\/image\/\",\"url\":\"https:\/\/www.bandi.pl\/blog\/wp-content\/uploads\/2019\/06\/bandi-logo.png\",\"contentUrl\":\"https:\/\/www.bandi.pl\/blog\/wp-content\/uploads\/2019\/06\/bandi-logo.png\",\"width\":264,\"height\":111,\"caption\":\"BANDI\"},\"image\":{\"@id\":\"https:\/\/www.bandi.pl\/blog\/#\/schema\/logo\/image\/\"},\"sameAs\":[\"https:\/\/web.facebook.com\/BANDIcosmetics\",\"https:\/\/x.com\/bandi_cosmetics\",\"https:\/\/www.instagram.com\/bandi_cosmetics\/\",\"https:\/\/www.pinterest.com\/bandicosmetics\/\",\"https:\/\/www.youtube.com\/user\/BandiCosmeticsPolska\"]},{\"@type\":\"Person\",\"@id\":\"https:\/\/www.bandi.pl\/blog\/#\/schema\/person\/6905a8e1379d84df843b078d275c5aea\",\"name\":\"BANDI\",\"sameAs\":[\"https:\/\/www.bandi.pl\/blog\"]}]}<\/script>\n<!-- \/ Yoast SEO plugin. -->","yoast_head_json":{"title":"Targi Ekocuda &#187; Blog BANDI","robots":{"index":"index","follow":"follow","max-snippet":"max-snippet:-1","max-image-preview":"max-image-preview:large","max-video-preview":"max-video-preview:-1"},"canonical":"https:\/\/www.bandi.pl\/blog\/targi-ekocuda\/","og_locale":"pl_PL","og_type":"article","og_title":"Targi Ekocuda &#187; Blog BANDI","og_description":"17 listopada rozpocz\u0119\u0142a si\u0119 dla nas nowa przygoda\u2026 Po raz pierwszy wzi\u0119li\u015bmy udzia\u0142 w targach EKOCUDA w Warszawie! Nasze stoisko zachwyca\u0142o wszystkich uczestnik\u00f3w. Linia Eco Friendly Care zosta\u0142a bardzo pozytywnie odebrana. Podczas targ\u00f3w towarzyszy\u0142 nam kosmetolog, kt\u00f3ry ka\u017cdej zainteresowanej osobie, t\u0142umaczy\u0142 dzia\u0142anie ekoceutyk\u00f3w! Bardzo wszystkim dzi\u0119kujemy za tak liczne odwiedziny!","og_url":"https:\/\/www.bandi.pl\/blog\/targi-ekocuda\/","og_site_name":"Blog BANDI","article_publisher":"https:\/\/web.facebook.com\/BANDIcosmetics","article_published_time":"2018-11-19T18:20:00+00:00","article_modified_time":"2019-11-21T15:46:48+00:00","og_image":[{"width":264,"height":111,"url":"https:\/\/www.bandi.pl\/blog\/wp-content\/uploads\/2019\/06\/bandi-logo.png","type":"image\/png"}],"author":"BANDI","twitter_card":"summary_large_image","twitter_creator":"@bandi_cosmetics","twitter_site":"@bandi_cosmetics","twitter_misc":{"Napisane przez":"BANDI"},"schema":{"@context":"https:\/\/schema.org","@graph":[{"@type":"Article","@id":"https:\/\/www.bandi.pl\/blog\/targi-ekocuda\/#article","isPartOf":{"@id":"https:\/\/www.bandi.pl\/blog\/targi-ekocuda\/"},"author":{"name":"BANDI","@id":"https:\/\/www.bandi.pl\/blog\/#\/schema\/person\/6905a8e1379d84df843b078d275c5aea"},"headline":"Targi Ekocuda","datePublished":"2018-11-19T18:20:00+00:00","dateModified":"2019-11-21T15:46:48+00:00","mainEntityOfPage":{"@id":"https:\/\/www.bandi.pl\/blog\/targi-ekocuda\/"},"wordCount":64,"commentCount":0,"publisher":{"@id":"https:\/\/www.bandi.pl\/blog\/#organization"},"articleSection":["BANDI","Targi kosmetyczne, szkolenia..."],"inLanguage":"pl-PL","potentialAction":[{"@type":"CommentAction","name":"Comment","target":["https:\/\/www.bandi.pl\/blog\/targi-ekocuda\/#respond"]}]},{"@type":"WebPage","@id":"https:\/\/www.bandi.pl\/blog\/targi-ekocuda\/","url":"https:\/\/www.bandi.pl\/blog\/targi-ekocuda\/","name":"Targi Ekocuda &#187; Blog BANDI","isPartOf":{"@id":"https:\/\/www.bandi.pl\/blog\/#website"},"datePublished":"2018-11-19T18:20:00+00:00","dateModified":"2019-11-21T15:46:48+00:00","breadcrumb":{"@id":"https:\/\/www.bandi.pl\/blog\/targi-ekocuda\/#breadcrumb"},"inLanguage":"pl-PL","potentialAction":[{"@type":"ReadAction","target":["https:\/\/www.bandi.pl\/blog\/targi-ekocuda\/"]}]},{"@type":"BreadcrumbList","@id":"https:\/\/www.bandi.pl\/blog\/targi-ekocuda\/#breadcrumb","itemListElement":[{"@type":"ListItem","position":1,"name":"BANDI","item":"https:\/\/www.bandi.pl\/blog\/"},{"@type":"ListItem","position":2,"name":"Targi Ekocuda"}]},{"@type":"WebSite","@id":"https:\/\/www.bandi.pl\/blog\/#website","url":"https:\/\/www.bandi.pl\/blog\/","name":"Blog BANDI","description":"Czarno na bia\u0142ym o kosmetykach","publisher":{"@id":"https:\/\/www.bandi.pl\/blog\/#organization"},"potentialAction":[{"@type":"SearchAction","target":{"@type":"EntryPoint","urlTemplate":"https:\/\/www.bandi.pl\/blog\/?s={search_term_string}"},"query-input":{"@type":"PropertyValueSpecification","valueRequired":true,"valueName":"search_term_string"}}],"inLanguage":"pl-PL"},{"@type":"Organization","@id":"https:\/\/www.bandi.pl\/blog\/#organization","name":"BANDI","url":"https:\/\/www.bandi.pl\/blog\/","logo":{"@type":"ImageObject","inLanguage":"pl-PL","@id":"https:\/\/www.bandi.pl\/blog\/#\/schema\/logo\/image\/","url":"https:\/\/www.bandi.pl\/blog\/wp-content\/uploads\/2019\/06\/bandi-logo.png","contentUrl":"https:\/\/www.bandi.pl\/blog\/wp-content\/uploads\/2019\/06\/bandi-logo.png","width":264,"height":111,"caption":"BANDI"},"image":{"@id":"https:\/\/www.bandi.pl\/blog\/#\/schema\/logo\/image\/"},"sameAs":["https:\/\/web.facebook.com\/BANDIcosmetics","https:\/\/x.com\/bandi_cosmetics","https:\/\/www.instagram.com\/bandi_cosmetics\/","https:\/\/www.pinterest.com\/bandicosmetics\/","https:\/\/www.youtube.com\/user\/BandiCosmeticsPolska"]},{"@type":"Person","@id":"https:\/\/www.bandi.pl\/blog\/#\/schema\/person\/6905a8e1379d84df843b078d275c5aea","name":"BANDI","sameAs":["https:\/\/www.bandi.pl\/blog"]}]}},"_links":{"self":[{"href":"https:\/\/www.bandi.pl\/blog\/wp-json\/wp\/v2\/posts\/5961","targetHints":{"allow":["GET"]}}],"collection":[{"href":"https:\/\/www.bandi.pl\/blog\/wp-json\/wp\/v2\/posts"}],"about":[{"href":"https:\/\/www.bandi.pl\/blog\/wp-json\/wp\/v2\/types\/post"}],"author":[{"embeddable":true,"href":"https:\/\/www.bandi.pl\/blog\/wp-json\/wp\/v2\/users\/3"}],"replies":[{"embeddable":true,"href":"https:\/\/www.bandi.pl\/blog\/wp-json\/wp\/v2\/comments?post=5961"}],"version-history":[{"count":1,"href":"https:\/\/www.bandi.pl\/blog\/wp-json\/wp\/v2\/posts\/5961\/revisions"}],"predecessor-version":[{"id":5962,"href":"https:\/\/www.bandi.pl\/blog\/wp-json\/wp\/v2\/posts\/5961\/revisions\/5962"}],"wp:attachment":[{"href":"https:\/\/www.bandi.pl\/blog\/wp-json\/wp\/v2\/media?parent=5961"}],"wp:term":[{"taxonomy":"category","embeddable":true,"href":"https:\/\/www.bandi.pl\/blog\/wp-json\/wp\/v2\/categories?post=5961"},{"taxonomy":"post_tag","embeddable":true,"href":"https:\/\/www.bandi.pl\/blog\/wp-json\/wp\/v2\/tags?post=5961"}],"curies":[{"name":"wp","href":"https:\/\/api.w.org\/{rel}","templated":true}]}}