{"id":5955,"date":"2018-10-22T19:05:00","date_gmt":"2018-10-22T17:05:00","guid":{"rendered":"https:\/\/www.bandi.pl\/blog\/?p=5955"},"modified":"2019-11-21T16:47:15","modified_gmt":"2019-11-21T15:47:15","slug":"miedzynarodowe-targi-ksiazki","status":"publish","type":"post","link":"https:\/\/www.bandi.pl\/blog\/miedzynarodowe-targi-ksiazki\/","title":{"rendered":"Mi\u0119dzynarodowe targi ksi\u0105\u017cki"},"content":{"rendered":"\n<p>18 pa\u017adziernika w Krakowie odby\u0142y si\u0119 Mi\u0119dzynarodowe Targi Ksi\u0105\u017cki, kt\u00f3rych nie mogli\u015bmy przegapi\u0107!<\/p>\n\n\n\n<p>Zastanawiacie si\u0119 co firma kosmetyczna robi\u0142a na tego typu targach? Wydanie ksi\u0105\u017cki pt. &#8222;Dow\u00f3d dojrza\u0142o\u015bci&#8221; to fina\u0142 naszego projektu CSR #czytamydlamamy. Jeste\u015bmy wszystkim bardzo wdzi\u0119czni za zainteresowanie akcj\u0105, oraz za zakup ksi\u0105\u017cek i audiobook\u00f3w. Jako organizator akcji, wszystkie pieni\u0105dze ze sprzeda\u017cy przekazujemy na konto fundacji Po Drugie!<\/p>\n","protected":false},"excerpt":{"rendered":"<p>18 pa\u017adziernika w Krakowie odby\u0142y si\u0119 Mi\u0119dzynarodowe Targi Ksi\u0105\u017cki, kt\u00f3rych nie mogli\u015bmy przegapi\u0107! Zastanawiacie si\u0119 co firma kosmetyczna robi\u0142a na tego typu targach? Wydanie ksi\u0105\u017cki pt. &#8222;Dow\u00f3d dojrza\u0142o\u015bci&#8221; to fina\u0142 naszego projektu CSR #czytamydlamamy. Jeste\u015bmy wszystkim bardzo wdzi\u0119czni za zainteresowanie akcj\u0105, oraz za zakup ksi\u0105\u017cek i audiobook\u00f3w. Jako organizator akcji, wszystkie pieni\u0105dze ze sprzeda\u017cy przekazujemy [&hellip;]<\/p>\n","protected":false},"author":3,"featured_media":0,"comment_status":"open","ping_status":"closed","sticky":false,"template":"","format":"standard","meta":{"_et_pb_use_builder":"off","_et_pb_old_content":"","_et_gb_content_width":"","footnotes":""},"categories":[2055,1],"tags":[],"class_list":["post-5955","post","type-post","status-publish","format-standard","hentry","category-bandi","category-kategoria-bandi-wspiera"],"yoast_head":"<!-- This site is optimized with the Yoast SEO plugin v27.1.1 - https:\/\/yoast.com\/product\/yoast-seo-wordpress\/ -->\n<title>Mi\u0119dzynarodowe targi ksi\u0105\u017cki &#187; Blog BANDI<\/title>\n<meta name=\"robots\" content=\"index, follow, max-snippet:-1, max-image-preview:large, max-video-preview:-1\" \/>\n<link rel=\"canonical\" href=\"https:\/\/www.bandi.pl\/blog\/miedzynarodowe-targi-ksiazki\/\" \/>\n<meta property=\"og:locale\" content=\"pl_PL\" \/>\n<meta property=\"og:type\" content=\"article\" \/>\n<meta property=\"og:title\" content=\"Mi\u0119dzynarodowe targi ksi\u0105\u017cki &#187; Blog BANDI\" \/>\n<meta property=\"og:description\" content=\"18 pa\u017adziernika w Krakowie odby\u0142y si\u0119 Mi\u0119dzynarodowe Targi Ksi\u0105\u017cki, kt\u00f3rych nie mogli\u015bmy przegapi\u0107! Zastanawiacie si\u0119 co firma kosmetyczna robi\u0142a na tego typu targach? Wydanie ksi\u0105\u017cki pt. &#8222;Dow\u00f3d dojrza\u0142o\u015bci&#8221; to fina\u0142 naszego projektu CSR #czytamydlamamy. Jeste\u015bmy wszystkim bardzo wdzi\u0119czni za zainteresowanie akcj\u0105, oraz za zakup ksi\u0105\u017cek i audiobook\u00f3w. Jako organizator akcji, wszystkie pieni\u0105dze ze sprzeda\u017cy przekazujemy [&hellip;]\" \/>\n<meta property=\"og:url\" content=\"https:\/\/www.bandi.pl\/blog\/miedzynarodowe-targi-ksiazki\/\" \/>\n<meta property=\"og:site_name\" content=\"Blog BANDI\" \/>\n<meta property=\"article:publisher\" content=\"https:\/\/web.facebook.com\/BANDIcosmetics\" \/>\n<meta property=\"article:published_time\" content=\"2018-10-22T17:05:00+00:00\" \/>\n<meta property=\"article:modified_time\" content=\"2019-11-21T15:47:15+00:00\" \/>\n<meta property=\"og:image\" content=\"https:\/\/www.bandi.pl\/blog\/wp-content\/uploads\/2019\/06\/bandi-logo.png\" \/>\n\t<meta property=\"og:image:width\" content=\"264\" \/>\n\t<meta property=\"og:image:height\" content=\"111\" \/>\n\t<meta property=\"og:image:type\" content=\"image\/png\" \/>\n<meta name=\"author\" content=\"BANDI\" \/>\n<meta name=\"twitter:card\" content=\"summary_large_image\" \/>\n<meta name=\"twitter:creator\" content=\"@bandi_cosmetics\" \/>\n<meta name=\"twitter:site\" content=\"@bandi_cosmetics\" \/>\n<meta name=\"twitter:label1\" content=\"Napisane przez\" \/>\n\t<meta name=\"twitter:data1\" content=\"BANDI\" \/>\n<script type=\"application\/ld+json\" class=\"yoast-schema-graph\">{\"@context\":\"https:\/\/schema.org\",\"@graph\":[{\"@type\":\"Article\",\"@id\":\"https:\/\/www.bandi.pl\/blog\/miedzynarodowe-targi-ksiazki\/#article\",\"isPartOf\":{\"@id\":\"https:\/\/www.bandi.pl\/blog\/miedzynarodowe-targi-ksiazki\/\"},\"author\":{\"name\":\"BANDI\",\"@id\":\"https:\/\/www.bandi.pl\/blog\/#\/schema\/person\/6905a8e1379d84df843b078d275c5aea\"},\"headline\":\"Mi\u0119dzynarodowe targi ksi\u0105\u017cki\",\"datePublished\":\"2018-10-22T17:05:00+00:00\",\"dateModified\":\"2019-11-21T15:47:15+00:00\",\"mainEntityOfPage\":{\"@id\":\"https:\/\/www.bandi.pl\/blog\/miedzynarodowe-targi-ksiazki\/\"},\"wordCount\":81,\"commentCount\":0,\"publisher\":{\"@id\":\"https:\/\/www.bandi.pl\/blog\/#organization\"},\"articleSection\":[\"BANDI\",\"BANDI wspiera\"],\"inLanguage\":\"pl-PL\",\"potentialAction\":[{\"@type\":\"CommentAction\",\"name\":\"Comment\",\"target\":[\"https:\/\/www.bandi.pl\/blog\/miedzynarodowe-targi-ksiazki\/#respond\"]}]},{\"@type\":\"WebPage\",\"@id\":\"https:\/\/www.bandi.pl\/blog\/miedzynarodowe-targi-ksiazki\/\",\"url\":\"https:\/\/www.bandi.pl\/blog\/miedzynarodowe-targi-ksiazki\/\",\"name\":\"Mi\u0119dzynarodowe targi ksi\u0105\u017cki &#187; Blog BANDI\",\"isPartOf\":{\"@id\":\"https:\/\/www.bandi.pl\/blog\/#website\"},\"datePublished\":\"2018-10-22T17:05:00+00:00\",\"dateModified\":\"2019-11-21T15:47:15+00:00\",\"breadcrumb\":{\"@id\":\"https:\/\/www.bandi.pl\/blog\/miedzynarodowe-targi-ksiazki\/#breadcrumb\"},\"inLanguage\":\"pl-PL\",\"potentialAction\":[{\"@type\":\"ReadAction\",\"target\":[\"https:\/\/www.bandi.pl\/blog\/miedzynarodowe-targi-ksiazki\/\"]}]},{\"@type\":\"BreadcrumbList\",\"@id\":\"https:\/\/www.bandi.pl\/blog\/miedzynarodowe-targi-ksiazki\/#breadcrumb\",\"itemListElement\":[{\"@type\":\"ListItem\",\"position\":1,\"name\":\"BANDI\",\"item\":\"https:\/\/www.bandi.pl\/blog\/\"},{\"@type\":\"ListItem\",\"position\":2,\"name\":\"Mi\u0119dzynarodowe targi ksi\u0105\u017cki\"}]},{\"@type\":\"WebSite\",\"@id\":\"https:\/\/www.bandi.pl\/blog\/#website\",\"url\":\"https:\/\/www.bandi.pl\/blog\/\",\"name\":\"Blog BANDI\",\"description\":\"Czarno na bia\u0142ym o kosmetykach\",\"publisher\":{\"@id\":\"https:\/\/www.bandi.pl\/blog\/#organization\"},\"potentialAction\":[{\"@type\":\"SearchAction\",\"target\":{\"@type\":\"EntryPoint\",\"urlTemplate\":\"https:\/\/www.bandi.pl\/blog\/?s={search_term_string}\"},\"query-input\":{\"@type\":\"PropertyValueSpecification\",\"valueRequired\":true,\"valueName\":\"search_term_string\"}}],\"inLanguage\":\"pl-PL\"},{\"@type\":\"Organization\",\"@id\":\"https:\/\/www.bandi.pl\/blog\/#organization\",\"name\":\"BANDI\",\"url\":\"https:\/\/www.bandi.pl\/blog\/\",\"logo\":{\"@type\":\"ImageObject\",\"inLanguage\":\"pl-PL\",\"@id\":\"https:\/\/www.bandi.pl\/blog\/#\/schema\/logo\/image\/\",\"url\":\"https:\/\/www.bandi.pl\/blog\/wp-content\/uploads\/2019\/06\/bandi-logo.png\",\"contentUrl\":\"https:\/\/www.bandi.pl\/blog\/wp-content\/uploads\/2019\/06\/bandi-logo.png\",\"width\":264,\"height\":111,\"caption\":\"BANDI\"},\"image\":{\"@id\":\"https:\/\/www.bandi.pl\/blog\/#\/schema\/logo\/image\/\"},\"sameAs\":[\"https:\/\/web.facebook.com\/BANDIcosmetics\",\"https:\/\/x.com\/bandi_cosmetics\",\"https:\/\/www.instagram.com\/bandi_cosmetics\/\",\"https:\/\/www.pinterest.com\/bandicosmetics\/\",\"https:\/\/www.youtube.com\/user\/BandiCosmeticsPolska\"]},{\"@type\":\"Person\",\"@id\":\"https:\/\/www.bandi.pl\/blog\/#\/schema\/person\/6905a8e1379d84df843b078d275c5aea\",\"name\":\"BANDI\",\"sameAs\":[\"https:\/\/www.bandi.pl\/blog\"]}]}<\/script>\n<!-- \/ Yoast SEO plugin. -->","yoast_head_json":{"title":"Mi\u0119dzynarodowe targi ksi\u0105\u017cki &#187; Blog BANDI","robots":{"index":"index","follow":"follow","max-snippet":"max-snippet:-1","max-image-preview":"max-image-preview:large","max-video-preview":"max-video-preview:-1"},"canonical":"https:\/\/www.bandi.pl\/blog\/miedzynarodowe-targi-ksiazki\/","og_locale":"pl_PL","og_type":"article","og_title":"Mi\u0119dzynarodowe targi ksi\u0105\u017cki &#187; Blog BANDI","og_description":"18 pa\u017adziernika w Krakowie odby\u0142y si\u0119 Mi\u0119dzynarodowe Targi Ksi\u0105\u017cki, kt\u00f3rych nie mogli\u015bmy przegapi\u0107! Zastanawiacie si\u0119 co firma kosmetyczna robi\u0142a na tego typu targach? Wydanie ksi\u0105\u017cki pt. &#8222;Dow\u00f3d dojrza\u0142o\u015bci&#8221; to fina\u0142 naszego projektu CSR #czytamydlamamy. Jeste\u015bmy wszystkim bardzo wdzi\u0119czni za zainteresowanie akcj\u0105, oraz za zakup ksi\u0105\u017cek i audiobook\u00f3w. Jako organizator akcji, wszystkie pieni\u0105dze ze sprzeda\u017cy przekazujemy [&hellip;]","og_url":"https:\/\/www.bandi.pl\/blog\/miedzynarodowe-targi-ksiazki\/","og_site_name":"Blog BANDI","article_publisher":"https:\/\/web.facebook.com\/BANDIcosmetics","article_published_time":"2018-10-22T17:05:00+00:00","article_modified_time":"2019-11-21T15:47:15+00:00","og_image":[{"width":264,"height":111,"url":"https:\/\/www.bandi.pl\/blog\/wp-content\/uploads\/2019\/06\/bandi-logo.png","type":"image\/png"}],"author":"BANDI","twitter_card":"summary_large_image","twitter_creator":"@bandi_cosmetics","twitter_site":"@bandi_cosmetics","twitter_misc":{"Napisane przez":"BANDI"},"schema":{"@context":"https:\/\/schema.org","@graph":[{"@type":"Article","@id":"https:\/\/www.bandi.pl\/blog\/miedzynarodowe-targi-ksiazki\/#article","isPartOf":{"@id":"https:\/\/www.bandi.pl\/blog\/miedzynarodowe-targi-ksiazki\/"},"author":{"name":"BANDI","@id":"https:\/\/www.bandi.pl\/blog\/#\/schema\/person\/6905a8e1379d84df843b078d275c5aea"},"headline":"Mi\u0119dzynarodowe targi ksi\u0105\u017cki","datePublished":"2018-10-22T17:05:00+00:00","dateModified":"2019-11-21T15:47:15+00:00","mainEntityOfPage":{"@id":"https:\/\/www.bandi.pl\/blog\/miedzynarodowe-targi-ksiazki\/"},"wordCount":81,"commentCount":0,"publisher":{"@id":"https:\/\/www.bandi.pl\/blog\/#organization"},"articleSection":["BANDI","BANDI wspiera"],"inLanguage":"pl-PL","potentialAction":[{"@type":"CommentAction","name":"Comment","target":["https:\/\/www.bandi.pl\/blog\/miedzynarodowe-targi-ksiazki\/#respond"]}]},{"@type":"WebPage","@id":"https:\/\/www.bandi.pl\/blog\/miedzynarodowe-targi-ksiazki\/","url":"https:\/\/www.bandi.pl\/blog\/miedzynarodowe-targi-ksiazki\/","name":"Mi\u0119dzynarodowe targi ksi\u0105\u017cki &#187; Blog BANDI","isPartOf":{"@id":"https:\/\/www.bandi.pl\/blog\/#website"},"datePublished":"2018-10-22T17:05:00+00:00","dateModified":"2019-11-21T15:47:15+00:00","breadcrumb":{"@id":"https:\/\/www.bandi.pl\/blog\/miedzynarodowe-targi-ksiazki\/#breadcrumb"},"inLanguage":"pl-PL","potentialAction":[{"@type":"ReadAction","target":["https:\/\/www.bandi.pl\/blog\/miedzynarodowe-targi-ksiazki\/"]}]},{"@type":"BreadcrumbList","@id":"https:\/\/www.bandi.pl\/blog\/miedzynarodowe-targi-ksiazki\/#breadcrumb","itemListElement":[{"@type":"ListItem","position":1,"name":"BANDI","item":"https:\/\/www.bandi.pl\/blog\/"},{"@type":"ListItem","position":2,"name":"Mi\u0119dzynarodowe targi ksi\u0105\u017cki"}]},{"@type":"WebSite","@id":"https:\/\/www.bandi.pl\/blog\/#website","url":"https:\/\/www.bandi.pl\/blog\/","name":"Blog BANDI","description":"Czarno na bia\u0142ym o kosmetykach","publisher":{"@id":"https:\/\/www.bandi.pl\/blog\/#organization"},"potentialAction":[{"@type":"SearchAction","target":{"@type":"EntryPoint","urlTemplate":"https:\/\/www.bandi.pl\/blog\/?s={search_term_string}"},"query-input":{"@type":"PropertyValueSpecification","valueRequired":true,"valueName":"search_term_string"}}],"inLanguage":"pl-PL"},{"@type":"Organization","@id":"https:\/\/www.bandi.pl\/blog\/#organization","name":"BANDI","url":"https:\/\/www.bandi.pl\/blog\/","logo":{"@type":"ImageObject","inLanguage":"pl-PL","@id":"https:\/\/www.bandi.pl\/blog\/#\/schema\/logo\/image\/","url":"https:\/\/www.bandi.pl\/blog\/wp-content\/uploads\/2019\/06\/bandi-logo.png","contentUrl":"https:\/\/www.bandi.pl\/blog\/wp-content\/uploads\/2019\/06\/bandi-logo.png","width":264,"height":111,"caption":"BANDI"},"image":{"@id":"https:\/\/www.bandi.pl\/blog\/#\/schema\/logo\/image\/"},"sameAs":["https:\/\/web.facebook.com\/BANDIcosmetics","https:\/\/x.com\/bandi_cosmetics","https:\/\/www.instagram.com\/bandi_cosmetics\/","https:\/\/www.pinterest.com\/bandicosmetics\/","https:\/\/www.youtube.com\/user\/BandiCosmeticsPolska"]},{"@type":"Person","@id":"https:\/\/www.bandi.pl\/blog\/#\/schema\/person\/6905a8e1379d84df843b078d275c5aea","name":"BANDI","sameAs":["https:\/\/www.bandi.pl\/blog"]}]}},"_links":{"self":[{"href":"https:\/\/www.bandi.pl\/blog\/wp-json\/wp\/v2\/posts\/5955","targetHints":{"allow":["GET"]}}],"collection":[{"href":"https:\/\/www.bandi.pl\/blog\/wp-json\/wp\/v2\/posts"}],"about":[{"href":"https:\/\/www.bandi.pl\/blog\/wp-json\/wp\/v2\/types\/post"}],"author":[{"embeddable":true,"href":"https:\/\/www.bandi.pl\/blog\/wp-json\/wp\/v2\/users\/3"}],"replies":[{"embeddable":true,"href":"https:\/\/www.bandi.pl\/blog\/wp-json\/wp\/v2\/comments?post=5955"}],"version-history":[{"count":1,"href":"https:\/\/www.bandi.pl\/blog\/wp-json\/wp\/v2\/posts\/5955\/revisions"}],"predecessor-version":[{"id":5956,"href":"https:\/\/www.bandi.pl\/blog\/wp-json\/wp\/v2\/posts\/5955\/revisions\/5956"}],"wp:attachment":[{"href":"https:\/\/www.bandi.pl\/blog\/wp-json\/wp\/v2\/media?parent=5955"}],"wp:term":[{"taxonomy":"category","embeddable":true,"href":"https:\/\/www.bandi.pl\/blog\/wp-json\/wp\/v2\/categories?post=5955"},{"taxonomy":"post_tag","embeddable":true,"href":"https:\/\/www.bandi.pl\/blog\/wp-json\/wp\/v2\/tags?post=5955"}],"curies":[{"name":"wp","href":"https:\/\/api.w.org\/{rel}","templated":true}]}}