{"id":494,"date":"2015-04-02T16:30:44","date_gmt":"2015-04-02T14:30:44","guid":{"rendered":"http:\/\/eksfoliacja.pl\/?p=494"},"modified":"2019-11-21T16:51:21","modified_gmt":"2019-11-21T15:51:21","slug":"krem-na-dzien-krem-na-noc","status":"publish","type":"post","link":"https:\/\/www.bandi.pl\/blog\/krem-na-dzien-krem-na-noc\/","title":{"rendered":"Krem na dzie\u0144, krem na noc"},"content":{"rendered":"\n<p><strong>Piel\u0119gnacja sk\u00f3ry przynosi dobre rezultaty, je\u015bli ustalimy odpowiedni system, kt\u00f3ry stanie si\u0119 naszym nawykiem. Dobre nawyki sprawi\u0105, \u017ce ka\u017cdego dnia b\u0119dziemy czu\u0107 si\u0119 po prostu pi\u0119kniejsze i zadbane.<\/strong><\/p>\n\n\n\n<p>Sk\u00f3ra jest jednym z najwi\u0119kszych organ\u00f3w w naszym ciele. Ma konkretne zadania i funkcje do wype\u0142nienia, ale posiada r\u00f3wnie\u017c sw\u00f3j indywidualny tryb pracy. W czasie snu m\u00f3zg wypoczywa, wszystkie narz\u0105dy wewn\u0119trzne zwalniaj\u0105 tempo, serce bije wolniej. Ale nie sk\u00f3ra \u2013 ta pracuje na pe\u0142nych obrotach! Noc\u0105 jest ona najlepiej ukrwiona \u2013 wtedy te\u017c stosunkowo naj\u0142atwiej pozbywa si\u0119 toksyn i najszybciej wch\u0142ania sk\u0142adniki od\u017cywcze z kosmetyk\u00f3w. Kom\u00f3rki dziel\u0105 si\u0119 szybciej, szkody i ubytki, kt\u00f3rych sk\u00f3ra dozna\u0142a w ci\u0105gu dnia, s\u0105 naprawiane, neutralizuj\u0105 si\u0119 wolne rodniki, odbudowuje si\u0119 te\u017c warstwa lipidowa nask\u00f3rka. Nad ranem nasza sk\u00f3ra odnawia si\u0119 i regeneruje (lecz pami\u0119tajmy, \u017ce czym jeste\u015bmy starsze, tym procesy regeneracyjne zachodz\u0105 wolniej, a ich efekty nie s\u0105 tak spektakularne).<\/p>\n\n\n\n<h2 class=\"wp-block-heading\">Co powinien zawiera\u0107 dobry krem na noc?<\/h2>\n\n\n\n<p>W zwi\u0105zku z powy\u017cszym sk\u0142ad kremu nocnego powinien r\u00f3\u017cni\u0107 si\u0119 od tego, kt\u00f3rego u\u017cywamy na dzie\u0144. Nie powinny znajdowa\u0107 si\u0119 w nim sk\u0142adniki niepotrzebnie obci\u0105\u017caj\u0105ce sk\u00f3r\u0119, takie jak filtry przeciws\u0142oneczne, sk\u0142adniki hamuj\u0105ce wydzielanie sebum itp. Krem na noc nie musi zwiera\u0107 r\u00f3wnie\u017c substancji roz\u015bwietlaj\u0105cych czy napinaj\u0105cych sk\u00f3r\u0119, poniewa\u017c takich efekt\u00f3w oczekujemy raczej w ci\u0105gu dnia.<\/p>\n\n\n\n<p>W piel\u0119gnacji nocnej doskonale sprawdza si\u0119 prowitamina A \u2013 czyli retinol odpowiedzialny za regeneracj\u0119 nask\u00f3rka, lub witamina C, najcz\u0119\u015bciej \u0142\u0105czona z witamin\u0105 E. Wsp\u00f3lnie sk\u0142adniki te neutralizuj\u0105 wolne rodniki, pobudzaj\u0105 produkcj\u0119 kolagenu i elastyny, poprawiaj\u0105 nawil\u017cenie nask\u00f3rka. Doskona\u0142ym rozwi\u0105zaniem w \u201enocnym\u201d kremie b\u0119d\u0105 r\u00f3wnie\u017c kwasy, kt\u00f3re skutecznie b\u0119d\u0105 z\u0142uszcza\u0107 nask\u00f3rek ods\u0142aniaj\u0105c tym samym ,&nbsp;&nbsp;j\u0119drne kom\u00f3rki. Bardzo wa\u017cnymi sk\u0142adnikami s\u0105 peptydy, czyli aminokwasy,poniewa\u017c stanowi\u0105 one budulec kom\u00f3rek, za\u015b ich niedob\u00f3r wi\u0105\u017ce si\u0119 z procesami starzenia si\u0119 sk\u00f3ry.<\/p>\n\n\n\n<p>Czy zastanawiali\u015bcie si\u0119, dlaczego konsystencja nocnych krem\u00f3w jest zazwyczaj bogatsza? Nocna regeneracja sk\u00f3ry to wielogodzinny proces, tzw. \u201eci\u0119\u017csze\u201d kremy pozostaj\u0105 d\u0142u\u017cej w sk\u00f3rze i dzi\u0119ki temu mog\u0105 powoli dociera\u0107 do jej odpowiednich struktur, aby celowa\u0107 w sedno problem\u00f3w. Bogat\u0105 konsystencj\u0119 zawdzi\u0119czaj\u0105 zazwyczaj r\u00f3\u017cnego rodzaju mas\u0142om, olejom i sk\u0142adnikom ceramidowym, kt\u00f3re maj\u0105 bardzo du\u017ce znaczenie dla naszej sk\u00f3ry. Odpowiadaj\u0105 one bowiem za odbudow\u0119 p\u0142aszcza hydrolipidowego, a to g\u0142\u00f3wnie on zapewnia naszej sk\u00f3rze odpowiedni\u0105 ochron\u0119.<\/p>\n\n\n\n<p>Sk\u0142ad krem\u00f3w na noc trzeba oczywi\u015bcie dobra\u0107 odpowiednio do potrzeb sk\u00f3ry w danym wieku: niekt\u00f3re z nas bardziej potrzebuj\u0105 wsparcia w procesach regeneracji, inne \u2013 \u0142agodzenia podra\u017cnie\u0144 powsta\u0142ych za dnia. Niekt\u00f3re kremy, najwi\u0119kszy nacisk k\u0142ad\u0105 na regeneracj\u0119 nask\u00f3rka, stymulacj\u0119 produkcji kolagenu i uj\u0119drnienie. Takie dzia\u0142anie jest zbawienne dla ka\u017cdego typu cery.<\/p>\n\n\n\n<h2 class=\"wp-block-heading\">Jak stosujemy krem na noc?<\/h2>\n\n\n\n<p>Najwa\u017cniejsze \u2013 najpierw nale\u017cy dobrze oczy\u015bci\u0107 sk\u00f3r\u0119 odpowiednim preparatem oraz zawsze pami\u0119ta\u0107 o toniku. Pozostawienie zanieczyszcze\u0144 na twarzy b\u0119dzie skutkowa\u0142o rozwojem stan\u00f3w zapalnych i podra\u017cnie\u0144.Nast\u0119pnym krokiem jest aplikacja kremu. Niewielk\u0105 ilo\u015b\u0107 (ziarnko grochu) delikatnie rozprowadzamy opuszkami palc\u00f3w na twarzy i szyi. Nale\u017cy pami\u0119ta\u0107, \u017ce krem do twarzy nie do ko\u0144ca sprawdza si\u0119 przy piel\u0119gnacji okolicy oczu, dlatego te\u017c nale\u017cy j\u0105 omin\u0105\u0107. Kolejnym krokiem powinien by\u0107 masa\u017c. Delikatnie wyg\u0142ad\u017a linie wzd\u0142u\u017c punkt\u00f3w zamieszczonych na zdj\u0119ciu, nast\u0119pnie rozetrzyj, wykonuj\u0105c delikatne k\u00f3\u0142eczka i na zako\u0144czenie zn\u00f3w wyg\u0142ad\u017a. W ten spos\u00f3b poprawimy cyrkulacj\u0119 krwi i tym samym penetracj\u0119 sk\u0142adnik\u00f3w aktywnych.<\/p>\n\n\n\n<figure class=\"wp-block-image size-large\"><img loading=\"lazy\" decoding=\"async\" width=\"300\" height=\"259\" src=\"https:\/\/www.bandi.pl\/blog\/wp-content\/uploads\/2019\/11\/krem-na-noc.jpg\" alt=\"\" class=\"wp-image-6068\"\/><\/figure>\n\n\n\n<h2 class=\"wp-block-heading\">Par\u0119 s\u0142\u00f3w o piel\u0119gnacji w ci\u0105gu dnia.<\/h2>\n\n\n\n<p>Skoro przyjrzeli\u015bmy si\u0119 ju\u017c kremom na noc, zastan\u00f3wmy si\u0119 teraz, co powinien zawiera\u0107 krem na dzie\u0144? Nale\u017cy wybra\u0107 taki, kt\u00f3ry jest bogaty w witaminy, substancje od\u017cywcze i regeneruj\u0105ce. W ci\u0105gu dnia rola sk\u00f3ry sprowadza si\u0119 g\u0142\u00f3wnie do biernej ochrony przed czynnikami zewn\u0119trznymi oraz regulacji poziomu nawil\u017cenia. Dlatego odpowiedni krem chroni nasz\u0105 sk\u00f3r\u0119 przed zanieczyszczeniami, kt\u00f3re lubi\u0105 gromadzi\u0107 si\u0119 na twarzy w ci\u0105gu dnia: przed smogiem, powietrzem, py\u0142kami oraz bakteriami, kt\u00f3re pozostawiamy na twarzy, dotykaj\u0105c jej brudnymi r\u0119kami. Za dnia sk\u00f3ra potrzebuje du\u017co wi\u0119kszej ochrony ni\u017c w nocy. Dlatego te\u017c zadbajmy o to, \u017ceby nasze kremy na dzie\u0144 zawiera\u0142y filtry UVB i UVA, oraz wyspecjalizowane sk\u0142adniki np. karboksymetyloglukan, kt\u00f3re poprawi\u0105 system obronny naszej sk\u00f3ry a tak\u017ce substancje zwi\u0119kszaj\u0105ce ochron\u0119 przed czynnikami \u015brodowiskowymi.<\/p>\n\n\n\n<p>Ponadto musimy pami\u0119ta\u0107, \u017ce krem powinien by\u0107 dostosowany przede wszystkim do potrzeb sk\u00f3ry, poniewa\u017c nie zawsze nasza sk\u00f3ra starzeje si\u0119 fizjologicznie. Producenci kosmetyk\u00f3w zazwyczaj umieszczaj\u0105 na opakowaniu oznaczenia wieku np. 30+ co sugeruje, i\u017c piel\u0119gnacja ta jest odpowiednia dla os\u00f3b po 30 roku \u017cycia, ale przecie\u017c nasza sk\u00f3ra posiada indywidualne cechy starzenia si\u0119 i nie powinny\u015bmy ich ujednolica\u0107. Nale\u017cy pami\u0119ta\u0107, i\u017c cera naczynkowa przede wszystkim powinna zaopatrzy\u0107 si\u0119 w piel\u0119gnacj\u0119 bogat\u0105 w wyci\u0105gi ro\u015blinne takie jak: kasztanowiec, arnika g\u00f3rska, pietruszka zwyczajna, poniewa\u017c dla takiej cery najwa\u017cniejsza jest ochrona i wzmocnienie naczy\u0144. Cera tr\u0105dzikowa powinna zwr\u00f3ci\u0107 uwag\u0119 na nawil\u017canie i ochron\u0119, cera delikatna i wra\u017cliwa na \u0142agodzenie i odbudow\u0119 ochronnego p\u0142aszcza hydrolipidowego itd. Wszystkie te cery potrzebuj\u0105 innych sk\u0142adnik\u00f3w a kremy dostosowane do wieku nie s\u0105 tak urozmaicone.<\/p>\n\n\n\n<p>Kremy dzienne zazwyczaj zawieraj\u0105 witamin\u0119 E, zwan\u0105 witamin\u0105 m\u0142odo\u015bci. Zwalcza ona wolne rodniki i chroni sk\u00f3r\u0119 przed promieniowaniem UV. Bardzo wa\u017cn\u0105 grup\u0119 sk\u0142adnik\u00f3w stanow\u0105 zwi\u0105zki o w\u0142a\u015bciwo\u015bciach nawil\u017caj\u0105cych i nat\u0142uszczaj\u0105cych np. kwas hialuronowy, wyci\u0105gi owocowe, mas\u0142o Shea, woski, kt\u00f3re chroni\u0105 cer\u0119 przed utrat\u0105 wilgoci, ale r\u00f3wnie\u017c zapewniaj\u0105 zim\u0105 ochron\u0119 przed mrozem. W kremie na dzie\u0144 powinni\u015bmy dodatkowo szuka\u0107 r\u00f3\u017cnych form witamin C b\u0119d\u0105cych silnymi antyutleniaczami. Bardzo cz\u0119sto mo\u017cemy us\u0142ysze\u0107 opini\u0119, i\u017c ta witamina w dni s\u0142oneczne mo\u017ce by\u0107 fotowra\u017cliwa i przyczynia\u0107 si\u0119 do powstania przebarwie\u0144, tymczasem przy zastosowaniu odpowiedniej pochodnej np. Tetraizopalmitynianu Askorbylu oraz po\u0142\u0105czeniu jej ze sk\u0142adnikami chroni\u0105cymi przed UV stanowi\u0105 doskona\u0142\u0105 prewencj\u0105 przed tego typu niechcianymi plamkami na sk\u00f3rze. Wspomniana pochodna witaminy C to obecnie najskuteczniejsza forma, kt\u00f3ra dzi\u0119ki swym cechom fizykalnym doskonale przenika w g\u0142\u0105b sk\u00f3ry, dzi\u0119ki czemu mo\u017ce skutecznie rozja\u015bnia\u0107 przebarwienia, odm\u0142adza\u0107 i zmniejsza\u0107 kruchliwo\u015b\u0107 naczy\u0144.<\/p>\n\n\n\n<p>Konsystencja kremu na dzie\u0144 zazwyczaj jest l\u017cejsza, poniewa\u017c powinien on b\u0142yskawicznie si\u0119 wch\u0142on\u0105\u0107, przynie\u015b\u0107 komfort sk\u00f3rze, ale zapewni\u0107 te\u017c trwa\u0142o\u015b\u0107 makija\u017cu.<\/p>\n\n\n\n<p>Niezale\u017cnie od tego czy wybieramy wyspecjalizowan\u0105 piel\u0119gnacj\u0119 na noc czy na dzie\u0144, a mo\u017ce si\u0119gamy po kremy uniwersalne dzienno-nocne jeden czynnik jest niezmiennie najwa\u017cniejszy \u2013 systematyczno\u015b\u0107.<\/p>\n\n\n\n<p><strong>Nasza m\u0142odo\u015b\u0107, nieskazitelno\u015b\u0107 sk\u00f3ry jest sum\u0105 sk\u0142adaj\u0105c\u0105 si\u0119 z drobnych czynno\u015bci \u2013 rytua\u0142\u00f3w, wykonywanych ka\u017cdego dnia. Odpowiednie dobranie piel\u0119gnacji oraz poprawne jej stosowanie mo\u017ce przynie\u015b\u0107 po\u017c\u0105dane efekty.<\/strong><\/p>\n","protected":false},"excerpt":{"rendered":"<p>Piel\u0119gnacja sk\u00f3ry przynosi dobre rezultaty, je\u015bli ustalimy odpowiedni system, kt\u00f3ry stanie si\u0119 naszym nawykiem. Dobre nawyki sprawi\u0105, \u017ce ka\u017cdego dnia b\u0119dziemy czu\u0107 si\u0119 po prostu pi\u0119kniejsze i zadbane. Sk\u00f3ra jest jednym z najwi\u0119kszych organ\u00f3w w naszym ciele. Ma konkretne zadania i funkcje do wype\u0142nienia, ale posiada r\u00f3wnie\u017c sw\u00f3j indywidualny tryb pracy. W czasie snu m\u00f3zg [&hellip;]<\/p>\n","protected":false},"author":3,"featured_media":6069,"comment_status":"open","ping_status":"open","sticky":false,"template":"","format":"standard","meta":{"_et_pb_use_builder":"","_et_pb_old_content":"","_et_gb_content_width":"","footnotes":""},"categories":[2055,1817],"tags":[37,9,46,28,47],"class_list":["post-494","post","type-post","status-publish","format-standard","has-post-thumbnail","hentry","category-bandi","category-kategoria-pielegnacja-i-kosmetyki","tag-karboksymetyloglukan","tag-kwasy","tag-retinol","tag-witamina-c","tag-witamina-e"],"yoast_head":"<!-- This site is optimized with the Yoast SEO plugin v27.1.1 - https:\/\/yoast.com\/product\/yoast-seo-wordpress\/ -->\n<title>Krem na dzie\u0144, krem na noc &#187; Blog BANDI<\/title>\n<meta name=\"robots\" content=\"index, follow, max-snippet:-1, max-image-preview:large, max-video-preview:-1\" \/>\n<link rel=\"canonical\" href=\"https:\/\/www.bandi.pl\/blog\/krem-na-dzien-krem-na-noc\/\" \/>\n<meta property=\"og:locale\" content=\"pl_PL\" \/>\n<meta property=\"og:type\" content=\"article\" \/>\n<meta property=\"og:title\" content=\"Krem na dzie\u0144, krem na noc &#187; Blog BANDI\" \/>\n<meta property=\"og:description\" content=\"Piel\u0119gnacja sk\u00f3ry przynosi dobre rezultaty, je\u015bli ustalimy odpowiedni system, kt\u00f3ry stanie si\u0119 naszym nawykiem. Dobre nawyki sprawi\u0105, \u017ce ka\u017cdego dnia b\u0119dziemy czu\u0107 si\u0119 po prostu pi\u0119kniejsze i zadbane. Sk\u00f3ra jest jednym z najwi\u0119kszych organ\u00f3w w naszym ciele. Ma konkretne zadania i funkcje do wype\u0142nienia, ale posiada r\u00f3wnie\u017c sw\u00f3j indywidualny tryb pracy. W czasie snu m\u00f3zg [&hellip;]\" \/>\n<meta property=\"og:url\" content=\"https:\/\/www.bandi.pl\/blog\/krem-na-dzien-krem-na-noc\/\" \/>\n<meta property=\"og:site_name\" content=\"Blog BANDI\" \/>\n<meta property=\"article:publisher\" content=\"https:\/\/web.facebook.com\/BANDIcosmetics\" \/>\n<meta property=\"article:published_time\" content=\"2015-04-02T14:30:44+00:00\" \/>\n<meta property=\"article:modified_time\" content=\"2019-11-21T15:51:21+00:00\" \/>\n<meta property=\"og:image\" content=\"https:\/\/www.bandi.pl\/blog\/wp-content\/uploads\/2015\/04\/krem-na-dzien-krem-na-noc.jpg\" \/>\n\t<meta property=\"og:image:width\" content=\"1500\" \/>\n\t<meta property=\"og:image:height\" content=\"1000\" \/>\n\t<meta property=\"og:image:type\" content=\"image\/jpeg\" \/>\n<meta name=\"author\" content=\"BANDI\" \/>\n<meta name=\"twitter:card\" content=\"summary_large_image\" \/>\n<meta name=\"twitter:creator\" content=\"@bandi_cosmetics\" \/>\n<meta name=\"twitter:site\" content=\"@bandi_cosmetics\" \/>\n<meta name=\"twitter:label1\" content=\"Napisane przez\" \/>\n\t<meta name=\"twitter:data1\" content=\"BANDI\" \/>\n\t<meta name=\"twitter:label2\" content=\"Szacowany czas czytania\" \/>\n\t<meta name=\"twitter:data2\" content=\"6 minut\" \/>\n<script type=\"application\/ld+json\" class=\"yoast-schema-graph\">{\"@context\":\"https:\/\/schema.org\",\"@graph\":[{\"@type\":\"Article\",\"@id\":\"https:\/\/www.bandi.pl\/blog\/krem-na-dzien-krem-na-noc\/#article\",\"isPartOf\":{\"@id\":\"https:\/\/www.bandi.pl\/blog\/krem-na-dzien-krem-na-noc\/\"},\"author\":{\"name\":\"BANDI\",\"@id\":\"https:\/\/www.bandi.pl\/blog\/#\/schema\/person\/6905a8e1379d84df843b078d275c5aea\"},\"headline\":\"Krem na dzie\u0144, krem na noc\",\"datePublished\":\"2015-04-02T14:30:44+00:00\",\"dateModified\":\"2019-11-21T15:51:21+00:00\",\"mainEntityOfPage\":{\"@id\":\"https:\/\/www.bandi.pl\/blog\/krem-na-dzien-krem-na-noc\/\"},\"wordCount\":1230,\"commentCount\":0,\"publisher\":{\"@id\":\"https:\/\/www.bandi.pl\/blog\/#organization\"},\"image\":{\"@id\":\"https:\/\/www.bandi.pl\/blog\/krem-na-dzien-krem-na-noc\/#primaryimage\"},\"thumbnailUrl\":\"https:\/\/www.bandi.pl\/blog\/wp-content\/uploads\/2015\/04\/krem-na-dzien-krem-na-noc.jpg\",\"keywords\":[\"karboksymetyloglukan\",\"kwasy\",\"retinol\",\"witamina C\",\"witamina E\"],\"articleSection\":[\"BANDI\",\"Piel\u0119gnacja i kosmetyki\"],\"inLanguage\":\"pl-PL\",\"potentialAction\":[{\"@type\":\"CommentAction\",\"name\":\"Comment\",\"target\":[\"https:\/\/www.bandi.pl\/blog\/krem-na-dzien-krem-na-noc\/#respond\"]}]},{\"@type\":\"WebPage\",\"@id\":\"https:\/\/www.bandi.pl\/blog\/krem-na-dzien-krem-na-noc\/\",\"url\":\"https:\/\/www.bandi.pl\/blog\/krem-na-dzien-krem-na-noc\/\",\"name\":\"Krem na dzie\u0144, krem na noc &#187; Blog BANDI\",\"isPartOf\":{\"@id\":\"https:\/\/www.bandi.pl\/blog\/#website\"},\"primaryImageOfPage\":{\"@id\":\"https:\/\/www.bandi.pl\/blog\/krem-na-dzien-krem-na-noc\/#primaryimage\"},\"image\":{\"@id\":\"https:\/\/www.bandi.pl\/blog\/krem-na-dzien-krem-na-noc\/#primaryimage\"},\"thumbnailUrl\":\"https:\/\/www.bandi.pl\/blog\/wp-content\/uploads\/2015\/04\/krem-na-dzien-krem-na-noc.jpg\",\"datePublished\":\"2015-04-02T14:30:44+00:00\",\"dateModified\":\"2019-11-21T15:51:21+00:00\",\"breadcrumb\":{\"@id\":\"https:\/\/www.bandi.pl\/blog\/krem-na-dzien-krem-na-noc\/#breadcrumb\"},\"inLanguage\":\"pl-PL\",\"potentialAction\":[{\"@type\":\"ReadAction\",\"target\":[\"https:\/\/www.bandi.pl\/blog\/krem-na-dzien-krem-na-noc\/\"]}]},{\"@type\":\"ImageObject\",\"inLanguage\":\"pl-PL\",\"@id\":\"https:\/\/www.bandi.pl\/blog\/krem-na-dzien-krem-na-noc\/#primaryimage\",\"url\":\"https:\/\/www.bandi.pl\/blog\/wp-content\/uploads\/2015\/04\/krem-na-dzien-krem-na-noc.jpg\",\"contentUrl\":\"https:\/\/www.bandi.pl\/blog\/wp-content\/uploads\/2015\/04\/krem-na-dzien-krem-na-noc.jpg\",\"width\":1500,\"height\":1000,\"caption\":\"Krem na dzie\u0144, krem na noc - Kosmetyki i piel\u0119gnacja - Blog BANDI\"},{\"@type\":\"BreadcrumbList\",\"@id\":\"https:\/\/www.bandi.pl\/blog\/krem-na-dzien-krem-na-noc\/#breadcrumb\",\"itemListElement\":[{\"@type\":\"ListItem\",\"position\":1,\"name\":\"BANDI\",\"item\":\"https:\/\/www.bandi.pl\/blog\/\"},{\"@type\":\"ListItem\",\"position\":2,\"name\":\"Krem na dzie\u0144, krem na noc\"}]},{\"@type\":\"WebSite\",\"@id\":\"https:\/\/www.bandi.pl\/blog\/#website\",\"url\":\"https:\/\/www.bandi.pl\/blog\/\",\"name\":\"Blog BANDI\",\"description\":\"Czarno na bia\u0142ym o kosmetykach\",\"publisher\":{\"@id\":\"https:\/\/www.bandi.pl\/blog\/#organization\"},\"potentialAction\":[{\"@type\":\"SearchAction\",\"target\":{\"@type\":\"EntryPoint\",\"urlTemplate\":\"https:\/\/www.bandi.pl\/blog\/?s={search_term_string}\"},\"query-input\":{\"@type\":\"PropertyValueSpecification\",\"valueRequired\":true,\"valueName\":\"search_term_string\"}}],\"inLanguage\":\"pl-PL\"},{\"@type\":\"Organization\",\"@id\":\"https:\/\/www.bandi.pl\/blog\/#organization\",\"name\":\"BANDI\",\"url\":\"https:\/\/www.bandi.pl\/blog\/\",\"logo\":{\"@type\":\"ImageObject\",\"inLanguage\":\"pl-PL\",\"@id\":\"https:\/\/www.bandi.pl\/blog\/#\/schema\/logo\/image\/\",\"url\":\"https:\/\/www.bandi.pl\/blog\/wp-content\/uploads\/2019\/06\/bandi-logo.png\",\"contentUrl\":\"https:\/\/www.bandi.pl\/blog\/wp-content\/uploads\/2019\/06\/bandi-logo.png\",\"width\":264,\"height\":111,\"caption\":\"BANDI\"},\"image\":{\"@id\":\"https:\/\/www.bandi.pl\/blog\/#\/schema\/logo\/image\/\"},\"sameAs\":[\"https:\/\/web.facebook.com\/BANDIcosmetics\",\"https:\/\/x.com\/bandi_cosmetics\",\"https:\/\/www.instagram.com\/bandi_cosmetics\/\",\"https:\/\/www.pinterest.com\/bandicosmetics\/\",\"https:\/\/www.youtube.com\/user\/BandiCosmeticsPolska\"]},{\"@type\":\"Person\",\"@id\":\"https:\/\/www.bandi.pl\/blog\/#\/schema\/person\/6905a8e1379d84df843b078d275c5aea\",\"name\":\"BANDI\",\"sameAs\":[\"https:\/\/www.bandi.pl\/blog\"]}]}<\/script>\n<!-- \/ Yoast SEO plugin. -->","yoast_head_json":{"title":"Krem na dzie\u0144, krem na noc &#187; Blog BANDI","robots":{"index":"index","follow":"follow","max-snippet":"max-snippet:-1","max-image-preview":"max-image-preview:large","max-video-preview":"max-video-preview:-1"},"canonical":"https:\/\/www.bandi.pl\/blog\/krem-na-dzien-krem-na-noc\/","og_locale":"pl_PL","og_type":"article","og_title":"Krem na dzie\u0144, krem na noc &#187; Blog BANDI","og_description":"Piel\u0119gnacja sk\u00f3ry przynosi dobre rezultaty, je\u015bli ustalimy odpowiedni system, kt\u00f3ry stanie si\u0119 naszym nawykiem. Dobre nawyki sprawi\u0105, \u017ce ka\u017cdego dnia b\u0119dziemy czu\u0107 si\u0119 po prostu pi\u0119kniejsze i zadbane. Sk\u00f3ra jest jednym z najwi\u0119kszych organ\u00f3w w naszym ciele. Ma konkretne zadania i funkcje do wype\u0142nienia, ale posiada r\u00f3wnie\u017c sw\u00f3j indywidualny tryb pracy. W czasie snu m\u00f3zg [&hellip;]","og_url":"https:\/\/www.bandi.pl\/blog\/krem-na-dzien-krem-na-noc\/","og_site_name":"Blog BANDI","article_publisher":"https:\/\/web.facebook.com\/BANDIcosmetics","article_published_time":"2015-04-02T14:30:44+00:00","article_modified_time":"2019-11-21T15:51:21+00:00","og_image":[{"width":1500,"height":1000,"url":"https:\/\/www.bandi.pl\/blog\/wp-content\/uploads\/2015\/04\/krem-na-dzien-krem-na-noc.jpg","type":"image\/jpeg"}],"author":"BANDI","twitter_card":"summary_large_image","twitter_creator":"@bandi_cosmetics","twitter_site":"@bandi_cosmetics","twitter_misc":{"Napisane przez":"BANDI","Szacowany czas czytania":"6 minut"},"schema":{"@context":"https:\/\/schema.org","@graph":[{"@type":"Article","@id":"https:\/\/www.bandi.pl\/blog\/krem-na-dzien-krem-na-noc\/#article","isPartOf":{"@id":"https:\/\/www.bandi.pl\/blog\/krem-na-dzien-krem-na-noc\/"},"author":{"name":"BANDI","@id":"https:\/\/www.bandi.pl\/blog\/#\/schema\/person\/6905a8e1379d84df843b078d275c5aea"},"headline":"Krem na dzie\u0144, krem na noc","datePublished":"2015-04-02T14:30:44+00:00","dateModified":"2019-11-21T15:51:21+00:00","mainEntityOfPage":{"@id":"https:\/\/www.bandi.pl\/blog\/krem-na-dzien-krem-na-noc\/"},"wordCount":1230,"commentCount":0,"publisher":{"@id":"https:\/\/www.bandi.pl\/blog\/#organization"},"image":{"@id":"https:\/\/www.bandi.pl\/blog\/krem-na-dzien-krem-na-noc\/#primaryimage"},"thumbnailUrl":"https:\/\/www.bandi.pl\/blog\/wp-content\/uploads\/2015\/04\/krem-na-dzien-krem-na-noc.jpg","keywords":["karboksymetyloglukan","kwasy","retinol","witamina C","witamina E"],"articleSection":["BANDI","Piel\u0119gnacja i kosmetyki"],"inLanguage":"pl-PL","potentialAction":[{"@type":"CommentAction","name":"Comment","target":["https:\/\/www.bandi.pl\/blog\/krem-na-dzien-krem-na-noc\/#respond"]}]},{"@type":"WebPage","@id":"https:\/\/www.bandi.pl\/blog\/krem-na-dzien-krem-na-noc\/","url":"https:\/\/www.bandi.pl\/blog\/krem-na-dzien-krem-na-noc\/","name":"Krem na dzie\u0144, krem na noc &#187; Blog BANDI","isPartOf":{"@id":"https:\/\/www.bandi.pl\/blog\/#website"},"primaryImageOfPage":{"@id":"https:\/\/www.bandi.pl\/blog\/krem-na-dzien-krem-na-noc\/#primaryimage"},"image":{"@id":"https:\/\/www.bandi.pl\/blog\/krem-na-dzien-krem-na-noc\/#primaryimage"},"thumbnailUrl":"https:\/\/www.bandi.pl\/blog\/wp-content\/uploads\/2015\/04\/krem-na-dzien-krem-na-noc.jpg","datePublished":"2015-04-02T14:30:44+00:00","dateModified":"2019-11-21T15:51:21+00:00","breadcrumb":{"@id":"https:\/\/www.bandi.pl\/blog\/krem-na-dzien-krem-na-noc\/#breadcrumb"},"inLanguage":"pl-PL","potentialAction":[{"@type":"ReadAction","target":["https:\/\/www.bandi.pl\/blog\/krem-na-dzien-krem-na-noc\/"]}]},{"@type":"ImageObject","inLanguage":"pl-PL","@id":"https:\/\/www.bandi.pl\/blog\/krem-na-dzien-krem-na-noc\/#primaryimage","url":"https:\/\/www.bandi.pl\/blog\/wp-content\/uploads\/2015\/04\/krem-na-dzien-krem-na-noc.jpg","contentUrl":"https:\/\/www.bandi.pl\/blog\/wp-content\/uploads\/2015\/04\/krem-na-dzien-krem-na-noc.jpg","width":1500,"height":1000,"caption":"Krem na dzie\u0144, krem na noc - Kosmetyki i piel\u0119gnacja - Blog BANDI"},{"@type":"BreadcrumbList","@id":"https:\/\/www.bandi.pl\/blog\/krem-na-dzien-krem-na-noc\/#breadcrumb","itemListElement":[{"@type":"ListItem","position":1,"name":"BANDI","item":"https:\/\/www.bandi.pl\/blog\/"},{"@type":"ListItem","position":2,"name":"Krem na dzie\u0144, krem na noc"}]},{"@type":"WebSite","@id":"https:\/\/www.bandi.pl\/blog\/#website","url":"https:\/\/www.bandi.pl\/blog\/","name":"Blog BANDI","description":"Czarno na bia\u0142ym o kosmetykach","publisher":{"@id":"https:\/\/www.bandi.pl\/blog\/#organization"},"potentialAction":[{"@type":"SearchAction","target":{"@type":"EntryPoint","urlTemplate":"https:\/\/www.bandi.pl\/blog\/?s={search_term_string}"},"query-input":{"@type":"PropertyValueSpecification","valueRequired":true,"valueName":"search_term_string"}}],"inLanguage":"pl-PL"},{"@type":"Organization","@id":"https:\/\/www.bandi.pl\/blog\/#organization","name":"BANDI","url":"https:\/\/www.bandi.pl\/blog\/","logo":{"@type":"ImageObject","inLanguage":"pl-PL","@id":"https:\/\/www.bandi.pl\/blog\/#\/schema\/logo\/image\/","url":"https:\/\/www.bandi.pl\/blog\/wp-content\/uploads\/2019\/06\/bandi-logo.png","contentUrl":"https:\/\/www.bandi.pl\/blog\/wp-content\/uploads\/2019\/06\/bandi-logo.png","width":264,"height":111,"caption":"BANDI"},"image":{"@id":"https:\/\/www.bandi.pl\/blog\/#\/schema\/logo\/image\/"},"sameAs":["https:\/\/web.facebook.com\/BANDIcosmetics","https:\/\/x.com\/bandi_cosmetics","https:\/\/www.instagram.com\/bandi_cosmetics\/","https:\/\/www.pinterest.com\/bandicosmetics\/","https:\/\/www.youtube.com\/user\/BandiCosmeticsPolska"]},{"@type":"Person","@id":"https:\/\/www.bandi.pl\/blog\/#\/schema\/person\/6905a8e1379d84df843b078d275c5aea","name":"BANDI","sameAs":["https:\/\/www.bandi.pl\/blog"]}]}},"_links":{"self":[{"href":"https:\/\/www.bandi.pl\/blog\/wp-json\/wp\/v2\/posts\/494","targetHints":{"allow":["GET"]}}],"collection":[{"href":"https:\/\/www.bandi.pl\/blog\/wp-json\/wp\/v2\/posts"}],"about":[{"href":"https:\/\/www.bandi.pl\/blog\/wp-json\/wp\/v2\/types\/post"}],"author":[{"embeddable":true,"href":"https:\/\/www.bandi.pl\/blog\/wp-json\/wp\/v2\/users\/3"}],"replies":[{"embeddable":true,"href":"https:\/\/www.bandi.pl\/blog\/wp-json\/wp\/v2\/comments?post=494"}],"version-history":[{"count":2,"href":"https:\/\/www.bandi.pl\/blog\/wp-json\/wp\/v2\/posts\/494\/revisions"}],"predecessor-version":[{"id":6070,"href":"https:\/\/www.bandi.pl\/blog\/wp-json\/wp\/v2\/posts\/494\/revisions\/6070"}],"wp:featuredmedia":[{"embeddable":true,"href":"https:\/\/www.bandi.pl\/blog\/wp-json\/wp\/v2\/media\/6069"}],"wp:attachment":[{"href":"https:\/\/www.bandi.pl\/blog\/wp-json\/wp\/v2\/media?parent=494"}],"wp:term":[{"taxonomy":"category","embeddable":true,"href":"https:\/\/www.bandi.pl\/blog\/wp-json\/wp\/v2\/categories?post=494"},{"taxonomy":"post_tag","embeddable":true,"href":"https:\/\/www.bandi.pl\/blog\/wp-json\/wp\/v2\/tags?post=494"}],"curies":[{"name":"wp","href":"https:\/\/api.w.org\/{rel}","templated":true}]}}