{"id":4919,"date":"2019-09-05T09:51:28","date_gmt":"2019-09-05T07:51:28","guid":{"rendered":"https:\/\/www.bandi.pl\/blog\/?p=4919"},"modified":"2019-11-21T16:27:13","modified_gmt":"2019-11-21T15:27:13","slug":"jak-pielegnowac-skore-po-wakacjach","status":"publish","type":"post","link":"https:\/\/www.bandi.pl\/blog\/jak-pielegnowac-skore-po-wakacjach\/","title":{"rendered":"Piel\u0119gnacja po lecie. Porady dla pe\u0142nej regeneracji"},"content":{"rendered":"\n[et_pb_section fb_built=&#8221;1&#8243; _builder_version=&#8221;3.22&#8243;][et_pb_row _builder_version=&#8221;3.25&#8243; background_size=&#8221;initial&#8221; background_position=&#8221;top_left&#8221; background_repeat=&#8221;repeat&#8221;][et_pb_column type=&#8221;4_4&#8243; _builder_version=&#8221;3.25&#8243; custom_padding=&#8221;|||&#8221; custom_padding__hover=&#8221;|||&#8221;][et_pb_text _builder_version=&#8221;4.0.5&#8243; background_size=&#8221;initial&#8221; background_position=&#8221;top_left&#8221; background_repeat=&#8221;repeat&#8221;]<p><!-- divi:paragraph --><strong>S\u0142o\u0144ce, pla\u017ca, morska bryza, u\u015bmiech i pi\u0119kna opalenizna. To, co poprawia nam samopoczucie niestety nie dzia\u0142a korzystnie na nasz\u0105 sk\u00f3r\u0119. D\u0142ugotrwa\u0142e opalanie, k\u0105piele w s\u0142onej wodzie, wiatr czy piasek mog\u0105 przyczyni\u0107 si\u0119 do jej przesuszenia, podra\u017cnie\u0144 a nawet przebarwie\u0144. Jak powinna wygl\u0105da\u0107 piel\u0119gnacja po lecie? Od czego zacz\u0105\u0107?<\/strong><\/p>\n<p><!-- \/divi:paragraph --> <!-- divi:heading --><\/p>\n<h2>Regeneracja sk\u00f3ry po wakacjach &#8211; od czego zacz\u0105\u0107?<\/h2>\n<p><!-- \/divi:heading --> <!-- divi:paragraph -->Po pierwsze piel\u0119gnacja po lecie musi skupia\u0107 si\u0119 wok\u00f3\u0142 oczyszczanie i z\u0142uszczanie. Dzi\u0119ki tym prostym zabiegom pozb\u0119dziemy si\u0119 martwego nask\u00f3rka, od\u015bwie\u017cymy cer\u0119, usuniemy zask\u00f3rniki i zniwelujemy drobne przebarwienia pos\u0142oneczne. Mo\u017cliwo\u015bci dzia\u0142ania mamy wiele. Domowe sposoby to peelingi dobrane do typu sk\u00f3ry: drobno i \u015brednioziarniste, enzymatyczne czy te\u017c kwasowe. Mo\u017cesz postawi\u0107 na <a href=\"https:\/\/www.bandi.pl\/sklep\/maski\/maska-gommage-z-aktywna-witamina-c-733\/\">poprawiaj\u0105ce koloryt maski<\/a>, kt\u00f3re \u0142\u0105cz\u0105 w sobie w\u0142a\u015bciwo\u015bci z\u0142uszczaj\u0105ce z regeneruj\u0105cymi.<\/p>\n<p><!-- \/divi:paragraph --> <!-- divi:heading {\"level\":3} --><\/p>\n<h2>A mo\u017ce uda\u0107 si\u0119 do profesjonalnego salonu kosmetycznego?<\/h2>\n<p><!-- \/divi:heading --> <!-- divi:paragraph -->Wa\u017cn\u0105 rol\u0119 w poprawie kondycji sk\u00f3ry po lecie odgrywaj\u0105 profesjonalne zabiegi w salonach kosmetycznych i gabinetach medycyny estetycznej. Kosmetyczka, kosmetolog czy lekarz dobior\u0105 do typu i stanu twojej sk\u00f3ry odpowiednie substancje aktywne, dzi\u0119ki kt\u00f3rym pozb\u0119dziesz si\u0119 przebarwie\u0144, ale te\u017c odbudujesz, odnowisz a nawet od\u017cywisz sk\u00f3r\u0119. Polecam szczeg\u00f3lnie zabiegi oczyszczaj\u0105ce jak kawitacja, mikrodermabrazja i oksybrazja, zabiegi z wy\u017cszymi st\u0119\u017ceniami kwas\u00f3w, czy wszelkie mezoterapie i infuzj\u0119 tlenow\u0105 oraz lasery.<\/p>\n<p><!-- \/divi:paragraph --> <!-- divi:heading {\"level\":3} --><\/p>\n<h2>Nawil\u017canie sk\u00f3ry &#8211; najwa\u017cniejsze w piel\u0119gnacji cery po lecie!<\/h2>\n<p><!-- \/divi:heading --> <!-- divi:paragraph -->Bez wzgl\u0119du na to, jaki typ sk\u00f3ry posiadasz nawil\u017caj, nawil\u017caj i jeszcze raz nawil\u017caj. Po wakacjach sk\u00f3ra b\u0119dzie chcia\u0142a pi\u0107, a Ty musisz o to zadba\u0107 zar\u00f3wno od zewn\u0105trz jak i od wewn\u0105trz. Dlatego te\u017c postaw na preparaty nawil\u017caj\u0105ce, w kt\u00f3rych sk\u0142adzie znajdziesz mas\u0142o Shea, kwas hialuronowy, witaminy czy koj\u0105cy D-panthenol oraz alantoin\u0119. Wypijaj conajmniej 2 litry wody dziennie. Pomy\u015bl tak\u017ce o nawil\u017caniu powietrza w pomieszczeniu, w kt\u00f3rym przebywasz. A je\u015bli szukasz dla siebie odpowiednich produkt\u00f3w nawil\u017caj\u0105cych polecam szczeg\u00f3lnie seri\u0119 <a href=\"https:\/\/www.bandi.pl\/sklep\/katalog\/seria\/21_hydro-care\/\">Hydro care<\/a> oraz <a href=\"https:\/\/www.bandi.pl\/sklep\/katalog\/seria\/74_medical-anti-dry\/\">Anti &#8211; dry<\/a>.<\/p>\n<p><!-- \/divi:paragraph --> <!-- divi:heading {\"level\":3} --><\/p>\n<h2>Od\u017cywienie sk\u00f3ry &#8211; popraw kondycj\u0119 cery!<\/h2>\n<p><!-- \/divi:heading --> <!-- divi:paragraph -->Czas na odbudow\u0119 i od\u017cywienie sk\u00f3ry. Cz\u0119sto nie zdajemy sobie sprawy z tego, jakie zniszczenia w naszej sk\u00f3rze powoduje promieniowanie UV. Zapewne wiesz o fotostarzeniu, ale do\u0142\u00f3\u017cmy do tego jeszcze przebarwienia czy te\u017c zachwian\u0105 ochron\u0119 hydrolipidow\u0105 naszej sk\u00f3ry. Dlatego te\u017c kolejnym krokiem w piel\u0119gnacji cery po lecie, zaraz po oczyszczaniu, z\u0142uszczaniu i nawil\u017caniu powinna by\u0107 odbudowa naturalnego p\u0142aszcza ochronnego sk\u00f3ry, zadbanie o <a href=\"https:\/\/www.bandi.pl\/sklep\/katalog\/seria\/84_ecofriendly-care\/\">prawid\u0142owy mikrobiom<\/a> oraz dostarczenie od\u017cywczych substancji. I tutaj dzia\u0142aj preparatami, kt\u00f3re w sk\u0142adzie posiadaj\u0105 witaminy A, E, C. Si\u0119gaj po antyoksydanty, wyci\u0105gi ro\u015blinne, trehaloz\u0119, probiotyki.<\/p>\n<p><!-- \/divi:paragraph --> <!-- divi:paragraph -->Na szczeg\u00f3ln\u0105\u00a0uwag\u0119 zas\u0142uguje strefa wok\u00f3\u0142 oczu, bo tutaj najszybciej zauwa\u017cysz przesuszenie,\u00a0ale i pierwsze zmarszczki. Zafunduj sk\u00f3rze zastrzyk nawil\u017cenia, jak i\u00a0od\u017cywienia. Postaw na kuracje i maski ca\u0142onocne, kt\u00f3re w swoich<br \/> formu\u0142ach b\u0119d\u0105 zawiera\u0142y witaminy A, E, C, mas\u0142o Shea, kwas hialuronowy,\u00a0gliceryn\u0119, czy kolagen.<\/p>\n<p><!-- \/divi:paragraph --> <!-- divi:heading {\"level\":3} --><\/p>\n<h2>Filtry UV &#8211; nie mo\u017cesz o nich zapomnie\u0107!<\/h2>\n<p><!-- \/divi:heading --> <!-- divi:paragraph -->Mimo tego, i\u017c jeste\u015b ju\u017c po wakacjach nie rezygnuj ze stosowania <a href=\"https:\/\/www.bandi.pl\/sklep\/katalog.php?wyr=SPF\">filtr\u00f3w UV<\/a>, zw\u0142aszcza je\u015bli podejmiesz dzia\u0142ania z\u0142uszczaj\u0105ce lub te\u017c rozpoczniesz silniejsze zabiegi, dzi\u0119ki kt\u00f3rym pozb\u0119dziesz si\u0119 przebarwie\u0144. Pami\u0119taj, \u017ce usuwaj\u0105c starsze warstwy nask\u00f3rka odkrywasz m\u0142odsz\u0105 sk\u00f3r\u0119, a ona jest szczeg\u00f3lnie podatna na promieniowanie. Dlatego chro\u0144 j\u0105 przed szkodliwym dzia\u0142aniem UV. Stosuj filtry z wysokim SPF przez ca\u0142y okres trwania kuracji z kwasami oraz zabieg\u00f3w w salonach kosmetycznych i gabinetach medycyny estetycznej!<\/p>\n<p><!-- \/divi:paragraph --><\/p>[\/et_pb_text][\/et_pb_column][\/et_pb_row][\/et_pb_section]\n","protected":false},"excerpt":{"rendered":"<p>S\u0142o\u0144ce, pla\u017ca, morska bryza, u\u015bmiech i&nbsp;pi\u0119kna opalenizna. To,&nbsp;co&nbsp;poprawia nam samopoczucie niestety nie dzia\u0142a korzystnie na&nbsp;nasz\u0105 sk\u00f3r\u0119. D\u0142ugotrwa\u0142e opalanie, k\u0105piele w s\u0142onej&#8230;<\/p>\n","protected":false},"author":3,"featured_media":5254,"comment_status":"open","ping_status":"closed","sticky":false,"template":"","format":"standard","meta":{"_et_pb_use_builder":"on","_et_pb_old_content":"<!-- wp:paragraph -->\n<p>S\u0142o\u0144ce, pla\u017ca, morska bryza, u\u015bmiech i pi\u0119kna opalenizna. To, co poprawia nam samopoczucie niestety nie dzia\u0142a korzystnie na nasz\u0105 sk\u00f3r\u0119. D\u0142ugotrwa\u0142e opalanie, k\u0105piele w s\u0142onej wodzie, wiatr czy piasek mog\u0105 przyczyni\u0107 si\u0119 do jej przesuszenia, podra\u017cnie\u0144 a nawet przebarwie\u0144. Jak powinna wygl\u0105da\u0107 piel\u0119gnacja po lecie? Od czego zacz\u0105\u0107? <\/p>\n<!-- \/wp:paragraph -->\n\n<!-- wp:heading -->\n<h2>Regeneracja sk\u00f3ry po wakacjach - od czego zacz\u0105\u0107? <\/h2>\n<!-- \/wp:heading -->\n\n<!-- wp:paragraph -->\n<p>Po pierwsze piel\u0119gnacja po lecie musi skupia\u0107 si\u0119 wok\u00f3\u0142 oczyszczanie i z\u0142uszczanie. Dzi\u0119ki tym prostym zabiegom pozb\u0119dziemy si\u0119 martwego nask\u00f3rka, od\u015bwie\u017cymy cer\u0119, usuniemy zask\u00f3rniki i zniwelujemy drobne przebarwienia pos\u0142oneczne. Mo\u017cliwo\u015bci dzia\u0142ania mamy wiele. Domowe sposoby to peelingi dobrane do typu sk\u00f3ry: drobno i \u015brednioziarniste, enzymatyczne czy te\u017c kwasowe. Mo\u017cesz postawi\u0107 na <a href=\"https:\/\/www.bandi.pl\/sklep\/maski\/maska-gommage-z-aktywna-witamina-c-733\/\">poprawiaj\u0105ce koloryt maski<\/a>, kt\u00f3re \u0142\u0105cz\u0105 w sobie w\u0142a\u015bciwo\u015bci z\u0142uszczaj\u0105ce z regeneruj\u0105cymi.<\/p>\n<!-- \/wp:paragraph -->\n\n<!-- wp:heading {\"level\":3} -->\n<h3>A mo\u017ce uda\u0107 si\u0119 do profesjonalnego salonu kosmetycznego?<\/h3>\n<!-- \/wp:heading -->\n\n<!-- wp:paragraph -->\n<p>Wa\u017cn\u0105 rol\u0119 w poprawie kondycji sk\u00f3ry po lecie odgrywaj\u0105 profesjonalne zabiegi w salonach kosmetycznych i gabinetach medycyny estetycznej. Kosmetyczka, kosmetolog czy lekarz dobior\u0105 do typu i stanu twojej sk\u00f3ry odpowiednie substancje aktywne, dzi\u0119ki kt\u00f3rym pozb\u0119dziesz si\u0119 przebarwie\u0144, ale te\u017c odbudujesz, odnowisz a nawet od\u017cywisz sk\u00f3r\u0119. Polecam szczeg\u00f3lnie zabiegi oczyszczaj\u0105ce jak kawitacja, mikrodermabrazja i oksybrazja, zabiegi z wy\u017cszymi st\u0119\u017ceniami kwas\u00f3w, czy wszelkie mezoterapie i infuzj\u0119 tlenow\u0105 oraz lasery. <\/p>\n<!-- \/wp:paragraph -->\n\n<!-- wp:heading {\"level\":3} -->\n<h3>Nawil\u017canie sk\u00f3ry - najwa\u017cniejsze w  piel\u0119gnacji cery po lecie! <\/h3>\n<!-- \/wp:heading -->\n\n<!-- wp:paragraph -->\n<p>Bez wzgl\u0119du na to, jaki typ sk\u00f3ry posiadasz nawil\u017caj, nawil\u017caj i jeszcze raz nawil\u017caj. Po wakacjach sk\u00f3ra b\u0119dzie chcia\u0142a pi\u0107, a Ty musisz o to zadba\u0107 zar\u00f3wno od zewn\u0105trz jak i od wewn\u0105trz. Dlatego te\u017c postaw na preparaty nawil\u017caj\u0105ce, w kt\u00f3rych sk\u0142adzie znajdziesz mas\u0142o Shea, kwas hialuronowy, witaminy czy koj\u0105cy D-panthenol oraz alantoin\u0119. Wypijaj conajmniej 2 litry wody dziennie. Pomy\u015bl tak\u017ce o nawil\u017caniu powietrza w pomieszczeniu, w kt\u00f3rym przebywasz. A je\u015bli szukasz dla siebie odpowiednich produkt\u00f3w nawil\u017caj\u0105cych polecam szczeg\u00f3lnie seri\u0119 <a href=\"https:\/\/www.bandi.pl\/sklep\/katalog\/seria\/21_hydro-care\/\">Hydro care<\/a> oraz <a href=\"https:\/\/www.bandi.pl\/sklep\/katalog\/seria\/74_medical-anti-dry\/\">Anti - dry<\/a>. <\/p>\n<!-- \/wp:paragraph -->\n\n<!-- wp:heading {\"level\":3} -->\n<h3>Od\u017cywienie sk\u00f3ry - popraw kondycj\u0119 cery!<\/h3>\n<!-- \/wp:heading -->\n\n<!-- wp:paragraph -->\n<p>Czas na odbudow\u0119 i od\u017cywienie sk\u00f3ry. Cz\u0119sto nie zdajemy sobie sprawy z tego, jakie zniszczenia w naszej sk\u00f3rze powoduje promieniowanie UV. Zapewne wiesz o fotostarzeniu, ale do\u0142\u00f3\u017cmy do tego jeszcze przebarwienia czy te\u017c zachwian\u0105 ochron\u0119 hydrolipidow\u0105 naszej sk\u00f3ry. Dlatego te\u017c kolejnym krokiem w piel\u0119gnacji cery po lecie, zaraz po oczyszczaniu, z\u0142uszczaniu i nawil\u017caniu powinna by\u0107 odbudowa naturalnego p\u0142aszcza ochronnego sk\u00f3ry, zadbanie o <a href=\"https:\/\/www.bandi.pl\/sklep\/katalog\/seria\/84_ecofriendly-care\/\">prawid\u0142owy mikrobiom<\/a> oraz dostarczenie od\u017cywczych substancji. I tutaj dzia\u0142aj preparatami, kt\u00f3re w sk\u0142adzie posiadaj\u0105 witaminy A, E, C. Si\u0119gaj po antyoksydanty, wyci\u0105gi ro\u015blinne, trehaloz\u0119, probiotyki. <\/p>\n<!-- \/wp:paragraph -->\n\n<!-- wp:paragraph -->\n<p>Na szczeg\u00f3lna\nuwag\u0119 zas\u0142uguje strefa wok\u00f3\u0142 oczu, bo tutaj najszybciej zauwa\u017cysz przesuszenie,\nale i pierwsze zmarszczki. Zafunduj sk\u00f3rze zastrzyk nawil\u017cenia, jak i\nod\u017cywienia. Postaw na kuracje i maski ca\u0142onocne, kt\u00f3re w swoich\nformu\u0142ach b\u0119d\u0105 zawiera\u0142y witaminy A, E, C, mas\u0142o Shea, kwas hialuronowy,\ngliceryn\u0119, czy kolagen. <\/p>\n<!-- \/wp:paragraph -->\n\n<!-- wp:heading {\"level\":3} -->\n<h3>Filtry UV - nie mo\u017cesz o nich zapomnie\u0107!<\/h3>\n<!-- \/wp:heading -->\n\n<!-- wp:paragraph -->\n<p>Mimo tego, i\u017c jeste\u015b ju\u017c po wakacjach nie rezygnuj ze stosowania <a href=\"https:\/\/www.bandi.pl\/sklep\/katalog.php?wyr=SPF\">filtr\u00f3w UV<\/a>, zw\u0142aszcza je\u015bli podejmiesz dzia\u0142ania z\u0142uszczaj\u0105ce lub te\u017c rozpoczniesz silniejsze zabiegi, dzi\u0119ki kt\u00f3rym pozb\u0119dziesz si\u0119 przebarwie\u0144. Pami\u0119taj, \u017ce usuwaj\u0105c starsze warstwy nask\u00f3rka odkrywasz m\u0142odsz\u0105 sk\u00f3r\u0119, a ona jest szczeg\u00f3lnie podatna na promieniowanie. Dlatego chro\u0144 j\u0105 przed szkodliwym dzia\u0142aniem UV. Stosuj filtry z wysokim SPF przez ca\u0142y okres trwania kuracji z kwasami oraz zabieg\u00f3w w salonach kosmetycznych i gabinetach medycyny estetycznej! <\/p>\n<!-- \/wp:paragraph -->","_et_gb_content_width":"","footnotes":""},"categories":[2049,2018],"tags":[2013,2016,59,97,2012,2015,2017,2014],"class_list":["post-4919","post","type-post","status-publish","format-standard","has-post-thumbnail","hentry","category-coco-collection","category-kategoria-vloger-poleca","tag-hit","tag-kosmetyki-po-lecie","tag-nawilzanie","tag-nawilzenie","tag-polecamy","tag-porada","tag-regeneracja-skory","tag-wskazowki"],"yoast_head":"<!-- This site is optimized with the Yoast SEO plugin v27.1.1 - https:\/\/yoast.com\/product\/yoast-seo-wordpress\/ -->\n<title>Piel\u0119gnacja po lecie. Porady dla pe\u0142nej regeneracji &#187; Blog BANDI<\/title>\n<meta name=\"description\" content=\"Piel\u0119gnacja sk\u00f3ry po lecie? Poznaj najwa\u017cniejsze wskaz\u00f3wki dla pe\u0142nej regeneracji! Poznaj polecane kosmetyki nawil\u017caj\u0105ce i regeneruj\u0105ce.\" \/>\n<meta name=\"robots\" content=\"index, follow, max-snippet:-1, max-image-preview:large, max-video-preview:-1\" \/>\n<link rel=\"canonical\" href=\"https:\/\/www.bandi.pl\/blog\/jak-pielegnowac-skore-po-wakacjach\/\" \/>\n<meta property=\"og:locale\" content=\"pl_PL\" \/>\n<meta property=\"og:type\" content=\"article\" \/>\n<meta property=\"og:title\" content=\"Piel\u0119gnacja po lecie. Porady dla pe\u0142nej regeneracji &#187; Blog BANDI\" \/>\n<meta property=\"og:description\" content=\"Piel\u0119gnacja sk\u00f3ry po lecie? Poznaj najwa\u017cniejsze wskaz\u00f3wki dla pe\u0142nej regeneracji! Poznaj polecane kosmetyki nawil\u017caj\u0105ce i regeneruj\u0105ce.\" \/>\n<meta property=\"og:url\" content=\"https:\/\/www.bandi.pl\/blog\/jak-pielegnowac-skore-po-wakacjach\/\" \/>\n<meta property=\"og:site_name\" content=\"Blog BANDI\" \/>\n<meta property=\"article:publisher\" content=\"https:\/\/web.facebook.com\/BANDIcosmetics\" \/>\n<meta property=\"article:published_time\" content=\"2019-09-05T07:51:28+00:00\" \/>\n<meta property=\"article:modified_time\" content=\"2019-11-21T15:27:13+00:00\" \/>\n<meta property=\"og:image\" content=\"https:\/\/www.bandi.pl\/blog\/wp-content\/uploads\/2019\/11\/pielegnacja-skory-po-wakacjach.jpg\" \/>\n\t<meta property=\"og:image:width\" content=\"2000\" \/>\n\t<meta property=\"og:image:height\" content=\"1333\" \/>\n\t<meta property=\"og:image:type\" content=\"image\/jpeg\" \/>\n<meta name=\"author\" content=\"BANDI\" \/>\n<meta name=\"twitter:card\" content=\"summary_large_image\" \/>\n<meta name=\"twitter:creator\" content=\"@bandi_cosmetics\" \/>\n<meta name=\"twitter:site\" content=\"@bandi_cosmetics\" \/>\n<meta name=\"twitter:label1\" content=\"Napisane przez\" \/>\n\t<meta name=\"twitter:data1\" content=\"BANDI\" \/>\n\t<meta name=\"twitter:label2\" content=\"Szacowany czas czytania\" \/>\n\t<meta name=\"twitter:data2\" content=\"3 minuty\" \/>\n<script type=\"application\/ld+json\" class=\"yoast-schema-graph\">{\"@context\":\"https:\/\/schema.org\",\"@graph\":[{\"@type\":\"Article\",\"@id\":\"https:\/\/www.bandi.pl\/blog\/jak-pielegnowac-skore-po-wakacjach\/#article\",\"isPartOf\":{\"@id\":\"https:\/\/www.bandi.pl\/blog\/jak-pielegnowac-skore-po-wakacjach\/\"},\"author\":{\"name\":\"BANDI\",\"@id\":\"https:\/\/www.bandi.pl\/blog\/#\/schema\/person\/6905a8e1379d84df843b078d275c5aea\"},\"headline\":\"Piel\u0119gnacja po lecie. Porady dla pe\u0142nej regeneracji\",\"datePublished\":\"2019-09-05T07:51:28+00:00\",\"dateModified\":\"2019-11-21T15:27:13+00:00\",\"mainEntityOfPage\":{\"@id\":\"https:\/\/www.bandi.pl\/blog\/jak-pielegnowac-skore-po-wakacjach\/\"},\"wordCount\":708,\"commentCount\":0,\"publisher\":{\"@id\":\"https:\/\/www.bandi.pl\/blog\/#organization\"},\"image\":{\"@id\":\"https:\/\/www.bandi.pl\/blog\/jak-pielegnowac-skore-po-wakacjach\/#primaryimage\"},\"thumbnailUrl\":\"https:\/\/www.bandi.pl\/blog\/wp-content\/uploads\/2019\/11\/pielegnacja-skory-po-wakacjach.jpg\",\"keywords\":[\"hit\",\"kosmetyki po lecie\",\"nawil\u017canie\",\"nawil\u017cenie\",\"polecamy\",\"porada\",\"regeneracja sk\u00f3ry\",\"wskaz\u00f3wki\"],\"articleSection\":[\"Coco Collection\",\"Vloger poleca\"],\"inLanguage\":\"pl-PL\",\"potentialAction\":[{\"@type\":\"CommentAction\",\"name\":\"Comment\",\"target\":[\"https:\/\/www.bandi.pl\/blog\/jak-pielegnowac-skore-po-wakacjach\/#respond\"]}]},{\"@type\":\"WebPage\",\"@id\":\"https:\/\/www.bandi.pl\/blog\/jak-pielegnowac-skore-po-wakacjach\/\",\"url\":\"https:\/\/www.bandi.pl\/blog\/jak-pielegnowac-skore-po-wakacjach\/\",\"name\":\"Piel\u0119gnacja po lecie. Porady dla pe\u0142nej regeneracji &#187; Blog BANDI\",\"isPartOf\":{\"@id\":\"https:\/\/www.bandi.pl\/blog\/#website\"},\"primaryImageOfPage\":{\"@id\":\"https:\/\/www.bandi.pl\/blog\/jak-pielegnowac-skore-po-wakacjach\/#primaryimage\"},\"image\":{\"@id\":\"https:\/\/www.bandi.pl\/blog\/jak-pielegnowac-skore-po-wakacjach\/#primaryimage\"},\"thumbnailUrl\":\"https:\/\/www.bandi.pl\/blog\/wp-content\/uploads\/2019\/11\/pielegnacja-skory-po-wakacjach.jpg\",\"datePublished\":\"2019-09-05T07:51:28+00:00\",\"dateModified\":\"2019-11-21T15:27:13+00:00\",\"description\":\"Piel\u0119gnacja sk\u00f3ry po lecie? Poznaj najwa\u017cniejsze wskaz\u00f3wki dla pe\u0142nej regeneracji! Poznaj polecane kosmetyki nawil\u017caj\u0105ce i regeneruj\u0105ce.\",\"breadcrumb\":{\"@id\":\"https:\/\/www.bandi.pl\/blog\/jak-pielegnowac-skore-po-wakacjach\/#breadcrumb\"},\"inLanguage\":\"pl-PL\",\"potentialAction\":[{\"@type\":\"ReadAction\",\"target\":[\"https:\/\/www.bandi.pl\/blog\/jak-pielegnowac-skore-po-wakacjach\/\"]}]},{\"@type\":\"ImageObject\",\"inLanguage\":\"pl-PL\",\"@id\":\"https:\/\/www.bandi.pl\/blog\/jak-pielegnowac-skore-po-wakacjach\/#primaryimage\",\"url\":\"https:\/\/www.bandi.pl\/blog\/wp-content\/uploads\/2019\/11\/pielegnacja-skory-po-wakacjach.jpg\",\"contentUrl\":\"https:\/\/www.bandi.pl\/blog\/wp-content\/uploads\/2019\/11\/pielegnacja-skory-po-wakacjach.jpg\",\"width\":2000,\"height\":1333,\"caption\":\"Piel\u0119gnacja po lecie. Porady dla pe\u0142nej regeneracji\"},{\"@type\":\"BreadcrumbList\",\"@id\":\"https:\/\/www.bandi.pl\/blog\/jak-pielegnowac-skore-po-wakacjach\/#breadcrumb\",\"itemListElement\":[{\"@type\":\"ListItem\",\"position\":1,\"name\":\"BANDI\",\"item\":\"https:\/\/www.bandi.pl\/blog\/\"},{\"@type\":\"ListItem\",\"position\":2,\"name\":\"Piel\u0119gnacja po lecie. Porady dla pe\u0142nej regeneracji\"}]},{\"@type\":\"WebSite\",\"@id\":\"https:\/\/www.bandi.pl\/blog\/#website\",\"url\":\"https:\/\/www.bandi.pl\/blog\/\",\"name\":\"Blog BANDI\",\"description\":\"Czarno na bia\u0142ym o kosmetykach\",\"publisher\":{\"@id\":\"https:\/\/www.bandi.pl\/blog\/#organization\"},\"potentialAction\":[{\"@type\":\"SearchAction\",\"target\":{\"@type\":\"EntryPoint\",\"urlTemplate\":\"https:\/\/www.bandi.pl\/blog\/?s={search_term_string}\"},\"query-input\":{\"@type\":\"PropertyValueSpecification\",\"valueRequired\":true,\"valueName\":\"search_term_string\"}}],\"inLanguage\":\"pl-PL\"},{\"@type\":\"Organization\",\"@id\":\"https:\/\/www.bandi.pl\/blog\/#organization\",\"name\":\"BANDI\",\"url\":\"https:\/\/www.bandi.pl\/blog\/\",\"logo\":{\"@type\":\"ImageObject\",\"inLanguage\":\"pl-PL\",\"@id\":\"https:\/\/www.bandi.pl\/blog\/#\/schema\/logo\/image\/\",\"url\":\"https:\/\/www.bandi.pl\/blog\/wp-content\/uploads\/2019\/06\/bandi-logo.png\",\"contentUrl\":\"https:\/\/www.bandi.pl\/blog\/wp-content\/uploads\/2019\/06\/bandi-logo.png\",\"width\":264,\"height\":111,\"caption\":\"BANDI\"},\"image\":{\"@id\":\"https:\/\/www.bandi.pl\/blog\/#\/schema\/logo\/image\/\"},\"sameAs\":[\"https:\/\/web.facebook.com\/BANDIcosmetics\",\"https:\/\/x.com\/bandi_cosmetics\",\"https:\/\/www.instagram.com\/bandi_cosmetics\/\",\"https:\/\/www.pinterest.com\/bandicosmetics\/\",\"https:\/\/www.youtube.com\/user\/BandiCosmeticsPolska\"]},{\"@type\":\"Person\",\"@id\":\"https:\/\/www.bandi.pl\/blog\/#\/schema\/person\/6905a8e1379d84df843b078d275c5aea\",\"name\":\"BANDI\",\"sameAs\":[\"https:\/\/www.bandi.pl\/blog\"]}]}<\/script>\n<!-- \/ Yoast SEO plugin. -->","yoast_head_json":{"title":"Piel\u0119gnacja po lecie. Porady dla pe\u0142nej regeneracji &#187; Blog BANDI","description":"Piel\u0119gnacja sk\u00f3ry po lecie? Poznaj najwa\u017cniejsze wskaz\u00f3wki dla pe\u0142nej regeneracji! Poznaj polecane kosmetyki nawil\u017caj\u0105ce i regeneruj\u0105ce.","robots":{"index":"index","follow":"follow","max-snippet":"max-snippet:-1","max-image-preview":"max-image-preview:large","max-video-preview":"max-video-preview:-1"},"canonical":"https:\/\/www.bandi.pl\/blog\/jak-pielegnowac-skore-po-wakacjach\/","og_locale":"pl_PL","og_type":"article","og_title":"Piel\u0119gnacja po lecie. Porady dla pe\u0142nej regeneracji &#187; Blog BANDI","og_description":"Piel\u0119gnacja sk\u00f3ry po lecie? Poznaj najwa\u017cniejsze wskaz\u00f3wki dla pe\u0142nej regeneracji! Poznaj polecane kosmetyki nawil\u017caj\u0105ce i regeneruj\u0105ce.","og_url":"https:\/\/www.bandi.pl\/blog\/jak-pielegnowac-skore-po-wakacjach\/","og_site_name":"Blog BANDI","article_publisher":"https:\/\/web.facebook.com\/BANDIcosmetics","article_published_time":"2019-09-05T07:51:28+00:00","article_modified_time":"2019-11-21T15:27:13+00:00","og_image":[{"width":2000,"height":1333,"url":"https:\/\/www.bandi.pl\/blog\/wp-content\/uploads\/2019\/11\/pielegnacja-skory-po-wakacjach.jpg","type":"image\/jpeg"}],"author":"BANDI","twitter_card":"summary_large_image","twitter_creator":"@bandi_cosmetics","twitter_site":"@bandi_cosmetics","twitter_misc":{"Napisane przez":"BANDI","Szacowany czas czytania":"3 minuty"},"schema":{"@context":"https:\/\/schema.org","@graph":[{"@type":"Article","@id":"https:\/\/www.bandi.pl\/blog\/jak-pielegnowac-skore-po-wakacjach\/#article","isPartOf":{"@id":"https:\/\/www.bandi.pl\/blog\/jak-pielegnowac-skore-po-wakacjach\/"},"author":{"name":"BANDI","@id":"https:\/\/www.bandi.pl\/blog\/#\/schema\/person\/6905a8e1379d84df843b078d275c5aea"},"headline":"Piel\u0119gnacja po lecie. Porady dla pe\u0142nej regeneracji","datePublished":"2019-09-05T07:51:28+00:00","dateModified":"2019-11-21T15:27:13+00:00","mainEntityOfPage":{"@id":"https:\/\/www.bandi.pl\/blog\/jak-pielegnowac-skore-po-wakacjach\/"},"wordCount":708,"commentCount":0,"publisher":{"@id":"https:\/\/www.bandi.pl\/blog\/#organization"},"image":{"@id":"https:\/\/www.bandi.pl\/blog\/jak-pielegnowac-skore-po-wakacjach\/#primaryimage"},"thumbnailUrl":"https:\/\/www.bandi.pl\/blog\/wp-content\/uploads\/2019\/11\/pielegnacja-skory-po-wakacjach.jpg","keywords":["hit","kosmetyki po lecie","nawil\u017canie","nawil\u017cenie","polecamy","porada","regeneracja sk\u00f3ry","wskaz\u00f3wki"],"articleSection":["Coco Collection","Vloger poleca"],"inLanguage":"pl-PL","potentialAction":[{"@type":"CommentAction","name":"Comment","target":["https:\/\/www.bandi.pl\/blog\/jak-pielegnowac-skore-po-wakacjach\/#respond"]}]},{"@type":"WebPage","@id":"https:\/\/www.bandi.pl\/blog\/jak-pielegnowac-skore-po-wakacjach\/","url":"https:\/\/www.bandi.pl\/blog\/jak-pielegnowac-skore-po-wakacjach\/","name":"Piel\u0119gnacja po lecie. Porady dla pe\u0142nej regeneracji &#187; Blog BANDI","isPartOf":{"@id":"https:\/\/www.bandi.pl\/blog\/#website"},"primaryImageOfPage":{"@id":"https:\/\/www.bandi.pl\/blog\/jak-pielegnowac-skore-po-wakacjach\/#primaryimage"},"image":{"@id":"https:\/\/www.bandi.pl\/blog\/jak-pielegnowac-skore-po-wakacjach\/#primaryimage"},"thumbnailUrl":"https:\/\/www.bandi.pl\/blog\/wp-content\/uploads\/2019\/11\/pielegnacja-skory-po-wakacjach.jpg","datePublished":"2019-09-05T07:51:28+00:00","dateModified":"2019-11-21T15:27:13+00:00","description":"Piel\u0119gnacja sk\u00f3ry po lecie? Poznaj najwa\u017cniejsze wskaz\u00f3wki dla pe\u0142nej regeneracji! Poznaj polecane kosmetyki nawil\u017caj\u0105ce i regeneruj\u0105ce.","breadcrumb":{"@id":"https:\/\/www.bandi.pl\/blog\/jak-pielegnowac-skore-po-wakacjach\/#breadcrumb"},"inLanguage":"pl-PL","potentialAction":[{"@type":"ReadAction","target":["https:\/\/www.bandi.pl\/blog\/jak-pielegnowac-skore-po-wakacjach\/"]}]},{"@type":"ImageObject","inLanguage":"pl-PL","@id":"https:\/\/www.bandi.pl\/blog\/jak-pielegnowac-skore-po-wakacjach\/#primaryimage","url":"https:\/\/www.bandi.pl\/blog\/wp-content\/uploads\/2019\/11\/pielegnacja-skory-po-wakacjach.jpg","contentUrl":"https:\/\/www.bandi.pl\/blog\/wp-content\/uploads\/2019\/11\/pielegnacja-skory-po-wakacjach.jpg","width":2000,"height":1333,"caption":"Piel\u0119gnacja po lecie. Porady dla pe\u0142nej regeneracji"},{"@type":"BreadcrumbList","@id":"https:\/\/www.bandi.pl\/blog\/jak-pielegnowac-skore-po-wakacjach\/#breadcrumb","itemListElement":[{"@type":"ListItem","position":1,"name":"BANDI","item":"https:\/\/www.bandi.pl\/blog\/"},{"@type":"ListItem","position":2,"name":"Piel\u0119gnacja po lecie. Porady dla pe\u0142nej regeneracji"}]},{"@type":"WebSite","@id":"https:\/\/www.bandi.pl\/blog\/#website","url":"https:\/\/www.bandi.pl\/blog\/","name":"Blog BANDI","description":"Czarno na bia\u0142ym o kosmetykach","publisher":{"@id":"https:\/\/www.bandi.pl\/blog\/#organization"},"potentialAction":[{"@type":"SearchAction","target":{"@type":"EntryPoint","urlTemplate":"https:\/\/www.bandi.pl\/blog\/?s={search_term_string}"},"query-input":{"@type":"PropertyValueSpecification","valueRequired":true,"valueName":"search_term_string"}}],"inLanguage":"pl-PL"},{"@type":"Organization","@id":"https:\/\/www.bandi.pl\/blog\/#organization","name":"BANDI","url":"https:\/\/www.bandi.pl\/blog\/","logo":{"@type":"ImageObject","inLanguage":"pl-PL","@id":"https:\/\/www.bandi.pl\/blog\/#\/schema\/logo\/image\/","url":"https:\/\/www.bandi.pl\/blog\/wp-content\/uploads\/2019\/06\/bandi-logo.png","contentUrl":"https:\/\/www.bandi.pl\/blog\/wp-content\/uploads\/2019\/06\/bandi-logo.png","width":264,"height":111,"caption":"BANDI"},"image":{"@id":"https:\/\/www.bandi.pl\/blog\/#\/schema\/logo\/image\/"},"sameAs":["https:\/\/web.facebook.com\/BANDIcosmetics","https:\/\/x.com\/bandi_cosmetics","https:\/\/www.instagram.com\/bandi_cosmetics\/","https:\/\/www.pinterest.com\/bandicosmetics\/","https:\/\/www.youtube.com\/user\/BandiCosmeticsPolska"]},{"@type":"Person","@id":"https:\/\/www.bandi.pl\/blog\/#\/schema\/person\/6905a8e1379d84df843b078d275c5aea","name":"BANDI","sameAs":["https:\/\/www.bandi.pl\/blog"]}]}},"_links":{"self":[{"href":"https:\/\/www.bandi.pl\/blog\/wp-json\/wp\/v2\/posts\/4919","targetHints":{"allow":["GET"]}}],"collection":[{"href":"https:\/\/www.bandi.pl\/blog\/wp-json\/wp\/v2\/posts"}],"about":[{"href":"https:\/\/www.bandi.pl\/blog\/wp-json\/wp\/v2\/types\/post"}],"author":[{"embeddable":true,"href":"https:\/\/www.bandi.pl\/blog\/wp-json\/wp\/v2\/users\/3"}],"replies":[{"embeddable":true,"href":"https:\/\/www.bandi.pl\/blog\/wp-json\/wp\/v2\/comments?post=4919"}],"version-history":[{"count":22,"href":"https:\/\/www.bandi.pl\/blog\/wp-json\/wp\/v2\/posts\/4919\/revisions"}],"predecessor-version":[{"id":6506,"href":"https:\/\/www.bandi.pl\/blog\/wp-json\/wp\/v2\/posts\/4919\/revisions\/6506"}],"wp:featuredmedia":[{"embeddable":true,"href":"https:\/\/www.bandi.pl\/blog\/wp-json\/wp\/v2\/media\/5254"}],"wp:attachment":[{"href":"https:\/\/www.bandi.pl\/blog\/wp-json\/wp\/v2\/media?parent=4919"}],"wp:term":[{"taxonomy":"category","embeddable":true,"href":"https:\/\/www.bandi.pl\/blog\/wp-json\/wp\/v2\/categories?post=4919"},{"taxonomy":"post_tag","embeddable":true,"href":"https:\/\/www.bandi.pl\/blog\/wp-json\/wp\/v2\/tags?post=4919"}],"curies":[{"name":"wp","href":"https:\/\/api.w.org\/{rel}","templated":true}]}}