{"id":441,"date":"2015-01-15T10:48:10","date_gmt":"2015-01-15T09:48:10","guid":{"rendered":"http:\/\/eksfoliacja.pl\/?p=441"},"modified":"2019-11-21T16:51:38","modified_gmt":"2019-11-21T15:51:38","slug":"w-trosce-o-nasze-kosmetyki","status":"publish","type":"post","link":"https:\/\/www.bandi.pl\/blog\/w-trosce-o-nasze-kosmetyki\/","title":{"rendered":"W trosce o nasze kosmetyki\u2026"},"content":{"rendered":"<p style=\"text-align: left;\" align=\"center\"><strong>Kupuj\u0105c kosmetyk chcemy, \u017ceby sprosta\u0142 naszym oczekiwaniom, dzia\u0142a\u0142 zgodnie z deklaracj\u0105 na opakowaniu. Niestety, cz\u0119sto nie zwracamy uwagi na to, gdzie zostawiamy nasze kosmetyki. Jednak znacz\u0105cy wp\u0142yw na jako\u015b\u0107 kosmetyku maj\u0105 warunki w jakich jest on przechowywany, a tak\u017ce spos\u00f3b ich u\u017cytkowania.<\/strong><\/p>\n<p>Podstawow\u0105 zasad\u0105 jest unikanie promieniowania UV. Niebezpieczne dla kosmetyku jest zar\u00f3wno \u015bwiat\u0142o s\u0142oneczne jak i sztuczne o\u015bwietlenie. Pod wp\u0142ywem promieniowania substancje fotoczu\u0142e zmieniaj\u0105 swoje w\u0142a\u015bciwo\u015bci. Mo\u017cemy zaobserwowa\u0107 zmian\u0119 barwy, zapachu w skrajnych przypadkach tak\u017ce zmian\u0119 konsystencji, co jest jednoznaczne z tym, \u017ce kosmetyk si\u0119 zepsu\u0142, nawet je\u015bli jego data przydatno\u015bci jeszcze si\u0119 nie sko\u0144czy\u0142a. Takich kosmetyk\u00f3w nale\u017cy si\u0119 pozby\u0107, poniewa\u017c pod wp\u0142ywem utleniania substancje w nich zawarte staj\u0105 si\u0119 silnymi alergenami i mog\u0105 podra\u017cnia\u0107 sk\u00f3r\u0119.<\/p>\n<p lang=\"en-US\">Data przydatno\u015bci oznacza okres w jakim producent gwarantuje zachowanie kosmetyku w niezmienionej formie i zapewnia bezpiecze\u0144stwo jego stosowania. Na opakowaniu dat\u0119 minimalnej przydatno\u015bci poprzedzaj\u0105 s\u0142owa \u201e<i>Najlepiej zu\u017cy\u0107 przed ko\u0144cem\u201d<\/i>, a nast\u0119pnie data.<\/p>\n<p>W przypadku kiedy trwa\u0142o\u015b\u0107 kosmetyku jest d\u0142u\u017csza ni\u017c 30 miesi\u0119cy, producent mo\u017ce nie podawa\u0107 daty trwa\u0142o\u015bci, jest natomiast zobowi\u0105zany do umieszczenia symbolu otwartego s\u0142oiczka tzw. PAO (period after opening): 6M<\/p>\n<p lang=\"en-US\">Przechowuj\u0105c nasze kosmetyki pami\u0119tajmy tak\u017ce o optymalnej temperaturze 8- 25<sup>0<\/sup>C. Gwarantuje ona wi\u0119ksz\u0105 stabilno\u015b\u0107, szczeg\u00f3lnie wa\u017cna jest dla substancji, kt\u00f3re reaguj\u0105 pod wp\u0142ywem zmiany temperatury takich jak: witaminy, naturalne substancje aktywne.<\/p>\n<p>Wa\u017cnym elementem jest r\u00f3wnie\u017c wilgotno\u015b\u0107 powietrza, a tak\u017ce samo opakowanie. Bior\u0105c krem ze s\u0142oiczka wprowadzamy jednorazowo tysi\u0105ce bakterii, kt\u00f3re w znacz\u0105cy spos\u00f3b mog\u0105 si\u0119 przyczyni\u0107 do rozwoju drobnoustroj\u00f3w w naszym kosmetyku. Najlepszym rozwi\u0105zaniem jest zakup kosmetyku w opakowaniu typu airless lub stosowanie specjalnych aplikator\u00f3w do pobierania kremu.<\/p>\n<p>Podsumowuj\u0105c zwracajmy uwag\u0119, gdzie zostawiamy nasz kosmetyk i pami\u0119tajmy o tym, aby by\u0142o to miejsce suche, zaciemnione, o umiarkowanej temperaturze, gdy\u017c d\u0142ugo\u015b\u0107 okresu wa\u017cno\u015bci dotyczy w\u0142a\u015bciwych warunk\u00f3w przechowywania.<\/p>\n<p>&nbsp;<\/p>\n","protected":false},"excerpt":{"rendered":"<p>Kupuj\u0105c kosmetyk chcemy, \u017ceby sprosta\u0142 naszym oczekiwaniom, dzia\u0142a\u0142 zgodnie z deklaracj\u0105 na opakowaniu. Niestety, cz\u0119sto nie zwracamy uwagi na to, gdzie zostawiamy nasze kosmetyki. Jednak znacz\u0105cy wp\u0142yw na jako\u015b\u0107 kosmetyku maj\u0105 warunki w jakich jest on przechowywany, a tak\u017ce spos\u00f3b ich u\u017cytkowania. Podstawow\u0105 zasad\u0105 jest unikanie promieniowania UV. Niebezpieczne dla kosmetyku jest zar\u00f3wno \u015bwiat\u0142o s\u0142oneczne [&hellip;]<\/p>\n","protected":false},"author":3,"featured_media":443,"comment_status":"open","ping_status":"open","sticky":false,"template":"","format":"standard","meta":{"_et_pb_use_builder":"","_et_pb_old_content":"","_et_gb_content_width":"","footnotes":""},"categories":[1771],"tags":[34],"class_list":["post-441","post","type-post","status-publish","format-standard","has-post-thumbnail","hentry","category-kategoria-surowce-i-szczypta-chemii","tag-opakowanie"],"yoast_head":"<!-- This site is optimized with the Yoast SEO plugin v27.1.1 - https:\/\/yoast.com\/product\/yoast-seo-wordpress\/ -->\n<title>W trosce o nasze kosmetyki\u2026 &#187; Blog BANDI<\/title>\n<meta name=\"robots\" content=\"index, follow, max-snippet:-1, max-image-preview:large, max-video-preview:-1\" \/>\n<link rel=\"canonical\" href=\"https:\/\/www.bandi.pl\/blog\/w-trosce-o-nasze-kosmetyki\/\" \/>\n<meta property=\"og:locale\" content=\"pl_PL\" \/>\n<meta property=\"og:type\" content=\"article\" \/>\n<meta property=\"og:title\" content=\"W trosce o nasze kosmetyki\u2026 &#187; Blog BANDI\" \/>\n<meta property=\"og:description\" content=\"Kupuj\u0105c kosmetyk chcemy, \u017ceby sprosta\u0142 naszym oczekiwaniom, dzia\u0142a\u0142 zgodnie z deklaracj\u0105 na opakowaniu. Niestety, cz\u0119sto nie zwracamy uwagi na to, gdzie zostawiamy nasze kosmetyki. Jednak znacz\u0105cy wp\u0142yw na jako\u015b\u0107 kosmetyku maj\u0105 warunki w jakich jest on przechowywany, a tak\u017ce spos\u00f3b ich u\u017cytkowania. Podstawow\u0105 zasad\u0105 jest unikanie promieniowania UV. Niebezpieczne dla kosmetyku jest zar\u00f3wno \u015bwiat\u0142o s\u0142oneczne [&hellip;]\" \/>\n<meta property=\"og:url\" content=\"https:\/\/www.bandi.pl\/blog\/w-trosce-o-nasze-kosmetyki\/\" \/>\n<meta property=\"og:site_name\" content=\"Blog BANDI\" \/>\n<meta property=\"article:publisher\" content=\"https:\/\/web.facebook.com\/BANDIcosmetics\" \/>\n<meta property=\"article:published_time\" content=\"2015-01-15T09:48:10+00:00\" \/>\n<meta property=\"article:modified_time\" content=\"2019-11-21T15:51:38+00:00\" \/>\n<meta property=\"og:image\" content=\"https:\/\/www.bandi.pl\/blog\/wp-content\/uploads\/2015\/01\/w_trosce_o_nasze_kosmetyki-1.jpg\" \/>\n\t<meta property=\"og:image:width\" content=\"450\" \/>\n\t<meta property=\"og:image:height\" content=\"348\" \/>\n\t<meta property=\"og:image:type\" content=\"image\/jpeg\" \/>\n<meta name=\"author\" content=\"BANDI\" \/>\n<meta name=\"twitter:card\" content=\"summary_large_image\" \/>\n<meta name=\"twitter:creator\" content=\"@bandi_cosmetics\" \/>\n<meta name=\"twitter:site\" content=\"@bandi_cosmetics\" \/>\n<meta name=\"twitter:label1\" content=\"Napisane przez\" \/>\n\t<meta name=\"twitter:data1\" content=\"BANDI\" \/>\n\t<meta name=\"twitter:label2\" content=\"Szacowany czas czytania\" \/>\n\t<meta name=\"twitter:data2\" content=\"2 minuty\" \/>\n<script type=\"application\/ld+json\" class=\"yoast-schema-graph\">{\"@context\":\"https:\/\/schema.org\",\"@graph\":[{\"@type\":\"Article\",\"@id\":\"https:\/\/www.bandi.pl\/blog\/w-trosce-o-nasze-kosmetyki\/#article\",\"isPartOf\":{\"@id\":\"https:\/\/www.bandi.pl\/blog\/w-trosce-o-nasze-kosmetyki\/\"},\"author\":{\"name\":\"BANDI\",\"@id\":\"https:\/\/www.bandi.pl\/blog\/#\/schema\/person\/6905a8e1379d84df843b078d275c5aea\"},\"headline\":\"W trosce o nasze kosmetyki\u2026\",\"datePublished\":\"2015-01-15T09:48:10+00:00\",\"dateModified\":\"2019-11-21T15:51:38+00:00\",\"mainEntityOfPage\":{\"@id\":\"https:\/\/www.bandi.pl\/blog\/w-trosce-o-nasze-kosmetyki\/\"},\"wordCount\":363,\"commentCount\":0,\"publisher\":{\"@id\":\"https:\/\/www.bandi.pl\/blog\/#organization\"},\"image\":{\"@id\":\"https:\/\/www.bandi.pl\/blog\/w-trosce-o-nasze-kosmetyki\/#primaryimage\"},\"thumbnailUrl\":\"https:\/\/www.bandi.pl\/blog\/wp-content\/uploads\/2015\/01\/w_trosce_o_nasze_kosmetyki-1.jpg\",\"keywords\":[\"opakowanie\"],\"articleSection\":[\"Surowce i szczypta chemii\"],\"inLanguage\":\"pl-PL\",\"potentialAction\":[{\"@type\":\"CommentAction\",\"name\":\"Comment\",\"target\":[\"https:\/\/www.bandi.pl\/blog\/w-trosce-o-nasze-kosmetyki\/#respond\"]}]},{\"@type\":\"WebPage\",\"@id\":\"https:\/\/www.bandi.pl\/blog\/w-trosce-o-nasze-kosmetyki\/\",\"url\":\"https:\/\/www.bandi.pl\/blog\/w-trosce-o-nasze-kosmetyki\/\",\"name\":\"W trosce o nasze kosmetyki\u2026 &#187; Blog BANDI\",\"isPartOf\":{\"@id\":\"https:\/\/www.bandi.pl\/blog\/#website\"},\"primaryImageOfPage\":{\"@id\":\"https:\/\/www.bandi.pl\/blog\/w-trosce-o-nasze-kosmetyki\/#primaryimage\"},\"image\":{\"@id\":\"https:\/\/www.bandi.pl\/blog\/w-trosce-o-nasze-kosmetyki\/#primaryimage\"},\"thumbnailUrl\":\"https:\/\/www.bandi.pl\/blog\/wp-content\/uploads\/2015\/01\/w_trosce_o_nasze_kosmetyki-1.jpg\",\"datePublished\":\"2015-01-15T09:48:10+00:00\",\"dateModified\":\"2019-11-21T15:51:38+00:00\",\"breadcrumb\":{\"@id\":\"https:\/\/www.bandi.pl\/blog\/w-trosce-o-nasze-kosmetyki\/#breadcrumb\"},\"inLanguage\":\"pl-PL\",\"potentialAction\":[{\"@type\":\"ReadAction\",\"target\":[\"https:\/\/www.bandi.pl\/blog\/w-trosce-o-nasze-kosmetyki\/\"]}]},{\"@type\":\"ImageObject\",\"inLanguage\":\"pl-PL\",\"@id\":\"https:\/\/www.bandi.pl\/blog\/w-trosce-o-nasze-kosmetyki\/#primaryimage\",\"url\":\"https:\/\/www.bandi.pl\/blog\/wp-content\/uploads\/2015\/01\/w_trosce_o_nasze_kosmetyki-1.jpg\",\"contentUrl\":\"https:\/\/www.bandi.pl\/blog\/wp-content\/uploads\/2015\/01\/w_trosce_o_nasze_kosmetyki-1.jpg\",\"width\":450,\"height\":348,\"caption\":\"\"},{\"@type\":\"BreadcrumbList\",\"@id\":\"https:\/\/www.bandi.pl\/blog\/w-trosce-o-nasze-kosmetyki\/#breadcrumb\",\"itemListElement\":[{\"@type\":\"ListItem\",\"position\":1,\"name\":\"BANDI\",\"item\":\"https:\/\/www.bandi.pl\/blog\/\"},{\"@type\":\"ListItem\",\"position\":2,\"name\":\"W trosce o nasze kosmetyki\u2026\"}]},{\"@type\":\"WebSite\",\"@id\":\"https:\/\/www.bandi.pl\/blog\/#website\",\"url\":\"https:\/\/www.bandi.pl\/blog\/\",\"name\":\"Blog BANDI\",\"description\":\"Czarno na bia\u0142ym o kosmetykach\",\"publisher\":{\"@id\":\"https:\/\/www.bandi.pl\/blog\/#organization\"},\"potentialAction\":[{\"@type\":\"SearchAction\",\"target\":{\"@type\":\"EntryPoint\",\"urlTemplate\":\"https:\/\/www.bandi.pl\/blog\/?s={search_term_string}\"},\"query-input\":{\"@type\":\"PropertyValueSpecification\",\"valueRequired\":true,\"valueName\":\"search_term_string\"}}],\"inLanguage\":\"pl-PL\"},{\"@type\":\"Organization\",\"@id\":\"https:\/\/www.bandi.pl\/blog\/#organization\",\"name\":\"BANDI\",\"url\":\"https:\/\/www.bandi.pl\/blog\/\",\"logo\":{\"@type\":\"ImageObject\",\"inLanguage\":\"pl-PL\",\"@id\":\"https:\/\/www.bandi.pl\/blog\/#\/schema\/logo\/image\/\",\"url\":\"https:\/\/www.bandi.pl\/blog\/wp-content\/uploads\/2019\/06\/bandi-logo.png\",\"contentUrl\":\"https:\/\/www.bandi.pl\/blog\/wp-content\/uploads\/2019\/06\/bandi-logo.png\",\"width\":264,\"height\":111,\"caption\":\"BANDI\"},\"image\":{\"@id\":\"https:\/\/www.bandi.pl\/blog\/#\/schema\/logo\/image\/\"},\"sameAs\":[\"https:\/\/web.facebook.com\/BANDIcosmetics\",\"https:\/\/x.com\/bandi_cosmetics\",\"https:\/\/www.instagram.com\/bandi_cosmetics\/\",\"https:\/\/www.pinterest.com\/bandicosmetics\/\",\"https:\/\/www.youtube.com\/user\/BandiCosmeticsPolska\"]},{\"@type\":\"Person\",\"@id\":\"https:\/\/www.bandi.pl\/blog\/#\/schema\/person\/6905a8e1379d84df843b078d275c5aea\",\"name\":\"BANDI\",\"sameAs\":[\"https:\/\/www.bandi.pl\/blog\"]}]}<\/script>\n<!-- \/ Yoast SEO plugin. -->","yoast_head_json":{"title":"W trosce o nasze kosmetyki\u2026 &#187; Blog BANDI","robots":{"index":"index","follow":"follow","max-snippet":"max-snippet:-1","max-image-preview":"max-image-preview:large","max-video-preview":"max-video-preview:-1"},"canonical":"https:\/\/www.bandi.pl\/blog\/w-trosce-o-nasze-kosmetyki\/","og_locale":"pl_PL","og_type":"article","og_title":"W trosce o nasze kosmetyki\u2026 &#187; Blog BANDI","og_description":"Kupuj\u0105c kosmetyk chcemy, \u017ceby sprosta\u0142 naszym oczekiwaniom, dzia\u0142a\u0142 zgodnie z deklaracj\u0105 na opakowaniu. Niestety, cz\u0119sto nie zwracamy uwagi na to, gdzie zostawiamy nasze kosmetyki. Jednak znacz\u0105cy wp\u0142yw na jako\u015b\u0107 kosmetyku maj\u0105 warunki w jakich jest on przechowywany, a tak\u017ce spos\u00f3b ich u\u017cytkowania. Podstawow\u0105 zasad\u0105 jest unikanie promieniowania UV. Niebezpieczne dla kosmetyku jest zar\u00f3wno \u015bwiat\u0142o s\u0142oneczne [&hellip;]","og_url":"https:\/\/www.bandi.pl\/blog\/w-trosce-o-nasze-kosmetyki\/","og_site_name":"Blog BANDI","article_publisher":"https:\/\/web.facebook.com\/BANDIcosmetics","article_published_time":"2015-01-15T09:48:10+00:00","article_modified_time":"2019-11-21T15:51:38+00:00","og_image":[{"width":450,"height":348,"url":"https:\/\/www.bandi.pl\/blog\/wp-content\/uploads\/2015\/01\/w_trosce_o_nasze_kosmetyki-1.jpg","type":"image\/jpeg"}],"author":"BANDI","twitter_card":"summary_large_image","twitter_creator":"@bandi_cosmetics","twitter_site":"@bandi_cosmetics","twitter_misc":{"Napisane przez":"BANDI","Szacowany czas czytania":"2 minuty"},"schema":{"@context":"https:\/\/schema.org","@graph":[{"@type":"Article","@id":"https:\/\/www.bandi.pl\/blog\/w-trosce-o-nasze-kosmetyki\/#article","isPartOf":{"@id":"https:\/\/www.bandi.pl\/blog\/w-trosce-o-nasze-kosmetyki\/"},"author":{"name":"BANDI","@id":"https:\/\/www.bandi.pl\/blog\/#\/schema\/person\/6905a8e1379d84df843b078d275c5aea"},"headline":"W trosce o nasze kosmetyki\u2026","datePublished":"2015-01-15T09:48:10+00:00","dateModified":"2019-11-21T15:51:38+00:00","mainEntityOfPage":{"@id":"https:\/\/www.bandi.pl\/blog\/w-trosce-o-nasze-kosmetyki\/"},"wordCount":363,"commentCount":0,"publisher":{"@id":"https:\/\/www.bandi.pl\/blog\/#organization"},"image":{"@id":"https:\/\/www.bandi.pl\/blog\/w-trosce-o-nasze-kosmetyki\/#primaryimage"},"thumbnailUrl":"https:\/\/www.bandi.pl\/blog\/wp-content\/uploads\/2015\/01\/w_trosce_o_nasze_kosmetyki-1.jpg","keywords":["opakowanie"],"articleSection":["Surowce i szczypta chemii"],"inLanguage":"pl-PL","potentialAction":[{"@type":"CommentAction","name":"Comment","target":["https:\/\/www.bandi.pl\/blog\/w-trosce-o-nasze-kosmetyki\/#respond"]}]},{"@type":"WebPage","@id":"https:\/\/www.bandi.pl\/blog\/w-trosce-o-nasze-kosmetyki\/","url":"https:\/\/www.bandi.pl\/blog\/w-trosce-o-nasze-kosmetyki\/","name":"W trosce o nasze kosmetyki\u2026 &#187; Blog BANDI","isPartOf":{"@id":"https:\/\/www.bandi.pl\/blog\/#website"},"primaryImageOfPage":{"@id":"https:\/\/www.bandi.pl\/blog\/w-trosce-o-nasze-kosmetyki\/#primaryimage"},"image":{"@id":"https:\/\/www.bandi.pl\/blog\/w-trosce-o-nasze-kosmetyki\/#primaryimage"},"thumbnailUrl":"https:\/\/www.bandi.pl\/blog\/wp-content\/uploads\/2015\/01\/w_trosce_o_nasze_kosmetyki-1.jpg","datePublished":"2015-01-15T09:48:10+00:00","dateModified":"2019-11-21T15:51:38+00:00","breadcrumb":{"@id":"https:\/\/www.bandi.pl\/blog\/w-trosce-o-nasze-kosmetyki\/#breadcrumb"},"inLanguage":"pl-PL","potentialAction":[{"@type":"ReadAction","target":["https:\/\/www.bandi.pl\/blog\/w-trosce-o-nasze-kosmetyki\/"]}]},{"@type":"ImageObject","inLanguage":"pl-PL","@id":"https:\/\/www.bandi.pl\/blog\/w-trosce-o-nasze-kosmetyki\/#primaryimage","url":"https:\/\/www.bandi.pl\/blog\/wp-content\/uploads\/2015\/01\/w_trosce_o_nasze_kosmetyki-1.jpg","contentUrl":"https:\/\/www.bandi.pl\/blog\/wp-content\/uploads\/2015\/01\/w_trosce_o_nasze_kosmetyki-1.jpg","width":450,"height":348,"caption":""},{"@type":"BreadcrumbList","@id":"https:\/\/www.bandi.pl\/blog\/w-trosce-o-nasze-kosmetyki\/#breadcrumb","itemListElement":[{"@type":"ListItem","position":1,"name":"BANDI","item":"https:\/\/www.bandi.pl\/blog\/"},{"@type":"ListItem","position":2,"name":"W trosce o nasze kosmetyki\u2026"}]},{"@type":"WebSite","@id":"https:\/\/www.bandi.pl\/blog\/#website","url":"https:\/\/www.bandi.pl\/blog\/","name":"Blog BANDI","description":"Czarno na bia\u0142ym o kosmetykach","publisher":{"@id":"https:\/\/www.bandi.pl\/blog\/#organization"},"potentialAction":[{"@type":"SearchAction","target":{"@type":"EntryPoint","urlTemplate":"https:\/\/www.bandi.pl\/blog\/?s={search_term_string}"},"query-input":{"@type":"PropertyValueSpecification","valueRequired":true,"valueName":"search_term_string"}}],"inLanguage":"pl-PL"},{"@type":"Organization","@id":"https:\/\/www.bandi.pl\/blog\/#organization","name":"BANDI","url":"https:\/\/www.bandi.pl\/blog\/","logo":{"@type":"ImageObject","inLanguage":"pl-PL","@id":"https:\/\/www.bandi.pl\/blog\/#\/schema\/logo\/image\/","url":"https:\/\/www.bandi.pl\/blog\/wp-content\/uploads\/2019\/06\/bandi-logo.png","contentUrl":"https:\/\/www.bandi.pl\/blog\/wp-content\/uploads\/2019\/06\/bandi-logo.png","width":264,"height":111,"caption":"BANDI"},"image":{"@id":"https:\/\/www.bandi.pl\/blog\/#\/schema\/logo\/image\/"},"sameAs":["https:\/\/web.facebook.com\/BANDIcosmetics","https:\/\/x.com\/bandi_cosmetics","https:\/\/www.instagram.com\/bandi_cosmetics\/","https:\/\/www.pinterest.com\/bandicosmetics\/","https:\/\/www.youtube.com\/user\/BandiCosmeticsPolska"]},{"@type":"Person","@id":"https:\/\/www.bandi.pl\/blog\/#\/schema\/person\/6905a8e1379d84df843b078d275c5aea","name":"BANDI","sameAs":["https:\/\/www.bandi.pl\/blog"]}]}},"_links":{"self":[{"href":"https:\/\/www.bandi.pl\/blog\/wp-json\/wp\/v2\/posts\/441","targetHints":{"allow":["GET"]}}],"collection":[{"href":"https:\/\/www.bandi.pl\/blog\/wp-json\/wp\/v2\/posts"}],"about":[{"href":"https:\/\/www.bandi.pl\/blog\/wp-json\/wp\/v2\/types\/post"}],"author":[{"embeddable":true,"href":"https:\/\/www.bandi.pl\/blog\/wp-json\/wp\/v2\/users\/3"}],"replies":[{"embeddable":true,"href":"https:\/\/www.bandi.pl\/blog\/wp-json\/wp\/v2\/comments?post=441"}],"version-history":[{"count":1,"href":"https:\/\/www.bandi.pl\/blog\/wp-json\/wp\/v2\/posts\/441\/revisions"}],"predecessor-version":[{"id":4837,"href":"https:\/\/www.bandi.pl\/blog\/wp-json\/wp\/v2\/posts\/441\/revisions\/4837"}],"wp:featuredmedia":[{"embeddable":true,"href":"https:\/\/www.bandi.pl\/blog\/wp-json\/wp\/v2\/media\/443"}],"wp:attachment":[{"href":"https:\/\/www.bandi.pl\/blog\/wp-json\/wp\/v2\/media?parent=441"}],"wp:term":[{"taxonomy":"category","embeddable":true,"href":"https:\/\/www.bandi.pl\/blog\/wp-json\/wp\/v2\/categories?post=441"},{"taxonomy":"post_tag","embeddable":true,"href":"https:\/\/www.bandi.pl\/blog\/wp-json\/wp\/v2\/tags?post=441"}],"curies":[{"name":"wp","href":"https:\/\/api.w.org\/{rel}","templated":true}]}}