{"id":3622,"date":"2018-04-17T13:19:24","date_gmt":"2018-04-17T11:19:24","guid":{"rendered":"https:\/\/blog.bandi.pl\/?p=3622"},"modified":"2019-11-21T16:47:15","modified_gmt":"2019-11-21T15:47:15","slug":"miedzynarodowe-targi-i-kongres-beauty-forum-spa-2018","status":"publish","type":"post","link":"https:\/\/www.bandi.pl\/blog\/miedzynarodowe-targi-i-kongres-beauty-forum-spa-2018\/","title":{"rendered":"Mi\u0119dzynarodowe Targi i Kongres Beauty Forum &#038; Spa 2018"},"content":{"rendered":"\n<p>W marcu odby\u0142y si\u0119 kolejne <a href=\"http:\/\/beauty-fairs.com.pl\/\" target=\"_blank\" rel=\"noreferrer noopener\" aria-label=\"Mi\u0119dzynarodowe Targi i Kongres Beauty Forum &amp; Spa 2018\">Mi\u0119dzynarodowe Targi i&nbsp;Kongres Beauty Forum &amp; Spa&nbsp;2018<\/a>, w&nbsp;kt\u00f3rych wzi\u0119li\u015bmy udzia\u0142 jako&nbsp;wystawca.<\/p>\n\n\n\n<!--more-->\n\n\n\n<p>Podczas tej edycji zapraszali\u015bmy wszystkich uczestnik\u00f3w wydarzenia do&nbsp;diagnozy sk\u00f3ry g\u0142owy. Cieszymy si\u0119,&nbsp;\u017ce&nbsp;tak&nbsp;ch\u0119tnie odwiedzali\u015bcie nasze stoisko.<\/p>\n","protected":false},"excerpt":{"rendered":"<p>W marcu odby\u0142y si\u0119 kolejne Mi\u0119dzynarodowe Targi i&nbsp;Kongres Beauty Forum &amp; Spa&nbsp;2018, w&nbsp;kt\u00f3rych wzi\u0119li\u015bmy udzia\u0142 jako&nbsp;wystawca.<\/p>\n","protected":false},"author":3,"featured_media":4268,"comment_status":"open","ping_status":"open","sticky":false,"template":"","format":"standard","meta":{"_et_pb_use_builder":"","_et_pb_old_content":"","_et_gb_content_width":"","footnotes":""},"categories":[2055,1973,1741],"tags":[23,12],"class_list":["post-3622","post","type-post","status-publish","format-standard","has-post-thumbnail","hentry","category-bandi","category-kategoria-targi-kosmetyczne-szkolenia","category-kategoria-z-zycia-firmy","tag-beauty-forum","tag-targi"],"yoast_head":"<!-- This site is optimized with the Yoast SEO plugin v27.1.1 - https:\/\/yoast.com\/product\/yoast-seo-wordpress\/ -->\n<title>Mi\u0119dzynarodowe Targi i Kongres Beauty Forum &amp; Spa 2018 &#187; Blog BANDI<\/title>\n<meta name=\"robots\" content=\"index, follow, max-snippet:-1, max-image-preview:large, max-video-preview:-1\" \/>\n<link rel=\"canonical\" href=\"https:\/\/www.bandi.pl\/blog\/miedzynarodowe-targi-i-kongres-beauty-forum-spa-2018\/\" \/>\n<meta property=\"og:locale\" content=\"pl_PL\" \/>\n<meta property=\"og:type\" content=\"article\" \/>\n<meta property=\"og:title\" content=\"Mi\u0119dzynarodowe Targi i Kongres Beauty Forum &amp; Spa 2018 &#187; Blog BANDI\" \/>\n<meta property=\"og:description\" content=\"W marcu odby\u0142y si\u0119 kolejne Mi\u0119dzynarodowe Targi i&nbsp;Kongres Beauty Forum &amp; Spa&nbsp;2018, w&nbsp;kt\u00f3rych wzi\u0119li\u015bmy udzia\u0142 jako&nbsp;wystawca.\" \/>\n<meta property=\"og:url\" content=\"https:\/\/www.bandi.pl\/blog\/miedzynarodowe-targi-i-kongres-beauty-forum-spa-2018\/\" \/>\n<meta property=\"og:site_name\" content=\"Blog BANDI\" \/>\n<meta property=\"article:publisher\" content=\"https:\/\/web.facebook.com\/BANDIcosmetics\" \/>\n<meta property=\"article:published_time\" content=\"2018-04-17T11:19:24+00:00\" \/>\n<meta property=\"article:modified_time\" content=\"2019-11-21T15:47:15+00:00\" \/>\n<meta property=\"og:image\" content=\"https:\/\/www.bandi.pl\/blog\/wp-content\/uploads\/2018\/04\/beauty.jpg\" \/>\n\t<meta property=\"og:image:width\" content=\"2053\" \/>\n\t<meta property=\"og:image:height\" content=\"1344\" \/>\n\t<meta property=\"og:image:type\" content=\"image\/jpeg\" \/>\n<meta name=\"author\" content=\"BANDI\" \/>\n<meta name=\"twitter:card\" content=\"summary_large_image\" \/>\n<meta name=\"twitter:creator\" content=\"@bandi_cosmetics\" \/>\n<meta name=\"twitter:site\" content=\"@bandi_cosmetics\" \/>\n<meta name=\"twitter:label1\" content=\"Napisane przez\" \/>\n\t<meta name=\"twitter:data1\" content=\"BANDI\" \/>\n<script type=\"application\/ld+json\" class=\"yoast-schema-graph\">{\"@context\":\"https:\/\/schema.org\",\"@graph\":[{\"@type\":\"Article\",\"@id\":\"https:\/\/www.bandi.pl\/blog\/miedzynarodowe-targi-i-kongres-beauty-forum-spa-2018\/#article\",\"isPartOf\":{\"@id\":\"https:\/\/www.bandi.pl\/blog\/miedzynarodowe-targi-i-kongres-beauty-forum-spa-2018\/\"},\"author\":{\"name\":\"BANDI\",\"@id\":\"https:\/\/www.bandi.pl\/blog\/#\/schema\/person\/6905a8e1379d84df843b078d275c5aea\"},\"headline\":\"Mi\u0119dzynarodowe Targi i Kongres Beauty Forum &#038; Spa 2018\",\"datePublished\":\"2018-04-17T11:19:24+00:00\",\"dateModified\":\"2019-11-21T15:47:15+00:00\",\"mainEntityOfPage\":{\"@id\":\"https:\/\/www.bandi.pl\/blog\/miedzynarodowe-targi-i-kongres-beauty-forum-spa-2018\/\"},\"wordCount\":65,\"commentCount\":0,\"publisher\":{\"@id\":\"https:\/\/www.bandi.pl\/blog\/#organization\"},\"image\":{\"@id\":\"https:\/\/www.bandi.pl\/blog\/miedzynarodowe-targi-i-kongres-beauty-forum-spa-2018\/#primaryimage\"},\"thumbnailUrl\":\"https:\/\/www.bandi.pl\/blog\/wp-content\/uploads\/2018\/04\/beauty.jpg\",\"keywords\":[\"Beauty Forum\",\"targi\"],\"articleSection\":[\"BANDI\",\"Targi kosmetyczne, szkolenia...\",\"Z \u017cycia firmy\"],\"inLanguage\":\"pl-PL\",\"potentialAction\":[{\"@type\":\"CommentAction\",\"name\":\"Comment\",\"target\":[\"https:\/\/www.bandi.pl\/blog\/miedzynarodowe-targi-i-kongres-beauty-forum-spa-2018\/#respond\"]}]},{\"@type\":\"WebPage\",\"@id\":\"https:\/\/www.bandi.pl\/blog\/miedzynarodowe-targi-i-kongres-beauty-forum-spa-2018\/\",\"url\":\"https:\/\/www.bandi.pl\/blog\/miedzynarodowe-targi-i-kongres-beauty-forum-spa-2018\/\",\"name\":\"Mi\u0119dzynarodowe Targi i Kongres Beauty Forum & Spa 2018 &#187; Blog BANDI\",\"isPartOf\":{\"@id\":\"https:\/\/www.bandi.pl\/blog\/#website\"},\"primaryImageOfPage\":{\"@id\":\"https:\/\/www.bandi.pl\/blog\/miedzynarodowe-targi-i-kongres-beauty-forum-spa-2018\/#primaryimage\"},\"image\":{\"@id\":\"https:\/\/www.bandi.pl\/blog\/miedzynarodowe-targi-i-kongres-beauty-forum-spa-2018\/#primaryimage\"},\"thumbnailUrl\":\"https:\/\/www.bandi.pl\/blog\/wp-content\/uploads\/2018\/04\/beauty.jpg\",\"datePublished\":\"2018-04-17T11:19:24+00:00\",\"dateModified\":\"2019-11-21T15:47:15+00:00\",\"breadcrumb\":{\"@id\":\"https:\/\/www.bandi.pl\/blog\/miedzynarodowe-targi-i-kongres-beauty-forum-spa-2018\/#breadcrumb\"},\"inLanguage\":\"pl-PL\",\"potentialAction\":[{\"@type\":\"ReadAction\",\"target\":[\"https:\/\/www.bandi.pl\/blog\/miedzynarodowe-targi-i-kongres-beauty-forum-spa-2018\/\"]}]},{\"@type\":\"ImageObject\",\"inLanguage\":\"pl-PL\",\"@id\":\"https:\/\/www.bandi.pl\/blog\/miedzynarodowe-targi-i-kongres-beauty-forum-spa-2018\/#primaryimage\",\"url\":\"https:\/\/www.bandi.pl\/blog\/wp-content\/uploads\/2018\/04\/beauty.jpg\",\"contentUrl\":\"https:\/\/www.bandi.pl\/blog\/wp-content\/uploads\/2018\/04\/beauty.jpg\",\"width\":2053,\"height\":1344,\"caption\":\"BANDI na Mi\u0119dzynarodowych Targach i Kongresie Beauty Forum & Spa 2018\"},{\"@type\":\"BreadcrumbList\",\"@id\":\"https:\/\/www.bandi.pl\/blog\/miedzynarodowe-targi-i-kongres-beauty-forum-spa-2018\/#breadcrumb\",\"itemListElement\":[{\"@type\":\"ListItem\",\"position\":1,\"name\":\"BANDI\",\"item\":\"https:\/\/www.bandi.pl\/blog\/\"},{\"@type\":\"ListItem\",\"position\":2,\"name\":\"Mi\u0119dzynarodowe Targi i Kongres Beauty Forum &#038; Spa 2018\"}]},{\"@type\":\"WebSite\",\"@id\":\"https:\/\/www.bandi.pl\/blog\/#website\",\"url\":\"https:\/\/www.bandi.pl\/blog\/\",\"name\":\"Blog BANDI\",\"description\":\"Czarno na bia\u0142ym o kosmetykach\",\"publisher\":{\"@id\":\"https:\/\/www.bandi.pl\/blog\/#organization\"},\"potentialAction\":[{\"@type\":\"SearchAction\",\"target\":{\"@type\":\"EntryPoint\",\"urlTemplate\":\"https:\/\/www.bandi.pl\/blog\/?s={search_term_string}\"},\"query-input\":{\"@type\":\"PropertyValueSpecification\",\"valueRequired\":true,\"valueName\":\"search_term_string\"}}],\"inLanguage\":\"pl-PL\"},{\"@type\":\"Organization\",\"@id\":\"https:\/\/www.bandi.pl\/blog\/#organization\",\"name\":\"BANDI\",\"url\":\"https:\/\/www.bandi.pl\/blog\/\",\"logo\":{\"@type\":\"ImageObject\",\"inLanguage\":\"pl-PL\",\"@id\":\"https:\/\/www.bandi.pl\/blog\/#\/schema\/logo\/image\/\",\"url\":\"https:\/\/www.bandi.pl\/blog\/wp-content\/uploads\/2019\/06\/bandi-logo.png\",\"contentUrl\":\"https:\/\/www.bandi.pl\/blog\/wp-content\/uploads\/2019\/06\/bandi-logo.png\",\"width\":264,\"height\":111,\"caption\":\"BANDI\"},\"image\":{\"@id\":\"https:\/\/www.bandi.pl\/blog\/#\/schema\/logo\/image\/\"},\"sameAs\":[\"https:\/\/web.facebook.com\/BANDIcosmetics\",\"https:\/\/x.com\/bandi_cosmetics\",\"https:\/\/www.instagram.com\/bandi_cosmetics\/\",\"https:\/\/www.pinterest.com\/bandicosmetics\/\",\"https:\/\/www.youtube.com\/user\/BandiCosmeticsPolska\"]},{\"@type\":\"Person\",\"@id\":\"https:\/\/www.bandi.pl\/blog\/#\/schema\/person\/6905a8e1379d84df843b078d275c5aea\",\"name\":\"BANDI\",\"sameAs\":[\"https:\/\/www.bandi.pl\/blog\"]}]}<\/script>\n<!-- \/ Yoast SEO plugin. -->","yoast_head_json":{"title":"Mi\u0119dzynarodowe Targi i Kongres Beauty Forum & Spa 2018 &#187; Blog BANDI","robots":{"index":"index","follow":"follow","max-snippet":"max-snippet:-1","max-image-preview":"max-image-preview:large","max-video-preview":"max-video-preview:-1"},"canonical":"https:\/\/www.bandi.pl\/blog\/miedzynarodowe-targi-i-kongres-beauty-forum-spa-2018\/","og_locale":"pl_PL","og_type":"article","og_title":"Mi\u0119dzynarodowe Targi i Kongres Beauty Forum & Spa 2018 &#187; Blog BANDI","og_description":"W marcu odby\u0142y si\u0119 kolejne Mi\u0119dzynarodowe Targi i&nbsp;Kongres Beauty Forum &amp; Spa&nbsp;2018, w&nbsp;kt\u00f3rych wzi\u0119li\u015bmy udzia\u0142 jako&nbsp;wystawca.","og_url":"https:\/\/www.bandi.pl\/blog\/miedzynarodowe-targi-i-kongres-beauty-forum-spa-2018\/","og_site_name":"Blog BANDI","article_publisher":"https:\/\/web.facebook.com\/BANDIcosmetics","article_published_time":"2018-04-17T11:19:24+00:00","article_modified_time":"2019-11-21T15:47:15+00:00","og_image":[{"width":2053,"height":1344,"url":"https:\/\/www.bandi.pl\/blog\/wp-content\/uploads\/2018\/04\/beauty.jpg","type":"image\/jpeg"}],"author":"BANDI","twitter_card":"summary_large_image","twitter_creator":"@bandi_cosmetics","twitter_site":"@bandi_cosmetics","twitter_misc":{"Napisane przez":"BANDI"},"schema":{"@context":"https:\/\/schema.org","@graph":[{"@type":"Article","@id":"https:\/\/www.bandi.pl\/blog\/miedzynarodowe-targi-i-kongres-beauty-forum-spa-2018\/#article","isPartOf":{"@id":"https:\/\/www.bandi.pl\/blog\/miedzynarodowe-targi-i-kongres-beauty-forum-spa-2018\/"},"author":{"name":"BANDI","@id":"https:\/\/www.bandi.pl\/blog\/#\/schema\/person\/6905a8e1379d84df843b078d275c5aea"},"headline":"Mi\u0119dzynarodowe Targi i Kongres Beauty Forum &#038; Spa 2018","datePublished":"2018-04-17T11:19:24+00:00","dateModified":"2019-11-21T15:47:15+00:00","mainEntityOfPage":{"@id":"https:\/\/www.bandi.pl\/blog\/miedzynarodowe-targi-i-kongres-beauty-forum-spa-2018\/"},"wordCount":65,"commentCount":0,"publisher":{"@id":"https:\/\/www.bandi.pl\/blog\/#organization"},"image":{"@id":"https:\/\/www.bandi.pl\/blog\/miedzynarodowe-targi-i-kongres-beauty-forum-spa-2018\/#primaryimage"},"thumbnailUrl":"https:\/\/www.bandi.pl\/blog\/wp-content\/uploads\/2018\/04\/beauty.jpg","keywords":["Beauty Forum","targi"],"articleSection":["BANDI","Targi kosmetyczne, szkolenia...","Z \u017cycia firmy"],"inLanguage":"pl-PL","potentialAction":[{"@type":"CommentAction","name":"Comment","target":["https:\/\/www.bandi.pl\/blog\/miedzynarodowe-targi-i-kongres-beauty-forum-spa-2018\/#respond"]}]},{"@type":"WebPage","@id":"https:\/\/www.bandi.pl\/blog\/miedzynarodowe-targi-i-kongres-beauty-forum-spa-2018\/","url":"https:\/\/www.bandi.pl\/blog\/miedzynarodowe-targi-i-kongres-beauty-forum-spa-2018\/","name":"Mi\u0119dzynarodowe Targi i Kongres Beauty Forum & Spa 2018 &#187; Blog BANDI","isPartOf":{"@id":"https:\/\/www.bandi.pl\/blog\/#website"},"primaryImageOfPage":{"@id":"https:\/\/www.bandi.pl\/blog\/miedzynarodowe-targi-i-kongres-beauty-forum-spa-2018\/#primaryimage"},"image":{"@id":"https:\/\/www.bandi.pl\/blog\/miedzynarodowe-targi-i-kongres-beauty-forum-spa-2018\/#primaryimage"},"thumbnailUrl":"https:\/\/www.bandi.pl\/blog\/wp-content\/uploads\/2018\/04\/beauty.jpg","datePublished":"2018-04-17T11:19:24+00:00","dateModified":"2019-11-21T15:47:15+00:00","breadcrumb":{"@id":"https:\/\/www.bandi.pl\/blog\/miedzynarodowe-targi-i-kongres-beauty-forum-spa-2018\/#breadcrumb"},"inLanguage":"pl-PL","potentialAction":[{"@type":"ReadAction","target":["https:\/\/www.bandi.pl\/blog\/miedzynarodowe-targi-i-kongres-beauty-forum-spa-2018\/"]}]},{"@type":"ImageObject","inLanguage":"pl-PL","@id":"https:\/\/www.bandi.pl\/blog\/miedzynarodowe-targi-i-kongres-beauty-forum-spa-2018\/#primaryimage","url":"https:\/\/www.bandi.pl\/blog\/wp-content\/uploads\/2018\/04\/beauty.jpg","contentUrl":"https:\/\/www.bandi.pl\/blog\/wp-content\/uploads\/2018\/04\/beauty.jpg","width":2053,"height":1344,"caption":"BANDI na Mi\u0119dzynarodowych Targach i Kongresie Beauty Forum & Spa 2018"},{"@type":"BreadcrumbList","@id":"https:\/\/www.bandi.pl\/blog\/miedzynarodowe-targi-i-kongres-beauty-forum-spa-2018\/#breadcrumb","itemListElement":[{"@type":"ListItem","position":1,"name":"BANDI","item":"https:\/\/www.bandi.pl\/blog\/"},{"@type":"ListItem","position":2,"name":"Mi\u0119dzynarodowe Targi i Kongres Beauty Forum &#038; Spa 2018"}]},{"@type":"WebSite","@id":"https:\/\/www.bandi.pl\/blog\/#website","url":"https:\/\/www.bandi.pl\/blog\/","name":"Blog BANDI","description":"Czarno na bia\u0142ym o kosmetykach","publisher":{"@id":"https:\/\/www.bandi.pl\/blog\/#organization"},"potentialAction":[{"@type":"SearchAction","target":{"@type":"EntryPoint","urlTemplate":"https:\/\/www.bandi.pl\/blog\/?s={search_term_string}"},"query-input":{"@type":"PropertyValueSpecification","valueRequired":true,"valueName":"search_term_string"}}],"inLanguage":"pl-PL"},{"@type":"Organization","@id":"https:\/\/www.bandi.pl\/blog\/#organization","name":"BANDI","url":"https:\/\/www.bandi.pl\/blog\/","logo":{"@type":"ImageObject","inLanguage":"pl-PL","@id":"https:\/\/www.bandi.pl\/blog\/#\/schema\/logo\/image\/","url":"https:\/\/www.bandi.pl\/blog\/wp-content\/uploads\/2019\/06\/bandi-logo.png","contentUrl":"https:\/\/www.bandi.pl\/blog\/wp-content\/uploads\/2019\/06\/bandi-logo.png","width":264,"height":111,"caption":"BANDI"},"image":{"@id":"https:\/\/www.bandi.pl\/blog\/#\/schema\/logo\/image\/"},"sameAs":["https:\/\/web.facebook.com\/BANDIcosmetics","https:\/\/x.com\/bandi_cosmetics","https:\/\/www.instagram.com\/bandi_cosmetics\/","https:\/\/www.pinterest.com\/bandicosmetics\/","https:\/\/www.youtube.com\/user\/BandiCosmeticsPolska"]},{"@type":"Person","@id":"https:\/\/www.bandi.pl\/blog\/#\/schema\/person\/6905a8e1379d84df843b078d275c5aea","name":"BANDI","sameAs":["https:\/\/www.bandi.pl\/blog"]}]}},"_links":{"self":[{"href":"https:\/\/www.bandi.pl\/blog\/wp-json\/wp\/v2\/posts\/3622","targetHints":{"allow":["GET"]}}],"collection":[{"href":"https:\/\/www.bandi.pl\/blog\/wp-json\/wp\/v2\/posts"}],"about":[{"href":"https:\/\/www.bandi.pl\/blog\/wp-json\/wp\/v2\/types\/post"}],"author":[{"embeddable":true,"href":"https:\/\/www.bandi.pl\/blog\/wp-json\/wp\/v2\/users\/3"}],"replies":[{"embeddable":true,"href":"https:\/\/www.bandi.pl\/blog\/wp-json\/wp\/v2\/comments?post=3622"}],"version-history":[{"count":2,"href":"https:\/\/www.bandi.pl\/blog\/wp-json\/wp\/v2\/posts\/3622\/revisions"}],"predecessor-version":[{"id":4270,"href":"https:\/\/www.bandi.pl\/blog\/wp-json\/wp\/v2\/posts\/3622\/revisions\/4270"}],"wp:featuredmedia":[{"embeddable":true,"href":"https:\/\/www.bandi.pl\/blog\/wp-json\/wp\/v2\/media\/4268"}],"wp:attachment":[{"href":"https:\/\/www.bandi.pl\/blog\/wp-json\/wp\/v2\/media?parent=3622"}],"wp:term":[{"taxonomy":"category","embeddable":true,"href":"https:\/\/www.bandi.pl\/blog\/wp-json\/wp\/v2\/categories?post=3622"},{"taxonomy":"post_tag","embeddable":true,"href":"https:\/\/www.bandi.pl\/blog\/wp-json\/wp\/v2\/tags?post=3622"}],"curies":[{"name":"wp","href":"https:\/\/api.w.org\/{rel}","templated":true}]}}