{"id":3575,"date":"2018-04-15T16:35:20","date_gmt":"2018-04-15T14:35:20","guid":{"rendered":"https:\/\/blog.bandi.pl\/?p=3575"},"modified":"2019-11-21T16:47:15","modified_gmt":"2019-11-21T15:47:15","slug":"beauty-forum-awards","status":"publish","type":"post","link":"https:\/\/www.bandi.pl\/blog\/beauty-forum-awards\/","title":{"rendered":"Beauty Forum Awards"},"content":{"rendered":"\n<p>Podczas tegorocznych targ\u00f3w Beauty Forum, modu\u0142owy zabieg rewitalizuj\u0105co &#8211; odm\u0142adzaj\u0105cy BANDI otrzyma\u0142 wyr\u00f3\u017cnienie w&nbsp;konkursie <strong>Beauty Forum Awards 2018<\/strong> w&nbsp;kategorii zabiegi face care.<\/p>\n\n\n\n<!--more-->\n\n\n\n<p>Procedura tego innowacyjnego zabiegu umo\u017cliwia stopniowanie intensywno\u015bci dzia\u0142ania. To&nbsp;pozwala uzyska\u0107 maksimum mo\u017cliwo\u015bci i&nbsp;efekty zauwa\u017calne ju\u017c&nbsp;po&nbsp;kilku miesi\u0105cach od&nbsp;wykonanego zabiegu! Najlepiej sprawdza si\u0119&nbsp;do&nbsp;sk\u00f3r wymagaj\u0105cych g\u0142\u0119bokiego nawil\u017cenia, rewitalizacji i&nbsp;odm\u0142odzenia.<\/p>\n\n\n\n<p>Dzi\u0119kujemy za wyr\u00f3\u017cnienie i obiecujemy ci\u0105gle zaskakiwa\u0107 nowo\u015bciami!<\/p>\n","protected":false},"excerpt":{"rendered":"<p>Podczas tegorocznych targ\u00f3w Beauty Forum, modu\u0142owy zabieg rewitalizuj\u0105co &#8211; odm\u0142adzaj\u0105cy BANDI otrzyma\u0142 wyr\u00f3\u017cnienie w&nbsp;konkursie Beauty Forum Awards 2018 w&nbsp;kategorii zabiegi face care.<\/p>\n","protected":false},"author":3,"featured_media":4272,"comment_status":"open","ping_status":"open","sticky":false,"template":"","format":"standard","meta":{"_et_pb_use_builder":"","_et_pb_old_content":"","_et_gb_content_width":"","footnotes":""},"categories":[2055,1972],"tags":[23,66],"class_list":["post-3575","post","type-post","status-publish","format-standard","has-post-thumbnail","hentry","category-bandi","category-kategoria-nagrody-i-nominacje","tag-beauty-forum","tag-nagrody"],"yoast_head":"<!-- This site is optimized with the Yoast SEO plugin v27.1.1 - https:\/\/yoast.com\/product\/yoast-seo-wordpress\/ -->\n<title>Beauty Forum Awards &#187; Blog BANDI<\/title>\n<meta name=\"robots\" content=\"index, follow, max-snippet:-1, max-image-preview:large, max-video-preview:-1\" \/>\n<link rel=\"canonical\" href=\"https:\/\/www.bandi.pl\/blog\/beauty-forum-awards\/\" \/>\n<meta property=\"og:locale\" content=\"pl_PL\" \/>\n<meta property=\"og:type\" content=\"article\" \/>\n<meta property=\"og:title\" content=\"Beauty Forum Awards &#187; Blog BANDI\" \/>\n<meta property=\"og:description\" content=\"Podczas tegorocznych targ\u00f3w Beauty Forum, modu\u0142owy zabieg rewitalizuj\u0105co &#8211; odm\u0142adzaj\u0105cy BANDI otrzyma\u0142 wyr\u00f3\u017cnienie w&nbsp;konkursie Beauty Forum Awards 2018 w&nbsp;kategorii zabiegi face care.\" \/>\n<meta property=\"og:url\" content=\"https:\/\/www.bandi.pl\/blog\/beauty-forum-awards\/\" \/>\n<meta property=\"og:site_name\" content=\"Blog BANDI\" \/>\n<meta property=\"article:publisher\" content=\"https:\/\/web.facebook.com\/BANDIcosmetics\" \/>\n<meta property=\"article:published_time\" content=\"2018-04-15T14:35:20+00:00\" \/>\n<meta property=\"article:modified_time\" content=\"2019-11-21T15:47:15+00:00\" \/>\n<meta property=\"og:image\" content=\"https:\/\/www.bandi.pl\/blog\/wp-content\/uploads\/2018\/04\/nagroda-dla-bandi-beauty-forum-awards.jpg\" \/>\n\t<meta property=\"og:image:width\" content=\"1000\" \/>\n\t<meta property=\"og:image:height\" content=\"542\" \/>\n\t<meta property=\"og:image:type\" content=\"image\/jpeg\" \/>\n<meta name=\"author\" content=\"BANDI\" \/>\n<meta name=\"twitter:card\" content=\"summary_large_image\" \/>\n<meta name=\"twitter:creator\" content=\"@bandi_cosmetics\" \/>\n<meta name=\"twitter:site\" content=\"@bandi_cosmetics\" \/>\n<meta name=\"twitter:label1\" content=\"Napisane przez\" \/>\n\t<meta name=\"twitter:data1\" content=\"BANDI\" \/>\n<script type=\"application\/ld+json\" class=\"yoast-schema-graph\">{\"@context\":\"https:\/\/schema.org\",\"@graph\":[{\"@type\":\"Article\",\"@id\":\"https:\/\/www.bandi.pl\/blog\/beauty-forum-awards\/#article\",\"isPartOf\":{\"@id\":\"https:\/\/www.bandi.pl\/blog\/beauty-forum-awards\/\"},\"author\":{\"name\":\"BANDI\",\"@id\":\"https:\/\/www.bandi.pl\/blog\/#\/schema\/person\/6905a8e1379d84df843b078d275c5aea\"},\"headline\":\"Beauty Forum Awards\",\"datePublished\":\"2018-04-15T14:35:20+00:00\",\"dateModified\":\"2019-11-21T15:47:15+00:00\",\"mainEntityOfPage\":{\"@id\":\"https:\/\/www.bandi.pl\/blog\/beauty-forum-awards\/\"},\"wordCount\":100,\"commentCount\":0,\"publisher\":{\"@id\":\"https:\/\/www.bandi.pl\/blog\/#organization\"},\"image\":{\"@id\":\"https:\/\/www.bandi.pl\/blog\/beauty-forum-awards\/#primaryimage\"},\"thumbnailUrl\":\"https:\/\/www.bandi.pl\/blog\/wp-content\/uploads\/2018\/04\/nagroda-dla-bandi-beauty-forum-awards.jpg\",\"keywords\":[\"Beauty Forum\",\"nagrody\"],\"articleSection\":[\"BANDI\",\"Nagrody i nominacje\"],\"inLanguage\":\"pl-PL\",\"potentialAction\":[{\"@type\":\"CommentAction\",\"name\":\"Comment\",\"target\":[\"https:\/\/www.bandi.pl\/blog\/beauty-forum-awards\/#respond\"]}]},{\"@type\":\"WebPage\",\"@id\":\"https:\/\/www.bandi.pl\/blog\/beauty-forum-awards\/\",\"url\":\"https:\/\/www.bandi.pl\/blog\/beauty-forum-awards\/\",\"name\":\"Beauty Forum Awards &#187; Blog BANDI\",\"isPartOf\":{\"@id\":\"https:\/\/www.bandi.pl\/blog\/#website\"},\"primaryImageOfPage\":{\"@id\":\"https:\/\/www.bandi.pl\/blog\/beauty-forum-awards\/#primaryimage\"},\"image\":{\"@id\":\"https:\/\/www.bandi.pl\/blog\/beauty-forum-awards\/#primaryimage\"},\"thumbnailUrl\":\"https:\/\/www.bandi.pl\/blog\/wp-content\/uploads\/2018\/04\/nagroda-dla-bandi-beauty-forum-awards.jpg\",\"datePublished\":\"2018-04-15T14:35:20+00:00\",\"dateModified\":\"2019-11-21T15:47:15+00:00\",\"breadcrumb\":{\"@id\":\"https:\/\/www.bandi.pl\/blog\/beauty-forum-awards\/#breadcrumb\"},\"inLanguage\":\"pl-PL\",\"potentialAction\":[{\"@type\":\"ReadAction\",\"target\":[\"https:\/\/www.bandi.pl\/blog\/beauty-forum-awards\/\"]}]},{\"@type\":\"ImageObject\",\"inLanguage\":\"pl-PL\",\"@id\":\"https:\/\/www.bandi.pl\/blog\/beauty-forum-awards\/#primaryimage\",\"url\":\"https:\/\/www.bandi.pl\/blog\/wp-content\/uploads\/2018\/04\/nagroda-dla-bandi-beauty-forum-awards.jpg\",\"contentUrl\":\"https:\/\/www.bandi.pl\/blog\/wp-content\/uploads\/2018\/04\/nagroda-dla-bandi-beauty-forum-awards.jpg\",\"width\":1000,\"height\":542,\"caption\":\"Nagroda dla BANDI Beauty Forum Awards\"},{\"@type\":\"BreadcrumbList\",\"@id\":\"https:\/\/www.bandi.pl\/blog\/beauty-forum-awards\/#breadcrumb\",\"itemListElement\":[{\"@type\":\"ListItem\",\"position\":1,\"name\":\"BANDI\",\"item\":\"https:\/\/www.bandi.pl\/blog\/\"},{\"@type\":\"ListItem\",\"position\":2,\"name\":\"Beauty Forum Awards\"}]},{\"@type\":\"WebSite\",\"@id\":\"https:\/\/www.bandi.pl\/blog\/#website\",\"url\":\"https:\/\/www.bandi.pl\/blog\/\",\"name\":\"Blog BANDI\",\"description\":\"Czarno na bia\u0142ym o kosmetykach\",\"publisher\":{\"@id\":\"https:\/\/www.bandi.pl\/blog\/#organization\"},\"potentialAction\":[{\"@type\":\"SearchAction\",\"target\":{\"@type\":\"EntryPoint\",\"urlTemplate\":\"https:\/\/www.bandi.pl\/blog\/?s={search_term_string}\"},\"query-input\":{\"@type\":\"PropertyValueSpecification\",\"valueRequired\":true,\"valueName\":\"search_term_string\"}}],\"inLanguage\":\"pl-PL\"},{\"@type\":\"Organization\",\"@id\":\"https:\/\/www.bandi.pl\/blog\/#organization\",\"name\":\"BANDI\",\"url\":\"https:\/\/www.bandi.pl\/blog\/\",\"logo\":{\"@type\":\"ImageObject\",\"inLanguage\":\"pl-PL\",\"@id\":\"https:\/\/www.bandi.pl\/blog\/#\/schema\/logo\/image\/\",\"url\":\"https:\/\/www.bandi.pl\/blog\/wp-content\/uploads\/2019\/06\/bandi-logo.png\",\"contentUrl\":\"https:\/\/www.bandi.pl\/blog\/wp-content\/uploads\/2019\/06\/bandi-logo.png\",\"width\":264,\"height\":111,\"caption\":\"BANDI\"},\"image\":{\"@id\":\"https:\/\/www.bandi.pl\/blog\/#\/schema\/logo\/image\/\"},\"sameAs\":[\"https:\/\/web.facebook.com\/BANDIcosmetics\",\"https:\/\/x.com\/bandi_cosmetics\",\"https:\/\/www.instagram.com\/bandi_cosmetics\/\",\"https:\/\/www.pinterest.com\/bandicosmetics\/\",\"https:\/\/www.youtube.com\/user\/BandiCosmeticsPolska\"]},{\"@type\":\"Person\",\"@id\":\"https:\/\/www.bandi.pl\/blog\/#\/schema\/person\/6905a8e1379d84df843b078d275c5aea\",\"name\":\"BANDI\",\"sameAs\":[\"https:\/\/www.bandi.pl\/blog\"]}]}<\/script>\n<!-- \/ Yoast SEO plugin. -->","yoast_head_json":{"title":"Beauty Forum Awards &#187; Blog BANDI","robots":{"index":"index","follow":"follow","max-snippet":"max-snippet:-1","max-image-preview":"max-image-preview:large","max-video-preview":"max-video-preview:-1"},"canonical":"https:\/\/www.bandi.pl\/blog\/beauty-forum-awards\/","og_locale":"pl_PL","og_type":"article","og_title":"Beauty Forum Awards &#187; Blog BANDI","og_description":"Podczas tegorocznych targ\u00f3w Beauty Forum, modu\u0142owy zabieg rewitalizuj\u0105co &#8211; odm\u0142adzaj\u0105cy BANDI otrzyma\u0142 wyr\u00f3\u017cnienie w&nbsp;konkursie Beauty Forum Awards 2018 w&nbsp;kategorii zabiegi face care.","og_url":"https:\/\/www.bandi.pl\/blog\/beauty-forum-awards\/","og_site_name":"Blog BANDI","article_publisher":"https:\/\/web.facebook.com\/BANDIcosmetics","article_published_time":"2018-04-15T14:35:20+00:00","article_modified_time":"2019-11-21T15:47:15+00:00","og_image":[{"width":1000,"height":542,"url":"https:\/\/www.bandi.pl\/blog\/wp-content\/uploads\/2018\/04\/nagroda-dla-bandi-beauty-forum-awards.jpg","type":"image\/jpeg"}],"author":"BANDI","twitter_card":"summary_large_image","twitter_creator":"@bandi_cosmetics","twitter_site":"@bandi_cosmetics","twitter_misc":{"Napisane przez":"BANDI"},"schema":{"@context":"https:\/\/schema.org","@graph":[{"@type":"Article","@id":"https:\/\/www.bandi.pl\/blog\/beauty-forum-awards\/#article","isPartOf":{"@id":"https:\/\/www.bandi.pl\/blog\/beauty-forum-awards\/"},"author":{"name":"BANDI","@id":"https:\/\/www.bandi.pl\/blog\/#\/schema\/person\/6905a8e1379d84df843b078d275c5aea"},"headline":"Beauty Forum Awards","datePublished":"2018-04-15T14:35:20+00:00","dateModified":"2019-11-21T15:47:15+00:00","mainEntityOfPage":{"@id":"https:\/\/www.bandi.pl\/blog\/beauty-forum-awards\/"},"wordCount":100,"commentCount":0,"publisher":{"@id":"https:\/\/www.bandi.pl\/blog\/#organization"},"image":{"@id":"https:\/\/www.bandi.pl\/blog\/beauty-forum-awards\/#primaryimage"},"thumbnailUrl":"https:\/\/www.bandi.pl\/blog\/wp-content\/uploads\/2018\/04\/nagroda-dla-bandi-beauty-forum-awards.jpg","keywords":["Beauty Forum","nagrody"],"articleSection":["BANDI","Nagrody i nominacje"],"inLanguage":"pl-PL","potentialAction":[{"@type":"CommentAction","name":"Comment","target":["https:\/\/www.bandi.pl\/blog\/beauty-forum-awards\/#respond"]}]},{"@type":"WebPage","@id":"https:\/\/www.bandi.pl\/blog\/beauty-forum-awards\/","url":"https:\/\/www.bandi.pl\/blog\/beauty-forum-awards\/","name":"Beauty Forum Awards &#187; Blog BANDI","isPartOf":{"@id":"https:\/\/www.bandi.pl\/blog\/#website"},"primaryImageOfPage":{"@id":"https:\/\/www.bandi.pl\/blog\/beauty-forum-awards\/#primaryimage"},"image":{"@id":"https:\/\/www.bandi.pl\/blog\/beauty-forum-awards\/#primaryimage"},"thumbnailUrl":"https:\/\/www.bandi.pl\/blog\/wp-content\/uploads\/2018\/04\/nagroda-dla-bandi-beauty-forum-awards.jpg","datePublished":"2018-04-15T14:35:20+00:00","dateModified":"2019-11-21T15:47:15+00:00","breadcrumb":{"@id":"https:\/\/www.bandi.pl\/blog\/beauty-forum-awards\/#breadcrumb"},"inLanguage":"pl-PL","potentialAction":[{"@type":"ReadAction","target":["https:\/\/www.bandi.pl\/blog\/beauty-forum-awards\/"]}]},{"@type":"ImageObject","inLanguage":"pl-PL","@id":"https:\/\/www.bandi.pl\/blog\/beauty-forum-awards\/#primaryimage","url":"https:\/\/www.bandi.pl\/blog\/wp-content\/uploads\/2018\/04\/nagroda-dla-bandi-beauty-forum-awards.jpg","contentUrl":"https:\/\/www.bandi.pl\/blog\/wp-content\/uploads\/2018\/04\/nagroda-dla-bandi-beauty-forum-awards.jpg","width":1000,"height":542,"caption":"Nagroda dla BANDI Beauty Forum Awards"},{"@type":"BreadcrumbList","@id":"https:\/\/www.bandi.pl\/blog\/beauty-forum-awards\/#breadcrumb","itemListElement":[{"@type":"ListItem","position":1,"name":"BANDI","item":"https:\/\/www.bandi.pl\/blog\/"},{"@type":"ListItem","position":2,"name":"Beauty Forum Awards"}]},{"@type":"WebSite","@id":"https:\/\/www.bandi.pl\/blog\/#website","url":"https:\/\/www.bandi.pl\/blog\/","name":"Blog BANDI","description":"Czarno na bia\u0142ym o kosmetykach","publisher":{"@id":"https:\/\/www.bandi.pl\/blog\/#organization"},"potentialAction":[{"@type":"SearchAction","target":{"@type":"EntryPoint","urlTemplate":"https:\/\/www.bandi.pl\/blog\/?s={search_term_string}"},"query-input":{"@type":"PropertyValueSpecification","valueRequired":true,"valueName":"search_term_string"}}],"inLanguage":"pl-PL"},{"@type":"Organization","@id":"https:\/\/www.bandi.pl\/blog\/#organization","name":"BANDI","url":"https:\/\/www.bandi.pl\/blog\/","logo":{"@type":"ImageObject","inLanguage":"pl-PL","@id":"https:\/\/www.bandi.pl\/blog\/#\/schema\/logo\/image\/","url":"https:\/\/www.bandi.pl\/blog\/wp-content\/uploads\/2019\/06\/bandi-logo.png","contentUrl":"https:\/\/www.bandi.pl\/blog\/wp-content\/uploads\/2019\/06\/bandi-logo.png","width":264,"height":111,"caption":"BANDI"},"image":{"@id":"https:\/\/www.bandi.pl\/blog\/#\/schema\/logo\/image\/"},"sameAs":["https:\/\/web.facebook.com\/BANDIcosmetics","https:\/\/x.com\/bandi_cosmetics","https:\/\/www.instagram.com\/bandi_cosmetics\/","https:\/\/www.pinterest.com\/bandicosmetics\/","https:\/\/www.youtube.com\/user\/BandiCosmeticsPolska"]},{"@type":"Person","@id":"https:\/\/www.bandi.pl\/blog\/#\/schema\/person\/6905a8e1379d84df843b078d275c5aea","name":"BANDI","sameAs":["https:\/\/www.bandi.pl\/blog"]}]}},"_links":{"self":[{"href":"https:\/\/www.bandi.pl\/blog\/wp-json\/wp\/v2\/posts\/3575","targetHints":{"allow":["GET"]}}],"collection":[{"href":"https:\/\/www.bandi.pl\/blog\/wp-json\/wp\/v2\/posts"}],"about":[{"href":"https:\/\/www.bandi.pl\/blog\/wp-json\/wp\/v2\/types\/post"}],"author":[{"embeddable":true,"href":"https:\/\/www.bandi.pl\/blog\/wp-json\/wp\/v2\/users\/3"}],"replies":[{"embeddable":true,"href":"https:\/\/www.bandi.pl\/blog\/wp-json\/wp\/v2\/comments?post=3575"}],"version-history":[{"count":1,"href":"https:\/\/www.bandi.pl\/blog\/wp-json\/wp\/v2\/posts\/3575\/revisions"}],"predecessor-version":[{"id":4273,"href":"https:\/\/www.bandi.pl\/blog\/wp-json\/wp\/v2\/posts\/3575\/revisions\/4273"}],"wp:featuredmedia":[{"embeddable":true,"href":"https:\/\/www.bandi.pl\/blog\/wp-json\/wp\/v2\/media\/4272"}],"wp:attachment":[{"href":"https:\/\/www.bandi.pl\/blog\/wp-json\/wp\/v2\/media?parent=3575"}],"wp:term":[{"taxonomy":"category","embeddable":true,"href":"https:\/\/www.bandi.pl\/blog\/wp-json\/wp\/v2\/categories?post=3575"},{"taxonomy":"post_tag","embeddable":true,"href":"https:\/\/www.bandi.pl\/blog\/wp-json\/wp\/v2\/tags?post=3575"}],"curies":[{"name":"wp","href":"https:\/\/api.w.org\/{rel}","templated":true}]}}