{"id":3499,"date":"2018-03-14T23:01:21","date_gmt":"2018-03-14T22:01:21","guid":{"rendered":"https:\/\/blog.bandi.pl\/?p=3499"},"modified":"2019-11-21T16:47:30","modified_gmt":"2019-11-21T15:47:30","slug":"boutique-w-bolonii","status":"publish","type":"post","link":"https:\/\/www.bandi.pl\/blog\/boutique-w-bolonii\/","title":{"rendered":"BOUTIQUE w Bolonii"},"content":{"rendered":"<p>\t\t\t\tTargi Cosmoprof w Bolonii, w kt\u00f3rych z przyjemno\u015bci\u0105 wzi\u0119li\u015bmy udzia\u0142, zainicjowa\u0142y cudown\u0105 akcj\u0119 charytatywn\u0105 pod nazw\u0105 BOUTIQUE. Tak bardzo spodoba\u0142a nam si\u0119 ta inicjatywa, \u017ce postanowili\u015bmy zosta\u0107 jej sponsorem! Akcja polega\u0142a na sprzeda\u017cy produkt\u00f3w, a nast\u0119pnie wszystkie zebrane \u015brodki zosta\u0142y przekazane do pobliskiego szpitala IRST Cancer Center of Romagna dla dzieci choruj\u0105cych na nowotw\u00f3r. Bardzo nas cieszy fakt, \u017ce produkty firmy BANDI szczeg\u00f3lnie przypad\u0142y klientkom do gustu i znika\u0142y z p\u00f3\u0142ek w mgnieniu oka!<\/p>\n<p><img loading=\"lazy\" decoding=\"async\" src=\"https:\/\/blog.bandi.pl\/wp-content\/uploads\/2018\/03\/IMG_1574-e1536959044629.jpg\" sizes=\"(max-width: 720px) 100vw, 720px\" srcset=\"https:\/\/blog.bandi.pl\/wp-content\/uploads\/2018\/03\/IMG_1574-e1536959044629.jpg 720w, https:\/\/blog.bandi.pl\/wp-content\/uploads\/2018\/03\/IMG_1574-e1536959044629-225x300.jpg 225w\" alt=\"\" width=\"720\" height=\"960\" \/>\t\t<\/p>\n","protected":false},"excerpt":{"rendered":"<p>Targi Cosmoprof w Bolonii, w kt\u00f3rych z przyjemno\u015bci\u0105 wzi\u0119li\u015bmy udzia\u0142, zainicjowa\u0142y cudown\u0105 akcj\u0119 charytatywn\u0105 pod nazw\u0105 BOUTIQUE. Tak bardzo spodoba\u0142a nam si\u0119 ta inicjatywa, \u017ce postanowili\u015bmy zosta\u0107 jej sponsorem! Akcja polega\u0142a na sprzeda\u017cy produkt\u00f3w, a nast\u0119pnie wszystkie zebrane \u015brodki zosta\u0142y przekazane do pobliskiego szpitala IRST Cancer Center of Romagna dla dzieci choruj\u0105cych na nowotw\u00f3r. Bardzo [&hellip;]<\/p>\n","protected":false},"author":3,"featured_media":0,"comment_status":"open","ping_status":"open","sticky":false,"template":"","format":"standard","meta":{"_et_pb_use_builder":"","_et_pb_old_content":"","_et_gb_content_width":"","footnotes":""},"categories":[2055,1973,1741],"tags":[],"class_list":["post-3499","post","type-post","status-publish","format-standard","hentry","category-bandi","category-kategoria-targi-kosmetyczne-szkolenia","category-kategoria-z-zycia-firmy"],"yoast_head":"<!-- This site is optimized with the Yoast SEO plugin v27.1.1 - https:\/\/yoast.com\/product\/yoast-seo-wordpress\/ -->\n<title>BOUTIQUE w Bolonii &#187; Blog BANDI<\/title>\n<meta name=\"robots\" content=\"index, follow, max-snippet:-1, max-image-preview:large, max-video-preview:-1\" \/>\n<link rel=\"canonical\" href=\"https:\/\/www.bandi.pl\/blog\/boutique-w-bolonii\/\" \/>\n<meta property=\"og:locale\" content=\"pl_PL\" \/>\n<meta property=\"og:type\" content=\"article\" \/>\n<meta property=\"og:title\" content=\"BOUTIQUE w Bolonii &#187; Blog BANDI\" \/>\n<meta property=\"og:description\" content=\"Targi Cosmoprof w Bolonii, w kt\u00f3rych z przyjemno\u015bci\u0105 wzi\u0119li\u015bmy udzia\u0142, zainicjowa\u0142y cudown\u0105 akcj\u0119 charytatywn\u0105 pod nazw\u0105 BOUTIQUE. Tak bardzo spodoba\u0142a nam si\u0119 ta inicjatywa, \u017ce postanowili\u015bmy zosta\u0107 jej sponsorem! Akcja polega\u0142a na sprzeda\u017cy produkt\u00f3w, a nast\u0119pnie wszystkie zebrane \u015brodki zosta\u0142y przekazane do pobliskiego szpitala IRST Cancer Center of Romagna dla dzieci choruj\u0105cych na nowotw\u00f3r. Bardzo [&hellip;]\" \/>\n<meta property=\"og:url\" content=\"https:\/\/www.bandi.pl\/blog\/boutique-w-bolonii\/\" \/>\n<meta property=\"og:site_name\" content=\"Blog BANDI\" \/>\n<meta property=\"article:publisher\" content=\"https:\/\/web.facebook.com\/BANDIcosmetics\" \/>\n<meta property=\"article:published_time\" content=\"2018-03-14T22:01:21+00:00\" \/>\n<meta property=\"article:modified_time\" content=\"2019-11-21T15:47:30+00:00\" \/>\n<meta property=\"og:image\" content=\"https:\/\/blog.bandi.pl\/wp-content\/uploads\/2018\/03\/IMG_1574-e1536959044629.jpg\" \/>\n<meta name=\"author\" content=\"BANDI\" \/>\n<meta name=\"twitter:card\" content=\"summary_large_image\" \/>\n<meta name=\"twitter:creator\" content=\"@bandi_cosmetics\" \/>\n<meta name=\"twitter:site\" content=\"@bandi_cosmetics\" \/>\n<meta name=\"twitter:label1\" content=\"Napisane przez\" \/>\n\t<meta name=\"twitter:data1\" content=\"BANDI\" \/>\n<script type=\"application\/ld+json\" class=\"yoast-schema-graph\">{\"@context\":\"https:\/\/schema.org\",\"@graph\":[{\"@type\":\"Article\",\"@id\":\"https:\/\/www.bandi.pl\/blog\/boutique-w-bolonii\/#article\",\"isPartOf\":{\"@id\":\"https:\/\/www.bandi.pl\/blog\/boutique-w-bolonii\/\"},\"author\":{\"name\":\"BANDI\",\"@id\":\"https:\/\/www.bandi.pl\/blog\/#\/schema\/person\/6905a8e1379d84df843b078d275c5aea\"},\"headline\":\"BOUTIQUE w Bolonii\",\"datePublished\":\"2018-03-14T22:01:21+00:00\",\"dateModified\":\"2019-11-21T15:47:30+00:00\",\"mainEntityOfPage\":{\"@id\":\"https:\/\/www.bandi.pl\/blog\/boutique-w-bolonii\/\"},\"wordCount\":95,\"commentCount\":0,\"publisher\":{\"@id\":\"https:\/\/www.bandi.pl\/blog\/#organization\"},\"image\":{\"@id\":\"https:\/\/www.bandi.pl\/blog\/boutique-w-bolonii\/#primaryimage\"},\"thumbnailUrl\":\"https:\/\/blog.bandi.pl\/wp-content\/uploads\/2018\/03\/IMG_1574-e1536959044629.jpg\",\"articleSection\":[\"BANDI\",\"Targi kosmetyczne, szkolenia...\",\"Z \u017cycia firmy\"],\"inLanguage\":\"pl-PL\",\"potentialAction\":[{\"@type\":\"CommentAction\",\"name\":\"Comment\",\"target\":[\"https:\/\/www.bandi.pl\/blog\/boutique-w-bolonii\/#respond\"]}]},{\"@type\":\"WebPage\",\"@id\":\"https:\/\/www.bandi.pl\/blog\/boutique-w-bolonii\/\",\"url\":\"https:\/\/www.bandi.pl\/blog\/boutique-w-bolonii\/\",\"name\":\"BOUTIQUE w Bolonii &#187; Blog BANDI\",\"isPartOf\":{\"@id\":\"https:\/\/www.bandi.pl\/blog\/#website\"},\"primaryImageOfPage\":{\"@id\":\"https:\/\/www.bandi.pl\/blog\/boutique-w-bolonii\/#primaryimage\"},\"image\":{\"@id\":\"https:\/\/www.bandi.pl\/blog\/boutique-w-bolonii\/#primaryimage\"},\"thumbnailUrl\":\"https:\/\/blog.bandi.pl\/wp-content\/uploads\/2018\/03\/IMG_1574-e1536959044629.jpg\",\"datePublished\":\"2018-03-14T22:01:21+00:00\",\"dateModified\":\"2019-11-21T15:47:30+00:00\",\"breadcrumb\":{\"@id\":\"https:\/\/www.bandi.pl\/blog\/boutique-w-bolonii\/#breadcrumb\"},\"inLanguage\":\"pl-PL\",\"potentialAction\":[{\"@type\":\"ReadAction\",\"target\":[\"https:\/\/www.bandi.pl\/blog\/boutique-w-bolonii\/\"]}]},{\"@type\":\"ImageObject\",\"inLanguage\":\"pl-PL\",\"@id\":\"https:\/\/www.bandi.pl\/blog\/boutique-w-bolonii\/#primaryimage\",\"url\":\"https:\/\/blog.bandi.pl\/wp-content\/uploads\/2018\/03\/IMG_1574-e1536959044629.jpg\",\"contentUrl\":\"https:\/\/blog.bandi.pl\/wp-content\/uploads\/2018\/03\/IMG_1574-e1536959044629.jpg\"},{\"@type\":\"BreadcrumbList\",\"@id\":\"https:\/\/www.bandi.pl\/blog\/boutique-w-bolonii\/#breadcrumb\",\"itemListElement\":[{\"@type\":\"ListItem\",\"position\":1,\"name\":\"BANDI\",\"item\":\"https:\/\/www.bandi.pl\/blog\/\"},{\"@type\":\"ListItem\",\"position\":2,\"name\":\"BOUTIQUE w Bolonii\"}]},{\"@type\":\"WebSite\",\"@id\":\"https:\/\/www.bandi.pl\/blog\/#website\",\"url\":\"https:\/\/www.bandi.pl\/blog\/\",\"name\":\"Blog BANDI\",\"description\":\"Czarno na bia\u0142ym o kosmetykach\",\"publisher\":{\"@id\":\"https:\/\/www.bandi.pl\/blog\/#organization\"},\"potentialAction\":[{\"@type\":\"SearchAction\",\"target\":{\"@type\":\"EntryPoint\",\"urlTemplate\":\"https:\/\/www.bandi.pl\/blog\/?s={search_term_string}\"},\"query-input\":{\"@type\":\"PropertyValueSpecification\",\"valueRequired\":true,\"valueName\":\"search_term_string\"}}],\"inLanguage\":\"pl-PL\"},{\"@type\":\"Organization\",\"@id\":\"https:\/\/www.bandi.pl\/blog\/#organization\",\"name\":\"BANDI\",\"url\":\"https:\/\/www.bandi.pl\/blog\/\",\"logo\":{\"@type\":\"ImageObject\",\"inLanguage\":\"pl-PL\",\"@id\":\"https:\/\/www.bandi.pl\/blog\/#\/schema\/logo\/image\/\",\"url\":\"https:\/\/www.bandi.pl\/blog\/wp-content\/uploads\/2019\/06\/bandi-logo.png\",\"contentUrl\":\"https:\/\/www.bandi.pl\/blog\/wp-content\/uploads\/2019\/06\/bandi-logo.png\",\"width\":264,\"height\":111,\"caption\":\"BANDI\"},\"image\":{\"@id\":\"https:\/\/www.bandi.pl\/blog\/#\/schema\/logo\/image\/\"},\"sameAs\":[\"https:\/\/web.facebook.com\/BANDIcosmetics\",\"https:\/\/x.com\/bandi_cosmetics\",\"https:\/\/www.instagram.com\/bandi_cosmetics\/\",\"https:\/\/www.pinterest.com\/bandicosmetics\/\",\"https:\/\/www.youtube.com\/user\/BandiCosmeticsPolska\"]},{\"@type\":\"Person\",\"@id\":\"https:\/\/www.bandi.pl\/blog\/#\/schema\/person\/6905a8e1379d84df843b078d275c5aea\",\"name\":\"BANDI\",\"sameAs\":[\"https:\/\/www.bandi.pl\/blog\"]}]}<\/script>\n<!-- \/ Yoast SEO plugin. -->","yoast_head_json":{"title":"BOUTIQUE w Bolonii &#187; Blog BANDI","robots":{"index":"index","follow":"follow","max-snippet":"max-snippet:-1","max-image-preview":"max-image-preview:large","max-video-preview":"max-video-preview:-1"},"canonical":"https:\/\/www.bandi.pl\/blog\/boutique-w-bolonii\/","og_locale":"pl_PL","og_type":"article","og_title":"BOUTIQUE w Bolonii &#187; Blog BANDI","og_description":"Targi Cosmoprof w Bolonii, w kt\u00f3rych z przyjemno\u015bci\u0105 wzi\u0119li\u015bmy udzia\u0142, zainicjowa\u0142y cudown\u0105 akcj\u0119 charytatywn\u0105 pod nazw\u0105 BOUTIQUE. Tak bardzo spodoba\u0142a nam si\u0119 ta inicjatywa, \u017ce postanowili\u015bmy zosta\u0107 jej sponsorem! Akcja polega\u0142a na sprzeda\u017cy produkt\u00f3w, a nast\u0119pnie wszystkie zebrane \u015brodki zosta\u0142y przekazane do pobliskiego szpitala IRST Cancer Center of Romagna dla dzieci choruj\u0105cych na nowotw\u00f3r. Bardzo [&hellip;]","og_url":"https:\/\/www.bandi.pl\/blog\/boutique-w-bolonii\/","og_site_name":"Blog BANDI","article_publisher":"https:\/\/web.facebook.com\/BANDIcosmetics","article_published_time":"2018-03-14T22:01:21+00:00","article_modified_time":"2019-11-21T15:47:30+00:00","og_image":[{"url":"https:\/\/blog.bandi.pl\/wp-content\/uploads\/2018\/03\/IMG_1574-e1536959044629.jpg","type":"","width":"","height":""}],"author":"BANDI","twitter_card":"summary_large_image","twitter_creator":"@bandi_cosmetics","twitter_site":"@bandi_cosmetics","twitter_misc":{"Napisane przez":"BANDI"},"schema":{"@context":"https:\/\/schema.org","@graph":[{"@type":"Article","@id":"https:\/\/www.bandi.pl\/blog\/boutique-w-bolonii\/#article","isPartOf":{"@id":"https:\/\/www.bandi.pl\/blog\/boutique-w-bolonii\/"},"author":{"name":"BANDI","@id":"https:\/\/www.bandi.pl\/blog\/#\/schema\/person\/6905a8e1379d84df843b078d275c5aea"},"headline":"BOUTIQUE w Bolonii","datePublished":"2018-03-14T22:01:21+00:00","dateModified":"2019-11-21T15:47:30+00:00","mainEntityOfPage":{"@id":"https:\/\/www.bandi.pl\/blog\/boutique-w-bolonii\/"},"wordCount":95,"commentCount":0,"publisher":{"@id":"https:\/\/www.bandi.pl\/blog\/#organization"},"image":{"@id":"https:\/\/www.bandi.pl\/blog\/boutique-w-bolonii\/#primaryimage"},"thumbnailUrl":"https:\/\/blog.bandi.pl\/wp-content\/uploads\/2018\/03\/IMG_1574-e1536959044629.jpg","articleSection":["BANDI","Targi kosmetyczne, szkolenia...","Z \u017cycia firmy"],"inLanguage":"pl-PL","potentialAction":[{"@type":"CommentAction","name":"Comment","target":["https:\/\/www.bandi.pl\/blog\/boutique-w-bolonii\/#respond"]}]},{"@type":"WebPage","@id":"https:\/\/www.bandi.pl\/blog\/boutique-w-bolonii\/","url":"https:\/\/www.bandi.pl\/blog\/boutique-w-bolonii\/","name":"BOUTIQUE w Bolonii &#187; Blog BANDI","isPartOf":{"@id":"https:\/\/www.bandi.pl\/blog\/#website"},"primaryImageOfPage":{"@id":"https:\/\/www.bandi.pl\/blog\/boutique-w-bolonii\/#primaryimage"},"image":{"@id":"https:\/\/www.bandi.pl\/blog\/boutique-w-bolonii\/#primaryimage"},"thumbnailUrl":"https:\/\/blog.bandi.pl\/wp-content\/uploads\/2018\/03\/IMG_1574-e1536959044629.jpg","datePublished":"2018-03-14T22:01:21+00:00","dateModified":"2019-11-21T15:47:30+00:00","breadcrumb":{"@id":"https:\/\/www.bandi.pl\/blog\/boutique-w-bolonii\/#breadcrumb"},"inLanguage":"pl-PL","potentialAction":[{"@type":"ReadAction","target":["https:\/\/www.bandi.pl\/blog\/boutique-w-bolonii\/"]}]},{"@type":"ImageObject","inLanguage":"pl-PL","@id":"https:\/\/www.bandi.pl\/blog\/boutique-w-bolonii\/#primaryimage","url":"https:\/\/blog.bandi.pl\/wp-content\/uploads\/2018\/03\/IMG_1574-e1536959044629.jpg","contentUrl":"https:\/\/blog.bandi.pl\/wp-content\/uploads\/2018\/03\/IMG_1574-e1536959044629.jpg"},{"@type":"BreadcrumbList","@id":"https:\/\/www.bandi.pl\/blog\/boutique-w-bolonii\/#breadcrumb","itemListElement":[{"@type":"ListItem","position":1,"name":"BANDI","item":"https:\/\/www.bandi.pl\/blog\/"},{"@type":"ListItem","position":2,"name":"BOUTIQUE w Bolonii"}]},{"@type":"WebSite","@id":"https:\/\/www.bandi.pl\/blog\/#website","url":"https:\/\/www.bandi.pl\/blog\/","name":"Blog BANDI","description":"Czarno na bia\u0142ym o kosmetykach","publisher":{"@id":"https:\/\/www.bandi.pl\/blog\/#organization"},"potentialAction":[{"@type":"SearchAction","target":{"@type":"EntryPoint","urlTemplate":"https:\/\/www.bandi.pl\/blog\/?s={search_term_string}"},"query-input":{"@type":"PropertyValueSpecification","valueRequired":true,"valueName":"search_term_string"}}],"inLanguage":"pl-PL"},{"@type":"Organization","@id":"https:\/\/www.bandi.pl\/blog\/#organization","name":"BANDI","url":"https:\/\/www.bandi.pl\/blog\/","logo":{"@type":"ImageObject","inLanguage":"pl-PL","@id":"https:\/\/www.bandi.pl\/blog\/#\/schema\/logo\/image\/","url":"https:\/\/www.bandi.pl\/blog\/wp-content\/uploads\/2019\/06\/bandi-logo.png","contentUrl":"https:\/\/www.bandi.pl\/blog\/wp-content\/uploads\/2019\/06\/bandi-logo.png","width":264,"height":111,"caption":"BANDI"},"image":{"@id":"https:\/\/www.bandi.pl\/blog\/#\/schema\/logo\/image\/"},"sameAs":["https:\/\/web.facebook.com\/BANDIcosmetics","https:\/\/x.com\/bandi_cosmetics","https:\/\/www.instagram.com\/bandi_cosmetics\/","https:\/\/www.pinterest.com\/bandicosmetics\/","https:\/\/www.youtube.com\/user\/BandiCosmeticsPolska"]},{"@type":"Person","@id":"https:\/\/www.bandi.pl\/blog\/#\/schema\/person\/6905a8e1379d84df843b078d275c5aea","name":"BANDI","sameAs":["https:\/\/www.bandi.pl\/blog"]}]}},"_links":{"self":[{"href":"https:\/\/www.bandi.pl\/blog\/wp-json\/wp\/v2\/posts\/3499","targetHints":{"allow":["GET"]}}],"collection":[{"href":"https:\/\/www.bandi.pl\/blog\/wp-json\/wp\/v2\/posts"}],"about":[{"href":"https:\/\/www.bandi.pl\/blog\/wp-json\/wp\/v2\/types\/post"}],"author":[{"embeddable":true,"href":"https:\/\/www.bandi.pl\/blog\/wp-json\/wp\/v2\/users\/3"}],"replies":[{"embeddable":true,"href":"https:\/\/www.bandi.pl\/blog\/wp-json\/wp\/v2\/comments?post=3499"}],"version-history":[{"count":1,"href":"https:\/\/www.bandi.pl\/blog\/wp-json\/wp\/v2\/posts\/3499\/revisions"}],"predecessor-version":[{"id":4877,"href":"https:\/\/www.bandi.pl\/blog\/wp-json\/wp\/v2\/posts\/3499\/revisions\/4877"}],"wp:attachment":[{"href":"https:\/\/www.bandi.pl\/blog\/wp-json\/wp\/v2\/media?parent=3499"}],"wp:term":[{"taxonomy":"category","embeddable":true,"href":"https:\/\/www.bandi.pl\/blog\/wp-json\/wp\/v2\/categories?post=3499"},{"taxonomy":"post_tag","embeddable":true,"href":"https:\/\/www.bandi.pl\/blog\/wp-json\/wp\/v2\/tags?post=3499"}],"curies":[{"name":"wp","href":"https:\/\/api.w.org\/{rel}","templated":true}]}}