{"id":3105,"date":"2018-01-11T18:18:06","date_gmt":"2018-01-11T17:18:06","guid":{"rendered":"http:\/\/blog.bandi.pl\/?p=3105"},"modified":"2019-11-21T16:47:31","modified_gmt":"2019-11-21T15:47:31","slug":"akademia-pielegnacji","status":"publish","type":"post","link":"https:\/\/www.bandi.pl\/blog\/akademia-pielegnacji\/","title":{"rendered":"Akademia Piel\u0119gnacji"},"content":{"rendered":"\n<p>Organizowany przez nas konkurs na&nbsp;najlepsz\u0105 recenzj\u0119 kosmetyczn\u0105 wygra\u0142a pani Anna z&nbsp;Legionowa. W&nbsp;grudniu pani Ania wraz&nbsp;z&nbsp;siostr\u0105 wzi\u0119\u0142y udzia\u0142 w&nbsp;Akademii Piel\u0119gnacji BANDI.<\/p>\n\n\n\n<!--more-->\n\n\n\n<p>Panie mia\u0142y okazj\u0119 zwiedzi\u0107 fabryk\u0119, przyjrze\u0107 si\u0119&nbsp;produkcji i&nbsp;laboratorium od \u015brodka. Wsp\u00f3lnie robi\u0142y krem i&nbsp;dowiedzia\u0142y si\u0119&nbsp;w&nbsp;czym tkwi sukces tworzenia dobrego kosmetyku. Jolanta Wysocka &#8211; kosmetyczka z&nbsp;wieloletnim do\u015bwiadczeniem wprowadzi\u0142a Panie w&nbsp;fakty i&nbsp;mity na&nbsp;temat piel\u0119gnacji cery. Okaza\u0142o si\u0119,&nbsp;\u017ce&nbsp;cz\u0119sto pope\u0142niamy podstawowe b\u0142\u0119dy w&nbsp;rytuale piel\u0119gnacyjnym, a&nbsp;wystarcz\u0105 niewielkie zmiany, aby&nbsp;wyra\u017anie odczu\u0107 efekty na&nbsp;naszej sk\u00f3rze.<\/p>\n\n\n\n<p>Druga po\u0142owa dnia min\u0119\u0142a na&nbsp;przyjemnych zabiegach piel\u0119gnacyjnych w&nbsp;<strong>Instytucie Urody BANDI<\/strong>. Eksperci Instytutu dobrali odpowiednie kuracje i&nbsp;preparaty. Dzie\u0144 zako\u0144czy\u0142 si\u0119&nbsp;uroczyst\u0105 kolacj\u0105.<\/p>\n\n\n\n<figure class=\"wp-block-image\"><img loading=\"lazy\" decoding=\"async\" width=\"667\" height=\"500\" src=\"https:\/\/www.bandi.pl\/blog\/wp-content\/uploads\/2019\/07\/akademia-3-667x500.jpg\" alt=\"Wsp\u00f3lna kolacja na zako\u0144czenie Akademii BANDI\" class=\"wp-image-4306\" srcset=\"https:\/\/www.bandi.pl\/blog\/wp-content\/uploads\/2019\/07\/akademia-3-667x500.jpg 667w, https:\/\/www.bandi.pl\/blog\/wp-content\/uploads\/2019\/07\/akademia-3-300x225.jpg 300w, https:\/\/www.bandi.pl\/blog\/wp-content\/uploads\/2019\/07\/akademia-3-768x576.jpg 768w, https:\/\/www.bandi.pl\/blog\/wp-content\/uploads\/2019\/07\/akademia-3-400x300.jpg 400w, https:\/\/www.bandi.pl\/blog\/wp-content\/uploads\/2019\/07\/akademia-3-510x382.jpg 510w, https:\/\/www.bandi.pl\/blog\/wp-content\/uploads\/2019\/07\/akademia-3-1080x810.jpg 1080w, https:\/\/www.bandi.pl\/blog\/wp-content\/uploads\/2019\/07\/akademia-3.jpg 1812w\" sizes=\"(max-width: 667px) 100vw, 667px\" \/><figcaption>Wsp\u00f3lna kolacja na zako\u0144czenie Akademii BANDI<\/figcaption><\/figure>\n\n\n\n<blockquote class=\"wp-block-quote is-layout-flow wp-block-quote-is-layout-flow\"><p>Specjali\u015bci w trakcie Akademii Bandi u\u015bwiadomili mi, \u017ce&nbsp;musz\u0119 wprowadzi\u0107 wiele zmian w&nbsp;sposobie piel\u0119gnacji swojej sk\u00f3ry. Nauczyli mnie jak&nbsp;dobiera\u0107 odpowiednie kosmetyki, czym mam si\u0119&nbsp;kierowa\u0107 przy ich&nbsp;wyborze i&nbsp;na&nbsp;co&nbsp;w&nbsp;sk\u0142adzie kosmetyku nale\u017cy zwraca\u0107 uwag\u0119. Kosmetyki Bandi zago\u015bci\u0142y ju\u017c na&nbsp;dobre w&nbsp;mojej codziennej piel\u0119gnacji sk\u00f3ry, s\u0105&nbsp;rewelacyjne i&nbsp;sprawdzaj\u0105 si\u0119&nbsp;w&nbsp;100%, ka\u017cdemu mog\u0119 \u015bmia\u0142o je&nbsp;poleci\u0107.<\/p><cite> to&nbsp;s\u0142owa pani Anny.<\/cite><\/blockquote>\n\n\n\n<p>Gratulujemy laureatkom konkursu i&nbsp;dzi\u0119kujemy za&nbsp;wsp\u00f3lnie sp\u0119dzony dzie\u0144!<\/p>\n","protected":false},"excerpt":{"rendered":"<p>Organizowany przez nas konkurs na&nbsp;najlepsz\u0105 recenzj\u0119 kosmetyczn\u0105 wygra\u0142a pani Anna z&nbsp;Legionowa. W&nbsp;grudniu pani Ania wraz&nbsp;z&nbsp;siostr\u0105 wzi\u0119\u0142y udzia\u0142 w&nbsp;Akademii Piel\u0119gnacji BANDI.<\/p>\n","protected":false},"author":3,"featured_media":4308,"comment_status":"open","ping_status":"open","sticky":false,"template":"","format":"standard","meta":{"_et_pb_use_builder":"","_et_pb_old_content":"","_et_gb_content_width":"","footnotes":""},"categories":[1973,1741],"tags":[70],"class_list":["post-3105","post","type-post","status-publish","format-standard","has-post-thumbnail","hentry","category-kategoria-targi-kosmetyczne-szkolenia","category-kategoria-z-zycia-firmy","tag-konkurs"],"yoast_head":"<!-- This site is optimized with the Yoast SEO plugin v27.1.1 - https:\/\/yoast.com\/product\/yoast-seo-wordpress\/ -->\n<title>Akademia Piel\u0119gnacji &#187; Blog BANDI<\/title>\n<meta name=\"robots\" content=\"index, follow, max-snippet:-1, max-image-preview:large, max-video-preview:-1\" \/>\n<link rel=\"canonical\" href=\"https:\/\/www.bandi.pl\/blog\/akademia-pielegnacji\/\" \/>\n<meta property=\"og:locale\" content=\"pl_PL\" \/>\n<meta property=\"og:type\" content=\"article\" \/>\n<meta property=\"og:title\" content=\"Akademia Piel\u0119gnacji &#187; Blog BANDI\" \/>\n<meta property=\"og:description\" content=\"Organizowany przez nas konkurs na&nbsp;najlepsz\u0105 recenzj\u0119 kosmetyczn\u0105 wygra\u0142a pani Anna z&nbsp;Legionowa. W&nbsp;grudniu pani Ania wraz&nbsp;z&nbsp;siostr\u0105 wzi\u0119\u0142y udzia\u0142 w&nbsp;Akademii Piel\u0119gnacji BANDI.\" \/>\n<meta property=\"og:url\" content=\"https:\/\/www.bandi.pl\/blog\/akademia-pielegnacji\/\" \/>\n<meta property=\"og:site_name\" content=\"Blog BANDI\" \/>\n<meta property=\"article:publisher\" content=\"https:\/\/web.facebook.com\/BANDIcosmetics\" \/>\n<meta property=\"article:published_time\" content=\"2018-01-11T17:18:06+00:00\" \/>\n<meta property=\"article:modified_time\" content=\"2019-11-21T15:47:31+00:00\" \/>\n<meta property=\"og:image\" content=\"https:\/\/www.bandi.pl\/blog\/wp-content\/uploads\/2018\/01\/akademia-bandi.jpg\" \/>\n\t<meta property=\"og:image:width\" content=\"720\" \/>\n\t<meta property=\"og:image:height\" content=\"392\" \/>\n\t<meta property=\"og:image:type\" content=\"image\/jpeg\" \/>\n<meta name=\"author\" content=\"BANDI\" \/>\n<meta name=\"twitter:card\" content=\"summary_large_image\" \/>\n<meta name=\"twitter:creator\" content=\"@bandi_cosmetics\" \/>\n<meta name=\"twitter:site\" content=\"@bandi_cosmetics\" \/>\n<meta name=\"twitter:label1\" content=\"Napisane przez\" \/>\n\t<meta name=\"twitter:data1\" content=\"BANDI\" \/>\n\t<meta name=\"twitter:label2\" content=\"Szacowany czas czytania\" \/>\n\t<meta name=\"twitter:data2\" content=\"1 minuta\" \/>\n<script type=\"application\/ld+json\" class=\"yoast-schema-graph\">{\"@context\":\"https:\/\/schema.org\",\"@graph\":[{\"@type\":\"Article\",\"@id\":\"https:\/\/www.bandi.pl\/blog\/akademia-pielegnacji\/#article\",\"isPartOf\":{\"@id\":\"https:\/\/www.bandi.pl\/blog\/akademia-pielegnacji\/\"},\"author\":{\"name\":\"BANDI\",\"@id\":\"https:\/\/www.bandi.pl\/blog\/#\/schema\/person\/6905a8e1379d84df843b078d275c5aea\"},\"headline\":\"Akademia Piel\u0119gnacji\",\"datePublished\":\"2018-01-11T17:18:06+00:00\",\"dateModified\":\"2019-11-21T15:47:31+00:00\",\"mainEntityOfPage\":{\"@id\":\"https:\/\/www.bandi.pl\/blog\/akademia-pielegnacji\/\"},\"wordCount\":279,\"commentCount\":0,\"publisher\":{\"@id\":\"https:\/\/www.bandi.pl\/blog\/#organization\"},\"image\":{\"@id\":\"https:\/\/www.bandi.pl\/blog\/akademia-pielegnacji\/#primaryimage\"},\"thumbnailUrl\":\"https:\/\/www.bandi.pl\/blog\/wp-content\/uploads\/2018\/01\/akademia-bandi.jpg\",\"keywords\":[\"konkurs\"],\"articleSection\":[\"Targi kosmetyczne, szkolenia...\",\"Z \u017cycia firmy\"],\"inLanguage\":\"pl-PL\",\"potentialAction\":[{\"@type\":\"CommentAction\",\"name\":\"Comment\",\"target\":[\"https:\/\/www.bandi.pl\/blog\/akademia-pielegnacji\/#respond\"]}]},{\"@type\":\"WebPage\",\"@id\":\"https:\/\/www.bandi.pl\/blog\/akademia-pielegnacji\/\",\"url\":\"https:\/\/www.bandi.pl\/blog\/akademia-pielegnacji\/\",\"name\":\"Akademia Piel\u0119gnacji &#187; Blog BANDI\",\"isPartOf\":{\"@id\":\"https:\/\/www.bandi.pl\/blog\/#website\"},\"primaryImageOfPage\":{\"@id\":\"https:\/\/www.bandi.pl\/blog\/akademia-pielegnacji\/#primaryimage\"},\"image\":{\"@id\":\"https:\/\/www.bandi.pl\/blog\/akademia-pielegnacji\/#primaryimage\"},\"thumbnailUrl\":\"https:\/\/www.bandi.pl\/blog\/wp-content\/uploads\/2018\/01\/akademia-bandi.jpg\",\"datePublished\":\"2018-01-11T17:18:06+00:00\",\"dateModified\":\"2019-11-21T15:47:31+00:00\",\"breadcrumb\":{\"@id\":\"https:\/\/www.bandi.pl\/blog\/akademia-pielegnacji\/#breadcrumb\"},\"inLanguage\":\"pl-PL\",\"potentialAction\":[{\"@type\":\"ReadAction\",\"target\":[\"https:\/\/www.bandi.pl\/blog\/akademia-pielegnacji\/\"]}]},{\"@type\":\"ImageObject\",\"inLanguage\":\"pl-PL\",\"@id\":\"https:\/\/www.bandi.pl\/blog\/akademia-pielegnacji\/#primaryimage\",\"url\":\"https:\/\/www.bandi.pl\/blog\/wp-content\/uploads\/2018\/01\/akademia-bandi.jpg\",\"contentUrl\":\"https:\/\/www.bandi.pl\/blog\/wp-content\/uploads\/2018\/01\/akademia-bandi.jpg\",\"width\":720,\"height\":392,\"caption\":\"Akademia BANDI\"},{\"@type\":\"BreadcrumbList\",\"@id\":\"https:\/\/www.bandi.pl\/blog\/akademia-pielegnacji\/#breadcrumb\",\"itemListElement\":[{\"@type\":\"ListItem\",\"position\":1,\"name\":\"BANDI\",\"item\":\"https:\/\/www.bandi.pl\/blog\/\"},{\"@type\":\"ListItem\",\"position\":2,\"name\":\"Akademia Piel\u0119gnacji\"}]},{\"@type\":\"WebSite\",\"@id\":\"https:\/\/www.bandi.pl\/blog\/#website\",\"url\":\"https:\/\/www.bandi.pl\/blog\/\",\"name\":\"Blog BANDI\",\"description\":\"Czarno na bia\u0142ym o kosmetykach\",\"publisher\":{\"@id\":\"https:\/\/www.bandi.pl\/blog\/#organization\"},\"potentialAction\":[{\"@type\":\"SearchAction\",\"target\":{\"@type\":\"EntryPoint\",\"urlTemplate\":\"https:\/\/www.bandi.pl\/blog\/?s={search_term_string}\"},\"query-input\":{\"@type\":\"PropertyValueSpecification\",\"valueRequired\":true,\"valueName\":\"search_term_string\"}}],\"inLanguage\":\"pl-PL\"},{\"@type\":\"Organization\",\"@id\":\"https:\/\/www.bandi.pl\/blog\/#organization\",\"name\":\"BANDI\",\"url\":\"https:\/\/www.bandi.pl\/blog\/\",\"logo\":{\"@type\":\"ImageObject\",\"inLanguage\":\"pl-PL\",\"@id\":\"https:\/\/www.bandi.pl\/blog\/#\/schema\/logo\/image\/\",\"url\":\"https:\/\/www.bandi.pl\/blog\/wp-content\/uploads\/2019\/06\/bandi-logo.png\",\"contentUrl\":\"https:\/\/www.bandi.pl\/blog\/wp-content\/uploads\/2019\/06\/bandi-logo.png\",\"width\":264,\"height\":111,\"caption\":\"BANDI\"},\"image\":{\"@id\":\"https:\/\/www.bandi.pl\/blog\/#\/schema\/logo\/image\/\"},\"sameAs\":[\"https:\/\/web.facebook.com\/BANDIcosmetics\",\"https:\/\/x.com\/bandi_cosmetics\",\"https:\/\/www.instagram.com\/bandi_cosmetics\/\",\"https:\/\/www.pinterest.com\/bandicosmetics\/\",\"https:\/\/www.youtube.com\/user\/BandiCosmeticsPolska\"]},{\"@type\":\"Person\",\"@id\":\"https:\/\/www.bandi.pl\/blog\/#\/schema\/person\/6905a8e1379d84df843b078d275c5aea\",\"name\":\"BANDI\",\"sameAs\":[\"https:\/\/www.bandi.pl\/blog\"]}]}<\/script>\n<!-- \/ Yoast SEO plugin. -->","yoast_head_json":{"title":"Akademia Piel\u0119gnacji &#187; Blog BANDI","robots":{"index":"index","follow":"follow","max-snippet":"max-snippet:-1","max-image-preview":"max-image-preview:large","max-video-preview":"max-video-preview:-1"},"canonical":"https:\/\/www.bandi.pl\/blog\/akademia-pielegnacji\/","og_locale":"pl_PL","og_type":"article","og_title":"Akademia Piel\u0119gnacji &#187; Blog BANDI","og_description":"Organizowany przez nas konkurs na&nbsp;najlepsz\u0105 recenzj\u0119 kosmetyczn\u0105 wygra\u0142a pani Anna z&nbsp;Legionowa. W&nbsp;grudniu pani Ania wraz&nbsp;z&nbsp;siostr\u0105 wzi\u0119\u0142y udzia\u0142 w&nbsp;Akademii Piel\u0119gnacji BANDI.","og_url":"https:\/\/www.bandi.pl\/blog\/akademia-pielegnacji\/","og_site_name":"Blog BANDI","article_publisher":"https:\/\/web.facebook.com\/BANDIcosmetics","article_published_time":"2018-01-11T17:18:06+00:00","article_modified_time":"2019-11-21T15:47:31+00:00","og_image":[{"width":720,"height":392,"url":"https:\/\/www.bandi.pl\/blog\/wp-content\/uploads\/2018\/01\/akademia-bandi.jpg","type":"image\/jpeg"}],"author":"BANDI","twitter_card":"summary_large_image","twitter_creator":"@bandi_cosmetics","twitter_site":"@bandi_cosmetics","twitter_misc":{"Napisane przez":"BANDI","Szacowany czas czytania":"1 minuta"},"schema":{"@context":"https:\/\/schema.org","@graph":[{"@type":"Article","@id":"https:\/\/www.bandi.pl\/blog\/akademia-pielegnacji\/#article","isPartOf":{"@id":"https:\/\/www.bandi.pl\/blog\/akademia-pielegnacji\/"},"author":{"name":"BANDI","@id":"https:\/\/www.bandi.pl\/blog\/#\/schema\/person\/6905a8e1379d84df843b078d275c5aea"},"headline":"Akademia Piel\u0119gnacji","datePublished":"2018-01-11T17:18:06+00:00","dateModified":"2019-11-21T15:47:31+00:00","mainEntityOfPage":{"@id":"https:\/\/www.bandi.pl\/blog\/akademia-pielegnacji\/"},"wordCount":279,"commentCount":0,"publisher":{"@id":"https:\/\/www.bandi.pl\/blog\/#organization"},"image":{"@id":"https:\/\/www.bandi.pl\/blog\/akademia-pielegnacji\/#primaryimage"},"thumbnailUrl":"https:\/\/www.bandi.pl\/blog\/wp-content\/uploads\/2018\/01\/akademia-bandi.jpg","keywords":["konkurs"],"articleSection":["Targi kosmetyczne, szkolenia...","Z \u017cycia firmy"],"inLanguage":"pl-PL","potentialAction":[{"@type":"CommentAction","name":"Comment","target":["https:\/\/www.bandi.pl\/blog\/akademia-pielegnacji\/#respond"]}]},{"@type":"WebPage","@id":"https:\/\/www.bandi.pl\/blog\/akademia-pielegnacji\/","url":"https:\/\/www.bandi.pl\/blog\/akademia-pielegnacji\/","name":"Akademia Piel\u0119gnacji &#187; Blog BANDI","isPartOf":{"@id":"https:\/\/www.bandi.pl\/blog\/#website"},"primaryImageOfPage":{"@id":"https:\/\/www.bandi.pl\/blog\/akademia-pielegnacji\/#primaryimage"},"image":{"@id":"https:\/\/www.bandi.pl\/blog\/akademia-pielegnacji\/#primaryimage"},"thumbnailUrl":"https:\/\/www.bandi.pl\/blog\/wp-content\/uploads\/2018\/01\/akademia-bandi.jpg","datePublished":"2018-01-11T17:18:06+00:00","dateModified":"2019-11-21T15:47:31+00:00","breadcrumb":{"@id":"https:\/\/www.bandi.pl\/blog\/akademia-pielegnacji\/#breadcrumb"},"inLanguage":"pl-PL","potentialAction":[{"@type":"ReadAction","target":["https:\/\/www.bandi.pl\/blog\/akademia-pielegnacji\/"]}]},{"@type":"ImageObject","inLanguage":"pl-PL","@id":"https:\/\/www.bandi.pl\/blog\/akademia-pielegnacji\/#primaryimage","url":"https:\/\/www.bandi.pl\/blog\/wp-content\/uploads\/2018\/01\/akademia-bandi.jpg","contentUrl":"https:\/\/www.bandi.pl\/blog\/wp-content\/uploads\/2018\/01\/akademia-bandi.jpg","width":720,"height":392,"caption":"Akademia BANDI"},{"@type":"BreadcrumbList","@id":"https:\/\/www.bandi.pl\/blog\/akademia-pielegnacji\/#breadcrumb","itemListElement":[{"@type":"ListItem","position":1,"name":"BANDI","item":"https:\/\/www.bandi.pl\/blog\/"},{"@type":"ListItem","position":2,"name":"Akademia Piel\u0119gnacji"}]},{"@type":"WebSite","@id":"https:\/\/www.bandi.pl\/blog\/#website","url":"https:\/\/www.bandi.pl\/blog\/","name":"Blog BANDI","description":"Czarno na bia\u0142ym o kosmetykach","publisher":{"@id":"https:\/\/www.bandi.pl\/blog\/#organization"},"potentialAction":[{"@type":"SearchAction","target":{"@type":"EntryPoint","urlTemplate":"https:\/\/www.bandi.pl\/blog\/?s={search_term_string}"},"query-input":{"@type":"PropertyValueSpecification","valueRequired":true,"valueName":"search_term_string"}}],"inLanguage":"pl-PL"},{"@type":"Organization","@id":"https:\/\/www.bandi.pl\/blog\/#organization","name":"BANDI","url":"https:\/\/www.bandi.pl\/blog\/","logo":{"@type":"ImageObject","inLanguage":"pl-PL","@id":"https:\/\/www.bandi.pl\/blog\/#\/schema\/logo\/image\/","url":"https:\/\/www.bandi.pl\/blog\/wp-content\/uploads\/2019\/06\/bandi-logo.png","contentUrl":"https:\/\/www.bandi.pl\/blog\/wp-content\/uploads\/2019\/06\/bandi-logo.png","width":264,"height":111,"caption":"BANDI"},"image":{"@id":"https:\/\/www.bandi.pl\/blog\/#\/schema\/logo\/image\/"},"sameAs":["https:\/\/web.facebook.com\/BANDIcosmetics","https:\/\/x.com\/bandi_cosmetics","https:\/\/www.instagram.com\/bandi_cosmetics\/","https:\/\/www.pinterest.com\/bandicosmetics\/","https:\/\/www.youtube.com\/user\/BandiCosmeticsPolska"]},{"@type":"Person","@id":"https:\/\/www.bandi.pl\/blog\/#\/schema\/person\/6905a8e1379d84df843b078d275c5aea","name":"BANDI","sameAs":["https:\/\/www.bandi.pl\/blog"]}]}},"_links":{"self":[{"href":"https:\/\/www.bandi.pl\/blog\/wp-json\/wp\/v2\/posts\/3105","targetHints":{"allow":["GET"]}}],"collection":[{"href":"https:\/\/www.bandi.pl\/blog\/wp-json\/wp\/v2\/posts"}],"about":[{"href":"https:\/\/www.bandi.pl\/blog\/wp-json\/wp\/v2\/types\/post"}],"author":[{"embeddable":true,"href":"https:\/\/www.bandi.pl\/blog\/wp-json\/wp\/v2\/users\/3"}],"replies":[{"embeddable":true,"href":"https:\/\/www.bandi.pl\/blog\/wp-json\/wp\/v2\/comments?post=3105"}],"version-history":[{"count":2,"href":"https:\/\/www.bandi.pl\/blog\/wp-json\/wp\/v2\/posts\/3105\/revisions"}],"predecessor-version":[{"id":4311,"href":"https:\/\/www.bandi.pl\/blog\/wp-json\/wp\/v2\/posts\/3105\/revisions\/4311"}],"wp:featuredmedia":[{"embeddable":true,"href":"https:\/\/www.bandi.pl\/blog\/wp-json\/wp\/v2\/media\/4308"}],"wp:attachment":[{"href":"https:\/\/www.bandi.pl\/blog\/wp-json\/wp\/v2\/media?parent=3105"}],"wp:term":[{"taxonomy":"category","embeddable":true,"href":"https:\/\/www.bandi.pl\/blog\/wp-json\/wp\/v2\/categories?post=3105"},{"taxonomy":"post_tag","embeddable":true,"href":"https:\/\/www.bandi.pl\/blog\/wp-json\/wp\/v2\/tags?post=3105"}],"curies":[{"name":"wp","href":"https:\/\/api.w.org\/{rel}","templated":true}]}}