{"id":2751,"date":"2017-11-20T07:18:04","date_gmt":"2017-11-20T06:18:04","guid":{"rendered":"http:\/\/eksfoliacja.pl\/?p=2751"},"modified":"2019-11-21T16:47:54","modified_gmt":"2019-11-21T15:47:54","slug":"pielegnacja-cery-zima-obalamy-cztery-najpopularniejsze-mity","status":"publish","type":"post","link":"https:\/\/www.bandi.pl\/blog\/pielegnacja-cery-zima-obalamy-cztery-najpopularniejsze-mity\/","title":{"rendered":"Piel\u0119gnacja cery zim\u0105. Obalamy cztery najpopularniejsze mity"},"content":{"rendered":"<div id=\"pl-2751\" class=\"panel-layout\">\n<div id=\"pg-2751-0\" class=\"panel-grid panel-no-style\">\n<div id=\"pgc-2751-0-0\" class=\"panel-grid-cell\" data-weight=\"1\">\n<div id=\"panel-2751-0-0-0\" class=\"so-panel widget widget_sow-editor panel-first-child panel-last-child\" data-index=\"0\" data-style=\"{&quot;background_image_attachment&quot;:false,&quot;background_display&quot;:&quot;tile&quot;}\">\n<div class=\"so-widget-sow-editor so-widget-sow-editor-base\">\n<div class=\"siteorigin-widget-tinymce textwidget\">\n<p class=\"western\" align=\"justify\"><b>Niezale\u017cnie od tego, jaki masz typ cery, zim\u0105 twoja sk\u00f3ra wymaga intensywnej piel\u0119gnacji. Mr\u00f3z i wiatr wysuszaj\u0105 j\u0105 i podra\u017cniaj\u0105. Nie oznacza to jednak, \u017ce trzeba zrezygnowa\u0107 z aktywno\u015bci na \u015bwie\u017cym powietrzu, \u015bnie\u017cnego szale\u0144stwa czy d\u0142ugich spacer\u00f3w. Wystarczy odpowiednio ochroni\u0107 sk\u00f3r\u0119 przed dzia\u0142aniem szkodliwych czynnik\u00f3w atmosferycznych. Niestety, wok\u00f3\u0142 zimowej piel\u0119gnacji naros\u0142o kilka mit\u00f3w. Czas si\u0119 z nimi rozprawi\u0107. <\/b><\/p>\n<p class=\"western\" align=\"justify\"><b>MIT: Zim\u0105 nie trzeba u\u017cywa\u0107 filtr\u00f3w przeciws\u0142onecznych<\/b><\/p>\n<p class=\"western\" align=\"justify\">Kto cho\u0107 raz sp\u0119dzi\u0142 kilka godzin na stoku w s\u0142oneczny dzie\u0144, ten doskonale wie, jak \u0142atwo opali\u0107 zim\u0105 twarz. Nie nale\u017cy rezygnowa\u0107 z ochrony przeciws\u0142onecznej w okresie jesienno-zimowym. Planuj\u0105c aktywny wypoczynek na \u015bwie\u017cym powietrzu, warto postawi\u0107 na krem, zapewniaj\u0105cy wy\u017csz\u0105 ochron\u0119 przed promieniami UVA i UVB. Pre D3 Zaawansowany krem nawil\u017caj\u0105cy regeneruje, doskonale nawil\u017ca i wyg\u0142adza sk\u00f3r\u0119. Wzbogacony o ektoin\u0119, kt\u00f3ra chroni b\u0142ony kom\u00f3rkowe i DNA przed uszkodzeniami i wzmacnia funkcje obronne sk\u00f3ry.<\/p>\n<p class=\"western\" align=\"justify\"><b>MIT: Zim\u0105 nale\u017cy unika\u0107 krem\u00f3w nawil\u017caj\u0105cych<\/b><\/p>\n<p class=\"western\" align=\"justify\">Niekt\u00f3re z nas boj\u0105 si\u0119 u\u017cywa\u0107 krem\u00f3w nawil\u017caj\u0105cych, poniewa\u017c kr\u0105\u017cy opinia, \u017ce w kontakcie z mro\u017anym powietrzem powoduj\u0105 mikrouszkodzenia sk\u00f3ry. Nic bardziej mylnego. Odpowiednie nawil\u017cenie sk\u00f3ry jest konieczne, by cera pozosta\u0142a w dobrej kondycji. Dzi\u0119ki temu \u0142atwiej znosi niskie temperatury i nie ulega tak \u0142atwo przesuszeniu. W b\u0142\u0119dzie s\u0105 te\u017c panie z cer\u0105 t\u0142ust\u0105, kt\u00f3rym wydaje si\u0119, \u017ce problem przesuszenia ich nie dotknie. Niezale\u017cnie od tego, czy twoja sk\u00f3ra jest t\u0142usta czy normalna, zim\u0105 powinna\u015b si\u0119ga\u0107 po kremy nawil\u017caj\u0105ce (np. z kwasem hialuronowym), wzbogacone substancjami nat\u0142uszczaj\u0105cymi. Kobiety z cer\u0105 wra\u017cliw\u0105 i sk\u0142onn\u0105 do podra\u017cnie\u0144 mog\u0105 wypr\u00f3bowa\u0107 Emulsj\u0119 silnie nawil\u017caj\u0105c\u0105 z serii MEDICAL anti dry. Nie tylko przywraca, wyr\u00f3wnuje i utrzymuje prawid\u0142owy poziom nawil\u017cenia sk\u00f3ry, ale tak\u017ce naprawia funkcje barierowe naturalnego p\u0142aszcza hydro-lipidowego, dzi\u0119ki zastosowaniu olej\u00f3w &#8211; kokosowego i z orzech\u00f3w makadamia.<\/p>\n<p class=\"western\" align=\"justify\"><b>MIT: Kremy nat\u0142uszczaj\u0105ce nie nadaj\u0105 si\u0119 pod makija\u017c <\/b><\/p>\n<p class=\"western\" align=\"justify\">Dzisiejsze kremy nat\u0142uszczaj\u0105ce maj\u0105 lekk\u0105 formu\u0142\u0119 i doskonale wnikaj\u0105 w sk\u00f3r\u0119. Wiele z nich mo\u017cna z powodzeniem stosowa\u0107 pod makija\u017c. Krem z kwasem hialuronowym o dzia\u0142aniu nawil\u017caj\u0105cym i koj\u0105cym z serii Hydro Care zawiera m.in. olej migda\u0142owy, kt\u00f3ry nat\u0142uszcza, zmi\u0119kcza i wyg\u0142adza sk\u00f3r\u0119. Preparat skutecznie odbudowuje p\u0142aszcz hydro-lipidowy sk\u00f3ry, chroni\u0105c j\u0105 przed czynnikami zewn\u0119trznymi. Je\u015bli rezygnujesz z krem\u00f3w nat\u0142uszczaj\u0105cych, poniewa\u017c obawiasz si\u0119 b\u0142yszczenia, powinna\u015b zaopatrzy\u0107 si\u0119 w bibu\u0142ki matuj\u0105ce. Warto nosi\u0107 je w torebce, by zawsze by\u0142y po r\u0119k\u0105. Po ich u\u017cyciu cera b\u0119dzie matowa i wci\u0105\u017c chroniona, a makija\u017c pozostanie nienaruszony.<\/p>\n<p class=\"western\" align=\"justify\"><b>MIT: Z\u0142uszczanie sk\u00f3ry zim\u0105 dodatkowo j\u0105 podra\u017cnia <\/b><\/p>\n<p class=\"western\" align=\"justify\"><a name=\"_GoBack\"><\/a>Okres jesienno-zimowy to najlepszy czas, by intensywnie z\u0142uszczy\u0107 nask\u00f3rek. Je\u015b\u0142i nie kr\u00f3luj\u0105 silne mrozy a my nie eksponujemy sk\u00f3ry na promienie s\u0142oneczne na stoku \u2013 to \u015bwietny czas na stosowanie krem\u00f3w z kwasami. Twarz wygl\u0105da zdrowo i promiennie. Idealny b\u0119dzie <a href=\"https:\/\/www.bandi.pl\/sklep\/produkt\/id\/474_Krem_z_kwasem_migdalowym_i_polihydroksykwasami\" target=\"_blank\" rel=\"noopener noreferrer\">krem z kwasem migda\u0142owym i polihydroksykwasami z linii PROFESSIONAL<\/a>, poniewa\u017c delikatnie usuwa nagromadzone, martwe kom\u00f3rki warstwy rogowej, oczyszcza i zw\u0119\u017ca rozszerzone pory oraz ogranicza b\u0142yszczenie sk\u00f3ry. Zawiera te\u017c polihydroksykwasy, kt\u00f3re wzmacniaj\u0105 \u015bciany naczy\u0144 krwiono\u015bnych. Regularnie stosowany na noc sprawi, \u017ce cera b\u0119dzie g\u0142adka i \u015bwietlista, a zmarszczki wyra\u017anie wyg\u0142adzone. Nale\u017cy jednak pami\u0119ta\u0107, \u017ce kosmetyk\u00f3w z\u0142uszczaj\u0105cych nie nale\u017cy stosowa\u0107 gdy zamierzamy w pe\u0142ni korzysta\u0107 z urok\u00f3w mro\u017anej, zimowej aury. Je\u015bli planujemy d\u0142ugie przebywanie na mrozie najlepiej jest w tym czasie (i kilka dni wcze\u015bniej) zrezygnowa\u0107 z kosmetyk\u00f3w z\u0142uszczaj\u0105cych. A po udanym wypoczynku na stoku mo\u017cemy powr\u00f3ci\u0107 do delikatnego z\u0142uszczania, kt\u00f3remu zima zza biurowego okna nie zak\u0142\u00f3ci dzia\u0142ania.<\/p>\n<\/div>\n<\/div>\n<\/div>\n<\/div>\n<\/div>\n<\/div>\n","protected":false},"excerpt":{"rendered":"<p>Niezale\u017cnie od tego, jaki masz typ cery, zim\u0105 twoja sk\u00f3ra wymaga intensywnej piel\u0119gnacji. Mr\u00f3z i wiatr wysuszaj\u0105 j\u0105 i podra\u017cniaj\u0105. Nie oznacza to jednak, \u017ce trzeba zrezygnowa\u0107 z aktywno\u015bci na \u015bwie\u017cym powietrzu, \u015bnie\u017cnego szale\u0144stwa czy d\u0142ugich spacer\u00f3w. Wystarczy odpowiednio ochroni\u0107 sk\u00f3r\u0119 przed dzia\u0142aniem szkodliwych czynnik\u00f3w atmosferycznych. Niestety, wok\u00f3\u0142 zimowej piel\u0119gnacji naros\u0142o kilka mit\u00f3w. Czas si\u0119 [&hellip;]<\/p>\n","protected":false},"author":3,"featured_media":5983,"comment_status":"open","ping_status":"open","sticky":false,"template":"","format":"standard","meta":{"_et_pb_use_builder":"","_et_pb_old_content":"","_et_gb_content_width":"","footnotes":""},"categories":[2055,1817],"tags":[],"class_list":["post-2751","post","type-post","status-publish","format-standard","has-post-thumbnail","hentry","category-bandi","category-kategoria-pielegnacja-i-kosmetyki"],"yoast_head":"<!-- This site is optimized with the Yoast SEO plugin v27.1.1 - https:\/\/yoast.com\/product\/yoast-seo-wordpress\/ -->\n<title>Piel\u0119gnacja cery zim\u0105. Obalamy cztery najpopularniejsze mity &#187; Blog BANDI<\/title>\n<meta name=\"description\" content=\"Niekt\u00f3re z nas boj\u0105 si\u0119 u\u017cywa\u0107 krem\u00f3w nawil\u017caj\u0105cych, poniewa\u017c kr\u0105\u017cy opinia, \u017ce w kontakcie z mro\u017anym powietrzem powoduj\u0105 mikrouszkodzenia sk\u00f3ry. Nic bardziej mylnego. Odpowiednie nawil\u017cenie sk\u00f3ry jest konieczne, by cera pozosta\u0142a w dobrej kondycji.\" \/>\n<meta name=\"robots\" content=\"index, follow, max-snippet:-1, max-image-preview:large, max-video-preview:-1\" \/>\n<link rel=\"canonical\" href=\"https:\/\/www.bandi.pl\/blog\/pielegnacja-cery-zima-obalamy-cztery-najpopularniejsze-mity\/\" \/>\n<meta property=\"og:locale\" content=\"pl_PL\" \/>\n<meta property=\"og:type\" content=\"article\" \/>\n<meta property=\"og:title\" content=\"Piel\u0119gnacja cery zim\u0105. Obalamy cztery najpopularniejsze mity &#187; Blog BANDI\" \/>\n<meta property=\"og:description\" content=\"Niekt\u00f3re z nas boj\u0105 si\u0119 u\u017cywa\u0107 krem\u00f3w nawil\u017caj\u0105cych, poniewa\u017c kr\u0105\u017cy opinia, \u017ce w kontakcie z mro\u017anym powietrzem powoduj\u0105 mikrouszkodzenia sk\u00f3ry. Nic bardziej mylnego. Odpowiednie nawil\u017cenie sk\u00f3ry jest konieczne, by cera pozosta\u0142a w dobrej kondycji.\" \/>\n<meta property=\"og:url\" content=\"https:\/\/www.bandi.pl\/blog\/pielegnacja-cery-zima-obalamy-cztery-najpopularniejsze-mity\/\" \/>\n<meta property=\"og:site_name\" content=\"Blog BANDI\" \/>\n<meta property=\"article:publisher\" content=\"https:\/\/web.facebook.com\/BANDIcosmetics\" \/>\n<meta property=\"article:published_time\" content=\"2017-11-20T06:18:04+00:00\" \/>\n<meta property=\"article:modified_time\" content=\"2019-11-21T15:47:54+00:00\" \/>\n<meta property=\"og:image\" content=\"https:\/\/www.bandi.pl\/blog\/wp-content\/uploads\/2019\/11\/pielegnacja-skory-zima.jpg\" \/>\n\t<meta property=\"og:image:width\" content=\"1500\" \/>\n\t<meta property=\"og:image:height\" content=\"1001\" \/>\n\t<meta property=\"og:image:type\" content=\"image\/jpeg\" \/>\n<meta name=\"author\" content=\"BANDI\" \/>\n<meta name=\"twitter:card\" content=\"summary_large_image\" \/>\n<meta name=\"twitter:creator\" content=\"@bandi_cosmetics\" \/>\n<meta name=\"twitter:site\" content=\"@bandi_cosmetics\" \/>\n<meta name=\"twitter:label1\" content=\"Napisane przez\" \/>\n\t<meta name=\"twitter:data1\" content=\"BANDI\" \/>\n\t<meta name=\"twitter:label2\" content=\"Szacowany czas czytania\" \/>\n\t<meta name=\"twitter:data2\" content=\"3 minuty\" \/>\n<script type=\"application\/ld+json\" class=\"yoast-schema-graph\">{\"@context\":\"https:\/\/schema.org\",\"@graph\":[{\"@type\":\"Article\",\"@id\":\"https:\/\/www.bandi.pl\/blog\/pielegnacja-cery-zima-obalamy-cztery-najpopularniejsze-mity\/#article\",\"isPartOf\":{\"@id\":\"https:\/\/www.bandi.pl\/blog\/pielegnacja-cery-zima-obalamy-cztery-najpopularniejsze-mity\/\"},\"author\":{\"name\":\"BANDI\",\"@id\":\"https:\/\/www.bandi.pl\/blog\/#\/schema\/person\/6905a8e1379d84df843b078d275c5aea\"},\"headline\":\"Piel\u0119gnacja cery zim\u0105. Obalamy cztery najpopularniejsze mity\",\"datePublished\":\"2017-11-20T06:18:04+00:00\",\"dateModified\":\"2019-11-21T15:47:54+00:00\",\"mainEntityOfPage\":{\"@id\":\"https:\/\/www.bandi.pl\/blog\/pielegnacja-cery-zima-obalamy-cztery-najpopularniejsze-mity\/\"},\"wordCount\":690,\"commentCount\":0,\"publisher\":{\"@id\":\"https:\/\/www.bandi.pl\/blog\/#organization\"},\"image\":{\"@id\":\"https:\/\/www.bandi.pl\/blog\/pielegnacja-cery-zima-obalamy-cztery-najpopularniejsze-mity\/#primaryimage\"},\"thumbnailUrl\":\"https:\/\/www.bandi.pl\/blog\/wp-content\/uploads\/2019\/11\/pielegnacja-skory-zima.jpg\",\"articleSection\":[\"BANDI\",\"Piel\u0119gnacja i kosmetyki\"],\"inLanguage\":\"pl-PL\",\"potentialAction\":[{\"@type\":\"CommentAction\",\"name\":\"Comment\",\"target\":[\"https:\/\/www.bandi.pl\/blog\/pielegnacja-cery-zima-obalamy-cztery-najpopularniejsze-mity\/#respond\"]}]},{\"@type\":\"WebPage\",\"@id\":\"https:\/\/www.bandi.pl\/blog\/pielegnacja-cery-zima-obalamy-cztery-najpopularniejsze-mity\/\",\"url\":\"https:\/\/www.bandi.pl\/blog\/pielegnacja-cery-zima-obalamy-cztery-najpopularniejsze-mity\/\",\"name\":\"Piel\u0119gnacja cery zim\u0105. Obalamy cztery najpopularniejsze mity &#187; Blog BANDI\",\"isPartOf\":{\"@id\":\"https:\/\/www.bandi.pl\/blog\/#website\"},\"primaryImageOfPage\":{\"@id\":\"https:\/\/www.bandi.pl\/blog\/pielegnacja-cery-zima-obalamy-cztery-najpopularniejsze-mity\/#primaryimage\"},\"image\":{\"@id\":\"https:\/\/www.bandi.pl\/blog\/pielegnacja-cery-zima-obalamy-cztery-najpopularniejsze-mity\/#primaryimage\"},\"thumbnailUrl\":\"https:\/\/www.bandi.pl\/blog\/wp-content\/uploads\/2019\/11\/pielegnacja-skory-zima.jpg\",\"datePublished\":\"2017-11-20T06:18:04+00:00\",\"dateModified\":\"2019-11-21T15:47:54+00:00\",\"description\":\"Niekt\u00f3re z nas boj\u0105 si\u0119 u\u017cywa\u0107 krem\u00f3w nawil\u017caj\u0105cych, poniewa\u017c kr\u0105\u017cy opinia, \u017ce w kontakcie z mro\u017anym powietrzem powoduj\u0105 mikrouszkodzenia sk\u00f3ry. Nic bardziej mylnego. Odpowiednie nawil\u017cenie sk\u00f3ry jest konieczne, by cera pozosta\u0142a w dobrej kondycji.\",\"breadcrumb\":{\"@id\":\"https:\/\/www.bandi.pl\/blog\/pielegnacja-cery-zima-obalamy-cztery-najpopularniejsze-mity\/#breadcrumb\"},\"inLanguage\":\"pl-PL\",\"potentialAction\":[{\"@type\":\"ReadAction\",\"target\":[\"https:\/\/www.bandi.pl\/blog\/pielegnacja-cery-zima-obalamy-cztery-najpopularniejsze-mity\/\"]}]},{\"@type\":\"ImageObject\",\"inLanguage\":\"pl-PL\",\"@id\":\"https:\/\/www.bandi.pl\/blog\/pielegnacja-cery-zima-obalamy-cztery-najpopularniejsze-mity\/#primaryimage\",\"url\":\"https:\/\/www.bandi.pl\/blog\/wp-content\/uploads\/2019\/11\/pielegnacja-skory-zima.jpg\",\"contentUrl\":\"https:\/\/www.bandi.pl\/blog\/wp-content\/uploads\/2019\/11\/pielegnacja-skory-zima.jpg\",\"width\":1500,\"height\":1001,\"caption\":\"Piel\u0119gnacja sk\u00f3ry zim\u0105 - Magdalena Ciupli\u0144ska - Blog BANDI\"},{\"@type\":\"BreadcrumbList\",\"@id\":\"https:\/\/www.bandi.pl\/blog\/pielegnacja-cery-zima-obalamy-cztery-najpopularniejsze-mity\/#breadcrumb\",\"itemListElement\":[{\"@type\":\"ListItem\",\"position\":1,\"name\":\"BANDI\",\"item\":\"https:\/\/www.bandi.pl\/blog\/\"},{\"@type\":\"ListItem\",\"position\":2,\"name\":\"Piel\u0119gnacja cery zim\u0105. Obalamy cztery najpopularniejsze mity\"}]},{\"@type\":\"WebSite\",\"@id\":\"https:\/\/www.bandi.pl\/blog\/#website\",\"url\":\"https:\/\/www.bandi.pl\/blog\/\",\"name\":\"Blog BANDI\",\"description\":\"Czarno na bia\u0142ym o kosmetykach\",\"publisher\":{\"@id\":\"https:\/\/www.bandi.pl\/blog\/#organization\"},\"potentialAction\":[{\"@type\":\"SearchAction\",\"target\":{\"@type\":\"EntryPoint\",\"urlTemplate\":\"https:\/\/www.bandi.pl\/blog\/?s={search_term_string}\"},\"query-input\":{\"@type\":\"PropertyValueSpecification\",\"valueRequired\":true,\"valueName\":\"search_term_string\"}}],\"inLanguage\":\"pl-PL\"},{\"@type\":\"Organization\",\"@id\":\"https:\/\/www.bandi.pl\/blog\/#organization\",\"name\":\"BANDI\",\"url\":\"https:\/\/www.bandi.pl\/blog\/\",\"logo\":{\"@type\":\"ImageObject\",\"inLanguage\":\"pl-PL\",\"@id\":\"https:\/\/www.bandi.pl\/blog\/#\/schema\/logo\/image\/\",\"url\":\"https:\/\/www.bandi.pl\/blog\/wp-content\/uploads\/2019\/06\/bandi-logo.png\",\"contentUrl\":\"https:\/\/www.bandi.pl\/blog\/wp-content\/uploads\/2019\/06\/bandi-logo.png\",\"width\":264,\"height\":111,\"caption\":\"BANDI\"},\"image\":{\"@id\":\"https:\/\/www.bandi.pl\/blog\/#\/schema\/logo\/image\/\"},\"sameAs\":[\"https:\/\/web.facebook.com\/BANDIcosmetics\",\"https:\/\/x.com\/bandi_cosmetics\",\"https:\/\/www.instagram.com\/bandi_cosmetics\/\",\"https:\/\/www.pinterest.com\/bandicosmetics\/\",\"https:\/\/www.youtube.com\/user\/BandiCosmeticsPolska\"]},{\"@type\":\"Person\",\"@id\":\"https:\/\/www.bandi.pl\/blog\/#\/schema\/person\/6905a8e1379d84df843b078d275c5aea\",\"name\":\"BANDI\",\"sameAs\":[\"https:\/\/www.bandi.pl\/blog\"]}]}<\/script>\n<!-- \/ Yoast SEO plugin. -->","yoast_head_json":{"title":"Piel\u0119gnacja cery zim\u0105. Obalamy cztery najpopularniejsze mity &#187; Blog BANDI","description":"Niekt\u00f3re z nas boj\u0105 si\u0119 u\u017cywa\u0107 krem\u00f3w nawil\u017caj\u0105cych, poniewa\u017c kr\u0105\u017cy opinia, \u017ce w kontakcie z mro\u017anym powietrzem powoduj\u0105 mikrouszkodzenia sk\u00f3ry. Nic bardziej mylnego. Odpowiednie nawil\u017cenie sk\u00f3ry jest konieczne, by cera pozosta\u0142a w dobrej kondycji.","robots":{"index":"index","follow":"follow","max-snippet":"max-snippet:-1","max-image-preview":"max-image-preview:large","max-video-preview":"max-video-preview:-1"},"canonical":"https:\/\/www.bandi.pl\/blog\/pielegnacja-cery-zima-obalamy-cztery-najpopularniejsze-mity\/","og_locale":"pl_PL","og_type":"article","og_title":"Piel\u0119gnacja cery zim\u0105. Obalamy cztery najpopularniejsze mity &#187; Blog BANDI","og_description":"Niekt\u00f3re z nas boj\u0105 si\u0119 u\u017cywa\u0107 krem\u00f3w nawil\u017caj\u0105cych, poniewa\u017c kr\u0105\u017cy opinia, \u017ce w kontakcie z mro\u017anym powietrzem powoduj\u0105 mikrouszkodzenia sk\u00f3ry. Nic bardziej mylnego. Odpowiednie nawil\u017cenie sk\u00f3ry jest konieczne, by cera pozosta\u0142a w dobrej kondycji.","og_url":"https:\/\/www.bandi.pl\/blog\/pielegnacja-cery-zima-obalamy-cztery-najpopularniejsze-mity\/","og_site_name":"Blog BANDI","article_publisher":"https:\/\/web.facebook.com\/BANDIcosmetics","article_published_time":"2017-11-20T06:18:04+00:00","article_modified_time":"2019-11-21T15:47:54+00:00","og_image":[{"width":1500,"height":1001,"url":"https:\/\/www.bandi.pl\/blog\/wp-content\/uploads\/2019\/11\/pielegnacja-skory-zima.jpg","type":"image\/jpeg"}],"author":"BANDI","twitter_card":"summary_large_image","twitter_creator":"@bandi_cosmetics","twitter_site":"@bandi_cosmetics","twitter_misc":{"Napisane przez":"BANDI","Szacowany czas czytania":"3 minuty"},"schema":{"@context":"https:\/\/schema.org","@graph":[{"@type":"Article","@id":"https:\/\/www.bandi.pl\/blog\/pielegnacja-cery-zima-obalamy-cztery-najpopularniejsze-mity\/#article","isPartOf":{"@id":"https:\/\/www.bandi.pl\/blog\/pielegnacja-cery-zima-obalamy-cztery-najpopularniejsze-mity\/"},"author":{"name":"BANDI","@id":"https:\/\/www.bandi.pl\/blog\/#\/schema\/person\/6905a8e1379d84df843b078d275c5aea"},"headline":"Piel\u0119gnacja cery zim\u0105. Obalamy cztery najpopularniejsze mity","datePublished":"2017-11-20T06:18:04+00:00","dateModified":"2019-11-21T15:47:54+00:00","mainEntityOfPage":{"@id":"https:\/\/www.bandi.pl\/blog\/pielegnacja-cery-zima-obalamy-cztery-najpopularniejsze-mity\/"},"wordCount":690,"commentCount":0,"publisher":{"@id":"https:\/\/www.bandi.pl\/blog\/#organization"},"image":{"@id":"https:\/\/www.bandi.pl\/blog\/pielegnacja-cery-zima-obalamy-cztery-najpopularniejsze-mity\/#primaryimage"},"thumbnailUrl":"https:\/\/www.bandi.pl\/blog\/wp-content\/uploads\/2019\/11\/pielegnacja-skory-zima.jpg","articleSection":["BANDI","Piel\u0119gnacja i kosmetyki"],"inLanguage":"pl-PL","potentialAction":[{"@type":"CommentAction","name":"Comment","target":["https:\/\/www.bandi.pl\/blog\/pielegnacja-cery-zima-obalamy-cztery-najpopularniejsze-mity\/#respond"]}]},{"@type":"WebPage","@id":"https:\/\/www.bandi.pl\/blog\/pielegnacja-cery-zima-obalamy-cztery-najpopularniejsze-mity\/","url":"https:\/\/www.bandi.pl\/blog\/pielegnacja-cery-zima-obalamy-cztery-najpopularniejsze-mity\/","name":"Piel\u0119gnacja cery zim\u0105. Obalamy cztery najpopularniejsze mity &#187; Blog BANDI","isPartOf":{"@id":"https:\/\/www.bandi.pl\/blog\/#website"},"primaryImageOfPage":{"@id":"https:\/\/www.bandi.pl\/blog\/pielegnacja-cery-zima-obalamy-cztery-najpopularniejsze-mity\/#primaryimage"},"image":{"@id":"https:\/\/www.bandi.pl\/blog\/pielegnacja-cery-zima-obalamy-cztery-najpopularniejsze-mity\/#primaryimage"},"thumbnailUrl":"https:\/\/www.bandi.pl\/blog\/wp-content\/uploads\/2019\/11\/pielegnacja-skory-zima.jpg","datePublished":"2017-11-20T06:18:04+00:00","dateModified":"2019-11-21T15:47:54+00:00","description":"Niekt\u00f3re z nas boj\u0105 si\u0119 u\u017cywa\u0107 krem\u00f3w nawil\u017caj\u0105cych, poniewa\u017c kr\u0105\u017cy opinia, \u017ce w kontakcie z mro\u017anym powietrzem powoduj\u0105 mikrouszkodzenia sk\u00f3ry. Nic bardziej mylnego. Odpowiednie nawil\u017cenie sk\u00f3ry jest konieczne, by cera pozosta\u0142a w dobrej kondycji.","breadcrumb":{"@id":"https:\/\/www.bandi.pl\/blog\/pielegnacja-cery-zima-obalamy-cztery-najpopularniejsze-mity\/#breadcrumb"},"inLanguage":"pl-PL","potentialAction":[{"@type":"ReadAction","target":["https:\/\/www.bandi.pl\/blog\/pielegnacja-cery-zima-obalamy-cztery-najpopularniejsze-mity\/"]}]},{"@type":"ImageObject","inLanguage":"pl-PL","@id":"https:\/\/www.bandi.pl\/blog\/pielegnacja-cery-zima-obalamy-cztery-najpopularniejsze-mity\/#primaryimage","url":"https:\/\/www.bandi.pl\/blog\/wp-content\/uploads\/2019\/11\/pielegnacja-skory-zima.jpg","contentUrl":"https:\/\/www.bandi.pl\/blog\/wp-content\/uploads\/2019\/11\/pielegnacja-skory-zima.jpg","width":1500,"height":1001,"caption":"Piel\u0119gnacja sk\u00f3ry zim\u0105 - Magdalena Ciupli\u0144ska - Blog BANDI"},{"@type":"BreadcrumbList","@id":"https:\/\/www.bandi.pl\/blog\/pielegnacja-cery-zima-obalamy-cztery-najpopularniejsze-mity\/#breadcrumb","itemListElement":[{"@type":"ListItem","position":1,"name":"BANDI","item":"https:\/\/www.bandi.pl\/blog\/"},{"@type":"ListItem","position":2,"name":"Piel\u0119gnacja cery zim\u0105. Obalamy cztery najpopularniejsze mity"}]},{"@type":"WebSite","@id":"https:\/\/www.bandi.pl\/blog\/#website","url":"https:\/\/www.bandi.pl\/blog\/","name":"Blog BANDI","description":"Czarno na bia\u0142ym o kosmetykach","publisher":{"@id":"https:\/\/www.bandi.pl\/blog\/#organization"},"potentialAction":[{"@type":"SearchAction","target":{"@type":"EntryPoint","urlTemplate":"https:\/\/www.bandi.pl\/blog\/?s={search_term_string}"},"query-input":{"@type":"PropertyValueSpecification","valueRequired":true,"valueName":"search_term_string"}}],"inLanguage":"pl-PL"},{"@type":"Organization","@id":"https:\/\/www.bandi.pl\/blog\/#organization","name":"BANDI","url":"https:\/\/www.bandi.pl\/blog\/","logo":{"@type":"ImageObject","inLanguage":"pl-PL","@id":"https:\/\/www.bandi.pl\/blog\/#\/schema\/logo\/image\/","url":"https:\/\/www.bandi.pl\/blog\/wp-content\/uploads\/2019\/06\/bandi-logo.png","contentUrl":"https:\/\/www.bandi.pl\/blog\/wp-content\/uploads\/2019\/06\/bandi-logo.png","width":264,"height":111,"caption":"BANDI"},"image":{"@id":"https:\/\/www.bandi.pl\/blog\/#\/schema\/logo\/image\/"},"sameAs":["https:\/\/web.facebook.com\/BANDIcosmetics","https:\/\/x.com\/bandi_cosmetics","https:\/\/www.instagram.com\/bandi_cosmetics\/","https:\/\/www.pinterest.com\/bandicosmetics\/","https:\/\/www.youtube.com\/user\/BandiCosmeticsPolska"]},{"@type":"Person","@id":"https:\/\/www.bandi.pl\/blog\/#\/schema\/person\/6905a8e1379d84df843b078d275c5aea","name":"BANDI","sameAs":["https:\/\/www.bandi.pl\/blog"]}]}},"_links":{"self":[{"href":"https:\/\/www.bandi.pl\/blog\/wp-json\/wp\/v2\/posts\/2751","targetHints":{"allow":["GET"]}}],"collection":[{"href":"https:\/\/www.bandi.pl\/blog\/wp-json\/wp\/v2\/posts"}],"about":[{"href":"https:\/\/www.bandi.pl\/blog\/wp-json\/wp\/v2\/types\/post"}],"author":[{"embeddable":true,"href":"https:\/\/www.bandi.pl\/blog\/wp-json\/wp\/v2\/users\/3"}],"replies":[{"embeddable":true,"href":"https:\/\/www.bandi.pl\/blog\/wp-json\/wp\/v2\/comments?post=2751"}],"version-history":[{"count":2,"href":"https:\/\/www.bandi.pl\/blog\/wp-json\/wp\/v2\/posts\/2751\/revisions"}],"predecessor-version":[{"id":6038,"href":"https:\/\/www.bandi.pl\/blog\/wp-json\/wp\/v2\/posts\/2751\/revisions\/6038"}],"wp:featuredmedia":[{"embeddable":true,"href":"https:\/\/www.bandi.pl\/blog\/wp-json\/wp\/v2\/media\/5983"}],"wp:attachment":[{"href":"https:\/\/www.bandi.pl\/blog\/wp-json\/wp\/v2\/media?parent=2751"}],"wp:term":[{"taxonomy":"category","embeddable":true,"href":"https:\/\/www.bandi.pl\/blog\/wp-json\/wp\/v2\/categories?post=2751"},{"taxonomy":"post_tag","embeddable":true,"href":"https:\/\/www.bandi.pl\/blog\/wp-json\/wp\/v2\/tags?post=2751"}],"curies":[{"name":"wp","href":"https:\/\/api.w.org\/{rel}","templated":true}]}}