{"id":2578,"date":"2017-09-16T15:46:32","date_gmt":"2017-09-16T13:46:32","guid":{"rendered":"http:\/\/eksfoliacja.pl\/?p=2578"},"modified":"2019-11-21T16:47:54","modified_gmt":"2019-11-21T15:47:54","slug":"pomaganie-przez-bieganie","status":"publish","type":"post","link":"https:\/\/www.bandi.pl\/blog\/pomaganie-przez-bieganie\/","title":{"rendered":"Pomaganie przez bieganie"},"content":{"rendered":"\n<p>9.&nbsp;wrze\u015bnia br. fundacja Active Life zorganizowa\u0142a II&nbsp;Bieg Zaj\u0105ca pod&nbsp;patronatem <strong>BANDI<\/strong>. Has\u0142em przewodnim by\u0142o <strong>Pomaganie przez bieganie<\/strong>.<\/p>\n\n\n\n<!--more-->\n\n\n\n<p>G\u0142\u00f3wnym celem biegu by\u0142o wsparcie chorych na&nbsp;<strong>Stwardnienie Rozsiane<\/strong> (SM) oraz&nbsp;promowanie aktywno\u015bci fizycznej i&nbsp;zdrowego trybu \u017cycia w\u015br\u00f3d dzieci, m\u0142odzie\u017cy i&nbsp;doros\u0142ych. Nasza firma przekaza\u0142a na&nbsp;t\u0119&nbsp;akcj\u0119 produkty Bandi. Cieszymy si\u0119,&nbsp;\u017ce&nbsp;mogli\u015bmy pom\u00f3c i&nbsp;wesprze\u0107 biegaczy, kt\u00f3rzy wysilaj\u0105 si\u0119&nbsp;w&nbsp;tak szczytnym celu!<\/p>\n","protected":false},"excerpt":{"rendered":"<p>9.&nbsp;wrze\u015bnia br. fundacja Active Life zorganizowa\u0142a II&nbsp;Bieg Zaj\u0105ca pod&nbsp;patronatem BANDI. Has\u0142em przewodnim by\u0142o Pomaganie przez bieganie.<\/p>\n","protected":false},"author":3,"featured_media":0,"comment_status":"open","ping_status":"open","sticky":false,"template":"","format":"standard","meta":{"_et_pb_use_builder":"","_et_pb_old_content":"","_et_gb_content_width":"","footnotes":""},"categories":[1],"tags":[67],"class_list":["post-2578","post","type-post","status-publish","format-standard","hentry","category-kategoria-bandi-wspiera","tag-charytatywnie"],"yoast_head":"<!-- This site is optimized with the Yoast SEO plugin v27.1.1 - https:\/\/yoast.com\/product\/yoast-seo-wordpress\/ -->\n<title>Pomaganie przez bieganie &#187; Blog BANDI<\/title>\n<meta name=\"description\" content=\"9 wrze\u015bnia br. Fundacja ACTIVE LIFE zorganizowa\u0142a II Bieg Zaj\u0105ca pod patronatem Bandi.\u00a0Has\u0142em przewodnim by\u0142o &quot;POMAGANIE PRZEZ BIEGANIE&quot;, a g\u0142\u00f3wnym celem biegu by\u0142o\u00a0wsparcie chorych na Stwardnienie Rozsiane (SM) oraz promowanie aktywno\u015bci fizycznej\u00a0i zdrowego trybu \u017cycia w\u015br\u00f3d dzieci, m\u0142odzie\u017cy i doros\u0142ych.\" \/>\n<meta name=\"robots\" content=\"index, follow, max-snippet:-1, max-image-preview:large, max-video-preview:-1\" \/>\n<link rel=\"canonical\" href=\"https:\/\/www.bandi.pl\/blog\/pomaganie-przez-bieganie\/\" \/>\n<meta property=\"og:locale\" content=\"pl_PL\" \/>\n<meta property=\"og:type\" content=\"article\" \/>\n<meta property=\"og:title\" content=\"Pomaganie przez bieganie &#187; Blog BANDI\" \/>\n<meta property=\"og:description\" content=\"9 wrze\u015bnia br. Fundacja ACTIVE LIFE zorganizowa\u0142a II Bieg Zaj\u0105ca pod patronatem Bandi.\u00a0Has\u0142em przewodnim by\u0142o &quot;POMAGANIE PRZEZ BIEGANIE&quot;, a g\u0142\u00f3wnym celem biegu by\u0142o\u00a0wsparcie chorych na Stwardnienie Rozsiane (SM) oraz promowanie aktywno\u015bci fizycznej\u00a0i zdrowego trybu \u017cycia w\u015br\u00f3d dzieci, m\u0142odzie\u017cy i doros\u0142ych.\" \/>\n<meta property=\"og:url\" content=\"https:\/\/www.bandi.pl\/blog\/pomaganie-przez-bieganie\/\" \/>\n<meta property=\"og:site_name\" content=\"Blog BANDI\" \/>\n<meta property=\"article:publisher\" content=\"https:\/\/web.facebook.com\/BANDIcosmetics\" \/>\n<meta property=\"article:published_time\" content=\"2017-09-16T13:46:32+00:00\" \/>\n<meta property=\"article:modified_time\" content=\"2019-11-21T15:47:54+00:00\" \/>\n<meta property=\"og:image\" content=\"https:\/\/www.bandi.pl\/blog\/wp-content\/uploads\/2019\/06\/bandi-logo.png\" \/>\n\t<meta property=\"og:image:width\" content=\"264\" \/>\n\t<meta property=\"og:image:height\" content=\"111\" \/>\n\t<meta property=\"og:image:type\" content=\"image\/png\" \/>\n<meta name=\"author\" content=\"BANDI\" \/>\n<meta name=\"twitter:card\" content=\"summary_large_image\" \/>\n<meta name=\"twitter:creator\" content=\"@bandi_cosmetics\" \/>\n<meta name=\"twitter:site\" content=\"@bandi_cosmetics\" \/>\n<meta name=\"twitter:label1\" content=\"Napisane przez\" \/>\n\t<meta name=\"twitter:data1\" content=\"BANDI\" \/>\n<script type=\"application\/ld+json\" class=\"yoast-schema-graph\">{\"@context\":\"https:\/\/schema.org\",\"@graph\":[{\"@type\":\"Article\",\"@id\":\"https:\/\/www.bandi.pl\/blog\/pomaganie-przez-bieganie\/#article\",\"isPartOf\":{\"@id\":\"https:\/\/www.bandi.pl\/blog\/pomaganie-przez-bieganie\/\"},\"author\":{\"name\":\"BANDI\",\"@id\":\"https:\/\/www.bandi.pl\/blog\/#\/schema\/person\/6905a8e1379d84df843b078d275c5aea\"},\"headline\":\"Pomaganie przez bieganie\",\"datePublished\":\"2017-09-16T13:46:32+00:00\",\"dateModified\":\"2019-11-21T15:47:54+00:00\",\"mainEntityOfPage\":{\"@id\":\"https:\/\/www.bandi.pl\/blog\/pomaganie-przez-bieganie\/\"},\"wordCount\":98,\"commentCount\":0,\"publisher\":{\"@id\":\"https:\/\/www.bandi.pl\/blog\/#organization\"},\"keywords\":[\"charytatywnie\"],\"articleSection\":[\"BANDI wspiera\"],\"inLanguage\":\"pl-PL\",\"potentialAction\":[{\"@type\":\"CommentAction\",\"name\":\"Comment\",\"target\":[\"https:\/\/www.bandi.pl\/blog\/pomaganie-przez-bieganie\/#respond\"]}]},{\"@type\":\"WebPage\",\"@id\":\"https:\/\/www.bandi.pl\/blog\/pomaganie-przez-bieganie\/\",\"url\":\"https:\/\/www.bandi.pl\/blog\/pomaganie-przez-bieganie\/\",\"name\":\"Pomaganie przez bieganie &#187; Blog BANDI\",\"isPartOf\":{\"@id\":\"https:\/\/www.bandi.pl\/blog\/#website\"},\"datePublished\":\"2017-09-16T13:46:32+00:00\",\"dateModified\":\"2019-11-21T15:47:54+00:00\",\"description\":\"9 wrze\u015bnia br. Fundacja ACTIVE LIFE zorganizowa\u0142a II Bieg Zaj\u0105ca pod patronatem Bandi.\u00a0Has\u0142em przewodnim by\u0142o \\\"POMAGANIE PRZEZ BIEGANIE\\\", a g\u0142\u00f3wnym celem biegu by\u0142o\u00a0wsparcie chorych na Stwardnienie Rozsiane (SM) oraz promowanie aktywno\u015bci fizycznej\u00a0i zdrowego trybu \u017cycia w\u015br\u00f3d dzieci, m\u0142odzie\u017cy i doros\u0142ych.\",\"breadcrumb\":{\"@id\":\"https:\/\/www.bandi.pl\/blog\/pomaganie-przez-bieganie\/#breadcrumb\"},\"inLanguage\":\"pl-PL\",\"potentialAction\":[{\"@type\":\"ReadAction\",\"target\":[\"https:\/\/www.bandi.pl\/blog\/pomaganie-przez-bieganie\/\"]}]},{\"@type\":\"BreadcrumbList\",\"@id\":\"https:\/\/www.bandi.pl\/blog\/pomaganie-przez-bieganie\/#breadcrumb\",\"itemListElement\":[{\"@type\":\"ListItem\",\"position\":1,\"name\":\"BANDI\",\"item\":\"https:\/\/www.bandi.pl\/blog\/\"},{\"@type\":\"ListItem\",\"position\":2,\"name\":\"Pomaganie przez bieganie\"}]},{\"@type\":\"WebSite\",\"@id\":\"https:\/\/www.bandi.pl\/blog\/#website\",\"url\":\"https:\/\/www.bandi.pl\/blog\/\",\"name\":\"Blog BANDI\",\"description\":\"Czarno na bia\u0142ym o kosmetykach\",\"publisher\":{\"@id\":\"https:\/\/www.bandi.pl\/blog\/#organization\"},\"potentialAction\":[{\"@type\":\"SearchAction\",\"target\":{\"@type\":\"EntryPoint\",\"urlTemplate\":\"https:\/\/www.bandi.pl\/blog\/?s={search_term_string}\"},\"query-input\":{\"@type\":\"PropertyValueSpecification\",\"valueRequired\":true,\"valueName\":\"search_term_string\"}}],\"inLanguage\":\"pl-PL\"},{\"@type\":\"Organization\",\"@id\":\"https:\/\/www.bandi.pl\/blog\/#organization\",\"name\":\"BANDI\",\"url\":\"https:\/\/www.bandi.pl\/blog\/\",\"logo\":{\"@type\":\"ImageObject\",\"inLanguage\":\"pl-PL\",\"@id\":\"https:\/\/www.bandi.pl\/blog\/#\/schema\/logo\/image\/\",\"url\":\"https:\/\/www.bandi.pl\/blog\/wp-content\/uploads\/2019\/06\/bandi-logo.png\",\"contentUrl\":\"https:\/\/www.bandi.pl\/blog\/wp-content\/uploads\/2019\/06\/bandi-logo.png\",\"width\":264,\"height\":111,\"caption\":\"BANDI\"},\"image\":{\"@id\":\"https:\/\/www.bandi.pl\/blog\/#\/schema\/logo\/image\/\"},\"sameAs\":[\"https:\/\/web.facebook.com\/BANDIcosmetics\",\"https:\/\/x.com\/bandi_cosmetics\",\"https:\/\/www.instagram.com\/bandi_cosmetics\/\",\"https:\/\/www.pinterest.com\/bandicosmetics\/\",\"https:\/\/www.youtube.com\/user\/BandiCosmeticsPolska\"]},{\"@type\":\"Person\",\"@id\":\"https:\/\/www.bandi.pl\/blog\/#\/schema\/person\/6905a8e1379d84df843b078d275c5aea\",\"name\":\"BANDI\",\"sameAs\":[\"https:\/\/www.bandi.pl\/blog\"]}]}<\/script>\n<!-- \/ Yoast SEO plugin. -->","yoast_head_json":{"title":"Pomaganie przez bieganie &#187; Blog BANDI","description":"9 wrze\u015bnia br. Fundacja ACTIVE LIFE zorganizowa\u0142a II Bieg Zaj\u0105ca pod patronatem Bandi.\u00a0Has\u0142em przewodnim by\u0142o \"POMAGANIE PRZEZ BIEGANIE\", a g\u0142\u00f3wnym celem biegu by\u0142o\u00a0wsparcie chorych na Stwardnienie Rozsiane (SM) oraz promowanie aktywno\u015bci fizycznej\u00a0i zdrowego trybu \u017cycia w\u015br\u00f3d dzieci, m\u0142odzie\u017cy i doros\u0142ych.","robots":{"index":"index","follow":"follow","max-snippet":"max-snippet:-1","max-image-preview":"max-image-preview:large","max-video-preview":"max-video-preview:-1"},"canonical":"https:\/\/www.bandi.pl\/blog\/pomaganie-przez-bieganie\/","og_locale":"pl_PL","og_type":"article","og_title":"Pomaganie przez bieganie &#187; Blog BANDI","og_description":"9 wrze\u015bnia br. Fundacja ACTIVE LIFE zorganizowa\u0142a II Bieg Zaj\u0105ca pod patronatem Bandi.\u00a0Has\u0142em przewodnim by\u0142o \"POMAGANIE PRZEZ BIEGANIE\", a g\u0142\u00f3wnym celem biegu by\u0142o\u00a0wsparcie chorych na Stwardnienie Rozsiane (SM) oraz promowanie aktywno\u015bci fizycznej\u00a0i zdrowego trybu \u017cycia w\u015br\u00f3d dzieci, m\u0142odzie\u017cy i doros\u0142ych.","og_url":"https:\/\/www.bandi.pl\/blog\/pomaganie-przez-bieganie\/","og_site_name":"Blog BANDI","article_publisher":"https:\/\/web.facebook.com\/BANDIcosmetics","article_published_time":"2017-09-16T13:46:32+00:00","article_modified_time":"2019-11-21T15:47:54+00:00","og_image":[{"width":264,"height":111,"url":"https:\/\/www.bandi.pl\/blog\/wp-content\/uploads\/2019\/06\/bandi-logo.png","type":"image\/png"}],"author":"BANDI","twitter_card":"summary_large_image","twitter_creator":"@bandi_cosmetics","twitter_site":"@bandi_cosmetics","twitter_misc":{"Napisane przez":"BANDI"},"schema":{"@context":"https:\/\/schema.org","@graph":[{"@type":"Article","@id":"https:\/\/www.bandi.pl\/blog\/pomaganie-przez-bieganie\/#article","isPartOf":{"@id":"https:\/\/www.bandi.pl\/blog\/pomaganie-przez-bieganie\/"},"author":{"name":"BANDI","@id":"https:\/\/www.bandi.pl\/blog\/#\/schema\/person\/6905a8e1379d84df843b078d275c5aea"},"headline":"Pomaganie przez bieganie","datePublished":"2017-09-16T13:46:32+00:00","dateModified":"2019-11-21T15:47:54+00:00","mainEntityOfPage":{"@id":"https:\/\/www.bandi.pl\/blog\/pomaganie-przez-bieganie\/"},"wordCount":98,"commentCount":0,"publisher":{"@id":"https:\/\/www.bandi.pl\/blog\/#organization"},"keywords":["charytatywnie"],"articleSection":["BANDI wspiera"],"inLanguage":"pl-PL","potentialAction":[{"@type":"CommentAction","name":"Comment","target":["https:\/\/www.bandi.pl\/blog\/pomaganie-przez-bieganie\/#respond"]}]},{"@type":"WebPage","@id":"https:\/\/www.bandi.pl\/blog\/pomaganie-przez-bieganie\/","url":"https:\/\/www.bandi.pl\/blog\/pomaganie-przez-bieganie\/","name":"Pomaganie przez bieganie &#187; Blog BANDI","isPartOf":{"@id":"https:\/\/www.bandi.pl\/blog\/#website"},"datePublished":"2017-09-16T13:46:32+00:00","dateModified":"2019-11-21T15:47:54+00:00","description":"9 wrze\u015bnia br. Fundacja ACTIVE LIFE zorganizowa\u0142a II Bieg Zaj\u0105ca pod patronatem Bandi.\u00a0Has\u0142em przewodnim by\u0142o \"POMAGANIE PRZEZ BIEGANIE\", a g\u0142\u00f3wnym celem biegu by\u0142o\u00a0wsparcie chorych na Stwardnienie Rozsiane (SM) oraz promowanie aktywno\u015bci fizycznej\u00a0i zdrowego trybu \u017cycia w\u015br\u00f3d dzieci, m\u0142odzie\u017cy i doros\u0142ych.","breadcrumb":{"@id":"https:\/\/www.bandi.pl\/blog\/pomaganie-przez-bieganie\/#breadcrumb"},"inLanguage":"pl-PL","potentialAction":[{"@type":"ReadAction","target":["https:\/\/www.bandi.pl\/blog\/pomaganie-przez-bieganie\/"]}]},{"@type":"BreadcrumbList","@id":"https:\/\/www.bandi.pl\/blog\/pomaganie-przez-bieganie\/#breadcrumb","itemListElement":[{"@type":"ListItem","position":1,"name":"BANDI","item":"https:\/\/www.bandi.pl\/blog\/"},{"@type":"ListItem","position":2,"name":"Pomaganie przez bieganie"}]},{"@type":"WebSite","@id":"https:\/\/www.bandi.pl\/blog\/#website","url":"https:\/\/www.bandi.pl\/blog\/","name":"Blog BANDI","description":"Czarno na bia\u0142ym o kosmetykach","publisher":{"@id":"https:\/\/www.bandi.pl\/blog\/#organization"},"potentialAction":[{"@type":"SearchAction","target":{"@type":"EntryPoint","urlTemplate":"https:\/\/www.bandi.pl\/blog\/?s={search_term_string}"},"query-input":{"@type":"PropertyValueSpecification","valueRequired":true,"valueName":"search_term_string"}}],"inLanguage":"pl-PL"},{"@type":"Organization","@id":"https:\/\/www.bandi.pl\/blog\/#organization","name":"BANDI","url":"https:\/\/www.bandi.pl\/blog\/","logo":{"@type":"ImageObject","inLanguage":"pl-PL","@id":"https:\/\/www.bandi.pl\/blog\/#\/schema\/logo\/image\/","url":"https:\/\/www.bandi.pl\/blog\/wp-content\/uploads\/2019\/06\/bandi-logo.png","contentUrl":"https:\/\/www.bandi.pl\/blog\/wp-content\/uploads\/2019\/06\/bandi-logo.png","width":264,"height":111,"caption":"BANDI"},"image":{"@id":"https:\/\/www.bandi.pl\/blog\/#\/schema\/logo\/image\/"},"sameAs":["https:\/\/web.facebook.com\/BANDIcosmetics","https:\/\/x.com\/bandi_cosmetics","https:\/\/www.instagram.com\/bandi_cosmetics\/","https:\/\/www.pinterest.com\/bandicosmetics\/","https:\/\/www.youtube.com\/user\/BandiCosmeticsPolska"]},{"@type":"Person","@id":"https:\/\/www.bandi.pl\/blog\/#\/schema\/person\/6905a8e1379d84df843b078d275c5aea","name":"BANDI","sameAs":["https:\/\/www.bandi.pl\/blog"]}]}},"_links":{"self":[{"href":"https:\/\/www.bandi.pl\/blog\/wp-json\/wp\/v2\/posts\/2578","targetHints":{"allow":["GET"]}}],"collection":[{"href":"https:\/\/www.bandi.pl\/blog\/wp-json\/wp\/v2\/posts"}],"about":[{"href":"https:\/\/www.bandi.pl\/blog\/wp-json\/wp\/v2\/types\/post"}],"author":[{"embeddable":true,"href":"https:\/\/www.bandi.pl\/blog\/wp-json\/wp\/v2\/users\/3"}],"replies":[{"embeddable":true,"href":"https:\/\/www.bandi.pl\/blog\/wp-json\/wp\/v2\/comments?post=2578"}],"version-history":[{"count":2,"href":"https:\/\/www.bandi.pl\/blog\/wp-json\/wp\/v2\/posts\/2578\/revisions"}],"predecessor-version":[{"id":4426,"href":"https:\/\/www.bandi.pl\/blog\/wp-json\/wp\/v2\/posts\/2578\/revisions\/4426"}],"wp:attachment":[{"href":"https:\/\/www.bandi.pl\/blog\/wp-json\/wp\/v2\/media?parent=2578"}],"wp:term":[{"taxonomy":"category","embeddable":true,"href":"https:\/\/www.bandi.pl\/blog\/wp-json\/wp\/v2\/categories?post=2578"},{"taxonomy":"post_tag","embeddable":true,"href":"https:\/\/www.bandi.pl\/blog\/wp-json\/wp\/v2\/tags?post=2578"}],"curies":[{"name":"wp","href":"https:\/\/api.w.org\/{rel}","templated":true}]}}