{"id":2569,"date":"2017-09-26T15:42:08","date_gmt":"2017-09-26T13:42:08","guid":{"rendered":"http:\/\/eksfoliacja.pl\/?p=2569"},"modified":"2019-11-21T16:47:54","modified_gmt":"2019-11-21T15:47:54","slug":"nominacja-prix-de-beauty-dla-tricho-peelingu","status":"publish","type":"post","link":"https:\/\/www.bandi.pl\/blog\/nominacja-prix-de-beauty-dla-tricho-peelingu\/","title":{"rendered":"Nominacja Prix de Beauty dla Tricho-peelingu"},"content":{"rendered":"\n<p>Ju\u017c po raz 19.&nbsp;<a rel=\"noreferrer noopener\" aria-label=\"Cosmopolitan\" href=\"https:\/\/www.cosmopolitan.pl\/\" target=\"_blank\">Cosmopolitan<\/a> zorganizowa\u0142 g\u0142osowanie na&nbsp;najlepsze kosmetyki. Plebiscyt nazywany jest Oscarami bran\u017cy kosmetycznej.<\/p>\n\n\n\n<!--more-->\n\n\n\n<p>To ju\u017c 23. edycja \u015bwiatowa, a&nbsp;zarazem jedna&nbsp;z&nbsp;najbardziej presti\u017cowych nagr\u00f3d przyznawanych w&nbsp;bran\u017cy kosmetycznej w&nbsp;Niemczech, Austrii i&nbsp;Szwajcarii. W&nbsp;Polsce r\u00f3wnie\u017c&nbsp;sta\u0142a si\u0119&nbsp;tradycj\u0105. Statuetki kryszta\u0142owych diament\u00f3w przyznawane s\u0105&nbsp;w&nbsp;15&nbsp;kategoriach.<\/p>\n\n\n\n<p><a href=\"https:\/\/www.bandi.pl\/sklep\/peelingi\/tricho-peeling-oczyszczajacy-do-skory-glowy-573\/\">Tricho-peeling&nbsp;oczyszczaj\u0105cy<\/a> do&nbsp;sk\u00f3ry g\u0142owy z&nbsp;serii <a href=\"https:\/\/www.bandi.pl\/sklep\/katalog\/seria\/69_tricho-esthetic\/\">Tricho-esthetic<\/a> otrzyma\u0142 nominacj\u0119 w&nbsp;konkursie.<\/p>\n\n\n\n<p>Dzi\u0119kujemy, jeste\u015bmy dumni!<\/p>\n","protected":false},"excerpt":{"rendered":"<p>Ju\u017c po raz 19.&nbsp;Cosmopolitan zorganizowa\u0142 g\u0142osowanie na&nbsp;najlepsze kosmetyki. Plebiscyt nazywany jest Oscarami bran\u017cy kosmetycznej.<\/p>\n","protected":false},"author":3,"featured_media":0,"comment_status":"open","ping_status":"open","sticky":false,"template":"","format":"standard","meta":{"_et_pb_use_builder":"","_et_pb_old_content":"","_et_gb_content_width":"","footnotes":""},"categories":[1972,1741],"tags":[66],"class_list":["post-2569","post","type-post","status-publish","format-standard","hentry","category-kategoria-nagrody-i-nominacje","category-kategoria-z-zycia-firmy","tag-nagrody"],"yoast_head":"<!-- This site is optimized with the Yoast SEO plugin v27.1.1 - https:\/\/yoast.com\/product\/yoast-seo-wordpress\/ -->\n<title>Nominacja Prix de Beauty dla Tricho-peelingu &#187; Blog BANDI<\/title>\n<meta name=\"robots\" content=\"index, follow, max-snippet:-1, max-image-preview:large, max-video-preview:-1\" \/>\n<link rel=\"canonical\" href=\"https:\/\/www.bandi.pl\/blog\/nominacja-prix-de-beauty-dla-tricho-peelingu\/\" \/>\n<meta property=\"og:locale\" content=\"pl_PL\" \/>\n<meta property=\"og:type\" content=\"article\" \/>\n<meta property=\"og:title\" content=\"Nominacja Prix de Beauty dla Tricho-peelingu &#187; Blog BANDI\" \/>\n<meta property=\"og:description\" content=\"Ju\u017c po raz 19.&nbsp;Cosmopolitan zorganizowa\u0142 g\u0142osowanie na&nbsp;najlepsze kosmetyki. Plebiscyt nazywany jest Oscarami bran\u017cy kosmetycznej.\" \/>\n<meta property=\"og:url\" content=\"https:\/\/www.bandi.pl\/blog\/nominacja-prix-de-beauty-dla-tricho-peelingu\/\" \/>\n<meta property=\"og:site_name\" content=\"Blog BANDI\" \/>\n<meta property=\"article:publisher\" content=\"https:\/\/web.facebook.com\/BANDIcosmetics\" \/>\n<meta property=\"article:published_time\" content=\"2017-09-26T13:42:08+00:00\" \/>\n<meta property=\"article:modified_time\" content=\"2019-11-21T15:47:54+00:00\" \/>\n<meta property=\"og:image\" content=\"https:\/\/www.bandi.pl\/blog\/wp-content\/uploads\/2019\/06\/bandi-logo.png\" \/>\n\t<meta property=\"og:image:width\" content=\"264\" \/>\n\t<meta property=\"og:image:height\" content=\"111\" \/>\n\t<meta property=\"og:image:type\" content=\"image\/png\" \/>\n<meta name=\"author\" content=\"BANDI\" \/>\n<meta name=\"twitter:card\" content=\"summary_large_image\" \/>\n<meta name=\"twitter:creator\" content=\"@bandi_cosmetics\" \/>\n<meta name=\"twitter:site\" content=\"@bandi_cosmetics\" \/>\n<meta name=\"twitter:label1\" content=\"Napisane przez\" \/>\n\t<meta name=\"twitter:data1\" content=\"BANDI\" \/>\n<script type=\"application\/ld+json\" class=\"yoast-schema-graph\">{\"@context\":\"https:\/\/schema.org\",\"@graph\":[{\"@type\":\"Article\",\"@id\":\"https:\/\/www.bandi.pl\/blog\/nominacja-prix-de-beauty-dla-tricho-peelingu\/#article\",\"isPartOf\":{\"@id\":\"https:\/\/www.bandi.pl\/blog\/nominacja-prix-de-beauty-dla-tricho-peelingu\/\"},\"author\":{\"name\":\"BANDI\",\"@id\":\"https:\/\/www.bandi.pl\/blog\/#\/schema\/person\/6905a8e1379d84df843b078d275c5aea\"},\"headline\":\"Nominacja Prix de Beauty dla Tricho-peelingu\",\"datePublished\":\"2017-09-26T13:42:08+00:00\",\"dateModified\":\"2019-11-21T15:47:54+00:00\",\"mainEntityOfPage\":{\"@id\":\"https:\/\/www.bandi.pl\/blog\/nominacja-prix-de-beauty-dla-tricho-peelingu\/\"},\"wordCount\":101,\"commentCount\":0,\"publisher\":{\"@id\":\"https:\/\/www.bandi.pl\/blog\/#organization\"},\"keywords\":[\"nagrody\"],\"articleSection\":[\"Nagrody i nominacje\",\"Z \u017cycia firmy\"],\"inLanguage\":\"pl-PL\",\"potentialAction\":[{\"@type\":\"CommentAction\",\"name\":\"Comment\",\"target\":[\"https:\/\/www.bandi.pl\/blog\/nominacja-prix-de-beauty-dla-tricho-peelingu\/#respond\"]}]},{\"@type\":\"WebPage\",\"@id\":\"https:\/\/www.bandi.pl\/blog\/nominacja-prix-de-beauty-dla-tricho-peelingu\/\",\"url\":\"https:\/\/www.bandi.pl\/blog\/nominacja-prix-de-beauty-dla-tricho-peelingu\/\",\"name\":\"Nominacja Prix de Beauty dla Tricho-peelingu &#187; Blog BANDI\",\"isPartOf\":{\"@id\":\"https:\/\/www.bandi.pl\/blog\/#website\"},\"datePublished\":\"2017-09-26T13:42:08+00:00\",\"dateModified\":\"2019-11-21T15:47:54+00:00\",\"breadcrumb\":{\"@id\":\"https:\/\/www.bandi.pl\/blog\/nominacja-prix-de-beauty-dla-tricho-peelingu\/#breadcrumb\"},\"inLanguage\":\"pl-PL\",\"potentialAction\":[{\"@type\":\"ReadAction\",\"target\":[\"https:\/\/www.bandi.pl\/blog\/nominacja-prix-de-beauty-dla-tricho-peelingu\/\"]}]},{\"@type\":\"BreadcrumbList\",\"@id\":\"https:\/\/www.bandi.pl\/blog\/nominacja-prix-de-beauty-dla-tricho-peelingu\/#breadcrumb\",\"itemListElement\":[{\"@type\":\"ListItem\",\"position\":1,\"name\":\"BANDI\",\"item\":\"https:\/\/www.bandi.pl\/blog\/\"},{\"@type\":\"ListItem\",\"position\":2,\"name\":\"Nominacja Prix de Beauty dla Tricho-peelingu\"}]},{\"@type\":\"WebSite\",\"@id\":\"https:\/\/www.bandi.pl\/blog\/#website\",\"url\":\"https:\/\/www.bandi.pl\/blog\/\",\"name\":\"Blog BANDI\",\"description\":\"Czarno na bia\u0142ym o kosmetykach\",\"publisher\":{\"@id\":\"https:\/\/www.bandi.pl\/blog\/#organization\"},\"potentialAction\":[{\"@type\":\"SearchAction\",\"target\":{\"@type\":\"EntryPoint\",\"urlTemplate\":\"https:\/\/www.bandi.pl\/blog\/?s={search_term_string}\"},\"query-input\":{\"@type\":\"PropertyValueSpecification\",\"valueRequired\":true,\"valueName\":\"search_term_string\"}}],\"inLanguage\":\"pl-PL\"},{\"@type\":\"Organization\",\"@id\":\"https:\/\/www.bandi.pl\/blog\/#organization\",\"name\":\"BANDI\",\"url\":\"https:\/\/www.bandi.pl\/blog\/\",\"logo\":{\"@type\":\"ImageObject\",\"inLanguage\":\"pl-PL\",\"@id\":\"https:\/\/www.bandi.pl\/blog\/#\/schema\/logo\/image\/\",\"url\":\"https:\/\/www.bandi.pl\/blog\/wp-content\/uploads\/2019\/06\/bandi-logo.png\",\"contentUrl\":\"https:\/\/www.bandi.pl\/blog\/wp-content\/uploads\/2019\/06\/bandi-logo.png\",\"width\":264,\"height\":111,\"caption\":\"BANDI\"},\"image\":{\"@id\":\"https:\/\/www.bandi.pl\/blog\/#\/schema\/logo\/image\/\"},\"sameAs\":[\"https:\/\/web.facebook.com\/BANDIcosmetics\",\"https:\/\/x.com\/bandi_cosmetics\",\"https:\/\/www.instagram.com\/bandi_cosmetics\/\",\"https:\/\/www.pinterest.com\/bandicosmetics\/\",\"https:\/\/www.youtube.com\/user\/BandiCosmeticsPolska\"]},{\"@type\":\"Person\",\"@id\":\"https:\/\/www.bandi.pl\/blog\/#\/schema\/person\/6905a8e1379d84df843b078d275c5aea\",\"name\":\"BANDI\",\"sameAs\":[\"https:\/\/www.bandi.pl\/blog\"]}]}<\/script>\n<!-- \/ Yoast SEO plugin. -->","yoast_head_json":{"title":"Nominacja Prix de Beauty dla Tricho-peelingu &#187; Blog BANDI","robots":{"index":"index","follow":"follow","max-snippet":"max-snippet:-1","max-image-preview":"max-image-preview:large","max-video-preview":"max-video-preview:-1"},"canonical":"https:\/\/www.bandi.pl\/blog\/nominacja-prix-de-beauty-dla-tricho-peelingu\/","og_locale":"pl_PL","og_type":"article","og_title":"Nominacja Prix de Beauty dla Tricho-peelingu &#187; Blog BANDI","og_description":"Ju\u017c po raz 19.&nbsp;Cosmopolitan zorganizowa\u0142 g\u0142osowanie na&nbsp;najlepsze kosmetyki. Plebiscyt nazywany jest Oscarami bran\u017cy kosmetycznej.","og_url":"https:\/\/www.bandi.pl\/blog\/nominacja-prix-de-beauty-dla-tricho-peelingu\/","og_site_name":"Blog BANDI","article_publisher":"https:\/\/web.facebook.com\/BANDIcosmetics","article_published_time":"2017-09-26T13:42:08+00:00","article_modified_time":"2019-11-21T15:47:54+00:00","og_image":[{"width":264,"height":111,"url":"https:\/\/www.bandi.pl\/blog\/wp-content\/uploads\/2019\/06\/bandi-logo.png","type":"image\/png"}],"author":"BANDI","twitter_card":"summary_large_image","twitter_creator":"@bandi_cosmetics","twitter_site":"@bandi_cosmetics","twitter_misc":{"Napisane przez":"BANDI"},"schema":{"@context":"https:\/\/schema.org","@graph":[{"@type":"Article","@id":"https:\/\/www.bandi.pl\/blog\/nominacja-prix-de-beauty-dla-tricho-peelingu\/#article","isPartOf":{"@id":"https:\/\/www.bandi.pl\/blog\/nominacja-prix-de-beauty-dla-tricho-peelingu\/"},"author":{"name":"BANDI","@id":"https:\/\/www.bandi.pl\/blog\/#\/schema\/person\/6905a8e1379d84df843b078d275c5aea"},"headline":"Nominacja Prix de Beauty dla Tricho-peelingu","datePublished":"2017-09-26T13:42:08+00:00","dateModified":"2019-11-21T15:47:54+00:00","mainEntityOfPage":{"@id":"https:\/\/www.bandi.pl\/blog\/nominacja-prix-de-beauty-dla-tricho-peelingu\/"},"wordCount":101,"commentCount":0,"publisher":{"@id":"https:\/\/www.bandi.pl\/blog\/#organization"},"keywords":["nagrody"],"articleSection":["Nagrody i nominacje","Z \u017cycia firmy"],"inLanguage":"pl-PL","potentialAction":[{"@type":"CommentAction","name":"Comment","target":["https:\/\/www.bandi.pl\/blog\/nominacja-prix-de-beauty-dla-tricho-peelingu\/#respond"]}]},{"@type":"WebPage","@id":"https:\/\/www.bandi.pl\/blog\/nominacja-prix-de-beauty-dla-tricho-peelingu\/","url":"https:\/\/www.bandi.pl\/blog\/nominacja-prix-de-beauty-dla-tricho-peelingu\/","name":"Nominacja Prix de Beauty dla Tricho-peelingu &#187; Blog BANDI","isPartOf":{"@id":"https:\/\/www.bandi.pl\/blog\/#website"},"datePublished":"2017-09-26T13:42:08+00:00","dateModified":"2019-11-21T15:47:54+00:00","breadcrumb":{"@id":"https:\/\/www.bandi.pl\/blog\/nominacja-prix-de-beauty-dla-tricho-peelingu\/#breadcrumb"},"inLanguage":"pl-PL","potentialAction":[{"@type":"ReadAction","target":["https:\/\/www.bandi.pl\/blog\/nominacja-prix-de-beauty-dla-tricho-peelingu\/"]}]},{"@type":"BreadcrumbList","@id":"https:\/\/www.bandi.pl\/blog\/nominacja-prix-de-beauty-dla-tricho-peelingu\/#breadcrumb","itemListElement":[{"@type":"ListItem","position":1,"name":"BANDI","item":"https:\/\/www.bandi.pl\/blog\/"},{"@type":"ListItem","position":2,"name":"Nominacja Prix de Beauty dla Tricho-peelingu"}]},{"@type":"WebSite","@id":"https:\/\/www.bandi.pl\/blog\/#website","url":"https:\/\/www.bandi.pl\/blog\/","name":"Blog BANDI","description":"Czarno na bia\u0142ym o kosmetykach","publisher":{"@id":"https:\/\/www.bandi.pl\/blog\/#organization"},"potentialAction":[{"@type":"SearchAction","target":{"@type":"EntryPoint","urlTemplate":"https:\/\/www.bandi.pl\/blog\/?s={search_term_string}"},"query-input":{"@type":"PropertyValueSpecification","valueRequired":true,"valueName":"search_term_string"}}],"inLanguage":"pl-PL"},{"@type":"Organization","@id":"https:\/\/www.bandi.pl\/blog\/#organization","name":"BANDI","url":"https:\/\/www.bandi.pl\/blog\/","logo":{"@type":"ImageObject","inLanguage":"pl-PL","@id":"https:\/\/www.bandi.pl\/blog\/#\/schema\/logo\/image\/","url":"https:\/\/www.bandi.pl\/blog\/wp-content\/uploads\/2019\/06\/bandi-logo.png","contentUrl":"https:\/\/www.bandi.pl\/blog\/wp-content\/uploads\/2019\/06\/bandi-logo.png","width":264,"height":111,"caption":"BANDI"},"image":{"@id":"https:\/\/www.bandi.pl\/blog\/#\/schema\/logo\/image\/"},"sameAs":["https:\/\/web.facebook.com\/BANDIcosmetics","https:\/\/x.com\/bandi_cosmetics","https:\/\/www.instagram.com\/bandi_cosmetics\/","https:\/\/www.pinterest.com\/bandicosmetics\/","https:\/\/www.youtube.com\/user\/BandiCosmeticsPolska"]},{"@type":"Person","@id":"https:\/\/www.bandi.pl\/blog\/#\/schema\/person\/6905a8e1379d84df843b078d275c5aea","name":"BANDI","sameAs":["https:\/\/www.bandi.pl\/blog"]}]}},"_links":{"self":[{"href":"https:\/\/www.bandi.pl\/blog\/wp-json\/wp\/v2\/posts\/2569","targetHints":{"allow":["GET"]}}],"collection":[{"href":"https:\/\/www.bandi.pl\/blog\/wp-json\/wp\/v2\/posts"}],"about":[{"href":"https:\/\/www.bandi.pl\/blog\/wp-json\/wp\/v2\/types\/post"}],"author":[{"embeddable":true,"href":"https:\/\/www.bandi.pl\/blog\/wp-json\/wp\/v2\/users\/3"}],"replies":[{"embeddable":true,"href":"https:\/\/www.bandi.pl\/blog\/wp-json\/wp\/v2\/comments?post=2569"}],"version-history":[{"count":1,"href":"https:\/\/www.bandi.pl\/blog\/wp-json\/wp\/v2\/posts\/2569\/revisions"}],"predecessor-version":[{"id":4375,"href":"https:\/\/www.bandi.pl\/blog\/wp-json\/wp\/v2\/posts\/2569\/revisions\/4375"}],"wp:attachment":[{"href":"https:\/\/www.bandi.pl\/blog\/wp-json\/wp\/v2\/media?parent=2569"}],"wp:term":[{"taxonomy":"category","embeddable":true,"href":"https:\/\/www.bandi.pl\/blog\/wp-json\/wp\/v2\/categories?post=2569"},{"taxonomy":"post_tag","embeddable":true,"href":"https:\/\/www.bandi.pl\/blog\/wp-json\/wp\/v2\/tags?post=2569"}],"curies":[{"name":"wp","href":"https:\/\/api.w.org\/{rel}","templated":true}]}}