{"id":2518,"date":"2017-09-05T17:26:40","date_gmt":"2017-09-05T15:26:40","guid":{"rendered":"http:\/\/eksfoliacja.pl\/?p=2518"},"modified":"2019-11-21T16:47:54","modified_gmt":"2019-11-21T15:47:54","slug":"nawilzenie-skory-dlaczego-jest-takie-wazne","status":"publish","type":"post","link":"https:\/\/www.bandi.pl\/blog\/nawilzenie-skory-dlaczego-jest-takie-wazne\/","title":{"rendered":"Nawil\u017cenie sk\u00f3ry &#8211; dlaczego jest takie wa\u017cne?"},"content":{"rendered":"<div id=\"pl-2518\" class=\"panel-layout\">\n<div id=\"pg-2518-0\" class=\"panel-grid panel-no-style\">\n<div id=\"pgc-2518-0-0\" class=\"panel-grid-cell\" data-weight=\"1\">\n<div id=\"panel-2518-0-0-0\" class=\"so-panel widget widget_sow-editor panel-first-child\" data-index=\"0\" data-style=\"{&quot;background_display&quot;:&quot;tile&quot;}\">\n<div class=\"so-widget-sow-editor so-widget-sow-editor-base\">\n<div class=\"siteorigin-widget-tinymce textwidget\">\n<p><strong>Pi\u0119kna cera jest po\u017c\u0105dana przez wszystkie dbaj\u0105ce o siebie kobiety.<\/strong><\/p>\n<p>Dlatego, kiedy klientki pisz\u0105 do nas:\u00a0\u201echc\u0119, aby moja cera wygl\u0105da\u0142a na zadban\u0105\u201d, \u201eszukam czego\u015b co sprawi,\u017ce moja cera b\u0119dzie g\u0142adsza, lepiej napi\u0119ta i roz\u015bwietlona\u201d, \u201emoja cera\u00a0potrzebuje zastrzyku energii\u201d.\u00a0My wiemy, \u017ce przede wszystkim ich sk\u00f3rom brakuje\u00a0prawid\u0142owego poziomu nawil\u017cenia!<\/p>\n<p>Sk\u00f3ra prawid\u0142owo nawil\u017cona jest elastyczna, odpowiednio\u00a0napi\u0119ta, roz\u015bwietlona. Przyswaja sk\u0142adniki aktywne\u00a0z kosmetyk\u00f3w, jest g\u0142adsza, nie ma problemu\u00a0z przesuszeniem nask\u00f3rka. Wygl\u0105da pi\u0119knie!\u00a0Nawil\u017cenie jest podstaw\u0105 prawid\u0142owego funkcjonowania\u00a0sk\u00f3ry. Dobrze skomponowany i dobrany do potrzeb\u00a0cery kosmetyk nawil\u017caj\u0105cy mo\u017ce by\u0107 doskona\u0142\u0105 profilaktyk\u0105\u00a0przeciwstarzeniow\u0105.<\/p>\n<h2>Jak to dzia\u0142a?<\/h2>\n<p>Woda znajduje si\u0119 w r\u00f3\u017cnych warstwach sk\u00f3ry.\u00a0W ka\u017cdej z nich w innej ilo\u015bci i ma do odegrania inn\u0105 rol\u0119.\u00a0Szacuje si\u0119, \u017ce w prawid\u0142owo funkcjonuj\u0105cej sk\u00f3rze ilo\u015bci\u00a0procentowe wody s\u0105 nast\u0119puj\u0105ce:<\/p>\n<\/div>\n<\/div>\n<\/div>\n<div id=\"panel-2518-0-0-2\" class=\"so-panel widget widget_sow-editor\" data-index=\"2\" data-style=\"{&quot;background_display&quot;:&quot;tile&quot;}\">\n<div class=\"so-widget-sow-editor so-widget-sow-editor-base\">\n<div class=\"siteorigin-widget-tinymce textwidget\">\n<h2>1% wody<\/h2>\n<p>Jak widzimy, im bli\u017cej \u201ewierzchu\u201d sk\u00f3ry, tym wody jest\u00a0mniej, a to dlatego, \u017ce ca\u0142y czas woda z nas ucieka do\u00a0otoczenia, kt\u00f3re ma oko\u0142o 1% wody. Takie przesuwanie si\u0119 cz\u0105steczek wody z g\u0142\u0119bszych do p\u0142ycej po\u0142o\u017conych\u00a0warstw sk\u00f3ry wynika z gradientu st\u0119\u017ce\u0144. Polega na samoistnym\u00a0przesuwaniu si\u0119 cz\u0105steczek wody z miejsca gdzie\u00a0jest jej najwi\u0119cej do cz\u0119\u015bci gdzie jest jej mniej. W ten spos\u00f3b\u00a0nieustannie odparowujemy i jest to proces naturalny.\u00a0O problemie suchej lub przesuszonej sk\u00f3ry m\u00f3wimy\u00a0wtedy, kiedy r\u00f3\u017cnica w st\u0119\u017ceniu wody mi\u0119dzy sk\u00f3r\u0105\u00a0w\u0142a\u015bciw\u0105, a warstw\u0105 rogow\u0105 nask\u00f3rka jest jeszcze\u00a0wi\u0119ksza. To wymusza szybsz\u0105 ucieczk\u0119 wody ze sk\u00f3ry\u00a0w\u0142a\u015bciwej do nask\u00f3rka i odparowywania do otoczenia.\u00a0To t\u0142umaczy, dlaczego pozornie niewinne przesuszenie\u00a0\u201etylko\u201d nask\u00f3rka mo\u017ce znacznie zmniejszy\u0107 nawil\u017cenie\u00a0sk\u00f3ry w\u0142a\u015bciwej, a tym samym doprowadzi\u0107 nawet do\u00a0znacznego obni\u017cenia poziomu j\u0119drno\u015bci i elastyczno\u015bci\u00a0sk\u00f3ry. Przesuszony nask\u00f3rek prowadzi do przesuszenia\u00a0sk\u00f3ry w\u0142a\u015bciwej.<\/p>\n<h2>Zbyt niski poziom nawil\u017cenia niesie za sob\u0105\u00a0konsekwencje:<\/h2>\n<ul>\n<li>zmniejszenie elastyczno\u015bci nask\u00f3rka,<\/li>\n<li>obni\u017cenie napi\u0119cia sk\u00f3ry,<\/li>\n<li>powstawanie zmarszczek tzw. z przesuszenia (mog\u0105 wyst\u0119powa\u0107 niezale\u017cnie od wieku),<\/li>\n<li>zmniejszenie aktywno\u015b\u0107 enzym\u00f3w niezb\u0119dnych do prawid\u0142owego funkcjonowania kom\u00f3rek nask\u00f3rka,<\/li>\n<li>nieprawid\u0142owo odbudowywany jest NMF (naturalny czynnik nawil\u017caj\u0105cy),<\/li>\n<li>nieprawid\u0142owe rogowacenie nask\u00f3rka (\u201eziemisty koloryt\u201d cery, tendencja do blokowania uj\u015b\u0107 gruczo\u0142\u00f3w\u0142ojowych sk\u00f3ry).<\/li>\n<\/ul>\n<hr \/>\n<p>Skuteczna piel\u0119gnacja nawil\u017caj\u0105ca dostarcza\u00a0sk\u00f3rze substancji, kt\u00f3re wnikaj\u0105\u00a0w nask\u00f3rek i wi\u0105\u017c\u0105 wod\u0119 w jego wn\u0119trzu\u00a0zapobiegaj\u0105c nadmiernej utracie wody poprzez\u00a0tworzenie bariery na nask\u00f3rku.<\/p>\n<hr \/>\n<\/div>\n<\/div>\n<\/div>\n<div id=\"panel-2518-0-0-3\" class=\"so-panel widget widget_media_image\" data-index=\"3\" data-style=\"{&quot;background_display&quot;:&quot;tile&quot;}\"><\/div>\n<div id=\"panel-2518-0-0-4\" class=\"so-panel widget widget_sow-editor\" data-index=\"4\" data-style=\"{&quot;background_display&quot;:&quot;tile&quot;}\">\n<div class=\"so-widget-sow-editor so-widget-sow-editor-base\">\n<div class=\"siteorigin-widget-tinymce textwidget\">\n<h2>Jakich substancji szuka\u0107 w kosmetykach?<\/h2>\n<p>Wi\u0105\u017c\u0105cych wod\u0119 wewn\u0105trz nask\u00f3rka. Do najskuteczniejszych<br \/>\nnale\u017c\u0105 m.in.:<\/p>\n<h3><a href=\"https:\/\/www.bandi.pl\/sklep\/katalog\/skladnik\/28_kwas_hialuronowy\" target=\"_blank\" rel=\"noopener noreferrer\">Niskocz\u0105steczkowy kwas hialuronowy<\/a><\/h3>\n<p>Badania wykazuj\u0105, \u017ce zdolno\u015b\u0107 do wnikania substancji\u00a0aktywnej jest zale\u017cna m.in. od wielko\u015bci jej cz\u0105steczki. Im\u00a0mniejsza jest jego cz\u0105steczka tym lepiej penetruje, a tym\u00a0samym zatrzymuje wod\u0119 w ni\u017cszych warstwach sk\u00f3ry\u00a0i jest skuteczniejszym \u201enawil\u017caczem\u201d. W sk\u0142adzie INCI\u00a0kosmetyk\u00f3w szukajmy nazwy: Hyaluronic Acid. Nale\u017cy\u00a0jednak pami\u0119ta\u0107, \u017ce kwas hialuronowy mo\u017ce mie\u0107 du\u017c\u0105,\u00a0\u015bredni\u0105, ma\u0142\u0105 lub bardzo ma\u0142\u0105 cz\u0105steczk\u0119, ale niezale\u017cnie\u00a0od jej rozmiaru \u2013 nazwa w INCI jest taka sama.<\/p>\n<h3><a href=\"https:\/\/www.bandi.pl\/sklep\/katalog\/skladnik\/33_mocznik\" target=\"_blank\" rel=\"noopener noreferrer\">Mocznik<\/a> i <a href=\"https:\/\/www.bandi.pl\/sklep\/katalog\/skladnik\/124_kwas_mlekowy\" target=\"_blank\" rel=\"noopener noreferrer\">kwas mlekowy<\/a><\/h3>\n<p>Znane ze swych dobrze penetruj\u0105cych w\u0142a\u015bciwo\u015bci.\u00a0Wi\u0105\u017c\u0105 i zatrzymuj\u0105 wod\u0119 w sk\u00f3rze na d\u0142u\u017cej. Je\u015bli w jednym\u00a0kosmetyku s\u0105 u\u017cyte oba, a dodatkowo ich st\u0119\u017cenie\u00a0jest wysokie \u2013 z\u0142uszczaj\u0105 wierzchni\u0105 warstw\u0119 rogow\u0105\u00a0nask\u00f3rka. To doskona\u0142a propozycja jednoczesnego intensywnego\u00a0nawil\u017cania i optymalizowania grubo\u015bci nask\u00f3rka.<\/p>\n<h3><a href=\"https:\/\/www.bandi.pl\/sklep\/katalog\/skladnik\/198_estry_cholesterolu\" target=\"_blank\" rel=\"noopener noreferrer\">Estry cholesterolu<\/a><\/h3>\n<p>Nawil\u017caj\u0105, naprawiaj\u0105 i od\u017cywiaj\u0105 sk\u00f3r\u0119. Ich budowa\u00a0jest zbli\u017cona do lipid\u00f3w naturalnie wyst\u0119puj\u0105cych\u00a0w warstwie rogowej nask\u00f3rka. Nie tylko nat\u0142uszczaj\u0105 sk\u00f3r\u0119\u00a0na zewn\u0105trz, ale dodatkowo penetruj\u0105 warstw\u0119 rogow\u0105\u00a0co znacznie podnosi ich skuteczno\u015b\u0107 i czas dzia\u0142ania.\u00a0Doskonale sprawdzaj\u0105 si\u0119 w piel\u0119gnowaniu sk\u00f3ry z wyra\u017anym\u00a0problemem sucho\u015bci i przesuszenia.<\/p>\n<h3><a href=\"https:\/\/www.bandi.pl\/sklep\/katalog\/skladnik\/225_olej_kokosowy\" target=\"_blank\" rel=\"noopener noreferrer\">Olej kokosowy<\/a><\/h3>\n<p>Pomocny w piel\u0119gnowaniu sk\u00f3ry, kt\u00f3rej naturalna bariera\u00a0ochronna jest d\u0142ugotrwale lub przej\u015bciowo uszkodzona.\u00a0Nat\u0142uszcza, nawil\u017ca i wyg\u0142adza nask\u00f3rek. Jego\u00a0dodatkowym, ma\u0142o znanym dzia\u0142aniem jest hamowanie\u00a0nadmiernego rozwoju dermatofit\u00f3w na sk\u00f3rze. To, \u017ce jest\u00a0cenionym surowcem szczeg\u00f3lnie w piel\u0119gnacji cery, kt\u00f3rej flora bakteryjna wymaga zr\u00f3wnowa\u017cenia sk\u0142adu.<\/p>\n<h3><a href=\"https:\/\/www.bandi.pl\/sklep\/katalog\/skladnik\/232_ektoina\" target=\"_blank\" rel=\"noopener noreferrer\">Ektoina<\/a><\/h3>\n<p>Bardzo skuteczny, zwi\u0105zek aktywny o niezwyk\u0142ych\u00a0w\u0142asno\u015bciach piel\u0119gnacyjnych, w naturze wytwarzany\u00a0przez mikroorganizmy \u017cyj\u0105ce w ekstremalnie trudnych\u00a0warunkach m.in. na pustyniach solnych. Wykorzystywany\u00a0w medycynie i farmacji. Wykazuje doskona\u0142e w\u0142a\u015bciwo\u015bci\u00a0naprawcze p\u0142aszcze hydrolipidowego co znacz\u0105co\u00a0zmniejsza nadmiern\u0105 utrat\u0119 wody ze sk\u00f3ry. Dzia\u0142a tak\u017ce\u00a0przeciw zalanie, koj\u0105co i wyg\u0142adzaj\u0105co.<\/p>\n<\/div>\n<\/div>\n<\/div>\n<h2 id=\"panel-2518-0-0-5\" class=\"so-panel widget widget_media_image\" data-index=\"5\" data-style=\"{&quot;background_display&quot;:&quot;tile&quot;}\"><span style=\"font-size: inherit;\">Medical Expert ANTI DRY<\/span><\/h2>\n<div id=\"panel-2518-0-0-6\" class=\"so-panel widget widget_sow-editor panel-last-child\" data-index=\"6\" data-style=\"{&quot;background_display&quot;:&quot;tile&quot;}\">\n<div class=\"so-widget-sow-editor so-widget-sow-editor-base\">\n<div class=\"siteorigin-widget-tinymce textwidget\">\n<p>Nowa linia preparat\u00f3w zawieraj\u0105cych opisane, wysoko st\u0119\u017cone sk\u0142adniki aktywne dla skutecznej walki z sucho\u015bci\u0105 i przesuszeniem sk\u00f3ry.<\/p>\n<\/div>\n<\/div>\n<\/div>\n<\/div>\n<\/div>\n<\/div>\n","protected":false},"excerpt":{"rendered":"<p>Pi\u0119kna cera jest po\u017c\u0105dana przez wszystkie dbaj\u0105ce o siebie kobiety. Dlatego, kiedy klientki pisz\u0105 do nas:\u00a0\u201echc\u0119, aby moja cera wygl\u0105da\u0142a na zadban\u0105\u201d, \u201eszukam czego\u015b co sprawi,\u017ce moja cera b\u0119dzie g\u0142adsza, lepiej napi\u0119ta i roz\u015bwietlona\u201d, \u201emoja cera\u00a0potrzebuje zastrzyku energii\u201d.\u00a0My wiemy, \u017ce przede wszystkim ich sk\u00f3rom brakuje\u00a0prawid\u0142owego poziomu nawil\u017cenia! Sk\u00f3ra prawid\u0142owo nawil\u017cona jest elastyczna, odpowiednio\u00a0napi\u0119ta, roz\u015bwietlona. Przyswaja [&hellip;]<\/p>\n","protected":false},"author":3,"featured_media":5935,"comment_status":"open","ping_status":"open","sticky":false,"template":"","format":"standard","meta":{"_et_pb_use_builder":"","_et_pb_old_content":"","_et_gb_content_width":"","footnotes":""},"categories":[2806,2055,1817],"tags":[95,89,58,42,91,92,94],"class_list":["post-2518","post","type-post","status-publish","format-standard","has-post-thumbnail","hentry","category-aneta-dziecielewska","category-bandi","category-kategoria-pielegnacja-i-kosmetyki","tag-ektoina","tag-estry-cholesterolu","tag-kwas-hialuronowy","tag-kwas-mlekowy","tag-mocznik","tag-olej-kokosowy","tag-sucha-skora"],"yoast_head":"<!-- This site is optimized with the Yoast SEO plugin v27.1.1 - https:\/\/yoast.com\/product\/yoast-seo-wordpress\/ -->\n<title>Nawil\u017cenie sk\u00f3ry - dlaczego jest takie wa\u017cne? &#187; Blog BANDI<\/title>\n<meta name=\"description\" content=\"Sk\u00f3ra prawid\u0142owo nawil\u017cona jest elastyczna, odpowiednio napi\u0119ta, roz\u015bwietlona. Przyswaja sk\u0142adniki aktywne z kosmetyk\u00f3w, jest g\u0142adsza, nie ma problemu z przesuszeniem nask\u00f3rka. Wygl\u0105da pi\u0119knie! Nawil\u017cenie jest podstaw\u0105 prawid\u0142owego funkcjonowania sk\u00f3ry.\" \/>\n<meta name=\"robots\" content=\"index, follow, max-snippet:-1, max-image-preview:large, max-video-preview:-1\" \/>\n<link rel=\"canonical\" href=\"https:\/\/www.bandi.pl\/blog\/nawilzenie-skory-dlaczego-jest-takie-wazne\/\" \/>\n<meta property=\"og:locale\" content=\"pl_PL\" \/>\n<meta property=\"og:type\" content=\"article\" \/>\n<meta property=\"og:title\" content=\"Nawil\u017cenie sk\u00f3ry - dlaczego jest takie wa\u017cne? &#187; Blog BANDI\" \/>\n<meta property=\"og:description\" content=\"Sk\u00f3ra prawid\u0142owo nawil\u017cona jest elastyczna, odpowiednio napi\u0119ta, roz\u015bwietlona. Przyswaja sk\u0142adniki aktywne z kosmetyk\u00f3w, jest g\u0142adsza, nie ma problemu z przesuszeniem nask\u00f3rka. Wygl\u0105da pi\u0119knie! Nawil\u017cenie jest podstaw\u0105 prawid\u0142owego funkcjonowania sk\u00f3ry.\" \/>\n<meta property=\"og:url\" content=\"https:\/\/www.bandi.pl\/blog\/nawilzenie-skory-dlaczego-jest-takie-wazne\/\" \/>\n<meta property=\"og:site_name\" content=\"Blog BANDI\" \/>\n<meta property=\"article:publisher\" content=\"https:\/\/web.facebook.com\/BANDIcosmetics\" \/>\n<meta property=\"article:published_time\" content=\"2017-09-05T15:26:40+00:00\" \/>\n<meta property=\"article:modified_time\" content=\"2019-11-21T15:47:54+00:00\" \/>\n<meta property=\"og:image\" content=\"https:\/\/www.bandi.pl\/blog\/wp-content\/uploads\/2016\/09\/niedocenia-skladniki-kosmetykow-mocznik.jpg\" \/>\n\t<meta property=\"og:image:width\" content=\"600\" \/>\n\t<meta property=\"og:image:height\" content=\"400\" \/>\n\t<meta property=\"og:image:type\" content=\"image\/jpeg\" \/>\n<meta name=\"author\" content=\"BANDI\" \/>\n<meta name=\"twitter:card\" content=\"summary_large_image\" \/>\n<meta name=\"twitter:creator\" content=\"@bandi_cosmetics\" \/>\n<meta name=\"twitter:site\" content=\"@bandi_cosmetics\" \/>\n<meta name=\"twitter:label1\" content=\"Napisane przez\" \/>\n\t<meta name=\"twitter:data1\" content=\"BANDI\" \/>\n\t<meta name=\"twitter:label2\" content=\"Szacowany czas czytania\" \/>\n\t<meta name=\"twitter:data2\" content=\"4 minuty\" \/>\n<script type=\"application\/ld+json\" class=\"yoast-schema-graph\">{\"@context\":\"https:\/\/schema.org\",\"@graph\":[{\"@type\":\"Article\",\"@id\":\"https:\/\/www.bandi.pl\/blog\/nawilzenie-skory-dlaczego-jest-takie-wazne\/#article\",\"isPartOf\":{\"@id\":\"https:\/\/www.bandi.pl\/blog\/nawilzenie-skory-dlaczego-jest-takie-wazne\/\"},\"author\":{\"name\":\"BANDI\",\"@id\":\"https:\/\/www.bandi.pl\/blog\/#\/schema\/person\/6905a8e1379d84df843b078d275c5aea\"},\"headline\":\"Nawil\u017cenie sk\u00f3ry &#8211; dlaczego jest takie wa\u017cne?\",\"datePublished\":\"2017-09-05T15:26:40+00:00\",\"dateModified\":\"2019-11-21T15:47:54+00:00\",\"mainEntityOfPage\":{\"@id\":\"https:\/\/www.bandi.pl\/blog\/nawilzenie-skory-dlaczego-jest-takie-wazne\/\"},\"wordCount\":871,\"commentCount\":0,\"publisher\":{\"@id\":\"https:\/\/www.bandi.pl\/blog\/#organization\"},\"image\":{\"@id\":\"https:\/\/www.bandi.pl\/blog\/nawilzenie-skory-dlaczego-jest-takie-wazne\/#primaryimage\"},\"thumbnailUrl\":\"https:\/\/www.bandi.pl\/blog\/wp-content\/uploads\/2016\/09\/niedocenia-skladniki-kosmetykow-mocznik.jpg\",\"keywords\":[\"ektoina\",\"estry cholesterolu\",\"kwas hialuronowy\",\"kwas mlekowy\",\"mocznik\",\"olej kokosowy\",\"sucha sk\u00f3ra\"],\"articleSection\":[\"Aneta Dzi\u0119cielewska\",\"BANDI\",\"Piel\u0119gnacja i kosmetyki\"],\"inLanguage\":\"pl-PL\",\"potentialAction\":[{\"@type\":\"CommentAction\",\"name\":\"Comment\",\"target\":[\"https:\/\/www.bandi.pl\/blog\/nawilzenie-skory-dlaczego-jest-takie-wazne\/#respond\"]}]},{\"@type\":\"WebPage\",\"@id\":\"https:\/\/www.bandi.pl\/blog\/nawilzenie-skory-dlaczego-jest-takie-wazne\/\",\"url\":\"https:\/\/www.bandi.pl\/blog\/nawilzenie-skory-dlaczego-jest-takie-wazne\/\",\"name\":\"Nawil\u017cenie sk\u00f3ry - dlaczego jest takie wa\u017cne? &#187; Blog BANDI\",\"isPartOf\":{\"@id\":\"https:\/\/www.bandi.pl\/blog\/#website\"},\"primaryImageOfPage\":{\"@id\":\"https:\/\/www.bandi.pl\/blog\/nawilzenie-skory-dlaczego-jest-takie-wazne\/#primaryimage\"},\"image\":{\"@id\":\"https:\/\/www.bandi.pl\/blog\/nawilzenie-skory-dlaczego-jest-takie-wazne\/#primaryimage\"},\"thumbnailUrl\":\"https:\/\/www.bandi.pl\/blog\/wp-content\/uploads\/2016\/09\/niedocenia-skladniki-kosmetykow-mocznik.jpg\",\"datePublished\":\"2017-09-05T15:26:40+00:00\",\"dateModified\":\"2019-11-21T15:47:54+00:00\",\"description\":\"Sk\u00f3ra prawid\u0142owo nawil\u017cona jest elastyczna, odpowiednio napi\u0119ta, roz\u015bwietlona. Przyswaja sk\u0142adniki aktywne z kosmetyk\u00f3w, jest g\u0142adsza, nie ma problemu z przesuszeniem nask\u00f3rka. Wygl\u0105da pi\u0119knie! Nawil\u017cenie jest podstaw\u0105 prawid\u0142owego funkcjonowania sk\u00f3ry.\",\"breadcrumb\":{\"@id\":\"https:\/\/www.bandi.pl\/blog\/nawilzenie-skory-dlaczego-jest-takie-wazne\/#breadcrumb\"},\"inLanguage\":\"pl-PL\",\"potentialAction\":[{\"@type\":\"ReadAction\",\"target\":[\"https:\/\/www.bandi.pl\/blog\/nawilzenie-skory-dlaczego-jest-takie-wazne\/\"]}]},{\"@type\":\"ImageObject\",\"inLanguage\":\"pl-PL\",\"@id\":\"https:\/\/www.bandi.pl\/blog\/nawilzenie-skory-dlaczego-jest-takie-wazne\/#primaryimage\",\"url\":\"https:\/\/www.bandi.pl\/blog\/wp-content\/uploads\/2016\/09\/niedocenia-skladniki-kosmetykow-mocznik.jpg\",\"contentUrl\":\"https:\/\/www.bandi.pl\/blog\/wp-content\/uploads\/2016\/09\/niedocenia-skladniki-kosmetykow-mocznik.jpg\",\"width\":600,\"height\":400,\"caption\":\"Niedoceniane sk\u0142adniki kosmetyk\u00f3w - mocznik - Barbara Kugiel-Rachwalska - Blog BANDI\"},{\"@type\":\"BreadcrumbList\",\"@id\":\"https:\/\/www.bandi.pl\/blog\/nawilzenie-skory-dlaczego-jest-takie-wazne\/#breadcrumb\",\"itemListElement\":[{\"@type\":\"ListItem\",\"position\":1,\"name\":\"BANDI\",\"item\":\"https:\/\/www.bandi.pl\/blog\/\"},{\"@type\":\"ListItem\",\"position\":2,\"name\":\"Nawil\u017cenie sk\u00f3ry &#8211; dlaczego jest takie wa\u017cne?\"}]},{\"@type\":\"WebSite\",\"@id\":\"https:\/\/www.bandi.pl\/blog\/#website\",\"url\":\"https:\/\/www.bandi.pl\/blog\/\",\"name\":\"Blog BANDI\",\"description\":\"Czarno na bia\u0142ym o kosmetykach\",\"publisher\":{\"@id\":\"https:\/\/www.bandi.pl\/blog\/#organization\"},\"potentialAction\":[{\"@type\":\"SearchAction\",\"target\":{\"@type\":\"EntryPoint\",\"urlTemplate\":\"https:\/\/www.bandi.pl\/blog\/?s={search_term_string}\"},\"query-input\":{\"@type\":\"PropertyValueSpecification\",\"valueRequired\":true,\"valueName\":\"search_term_string\"}}],\"inLanguage\":\"pl-PL\"},{\"@type\":\"Organization\",\"@id\":\"https:\/\/www.bandi.pl\/blog\/#organization\",\"name\":\"BANDI\",\"url\":\"https:\/\/www.bandi.pl\/blog\/\",\"logo\":{\"@type\":\"ImageObject\",\"inLanguage\":\"pl-PL\",\"@id\":\"https:\/\/www.bandi.pl\/blog\/#\/schema\/logo\/image\/\",\"url\":\"https:\/\/www.bandi.pl\/blog\/wp-content\/uploads\/2019\/06\/bandi-logo.png\",\"contentUrl\":\"https:\/\/www.bandi.pl\/blog\/wp-content\/uploads\/2019\/06\/bandi-logo.png\",\"width\":264,\"height\":111,\"caption\":\"BANDI\"},\"image\":{\"@id\":\"https:\/\/www.bandi.pl\/blog\/#\/schema\/logo\/image\/\"},\"sameAs\":[\"https:\/\/web.facebook.com\/BANDIcosmetics\",\"https:\/\/x.com\/bandi_cosmetics\",\"https:\/\/www.instagram.com\/bandi_cosmetics\/\",\"https:\/\/www.pinterest.com\/bandicosmetics\/\",\"https:\/\/www.youtube.com\/user\/BandiCosmeticsPolska\"]},{\"@type\":\"Person\",\"@id\":\"https:\/\/www.bandi.pl\/blog\/#\/schema\/person\/6905a8e1379d84df843b078d275c5aea\",\"name\":\"BANDI\",\"sameAs\":[\"https:\/\/www.bandi.pl\/blog\"]}]}<\/script>\n<!-- \/ Yoast SEO plugin. -->","yoast_head_json":{"title":"Nawil\u017cenie sk\u00f3ry - dlaczego jest takie wa\u017cne? &#187; Blog BANDI","description":"Sk\u00f3ra prawid\u0142owo nawil\u017cona jest elastyczna, odpowiednio napi\u0119ta, roz\u015bwietlona. Przyswaja sk\u0142adniki aktywne z kosmetyk\u00f3w, jest g\u0142adsza, nie ma problemu z przesuszeniem nask\u00f3rka. Wygl\u0105da pi\u0119knie! Nawil\u017cenie jest podstaw\u0105 prawid\u0142owego funkcjonowania sk\u00f3ry.","robots":{"index":"index","follow":"follow","max-snippet":"max-snippet:-1","max-image-preview":"max-image-preview:large","max-video-preview":"max-video-preview:-1"},"canonical":"https:\/\/www.bandi.pl\/blog\/nawilzenie-skory-dlaczego-jest-takie-wazne\/","og_locale":"pl_PL","og_type":"article","og_title":"Nawil\u017cenie sk\u00f3ry - dlaczego jest takie wa\u017cne? &#187; Blog BANDI","og_description":"Sk\u00f3ra prawid\u0142owo nawil\u017cona jest elastyczna, odpowiednio napi\u0119ta, roz\u015bwietlona. Przyswaja sk\u0142adniki aktywne z kosmetyk\u00f3w, jest g\u0142adsza, nie ma problemu z przesuszeniem nask\u00f3rka. Wygl\u0105da pi\u0119knie! Nawil\u017cenie jest podstaw\u0105 prawid\u0142owego funkcjonowania sk\u00f3ry.","og_url":"https:\/\/www.bandi.pl\/blog\/nawilzenie-skory-dlaczego-jest-takie-wazne\/","og_site_name":"Blog BANDI","article_publisher":"https:\/\/web.facebook.com\/BANDIcosmetics","article_published_time":"2017-09-05T15:26:40+00:00","article_modified_time":"2019-11-21T15:47:54+00:00","og_image":[{"width":600,"height":400,"url":"https:\/\/www.bandi.pl\/blog\/wp-content\/uploads\/2016\/09\/niedocenia-skladniki-kosmetykow-mocznik.jpg","type":"image\/jpeg"}],"author":"BANDI","twitter_card":"summary_large_image","twitter_creator":"@bandi_cosmetics","twitter_site":"@bandi_cosmetics","twitter_misc":{"Napisane przez":"BANDI","Szacowany czas czytania":"4 minuty"},"schema":{"@context":"https:\/\/schema.org","@graph":[{"@type":"Article","@id":"https:\/\/www.bandi.pl\/blog\/nawilzenie-skory-dlaczego-jest-takie-wazne\/#article","isPartOf":{"@id":"https:\/\/www.bandi.pl\/blog\/nawilzenie-skory-dlaczego-jest-takie-wazne\/"},"author":{"name":"BANDI","@id":"https:\/\/www.bandi.pl\/blog\/#\/schema\/person\/6905a8e1379d84df843b078d275c5aea"},"headline":"Nawil\u017cenie sk\u00f3ry &#8211; dlaczego jest takie wa\u017cne?","datePublished":"2017-09-05T15:26:40+00:00","dateModified":"2019-11-21T15:47:54+00:00","mainEntityOfPage":{"@id":"https:\/\/www.bandi.pl\/blog\/nawilzenie-skory-dlaczego-jest-takie-wazne\/"},"wordCount":871,"commentCount":0,"publisher":{"@id":"https:\/\/www.bandi.pl\/blog\/#organization"},"image":{"@id":"https:\/\/www.bandi.pl\/blog\/nawilzenie-skory-dlaczego-jest-takie-wazne\/#primaryimage"},"thumbnailUrl":"https:\/\/www.bandi.pl\/blog\/wp-content\/uploads\/2016\/09\/niedocenia-skladniki-kosmetykow-mocznik.jpg","keywords":["ektoina","estry cholesterolu","kwas hialuronowy","kwas mlekowy","mocznik","olej kokosowy","sucha sk\u00f3ra"],"articleSection":["Aneta Dzi\u0119cielewska","BANDI","Piel\u0119gnacja i kosmetyki"],"inLanguage":"pl-PL","potentialAction":[{"@type":"CommentAction","name":"Comment","target":["https:\/\/www.bandi.pl\/blog\/nawilzenie-skory-dlaczego-jest-takie-wazne\/#respond"]}]},{"@type":"WebPage","@id":"https:\/\/www.bandi.pl\/blog\/nawilzenie-skory-dlaczego-jest-takie-wazne\/","url":"https:\/\/www.bandi.pl\/blog\/nawilzenie-skory-dlaczego-jest-takie-wazne\/","name":"Nawil\u017cenie sk\u00f3ry - dlaczego jest takie wa\u017cne? &#187; Blog BANDI","isPartOf":{"@id":"https:\/\/www.bandi.pl\/blog\/#website"},"primaryImageOfPage":{"@id":"https:\/\/www.bandi.pl\/blog\/nawilzenie-skory-dlaczego-jest-takie-wazne\/#primaryimage"},"image":{"@id":"https:\/\/www.bandi.pl\/blog\/nawilzenie-skory-dlaczego-jest-takie-wazne\/#primaryimage"},"thumbnailUrl":"https:\/\/www.bandi.pl\/blog\/wp-content\/uploads\/2016\/09\/niedocenia-skladniki-kosmetykow-mocznik.jpg","datePublished":"2017-09-05T15:26:40+00:00","dateModified":"2019-11-21T15:47:54+00:00","description":"Sk\u00f3ra prawid\u0142owo nawil\u017cona jest elastyczna, odpowiednio napi\u0119ta, roz\u015bwietlona. Przyswaja sk\u0142adniki aktywne z kosmetyk\u00f3w, jest g\u0142adsza, nie ma problemu z przesuszeniem nask\u00f3rka. Wygl\u0105da pi\u0119knie! Nawil\u017cenie jest podstaw\u0105 prawid\u0142owego funkcjonowania sk\u00f3ry.","breadcrumb":{"@id":"https:\/\/www.bandi.pl\/blog\/nawilzenie-skory-dlaczego-jest-takie-wazne\/#breadcrumb"},"inLanguage":"pl-PL","potentialAction":[{"@type":"ReadAction","target":["https:\/\/www.bandi.pl\/blog\/nawilzenie-skory-dlaczego-jest-takie-wazne\/"]}]},{"@type":"ImageObject","inLanguage":"pl-PL","@id":"https:\/\/www.bandi.pl\/blog\/nawilzenie-skory-dlaczego-jest-takie-wazne\/#primaryimage","url":"https:\/\/www.bandi.pl\/blog\/wp-content\/uploads\/2016\/09\/niedocenia-skladniki-kosmetykow-mocznik.jpg","contentUrl":"https:\/\/www.bandi.pl\/blog\/wp-content\/uploads\/2016\/09\/niedocenia-skladniki-kosmetykow-mocznik.jpg","width":600,"height":400,"caption":"Niedoceniane sk\u0142adniki kosmetyk\u00f3w - mocznik - Barbara Kugiel-Rachwalska - Blog BANDI"},{"@type":"BreadcrumbList","@id":"https:\/\/www.bandi.pl\/blog\/nawilzenie-skory-dlaczego-jest-takie-wazne\/#breadcrumb","itemListElement":[{"@type":"ListItem","position":1,"name":"BANDI","item":"https:\/\/www.bandi.pl\/blog\/"},{"@type":"ListItem","position":2,"name":"Nawil\u017cenie sk\u00f3ry &#8211; dlaczego jest takie wa\u017cne?"}]},{"@type":"WebSite","@id":"https:\/\/www.bandi.pl\/blog\/#website","url":"https:\/\/www.bandi.pl\/blog\/","name":"Blog BANDI","description":"Czarno na bia\u0142ym o kosmetykach","publisher":{"@id":"https:\/\/www.bandi.pl\/blog\/#organization"},"potentialAction":[{"@type":"SearchAction","target":{"@type":"EntryPoint","urlTemplate":"https:\/\/www.bandi.pl\/blog\/?s={search_term_string}"},"query-input":{"@type":"PropertyValueSpecification","valueRequired":true,"valueName":"search_term_string"}}],"inLanguage":"pl-PL"},{"@type":"Organization","@id":"https:\/\/www.bandi.pl\/blog\/#organization","name":"BANDI","url":"https:\/\/www.bandi.pl\/blog\/","logo":{"@type":"ImageObject","inLanguage":"pl-PL","@id":"https:\/\/www.bandi.pl\/blog\/#\/schema\/logo\/image\/","url":"https:\/\/www.bandi.pl\/blog\/wp-content\/uploads\/2019\/06\/bandi-logo.png","contentUrl":"https:\/\/www.bandi.pl\/blog\/wp-content\/uploads\/2019\/06\/bandi-logo.png","width":264,"height":111,"caption":"BANDI"},"image":{"@id":"https:\/\/www.bandi.pl\/blog\/#\/schema\/logo\/image\/"},"sameAs":["https:\/\/web.facebook.com\/BANDIcosmetics","https:\/\/x.com\/bandi_cosmetics","https:\/\/www.instagram.com\/bandi_cosmetics\/","https:\/\/www.pinterest.com\/bandicosmetics\/","https:\/\/www.youtube.com\/user\/BandiCosmeticsPolska"]},{"@type":"Person","@id":"https:\/\/www.bandi.pl\/blog\/#\/schema\/person\/6905a8e1379d84df843b078d275c5aea","name":"BANDI","sameAs":["https:\/\/www.bandi.pl\/blog"]}]}},"_links":{"self":[{"href":"https:\/\/www.bandi.pl\/blog\/wp-json\/wp\/v2\/posts\/2518","targetHints":{"allow":["GET"]}}],"collection":[{"href":"https:\/\/www.bandi.pl\/blog\/wp-json\/wp\/v2\/posts"}],"about":[{"href":"https:\/\/www.bandi.pl\/blog\/wp-json\/wp\/v2\/types\/post"}],"author":[{"embeddable":true,"href":"https:\/\/www.bandi.pl\/blog\/wp-json\/wp\/v2\/users\/3"}],"replies":[{"embeddable":true,"href":"https:\/\/www.bandi.pl\/blog\/wp-json\/wp\/v2\/comments?post=2518"}],"version-history":[{"count":4,"href":"https:\/\/www.bandi.pl\/blog\/wp-json\/wp\/v2\/posts\/2518\/revisions"}],"predecessor-version":[{"id":6040,"href":"https:\/\/www.bandi.pl\/blog\/wp-json\/wp\/v2\/posts\/2518\/revisions\/6040"}],"wp:featuredmedia":[{"embeddable":true,"href":"https:\/\/www.bandi.pl\/blog\/wp-json\/wp\/v2\/media\/5935"}],"wp:attachment":[{"href":"https:\/\/www.bandi.pl\/blog\/wp-json\/wp\/v2\/media?parent=2518"}],"wp:term":[{"taxonomy":"category","embeddable":true,"href":"https:\/\/www.bandi.pl\/blog\/wp-json\/wp\/v2\/categories?post=2518"},{"taxonomy":"post_tag","embeddable":true,"href":"https:\/\/www.bandi.pl\/blog\/wp-json\/wp\/v2\/tags?post=2518"}],"curies":[{"name":"wp","href":"https:\/\/api.w.org\/{rel}","templated":true}]}}