{"id":2502,"date":"2017-05-09T12:43:55","date_gmt":"2017-05-09T10:43:55","guid":{"rendered":"http:\/\/eksfoliacja.pl\/?p=2502"},"modified":"2019-11-21T16:48:15","modified_gmt":"2019-11-21T15:48:15","slug":"targi-beauty-days","status":"publish","type":"post","link":"https:\/\/www.bandi.pl\/blog\/targi-beauty-days\/","title":{"rendered":"Targi Beauty Days 2017"},"content":{"rendered":"\n<p>Targi <a rel=\"noreferrer noopener\" aria-label=\"Beauty Days\" href=\"https:\/\/beautydays.pl\/\" target=\"_blank\">Beauty Days<\/a> to&nbsp;trzy dni pe\u0142ne wra\u017ce\u0144 i&nbsp;rozm\u00f3w o&nbsp;kosmetykach. Mieli\u015bmy niesamowit\u0105 przyjemno\u015b\u0107 wys\u0142uchania koncertu <strong>Edyty G\u00f3rniak<\/strong>. Kr\u00f3tka, ale ciekawa by\u0142a rozmowa o&nbsp;kosmetykach z&nbsp;<strong>Maj\u0105 Sablewsk\u0105<\/strong>.<\/p>\n\n\n\n<!--more-->\n\n\n\n<p>Prezes <strong>Joanna Draniak-Kici\u0144ska<\/strong> wzi\u0119\u0142a udzia\u0142 w&nbsp;panelu eksperckim prowadzonym przez <strong>Lidi\u0119 Lewandowsk\u0105<\/strong> dotycz\u0105cym kondycji bran\u017cy kosmetycznej w&nbsp;Polsce. Nasz szkoleniowiec, <strong>Jola Wysocka<\/strong> mia\u0142a przyjemno\u015b\u0107 poprowadzi\u0107 wyk\u0142ad o&nbsp;profesjonalnej piel\u0119gnacji sk\u00f3ry g\u0142owy i&nbsp;w\u0142os\u00f3w. Odwiedzi\u0142o nas wiele znanych blogerek i&nbsp;vlogerek, kt\u00f3rym bardzo podoba\u0142a si\u0119&nbsp;nasza \u015bcianka wykonana z&nbsp;kwiat\u00f3w. By\u0142o pe\u0142no u\u015bmiech\u00f3w przy&nbsp;konkursie foto ? Zrobili\u015bmy kilkadziesi\u0105t zabieg\u00f3w piel\u0119gnacyjnych i&nbsp;przeprowadzili\u015bmy niezliczon\u0105 ilo\u015b\u0107 bada\u0144 sk\u00f3ry g\u0142owy za&nbsp;pomoc\u0105 trichoskopu. Dzi\u0119kujemy wszystkim, kt\u00f3rzy byli z&nbsp;nami!<\/p>\n","protected":false},"excerpt":{"rendered":"<p>Targi Beauty Days to&nbsp;trzy dni pe\u0142ne wra\u017ce\u0144 i&nbsp;rozm\u00f3w o&nbsp;kosmetykach. Mieli\u015bmy niesamowit\u0105 przyjemno\u015b\u0107 wys\u0142uchania koncertu Edyty G\u00f3rniak. Kr\u00f3tka, ale ciekawa by\u0142a rozmowa o&nbsp;kosmetykach z&nbsp;Maj\u0105 Sablewsk\u0105.<\/p>\n","protected":false},"author":3,"featured_media":4399,"comment_status":"open","ping_status":"open","sticky":false,"template":"","format":"standard","meta":{"_et_pb_use_builder":"","_et_pb_old_content":"","_et_gb_content_width":"","footnotes":""},"categories":[1973,1741],"tags":[12],"class_list":["post-2502","post","type-post","status-publish","format-standard","has-post-thumbnail","hentry","category-kategoria-targi-kosmetyczne-szkolenia","category-kategoria-z-zycia-firmy","tag-targi"],"yoast_head":"<!-- This site is optimized with the Yoast SEO plugin v27.1.1 - https:\/\/yoast.com\/product\/yoast-seo-wordpress\/ -->\n<title>Targi Beauty Days 2017 &#187; Blog BANDI<\/title>\n<meta name=\"description\" content=\"Targi Beauty Days to trzy dni pe\u0142ne\u00a0wra\u017ce\u0144 i rozm\u00f3w o kosmetykach.\u00a0Mieli\u015bmy niesamowit\u0105 przyjemno\u015b\u0107\u00a0wys\u0142uchania koncertu Edyty\u00a0G\u00f3rniak. Kr\u00f3tka, ale ciekawa by\u0142a\u00a0rozmowa o kosmetykach z Maj\u0105\u00a0Sablewsk\u0105.\" \/>\n<meta name=\"robots\" content=\"index, follow, max-snippet:-1, max-image-preview:large, max-video-preview:-1\" \/>\n<link rel=\"canonical\" href=\"https:\/\/www.bandi.pl\/blog\/targi-beauty-days\/\" \/>\n<meta property=\"og:locale\" content=\"pl_PL\" \/>\n<meta property=\"og:type\" content=\"article\" \/>\n<meta property=\"og:title\" content=\"Targi Beauty Days 2017 &#187; Blog BANDI\" \/>\n<meta property=\"og:description\" content=\"Targi Beauty Days to trzy dni pe\u0142ne\u00a0wra\u017ce\u0144 i rozm\u00f3w o kosmetykach.\u00a0Mieli\u015bmy niesamowit\u0105 przyjemno\u015b\u0107\u00a0wys\u0142uchania koncertu Edyty\u00a0G\u00f3rniak. Kr\u00f3tka, ale ciekawa by\u0142a\u00a0rozmowa o kosmetykach z Maj\u0105\u00a0Sablewsk\u0105.\" \/>\n<meta property=\"og:url\" content=\"https:\/\/www.bandi.pl\/blog\/targi-beauty-days\/\" \/>\n<meta property=\"og:site_name\" content=\"Blog BANDI\" \/>\n<meta property=\"article:publisher\" content=\"https:\/\/web.facebook.com\/BANDIcosmetics\" \/>\n<meta property=\"article:published_time\" content=\"2017-05-09T10:43:55+00:00\" \/>\n<meta property=\"article:modified_time\" content=\"2019-11-21T15:48:15+00:00\" \/>\n<meta property=\"og:image\" content=\"https:\/\/www.bandi.pl\/blog\/wp-content\/uploads\/2017\/05\/bandi-na-targach-beauty-days-2017.jpg\" \/>\n\t<meta property=\"og:image:width\" content=\"761\" \/>\n\t<meta property=\"og:image:height\" content=\"466\" \/>\n\t<meta property=\"og:image:type\" content=\"image\/jpeg\" \/>\n<meta name=\"author\" content=\"BANDI\" \/>\n<meta name=\"twitter:card\" content=\"summary_large_image\" \/>\n<meta name=\"twitter:creator\" content=\"@bandi_cosmetics\" \/>\n<meta name=\"twitter:site\" content=\"@bandi_cosmetics\" \/>\n<meta name=\"twitter:label1\" content=\"Napisane przez\" \/>\n\t<meta name=\"twitter:data1\" content=\"BANDI\" \/>\n\t<meta name=\"twitter:label2\" content=\"Szacowany czas czytania\" \/>\n\t<meta name=\"twitter:data2\" content=\"1 minuta\" \/>\n<script type=\"application\/ld+json\" class=\"yoast-schema-graph\">{\"@context\":\"https:\/\/schema.org\",\"@graph\":[{\"@type\":\"Article\",\"@id\":\"https:\/\/www.bandi.pl\/blog\/targi-beauty-days\/#article\",\"isPartOf\":{\"@id\":\"https:\/\/www.bandi.pl\/blog\/targi-beauty-days\/\"},\"author\":{\"name\":\"BANDI\",\"@id\":\"https:\/\/www.bandi.pl\/blog\/#\/schema\/person\/6905a8e1379d84df843b078d275c5aea\"},\"headline\":\"Targi Beauty Days 2017\",\"datePublished\":\"2017-05-09T10:43:55+00:00\",\"dateModified\":\"2019-11-21T15:48:15+00:00\",\"mainEntityOfPage\":{\"@id\":\"https:\/\/www.bandi.pl\/blog\/targi-beauty-days\/\"},\"wordCount\":159,\"commentCount\":0,\"publisher\":{\"@id\":\"https:\/\/www.bandi.pl\/blog\/#organization\"},\"image\":{\"@id\":\"https:\/\/www.bandi.pl\/blog\/targi-beauty-days\/#primaryimage\"},\"thumbnailUrl\":\"https:\/\/www.bandi.pl\/blog\/wp-content\/uploads\/2017\/05\/bandi-na-targach-beauty-days-2017.jpg\",\"keywords\":[\"targi\"],\"articleSection\":[\"Targi kosmetyczne, szkolenia...\",\"Z \u017cycia firmy\"],\"inLanguage\":\"pl-PL\",\"potentialAction\":[{\"@type\":\"CommentAction\",\"name\":\"Comment\",\"target\":[\"https:\/\/www.bandi.pl\/blog\/targi-beauty-days\/#respond\"]}]},{\"@type\":\"WebPage\",\"@id\":\"https:\/\/www.bandi.pl\/blog\/targi-beauty-days\/\",\"url\":\"https:\/\/www.bandi.pl\/blog\/targi-beauty-days\/\",\"name\":\"Targi Beauty Days 2017 &#187; Blog BANDI\",\"isPartOf\":{\"@id\":\"https:\/\/www.bandi.pl\/blog\/#website\"},\"primaryImageOfPage\":{\"@id\":\"https:\/\/www.bandi.pl\/blog\/targi-beauty-days\/#primaryimage\"},\"image\":{\"@id\":\"https:\/\/www.bandi.pl\/blog\/targi-beauty-days\/#primaryimage\"},\"thumbnailUrl\":\"https:\/\/www.bandi.pl\/blog\/wp-content\/uploads\/2017\/05\/bandi-na-targach-beauty-days-2017.jpg\",\"datePublished\":\"2017-05-09T10:43:55+00:00\",\"dateModified\":\"2019-11-21T15:48:15+00:00\",\"description\":\"Targi Beauty Days to trzy dni pe\u0142ne\u00a0wra\u017ce\u0144 i rozm\u00f3w o kosmetykach.\u00a0Mieli\u015bmy niesamowit\u0105 przyjemno\u015b\u0107\u00a0wys\u0142uchania koncertu Edyty\u00a0G\u00f3rniak. Kr\u00f3tka, ale ciekawa by\u0142a\u00a0rozmowa o kosmetykach z Maj\u0105\u00a0Sablewsk\u0105.\",\"breadcrumb\":{\"@id\":\"https:\/\/www.bandi.pl\/blog\/targi-beauty-days\/#breadcrumb\"},\"inLanguage\":\"pl-PL\",\"potentialAction\":[{\"@type\":\"ReadAction\",\"target\":[\"https:\/\/www.bandi.pl\/blog\/targi-beauty-days\/\"]}]},{\"@type\":\"ImageObject\",\"inLanguage\":\"pl-PL\",\"@id\":\"https:\/\/www.bandi.pl\/blog\/targi-beauty-days\/#primaryimage\",\"url\":\"https:\/\/www.bandi.pl\/blog\/wp-content\/uploads\/2017\/05\/bandi-na-targach-beauty-days-2017.jpg\",\"contentUrl\":\"https:\/\/www.bandi.pl\/blog\/wp-content\/uploads\/2017\/05\/bandi-na-targach-beauty-days-2017.jpg\",\"width\":761,\"height\":466,\"caption\":\"BANDI na Targach Beauty Days 2017\"},{\"@type\":\"BreadcrumbList\",\"@id\":\"https:\/\/www.bandi.pl\/blog\/targi-beauty-days\/#breadcrumb\",\"itemListElement\":[{\"@type\":\"ListItem\",\"position\":1,\"name\":\"BANDI\",\"item\":\"https:\/\/www.bandi.pl\/blog\/\"},{\"@type\":\"ListItem\",\"position\":2,\"name\":\"Targi Beauty Days 2017\"}]},{\"@type\":\"WebSite\",\"@id\":\"https:\/\/www.bandi.pl\/blog\/#website\",\"url\":\"https:\/\/www.bandi.pl\/blog\/\",\"name\":\"Blog BANDI\",\"description\":\"Czarno na bia\u0142ym o kosmetykach\",\"publisher\":{\"@id\":\"https:\/\/www.bandi.pl\/blog\/#organization\"},\"potentialAction\":[{\"@type\":\"SearchAction\",\"target\":{\"@type\":\"EntryPoint\",\"urlTemplate\":\"https:\/\/www.bandi.pl\/blog\/?s={search_term_string}\"},\"query-input\":{\"@type\":\"PropertyValueSpecification\",\"valueRequired\":true,\"valueName\":\"search_term_string\"}}],\"inLanguage\":\"pl-PL\"},{\"@type\":\"Organization\",\"@id\":\"https:\/\/www.bandi.pl\/blog\/#organization\",\"name\":\"BANDI\",\"url\":\"https:\/\/www.bandi.pl\/blog\/\",\"logo\":{\"@type\":\"ImageObject\",\"inLanguage\":\"pl-PL\",\"@id\":\"https:\/\/www.bandi.pl\/blog\/#\/schema\/logo\/image\/\",\"url\":\"https:\/\/www.bandi.pl\/blog\/wp-content\/uploads\/2019\/06\/bandi-logo.png\",\"contentUrl\":\"https:\/\/www.bandi.pl\/blog\/wp-content\/uploads\/2019\/06\/bandi-logo.png\",\"width\":264,\"height\":111,\"caption\":\"BANDI\"},\"image\":{\"@id\":\"https:\/\/www.bandi.pl\/blog\/#\/schema\/logo\/image\/\"},\"sameAs\":[\"https:\/\/web.facebook.com\/BANDIcosmetics\",\"https:\/\/x.com\/bandi_cosmetics\",\"https:\/\/www.instagram.com\/bandi_cosmetics\/\",\"https:\/\/www.pinterest.com\/bandicosmetics\/\",\"https:\/\/www.youtube.com\/user\/BandiCosmeticsPolska\"]},{\"@type\":\"Person\",\"@id\":\"https:\/\/www.bandi.pl\/blog\/#\/schema\/person\/6905a8e1379d84df843b078d275c5aea\",\"name\":\"BANDI\",\"sameAs\":[\"https:\/\/www.bandi.pl\/blog\"]}]}<\/script>\n<!-- \/ Yoast SEO plugin. -->","yoast_head_json":{"title":"Targi Beauty Days 2017 &#187; Blog BANDI","description":"Targi Beauty Days to trzy dni pe\u0142ne\u00a0wra\u017ce\u0144 i rozm\u00f3w o kosmetykach.\u00a0Mieli\u015bmy niesamowit\u0105 przyjemno\u015b\u0107\u00a0wys\u0142uchania koncertu Edyty\u00a0G\u00f3rniak. Kr\u00f3tka, ale ciekawa by\u0142a\u00a0rozmowa o kosmetykach z Maj\u0105\u00a0Sablewsk\u0105.","robots":{"index":"index","follow":"follow","max-snippet":"max-snippet:-1","max-image-preview":"max-image-preview:large","max-video-preview":"max-video-preview:-1"},"canonical":"https:\/\/www.bandi.pl\/blog\/targi-beauty-days\/","og_locale":"pl_PL","og_type":"article","og_title":"Targi Beauty Days 2017 &#187; Blog BANDI","og_description":"Targi Beauty Days to trzy dni pe\u0142ne\u00a0wra\u017ce\u0144 i rozm\u00f3w o kosmetykach.\u00a0Mieli\u015bmy niesamowit\u0105 przyjemno\u015b\u0107\u00a0wys\u0142uchania koncertu Edyty\u00a0G\u00f3rniak. Kr\u00f3tka, ale ciekawa by\u0142a\u00a0rozmowa o kosmetykach z Maj\u0105\u00a0Sablewsk\u0105.","og_url":"https:\/\/www.bandi.pl\/blog\/targi-beauty-days\/","og_site_name":"Blog BANDI","article_publisher":"https:\/\/web.facebook.com\/BANDIcosmetics","article_published_time":"2017-05-09T10:43:55+00:00","article_modified_time":"2019-11-21T15:48:15+00:00","og_image":[{"width":761,"height":466,"url":"https:\/\/www.bandi.pl\/blog\/wp-content\/uploads\/2017\/05\/bandi-na-targach-beauty-days-2017.jpg","type":"image\/jpeg"}],"author":"BANDI","twitter_card":"summary_large_image","twitter_creator":"@bandi_cosmetics","twitter_site":"@bandi_cosmetics","twitter_misc":{"Napisane przez":"BANDI","Szacowany czas czytania":"1 minuta"},"schema":{"@context":"https:\/\/schema.org","@graph":[{"@type":"Article","@id":"https:\/\/www.bandi.pl\/blog\/targi-beauty-days\/#article","isPartOf":{"@id":"https:\/\/www.bandi.pl\/blog\/targi-beauty-days\/"},"author":{"name":"BANDI","@id":"https:\/\/www.bandi.pl\/blog\/#\/schema\/person\/6905a8e1379d84df843b078d275c5aea"},"headline":"Targi Beauty Days 2017","datePublished":"2017-05-09T10:43:55+00:00","dateModified":"2019-11-21T15:48:15+00:00","mainEntityOfPage":{"@id":"https:\/\/www.bandi.pl\/blog\/targi-beauty-days\/"},"wordCount":159,"commentCount":0,"publisher":{"@id":"https:\/\/www.bandi.pl\/blog\/#organization"},"image":{"@id":"https:\/\/www.bandi.pl\/blog\/targi-beauty-days\/#primaryimage"},"thumbnailUrl":"https:\/\/www.bandi.pl\/blog\/wp-content\/uploads\/2017\/05\/bandi-na-targach-beauty-days-2017.jpg","keywords":["targi"],"articleSection":["Targi kosmetyczne, szkolenia...","Z \u017cycia firmy"],"inLanguage":"pl-PL","potentialAction":[{"@type":"CommentAction","name":"Comment","target":["https:\/\/www.bandi.pl\/blog\/targi-beauty-days\/#respond"]}]},{"@type":"WebPage","@id":"https:\/\/www.bandi.pl\/blog\/targi-beauty-days\/","url":"https:\/\/www.bandi.pl\/blog\/targi-beauty-days\/","name":"Targi Beauty Days 2017 &#187; Blog BANDI","isPartOf":{"@id":"https:\/\/www.bandi.pl\/blog\/#website"},"primaryImageOfPage":{"@id":"https:\/\/www.bandi.pl\/blog\/targi-beauty-days\/#primaryimage"},"image":{"@id":"https:\/\/www.bandi.pl\/blog\/targi-beauty-days\/#primaryimage"},"thumbnailUrl":"https:\/\/www.bandi.pl\/blog\/wp-content\/uploads\/2017\/05\/bandi-na-targach-beauty-days-2017.jpg","datePublished":"2017-05-09T10:43:55+00:00","dateModified":"2019-11-21T15:48:15+00:00","description":"Targi Beauty Days to trzy dni pe\u0142ne\u00a0wra\u017ce\u0144 i rozm\u00f3w o kosmetykach.\u00a0Mieli\u015bmy niesamowit\u0105 przyjemno\u015b\u0107\u00a0wys\u0142uchania koncertu Edyty\u00a0G\u00f3rniak. Kr\u00f3tka, ale ciekawa by\u0142a\u00a0rozmowa o kosmetykach z Maj\u0105\u00a0Sablewsk\u0105.","breadcrumb":{"@id":"https:\/\/www.bandi.pl\/blog\/targi-beauty-days\/#breadcrumb"},"inLanguage":"pl-PL","potentialAction":[{"@type":"ReadAction","target":["https:\/\/www.bandi.pl\/blog\/targi-beauty-days\/"]}]},{"@type":"ImageObject","inLanguage":"pl-PL","@id":"https:\/\/www.bandi.pl\/blog\/targi-beauty-days\/#primaryimage","url":"https:\/\/www.bandi.pl\/blog\/wp-content\/uploads\/2017\/05\/bandi-na-targach-beauty-days-2017.jpg","contentUrl":"https:\/\/www.bandi.pl\/blog\/wp-content\/uploads\/2017\/05\/bandi-na-targach-beauty-days-2017.jpg","width":761,"height":466,"caption":"BANDI na Targach Beauty Days 2017"},{"@type":"BreadcrumbList","@id":"https:\/\/www.bandi.pl\/blog\/targi-beauty-days\/#breadcrumb","itemListElement":[{"@type":"ListItem","position":1,"name":"BANDI","item":"https:\/\/www.bandi.pl\/blog\/"},{"@type":"ListItem","position":2,"name":"Targi Beauty Days 2017"}]},{"@type":"WebSite","@id":"https:\/\/www.bandi.pl\/blog\/#website","url":"https:\/\/www.bandi.pl\/blog\/","name":"Blog BANDI","description":"Czarno na bia\u0142ym o kosmetykach","publisher":{"@id":"https:\/\/www.bandi.pl\/blog\/#organization"},"potentialAction":[{"@type":"SearchAction","target":{"@type":"EntryPoint","urlTemplate":"https:\/\/www.bandi.pl\/blog\/?s={search_term_string}"},"query-input":{"@type":"PropertyValueSpecification","valueRequired":true,"valueName":"search_term_string"}}],"inLanguage":"pl-PL"},{"@type":"Organization","@id":"https:\/\/www.bandi.pl\/blog\/#organization","name":"BANDI","url":"https:\/\/www.bandi.pl\/blog\/","logo":{"@type":"ImageObject","inLanguage":"pl-PL","@id":"https:\/\/www.bandi.pl\/blog\/#\/schema\/logo\/image\/","url":"https:\/\/www.bandi.pl\/blog\/wp-content\/uploads\/2019\/06\/bandi-logo.png","contentUrl":"https:\/\/www.bandi.pl\/blog\/wp-content\/uploads\/2019\/06\/bandi-logo.png","width":264,"height":111,"caption":"BANDI"},"image":{"@id":"https:\/\/www.bandi.pl\/blog\/#\/schema\/logo\/image\/"},"sameAs":["https:\/\/web.facebook.com\/BANDIcosmetics","https:\/\/x.com\/bandi_cosmetics","https:\/\/www.instagram.com\/bandi_cosmetics\/","https:\/\/www.pinterest.com\/bandicosmetics\/","https:\/\/www.youtube.com\/user\/BandiCosmeticsPolska"]},{"@type":"Person","@id":"https:\/\/www.bandi.pl\/blog\/#\/schema\/person\/6905a8e1379d84df843b078d275c5aea","name":"BANDI","sameAs":["https:\/\/www.bandi.pl\/blog"]}]}},"_links":{"self":[{"href":"https:\/\/www.bandi.pl\/blog\/wp-json\/wp\/v2\/posts\/2502","targetHints":{"allow":["GET"]}}],"collection":[{"href":"https:\/\/www.bandi.pl\/blog\/wp-json\/wp\/v2\/posts"}],"about":[{"href":"https:\/\/www.bandi.pl\/blog\/wp-json\/wp\/v2\/types\/post"}],"author":[{"embeddable":true,"href":"https:\/\/www.bandi.pl\/blog\/wp-json\/wp\/v2\/users\/3"}],"replies":[{"embeddable":true,"href":"https:\/\/www.bandi.pl\/blog\/wp-json\/wp\/v2\/comments?post=2502"}],"version-history":[{"count":2,"href":"https:\/\/www.bandi.pl\/blog\/wp-json\/wp\/v2\/posts\/2502\/revisions"}],"predecessor-version":[{"id":4402,"href":"https:\/\/www.bandi.pl\/blog\/wp-json\/wp\/v2\/posts\/2502\/revisions\/4402"}],"wp:featuredmedia":[{"embeddable":true,"href":"https:\/\/www.bandi.pl\/blog\/wp-json\/wp\/v2\/media\/4399"}],"wp:attachment":[{"href":"https:\/\/www.bandi.pl\/blog\/wp-json\/wp\/v2\/media?parent=2502"}],"wp:term":[{"taxonomy":"category","embeddable":true,"href":"https:\/\/www.bandi.pl\/blog\/wp-json\/wp\/v2\/categories?post=2502"},{"taxonomy":"post_tag","embeddable":true,"href":"https:\/\/www.bandi.pl\/blog\/wp-json\/wp\/v2\/tags?post=2502"}],"curies":[{"name":"wp","href":"https:\/\/api.w.org\/{rel}","templated":true}]}}