{"id":23732,"date":"2026-09-03T13:12:27","date_gmt":"2026-09-03T11:12:27","guid":{"rendered":"https:\/\/www.bandi.pl\/blog\/?p=23732"},"modified":"2026-09-03T13:12:29","modified_gmt":"2026-09-03T11:12:29","slug":"glossy-hair-jak-uzyskac-taki-efekt","status":"publish","type":"post","link":"https:\/\/www.bandi.pl\/blog\/glossy-hair-jak-uzyskac-taki-efekt\/","title":{"rendered":"Glossy hair &#8211; jak uzyska\u0107 taki efekt?"},"content":{"rendered":"\n<p>L\u015bni\u0105ce, g\u0142adkie zdrowo wygl\u0105daj\u0105ce w\u0142osy to jeden z najbardziej po\u017c\u0105danych efekt\u00f3w piel\u0119gnacyjnych. Trend glossy hair nie oznacza jednak wy\u0142\u0105cznie mocnego nab\u0142yszczenia uzyskanego za pomoc\u0105 kosmetyk\u00f3w. Za po\u0142ysk w\u0142osa odpowiada przede wszystkim jego powierzchnia \u2013 im bardziej g\u0142adka i uporz\u0105dkowana jest \u0142uska w\u0142osa, tym bardziej r\u00f3wnomiernie odbija \u015bwiat\u0142o. Z kolei uszkodzenia powierzchni, szorstko\u015b\u0107, zwi\u0119kszona porowato\u015b\u0107 czy rozchylone \u0142uski powoduj\u0105 rozpraszanie \u015bwiat\u0142a, przez co w\u0142osy wygl\u0105daj\u0105 na matowe i pozbawione witalno\u015bci.<\/p>\n\n\n\n<p>W\u0142osy s\u0105 struktur\u0105 biologicznie martw\u0105, dlatego nie maj\u0105 mo\u017cliwo\u015bci samodzielnej regeneracji w takim znaczeniu, w jakim regeneruj\u0105 si\u0119 \u017cywe tkanki. Mo\u017cemy natomiast skutecznie ogranicza\u0107 dalsze uszkodzenia oraz poprawia\u0107 w\u0142a\u015bciwo\u015bci powierzchni \u0142odygi w\u0142osa za pomoc\u0105 odpowiednio dobranej piel\u0119gnacji. Kluczowe staje si\u0119 wi\u0119c nie tylko to, czego u\u017cywamy, ale r\u00f3wnie\u017c jak myjemy, rozczesujemy i suszymy w\u0142osy.<\/p>\n\n\n\n<h2 class=\"wp-block-heading\">G\u0142adko\u015b\u0107 zaczyna si\u0119 jeszcze przed myciem<\/h2>\n\n\n\n<p>Jednym z prostych, a cz\u0119sto pomijanych element\u00f3w piel\u0119gnacji jest spos\u00f3b przygotowania w\u0142os\u00f3w do mycia. Przed wej\u015bciem pod prysznic warto delikatnie rozczesa\u0107 w\u0142osy, rozpoczynaj\u0105c od ko\u0144c\u00f3wek i stopniowo przesuwaj\u0105c si\u0119 ku nasadzie. Pozwala to ograniczy\u0107 liczb\u0119 spl\u0105ta\u0144, kt\u00f3re podczas mycia mog\u0142yby si\u0119 dodatkowo zacisn\u0105\u0107 i zwi\u0119kszy\u0107 si\u0142y dzia\u0142aj\u0105ce na w\u0142os.<\/p>\n\n\n\n<p>Ma to znaczenie szczeg\u00f3lnie w przypadku w\u0142os\u00f3w d\u0142ugich, suchych, rozja\u015bnianych lub podatnych na pl\u0105tanie. W\u0142osy mokre s\u0105 bardziej podatne na uszkodzenia mechaniczne, dlatego ograniczenie szarpania ju\u017c na pocz\u0105tku ca\u0142ego procesu jest prostym sposobem na zmniejszenie ryzyka \u0142amania i dalszych uszkodze\u0144. Zaleca si\u0119 r\u00f3wnie\u017c, aby podczas rozczesywania nie pr\u00f3bowa\u0107 przeci\u0105ga\u0107 szczotki przez ca\u0142y spl\u0105tany odcinek jednym ruchem, lecz stopniowo rozpracowywa\u0107 w\u0142osy od ko\u0144c\u00f3w ku g\u00f3rze.<\/p>\n\n\n\n<h2 class=\"wp-block-heading\">Mycie, kt\u00f3re nie odbiera w\u0142osom blasku<\/h2>\n\n\n\n<p>Efekt glossy hair trudno osi\u0105gn\u0105\u0107, je\u015bli podczas podstawowego etapu piel\u0119gnacji mechanicznie uszkadzamy w\u0142osy. Szampon powinien by\u0107 przede wszystkim produktem przeznaczonym do oczyszczania sk\u00f3ry g\u0142owy. To w\u0142a\u015bnie tam gromadz\u0105 si\u0119 sebum, pozosta\u0142o\u015bci kosmetyk\u00f3w, pot i zanieczyszczenia. Dlatego nie ma potrzeby intensywnego pocierania szamponem ca\u0142ej d\u0142ugo\u015bci w\u0142os\u00f3w.<\/p>\n\n\n\n<p><\/p>\n\n\n\n<div class=\"wp-block-media-text is-stacked-on-mobile\" style=\"grid-template-columns:44% auto\"><figure class=\"wp-block-media-text__media\"><a href=\"https:\/\/www.bandi.pl\/sklep\/szampony\/tricho-szampon-fizjologiczna-kapiel-do-skory-glowy-i-wlosow-958\/\"><img loading=\"lazy\" decoding=\"async\" width=\"420\" height=\"420\" src=\"https:\/\/www.bandi.pl\/blog\/wp-content\/uploads\/2026\/09\/1-420x420.png\" alt=\"glossy hair\" class=\"wp-image-23739 size-full\"\/><\/a><\/figure><div class=\"wp-block-media-text__content\">\n<p><a href=\"https:\/\/www.bandi.pl\/sklep\/szampony\/tricho-szampon-fizjologiczna-kapiel-do-skory-glowy-i-wlosow-958\/\">Tricho-szampon fizjologiczna k\u0105piel do sk\u00f3ry g\u0142owy i w\u0142os\u00f3w<\/a> zosta\u0142 opracowany jako delikatny szampon wspieraj\u0105cy prawid\u0142ow\u0105 fizjologi\u0119 sk\u00f3ry i w\u0142osa. Zawiera m.in. proteiny jedwabiu, alantoin\u0119, ekstrakt z mi\u0119ty pieprzowej, prebiotyki, probiotyki oraz prowitamin\u0119 D3. Proteiny jedwabiu wspieraj\u0105 popraw\u0119 w\u0142a\u015bciwo\u015bci powierzchni w\u0142osa, natomiast alantoina pomaga utrzyma\u0107 komfort sk\u00f3ry g\u0142owy. Obecno\u015b\u0107 pre- i probiotycznych sk\u0142adnik\u00f3w przyczynia si\u0119 do utrzymania r\u00f3wnowagi mikrobiomu sk\u00f3ry g\u0142owy.<\/p>\n<\/div><\/div>\n\n\n\n<p><\/p>\n\n\n\n<p>Podczas mycia warto zwil\u017cy\u0107 dok\u0142adnie w\u0142osy i sk\u00f3r\u0119 g\u0142owy, a nast\u0119pnie rozprowadzi\u0107 szampon przede wszystkim u nasady. Zamiast intensywnego pocierania d\u0142ugo\u015bci, nale\u017cy wykona\u0107 delikatny masa\u017c opuszkami palc\u00f3w. Sp\u0142ywaj\u0105ca podczas sp\u0142ukiwania piana wystarczy do oczyszczenia w\u0142os\u00f3w na d\u0142ugo\u015bci. Takie post\u0119powanie ogranicza niepotrzebne tarcie i pl\u0105tanie w\u0142os\u00f3w \u2013 szczeg\u00f3lnie istotne w przypadku pasm suchych lub uszkodzonych.<\/p>\n\n\n\n<p>Trycholodzy rekomenduj\u0105 dwukrotne mycie. Pierwsze pozwala usun\u0105\u0107 zanieczyszczenia i nadmiar sebum, natomiast drugie dok\u0142adniej oczyszcza sk\u00f3r\u0119 g\u0142owy. Niezale\u017cnie od liczby my\u0107 najwa\u017cniejsze pozostaje delikatne wykonywanie ka\u017cdego etapu.<\/p>\n\n\n\n<h2 class=\"wp-block-heading\">Od\u017cywka \u2013 wi\u0119cej ni\u017c mi\u0119kko\u015b\u0107<\/h2>\n\n\n\n<p>Je\u017celi naszym celem jest efekt glossy hair od\u017cywka nie powinna by\u0107 traktowana jako opcjonalny dodatek. Kondycjonowanie w\u0142os\u00f3w zmniejsza tarcie oraz u\u0142atwia ich rozczesywanie, ograniczaj\u0105c w ten spos\u00f3b cz\u0119\u015b\u0107 uszkodze\u0144 mechanicznych.<\/p>\n\n\n\n<p><\/p>\n\n\n\n<div class=\"wp-block-media-text is-stacked-on-mobile\" style=\"grid-template-columns:44% auto\"><figure class=\"wp-block-media-text__media\"><a href=\"https:\/\/www.bandi.pl\/sklep\/odzywki\/odzywka-do-wlosow-wygladzajaco-nawilzajaca-1108\/\"><img loading=\"lazy\" decoding=\"async\" width=\"420\" height=\"420\" src=\"https:\/\/www.bandi.pl\/blog\/wp-content\/uploads\/2026\/09\/2-420x420.png\" alt=\"glossy hair\" class=\"wp-image-23740 size-full\"\/><\/a><\/figure><div class=\"wp-block-media-text__content\">\n<p><a href=\"https:\/\/www.bandi.pl\/sklep\/odzywki\/odzywka-do-wlosow-wygladzajaco-nawilzajaca-1108\/\">Od\u017cywka do w\u0142os\u00f3w wyg\u0142adzaj\u0105co-nawil\u017caj\u0105ca<\/a> \u0142\u0105czy sk\u0142adniki humektantowe, emolientowe, kondycjonuj\u0105ce i proteiny. Znajdziemy w niej m.in. gliceryn\u0119, trehaloz\u0119, peptyd z grochu, olej ze s\u0142odkich migda\u0142\u00f3w i olej marula. Gliceryna i trehaloza wspieraj\u0105 utrzymanie odpowiedniego poziomu nawil\u017cenia, natomiast sk\u0142adniki emolientowe oraz kondycjonuj\u0105ce poprawiaj\u0105 \u015blisko\u015b\u0107 i wyg\u0142adzenie w\u0142osa. Peptyd z grochu stanowi uzupe\u0142nienie formu\u0142y o sk\u0142adnik proteinowy, czyli wspieraj\u0105cy odbudow\u0119 w\u0142osa.<\/p>\n<\/div><\/div>\n\n\n\n<p><\/p>\n\n\n\n<p>Po sp\u0142ukaniu szamponu, od\u017cywk\u0119 nale\u017cy rozprowadzi\u0107 na d\u0142ugo\u015bci w\u0142os\u00f3w. W przypadku w\u0142os\u00f3w wymagaj\u0105cych szczeg\u00f3lnego wyg\u0142adzenia warto nast\u0119pnie delikatnie rozczesa\u0107 je grzebieniem o szeroko rozstawionych z\u0119bach. Taki spos\u00f3b pozwala r\u00f3wnomiernie rozprowadzi\u0107 preparat i stopniowo rozpl\u0105ta\u0107 pasma przy mniejszym ryzyku szarpania. Szczeg\u00f3lnie dobrym momentem na rozczesywanie jest czas, gdy od\u017cywka znajduje si\u0119 jeszcze na w\u0142osach \u2013 zapewnia ona po\u015blizg, kt\u00f3ry ogranicza tarcie.<\/p>\n\n\n\n<h2 class=\"wp-block-heading\">Mgie\u0142ka \u2013 codzienne wyg\u0142adzenie bez obci\u0105\u017cenia<\/h2>\n\n\n\n<p>W\u0142osy, kt\u00f3re maj\u0105 by\u0107 g\u0142adkie i l\u015bni\u0105ce, potrzebuj\u0105 przede wszystkim ograniczenia tarcia i utrzymania g\u0142adkiej powierzchni. Nie zawsze musi to by\u0107 du\u017ca ilo\u015b\u0107 \u015brodk\u00f3w stylizacyjnych, czasem mniej znaczy wi\u0119cej. Dlatego przydatnym elementem rutyny mo\u017ce by\u0107 lekka od\u017cywka bez sp\u0142ukiwania.<\/p>\n\n\n\n<p><\/p>\n\n\n\n<div class=\"wp-block-media-text is-stacked-on-mobile\" style=\"grid-template-columns:44% auto\"><figure class=\"wp-block-media-text__media\"><a href=\"https:\/\/www.bandi.pl\/sklep\/mgielki\/mgielka-do-wlosow-wygladzajaca-bez-splukiwania-1107\/\"><img loading=\"lazy\" decoding=\"async\" width=\"420\" height=\"420\" src=\"https:\/\/www.bandi.pl\/blog\/wp-content\/uploads\/2026\/09\/3-420x420.png\" alt=\"glossy hair\" class=\"wp-image-23741 size-full\"\/><\/a><\/figure><div class=\"wp-block-media-text__content\">\n<p><a href=\"https:\/\/www.bandi.pl\/sklep\/mgielki\/mgielka-do-wlosow-wygladzajaca-bez-splukiwania-1107\/\">Mgie\u0142ka do w\u0142os\u00f3w wyg\u0142adzaj\u0105ca bez sp\u0142ukiwania<\/a> zawiera proteiny z groszku oraz kompleks kondycjoner\u00f3w odpowiadaj\u0105cych za wyg\u0142adzenie, nawil\u017cenie i po\u0142ysk. Ma dzia\u0142anie u\u0142atwiaj\u0105ce rozczesywanie i prostowanie w\u0142os\u00f3w szczotk\u0105, ograniczenie puszenia oraz ochron\u0119 przed uszkodzeniami mechanicznymi. Dzi\u0119ki lekkiej formie mo\u017ce by\u0107 stosowana zar\u00f3wno na w\u0142osy wilgotne, jak i suche.<\/p>\n<\/div><\/div>\n\n\n\n<p><\/p>\n\n\n\n<p>To szczeg\u00f3lnie praktyczne rozwi\u0105zanie w przypadku w\u0142os\u00f3w, kt\u00f3re szybko trac\u0105 g\u0142adko\u015b\u0107 w ci\u0105gu dnia. Mgie\u0142ka mo\u017ce pom\u00f3c ujarzmi\u0107 odstaj\u0105ce kosmyki, ograniczy\u0107 puszenie i poprawi\u0107 wizualn\u0105 jednolito\u015b\u0107 powierzchni. A w\u0142a\u015bnie jej g\u0142adko\u015b\u0107 ma bezpo\u015brednie znaczenie dla sposobu odbijania \u015bwiat\u0142a, czyli tzw \u201eefekt tafli\u201d.<\/p>\n\n\n\n<h2 class=\"wp-block-heading\">Suszenie ma znaczenie \u2013 temperatura i technika<\/h2>\n\n\n\n<p>Nawet najlepsza piel\u0119gnacja nie zrekompensuje regularnego przegrzewania w\u0142os\u00f3w, czyli uszkodze\u0144 termicznych. Nadmierna temperatura mo\u017ce uszkadza\u0107 struktur\u0119 w\u0142osa i zwi\u0119ksza\u0107 jego podatno\u015b\u0107 na \u0142amanie. Dlatego podczas suszenia warto wybiera\u0107 umiarkowan\u0105 temperatur\u0119 oraz unika\u0107 kierowania bardzo gor\u0105cego strumienia powietrza przez d\u0142ugi czas w jedno miejsce.<\/p>\n\n\n\n<p>Je\u015bli zale\u017cy nam na wyg\u0142adzeniu, w\u0142osy mo\u017cna suszy\u0107 na szczotce, prowadz\u0105c pasmo od nasady w kierunku ko\u0144c\u00f3w. Istotne jest jednak, aby nie wykonywa\u0107 gwa\u0142townych ruch\u00f3w ani nadmiernie napina\u0107 w\u0142os\u00f3w. Szczotka powinna p\u0142ynnie przesuwa\u0107 si\u0119 po pa\u015bmie, a strumie\u0144 powietrza powinien by\u0107 kierowany zgodnie z kierunkiem u\u0142o\u017cenia w\u0142os\u00f3w. Dzi\u0119ki temu mo\u017cna po\u0142\u0105czy\u0107 stylizacj\u0119 z mechanicznym wyg\u0142adzeniem powierzchni w\u0142osa, bez niepotrzebnego zwi\u0119kszania tarcia.<\/p>\n\n\n\n<h2 class=\"wp-block-heading\">Olejowe serum \u2013 zabezpieczenie ko\u0144c\u00f3w i dodatkowa warstwa ochronna<\/h2>\n\n\n\n<p>Ko\u0144ce w\u0142os\u00f3w s\u0105 najstarsz\u0105 cz\u0119\u015bci\u0105 w\u0142osa i jednocze\u015bnie najbardziej nara\u017con\u0105 na kumulacj\u0119 uszkodze\u0144 mechanicznych, termicznych i \u015brodowiskowych. To w\u0142a\u015bnie tam najcz\u0119\u015bciej pojawia si\u0119 rozdwajanie, \u0142amliwo\u015b\u0107 i szorstko\u015b\u0107. Dlatego ko\u0144c\u00f3wki wymagaj\u0105 szczeg\u00f3lnej ochrony.<\/p>\n\n\n\n<p><\/p>\n\n\n\n<div class=\"wp-block-media-text is-stacked-on-mobile\" style=\"grid-template-columns:44% auto\"><figure class=\"wp-block-media-text__media\"><a href=\"https:\/\/www.bandi.pl\/sklep\/serum\/olejowe-serum-regenerujace-do-wlosow-1229\/\"><img loading=\"lazy\" decoding=\"async\" width=\"420\" height=\"420\" src=\"https:\/\/www.bandi.pl\/blog\/wp-content\/uploads\/2026\/09\/4-420x420.png\" alt=\"glossy hair\" class=\"wp-image-23742 size-full\"\/><\/a><\/figure><div class=\"wp-block-media-text__content\">\n<p><a href=\"https:\/\/www.bandi.pl\/sklep\/serum\/olejowe-serum-regenerujace-do-wlosow-1229\/\">Olejowe serum regeneruj\u0105ce do w\u0142os\u00f3w<\/a> \u0142\u0105czy kompozycj\u0119 olej\u00f3w z moleku\u0142ami ochronno-kondycjonuj\u0105cymi. Olej arganowy wspiera regeneracj\u0119 i ochron\u0119 przed czynnikami zewn\u0119trznymi, olej buriti pomaga wyg\u0142adzi\u0107 i nada\u0107 w\u0142osom po\u0142ysk, olej chia ogranicza puszenie, a olej rycynowy wspiera kondycj\u0119 i ochron\u0119 ko\u0144c\u00f3wek. Istotn\u0105 rol\u0119 pe\u0142ni\u0105 r\u00f3wnie\u017c moleku\u0142y kondycjonuj\u0105ce, kt\u00f3re tworz\u0105 na powierzchni w\u0142osa cienk\u0105 warstw\u0119 ochronn\u0105, ograniczaj\u0105c utrat\u0119 wilgoci i poprawiaj\u0105c jego g\u0142adko\u015b\u0107.<\/p>\n<\/div><\/div>\n\n\n\n<p><\/p>\n\n\n\n<p>Serum mo\u017cna stosowa\u0107 na wilgotne w\u0142osy jako etap przygotowania do stylizacji. Niewielka ilo\u015b\u0107 rozprowadzona przede wszystkim na d\u0142ugo\u015bciach i ko\u0144c\u00f3wkach u\u0142atwia rozczesywanie, wspiera ochron\u0119 podczas stylizacji termicznej oraz poprawia wygl\u0105d suchych ko\u0144c\u00f3w. Mo\u017cna r\u00f3wnie\u017c zastosowa\u0107 je na suche w\u0142osy, aby wyg\u0142adzi\u0107 niesforne pasma, ograniczy\u0107 puszenie i podkre\u015bli\u0107 naturalny po\u0142ysk.<\/p>\n\n\n\n<p>W przypadku efektu glossy hair szczeg\u00f3lnie wa\u017cne jest zachowanie umiaru. Celem nie jest pokrycie w\u0142os\u00f3w du\u017c\u0105 ilo\u015bci\u0105 olejowego produktu, ale uzyskanie cienkiej warstwy kondycjonuj\u0105cej, kt\u00f3ra wyg\u0142adzi powierzchni\u0119 bez efektu obci\u0105\u017cenia.<\/p>\n\n\n\n<h2 class=\"wp-block-heading\">Rozczesywanie \u2013 mniej tarcia, wi\u0119cej blasku<\/h2>\n\n\n\n<p>W\u0142osy ka\u017cdego dnia poddawane s\u0105 dziesi\u0105tkom, a czasem setkom kontakt\u00f3w mechanicznych \u2013 podczas czesania, zak\u0142adania ubra\u0144, spania czy stylizacji. Z czasem kumulacja takich mikrouszkodze\u0144 mo\u017ce prowadzi\u0107 do pogorszenia kondycji os\u0142onki w\u0142osa. Wraz ze wzrostem w\u0142osa i jego \u201estarzeniem\u201d, ilo\u015b\u0107 uszkodze\u0144 wzrasta, a zabiegi mechaniczne, chemiczne i termiczne mog\u0105 ten proces przyspiesza\u0107.<\/p>\n\n\n\n<p>Dlatego w\u0142os\u00f3w nie warto czesa\u0107 \u201ena si\u0142\u0119\u201d. Je\u017celi s\u0105 spl\u0105tane, najpierw nale\u017cy rozdzieli\u0107 wi\u0119ksze pasma palcami, a nast\u0119pnie rozpocz\u0105\u0107 rozczesywanie od ko\u0144c\u00f3w. Przy w\u0142osach mokrych pomocny jest grzebie\u0144 o szeroko rozstawionych z\u0119bach oraz produkt zapewniaj\u0105cy po\u015blizg np. <a href=\"https:\/\/www.bandi.pl\/sklep\/katalog.php?wyr=od%BFywka\">od\u017cywka<\/a>. Takie podej\u015bcie pomaga ograniczy\u0107 mechaniczne uszkodzenia.<\/p>\n\n\n\n<h2 class=\"wp-block-heading\">Podcinanie ko\u0144c\u00f3w \u2013 tak, ale nie po to, \u017ceby w\u0142osy szybciej ros\u0142y<\/h2>\n\n\n\n<p>Regularne podcinanie jest wa\u017cnym elementem piel\u0119gnacji, je\u017celi w\u0142osy maj\u0105 zachowa\u0107 estetyczny wygl\u0105d i odpowiedni\u0105 jako\u015b\u0107 na d\u0142ugo\u015bci. Usuni\u0119cie rozdwojonych i mocno uszkodzonych ko\u0144c\u00f3w ogranicza dalsze rozwarstwianie w\u0142osa i pozwala utrzyma\u0107 jego bardziej \u201ejednolity\u201d wygl\u0105d.<\/p>\n\n\n\n<p>Nie oznacza to jednak, \u017ce podcinanie przyspiesza wzrost w\u0142os\u00f3w. To jeden z najcz\u0119\u015bciej powtarzanych mit\u00f3w piel\u0119gnacyjnych. W\u0142os ro\u015bnie w obr\u0119bie mieszka w\u0142osowego, znajduj\u0105cego si\u0119 w sk\u00f3rze g\u0142owy. No\u017cyczki dzia\u0142aj\u0105 natomiast na jego ko\u0144cow\u0105 cz\u0119\u015b\u0107 \u2013 nie maj\u0105 wi\u0119c mo\u017cliwo\u015bci wp\u0142ywania na tempo aktywno\u015bci macierzy w\u0142osa ani na szybko\u015b\u0107 jego wzrostu.<\/p>\n\n\n\n<p>Regularne podcinanie mo\u017ce natomiast sprawi\u0107, \u017ce w\u0142osy wydaj\u0105 si\u0119 rosn\u0105\u0107 lepiej. Je\u017celi rozdwojone ko\u0144ce s\u0105 systematycznie usuwane, zmniejsza si\u0119 ryzyko dalszego rozwarstwiania i wykruszania w\u0142os\u00f3w. Dzi\u0119ki temu wi\u0119ksza cz\u0119\u015b\u0107 nowo wyro\u015bni\u0119tej d\u0142ugo\u015bci pozostaje zachowana.<\/p>\n\n\n\n<h2 class=\"wp-block-heading\">Glossy hair to efekt konsekwentnej piel\u0119gnacji<\/h2>\n\n\n\n<p>Efekt l\u015bni\u0105cych w\u0142os\u00f3w nie zale\u017cy od jednego kosmetyku. To rezultat ograniczania uszkodze\u0144 i jednoczesnego poprawiania w\u0142a\u015bciwo\u015bci powierzchni w\u0142osa. Delikatne mycie sk\u00f3ry g\u0142owy, odpowiednie kondycjonowanie, ostro\u017cne rozczesywanie, umiarkowana temperatura podczas suszenia oraz zabezpieczanie d\u0142ugo\u015bci i ko\u0144c\u00f3w pozwalaj\u0105 stworzy\u0107 rutyn\u0119, kt\u00f3ra sprzyja utrzymaniu g\u0142adkiej powierzchni w\u0142osa.<\/p>\n\n\n\n<p>W praktyce warto wi\u0119c my\u015ble\u0107 o glossy hair nie jako o chwilowym efekcie \u201enab\u0142yszczenia\u201d, ale jako o konsekwencji dobrej kondycji powierzchni w\u0142osa. Od\u017cywka do w\u0142os\u00f3w wyg\u0142adzaj\u0105co-nawil\u017caj\u0105ca pomaga zapewni\u0107 odpowiedni po\u015blizg i wyg\u0142adzenie, Mgie\u0142ka do w\u0142os\u00f3w wyg\u0142adzaj\u0105ca pozwala podtrzyma\u0107 ten efekt r\u00f3wnie\u017c poza myciem, natomiast Olejowe serum regeneruj\u0105ce stanowi dodatkow\u0105 warstw\u0119 ochronn\u0105 dla najbardziej wymagaj\u0105cych d\u0142ugo\u015bci i ko\u0144c\u00f3w.<\/p>\n\n\n\n<p>W\u0142a\u015bnie takie podej\u015bcie \u2013 mniej agresywnego traktowania w\u0142os\u00f3w, wi\u0119cej \u015bwiadomego ograniczania tarcia i uszkodze\u0144 \u2013 pozwala stopniowo odzyska\u0107 ich g\u0142adko\u015b\u0107, mi\u0119kko\u015b\u0107 i naturalny blask. A to w\u0142a\u015bnie zdrowo wygl\u0105daj\u0105ca, mo\u017cliwie r\u00f3wna powierzchnia w\u0142osa najlepiej odbija \u015bwiat\u0142o, tworz\u0105c charakterystyczny efekt glossy hair.<\/p>\n\n\n\n<div class=\"wp-block-divi-layout\">[et_pb_section fb_built=&#8221;1&#8243; theme_builder_area=&#8221;post_content&#8221; _builder_version=&#8221;4.27.4&#8243; _module_preset=&#8221;default&#8221;][\/et_pb_section][et_pb_section fb_built=&#8221;1&#8243; _builder_version=&#8221;4.16&#8243; top_divider_style=&#8221;arrow&#8221; top_divider_color=&#8221;rgba(255,166,168,0.75)&#8221; top_divider_height=&#8221;1px&#8221; bottom_divider_style=&#8221;arrow&#8221; bottom_divider_color=&#8221;rgba(255,166,168,0.75)&#8221; bottom_divider_height=&#8221;1px&#8221; global_colors_info=&#8221;{}&#8221; theme_builder_area=&#8221;post_content&#8221;][et_pb_row column_structure=&#8221;1_2,1_2&#8243; _builder_version=&#8221;4.16&#8243; width=&#8221;100%&#8221; module_alignment=&#8221;left&#8221; custom_margin=&#8221;||||false|false&#8221; global_colors_info=&#8221;{}&#8221; theme_builder_area=&#8221;post_content&#8221;][et_pb_column type=&#8221;1_2&#8243; _builder_version=&#8221;4.16&#8243; global_colors_info=&#8221;{}&#8221; theme_builder_area=&#8221;post_content&#8221;][et_pb_text _builder_version=&#8221;4.27.4&#8243; text_font=&#8221;Raleway Bold||||||||&#8221; text_text_color=&#8221;rgba(255,166,168,0.75)&#8221; text_font_size=&#8221;55px&#8221; text_letter_spacing=&#8221;9px&#8221; text_line_height=&#8221;1em&#8221; header_font_size=&#8221;39px&#8221; min_height=&#8221;23px&#8221; custom_margin=&#8221;40px||||false|false&#8221; link_option_url=&#8221;https:\/\/www.bandi.pl\/sklep\/katalog\/seria\/69_tricho-esthetic\/&#8221; hover_enabled=&#8221;0&#8243; inline_fonts=&#8221;Raleway Bold&#8221; global_colors_info=&#8221;{}&#8221; theme_builder_area=&#8221;post_content&#8221; sticky_enabled=&#8221;0&#8243;]<p style=\"text-align: center;\"><span style=\"font-size: xx-large; font-family: inherit; font-weight: normal;\"><strong>TRICHO ESTHETIC<\/strong><\/span><\/p>\n<p style=\"text-align: center;\"><span style=\"font-size: xx-large; font-family: inherit; font-weight: normal;\"><strong><\/strong><\/span><\/p>[\/et_pb_text][et_pb_text _builder_version=&#8221;4.27.4&#8243; text_font=&#8221;Raleway Regular||||||||&#8221; text_text_color=&#8221;#b8b8b8&#8243; text_font_size=&#8221;22px&#8221; text_line_height=&#8221;1.5em&#8221; link_option_url=&#8221;https:\/\/www.bandi.pl\/sklep\/katalog\/seria\/69_tricho-esthetic\/&#8221; hover_enabled=&#8221;0&#8243; global_colors_info=&#8221;{}&#8221; theme_builder_area=&#8221;post_content&#8221; sticky_enabled=&#8221;0&#8243;]<p style=\"text-align: center;\">Specjalistyczna piel\u0119gnacja trychologiczna dla dobrej kondycji sk\u00f3ry g\u0142owy i pi\u0119knych w\u0142os\u00f3w<\/p>[\/et_pb_text][et_pb_button button_url=&#8221;https:\/\/www.bandi.pl\/sklep\/katalog\/seria\/69_tricho-esthetic\/&#8221; button_text=&#8221;ZOBACZ&#8221; button_alignment=&#8221;center&#8221; disabled_on=&#8221;off|off|off&#8221; _builder_version=&#8221;4.27.4&#8243; custom_button=&#8221;on&#8221; button_text_size=&#8221;20px&#8221; button_text_color=&#8221;#ffffff&#8221; button_border_radius=&#8221;25px&#8221; button_font=&#8221;Bree Serif||||||||&#8221; background_layout=&#8221;dark&#8221; custom_padding=&#8221;12px|30px|12px|30px|true|true&#8221; hover_transition_duration=&#8221;0ms&#8221; hover_enabled=&#8221;0&#8243; box_shadow_style=&#8221;preset3&#8243; global_colors_info=&#8221;{}&#8221; theme_builder_area=&#8221;post_content&#8221; sticky_enabled=&#8221;0&#8243;][\/et_pb_button][\/et_pb_column][et_pb_column type=&#8221;1_2&#8243; _builder_version=&#8221;4.16&#8243; global_colors_info=&#8221;{}&#8221; theme_builder_area=&#8221;post_content&#8221;][et_pb_image src=&#8221;https:\/\/www.bandi.pl\/blog\/wp-content\/uploads\/2026\/09\/OX22_0X25_0X31_TRICHO_SZAMPON_PEELING_MGIELKA_4_20250710-scaled.jpg&#8221; title_text=&#8221;OX22_0X25_0X31_TRICHO_SZAMPON_PEELING_MGIELKA_4_20250710&#8243; url=&#8221;https:\/\/www.bandi.pl\/sklep\/katalog\/seria\/69_tricho-esthetic\/&#8221; align=&#8221;center&#8221; _builder_version=&#8221;4.27.4&#8243; width=&#8221;100%&#8221; hover_enabled=&#8221;0&#8243; global_colors_info=&#8221;{}&#8221; theme_builder_area=&#8221;post_content&#8221; sticky_enabled=&#8221;0&#8243;][\/et_pb_image][\/et_pb_column][\/et_pb_row][\/et_pb_section]<\/div>\n\n\n\n<div class=\"wp-block-divi-layout\">[et_pb_section admin_label=&#8221;section&#8221;][et_pb_row admin_label=&#8221;row&#8221;][\/et_pb_row][\/et_pb_section]<\/div>\n","protected":false},"excerpt":{"rendered":"<p>L\u015bni\u0105ce, g\u0142adkie zdrowo wygl\u0105daj\u0105ce w\u0142osy to jeden z najbardziej po\u017c\u0105danych efekt\u00f3w piel\u0119gnacyjnych. Trend glossy hair nie oznacza jednak wy\u0142\u0105cznie mocnego nab\u0142yszczenia uzyskanego za pomoc\u0105 kosmetyk\u00f3w. Za po\u0142ysk w\u0142osa odpowiada przede wszystkim jego powierzchnia \u2013 im bardziej g\u0142adka i uporz\u0105dkowana jest \u0142uska w\u0142osa, tym bardziej r\u00f3wnomiernie odbija \u015bwiat\u0142o. Z kolei uszkodzenia powierzchni, szorstko\u015b\u0107, zwi\u0119kszona porowato\u015b\u0107 czy [&hellip;]<\/p>\n","protected":false},"author":13,"featured_media":23746,"comment_status":"open","ping_status":"closed","sticky":false,"template":"","format":"standard","meta":{"_et_pb_use_builder":"off","_et_pb_old_content":"","_et_gb_content_width":"","footnotes":""},"categories":[8598,1817],"tags":[3445,9045,8490,4232,4138,9047,8256,9048,9046,4632,9038,4230,8257],"class_list":["post-23732","post","type-post","status-publish","format-standard","has-post-thumbnail","hentry","category-anna-widera","category-kategoria-pielegnacja-i-kosmetyki","tag-bandi","tag-efekt-tafli-na-wlosach","tag-gladkie-wlosy","tag-kosmetyki-profesjonalne","tag-kosmetyki-trychologiczne","tag-lagodn-szampon","tag-lsniace-wlosy","tag-na-rozdwojone-koncowki","tag-odzywka-bez-splukiwania","tag-odzywka-do-wlosow","tag-olejek-do-wlosow","tag-pielegnacja-profesjonalna","tag-zdrowe-wlosy"],"yoast_head":"<!-- This site is optimized with the Yoast SEO plugin v27.1.1 - https:\/\/yoast.com\/product\/yoast-seo-wordpress\/ -->\n<title>Glossy hair - jak uzyska\u0107 taki efekt? &#187; Blog BANDI<\/title>\n<meta name=\"description\" content=\"Glossy hair to efekt tafli na w\u0142osach, kt\u00f3ry mo\u017cna uzyska\u0107 jedynie \u0142\u0105cz\u0105c odpowiedni\u0105 piel\u0119gnacj\u0119 z codziennymi nawykami hamuj\u0105cymi uszkadzanie struktury w\u0142osa.\" \/>\n<meta name=\"robots\" content=\"index, follow, max-snippet:-1, max-image-preview:large, max-video-preview:-1\" \/>\n<link rel=\"canonical\" href=\"https:\/\/www.bandi.pl\/blog\/glossy-hair-jak-uzyskac-taki-efekt\/\" \/>\n<meta property=\"og:locale\" content=\"pl_PL\" \/>\n<meta property=\"og:type\" content=\"article\" \/>\n<meta property=\"og:title\" content=\"Glossy hair - jak uzyska\u0107 taki efekt? &#187; Blog BANDI\" \/>\n<meta property=\"og:description\" content=\"Glossy hair to efekt tafli na w\u0142osach, kt\u00f3ry mo\u017cna uzyska\u0107 jedynie \u0142\u0105cz\u0105c odpowiedni\u0105 piel\u0119gnacj\u0119 z codziennymi nawykami hamuj\u0105cymi uszkadzanie struktury w\u0142osa.\" \/>\n<meta property=\"og:url\" content=\"https:\/\/www.bandi.pl\/blog\/glossy-hair-jak-uzyskac-taki-efekt\/\" \/>\n<meta property=\"og:site_name\" content=\"Blog BANDI\" \/>\n<meta property=\"article:publisher\" content=\"https:\/\/web.facebook.com\/BANDIcosmetics\" \/>\n<meta property=\"article:published_time\" content=\"2026-09-03T11:12:27+00:00\" \/>\n<meta property=\"article:modified_time\" content=\"2026-09-03T11:12:29+00:00\" \/>\n<meta property=\"og:image\" content=\"https:\/\/www.bandi.pl\/blog\/wp-content\/uploads\/2026\/09\/uj-mi-jaka.png\" \/>\n\t<meta property=\"og:image:width\" content=\"1748\" \/>\n\t<meta property=\"og:image:height\" content=\"1240\" \/>\n\t<meta property=\"og:image:type\" content=\"image\/png\" \/>\n<meta name=\"author\" content=\"Ilona Kiraga\" \/>\n<meta name=\"twitter:card\" content=\"summary_large_image\" \/>\n<meta name=\"twitter:creator\" content=\"@bandi_cosmetics\" \/>\n<meta name=\"twitter:site\" content=\"@bandi_cosmetics\" \/>\n<meta name=\"twitter:label1\" content=\"Napisane przez\" \/>\n\t<meta name=\"twitter:data1\" content=\"Ilona Kiraga\" \/>\n\t<meta name=\"twitter:label2\" content=\"Szacowany czas czytania\" \/>\n\t<meta name=\"twitter:data2\" content=\"10 minut\" \/>\n<script type=\"application\/ld+json\" class=\"yoast-schema-graph\">{\"@context\":\"https:\/\/schema.org\",\"@graph\":[{\"@type\":\"Article\",\"@id\":\"https:\/\/www.bandi.pl\/blog\/glossy-hair-jak-uzyskac-taki-efekt\/#article\",\"isPartOf\":{\"@id\":\"https:\/\/www.bandi.pl\/blog\/glossy-hair-jak-uzyskac-taki-efekt\/\"},\"author\":{\"name\":\"Ilona Kiraga\",\"@id\":\"https:\/\/www.bandi.pl\/blog\/#\/schema\/person\/5ba05af1a18c58f1c31d4ae051ec9499\"},\"headline\":\"Glossy hair &#8211; jak uzyska\u0107 taki efekt?\",\"datePublished\":\"2026-09-03T11:12:27+00:00\",\"dateModified\":\"2026-09-03T11:12:29+00:00\",\"mainEntityOfPage\":{\"@id\":\"https:\/\/www.bandi.pl\/blog\/glossy-hair-jak-uzyskac-taki-efekt\/\"},\"wordCount\":2274,\"commentCount\":0,\"publisher\":{\"@id\":\"https:\/\/www.bandi.pl\/blog\/#organization\"},\"image\":{\"@id\":\"https:\/\/www.bandi.pl\/blog\/glossy-hair-jak-uzyskac-taki-efekt\/#primaryimage\"},\"thumbnailUrl\":\"https:\/\/www.bandi.pl\/blog\/wp-content\/uploads\/2026\/09\/uj-mi-jaka.png\",\"keywords\":[\"Bandi\",\"efekt tafli na w\u0142osach\",\"g\u0142adkie w\u0142osy\",\"kosmetyki profesjonalne\",\"kosmetyki trychologiczne\",\"\u0142agodn szampon\",\"l\u015bni\u0105ce w\u0142osy\",\"na rozdwojone ko\u0144c\u00f3wki\",\"od\u017cywka bez sp\u0142ukiwania\",\"od\u017cywka do w\u0142os\u00f3w\",\"olejek do w\u0142os\u00f3w\",\"piel\u0119gnacja profesjonalna\",\"zdrowe w\u0142osy\"],\"articleSection\":[\"Anna Widera\",\"Piel\u0119gnacja i kosmetyki\"],\"inLanguage\":\"pl-PL\",\"potentialAction\":[{\"@type\":\"CommentAction\",\"name\":\"Comment\",\"target\":[\"https:\/\/www.bandi.pl\/blog\/glossy-hair-jak-uzyskac-taki-efekt\/#respond\"]}]},{\"@type\":\"WebPage\",\"@id\":\"https:\/\/www.bandi.pl\/blog\/glossy-hair-jak-uzyskac-taki-efekt\/\",\"url\":\"https:\/\/www.bandi.pl\/blog\/glossy-hair-jak-uzyskac-taki-efekt\/\",\"name\":\"Glossy hair - jak uzyska\u0107 taki efekt? &#187; Blog BANDI\",\"isPartOf\":{\"@id\":\"https:\/\/www.bandi.pl\/blog\/#website\"},\"primaryImageOfPage\":{\"@id\":\"https:\/\/www.bandi.pl\/blog\/glossy-hair-jak-uzyskac-taki-efekt\/#primaryimage\"},\"image\":{\"@id\":\"https:\/\/www.bandi.pl\/blog\/glossy-hair-jak-uzyskac-taki-efekt\/#primaryimage\"},\"thumbnailUrl\":\"https:\/\/www.bandi.pl\/blog\/wp-content\/uploads\/2026\/09\/uj-mi-jaka.png\",\"datePublished\":\"2026-09-03T11:12:27+00:00\",\"dateModified\":\"2026-09-03T11:12:29+00:00\",\"description\":\"Glossy hair to efekt tafli na w\u0142osach, kt\u00f3ry mo\u017cna uzyska\u0107 jedynie \u0142\u0105cz\u0105c odpowiedni\u0105 piel\u0119gnacj\u0119 z codziennymi nawykami hamuj\u0105cymi uszkadzanie struktury w\u0142osa.\",\"breadcrumb\":{\"@id\":\"https:\/\/www.bandi.pl\/blog\/glossy-hair-jak-uzyskac-taki-efekt\/#breadcrumb\"},\"inLanguage\":\"pl-PL\",\"potentialAction\":[{\"@type\":\"ReadAction\",\"target\":[\"https:\/\/www.bandi.pl\/blog\/glossy-hair-jak-uzyskac-taki-efekt\/\"]}]},{\"@type\":\"ImageObject\",\"inLanguage\":\"pl-PL\",\"@id\":\"https:\/\/www.bandi.pl\/blog\/glossy-hair-jak-uzyskac-taki-efekt\/#primaryimage\",\"url\":\"https:\/\/www.bandi.pl\/blog\/wp-content\/uploads\/2026\/09\/uj-mi-jaka.png\",\"contentUrl\":\"https:\/\/www.bandi.pl\/blog\/wp-content\/uploads\/2026\/09\/uj-mi-jaka.png\",\"width\":1748,\"height\":1240,\"caption\":\"glossy hair\"},{\"@type\":\"BreadcrumbList\",\"@id\":\"https:\/\/www.bandi.pl\/blog\/glossy-hair-jak-uzyskac-taki-efekt\/#breadcrumb\",\"itemListElement\":[{\"@type\":\"ListItem\",\"position\":1,\"name\":\"BANDI\",\"item\":\"https:\/\/www.bandi.pl\/blog\/\"},{\"@type\":\"ListItem\",\"position\":2,\"name\":\"Glossy hair &#8211; jak uzyska\u0107 taki efekt?\"}]},{\"@type\":\"WebSite\",\"@id\":\"https:\/\/www.bandi.pl\/blog\/#website\",\"url\":\"https:\/\/www.bandi.pl\/blog\/\",\"name\":\"Blog BANDI\",\"description\":\"Czarno na bia\u0142ym o kosmetykach\",\"publisher\":{\"@id\":\"https:\/\/www.bandi.pl\/blog\/#organization\"},\"potentialAction\":[{\"@type\":\"SearchAction\",\"target\":{\"@type\":\"EntryPoint\",\"urlTemplate\":\"https:\/\/www.bandi.pl\/blog\/?s={search_term_string}\"},\"query-input\":{\"@type\":\"PropertyValueSpecification\",\"valueRequired\":true,\"valueName\":\"search_term_string\"}}],\"inLanguage\":\"pl-PL\"},{\"@type\":\"Organization\",\"@id\":\"https:\/\/www.bandi.pl\/blog\/#organization\",\"name\":\"BANDI\",\"url\":\"https:\/\/www.bandi.pl\/blog\/\",\"logo\":{\"@type\":\"ImageObject\",\"inLanguage\":\"pl-PL\",\"@id\":\"https:\/\/www.bandi.pl\/blog\/#\/schema\/logo\/image\/\",\"url\":\"https:\/\/www.bandi.pl\/blog\/wp-content\/uploads\/2019\/06\/bandi-logo.png\",\"contentUrl\":\"https:\/\/www.bandi.pl\/blog\/wp-content\/uploads\/2019\/06\/bandi-logo.png\",\"width\":264,\"height\":111,\"caption\":\"BANDI\"},\"image\":{\"@id\":\"https:\/\/www.bandi.pl\/blog\/#\/schema\/logo\/image\/\"},\"sameAs\":[\"https:\/\/web.facebook.com\/BANDIcosmetics\",\"https:\/\/x.com\/bandi_cosmetics\",\"https:\/\/www.instagram.com\/bandi_cosmetics\/\",\"https:\/\/www.pinterest.com\/bandicosmetics\/\",\"https:\/\/www.youtube.com\/user\/BandiCosmeticsPolska\"]},{\"@type\":\"Person\",\"@id\":\"https:\/\/www.bandi.pl\/blog\/#\/schema\/person\/5ba05af1a18c58f1c31d4ae051ec9499\",\"name\":\"Ilona Kiraga\"}]}<\/script>\n<!-- \/ Yoast SEO plugin. -->","yoast_head_json":{"title":"Glossy hair - jak uzyska\u0107 taki efekt? &#187; Blog BANDI","description":"Glossy hair to efekt tafli na w\u0142osach, kt\u00f3ry mo\u017cna uzyska\u0107 jedynie \u0142\u0105cz\u0105c odpowiedni\u0105 piel\u0119gnacj\u0119 z codziennymi nawykami hamuj\u0105cymi uszkadzanie struktury w\u0142osa.","robots":{"index":"index","follow":"follow","max-snippet":"max-snippet:-1","max-image-preview":"max-image-preview:large","max-video-preview":"max-video-preview:-1"},"canonical":"https:\/\/www.bandi.pl\/blog\/glossy-hair-jak-uzyskac-taki-efekt\/","og_locale":"pl_PL","og_type":"article","og_title":"Glossy hair - jak uzyska\u0107 taki efekt? &#187; Blog BANDI","og_description":"Glossy hair to efekt tafli na w\u0142osach, kt\u00f3ry mo\u017cna uzyska\u0107 jedynie \u0142\u0105cz\u0105c odpowiedni\u0105 piel\u0119gnacj\u0119 z codziennymi nawykami hamuj\u0105cymi uszkadzanie struktury w\u0142osa.","og_url":"https:\/\/www.bandi.pl\/blog\/glossy-hair-jak-uzyskac-taki-efekt\/","og_site_name":"Blog BANDI","article_publisher":"https:\/\/web.facebook.com\/BANDIcosmetics","article_published_time":"2026-09-03T11:12:27+00:00","article_modified_time":"2026-09-03T11:12:29+00:00","og_image":[{"width":1748,"height":1240,"url":"https:\/\/www.bandi.pl\/blog\/wp-content\/uploads\/2026\/09\/uj-mi-jaka.png","type":"image\/png"}],"author":"Ilona Kiraga","twitter_card":"summary_large_image","twitter_creator":"@bandi_cosmetics","twitter_site":"@bandi_cosmetics","twitter_misc":{"Napisane przez":"Ilona Kiraga","Szacowany czas czytania":"10 minut"},"schema":{"@context":"https:\/\/schema.org","@graph":[{"@type":"Article","@id":"https:\/\/www.bandi.pl\/blog\/glossy-hair-jak-uzyskac-taki-efekt\/#article","isPartOf":{"@id":"https:\/\/www.bandi.pl\/blog\/glossy-hair-jak-uzyskac-taki-efekt\/"},"author":{"name":"Ilona Kiraga","@id":"https:\/\/www.bandi.pl\/blog\/#\/schema\/person\/5ba05af1a18c58f1c31d4ae051ec9499"},"headline":"Glossy hair &#8211; jak uzyska\u0107 taki efekt?","datePublished":"2026-09-03T11:12:27+00:00","dateModified":"2026-09-03T11:12:29+00:00","mainEntityOfPage":{"@id":"https:\/\/www.bandi.pl\/blog\/glossy-hair-jak-uzyskac-taki-efekt\/"},"wordCount":2274,"commentCount":0,"publisher":{"@id":"https:\/\/www.bandi.pl\/blog\/#organization"},"image":{"@id":"https:\/\/www.bandi.pl\/blog\/glossy-hair-jak-uzyskac-taki-efekt\/#primaryimage"},"thumbnailUrl":"https:\/\/www.bandi.pl\/blog\/wp-content\/uploads\/2026\/09\/uj-mi-jaka.png","keywords":["Bandi","efekt tafli na w\u0142osach","g\u0142adkie w\u0142osy","kosmetyki profesjonalne","kosmetyki trychologiczne","\u0142agodn szampon","l\u015bni\u0105ce w\u0142osy","na rozdwojone ko\u0144c\u00f3wki","od\u017cywka bez sp\u0142ukiwania","od\u017cywka do w\u0142os\u00f3w","olejek do w\u0142os\u00f3w","piel\u0119gnacja profesjonalna","zdrowe w\u0142osy"],"articleSection":["Anna Widera","Piel\u0119gnacja i kosmetyki"],"inLanguage":"pl-PL","potentialAction":[{"@type":"CommentAction","name":"Comment","target":["https:\/\/www.bandi.pl\/blog\/glossy-hair-jak-uzyskac-taki-efekt\/#respond"]}]},{"@type":"WebPage","@id":"https:\/\/www.bandi.pl\/blog\/glossy-hair-jak-uzyskac-taki-efekt\/","url":"https:\/\/www.bandi.pl\/blog\/glossy-hair-jak-uzyskac-taki-efekt\/","name":"Glossy hair - jak uzyska\u0107 taki efekt? &#187; Blog BANDI","isPartOf":{"@id":"https:\/\/www.bandi.pl\/blog\/#website"},"primaryImageOfPage":{"@id":"https:\/\/www.bandi.pl\/blog\/glossy-hair-jak-uzyskac-taki-efekt\/#primaryimage"},"image":{"@id":"https:\/\/www.bandi.pl\/blog\/glossy-hair-jak-uzyskac-taki-efekt\/#primaryimage"},"thumbnailUrl":"https:\/\/www.bandi.pl\/blog\/wp-content\/uploads\/2026\/09\/uj-mi-jaka.png","datePublished":"2026-09-03T11:12:27+00:00","dateModified":"2026-09-03T11:12:29+00:00","description":"Glossy hair to efekt tafli na w\u0142osach, kt\u00f3ry mo\u017cna uzyska\u0107 jedynie \u0142\u0105cz\u0105c odpowiedni\u0105 piel\u0119gnacj\u0119 z codziennymi nawykami hamuj\u0105cymi uszkadzanie struktury w\u0142osa.","breadcrumb":{"@id":"https:\/\/www.bandi.pl\/blog\/glossy-hair-jak-uzyskac-taki-efekt\/#breadcrumb"},"inLanguage":"pl-PL","potentialAction":[{"@type":"ReadAction","target":["https:\/\/www.bandi.pl\/blog\/glossy-hair-jak-uzyskac-taki-efekt\/"]}]},{"@type":"ImageObject","inLanguage":"pl-PL","@id":"https:\/\/www.bandi.pl\/blog\/glossy-hair-jak-uzyskac-taki-efekt\/#primaryimage","url":"https:\/\/www.bandi.pl\/blog\/wp-content\/uploads\/2026\/09\/uj-mi-jaka.png","contentUrl":"https:\/\/www.bandi.pl\/blog\/wp-content\/uploads\/2026\/09\/uj-mi-jaka.png","width":1748,"height":1240,"caption":"glossy hair"},{"@type":"BreadcrumbList","@id":"https:\/\/www.bandi.pl\/blog\/glossy-hair-jak-uzyskac-taki-efekt\/#breadcrumb","itemListElement":[{"@type":"ListItem","position":1,"name":"BANDI","item":"https:\/\/www.bandi.pl\/blog\/"},{"@type":"ListItem","position":2,"name":"Glossy hair &#8211; jak uzyska\u0107 taki efekt?"}]},{"@type":"WebSite","@id":"https:\/\/www.bandi.pl\/blog\/#website","url":"https:\/\/www.bandi.pl\/blog\/","name":"Blog BANDI","description":"Czarno na bia\u0142ym o kosmetykach","publisher":{"@id":"https:\/\/www.bandi.pl\/blog\/#organization"},"potentialAction":[{"@type":"SearchAction","target":{"@type":"EntryPoint","urlTemplate":"https:\/\/www.bandi.pl\/blog\/?s={search_term_string}"},"query-input":{"@type":"PropertyValueSpecification","valueRequired":true,"valueName":"search_term_string"}}],"inLanguage":"pl-PL"},{"@type":"Organization","@id":"https:\/\/www.bandi.pl\/blog\/#organization","name":"BANDI","url":"https:\/\/www.bandi.pl\/blog\/","logo":{"@type":"ImageObject","inLanguage":"pl-PL","@id":"https:\/\/www.bandi.pl\/blog\/#\/schema\/logo\/image\/","url":"https:\/\/www.bandi.pl\/blog\/wp-content\/uploads\/2019\/06\/bandi-logo.png","contentUrl":"https:\/\/www.bandi.pl\/blog\/wp-content\/uploads\/2019\/06\/bandi-logo.png","width":264,"height":111,"caption":"BANDI"},"image":{"@id":"https:\/\/www.bandi.pl\/blog\/#\/schema\/logo\/image\/"},"sameAs":["https:\/\/web.facebook.com\/BANDIcosmetics","https:\/\/x.com\/bandi_cosmetics","https:\/\/www.instagram.com\/bandi_cosmetics\/","https:\/\/www.pinterest.com\/bandicosmetics\/","https:\/\/www.youtube.com\/user\/BandiCosmeticsPolska"]},{"@type":"Person","@id":"https:\/\/www.bandi.pl\/blog\/#\/schema\/person\/5ba05af1a18c58f1c31d4ae051ec9499","name":"Ilona Kiraga"}]}},"_links":{"self":[{"href":"https:\/\/www.bandi.pl\/blog\/wp-json\/wp\/v2\/posts\/23732","targetHints":{"allow":["GET"]}}],"collection":[{"href":"https:\/\/www.bandi.pl\/blog\/wp-json\/wp\/v2\/posts"}],"about":[{"href":"https:\/\/www.bandi.pl\/blog\/wp-json\/wp\/v2\/types\/post"}],"author":[{"embeddable":true,"href":"https:\/\/www.bandi.pl\/blog\/wp-json\/wp\/v2\/users\/13"}],"replies":[{"embeddable":true,"href":"https:\/\/www.bandi.pl\/blog\/wp-json\/wp\/v2\/comments?post=23732"}],"version-history":[{"count":11,"href":"https:\/\/www.bandi.pl\/blog\/wp-json\/wp\/v2\/posts\/23732\/revisions"}],"predecessor-version":[{"id":23749,"href":"https:\/\/www.bandi.pl\/blog\/wp-json\/wp\/v2\/posts\/23732\/revisions\/23749"}],"wp:featuredmedia":[{"embeddable":true,"href":"https:\/\/www.bandi.pl\/blog\/wp-json\/wp\/v2\/media\/23746"}],"wp:attachment":[{"href":"https:\/\/www.bandi.pl\/blog\/wp-json\/wp\/v2\/media?parent=23732"}],"wp:term":[{"taxonomy":"category","embeddable":true,"href":"https:\/\/www.bandi.pl\/blog\/wp-json\/wp\/v2\/categories?post=23732"},{"taxonomy":"post_tag","embeddable":true,"href":"https:\/\/www.bandi.pl\/blog\/wp-json\/wp\/v2\/tags?post=23732"}],"curies":[{"name":"wp","href":"https:\/\/api.w.org\/{rel}","templated":true}]}}