{"id":23691,"date":"2026-09-01T10:00:00","date_gmt":"2026-09-01T08:00:00","guid":{"rendered":"https:\/\/www.bandi.pl\/blog\/?p=23691"},"modified":"2026-08-31T13:54:10","modified_gmt":"2026-08-31T11:54:10","slug":"hydro-care-codzienna-troska-o-prawidlowe-nawilzenie-skory","status":"publish","type":"post","link":"https:\/\/www.bandi.pl\/blog\/hydro-care-codzienna-troska-o-prawidlowe-nawilzenie-skory\/","title":{"rendered":"Hydro Care \u2013 codzienna troska o prawid\u0142owe nawil\u017cenie sk\u00f3ry"},"content":{"rendered":"\n<p>S\u0105 takie dni, kiedy sk\u00f3ra nie wygl\u0105da dobrze. Jest matowa, szorstka, bardziej napi\u0119ta ni\u017c zwykle, makija\u017c nie uk\u0142ada na niej si\u0119 tak jak powinien, a drobne zmarszczki wydaj\u0105 si\u0119 nagle wyra\u017aniejsze. Jedn\u0105 z przyczyn takiego stanu mo\u017ce by\u0107 nadmierna utrata wody z nask\u00f3rka, kt\u00f3ra prowadzi do nieprawid\u0142owego nawil\u017cenia i objaw\u00f3w przesuszenia. W efekcie sk\u00f3ra traci swoj\u0105 g\u0142adko\u015b\u0107, elastyczno\u015b\u0107, a wszelkie oznaki zm\u0119czenia staj\u0105 si\u0119 na niej bardziej widoczne.<\/p>\n\n\n\n<h2 class=\"wp-block-heading\">Dlaczego woda w sk\u00f3rze jest tak wa\u017cna?<\/h2>\n\n\n\n<p>Sk\u00f3ra nie jest szczeln\u0105 pow\u0142ok\u0105. Ka\u017cdego dnia zachodzi przez ni\u0105 naturalna ucieczka wody, okre\u015blana jako transepidermalna utrata wody, czyli TEWL (<em>transepidermal water loss<\/em>). Jest to proces fizjologiczny, wynikaj\u0105cy z r\u00f3\u017cnicy st\u0119\u017ce\u0144 pomi\u0119dzy wn\u0119trzem organizmu a \u015brodowiskiem zewn\u0119trznym. Problem zaczyna si\u0119 wtedy, gdy utrata ta staje si\u0119 nadmierna.<\/p>\n\n\n\n<p>Woda uczestniczy w wielu procesach zachodz\u0105cych w sk\u00f3rze. Wp\u0142ywa mi\u0119dzy innymi na jej w\u0142a\u015bciwo\u015bci mechaniczne, aktywno\u015b\u0107 enzym\u00f3w odpowiedzialnych za prawid\u0142owe z\u0142uszczanie nask\u00f3rka, procesy metaboliczne i regeneracyjne, a tak\u017ce funkcjonowanie bariery hydrolipidowej oraz mikrobiomu. Kiedy poziom nawodnienia jest niewystarczaj\u0105cy, pojawia si\u0119 nie tylko uczucie sucho\u015bci. Sk\u00f3ra mo\u017ce sta\u0107 si\u0119 bardziej szorstka i napi\u0119ta, a jej funkcje barierowe mog\u0105 ulec os\u0142abieniu. W konsekwencji staje si\u0119 bardziej podatna na dzia\u0142anie czynnik\u00f3w zewn\u0119trznych i wyst\u0119powanie podra\u017cnie\u0144. Niedostateczne nawil\u017cenie mo\u017ce r\u00f3wnie\u017c wi\u0105za\u0107 si\u0119 ze zmianami w mikrobiomie, zaburzeniami procesu keratynizacji oraz szybszym pojawianiem si\u0119 oznak starzenia.<\/p>\n\n\n\n<h2 class=\"wp-block-heading\">Dlaczego sk\u00f3ra traci wod\u0119?<\/h2>\n\n\n\n<p>Na poziom TEWL wp\u0142ywa wiele czynnik\u00f3w. Nale\u017c\u0105 do nich mi\u0119dzy innymi niska wilgotno\u015b\u0107 powietrza, wiatr, mr\u00f3z, promieniowanie UV czy klimatyzacja. Znaczenie maj\u0105 tak\u017ce wiek i kondycja sk\u00f3ry oraz spos\u00f3b piel\u0119gnacji: zbyt gor\u0105ca woda podczas mycia, nieodpowiednie oczyszczanie czy nadmierne z\u0142uszczanie. Du\u017c\u0105 rol\u0119 odgrywa tak\u017ce sam stan bariery nask\u00f3rkowej. Je\u017celi struktura warstwy rogowej jest zaburzona, woda \u0142atwiej ucieka ze sk\u00f3ry i staje si\u0119 bardziej podatna na wp\u0142yw czynnik\u00f3w zewn\u0119trznych.<\/p>\n\n\n\n<h2 class=\"wp-block-heading\">Humektanty i emolienty \u2013 dla d\u0142ugotrwa\u0142ego nawil\u017cenia<\/h2>\n\n\n\n<p>Aby zapewni\u0107 sk\u00f3rze d\u0142ugotrwa\u0142e, skuteczne nawil\u017cenie w piel\u0119gnacji potrzebne s\u0105 dwie grupy sk\u0142adnik\u00f3w aktywnych \u2013 emolienty i humektanty. Cho\u0107 cz\u0119sto okre\u015bla si\u0119 je og\u00f3lnie jako \u201esubstancje nawil\u017caj\u0105ce\u201d ich zadania s\u0105 r\u00f3\u017cne.<\/p>\n\n\n\n<p>Humektanty to sk\u0142adniki higroskopijne, czyli takie, kt\u00f3re wi\u0105\u017c\u0105 wod\u0119. Nale\u017c\u0105 do nich mi\u0119dzy innymi gliceryna, glikozamoniglikany w tym kwas hialuronowy, D-pantenol, trehaloza. Ich zadaniem jest zwi\u0119kszenie zawarto\u015bci wody w warstwie rogowej. Emolienty dzia\u0142aj\u0105 inaczej. Wyg\u0142adzaj\u0105 powierzchni\u0119 nask\u00f3rka, poprawiaj\u0105 jego elastyczno\u015b\u0107 i ograniczaj\u0105 nadmiern\u0105 utrat\u0119 wody. Cz\u0119\u015b\u0107 sk\u0142adnik\u00f3w emoliencyjnych dzia\u0142a okluzyjnie, tworz\u0105c na powierzchni sk\u00f3ry warstw\u0119, kt\u00f3ra spowalnia parowanie wody.<\/p>\n\n\n\n<p>D\u0142ugotrwa\u0142e nawil\u017canie wymaga dzia\u0142ania obu grup sk\u0142adnik\u00f3w. Same humektanty mog\u0105 zwi\u0119kszy\u0107 ilo\u015b\u0107 wody w warstwie rogowej, ale przy niewystarczaj\u0105cej ochronie przed jej ucieczk\u0105 efekt b\u0119dzie kr\u00f3tkotrwa\u0142y.<\/p>\n\n\n\n<h2 class=\"wp-block-heading\">Cera t\u0142usta r\u00f3wnie\u017c mo\u017ce by\u0107 odwodniona<\/h2>\n\n\n\n<p>Sebum jest mieszanin\u0105 lipid\u00f3w produkowanych przez gruczo\u0142y \u0142ojowe i pe\u0142ni mi\u0119dzy innymi funkcj\u0119 ochronn\u0105. Dzi\u0119ki temu pomaga ogranicza\u0107 utrat\u0119 wody ze sk\u00f3ry. Samo nie jest jednak w stanie zapewni\u0107 jej wystarczaj\u0105cego nawil\u017cenia. W praktyce osoby z cer\u0105 przet\u0142uszczaj\u0105c\u0105 mog\u0105 jednocze\u015bnie obserwowa\u0107 nadmiar wydzielanego sebum i objawy niedostatecznego nawil\u017cenia nask\u00f3rka. Odwodnieniu sk\u00f3ry sprzyja niekiedy r\u00f3wnie\u017c piel\u0119gnacja ukierunkowana wy\u0142\u0105cznie na matowienie oraz zbyt agresywne odt\u0142uszczanie sk\u00f3ry podczas jej oczyszczania. W efekcie sk\u00f3ra mo\u017ce produkowa\u0107 jeszcze wi\u0119cej sebum a problemy z zask\u00f3rnikami i tr\u0105dzikiem mog\u0105 przybiera\u0107 na sile. Dlatego nawil\u017canie cery mieszanej i sk\u0142onnej do niedoskona\u0142o\u015bci jest tak samo wa\u017cne jak w przypadku ka\u017cdego innego typu cery.<\/p>\n\n\n\n<p><\/p>\n\n\n\n<div class=\"wp-block-media-text is-stacked-on-mobile\" style=\"grid-template-columns:44% auto\"><figure class=\"wp-block-media-text__media\"><a href=\"https:\/\/www.bandi.pl\/sklep\/kremy\/intensywnie-nawilzajacy-krem-848\/\"><img loading=\"lazy\" decoding=\"async\" width=\"420\" height=\"420\" src=\"https:\/\/www.bandi.pl\/blog\/wp-content\/uploads\/2026\/08\/1-4-420x420.png\" alt=\"\" class=\"wp-image-23695 size-full\"\/><\/a><\/figure><div class=\"wp-block-media-text__content\">\n<p>W\u0142a\u015bnie dlatego w linii Hydro Care znalaz\u0142 si\u0119 <a href=\"https:\/\/www.bandi.pl\/sklep\/kremy\/intensywnie-nawilzajacy-krem-848\/\">Intensywnie nawil\u017caj\u0105cy krem<\/a> o lekkiej formule idealnej dla ka\u017cdej cery, tak\u017ce mieszanej i przet\u0142uszczaj\u0105cej si\u0119. Kosmetyk zapewnia natychmiastowe i d\u0142ugotrwa\u0142e nawil\u017cenie, wspiera barier\u0119 hydrolipidow\u0105 i poprawia elastyczno\u015b\u0107 nask\u00f3rka. W jego formule znalaz\u0142y si\u0119 mi\u0119dzy innymi kwas hialuronowy, gliceryna, glikozaminoglikany, estry mas\u0142a shea oraz D-pantenol. Taki sk\u0142ad pozwala jednocze\u015bnie zwi\u0119kszy\u0107 wi\u0105zanie wody w nask\u00f3rku i ograniczy\u0107 jej transepidermaln\u0105 utrat\u0119, ale bez efektu obci\u0105\u017cenia. &nbsp;<\/p>\n<\/div><\/div>\n\n\n\n<p><\/p>\n\n\n\n<h2 class=\"wp-block-heading\">Kiedy sk\u00f3rze brakuje lipid\u00f3w<\/h2>\n\n\n\n<p>W prawid\u0142owo funkcjonuj\u0105cej warstwie rogowej woda i lipidy pozostaj\u0105 ze sob\u0105 w \u015bcis\u0142ej zale\u017cno\u015bci. Lipidy mi\u0119dzykom\u00f3rkowe pomagaj\u0105 tworzy\u0107 struktur\u0119 ograniczaj\u0105c\u0105 przepuszczalno\u015b\u0107 nask\u00f3rka, natomiast naturalne czynniki nawil\u017caj\u0105ce i inne substancje higroskopijne zwi\u0119kszaj\u0105 wi\u0105zanie wody. Nie ka\u017cda sk\u00f3ra ma jednak identyczn\u0105 zdolno\u015b\u0107 do utrzymywania takiej r\u00f3wnowagi. Znaczenie mog\u0105 mie\u0107 mi\u0119dzy innymi uwarunkowania genetyczne, wiek, choroby sk\u00f3ry oraz czynniki \u015brodowiskowe. Dlatego u cz\u0119\u015bci os\u00f3b potrzeba dostarczenia wi\u0119kszej ilo\u015bci lipid\u00f3w w piel\u0119gnacji, by sk\u00f3ra pe\u0142ni\u0142a prawid\u0142owo swoje funkcje barierowe.<\/p>\n\n\n\n<p><\/p>\n\n\n\n<div class=\"wp-block-media-text is-stacked-on-mobile\" style=\"grid-template-columns:44% auto\"><figure class=\"wp-block-media-text__media\"><a href=\"https:\/\/www.bandi.pl\/sklep\/kremy\/aktywnie-nawilzajacy-krem-regenerujacy-849\/\"><img loading=\"lazy\" decoding=\"async\" width=\"420\" height=\"420\" src=\"https:\/\/www.bandi.pl\/blog\/wp-content\/uploads\/2026\/08\/2-4-420x420.png\" alt=\"\" class=\"wp-image-23696 size-full\"\/><\/a><\/figure><div class=\"wp-block-media-text__content\">\n<p><a href=\"https:\/\/www.bandi.pl\/sklep\/kremy\/aktywnie-nawilzajacy-krem-regenerujacy-849\/\">Aktywnie nawil\u017caj\u0105cy krem regeneruj\u0105cy<\/a> z linii Hydro Care ma bogat\u0105, otulaj\u0105c\u0105 konsystencj\u0119 i zosta\u0142 opracowany przede wszystkim dla sk\u00f3ry suchej i bardzo suchej. Jego zadaniem jest nie tylko zwi\u0119kszenie nawil\u017cenia warstwy rogowej, ale tak\u017ce wsparcie odnowy i regeneracji nask\u00f3rka oraz odbudowy p\u0142aszcza hydrolipidowego. W sk\u0142adzie kremu nalaz\u0142y si\u0119 mi\u0119dzy innymi kwas hialuronowy, gliceryna i trehaloza, kt\u00f3re odpowiadaj\u0105 za wi\u0105zanie wody, oraz sk\u0142adniki lipidowe: skwalan, estry mas\u0142a shea i olej ze s\u0142odkich migda\u0142\u00f3w.<\/p>\n<\/div><\/div>\n\n\n\n<p><\/p>\n\n\n\n<h2 class=\"wp-block-heading\">Cera przesuszona bywa podra\u017cniona<\/h2>\n\n\n\n<p>Je\u017celi w warstwie rogowej brakuje odpowiedniej ilo\u015bci wody i lipid\u00f3w, struktura bariery ochronnej mo\u017ce funkcjonowa\u0107 mniej efektywnie. Wzrasta w\u00f3wczas TEWL, a sk\u00f3ra staje si\u0119 bardziej podatna na dzia\u0142anie czynnik\u00f3w \u015brodowiskowych. To mechanizm przypominaj\u0105cy b\u0142\u0119dne ko\u0142o: uszkodzona bariera u\u0142atwia ucieczk\u0119 wody, mniejsza ilo\u015b\u0107 wody pogarsza kondycj\u0119 warstwy rogowej, a os\u0142abiona bariera zwi\u0119ksza podatno\u015b\u0107 sk\u00f3ry na podra\u017cnienia i dalsz\u0105 utrat\u0119 wody. W takiej sytuacji samo nawil\u017canie mo\u017ce by\u0107 niewystarczaj\u0105ce. Sk\u00f3ra potrzebuje dodatkowo ukojenia i wzmocnienia funkcji barierowych.<\/p>\n\n\n\n<p><\/p>\n\n\n\n<div class=\"wp-block-media-text is-stacked-on-mobile\" style=\"grid-template-columns:44% auto\"><figure class=\"wp-block-media-text__media\"><a href=\"https:\/\/www.bandi.pl\/sklep\/kremy\/gleboko-nawilzajacy-krem-maska-o-dzialaniu-kojacym-1250\/\"><img loading=\"lazy\" decoding=\"async\" width=\"420\" height=\"420\" src=\"https:\/\/www.bandi.pl\/blog\/wp-content\/uploads\/2026\/08\/3-3-420x420.png\" alt=\"\" class=\"wp-image-23697 size-full\"\/><\/a><\/figure><div class=\"wp-block-media-text__content\">\n<p><a href=\"https:\/\/www.bandi.pl\/sklep\/kremy\/gleboko-nawilzajacy-krem-maska-o-dzialaniu-kojacym-1250\/\">G\u0142\u0119boko nawil\u017caj\u0105cy krem-maska<\/a> z linii Hydro Care to ratunek dla sk\u00f3ry suchej, z zaburzon\u0105 barier\u0105 ochronn\u0105 i objawami nadwra\u017cliwo\u015bci. Mo\u017ce by\u0107 stosowany jako 15-minutowa maska w ci\u0105gu dnia albo jako krem na noc. Jego dzia\u0142anie \u0142\u0105czy efekt d\u0142ugotrwa\u0142ego nawil\u017cenia z regeneracj\u0105 nask\u00f3rka i ukojeniem podra\u017cnie\u0144. W sk\u0142adzie preparatu zastosowane zosta\u0142y sk\u0142adniki aktywne, takie jak: D-pantenol, gliceryna, skwalan, olej makadamia, alantoina, ekstrakt z arniki i kasztanowca i pszeniczny kompleks koj\u0105cy.<\/p>\n<\/div><\/div>\n\n\n\n<p><\/p>\n\n\n\n<h2 class=\"wp-block-heading\">Okolica oczu \u2013 ma\u0142y obszar, du\u017ce wymagania<\/h2>\n\n\n\n<p>Okolica wok\u00f3\u0142 oczu cz\u0119sto jako pierwsza pokazuje, \u017ce sk\u00f3ra nie jest wystarczaj\u0105co dobrze nawil\u017cona. Wynika to mi\u0119dzy innymi z jej budowy anatomicznej. Sk\u00f3ra w tym miejscu jest bardzo cienka i wyj\u0105tkowo nara\u017cona na wp\u0142yw czynnik\u00f3w zewn\u0119trznych i zaburzenie funkcji barierowych. Dodatkowo wydziela znikome ilo\u015bci sebum i bardzo \u0142atwo traci wod\u0119. W\u0142a\u015bnie dlatego okolica wok\u00f3\u0142 oczu jest miejscem, w kt\u00f3rym regularne nawil\u017canie jest wyj\u0105tkowo wa\u017cne.<\/p>\n\n\n\n<p><\/p>\n\n\n\n<div class=\"wp-block-media-text is-stacked-on-mobile\" style=\"grid-template-columns:44% auto\"><figure class=\"wp-block-media-text__media\"><a href=\"https:\/\/www.bandi.pl\/sklep\/kremy-pod-oczy\/nawilzajacy-krem-zel-pod-oczy-1251\/\"><img loading=\"lazy\" decoding=\"async\" width=\"420\" height=\"420\" src=\"https:\/\/www.bandi.pl\/blog\/wp-content\/uploads\/2026\/08\/4-1-420x420.png\" alt=\"\" class=\"wp-image-23698 size-full\"\/><\/a><\/figure><div class=\"wp-block-media-text__content\">\n<p><a href=\"https:\/\/www.bandi.pl\/sklep\/kremy-pod-oczy\/nawilzajacy-krem-zel-pod-oczy-1251\/\">Nawil\u017caj\u0105cy krem-\u017cel pod oczy<\/a> z linii Hydro Care zosta\u0142 opracowany z my\u015bl\u0105 o poprawie nawil\u017cenia i wzmocnieniu bariery hydrolipidowej delikatnej okolicy wok\u00f3\u0142 oczu. Dodatkowo preparat wyg\u0142adza struktur\u0119 sk\u00f3ry, redukuje widoczno\u015b\u0107 drobnych zmarszczek powsta\u0142ych z przesuszenia, poprawia elastyczno\u015b\u0107 i napi\u0119cie sk\u00f3ry, redukuje cienie i \u0142agodzi podra\u017cnienia. W formule kremu zastosowany zosta\u0142 nawil\u017caj\u0105cy biopolimer, olej z passiflory, alantoina, kompleks pre- i probiotyczny oraz galusan epigallokatechiny.<\/p>\n<\/div><\/div>\n\n\n\n<p><\/p>\n\n\n\n<h2 class=\"wp-block-heading\">Hydro Care \u2013 co m\u00f3wi\u0105 wyniki bada\u0144?<\/h2>\n\n\n\n<p>Badania aparaturowe przeprowadzone dla linii Hydro Care potwierdzaj\u0105 jej silne i d\u0142ugotrwa\u0142e w\u0142a\u015bciwo\u015bci nawil\u017caj\u0105ce.<\/p>\n\n\n\n<p>Dla Intensywnie nawil\u017caj\u0105cego kremu badanie aparaturowe wykaza\u0142o \u015bredni wzrost nawil\u017cenia sk\u00f3ry o 84% po 7 godzinach od aplikacji oraz o 30% po 24 godzinach. Dla Aktywnie nawil\u017caj\u0105cego kremu regeneruj\u0105cego odpowiednie warto\u015bci wynios\u0142y 75% po 7 godzinach i 19% po 24 godzinach. W obu przypadkach po trzech tygodniach stosowania oceniano r\u00f3wnie\u017c powierzchniowy rozk\u0142ad wody w nask\u00f3rku, kt\u00f3ry uleg\u0142 wyra\u017anemu zwi\u0119kszeniu.<\/p>\n\n\n\n<h2 class=\"wp-block-heading\">Nawil\u017canie to nie akcja ratunkowa<\/h2>\n\n\n\n<p>Sk\u00f3ra nie potrzebuje intensywnego nawil\u017cania wy\u0142\u0105cznie wtedy, gdy zaczyna si\u0119 \u0142uszczy\u0107 lub odczuwa\u0107 dyskomfort. Najwa\u017cniejsze jest niedopuszczenie do takiego stanu poprzez regularn\u0105 odpowiednio dobran\u0105 piel\u0119gnacj\u0119, kt\u00f3ra na\u015bladuje i wspiera naturalne procesy w sk\u00f3rze ograniczaj\u0105ce TEWL. Ma to szczeg\u00f3lne znaczenie w warunkach zwi\u0119kszonej utraty wody. Zim\u0105 b\u0119dzie to suche, zimne powietrze i ogrzewanie. Latem \u2013 klimatyzacja, s\u0142o\u0144ce i kontakt z chlorowan\u0105 lub morsk\u0105 wod\u0105. Regularne stosowanie preparat\u00f3w z linii Hydro Care to troska o codziennie prawid\u0142owe nawil\u017cenie sk\u00f3ry, kt\u00f3ra wyra\u017anie przek\u0142ada si\u0119 na jej kondycj\u0119, funkcjonowanie i wygl\u0105d. Bo sk\u00f3ra cz\u0119sto nie potrzebuje kolejnej spektakularnej kuracji. Czasem najbardziej liczy si\u0119 po prostu to, co podtrzymuje jej codzienn\u0105 r\u00f3wnowag\u0119 \u2013 nawil\u017cenie i dobrze dzia\u0142aj\u0105ca bariera nask\u00f3rkowa.<\/p>\n\n\n\n<div class=\"wp-block-divi-layout\">[et_pb_section fb_built=&#8221;1&#8243; _builder_version=&#8221;4.27.4&#8243; _module_preset=&#8221;default&#8221; global_colors_info=&#8221;{}&#8221;][\/et_pb_section][et_pb_section fb_built=&#8221;1&#8243; _builder_version=&#8221;4.16&#8243; top_divider_style=&#8221;arrow&#8221; top_divider_color=&#8221;rgba(255,166,168,0.75)&#8221; top_divider_height=&#8221;1px&#8221; bottom_divider_style=&#8221;arrow&#8221; bottom_divider_color=&#8221;rgba(255,166,168,0.75)&#8221; bottom_divider_height=&#8221;1px&#8221; global_colors_info=&#8221;{}&#8221;][et_pb_row column_structure=&#8221;1_2,1_2&#8243; _builder_version=&#8221;4.16&#8243; width=&#8221;100%&#8221; module_alignment=&#8221;left&#8221; custom_margin=&#8221;||||false|false&#8221; global_colors_info=&#8221;{}&#8221;][et_pb_column type=&#8221;1_2&#8243; _builder_version=&#8221;4.16&#8243; global_colors_info=&#8221;{}&#8221;][et_pb_text _builder_version=&#8221;4.27.4&#8243; text_font=&#8221;Raleway Bold||||||||&#8221; text_text_color=&#8221;rgba(255,166,168,0.75)&#8221; text_font_size=&#8221;55px&#8221; text_letter_spacing=&#8221;9px&#8221; text_line_height=&#8221;1em&#8221; header_font_size=&#8221;39px&#8221; min_height=&#8221;23px&#8221; custom_margin=&#8221;40px||||false|false&#8221; link_option_url=&#8221;https:\/\/www.bandi.pl\/sklep\/katalog\/seria\/21_hydro-care\/&#8221; inline_fonts=&#8221;Raleway Bold&#8221; global_colors_info=&#8221;{}&#8221;]<p style=\"text-align: center\"><span style=\"font-size: xx-large;font-family: inherit;font-weight: normal\"><strong>HYDRO CARE<\/strong><\/span><\/p>\n<p style=\"text-align: center\"><span style=\"font-size: xx-large;font-family: inherit;font-weight: normal\"><strong><\/strong><\/span><\/p>[\/et_pb_text][et_pb_text _builder_version=&#8221;4.27.4&#8243; text_font=&#8221;Raleway Regular||||||||&#8221; text_text_color=&#8221;#b8b8b8&#8243; text_font_size=&#8221;22px&#8221; text_line_height=&#8221;1.5em&#8221; link_option_url=&#8221;https:\/\/www.bandi.pl\/sklep\/katalog\/seria\/21_hydro-care\/&#8221; global_colors_info=&#8221;{}&#8221;]<p style=\"text-align: center\">Nawil\u017cenie, kt\u00f3rego Twoja sk\u00f3ra potrzebuje kazdego dnia<\/p>[\/et_pb_text][et_pb_button button_url=&#8221;https:\/\/www.bandi.pl\/sklep\/katalog\/seria\/21_hydro-care\/&#8221; button_text=&#8221;ZOBACZ&#8221; button_alignment=&#8221;center&#8221; disabled_on=&#8221;off|off|off&#8221; _builder_version=&#8221;4.27.4&#8243; custom_button=&#8221;on&#8221; button_text_size=&#8221;20px&#8221; button_text_color=&#8221;#ffffff&#8221; button_border_radius=&#8221;25px&#8221; button_font=&#8221;Bree Serif||||||||&#8221; background_layout=&#8221;dark&#8221; custom_padding=&#8221;12px|30px|12px|30px|true|true&#8221; hover_transition_duration=&#8221;0ms&#8221; box_shadow_style=&#8221;preset3&#8243; global_colors_info=&#8221;{}&#8221;][\/et_pb_button][\/et_pb_column][et_pb_column type=&#8221;1_2&#8243; _builder_version=&#8221;4.16&#8243; global_colors_info=&#8221;{}&#8221;][et_pb_image src=&#8221;https:\/\/www.bandi.pl\/blog\/wp-content\/uploads\/2026\/08\/BL-10q-scaled.jpg&#8221; title_text=&#8221;BL-10q&#8221; url=&#8221;https:\/\/www.bandi.pl\/sklep\/katalog\/seria\/21_hydro-care\/&#8221; align=&#8221;center&#8221; _builder_version=&#8221;4.27.4&#8243; width=&#8221;100%&#8221; hover_enabled=&#8221;0&#8243; global_colors_info=&#8221;{}&#8221; sticky_enabled=&#8221;0&#8243;][\/et_pb_image][\/et_pb_column][\/et_pb_row][\/et_pb_section]<\/div>\n\n\n\n<div class=\"wp-block-divi-layout\">[et_pb_section admin_label=&#8221;section&#8221;][et_pb_row admin_label=&#8221;row&#8221;][\/et_pb_row][\/et_pb_section]<\/div>\n","protected":false},"excerpt":{"rendered":"<p>S\u0105 takie dni, kiedy sk\u00f3ra nie wygl\u0105da dobrze. Jest matowa, szorstka, bardziej napi\u0119ta ni\u017c zwykle, makija\u017c nie uk\u0142ada na niej si\u0119 tak jak powinien, a drobne zmarszczki wydaj\u0105 si\u0119 nagle wyra\u017aniejsze. Jedn\u0105 z przyczyn takiego stanu mo\u017ce by\u0107 nadmierna utrata wody z nask\u00f3rka, kt\u00f3ra prowadzi do nieprawid\u0142owego nawil\u017cenia i objaw\u00f3w przesuszenia. W efekcie sk\u00f3ra traci [&hellip;]<\/p>\n","protected":false},"author":13,"featured_media":23700,"comment_status":"open","ping_status":"closed","sticky":false,"template":"","format":"standard","meta":{"_et_pb_use_builder":"off","_et_pb_old_content":"","_et_gb_content_width":"","footnotes":""},"categories":[2775,1817],"tags":[3445,9043,4165,8066,4232,4031,4220,3875,58,4230,5868,9044],"class_list":["post-23691","post","type-post","status-publish","format-standard","has-post-thumbnail","hentry","category-ilona-kiraga","category-kategoria-pielegnacja-i-kosmetyki","tag-bandi","tag-dlugotrwale-nawilzanie","tag-emolienty","tag-humektanty","tag-kosmetyki-profesjonalne","tag-krem-nawilzajacy","tag-krem-odzywczy","tag-krem-pod-oczy","tag-kwas-hialuronowy","tag-pielegnacja-profesjonalna","tag-pielegnacja-twarzy","tag-skaldniki-nawilzajace"],"yoast_head":"<!-- This site is optimized with the Yoast SEO plugin v27.1.1 - https:\/\/yoast.com\/product\/yoast-seo-wordpress\/ -->\n<title>Hydro Care \u2013 codzienna troska o prawid\u0142owe nawil\u017cenie sk\u00f3ry &#187; Blog BANDI<\/title>\n<meta name=\"description\" content=\"Aby zapewni\u0107 sk\u00f3rze d\u0142ugotrwa\u0142e, skuteczne nawil\u017cenie w piel\u0119gnacji potrzebne s\u0105 dwie grupy sk\u0142adnik\u00f3w aktywnych \u2013 emolienty i humektanty.\" \/>\n<meta name=\"robots\" content=\"index, follow, max-snippet:-1, max-image-preview:large, max-video-preview:-1\" \/>\n<link rel=\"canonical\" href=\"https:\/\/www.bandi.pl\/blog\/hydro-care-codzienna-troska-o-prawidlowe-nawilzenie-skory\/\" \/>\n<meta property=\"og:locale\" content=\"pl_PL\" \/>\n<meta property=\"og:type\" content=\"article\" \/>\n<meta property=\"og:title\" content=\"Hydro Care \u2013 codzienna troska o prawid\u0142owe nawil\u017cenie sk\u00f3ry &#187; Blog BANDI\" \/>\n<meta property=\"og:description\" content=\"Aby zapewni\u0107 sk\u00f3rze d\u0142ugotrwa\u0142e, skuteczne nawil\u017cenie w piel\u0119gnacji potrzebne s\u0105 dwie grupy sk\u0142adnik\u00f3w aktywnych \u2013 emolienty i humektanty.\" \/>\n<meta property=\"og:url\" content=\"https:\/\/www.bandi.pl\/blog\/hydro-care-codzienna-troska-o-prawidlowe-nawilzenie-skory\/\" \/>\n<meta property=\"og:site_name\" content=\"Blog BANDI\" \/>\n<meta property=\"article:publisher\" content=\"https:\/\/web.facebook.com\/BANDIcosmetics\" \/>\n<meta property=\"article:published_time\" content=\"2026-09-01T08:00:00+00:00\" \/>\n<meta property=\"og:image\" content=\"https:\/\/www.bandi.pl\/blog\/wp-content\/uploads\/2026\/08\/BL-35-scaled.jpg\" \/>\n\t<meta property=\"og:image:width\" content=\"2560\" \/>\n\t<meta property=\"og:image:height\" content=\"1707\" \/>\n\t<meta property=\"og:image:type\" content=\"image\/jpeg\" \/>\n<meta name=\"author\" content=\"Ilona Kiraga\" \/>\n<meta name=\"twitter:card\" content=\"summary_large_image\" \/>\n<meta name=\"twitter:creator\" content=\"@bandi_cosmetics\" \/>\n<meta name=\"twitter:site\" content=\"@bandi_cosmetics\" \/>\n<meta name=\"twitter:label1\" content=\"Napisane przez\" \/>\n\t<meta name=\"twitter:data1\" content=\"Ilona Kiraga\" \/>\n\t<meta name=\"twitter:label2\" content=\"Szacowany czas czytania\" \/>\n\t<meta name=\"twitter:data2\" content=\"9 minut\" \/>\n<script type=\"application\/ld+json\" class=\"yoast-schema-graph\">{\"@context\":\"https:\/\/schema.org\",\"@graph\":[{\"@type\":\"Article\",\"@id\":\"https:\/\/www.bandi.pl\/blog\/hydro-care-codzienna-troska-o-prawidlowe-nawilzenie-skory\/#article\",\"isPartOf\":{\"@id\":\"https:\/\/www.bandi.pl\/blog\/hydro-care-codzienna-troska-o-prawidlowe-nawilzenie-skory\/\"},\"author\":{\"name\":\"Ilona Kiraga\",\"@id\":\"https:\/\/www.bandi.pl\/blog\/#\/schema\/person\/5ba05af1a18c58f1c31d4ae051ec9499\"},\"headline\":\"Hydro Care \u2013 codzienna troska o prawid\u0142owe nawil\u017cenie sk\u00f3ry\",\"datePublished\":\"2026-09-01T08:00:00+00:00\",\"mainEntityOfPage\":{\"@id\":\"https:\/\/www.bandi.pl\/blog\/hydro-care-codzienna-troska-o-prawidlowe-nawilzenie-skory\/\"},\"wordCount\":1897,\"commentCount\":0,\"publisher\":{\"@id\":\"https:\/\/www.bandi.pl\/blog\/#organization\"},\"image\":{\"@id\":\"https:\/\/www.bandi.pl\/blog\/hydro-care-codzienna-troska-o-prawidlowe-nawilzenie-skory\/#primaryimage\"},\"thumbnailUrl\":\"https:\/\/www.bandi.pl\/blog\/wp-content\/uploads\/2026\/08\/BL-35-scaled.jpg\",\"keywords\":[\"Bandi\",\"d\u0142ugotrwa\u0142e nawil\u017canie\",\"emolienty\",\"humektanty\",\"kosmetyki profesjonalne\",\"krem nawil\u017cajacy\",\"krem od\u017cywczy\",\"krem pod oczy\",\"kwas hialuronowy\",\"piel\u0119gnacja profesjonalna\",\"piel\u0119gnacja twarzy\",\"sk\u0105\u0142dniki nawil\u017caj\u0105ce\"],\"articleSection\":[\"Ilona Kiraga\",\"Piel\u0119gnacja i kosmetyki\"],\"inLanguage\":\"pl-PL\",\"potentialAction\":[{\"@type\":\"CommentAction\",\"name\":\"Comment\",\"target\":[\"https:\/\/www.bandi.pl\/blog\/hydro-care-codzienna-troska-o-prawidlowe-nawilzenie-skory\/#respond\"]}]},{\"@type\":\"WebPage\",\"@id\":\"https:\/\/www.bandi.pl\/blog\/hydro-care-codzienna-troska-o-prawidlowe-nawilzenie-skory\/\",\"url\":\"https:\/\/www.bandi.pl\/blog\/hydro-care-codzienna-troska-o-prawidlowe-nawilzenie-skory\/\",\"name\":\"Hydro Care \u2013 codzienna troska o prawid\u0142owe nawil\u017cenie sk\u00f3ry &#187; Blog BANDI\",\"isPartOf\":{\"@id\":\"https:\/\/www.bandi.pl\/blog\/#website\"},\"primaryImageOfPage\":{\"@id\":\"https:\/\/www.bandi.pl\/blog\/hydro-care-codzienna-troska-o-prawidlowe-nawilzenie-skory\/#primaryimage\"},\"image\":{\"@id\":\"https:\/\/www.bandi.pl\/blog\/hydro-care-codzienna-troska-o-prawidlowe-nawilzenie-skory\/#primaryimage\"},\"thumbnailUrl\":\"https:\/\/www.bandi.pl\/blog\/wp-content\/uploads\/2026\/08\/BL-35-scaled.jpg\",\"datePublished\":\"2026-09-01T08:00:00+00:00\",\"description\":\"Aby zapewni\u0107 sk\u00f3rze d\u0142ugotrwa\u0142e, skuteczne nawil\u017cenie w piel\u0119gnacji potrzebne s\u0105 dwie grupy sk\u0142adnik\u00f3w aktywnych \u2013 emolienty i humektanty.\",\"breadcrumb\":{\"@id\":\"https:\/\/www.bandi.pl\/blog\/hydro-care-codzienna-troska-o-prawidlowe-nawilzenie-skory\/#breadcrumb\"},\"inLanguage\":\"pl-PL\",\"potentialAction\":[{\"@type\":\"ReadAction\",\"target\":[\"https:\/\/www.bandi.pl\/blog\/hydro-care-codzienna-troska-o-prawidlowe-nawilzenie-skory\/\"]}]},{\"@type\":\"ImageObject\",\"inLanguage\":\"pl-PL\",\"@id\":\"https:\/\/www.bandi.pl\/blog\/hydro-care-codzienna-troska-o-prawidlowe-nawilzenie-skory\/#primaryimage\",\"url\":\"https:\/\/www.bandi.pl\/blog\/wp-content\/uploads\/2026\/08\/BL-35-scaled.jpg\",\"contentUrl\":\"https:\/\/www.bandi.pl\/blog\/wp-content\/uploads\/2026\/08\/BL-35-scaled.jpg\",\"width\":2560,\"height\":1707,\"caption\":\"hydro care\"},{\"@type\":\"BreadcrumbList\",\"@id\":\"https:\/\/www.bandi.pl\/blog\/hydro-care-codzienna-troska-o-prawidlowe-nawilzenie-skory\/#breadcrumb\",\"itemListElement\":[{\"@type\":\"ListItem\",\"position\":1,\"name\":\"BANDI\",\"item\":\"https:\/\/www.bandi.pl\/blog\/\"},{\"@type\":\"ListItem\",\"position\":2,\"name\":\"Hydro Care \u2013 codzienna troska o prawid\u0142owe nawil\u017cenie sk\u00f3ry\"}]},{\"@type\":\"WebSite\",\"@id\":\"https:\/\/www.bandi.pl\/blog\/#website\",\"url\":\"https:\/\/www.bandi.pl\/blog\/\",\"name\":\"Blog BANDI\",\"description\":\"Czarno na bia\u0142ym o kosmetykach\",\"publisher\":{\"@id\":\"https:\/\/www.bandi.pl\/blog\/#organization\"},\"potentialAction\":[{\"@type\":\"SearchAction\",\"target\":{\"@type\":\"EntryPoint\",\"urlTemplate\":\"https:\/\/www.bandi.pl\/blog\/?s={search_term_string}\"},\"query-input\":{\"@type\":\"PropertyValueSpecification\",\"valueRequired\":true,\"valueName\":\"search_term_string\"}}],\"inLanguage\":\"pl-PL\"},{\"@type\":\"Organization\",\"@id\":\"https:\/\/www.bandi.pl\/blog\/#organization\",\"name\":\"BANDI\",\"url\":\"https:\/\/www.bandi.pl\/blog\/\",\"logo\":{\"@type\":\"ImageObject\",\"inLanguage\":\"pl-PL\",\"@id\":\"https:\/\/www.bandi.pl\/blog\/#\/schema\/logo\/image\/\",\"url\":\"https:\/\/www.bandi.pl\/blog\/wp-content\/uploads\/2019\/06\/bandi-logo.png\",\"contentUrl\":\"https:\/\/www.bandi.pl\/blog\/wp-content\/uploads\/2019\/06\/bandi-logo.png\",\"width\":264,\"height\":111,\"caption\":\"BANDI\"},\"image\":{\"@id\":\"https:\/\/www.bandi.pl\/blog\/#\/schema\/logo\/image\/\"},\"sameAs\":[\"https:\/\/web.facebook.com\/BANDIcosmetics\",\"https:\/\/x.com\/bandi_cosmetics\",\"https:\/\/www.instagram.com\/bandi_cosmetics\/\",\"https:\/\/www.pinterest.com\/bandicosmetics\/\",\"https:\/\/www.youtube.com\/user\/BandiCosmeticsPolska\"]},{\"@type\":\"Person\",\"@id\":\"https:\/\/www.bandi.pl\/blog\/#\/schema\/person\/5ba05af1a18c58f1c31d4ae051ec9499\",\"name\":\"Ilona Kiraga\"}]}<\/script>\n<!-- \/ Yoast SEO plugin. -->","yoast_head_json":{"title":"Hydro Care \u2013 codzienna troska o prawid\u0142owe nawil\u017cenie sk\u00f3ry &#187; Blog BANDI","description":"Aby zapewni\u0107 sk\u00f3rze d\u0142ugotrwa\u0142e, skuteczne nawil\u017cenie w piel\u0119gnacji potrzebne s\u0105 dwie grupy sk\u0142adnik\u00f3w aktywnych \u2013 emolienty i humektanty.","robots":{"index":"index","follow":"follow","max-snippet":"max-snippet:-1","max-image-preview":"max-image-preview:large","max-video-preview":"max-video-preview:-1"},"canonical":"https:\/\/www.bandi.pl\/blog\/hydro-care-codzienna-troska-o-prawidlowe-nawilzenie-skory\/","og_locale":"pl_PL","og_type":"article","og_title":"Hydro Care \u2013 codzienna troska o prawid\u0142owe nawil\u017cenie sk\u00f3ry &#187; Blog BANDI","og_description":"Aby zapewni\u0107 sk\u00f3rze d\u0142ugotrwa\u0142e, skuteczne nawil\u017cenie w piel\u0119gnacji potrzebne s\u0105 dwie grupy sk\u0142adnik\u00f3w aktywnych \u2013 emolienty i humektanty.","og_url":"https:\/\/www.bandi.pl\/blog\/hydro-care-codzienna-troska-o-prawidlowe-nawilzenie-skory\/","og_site_name":"Blog BANDI","article_publisher":"https:\/\/web.facebook.com\/BANDIcosmetics","article_published_time":"2026-09-01T08:00:00+00:00","og_image":[{"width":2560,"height":1707,"url":"https:\/\/www.bandi.pl\/blog\/wp-content\/uploads\/2026\/08\/BL-35-scaled.jpg","type":"image\/jpeg"}],"author":"Ilona Kiraga","twitter_card":"summary_large_image","twitter_creator":"@bandi_cosmetics","twitter_site":"@bandi_cosmetics","twitter_misc":{"Napisane przez":"Ilona Kiraga","Szacowany czas czytania":"9 minut"},"schema":{"@context":"https:\/\/schema.org","@graph":[{"@type":"Article","@id":"https:\/\/www.bandi.pl\/blog\/hydro-care-codzienna-troska-o-prawidlowe-nawilzenie-skory\/#article","isPartOf":{"@id":"https:\/\/www.bandi.pl\/blog\/hydro-care-codzienna-troska-o-prawidlowe-nawilzenie-skory\/"},"author":{"name":"Ilona Kiraga","@id":"https:\/\/www.bandi.pl\/blog\/#\/schema\/person\/5ba05af1a18c58f1c31d4ae051ec9499"},"headline":"Hydro Care \u2013 codzienna troska o prawid\u0142owe nawil\u017cenie sk\u00f3ry","datePublished":"2026-09-01T08:00:00+00:00","mainEntityOfPage":{"@id":"https:\/\/www.bandi.pl\/blog\/hydro-care-codzienna-troska-o-prawidlowe-nawilzenie-skory\/"},"wordCount":1897,"commentCount":0,"publisher":{"@id":"https:\/\/www.bandi.pl\/blog\/#organization"},"image":{"@id":"https:\/\/www.bandi.pl\/blog\/hydro-care-codzienna-troska-o-prawidlowe-nawilzenie-skory\/#primaryimage"},"thumbnailUrl":"https:\/\/www.bandi.pl\/blog\/wp-content\/uploads\/2026\/08\/BL-35-scaled.jpg","keywords":["Bandi","d\u0142ugotrwa\u0142e nawil\u017canie","emolienty","humektanty","kosmetyki profesjonalne","krem nawil\u017cajacy","krem od\u017cywczy","krem pod oczy","kwas hialuronowy","piel\u0119gnacja profesjonalna","piel\u0119gnacja twarzy","sk\u0105\u0142dniki nawil\u017caj\u0105ce"],"articleSection":["Ilona Kiraga","Piel\u0119gnacja i kosmetyki"],"inLanguage":"pl-PL","potentialAction":[{"@type":"CommentAction","name":"Comment","target":["https:\/\/www.bandi.pl\/blog\/hydro-care-codzienna-troska-o-prawidlowe-nawilzenie-skory\/#respond"]}]},{"@type":"WebPage","@id":"https:\/\/www.bandi.pl\/blog\/hydro-care-codzienna-troska-o-prawidlowe-nawilzenie-skory\/","url":"https:\/\/www.bandi.pl\/blog\/hydro-care-codzienna-troska-o-prawidlowe-nawilzenie-skory\/","name":"Hydro Care \u2013 codzienna troska o prawid\u0142owe nawil\u017cenie sk\u00f3ry &#187; Blog BANDI","isPartOf":{"@id":"https:\/\/www.bandi.pl\/blog\/#website"},"primaryImageOfPage":{"@id":"https:\/\/www.bandi.pl\/blog\/hydro-care-codzienna-troska-o-prawidlowe-nawilzenie-skory\/#primaryimage"},"image":{"@id":"https:\/\/www.bandi.pl\/blog\/hydro-care-codzienna-troska-o-prawidlowe-nawilzenie-skory\/#primaryimage"},"thumbnailUrl":"https:\/\/www.bandi.pl\/blog\/wp-content\/uploads\/2026\/08\/BL-35-scaled.jpg","datePublished":"2026-09-01T08:00:00+00:00","description":"Aby zapewni\u0107 sk\u00f3rze d\u0142ugotrwa\u0142e, skuteczne nawil\u017cenie w piel\u0119gnacji potrzebne s\u0105 dwie grupy sk\u0142adnik\u00f3w aktywnych \u2013 emolienty i humektanty.","breadcrumb":{"@id":"https:\/\/www.bandi.pl\/blog\/hydro-care-codzienna-troska-o-prawidlowe-nawilzenie-skory\/#breadcrumb"},"inLanguage":"pl-PL","potentialAction":[{"@type":"ReadAction","target":["https:\/\/www.bandi.pl\/blog\/hydro-care-codzienna-troska-o-prawidlowe-nawilzenie-skory\/"]}]},{"@type":"ImageObject","inLanguage":"pl-PL","@id":"https:\/\/www.bandi.pl\/blog\/hydro-care-codzienna-troska-o-prawidlowe-nawilzenie-skory\/#primaryimage","url":"https:\/\/www.bandi.pl\/blog\/wp-content\/uploads\/2026\/08\/BL-35-scaled.jpg","contentUrl":"https:\/\/www.bandi.pl\/blog\/wp-content\/uploads\/2026\/08\/BL-35-scaled.jpg","width":2560,"height":1707,"caption":"hydro care"},{"@type":"BreadcrumbList","@id":"https:\/\/www.bandi.pl\/blog\/hydro-care-codzienna-troska-o-prawidlowe-nawilzenie-skory\/#breadcrumb","itemListElement":[{"@type":"ListItem","position":1,"name":"BANDI","item":"https:\/\/www.bandi.pl\/blog\/"},{"@type":"ListItem","position":2,"name":"Hydro Care \u2013 codzienna troska o prawid\u0142owe nawil\u017cenie sk\u00f3ry"}]},{"@type":"WebSite","@id":"https:\/\/www.bandi.pl\/blog\/#website","url":"https:\/\/www.bandi.pl\/blog\/","name":"Blog BANDI","description":"Czarno na bia\u0142ym o kosmetykach","publisher":{"@id":"https:\/\/www.bandi.pl\/blog\/#organization"},"potentialAction":[{"@type":"SearchAction","target":{"@type":"EntryPoint","urlTemplate":"https:\/\/www.bandi.pl\/blog\/?s={search_term_string}"},"query-input":{"@type":"PropertyValueSpecification","valueRequired":true,"valueName":"search_term_string"}}],"inLanguage":"pl-PL"},{"@type":"Organization","@id":"https:\/\/www.bandi.pl\/blog\/#organization","name":"BANDI","url":"https:\/\/www.bandi.pl\/blog\/","logo":{"@type":"ImageObject","inLanguage":"pl-PL","@id":"https:\/\/www.bandi.pl\/blog\/#\/schema\/logo\/image\/","url":"https:\/\/www.bandi.pl\/blog\/wp-content\/uploads\/2019\/06\/bandi-logo.png","contentUrl":"https:\/\/www.bandi.pl\/blog\/wp-content\/uploads\/2019\/06\/bandi-logo.png","width":264,"height":111,"caption":"BANDI"},"image":{"@id":"https:\/\/www.bandi.pl\/blog\/#\/schema\/logo\/image\/"},"sameAs":["https:\/\/web.facebook.com\/BANDIcosmetics","https:\/\/x.com\/bandi_cosmetics","https:\/\/www.instagram.com\/bandi_cosmetics\/","https:\/\/www.pinterest.com\/bandicosmetics\/","https:\/\/www.youtube.com\/user\/BandiCosmeticsPolska"]},{"@type":"Person","@id":"https:\/\/www.bandi.pl\/blog\/#\/schema\/person\/5ba05af1a18c58f1c31d4ae051ec9499","name":"Ilona Kiraga"}]}},"_links":{"self":[{"href":"https:\/\/www.bandi.pl\/blog\/wp-json\/wp\/v2\/posts\/23691","targetHints":{"allow":["GET"]}}],"collection":[{"href":"https:\/\/www.bandi.pl\/blog\/wp-json\/wp\/v2\/posts"}],"about":[{"href":"https:\/\/www.bandi.pl\/blog\/wp-json\/wp\/v2\/types\/post"}],"author":[{"embeddable":true,"href":"https:\/\/www.bandi.pl\/blog\/wp-json\/wp\/v2\/users\/13"}],"replies":[{"embeddable":true,"href":"https:\/\/www.bandi.pl\/blog\/wp-json\/wp\/v2\/comments?post=23691"}],"version-history":[{"count":9,"href":"https:\/\/www.bandi.pl\/blog\/wp-json\/wp\/v2\/posts\/23691\/revisions"}],"predecessor-version":[{"id":23708,"href":"https:\/\/www.bandi.pl\/blog\/wp-json\/wp\/v2\/posts\/23691\/revisions\/23708"}],"wp:featuredmedia":[{"embeddable":true,"href":"https:\/\/www.bandi.pl\/blog\/wp-json\/wp\/v2\/media\/23700"}],"wp:attachment":[{"href":"https:\/\/www.bandi.pl\/blog\/wp-json\/wp\/v2\/media?parent=23691"}],"wp:term":[{"taxonomy":"category","embeddable":true,"href":"https:\/\/www.bandi.pl\/blog\/wp-json\/wp\/v2\/categories?post=23691"},{"taxonomy":"post_tag","embeddable":true,"href":"https:\/\/www.bandi.pl\/blog\/wp-json\/wp\/v2\/tags?post=23691"}],"curies":[{"name":"wp","href":"https:\/\/api.w.org\/{rel}","templated":true}]}}