{"id":2314,"date":"2017-06-26T16:24:06","date_gmt":"2017-06-26T14:24:06","guid":{"rendered":"http:\/\/eksfoliacja.pl\/?p=2314"},"modified":"2019-11-21T16:48:14","modified_gmt":"2019-11-21T15:48:14","slug":"ix-konferencja-sekcji-dermatologii-estetycznej-polskiego-towarzystwa-dermatologicznego","status":"publish","type":"post","link":"https:\/\/www.bandi.pl\/blog\/ix-konferencja-sekcji-dermatologii-estetycznej-polskiego-towarzystwa-dermatologicznego\/","title":{"rendered":"IX Konferencja Sekcji Dermatologii Estetycznej Polskiego Towarzystwa Dermatologicznego"},"content":{"rendered":"\n<p>W dniach 23-24.06.2017 r. w Hotelu Nadmorskim w Gdyni odby\u0142a si\u0119 IX Konferencja Sekcji Dermatologii Estetycznej Polskiego Towarzystwa Dermatologicznego.<\/p>\n\n\n\n<!--more-->\n\n\n\n<p>Nasze stoisko odwiedzi\u0142o ponad 100 lekarzy r\u00f3\u017cnych specjalno\u015bci, g\u0142\u00f3wnie dermatolog\u00f3w, kt\u00f3rzy na co dzie\u0144 w swojej pracy polecaj\u0105 pacjentom produkty piel\u0119gnacyjne. Mieli\u015bmy mo\u017cliwo\u015b\u0107 po raz kolejny przedstawi\u0107 si\u0119 szerokiej grupie lekarzy, kt\u00f3rzy wykazali bardzo du\u017ce zainteresowanie naszymi produktami zw\u0142aszcza najnowsz\u0105 linia <a href=\"https:\/\/www.bandi.pl\/sklep\/katalog\/seria\/73_uv-expert\/\">UV Expert<\/a> oraz produktami z linii <a href=\"https:\/\/www.bandi.pl\/sklep\/katalog\/seria\/69_tricho-esthetic\/\">Tricho-esthetic<\/a>.<\/p>\n","protected":false},"excerpt":{"rendered":"<p>W dniach 23-24.06.2017 r. w Hotelu Nadmorskim w Gdyni odby\u0142a si\u0119 IX Konferencja Sekcji Dermatologii Estetycznej Polskiego Towarzystwa Dermatologicznego.<\/p>\n","protected":false},"author":3,"featured_media":4386,"comment_status":"open","ping_status":"open","sticky":false,"template":"","format":"standard","meta":{"_et_pb_use_builder":"","_et_pb_old_content":"","_et_gb_content_width":"","footnotes":""},"categories":[1973,1741],"tags":[],"class_list":["post-2314","post","type-post","status-publish","format-standard","has-post-thumbnail","hentry","category-kategoria-targi-kosmetyczne-szkolenia","category-kategoria-z-zycia-firmy"],"yoast_head":"<!-- This site is optimized with the Yoast SEO plugin v27.1.1 - https:\/\/yoast.com\/product\/yoast-seo-wordpress\/ -->\n<title>IX Konferencja Sekcji Dermatologii Estetycznej Polskiego Towarzystwa Dermatologicznego &#187; Blog BANDI<\/title>\n<meta name=\"robots\" content=\"index, follow, max-snippet:-1, max-image-preview:large, max-video-preview:-1\" \/>\n<link rel=\"canonical\" href=\"https:\/\/www.bandi.pl\/blog\/ix-konferencja-sekcji-dermatologii-estetycznej-polskiego-towarzystwa-dermatologicznego\/\" \/>\n<meta property=\"og:locale\" content=\"pl_PL\" \/>\n<meta property=\"og:type\" content=\"article\" \/>\n<meta property=\"og:title\" content=\"IX Konferencja Sekcji Dermatologii Estetycznej Polskiego Towarzystwa Dermatologicznego &#187; Blog BANDI\" \/>\n<meta property=\"og:description\" content=\"W dniach 23-24.06.2017 r. w Hotelu Nadmorskim w Gdyni odby\u0142a si\u0119 IX Konferencja Sekcji Dermatologii Estetycznej Polskiego Towarzystwa Dermatologicznego.\" \/>\n<meta property=\"og:url\" content=\"https:\/\/www.bandi.pl\/blog\/ix-konferencja-sekcji-dermatologii-estetycznej-polskiego-towarzystwa-dermatologicznego\/\" \/>\n<meta property=\"og:site_name\" content=\"Blog BANDI\" \/>\n<meta property=\"article:publisher\" content=\"https:\/\/web.facebook.com\/BANDIcosmetics\" \/>\n<meta property=\"article:published_time\" content=\"2017-06-26T14:24:06+00:00\" \/>\n<meta property=\"article:modified_time\" content=\"2019-11-21T15:48:14+00:00\" \/>\n<meta property=\"og:image\" content=\"https:\/\/www.bandi.pl\/blog\/wp-content\/uploads\/2017\/06\/19449507_1531985010155565_881927396_o-1-e1498486935397-1.jpg\" \/>\n\t<meta property=\"og:image:width\" content=\"900\" \/>\n\t<meta property=\"og:image:height\" content=\"675\" \/>\n\t<meta property=\"og:image:type\" content=\"image\/jpeg\" \/>\n<meta name=\"author\" content=\"BANDI\" \/>\n<meta name=\"twitter:card\" content=\"summary_large_image\" \/>\n<meta name=\"twitter:creator\" content=\"@bandi_cosmetics\" \/>\n<meta name=\"twitter:site\" content=\"@bandi_cosmetics\" \/>\n<meta name=\"twitter:label1\" content=\"Napisane przez\" \/>\n\t<meta name=\"twitter:data1\" content=\"BANDI\" \/>\n<script type=\"application\/ld+json\" class=\"yoast-schema-graph\">{\"@context\":\"https:\/\/schema.org\",\"@graph\":[{\"@type\":\"Article\",\"@id\":\"https:\/\/www.bandi.pl\/blog\/ix-konferencja-sekcji-dermatologii-estetycznej-polskiego-towarzystwa-dermatologicznego\/#article\",\"isPartOf\":{\"@id\":\"https:\/\/www.bandi.pl\/blog\/ix-konferencja-sekcji-dermatologii-estetycznej-polskiego-towarzystwa-dermatologicznego\/\"},\"author\":{\"name\":\"BANDI\",\"@id\":\"https:\/\/www.bandi.pl\/blog\/#\/schema\/person\/6905a8e1379d84df843b078d275c5aea\"},\"headline\":\"IX Konferencja Sekcji Dermatologii Estetycznej Polskiego Towarzystwa Dermatologicznego\",\"datePublished\":\"2017-06-26T14:24:06+00:00\",\"dateModified\":\"2019-11-21T15:48:14+00:00\",\"mainEntityOfPage\":{\"@id\":\"https:\/\/www.bandi.pl\/blog\/ix-konferencja-sekcji-dermatologii-estetycznej-polskiego-towarzystwa-dermatologicznego\/\"},\"wordCount\":87,\"commentCount\":0,\"publisher\":{\"@id\":\"https:\/\/www.bandi.pl\/blog\/#organization\"},\"image\":{\"@id\":\"https:\/\/www.bandi.pl\/blog\/ix-konferencja-sekcji-dermatologii-estetycznej-polskiego-towarzystwa-dermatologicznego\/#primaryimage\"},\"thumbnailUrl\":\"https:\/\/www.bandi.pl\/blog\/wp-content\/uploads\/2017\/06\/19449507_1531985010155565_881927396_o-1-e1498486935397-1.jpg\",\"articleSection\":[\"Targi kosmetyczne, szkolenia...\",\"Z \u017cycia firmy\"],\"inLanguage\":\"pl-PL\",\"potentialAction\":[{\"@type\":\"CommentAction\",\"name\":\"Comment\",\"target\":[\"https:\/\/www.bandi.pl\/blog\/ix-konferencja-sekcji-dermatologii-estetycznej-polskiego-towarzystwa-dermatologicznego\/#respond\"]}]},{\"@type\":\"WebPage\",\"@id\":\"https:\/\/www.bandi.pl\/blog\/ix-konferencja-sekcji-dermatologii-estetycznej-polskiego-towarzystwa-dermatologicznego\/\",\"url\":\"https:\/\/www.bandi.pl\/blog\/ix-konferencja-sekcji-dermatologii-estetycznej-polskiego-towarzystwa-dermatologicznego\/\",\"name\":\"IX Konferencja Sekcji Dermatologii Estetycznej Polskiego Towarzystwa Dermatologicznego &#187; Blog BANDI\",\"isPartOf\":{\"@id\":\"https:\/\/www.bandi.pl\/blog\/#website\"},\"primaryImageOfPage\":{\"@id\":\"https:\/\/www.bandi.pl\/blog\/ix-konferencja-sekcji-dermatologii-estetycznej-polskiego-towarzystwa-dermatologicznego\/#primaryimage\"},\"image\":{\"@id\":\"https:\/\/www.bandi.pl\/blog\/ix-konferencja-sekcji-dermatologii-estetycznej-polskiego-towarzystwa-dermatologicznego\/#primaryimage\"},\"thumbnailUrl\":\"https:\/\/www.bandi.pl\/blog\/wp-content\/uploads\/2017\/06\/19449507_1531985010155565_881927396_o-1-e1498486935397-1.jpg\",\"datePublished\":\"2017-06-26T14:24:06+00:00\",\"dateModified\":\"2019-11-21T15:48:14+00:00\",\"breadcrumb\":{\"@id\":\"https:\/\/www.bandi.pl\/blog\/ix-konferencja-sekcji-dermatologii-estetycznej-polskiego-towarzystwa-dermatologicznego\/#breadcrumb\"},\"inLanguage\":\"pl-PL\",\"potentialAction\":[{\"@type\":\"ReadAction\",\"target\":[\"https:\/\/www.bandi.pl\/blog\/ix-konferencja-sekcji-dermatologii-estetycznej-polskiego-towarzystwa-dermatologicznego\/\"]}]},{\"@type\":\"ImageObject\",\"inLanguage\":\"pl-PL\",\"@id\":\"https:\/\/www.bandi.pl\/blog\/ix-konferencja-sekcji-dermatologii-estetycznej-polskiego-towarzystwa-dermatologicznego\/#primaryimage\",\"url\":\"https:\/\/www.bandi.pl\/blog\/wp-content\/uploads\/2017\/06\/19449507_1531985010155565_881927396_o-1-e1498486935397-1.jpg\",\"contentUrl\":\"https:\/\/www.bandi.pl\/blog\/wp-content\/uploads\/2017\/06\/19449507_1531985010155565_881927396_o-1-e1498486935397-1.jpg\",\"width\":900,\"height\":675,\"caption\":\"IX Konferencja Sekcji Dermatologii Estetycznej Polskiego Towarzystwa Dermatologicznego\"},{\"@type\":\"BreadcrumbList\",\"@id\":\"https:\/\/www.bandi.pl\/blog\/ix-konferencja-sekcji-dermatologii-estetycznej-polskiego-towarzystwa-dermatologicznego\/#breadcrumb\",\"itemListElement\":[{\"@type\":\"ListItem\",\"position\":1,\"name\":\"BANDI\",\"item\":\"https:\/\/www.bandi.pl\/blog\/\"},{\"@type\":\"ListItem\",\"position\":2,\"name\":\"IX Konferencja Sekcji Dermatologii Estetycznej Polskiego Towarzystwa Dermatologicznego\"}]},{\"@type\":\"WebSite\",\"@id\":\"https:\/\/www.bandi.pl\/blog\/#website\",\"url\":\"https:\/\/www.bandi.pl\/blog\/\",\"name\":\"Blog BANDI\",\"description\":\"Czarno na bia\u0142ym o kosmetykach\",\"publisher\":{\"@id\":\"https:\/\/www.bandi.pl\/blog\/#organization\"},\"potentialAction\":[{\"@type\":\"SearchAction\",\"target\":{\"@type\":\"EntryPoint\",\"urlTemplate\":\"https:\/\/www.bandi.pl\/blog\/?s={search_term_string}\"},\"query-input\":{\"@type\":\"PropertyValueSpecification\",\"valueRequired\":true,\"valueName\":\"search_term_string\"}}],\"inLanguage\":\"pl-PL\"},{\"@type\":\"Organization\",\"@id\":\"https:\/\/www.bandi.pl\/blog\/#organization\",\"name\":\"BANDI\",\"url\":\"https:\/\/www.bandi.pl\/blog\/\",\"logo\":{\"@type\":\"ImageObject\",\"inLanguage\":\"pl-PL\",\"@id\":\"https:\/\/www.bandi.pl\/blog\/#\/schema\/logo\/image\/\",\"url\":\"https:\/\/www.bandi.pl\/blog\/wp-content\/uploads\/2019\/06\/bandi-logo.png\",\"contentUrl\":\"https:\/\/www.bandi.pl\/blog\/wp-content\/uploads\/2019\/06\/bandi-logo.png\",\"width\":264,\"height\":111,\"caption\":\"BANDI\"},\"image\":{\"@id\":\"https:\/\/www.bandi.pl\/blog\/#\/schema\/logo\/image\/\"},\"sameAs\":[\"https:\/\/web.facebook.com\/BANDIcosmetics\",\"https:\/\/x.com\/bandi_cosmetics\",\"https:\/\/www.instagram.com\/bandi_cosmetics\/\",\"https:\/\/www.pinterest.com\/bandicosmetics\/\",\"https:\/\/www.youtube.com\/user\/BandiCosmeticsPolska\"]},{\"@type\":\"Person\",\"@id\":\"https:\/\/www.bandi.pl\/blog\/#\/schema\/person\/6905a8e1379d84df843b078d275c5aea\",\"name\":\"BANDI\",\"sameAs\":[\"https:\/\/www.bandi.pl\/blog\"]}]}<\/script>\n<!-- \/ Yoast SEO plugin. -->","yoast_head_json":{"title":"IX Konferencja Sekcji Dermatologii Estetycznej Polskiego Towarzystwa Dermatologicznego &#187; Blog BANDI","robots":{"index":"index","follow":"follow","max-snippet":"max-snippet:-1","max-image-preview":"max-image-preview:large","max-video-preview":"max-video-preview:-1"},"canonical":"https:\/\/www.bandi.pl\/blog\/ix-konferencja-sekcji-dermatologii-estetycznej-polskiego-towarzystwa-dermatologicznego\/","og_locale":"pl_PL","og_type":"article","og_title":"IX Konferencja Sekcji Dermatologii Estetycznej Polskiego Towarzystwa Dermatologicznego &#187; Blog BANDI","og_description":"W dniach 23-24.06.2017 r. w Hotelu Nadmorskim w Gdyni odby\u0142a si\u0119 IX Konferencja Sekcji Dermatologii Estetycznej Polskiego Towarzystwa Dermatologicznego.","og_url":"https:\/\/www.bandi.pl\/blog\/ix-konferencja-sekcji-dermatologii-estetycznej-polskiego-towarzystwa-dermatologicznego\/","og_site_name":"Blog BANDI","article_publisher":"https:\/\/web.facebook.com\/BANDIcosmetics","article_published_time":"2017-06-26T14:24:06+00:00","article_modified_time":"2019-11-21T15:48:14+00:00","og_image":[{"width":900,"height":675,"url":"https:\/\/www.bandi.pl\/blog\/wp-content\/uploads\/2017\/06\/19449507_1531985010155565_881927396_o-1-e1498486935397-1.jpg","type":"image\/jpeg"}],"author":"BANDI","twitter_card":"summary_large_image","twitter_creator":"@bandi_cosmetics","twitter_site":"@bandi_cosmetics","twitter_misc":{"Napisane przez":"BANDI"},"schema":{"@context":"https:\/\/schema.org","@graph":[{"@type":"Article","@id":"https:\/\/www.bandi.pl\/blog\/ix-konferencja-sekcji-dermatologii-estetycznej-polskiego-towarzystwa-dermatologicznego\/#article","isPartOf":{"@id":"https:\/\/www.bandi.pl\/blog\/ix-konferencja-sekcji-dermatologii-estetycznej-polskiego-towarzystwa-dermatologicznego\/"},"author":{"name":"BANDI","@id":"https:\/\/www.bandi.pl\/blog\/#\/schema\/person\/6905a8e1379d84df843b078d275c5aea"},"headline":"IX Konferencja Sekcji Dermatologii Estetycznej Polskiego Towarzystwa Dermatologicznego","datePublished":"2017-06-26T14:24:06+00:00","dateModified":"2019-11-21T15:48:14+00:00","mainEntityOfPage":{"@id":"https:\/\/www.bandi.pl\/blog\/ix-konferencja-sekcji-dermatologii-estetycznej-polskiego-towarzystwa-dermatologicznego\/"},"wordCount":87,"commentCount":0,"publisher":{"@id":"https:\/\/www.bandi.pl\/blog\/#organization"},"image":{"@id":"https:\/\/www.bandi.pl\/blog\/ix-konferencja-sekcji-dermatologii-estetycznej-polskiego-towarzystwa-dermatologicznego\/#primaryimage"},"thumbnailUrl":"https:\/\/www.bandi.pl\/blog\/wp-content\/uploads\/2017\/06\/19449507_1531985010155565_881927396_o-1-e1498486935397-1.jpg","articleSection":["Targi kosmetyczne, szkolenia...","Z \u017cycia firmy"],"inLanguage":"pl-PL","potentialAction":[{"@type":"CommentAction","name":"Comment","target":["https:\/\/www.bandi.pl\/blog\/ix-konferencja-sekcji-dermatologii-estetycznej-polskiego-towarzystwa-dermatologicznego\/#respond"]}]},{"@type":"WebPage","@id":"https:\/\/www.bandi.pl\/blog\/ix-konferencja-sekcji-dermatologii-estetycznej-polskiego-towarzystwa-dermatologicznego\/","url":"https:\/\/www.bandi.pl\/blog\/ix-konferencja-sekcji-dermatologii-estetycznej-polskiego-towarzystwa-dermatologicznego\/","name":"IX Konferencja Sekcji Dermatologii Estetycznej Polskiego Towarzystwa Dermatologicznego &#187; Blog BANDI","isPartOf":{"@id":"https:\/\/www.bandi.pl\/blog\/#website"},"primaryImageOfPage":{"@id":"https:\/\/www.bandi.pl\/blog\/ix-konferencja-sekcji-dermatologii-estetycznej-polskiego-towarzystwa-dermatologicznego\/#primaryimage"},"image":{"@id":"https:\/\/www.bandi.pl\/blog\/ix-konferencja-sekcji-dermatologii-estetycznej-polskiego-towarzystwa-dermatologicznego\/#primaryimage"},"thumbnailUrl":"https:\/\/www.bandi.pl\/blog\/wp-content\/uploads\/2017\/06\/19449507_1531985010155565_881927396_o-1-e1498486935397-1.jpg","datePublished":"2017-06-26T14:24:06+00:00","dateModified":"2019-11-21T15:48:14+00:00","breadcrumb":{"@id":"https:\/\/www.bandi.pl\/blog\/ix-konferencja-sekcji-dermatologii-estetycznej-polskiego-towarzystwa-dermatologicznego\/#breadcrumb"},"inLanguage":"pl-PL","potentialAction":[{"@type":"ReadAction","target":["https:\/\/www.bandi.pl\/blog\/ix-konferencja-sekcji-dermatologii-estetycznej-polskiego-towarzystwa-dermatologicznego\/"]}]},{"@type":"ImageObject","inLanguage":"pl-PL","@id":"https:\/\/www.bandi.pl\/blog\/ix-konferencja-sekcji-dermatologii-estetycznej-polskiego-towarzystwa-dermatologicznego\/#primaryimage","url":"https:\/\/www.bandi.pl\/blog\/wp-content\/uploads\/2017\/06\/19449507_1531985010155565_881927396_o-1-e1498486935397-1.jpg","contentUrl":"https:\/\/www.bandi.pl\/blog\/wp-content\/uploads\/2017\/06\/19449507_1531985010155565_881927396_o-1-e1498486935397-1.jpg","width":900,"height":675,"caption":"IX Konferencja Sekcji Dermatologii Estetycznej Polskiego Towarzystwa Dermatologicznego"},{"@type":"BreadcrumbList","@id":"https:\/\/www.bandi.pl\/blog\/ix-konferencja-sekcji-dermatologii-estetycznej-polskiego-towarzystwa-dermatologicznego\/#breadcrumb","itemListElement":[{"@type":"ListItem","position":1,"name":"BANDI","item":"https:\/\/www.bandi.pl\/blog\/"},{"@type":"ListItem","position":2,"name":"IX Konferencja Sekcji Dermatologii Estetycznej Polskiego Towarzystwa Dermatologicznego"}]},{"@type":"WebSite","@id":"https:\/\/www.bandi.pl\/blog\/#website","url":"https:\/\/www.bandi.pl\/blog\/","name":"Blog BANDI","description":"Czarno na bia\u0142ym o kosmetykach","publisher":{"@id":"https:\/\/www.bandi.pl\/blog\/#organization"},"potentialAction":[{"@type":"SearchAction","target":{"@type":"EntryPoint","urlTemplate":"https:\/\/www.bandi.pl\/blog\/?s={search_term_string}"},"query-input":{"@type":"PropertyValueSpecification","valueRequired":true,"valueName":"search_term_string"}}],"inLanguage":"pl-PL"},{"@type":"Organization","@id":"https:\/\/www.bandi.pl\/blog\/#organization","name":"BANDI","url":"https:\/\/www.bandi.pl\/blog\/","logo":{"@type":"ImageObject","inLanguage":"pl-PL","@id":"https:\/\/www.bandi.pl\/blog\/#\/schema\/logo\/image\/","url":"https:\/\/www.bandi.pl\/blog\/wp-content\/uploads\/2019\/06\/bandi-logo.png","contentUrl":"https:\/\/www.bandi.pl\/blog\/wp-content\/uploads\/2019\/06\/bandi-logo.png","width":264,"height":111,"caption":"BANDI"},"image":{"@id":"https:\/\/www.bandi.pl\/blog\/#\/schema\/logo\/image\/"},"sameAs":["https:\/\/web.facebook.com\/BANDIcosmetics","https:\/\/x.com\/bandi_cosmetics","https:\/\/www.instagram.com\/bandi_cosmetics\/","https:\/\/www.pinterest.com\/bandicosmetics\/","https:\/\/www.youtube.com\/user\/BandiCosmeticsPolska"]},{"@type":"Person","@id":"https:\/\/www.bandi.pl\/blog\/#\/schema\/person\/6905a8e1379d84df843b078d275c5aea","name":"BANDI","sameAs":["https:\/\/www.bandi.pl\/blog"]}]}},"_links":{"self":[{"href":"https:\/\/www.bandi.pl\/blog\/wp-json\/wp\/v2\/posts\/2314","targetHints":{"allow":["GET"]}}],"collection":[{"href":"https:\/\/www.bandi.pl\/blog\/wp-json\/wp\/v2\/posts"}],"about":[{"href":"https:\/\/www.bandi.pl\/blog\/wp-json\/wp\/v2\/types\/post"}],"author":[{"embeddable":true,"href":"https:\/\/www.bandi.pl\/blog\/wp-json\/wp\/v2\/users\/3"}],"replies":[{"embeddable":true,"href":"https:\/\/www.bandi.pl\/blog\/wp-json\/wp\/v2\/comments?post=2314"}],"version-history":[{"count":3,"href":"https:\/\/www.bandi.pl\/blog\/wp-json\/wp\/v2\/posts\/2314\/revisions"}],"predecessor-version":[{"id":4389,"href":"https:\/\/www.bandi.pl\/blog\/wp-json\/wp\/v2\/posts\/2314\/revisions\/4389"}],"wp:featuredmedia":[{"embeddable":true,"href":"https:\/\/www.bandi.pl\/blog\/wp-json\/wp\/v2\/media\/4386"}],"wp:attachment":[{"href":"https:\/\/www.bandi.pl\/blog\/wp-json\/wp\/v2\/media?parent=2314"}],"wp:term":[{"taxonomy":"category","embeddable":true,"href":"https:\/\/www.bandi.pl\/blog\/wp-json\/wp\/v2\/categories?post=2314"},{"taxonomy":"post_tag","embeddable":true,"href":"https:\/\/www.bandi.pl\/blog\/wp-json\/wp\/v2\/tags?post=2314"}],"curies":[{"name":"wp","href":"https:\/\/api.w.org\/{rel}","templated":true}]}}