{"id":23001,"date":"2026-04-28T14:14:52","date_gmt":"2026-04-28T12:14:52","guid":{"rendered":"https:\/\/www.bandi.pl\/blog\/?p=23001"},"modified":"2026-04-28T14:14:54","modified_gmt":"2026-04-28T12:14:54","slug":"wypryski-na-twarzy-wiosna-jak-ograniczyc-ich-powstawanie","status":"publish","type":"post","link":"https:\/\/www.bandi.pl\/blog\/wypryski-na-twarzy-wiosna-jak-ograniczyc-ich-powstawanie\/","title":{"rendered":"Wypryski na twarzy wiosn\u0105 \u2013 jak ograniczy\u0107 ich powstawanie?"},"content":{"rendered":"\n<p>Wiosna to czas, w kt\u00f3rym wiele os\u00f3b zauwa\u017ca nag\u0142\u0105 zmian\u0119 kondycji swojej sk\u00f3ry. W przypadku cery mieszanej zamiast oczekiwanej poprawy i \u201eroz\u015bwietlenia cery\u201d, mog\u0105 pojawi\u0107 si\u0119 nowe wypryski, zask\u00f3rniki i wi\u0119ksze przet\u0142uszczanie. Zmieniaj\u0105ce si\u0119 warunki atmosferyczne, intensywniejsze promieniowanie UV wiosn\u0105 i zaburzona bariera hydrolipidowa po zimie sprawiaj\u0105, \u017ce sk\u00f3ra cz\u0119sto traci r\u00f3wnowag\u0119 mi\u0119dzy nawil\u017ceniem a produkcj\u0105 sebum, co bezpo\u015brednio przek\u0142ada si\u0119 na nasilenie powstawania niedoskona\u0142o\u015bci.<\/p>\n\n\n\n<h2 class=\"wp-block-heading\">Dlaczego wiosn\u0105 pojawia si\u0119 wi\u0119cej wyprysk\u00f3w?<\/h2>\n\n\n\n<p>Pocz\u0105tek wiosny cz\u0119sto daje z\u0142udne wra\u017cenie poprawy stanu sk\u00f3ry. Promieniowanie UV mo\u017ce chwilowo zmniejszy\u0107 widoczno\u015b\u0107 zmian, jednak efekt ten nie utrzymuje si\u0119 d\u0142ugo. Przy braku odpowiedniej ochrony sk\u00f3ry w d\u0142u\u017cszej perspektywie dochodzi do jej przesuszenia, co uruchamia mechanizmy obronne i skutkuje zwi\u0119kszon\u0105 produkcj\u0105 sebum i rogowaceniem nask\u00f3rka. To w\u0142a\u015bnie te procesy odpowiadaj\u0105 za nasilenie problemu niedoskona\u0142o\u015bci w kolejnych tygodniach.<\/p>\n\n\n\n<h2 class=\"wp-block-heading\">Wiosenna piel\u0119gnacja sk\u00f3ry tr\u0105dzikowej \u2013 klucz do r\u00f3wnowagi<\/h2>\n\n\n\n<p>Sk\u00f3ra sk\u0142onna do wyprysk\u00f3w nie toleruje skrajno\u015bci. Nadmierne oczyszczanie, stosowanie zbyt agresywnych kosmetyk\u00f3w czy nieumiej\u0119tne \u0142\u0105czenie wielu sk\u0142adnik\u00f3w aktywnych mo\u017ce prowadzi\u0107 do pogorszenia jej kondycji. Dlatego tak wa\u017cne jest, aby si\u0119ga\u0107 po preparaty, kt\u00f3re dzia\u0142aj\u0105 skutecznie, ale \u0142agodnie. Istotne znaczenie ma normalizacja wydzielania sebum i jednoczesne nawil\u017canie sk\u00f3ry, wsparcie r\u00f3wnowagi mikrobiomu, odbudowa bariery hydrolipidowej i ochrona przed wp\u0142ywem promieniowania UV.<\/p>\n\n\n\n<h2 class=\"wp-block-heading\">Jak powinna wygl\u0105da\u0107 codzienna rutyna?<\/h2>\n\n\n\n<p>Poranna piel\u0119gnacja powinna zaczyna\u0107 si\u0119 od delikatnego oczyszczania. Tu warto wybra\u0107 \u0142agodne <a href=\"https:\/\/www.bandi.pl\/sklep\/katalog\/wyr\/pianka\/\">pianki<\/a> lub <a href=\"https:\/\/www.bandi.pl\/sklep\/katalog.php?wyr=zel+oczyszcza\">\u017cele<\/a>, a nast\u0119pnie przetrze\u0107 sk\u00f3r\u0119 <a href=\"https:\/\/www.bandi.pl\/sklep\/katalog\/wyr\/tonik\/\">tonikiem<\/a>, kt\u00f3ry przywr\u00f3ci prawid\u0142owe pH. W kolejnym kroku warto si\u0119gn\u0105\u0107 po lekki kosmetyk normalizuj\u0105cy, kt\u00f3ry dodatkowo zapewni ochron\u0119 przeciws\u0142oneczn\u0105. Wieczorem kluczowe jest dok\u0142adne usuni\u0119cie zanieczyszcze\u0144. Pomocne b\u0119dzie <a href=\"https:\/\/www.bandi.pl\/sklep\/katalog.php?wyr=maselko+demakija%BF\">mase\u0142ko do demakija\u017cu<\/a>, kt\u00f3re w \u0142agodny, ale skuteczny spos\u00f3b usunie makija\u017c, nadmiar sebum i zanieczyszczenia. Nast\u0119pnie podobnie jak rano konieczne jest zastosowanie toniku. Dopiero na tak przygotowan\u0105 sk\u00f3r\u0119 mo\u017cna na\u0142o\u017cy\u0107 preparat o w\u0142a\u015bciwo\u015bciach seboreguluj\u0105cych i nawil\u017caj\u0105cych. W przypadku pojedynczych zmian warto dodatkowo zastosowa\u0107 kosmetyk o <a href=\"https:\/\/www.bandi.pl\/sklep\/zestawy\/punktowa-pasta-na-niedoskonalosci-dzien-noc-972\/\">punktowym dzia\u0142aniu<\/a> przyspieszajacym &#8222;gojenie&#8221;. Taki schemat pomo\u017ce utrzyma\u0107 sk\u00f3rze r\u00f3wnowag\u0119 i lepiej funkcjonowa\u0107 w zmiennych warunkach.<\/p>\n\n\n\n<h2 class=\"wp-block-heading\">Sk\u0142adniki aktywne idealne na wiosn\u0119<\/h2>\n\n\n\n<p>Wiosenna piel\u0119gnacja powinna bazowa\u0107 na skutecznych sk\u0142adnikach aktywnych, kt\u00f3re jednak jedocze\u015bnie nie uwra\u017cliwiaj\u0105 sk\u00f3ry na dzia\u0142anie s\u0142o\u0144ca, takich jak:<\/p>\n\n\n\n<ul class=\"wp-block-list\">\n<li>azeloglicyna &#8211; wspiera kontrol\u0119 wydzielania sebum i wyr\u00f3wnuje koloryt cery,<\/li>\n\n\n\n<li>kalamina &#8211; \u0142agodzi podra\u017cnienia i zmniejsza zaczerwienienia,<\/li>\n\n\n\n<li>tlenek cynku &#8211; pomaga w regeneracji nask\u00f3rka, wykazuje dzia\u0142anie matuj\u0105ce,<\/li>\n\n\n\n<li>pre- i probiotyki &#8211; wspieraj\u0105 mikrobiom i pomagaj\u0105 utrzyma\u0107 prawid\u0142owe pH sk\u00f3ry.<\/li>\n<\/ul>\n\n\n\n<p>Te sk\u0142adniki stosowane regularnie pomog\u0105 utrzyma\u0107 sk\u00f3r\u0119 w dobrej kondycji wiosn\u0105 bez potrzeby silniejszego z\u0142uszczania. <\/p>\n\n\n\n<h2 class=\"wp-block-heading\">Lekkie kosmetyki na wypryski \u2013 co sprawdzi si\u0119 najlepiej?<\/h2>\n\n\n\n<div class=\"wp-block-media-text is-stacked-on-mobile\" style=\"grid-template-columns:44% auto\"><figure class=\"wp-block-media-text__media\"><a href=\"https:\/\/www.bandi.pl\/sklep\/emulsje\/zmniejszajaca-pory-lekka-emulsja-na-dzien-632\/\"><img loading=\"lazy\" decoding=\"async\" width=\"420\" height=\"420\" src=\"https:\/\/www.bandi.pl\/blog\/wp-content\/uploads\/2026\/04\/bandi-sebo-056-420x420.jpg\" alt=\"na wypryski\" class=\"wp-image-23014 size-full\"\/><\/a><\/figure><div class=\"wp-block-media-text__content\">\n<p><a href=\"https:\/\/www.bandi.pl\/sklep\/emulsje\/zmniejszajaca-pory-lekka-emulsja-na-dzien-632\/\">Zmniejszaj\u0105ca pory lekka emulsja<\/a> to kosmetyk o dzia\u0142aniu normalizuj\u0105cym. Nie obci\u0105\u017ca sk\u00f3ry i jednocze\u015bnie ogranicza jej przet\u0142uszczanie. Zawiera w sk\u0142adzie niacynamid i czerwon\u0105 koniczyn\u0119, kt\u00f3re reguluj\u0105 wydzielanie seum i przyczyniaj\u0105 si\u0119 do zmniejszenia widoczno\u015bci rozszerzonych uj\u015b\u0107 gruczo\u0142\u00f3w \u0142ojowych.<\/p>\n<\/div><\/div>\n\n\n\n<div class=\"wp-block-media-text has-media-on-the-right is-stacked-on-mobile\" style=\"grid-template-columns:auto 44%\"><div class=\"wp-block-media-text__content\">\n<p><a href=\"https:\/\/www.bandi.pl\/sklep\/zele\/seboregulujacy-krem-zel-dzien-noc-969\/\">Seboreguluj\u0105cy krem-\u017cel <\/a>sprawdzi si\u0119 zar\u00f3wno rano pod makija\u017c, jak i wieczorem jako lekki etap domykaj\u0105cy piel\u0119gnacj\u0119. Dzi\u0119ki zawarto\u015bci biomimetycznych ferment\u00f3w, aktywnych protein i niacynamidu nie tylko zmniejsza przet\u0142uszczanie si\u0119 cery, ale jednocze\u015bnie nawil\u017ca i sprzyja wyg\u0142adzeniu nask\u00f3rka.<\/p>\n<\/div><figure class=\"wp-block-media-text__media\"><a href=\"https:\/\/www.bandi.pl\/sklep\/zele\/seboregulujacy-krem-zel-dzien-noc-969\/\"><img loading=\"lazy\" decoding=\"async\" width=\"420\" height=\"420\" src=\"https:\/\/www.bandi.pl\/blog\/wp-content\/uploads\/2026\/04\/bandi-sebo-040-420x420.jpg\" alt=\"na wypryski\" class=\"wp-image-23013 size-full\"\/><\/a><\/figure><\/div>\n\n\n\n<p><\/p>\n\n\n\n<h2 class=\"wp-block-heading\">Ochrona przeciws\u0142oneczna przy cerze tr\u0105dzikowej<\/h2>\n\n\n\n<p>Stosowanie filtr\u00f3w SPF to jeden z najwa\u017cniejszych element\u00f3w piel\u0119gnacji wiosn\u0105. Warto wybiera\u0107 lekkie formu\u0142y, kt\u00f3re nie blokuj\u0105 uj\u015b\u0107 gruczo\u0142\u00f3w \u0142ojowych a jednocze\u015bnie wspieraj\u0105 utrzymanie prawid\u0142owego nawil\u017cenia jak <a href=\"https:\/\/www.bandi.pl\/sklep\/kremy\/barierowy-krem-normalizujacy-spf20-na-dzien-633\/\">Barierowy krem normalizuj\u0105cy SPF 20<\/a>. Mo\u017cna tak\u017ce si\u0119gn\u0105\u0107 po ochron\u0119 przeciws\u0142oneczn\u0105 z delikatnym efektem wyr\u00f3wnuj\u0105cym koloryt cery i zmniejszaj\u0105cym widoczno\u015b\u0107 niedoskona\u0142o\u015bci jak <a href=\"https:\/\/www.bandi.pl\/sklep\/kremy\/krem-bb-spf-30-multiaktywny-1186\/\">Krem BB SPF 30 multiaktywny<\/a>.<\/p>\n\n\n\n<h2 class=\"wp-block-heading\">Nawil\u017canie sk\u00f3ry problematycznej \u2013 czy jest konieczne?<\/h2>\n\n\n\n<p>Cz\u0119stym b\u0142\u0119dem jest rezygnacja z nawil\u017cania w obawie przed nadmiernym b\u0142yszczeniem. Tymczasem odpowiednie nawodnienie sk\u00f3ry pomaga regulowa\u0107 produkcj\u0119 sebum. Lekkie <a href=\"https:\/\/www.bandi.pl\/sklep\/emulsje\/emulsja-probiotyczna-intensywnie-nawilzajaca-1122\/\">emulsje z dodatkiem pre- i probiotyk\u00f3w<\/a> oraz sk\u0142adnik\u00f3w wzmacniaj\u0105cych barier\u0119 hydrolipidow\u0105 wspieraj\u0105 regeneracj\u0119 i ograniczaj\u0105 sk\u0142onno\u015b\u0107 do powstawania wyprysk\u00f3w.<\/p>\n\n\n\n<h2 class=\"wp-block-heading\">Najcz\u0119stsze b\u0142\u0119dy w piel\u0119gnacji wiosennej<\/h2>\n\n\n\n<p>Wiele os\u00f3b pope\u0142nia te same schematyczne b\u0142\u0119dy: rezygnuje z nawil\u017cania, pomija filtr SPF lub stosuje zbyt wiele produkt\u00f3w z\u0142uszczaj\u0105cych jednocze\u015bnie. Takie dzia\u0142ania zamiast poprawy przynosz\u0105 pogorszenie stanu sk\u00f3ry. W praktyce znacznie lepsze efekty daje konsekwencja, delikatno\u015b\u0107 i dobrze dobrane, lekkie kosmetyki.<\/p>\n\n\n\n<h2 class=\"wp-block-heading\">Jak skutecznie ograniczy\u0107 wypryski na twarzy?<\/h2>\n\n\n\n<p>Zamiast walczy\u0107 ze sk\u00f3r\u0105, warto skupi\u0107 si\u0119 na przywracaniu jej r\u00f3wnowagi. Delikatne oczyszczanie, lekkie nawil\u017canie, sk\u0142adniki seboreguluj\u0105ce oraz codzienna ochrona UV to fundament skutecznej piel\u0119gnacji. To w\u0142a\u015bnie takie podej\u015bcie najcz\u0119\u015bciej przek\u0142ada si\u0119 na spokojniejszy wygl\u0105d sk\u00f3ry i wyra\u017ane ograniczenie niedoskona\u0142o\u015bci wiosn\u0105.<\/p>\n\n\n\n<div class=\"wp-block-divi-layout\">[et_pb_section fb_built=&#8221;1&#8243; theme_builder_area=&#8221;post_content&#8221; _builder_version=&#8221;4.27.4&#8243; _module_preset=&#8221;default&#8221;][\/et_pb_section][et_pb_section fb_built=&#8221;1&#8243; _builder_version=&#8221;4.16&#8243; top_divider_style=&#8221;arrow&#8221; top_divider_color=&#8221;rgba(255,166,168,0.75)&#8221; top_divider_height=&#8221;1px&#8221; bottom_divider_style=&#8221;arrow&#8221; bottom_divider_color=&#8221;rgba(255,166,168,0.75)&#8221; bottom_divider_height=&#8221;1px&#8221; global_colors_info=&#8221;{}&#8221; theme_builder_area=&#8221;post_content&#8221;][et_pb_row column_structure=&#8221;1_2,1_2&#8243; _builder_version=&#8221;4.16&#8243; width=&#8221;100%&#8221; module_alignment=&#8221;left&#8221; custom_margin=&#8221;||||false|false&#8221; global_colors_info=&#8221;{}&#8221; theme_builder_area=&#8221;post_content&#8221;][et_pb_column type=&#8221;1_2&#8243; _builder_version=&#8221;4.16&#8243; global_colors_info=&#8221;{}&#8221; theme_builder_area=&#8221;post_content&#8221;][et_pb_text _builder_version=&#8221;4.27.4&#8243; text_font=&#8221;Raleway Bold||||||||&#8221; text_text_color=&#8221;rgba(255,166,168,0.75)&#8221; text_font_size=&#8221;55px&#8221; text_letter_spacing=&#8221;9px&#8221; text_line_height=&#8221;1em&#8221; header_font_size=&#8221;39px&#8221; min_height=&#8221;23px&#8221; custom_margin=&#8221;40px||||false|false&#8221; link_option_url=&#8221;https:\/\/www.bandi.pl\/sklep\/katalog\/seria\/72_sebo-care\/&#8221; hover_enabled=&#8221;0&#8243; inline_fonts=&#8221;Raleway Bold&#8221; global_colors_info=&#8221;{}&#8221; theme_builder_area=&#8221;post_content&#8221; sticky_enabled=&#8221;0&#8243;]<p style=\"text-align: center;\"><span style=\"font-size: xx-large; font-family: inherit; font-weight: normal;\"><strong>SEBO CARE<\/strong><\/span><\/p>\n<p style=\"text-align: center;\"><span style=\"font-size: xx-large; font-family: inherit; font-weight: normal;\"><strong><\/strong><\/span><\/p>[\/et_pb_text][et_pb_text _builder_version=&#8221;4.27.4&#8243; text_font=&#8221;Raleway Regular||||||||&#8221; text_text_color=&#8221;#b8b8b8&#8243; text_font_size=&#8221;22px&#8221; text_line_height=&#8221;1.5em&#8221; link_option_url=&#8221;https:\/\/www.bandi.pl\/sklep\/katalog\/seria\/72_sebo-care\/&#8221; hover_enabled=&#8221;0&#8243; global_colors_info=&#8221;{}&#8221; theme_builder_area=&#8221;post_content&#8221; sticky_enabled=&#8221;0&#8243;]<p style=\"text-align: center;\">Skuteczna piel\u0119gnacja przeciw niedoskona\u0142o\u015bciom na wiosn\u0119<\/p>[\/et_pb_text][et_pb_button button_url=&#8221;https:\/\/www.bandi.pl\/sklep\/katalog\/seria\/72_sebo-care\/&#8221; button_text=&#8221;ZOBACZ&#8221; button_alignment=&#8221;center&#8221; disabled_on=&#8221;off|off|off&#8221; _builder_version=&#8221;4.27.4&#8243; custom_button=&#8221;on&#8221; button_text_size=&#8221;20px&#8221; button_text_color=&#8221;#ffffff&#8221; button_border_radius=&#8221;25px&#8221; button_font=&#8221;Bree Serif||||||||&#8221; background_layout=&#8221;dark&#8221; custom_padding=&#8221;12px|30px|12px|30px|true|true&#8221; hover_transition_duration=&#8221;0ms&#8221; hover_enabled=&#8221;0&#8243; box_shadow_style=&#8221;preset3&#8243; global_colors_info=&#8221;{}&#8221; theme_builder_area=&#8221;post_content&#8221; sticky_enabled=&#8221;0&#8243;][\/et_pb_button][\/et_pb_column][et_pb_column type=&#8221;1_2&#8243; _builder_version=&#8221;4.16&#8243; global_colors_info=&#8221;{}&#8221; theme_builder_area=&#8221;post_content&#8221;][et_pb_image src=&#8221;https:\/\/www.bandi.pl\/blog\/wp-content\/uploads\/2026\/04\/bandi-sebo-022-d-scaled.jpg&#8221; title_text=&#8221;bandi-sebo-022-d&#8221; url=&#8221;https:\/\/www.bandi.pl\/sklep\/katalog\/seria\/72_sebo-care\/&#8221; align=&#8221;center&#8221; _builder_version=&#8221;4.27.4&#8243; width=&#8221;100%&#8221; hover_enabled=&#8221;0&#8243; global_colors_info=&#8221;{}&#8221; theme_builder_area=&#8221;post_content&#8221; sticky_enabled=&#8221;0&#8243;][\/et_pb_image][\/et_pb_column][\/et_pb_row][\/et_pb_section]<\/div>\n\n\n\n<div class=\"wp-block-divi-layout\">[et_pb_section admin_label=&#8221;section&#8221;][et_pb_row admin_label=&#8221;row&#8221;][\/et_pb_row][\/et_pb_section]<\/div>\n","protected":false},"excerpt":{"rendered":"<p>Wiosna to czas, w kt\u00f3rym wiele os\u00f3b zauwa\u017ca nag\u0142\u0105 zmian\u0119 kondycji swojej sk\u00f3ry. W przypadku cery mieszanej zamiast oczekiwanej poprawy i \u201eroz\u015bwietlenia cery\u201d, mog\u0105 pojawi\u0107 si\u0119 nowe wypryski, zask\u00f3rniki i wi\u0119ksze przet\u0142uszczanie. Zmieniaj\u0105ce si\u0119 warunki atmosferyczne, intensywniejsze promieniowanie UV wiosn\u0105 i zaburzona bariera hydrolipidowa po zimie sprawiaj\u0105, \u017ce sk\u00f3ra cz\u0119sto traci r\u00f3wnowag\u0119 mi\u0119dzy nawil\u017ceniem a [&hellip;]<\/p>\n","protected":false},"author":13,"featured_media":23017,"comment_status":"open","ping_status":"closed","sticky":false,"template":"","format":"standard","meta":{"_et_pb_use_builder":"off","_et_pb_old_content":"","_et_gb_content_width":"","footnotes":""},"categories":[6800,1817],"tags":[3445,8957,85,4232,4031,75,4230,5868,7228,8958,20,4169],"class_list":["post-23001","post","type-post","status-publish","format-standard","has-post-thumbnail","hentry","category-agata-rybak","category-kategoria-pielegnacja-i-kosmetyki","tag-bandi","tag-blyszczenie-sie-cery","tag-cera-mieszana","tag-kosmetyki-profesjonalne","tag-krem-nawilzajacy","tag-lojotok","tag-pielegnacja-profesjonalna","tag-pielegnacja-twarzy","tag-przetluszczanie-sie-cery","tag-seboregulacja","tag-tradzik","tag-zaskorniki"],"yoast_head":"<!-- This site is optimized with the Yoast SEO plugin v27.1.1 - https:\/\/yoast.com\/product\/yoast-seo-wordpress\/ -->\n<title>Wypryski na twarzy wiosn\u0105 \u2013 jak ograniczy\u0107 ich powstawanie? &#187; Blog BANDI<\/title>\n<meta name=\"robots\" content=\"index, follow, max-snippet:-1, max-image-preview:large, max-video-preview:-1\" \/>\n<link rel=\"canonical\" href=\"https:\/\/www.bandi.pl\/blog\/wypryski-na-twarzy-wiosna-jak-ograniczyc-ich-powstawanie\/\" \/>\n<meta property=\"og:locale\" content=\"pl_PL\" \/>\n<meta property=\"og:type\" content=\"article\" \/>\n<meta property=\"og:title\" content=\"Wypryski na twarzy wiosn\u0105 \u2013 jak ograniczy\u0107 ich powstawanie? &#187; Blog BANDI\" \/>\n<meta property=\"og:description\" content=\"Wiosna to czas, w kt\u00f3rym wiele os\u00f3b zauwa\u017ca nag\u0142\u0105 zmian\u0119 kondycji swojej sk\u00f3ry. W przypadku cery mieszanej zamiast oczekiwanej poprawy i \u201eroz\u015bwietlenia cery\u201d, mog\u0105 pojawi\u0107 si\u0119 nowe wypryski, zask\u00f3rniki i wi\u0119ksze przet\u0142uszczanie. Zmieniaj\u0105ce si\u0119 warunki atmosferyczne, intensywniejsze promieniowanie UV wiosn\u0105 i zaburzona bariera hydrolipidowa po zimie sprawiaj\u0105, \u017ce sk\u00f3ra cz\u0119sto traci r\u00f3wnowag\u0119 mi\u0119dzy nawil\u017ceniem a [&hellip;]\" \/>\n<meta property=\"og:url\" content=\"https:\/\/www.bandi.pl\/blog\/wypryski-na-twarzy-wiosna-jak-ograniczyc-ich-powstawanie\/\" \/>\n<meta property=\"og:site_name\" content=\"Blog BANDI\" \/>\n<meta property=\"article:publisher\" content=\"https:\/\/web.facebook.com\/BANDIcosmetics\" \/>\n<meta property=\"article:published_time\" content=\"2026-04-28T12:14:52+00:00\" \/>\n<meta property=\"article:modified_time\" content=\"2026-04-28T12:14:54+00:00\" \/>\n<meta property=\"og:image\" content=\"https:\/\/www.bandi.pl\/blog\/wp-content\/uploads\/2026\/04\/Projekt-bez-nazwy-7-6-592x420.png\" \/>\n\t<meta property=\"og:image:width\" content=\"592\" \/>\n\t<meta property=\"og:image:height\" content=\"420\" \/>\n\t<meta property=\"og:image:type\" content=\"image\/png\" \/>\n<meta name=\"author\" content=\"Ilona Kiraga\" \/>\n<meta name=\"twitter:card\" content=\"summary_large_image\" \/>\n<meta name=\"twitter:creator\" content=\"@bandi_cosmetics\" \/>\n<meta name=\"twitter:site\" content=\"@bandi_cosmetics\" \/>\n<meta name=\"twitter:label1\" content=\"Napisane przez\" \/>\n\t<meta name=\"twitter:data1\" content=\"Ilona Kiraga\" \/>\n\t<meta name=\"twitter:label2\" content=\"Szacowany czas czytania\" \/>\n\t<meta name=\"twitter:data2\" content=\"6 minut\" \/>\n<script type=\"application\/ld+json\" class=\"yoast-schema-graph\">{\"@context\":\"https:\/\/schema.org\",\"@graph\":[{\"@type\":\"Article\",\"@id\":\"https:\/\/www.bandi.pl\/blog\/wypryski-na-twarzy-wiosna-jak-ograniczyc-ich-powstawanie\/#article\",\"isPartOf\":{\"@id\":\"https:\/\/www.bandi.pl\/blog\/wypryski-na-twarzy-wiosna-jak-ograniczyc-ich-powstawanie\/\"},\"author\":{\"name\":\"Ilona Kiraga\",\"@id\":\"https:\/\/www.bandi.pl\/blog\/#\/schema\/person\/5ba05af1a18c58f1c31d4ae051ec9499\"},\"headline\":\"Wypryski na twarzy wiosn\u0105 \u2013 jak ograniczy\u0107 ich powstawanie?\",\"datePublished\":\"2026-04-28T12:14:52+00:00\",\"dateModified\":\"2026-04-28T12:14:54+00:00\",\"mainEntityOfPage\":{\"@id\":\"https:\/\/www.bandi.pl\/blog\/wypryski-na-twarzy-wiosna-jak-ograniczyc-ich-powstawanie\/\"},\"wordCount\":1262,\"commentCount\":0,\"publisher\":{\"@id\":\"https:\/\/www.bandi.pl\/blog\/#organization\"},\"image\":{\"@id\":\"https:\/\/www.bandi.pl\/blog\/wypryski-na-twarzy-wiosna-jak-ograniczyc-ich-powstawanie\/#primaryimage\"},\"thumbnailUrl\":\"https:\/\/www.bandi.pl\/blog\/wp-content\/uploads\/2026\/04\/Projekt-bez-nazwy-7-6.png\",\"keywords\":[\"Bandi\",\"b\u0142yszczenie si\u0119 cery\",\"cera mieszana\",\"kosmetyki profesjonalne\",\"krem nawil\u017cajacy\",\"\u0142ojotok\",\"piel\u0119gnacja profesjonalna\",\"piel\u0119gnacja twarzy\",\"przet\u0142uszczanie si\u0119 cery\",\"seboregulacja\",\"tr\u0105dzik\",\"zask\u00f3rniki\"],\"articleSection\":[\"Agata Rybak\",\"Piel\u0119gnacja i kosmetyki\"],\"inLanguage\":\"pl-PL\",\"potentialAction\":[{\"@type\":\"CommentAction\",\"name\":\"Comment\",\"target\":[\"https:\/\/www.bandi.pl\/blog\/wypryski-na-twarzy-wiosna-jak-ograniczyc-ich-powstawanie\/#respond\"]}]},{\"@type\":\"WebPage\",\"@id\":\"https:\/\/www.bandi.pl\/blog\/wypryski-na-twarzy-wiosna-jak-ograniczyc-ich-powstawanie\/\",\"url\":\"https:\/\/www.bandi.pl\/blog\/wypryski-na-twarzy-wiosna-jak-ograniczyc-ich-powstawanie\/\",\"name\":\"Wypryski na twarzy wiosn\u0105 \u2013 jak ograniczy\u0107 ich powstawanie? &#187; Blog BANDI\",\"isPartOf\":{\"@id\":\"https:\/\/www.bandi.pl\/blog\/#website\"},\"primaryImageOfPage\":{\"@id\":\"https:\/\/www.bandi.pl\/blog\/wypryski-na-twarzy-wiosna-jak-ograniczyc-ich-powstawanie\/#primaryimage\"},\"image\":{\"@id\":\"https:\/\/www.bandi.pl\/blog\/wypryski-na-twarzy-wiosna-jak-ograniczyc-ich-powstawanie\/#primaryimage\"},\"thumbnailUrl\":\"https:\/\/www.bandi.pl\/blog\/wp-content\/uploads\/2026\/04\/Projekt-bez-nazwy-7-6.png\",\"datePublished\":\"2026-04-28T12:14:52+00:00\",\"dateModified\":\"2026-04-28T12:14:54+00:00\",\"breadcrumb\":{\"@id\":\"https:\/\/www.bandi.pl\/blog\/wypryski-na-twarzy-wiosna-jak-ograniczyc-ich-powstawanie\/#breadcrumb\"},\"inLanguage\":\"pl-PL\",\"potentialAction\":[{\"@type\":\"ReadAction\",\"target\":[\"https:\/\/www.bandi.pl\/blog\/wypryski-na-twarzy-wiosna-jak-ograniczyc-ich-powstawanie\/\"]}]},{\"@type\":\"ImageObject\",\"inLanguage\":\"pl-PL\",\"@id\":\"https:\/\/www.bandi.pl\/blog\/wypryski-na-twarzy-wiosna-jak-ograniczyc-ich-powstawanie\/#primaryimage\",\"url\":\"https:\/\/www.bandi.pl\/blog\/wp-content\/uploads\/2026\/04\/Projekt-bez-nazwy-7-6.png\",\"contentUrl\":\"https:\/\/www.bandi.pl\/blog\/wp-content\/uploads\/2026\/04\/Projekt-bez-nazwy-7-6.png\",\"width\":1748,\"height\":1240},{\"@type\":\"BreadcrumbList\",\"@id\":\"https:\/\/www.bandi.pl\/blog\/wypryski-na-twarzy-wiosna-jak-ograniczyc-ich-powstawanie\/#breadcrumb\",\"itemListElement\":[{\"@type\":\"ListItem\",\"position\":1,\"name\":\"BANDI\",\"item\":\"https:\/\/www.bandi.pl\/blog\/\"},{\"@type\":\"ListItem\",\"position\":2,\"name\":\"Wypryski na twarzy wiosn\u0105 \u2013 jak ograniczy\u0107 ich powstawanie?\"}]},{\"@type\":\"WebSite\",\"@id\":\"https:\/\/www.bandi.pl\/blog\/#website\",\"url\":\"https:\/\/www.bandi.pl\/blog\/\",\"name\":\"Blog BANDI\",\"description\":\"Czarno na bia\u0142ym o kosmetykach\",\"publisher\":{\"@id\":\"https:\/\/www.bandi.pl\/blog\/#organization\"},\"potentialAction\":[{\"@type\":\"SearchAction\",\"target\":{\"@type\":\"EntryPoint\",\"urlTemplate\":\"https:\/\/www.bandi.pl\/blog\/?s={search_term_string}\"},\"query-input\":{\"@type\":\"PropertyValueSpecification\",\"valueRequired\":true,\"valueName\":\"search_term_string\"}}],\"inLanguage\":\"pl-PL\"},{\"@type\":\"Organization\",\"@id\":\"https:\/\/www.bandi.pl\/blog\/#organization\",\"name\":\"BANDI\",\"url\":\"https:\/\/www.bandi.pl\/blog\/\",\"logo\":{\"@type\":\"ImageObject\",\"inLanguage\":\"pl-PL\",\"@id\":\"https:\/\/www.bandi.pl\/blog\/#\/schema\/logo\/image\/\",\"url\":\"https:\/\/www.bandi.pl\/blog\/wp-content\/uploads\/2019\/06\/bandi-logo.png\",\"contentUrl\":\"https:\/\/www.bandi.pl\/blog\/wp-content\/uploads\/2019\/06\/bandi-logo.png\",\"width\":264,\"height\":111,\"caption\":\"BANDI\"},\"image\":{\"@id\":\"https:\/\/www.bandi.pl\/blog\/#\/schema\/logo\/image\/\"},\"sameAs\":[\"https:\/\/web.facebook.com\/BANDIcosmetics\",\"https:\/\/x.com\/bandi_cosmetics\",\"https:\/\/www.instagram.com\/bandi_cosmetics\/\",\"https:\/\/www.pinterest.com\/bandicosmetics\/\",\"https:\/\/www.youtube.com\/user\/BandiCosmeticsPolska\"]},{\"@type\":\"Person\",\"@id\":\"https:\/\/www.bandi.pl\/blog\/#\/schema\/person\/5ba05af1a18c58f1c31d4ae051ec9499\",\"name\":\"Ilona Kiraga\"}]}<\/script>\n<!-- \/ Yoast SEO plugin. -->","yoast_head_json":{"title":"Wypryski na twarzy wiosn\u0105 \u2013 jak ograniczy\u0107 ich powstawanie? &#187; Blog BANDI","robots":{"index":"index","follow":"follow","max-snippet":"max-snippet:-1","max-image-preview":"max-image-preview:large","max-video-preview":"max-video-preview:-1"},"canonical":"https:\/\/www.bandi.pl\/blog\/wypryski-na-twarzy-wiosna-jak-ograniczyc-ich-powstawanie\/","og_locale":"pl_PL","og_type":"article","og_title":"Wypryski na twarzy wiosn\u0105 \u2013 jak ograniczy\u0107 ich powstawanie? &#187; Blog BANDI","og_description":"Wiosna to czas, w kt\u00f3rym wiele os\u00f3b zauwa\u017ca nag\u0142\u0105 zmian\u0119 kondycji swojej sk\u00f3ry. W przypadku cery mieszanej zamiast oczekiwanej poprawy i \u201eroz\u015bwietlenia cery\u201d, mog\u0105 pojawi\u0107 si\u0119 nowe wypryski, zask\u00f3rniki i wi\u0119ksze przet\u0142uszczanie. Zmieniaj\u0105ce si\u0119 warunki atmosferyczne, intensywniejsze promieniowanie UV wiosn\u0105 i zaburzona bariera hydrolipidowa po zimie sprawiaj\u0105, \u017ce sk\u00f3ra cz\u0119sto traci r\u00f3wnowag\u0119 mi\u0119dzy nawil\u017ceniem a [&hellip;]","og_url":"https:\/\/www.bandi.pl\/blog\/wypryski-na-twarzy-wiosna-jak-ograniczyc-ich-powstawanie\/","og_site_name":"Blog BANDI","article_publisher":"https:\/\/web.facebook.com\/BANDIcosmetics","article_published_time":"2026-04-28T12:14:52+00:00","article_modified_time":"2026-04-28T12:14:54+00:00","og_image":[{"width":592,"height":420,"url":"https:\/\/www.bandi.pl\/blog\/wp-content\/uploads\/2026\/04\/Projekt-bez-nazwy-7-6-592x420.png","type":"image\/png"}],"author":"Ilona Kiraga","twitter_card":"summary_large_image","twitter_creator":"@bandi_cosmetics","twitter_site":"@bandi_cosmetics","twitter_misc":{"Napisane przez":"Ilona Kiraga","Szacowany czas czytania":"6 minut"},"schema":{"@context":"https:\/\/schema.org","@graph":[{"@type":"Article","@id":"https:\/\/www.bandi.pl\/blog\/wypryski-na-twarzy-wiosna-jak-ograniczyc-ich-powstawanie\/#article","isPartOf":{"@id":"https:\/\/www.bandi.pl\/blog\/wypryski-na-twarzy-wiosna-jak-ograniczyc-ich-powstawanie\/"},"author":{"name":"Ilona Kiraga","@id":"https:\/\/www.bandi.pl\/blog\/#\/schema\/person\/5ba05af1a18c58f1c31d4ae051ec9499"},"headline":"Wypryski na twarzy wiosn\u0105 \u2013 jak ograniczy\u0107 ich powstawanie?","datePublished":"2026-04-28T12:14:52+00:00","dateModified":"2026-04-28T12:14:54+00:00","mainEntityOfPage":{"@id":"https:\/\/www.bandi.pl\/blog\/wypryski-na-twarzy-wiosna-jak-ograniczyc-ich-powstawanie\/"},"wordCount":1262,"commentCount":0,"publisher":{"@id":"https:\/\/www.bandi.pl\/blog\/#organization"},"image":{"@id":"https:\/\/www.bandi.pl\/blog\/wypryski-na-twarzy-wiosna-jak-ograniczyc-ich-powstawanie\/#primaryimage"},"thumbnailUrl":"https:\/\/www.bandi.pl\/blog\/wp-content\/uploads\/2026\/04\/Projekt-bez-nazwy-7-6.png","keywords":["Bandi","b\u0142yszczenie si\u0119 cery","cera mieszana","kosmetyki profesjonalne","krem nawil\u017cajacy","\u0142ojotok","piel\u0119gnacja profesjonalna","piel\u0119gnacja twarzy","przet\u0142uszczanie si\u0119 cery","seboregulacja","tr\u0105dzik","zask\u00f3rniki"],"articleSection":["Agata Rybak","Piel\u0119gnacja i kosmetyki"],"inLanguage":"pl-PL","potentialAction":[{"@type":"CommentAction","name":"Comment","target":["https:\/\/www.bandi.pl\/blog\/wypryski-na-twarzy-wiosna-jak-ograniczyc-ich-powstawanie\/#respond"]}]},{"@type":"WebPage","@id":"https:\/\/www.bandi.pl\/blog\/wypryski-na-twarzy-wiosna-jak-ograniczyc-ich-powstawanie\/","url":"https:\/\/www.bandi.pl\/blog\/wypryski-na-twarzy-wiosna-jak-ograniczyc-ich-powstawanie\/","name":"Wypryski na twarzy wiosn\u0105 \u2013 jak ograniczy\u0107 ich powstawanie? &#187; Blog BANDI","isPartOf":{"@id":"https:\/\/www.bandi.pl\/blog\/#website"},"primaryImageOfPage":{"@id":"https:\/\/www.bandi.pl\/blog\/wypryski-na-twarzy-wiosna-jak-ograniczyc-ich-powstawanie\/#primaryimage"},"image":{"@id":"https:\/\/www.bandi.pl\/blog\/wypryski-na-twarzy-wiosna-jak-ograniczyc-ich-powstawanie\/#primaryimage"},"thumbnailUrl":"https:\/\/www.bandi.pl\/blog\/wp-content\/uploads\/2026\/04\/Projekt-bez-nazwy-7-6.png","datePublished":"2026-04-28T12:14:52+00:00","dateModified":"2026-04-28T12:14:54+00:00","breadcrumb":{"@id":"https:\/\/www.bandi.pl\/blog\/wypryski-na-twarzy-wiosna-jak-ograniczyc-ich-powstawanie\/#breadcrumb"},"inLanguage":"pl-PL","potentialAction":[{"@type":"ReadAction","target":["https:\/\/www.bandi.pl\/blog\/wypryski-na-twarzy-wiosna-jak-ograniczyc-ich-powstawanie\/"]}]},{"@type":"ImageObject","inLanguage":"pl-PL","@id":"https:\/\/www.bandi.pl\/blog\/wypryski-na-twarzy-wiosna-jak-ograniczyc-ich-powstawanie\/#primaryimage","url":"https:\/\/www.bandi.pl\/blog\/wp-content\/uploads\/2026\/04\/Projekt-bez-nazwy-7-6.png","contentUrl":"https:\/\/www.bandi.pl\/blog\/wp-content\/uploads\/2026\/04\/Projekt-bez-nazwy-7-6.png","width":1748,"height":1240},{"@type":"BreadcrumbList","@id":"https:\/\/www.bandi.pl\/blog\/wypryski-na-twarzy-wiosna-jak-ograniczyc-ich-powstawanie\/#breadcrumb","itemListElement":[{"@type":"ListItem","position":1,"name":"BANDI","item":"https:\/\/www.bandi.pl\/blog\/"},{"@type":"ListItem","position":2,"name":"Wypryski na twarzy wiosn\u0105 \u2013 jak ograniczy\u0107 ich powstawanie?"}]},{"@type":"WebSite","@id":"https:\/\/www.bandi.pl\/blog\/#website","url":"https:\/\/www.bandi.pl\/blog\/","name":"Blog BANDI","description":"Czarno na bia\u0142ym o kosmetykach","publisher":{"@id":"https:\/\/www.bandi.pl\/blog\/#organization"},"potentialAction":[{"@type":"SearchAction","target":{"@type":"EntryPoint","urlTemplate":"https:\/\/www.bandi.pl\/blog\/?s={search_term_string}"},"query-input":{"@type":"PropertyValueSpecification","valueRequired":true,"valueName":"search_term_string"}}],"inLanguage":"pl-PL"},{"@type":"Organization","@id":"https:\/\/www.bandi.pl\/blog\/#organization","name":"BANDI","url":"https:\/\/www.bandi.pl\/blog\/","logo":{"@type":"ImageObject","inLanguage":"pl-PL","@id":"https:\/\/www.bandi.pl\/blog\/#\/schema\/logo\/image\/","url":"https:\/\/www.bandi.pl\/blog\/wp-content\/uploads\/2019\/06\/bandi-logo.png","contentUrl":"https:\/\/www.bandi.pl\/blog\/wp-content\/uploads\/2019\/06\/bandi-logo.png","width":264,"height":111,"caption":"BANDI"},"image":{"@id":"https:\/\/www.bandi.pl\/blog\/#\/schema\/logo\/image\/"},"sameAs":["https:\/\/web.facebook.com\/BANDIcosmetics","https:\/\/x.com\/bandi_cosmetics","https:\/\/www.instagram.com\/bandi_cosmetics\/","https:\/\/www.pinterest.com\/bandicosmetics\/","https:\/\/www.youtube.com\/user\/BandiCosmeticsPolska"]},{"@type":"Person","@id":"https:\/\/www.bandi.pl\/blog\/#\/schema\/person\/5ba05af1a18c58f1c31d4ae051ec9499","name":"Ilona Kiraga"}]}},"_links":{"self":[{"href":"https:\/\/www.bandi.pl\/blog\/wp-json\/wp\/v2\/posts\/23001","targetHints":{"allow":["GET"]}}],"collection":[{"href":"https:\/\/www.bandi.pl\/blog\/wp-json\/wp\/v2\/posts"}],"about":[{"href":"https:\/\/www.bandi.pl\/blog\/wp-json\/wp\/v2\/types\/post"}],"author":[{"embeddable":true,"href":"https:\/\/www.bandi.pl\/blog\/wp-json\/wp\/v2\/users\/13"}],"replies":[{"embeddable":true,"href":"https:\/\/www.bandi.pl\/blog\/wp-json\/wp\/v2\/comments?post=23001"}],"version-history":[{"count":11,"href":"https:\/\/www.bandi.pl\/blog\/wp-json\/wp\/v2\/posts\/23001\/revisions"}],"predecessor-version":[{"id":23016,"href":"https:\/\/www.bandi.pl\/blog\/wp-json\/wp\/v2\/posts\/23001\/revisions\/23016"}],"wp:featuredmedia":[{"embeddable":true,"href":"https:\/\/www.bandi.pl\/blog\/wp-json\/wp\/v2\/media\/23017"}],"wp:attachment":[{"href":"https:\/\/www.bandi.pl\/blog\/wp-json\/wp\/v2\/media?parent=23001"}],"wp:term":[{"taxonomy":"category","embeddable":true,"href":"https:\/\/www.bandi.pl\/blog\/wp-json\/wp\/v2\/categories?post=23001"},{"taxonomy":"post_tag","embeddable":true,"href":"https:\/\/www.bandi.pl\/blog\/wp-json\/wp\/v2\/tags?post=23001"}],"curies":[{"name":"wp","href":"https:\/\/api.w.org\/{rel}","templated":true}]}}