{"id":22980,"date":"2026-04-30T08:55:32","date_gmt":"2026-04-30T06:55:32","guid":{"rendered":"https:\/\/www.bandi.pl\/blog\/?p=22980"},"modified":"2026-04-30T08:55:33","modified_gmt":"2026-04-30T06:55:33","slug":"brazowe-zmiany-na-skorze-czy-sa-grozne","status":"publish","type":"post","link":"https:\/\/www.bandi.pl\/blog\/brazowe-zmiany-na-skorze-czy-sa-grozne\/","title":{"rendered":"Br\u0105zowe zmiany na sk\u00f3rze &#8211; czy s\u0105 gro\u017ane?"},"content":{"rendered":"\n<p>Na sk\u00f3rze mog\u0105 wyst\u0119powa\u0107 zmiany o barwie od \u017c\u00f3\u0142tej do ciemnobr\u0105zowej, czarnej, m.in. znamiona barwnikowe (melanocytowe) popularnie nazywane \u201epieprzykami\u201d, przebarwienia pos\u0142oneczne, brodawki \u0142ojotokowe. W razie w\u0105tpliwo\u015bci jaki charakter ma zmiana nale\u017cy skonsultowa\u0107 si\u0119 z lekarzem. &nbsp;Zmiany ocenia si\u0119 dermatoskopem\/wideodermatoskopem, analizuj\u0105c symetri\u0119, granice, kolor, wielko\u015b\u0107, u\u0142o\u017cenie r\u00f3\u017cnych struktur, co pozwala okre\u015bli\u0107 ich rodzaj i ustali\u0107 dalsze post\u0119powanie.<\/p>\n\n\n\n<h2 class=\"wp-block-heading\">Znamiona barwnikowe<\/h2>\n\n\n\n<p>Znamiona barwnikowe, czyli melanocytowe, zwane \u201epieprzykami\u201d wyst\u0119puj\u0105 u wszystkich os\u00f3b. Mog\u0105 by\u0107 pojedyncze lub liczne, pojawia\u0107 si\u0119 w dzieci\u0144stwie a stopniowo mo\u017ce ich przybywa\u0107. Wyst\u0119puj\u0105 na ca\u0142ej sk\u00f3rze, tak\u017ce na g\u0142owie, we w\u0142osach, na twarzy, na tu\u0142owiu, ko\u0144czynach g\u00f3rnych i dolnych, na d\u0142oniach, podeszwach, na \u015bluz\u00f3wce jamy ustnej czy narz\u0105d\u00f3w p\u0142ciowych. Rzadko znamiona zlokalizowane s\u0105 pod paznokciem. \u015arednica znamion melanocytowych wynosi od 1-2 mm do oko\u0142o 5 mm, ale obserwuje si\u0119 tak\u017ce znamiona wi\u0119ksze tzw. znamiona wrodzone olbrzymie zajmuj\u0105ce np. ca\u0142e plecy czy po\u015bladki. Znamiona barwnikowe maj\u0105 barw\u0119 od jasnobe\u017cowej do czarnej, p\u0142ask\u0105 powierzchni\u0119 lub wynios\u0142\u0105, s\u0105 z w\u0142osami lub bez. Szczeg\u00f3ln\u0105 uwag\u0119 nale\u017cy zwr\u00f3ci\u0107 na znamiona atypowe, kt\u00f3re s\u0105 wi\u0119ksze (5-15 mm), o nieregularnych granicach i niejednolitym zabarwieniu w r\u00f3\u017cnych odcieniach br\u0105zu, niewyra\u017anie odgraniczone od otoczenia, p\u0142askie lub wynios\u0142e w cz\u0119\u015bci \u015brodkowej. Cz\u0119sto wyst\u0119puj\u0105 licznie, u os\u00f3b spokrewnionych i wi\u0105\u017c\u0105 si\u0119 ze zwi\u0119kszonym ryzykiem czerniaka. <\/p>\n\n\n\n<p>Znamion mo\u017ce przybywa\u0107 przez ca\u0142e \u017cycie. Ze znamienia barwnikowego, ale tak\u017ce ze sk\u00f3ry bez znamienia barwnikowego mo\u017ce powsta\u0107 czerniak.&nbsp;Profilaktyka obejmuje obserwacj\u0119 sk\u00f3ry i znamion, a w przypadku zmian w ich wygl\u0105dzie nale\u017cy zg\u0142osi\u0107 si\u0119 do lekarza. Objawy alarmowe to powi\u0119kszenie znamienia barwnikowego, poszerzenie granic, asymetria, wypustki, ciemniejsze, niejednolite zabarwienie, zaczerwienienie, \u015bwi\u0105d, krwawienie. Po konsultacji lekarskiej i badaniu dermatoskopem\/wideodermatoskopem ustala si\u0119 dalsze post\u0119powanie. By zmniejszy\u0107 ryzyko pojawienia si\u0119 czerniaka trzeba ograniczy\u0107 ekspozycj\u0119 na s\u0142o\u0144ce, szczeg\u00f3lnie w godzinach po\u0142udniowych, zakrywa\u0107 sk\u00f3r\u0119 ubraniem, stosowa\u0107 fotoprotekcj\u0119.<\/p>\n\n\n\n<h2 class=\"wp-block-heading\">Przebarwienie pos\u0142oneczne<\/h2>\n\n\n\n<p>Najcz\u0119\u015bciej obserwuje si\u0119 u os\u00f3b starszych, ale mog\u0105 pojawi\u0107 si\u0119 tak\u017ce wcze\u015bniej. Powstaj\u0105 w wyniku przewlek\u0142ej ekspozycji na s\u0142o\u0144ce, a g\u0142\u00f3wna lokalizacja to twarz, grzbiety r\u0105k, przedramiona, tak\u017ce dekolt, plecy. S\u0105 to p\u0142askie, \u017c\u00f3\u0142tobr\u0105zowe plamy o nieregularnym kszta\u0142cie, \u015brednicy od kilku do kilkunastu mm. Zmiany o niejednolitym zabarwieniu, zmieniaj\u0105ce si\u0119 powinny by\u0107 konsultowane przez lekarza. Przebarwienia mog\u0105 tak\u017ce wyst\u0119powa\u0107 po niekt\u00f3rych lekach i ekspozycji na s\u0142o\u0144ce, czy przy kontakcie sk\u00f3ry z r\u00f3\u017cnymi cz\u0119\u015bciami ro\u015blin i nast\u0119powej ekspozycji na UV. Powstaj\u0105 wtedy przebarwienia po wyst\u0105pieniu odczynu fototoksycznego. Dlatego, trzeba bardzo uwa\u017ca\u0107 na kontakt z ro\u015blinami i s\u0142o\u0144cem. W celu zmniejszenia widoczno\u015bci przebarwie\u0144 nale\u017cy stosowa\u0107 preparaty rozja\u015bniaj\u0105ce, z\u0142uszczaj\u0105ce, hamuj\u0105ce melanogenez\u0119 i obowi\u0105zkowo fotoprotekcj\u0119.<\/p>\n\n\n\n<h2 class=\"wp-block-heading\">Brodawki \u0142ojotokowe<\/h2>\n\n\n\n<p>Brodawki \u0142ojotokowe s\u0105 typowe dla os\u00f3b dojrza\u0142ych, maj\u0105 nier\u00f3wn\u0105 powierzchni\u0119, barw\u0119 od \u017c\u00f3\u0142tej do brunatnej, nawet czarnej, mog\u0105 powodowa\u0107 \u015bwi\u0105d. Ich \u015brednica wynosi od kilku mm do oko\u0142o 20 mm, ale mog\u0105 by\u0107 te\u017c wi\u0119ksze. Brodawki \u0142ojotokowe nie maj\u0105 w\u0142os\u00f3w. Najcz\u0119stsz\u0105 ich lokalizacj\u0105 jest tu\u0142\u00f3w, szyja, tak\u017ce twarz. S\u0105 to zmiany \u0142agodne, kt\u00f3re mo\u017cna usuwa\u0107 chirurgicznie, laserem, kriochirurgi\u0105. Na zmiany niezbyt wynios\u0142e mo\u017cna stosowa\u0107 preparaty z mocznikiem.<\/p>\n\n\n\n<p><\/p>\n\n\n\n<figure class=\"wp-block-image aligncenter size-large\"><img loading=\"lazy\" decoding=\"async\" width=\"550\" height=\"420\" src=\"https:\/\/www.bandi.pl\/blog\/wp-content\/uploads\/2026\/04\/brodawki-lojotokowe-550x420.jpg\" alt=\"\" class=\"wp-image-23018\" srcset=\"https:\/\/www.bandi.pl\/blog\/wp-content\/uploads\/2026\/04\/brodawki-lojotokowe-550x420.jpg 550w, https:\/\/www.bandi.pl\/blog\/wp-content\/uploads\/2026\/04\/brodawki-lojotokowe-480x366.jpg 480w\" sizes=\"(min-width: 0px) and (max-width: 480px) 480px, (min-width: 481px) 550px, 100vw\" \/><figcaption class=\"wp-element-caption\">*Zdj\u0119cia obj\u0119te prawami autorskimi. Kopiowanie, rozpowszechnianie i wykorzystywanie bez zgody autora jest zabronione.<\/figcaption><\/figure>\n","protected":false},"excerpt":{"rendered":"<p>Na sk\u00f3rze mog\u0105 wyst\u0119powa\u0107 zmiany o barwie od \u017c\u00f3\u0142tej do ciemnobr\u0105zowej, czarnej, m.in. znamiona barwnikowe (melanocytowe) popularnie nazywane \u201epieprzykami\u201d, przebarwienia pos\u0142oneczne, brodawki \u0142ojotokowe. W razie w\u0105tpliwo\u015bci jaki charakter ma zmiana nale\u017cy skonsultowa\u0107 si\u0119 z lekarzem. &nbsp;Zmiany ocenia si\u0119 dermatoskopem\/wideodermatoskopem, analizuj\u0105c symetri\u0119, granice, kolor, wielko\u015b\u0107, u\u0142o\u017cenie r\u00f3\u017cnych struktur, co pozwala okre\u015bli\u0107 ich rodzaj i ustali\u0107 dalsze [&hellip;]<\/p>\n","protected":false},"author":13,"featured_media":22982,"comment_status":"open","ping_status":"closed","sticky":false,"template":"","format":"standard","meta":{"_et_pb_use_builder":"off","_et_pb_old_content":"","_et_gb_content_width":"","footnotes":""},"categories":[2050,1817],"tags":[3445,6165,4232,4230,5868,8956],"class_list":["post-22980","post","type-post","status-publish","format-standard","has-post-thumbnail","hentry","category-magdalena-ciupinska","category-kategoria-pielegnacja-i-kosmetyki","tag-bandi","tag-czerniak","tag-kosmetyki-profesjonalne","tag-pielegnacja-profesjonalna","tag-pielegnacja-twarzy","tag-znamiona-skory"],"yoast_head":"<!-- This site is optimized with the Yoast SEO plugin v27.1.1 - https:\/\/yoast.com\/product\/yoast-seo-wordpress\/ -->\n<title>Br\u0105zowe zmiany na sk\u00f3rze - czy s\u0105 gro\u017ane? &#187; Blog BANDI<\/title>\n<meta name=\"description\" content=\"Br\u0105zowe zmiany na sk\u00f3rze mog\u0105 mie\u0107 r\u00f3\u017cne pochodzenie. Niekt\u00f3re s\u0105 niegro\u017ane i stanowi\u0105 tylko defekt kosmetyczny, inne nale\u017cy obserwowa\u0107 i regularnie kontrolowa\u0107 u lekarza ze wzgl\u0119du na ryzyko wyst\u0105pienia czerniaka.\" \/>\n<meta name=\"robots\" content=\"index, follow, max-snippet:-1, max-image-preview:large, max-video-preview:-1\" \/>\n<link rel=\"canonical\" href=\"https:\/\/www.bandi.pl\/blog\/brazowe-zmiany-na-skorze-czy-sa-grozne\/\" \/>\n<meta property=\"og:locale\" content=\"pl_PL\" \/>\n<meta property=\"og:type\" content=\"article\" \/>\n<meta property=\"og:title\" content=\"Br\u0105zowe zmiany na sk\u00f3rze - czy s\u0105 gro\u017ane? &#187; Blog BANDI\" \/>\n<meta property=\"og:description\" content=\"Br\u0105zowe zmiany na sk\u00f3rze mog\u0105 mie\u0107 r\u00f3\u017cne pochodzenie. Niekt\u00f3re s\u0105 niegro\u017ane i stanowi\u0105 tylko defekt kosmetyczny, inne nale\u017cy obserwowa\u0107 i regularnie kontrolowa\u0107 u lekarza ze wzgl\u0119du na ryzyko wyst\u0105pienia czerniaka.\" \/>\n<meta property=\"og:url\" content=\"https:\/\/www.bandi.pl\/blog\/brazowe-zmiany-na-skorze-czy-sa-grozne\/\" \/>\n<meta property=\"og:site_name\" content=\"Blog BANDI\" \/>\n<meta property=\"article:publisher\" content=\"https:\/\/web.facebook.com\/BANDIcosmetics\" \/>\n<meta property=\"article:published_time\" content=\"2026-04-30T06:55:32+00:00\" \/>\n<meta property=\"article:modified_time\" content=\"2026-04-30T06:55:33+00:00\" \/>\n<meta property=\"og:image\" content=\"https:\/\/www.bandi.pl\/blog\/wp-content\/uploads\/2026\/04\/Projekt-bez-nazwy-7-4-592x420.png\" \/>\n\t<meta property=\"og:image:width\" content=\"592\" \/>\n\t<meta property=\"og:image:height\" content=\"420\" \/>\n\t<meta property=\"og:image:type\" content=\"image\/png\" \/>\n<meta name=\"author\" content=\"Ilona Kiraga\" \/>\n<meta name=\"twitter:card\" content=\"summary_large_image\" \/>\n<meta name=\"twitter:creator\" content=\"@bandi_cosmetics\" \/>\n<meta name=\"twitter:site\" content=\"@bandi_cosmetics\" \/>\n<meta name=\"twitter:label1\" content=\"Napisane przez\" \/>\n\t<meta name=\"twitter:data1\" content=\"Ilona Kiraga\" \/>\n\t<meta name=\"twitter:label2\" content=\"Szacowany czas czytania\" \/>\n\t<meta name=\"twitter:data2\" content=\"4 minuty\" \/>\n<script type=\"application\/ld+json\" class=\"yoast-schema-graph\">{\"@context\":\"https:\/\/schema.org\",\"@graph\":[{\"@type\":\"Article\",\"@id\":\"https:\/\/www.bandi.pl\/blog\/brazowe-zmiany-na-skorze-czy-sa-grozne\/#article\",\"isPartOf\":{\"@id\":\"https:\/\/www.bandi.pl\/blog\/brazowe-zmiany-na-skorze-czy-sa-grozne\/\"},\"author\":{\"name\":\"Ilona Kiraga\",\"@id\":\"https:\/\/www.bandi.pl\/blog\/#\/schema\/person\/5ba05af1a18c58f1c31d4ae051ec9499\"},\"headline\":\"Br\u0105zowe zmiany na sk\u00f3rze &#8211; czy s\u0105 gro\u017ane?\",\"datePublished\":\"2026-04-30T06:55:32+00:00\",\"dateModified\":\"2026-04-30T06:55:33+00:00\",\"mainEntityOfPage\":{\"@id\":\"https:\/\/www.bandi.pl\/blog\/brazowe-zmiany-na-skorze-czy-sa-grozne\/\"},\"wordCount\":623,\"commentCount\":0,\"publisher\":{\"@id\":\"https:\/\/www.bandi.pl\/blog\/#organization\"},\"image\":{\"@id\":\"https:\/\/www.bandi.pl\/blog\/brazowe-zmiany-na-skorze-czy-sa-grozne\/#primaryimage\"},\"thumbnailUrl\":\"https:\/\/www.bandi.pl\/blog\/wp-content\/uploads\/2026\/04\/Projekt-bez-nazwy-7-4.png\",\"keywords\":[\"Bandi\",\"czerniak\",\"kosmetyki profesjonalne\",\"piel\u0119gnacja profesjonalna\",\"piel\u0119gnacja twarzy\",\"znamiona sk\u00f3ry\"],\"articleSection\":[\"Magdalena Ciupi\u0144ska\",\"Piel\u0119gnacja i kosmetyki\"],\"inLanguage\":\"pl-PL\",\"potentialAction\":[{\"@type\":\"CommentAction\",\"name\":\"Comment\",\"target\":[\"https:\/\/www.bandi.pl\/blog\/brazowe-zmiany-na-skorze-czy-sa-grozne\/#respond\"]}]},{\"@type\":\"WebPage\",\"@id\":\"https:\/\/www.bandi.pl\/blog\/brazowe-zmiany-na-skorze-czy-sa-grozne\/\",\"url\":\"https:\/\/www.bandi.pl\/blog\/brazowe-zmiany-na-skorze-czy-sa-grozne\/\",\"name\":\"Br\u0105zowe zmiany na sk\u00f3rze - czy s\u0105 gro\u017ane? &#187; Blog BANDI\",\"isPartOf\":{\"@id\":\"https:\/\/www.bandi.pl\/blog\/#website\"},\"primaryImageOfPage\":{\"@id\":\"https:\/\/www.bandi.pl\/blog\/brazowe-zmiany-na-skorze-czy-sa-grozne\/#primaryimage\"},\"image\":{\"@id\":\"https:\/\/www.bandi.pl\/blog\/brazowe-zmiany-na-skorze-czy-sa-grozne\/#primaryimage\"},\"thumbnailUrl\":\"https:\/\/www.bandi.pl\/blog\/wp-content\/uploads\/2026\/04\/Projekt-bez-nazwy-7-4.png\",\"datePublished\":\"2026-04-30T06:55:32+00:00\",\"dateModified\":\"2026-04-30T06:55:33+00:00\",\"description\":\"Br\u0105zowe zmiany na sk\u00f3rze mog\u0105 mie\u0107 r\u00f3\u017cne pochodzenie. Niekt\u00f3re s\u0105 niegro\u017ane i stanowi\u0105 tylko defekt kosmetyczny, inne nale\u017cy obserwowa\u0107 i regularnie kontrolowa\u0107 u lekarza ze wzgl\u0119du na ryzyko wyst\u0105pienia czerniaka.\",\"breadcrumb\":{\"@id\":\"https:\/\/www.bandi.pl\/blog\/brazowe-zmiany-na-skorze-czy-sa-grozne\/#breadcrumb\"},\"inLanguage\":\"pl-PL\",\"potentialAction\":[{\"@type\":\"ReadAction\",\"target\":[\"https:\/\/www.bandi.pl\/blog\/brazowe-zmiany-na-skorze-czy-sa-grozne\/\"]}]},{\"@type\":\"ImageObject\",\"inLanguage\":\"pl-PL\",\"@id\":\"https:\/\/www.bandi.pl\/blog\/brazowe-zmiany-na-skorze-czy-sa-grozne\/#primaryimage\",\"url\":\"https:\/\/www.bandi.pl\/blog\/wp-content\/uploads\/2026\/04\/Projekt-bez-nazwy-7-4.png\",\"contentUrl\":\"https:\/\/www.bandi.pl\/blog\/wp-content\/uploads\/2026\/04\/Projekt-bez-nazwy-7-4.png\",\"width\":1748,\"height\":1240,\"caption\":\"br\u0105zowe zmiany na sk\u00f3rze\"},{\"@type\":\"BreadcrumbList\",\"@id\":\"https:\/\/www.bandi.pl\/blog\/brazowe-zmiany-na-skorze-czy-sa-grozne\/#breadcrumb\",\"itemListElement\":[{\"@type\":\"ListItem\",\"position\":1,\"name\":\"BANDI\",\"item\":\"https:\/\/www.bandi.pl\/blog\/\"},{\"@type\":\"ListItem\",\"position\":2,\"name\":\"Br\u0105zowe zmiany na sk\u00f3rze &#8211; czy s\u0105 gro\u017ane?\"}]},{\"@type\":\"WebSite\",\"@id\":\"https:\/\/www.bandi.pl\/blog\/#website\",\"url\":\"https:\/\/www.bandi.pl\/blog\/\",\"name\":\"Blog BANDI\",\"description\":\"Czarno na bia\u0142ym o kosmetykach\",\"publisher\":{\"@id\":\"https:\/\/www.bandi.pl\/blog\/#organization\"},\"potentialAction\":[{\"@type\":\"SearchAction\",\"target\":{\"@type\":\"EntryPoint\",\"urlTemplate\":\"https:\/\/www.bandi.pl\/blog\/?s={search_term_string}\"},\"query-input\":{\"@type\":\"PropertyValueSpecification\",\"valueRequired\":true,\"valueName\":\"search_term_string\"}}],\"inLanguage\":\"pl-PL\"},{\"@type\":\"Organization\",\"@id\":\"https:\/\/www.bandi.pl\/blog\/#organization\",\"name\":\"BANDI\",\"url\":\"https:\/\/www.bandi.pl\/blog\/\",\"logo\":{\"@type\":\"ImageObject\",\"inLanguage\":\"pl-PL\",\"@id\":\"https:\/\/www.bandi.pl\/blog\/#\/schema\/logo\/image\/\",\"url\":\"https:\/\/www.bandi.pl\/blog\/wp-content\/uploads\/2019\/06\/bandi-logo.png\",\"contentUrl\":\"https:\/\/www.bandi.pl\/blog\/wp-content\/uploads\/2019\/06\/bandi-logo.png\",\"width\":264,\"height\":111,\"caption\":\"BANDI\"},\"image\":{\"@id\":\"https:\/\/www.bandi.pl\/blog\/#\/schema\/logo\/image\/\"},\"sameAs\":[\"https:\/\/web.facebook.com\/BANDIcosmetics\",\"https:\/\/x.com\/bandi_cosmetics\",\"https:\/\/www.instagram.com\/bandi_cosmetics\/\",\"https:\/\/www.pinterest.com\/bandicosmetics\/\",\"https:\/\/www.youtube.com\/user\/BandiCosmeticsPolska\"]},{\"@type\":\"Person\",\"@id\":\"https:\/\/www.bandi.pl\/blog\/#\/schema\/person\/5ba05af1a18c58f1c31d4ae051ec9499\",\"name\":\"Ilona Kiraga\"}]}<\/script>\n<!-- \/ Yoast SEO plugin. -->","yoast_head_json":{"title":"Br\u0105zowe zmiany na sk\u00f3rze - czy s\u0105 gro\u017ane? &#187; Blog BANDI","description":"Br\u0105zowe zmiany na sk\u00f3rze mog\u0105 mie\u0107 r\u00f3\u017cne pochodzenie. Niekt\u00f3re s\u0105 niegro\u017ane i stanowi\u0105 tylko defekt kosmetyczny, inne nale\u017cy obserwowa\u0107 i regularnie kontrolowa\u0107 u lekarza ze wzgl\u0119du na ryzyko wyst\u0105pienia czerniaka.","robots":{"index":"index","follow":"follow","max-snippet":"max-snippet:-1","max-image-preview":"max-image-preview:large","max-video-preview":"max-video-preview:-1"},"canonical":"https:\/\/www.bandi.pl\/blog\/brazowe-zmiany-na-skorze-czy-sa-grozne\/","og_locale":"pl_PL","og_type":"article","og_title":"Br\u0105zowe zmiany na sk\u00f3rze - czy s\u0105 gro\u017ane? &#187; Blog BANDI","og_description":"Br\u0105zowe zmiany na sk\u00f3rze mog\u0105 mie\u0107 r\u00f3\u017cne pochodzenie. Niekt\u00f3re s\u0105 niegro\u017ane i stanowi\u0105 tylko defekt kosmetyczny, inne nale\u017cy obserwowa\u0107 i regularnie kontrolowa\u0107 u lekarza ze wzgl\u0119du na ryzyko wyst\u0105pienia czerniaka.","og_url":"https:\/\/www.bandi.pl\/blog\/brazowe-zmiany-na-skorze-czy-sa-grozne\/","og_site_name":"Blog BANDI","article_publisher":"https:\/\/web.facebook.com\/BANDIcosmetics","article_published_time":"2026-04-30T06:55:32+00:00","article_modified_time":"2026-04-30T06:55:33+00:00","og_image":[{"width":592,"height":420,"url":"https:\/\/www.bandi.pl\/blog\/wp-content\/uploads\/2026\/04\/Projekt-bez-nazwy-7-4-592x420.png","type":"image\/png"}],"author":"Ilona Kiraga","twitter_card":"summary_large_image","twitter_creator":"@bandi_cosmetics","twitter_site":"@bandi_cosmetics","twitter_misc":{"Napisane przez":"Ilona Kiraga","Szacowany czas czytania":"4 minuty"},"schema":{"@context":"https:\/\/schema.org","@graph":[{"@type":"Article","@id":"https:\/\/www.bandi.pl\/blog\/brazowe-zmiany-na-skorze-czy-sa-grozne\/#article","isPartOf":{"@id":"https:\/\/www.bandi.pl\/blog\/brazowe-zmiany-na-skorze-czy-sa-grozne\/"},"author":{"name":"Ilona Kiraga","@id":"https:\/\/www.bandi.pl\/blog\/#\/schema\/person\/5ba05af1a18c58f1c31d4ae051ec9499"},"headline":"Br\u0105zowe zmiany na sk\u00f3rze &#8211; czy s\u0105 gro\u017ane?","datePublished":"2026-04-30T06:55:32+00:00","dateModified":"2026-04-30T06:55:33+00:00","mainEntityOfPage":{"@id":"https:\/\/www.bandi.pl\/blog\/brazowe-zmiany-na-skorze-czy-sa-grozne\/"},"wordCount":623,"commentCount":0,"publisher":{"@id":"https:\/\/www.bandi.pl\/blog\/#organization"},"image":{"@id":"https:\/\/www.bandi.pl\/blog\/brazowe-zmiany-na-skorze-czy-sa-grozne\/#primaryimage"},"thumbnailUrl":"https:\/\/www.bandi.pl\/blog\/wp-content\/uploads\/2026\/04\/Projekt-bez-nazwy-7-4.png","keywords":["Bandi","czerniak","kosmetyki profesjonalne","piel\u0119gnacja profesjonalna","piel\u0119gnacja twarzy","znamiona sk\u00f3ry"],"articleSection":["Magdalena Ciupi\u0144ska","Piel\u0119gnacja i kosmetyki"],"inLanguage":"pl-PL","potentialAction":[{"@type":"CommentAction","name":"Comment","target":["https:\/\/www.bandi.pl\/blog\/brazowe-zmiany-na-skorze-czy-sa-grozne\/#respond"]}]},{"@type":"WebPage","@id":"https:\/\/www.bandi.pl\/blog\/brazowe-zmiany-na-skorze-czy-sa-grozne\/","url":"https:\/\/www.bandi.pl\/blog\/brazowe-zmiany-na-skorze-czy-sa-grozne\/","name":"Br\u0105zowe zmiany na sk\u00f3rze - czy s\u0105 gro\u017ane? &#187; Blog BANDI","isPartOf":{"@id":"https:\/\/www.bandi.pl\/blog\/#website"},"primaryImageOfPage":{"@id":"https:\/\/www.bandi.pl\/blog\/brazowe-zmiany-na-skorze-czy-sa-grozne\/#primaryimage"},"image":{"@id":"https:\/\/www.bandi.pl\/blog\/brazowe-zmiany-na-skorze-czy-sa-grozne\/#primaryimage"},"thumbnailUrl":"https:\/\/www.bandi.pl\/blog\/wp-content\/uploads\/2026\/04\/Projekt-bez-nazwy-7-4.png","datePublished":"2026-04-30T06:55:32+00:00","dateModified":"2026-04-30T06:55:33+00:00","description":"Br\u0105zowe zmiany na sk\u00f3rze mog\u0105 mie\u0107 r\u00f3\u017cne pochodzenie. Niekt\u00f3re s\u0105 niegro\u017ane i stanowi\u0105 tylko defekt kosmetyczny, inne nale\u017cy obserwowa\u0107 i regularnie kontrolowa\u0107 u lekarza ze wzgl\u0119du na ryzyko wyst\u0105pienia czerniaka.","breadcrumb":{"@id":"https:\/\/www.bandi.pl\/blog\/brazowe-zmiany-na-skorze-czy-sa-grozne\/#breadcrumb"},"inLanguage":"pl-PL","potentialAction":[{"@type":"ReadAction","target":["https:\/\/www.bandi.pl\/blog\/brazowe-zmiany-na-skorze-czy-sa-grozne\/"]}]},{"@type":"ImageObject","inLanguage":"pl-PL","@id":"https:\/\/www.bandi.pl\/blog\/brazowe-zmiany-na-skorze-czy-sa-grozne\/#primaryimage","url":"https:\/\/www.bandi.pl\/blog\/wp-content\/uploads\/2026\/04\/Projekt-bez-nazwy-7-4.png","contentUrl":"https:\/\/www.bandi.pl\/blog\/wp-content\/uploads\/2026\/04\/Projekt-bez-nazwy-7-4.png","width":1748,"height":1240,"caption":"br\u0105zowe zmiany na sk\u00f3rze"},{"@type":"BreadcrumbList","@id":"https:\/\/www.bandi.pl\/blog\/brazowe-zmiany-na-skorze-czy-sa-grozne\/#breadcrumb","itemListElement":[{"@type":"ListItem","position":1,"name":"BANDI","item":"https:\/\/www.bandi.pl\/blog\/"},{"@type":"ListItem","position":2,"name":"Br\u0105zowe zmiany na sk\u00f3rze &#8211; czy s\u0105 gro\u017ane?"}]},{"@type":"WebSite","@id":"https:\/\/www.bandi.pl\/blog\/#website","url":"https:\/\/www.bandi.pl\/blog\/","name":"Blog BANDI","description":"Czarno na bia\u0142ym o kosmetykach","publisher":{"@id":"https:\/\/www.bandi.pl\/blog\/#organization"},"potentialAction":[{"@type":"SearchAction","target":{"@type":"EntryPoint","urlTemplate":"https:\/\/www.bandi.pl\/blog\/?s={search_term_string}"},"query-input":{"@type":"PropertyValueSpecification","valueRequired":true,"valueName":"search_term_string"}}],"inLanguage":"pl-PL"},{"@type":"Organization","@id":"https:\/\/www.bandi.pl\/blog\/#organization","name":"BANDI","url":"https:\/\/www.bandi.pl\/blog\/","logo":{"@type":"ImageObject","inLanguage":"pl-PL","@id":"https:\/\/www.bandi.pl\/blog\/#\/schema\/logo\/image\/","url":"https:\/\/www.bandi.pl\/blog\/wp-content\/uploads\/2019\/06\/bandi-logo.png","contentUrl":"https:\/\/www.bandi.pl\/blog\/wp-content\/uploads\/2019\/06\/bandi-logo.png","width":264,"height":111,"caption":"BANDI"},"image":{"@id":"https:\/\/www.bandi.pl\/blog\/#\/schema\/logo\/image\/"},"sameAs":["https:\/\/web.facebook.com\/BANDIcosmetics","https:\/\/x.com\/bandi_cosmetics","https:\/\/www.instagram.com\/bandi_cosmetics\/","https:\/\/www.pinterest.com\/bandicosmetics\/","https:\/\/www.youtube.com\/user\/BandiCosmeticsPolska"]},{"@type":"Person","@id":"https:\/\/www.bandi.pl\/blog\/#\/schema\/person\/5ba05af1a18c58f1c31d4ae051ec9499","name":"Ilona Kiraga"}]}},"_links":{"self":[{"href":"https:\/\/www.bandi.pl\/blog\/wp-json\/wp\/v2\/posts\/22980","targetHints":{"allow":["GET"]}}],"collection":[{"href":"https:\/\/www.bandi.pl\/blog\/wp-json\/wp\/v2\/posts"}],"about":[{"href":"https:\/\/www.bandi.pl\/blog\/wp-json\/wp\/v2\/types\/post"}],"author":[{"embeddable":true,"href":"https:\/\/www.bandi.pl\/blog\/wp-json\/wp\/v2\/users\/13"}],"replies":[{"embeddable":true,"href":"https:\/\/www.bandi.pl\/blog\/wp-json\/wp\/v2\/comments?post=22980"}],"version-history":[{"count":5,"href":"https:\/\/www.bandi.pl\/blog\/wp-json\/wp\/v2\/posts\/22980\/revisions"}],"predecessor-version":[{"id":23022,"href":"https:\/\/www.bandi.pl\/blog\/wp-json\/wp\/v2\/posts\/22980\/revisions\/23022"}],"wp:featuredmedia":[{"embeddable":true,"href":"https:\/\/www.bandi.pl\/blog\/wp-json\/wp\/v2\/media\/22982"}],"wp:attachment":[{"href":"https:\/\/www.bandi.pl\/blog\/wp-json\/wp\/v2\/media?parent=22980"}],"wp:term":[{"taxonomy":"category","embeddable":true,"href":"https:\/\/www.bandi.pl\/blog\/wp-json\/wp\/v2\/categories?post=22980"},{"taxonomy":"post_tag","embeddable":true,"href":"https:\/\/www.bandi.pl\/blog\/wp-json\/wp\/v2\/tags?post=22980"}],"curies":[{"name":"wp","href":"https:\/\/api.w.org\/{rel}","templated":true}]}}