{"id":22704,"date":"2026-03-17T10:00:00","date_gmt":"2026-03-17T09:00:00","guid":{"rendered":"https:\/\/www.bandi.pl\/blog\/?p=22704"},"modified":"2026-03-16T11:20:47","modified_gmt":"2026-03-16T10:20:47","slug":"jakiej-pielegnacji-potrzebuje-cera-mieszana-2","status":"publish","type":"post","link":"https:\/\/www.bandi.pl\/blog\/jakiej-pielegnacji-potrzebuje-cera-mieszana-2\/","title":{"rendered":"Jakiej piel\u0119gnacji potrzebuje cera mieszana?"},"content":{"rendered":"\n<p>Cera mieszana to jeden z najcz\u0119\u015bciej wyst\u0119puj\u0105cych typ\u00f3w sk\u00f3ry, ale jednocze\u015bnie jeden z najbardziej wymagaj\u0105cych w codziennej piel\u0119gnacji. \u0141\u0105czy cechy sk\u00f3ry t\u0142ustej i suchej, dlatego potrzebuje szczeg\u00f3lnego podej\u015bcia oraz dobrze dobranych kosmetyk\u00f3w, kt\u00f3re jednocze\u015bnie reguluj\u0105 wydzielanie sebum i zapewniaj\u0105 odpowiedni poziom nawil\u017cenia.<\/p>\n\n\n\n<h2 class=\"wp-block-heading\">Jak rozpozna\u0107 cer\u0119 mieszan\u0105?<\/h2>\n\n\n\n<p>W tzw. strefie T (czo\u0142o, nos, broda) s\u0105 partie ze sk\u0142onno\u015bci\u0105 do przet\u0142uszczania si\u0119, na kt\u00f3rych pojawiaj\u0105 si\u0119 rozszerzone uj\u015bcia gruczo\u0142\u00f3w \u0142ojowych, potocznie zwane porami, zask\u00f3rniki i niedoskona\u0142o\u015bci, natomiast na policzkach sk\u00f3ra bywa normalna lub sucha, a nawet wra\u017cliwa. <\/p>\n\n\n\n<p>Cechy cery mieszanej:<\/p>\n\n\n\n<ul class=\"wp-block-list\">\n<li>nadmierne \u015bwiecenie w strefie T,<\/li>\n\n\n\n<li>rozszerzone uj\u015bcia gruczo\u0142\u00f3w \u0142ojowych w centralnej cz\u0119\u015bci twarzy,<\/li>\n\n\n\n<li>sk\u0142onno\u015b\u0107 do zask\u00f3rnik\u00f3w i niedoskona\u0142o\u015bci,<\/li>\n\n\n\n<li>uczucie sucho\u015bci lub \u015bci\u0105gni\u0119cia na policzkach,<\/li>\n\n\n\n<li>nier\u00f3wnomierna struktura sk\u00f3ry.<\/li>\n<\/ul>\n\n\n\n<p>Je\u015bli jednocze\u015bnie pojawia si\u0119 b\u0142yszczenie w okolicy nosa i czo\u0142a, a policzki wymagaj\u0105 nawil\u017cenia &#8211; najprawdopodobniej mamy do czynienia w\u0142a\u015bnie z cer\u0105 mieszan\u0105.<\/p>\n\n\n\n<h2 class=\"wp-block-heading\">Jak piel\u0119gnowa\u0107 cer\u0119 mieszan\u0105?<\/h2>\n\n\n\n<p>W\u0142a\u015bciwa piel\u0119gnacja polega na po\u0142\u0105czeniu element\u00f3w, kt\u00f3re zaspokoj\u0105 wszystkie potrzeby takiej cery. Wa\u017cne jest oczyszczanie, regulacja wydzielania sebum oraz dba\u0142o\u015b\u0107 o utrzymanie odpowiedniego nawil\u017cenia i prawid\u0142owego stanu bariery hydrolipidowej. Tylko takie podej\u015bcie pozwala utrzyma\u0107 sk\u00f3r\u0119 w dobrej kondycji, przeciwdzia\u0142aj\u0105c powstawaniu niedoskona\u0142o\u015bci.<\/p>\n\n\n\n<p>Piel\u0119gnacja tego typu sk\u00f3ry powinna by\u0107 przemy\u015blana i oparta na lekkich, r\u00f3wnowa\u017c\u0105cych formu\u0142ach. Kluczowe znaczenie maj\u0105 cztery filary: oczyszczanie, tonizacja, nawil\u017canie po\u0142\u0105czone z seboregulacj\u0105 oraz regularne z\u0142uszczanie.<\/p>\n\n\n\n<ul class=\"wp-block-list\">\n<li>oczyszczanie &#8211; delikatne, ale skuteczne, kt\u00f3re usuwa nadmiar sebum i zanieczyszczenia, ale nie narusza bariery ochronnej nask\u00f3rka. Zbyt agresywne preparaty mog\u0105 powodowa\u0107 przesuszenie, a w konsekwencji jeszcze wi\u0119ksz\u0105 produkcj\u0119 sebum. Najlepiej, wobec tego wybiera\u0107: lekkie \u017cele i pianki o \u0142agodnej bazie myj\u0105cej i dzia\u0142aniu r\u00f3wnowa\u017c\u0105cym. Dok\u0142adne oczyszczanie nale\u017cy wykonywa\u0107 rano i wieczorem,<\/li>\n\n\n\n<li>tonizacja &#8211; czyli przywr\u00f3cenie sk\u00f3rze r\u00f3wnowagi i przygotowanie jej na kolejne etapy piel\u0119gnacji. W przypadku cery mieszanej dobrze sprawdzaj\u0105 si\u0119 formu\u0142y zawieraj\u0105ce sk\u0142adniki \u0142agodz\u0105ce, nawil\u017caj\u0105ce i normalizuj\u0105ce. Sk\u00f3ra po tonizacji powinna by\u0107 od\u015bwie\u017cona, ale nie napi\u0119ta,<\/li>\n\n\n\n<li>nawil\u017canie i seboregulacja \u2013 dwa filary piel\u0119gnacji, kt\u00f3re si\u0119 uzupe\u0142niaj\u0105. Cz\u0119stym b\u0142\u0119dem jest&nbsp;unikanie krem\u00f3w nawil\u017caj\u0105cych z obawy przed przet\u0142uszczaniem si\u0119 sk\u00f3ry. Jednak to w\u0142a\u015bnie brak odpowiedniego nawil\u017cenia cz\u0119sto nasila przet\u0142uszczanie a odwodniona sk\u00f3ra zaczyna produkowa\u0107 wi\u0119cej sebum, aby si\u0119 chroni\u0107,<\/li>\n\n\n\n<li>regularne z\u0142uszczanie &#8211; cera mieszana ma sk\u0142onno\u015b\u0107 do powstawiania niedoskona\u0142o\u015bci, zatykania uj\u015b\u0107 gruczo\u0142\u00f3w \u0142ojowych, dlatego tak istotne jest jej regularne z\u0142uszczanie, kt\u00f3re pomaga usuwa\u0107 martwe kom\u00f3rki nask\u00f3rka, wyg\u0142adza sk\u00f3r\u0119 i zmniejsza ryzyko powstawania zask\u00f3rnik\u00f3w. Tu egzamin zdaj\u0105 delikatne preparaty kwasowe (kwas migda\u0142owy, PHA). Z\u0142uszczanie warto wykonywa\u0107 1\u20132 razy w tygodniu, aby nie podra\u017cni\u0107 sk\u00f3ry.<\/li>\n<\/ul>\n\n\n\n<h2 class=\"wp-block-heading\">Jakie sk\u0142adniki najlepiej sprawdzaj\u0105 si\u0119 przy cerze mieszanej?<\/h2>\n\n\n\n<p>W kosmetykach przeznaczonych do cery mieszanej warto szuka\u0107 sk\u0142adnik\u00f3w, kt\u00f3re dzia\u0142aj\u0105 wielokierunkowo:<\/p>\n\n\n\n<ul class=\"wp-block-list\">\n<li>biomimetyczne fermenty \u2013 nawil\u017caj\u0105, wspieraj\u0105 barier\u0119 ochronn\u0105 sk\u00f3ry, pobudzaj\u0105 proces regeneracji nask\u00f3rka,<\/li>\n\n\n\n<li>niacynamid \u2013 pomaga kontrolowa\u0107 wydzielanie sebum, przeciwdzia\u0142a powstawaniu przebarwie\u0144 potr\u0105dzikowych,<\/li>\n\n\n\n<li>kwas hialuronowy \u2013 pomaga na d\u0142u\u017cej zatrzyma\u0107 wod\u0119 w nask\u00f3rku, sprzyja utrzymaniu prawid\u0142owego nawil\u017cenia,<\/li>\n\n\n\n<li>kwasy AHA i PHA \u2013 delikatnie z\u0142uszczaj\u0105 i wyg\u0142adzaj\u0105 sk\u00f3r\u0119, zmniejszaj\u0105 sk\u0142onno\u015b\u0107 do powstawania zask\u00f3rnik\u00f3w i niedoskona\u0142o\u015bci,<\/li>\n\n\n\n<li>tlenek cynku \u2013 dzia\u0142a matuj\u0105co, przyspiesza proces eliminacji niedoskona\u0142o\u015bci,<\/li>\n\n\n\n<li>witamina E \u2013pomaga utrzyma\u0107 funkcje barierowe nask\u00f3rka, <\/li>\n\n\n\n<li>kalamina \u2013 reguluje wydzielanie sebum i matuje sk\u00f3r\u0119, \u0142agodzi i zmniejsza uczucie pieczenia i \u015bwi\u0105du,<\/li>\n\n\n\n<li>filtry SPF &#8211; zapewniaj\u0105 konieczn\u0105 ochron\u0119 przed promieniowaniem UVA\/UVB.<\/li>\n<\/ul>\n\n\n\n<h2 class=\"wp-block-heading\">Jakich kosmetyk\u00f3w potrzebuje cera mieszana?<\/h2>\n\n\n\n<p>W piel\u0119gnacji wymagaj\u0105cej cery mieszanej niezb\u0119dne s\u0105 formu\u0142y, kt\u00f3re \u0142\u0105cz\u0105 dzia\u0142anie normalizuj\u0105ce z nawil\u017caj\u0105cym oraz przywracaj\u0105 r\u00f3wnowag\u0119 hydrolipidow\u0105. To zadanie doskonale spe\u0142nia linia <a href=\"https:\/\/www.bandi.pl\/sklep\/katalog\/seria\/72_sebo-care\/\">Sebo Care<\/a>.<\/p>\n\n\n\n<div class=\"wp-block-media-text is-stacked-on-mobile\" style=\"grid-template-columns:44% auto\"><figure class=\"wp-block-media-text__media\"><a href=\"https:\/\/www.bandi.pl\/sklep\/kremy\/barierowy-krem-normalizujacy-spf20-na-dzien-633\/\"><img loading=\"lazy\" decoding=\"async\" width=\"420\" height=\"420\" src=\"https:\/\/www.bandi.pl\/blog\/wp-content\/uploads\/2026\/03\/bandi-sebo-047-\u2014-kopia-420x420.jpg\" alt=\"cera mieszana\" class=\"wp-image-22712 size-full\" srcset=\"https:\/\/www.bandi.pl\/blog\/wp-content\/uploads\/2026\/03\/bandi-sebo-047-\u2014-kopia-420x420.jpg 420w, https:\/\/www.bandi.pl\/blog\/wp-content\/uploads\/2026\/03\/bandi-sebo-047-\u2014-kopia-300x300.jpg 300w, https:\/\/www.bandi.pl\/blog\/wp-content\/uploads\/2026\/03\/bandi-sebo-047-\u2014-kopia-150x150.jpg 150w, https:\/\/www.bandi.pl\/blog\/wp-content\/uploads\/2026\/03\/bandi-sebo-047-\u2014-kopia-768x768.jpg 768w, https:\/\/www.bandi.pl\/blog\/wp-content\/uploads\/2026\/03\/bandi-sebo-047-\u2014-kopia-1536x1536.jpg 1536w, https:\/\/www.bandi.pl\/blog\/wp-content\/uploads\/2026\/03\/bandi-sebo-047-\u2014-kopia-2048x2048.jpg 2048w, https:\/\/www.bandi.pl\/blog\/wp-content\/uploads\/2026\/03\/bandi-sebo-047-\u2014-kopia-1080x1080.jpg 1080w, https:\/\/www.bandi.pl\/blog\/wp-content\/uploads\/2026\/03\/bandi-sebo-047-\u2014-kopia-1280x1280.jpg 1280w, https:\/\/www.bandi.pl\/blog\/wp-content\/uploads\/2026\/03\/bandi-sebo-047-\u2014-kopia-980x980.jpg 980w, https:\/\/www.bandi.pl\/blog\/wp-content\/uploads\/2026\/03\/bandi-sebo-047-\u2014-kopia-480x480.jpg 480w\" sizes=\"(max-width: 420px) 100vw, 420px\" \/><\/a><\/figure><div class=\"wp-block-media-text__content\">\n<p><a href=\"https:\/\/www.bandi.pl\/sklep\/kremy\/barierowy-krem-normalizujacy-spf20-na-dzien-633\/\">Barierowy krem normalizuj\u0105cy SPF 20<\/a> o komfortowej konsystencji przywracaj\u0105cy sk\u00f3rze naturaln\u0105 r\u00f3wnowag\u0119 hydrolipidow\u0105, kt\u00f3ry intensywnie nawil\u017ca jednocze\u015bnie zmniejszaj\u0105c nadmierne przet\u0142uszczanie si\u0119 sk\u00f3ry.<\/p>\n<\/div><\/div>\n\n\n\n<p><\/p>\n\n\n\n<div class=\"wp-block-media-text has-media-on-the-right is-stacked-on-mobile\" style=\"grid-template-columns:auto 44%\"><div class=\"wp-block-media-text__content\">\n<p><a href=\"https:\/\/www.bandi.pl\/sklep\/kremy\/zluszczajacy-krem-przeciw-niedoskonalosciom-na-noc-635\/\">Z\u0142uszczaj\u0105cy krem przeciw niedoskona\u0142o\u015bciom<\/a> oczyszcza i zw\u0119\u017ca uj\u015bcia gruczo\u0142\u00f3w \u0142ojowych, niweluje istniej\u0105ce niedoskona\u0142o\u015bci sk\u00f3ry, wyg\u0142adza cer\u0119, wyr\u00f3wnuje jej koloryt i przywraca promienny wygl\u0105d.<\/p>\n<\/div><figure class=\"wp-block-media-text__media\"><a href=\"https:\/\/www.bandi.pl\/sklep\/kremy\/zluszczajacy-krem-przeciw-niedoskonalosciom-na-noc-635\/\"><img loading=\"lazy\" decoding=\"async\" width=\"420\" height=\"420\" src=\"https:\/\/www.bandi.pl\/blog\/wp-content\/uploads\/2026\/03\/bandi-sebo-045-\u2014-kopia-420x420.jpg\" alt=\"cera mieszana\" class=\"wp-image-22711 size-full\" srcset=\"https:\/\/www.bandi.pl\/blog\/wp-content\/uploads\/2026\/03\/bandi-sebo-045-\u2014-kopia-420x420.jpg 420w, https:\/\/www.bandi.pl\/blog\/wp-content\/uploads\/2026\/03\/bandi-sebo-045-\u2014-kopia-300x300.jpg 300w, https:\/\/www.bandi.pl\/blog\/wp-content\/uploads\/2026\/03\/bandi-sebo-045-\u2014-kopia-150x150.jpg 150w, https:\/\/www.bandi.pl\/blog\/wp-content\/uploads\/2026\/03\/bandi-sebo-045-\u2014-kopia-768x768.jpg 768w, https:\/\/www.bandi.pl\/blog\/wp-content\/uploads\/2026\/03\/bandi-sebo-045-\u2014-kopia-1536x1536.jpg 1536w, https:\/\/www.bandi.pl\/blog\/wp-content\/uploads\/2026\/03\/bandi-sebo-045-\u2014-kopia-2048x2048.jpg 2048w, https:\/\/www.bandi.pl\/blog\/wp-content\/uploads\/2026\/03\/bandi-sebo-045-\u2014-kopia-1080x1080.jpg 1080w, https:\/\/www.bandi.pl\/blog\/wp-content\/uploads\/2026\/03\/bandi-sebo-045-\u2014-kopia-1280x1280.jpg 1280w, https:\/\/www.bandi.pl\/blog\/wp-content\/uploads\/2026\/03\/bandi-sebo-045-\u2014-kopia-980x980.jpg 980w, https:\/\/www.bandi.pl\/blog\/wp-content\/uploads\/2026\/03\/bandi-sebo-045-\u2014-kopia-480x480.jpg 480w\" sizes=\"(max-width: 420px) 100vw, 420px\" \/><\/a><\/figure><\/div>\n\n\n\n<p><\/p>\n\n\n\n<div class=\"wp-block-media-text is-stacked-on-mobile\" style=\"grid-template-columns:44% auto\"><figure class=\"wp-block-media-text__media\"><a href=\"https:\/\/www.bandi.pl\/sklep\/emulsje\/zmniejszajaca-pory-lekka-emulsja-na-dzien-632\/\"><img loading=\"lazy\" decoding=\"async\" width=\"420\" height=\"420\" src=\"https:\/\/www.bandi.pl\/blog\/wp-content\/uploads\/2026\/03\/bandi-sebo-056-420x420.jpg\" alt=\"cera mieszana\" class=\"wp-image-22713 size-full\"\/><\/a><\/figure><div class=\"wp-block-media-text__content\">\n<p><a href=\"https:\/\/www.bandi.pl\/sklep\/emulsje\/zmniejszajaca-pory-lekka-emulsja-na-dzien-632\/\">Zmniejszaj\u0105ca pory lekka emulsja,<\/a> zapewnia efekt matowienia, zmniejsza widoczno\u015b\u0107 rozszerzonych uj\u015b\u0107 gruczo\u0142\u00f3w \u0142ojowych i zwi\u0119ksza elastyczno\u015b\u0107 nask\u00f3rka. Idealna baza pod makija\u017c.<\/p>\n<\/div><\/div>\n\n\n\n<p><\/p>\n\n\n\n<div class=\"wp-block-media-text has-media-on-the-right is-stacked-on-mobile\" style=\"grid-template-columns:auto 44%\"><div class=\"wp-block-media-text__content\">\n<p><a href=\"https:\/\/www.bandi.pl\/sklep\/zele\/seboregulujacy-krem-zel-dzien-noc-969\/\">Seboreguluj\u0105cy krem-\u017cel<\/a> o lekkiej formule, nieobci\u0105\u017caj\u0105cej sk\u00f3ry, zapewnia odpowiedni poziom nawil\u017cenia jednocze\u015bnie aktywnie kontroluje prac\u0119 gruczo\u0142\u00f3w \u0142ojowych, ogranicza \u015bwiecenie si\u0119 sk\u00f3ry, nadaj\u0105c jej matowo\u015b\u0107.<\/p>\n<\/div><figure class=\"wp-block-media-text__media\"><a href=\"https:\/\/www.bandi.pl\/sklep\/zele\/seboregulujacy-krem-zel-dzien-noc-969\/\"><img loading=\"lazy\" decoding=\"async\" width=\"420\" height=\"420\" src=\"https:\/\/www.bandi.pl\/blog\/wp-content\/uploads\/2026\/03\/bandi-sebo-040-\u2014-kopia-420x420.jpg\" alt=\"cera mieszana\" class=\"wp-image-22710 size-full\" srcset=\"https:\/\/www.bandi.pl\/blog\/wp-content\/uploads\/2026\/03\/bandi-sebo-040-\u2014-kopia-420x420.jpg 420w, https:\/\/www.bandi.pl\/blog\/wp-content\/uploads\/2026\/03\/bandi-sebo-040-\u2014-kopia-300x300.jpg 300w, https:\/\/www.bandi.pl\/blog\/wp-content\/uploads\/2026\/03\/bandi-sebo-040-\u2014-kopia-150x150.jpg 150w, https:\/\/www.bandi.pl\/blog\/wp-content\/uploads\/2026\/03\/bandi-sebo-040-\u2014-kopia-768x768.jpg 768w, https:\/\/www.bandi.pl\/blog\/wp-content\/uploads\/2026\/03\/bandi-sebo-040-\u2014-kopia-1536x1536.jpg 1536w, https:\/\/www.bandi.pl\/blog\/wp-content\/uploads\/2026\/03\/bandi-sebo-040-\u2014-kopia-2048x2048.jpg 2048w, https:\/\/www.bandi.pl\/blog\/wp-content\/uploads\/2026\/03\/bandi-sebo-040-\u2014-kopia-1080x1080.jpg 1080w, https:\/\/www.bandi.pl\/blog\/wp-content\/uploads\/2026\/03\/bandi-sebo-040-\u2014-kopia-1280x1280.jpg 1280w, https:\/\/www.bandi.pl\/blog\/wp-content\/uploads\/2026\/03\/bandi-sebo-040-\u2014-kopia-980x980.jpg 980w, https:\/\/www.bandi.pl\/blog\/wp-content\/uploads\/2026\/03\/bandi-sebo-040-\u2014-kopia-480x480.jpg 480w\" sizes=\"(max-width: 420px) 100vw, 420px\" \/><\/a><\/figure><\/div>\n\n\n\n<p><\/p>\n\n\n\n<div class=\"wp-block-media-text is-stacked-on-mobile\" style=\"grid-template-columns:44% auto\"><figure class=\"wp-block-media-text__media\"><a href=\"https:\/\/www.bandi.pl\/sklep\/zestawy\/punktowa-pasta-na-niedoskonalosci-dzien-noc-972\/\"><img loading=\"lazy\" decoding=\"async\" width=\"420\" height=\"420\" src=\"https:\/\/www.bandi.pl\/blog\/wp-content\/uploads\/2026\/03\/bandi-sebo-038-\u2014-kopia-420x420.jpg\" alt=\"cera mieszana\" class=\"wp-image-22709 size-full\" srcset=\"https:\/\/www.bandi.pl\/blog\/wp-content\/uploads\/2026\/03\/bandi-sebo-038-\u2014-kopia-420x420.jpg 420w, https:\/\/www.bandi.pl\/blog\/wp-content\/uploads\/2026\/03\/bandi-sebo-038-\u2014-kopia-300x300.jpg 300w, https:\/\/www.bandi.pl\/blog\/wp-content\/uploads\/2026\/03\/bandi-sebo-038-\u2014-kopia-150x150.jpg 150w, https:\/\/www.bandi.pl\/blog\/wp-content\/uploads\/2026\/03\/bandi-sebo-038-\u2014-kopia-768x768.jpg 768w, https:\/\/www.bandi.pl\/blog\/wp-content\/uploads\/2026\/03\/bandi-sebo-038-\u2014-kopia-1536x1536.jpg 1536w, https:\/\/www.bandi.pl\/blog\/wp-content\/uploads\/2026\/03\/bandi-sebo-038-\u2014-kopia-2048x2048.jpg 2048w, https:\/\/www.bandi.pl\/blog\/wp-content\/uploads\/2026\/03\/bandi-sebo-038-\u2014-kopia-1080x1080.jpg 1080w, https:\/\/www.bandi.pl\/blog\/wp-content\/uploads\/2026\/03\/bandi-sebo-038-\u2014-kopia-1280x1280.jpg 1280w, https:\/\/www.bandi.pl\/blog\/wp-content\/uploads\/2026\/03\/bandi-sebo-038-\u2014-kopia-980x980.jpg 980w, https:\/\/www.bandi.pl\/blog\/wp-content\/uploads\/2026\/03\/bandi-sebo-038-\u2014-kopia-480x480.jpg 480w\" sizes=\"(max-width: 420px) 100vw, 420px\" \/><\/a><\/figure><div class=\"wp-block-media-text__content\">\n<p><a href=\"https:\/\/www.bandi.pl\/sklep\/zestawy\/punktowa-pasta-na-niedoskonalosci-dzien-noc-972\/\">Punktowa pasta na niedoskona\u0142o\u015bci<\/a> do precyzyjnej miejscowej aplikacji, przyspiesza redukcj\u0119 niedoskona\u0142o\u015bci i zmniejsza sk\u0142onno\u015b\u0107 do powstawania przebarwie\u0144 potr\u0105dzikowych.<\/p>\n<\/div><\/div>\n\n\n\n<p><\/p>\n\n\n\n<p><\/p>\n\n\n\n<h2 class=\"wp-block-heading\">Czego cera mieszana powinna unika\u0107?<\/h2>\n\n\n\n<p>Najcz\u0119stsze b\u0142\u0119dy w piel\u0119gnacji cery mieszanej to:<\/p>\n\n\n\n<ul class=\"wp-block-list\">\n<li>stosowanie zbyt agresywnych kosmetyk\u00f3w oczyszczaj\u0105cych,<\/li>\n\n\n\n<li>pomijanie nawil\u017cania,<\/li>\n\n\n\n<li>zbyt cz\u0119ste peelingi,<\/li>\n\n\n\n<li>brak ochrony przeciws\u0142onecznej,<\/li>\n\n\n\n<li>u\u017cywanie ci\u0119\u017ckich, komedogennych krem\u00f3w.<\/li>\n<\/ul>\n\n\n\n<p>Systematyczna piel\u0119gnacja oparta na sk\u0142adnikach normalizuj\u0105cych i nawil\u017caj\u0105cych pozwala utrzyma\u0107 cer\u0119 mieszan\u0105 w dobrej kondycji, ograniczy\u0107 powstawanie niedoskona\u0142o\u015bci i przywr\u00f3ci\u0107 sk\u00f3rze nieskazitelny, promienny wygl\u0105d.<\/p>\n\n\n\n<div class=\"wp-block-divi-layout\">[et_pb_section fb_built=&#8221;1&#8243; theme_builder_area=&#8221;post_content&#8221; _builder_version=&#8221;4.27.4&#8243; _module_preset=&#8221;default&#8221;][\/et_pb_section][et_pb_section fb_built=&#8221;1&#8243; _builder_version=&#8221;4.16&#8243; top_divider_style=&#8221;arrow&#8221; top_divider_color=&#8221;rgba(255,166,168,0.75)&#8221; top_divider_height=&#8221;1px&#8221; bottom_divider_style=&#8221;arrow&#8221; bottom_divider_color=&#8221;rgba(255,166,168,0.75)&#8221; bottom_divider_height=&#8221;1px&#8221; global_colors_info=&#8221;{}&#8221; theme_builder_area=&#8221;post_content&#8221;][et_pb_row column_structure=&#8221;1_2,1_2&#8243; _builder_version=&#8221;4.16&#8243; width=&#8221;100%&#8221; module_alignment=&#8221;left&#8221; custom_margin=&#8221;||||false|false&#8221; global_colors_info=&#8221;{}&#8221; theme_builder_area=&#8221;post_content&#8221;][et_pb_column type=&#8221;1_2&#8243; _builder_version=&#8221;4.16&#8243; global_colors_info=&#8221;{}&#8221; theme_builder_area=&#8221;post_content&#8221;][et_pb_text _builder_version=&#8221;4.27.4&#8243; text_font=&#8221;Raleway Bold||||||||&#8221; text_text_color=&#8221;rgba(255,166,168,0.75)&#8221; text_font_size=&#8221;55px&#8221; text_letter_spacing=&#8221;9px&#8221; text_line_height=&#8221;1em&#8221; header_font_size=&#8221;39px&#8221; min_height=&#8221;23px&#8221; custom_margin=&#8221;40px||||false|false&#8221; link_option_url=&#8221;https:\/\/www.bandi.pl\/sklep\/katalog\/seria\/72_sebo-care\/&#8221; hover_enabled=&#8221;0&#8243; inline_fonts=&#8221;Raleway Bold&#8221; global_colors_info=&#8221;{}&#8221; theme_builder_area=&#8221;post_content&#8221; sticky_enabled=&#8221;0&#8243;]<p style=\"text-align: center;\"><span style=\"font-size: xx-large; font-family: inherit; font-weight: normal;\"><strong>SEBO CARE<\/strong><\/span><\/p>\n<p style=\"text-align: center;\"><span style=\"font-size: xx-large; font-family: inherit; font-weight: normal;\"><strong><\/strong><\/span><\/p>[\/et_pb_text][et_pb_text _builder_version=&#8221;4.27.4&#8243; text_font=&#8221;Raleway Regular||||||||&#8221; text_text_color=&#8221;#b8b8b8&#8243; text_font_size=&#8221;22px&#8221; text_line_height=&#8221;1.5em&#8221; link_option_url=&#8221;https:\/\/www.bandi.pl\/sklep\/katalog\/seria\/72_sebo-care\/&#8221; hover_enabled=&#8221;0&#8243; global_colors_info=&#8221;{}&#8221; theme_builder_area=&#8221;post_content&#8221; sticky_enabled=&#8221;0&#8243;]<p style=\"text-align: center;\">Przywraca r\u00f3wnowag\u0119 cerze mieszanej i sk\u0142onnej do powstawania niedoskona\u0142o\u015bci<\/p>[\/et_pb_text][et_pb_button button_url=&#8221;https:\/\/www.bandi.pl\/sklep\/katalog\/seria\/72_sebo-care\/&#8221; button_text=&#8221;ZOBACZ&#8221; button_alignment=&#8221;center&#8221; disabled_on=&#8221;off|off|off&#8221; _builder_version=&#8221;4.27.4&#8243; custom_button=&#8221;on&#8221; button_text_size=&#8221;20px&#8221; button_text_color=&#8221;#ffffff&#8221; button_border_radius=&#8221;25px&#8221; button_font=&#8221;Bree Serif||||||||&#8221; background_layout=&#8221;dark&#8221; custom_padding=&#8221;12px|30px|12px|30px|true|true&#8221; hover_transition_duration=&#8221;0ms&#8221; hover_enabled=&#8221;0&#8243; box_shadow_style=&#8221;preset3&#8243; global_colors_info=&#8221;{}&#8221; theme_builder_area=&#8221;post_content&#8221; sticky_enabled=&#8221;0&#8243;][\/et_pb_button][\/et_pb_column][et_pb_column type=&#8221;1_2&#8243; _builder_version=&#8221;4.16&#8243; global_colors_info=&#8221;{}&#8221; theme_builder_area=&#8221;post_content&#8221;][et_pb_image src=&#8221;https:\/\/www.bandi.pl\/blog\/wp-content\/uploads\/2026\/03\/bandi-sebo-212-kw-scaled.jpg&#8221; title_text=&#8221;bandi-sebo-212-kw&#8221; url=&#8221;https:\/\/www.bandi.pl\/sklep\/katalog\/seria\/72_sebo-care\/&#8221; align=&#8221;center&#8221; _builder_version=&#8221;4.27.4&#8243; width=&#8221;100%&#8221; hover_enabled=&#8221;0&#8243; global_colors_info=&#8221;{}&#8221; theme_builder_area=&#8221;post_content&#8221; alt=&#8221;cera mieszana&#8221; sticky_enabled=&#8221;0&#8243;][\/et_pb_image][\/et_pb_column][\/et_pb_row][\/et_pb_section]<\/div>\n\n\n\n<div class=\"wp-block-divi-layout\">[et_pb_section admin_label=&#8221;section&#8221;][et_pb_row admin_label=&#8221;row&#8221;][\/et_pb_row][\/et_pb_section]<\/div>\n","protected":false},"excerpt":{"rendered":"<p>Cera mieszana to jeden z najcz\u0119\u015bciej wyst\u0119puj\u0105cych typ\u00f3w sk\u00f3ry, ale jednocze\u015bnie jeden z najbardziej wymagaj\u0105cych w codziennej piel\u0119gnacji. \u0141\u0105czy cechy sk\u00f3ry t\u0142ustej i suchej, dlatego potrzebuje szczeg\u00f3lnego podej\u015bcia oraz dobrze dobranych kosmetyk\u00f3w, kt\u00f3re jednocze\u015bnie reguluj\u0105 wydzielanie sebum i zapewniaj\u0105 odpowiedni poziom nawil\u017cenia. Jak rozpozna\u0107 cer\u0119 mieszan\u0105? W tzw. strefie T (czo\u0142o, nos, broda) s\u0105 partie [&hellip;]<\/p>\n","protected":false},"author":13,"featured_media":22721,"comment_status":"open","ping_status":"closed","sticky":false,"template":"","format":"standard","meta":{"_et_pb_use_builder":"off","_et_pb_old_content":"","_et_gb_content_width":"","footnotes":""},"categories":[2980,1817],"tags":[3445,4232,5661,4032,4834,5370,4230,5868,8935,5441,7586,20,4169],"class_list":["post-22704","post","type-post","status-publish","format-standard","has-post-thumbnail","hentry","category-edyta-bilobran","category-kategoria-pielegnacja-i-kosmetyki","tag-bandi","tag-kosmetyki-profesjonalne","tag-krem-matujacy","tag-krem-nawilzajacy-2","tag-niacynamid","tag-niedoskonalosci","tag-pielegnacja-profesjonalna","tag-pielegnacja-twarzy","tag-przeciw-przetluszczaniu","tag-strefa-t","tag-tlusta-skora","tag-tradzik","tag-zaskorniki"],"yoast_head":"<!-- This site is optimized with the Yoast SEO plugin v27.1.1 - https:\/\/yoast.com\/product\/yoast-seo-wordpress\/ -->\n<title>Jakiej piel\u0119gnacji potrzebuje cera mieszana? &#187; Blog BANDI<\/title>\n<meta name=\"description\" content=\"Cera mieszana to jeden z najcz\u0119\u015bciej wyst\u0119puj\u0105cych typ\u00f3w sk\u00f3ry, ale jednocze\u015bnie jeden z najbardziej wymagaj\u0105cych w codziennej piel\u0119gnacji. \u0141\u0105czy cechy sk\u00f3ry t\u0142ustej i suchej.\" \/>\n<meta name=\"robots\" content=\"index, follow, max-snippet:-1, max-image-preview:large, max-video-preview:-1\" \/>\n<link rel=\"canonical\" href=\"https:\/\/www.bandi.pl\/blog\/jakiej-pielegnacji-potrzebuje-cera-mieszana-2\/\" \/>\n<meta property=\"og:locale\" content=\"pl_PL\" \/>\n<meta property=\"og:type\" content=\"article\" \/>\n<meta property=\"og:title\" content=\"Jakiej piel\u0119gnacji potrzebuje cera mieszana? &#187; Blog BANDI\" \/>\n<meta property=\"og:description\" content=\"Cera mieszana to jeden z najcz\u0119\u015bciej wyst\u0119puj\u0105cych typ\u00f3w sk\u00f3ry, ale jednocze\u015bnie jeden z najbardziej wymagaj\u0105cych w codziennej piel\u0119gnacji. \u0141\u0105czy cechy sk\u00f3ry t\u0142ustej i suchej.\" \/>\n<meta property=\"og:url\" content=\"https:\/\/www.bandi.pl\/blog\/jakiej-pielegnacji-potrzebuje-cera-mieszana-2\/\" \/>\n<meta property=\"og:site_name\" content=\"Blog BANDI\" \/>\n<meta property=\"article:publisher\" content=\"https:\/\/web.facebook.com\/BANDIcosmetics\" \/>\n<meta property=\"article:published_time\" content=\"2026-03-17T09:00:00+00:00\" \/>\n<meta property=\"og:image\" content=\"https:\/\/www.bandi.pl\/blog\/wp-content\/uploads\/2026\/03\/Projekt-bez-nazwy-7-3.png\" \/>\n\t<meta property=\"og:image:width\" content=\"1748\" \/>\n\t<meta property=\"og:image:height\" content=\"1240\" \/>\n\t<meta property=\"og:image:type\" content=\"image\/png\" \/>\n<meta name=\"author\" content=\"Ilona Kiraga\" \/>\n<meta name=\"twitter:card\" content=\"summary_large_image\" \/>\n<meta name=\"twitter:creator\" content=\"@bandi_cosmetics\" \/>\n<meta name=\"twitter:site\" content=\"@bandi_cosmetics\" \/>\n<meta name=\"twitter:label1\" content=\"Napisane przez\" \/>\n\t<meta name=\"twitter:data1\" content=\"Ilona Kiraga\" \/>\n\t<meta name=\"twitter:label2\" content=\"Szacowany czas czytania\" \/>\n\t<meta name=\"twitter:data2\" content=\"6 minut\" \/>\n<script type=\"application\/ld+json\" class=\"yoast-schema-graph\">{\"@context\":\"https:\/\/schema.org\",\"@graph\":[{\"@type\":\"Article\",\"@id\":\"https:\/\/www.bandi.pl\/blog\/jakiej-pielegnacji-potrzebuje-cera-mieszana-2\/#article\",\"isPartOf\":{\"@id\":\"https:\/\/www.bandi.pl\/blog\/jakiej-pielegnacji-potrzebuje-cera-mieszana-2\/\"},\"author\":{\"name\":\"Ilona Kiraga\",\"@id\":\"https:\/\/www.bandi.pl\/blog\/#\/schema\/person\/5ba05af1a18c58f1c31d4ae051ec9499\"},\"headline\":\"Jakiej piel\u0119gnacji potrzebuje cera mieszana?\",\"datePublished\":\"2026-03-17T09:00:00+00:00\",\"mainEntityOfPage\":{\"@id\":\"https:\/\/www.bandi.pl\/blog\/jakiej-pielegnacji-potrzebuje-cera-mieszana-2\/\"},\"wordCount\":1334,\"commentCount\":0,\"publisher\":{\"@id\":\"https:\/\/www.bandi.pl\/blog\/#organization\"},\"image\":{\"@id\":\"https:\/\/www.bandi.pl\/blog\/jakiej-pielegnacji-potrzebuje-cera-mieszana-2\/#primaryimage\"},\"thumbnailUrl\":\"https:\/\/www.bandi.pl\/blog\/wp-content\/uploads\/2026\/03\/Projekt-bez-nazwy-7-3.png\",\"keywords\":[\"Bandi\",\"kosmetyki profesjonalne\",\"krem matuj\u0105cy\",\"krem nawil\u017caj\u0105cy\",\"niacynamid\",\"niedoskona\u0142o\u015bci\",\"piel\u0119gnacja profesjonalna\",\"piel\u0119gnacja twarzy\",\"przeciw przet\u0142uszczaniu\",\"strefa T\",\"t\u0142usta sk\u00f3ra\",\"tr\u0105dzik\",\"zask\u00f3rniki\"],\"articleSection\":[\"Edyta Bi\u0142obran\",\"Piel\u0119gnacja i kosmetyki\"],\"inLanguage\":\"pl-PL\",\"potentialAction\":[{\"@type\":\"CommentAction\",\"name\":\"Comment\",\"target\":[\"https:\/\/www.bandi.pl\/blog\/jakiej-pielegnacji-potrzebuje-cera-mieszana-2\/#respond\"]}]},{\"@type\":\"WebPage\",\"@id\":\"https:\/\/www.bandi.pl\/blog\/jakiej-pielegnacji-potrzebuje-cera-mieszana-2\/\",\"url\":\"https:\/\/www.bandi.pl\/blog\/jakiej-pielegnacji-potrzebuje-cera-mieszana-2\/\",\"name\":\"Jakiej piel\u0119gnacji potrzebuje cera mieszana? &#187; Blog BANDI\",\"isPartOf\":{\"@id\":\"https:\/\/www.bandi.pl\/blog\/#website\"},\"primaryImageOfPage\":{\"@id\":\"https:\/\/www.bandi.pl\/blog\/jakiej-pielegnacji-potrzebuje-cera-mieszana-2\/#primaryimage\"},\"image\":{\"@id\":\"https:\/\/www.bandi.pl\/blog\/jakiej-pielegnacji-potrzebuje-cera-mieszana-2\/#primaryimage\"},\"thumbnailUrl\":\"https:\/\/www.bandi.pl\/blog\/wp-content\/uploads\/2026\/03\/Projekt-bez-nazwy-7-3.png\",\"datePublished\":\"2026-03-17T09:00:00+00:00\",\"description\":\"Cera mieszana to jeden z najcz\u0119\u015bciej wyst\u0119puj\u0105cych typ\u00f3w sk\u00f3ry, ale jednocze\u015bnie jeden z najbardziej wymagaj\u0105cych w codziennej piel\u0119gnacji. \u0141\u0105czy cechy sk\u00f3ry t\u0142ustej i suchej.\",\"breadcrumb\":{\"@id\":\"https:\/\/www.bandi.pl\/blog\/jakiej-pielegnacji-potrzebuje-cera-mieszana-2\/#breadcrumb\"},\"inLanguage\":\"pl-PL\",\"potentialAction\":[{\"@type\":\"ReadAction\",\"target\":[\"https:\/\/www.bandi.pl\/blog\/jakiej-pielegnacji-potrzebuje-cera-mieszana-2\/\"]}]},{\"@type\":\"ImageObject\",\"inLanguage\":\"pl-PL\",\"@id\":\"https:\/\/www.bandi.pl\/blog\/jakiej-pielegnacji-potrzebuje-cera-mieszana-2\/#primaryimage\",\"url\":\"https:\/\/www.bandi.pl\/blog\/wp-content\/uploads\/2026\/03\/Projekt-bez-nazwy-7-3.png\",\"contentUrl\":\"https:\/\/www.bandi.pl\/blog\/wp-content\/uploads\/2026\/03\/Projekt-bez-nazwy-7-3.png\",\"width\":1748,\"height\":1240,\"caption\":\"cera mieszana\"},{\"@type\":\"BreadcrumbList\",\"@id\":\"https:\/\/www.bandi.pl\/blog\/jakiej-pielegnacji-potrzebuje-cera-mieszana-2\/#breadcrumb\",\"itemListElement\":[{\"@type\":\"ListItem\",\"position\":1,\"name\":\"BANDI\",\"item\":\"https:\/\/www.bandi.pl\/blog\/\"},{\"@type\":\"ListItem\",\"position\":2,\"name\":\"Jakiej piel\u0119gnacji potrzebuje cera mieszana?\"}]},{\"@type\":\"WebSite\",\"@id\":\"https:\/\/www.bandi.pl\/blog\/#website\",\"url\":\"https:\/\/www.bandi.pl\/blog\/\",\"name\":\"Blog BANDI\",\"description\":\"Czarno na bia\u0142ym o kosmetykach\",\"publisher\":{\"@id\":\"https:\/\/www.bandi.pl\/blog\/#organization\"},\"potentialAction\":[{\"@type\":\"SearchAction\",\"target\":{\"@type\":\"EntryPoint\",\"urlTemplate\":\"https:\/\/www.bandi.pl\/blog\/?s={search_term_string}\"},\"query-input\":{\"@type\":\"PropertyValueSpecification\",\"valueRequired\":true,\"valueName\":\"search_term_string\"}}],\"inLanguage\":\"pl-PL\"},{\"@type\":\"Organization\",\"@id\":\"https:\/\/www.bandi.pl\/blog\/#organization\",\"name\":\"BANDI\",\"url\":\"https:\/\/www.bandi.pl\/blog\/\",\"logo\":{\"@type\":\"ImageObject\",\"inLanguage\":\"pl-PL\",\"@id\":\"https:\/\/www.bandi.pl\/blog\/#\/schema\/logo\/image\/\",\"url\":\"https:\/\/www.bandi.pl\/blog\/wp-content\/uploads\/2019\/06\/bandi-logo.png\",\"contentUrl\":\"https:\/\/www.bandi.pl\/blog\/wp-content\/uploads\/2019\/06\/bandi-logo.png\",\"width\":264,\"height\":111,\"caption\":\"BANDI\"},\"image\":{\"@id\":\"https:\/\/www.bandi.pl\/blog\/#\/schema\/logo\/image\/\"},\"sameAs\":[\"https:\/\/web.facebook.com\/BANDIcosmetics\",\"https:\/\/x.com\/bandi_cosmetics\",\"https:\/\/www.instagram.com\/bandi_cosmetics\/\",\"https:\/\/www.pinterest.com\/bandicosmetics\/\",\"https:\/\/www.youtube.com\/user\/BandiCosmeticsPolska\"]},{\"@type\":\"Person\",\"@id\":\"https:\/\/www.bandi.pl\/blog\/#\/schema\/person\/5ba05af1a18c58f1c31d4ae051ec9499\",\"name\":\"Ilona Kiraga\"}]}<\/script>\n<!-- \/ Yoast SEO plugin. -->","yoast_head_json":{"title":"Jakiej piel\u0119gnacji potrzebuje cera mieszana? &#187; Blog BANDI","description":"Cera mieszana to jeden z najcz\u0119\u015bciej wyst\u0119puj\u0105cych typ\u00f3w sk\u00f3ry, ale jednocze\u015bnie jeden z najbardziej wymagaj\u0105cych w codziennej piel\u0119gnacji. \u0141\u0105czy cechy sk\u00f3ry t\u0142ustej i suchej.","robots":{"index":"index","follow":"follow","max-snippet":"max-snippet:-1","max-image-preview":"max-image-preview:large","max-video-preview":"max-video-preview:-1"},"canonical":"https:\/\/www.bandi.pl\/blog\/jakiej-pielegnacji-potrzebuje-cera-mieszana-2\/","og_locale":"pl_PL","og_type":"article","og_title":"Jakiej piel\u0119gnacji potrzebuje cera mieszana? &#187; Blog BANDI","og_description":"Cera mieszana to jeden z najcz\u0119\u015bciej wyst\u0119puj\u0105cych typ\u00f3w sk\u00f3ry, ale jednocze\u015bnie jeden z najbardziej wymagaj\u0105cych w codziennej piel\u0119gnacji. \u0141\u0105czy cechy sk\u00f3ry t\u0142ustej i suchej.","og_url":"https:\/\/www.bandi.pl\/blog\/jakiej-pielegnacji-potrzebuje-cera-mieszana-2\/","og_site_name":"Blog BANDI","article_publisher":"https:\/\/web.facebook.com\/BANDIcosmetics","article_published_time":"2026-03-17T09:00:00+00:00","og_image":[{"width":1748,"height":1240,"url":"https:\/\/www.bandi.pl\/blog\/wp-content\/uploads\/2026\/03\/Projekt-bez-nazwy-7-3.png","type":"image\/png"}],"author":"Ilona Kiraga","twitter_card":"summary_large_image","twitter_creator":"@bandi_cosmetics","twitter_site":"@bandi_cosmetics","twitter_misc":{"Napisane przez":"Ilona Kiraga","Szacowany czas czytania":"6 minut"},"schema":{"@context":"https:\/\/schema.org","@graph":[{"@type":"Article","@id":"https:\/\/www.bandi.pl\/blog\/jakiej-pielegnacji-potrzebuje-cera-mieszana-2\/#article","isPartOf":{"@id":"https:\/\/www.bandi.pl\/blog\/jakiej-pielegnacji-potrzebuje-cera-mieszana-2\/"},"author":{"name":"Ilona Kiraga","@id":"https:\/\/www.bandi.pl\/blog\/#\/schema\/person\/5ba05af1a18c58f1c31d4ae051ec9499"},"headline":"Jakiej piel\u0119gnacji potrzebuje cera mieszana?","datePublished":"2026-03-17T09:00:00+00:00","mainEntityOfPage":{"@id":"https:\/\/www.bandi.pl\/blog\/jakiej-pielegnacji-potrzebuje-cera-mieszana-2\/"},"wordCount":1334,"commentCount":0,"publisher":{"@id":"https:\/\/www.bandi.pl\/blog\/#organization"},"image":{"@id":"https:\/\/www.bandi.pl\/blog\/jakiej-pielegnacji-potrzebuje-cera-mieszana-2\/#primaryimage"},"thumbnailUrl":"https:\/\/www.bandi.pl\/blog\/wp-content\/uploads\/2026\/03\/Projekt-bez-nazwy-7-3.png","keywords":["Bandi","kosmetyki profesjonalne","krem matuj\u0105cy","krem nawil\u017caj\u0105cy","niacynamid","niedoskona\u0142o\u015bci","piel\u0119gnacja profesjonalna","piel\u0119gnacja twarzy","przeciw przet\u0142uszczaniu","strefa T","t\u0142usta sk\u00f3ra","tr\u0105dzik","zask\u00f3rniki"],"articleSection":["Edyta Bi\u0142obran","Piel\u0119gnacja i kosmetyki"],"inLanguage":"pl-PL","potentialAction":[{"@type":"CommentAction","name":"Comment","target":["https:\/\/www.bandi.pl\/blog\/jakiej-pielegnacji-potrzebuje-cera-mieszana-2\/#respond"]}]},{"@type":"WebPage","@id":"https:\/\/www.bandi.pl\/blog\/jakiej-pielegnacji-potrzebuje-cera-mieszana-2\/","url":"https:\/\/www.bandi.pl\/blog\/jakiej-pielegnacji-potrzebuje-cera-mieszana-2\/","name":"Jakiej piel\u0119gnacji potrzebuje cera mieszana? &#187; Blog BANDI","isPartOf":{"@id":"https:\/\/www.bandi.pl\/blog\/#website"},"primaryImageOfPage":{"@id":"https:\/\/www.bandi.pl\/blog\/jakiej-pielegnacji-potrzebuje-cera-mieszana-2\/#primaryimage"},"image":{"@id":"https:\/\/www.bandi.pl\/blog\/jakiej-pielegnacji-potrzebuje-cera-mieszana-2\/#primaryimage"},"thumbnailUrl":"https:\/\/www.bandi.pl\/blog\/wp-content\/uploads\/2026\/03\/Projekt-bez-nazwy-7-3.png","datePublished":"2026-03-17T09:00:00+00:00","description":"Cera mieszana to jeden z najcz\u0119\u015bciej wyst\u0119puj\u0105cych typ\u00f3w sk\u00f3ry, ale jednocze\u015bnie jeden z najbardziej wymagaj\u0105cych w codziennej piel\u0119gnacji. \u0141\u0105czy cechy sk\u00f3ry t\u0142ustej i suchej.","breadcrumb":{"@id":"https:\/\/www.bandi.pl\/blog\/jakiej-pielegnacji-potrzebuje-cera-mieszana-2\/#breadcrumb"},"inLanguage":"pl-PL","potentialAction":[{"@type":"ReadAction","target":["https:\/\/www.bandi.pl\/blog\/jakiej-pielegnacji-potrzebuje-cera-mieszana-2\/"]}]},{"@type":"ImageObject","inLanguage":"pl-PL","@id":"https:\/\/www.bandi.pl\/blog\/jakiej-pielegnacji-potrzebuje-cera-mieszana-2\/#primaryimage","url":"https:\/\/www.bandi.pl\/blog\/wp-content\/uploads\/2026\/03\/Projekt-bez-nazwy-7-3.png","contentUrl":"https:\/\/www.bandi.pl\/blog\/wp-content\/uploads\/2026\/03\/Projekt-bez-nazwy-7-3.png","width":1748,"height":1240,"caption":"cera mieszana"},{"@type":"BreadcrumbList","@id":"https:\/\/www.bandi.pl\/blog\/jakiej-pielegnacji-potrzebuje-cera-mieszana-2\/#breadcrumb","itemListElement":[{"@type":"ListItem","position":1,"name":"BANDI","item":"https:\/\/www.bandi.pl\/blog\/"},{"@type":"ListItem","position":2,"name":"Jakiej piel\u0119gnacji potrzebuje cera mieszana?"}]},{"@type":"WebSite","@id":"https:\/\/www.bandi.pl\/blog\/#website","url":"https:\/\/www.bandi.pl\/blog\/","name":"Blog BANDI","description":"Czarno na bia\u0142ym o kosmetykach","publisher":{"@id":"https:\/\/www.bandi.pl\/blog\/#organization"},"potentialAction":[{"@type":"SearchAction","target":{"@type":"EntryPoint","urlTemplate":"https:\/\/www.bandi.pl\/blog\/?s={search_term_string}"},"query-input":{"@type":"PropertyValueSpecification","valueRequired":true,"valueName":"search_term_string"}}],"inLanguage":"pl-PL"},{"@type":"Organization","@id":"https:\/\/www.bandi.pl\/blog\/#organization","name":"BANDI","url":"https:\/\/www.bandi.pl\/blog\/","logo":{"@type":"ImageObject","inLanguage":"pl-PL","@id":"https:\/\/www.bandi.pl\/blog\/#\/schema\/logo\/image\/","url":"https:\/\/www.bandi.pl\/blog\/wp-content\/uploads\/2019\/06\/bandi-logo.png","contentUrl":"https:\/\/www.bandi.pl\/blog\/wp-content\/uploads\/2019\/06\/bandi-logo.png","width":264,"height":111,"caption":"BANDI"},"image":{"@id":"https:\/\/www.bandi.pl\/blog\/#\/schema\/logo\/image\/"},"sameAs":["https:\/\/web.facebook.com\/BANDIcosmetics","https:\/\/x.com\/bandi_cosmetics","https:\/\/www.instagram.com\/bandi_cosmetics\/","https:\/\/www.pinterest.com\/bandicosmetics\/","https:\/\/www.youtube.com\/user\/BandiCosmeticsPolska"]},{"@type":"Person","@id":"https:\/\/www.bandi.pl\/blog\/#\/schema\/person\/5ba05af1a18c58f1c31d4ae051ec9499","name":"Ilona Kiraga"}]}},"_links":{"self":[{"href":"https:\/\/www.bandi.pl\/blog\/wp-json\/wp\/v2\/posts\/22704","targetHints":{"allow":["GET"]}}],"collection":[{"href":"https:\/\/www.bandi.pl\/blog\/wp-json\/wp\/v2\/posts"}],"about":[{"href":"https:\/\/www.bandi.pl\/blog\/wp-json\/wp\/v2\/types\/post"}],"author":[{"embeddable":true,"href":"https:\/\/www.bandi.pl\/blog\/wp-json\/wp\/v2\/users\/13"}],"replies":[{"embeddable":true,"href":"https:\/\/www.bandi.pl\/blog\/wp-json\/wp\/v2\/comments?post=22704"}],"version-history":[{"count":10,"href":"https:\/\/www.bandi.pl\/blog\/wp-json\/wp\/v2\/posts\/22704\/revisions"}],"predecessor-version":[{"id":22720,"href":"https:\/\/www.bandi.pl\/blog\/wp-json\/wp\/v2\/posts\/22704\/revisions\/22720"}],"wp:featuredmedia":[{"embeddable":true,"href":"https:\/\/www.bandi.pl\/blog\/wp-json\/wp\/v2\/media\/22721"}],"wp:attachment":[{"href":"https:\/\/www.bandi.pl\/blog\/wp-json\/wp\/v2\/media?parent=22704"}],"wp:term":[{"taxonomy":"category","embeddable":true,"href":"https:\/\/www.bandi.pl\/blog\/wp-json\/wp\/v2\/categories?post=22704"},{"taxonomy":"post_tag","embeddable":true,"href":"https:\/\/www.bandi.pl\/blog\/wp-json\/wp\/v2\/tags?post=22704"}],"curies":[{"name":"wp","href":"https:\/\/api.w.org\/{rel}","templated":true}]}}