{"id":22690,"date":"2026-03-12T11:26:29","date_gmt":"2026-03-12T10:26:29","guid":{"rendered":"https:\/\/www.bandi.pl\/blog\/?p=22690"},"modified":"2026-03-16T09:03:51","modified_gmt":"2026-03-16T08:03:51","slug":"niezwykla-kobieta-2026-codziennosc-ktora-staje-sie-sila","status":"publish","type":"post","link":"https:\/\/www.bandi.pl\/blog\/niezwykla-kobieta-2026-codziennosc-ktora-staje-sie-sila\/","title":{"rendered":"nieZWYK\u0141A KOBIETA 2026 \u2014 Codzienno\u015b\u0107, kt\u00f3ra staje si\u0119 si\u0142\u0105"},"content":{"rendered":"\n<p>Ka\u017cda kobieta codziennie \u0142\u0105czy wiele r\u00f3l, mierzy si\u0119 z wyzwaniami i z trosk\u0105 dba o innych. Ale czy pami\u0119tamy o tym, \u017ce ta codzienno\u015b\u0107 jest w\u0142a\u015bnie nasz\u0105 si\u0142\u0105? Tegoroczna edycja wydarzenia <a href=\"https:\/\/www.bandi.pl\/blog\/?s=niezwyk%C5%82a+kobieta\">nieZWYK\u0141A KOBIETA<\/a> przypomina, \u017ce to nie \u201emimo\u201d codzienno\u015bci, lecz dzi\u0119ki niej tkwi w nas niezwyk\u0142a moc.<\/p>\n\n\n\n<p>W dniach 6\u20137 marca 2026 r. w Westfield Arkadia w Warszawie odby\u0142a si\u0119 ju\u017c trzecia ods\u0142ona wydarzenia, kt\u00f3re \u0142\u0105czy w sobie obszary beauty, wellbeing i praktycznej wiedzy wspieraj\u0105cej na co dzie\u0144.<\/p>\n\n\n\n<h2 class=\"wp-block-heading\">Idea, kt\u00f3ra inspiruje<\/h2>\n\n\n\n<p>Tegoroczne has\u0142o \u2013 \u201eNiezwyk\u0142o\u015b\u0107 jest w codzienno\u015bci\u201d \u2013 sta\u0142o si\u0119 sercem ca\u0142ego wydarzenia.\u202fChcieli\u015bmy pokaza\u0107, \u017ce prawdziwa wyj\u0105tkowo\u015b\u0107 nie tkwi w perfekcji czy wielkich osi\u0105gni\u0119ciach, ale w prostych, codziennych wyborach, trosce o siebie i konsekwentnym dzia\u0142aniu.<\/p>\n\n\n\n<p>Chcieli\u015bmy, by odwiedzaj\u0105ce nas kobiety mog\u0142y:<\/p>\n\n\n\n<ul class=\"wp-block-list\">\n<li>z\u0142apa\u0107 chwil\u0119 oddechu od codziennego p\u0119du,<\/li>\n\n\n\n<li>zdoby\u0107 praktyczne umiej\u0119tno\u015bci i wiedz\u0119,<\/li>\n\n\n\n<li>spotka\u0107 inne inspiruj\u0105ce kobiety i ekspertki,<\/li>\n\n\n\n<li>poczu\u0107 si\u0142\u0119, dobr\u0105 energi\u0119 i wzajemne wsparcie.<\/li>\n<\/ul>\n\n\n\n<figure class=\"wp-block-embed is-type-video is-provider-youtube wp-block-embed-youtube wp-embed-aspect-16-9 wp-has-aspect-ratio\"><div class=\"wp-block-embed__wrapper\">\n<iframe loading=\"lazy\" title=\"nieZWYK\u0141A KOBIETA 2026: warsztaty, konsultacje i kobieca moc | Relacja\" width=\"1080\" height=\"608\" src=\"https:\/\/www.youtube.com\/embed\/zBkIxHVspp0?start=202&#038;feature=oembed\"  allow=\"accelerometer; autoplay; clipboard-write; encrypted-media; gyroscope; picture-in-picture; web-share\" referrerpolicy=\"strict-origin-when-cross-origin\" allowfullscreen><\/iframe>\n<\/div><\/figure>\n\n\n\n<h2 class=\"wp-block-heading\">Bogaty program warsztat\u00f3w i konsultacji<\/h2>\n\n\n\n<p>Program wydarzenia zosta\u0142 zaplanowany tak, aby ka\u017cda kobieta mog\u0142a znale\u017a\u0107 co\u015b dla siebie \u2013 niezale\u017cnie od tego, czy interesuje j\u0105 piel\u0119gnacja twarzy, dba\u0142o\u015b\u0107 o w\u0142osy, czy rozw\u00f3j \u015bwiadomo\u015bci w\u0142asnej mocy.<\/p>\n\n\n\n<p>W\u015br\u00f3d propozycji znalaz\u0142y si\u0119 m.in.:<\/p>\n\n\n\n<ul class=\"wp-block-list\">\n<li>warsztaty piel\u0119gnacyjne \u2013 jak \u015bwiadomie zadba\u0107 o swoj\u0105 sk\u00f3r\u0119 krok po kroku,<\/li>\n\n\n\n<li>DIY strefa krem\u00f3w, gdzie uczestniczki tworzy\u0142y w\u0142asne kosmetyki pod okiem specjalist\u00f3w,<\/li>\n\n\n\n<li>analiza kolorystyczna \u2013 by wydoby\u0107 naturalne pi\u0119kno z odpowiednio dobranymi barwami,<\/li>\n\n\n\n<li>joga twarzy i automasa\u017c \u2013 proste techniki do codziennej rutyny,<\/li>\n\n\n\n<li>porady trychologiczne \u2013 o sk\u00f3rze g\u0142owy i piel\u0119gnacji w\u0142os\u00f3w,<\/li>\n\n\n\n<li>konsultacje kosmetologiczne, w tym diagnostyka sk\u00f3ry twarzy i sk\u00f3ry g\u0142owy z wykorzystaniem specjalnej kamery.<\/li>\n<\/ul>\n\n\n\n<p><\/p>\n\n\n\n<figure class=\"wp-block-gallery has-nested-images columns-default is-cropped wp-block-gallery-1 is-layout-flex wp-block-gallery-is-layout-flex\">\n<figure class=\"wp-block-image size-large\"><img loading=\"lazy\" decoding=\"async\" width=\"630\" height=\"420\" data-id=\"22687\" src=\"https:\/\/www.bandi.pl\/blog\/wp-content\/uploads\/2026\/03\/akpa20260307_bandi26_jk_3758_low-630x420.jpg\" alt=\"\" class=\"wp-image-22687\"\/><\/figure>\n\n\n\n<figure class=\"wp-block-image size-large\"><img loading=\"lazy\" decoding=\"async\" width=\"630\" height=\"420\" data-id=\"22686\" src=\"https:\/\/www.bandi.pl\/blog\/wp-content\/uploads\/2026\/03\/akpa20260307_bandi26_jk_3619_low-630x420.jpg\" alt=\"\" class=\"wp-image-22686\"\/><\/figure>\n\n\n\n<figure class=\"wp-block-image size-large\"><img loading=\"lazy\" decoding=\"async\" width=\"630\" height=\"420\" data-id=\"22680\" src=\"https:\/\/www.bandi.pl\/blog\/wp-content\/uploads\/2026\/03\/akpa20260306_26bandi_jk_3033_LOW-630x420.jpg\" alt=\"\" class=\"wp-image-22680\"\/><\/figure>\n<\/figure>\n\n\n\n<p><\/p>\n\n\n\n<p>Nowo\u015bci\u0105 tegorocznej edycji by\u0142a mo\u017cliwo\u015b\u0107 streamingu cz\u0119\u015bci warsztat\u00f3w online. Dzi\u0119ki temu kobiety z ca\u0142ej Polski mog\u0142y uczestniczy\u0107 w wydarzeniu bez potrzeby fizycznej obecno\u015bci w Warszawie.<\/p>\n\n\n\n<p>To wa\u017cny krok w stron\u0119 budowania spo\u0142eczno\u015bci wsparcia i edukacji \u2013 bo projekt nieZWYK\u0141A KOBIETA to nie tylko event cykliczny, ale przede wszystkim przestrze\u0144, kt\u00f3ra ma towarzyszy\u0107 kobietom w ich codziennej drodze do lepszego dbania o siebie.<\/p>\n\n\n\n<p><\/p>\n\n\n\n<figure class=\"wp-block-gallery has-nested-images columns-default is-cropped wp-block-gallery-2 is-layout-flex wp-block-gallery-is-layout-flex\">\n<figure class=\"wp-block-image size-large\"><img loading=\"lazy\" decoding=\"async\" width=\"630\" height=\"420\" data-id=\"22678\" src=\"https:\/\/www.bandi.pl\/blog\/wp-content\/uploads\/2026\/03\/akpa20260306_26bandi_jk_2951_LOW-630x420.jpg\" alt=\"\" class=\"wp-image-22678\"\/><\/figure>\n\n\n\n<figure class=\"wp-block-image size-large\"><img loading=\"lazy\" decoding=\"async\" width=\"630\" height=\"420\" data-id=\"22673\" src=\"https:\/\/www.bandi.pl\/blog\/wp-content\/uploads\/2026\/03\/akpa20260306_26bandi_jk_2440_LOW-630x420.jpg\" alt=\"\" class=\"wp-image-22673\"\/><\/figure>\n\n\n\n<figure class=\"wp-block-image size-large\"><img loading=\"lazy\" decoding=\"async\" width=\"630\" height=\"420\" data-id=\"22689\" src=\"https:\/\/www.bandi.pl\/blog\/wp-content\/uploads\/2026\/03\/akpa20260307_bandi26_jk_3997_low-630x420.jpg\" alt=\"\" class=\"wp-image-22689\"\/><\/figure>\n\n\n\n<figure class=\"wp-block-image size-large\"><img loading=\"lazy\" decoding=\"async\" width=\"630\" height=\"420\" data-id=\"22675\" src=\"https:\/\/www.bandi.pl\/blog\/wp-content\/uploads\/2026\/03\/akpa20260306_26bandi_jk_2837_LOW-630x420.jpg\" alt=\"\" class=\"wp-image-22675\"\/><\/figure>\n\n\n\n<figure class=\"wp-block-image size-large\"><img loading=\"lazy\" decoding=\"async\" width=\"630\" height=\"420\" data-id=\"22681\" src=\"https:\/\/www.bandi.pl\/blog\/wp-content\/uploads\/2026\/03\/akpa20260306_26bandi_jk_3062_LOW-630x420.jpg\" alt=\"\" class=\"wp-image-22681\"\/><\/figure>\n\n\n\n<figure class=\"wp-block-image size-large\"><img loading=\"lazy\" decoding=\"async\" width=\"630\" height=\"420\" data-id=\"22671\" src=\"https:\/\/www.bandi.pl\/blog\/wp-content\/uploads\/2026\/03\/akpa20260306_26bandi_jk_2243_LOW-\u2014-kopia-630x420.jpg\" alt=\"\" class=\"wp-image-22671\" srcset=\"https:\/\/www.bandi.pl\/blog\/wp-content\/uploads\/2026\/03\/akpa20260306_26bandi_jk_2243_LOW-\u2014-kopia-630x420.jpg 630w, https:\/\/www.bandi.pl\/blog\/wp-content\/uploads\/2026\/03\/akpa20260306_26bandi_jk_2243_LOW-\u2014-kopia-300x200.jpg 300w, https:\/\/www.bandi.pl\/blog\/wp-content\/uploads\/2026\/03\/akpa20260306_26bandi_jk_2243_LOW-\u2014-kopia-768x512.jpg 768w, https:\/\/www.bandi.pl\/blog\/wp-content\/uploads\/2026\/03\/akpa20260306_26bandi_jk_2243_LOW-\u2014-kopia-980x654.jpg 980w, https:\/\/www.bandi.pl\/blog\/wp-content\/uploads\/2026\/03\/akpa20260306_26bandi_jk_2243_LOW-\u2014-kopia-480x320.jpg 480w, https:\/\/www.bandi.pl\/blog\/wp-content\/uploads\/2026\/03\/akpa20260306_26bandi_jk_2243_LOW-\u2014-kopia.jpg 1000w\" sizes=\"(max-width: 630px) 100vw, 630px\" \/><\/figure>\n\n\n\n<figure class=\"wp-block-image size-large\"><img loading=\"lazy\" decoding=\"async\" width=\"630\" height=\"420\" data-id=\"22670\" src=\"https:\/\/www.bandi.pl\/blog\/wp-content\/uploads\/2026\/03\/akpa20260306_26bandi_jk_2235_LOW-\u2014-kopia-630x420.jpg\" alt=\"\" class=\"wp-image-22670\" srcset=\"https:\/\/www.bandi.pl\/blog\/wp-content\/uploads\/2026\/03\/akpa20260306_26bandi_jk_2235_LOW-\u2014-kopia-630x420.jpg 630w, https:\/\/www.bandi.pl\/blog\/wp-content\/uploads\/2026\/03\/akpa20260306_26bandi_jk_2235_LOW-\u2014-kopia-300x200.jpg 300w, https:\/\/www.bandi.pl\/blog\/wp-content\/uploads\/2026\/03\/akpa20260306_26bandi_jk_2235_LOW-\u2014-kopia-768x512.jpg 768w, https:\/\/www.bandi.pl\/blog\/wp-content\/uploads\/2026\/03\/akpa20260306_26bandi_jk_2235_LOW-\u2014-kopia-980x654.jpg 980w, https:\/\/www.bandi.pl\/blog\/wp-content\/uploads\/2026\/03\/akpa20260306_26bandi_jk_2235_LOW-\u2014-kopia-480x320.jpg 480w, https:\/\/www.bandi.pl\/blog\/wp-content\/uploads\/2026\/03\/akpa20260306_26bandi_jk_2235_LOW-\u2014-kopia.jpg 1000w\" sizes=\"(max-width: 630px) 100vw, 630px\" \/><\/figure>\n\n\n\n<figure class=\"wp-block-image size-large\"><img loading=\"lazy\" decoding=\"async\" width=\"630\" height=\"420\" data-id=\"22688\" src=\"https:\/\/www.bandi.pl\/blog\/wp-content\/uploads\/2026\/03\/akpa20260307_bandi26_jk_3787_low-630x420.jpg\" alt=\"\" class=\"wp-image-22688\"\/><\/figure>\n<\/figure>\n\n\n\n<p><\/p>\n\n\n\n<h3 class=\"wp-block-heading\">Strefa fun \u2013 chwila lekko\u015bci i dobrej zabawy<\/h3>\n\n\n\n<p>Integraln\u0105 cz\u0119\u015bci\u0105 wydarzenia by\u0142a r\u00f3wnie\u017c strefa fun, kt\u00f3ra wprowadza\u0142a do programu element lekko\u015bci i wsp\u00f3lnej zabawy. Uczestniczki mog\u0142y wzi\u0105\u0107 udzia\u0142 w r\u00f3\u017cnorodnych quizach, konkursach i interaktywnych aktywno\u015bciach zwi\u0105zanych z tematyk\u0105 beauty, piel\u0119gnacji oraz codziennego wellbeing.<\/p>\n\n\n\n<p>By\u0142a to przestrze\u0144, w kt\u00f3rej mo\u017cna by\u0142o na chwil\u0119 zwolni\u0107 tempo, sprawdzi\u0107 swoj\u0105 wiedz\u0119, zdoby\u0107 upominki i przede wszystkim dobrze si\u0119 bawi\u0107 w kobiecym gronie. Strefa szybko sta\u0142a si\u0119 miejscem spontanicznych rozm\u00f3w, \u015bmiechu i integracji uczestniczek, pokazuj\u0105c, \u017ce dbanie o siebie to tak\u017ce rado\u015b\u0107 i chwile przyjemno\u015bci.<\/p>\n\n\n\n<p><\/p>\n\n\n\n<figure class=\"wp-block-gallery has-nested-images columns-default is-cropped wp-block-gallery-3 is-layout-flex wp-block-gallery-is-layout-flex\">\n<figure class=\"wp-block-image size-large\"><img loading=\"lazy\" decoding=\"async\" width=\"630\" height=\"420\" data-id=\"22685\" src=\"https:\/\/www.bandi.pl\/blog\/wp-content\/uploads\/2026\/03\/akpa20260307_bandi26_jk_3608_low-630x420.jpg\" alt=\"\" class=\"wp-image-22685\"\/><\/figure>\n\n\n\n<figure class=\"wp-block-image size-large\"><img loading=\"lazy\" decoding=\"async\" width=\"630\" height=\"420\" data-id=\"22677\" src=\"https:\/\/www.bandi.pl\/blog\/wp-content\/uploads\/2026\/03\/akpa20260306_26bandi_jk_2860_LOW-630x420.jpg\" alt=\"\" class=\"wp-image-22677\"\/><\/figure>\n\n\n\n<figure class=\"wp-block-image size-large\"><img loading=\"lazy\" decoding=\"async\" width=\"630\" height=\"420\" data-id=\"22676\" src=\"https:\/\/www.bandi.pl\/blog\/wp-content\/uploads\/2026\/03\/akpa20260306_26bandi_jk_2855_LOW-630x420.jpg\" alt=\"\" class=\"wp-image-22676\"\/><\/figure>\n<\/figure>\n\n\n\n<p><\/p>\n\n\n\n<h3 class=\"wp-block-heading\">Jubileusz marki BANDI<\/h3>\n\n\n\n<p>Podczas wydarzenia nie zabrak\u0142o r\u00f3wnie\u017c wyj\u0105tkowego, jubileuszowego momentu. \u015awi\u0119towali\u015bmy 40-lecie marki BANDI. Z tej okazji uczestniczki mog\u0142y wzi\u0105\u0107 udzia\u0142 w kr\u00f3tkim, ale bardzo wzruszaj\u0105cym spotkaniu, podczas kt\u00f3rego za\u0142o\u017cycielka marki Bogda Draniak i Jej c\u00f3rka &#8211; Joanna Draniak-Kici\u0144ska, obecnie prowadz\u0105ca firm\u0119, podzi\u0119kowa\u0142y za lata zaufania klientek, wsp\u00f3\u0142pracownik\u00f3w i partner\u00f3w.<\/p>\n\n\n\n<p>Nie zabrak\u0142o ciep\u0142ych s\u0142\u00f3w, wspomnie\u0144 oraz symbolicznego akcentu \u2013 uroczystego tortu, kt\u00f3rym wsp\u00f3lnie uczczono cztery dekady rozwoju marki. By\u0142 to moment pe\u0142en emocji i wdzi\u0119czno\u015bci, kt\u00f3ry pi\u0119knie wpisa\u0142 si\u0119 w atmosfer\u0119 ca\u0142ego wydarzenia, celebruj\u0105cego kobiec\u0105 si\u0142\u0119, pasj\u0119 i codzienne inspiracje.<\/p>\n\n\n\n<p><\/p>\n\n\n\n<figure class=\"wp-block-gallery has-nested-images columns-default is-cropped wp-block-gallery-4 is-layout-flex wp-block-gallery-is-layout-flex\">\n<figure class=\"wp-block-image size-large\"><img loading=\"lazy\" decoding=\"async\" width=\"630\" height=\"420\" data-id=\"22683\" src=\"https:\/\/www.bandi.pl\/blog\/wp-content\/uploads\/2026\/03\/akpa20260306_26bandi_jk_3205-630x420.jpg\" alt=\"\" class=\"wp-image-22683\"\/><figcaption class=\"wp-element-caption\">Na zdj.: Joanna Draniak-Kici\u0144ska, Fot. Jacek Kurnikowski\/AKPA<\/figcaption><\/figure>\n\n\n\n<figure class=\"wp-block-image size-large\"><img loading=\"lazy\" decoding=\"async\" width=\"630\" height=\"420\" data-id=\"22682\" src=\"https:\/\/www.bandi.pl\/blog\/wp-content\/uploads\/2026\/03\/akpa20260306_26bandi_jk_3080_LOW-630x420.jpg\" alt=\"\" class=\"wp-image-22682\"\/><\/figure>\n<\/figure>\n\n\n\n<p><\/p>\n\n\n\n<h2 class=\"wp-block-heading\">Dlaczego to takie wa\u017cne?<\/h2>\n\n\n\n<p>W \u015bwiecie pe\u0142nym oczekiwa\u0144 i por\u00f3wna\u0144 cz\u0119sto zapominamy, \u017ce pi\u0119kno i si\u0142a nie s\u0105 jedynie wynikiem spektakularnych osi\u0105gni\u0119\u0107. S\u0105\u202fw ka\u017cdym spojrzeniu, u\u015bmiechu i codziennym dzia\u0142aniu. Bo ka\u017cda kobieta, \u015bwiadoma swojej warto\u015bci, mo\u017ce poczu\u0107, \u017ce: <em>\u201emoja zwyk\u0142o\u015b\u0107 jest wystarczaj\u0105ca \u2014 i w\u0142a\u015bnie w niej jest moja si\u0142a.\u201d<\/em><\/p>\n\n\n\n<p><\/p>\n\n\n\n<figure class=\"wp-block-image size-large\"><img loading=\"lazy\" decoding=\"async\" width=\"560\" height=\"420\" src=\"https:\/\/www.bandi.pl\/blog\/wp-content\/uploads\/2026\/03\/IMG_1463-560x420.jpeg\" alt=\"nieZWYK\u0141A KOBIETA\" class=\"wp-image-22700\"\/><\/figure>\n","protected":false},"excerpt":{"rendered":"<p>Ka\u017cda kobieta codziennie \u0142\u0105czy wiele r\u00f3l, mierzy si\u0119 z wyzwaniami i z trosk\u0105 dba o innych. Ale czy pami\u0119tamy o tym, \u017ce ta codzienno\u015b\u0107 jest w\u0142a\u015bnie nasz\u0105 si\u0142\u0105? Tegoroczna edycja wydarzenia nieZWYK\u0141A KOBIETA przypomina, \u017ce to nie \u201emimo\u201d codzienno\u015bci, lecz dzi\u0119ki niej tkwi w nas niezwyk\u0142a moc. W dniach 6\u20137 marca 2026 r. w Westfield [&hellip;]<\/p>\n","protected":false},"author":13,"featured_media":22684,"comment_status":"open","ping_status":"closed","sticky":false,"template":"","format":"standard","meta":{"_et_pb_use_builder":"off","_et_pb_old_content":"","_et_gb_content_width":"","footnotes":""},"categories":[2055,1969,1741],"tags":[8930,8933,3445,8303,8919,8931,7487,8672,4232,4230,5868,8670,8671,8932,8934],"class_list":["post-22690","post","type-post","status-publish","format-standard","has-post-thumbnail","hentry","category-bandi","category-kategoria-co-u-nas","category-kategoria-z-zycia-firmy","tag-40-lecie-bandi","tag-analiza-kolorystyczna","tag-bandi","tag-dzien-kobiet","tag-event-dla-kobiet","tag-event-w-arkadii","tag-joga-twarzy","tag-konsultacje-kosmetologiczne","tag-kosmetyki-profesjonalne","tag-pielegnacja-profesjonalna","tag-pielegnacja-twarzy","tag-warsztaty-dla-kobiet","tag-warsztaty-pielegnacyjne","tag-warsztaty-trychologiczne","tag-warsztaty-z-robienia-kremu"],"yoast_head":"<!-- This site is optimized with the Yoast SEO plugin v27.1.1 - https:\/\/yoast.com\/product\/yoast-seo-wordpress\/ -->\n<title>nieZWYK\u0141A KOBIETA 2026 \u2014 Codzienno\u015b\u0107, kt\u00f3ra staje si\u0119 si\u0142\u0105 &#187; Blog BANDI<\/title>\n<meta name=\"description\" content=\"Tegoroczna edycja wydarzenia nieZWYK\u0141A KOBIETA przypomina, \u017ce to nie \u201emimo\u201d codzienno\u015bci, lecz dzi\u0119ki niej tkwi w nas niezwyk\u0142a moc.\" \/>\n<meta name=\"robots\" content=\"index, follow, max-snippet:-1, max-image-preview:large, max-video-preview:-1\" \/>\n<link rel=\"canonical\" href=\"https:\/\/www.bandi.pl\/blog\/niezwykla-kobieta-2026-codziennosc-ktora-staje-sie-sila\/\" \/>\n<meta property=\"og:locale\" content=\"pl_PL\" \/>\n<meta property=\"og:type\" content=\"article\" \/>\n<meta property=\"og:title\" content=\"nieZWYK\u0141A KOBIETA 2026 \u2014 Codzienno\u015b\u0107, kt\u00f3ra staje si\u0119 si\u0142\u0105 &#187; Blog BANDI\" \/>\n<meta property=\"og:description\" content=\"Tegoroczna edycja wydarzenia nieZWYK\u0141A KOBIETA przypomina, \u017ce to nie \u201emimo\u201d codzienno\u015bci, lecz dzi\u0119ki niej tkwi w nas niezwyk\u0142a moc.\" \/>\n<meta property=\"og:url\" content=\"https:\/\/www.bandi.pl\/blog\/niezwykla-kobieta-2026-codziennosc-ktora-staje-sie-sila\/\" \/>\n<meta property=\"og:site_name\" content=\"Blog BANDI\" \/>\n<meta property=\"article:publisher\" content=\"https:\/\/web.facebook.com\/BANDIcosmetics\" \/>\n<meta property=\"article:published_time\" content=\"2026-03-12T10:26:29+00:00\" \/>\n<meta property=\"article:modified_time\" content=\"2026-03-16T08:03:51+00:00\" \/>\n<meta property=\"og:image\" content=\"https:\/\/www.bandi.pl\/blog\/wp-content\/uploads\/2026\/03\/akpa20260307_bandi26_jk_3293_low.jpg\" \/>\n\t<meta property=\"og:image:width\" content=\"1000\" \/>\n\t<meta property=\"og:image:height\" content=\"666\" \/>\n\t<meta property=\"og:image:type\" content=\"image\/jpeg\" \/>\n<meta name=\"author\" content=\"Ilona Kiraga\" \/>\n<meta name=\"twitter:card\" content=\"summary_large_image\" \/>\n<meta name=\"twitter:creator\" content=\"@bandi_cosmetics\" \/>\n<meta name=\"twitter:site\" content=\"@bandi_cosmetics\" \/>\n<meta name=\"twitter:label1\" content=\"Napisane przez\" \/>\n\t<meta name=\"twitter:data1\" content=\"Ilona Kiraga\" \/>\n\t<meta name=\"twitter:label2\" content=\"Szacowany czas czytania\" \/>\n\t<meta name=\"twitter:data2\" content=\"7 minut\" \/>\n<script type=\"application\/ld+json\" class=\"yoast-schema-graph\">{\"@context\":\"https:\/\/schema.org\",\"@graph\":[{\"@type\":\"Article\",\"@id\":\"https:\/\/www.bandi.pl\/blog\/niezwykla-kobieta-2026-codziennosc-ktora-staje-sie-sila\/#article\",\"isPartOf\":{\"@id\":\"https:\/\/www.bandi.pl\/blog\/niezwykla-kobieta-2026-codziennosc-ktora-staje-sie-sila\/\"},\"author\":{\"name\":\"Ilona Kiraga\",\"@id\":\"https:\/\/www.bandi.pl\/blog\/#\/schema\/person\/5ba05af1a18c58f1c31d4ae051ec9499\"},\"headline\":\"nieZWYK\u0141A KOBIETA 2026 \u2014 Codzienno\u015b\u0107, kt\u00f3ra staje si\u0119 si\u0142\u0105\",\"datePublished\":\"2026-03-12T10:26:29+00:00\",\"dateModified\":\"2026-03-16T08:03:51+00:00\",\"mainEntityOfPage\":{\"@id\":\"https:\/\/www.bandi.pl\/blog\/niezwykla-kobieta-2026-codziennosc-ktora-staje-sie-sila\/\"},\"wordCount\":709,\"commentCount\":0,\"publisher\":{\"@id\":\"https:\/\/www.bandi.pl\/blog\/#organization\"},\"image\":{\"@id\":\"https:\/\/www.bandi.pl\/blog\/niezwykla-kobieta-2026-codziennosc-ktora-staje-sie-sila\/#primaryimage\"},\"thumbnailUrl\":\"https:\/\/www.bandi.pl\/blog\/wp-content\/uploads\/2026\/03\/akpa20260307_bandi26_jk_3293_low.jpg\",\"keywords\":[\"40-lecie BANDI\",\"analiza kolorystyczna\",\"Bandi\",\"dzie\u0144 kobiet\",\"event dla kobiet\",\"event w Arkadii\",\"joga twarzy\",\"konsultacje kosmetologiczne\",\"kosmetyki profesjonalne\",\"piel\u0119gnacja profesjonalna\",\"piel\u0119gnacja twarzy\",\"warsztaty dla kobiet\",\"warsztaty piel\u0119gnacyjne\",\"warsztaty trychologiczne\",\"warsztaty z robienia kremu\"],\"articleSection\":[\"BANDI\",\"Co u nas?\",\"Z \u017cycia firmy\"],\"inLanguage\":\"pl-PL\",\"potentialAction\":[{\"@type\":\"CommentAction\",\"name\":\"Comment\",\"target\":[\"https:\/\/www.bandi.pl\/blog\/niezwykla-kobieta-2026-codziennosc-ktora-staje-sie-sila\/#respond\"]}]},{\"@type\":\"WebPage\",\"@id\":\"https:\/\/www.bandi.pl\/blog\/niezwykla-kobieta-2026-codziennosc-ktora-staje-sie-sila\/\",\"url\":\"https:\/\/www.bandi.pl\/blog\/niezwykla-kobieta-2026-codziennosc-ktora-staje-sie-sila\/\",\"name\":\"nieZWYK\u0141A KOBIETA 2026 \u2014 Codzienno\u015b\u0107, kt\u00f3ra staje si\u0119 si\u0142\u0105 &#187; Blog BANDI\",\"isPartOf\":{\"@id\":\"https:\/\/www.bandi.pl\/blog\/#website\"},\"primaryImageOfPage\":{\"@id\":\"https:\/\/www.bandi.pl\/blog\/niezwykla-kobieta-2026-codziennosc-ktora-staje-sie-sila\/#primaryimage\"},\"image\":{\"@id\":\"https:\/\/www.bandi.pl\/blog\/niezwykla-kobieta-2026-codziennosc-ktora-staje-sie-sila\/#primaryimage\"},\"thumbnailUrl\":\"https:\/\/www.bandi.pl\/blog\/wp-content\/uploads\/2026\/03\/akpa20260307_bandi26_jk_3293_low.jpg\",\"datePublished\":\"2026-03-12T10:26:29+00:00\",\"dateModified\":\"2026-03-16T08:03:51+00:00\",\"description\":\"Tegoroczna edycja wydarzenia nieZWYK\u0141A KOBIETA przypomina, \u017ce to nie \u201emimo\u201d codzienno\u015bci, lecz dzi\u0119ki niej tkwi w nas niezwyk\u0142a moc.\",\"breadcrumb\":{\"@id\":\"https:\/\/www.bandi.pl\/blog\/niezwykla-kobieta-2026-codziennosc-ktora-staje-sie-sila\/#breadcrumb\"},\"inLanguage\":\"pl-PL\",\"potentialAction\":[{\"@type\":\"ReadAction\",\"target\":[\"https:\/\/www.bandi.pl\/blog\/niezwykla-kobieta-2026-codziennosc-ktora-staje-sie-sila\/\"]}]},{\"@type\":\"ImageObject\",\"inLanguage\":\"pl-PL\",\"@id\":\"https:\/\/www.bandi.pl\/blog\/niezwykla-kobieta-2026-codziennosc-ktora-staje-sie-sila\/#primaryimage\",\"url\":\"https:\/\/www.bandi.pl\/blog\/wp-content\/uploads\/2026\/03\/akpa20260307_bandi26_jk_3293_low.jpg\",\"contentUrl\":\"https:\/\/www.bandi.pl\/blog\/wp-content\/uploads\/2026\/03\/akpa20260307_bandi26_jk_3293_low.jpg\",\"width\":1000,\"height\":666,\"caption\":\"nieZWYK\u0141A KOBIETA\"},{\"@type\":\"BreadcrumbList\",\"@id\":\"https:\/\/www.bandi.pl\/blog\/niezwykla-kobieta-2026-codziennosc-ktora-staje-sie-sila\/#breadcrumb\",\"itemListElement\":[{\"@type\":\"ListItem\",\"position\":1,\"name\":\"BANDI\",\"item\":\"https:\/\/www.bandi.pl\/blog\/\"},{\"@type\":\"ListItem\",\"position\":2,\"name\":\"nieZWYK\u0141A KOBIETA 2026 \u2014 Codzienno\u015b\u0107, kt\u00f3ra staje si\u0119 si\u0142\u0105\"}]},{\"@type\":\"WebSite\",\"@id\":\"https:\/\/www.bandi.pl\/blog\/#website\",\"url\":\"https:\/\/www.bandi.pl\/blog\/\",\"name\":\"Blog BANDI\",\"description\":\"Czarno na bia\u0142ym o kosmetykach\",\"publisher\":{\"@id\":\"https:\/\/www.bandi.pl\/blog\/#organization\"},\"potentialAction\":[{\"@type\":\"SearchAction\",\"target\":{\"@type\":\"EntryPoint\",\"urlTemplate\":\"https:\/\/www.bandi.pl\/blog\/?s={search_term_string}\"},\"query-input\":{\"@type\":\"PropertyValueSpecification\",\"valueRequired\":true,\"valueName\":\"search_term_string\"}}],\"inLanguage\":\"pl-PL\"},{\"@type\":\"Organization\",\"@id\":\"https:\/\/www.bandi.pl\/blog\/#organization\",\"name\":\"BANDI\",\"url\":\"https:\/\/www.bandi.pl\/blog\/\",\"logo\":{\"@type\":\"ImageObject\",\"inLanguage\":\"pl-PL\",\"@id\":\"https:\/\/www.bandi.pl\/blog\/#\/schema\/logo\/image\/\",\"url\":\"https:\/\/www.bandi.pl\/blog\/wp-content\/uploads\/2019\/06\/bandi-logo.png\",\"contentUrl\":\"https:\/\/www.bandi.pl\/blog\/wp-content\/uploads\/2019\/06\/bandi-logo.png\",\"width\":264,\"height\":111,\"caption\":\"BANDI\"},\"image\":{\"@id\":\"https:\/\/www.bandi.pl\/blog\/#\/schema\/logo\/image\/\"},\"sameAs\":[\"https:\/\/web.facebook.com\/BANDIcosmetics\",\"https:\/\/x.com\/bandi_cosmetics\",\"https:\/\/www.instagram.com\/bandi_cosmetics\/\",\"https:\/\/www.pinterest.com\/bandicosmetics\/\",\"https:\/\/www.youtube.com\/user\/BandiCosmeticsPolska\"]},{\"@type\":\"Person\",\"@id\":\"https:\/\/www.bandi.pl\/blog\/#\/schema\/person\/5ba05af1a18c58f1c31d4ae051ec9499\",\"name\":\"Ilona Kiraga\"}]}<\/script>\n<!-- \/ Yoast SEO plugin. -->","yoast_head_json":{"title":"nieZWYK\u0141A KOBIETA 2026 \u2014 Codzienno\u015b\u0107, kt\u00f3ra staje si\u0119 si\u0142\u0105 &#187; Blog BANDI","description":"Tegoroczna edycja wydarzenia nieZWYK\u0141A KOBIETA przypomina, \u017ce to nie \u201emimo\u201d codzienno\u015bci, lecz dzi\u0119ki niej tkwi w nas niezwyk\u0142a moc.","robots":{"index":"index","follow":"follow","max-snippet":"max-snippet:-1","max-image-preview":"max-image-preview:large","max-video-preview":"max-video-preview:-1"},"canonical":"https:\/\/www.bandi.pl\/blog\/niezwykla-kobieta-2026-codziennosc-ktora-staje-sie-sila\/","og_locale":"pl_PL","og_type":"article","og_title":"nieZWYK\u0141A KOBIETA 2026 \u2014 Codzienno\u015b\u0107, kt\u00f3ra staje si\u0119 si\u0142\u0105 &#187; Blog BANDI","og_description":"Tegoroczna edycja wydarzenia nieZWYK\u0141A KOBIETA przypomina, \u017ce to nie \u201emimo\u201d codzienno\u015bci, lecz dzi\u0119ki niej tkwi w nas niezwyk\u0142a moc.","og_url":"https:\/\/www.bandi.pl\/blog\/niezwykla-kobieta-2026-codziennosc-ktora-staje-sie-sila\/","og_site_name":"Blog BANDI","article_publisher":"https:\/\/web.facebook.com\/BANDIcosmetics","article_published_time":"2026-03-12T10:26:29+00:00","article_modified_time":"2026-03-16T08:03:51+00:00","og_image":[{"width":1000,"height":666,"url":"https:\/\/www.bandi.pl\/blog\/wp-content\/uploads\/2026\/03\/akpa20260307_bandi26_jk_3293_low.jpg","type":"image\/jpeg"}],"author":"Ilona Kiraga","twitter_card":"summary_large_image","twitter_creator":"@bandi_cosmetics","twitter_site":"@bandi_cosmetics","twitter_misc":{"Napisane przez":"Ilona Kiraga","Szacowany czas czytania":"7 minut"},"schema":{"@context":"https:\/\/schema.org","@graph":[{"@type":"Article","@id":"https:\/\/www.bandi.pl\/blog\/niezwykla-kobieta-2026-codziennosc-ktora-staje-sie-sila\/#article","isPartOf":{"@id":"https:\/\/www.bandi.pl\/blog\/niezwykla-kobieta-2026-codziennosc-ktora-staje-sie-sila\/"},"author":{"name":"Ilona Kiraga","@id":"https:\/\/www.bandi.pl\/blog\/#\/schema\/person\/5ba05af1a18c58f1c31d4ae051ec9499"},"headline":"nieZWYK\u0141A KOBIETA 2026 \u2014 Codzienno\u015b\u0107, kt\u00f3ra staje si\u0119 si\u0142\u0105","datePublished":"2026-03-12T10:26:29+00:00","dateModified":"2026-03-16T08:03:51+00:00","mainEntityOfPage":{"@id":"https:\/\/www.bandi.pl\/blog\/niezwykla-kobieta-2026-codziennosc-ktora-staje-sie-sila\/"},"wordCount":709,"commentCount":0,"publisher":{"@id":"https:\/\/www.bandi.pl\/blog\/#organization"},"image":{"@id":"https:\/\/www.bandi.pl\/blog\/niezwykla-kobieta-2026-codziennosc-ktora-staje-sie-sila\/#primaryimage"},"thumbnailUrl":"https:\/\/www.bandi.pl\/blog\/wp-content\/uploads\/2026\/03\/akpa20260307_bandi26_jk_3293_low.jpg","keywords":["40-lecie BANDI","analiza kolorystyczna","Bandi","dzie\u0144 kobiet","event dla kobiet","event w Arkadii","joga twarzy","konsultacje kosmetologiczne","kosmetyki profesjonalne","piel\u0119gnacja profesjonalna","piel\u0119gnacja twarzy","warsztaty dla kobiet","warsztaty piel\u0119gnacyjne","warsztaty trychologiczne","warsztaty z robienia kremu"],"articleSection":["BANDI","Co u nas?","Z \u017cycia firmy"],"inLanguage":"pl-PL","potentialAction":[{"@type":"CommentAction","name":"Comment","target":["https:\/\/www.bandi.pl\/blog\/niezwykla-kobieta-2026-codziennosc-ktora-staje-sie-sila\/#respond"]}]},{"@type":"WebPage","@id":"https:\/\/www.bandi.pl\/blog\/niezwykla-kobieta-2026-codziennosc-ktora-staje-sie-sila\/","url":"https:\/\/www.bandi.pl\/blog\/niezwykla-kobieta-2026-codziennosc-ktora-staje-sie-sila\/","name":"nieZWYK\u0141A KOBIETA 2026 \u2014 Codzienno\u015b\u0107, kt\u00f3ra staje si\u0119 si\u0142\u0105 &#187; Blog BANDI","isPartOf":{"@id":"https:\/\/www.bandi.pl\/blog\/#website"},"primaryImageOfPage":{"@id":"https:\/\/www.bandi.pl\/blog\/niezwykla-kobieta-2026-codziennosc-ktora-staje-sie-sila\/#primaryimage"},"image":{"@id":"https:\/\/www.bandi.pl\/blog\/niezwykla-kobieta-2026-codziennosc-ktora-staje-sie-sila\/#primaryimage"},"thumbnailUrl":"https:\/\/www.bandi.pl\/blog\/wp-content\/uploads\/2026\/03\/akpa20260307_bandi26_jk_3293_low.jpg","datePublished":"2026-03-12T10:26:29+00:00","dateModified":"2026-03-16T08:03:51+00:00","description":"Tegoroczna edycja wydarzenia nieZWYK\u0141A KOBIETA przypomina, \u017ce to nie \u201emimo\u201d codzienno\u015bci, lecz dzi\u0119ki niej tkwi w nas niezwyk\u0142a moc.","breadcrumb":{"@id":"https:\/\/www.bandi.pl\/blog\/niezwykla-kobieta-2026-codziennosc-ktora-staje-sie-sila\/#breadcrumb"},"inLanguage":"pl-PL","potentialAction":[{"@type":"ReadAction","target":["https:\/\/www.bandi.pl\/blog\/niezwykla-kobieta-2026-codziennosc-ktora-staje-sie-sila\/"]}]},{"@type":"ImageObject","inLanguage":"pl-PL","@id":"https:\/\/www.bandi.pl\/blog\/niezwykla-kobieta-2026-codziennosc-ktora-staje-sie-sila\/#primaryimage","url":"https:\/\/www.bandi.pl\/blog\/wp-content\/uploads\/2026\/03\/akpa20260307_bandi26_jk_3293_low.jpg","contentUrl":"https:\/\/www.bandi.pl\/blog\/wp-content\/uploads\/2026\/03\/akpa20260307_bandi26_jk_3293_low.jpg","width":1000,"height":666,"caption":"nieZWYK\u0141A KOBIETA"},{"@type":"BreadcrumbList","@id":"https:\/\/www.bandi.pl\/blog\/niezwykla-kobieta-2026-codziennosc-ktora-staje-sie-sila\/#breadcrumb","itemListElement":[{"@type":"ListItem","position":1,"name":"BANDI","item":"https:\/\/www.bandi.pl\/blog\/"},{"@type":"ListItem","position":2,"name":"nieZWYK\u0141A KOBIETA 2026 \u2014 Codzienno\u015b\u0107, kt\u00f3ra staje si\u0119 si\u0142\u0105"}]},{"@type":"WebSite","@id":"https:\/\/www.bandi.pl\/blog\/#website","url":"https:\/\/www.bandi.pl\/blog\/","name":"Blog BANDI","description":"Czarno na bia\u0142ym o kosmetykach","publisher":{"@id":"https:\/\/www.bandi.pl\/blog\/#organization"},"potentialAction":[{"@type":"SearchAction","target":{"@type":"EntryPoint","urlTemplate":"https:\/\/www.bandi.pl\/blog\/?s={search_term_string}"},"query-input":{"@type":"PropertyValueSpecification","valueRequired":true,"valueName":"search_term_string"}}],"inLanguage":"pl-PL"},{"@type":"Organization","@id":"https:\/\/www.bandi.pl\/blog\/#organization","name":"BANDI","url":"https:\/\/www.bandi.pl\/blog\/","logo":{"@type":"ImageObject","inLanguage":"pl-PL","@id":"https:\/\/www.bandi.pl\/blog\/#\/schema\/logo\/image\/","url":"https:\/\/www.bandi.pl\/blog\/wp-content\/uploads\/2019\/06\/bandi-logo.png","contentUrl":"https:\/\/www.bandi.pl\/blog\/wp-content\/uploads\/2019\/06\/bandi-logo.png","width":264,"height":111,"caption":"BANDI"},"image":{"@id":"https:\/\/www.bandi.pl\/blog\/#\/schema\/logo\/image\/"},"sameAs":["https:\/\/web.facebook.com\/BANDIcosmetics","https:\/\/x.com\/bandi_cosmetics","https:\/\/www.instagram.com\/bandi_cosmetics\/","https:\/\/www.pinterest.com\/bandicosmetics\/","https:\/\/www.youtube.com\/user\/BandiCosmeticsPolska"]},{"@type":"Person","@id":"https:\/\/www.bandi.pl\/blog\/#\/schema\/person\/5ba05af1a18c58f1c31d4ae051ec9499","name":"Ilona Kiraga"}]}},"_links":{"self":[{"href":"https:\/\/www.bandi.pl\/blog\/wp-json\/wp\/v2\/posts\/22690","targetHints":{"allow":["GET"]}}],"collection":[{"href":"https:\/\/www.bandi.pl\/blog\/wp-json\/wp\/v2\/posts"}],"about":[{"href":"https:\/\/www.bandi.pl\/blog\/wp-json\/wp\/v2\/types\/post"}],"author":[{"embeddable":true,"href":"https:\/\/www.bandi.pl\/blog\/wp-json\/wp\/v2\/users\/13"}],"replies":[{"embeddable":true,"href":"https:\/\/www.bandi.pl\/blog\/wp-json\/wp\/v2\/comments?post=22690"}],"version-history":[{"count":11,"href":"https:\/\/www.bandi.pl\/blog\/wp-json\/wp\/v2\/posts\/22690\/revisions"}],"predecessor-version":[{"id":22703,"href":"https:\/\/www.bandi.pl\/blog\/wp-json\/wp\/v2\/posts\/22690\/revisions\/22703"}],"wp:featuredmedia":[{"embeddable":true,"href":"https:\/\/www.bandi.pl\/blog\/wp-json\/wp\/v2\/media\/22684"}],"wp:attachment":[{"href":"https:\/\/www.bandi.pl\/blog\/wp-json\/wp\/v2\/media?parent=22690"}],"wp:term":[{"taxonomy":"category","embeddable":true,"href":"https:\/\/www.bandi.pl\/blog\/wp-json\/wp\/v2\/categories?post=22690"},{"taxonomy":"post_tag","embeddable":true,"href":"https:\/\/www.bandi.pl\/blog\/wp-json\/wp\/v2\/tags?post=22690"}],"curies":[{"name":"wp","href":"https:\/\/api.w.org\/{rel}","templated":true}]}}