{"id":22413,"date":"2026-01-27T09:38:00","date_gmt":"2026-01-27T08:38:00","guid":{"rendered":"https:\/\/www.bandi.pl\/blog\/?p=22413"},"modified":"2026-01-27T09:38:01","modified_gmt":"2026-01-27T08:38:01","slug":"filtr-uv-zima-mit-czy-koniecznosc","status":"publish","type":"post","link":"https:\/\/www.bandi.pl\/blog\/filtr-uv-zima-mit-czy-koniecznosc\/","title":{"rendered":"Filtr UV zim\u0105 &#8211; mit czy konieczno\u015b\u0107?"},"content":{"rendered":"\n<p>Zimowa piel\u0119gnacja sk\u00f3ry bywa wci\u0105\u017c niedoceniana, szczeg\u00f3lnie w kontek\u015bcie ochrony przeciws\u0142onecznej. Niskie temperatury, zachmurzenie czy kr\u00f3tsze dni sprawiaj\u0105, \u017ce kremy z filtrem UV s\u0105 cz\u0119sto kojarzone wy\u0142\u0105cznie z latem. Tymczasem z perspektywy aktualnej wiedzy ochrona przeciws\u0142oneczna zim\u0105 nie jest mitem. To konieczno\u015b\u0107 \u2013 zw\u0142aszcza w warunkach g\u00f3rskich i podczas aktywno\u015bci na \u015bwie\u017cym powietrzu.<\/p>\n\n\n\n<h2 class=\"wp-block-heading\">Promieniowanie UV zim\u0105 \u2013 co m\u00f3wi nauka?<\/h2>\n\n\n\n<p>Promieniowanie ultrafioletowe dociera do sk\u00f3ry przez ca\u0142y rok. Zim\u0105 jego dzia\u0142anie nie przestaje by\u0107 niekorzystne \u2013 szczeg\u00f3lnie w odniesieniu do promieniowania UVA. To w\u0142a\u015bnie ono przenika przez chmury, szk\u0142o oraz dzia\u0142a niezale\u017cnie od temperatury powietrza. Badania jednoznacznie wskazuj\u0105, \u017ce UVA odpowiada za fotostarzenie sk\u00f3ry, degradacj\u0119 w\u0142\u00f3kien kolagenowych i elastynowych oraz nasilenie przebarwie\u0144.<\/p>\n\n\n\n<p>Dodatkowym czynnikiem ryzyka jest \u015bnieg, kt\u00f3ry mo\u017ce odbija\u0107 nawet do 80% promieniowania UV, zwi\u0119kszaj\u0105c jego dawk\u0119 docieraj\u0105c\u0105 do sk\u00f3ry. W g\u00f3rach ekspozycja ta jest jeszcze wi\u0119ksza. Wraz ze wzrostem wysoko\u015bci  n.p.m. nat\u0119\u017cenie promieniowania UV wzrasta \u015brednio o kilka procent na ka\u017cde 1000 metr\u00f3w. W takich warunkach kremy z filtrem UV staj\u0105 si\u0119 elementem niezb\u0119dnym, a nie opcjonalnym.<\/p>\n\n\n\n<h2 class=\"wp-block-heading\">Jaki filtr UV wybra\u0107 zim\u0105?<\/h2>\n\n\n\n<p>Z punktu widzenia profilaktyki dermatologicznej zim\u0105 dobrym wyborem s\u0105 kremy z filtrem UV o warto\u015bci SPF 30 lub SPF 50, zapewniaj\u0105ce szerokopasmow\u0105 ochron\u0119 przed promieniowaniem UVA i UVB. W warunkach zimowych istotne jest r\u00f3wnie\u017c uwzgl\u0119dnienie ochrony przed innymi zakresami promieniowania, takimi jak \u015bwiat\u0142o widzialne (VIS) oraz promieniowanie podczerwone (IR), kt\u00f3re mog\u0105 nasila\u0107 stres oksydacyjny i reakcje zapalne w sk\u00f3rze.<\/p>\n\n\n\n<p><\/p>\n\n\n\n<div class=\"wp-block-media-text is-stacked-on-mobile\" style=\"grid-template-columns:44% auto\"><figure class=\"wp-block-media-text__media\"><a href=\"https:\/\/www.bandi.pl\/sklep\/kremy\/pre-d3-zaawansowany-krem-nawilzajacy-spf-50-637\/\"><img loading=\"lazy\" decoding=\"async\" width=\"420\" height=\"420\" src=\"https:\/\/www.bandi.pl\/blog\/wp-content\/uploads\/2026\/01\/3-3-420x420.png\" alt=\"filtr UV\" class=\"wp-image-22421 size-full\"\/><\/a><\/figure><div class=\"wp-block-media-text__content\">\n<p>Dobrym wyborem b\u0119dzie <a href=\"https:\/\/www.bandi.pl\/sklep\/kremy\/pre-d3-zaawansowany-krem-nawilzajacy-spf-50-637\/\">Pre-D3 Zaawansowany krem nawil\u017caj\u0105cy SPF 50<\/a>, kt\u00f3ry \u0142\u0105czy ochron\u0119 UVB i UVA z dodatkowymi mechanizmami zabezpieczaj\u0105cymi sk\u00f3r\u0119 przed IR oraz \u015bwiat\u0142em widzialnym. Zastosowanie ekstraktu z rdestu ptasiego pozwala ogranicza\u0107 negatywny wp\u0142yw promieniowania podczerwonego, natomiast obecno\u015b\u0107 aktywowanego \u015bwiat\u0142em prekursora witaminy D3 wspiera fizjologiczne procesy regeneracyjne sk\u00f3ry, szczeg\u00f3lnie istotne w okresach ograniczonej ekspozycji s\u0142onecznej.<\/p>\n<\/div><\/div>\n\n\n\n<p><\/p>\n\n\n\n<h2 class=\"wp-block-heading\">Filtr UV mineralny<\/h2>\n\n\n\n<p>Zim\u0105 cz\u0119sto obserwuje si\u0119 wzrost reaktywno\u015bci sk\u00f3ry: nasilon\u0105 sucho\u015b\u0107, sk\u0142onno\u015b\u0107 do zaczerwienie\u0144 i podra\u017cnie\u0144. W takich przypadkach korzystnym rozwi\u0105zaniem s\u0105 kremy z filtrem UV oparte na filtrach mineralnych. Dzia\u0142aj\u0105 one powierzchniowo i s\u0105 dobrze tolerowane przez sk\u00f3r\u0119 wra\u017cliw\u0105.<\/p>\n\n\n\n<p><\/p>\n\n\n\n<div class=\"wp-block-media-text is-stacked-on-mobile\" style=\"grid-template-columns:44% auto\"><figure class=\"wp-block-media-text__media\"><img loading=\"lazy\" decoding=\"async\" width=\"420\" height=\"420\" src=\"https:\/\/www.bandi.pl\/blog\/wp-content\/uploads\/2026\/01\/2-4-420x420.png\" alt=\"filtr UV\" class=\"wp-image-22420 size-full\"\/><\/figure><div class=\"wp-block-media-text__content\">\n<p><a href=\"https:\/\/www.bandi.pl\/sklep\/kremy\/mineralny-krem-ochronny-spf-30-tonujacy-888\/\">Mineralny krem ochronny SPF 30 tonuj\u0105cy<\/a> zapewnia skuteczn\u0105 ochron\u0119 przeciws\u0142oneczn\u0105, jednocze\u015bnie subtelnie wyr\u00f3wnuj\u0105c koloryt cery. Dzi\u0119ki temu spe\u0142nia podw\u00f3jn\u0105 funkcj\u0119 \u2013 ochronn\u0105 i estetyczn\u0105 \u2013 co ma znaczenie szczeg\u00f3lnie w zimowych warunkach, gdy sk\u00f3ra bywa zaczerwieniona.<\/p>\n<\/div><\/div>\n\n\n\n<p><\/p>\n\n\n\n<h2 class=\"wp-block-heading\">Antyoksydacyjna ochrona i przeciwdzia\u0142anie starzeniu sk\u00f3ry zim\u0105<\/h2>\n\n\n\n<p>Zim\u0105 sk\u00f3ra jest szczeg\u00f3lnie nara\u017cona na przyspieszone procesy starzenia, wynikaj\u0105ce z kumulacji stresu oksydacyjnego, dzia\u0142ania promieniowania UV oraz czynnik\u00f3w \u015brodowiskowych. W codziennej piel\u0119gnacji istotne jest wi\u0119c nie tylko zabezpieczenie przed promieniowaniem s\u0142onecznym, ale r\u00f3wnie\u017c skuteczna ochrona przed wolnymi rodnikami, kt\u00f3re uszkadzaj\u0105 struktury kom\u00f3rkowe i prowadz\u0105 do utraty j\u0119drno\u015bci i elastyczno\u015bci sk\u00f3ry.<\/p>\n\n\n\n<p><\/p>\n\n\n\n<div class=\"wp-block-media-text is-stacked-on-mobile\" style=\"grid-template-columns:44% auto\"><figure class=\"wp-block-media-text__media\"><img loading=\"lazy\" decoding=\"async\" width=\"420\" height=\"420\" src=\"https:\/\/www.bandi.pl\/blog\/wp-content\/uploads\/2026\/01\/1-7-420x420.png\" alt=\"filtr uv\" class=\"wp-image-22419 size-full\"\/><\/figure><div class=\"wp-block-media-text__content\">\n<p><a href=\"https:\/\/www.bandi.pl\/sklep\/kremy\/ujedrniajacy-krem-antyoksydacyjny-spf-50-1178\/\">Uj\u0119drniaj\u0105cy krem antyoksydacyjny SPF 50<\/a> odpowiada na te potrzeby, \u0142\u0105cz\u0105c wysok\u0105 ochron\u0119 przeciws\u0142oneczn\u0105 z intensywnym dzia\u0142aniem przeciwstarzeniowym. Zawarto\u015b\u0107 ekstraktu z drzewa jedwabnego wspiera sk\u00f3r\u0119 nara\u017con\u0105 na zm\u0119czenie i zaburzenia rytmu dobowego, poprawiaj\u0105c jej wygl\u0105d i spr\u0119\u017cysto\u015b\u0107. Obecno\u015b\u0107 karnozyny, znanej ze swojego dzia\u0142ania antyoksydacyjnego i przeciwstarzeniowego, pomaga ogranicza\u0107 negatywne skutki stresu \u015brodowiskowego oraz proces\u00f3w starzenia.<\/p>\n<\/div><\/div>\n\n\n\n<p><\/p>\n\n\n\n<p>Formu\u0142a kremu zosta\u0142a zaprojektowana tak, aby dzia\u0142a\u0107 zgodnie z naturalnym rytmem sk\u00f3ry w ci\u0105gu dnia. Zapewnia jej komfort, ochron\u0119 i regeneracj\u0119. Stabilny szerokopasmowy uk\u0142ad filtr\u00f3w zabezpiecza sk\u00f3r\u0119 przed czynnikami, kt\u00f3re sprzyjaj\u0105 powstawaniu przebarwie\u0144 i utracie m\u0142odzie\u0144czego wygl\u0105du. Dzi\u0119ki lekkiej, dopracowanej konsystencji krem dobrze sprawdza si\u0119 pod makija\u017c. Czyni go to praktycznym rozwi\u0105zaniem w codziennej, zimowej piel\u0119gnacji sk\u00f3ry wymagaj\u0105cej ochrony i wsparcia przeciwstarzeniowego.<\/p>\n\n\n\n<h2 class=\"wp-block-heading\">Filtr UV zim\u0105 \u2013 \u015bwiadomy wyb\u00f3r, nie mit<\/h2>\n\n\n\n<p>Z perspektywy aktualnej wiedzy kremy z filtrem UV zim\u0105 s\u0105 elementem \u015bwiadomej, profilaktycznej piel\u0119gnacji sk\u00f3ry. Chroni\u0105 nie tylko przed poparzeniem, ale przede wszystkim przed d\u0142ugofalowymi skutkami promieniowania, takimi jak fotostarzenie, uszkodzenie bariery nask\u00f3rkowej i przebarwienia.<\/p>\n\n\n\n<p>Korzystaj\u0105c z zimowej aury, czy planuj\u0105c zimowy wyjazd, zw\u0142aszcza w g\u00f3ry, warto pami\u0119ta\u0107 o kremie z filtrem UV, kt\u00f3ry jest oczywi\u015bcie r\u00f3wnie wa\u017cny jak krem ochronny, a je\u015bli mo\u017cna po\u0142\u0105czy\u0107 przyjemne z po\u017cytecznym, to czemu z tego nie skorzysta\u0107? To inwestycja w dobr\u0105 kondycj\u0119 sk\u00f3ry \u2013 niezale\u017cnie od pory roku.<\/p>\n\n\n\n<div class=\"wp-block-divi-layout\">[et_pb_section fb_built=&#8221;1&#8243; theme_builder_area=&#8221;post_content&#8221; _builder_version=&#8221;4.27.4&#8243; _module_preset=&#8221;default&#8221;][\/et_pb_section][et_pb_section fb_built=&#8221;1&#8243; _builder_version=&#8221;4.16&#8243; top_divider_style=&#8221;arrow&#8221; top_divider_color=&#8221;rgba(255,166,168,0.75)&#8221; top_divider_height=&#8221;1px&#8221; bottom_divider_style=&#8221;arrow&#8221; bottom_divider_color=&#8221;rgba(255,166,168,0.75)&#8221; bottom_divider_height=&#8221;1px&#8221; global_colors_info=&#8221;{}&#8221; theme_builder_area=&#8221;post_content&#8221;][et_pb_row column_structure=&#8221;1_2,1_2&#8243; _builder_version=&#8221;4.16&#8243; width=&#8221;100%&#8221; module_alignment=&#8221;left&#8221; custom_margin=&#8221;||||false|false&#8221; global_colors_info=&#8221;{}&#8221; theme_builder_area=&#8221;post_content&#8221;][et_pb_column type=&#8221;1_2&#8243; _builder_version=&#8221;4.16&#8243; global_colors_info=&#8221;{}&#8221; theme_builder_area=&#8221;post_content&#8221;][et_pb_text _builder_version=&#8221;4.27.4&#8243; text_font=&#8221;Raleway Bold||||||||&#8221; text_text_color=&#8221;rgba(255,166,168,0.75)&#8221; text_font_size=&#8221;55px&#8221; text_letter_spacing=&#8221;9px&#8221; text_line_height=&#8221;1em&#8221; header_font_size=&#8221;39px&#8221; min_height=&#8221;23px&#8221; custom_margin=&#8221;40px||||false|false&#8221; link_option_url=&#8221;https:\/\/www.bandi.pl\/sklep\/katalog\/wyr\/spf\/&#8221; hover_enabled=&#8221;0&#8243; inline_fonts=&#8221;Raleway Bold&#8221; global_colors_info=&#8221;{}&#8221; theme_builder_area=&#8221;post_content&#8221; sticky_enabled=&#8221;0&#8243;]<p style=\"text-align: center;\"><span style=\"font-size: xx-large; font-family: inherit; font-weight: normal;\"><strong>KREM Z SPF<\/strong><\/span><\/p>\n<p style=\"text-align: center;\"><span style=\"font-size: xx-large; font-family: inherit; font-weight: normal;\"><strong><\/strong><\/span><\/p>[\/et_pb_text][et_pb_text _builder_version=&#8221;4.27.4&#8243; text_font=&#8221;Raleway Regular||||||||&#8221; text_text_color=&#8221;#b8b8b8&#8243; text_font_size=&#8221;22px&#8221; text_line_height=&#8221;1.5em&#8221; link_option_url=&#8221;https:\/\/www.bandi.pl\/sklep\/katalog\/wyr\/spf\/&#8221; hover_enabled=&#8221;0&#8243; global_colors_info=&#8221;{}&#8221; theme_builder_area=&#8221;post_content&#8221; sticky_enabled=&#8221;0&#8243;]<p style=\"text-align: center;\">Ochrona, kt\u00f3rej potrzebuje Twoja sk\u00f3ra tak\u017ce zim\u0105<\/p>\n<p style=\"text-align: center;\"><\/p>[\/et_pb_text][et_pb_button button_url=&#8221;https:\/\/www.bandi.pl\/sklep\/katalog\/wyr\/spf\/&#8221; button_text=&#8221;ZOBACZ&#8221; button_alignment=&#8221;center&#8221; disabled_on=&#8221;off|off|off&#8221; _builder_version=&#8221;4.27.4&#8243; custom_button=&#8221;on&#8221; button_text_size=&#8221;20px&#8221; button_text_color=&#8221;#ffffff&#8221; button_border_radius=&#8221;25px&#8221; button_font=&#8221;Bree Serif||||||||&#8221; background_layout=&#8221;dark&#8221; custom_padding=&#8221;12px|30px|12px|30px|true|true&#8221; hover_transition_duration=&#8221;0ms&#8221; hover_enabled=&#8221;0&#8243; box_shadow_style=&#8221;preset3&#8243; global_colors_info=&#8221;{}&#8221; theme_builder_area=&#8221;post_content&#8221; sticky_enabled=&#8221;0&#8243;][\/et_pb_button][\/et_pb_column][et_pb_column type=&#8221;1_2&#8243; _builder_version=&#8221;4.16&#8243; global_colors_info=&#8221;{}&#8221; theme_builder_area=&#8221;post_content&#8221;][et_pb_image src=&#8221;https:\/\/www.bandi.pl\/blog\/wp-content\/uploads\/2026\/01\/bandi-kwiecien-256_tlo-scaled.jpg&#8221; title_text=&#8221;bandi-kwiecien-256_tlo&#8221; url=&#8221;https:\/\/www.bandi.pl\/sklep\/katalog\/wyr\/spf\/&#8221; align=&#8221;center&#8221; _builder_version=&#8221;4.27.4&#8243; width=&#8221;100%&#8221; hover_enabled=&#8221;0&#8243; global_colors_info=&#8221;{}&#8221; theme_builder_area=&#8221;post_content&#8221; sticky_enabled=&#8221;0&#8243;][\/et_pb_image][\/et_pb_column][\/et_pb_row][\/et_pb_section]<\/div>\n\n\n\n<div class=\"wp-block-divi-layout\">[et_pb_section admin_label=&#8221;section&#8221;][et_pb_row admin_label=&#8221;row&#8221;][\/et_pb_row][\/et_pb_section]<\/div>\n","protected":false},"excerpt":{"rendered":"<p>Zimowa piel\u0119gnacja sk\u00f3ry bywa wci\u0105\u017c niedoceniana, szczeg\u00f3lnie w kontek\u015bcie ochrony przeciws\u0142onecznej. Niskie temperatury, zachmurzenie czy kr\u00f3tsze dni sprawiaj\u0105, \u017ce kremy z filtrem UV s\u0105 cz\u0119sto kojarzone wy\u0142\u0105cznie z latem. Tymczasem z perspektywy aktualnej wiedzy ochrona przeciws\u0142oneczna zim\u0105 nie jest mitem. To konieczno\u015b\u0107 \u2013 zw\u0142aszcza w warunkach g\u00f3rskich i podczas aktywno\u015bci na \u015bwie\u017cym powietrzu. Promieniowanie UV [&hellip;]<\/p>\n","protected":false},"author":13,"featured_media":22418,"comment_status":"open","ping_status":"closed","sticky":false,"template":"","format":"standard","meta":{"_et_pb_use_builder":"off","_et_pb_old_content":"","_et_gb_content_width":"","footnotes":""},"categories":[8598,1817],"tags":[8914,3445,4232,8913,5285,4031,98,4105,8915,8418,4230,5868,3687,6150,6149,4107],"class_list":["post-22413","post","type-post","status-publish","format-standard","has-post-thumbnail","hentry","category-anna-widera","category-kategoria-pielegnacja-i-kosmetyki","tag-antyoksydacyjny-krem","tag-bandi","tag-kosmetyki-profesjonalne","tag-krem-na-narty","tag-krem-na-zime","tag-krem-nawilzajacy","tag-krem-ochronny","tag-krem-z-filtrem","tag-krem-zimowy","tag-mineralny-krem","tag-pielegnacja-profesjonalna","tag-pielegnacja-twarzy","tag-spf","tag-spf30","tag-spf50","tag-uva"],"yoast_head":"<!-- This site is optimized with the Yoast SEO plugin v27.1.1 - https:\/\/yoast.com\/product\/yoast-seo-wordpress\/ -->\n<title>Filtr UV zim\u0105 - mit czy konieczno\u015b\u0107? &#187; Blog BANDI<\/title>\n<meta name=\"description\" content=\"Filtr UV jest elementem \u015bwiadomej piel\u0119gnacji sk\u00f3ry, tak\u017ce zim\u0105. Chroni nie tylko przed poparzeniem, ale przede wszystkim przed d\u0142ugofalowymi skutkami promieniowania, takimi jak fotostarzenie, uszkodzenie bariery nask\u00f3rkowej i przebarwienia.\" \/>\n<meta name=\"robots\" content=\"index, follow, max-snippet:-1, max-image-preview:large, max-video-preview:-1\" \/>\n<link rel=\"canonical\" href=\"https:\/\/www.bandi.pl\/blog\/filtr-uv-zima-mit-czy-koniecznosc\/\" \/>\n<meta property=\"og:locale\" content=\"pl_PL\" \/>\n<meta property=\"og:type\" content=\"article\" \/>\n<meta property=\"og:title\" content=\"Filtr UV zim\u0105 - mit czy konieczno\u015b\u0107? &#187; Blog BANDI\" \/>\n<meta property=\"og:description\" content=\"Filtr UV jest elementem \u015bwiadomej piel\u0119gnacji sk\u00f3ry, tak\u017ce zim\u0105. Chroni nie tylko przed poparzeniem, ale przede wszystkim przed d\u0142ugofalowymi skutkami promieniowania, takimi jak fotostarzenie, uszkodzenie bariery nask\u00f3rkowej i przebarwienia.\" \/>\n<meta property=\"og:url\" content=\"https:\/\/www.bandi.pl\/blog\/filtr-uv-zima-mit-czy-koniecznosc\/\" \/>\n<meta property=\"og:site_name\" content=\"Blog BANDI\" \/>\n<meta property=\"article:publisher\" content=\"https:\/\/web.facebook.com\/BANDIcosmetics\" \/>\n<meta property=\"article:published_time\" content=\"2026-01-27T08:38:00+00:00\" \/>\n<meta property=\"article:modified_time\" content=\"2026-01-27T08:38:01+00:00\" \/>\n<meta property=\"og:image\" content=\"https:\/\/www.bandi.pl\/blog\/wp-content\/uploads\/2026\/01\/Projekt-bez-nazwy-7-9-592x420.png\" \/>\n\t<meta property=\"og:image:width\" content=\"592\" \/>\n\t<meta property=\"og:image:height\" content=\"420\" \/>\n\t<meta property=\"og:image:type\" content=\"image\/png\" \/>\n<meta name=\"author\" content=\"Ilona Kiraga\" \/>\n<meta name=\"twitter:card\" content=\"summary_large_image\" \/>\n<meta name=\"twitter:creator\" content=\"@bandi_cosmetics\" \/>\n<meta name=\"twitter:site\" content=\"@bandi_cosmetics\" \/>\n<meta name=\"twitter:label1\" content=\"Napisane przez\" \/>\n\t<meta name=\"twitter:data1\" content=\"Ilona Kiraga\" \/>\n\t<meta name=\"twitter:label2\" content=\"Szacowany czas czytania\" \/>\n\t<meta name=\"twitter:data2\" content=\"6 minut\" \/>\n<script type=\"application\/ld+json\" class=\"yoast-schema-graph\">{\"@context\":\"https:\/\/schema.org\",\"@graph\":[{\"@type\":\"Article\",\"@id\":\"https:\/\/www.bandi.pl\/blog\/filtr-uv-zima-mit-czy-koniecznosc\/#article\",\"isPartOf\":{\"@id\":\"https:\/\/www.bandi.pl\/blog\/filtr-uv-zima-mit-czy-koniecznosc\/\"},\"author\":{\"name\":\"Ilona Kiraga\",\"@id\":\"https:\/\/www.bandi.pl\/blog\/#\/schema\/person\/5ba05af1a18c58f1c31d4ae051ec9499\"},\"headline\":\"Filtr UV zim\u0105 &#8211; mit czy konieczno\u015b\u0107?\",\"datePublished\":\"2026-01-27T08:38:00+00:00\",\"dateModified\":\"2026-01-27T08:38:01+00:00\",\"mainEntityOfPage\":{\"@id\":\"https:\/\/www.bandi.pl\/blog\/filtr-uv-zima-mit-czy-koniecznosc\/\"},\"wordCount\":1164,\"commentCount\":0,\"publisher\":{\"@id\":\"https:\/\/www.bandi.pl\/blog\/#organization\"},\"image\":{\"@id\":\"https:\/\/www.bandi.pl\/blog\/filtr-uv-zima-mit-czy-koniecznosc\/#primaryimage\"},\"thumbnailUrl\":\"https:\/\/www.bandi.pl\/blog\/wp-content\/uploads\/2026\/01\/Projekt-bez-nazwy-7-9.png\",\"keywords\":[\"antyoksydacyjny krem\",\"Bandi\",\"kosmetyki profesjonalne\",\"krem na narty\",\"krem na zim\u0119\",\"krem nawil\u017cajacy\",\"krem ochronny\",\"krem z filtrem\",\"krem zimowy\",\"mineralny krem\",\"piel\u0119gnacja profesjonalna\",\"piel\u0119gnacja twarzy\",\"SPF\",\"spf30\",\"spf50\",\"UVA\"],\"articleSection\":[\"Anna Widera\",\"Piel\u0119gnacja i kosmetyki\"],\"inLanguage\":\"pl-PL\",\"potentialAction\":[{\"@type\":\"CommentAction\",\"name\":\"Comment\",\"target\":[\"https:\/\/www.bandi.pl\/blog\/filtr-uv-zima-mit-czy-koniecznosc\/#respond\"]}]},{\"@type\":\"WebPage\",\"@id\":\"https:\/\/www.bandi.pl\/blog\/filtr-uv-zima-mit-czy-koniecznosc\/\",\"url\":\"https:\/\/www.bandi.pl\/blog\/filtr-uv-zima-mit-czy-koniecznosc\/\",\"name\":\"Filtr UV zim\u0105 - mit czy konieczno\u015b\u0107? &#187; Blog BANDI\",\"isPartOf\":{\"@id\":\"https:\/\/www.bandi.pl\/blog\/#website\"},\"primaryImageOfPage\":{\"@id\":\"https:\/\/www.bandi.pl\/blog\/filtr-uv-zima-mit-czy-koniecznosc\/#primaryimage\"},\"image\":{\"@id\":\"https:\/\/www.bandi.pl\/blog\/filtr-uv-zima-mit-czy-koniecznosc\/#primaryimage\"},\"thumbnailUrl\":\"https:\/\/www.bandi.pl\/blog\/wp-content\/uploads\/2026\/01\/Projekt-bez-nazwy-7-9.png\",\"datePublished\":\"2026-01-27T08:38:00+00:00\",\"dateModified\":\"2026-01-27T08:38:01+00:00\",\"description\":\"Filtr UV jest elementem \u015bwiadomej piel\u0119gnacji sk\u00f3ry, tak\u017ce zim\u0105. Chroni nie tylko przed poparzeniem, ale przede wszystkim przed d\u0142ugofalowymi skutkami promieniowania, takimi jak fotostarzenie, uszkodzenie bariery nask\u00f3rkowej i przebarwienia.\",\"breadcrumb\":{\"@id\":\"https:\/\/www.bandi.pl\/blog\/filtr-uv-zima-mit-czy-koniecznosc\/#breadcrumb\"},\"inLanguage\":\"pl-PL\",\"potentialAction\":[{\"@type\":\"ReadAction\",\"target\":[\"https:\/\/www.bandi.pl\/blog\/filtr-uv-zima-mit-czy-koniecznosc\/\"]}]},{\"@type\":\"ImageObject\",\"inLanguage\":\"pl-PL\",\"@id\":\"https:\/\/www.bandi.pl\/blog\/filtr-uv-zima-mit-czy-koniecznosc\/#primaryimage\",\"url\":\"https:\/\/www.bandi.pl\/blog\/wp-content\/uploads\/2026\/01\/Projekt-bez-nazwy-7-9.png\",\"contentUrl\":\"https:\/\/www.bandi.pl\/blog\/wp-content\/uploads\/2026\/01\/Projekt-bez-nazwy-7-9.png\",\"width\":1748,\"height\":1240,\"caption\":\"filtr UV zim\u0105\"},{\"@type\":\"BreadcrumbList\",\"@id\":\"https:\/\/www.bandi.pl\/blog\/filtr-uv-zima-mit-czy-koniecznosc\/#breadcrumb\",\"itemListElement\":[{\"@type\":\"ListItem\",\"position\":1,\"name\":\"BANDI\",\"item\":\"https:\/\/www.bandi.pl\/blog\/\"},{\"@type\":\"ListItem\",\"position\":2,\"name\":\"Filtr UV zim\u0105 &#8211; mit czy konieczno\u015b\u0107?\"}]},{\"@type\":\"WebSite\",\"@id\":\"https:\/\/www.bandi.pl\/blog\/#website\",\"url\":\"https:\/\/www.bandi.pl\/blog\/\",\"name\":\"Blog BANDI\",\"description\":\"Czarno na bia\u0142ym o kosmetykach\",\"publisher\":{\"@id\":\"https:\/\/www.bandi.pl\/blog\/#organization\"},\"potentialAction\":[{\"@type\":\"SearchAction\",\"target\":{\"@type\":\"EntryPoint\",\"urlTemplate\":\"https:\/\/www.bandi.pl\/blog\/?s={search_term_string}\"},\"query-input\":{\"@type\":\"PropertyValueSpecification\",\"valueRequired\":true,\"valueName\":\"search_term_string\"}}],\"inLanguage\":\"pl-PL\"},{\"@type\":\"Organization\",\"@id\":\"https:\/\/www.bandi.pl\/blog\/#organization\",\"name\":\"BANDI\",\"url\":\"https:\/\/www.bandi.pl\/blog\/\",\"logo\":{\"@type\":\"ImageObject\",\"inLanguage\":\"pl-PL\",\"@id\":\"https:\/\/www.bandi.pl\/blog\/#\/schema\/logo\/image\/\",\"url\":\"https:\/\/www.bandi.pl\/blog\/wp-content\/uploads\/2019\/06\/bandi-logo.png\",\"contentUrl\":\"https:\/\/www.bandi.pl\/blog\/wp-content\/uploads\/2019\/06\/bandi-logo.png\",\"width\":264,\"height\":111,\"caption\":\"BANDI\"},\"image\":{\"@id\":\"https:\/\/www.bandi.pl\/blog\/#\/schema\/logo\/image\/\"},\"sameAs\":[\"https:\/\/web.facebook.com\/BANDIcosmetics\",\"https:\/\/x.com\/bandi_cosmetics\",\"https:\/\/www.instagram.com\/bandi_cosmetics\/\",\"https:\/\/www.pinterest.com\/bandicosmetics\/\",\"https:\/\/www.youtube.com\/user\/BandiCosmeticsPolska\"]},{\"@type\":\"Person\",\"@id\":\"https:\/\/www.bandi.pl\/blog\/#\/schema\/person\/5ba05af1a18c58f1c31d4ae051ec9499\",\"name\":\"Ilona Kiraga\"}]}<\/script>\n<!-- \/ Yoast SEO plugin. -->","yoast_head_json":{"title":"Filtr UV zim\u0105 - mit czy konieczno\u015b\u0107? &#187; Blog BANDI","description":"Filtr UV jest elementem \u015bwiadomej piel\u0119gnacji sk\u00f3ry, tak\u017ce zim\u0105. Chroni nie tylko przed poparzeniem, ale przede wszystkim przed d\u0142ugofalowymi skutkami promieniowania, takimi jak fotostarzenie, uszkodzenie bariery nask\u00f3rkowej i przebarwienia.","robots":{"index":"index","follow":"follow","max-snippet":"max-snippet:-1","max-image-preview":"max-image-preview:large","max-video-preview":"max-video-preview:-1"},"canonical":"https:\/\/www.bandi.pl\/blog\/filtr-uv-zima-mit-czy-koniecznosc\/","og_locale":"pl_PL","og_type":"article","og_title":"Filtr UV zim\u0105 - mit czy konieczno\u015b\u0107? &#187; Blog BANDI","og_description":"Filtr UV jest elementem \u015bwiadomej piel\u0119gnacji sk\u00f3ry, tak\u017ce zim\u0105. Chroni nie tylko przed poparzeniem, ale przede wszystkim przed d\u0142ugofalowymi skutkami promieniowania, takimi jak fotostarzenie, uszkodzenie bariery nask\u00f3rkowej i przebarwienia.","og_url":"https:\/\/www.bandi.pl\/blog\/filtr-uv-zima-mit-czy-koniecznosc\/","og_site_name":"Blog BANDI","article_publisher":"https:\/\/web.facebook.com\/BANDIcosmetics","article_published_time":"2026-01-27T08:38:00+00:00","article_modified_time":"2026-01-27T08:38:01+00:00","og_image":[{"width":592,"height":420,"url":"https:\/\/www.bandi.pl\/blog\/wp-content\/uploads\/2026\/01\/Projekt-bez-nazwy-7-9-592x420.png","type":"image\/png"}],"author":"Ilona Kiraga","twitter_card":"summary_large_image","twitter_creator":"@bandi_cosmetics","twitter_site":"@bandi_cosmetics","twitter_misc":{"Napisane przez":"Ilona Kiraga","Szacowany czas czytania":"6 minut"},"schema":{"@context":"https:\/\/schema.org","@graph":[{"@type":"Article","@id":"https:\/\/www.bandi.pl\/blog\/filtr-uv-zima-mit-czy-koniecznosc\/#article","isPartOf":{"@id":"https:\/\/www.bandi.pl\/blog\/filtr-uv-zima-mit-czy-koniecznosc\/"},"author":{"name":"Ilona Kiraga","@id":"https:\/\/www.bandi.pl\/blog\/#\/schema\/person\/5ba05af1a18c58f1c31d4ae051ec9499"},"headline":"Filtr UV zim\u0105 &#8211; mit czy konieczno\u015b\u0107?","datePublished":"2026-01-27T08:38:00+00:00","dateModified":"2026-01-27T08:38:01+00:00","mainEntityOfPage":{"@id":"https:\/\/www.bandi.pl\/blog\/filtr-uv-zima-mit-czy-koniecznosc\/"},"wordCount":1164,"commentCount":0,"publisher":{"@id":"https:\/\/www.bandi.pl\/blog\/#organization"},"image":{"@id":"https:\/\/www.bandi.pl\/blog\/filtr-uv-zima-mit-czy-koniecznosc\/#primaryimage"},"thumbnailUrl":"https:\/\/www.bandi.pl\/blog\/wp-content\/uploads\/2026\/01\/Projekt-bez-nazwy-7-9.png","keywords":["antyoksydacyjny krem","Bandi","kosmetyki profesjonalne","krem na narty","krem na zim\u0119","krem nawil\u017cajacy","krem ochronny","krem z filtrem","krem zimowy","mineralny krem","piel\u0119gnacja profesjonalna","piel\u0119gnacja twarzy","SPF","spf30","spf50","UVA"],"articleSection":["Anna Widera","Piel\u0119gnacja i kosmetyki"],"inLanguage":"pl-PL","potentialAction":[{"@type":"CommentAction","name":"Comment","target":["https:\/\/www.bandi.pl\/blog\/filtr-uv-zima-mit-czy-koniecznosc\/#respond"]}]},{"@type":"WebPage","@id":"https:\/\/www.bandi.pl\/blog\/filtr-uv-zima-mit-czy-koniecznosc\/","url":"https:\/\/www.bandi.pl\/blog\/filtr-uv-zima-mit-czy-koniecznosc\/","name":"Filtr UV zim\u0105 - mit czy konieczno\u015b\u0107? &#187; Blog BANDI","isPartOf":{"@id":"https:\/\/www.bandi.pl\/blog\/#website"},"primaryImageOfPage":{"@id":"https:\/\/www.bandi.pl\/blog\/filtr-uv-zima-mit-czy-koniecznosc\/#primaryimage"},"image":{"@id":"https:\/\/www.bandi.pl\/blog\/filtr-uv-zima-mit-czy-koniecznosc\/#primaryimage"},"thumbnailUrl":"https:\/\/www.bandi.pl\/blog\/wp-content\/uploads\/2026\/01\/Projekt-bez-nazwy-7-9.png","datePublished":"2026-01-27T08:38:00+00:00","dateModified":"2026-01-27T08:38:01+00:00","description":"Filtr UV jest elementem \u015bwiadomej piel\u0119gnacji sk\u00f3ry, tak\u017ce zim\u0105. Chroni nie tylko przed poparzeniem, ale przede wszystkim przed d\u0142ugofalowymi skutkami promieniowania, takimi jak fotostarzenie, uszkodzenie bariery nask\u00f3rkowej i przebarwienia.","breadcrumb":{"@id":"https:\/\/www.bandi.pl\/blog\/filtr-uv-zima-mit-czy-koniecznosc\/#breadcrumb"},"inLanguage":"pl-PL","potentialAction":[{"@type":"ReadAction","target":["https:\/\/www.bandi.pl\/blog\/filtr-uv-zima-mit-czy-koniecznosc\/"]}]},{"@type":"ImageObject","inLanguage":"pl-PL","@id":"https:\/\/www.bandi.pl\/blog\/filtr-uv-zima-mit-czy-koniecznosc\/#primaryimage","url":"https:\/\/www.bandi.pl\/blog\/wp-content\/uploads\/2026\/01\/Projekt-bez-nazwy-7-9.png","contentUrl":"https:\/\/www.bandi.pl\/blog\/wp-content\/uploads\/2026\/01\/Projekt-bez-nazwy-7-9.png","width":1748,"height":1240,"caption":"filtr UV zim\u0105"},{"@type":"BreadcrumbList","@id":"https:\/\/www.bandi.pl\/blog\/filtr-uv-zima-mit-czy-koniecznosc\/#breadcrumb","itemListElement":[{"@type":"ListItem","position":1,"name":"BANDI","item":"https:\/\/www.bandi.pl\/blog\/"},{"@type":"ListItem","position":2,"name":"Filtr UV zim\u0105 &#8211; mit czy konieczno\u015b\u0107?"}]},{"@type":"WebSite","@id":"https:\/\/www.bandi.pl\/blog\/#website","url":"https:\/\/www.bandi.pl\/blog\/","name":"Blog BANDI","description":"Czarno na bia\u0142ym o kosmetykach","publisher":{"@id":"https:\/\/www.bandi.pl\/blog\/#organization"},"potentialAction":[{"@type":"SearchAction","target":{"@type":"EntryPoint","urlTemplate":"https:\/\/www.bandi.pl\/blog\/?s={search_term_string}"},"query-input":{"@type":"PropertyValueSpecification","valueRequired":true,"valueName":"search_term_string"}}],"inLanguage":"pl-PL"},{"@type":"Organization","@id":"https:\/\/www.bandi.pl\/blog\/#organization","name":"BANDI","url":"https:\/\/www.bandi.pl\/blog\/","logo":{"@type":"ImageObject","inLanguage":"pl-PL","@id":"https:\/\/www.bandi.pl\/blog\/#\/schema\/logo\/image\/","url":"https:\/\/www.bandi.pl\/blog\/wp-content\/uploads\/2019\/06\/bandi-logo.png","contentUrl":"https:\/\/www.bandi.pl\/blog\/wp-content\/uploads\/2019\/06\/bandi-logo.png","width":264,"height":111,"caption":"BANDI"},"image":{"@id":"https:\/\/www.bandi.pl\/blog\/#\/schema\/logo\/image\/"},"sameAs":["https:\/\/web.facebook.com\/BANDIcosmetics","https:\/\/x.com\/bandi_cosmetics","https:\/\/www.instagram.com\/bandi_cosmetics\/","https:\/\/www.pinterest.com\/bandicosmetics\/","https:\/\/www.youtube.com\/user\/BandiCosmeticsPolska"]},{"@type":"Person","@id":"https:\/\/www.bandi.pl\/blog\/#\/schema\/person\/5ba05af1a18c58f1c31d4ae051ec9499","name":"Ilona Kiraga"}]}},"_links":{"self":[{"href":"https:\/\/www.bandi.pl\/blog\/wp-json\/wp\/v2\/posts\/22413","targetHints":{"allow":["GET"]}}],"collection":[{"href":"https:\/\/www.bandi.pl\/blog\/wp-json\/wp\/v2\/posts"}],"about":[{"href":"https:\/\/www.bandi.pl\/blog\/wp-json\/wp\/v2\/types\/post"}],"author":[{"embeddable":true,"href":"https:\/\/www.bandi.pl\/blog\/wp-json\/wp\/v2\/users\/13"}],"replies":[{"embeddable":true,"href":"https:\/\/www.bandi.pl\/blog\/wp-json\/wp\/v2\/comments?post=22413"}],"version-history":[{"count":13,"href":"https:\/\/www.bandi.pl\/blog\/wp-json\/wp\/v2\/posts\/22413\/revisions"}],"predecessor-version":[{"id":22431,"href":"https:\/\/www.bandi.pl\/blog\/wp-json\/wp\/v2\/posts\/22413\/revisions\/22431"}],"wp:featuredmedia":[{"embeddable":true,"href":"https:\/\/www.bandi.pl\/blog\/wp-json\/wp\/v2\/media\/22418"}],"wp:attachment":[{"href":"https:\/\/www.bandi.pl\/blog\/wp-json\/wp\/v2\/media?parent=22413"}],"wp:term":[{"taxonomy":"category","embeddable":true,"href":"https:\/\/www.bandi.pl\/blog\/wp-json\/wp\/v2\/categories?post=22413"},{"taxonomy":"post_tag","embeddable":true,"href":"https:\/\/www.bandi.pl\/blog\/wp-json\/wp\/v2\/tags?post=22413"}],"curies":[{"name":"wp","href":"https:\/\/api.w.org\/{rel}","templated":true}]}}