{"id":22381,"date":"2026-01-29T11:17:18","date_gmt":"2026-01-29T10:17:18","guid":{"rendered":"https:\/\/www.bandi.pl\/blog\/?p=22381"},"modified":"2026-01-29T11:17:19","modified_gmt":"2026-01-29T10:17:19","slug":"tlusta-skora-przyczyny-objawy-pielegnacja","status":"publish","type":"post","link":"https:\/\/www.bandi.pl\/blog\/tlusta-skora-przyczyny-objawy-pielegnacja\/","title":{"rendered":"T\u0142usta sk\u00f3ra &#8211; przyczyny, objawy, piel\u0119gnacja"},"content":{"rendered":"\n<p>T\u0142usta, \u015bwiec\u0105ca sk\u00f3ra zwi\u0105zana jest aktywno\u015bci\u0105 i du\u017c\u0105 ilo\u015bci\u0105 gruczo\u0142\u00f3w \u0142ojowych. Najwi\u0119cej wyst\u0119puje ich na twarzy, na przedniej powierzchni klatki piersiowej w okolicy mostkowej i na plecach. Natomiast na d\u0142oniach (wewn\u0119trznej powierzchni) i na stopach gruczo\u0142y \u0142ojowe nie wyst\u0119puj\u0105. <\/p>\n\n\n\n<p>\u0141\u00f3j ma istotn\u0105 rol\u0119 w funkcjonowaniu sk\u00f3ry, uelastycznia j\u0105, zmniejsza przeznask\u00f3rkow\u0105 utrat\u0119 wody, ale wytwarzany w nadmiarze mo\u017ce prowadzi\u0107 do problem\u00f3w ze sk\u00f3r\u0105. Wydzielanie sebum zmienia si\u0119 w ci\u0105gu \u017cycia. Najwi\u0119ksz\u0105 aktywno\u015b\u0107 gruczo\u0142\u00f3w \u0142ojowych obserwujemy w okresie dojrzewania. W\u00f3wczas mo\u017ce wyst\u0105pi\u0107 tr\u0105dzik m\u0142odzie\u0144czy. Indywidualnie dobrana piel\u0119gnacja sprzyja poprawie wygl\u0105du sk\u00f3ry.<\/p>\n\n\n\n<h2 class=\"wp-block-heading\">Gdzie powstaje \u0142\u00f3j?<\/h2>\n\n\n\n<p>\u0141\u00f3j, czyli mieszanina tr\u00f3jgliceryd\u00f3w, wolnych kwas\u00f3w t\u0142uszczowych, wosk\u00f3w, skwalenu, cholesterolu i jego estr\u00f3w powstaje w gruczo\u0142ach \u0142ojowych.&nbsp;Maj\u0105 one uj\u015bcie do mieszk\u00f3w w\u0142osowych, a na ustach, powiekach uchodz\u0105 bezpo\u015brednio na sk\u00f3r\u0119. Kom\u00f3rki wydzielnicze gruczo\u0142\u00f3w \u0142ojowych (sebocyty) wype\u0142niaj\u0105 si\u0119 mieszank\u0105 lipid\u00f3w, stopniowo powi\u0119kszaj\u0105 si\u0119, a\u017c p\u0119kn\u0105 uwalniaj\u0105c wydzielin\u0119. <\/p>\n\n\n\n<figure class=\"wp-block-image size-large\"><img loading=\"lazy\" decoding=\"async\" width=\"592\" height=\"420\" src=\"https:\/\/www.bandi.pl\/blog\/wp-content\/uploads\/2026\/01\/Naskorek-1-592x420.png\" alt=\"t\u0142usta sk\u00f3ra - gruczo\u0142 \u0142ojowy\" class=\"wp-image-22390\"\/><\/figure>\n\n\n\n<p>Regulacja wydzielania \u0142oju zale\u017cna jest od czynnik\u00f3w genetycznych i \u015brodowiskowych. G\u0142\u00f3wnym hormonem stymuluj\u0105cym produkcj\u0119 \u0142oju jest dihydrotestosteron. U kobiet wydzielanie \u0142oju zwi\u0119ksza si\u0119 w drugiej po\u0142owie cyklu miesi\u0105czkowego, co mo\u017ce przyczynia\u0107 si\u0119 do pogorszenia stanu sk\u00f3ry. Tak\u017ce r\u00f3\u017cne sytuacje stresowe, wy\u017csza temperatura otoczenia nasilaj\u0105 wydzielanie \u0142oju. Wyra\u017any spadek wydzielania sebum obserwujemy po oko\u0142o 40 roku \u017cycia.<\/p>\n\n\n\n<h2 class=\"wp-block-heading\">Jaka jest rola \u0142oju na sk\u00f3rze?<\/h2>\n\n\n\n<p>\u0141\u00f3j obecny na sk\u00f3rze miesza si\u0119 z potem, lipidami nask\u00f3rka, tworz\u0105c warstw\u0119 ochronn\u0105. Dzi\u0119ki temu sk\u00f3ra jest bardziej elastyczna, odporna na mikrourazy. Odpowiedni sk\u0142ad \u0142oju reguluje tak\u017ce pH sk\u00f3ry, stwarza dobre warunki na zasiedlenie si\u0119 i rozw\u00f3j \u201edobrych bakterii\u201d. Zmniejsza przeznask\u00f3rkow\u0105 utrat\u0119 wody, natomiast w okolicach, gdzie nie ma gruczo\u0142\u00f3w \u0142ojowych g\u0142\u00f3wn\u0105 rol\u0119 w zatrzymaniu \u201ewody\u201d odgrywaj\u0105 lipidy nask\u00f3rka. Na sk\u00f3rze g\u0142owy \u0142\u00f3j nadaje w\u0142osom g\u0142adko\u015b\u0107 i elastyczno\u015b\u0107. Zbyt cz\u0119ste mycie, \u201eodt\u0142uszczanie\u201d sk\u00f3ry zmienia jej funkcjonowanie, prowadz\u0105c do r\u00f3\u017cnych problem\u00f3w.<\/p>\n\n\n\n<h2 class=\"wp-block-heading\">Jakie s\u0105 schorzenia zwi\u0105zane z nadmiernym wydzielaniem \u0142oju?<\/h2>\n\n\n\n<p>Nadmierne wydzielanie \u0142oju, czyli \u0142ojotok, zmiany w sk\u0142adzie \u0142oju sprzyjaj\u0105 dysbiozie (zmiana sk\u0142adu mikrobiomu) i mog\u0105 by\u0107 przyczyn\u0105 chor\u00f3b np. tr\u0105dzik m\u0142odzie\u0144czy, tr\u0105dzik r\u00f3\u017cowaty, \u0142upie\u017c t\u0142usty, \u0142ojotokowe zapalenie sk\u00f3ry czy \u0142ysienie \u0142ojotokowe.<\/p>\n\n\n\n<h2 class=\"wp-block-heading\">Jak wygl\u0105da sk\u00f3ra t\u0142usta?<\/h2>\n\n\n\n<p>Zwi\u0119kszone wydzielanie \u0142oju bardzo wyra\u017anie obserwujemy w okresie dojrzewania, gdy wyst\u0119puje wzmo\u017cona praca gruczo\u0142\u00f3w \u0142ojowych. Sk\u00f3ra jest t\u0142usta, \u015bwiec\u0105ca i b\u0142yszczy si\u0119 nawet po umyciu. Przet\u0142uszczanie si\u0119 sk\u00f3ry mo\u017ce utrzymywa\u0107 si\u0119 w \u017cyciu doros\u0142ym zar\u00f3wno u kobiet, jak i u m\u0119\u017cczyzn. G\u0142\u00f3wnie jest to czo\u0142o, nos, ale nadmierne wydzielanie \u0142oju mo\u017ce dotyczy\u0107 tak\u017ce  ow\u0142osionej sk\u00f3ry g\u0142owy, w\u0142osy \u201eszybko\u201d przet\u0142uszczaj\u0105 si\u0119.<\/p>\n\n\n\n<h2 class=\"wp-block-heading\">Jak piel\u0119gnowa\u0107 sk\u00f3r\u0119 t\u0142ust\u0105?<\/h2>\n\n\n\n<p>Odpowiednio dobrana i systematycznie stosowana piel\u0119gnacja domowa mo\u017ce ograniczy\u0107 objaw przet\u0142uszczania si\u0119 sk\u00f3ry i zmniejszy\u0107 problemy wsp\u00f3\u0142istniej\u0105ce. Oto kilka wskaz\u00f3wek:<\/p>\n\n\n\n<ul class=\"wp-block-list\">\n<li>do mycia preparaty nienaruszaj\u0105ce naturalnej mikroflory bakteryjnej, r\u00f3wnowagi kwasowo-zasadowej oraz nie \u201eodt\u0142uszczaj\u0105ce\u201d zbytnio sk\u00f3ry,<\/li>\n\n\n\n<li>regularne, delikatne z\u0142uszczanie nask\u00f3rka &#8211; peelingi enzymatyczne, kwasowe (kwas salicylowy, azelainowy, pirogronowy),<\/li>\n\n\n\n<li>kosmetyki zmniejszaj\u0105ce wydzielanie \u0142oju (sebostatyczne), matuj\u0105ce, ograniczaj\u0105ce b\u0142yszczenie sk\u00f3ry, <\/li>\n\n\n\n<li>preparaty pomagaj\u0105ce utrzyma\u0107 prawid\u0142owe nawil\u017cenie nask\u00f3rka, zawieraj\u0105ce humektanty (kwas hialuronowy, ektoina, trehaloza, mocznik), niekomedogenne,<\/li>\n\n\n\n<li>kosmetyki wpieraj\u0105ce utrzymanie r\u00f3wnowagi mikrobiomu z probiotykami i prebiotykami.<\/li>\n<\/ul>\n","protected":false},"excerpt":{"rendered":"<p>T\u0142usta, \u015bwiec\u0105ca sk\u00f3ra zwi\u0105zana jest aktywno\u015bci\u0105 i du\u017c\u0105 ilo\u015bci\u0105 gruczo\u0142\u00f3w \u0142ojowych. Najwi\u0119cej wyst\u0119puje ich na twarzy, na przedniej powierzchni klatki piersiowej w okolicy mostkowej i na plecach. Natomiast na d\u0142oniach (wewn\u0119trznej powierzchni) i na stopach gruczo\u0142y \u0142ojowe nie wyst\u0119puj\u0105. \u0141\u00f3j ma istotn\u0105 rol\u0119 w funkcjonowaniu sk\u00f3ry, uelastycznia j\u0105, zmniejsza przeznask\u00f3rkow\u0105 utrat\u0119 wody, ale wytwarzany w [&hellip;]<\/p>\n","protected":false},"author":13,"featured_media":22384,"comment_status":"open","ping_status":"closed","sticky":false,"template":"","format":"standard","meta":{"_et_pb_use_builder":"off","_et_pb_old_content":"","_et_gb_content_width":"","footnotes":""},"categories":[2050,1817],"tags":[3445,4233,4232,6381,5661,75,4230,5868,7650,6905,7209],"class_list":["post-22381","post","type-post","status-publish","format-standard","has-post-thumbnail","hentry","category-magdalena-ciupinska","category-kategoria-pielegnacja-i-kosmetyki","tag-bandi","tag-cera-tlusta","tag-kosmetyki-profesjonalne","tag-krem-dla-cery-tlustej","tag-krem-matujacy","tag-lojotok","tag-pielegnacja-profesjonalna","tag-pielegnacja-twarzy","tag-przetluszczanie-sie-skory","tag-przetluszczanie-sie-wlosow","tag-sebum"],"yoast_head":"<!-- This site is optimized with the Yoast SEO plugin v27.1.1 - https:\/\/yoast.com\/product\/yoast-seo-wordpress\/ -->\n<title>T\u0142usta sk\u00f3ra - przyczyny, objawy, piel\u0119gnacja &#187; Blog BANDI<\/title>\n<meta name=\"description\" content=\"Sk\u00f3ra t\u0142usta jest zwi\u0105zana z nadmiern\u0105 aktywno\u015bci\u0105 i du\u017c\u0105 ilo\u015bci\u0105 gruczo\u0142\u00f3w \u0142ojowych. Poprzez odpowiednio dobran\u0105 piel\u0119gnacj\u0119 mo\u017cna poprawi\u0107 jej kondycj\u0119.\" \/>\n<meta name=\"robots\" content=\"index, follow, max-snippet:-1, max-image-preview:large, max-video-preview:-1\" \/>\n<link rel=\"canonical\" href=\"https:\/\/www.bandi.pl\/blog\/tlusta-skora-przyczyny-objawy-pielegnacja\/\" \/>\n<meta property=\"og:locale\" content=\"pl_PL\" \/>\n<meta property=\"og:type\" content=\"article\" \/>\n<meta property=\"og:title\" content=\"T\u0142usta sk\u00f3ra - przyczyny, objawy, piel\u0119gnacja &#187; Blog BANDI\" \/>\n<meta property=\"og:description\" content=\"Sk\u00f3ra t\u0142usta jest zwi\u0105zana z nadmiern\u0105 aktywno\u015bci\u0105 i du\u017c\u0105 ilo\u015bci\u0105 gruczo\u0142\u00f3w \u0142ojowych. Poprzez odpowiednio dobran\u0105 piel\u0119gnacj\u0119 mo\u017cna poprawi\u0107 jej kondycj\u0119.\" \/>\n<meta property=\"og:url\" content=\"https:\/\/www.bandi.pl\/blog\/tlusta-skora-przyczyny-objawy-pielegnacja\/\" \/>\n<meta property=\"og:site_name\" content=\"Blog BANDI\" \/>\n<meta property=\"article:publisher\" content=\"https:\/\/web.facebook.com\/BANDIcosmetics\" \/>\n<meta property=\"article:published_time\" content=\"2026-01-29T10:17:18+00:00\" \/>\n<meta property=\"article:modified_time\" content=\"2026-01-29T10:17:19+00:00\" \/>\n<meta property=\"og:image\" content=\"https:\/\/www.bandi.pl\/blog\/wp-content\/uploads\/2026\/01\/Projekt-bez-nazwy-7-6.png\" \/>\n\t<meta property=\"og:image:width\" content=\"1748\" \/>\n\t<meta property=\"og:image:height\" content=\"1240\" \/>\n\t<meta property=\"og:image:type\" content=\"image\/png\" \/>\n<meta name=\"author\" content=\"Ilona Kiraga\" \/>\n<meta name=\"twitter:card\" content=\"summary_large_image\" \/>\n<meta name=\"twitter:creator\" content=\"@bandi_cosmetics\" \/>\n<meta name=\"twitter:site\" content=\"@bandi_cosmetics\" \/>\n<meta name=\"twitter:label1\" content=\"Napisane przez\" \/>\n\t<meta name=\"twitter:data1\" content=\"Ilona Kiraga\" \/>\n\t<meta name=\"twitter:label2\" content=\"Szacowany czas czytania\" \/>\n\t<meta name=\"twitter:data2\" content=\"4 minuty\" \/>\n<script type=\"application\/ld+json\" class=\"yoast-schema-graph\">{\"@context\":\"https:\/\/schema.org\",\"@graph\":[{\"@type\":\"Article\",\"@id\":\"https:\/\/www.bandi.pl\/blog\/tlusta-skora-przyczyny-objawy-pielegnacja\/#article\",\"isPartOf\":{\"@id\":\"https:\/\/www.bandi.pl\/blog\/tlusta-skora-przyczyny-objawy-pielegnacja\/\"},\"author\":{\"name\":\"Ilona Kiraga\",\"@id\":\"https:\/\/www.bandi.pl\/blog\/#\/schema\/person\/5ba05af1a18c58f1c31d4ae051ec9499\"},\"headline\":\"T\u0142usta sk\u00f3ra &#8211; przyczyny, objawy, piel\u0119gnacja\",\"datePublished\":\"2026-01-29T10:17:18+00:00\",\"dateModified\":\"2026-01-29T10:17:19+00:00\",\"mainEntityOfPage\":{\"@id\":\"https:\/\/www.bandi.pl\/blog\/tlusta-skora-przyczyny-objawy-pielegnacja\/\"},\"wordCount\":630,\"commentCount\":0,\"publisher\":{\"@id\":\"https:\/\/www.bandi.pl\/blog\/#organization\"},\"image\":{\"@id\":\"https:\/\/www.bandi.pl\/blog\/tlusta-skora-przyczyny-objawy-pielegnacja\/#primaryimage\"},\"thumbnailUrl\":\"https:\/\/www.bandi.pl\/blog\/wp-content\/uploads\/2026\/01\/Projekt-bez-nazwy-7-6.png\",\"keywords\":[\"Bandi\",\"cera t\u0142usta\",\"kosmetyki profesjonalne\",\"krem dla cery t\u0142ustej\",\"krem matuj\u0105cy\",\"\u0142ojotok\",\"piel\u0119gnacja profesjonalna\",\"piel\u0119gnacja twarzy\",\"przet\u0142uszczanie si\u0119 sk\u00f3ry\",\"przet\u0142uszczanie si\u0119 w\u0142os\u00f3w\",\"sebum\"],\"articleSection\":[\"Magdalena Ciupi\u0144ska\",\"Piel\u0119gnacja i kosmetyki\"],\"inLanguage\":\"pl-PL\",\"potentialAction\":[{\"@type\":\"CommentAction\",\"name\":\"Comment\",\"target\":[\"https:\/\/www.bandi.pl\/blog\/tlusta-skora-przyczyny-objawy-pielegnacja\/#respond\"]}]},{\"@type\":\"WebPage\",\"@id\":\"https:\/\/www.bandi.pl\/blog\/tlusta-skora-przyczyny-objawy-pielegnacja\/\",\"url\":\"https:\/\/www.bandi.pl\/blog\/tlusta-skora-przyczyny-objawy-pielegnacja\/\",\"name\":\"T\u0142usta sk\u00f3ra - przyczyny, objawy, piel\u0119gnacja &#187; Blog BANDI\",\"isPartOf\":{\"@id\":\"https:\/\/www.bandi.pl\/blog\/#website\"},\"primaryImageOfPage\":{\"@id\":\"https:\/\/www.bandi.pl\/blog\/tlusta-skora-przyczyny-objawy-pielegnacja\/#primaryimage\"},\"image\":{\"@id\":\"https:\/\/www.bandi.pl\/blog\/tlusta-skora-przyczyny-objawy-pielegnacja\/#primaryimage\"},\"thumbnailUrl\":\"https:\/\/www.bandi.pl\/blog\/wp-content\/uploads\/2026\/01\/Projekt-bez-nazwy-7-6.png\",\"datePublished\":\"2026-01-29T10:17:18+00:00\",\"dateModified\":\"2026-01-29T10:17:19+00:00\",\"description\":\"Sk\u00f3ra t\u0142usta jest zwi\u0105zana z nadmiern\u0105 aktywno\u015bci\u0105 i du\u017c\u0105 ilo\u015bci\u0105 gruczo\u0142\u00f3w \u0142ojowych. Poprzez odpowiednio dobran\u0105 piel\u0119gnacj\u0119 mo\u017cna poprawi\u0107 jej kondycj\u0119.\",\"breadcrumb\":{\"@id\":\"https:\/\/www.bandi.pl\/blog\/tlusta-skora-przyczyny-objawy-pielegnacja\/#breadcrumb\"},\"inLanguage\":\"pl-PL\",\"potentialAction\":[{\"@type\":\"ReadAction\",\"target\":[\"https:\/\/www.bandi.pl\/blog\/tlusta-skora-przyczyny-objawy-pielegnacja\/\"]}]},{\"@type\":\"ImageObject\",\"inLanguage\":\"pl-PL\",\"@id\":\"https:\/\/www.bandi.pl\/blog\/tlusta-skora-przyczyny-objawy-pielegnacja\/#primaryimage\",\"url\":\"https:\/\/www.bandi.pl\/blog\/wp-content\/uploads\/2026\/01\/Projekt-bez-nazwy-7-6.png\",\"contentUrl\":\"https:\/\/www.bandi.pl\/blog\/wp-content\/uploads\/2026\/01\/Projekt-bez-nazwy-7-6.png\",\"width\":1748,\"height\":1240,\"caption\":\"t\u0142usta sk\u00f3ra\"},{\"@type\":\"BreadcrumbList\",\"@id\":\"https:\/\/www.bandi.pl\/blog\/tlusta-skora-przyczyny-objawy-pielegnacja\/#breadcrumb\",\"itemListElement\":[{\"@type\":\"ListItem\",\"position\":1,\"name\":\"BANDI\",\"item\":\"https:\/\/www.bandi.pl\/blog\/\"},{\"@type\":\"ListItem\",\"position\":2,\"name\":\"T\u0142usta sk\u00f3ra &#8211; przyczyny, objawy, piel\u0119gnacja\"}]},{\"@type\":\"WebSite\",\"@id\":\"https:\/\/www.bandi.pl\/blog\/#website\",\"url\":\"https:\/\/www.bandi.pl\/blog\/\",\"name\":\"Blog BANDI\",\"description\":\"Czarno na bia\u0142ym o kosmetykach\",\"publisher\":{\"@id\":\"https:\/\/www.bandi.pl\/blog\/#organization\"},\"potentialAction\":[{\"@type\":\"SearchAction\",\"target\":{\"@type\":\"EntryPoint\",\"urlTemplate\":\"https:\/\/www.bandi.pl\/blog\/?s={search_term_string}\"},\"query-input\":{\"@type\":\"PropertyValueSpecification\",\"valueRequired\":true,\"valueName\":\"search_term_string\"}}],\"inLanguage\":\"pl-PL\"},{\"@type\":\"Organization\",\"@id\":\"https:\/\/www.bandi.pl\/blog\/#organization\",\"name\":\"BANDI\",\"url\":\"https:\/\/www.bandi.pl\/blog\/\",\"logo\":{\"@type\":\"ImageObject\",\"inLanguage\":\"pl-PL\",\"@id\":\"https:\/\/www.bandi.pl\/blog\/#\/schema\/logo\/image\/\",\"url\":\"https:\/\/www.bandi.pl\/blog\/wp-content\/uploads\/2019\/06\/bandi-logo.png\",\"contentUrl\":\"https:\/\/www.bandi.pl\/blog\/wp-content\/uploads\/2019\/06\/bandi-logo.png\",\"width\":264,\"height\":111,\"caption\":\"BANDI\"},\"image\":{\"@id\":\"https:\/\/www.bandi.pl\/blog\/#\/schema\/logo\/image\/\"},\"sameAs\":[\"https:\/\/web.facebook.com\/BANDIcosmetics\",\"https:\/\/x.com\/bandi_cosmetics\",\"https:\/\/www.instagram.com\/bandi_cosmetics\/\",\"https:\/\/www.pinterest.com\/bandicosmetics\/\",\"https:\/\/www.youtube.com\/user\/BandiCosmeticsPolska\"]},{\"@type\":\"Person\",\"@id\":\"https:\/\/www.bandi.pl\/blog\/#\/schema\/person\/5ba05af1a18c58f1c31d4ae051ec9499\",\"name\":\"Ilona Kiraga\"}]}<\/script>\n<!-- \/ Yoast SEO plugin. -->","yoast_head_json":{"title":"T\u0142usta sk\u00f3ra - przyczyny, objawy, piel\u0119gnacja &#187; Blog BANDI","description":"Sk\u00f3ra t\u0142usta jest zwi\u0105zana z nadmiern\u0105 aktywno\u015bci\u0105 i du\u017c\u0105 ilo\u015bci\u0105 gruczo\u0142\u00f3w \u0142ojowych. Poprzez odpowiednio dobran\u0105 piel\u0119gnacj\u0119 mo\u017cna poprawi\u0107 jej kondycj\u0119.","robots":{"index":"index","follow":"follow","max-snippet":"max-snippet:-1","max-image-preview":"max-image-preview:large","max-video-preview":"max-video-preview:-1"},"canonical":"https:\/\/www.bandi.pl\/blog\/tlusta-skora-przyczyny-objawy-pielegnacja\/","og_locale":"pl_PL","og_type":"article","og_title":"T\u0142usta sk\u00f3ra - przyczyny, objawy, piel\u0119gnacja &#187; Blog BANDI","og_description":"Sk\u00f3ra t\u0142usta jest zwi\u0105zana z nadmiern\u0105 aktywno\u015bci\u0105 i du\u017c\u0105 ilo\u015bci\u0105 gruczo\u0142\u00f3w \u0142ojowych. Poprzez odpowiednio dobran\u0105 piel\u0119gnacj\u0119 mo\u017cna poprawi\u0107 jej kondycj\u0119.","og_url":"https:\/\/www.bandi.pl\/blog\/tlusta-skora-przyczyny-objawy-pielegnacja\/","og_site_name":"Blog BANDI","article_publisher":"https:\/\/web.facebook.com\/BANDIcosmetics","article_published_time":"2026-01-29T10:17:18+00:00","article_modified_time":"2026-01-29T10:17:19+00:00","og_image":[{"width":1748,"height":1240,"url":"https:\/\/www.bandi.pl\/blog\/wp-content\/uploads\/2026\/01\/Projekt-bez-nazwy-7-6.png","type":"image\/png"}],"author":"Ilona Kiraga","twitter_card":"summary_large_image","twitter_creator":"@bandi_cosmetics","twitter_site":"@bandi_cosmetics","twitter_misc":{"Napisane przez":"Ilona Kiraga","Szacowany czas czytania":"4 minuty"},"schema":{"@context":"https:\/\/schema.org","@graph":[{"@type":"Article","@id":"https:\/\/www.bandi.pl\/blog\/tlusta-skora-przyczyny-objawy-pielegnacja\/#article","isPartOf":{"@id":"https:\/\/www.bandi.pl\/blog\/tlusta-skora-przyczyny-objawy-pielegnacja\/"},"author":{"name":"Ilona Kiraga","@id":"https:\/\/www.bandi.pl\/blog\/#\/schema\/person\/5ba05af1a18c58f1c31d4ae051ec9499"},"headline":"T\u0142usta sk\u00f3ra &#8211; przyczyny, objawy, piel\u0119gnacja","datePublished":"2026-01-29T10:17:18+00:00","dateModified":"2026-01-29T10:17:19+00:00","mainEntityOfPage":{"@id":"https:\/\/www.bandi.pl\/blog\/tlusta-skora-przyczyny-objawy-pielegnacja\/"},"wordCount":630,"commentCount":0,"publisher":{"@id":"https:\/\/www.bandi.pl\/blog\/#organization"},"image":{"@id":"https:\/\/www.bandi.pl\/blog\/tlusta-skora-przyczyny-objawy-pielegnacja\/#primaryimage"},"thumbnailUrl":"https:\/\/www.bandi.pl\/blog\/wp-content\/uploads\/2026\/01\/Projekt-bez-nazwy-7-6.png","keywords":["Bandi","cera t\u0142usta","kosmetyki profesjonalne","krem dla cery t\u0142ustej","krem matuj\u0105cy","\u0142ojotok","piel\u0119gnacja profesjonalna","piel\u0119gnacja twarzy","przet\u0142uszczanie si\u0119 sk\u00f3ry","przet\u0142uszczanie si\u0119 w\u0142os\u00f3w","sebum"],"articleSection":["Magdalena Ciupi\u0144ska","Piel\u0119gnacja i kosmetyki"],"inLanguage":"pl-PL","potentialAction":[{"@type":"CommentAction","name":"Comment","target":["https:\/\/www.bandi.pl\/blog\/tlusta-skora-przyczyny-objawy-pielegnacja\/#respond"]}]},{"@type":"WebPage","@id":"https:\/\/www.bandi.pl\/blog\/tlusta-skora-przyczyny-objawy-pielegnacja\/","url":"https:\/\/www.bandi.pl\/blog\/tlusta-skora-przyczyny-objawy-pielegnacja\/","name":"T\u0142usta sk\u00f3ra - przyczyny, objawy, piel\u0119gnacja &#187; Blog BANDI","isPartOf":{"@id":"https:\/\/www.bandi.pl\/blog\/#website"},"primaryImageOfPage":{"@id":"https:\/\/www.bandi.pl\/blog\/tlusta-skora-przyczyny-objawy-pielegnacja\/#primaryimage"},"image":{"@id":"https:\/\/www.bandi.pl\/blog\/tlusta-skora-przyczyny-objawy-pielegnacja\/#primaryimage"},"thumbnailUrl":"https:\/\/www.bandi.pl\/blog\/wp-content\/uploads\/2026\/01\/Projekt-bez-nazwy-7-6.png","datePublished":"2026-01-29T10:17:18+00:00","dateModified":"2026-01-29T10:17:19+00:00","description":"Sk\u00f3ra t\u0142usta jest zwi\u0105zana z nadmiern\u0105 aktywno\u015bci\u0105 i du\u017c\u0105 ilo\u015bci\u0105 gruczo\u0142\u00f3w \u0142ojowych. Poprzez odpowiednio dobran\u0105 piel\u0119gnacj\u0119 mo\u017cna poprawi\u0107 jej kondycj\u0119.","breadcrumb":{"@id":"https:\/\/www.bandi.pl\/blog\/tlusta-skora-przyczyny-objawy-pielegnacja\/#breadcrumb"},"inLanguage":"pl-PL","potentialAction":[{"@type":"ReadAction","target":["https:\/\/www.bandi.pl\/blog\/tlusta-skora-przyczyny-objawy-pielegnacja\/"]}]},{"@type":"ImageObject","inLanguage":"pl-PL","@id":"https:\/\/www.bandi.pl\/blog\/tlusta-skora-przyczyny-objawy-pielegnacja\/#primaryimage","url":"https:\/\/www.bandi.pl\/blog\/wp-content\/uploads\/2026\/01\/Projekt-bez-nazwy-7-6.png","contentUrl":"https:\/\/www.bandi.pl\/blog\/wp-content\/uploads\/2026\/01\/Projekt-bez-nazwy-7-6.png","width":1748,"height":1240,"caption":"t\u0142usta sk\u00f3ra"},{"@type":"BreadcrumbList","@id":"https:\/\/www.bandi.pl\/blog\/tlusta-skora-przyczyny-objawy-pielegnacja\/#breadcrumb","itemListElement":[{"@type":"ListItem","position":1,"name":"BANDI","item":"https:\/\/www.bandi.pl\/blog\/"},{"@type":"ListItem","position":2,"name":"T\u0142usta sk\u00f3ra &#8211; przyczyny, objawy, piel\u0119gnacja"}]},{"@type":"WebSite","@id":"https:\/\/www.bandi.pl\/blog\/#website","url":"https:\/\/www.bandi.pl\/blog\/","name":"Blog BANDI","description":"Czarno na bia\u0142ym o kosmetykach","publisher":{"@id":"https:\/\/www.bandi.pl\/blog\/#organization"},"potentialAction":[{"@type":"SearchAction","target":{"@type":"EntryPoint","urlTemplate":"https:\/\/www.bandi.pl\/blog\/?s={search_term_string}"},"query-input":{"@type":"PropertyValueSpecification","valueRequired":true,"valueName":"search_term_string"}}],"inLanguage":"pl-PL"},{"@type":"Organization","@id":"https:\/\/www.bandi.pl\/blog\/#organization","name":"BANDI","url":"https:\/\/www.bandi.pl\/blog\/","logo":{"@type":"ImageObject","inLanguage":"pl-PL","@id":"https:\/\/www.bandi.pl\/blog\/#\/schema\/logo\/image\/","url":"https:\/\/www.bandi.pl\/blog\/wp-content\/uploads\/2019\/06\/bandi-logo.png","contentUrl":"https:\/\/www.bandi.pl\/blog\/wp-content\/uploads\/2019\/06\/bandi-logo.png","width":264,"height":111,"caption":"BANDI"},"image":{"@id":"https:\/\/www.bandi.pl\/blog\/#\/schema\/logo\/image\/"},"sameAs":["https:\/\/web.facebook.com\/BANDIcosmetics","https:\/\/x.com\/bandi_cosmetics","https:\/\/www.instagram.com\/bandi_cosmetics\/","https:\/\/www.pinterest.com\/bandicosmetics\/","https:\/\/www.youtube.com\/user\/BandiCosmeticsPolska"]},{"@type":"Person","@id":"https:\/\/www.bandi.pl\/blog\/#\/schema\/person\/5ba05af1a18c58f1c31d4ae051ec9499","name":"Ilona Kiraga"}]}},"_links":{"self":[{"href":"https:\/\/www.bandi.pl\/blog\/wp-json\/wp\/v2\/posts\/22381","targetHints":{"allow":["GET"]}}],"collection":[{"href":"https:\/\/www.bandi.pl\/blog\/wp-json\/wp\/v2\/posts"}],"about":[{"href":"https:\/\/www.bandi.pl\/blog\/wp-json\/wp\/v2\/types\/post"}],"author":[{"embeddable":true,"href":"https:\/\/www.bandi.pl\/blog\/wp-json\/wp\/v2\/users\/13"}],"replies":[{"embeddable":true,"href":"https:\/\/www.bandi.pl\/blog\/wp-json\/wp\/v2\/comments?post=22381"}],"version-history":[{"count":8,"href":"https:\/\/www.bandi.pl\/blog\/wp-json\/wp\/v2\/posts\/22381\/revisions"}],"predecessor-version":[{"id":22391,"href":"https:\/\/www.bandi.pl\/blog\/wp-json\/wp\/v2\/posts\/22381\/revisions\/22391"}],"wp:featuredmedia":[{"embeddable":true,"href":"https:\/\/www.bandi.pl\/blog\/wp-json\/wp\/v2\/media\/22384"}],"wp:attachment":[{"href":"https:\/\/www.bandi.pl\/blog\/wp-json\/wp\/v2\/media?parent=22381"}],"wp:term":[{"taxonomy":"category","embeddable":true,"href":"https:\/\/www.bandi.pl\/blog\/wp-json\/wp\/v2\/categories?post=22381"},{"taxonomy":"post_tag","embeddable":true,"href":"https:\/\/www.bandi.pl\/blog\/wp-json\/wp\/v2\/tags?post=22381"}],"curies":[{"name":"wp","href":"https:\/\/api.w.org\/{rel}","templated":true}]}}