{"id":22348,"date":"2026-01-22T09:13:20","date_gmt":"2026-01-22T08:13:20","guid":{"rendered":"https:\/\/www.bandi.pl\/blog\/?p=22348"},"modified":"2026-01-30T10:23:45","modified_gmt":"2026-01-30T09:23:45","slug":"zwiekszone-rogowacenie-naskorka-czesty-problem-zima-i-jego-skutki","status":"publish","type":"post","link":"https:\/\/www.bandi.pl\/blog\/zwiekszone-rogowacenie-naskorka-czesty-problem-zima-i-jego-skutki\/","title":{"rendered":"Zwi\u0119kszone rogowacenie nask\u00f3rka \u2013 cz\u0119sty problem zim\u0105 i jego skutki"},"content":{"rendered":"\n<p>Zima to szczeg\u00f3lnie wymagaj\u0105cy czas dla sk\u00f3ry. Niskie temperatury, wiatr, suche powietrze w ogrzewanych pomieszczeniach sprawiaj\u0105, \u017ce cz\u0119sto jej kondycja ulega pogorszeniu. Aby temu przeciwdzia\u0142a\u0107 sk\u00f3ra musi uruchomi\u0107 swoje mechanizmy obronne. Jednym z nich jest zwi\u0119kszone rogowacenie nask\u00f3rka. W praktyce oznacza to nasilone rogowacenie sk\u00f3ry, kt\u00f3re ma na celu wzmocnienie jej bariery ochronnej. Jednak przy d\u0142ugotrwa\u0142ym dzia\u0142aniu niekorzystnych czynnik\u00f3w mo\u017ce prowadzi\u0107 do nadmiernego rogowacenia sk\u00f3ry i objaw\u00f3w charakterystycznych dla hiperkeratozy.<\/p>\n\n\n\n<h2 class=\"wp-block-heading\">Czym jest hiperkeratoza?<\/h2>\n\n\n\n<p>Rogowacenie nask\u00f3rka to naturalny proces b\u0119d\u0105cy cz\u0119\u015bci\u0105 cyklu nask\u00f3rkowego. Cykl nask\u00f3rkowy polega na przemieszczaniu si\u0119 kom\u00f3rek od po\u0142o\u017conej najg\u0142\u0119biej warstwy podstawnej, przez warstw\u0119 kolczyst\u0105, ziarnist\u0105 a\u017c do po\u0142o\u017conej najbardziej powierzchownie warstwy rogowej. Nast\u0119pnie kom\u00f3rki oddzielaj\u0105 si\u0119 i ulegaj\u0105 z\u0142uszczeniu, co pobudza proces ponownego ich powstawania w warstwie podstawnej. Prawid\u0142owo przebiegaj\u0105cy cykl nask\u00f3rkowy sprzyja wytworzeniu efektywnej bariery, chroni\u0105cej sk\u00f3r\u0119 przed negatywnym wp\u0142ywem czynnik\u00f3w zewn\u0119trznych, kt\u00f3r\u0105 stanowi warstwa rogowa. Niekiedy jednak proces ten ulega zaburzeniu. W\u00f3wczas martwe kom\u00f3rki nask\u00f3rka nie z\u0142uszczaj\u0105 si\u0119 prawid\u0142owo, tylko gromadz\u0105 na powierzchni sk\u00f3ry. Mo\u017ce to by\u0107 objaw zar\u00f3wno chor\u00f3b sk\u00f3ry, jak i jej naturalna reakcja obronna np. w odpowiedzi na zimowe, niesprzyjaj\u0105ce warunki atmosferyczne.<\/p>\n\n\n\n<h2 class=\"wp-block-heading\">Objawy i skutki nadmiernego rogowacenia sk\u00f3ry<\/h2>\n\n\n\n<p>Skutki hiperkeratozy nask\u00f3rka mog\u0105 si\u0119 objawia\u0107:<\/p>\n\n\n\n<ul class=\"wp-block-list\">\n<li>szorstko\u015bci\u0105 i chropowato\u015bci\u0105 sk\u00f3ry,<\/li>\n\n\n\n<li>uczuciem \u015bci\u0105gni\u0119cia i dyskomfortu,<\/li>\n\n\n\n<li>ziemistym, matowym kolorytem,<\/li>\n\n\n\n<li>nadmiernym przesuszeniem,<\/li>\n\n\n\n<li>mniejsz\u0105 skuteczno\u015bci\u0105 dzia\u0142ania stosowanych kosmetyk\u00f3w.<\/li>\n<\/ul>\n\n\n\n<p>Poprzez odpowiedni\u0105 piel\u0119gnacj\u0119 mo\u017cemy jednak w pewnym stopniu kontrolowa\u0107 proces rogowacenia nask\u00f3rka i ograniczy\u0107 wyst\u0119powanie wielu problem\u00f3w sk\u00f3rnych, b\u0119d\u0105cych nast\u0119pstwem hiperkeratozy.<\/p>\n\n\n\n<h2 class=\"wp-block-heading\">Rodzaje hiperkeratozy<\/h2>\n\n\n\n<p>Hiperkeratoza mo\u017ce przyjmowa\u0107 r\u00f3\u017cne formy. Najcz\u0119\u015bciej spotykane jest nadmierne rogowacenie sk\u00f3ry, objawiaj\u0105ce si\u0119 pogrubieniem, szorstko\u015bci\u0105 i sk\u0142onno\u015bci\u0105 do p\u0119kni\u0119\u0107. Inn\u0105 postaci\u0105 jest rogowacenie mieszkowe (rogowacenie oko\u0142omieszkowe), czyli <em>Keratosis pilaris<\/em>, kt\u00f3re prowadzi do powstawania drobnych grudek hiperkeratotycznych, bez stanu zapalnego, przypominaj\u0105cych g\u0119si\u0105 sk\u00f3rk\u0119. Objawy te pojawiaj\u0105 si\u0119 najcz\u0119\u015bciej na ramionach, udach, po\u015bladkach, niekiedy dochodzi do nadmiernego rogowacenia nask\u00f3rka tak\u017ce na twarzy. Zaostrzenie rogowacenia mieszkowego cz\u0119sto nast\u0119puje w\u0142a\u015bnie zim\u0105, kiedy sk\u00f3ra \u0142atwiej ulega przesuszeniu.<\/p>\n\n\n\n<h2 class=\"wp-block-heading\">Przyczyny nadmiernego rogowacenia nask\u00f3rka<\/h2>\n\n\n\n<p>Przyczyny rogowacenia sk\u00f3ry s\u0105 z\u0142o\u017cone i obejmuj\u0105 zar\u00f3wno czynniki genetyczne, jak i \u015brodowiskowe. Przesuszenie sk\u00f3ry, zaburzenie jej funkcji barierowych, mechaniczne uszkodzenia, tarcie, niew\u0142a\u015bciwa piel\u0119gnacja, a tak\u017ce niedobory witamin, zw\u0142aszcza witaminy A, zaburzenia hormonalne czy niekt\u00f3re choroby sk\u00f3ry sprzyjaj\u0105 rozwojowi hiperkeratozy nask\u00f3rka. <\/p>\n\n\n\n<h2 class=\"wp-block-heading\">Jak odpowiednia piel\u0119gnacja mo\u017ce pom\u00f3c?<\/h2>\n\n\n\n<p>Poprzez odpowiedni\u0105 piel\u0119gnacj\u0119 mo\u017cemy w pewnym stopniu kontrolowa\u0107 proces rogowacenia nask\u00f3rka i ograniczy\u0107 wyst\u0119powanie wielu problem\u00f3w sk\u00f3rnych. Regularne i \u015bwiadome dzia\u0142ania piel\u0119gnacyjne wspieraj\u0105 naturalne procesy odnowy kom\u00f3rkowej, zmniejszaj\u0105c ryzyko rozwoju zmian charakterystycznych dla hiperkeratozy oraz poprawiaj\u0105c og\u00f3ln\u0105 kondycj\u0119 sk\u00f3ry.<\/p>\n\n\n\n<p>Dobrze dobrana piel\u0119gnacja jest kluczowa w walce z nadmiernym rogowaceniem, szczeg\u00f3lnie zim\u0105. Jej celem powinno by\u0107 delikatne z\u0142uszczanie, intensywne nawil\u017canie i odbudowa bariery ochronnej sk\u00f3ry.<\/p>\n\n\n\n<h4 class=\"wp-block-heading\">Z\u0142uszczanie<\/h4>\n\n\n\n<p>Odpowiednia piel\u0119gnacja sk\u00f3ry z tendencj\u0105 do nadmiernego rogowacenia zim\u0105 powinna by\u0107 przemy\u015blana i systematyczna. Jednym z kluczowych element\u00f3w jest delikatne z\u0142uszczanie, kt\u00f3re pomaga usun\u0105\u0107 nagromadzone martwe kom\u00f3rki nask\u00f3rka i przywr\u00f3ci\u0107 sk\u00f3rze g\u0142adko\u015b\u0107. Zim\u0105 proces ten powinien przebiega\u0107 bardzo \u0142agodnie, aby zbyt intensywnie nie narusza\u0107 bariery ochronnej nask\u00f3rka i nie nasila\u0107 problemu, jakim jest rogowacenie sk\u00f3ry.<\/p>\n\n\n\n<div class=\"wp-block-media-text is-stacked-on-mobile\" style=\"grid-template-columns:44% auto\"><figure class=\"wp-block-media-text__media\"><a href=\"https:\/\/www.bandi.pl\/sklep\/peelingi\/delikatny-peeling-enzymatyczny-1051\/\"><img loading=\"lazy\" decoding=\"async\" width=\"420\" height=\"420\" src=\"https:\/\/www.bandi.pl\/blog\/wp-content\/uploads\/2026\/01\/1-6-420x420.png\" alt=\"\" class=\"wp-image-22352 size-full\"\/><\/a><\/figure><div class=\"wp-block-media-text__content\">\n<p>W tym czasie najlepiej sprawdzaj\u0105 si\u0119 <a href=\"https:\/\/www.bandi.pl\/sklep\/katalog\/wyr\/enzymatyczny\/\">peelingi enzymatyczne<\/a> oraz kosmetyki BANDI zawieraj\u0105ce \u0142agodnie dzia\u0142aj\u0105ce wielkocz\u0105steczkowe kwasy, takie jak: <a href=\"https:\/\/www.bandi.pl\/sklep\/peelingi\/peeling-kwasowy-na-naczynka-550\/\">glukonolakton, kwas laktobionowy<\/a>. Sk\u0142adniki te rozlu\u017aniaj\u0105 po\u0142\u0105czenia mi\u0119dzy kom\u00f3rkami nask\u00f3rka, poprawiaj\u0105c jego z\u0142uszczanie bez wywo\u0142ywania podra\u017cnie\u0144.<\/p>\n<\/div><\/div>\n\n\n\n<p><\/p>\n\n\n\n<p>Regularne, stosowanie tego typu preparat\u00f3w sprawia, \u017ce sk\u00f3ra staje si\u0119 g\u0142adsza i lepiej przygotowana na przyj\u0119cie sk\u0142adnik\u00f3w aktywnych z dalszych etap\u00f3w piel\u0119gnacji. Zim\u0105 nie mo\u017cna jednak stosowa\u0107 ich zbyt cz\u0119sto, wystarczy 1-2 razy w tygodniu.<\/p>\n\n\n\n<h4 class=\"wp-block-heading\">Nawil\u017canie<\/h4>\n\n\n\n<p>Do zwi\u0119kszonego rogowacenia nask\u00f3rka mo\u017ce prowadzi\u0107 tak\u017ce zbyt niskie nawil\u017cenie sk\u00f3ry. Dlatego tak wa\u017cne jest, by w okresie zimy stosowa\u0107 preparaty intensywnie i d\u0142ugotrwale nawil\u017caj\u0105ce. <\/p>\n\n\n\n<div class=\"wp-block-media-text is-stacked-on-mobile\" style=\"grid-template-columns:44% auto\"><figure class=\"wp-block-media-text__media\"><a href=\"https:\/\/www.bandi.pl\/sklep\/koncentraty\/koncentrat-s-o-s-gleboko-nawilzajacy-1124\/\"><img loading=\"lazy\" decoding=\"async\" width=\"420\" height=\"420\" src=\"https:\/\/www.bandi.pl\/blog\/wp-content\/uploads\/2026\/01\/2-3-420x420.png\" alt=\"\" class=\"wp-image-22353 size-full\"\/><\/a><\/figure><div class=\"wp-block-media-text__content\">\n<p>W codziennej piel\u0119gnacji warto si\u0119ga\u0107 po kosmetyki BANDI zawieraj\u0105ce humektanty, takie jak: <a href=\"https:\/\/www.bandi.pl\/sklep\/katalog\/wyr\/mocznik\/\">mocznik<\/a>, kwas hialuronowy, <a href=\"https:\/\/www.bandi.pl\/sklep\/katalog\/wyr\/ektoina\/\">ektoina<\/a>, trehaloza, kt\u00f3re wi\u0105\u017c\u0105 wod\u0119 w nask\u00f3rku i poprawiaj\u0105 jego elastyczno\u015b\u0107, zmniejszaj\u0105c objawy rogowacenia sk\u00f3ry. <\/p>\n<\/div><\/div>\n\n\n\n<p><\/p>\n\n\n\n<h4 class=\"wp-block-heading\">Odbudowa bariery ochronnej nask\u00f3rka<\/h4>\n\n\n\n<p>Kolejnym istotnym elementem zimowej piel\u0119gnacji jest wzmocnienie naturalnej bariery ochronnej nask\u00f3rka. To w\u0142a\u015bnie ona odgrywa kluczow\u0105 rol\u0119 w ograniczeniu nadmiernej transepidermalnej utraty wody &#8211; TEWL oraz ochronie przed czynnikami zewn\u0119trznymi, takimi jak: mr\u00f3z, wiatr czy suche powietrze. <\/p>\n\n\n\n<div class=\"wp-block-media-text is-stacked-on-mobile\" style=\"grid-template-columns:44% auto\"><figure class=\"wp-block-media-text__media\"><a href=\"https:\/\/www.bandi.pl\/sklep\/kremy\/kuracja-s-o-s-krem-intensywnie-kojacy-886\/\"><img loading=\"lazy\" decoding=\"async\" width=\"420\" height=\"420\" src=\"https:\/\/www.bandi.pl\/blog\/wp-content\/uploads\/2026\/01\/3-2-420x420.png\" alt=\"\" class=\"wp-image-22354 size-full\"\/><\/a><\/figure><div class=\"wp-block-media-text__content\">\n<p>W piel\u0119gnacji sk\u00f3ry ze sk\u0142onno\u015bci\u0105 do rogowacenia warto wybiera\u0107 kremy BANDI, zawieraj\u0105ce: <a href=\"https:\/\/www.bandi.pl\/sklep\/katalog.php?wyr=ceramidy\">ceramidy<\/a>, skwalan, oleje ro\u015blinne czy mas\u0142a. Regularne stosowanie takich preparat\u00f3w sprawia, \u017ce sk\u00f3ra staje si\u0119 bardziej odporna, mniej reaktywna i lepiej radzi sobie z trudnymi warunkami atmosferycznymi, ograniczaj\u0105c ryzyko hierkeratozy.<\/p>\n<\/div><\/div>\n\n\n\n<p><\/p>\n\n\n\n<h2 class=\"wp-block-heading\">Hiperkeratoza &#8211; inne czynniki<\/h2>\n\n\n\n<p>W okresie zimy warto zadba\u0107 tak\u017ce o odpowiednie nawodnienie organizmu od wewn\u0105trz, poprzez spo\u017cywanie prawid\u0142owej ilo\u015bci p\u0142yn\u00f3w. Niezb\u0119dne jest r\u00f3wnie\u017c utrzymywanie w\u0142a\u015bciwej wilgotno\u015bci powietrza w pomieszczeniach, co przeciwdzia\u0142a przesuszeniu sk\u00f3ry i zmniejsza tendencj\u0119 do hiperkeratozy. Znaczenie ma tak\u017ce unikanie bardzo gor\u0105cych k\u0105pieli i d\u0142ugiego kontaktu z gor\u0105c\u0105 wod\u0105, poniewa\u017c nasilaj\u0105 one przesuszenie sk\u00f3ry i os\u0142abiaj\u0105 naturaln\u0105 barier\u0119 ochronn\u0105 nask\u00f3rka. R\u00f3wnie\u017c dieta ma po\u015bredni wp\u0142yw na nawil\u017cenie sk\u00f3ry i rogowacenie nask\u00f3rka. W pokarmach nie powinno zabrakn\u0105\u0107 sk\u0142adnik\u00f3w bogatych w witaminy z grupy B i niezb\u0119dne nienasycone kwasy t\u0142uszczowe \u2013 NNKT. Ich \u017ar\u00f3d\u0142em s\u0105 np. orzechy, nasiona i pestki, ryby czy owoce, takie jak awokado.<\/p>\n\n\n\n<h2 class=\"wp-block-heading\">Jak zapobiega\u0107 nadmiernemu rogowaceniu nask\u00f3rka?<\/h2>\n\n\n\n<p>Zapobieganie nadmiernemu rogowaceniu sk\u00f3ry polega na systematycznym nawil\u017caniu, delikatnym oczyszczaniu oraz unikaniu czynnik\u00f3w nasilaj\u0105cych problem, takich jak tarcie czy agresywne \u015brodki myj\u0105ce. Odpowiednia, \u015bwiadoma piel\u0119gnacja, wsparta kosmetykami BANDI, pozwala skutecznie kontrolowa\u0107 rogowacenie sk\u00f3ry i ograniczy\u0107 nawroty hiperkeratozy.<\/p>\n\n\n\n<p>Zwi\u0119kszone rogowacenie nask\u00f3rka to cz\u0119sty problem zim\u0105. Cho\u0107 jest to naturalna reakcja obronna organizmu, mo\u017ce prowadzi\u0107 do pogorszenia kondycji sk\u00f3ry. Dlatego w tym czasie warto zadba\u0107 o odpowiedni\u0105 piel\u0119gnacj\u0119 zar\u00f3wno sk\u00f3ry twarzy, jak i <a href=\"https:\/\/www.bandi.pl\/sklep\/balsamy\/balsam-do-ciala-silnie-nawilzajacy-1134\/\">cia\u0142a<\/a>. <\/p>\n\n\n\n<div class=\"wp-block-divi-layout\">[et_pb_section fb_built=&#8221;1&#8243; theme_builder_area=&#8221;post_content&#8221; _builder_version=&#8221;4.27.4&#8243; _module_preset=&#8221;default&#8221;][\/et_pb_section][et_pb_section fb_built=&#8221;1&#8243; _builder_version=&#8221;4.16&#8243; top_divider_style=&#8221;arrow&#8221; top_divider_color=&#8221;rgba(255,166,168,0.75)&#8221; top_divider_height=&#8221;1px&#8221; bottom_divider_style=&#8221;arrow&#8221; bottom_divider_color=&#8221;rgba(255,166,168,0.75)&#8221; bottom_divider_height=&#8221;1px&#8221; global_colors_info=&#8221;{}&#8221; theme_builder_area=&#8221;post_content&#8221;][et_pb_row column_structure=&#8221;1_2,1_2&#8243; _builder_version=&#8221;4.16&#8243; width=&#8221;100%&#8221; module_alignment=&#8221;left&#8221; custom_margin=&#8221;||||false|false&#8221; global_colors_info=&#8221;{}&#8221; theme_builder_area=&#8221;post_content&#8221;][et_pb_column type=&#8221;1_2&#8243; _builder_version=&#8221;4.16&#8243; global_colors_info=&#8221;{}&#8221; theme_builder_area=&#8221;post_content&#8221;][et_pb_text _builder_version=&#8221;4.27.4&#8243; text_font=&#8221;Raleway Bold||||||||&#8221; text_text_color=&#8221;rgba(255,166,168,0.75)&#8221; text_font_size=&#8221;55px&#8221; text_letter_spacing=&#8221;9px&#8221; text_line_height=&#8221;1em&#8221; header_font_size=&#8221;39px&#8221; min_height=&#8221;23px&#8221; custom_margin=&#8221;40px||||false|false&#8221; link_option_url=&#8221;https:\/\/www.bandi.pl\/sklep\/katalog\/wyr\/peeling\/&#8221; hover_enabled=&#8221;0&#8243; inline_fonts=&#8221;Raleway Bold&#8221; global_colors_info=&#8221;{}&#8221; theme_builder_area=&#8221;post_content&#8221; sticky_enabled=&#8221;0&#8243;]<p style=\"text-align: center;\"><span style=\"font-size: xx-large; font-family: inherit; font-weight: normal;\"><strong>PEELING<\/strong><\/span><\/p>\n<p style=\"text-align: center;\"><span style=\"font-size: xx-large; font-family: inherit; font-weight: normal;\"><strong><\/strong><\/span><\/p>[\/et_pb_text][et_pb_text _builder_version=&#8221;4.27.4&#8243; text_font=&#8221;Raleway Regular||||||||&#8221; text_text_color=&#8221;#b8b8b8&#8243; text_font_size=&#8221;22px&#8221; text_line_height=&#8221;1.5em&#8221; link_option_url=&#8221;https:\/\/www.bandi.pl\/sklep\/katalog\/wyr\/peeling\/&#8221; hover_enabled=&#8221;0&#8243; global_colors_info=&#8221;{}&#8221; theme_builder_area=&#8221;post_content&#8221; sticky_enabled=&#8221;0&#8243;]<p style=\"text-align: center;\">Zim\u0105 pami\u0119taj o regularnym z\u0142uszczaniu nask\u00f3rka<\/p>[\/et_pb_text][et_pb_button button_url=&#8221;https:\/\/www.bandi.pl\/sklep\/katalog\/wyr\/peeling\/&#8221; button_text=&#8221;ZOBACZ&#8221; button_alignment=&#8221;center&#8221; disabled_on=&#8221;off|off|off&#8221; _builder_version=&#8221;4.27.4&#8243; custom_button=&#8221;on&#8221; button_text_size=&#8221;20px&#8221; button_text_color=&#8221;#ffffff&#8221; button_border_radius=&#8221;25px&#8221; button_font=&#8221;Bree Serif||||||||&#8221; background_layout=&#8221;dark&#8221; custom_padding=&#8221;12px|30px|12px|30px|true|true&#8221; hover_transition_duration=&#8221;0ms&#8221; hover_enabled=&#8221;0&#8243; box_shadow_style=&#8221;preset3&#8243; global_colors_info=&#8221;{}&#8221; theme_builder_area=&#8221;post_content&#8221; sticky_enabled=&#8221;0&#8243;][\/et_pb_button][\/et_pb_column][et_pb_column type=&#8221;1_2&#8243; _builder_version=&#8221;4.16&#8243; global_colors_info=&#8221;{}&#8221; theme_builder_area=&#8221;post_content&#8221;][et_pb_image src=&#8221;https:\/\/www.bandi.pl\/blog\/wp-content\/uploads\/2026\/01\/NX04_NX11_NX15_NX33_MEDICAL-EXPERT_KOMPOZYCJA_2_20240902.jpg&#8221; title_text=&#8221;NX04_NX11_NX15_NX33_MEDICAL EXPERT_KOMPOZYCJA_2_20240902&#8243; url=&#8221;https:\/\/www.bandi.pl\/sklep\/katalog\/wyr\/peeling\/&#8221; align=&#8221;center&#8221; _builder_version=&#8221;4.27.4&#8243; width=&#8221;100%&#8221; hover_enabled=&#8221;0&#8243; global_colors_info=&#8221;{}&#8221; theme_builder_area=&#8221;post_content&#8221; sticky_enabled=&#8221;0&#8243;][\/et_pb_image][\/et_pb_column][\/et_pb_row][\/et_pb_section]<\/div>\n\n\n\n<div class=\"wp-block-divi-layout\">[et_pb_section admin_label=&#8221;section&#8221;][et_pb_row admin_label=&#8221;row&#8221;][\/et_pb_row][\/et_pb_section]<\/div>\n","protected":false},"excerpt":{"rendered":"<p>Zima to szczeg\u00f3lnie wymagaj\u0105cy czas dla sk\u00f3ry. Niskie temperatury, wiatr, suche powietrze w ogrzewanych pomieszczeniach sprawiaj\u0105, \u017ce cz\u0119sto jej kondycja ulega pogorszeniu. Aby temu przeciwdzia\u0142a\u0107 sk\u00f3ra musi uruchomi\u0107 swoje mechanizmy obronne. Jednym z nich jest zwi\u0119kszone rogowacenie nask\u00f3rka. W praktyce oznacza to nasilone rogowacenie sk\u00f3ry, kt\u00f3re ma na celu wzmocnienie jej bariery ochronnej. Jednak przy [&hellip;]<\/p>\n","protected":false},"author":13,"featured_media":22359,"comment_status":"open","ping_status":"closed","sticky":false,"template":"","format":"standard","meta":{"_et_pb_use_builder":"off","_et_pb_old_content":"","_et_gb_content_width":"","footnotes":""},"categories":[2775,1817],"tags":[3412,3445,5839,8066,4232,4031,6955,55,4662,5968,4230,5868,8905,8659,5994],"class_list":["post-22348","post","type-post","status-publish","format-standard","has-post-thumbnail","hentry","category-ilona-kiraga","category-kategoria-pielegnacja-i-kosmetyki","tag-anti-irritate","tag-bandi","tag-bariera-hydrolipidowa","tag-humektanty","tag-kosmetyki-profesjonalne","tag-krem-nawilzajacy","tag-lagodne-kwasy","tag-peeling","tag-peeling-enzymatyczny","tag-peeling-kwasowy","tag-pielegnacja-profesjonalna","tag-pielegnacja-twarzy","tag-pogrubialy-naskorek","tag-skora-zima","tag-warstwa-rogowa-naskorka"],"yoast_head":"<!-- This site is optimized with the Yoast SEO plugin v27.1.1 - https:\/\/yoast.com\/product\/yoast-seo-wordpress\/ -->\n<title>Zwi\u0119kszone rogowacenie nask\u00f3rka \u2013 cz\u0119sty problem zim\u0105 i jego skutki &#187; Blog BANDI<\/title>\n<meta name=\"description\" content=\"Rogowacenie nask\u00f3rka to naturalny proces, kt\u00f3ry jednak zim\u0105 mo\u017ce przybiera\u0107 na sile i powodowa\u0107 pogorszenie stanu sk\u00f3ry. Poprzez piel\u0119gnacj\u0119 mo\u017cna jednak temu przeciwdzia\u0142a\u0107.\" \/>\n<meta name=\"robots\" content=\"index, follow, max-snippet:-1, max-image-preview:large, max-video-preview:-1\" \/>\n<link rel=\"canonical\" href=\"https:\/\/www.bandi.pl\/blog\/zwiekszone-rogowacenie-naskorka-czesty-problem-zima-i-jego-skutki\/\" \/>\n<meta property=\"og:locale\" content=\"pl_PL\" \/>\n<meta property=\"og:type\" content=\"article\" \/>\n<meta property=\"og:title\" content=\"Zwi\u0119kszone rogowacenie nask\u00f3rka \u2013 cz\u0119sty problem zim\u0105 i jego skutki &#187; Blog BANDI\" \/>\n<meta property=\"og:description\" content=\"Rogowacenie nask\u00f3rka to naturalny proces, kt\u00f3ry jednak zim\u0105 mo\u017ce przybiera\u0107 na sile i powodowa\u0107 pogorszenie stanu sk\u00f3ry. Poprzez piel\u0119gnacj\u0119 mo\u017cna jednak temu przeciwdzia\u0142a\u0107.\" \/>\n<meta property=\"og:url\" content=\"https:\/\/www.bandi.pl\/blog\/zwiekszone-rogowacenie-naskorka-czesty-problem-zima-i-jego-skutki\/\" \/>\n<meta property=\"og:site_name\" content=\"Blog BANDI\" \/>\n<meta property=\"article:publisher\" content=\"https:\/\/web.facebook.com\/BANDIcosmetics\" \/>\n<meta property=\"article:published_time\" content=\"2026-01-22T08:13:20+00:00\" \/>\n<meta property=\"article:modified_time\" content=\"2026-01-30T09:23:45+00:00\" \/>\n<meta property=\"og:image\" content=\"https:\/\/www.bandi.pl\/blog\/wp-content\/uploads\/2026\/01\/Projekt-bez-nazwy-7-3-592x420.png\" \/>\n\t<meta property=\"og:image:width\" content=\"592\" \/>\n\t<meta property=\"og:image:height\" content=\"420\" \/>\n\t<meta property=\"og:image:type\" content=\"image\/png\" \/>\n<meta name=\"author\" content=\"Ilona Kiraga\" \/>\n<meta name=\"twitter:card\" content=\"summary_large_image\" \/>\n<meta name=\"twitter:creator\" content=\"@bandi_cosmetics\" \/>\n<meta name=\"twitter:site\" content=\"@bandi_cosmetics\" \/>\n<meta name=\"twitter:label1\" content=\"Napisane przez\" \/>\n\t<meta name=\"twitter:data1\" content=\"Ilona Kiraga\" \/>\n\t<meta name=\"twitter:label2\" content=\"Szacowany czas czytania\" \/>\n\t<meta name=\"twitter:data2\" content=\"7 minut\" \/>\n<script type=\"application\/ld+json\" class=\"yoast-schema-graph\">{\"@context\":\"https:\/\/schema.org\",\"@graph\":[{\"@type\":\"Article\",\"@id\":\"https:\/\/www.bandi.pl\/blog\/zwiekszone-rogowacenie-naskorka-czesty-problem-zima-i-jego-skutki\/#article\",\"isPartOf\":{\"@id\":\"https:\/\/www.bandi.pl\/blog\/zwiekszone-rogowacenie-naskorka-czesty-problem-zima-i-jego-skutki\/\"},\"author\":{\"name\":\"Ilona Kiraga\",\"@id\":\"https:\/\/www.bandi.pl\/blog\/#\/schema\/person\/5ba05af1a18c58f1c31d4ae051ec9499\"},\"headline\":\"Zwi\u0119kszone rogowacenie nask\u00f3rka \u2013 cz\u0119sty problem zim\u0105 i jego skutki\",\"datePublished\":\"2026-01-22T08:13:20+00:00\",\"dateModified\":\"2026-01-30T09:23:45+00:00\",\"mainEntityOfPage\":{\"@id\":\"https:\/\/www.bandi.pl\/blog\/zwiekszone-rogowacenie-naskorka-czesty-problem-zima-i-jego-skutki\/\"},\"wordCount\":1530,\"commentCount\":0,\"publisher\":{\"@id\":\"https:\/\/www.bandi.pl\/blog\/#organization\"},\"image\":{\"@id\":\"https:\/\/www.bandi.pl\/blog\/zwiekszone-rogowacenie-naskorka-czesty-problem-zima-i-jego-skutki\/#primaryimage\"},\"thumbnailUrl\":\"https:\/\/www.bandi.pl\/blog\/wp-content\/uploads\/2026\/01\/Projekt-bez-nazwy-7-3.png\",\"keywords\":[\"anti irritate\",\"Bandi\",\"bariera hydrolipidowa\",\"humektanty\",\"kosmetyki profesjonalne\",\"krem nawil\u017cajacy\",\"\u0142agodne kwasy\",\"peeling\",\"peeling enzymatyczny\",\"peeling kwasowy\",\"piel\u0119gnacja profesjonalna\",\"piel\u0119gnacja twarzy\",\"pogrubia\u0142y nask\u00f3rek\",\"sk\u00f3ra zim\u0105\",\"warstwa rogowa nask\u00f3rka\"],\"articleSection\":[\"Ilona Kiraga\",\"Piel\u0119gnacja i kosmetyki\"],\"inLanguage\":\"pl-PL\",\"potentialAction\":[{\"@type\":\"CommentAction\",\"name\":\"Comment\",\"target\":[\"https:\/\/www.bandi.pl\/blog\/zwiekszone-rogowacenie-naskorka-czesty-problem-zima-i-jego-skutki\/#respond\"]}]},{\"@type\":\"WebPage\",\"@id\":\"https:\/\/www.bandi.pl\/blog\/zwiekszone-rogowacenie-naskorka-czesty-problem-zima-i-jego-skutki\/\",\"url\":\"https:\/\/www.bandi.pl\/blog\/zwiekszone-rogowacenie-naskorka-czesty-problem-zima-i-jego-skutki\/\",\"name\":\"Zwi\u0119kszone rogowacenie nask\u00f3rka \u2013 cz\u0119sty problem zim\u0105 i jego skutki &#187; Blog BANDI\",\"isPartOf\":{\"@id\":\"https:\/\/www.bandi.pl\/blog\/#website\"},\"primaryImageOfPage\":{\"@id\":\"https:\/\/www.bandi.pl\/blog\/zwiekszone-rogowacenie-naskorka-czesty-problem-zima-i-jego-skutki\/#primaryimage\"},\"image\":{\"@id\":\"https:\/\/www.bandi.pl\/blog\/zwiekszone-rogowacenie-naskorka-czesty-problem-zima-i-jego-skutki\/#primaryimage\"},\"thumbnailUrl\":\"https:\/\/www.bandi.pl\/blog\/wp-content\/uploads\/2026\/01\/Projekt-bez-nazwy-7-3.png\",\"datePublished\":\"2026-01-22T08:13:20+00:00\",\"dateModified\":\"2026-01-30T09:23:45+00:00\",\"description\":\"Rogowacenie nask\u00f3rka to naturalny proces, kt\u00f3ry jednak zim\u0105 mo\u017ce przybiera\u0107 na sile i powodowa\u0107 pogorszenie stanu sk\u00f3ry. Poprzez piel\u0119gnacj\u0119 mo\u017cna jednak temu przeciwdzia\u0142a\u0107.\",\"breadcrumb\":{\"@id\":\"https:\/\/www.bandi.pl\/blog\/zwiekszone-rogowacenie-naskorka-czesty-problem-zima-i-jego-skutki\/#breadcrumb\"},\"inLanguage\":\"pl-PL\",\"potentialAction\":[{\"@type\":\"ReadAction\",\"target\":[\"https:\/\/www.bandi.pl\/blog\/zwiekszone-rogowacenie-naskorka-czesty-problem-zima-i-jego-skutki\/\"]}]},{\"@type\":\"ImageObject\",\"inLanguage\":\"pl-PL\",\"@id\":\"https:\/\/www.bandi.pl\/blog\/zwiekszone-rogowacenie-naskorka-czesty-problem-zima-i-jego-skutki\/#primaryimage\",\"url\":\"https:\/\/www.bandi.pl\/blog\/wp-content\/uploads\/2026\/01\/Projekt-bez-nazwy-7-3.png\",\"contentUrl\":\"https:\/\/www.bandi.pl\/blog\/wp-content\/uploads\/2026\/01\/Projekt-bez-nazwy-7-3.png\",\"width\":1748,\"height\":1240,\"caption\":\"rogowacenie nask\u00f3rka\"},{\"@type\":\"BreadcrumbList\",\"@id\":\"https:\/\/www.bandi.pl\/blog\/zwiekszone-rogowacenie-naskorka-czesty-problem-zima-i-jego-skutki\/#breadcrumb\",\"itemListElement\":[{\"@type\":\"ListItem\",\"position\":1,\"name\":\"BANDI\",\"item\":\"https:\/\/www.bandi.pl\/blog\/\"},{\"@type\":\"ListItem\",\"position\":2,\"name\":\"Zwi\u0119kszone rogowacenie nask\u00f3rka \u2013 cz\u0119sty problem zim\u0105 i jego skutki\"}]},{\"@type\":\"WebSite\",\"@id\":\"https:\/\/www.bandi.pl\/blog\/#website\",\"url\":\"https:\/\/www.bandi.pl\/blog\/\",\"name\":\"Blog BANDI\",\"description\":\"Czarno na bia\u0142ym o kosmetykach\",\"publisher\":{\"@id\":\"https:\/\/www.bandi.pl\/blog\/#organization\"},\"potentialAction\":[{\"@type\":\"SearchAction\",\"target\":{\"@type\":\"EntryPoint\",\"urlTemplate\":\"https:\/\/www.bandi.pl\/blog\/?s={search_term_string}\"},\"query-input\":{\"@type\":\"PropertyValueSpecification\",\"valueRequired\":true,\"valueName\":\"search_term_string\"}}],\"inLanguage\":\"pl-PL\"},{\"@type\":\"Organization\",\"@id\":\"https:\/\/www.bandi.pl\/blog\/#organization\",\"name\":\"BANDI\",\"url\":\"https:\/\/www.bandi.pl\/blog\/\",\"logo\":{\"@type\":\"ImageObject\",\"inLanguage\":\"pl-PL\",\"@id\":\"https:\/\/www.bandi.pl\/blog\/#\/schema\/logo\/image\/\",\"url\":\"https:\/\/www.bandi.pl\/blog\/wp-content\/uploads\/2019\/06\/bandi-logo.png\",\"contentUrl\":\"https:\/\/www.bandi.pl\/blog\/wp-content\/uploads\/2019\/06\/bandi-logo.png\",\"width\":264,\"height\":111,\"caption\":\"BANDI\"},\"image\":{\"@id\":\"https:\/\/www.bandi.pl\/blog\/#\/schema\/logo\/image\/\"},\"sameAs\":[\"https:\/\/web.facebook.com\/BANDIcosmetics\",\"https:\/\/x.com\/bandi_cosmetics\",\"https:\/\/www.instagram.com\/bandi_cosmetics\/\",\"https:\/\/www.pinterest.com\/bandicosmetics\/\",\"https:\/\/www.youtube.com\/user\/BandiCosmeticsPolska\"]},{\"@type\":\"Person\",\"@id\":\"https:\/\/www.bandi.pl\/blog\/#\/schema\/person\/5ba05af1a18c58f1c31d4ae051ec9499\",\"name\":\"Ilona Kiraga\"}]}<\/script>\n<!-- \/ Yoast SEO plugin. -->","yoast_head_json":{"title":"Zwi\u0119kszone rogowacenie nask\u00f3rka \u2013 cz\u0119sty problem zim\u0105 i jego skutki &#187; Blog BANDI","description":"Rogowacenie nask\u00f3rka to naturalny proces, kt\u00f3ry jednak zim\u0105 mo\u017ce przybiera\u0107 na sile i powodowa\u0107 pogorszenie stanu sk\u00f3ry. Poprzez piel\u0119gnacj\u0119 mo\u017cna jednak temu przeciwdzia\u0142a\u0107.","robots":{"index":"index","follow":"follow","max-snippet":"max-snippet:-1","max-image-preview":"max-image-preview:large","max-video-preview":"max-video-preview:-1"},"canonical":"https:\/\/www.bandi.pl\/blog\/zwiekszone-rogowacenie-naskorka-czesty-problem-zima-i-jego-skutki\/","og_locale":"pl_PL","og_type":"article","og_title":"Zwi\u0119kszone rogowacenie nask\u00f3rka \u2013 cz\u0119sty problem zim\u0105 i jego skutki &#187; Blog BANDI","og_description":"Rogowacenie nask\u00f3rka to naturalny proces, kt\u00f3ry jednak zim\u0105 mo\u017ce przybiera\u0107 na sile i powodowa\u0107 pogorszenie stanu sk\u00f3ry. Poprzez piel\u0119gnacj\u0119 mo\u017cna jednak temu przeciwdzia\u0142a\u0107.","og_url":"https:\/\/www.bandi.pl\/blog\/zwiekszone-rogowacenie-naskorka-czesty-problem-zima-i-jego-skutki\/","og_site_name":"Blog BANDI","article_publisher":"https:\/\/web.facebook.com\/BANDIcosmetics","article_published_time":"2026-01-22T08:13:20+00:00","article_modified_time":"2026-01-30T09:23:45+00:00","og_image":[{"width":592,"height":420,"url":"https:\/\/www.bandi.pl\/blog\/wp-content\/uploads\/2026\/01\/Projekt-bez-nazwy-7-3-592x420.png","type":"image\/png"}],"author":"Ilona Kiraga","twitter_card":"summary_large_image","twitter_creator":"@bandi_cosmetics","twitter_site":"@bandi_cosmetics","twitter_misc":{"Napisane przez":"Ilona Kiraga","Szacowany czas czytania":"7 minut"},"schema":{"@context":"https:\/\/schema.org","@graph":[{"@type":"Article","@id":"https:\/\/www.bandi.pl\/blog\/zwiekszone-rogowacenie-naskorka-czesty-problem-zima-i-jego-skutki\/#article","isPartOf":{"@id":"https:\/\/www.bandi.pl\/blog\/zwiekszone-rogowacenie-naskorka-czesty-problem-zima-i-jego-skutki\/"},"author":{"name":"Ilona Kiraga","@id":"https:\/\/www.bandi.pl\/blog\/#\/schema\/person\/5ba05af1a18c58f1c31d4ae051ec9499"},"headline":"Zwi\u0119kszone rogowacenie nask\u00f3rka \u2013 cz\u0119sty problem zim\u0105 i jego skutki","datePublished":"2026-01-22T08:13:20+00:00","dateModified":"2026-01-30T09:23:45+00:00","mainEntityOfPage":{"@id":"https:\/\/www.bandi.pl\/blog\/zwiekszone-rogowacenie-naskorka-czesty-problem-zima-i-jego-skutki\/"},"wordCount":1530,"commentCount":0,"publisher":{"@id":"https:\/\/www.bandi.pl\/blog\/#organization"},"image":{"@id":"https:\/\/www.bandi.pl\/blog\/zwiekszone-rogowacenie-naskorka-czesty-problem-zima-i-jego-skutki\/#primaryimage"},"thumbnailUrl":"https:\/\/www.bandi.pl\/blog\/wp-content\/uploads\/2026\/01\/Projekt-bez-nazwy-7-3.png","keywords":["anti irritate","Bandi","bariera hydrolipidowa","humektanty","kosmetyki profesjonalne","krem nawil\u017cajacy","\u0142agodne kwasy","peeling","peeling enzymatyczny","peeling kwasowy","piel\u0119gnacja profesjonalna","piel\u0119gnacja twarzy","pogrubia\u0142y nask\u00f3rek","sk\u00f3ra zim\u0105","warstwa rogowa nask\u00f3rka"],"articleSection":["Ilona Kiraga","Piel\u0119gnacja i kosmetyki"],"inLanguage":"pl-PL","potentialAction":[{"@type":"CommentAction","name":"Comment","target":["https:\/\/www.bandi.pl\/blog\/zwiekszone-rogowacenie-naskorka-czesty-problem-zima-i-jego-skutki\/#respond"]}]},{"@type":"WebPage","@id":"https:\/\/www.bandi.pl\/blog\/zwiekszone-rogowacenie-naskorka-czesty-problem-zima-i-jego-skutki\/","url":"https:\/\/www.bandi.pl\/blog\/zwiekszone-rogowacenie-naskorka-czesty-problem-zima-i-jego-skutki\/","name":"Zwi\u0119kszone rogowacenie nask\u00f3rka \u2013 cz\u0119sty problem zim\u0105 i jego skutki &#187; Blog BANDI","isPartOf":{"@id":"https:\/\/www.bandi.pl\/blog\/#website"},"primaryImageOfPage":{"@id":"https:\/\/www.bandi.pl\/blog\/zwiekszone-rogowacenie-naskorka-czesty-problem-zima-i-jego-skutki\/#primaryimage"},"image":{"@id":"https:\/\/www.bandi.pl\/blog\/zwiekszone-rogowacenie-naskorka-czesty-problem-zima-i-jego-skutki\/#primaryimage"},"thumbnailUrl":"https:\/\/www.bandi.pl\/blog\/wp-content\/uploads\/2026\/01\/Projekt-bez-nazwy-7-3.png","datePublished":"2026-01-22T08:13:20+00:00","dateModified":"2026-01-30T09:23:45+00:00","description":"Rogowacenie nask\u00f3rka to naturalny proces, kt\u00f3ry jednak zim\u0105 mo\u017ce przybiera\u0107 na sile i powodowa\u0107 pogorszenie stanu sk\u00f3ry. Poprzez piel\u0119gnacj\u0119 mo\u017cna jednak temu przeciwdzia\u0142a\u0107.","breadcrumb":{"@id":"https:\/\/www.bandi.pl\/blog\/zwiekszone-rogowacenie-naskorka-czesty-problem-zima-i-jego-skutki\/#breadcrumb"},"inLanguage":"pl-PL","potentialAction":[{"@type":"ReadAction","target":["https:\/\/www.bandi.pl\/blog\/zwiekszone-rogowacenie-naskorka-czesty-problem-zima-i-jego-skutki\/"]}]},{"@type":"ImageObject","inLanguage":"pl-PL","@id":"https:\/\/www.bandi.pl\/blog\/zwiekszone-rogowacenie-naskorka-czesty-problem-zima-i-jego-skutki\/#primaryimage","url":"https:\/\/www.bandi.pl\/blog\/wp-content\/uploads\/2026\/01\/Projekt-bez-nazwy-7-3.png","contentUrl":"https:\/\/www.bandi.pl\/blog\/wp-content\/uploads\/2026\/01\/Projekt-bez-nazwy-7-3.png","width":1748,"height":1240,"caption":"rogowacenie nask\u00f3rka"},{"@type":"BreadcrumbList","@id":"https:\/\/www.bandi.pl\/blog\/zwiekszone-rogowacenie-naskorka-czesty-problem-zima-i-jego-skutki\/#breadcrumb","itemListElement":[{"@type":"ListItem","position":1,"name":"BANDI","item":"https:\/\/www.bandi.pl\/blog\/"},{"@type":"ListItem","position":2,"name":"Zwi\u0119kszone rogowacenie nask\u00f3rka \u2013 cz\u0119sty problem zim\u0105 i jego skutki"}]},{"@type":"WebSite","@id":"https:\/\/www.bandi.pl\/blog\/#website","url":"https:\/\/www.bandi.pl\/blog\/","name":"Blog BANDI","description":"Czarno na bia\u0142ym o kosmetykach","publisher":{"@id":"https:\/\/www.bandi.pl\/blog\/#organization"},"potentialAction":[{"@type":"SearchAction","target":{"@type":"EntryPoint","urlTemplate":"https:\/\/www.bandi.pl\/blog\/?s={search_term_string}"},"query-input":{"@type":"PropertyValueSpecification","valueRequired":true,"valueName":"search_term_string"}}],"inLanguage":"pl-PL"},{"@type":"Organization","@id":"https:\/\/www.bandi.pl\/blog\/#organization","name":"BANDI","url":"https:\/\/www.bandi.pl\/blog\/","logo":{"@type":"ImageObject","inLanguage":"pl-PL","@id":"https:\/\/www.bandi.pl\/blog\/#\/schema\/logo\/image\/","url":"https:\/\/www.bandi.pl\/blog\/wp-content\/uploads\/2019\/06\/bandi-logo.png","contentUrl":"https:\/\/www.bandi.pl\/blog\/wp-content\/uploads\/2019\/06\/bandi-logo.png","width":264,"height":111,"caption":"BANDI"},"image":{"@id":"https:\/\/www.bandi.pl\/blog\/#\/schema\/logo\/image\/"},"sameAs":["https:\/\/web.facebook.com\/BANDIcosmetics","https:\/\/x.com\/bandi_cosmetics","https:\/\/www.instagram.com\/bandi_cosmetics\/","https:\/\/www.pinterest.com\/bandicosmetics\/","https:\/\/www.youtube.com\/user\/BandiCosmeticsPolska"]},{"@type":"Person","@id":"https:\/\/www.bandi.pl\/blog\/#\/schema\/person\/5ba05af1a18c58f1c31d4ae051ec9499","name":"Ilona Kiraga"}]}},"_links":{"self":[{"href":"https:\/\/www.bandi.pl\/blog\/wp-json\/wp\/v2\/posts\/22348","targetHints":{"allow":["GET"]}}],"collection":[{"href":"https:\/\/www.bandi.pl\/blog\/wp-json\/wp\/v2\/posts"}],"about":[{"href":"https:\/\/www.bandi.pl\/blog\/wp-json\/wp\/v2\/types\/post"}],"author":[{"embeddable":true,"href":"https:\/\/www.bandi.pl\/blog\/wp-json\/wp\/v2\/users\/13"}],"replies":[{"embeddable":true,"href":"https:\/\/www.bandi.pl\/blog\/wp-json\/wp\/v2\/comments?post=22348"}],"version-history":[{"count":19,"href":"https:\/\/www.bandi.pl\/blog\/wp-json\/wp\/v2\/posts\/22348\/revisions"}],"predecessor-version":[{"id":22463,"href":"https:\/\/www.bandi.pl\/blog\/wp-json\/wp\/v2\/posts\/22348\/revisions\/22463"}],"wp:featuredmedia":[{"embeddable":true,"href":"https:\/\/www.bandi.pl\/blog\/wp-json\/wp\/v2\/media\/22359"}],"wp:attachment":[{"href":"https:\/\/www.bandi.pl\/blog\/wp-json\/wp\/v2\/media?parent=22348"}],"wp:term":[{"taxonomy":"category","embeddable":true,"href":"https:\/\/www.bandi.pl\/blog\/wp-json\/wp\/v2\/categories?post=22348"},{"taxonomy":"post_tag","embeddable":true,"href":"https:\/\/www.bandi.pl\/blog\/wp-json\/wp\/v2\/tags?post=22348"}],"curies":[{"name":"wp","href":"https:\/\/api.w.org\/{rel}","templated":true}]}}