{"id":22161,"date":"2025-12-16T12:43:21","date_gmt":"2025-12-16T11:43:21","guid":{"rendered":"https:\/\/www.bandi.pl\/blog\/?p=22161"},"modified":"2025-12-16T12:43:22","modified_gmt":"2025-12-16T11:43:22","slug":"postbiotyki-czym-sa-i-dlaczego-warto-po-nie-siegac-w-pielegnacji","status":"publish","type":"post","link":"https:\/\/www.bandi.pl\/blog\/postbiotyki-czym-sa-i-dlaczego-warto-po-nie-siegac-w-pielegnacji\/","title":{"rendered":"Postbiotyki &#8211; czym s\u0105 i dlaczego warto po nie si\u0119ga\u0107 w piel\u0119gnacji?"},"content":{"rendered":"\n<p>Na ludzkiej sk\u00f3rze bytuj\u0105 miliony mikroorganizm\u00f3w okre\u015blanych wsp\u00f3lnym mianem mikrobiomu. Stanowi on pierwsz\u0105 lini\u0119 obrony przed patogenami i niekorzystnymi czynnikami zewn\u0119trznymi, a tak\u017ce pomaga zachowa\u0107 odpowiednie pH sk\u00f3ry. <\/p>\n\n\n\n<p><\/p>\n\n\n\n<div class=\"wp-block-media-text is-stacked-on-mobile\"><figure class=\"wp-block-media-text__media\"><img loading=\"lazy\" decoding=\"async\" width=\"592\" height=\"420\" src=\"https:\/\/www.bandi.pl\/blog\/wp-content\/uploads\/2025\/12\/Projekt-bez-nazwy-7-4-592x420.png\" alt=\"mikrobiom\" class=\"wp-image-22181 size-full\"\/><\/figure><div class=\"wp-block-media-text__content\">\n<p>Prawid\u0142owe funkcjonowanie <a href=\"https:\/\/www.bandi.pl\/blog\/mikrobiom-i-funkcje-barierowe-skory\/\">mikrobiomu<\/a> jest niezb\u0119dne dla utrzymania zdrowej sk\u00f3ry, a wszelkie zaburzenia jego r\u00f3wnowagi mog\u0105 prowadzi\u0107 do pogorszenia si\u0119 jej stanu i skutkowa\u0107 wyst\u0105pieniem podra\u017cnie\u0144, sucho\u015bci, zmian tr\u0105dzikowych, a nawet oznak przyspieszonego starzenia.<\/p>\n<\/div><\/div>\n\n\n\n<p><\/p>\n\n\n\n<p><\/p>\n\n\n\n<h2 class=\"wp-block-heading\">Co to s\u0105 postbiotyki?<\/h2>\n\n\n\n<p>Postbiotyki to otrzymywane mikrobiologicznie sk\u0142adniki pozyskiwane z nie\u017cywych mikroorganizm\u00f3w b\u0105d\u017a ich metabolit\u00f3w, kt\u00f3re wykazuj\u0105 korzystny wp\u0142yw na organizm, w tym tak\u017ce sk\u00f3r\u0119. Efekt ich dzia\u0142ania jest podobny do probiotyk\u00f3w.<\/p>\n\n\n\n<p>W przeciwie\u0144stwie do probiotyk\u00f3w, kt\u00f3re s\u0105 \u017cywymi mikroorganizmami, postbiotyki s\u0105 nieo\u017cywione, ale zachowuj\u0105 swoj\u0105 aktywno\u015b\u0107 biologiczn\u0105. W praktyce oznacza to, \u017ce postbiotyki s\u0105 bardziej stabilne, nie wymagaj\u0105 specjalnych warunk\u00f3w i s\u0105 \u0142atwiejsze w recepturowaniu a jedocze\u015bnie posiadaj\u0105 korzystne oddzia\u0142ywanie na sk\u00f3r\u0119.<\/p>\n\n\n\n<h2 class=\"wp-block-heading\">Podzia\u0142 postbiotyk\u00f3w<\/h2>\n\n\n\n<p>W\u015br\u00f3d postbiotyk\u00f3w mo\u017cemy wyr\u00f3\u017cni\u0107 (przyk\u0142ady postbiotyk\u00f3w):<\/p>\n\n\n\n<ul class=\"wp-block-list\">\n<li>produkty powsta\u0142e w wyniku fermentacji przeprowadzanej przez bakterie (zwykle z rodzaju <em>Lactobacillus<\/em> lub <em>Bifidobacterium<\/em>) czy dro\u017cd\u017ce. Otrzymane w rezultacie tego procesu metabolity, takie jak kwas mlekowy czy peptydy  zapewniaj\u0105 sk\u00f3rze odpowiedni poziom nawil\u017cenia, uelastyczniaj\u0105 j\u0105 i poprawiaj\u0105 jej og\u00f3ln\u0105 kondycj\u0119. Przyk\u0142adami ferment\u00f3w o dzia\u0142aniu postbiotycznym s\u0105 <em>Bacillus Ferment Filtrate Extract<\/em> oraz <em>Saccharomyces Ferment Filtrate<\/em>,<\/li>\n\n\n\n<li>lizaty bakteryjne &#8211; produkty uwalniane w wyniku rozpadu kom\u00f3rek bakteryjnych, w sk\u0142ad kt\u00f3rych wchodz\u0105 fragmenty \u015bcian kom\u00f3rkowych, peptydy np. bakteriocyny czy polisacharydy. Sk\u0142adniki te \u0142agodz\u0105 podra\u017cnienia i dzia\u0142aj\u0105 regeneruj\u0105co. Przyk\u0142adami lizat\u00f3w bakteryjnych s\u0105 <em>Bifida Ferment Lysate<\/em> i <em>Lactobacillus Ferment Lysate<\/em>,<\/li>\n\n\n\n<li>oczyszczone metabolity bakteryjne \u2013 produkty wydzielane przez bakterie, w tym: kwasy organiczne (np. kwas mlekowy), peptydy (np. <em>Sh-Oligopeptide-1, Acetyl Hexapeptide-8, Palmitoyl-Pantapeptide-4<\/em>, kwas poliglutaminowy), enzymy (peroksydaza, dysmutaza ponadtlenkowa, proteazy), polisacharydy (cyklodekstryny, egzopolisacharydy),<\/li>\n\n\n\n<li>rozfragmentowane kom\u00f3rki bakteryjne &#8211; fragmenty \u015bcian kom\u00f3rkowych (liposacharydy, peptydoglikany) i cytoplazmy.<\/li>\n<\/ul>\n\n\n\n<h2 class=\"wp-block-heading\">Dzia\u0142anie postbiotyk\u00f3w<\/h2>\n\n\n\n<p>W ostatnich latach zaobserwowano znaczny wzrost zainteresowania postbiotykami w bran\u017cy kosmetycznej. S\u0105 one coraz cz\u0119\u015bciej wykorzystywanymi surowcami w kosmetykach ze wzgl\u0119du na szereg korzystnych w\u0142a\u015bciwo\u015bci:<\/p>\n\n\n\n<ul class=\"wp-block-list\">\n<li>wzmacniaj\u0105 barier\u0119 hydrolipidow\u0105 sk\u00f3ry &#8211; wspieraj\u0105 produkcj\u0119 ceramid\u00f3w, lipid\u00f3w i naturalnego czynnika nawil\u017caj\u0105cego (NMF), co ma wp\u0142yw na lepsze nawil\u017cenie i mniejsz\u0105 sk\u0142onno\u015b\u0107 do podra\u017cnie\u0144,<\/li>\n\n\n\n<li>wspieraj\u0105 naturalny mikrobiom sk\u00f3ry \u2013 ograniczaj\u0105 nadmierny wzrost mikroorganizm\u00f3w patogennych i pomagaj\u0105 zachowa\u0107 r\u00f3wnowag\u0119 mikrobiologiczn\u0105,<\/li>\n\n\n\n<li>\u0142agodz\u0105 podra\u017cnienia \u2013 wykazuj\u0105 w\u0142a\u015bciwo\u015bci przeciwzapalne, koj\u0105ce i ochronne, co szczeg\u00f3lnie po\u017c\u0105dane jest w przypadku sk\u00f3ry tr\u0105dzikowej, wra\u017cliwej, podra\u017cnionej czy w przebiegu takich schorze\u0144 jak AZS,<\/li>\n\n\n\n<li>regeneruj\u0105 sk\u00f3r\u0119 \u2013 stymuluj\u0105 procesy naprawcze i odnowy kom\u00f3rkowej, przez co sk\u00f3ra szybciej si\u0119 regeneruje.<\/li>\n<\/ul>\n\n\n\n<h2 class=\"wp-block-heading\">Dla kogo przeznaczone s\u0105 kosmetyki z postbiotykami?<\/h2>\n\n\n\n<p>Kosmetyki z postbiotykami dobrze sprawdz\u0105 si\u0119 dla ka\u017cdego rodzaju cery, ale szczeg\u00f3lnie polecane s\u0105 w przypadku:<\/p>\n\n\n\n<ul class=\"wp-block-list\">\n<li>sk\u00f3ry suchej i odwodnionej,<\/li>\n\n\n\n<li>cery wra\u017cliwej i nadreaktywnej,<\/li>\n\n\n\n<li>zaburzonej bariery hydrolipidowej,<\/li>\n\n\n\n<li>tr\u0105dziku (m\u0142odzie\u0144czego i doros\u0142ego),<\/li>\n\n\n\n<li>sk\u00f3ry po intensywnych kuracjach z wykorzystaniem retinoid\u00f3w, kwas\u00f3w czy innych zabieg\u00f3w estetycznych.<\/li>\n<\/ul>\n\n\n\n<h2 class=\"wp-block-heading\">Postbiotyki w piel\u0119gnacji<\/h2>\n\n\n\n<p>W okresie oko\u0142omenopauzalnym postbiotyki mog\u0105 by\u0107 szczeg\u00f3lnie warto\u015bciowym wsparciem dla sk\u00f3ry, poniewa\u017c w tym czasie cz\u0119sto staje si\u0119 ona cie\u0144sza, bardziej sucha, reaktywna i podatna na podra\u017cnienia. Zmiany hormonalne wp\u0142ywaj\u0105 r\u00f3wnie\u017c na mikrobiom sk\u00f3ry \u2014 jego r\u00f3\u017cnorodno\u015b\u0107 i stabilno\u015b\u0107 mog\u0105 si\u0119 obni\u017ca\u0107.<\/p>\n\n\n\n<div class=\"wp-block-media-text is-stacked-on-mobile\"><figure class=\"wp-block-media-text__media\"><a href=\"https:\/\/www.bandi.pl\/sklep\/serum\/lagodzace-serum-przeciw-zaczerwienieniom-1213\/\"><img loading=\"lazy\" decoding=\"async\" width=\"420\" height=\"420\" src=\"https:\/\/www.bandi.pl\/blog\/wp-content\/uploads\/2025\/12\/MPX05_MTP_-Lagodzace-serum-przeciw-zaczerwienieniom_1020257-420x420.jpg\" alt=\"postbiotyki w serum\" class=\"wp-image-22170 size-full\"\/><\/a><\/figure><div class=\"wp-block-media-text__content\">\n<p><strong>\u0141agodz\u0105ce serum przeciw zaczerwienieniom<\/strong> z linii <a href=\"https:\/\/www.bandi.pl\/sklep\/katalog\/seria\/111_more-than-pause\/\">More Than Pause<\/a> stworzyli\u015bmy z my\u015bl\u0105 o wymagaj\u0105cej cerze kobiet w okresie oko\u0142omenopauzalnym. Preparat zawiera unikalny postbiotyk pozyskiwany przy udziale bakterii z rodzaju\u00a0<em>Baciullus velezensis<\/em>\u00a0wyizolowanych z li\u015bci hyzopu lekarskiego (<em>Hissopus officinalis)<\/em>. Sk\u0142adnik ten silnie regeneruje sk\u00f3r\u0119, zmniejsza produkcj\u0119 sebum, ogranicza sk\u0142onno\u015b\u0107 do powstawania tr\u0105dziku, \u0142agodzi podra\u017cnienia, wyr\u00f3wnuje koloryt cery, a tak\u017ce chroni przed powstawaniem przyspieszonych oznak starzenia.<\/p>\n<\/div><\/div>\n\n\n\n<p><\/p>\n\n\n\n<p>Dzi\u0119ki swojej stabilno\u015bci i delikatno\u015bci postbiotyki dobrze sprawdzaj\u0105 si\u0119 w codziennej piel\u0119gnacji ka\u017cdego rodzaju sk\u00f3ry, tak\u017ce tej w okresie oko\u0142omenopauzalnym. Stanowi\u0105 cenny sk\u0142adnik kosmetyk\u00f3w \u0142agodz\u0105cych, nawil\u017caj\u0105cych i wzmacniaj\u0105cych.<\/p>\n\n\n\n<div class=\"wp-block-divi-layout\">[et_pb_section fb_built=&#8221;1&#8243; _builder_version=&#8221;4.27.4&#8243; _module_preset=&#8221;default&#8221; global_colors_info=&#8221;{}&#8221;][\/et_pb_section][et_pb_section fb_built=&#8221;1&#8243; _builder_version=&#8221;4.16&#8243; top_divider_style=&#8221;arrow&#8221; top_divider_color=&#8221;rgba(255,166,168,0.75)&#8221; top_divider_height=&#8221;1px&#8221; bottom_divider_style=&#8221;arrow&#8221; bottom_divider_color=&#8221;rgba(255,166,168,0.75)&#8221; bottom_divider_height=&#8221;1px&#8221; global_colors_info=&#8221;{}&#8221;][et_pb_row column_structure=&#8221;1_2,1_2&#8243; _builder_version=&#8221;4.16&#8243; width=&#8221;100%&#8221; module_alignment=&#8221;left&#8221; custom_margin=&#8221;||||false|false&#8221; global_colors_info=&#8221;{}&#8221;][et_pb_column type=&#8221;1_2&#8243; _builder_version=&#8221;4.16&#8243; global_colors_info=&#8221;{}&#8221;][et_pb_text _builder_version=&#8221;4.27.4&#8243; text_font=&#8221;Raleway Bold||||||||&#8221; text_text_color=&#8221;rgba(255,166,168,0.75)&#8221; text_font_size=&#8221;55px&#8221; text_letter_spacing=&#8221;9px&#8221; text_line_height=&#8221;1em&#8221; header_font_size=&#8221;39px&#8221; min_height=&#8221;23px&#8221; custom_margin=&#8221;40px||||false|false&#8221; link_option_url=&#8221;https:\/\/www.bandi.pl\/sklep\/katalog\/seria\/111_more-than-pause\/&#8221; inline_fonts=&#8221;Raleway Bold&#8221; global_colors_info=&#8221;{}&#8221;]<p style=\"text-align: center\"><span style=\"font-size: xx-large;font-family: inherit;font-weight: normal\"><strong>MORE THAN PAUSE<\/strong><\/span><\/p>\n<p style=\"text-align: center\"><span style=\"font-size: xx-large;font-family: inherit;font-weight: normal\"><strong><\/strong><\/span><\/p>[\/et_pb_text][et_pb_text _builder_version=&#8221;4.27.4&#8243; text_font=&#8221;Raleway Regular||||||||&#8221; text_text_color=&#8221;#b8b8b8&#8243; text_font_size=&#8221;22px&#8221; text_line_height=&#8221;1.5em&#8221; link_option_url=&#8221;https:\/\/www.bandi.pl\/sklep\/katalog\/seria\/111_more-than-pause\/&#8221; global_colors_info=&#8221;{}&#8221;]<p style=\"text-align: center\">Wsparcie dla sk\u00f3ry w okresie zmian hormonalnych<\/p>[\/et_pb_text][et_pb_button button_url=&#8221;https:\/\/www.bandi.pl\/sklep\/lp\/wakacyjny-must-have\/&#8221; button_text=&#8221;ZOBACZ&#8221; button_alignment=&#8221;center&#8221; disabled_on=&#8221;off|off|off&#8221; _builder_version=&#8221;4.21.0&#8243; custom_button=&#8221;on&#8221; button_text_size=&#8221;20px&#8221; button_text_color=&#8221;#ffffff&#8221; button_border_radius=&#8221;25px&#8221; button_font=&#8221;Bree Serif||||||||&#8221; background_layout=&#8221;dark&#8221; custom_padding=&#8221;12px|30px|12px|30px|true|true&#8221; hover_transition_duration=&#8221;0ms&#8221; box_shadow_style=&#8221;preset3&#8243; global_colors_info=&#8221;{}&#8221;][\/et_pb_button][\/et_pb_column][et_pb_column type=&#8221;1_2&#8243; _builder_version=&#8221;4.16&#8243; global_colors_info=&#8221;{}&#8221;][et_pb_image src=&#8221;https:\/\/www.bandi.pl\/blog\/wp-content\/uploads\/2025\/12\/MPX01_MTP_Rewitalizujacy-krem-przeciwstarzeniowy_1020255-scaled.jpg&#8221; title_text=&#8221;MPX01_MTP_Rewitalizuj\u0105cy krem przeciwstarzeniowy_1020255&#8243; url=&#8221;https:\/\/www.bandi.pl\/sklep\/katalog\/seria\/111_more-than-pause\/&#8221; align=&#8221;center&#8221; _builder_version=&#8221;4.27.4&#8243; width=&#8221;100%&#8221; global_colors_info=&#8221;{}&#8221;][\/et_pb_image][\/et_pb_column][\/et_pb_row][\/et_pb_section]<\/div>\n\n\n\n<div class=\"wp-block-divi-layout\">[et_pb_section admin_label=&#8221;section&#8221;][et_pb_row admin_label=&#8221;row&#8221;][\/et_pb_row][\/et_pb_section]<\/div>\n","protected":false},"excerpt":{"rendered":"<p>Na ludzkiej sk\u00f3rze bytuj\u0105 miliony mikroorganizm\u00f3w okre\u015blanych wsp\u00f3lnym mianem mikrobiomu. Stanowi on pierwsz\u0105 lini\u0119 obrony przed patogenami i niekorzystnymi czynnikami zewn\u0119trznymi, a tak\u017ce pomaga zachowa\u0107 odpowiednie pH sk\u00f3ry. Prawid\u0142owe funkcjonowanie mikrobiomu jest niezb\u0119dne dla utrzymania zdrowej sk\u00f3ry, a wszelkie zaburzenia jego r\u00f3wnowagi mog\u0105 prowadzi\u0107 do pogorszenia si\u0119 jej stanu i skutkowa\u0107 wyst\u0105pieniem podra\u017cnie\u0144, sucho\u015bci, zmian [&hellip;]<\/p>\n","protected":false},"author":13,"featured_media":22175,"comment_status":"open","ping_status":"closed","sticky":false,"template":"","format":"standard","meta":{"_et_pb_use_builder":"off","_et_pb_old_content":"","_et_gb_content_width":"","footnotes":""},"categories":[8684,1771],"tags":[8893,3445,8894,4232,4031,8146,3736,4230,5868,4648],"class_list":["post-22161","post","type-post","status-publish","format-standard","has-post-thumbnail","hentry","category-ewa-kazmierczak","category-kategoria-surowce-i-szczypta-chemii","tag-bakterie","tag-bandi","tag-dobre-mikroorganizmy","tag-kosmetyki-profesjonalne","tag-krem-nawilzajacy","tag-menopauza","tag-mikrobiom","tag-pielegnacja-profesjonalna","tag-pielegnacja-twarzy","tag-probiotyki"],"yoast_head":"<!-- This site is optimized with the Yoast SEO plugin v27.1.1 - https:\/\/yoast.com\/product\/yoast-seo-wordpress\/ -->\n<title>Postbiotyki - czym s\u0105 i dlaczego warto po nie si\u0119ga\u0107 w piel\u0119gnacji? &#187; Blog BANDI<\/title>\n<meta name=\"description\" content=\"Postbiotyki to otrzymywane mikrobiologicznie sk\u0142adniki pozyskiwane z nie\u017cywych mikroorganizm\u00f3w b\u0105d\u017a ich metabolit\u00f3w, kt\u00f3re wykazuj\u0105 korzystny wp\u0142yw na organizm.\" \/>\n<meta name=\"robots\" content=\"index, follow, max-snippet:-1, max-image-preview:large, max-video-preview:-1\" \/>\n<link rel=\"canonical\" href=\"https:\/\/www.bandi.pl\/blog\/postbiotyki-czym-sa-i-dlaczego-warto-po-nie-siegac-w-pielegnacji\/\" \/>\n<meta property=\"og:locale\" content=\"pl_PL\" \/>\n<meta property=\"og:type\" content=\"article\" \/>\n<meta property=\"og:title\" content=\"Postbiotyki - czym s\u0105 i dlaczego warto po nie si\u0119ga\u0107 w piel\u0119gnacji? &#187; Blog BANDI\" \/>\n<meta property=\"og:description\" content=\"Postbiotyki to otrzymywane mikrobiologicznie sk\u0142adniki pozyskiwane z nie\u017cywych mikroorganizm\u00f3w b\u0105d\u017a ich metabolit\u00f3w, kt\u00f3re wykazuj\u0105 korzystny wp\u0142yw na organizm.\" \/>\n<meta property=\"og:url\" content=\"https:\/\/www.bandi.pl\/blog\/postbiotyki-czym-sa-i-dlaczego-warto-po-nie-siegac-w-pielegnacji\/\" \/>\n<meta property=\"og:site_name\" content=\"Blog BANDI\" \/>\n<meta property=\"article:publisher\" content=\"https:\/\/web.facebook.com\/BANDIcosmetics\" \/>\n<meta property=\"article:published_time\" content=\"2025-12-16T11:43:21+00:00\" \/>\n<meta property=\"article:modified_time\" content=\"2025-12-16T11:43:22+00:00\" \/>\n<meta property=\"og:image\" content=\"https:\/\/www.bandi.pl\/blog\/wp-content\/uploads\/2025\/12\/Projekt-bez-nazwy-7-3.png\" \/>\n\t<meta property=\"og:image:width\" content=\"1748\" \/>\n\t<meta property=\"og:image:height\" content=\"1240\" \/>\n\t<meta property=\"og:image:type\" content=\"image\/png\" \/>\n<meta name=\"author\" content=\"Ilona Kiraga\" \/>\n<meta name=\"twitter:card\" content=\"summary_large_image\" \/>\n<meta name=\"twitter:creator\" content=\"@bandi_cosmetics\" \/>\n<meta name=\"twitter:site\" content=\"@bandi_cosmetics\" \/>\n<meta name=\"twitter:label1\" content=\"Napisane przez\" \/>\n\t<meta name=\"twitter:data1\" content=\"Ilona Kiraga\" \/>\n\t<meta name=\"twitter:label2\" content=\"Szacowany czas czytania\" \/>\n\t<meta name=\"twitter:data2\" content=\"5 minut\" \/>\n<script type=\"application\/ld+json\" class=\"yoast-schema-graph\">{\"@context\":\"https:\/\/schema.org\",\"@graph\":[{\"@type\":\"Article\",\"@id\":\"https:\/\/www.bandi.pl\/blog\/postbiotyki-czym-sa-i-dlaczego-warto-po-nie-siegac-w-pielegnacji\/#article\",\"isPartOf\":{\"@id\":\"https:\/\/www.bandi.pl\/blog\/postbiotyki-czym-sa-i-dlaczego-warto-po-nie-siegac-w-pielegnacji\/\"},\"author\":{\"name\":\"Ilona Kiraga\",\"@id\":\"https:\/\/www.bandi.pl\/blog\/#\/schema\/person\/5ba05af1a18c58f1c31d4ae051ec9499\"},\"headline\":\"Postbiotyki &#8211; czym s\u0105 i dlaczego warto po nie si\u0119ga\u0107 w piel\u0119gnacji?\",\"datePublished\":\"2025-12-16T11:43:21+00:00\",\"dateModified\":\"2025-12-16T11:43:22+00:00\",\"mainEntityOfPage\":{\"@id\":\"https:\/\/www.bandi.pl\/blog\/postbiotyki-czym-sa-i-dlaczego-warto-po-nie-siegac-w-pielegnacji\/\"},\"wordCount\":1070,\"commentCount\":0,\"publisher\":{\"@id\":\"https:\/\/www.bandi.pl\/blog\/#organization\"},\"image\":{\"@id\":\"https:\/\/www.bandi.pl\/blog\/postbiotyki-czym-sa-i-dlaczego-warto-po-nie-siegac-w-pielegnacji\/#primaryimage\"},\"thumbnailUrl\":\"https:\/\/www.bandi.pl\/blog\/wp-content\/uploads\/2025\/12\/Projekt-bez-nazwy-7-3.png\",\"keywords\":[\"bakterie\",\"Bandi\",\"dobre mikroorganizmy\",\"kosmetyki profesjonalne\",\"krem nawil\u017cajacy\",\"menopauza\",\"mikrobiom\",\"piel\u0119gnacja profesjonalna\",\"piel\u0119gnacja twarzy\",\"probiotyki\"],\"articleSection\":[\"Ewa Ka\u017amierczak\",\"Surowce i szczypta chemii\"],\"inLanguage\":\"pl-PL\",\"potentialAction\":[{\"@type\":\"CommentAction\",\"name\":\"Comment\",\"target\":[\"https:\/\/www.bandi.pl\/blog\/postbiotyki-czym-sa-i-dlaczego-warto-po-nie-siegac-w-pielegnacji\/#respond\"]}]},{\"@type\":\"WebPage\",\"@id\":\"https:\/\/www.bandi.pl\/blog\/postbiotyki-czym-sa-i-dlaczego-warto-po-nie-siegac-w-pielegnacji\/\",\"url\":\"https:\/\/www.bandi.pl\/blog\/postbiotyki-czym-sa-i-dlaczego-warto-po-nie-siegac-w-pielegnacji\/\",\"name\":\"Postbiotyki - czym s\u0105 i dlaczego warto po nie si\u0119ga\u0107 w piel\u0119gnacji? &#187; Blog BANDI\",\"isPartOf\":{\"@id\":\"https:\/\/www.bandi.pl\/blog\/#website\"},\"primaryImageOfPage\":{\"@id\":\"https:\/\/www.bandi.pl\/blog\/postbiotyki-czym-sa-i-dlaczego-warto-po-nie-siegac-w-pielegnacji\/#primaryimage\"},\"image\":{\"@id\":\"https:\/\/www.bandi.pl\/blog\/postbiotyki-czym-sa-i-dlaczego-warto-po-nie-siegac-w-pielegnacji\/#primaryimage\"},\"thumbnailUrl\":\"https:\/\/www.bandi.pl\/blog\/wp-content\/uploads\/2025\/12\/Projekt-bez-nazwy-7-3.png\",\"datePublished\":\"2025-12-16T11:43:21+00:00\",\"dateModified\":\"2025-12-16T11:43:22+00:00\",\"description\":\"Postbiotyki to otrzymywane mikrobiologicznie sk\u0142adniki pozyskiwane z nie\u017cywych mikroorganizm\u00f3w b\u0105d\u017a ich metabolit\u00f3w, kt\u00f3re wykazuj\u0105 korzystny wp\u0142yw na organizm.\",\"breadcrumb\":{\"@id\":\"https:\/\/www.bandi.pl\/blog\/postbiotyki-czym-sa-i-dlaczego-warto-po-nie-siegac-w-pielegnacji\/#breadcrumb\"},\"inLanguage\":\"pl-PL\",\"potentialAction\":[{\"@type\":\"ReadAction\",\"target\":[\"https:\/\/www.bandi.pl\/blog\/postbiotyki-czym-sa-i-dlaczego-warto-po-nie-siegac-w-pielegnacji\/\"]}]},{\"@type\":\"ImageObject\",\"inLanguage\":\"pl-PL\",\"@id\":\"https:\/\/www.bandi.pl\/blog\/postbiotyki-czym-sa-i-dlaczego-warto-po-nie-siegac-w-pielegnacji\/#primaryimage\",\"url\":\"https:\/\/www.bandi.pl\/blog\/wp-content\/uploads\/2025\/12\/Projekt-bez-nazwy-7-3.png\",\"contentUrl\":\"https:\/\/www.bandi.pl\/blog\/wp-content\/uploads\/2025\/12\/Projekt-bez-nazwy-7-3.png\",\"width\":1748,\"height\":1240,\"caption\":\"postbiotyki\"},{\"@type\":\"BreadcrumbList\",\"@id\":\"https:\/\/www.bandi.pl\/blog\/postbiotyki-czym-sa-i-dlaczego-warto-po-nie-siegac-w-pielegnacji\/#breadcrumb\",\"itemListElement\":[{\"@type\":\"ListItem\",\"position\":1,\"name\":\"BANDI\",\"item\":\"https:\/\/www.bandi.pl\/blog\/\"},{\"@type\":\"ListItem\",\"position\":2,\"name\":\"Postbiotyki &#8211; czym s\u0105 i dlaczego warto po nie si\u0119ga\u0107 w piel\u0119gnacji?\"}]},{\"@type\":\"WebSite\",\"@id\":\"https:\/\/www.bandi.pl\/blog\/#website\",\"url\":\"https:\/\/www.bandi.pl\/blog\/\",\"name\":\"Blog BANDI\",\"description\":\"Czarno na bia\u0142ym o kosmetykach\",\"publisher\":{\"@id\":\"https:\/\/www.bandi.pl\/blog\/#organization\"},\"potentialAction\":[{\"@type\":\"SearchAction\",\"target\":{\"@type\":\"EntryPoint\",\"urlTemplate\":\"https:\/\/www.bandi.pl\/blog\/?s={search_term_string}\"},\"query-input\":{\"@type\":\"PropertyValueSpecification\",\"valueRequired\":true,\"valueName\":\"search_term_string\"}}],\"inLanguage\":\"pl-PL\"},{\"@type\":\"Organization\",\"@id\":\"https:\/\/www.bandi.pl\/blog\/#organization\",\"name\":\"BANDI\",\"url\":\"https:\/\/www.bandi.pl\/blog\/\",\"logo\":{\"@type\":\"ImageObject\",\"inLanguage\":\"pl-PL\",\"@id\":\"https:\/\/www.bandi.pl\/blog\/#\/schema\/logo\/image\/\",\"url\":\"https:\/\/www.bandi.pl\/blog\/wp-content\/uploads\/2019\/06\/bandi-logo.png\",\"contentUrl\":\"https:\/\/www.bandi.pl\/blog\/wp-content\/uploads\/2019\/06\/bandi-logo.png\",\"width\":264,\"height\":111,\"caption\":\"BANDI\"},\"image\":{\"@id\":\"https:\/\/www.bandi.pl\/blog\/#\/schema\/logo\/image\/\"},\"sameAs\":[\"https:\/\/web.facebook.com\/BANDIcosmetics\",\"https:\/\/x.com\/bandi_cosmetics\",\"https:\/\/www.instagram.com\/bandi_cosmetics\/\",\"https:\/\/www.pinterest.com\/bandicosmetics\/\",\"https:\/\/www.youtube.com\/user\/BandiCosmeticsPolska\"]},{\"@type\":\"Person\",\"@id\":\"https:\/\/www.bandi.pl\/blog\/#\/schema\/person\/5ba05af1a18c58f1c31d4ae051ec9499\",\"name\":\"Ilona Kiraga\"}]}<\/script>\n<!-- \/ Yoast SEO plugin. -->","yoast_head_json":{"title":"Postbiotyki - czym s\u0105 i dlaczego warto po nie si\u0119ga\u0107 w piel\u0119gnacji? &#187; Blog BANDI","description":"Postbiotyki to otrzymywane mikrobiologicznie sk\u0142adniki pozyskiwane z nie\u017cywych mikroorganizm\u00f3w b\u0105d\u017a ich metabolit\u00f3w, kt\u00f3re wykazuj\u0105 korzystny wp\u0142yw na organizm.","robots":{"index":"index","follow":"follow","max-snippet":"max-snippet:-1","max-image-preview":"max-image-preview:large","max-video-preview":"max-video-preview:-1"},"canonical":"https:\/\/www.bandi.pl\/blog\/postbiotyki-czym-sa-i-dlaczego-warto-po-nie-siegac-w-pielegnacji\/","og_locale":"pl_PL","og_type":"article","og_title":"Postbiotyki - czym s\u0105 i dlaczego warto po nie si\u0119ga\u0107 w piel\u0119gnacji? &#187; Blog BANDI","og_description":"Postbiotyki to otrzymywane mikrobiologicznie sk\u0142adniki pozyskiwane z nie\u017cywych mikroorganizm\u00f3w b\u0105d\u017a ich metabolit\u00f3w, kt\u00f3re wykazuj\u0105 korzystny wp\u0142yw na organizm.","og_url":"https:\/\/www.bandi.pl\/blog\/postbiotyki-czym-sa-i-dlaczego-warto-po-nie-siegac-w-pielegnacji\/","og_site_name":"Blog BANDI","article_publisher":"https:\/\/web.facebook.com\/BANDIcosmetics","article_published_time":"2025-12-16T11:43:21+00:00","article_modified_time":"2025-12-16T11:43:22+00:00","og_image":[{"width":1748,"height":1240,"url":"https:\/\/www.bandi.pl\/blog\/wp-content\/uploads\/2025\/12\/Projekt-bez-nazwy-7-3.png","type":"image\/png"}],"author":"Ilona Kiraga","twitter_card":"summary_large_image","twitter_creator":"@bandi_cosmetics","twitter_site":"@bandi_cosmetics","twitter_misc":{"Napisane przez":"Ilona Kiraga","Szacowany czas czytania":"5 minut"},"schema":{"@context":"https:\/\/schema.org","@graph":[{"@type":"Article","@id":"https:\/\/www.bandi.pl\/blog\/postbiotyki-czym-sa-i-dlaczego-warto-po-nie-siegac-w-pielegnacji\/#article","isPartOf":{"@id":"https:\/\/www.bandi.pl\/blog\/postbiotyki-czym-sa-i-dlaczego-warto-po-nie-siegac-w-pielegnacji\/"},"author":{"name":"Ilona Kiraga","@id":"https:\/\/www.bandi.pl\/blog\/#\/schema\/person\/5ba05af1a18c58f1c31d4ae051ec9499"},"headline":"Postbiotyki &#8211; czym s\u0105 i dlaczego warto po nie si\u0119ga\u0107 w piel\u0119gnacji?","datePublished":"2025-12-16T11:43:21+00:00","dateModified":"2025-12-16T11:43:22+00:00","mainEntityOfPage":{"@id":"https:\/\/www.bandi.pl\/blog\/postbiotyki-czym-sa-i-dlaczego-warto-po-nie-siegac-w-pielegnacji\/"},"wordCount":1070,"commentCount":0,"publisher":{"@id":"https:\/\/www.bandi.pl\/blog\/#organization"},"image":{"@id":"https:\/\/www.bandi.pl\/blog\/postbiotyki-czym-sa-i-dlaczego-warto-po-nie-siegac-w-pielegnacji\/#primaryimage"},"thumbnailUrl":"https:\/\/www.bandi.pl\/blog\/wp-content\/uploads\/2025\/12\/Projekt-bez-nazwy-7-3.png","keywords":["bakterie","Bandi","dobre mikroorganizmy","kosmetyki profesjonalne","krem nawil\u017cajacy","menopauza","mikrobiom","piel\u0119gnacja profesjonalna","piel\u0119gnacja twarzy","probiotyki"],"articleSection":["Ewa Ka\u017amierczak","Surowce i szczypta chemii"],"inLanguage":"pl-PL","potentialAction":[{"@type":"CommentAction","name":"Comment","target":["https:\/\/www.bandi.pl\/blog\/postbiotyki-czym-sa-i-dlaczego-warto-po-nie-siegac-w-pielegnacji\/#respond"]}]},{"@type":"WebPage","@id":"https:\/\/www.bandi.pl\/blog\/postbiotyki-czym-sa-i-dlaczego-warto-po-nie-siegac-w-pielegnacji\/","url":"https:\/\/www.bandi.pl\/blog\/postbiotyki-czym-sa-i-dlaczego-warto-po-nie-siegac-w-pielegnacji\/","name":"Postbiotyki - czym s\u0105 i dlaczego warto po nie si\u0119ga\u0107 w piel\u0119gnacji? &#187; Blog BANDI","isPartOf":{"@id":"https:\/\/www.bandi.pl\/blog\/#website"},"primaryImageOfPage":{"@id":"https:\/\/www.bandi.pl\/blog\/postbiotyki-czym-sa-i-dlaczego-warto-po-nie-siegac-w-pielegnacji\/#primaryimage"},"image":{"@id":"https:\/\/www.bandi.pl\/blog\/postbiotyki-czym-sa-i-dlaczego-warto-po-nie-siegac-w-pielegnacji\/#primaryimage"},"thumbnailUrl":"https:\/\/www.bandi.pl\/blog\/wp-content\/uploads\/2025\/12\/Projekt-bez-nazwy-7-3.png","datePublished":"2025-12-16T11:43:21+00:00","dateModified":"2025-12-16T11:43:22+00:00","description":"Postbiotyki to otrzymywane mikrobiologicznie sk\u0142adniki pozyskiwane z nie\u017cywych mikroorganizm\u00f3w b\u0105d\u017a ich metabolit\u00f3w, kt\u00f3re wykazuj\u0105 korzystny wp\u0142yw na organizm.","breadcrumb":{"@id":"https:\/\/www.bandi.pl\/blog\/postbiotyki-czym-sa-i-dlaczego-warto-po-nie-siegac-w-pielegnacji\/#breadcrumb"},"inLanguage":"pl-PL","potentialAction":[{"@type":"ReadAction","target":["https:\/\/www.bandi.pl\/blog\/postbiotyki-czym-sa-i-dlaczego-warto-po-nie-siegac-w-pielegnacji\/"]}]},{"@type":"ImageObject","inLanguage":"pl-PL","@id":"https:\/\/www.bandi.pl\/blog\/postbiotyki-czym-sa-i-dlaczego-warto-po-nie-siegac-w-pielegnacji\/#primaryimage","url":"https:\/\/www.bandi.pl\/blog\/wp-content\/uploads\/2025\/12\/Projekt-bez-nazwy-7-3.png","contentUrl":"https:\/\/www.bandi.pl\/blog\/wp-content\/uploads\/2025\/12\/Projekt-bez-nazwy-7-3.png","width":1748,"height":1240,"caption":"postbiotyki"},{"@type":"BreadcrumbList","@id":"https:\/\/www.bandi.pl\/blog\/postbiotyki-czym-sa-i-dlaczego-warto-po-nie-siegac-w-pielegnacji\/#breadcrumb","itemListElement":[{"@type":"ListItem","position":1,"name":"BANDI","item":"https:\/\/www.bandi.pl\/blog\/"},{"@type":"ListItem","position":2,"name":"Postbiotyki &#8211; czym s\u0105 i dlaczego warto po nie si\u0119ga\u0107 w piel\u0119gnacji?"}]},{"@type":"WebSite","@id":"https:\/\/www.bandi.pl\/blog\/#website","url":"https:\/\/www.bandi.pl\/blog\/","name":"Blog BANDI","description":"Czarno na bia\u0142ym o kosmetykach","publisher":{"@id":"https:\/\/www.bandi.pl\/blog\/#organization"},"potentialAction":[{"@type":"SearchAction","target":{"@type":"EntryPoint","urlTemplate":"https:\/\/www.bandi.pl\/blog\/?s={search_term_string}"},"query-input":{"@type":"PropertyValueSpecification","valueRequired":true,"valueName":"search_term_string"}}],"inLanguage":"pl-PL"},{"@type":"Organization","@id":"https:\/\/www.bandi.pl\/blog\/#organization","name":"BANDI","url":"https:\/\/www.bandi.pl\/blog\/","logo":{"@type":"ImageObject","inLanguage":"pl-PL","@id":"https:\/\/www.bandi.pl\/blog\/#\/schema\/logo\/image\/","url":"https:\/\/www.bandi.pl\/blog\/wp-content\/uploads\/2019\/06\/bandi-logo.png","contentUrl":"https:\/\/www.bandi.pl\/blog\/wp-content\/uploads\/2019\/06\/bandi-logo.png","width":264,"height":111,"caption":"BANDI"},"image":{"@id":"https:\/\/www.bandi.pl\/blog\/#\/schema\/logo\/image\/"},"sameAs":["https:\/\/web.facebook.com\/BANDIcosmetics","https:\/\/x.com\/bandi_cosmetics","https:\/\/www.instagram.com\/bandi_cosmetics\/","https:\/\/www.pinterest.com\/bandicosmetics\/","https:\/\/www.youtube.com\/user\/BandiCosmeticsPolska"]},{"@type":"Person","@id":"https:\/\/www.bandi.pl\/blog\/#\/schema\/person\/5ba05af1a18c58f1c31d4ae051ec9499","name":"Ilona Kiraga"}]}},"_links":{"self":[{"href":"https:\/\/www.bandi.pl\/blog\/wp-json\/wp\/v2\/posts\/22161","targetHints":{"allow":["GET"]}}],"collection":[{"href":"https:\/\/www.bandi.pl\/blog\/wp-json\/wp\/v2\/posts"}],"about":[{"href":"https:\/\/www.bandi.pl\/blog\/wp-json\/wp\/v2\/types\/post"}],"author":[{"embeddable":true,"href":"https:\/\/www.bandi.pl\/blog\/wp-json\/wp\/v2\/users\/13"}],"replies":[{"embeddable":true,"href":"https:\/\/www.bandi.pl\/blog\/wp-json\/wp\/v2\/comments?post=22161"}],"version-history":[{"count":24,"href":"https:\/\/www.bandi.pl\/blog\/wp-json\/wp\/v2\/posts\/22161\/revisions"}],"predecessor-version":[{"id":22204,"href":"https:\/\/www.bandi.pl\/blog\/wp-json\/wp\/v2\/posts\/22161\/revisions\/22204"}],"wp:featuredmedia":[{"embeddable":true,"href":"https:\/\/www.bandi.pl\/blog\/wp-json\/wp\/v2\/media\/22175"}],"wp:attachment":[{"href":"https:\/\/www.bandi.pl\/blog\/wp-json\/wp\/v2\/media?parent=22161"}],"wp:term":[{"taxonomy":"category","embeddable":true,"href":"https:\/\/www.bandi.pl\/blog\/wp-json\/wp\/v2\/categories?post=22161"},{"taxonomy":"post_tag","embeddable":true,"href":"https:\/\/www.bandi.pl\/blog\/wp-json\/wp\/v2\/tags?post=22161"}],"curies":[{"name":"wp","href":"https:\/\/api.w.org\/{rel}","templated":true}]}}