{"id":21744,"date":"2025-10-28T14:15:16","date_gmt":"2025-10-28T13:15:16","guid":{"rendered":"https:\/\/www.bandi.pl\/blog\/?p=21744"},"modified":"2025-10-28T14:15:17","modified_gmt":"2025-10-28T13:15:17","slug":"stres-jak-wplywa-na-skore-i-jak-zlagodzic-jego-skutki","status":"publish","type":"post","link":"https:\/\/www.bandi.pl\/blog\/stres-jak-wplywa-na-skore-i-jak-zlagodzic-jego-skutki\/","title":{"rendered":"Stres &#8211; jak wp\u0142ywa na sk\u00f3r\u0119 i jak z\u0142agodzi\u0107 jego skutki"},"content":{"rendered":"\n<p>Stres wywiera znacz\u0105cy wp\u0142yw na nasz\u0105 sk\u00f3r\u0119 \u2014 zar\u00f3wno na jej wygl\u0105d, jak i kondycj\u0119. Sk\u00f3ra cz\u0119sto odzwierciedla to, co dzieje si\u0119 w naszym wn\u0119trzu, staj\u0105c si\u0119 swoistym zwierciad\u0142em naszego stanu emocjonalnego.<\/p>\n\n\n\n<h2 class=\"wp-block-heading\">Reakcja organizmu na stres<\/h2>\n\n\n\n<p>W momencie pojawienia si\u0119 stresora organizm rozpoznaje zagro\u017cenie, a m\u00f3zg inicjuje reakcj\u0119 stresow\u0105. W proces ten zaanga\u017cowane s\u0105 dwa uk\u0142ady: nerwowy i hormonalny, aktywowane przez podwzg\u00f3rze \u2013 struktur\u0119 m\u00f3zgow\u0105 odpowiedzialn\u0105 za utrzymanie homeostazy. Podwzg\u00f3rze wydziela kortykoliberyn\u0119 (CRH), kt\u00f3ra stymuluje przysadk\u0119 m\u00f3zgow\u0105 do produkcji hormonu adrenokortykotropowego (ACTH). Ten z kolei pobudza kor\u0119 nadnerczy do syntezy glikokortykosteroid\u00f3w, przede wszystkim kortyzolu \u2013 kluczowego hormonu stresu. Ca\u0142y ten mechanizm okre\u015bla si\u0119 mianem osi podwzg\u00f3rze\u2013przysadka\u2013nadnercza, czyli osi HPA.<\/p>\n\n\n\n<p>O silnym powi\u0105zaniu mi\u0119dzy uk\u0142adem nerwowym a sk\u00f3r\u0105 \u015bwiadczy fakt, \u017ce sk\u00f3ra posiada w\u0142asn\u0105, lokaln\u0105 wersj\u0119 osi HPA.<\/p>\n\n\n\n<h2 class=\"wp-block-heading\">Wp\u0142yw stresu na sk\u00f3r\u0119<\/h2>\n\n\n\n<p>Sk\u00f3ra jako najwi\u0119kszy organ ludzkiego cia\u0142a i reaguje bardzo silnie na stres. Stres ma negatywny wp\u0142yw na gojenie si\u0119 ran, wyd\u0142u\u017caj\u0105c jego czas, os\u0142abia uk\u0142ad immunologiczny sk\u00f3ry, czyni\u0105c j\u0105 bardziej podatn\u0105 na infekcje, prowadzi do zaostrzenia chor\u00f3b alergicznych i zapalnych. Dodatkowo stres os\u0142abia naturaln\u0105 barier\u0119 ochronn\u0105 sk\u00f3ry, co sprzyja jej przesuszeniu i zwi\u0119ksza podatno\u015b\u0107 na podra\u017cnienia. Widocznym objawem jest tak\u017ce zwi\u0119kszona sucho\u015b\u0107 sk\u00f3ry. Przewlek\u0142y stres mo\u017ce zak\u0142\u00f3ca\u0107 r\u00f3wnie\u017c r\u00f3wnowag\u0119 mikrobiomu, prowadz\u0105c do tzw. dysbiozy \u2014 stanu, w kt\u00f3rym po\u017cyteczne bakterie zostaj\u0105 wypierane przez mikroorganizmy sprzyjaj\u0105ce stanom zapalnym. Zaburzenia mikrobiomu mog\u0105 nasila\u0107 problemy sk\u00f3rne, takie jak tr\u0105dzik, egzema czy \u0142ojotokowe zapalenie sk\u00f3ry. Pod wp\u0142ywem kortyzolu dochodzi r\u00f3wnie\u017c do zmiany pH sk\u00f3ry, co os\u0142abia jej naturalne mechanizmy obronne i zwi\u0119ksza podatno\u015b\u0107 na infekcje, podra\u017cnienia. <\/p>\n\n\n\n<h2 class=\"wp-block-heading\">Przyspieszone starzenie si\u0119 sk\u00f3ry<\/h2>\n\n\n\n<p>Wp\u0142yw stresu na proces starzenia si\u0119 sk\u00f3ry jest intensywnie badany przez naukowc\u00f3w. Uwa\u017ca si\u0119, \u017ce stres mo\u017ce znacz\u0105co przyspiesza\u0107 starzenie, cho\u0107 odpowiadaj\u0105ce za to mechanizmy s\u0105 skomplikowane i wieloczynnikowe. Jednym z g\u0142\u00f3wnych czynnik\u00f3w, kt\u00f3ry jest tu wymieniany jest zwi\u0119kszona produkcja wolnych rodnik\u00f3w w wyniku przewlek\u0142ego stresu. &nbsp;<\/p>\n\n\n\n<p>Wolne rodniki to atomy, cz\u0105steczki lub jony, kt\u00f3re posiadaj\u0105 niesparowany elektron na swojej ostatniej pow\u0142oce elektronowej. Ta cecha sprawia, \u017ce s\u0105 wyj\u0105tkowo niestabilne i silnie reaktywne. Aby uzupe\u0142ni\u0107 brakuj\u0105cy elektron, wolne rodniki wchodz\u0105 w reakcje z innymi cz\u0105steczkami w organizmie, co mo\u017ce prowadzi\u0107 do ich uszkodzenia. Szczeg\u00f3lnie nara\u017cone na ich dzia\u0142anie s\u0105 kwasy nukleinowe, lipidy buduj\u0105ce b\u0142ony kom\u00f3rkowe oraz bia\u0142ka.<\/p>\n\n\n\n<p>Wysoki poziom kortyzolu, czyli hormonu stresu, negatywnie wp\u0142ywa tak\u017ce na kolagen, prowadz\u0105c do degradacji tego bia\u0142ka, co objawia si\u0119 powstawaniem zmarszczek oraz utrat\u0105 j\u0119drno\u015bci sk\u00f3ry. Dodatkowo stres hamuje procesy naprawcze i regeneracyjne w kom\u00f3rkach.<\/p>\n\n\n\n<h2 class=\"wp-block-heading\">Choroby sk\u00f3ry nasilane przez stres<\/h2>\n\n\n\n<p>Przewlek\u0142y stres wp\u0142ywa na funkcjonowanie ca\u0142ego organizmu, w tym r\u00f3wnie\u017c uk\u0142adu immunologicznego, sprzyjaj\u0105c powstawaniu stan\u00f3w zapalnych. Efekty tego dzia\u0142ania widoczne s\u0105 tak\u017ce na sk\u00f3rze, gdzie mog\u0105 nasila\u0107 takie schorzenia jak \u0142uszczyca, tr\u0105dzik, \u0142ysienie plackowate, atopowe zapalenie sk\u00f3ry.<\/p>\n\n\n\n<h4 class=\"wp-block-heading\"><strong>\u0141uszczyca<\/strong><\/h4>\n\n\n\n<p>Choroba sk\u00f3ry, kt\u00f3rej przebieg \u015bci\u015ble wi\u0105\u017ce si\u0119 ze stanem psychicznym. Wiele bada\u0144 potwierdza, \u017ce przewlek\u0142y stres mo\u017ce prowadzi\u0107 do cz\u0119stszych nawrot\u00f3w choroby oraz utrudnia\u0107 leczenie. Na poziomie kom\u00f3rkowym stres oddzia\u0142uje m.in. na kom\u00f3rki Langerhansa i aktywuje limfocyty T, co prowadzi do nasilenia przewlek\u0142ego stanu zapalnego w sk\u00f3rze. <\/p>\n\n\n\n<h4 class=\"wp-block-heading\"><strong>Tr\u0105dzik pospolity<\/strong><\/h4>\n\n\n\n<p>Tr\u0105dzik pospolity to jedno z najcz\u0119stszych schorze\u0144 sk\u00f3rnych. W sytuacjach stresowych organizm pobudza gruczo\u0142y \u0142ojowe do produkcji sebum, co sprzyja namna\u017caniu si\u0119 beztlenowych bakterii <em>Cutibacterium acnes<\/em> oraz powoduje nasilenie mikrozapalnych zmian sk\u00f3rnych. Dodatkowo wiele os\u00f3b w stresie mimowolnie drapie lub dotyka twarzy, co utrudnia leczenie i mo\u017ce nasila\u0107 zmiany sk\u00f3rne.<\/p>\n\n\n\n<h4 class=\"wp-block-heading\">Atopowe Zapalenie Sk\u00f3ry<\/h4>\n\n\n\n<p>Wiele bada\u0144 wskazuje na \u015bcis\u0142y zwi\u0105zek mi\u0119dzy czynnikami stresowymi a pogorszeniem objaw\u00f3w AZS, a nawet pocz\u0105tkiem ich zaostrzenia. Stres oddzia\u0142uje na przebieg choroby poprzez r\u00f3\u017cne mechanizmy \u2014 jednym z nich jest negatywny wp\u0142yw na barier\u0119 hydrolipidow\u0105 oraz zaburzenie jej homeostazy. U os\u00f3b z AZS zaburzona funkcja bariery sk\u00f3rnej mo\u017ce prowadzi\u0107 do zwi\u0119kszonej podatno\u015bci na dzia\u0142anie alergen\u00f3w i drobnoustroj\u00f3w, nasilenia transepidermalnej utraty wody (TEWL), a tak\u017ce do obni\u017cenia progu \u015bwi\u0105du, co przek\u0142ada si\u0119 na wzmo\u017cone drapanie i dalsze uszkodzenia sk\u00f3ry.<\/p>\n\n\n\n<h4 class=\"wp-block-heading\">\u0141ysienie plackowate<\/h4>\n\n\n\n<p>Stres zaburza r\u00f3wnowag\u0119 hormonaln\u0105 w organizmie, co ma bezpo\u015bredni wp\u0142yw na kondycj\u0119 w\u0142os\u00f3w. Os\u0142abienie mieszk\u00f3w w\u0142osowych oraz nadmierne wypadanie w\u0142os\u00f3w mog\u0105 prowadzi\u0107 do powstawania ognisk \u0142ysienia \u2014 czyli miejsc na sk\u00f3rze g\u0142owy pozbawionych w\u0142os\u00f3w. Pocz\u0105tkowo pojawia si\u0119 jedno takie ognisko, kt\u00f3re, je\u015bli przybierze z\u0142o\u015bliwy charakter, mo\u017ce si\u0119 rozprzestrzenia\u0107 i powodowa\u0107 ca\u0142kowit\u0105 utrat\u0119 w\u0142os\u00f3w, nie tylko na g\u0142owie, ale tak\u017ce na brwiach i rz\u0119sach.<\/p>\n\n\n\n<figure class=\"wp-block-image size-large\"><img loading=\"lazy\" decoding=\"async\" width=\"592\" height=\"420\" src=\"https:\/\/www.bandi.pl\/blog\/wp-content\/uploads\/2025\/10\/Projekt-bez-nazwy-7-5-592x420.png\" alt=\"\u0142ysienie plackowate a stres\n\" class=\"wp-image-21761\"\/><\/figure>\n\n\n\n<h2 class=\"wp-block-heading\">Metody radzenia sobie ze stresem<\/h2>\n\n\n\n<p>Stresu nie da si\u0119 zupe\u0142nie wyeliminowa\u0107 z \u017cycia. S\u0105 jednak sposoby by ograniczy\u0107 jego negatywne oddzia\u0142ywanie na organizm, w tym tak\u017ce sk\u00f3r\u0119.<\/p>\n\n\n\n<h4 class=\"wp-block-heading\">Zdrowa dieta<\/h4>\n\n\n\n<p>Dieta odgrywa niezwykle wa\u017cn\u0105 rol\u0119 w trosce o dobr\u0105 kondycj\u0119 sk\u00f3ry. Spo\u017cywanie produkt\u00f3w bogatych w antyoksydanty, witaminy i minera\u0142y mo\u017ce tak\u017ce pom\u00f3c z\u0142agodzi\u0107 negatywne skutki wp\u0142ywu stresu na wygl\u0105d sk\u00f3ry. Szczeg\u00f3lnie korzystne s\u0105 sk\u0142adniki takie jak witamina C, E, cynk oraz kwasy t\u0142uszczowe omega-3. Witamina C, obecna m.in. w cytrusach, jagodach i papryce, wspiera produkcj\u0119 kolagenu, kluczowego dla elastyczno\u015bci i regeneracji sk\u00f3ry. Z kolei witamina E, zawarta w orzechach, nasionach oraz zielonych warzywach li\u015bciastych, pe\u0142ni rol\u0119 silnego antyoksydantu, chroni\u0105c kom\u00f3rki przed uszkodzeniami. Cynk, kt\u00f3ry znajdziemy w mi\u0119sie, ro\u015blinach str\u0105czkowych i orzechach, wspomaga procesy gojenia i mo\u017ce pom\u00f3c redukowa\u0107 objawy tr\u0105dziku. Kwasy t\u0142uszczowe omega-3, obecne w rybach, orzechach i nasionach, wykazuj\u0105 dzia\u0142anie przeciwzapalne, co mo\u017ce wspom\u00f3c terapi\u0119 chor\u00f3b sk\u00f3ry, takich jak: egzema czy \u0142uszczyca. Wa\u017cne jest tak\u017ce ograniczenie spo\u017cycia przetworzonej \u017cywno\u015bci, cukru i t\u0142uszcz\u00f3w trans oraz picie odpowiedniej ilo\u015bci wody.<\/p>\n\n\n\n<h4 class=\"wp-block-heading\">Techniki relaksacyjne<\/h4>\n\n\n\n<p>Techniki relaksacyjne, takie jak medytacja, joga czy g\u0142\u0119bokie oddychanie, mog\u0105 pom\u00f3c&nbsp;skutecznie obni\u017cy\u0107 poziom stresu i pozytywnie wp\u0142yn\u0105\u0107 na kondycj\u0119 sk\u00f3ry. Regularne \u0107wiczenie jogi nie tylko zwi\u0119ksza elastyczno\u015b\u0107 i si\u0142\u0119 cia\u0142a, ale tak\u017ce wspiera relaksacj\u0119 umys\u0142u dzi\u0119ki harmonijnemu po\u0142\u0105czeniu ruchu z kontrolowanym oddechem.<\/p>\n\n\n\n<h2 class=\"wp-block-heading\">Odpowiednia piel\u0119gnacja sk\u00f3ry<\/h2>\n\n\n\n<p>Odpowiednia piel\u0119gnacja odgrywa istotn\u0105 rol\u0119 w \u0142agodzeniu negatywnych skutk\u00f3w wp\u0142ywu stresu na sk\u00f3r\u0119. Jeje podstaw\u0105 powinno by\u0107 wzmocnienie funkcji barierowych nask\u00f3rka, dzia\u0142anie aktyoksydacyjne, detoksykacja i odnowa kom\u00f3rkowa. Niezwykle istotna jest r\u00f3wnie\u017c codzienna fotoprotekcja. Stosowanie krem\u00f3w z filtrem UV pomaga chroni\u0107 sk\u00f3r\u0119 przed szkodliwym dzia\u0142aniem promieniowania s\u0142onecznego, kt\u00f3re mo\u017ce pot\u0119gowa\u0107 negatywne skutki stresu. Dlatego ochrona przeciws\u0142oneczna powinna stanowi\u0107 sta\u0142y element codziennej rutyny piel\u0119gnacyjnej.<\/p>\n\n\n\n<figure class=\"wp-block-image size-large is-resized\"><img loading=\"lazy\" decoding=\"async\" width=\"630\" height=\"420\" src=\"https:\/\/www.bandi.pl\/blog\/wp-content\/uploads\/2025\/10\/GLX01_GLX02_GLX03_GLX04_GLX05_ME-ANTI-GLYCATION_KOMPOZYCJA_10_20250922-630x420.jpg\" alt=\"stres - piel\u0119gnacja\" class=\"wp-image-21755\" style=\"width:633px;height:auto\"\/><\/figure>\n\n\n\n<h4 class=\"wp-block-heading\">Uj\u0119drniaj\u0105cy krem antyoksydacyjny SPF50<\/h4>\n\n\n\n<p>Uj\u0119drniaj\u0105cy krem antyoksydacyjny SPF50 to nowoczesna formu\u0142a na dzie\u0144, kt\u00f3ra \u0142\u0105czy bardzo wysok\u0105 ochron\u0119 przed promieniowaniem UV z intensywnym dzia\u0142aniem przeciwstarzeniowym. Zawarty w preparacie 3% ekstrakt z drzewa jedwabnego oraz karnozyna wspieraj\u0105 sk\u00f3r\u0119 w walce ze stresem oksydacyjnym, pomagaj\u0105c zachowa\u0107 jej j\u0119drno\u015b\u0107, elastyczno\u015b\u0107 i m\u0142ody wygl\u0105d.<\/p>\n\n\n\n<h4 class=\"wp-block-heading\">Krem regeneruj\u0105cy twarz, szyja, dekolt<\/h4>\n\n\n\n<p>To silnie od\u017cywczy krem o bogatej konsystencji, kt\u00f3ry wspiera procesy odnowy kom\u00f3rkowej, sprzyja regeneracji nask\u00f3rka, pomaga sk\u00f3rze odzyska\u0107 r\u00f3wnowag\u0119. Regularne stosowanie produktu spowalnia pojawianie si\u0119 oznak starzenia. Krem dzia\u0142a jak tarcza ochronna, odbudowuj\u0105c barier\u0119 hydrolipidow\u0105 i zapobiegaj\u0105c negatywnym skutkom dzia\u0142ania wolnych rodnik\u00f3w. Liftinguj\u0105cy efekt zauwa\u017calny ju\u017c po 30 minutach sprawia, \u017ce sk\u00f3ra twarzy, szyi i dekoltu staje si\u0119 napi\u0119ta, wypocz\u0119ta i promienna. To idealny krem nocny przeciw starzeniu sk\u00f3ry, kt\u00f3ry wspomaga naturalne procesy odnowy. Doskona\u0142y wyb\u00f3r dla wymagaj\u0105cej sk\u00f3ry zm\u0119czonej, pozbawionej blasku, nara\u017conej na stres i zaburzenia rytmu dobowego.<\/p>\n\n\n\n<h4 class=\"wp-block-heading\">Skoncentrowana ampu\u0142ka redukuj\u0105ca objawy zm\u0119czenia<\/h4>\n\n\n\n<p>Skoncentrowana ampu\u0142ka to element inteligentnej piel\u0119gnacji, dopasowanej do naturalnego rytmu dobowego sk\u00f3ry. Dzi\u0119ki zaawansowanej formule zawieraj\u0105cej 3% ekstraktu z drzewa jedwabnego oraz ro\u015blinny sk\u0142adnik o dzia\u0142aniu detoksykuj\u0105cym, produkt skutecznie redukuje oznaki zm\u0119czenia, przywracaj\u0105c sk\u00f3rze energi\u0119, promienno\u015b\u0107 i wyra\u017anie g\u0142adszy wygl\u0105d.<\/p>\n\n\n\n<p>Ampu\u0142ka chroni sk\u00f3r\u0119 przed stresem oksydacyjnym, toksynami i promieniowaniem UV. Wspomaga regeneracj\u0119, poprawia elastyczno\u015b\u0107 i wzmacnia dzia\u0142anie krem\u00f3w na dzie\u0144 i noc.<\/p>\n\n\n\n<p>Troska o r\u00f3wnowag\u0119 psychiczn\u0105 i zdrowie fizyczne to jedna z najlepszych inwestycji w wygl\u0105d i dobr\u0105 kondycj\u0119 sk\u00f3ry. Redukcja stresu i \u0142agodzenie jego skutk\u00f3w to proces, kt\u00f3ry wymaga czasu i wytrwa\u0142o\u015bci, jednak ka\u017cdy ma\u0142y krok w tym kierunku przybli\u017ca nas do bardziej promiennej sk\u00f3ry oraz lepszego samopoczucia.<\/p>\n\n\n\n<div class=\"wp-block-divi-layout\">[et_pb_section fb_built=&#8221;1&#8243; theme_builder_area=&#8221;post_content&#8221; _builder_version=&#8221;4.27.4&#8243; _module_preset=&#8221;default&#8221;][\/et_pb_section][et_pb_section fb_built=&#8221;1&#8243; _builder_version=&#8221;4.16&#8243; top_divider_style=&#8221;arrow&#8221; top_divider_color=&#8221;rgba(255,166,168,0.75)&#8221; top_divider_height=&#8221;1px&#8221; bottom_divider_style=&#8221;arrow&#8221; bottom_divider_color=&#8221;rgba(255,166,168,0.75)&#8221; bottom_divider_height=&#8221;1px&#8221; global_colors_info=&#8221;{}&#8221; theme_builder_area=&#8221;post_content&#8221;][et_pb_row column_structure=&#8221;1_2,1_2&#8243; _builder_version=&#8221;4.16&#8243; width=&#8221;100%&#8221; module_alignment=&#8221;left&#8221; custom_margin=&#8221;||||false|false&#8221; global_colors_info=&#8221;{}&#8221; theme_builder_area=&#8221;post_content&#8221;][et_pb_column type=&#8221;1_2&#8243; _builder_version=&#8221;4.16&#8243; global_colors_info=&#8221;{}&#8221; theme_builder_area=&#8221;post_content&#8221;][et_pb_text _builder_version=&#8221;4.27.4&#8243; text_font=&#8221;Raleway Bold||||||||&#8221; text_text_color=&#8221;rgba(255,166,168,0.75)&#8221; text_font_size=&#8221;55px&#8221; text_letter_spacing=&#8221;9px&#8221; text_line_height=&#8221;1em&#8221; header_font_size=&#8221;39px&#8221; min_height=&#8221;23px&#8221; custom_margin=&#8221;40px||||false|false&#8221; link_option_url=&#8221;https:\/\/www.bandi.pl\/sklep\/katalog\/seria\/109_medical-anti-glycation\/&#8221; hover_enabled=&#8221;0&#8243; inline_fonts=&#8221;Raleway Bold&#8221; global_colors_info=&#8221;{}&#8221; theme_builder_area=&#8221;post_content&#8221; sticky_enabled=&#8221;0&#8243;]<p style=\"text-align: center;\"><span style=\"font-size: xx-large; font-family: inherit; font-weight: normal;\"><strong>ANTI GLYCATION<\/strong><\/span><\/p>\n<p style=\"text-align: center;\"><span style=\"font-size: xx-large; font-family: inherit; font-weight: normal;\"><strong><\/strong><\/span><\/p>[\/et_pb_text][et_pb_text _builder_version=&#8221;4.27.4&#8243; text_font=&#8221;Raleway Regular||||||||&#8221; text_text_color=&#8221;#b8b8b8&#8243; text_font_size=&#8221;22px&#8221; text_line_height=&#8221;1.5em&#8221; link_option_url=&#8221;https:\/\/www.bandi.pl\/sklep\/katalog\/seria\/109_medical-anti-glycation\/&#8221; hover_enabled=&#8221;0&#8243; global_colors_info=&#8221;{}&#8221; theme_builder_area=&#8221;post_content&#8221; sticky_enabled=&#8221;0&#8243;]<p style=\"text-align: center;\">Chro\u0144 sk\u00f3r\u0119 przed przyspieszonym starzeniem ka\u017cdego dnia<\/p>[\/et_pb_text][et_pb_button button_url=&#8221;https:\/\/www.bandi.pl\/sklep\/katalog\/seria\/109_medical-anti-glycation\/&#8221; button_text=&#8221;ZOBACZ&#8221; button_alignment=&#8221;center&#8221; disabled_on=&#8221;off|off|off&#8221; _builder_version=&#8221;4.27.4&#8243; custom_button=&#8221;on&#8221; button_text_size=&#8221;20px&#8221; button_text_color=&#8221;#ffffff&#8221; button_border_radius=&#8221;25px&#8221; button_font=&#8221;Bree Serif||||||||&#8221; background_layout=&#8221;dark&#8221; custom_padding=&#8221;12px|30px|12px|30px|true|true&#8221; hover_transition_duration=&#8221;0ms&#8221; hover_enabled=&#8221;0&#8243; box_shadow_style=&#8221;preset3&#8243; global_colors_info=&#8221;{}&#8221; theme_builder_area=&#8221;post_content&#8221; sticky_enabled=&#8221;0&#8243;][\/et_pb_button][\/et_pb_column][et_pb_column type=&#8221;1_2&#8243; _builder_version=&#8221;4.16&#8243; global_colors_info=&#8221;{}&#8221; theme_builder_area=&#8221;post_content&#8221;][et_pb_image src=&#8221;https:\/\/www.bandi.pl\/blog\/wp-content\/uploads\/2025\/10\/antyglikacja-bandi-161-2-1-scaled.jpg&#8221; title_text=&#8221;antyglikacja bandi-161-2&#8243; url=&#8221;https:\/\/www.bandi.pl\/sklep\/katalog\/seria\/109_medical-anti-glycation\/&#8221; align=&#8221;center&#8221; _builder_version=&#8221;4.27.4&#8243; width=&#8221;100%&#8221; hover_enabled=&#8221;0&#8243; global_colors_info=&#8221;{}&#8221; theme_builder_area=&#8221;post_content&#8221; sticky_enabled=&#8221;0&#8243;][\/et_pb_image][\/et_pb_column][\/et_pb_row][\/et_pb_section]<\/div>\n\n\n\n<div class=\"wp-block-divi-layout\">[et_pb_section admin_label=&#8221;section&#8221;][et_pb_row admin_label=&#8221;row&#8221;][\/et_pb_row][\/et_pb_section]<\/div>\n","protected":false},"excerpt":{"rendered":"<p>Stres wywiera znacz\u0105cy wp\u0142yw na nasz\u0105 sk\u00f3r\u0119 \u2014 zar\u00f3wno na jej wygl\u0105d, jak i kondycj\u0119. Sk\u00f3ra cz\u0119sto odzwierciedla to, co dzieje si\u0119 w naszym wn\u0119trzu, staj\u0105c si\u0119 swoistym zwierciad\u0142em naszego stanu emocjonalnego. Reakcja organizmu na stres W momencie pojawienia si\u0119 stresora organizm rozpoznaje zagro\u017cenie, a m\u00f3zg inicjuje reakcj\u0119 stresow\u0105. W proces ten zaanga\u017cowane s\u0105 dwa [&hellip;]<\/p>\n","protected":false},"author":13,"featured_media":21751,"comment_status":"open","ping_status":"closed","sticky":false,"template":"","format":"standard","meta":{"_et_pb_use_builder":"off","_et_pb_old_content":"","_et_gb_content_width":"","footnotes":""},"categories":[8871,1817],"tags":[8851,4828,8874,3445,4650,8872,8873,4232,4031,77,8537,8528,4230,5868,3687,5458,8602,20,28],"class_list":["post-21744","post","type-post","status-publish","format-standard","has-post-thumbnail","hentry","category-katarzyna-poznanska","category-kategoria-pielegnacja-i-kosmetyki","tag-anti-glycation","tag-antyoksydanty","tag-azs","tag-bandi","tag-choroby-skory","tag-kortyzol","tag-kortyzol-a-skora","tag-kosmetyki-profesjonalne","tag-krem-nawilzajacy","tag-luszczyca","tag-lysienie","tag-nowosc-bandi-2","tag-pielegnacja-profesjonalna","tag-pielegnacja-twarzy","tag-spf","tag-starzenie-sie-skory","tag-stres-oksydacyjny","tag-tradzik","tag-witamina-c"],"yoast_head":"<!-- This site is optimized with the Yoast SEO plugin v27.1.1 - https:\/\/yoast.com\/product\/yoast-seo-wordpress\/ -->\n<title>Stres - jak wp\u0142ywa na sk\u00f3r\u0119 i jak z\u0142agodzi\u0107 jego skutki &#187; Blog BANDI<\/title>\n<meta name=\"description\" content=\"Stres wywiera znacz\u0105cy wp\u0142yw na nasz\u0105 sk\u00f3r\u0119. Nie mo\u017cemy go zupe\u0142nie wyeliminowa\u0107 z \u017cycia, jednak poprzez odpowiedni styl \u017cycia i piel\u0119gnacj\u0119 mo\u017cemy ograniczy\u0107 jego negatywne skutki.\" \/>\n<meta name=\"robots\" content=\"index, follow, max-snippet:-1, max-image-preview:large, max-video-preview:-1\" \/>\n<link rel=\"canonical\" href=\"https:\/\/www.bandi.pl\/blog\/stres-jak-wplywa-na-skore-i-jak-zlagodzic-jego-skutki\/\" \/>\n<meta property=\"og:locale\" content=\"pl_PL\" \/>\n<meta property=\"og:type\" content=\"article\" \/>\n<meta property=\"og:title\" content=\"Stres - jak wp\u0142ywa na sk\u00f3r\u0119 i jak z\u0142agodzi\u0107 jego skutki &#187; Blog BANDI\" \/>\n<meta property=\"og:description\" content=\"Stres wywiera znacz\u0105cy wp\u0142yw na nasz\u0105 sk\u00f3r\u0119. Nie mo\u017cemy go zupe\u0142nie wyeliminowa\u0107 z \u017cycia, jednak poprzez odpowiedni styl \u017cycia i piel\u0119gnacj\u0119 mo\u017cemy ograniczy\u0107 jego negatywne skutki.\" \/>\n<meta property=\"og:url\" content=\"https:\/\/www.bandi.pl\/blog\/stres-jak-wplywa-na-skore-i-jak-zlagodzic-jego-skutki\/\" \/>\n<meta property=\"og:site_name\" content=\"Blog BANDI\" \/>\n<meta property=\"article:publisher\" content=\"https:\/\/web.facebook.com\/BANDIcosmetics\" \/>\n<meta property=\"article:published_time\" content=\"2025-10-28T13:15:16+00:00\" \/>\n<meta property=\"article:modified_time\" content=\"2025-10-28T13:15:17+00:00\" \/>\n<meta property=\"og:image\" content=\"https:\/\/www.bandi.pl\/blog\/wp-content\/uploads\/2025\/10\/Projekt-bez-nazwy-7-4-592x420.png\" \/>\n\t<meta property=\"og:image:width\" content=\"592\" \/>\n\t<meta property=\"og:image:height\" content=\"420\" \/>\n\t<meta property=\"og:image:type\" content=\"image\/png\" \/>\n<meta name=\"author\" content=\"Ilona Kiraga\" \/>\n<meta name=\"twitter:card\" content=\"summary_large_image\" \/>\n<meta name=\"twitter:creator\" content=\"@bandi_cosmetics\" \/>\n<meta name=\"twitter:site\" content=\"@bandi_cosmetics\" \/>\n<meta name=\"twitter:label1\" content=\"Napisane przez\" \/>\n\t<meta name=\"twitter:data1\" content=\"Ilona Kiraga\" \/>\n\t<meta name=\"twitter:label2\" content=\"Szacowany czas czytania\" \/>\n\t<meta name=\"twitter:data2\" content=\"9 minut\" \/>\n<script type=\"application\/ld+json\" class=\"yoast-schema-graph\">{\"@context\":\"https:\/\/schema.org\",\"@graph\":[{\"@type\":\"Article\",\"@id\":\"https:\/\/www.bandi.pl\/blog\/stres-jak-wplywa-na-skore-i-jak-zlagodzic-jego-skutki\/#article\",\"isPartOf\":{\"@id\":\"https:\/\/www.bandi.pl\/blog\/stres-jak-wplywa-na-skore-i-jak-zlagodzic-jego-skutki\/\"},\"author\":{\"name\":\"Ilona Kiraga\",\"@id\":\"https:\/\/www.bandi.pl\/blog\/#\/schema\/person\/5ba05af1a18c58f1c31d4ae051ec9499\"},\"headline\":\"Stres &#8211; jak wp\u0142ywa na sk\u00f3r\u0119 i jak z\u0142agodzi\u0107 jego skutki\",\"datePublished\":\"2025-10-28T13:15:16+00:00\",\"dateModified\":\"2025-10-28T13:15:17+00:00\",\"mainEntityOfPage\":{\"@id\":\"https:\/\/www.bandi.pl\/blog\/stres-jak-wplywa-na-skore-i-jak-zlagodzic-jego-skutki\/\"},\"wordCount\":1963,\"commentCount\":0,\"publisher\":{\"@id\":\"https:\/\/www.bandi.pl\/blog\/#organization\"},\"image\":{\"@id\":\"https:\/\/www.bandi.pl\/blog\/stres-jak-wplywa-na-skore-i-jak-zlagodzic-jego-skutki\/#primaryimage\"},\"thumbnailUrl\":\"https:\/\/www.bandi.pl\/blog\/wp-content\/uploads\/2025\/10\/Projekt-bez-nazwy-7-4.png\",\"keywords\":[\"anti glycation\",\"antyoksydanty\",\"azs\",\"Bandi\",\"choroby sk\u00f3ry\",\"kortyzol\",\"kortyzol a sk\u00f3ra\",\"kosmetyki profesjonalne\",\"krem nawil\u017cajacy\",\"\u0142uszczyca\",\"\u0142ysienie\",\"nowo\u015b\u0107 bandi\",\"piel\u0119gnacja profesjonalna\",\"piel\u0119gnacja twarzy\",\"SPF\",\"starzenie si\u0119 sk\u00f3ry\",\"stres oksydacyjny\",\"tr\u0105dzik\",\"witamina C\"],\"articleSection\":[\"Katarzyna Pozna\u0144ska\",\"Piel\u0119gnacja i kosmetyki\"],\"inLanguage\":\"pl-PL\",\"potentialAction\":[{\"@type\":\"CommentAction\",\"name\":\"Comment\",\"target\":[\"https:\/\/www.bandi.pl\/blog\/stres-jak-wplywa-na-skore-i-jak-zlagodzic-jego-skutki\/#respond\"]}]},{\"@type\":\"WebPage\",\"@id\":\"https:\/\/www.bandi.pl\/blog\/stres-jak-wplywa-na-skore-i-jak-zlagodzic-jego-skutki\/\",\"url\":\"https:\/\/www.bandi.pl\/blog\/stres-jak-wplywa-na-skore-i-jak-zlagodzic-jego-skutki\/\",\"name\":\"Stres - jak wp\u0142ywa na sk\u00f3r\u0119 i jak z\u0142agodzi\u0107 jego skutki &#187; Blog BANDI\",\"isPartOf\":{\"@id\":\"https:\/\/www.bandi.pl\/blog\/#website\"},\"primaryImageOfPage\":{\"@id\":\"https:\/\/www.bandi.pl\/blog\/stres-jak-wplywa-na-skore-i-jak-zlagodzic-jego-skutki\/#primaryimage\"},\"image\":{\"@id\":\"https:\/\/www.bandi.pl\/blog\/stres-jak-wplywa-na-skore-i-jak-zlagodzic-jego-skutki\/#primaryimage\"},\"thumbnailUrl\":\"https:\/\/www.bandi.pl\/blog\/wp-content\/uploads\/2025\/10\/Projekt-bez-nazwy-7-4.png\",\"datePublished\":\"2025-10-28T13:15:16+00:00\",\"dateModified\":\"2025-10-28T13:15:17+00:00\",\"description\":\"Stres wywiera znacz\u0105cy wp\u0142yw na nasz\u0105 sk\u00f3r\u0119. Nie mo\u017cemy go zupe\u0142nie wyeliminowa\u0107 z \u017cycia, jednak poprzez odpowiedni styl \u017cycia i piel\u0119gnacj\u0119 mo\u017cemy ograniczy\u0107 jego negatywne skutki.\",\"breadcrumb\":{\"@id\":\"https:\/\/www.bandi.pl\/blog\/stres-jak-wplywa-na-skore-i-jak-zlagodzic-jego-skutki\/#breadcrumb\"},\"inLanguage\":\"pl-PL\",\"potentialAction\":[{\"@type\":\"ReadAction\",\"target\":[\"https:\/\/www.bandi.pl\/blog\/stres-jak-wplywa-na-skore-i-jak-zlagodzic-jego-skutki\/\"]}]},{\"@type\":\"ImageObject\",\"inLanguage\":\"pl-PL\",\"@id\":\"https:\/\/www.bandi.pl\/blog\/stres-jak-wplywa-na-skore-i-jak-zlagodzic-jego-skutki\/#primaryimage\",\"url\":\"https:\/\/www.bandi.pl\/blog\/wp-content\/uploads\/2025\/10\/Projekt-bez-nazwy-7-4.png\",\"contentUrl\":\"https:\/\/www.bandi.pl\/blog\/wp-content\/uploads\/2025\/10\/Projekt-bez-nazwy-7-4.png\",\"width\":1748,\"height\":1240,\"caption\":\"stres\"},{\"@type\":\"BreadcrumbList\",\"@id\":\"https:\/\/www.bandi.pl\/blog\/stres-jak-wplywa-na-skore-i-jak-zlagodzic-jego-skutki\/#breadcrumb\",\"itemListElement\":[{\"@type\":\"ListItem\",\"position\":1,\"name\":\"BANDI\",\"item\":\"https:\/\/www.bandi.pl\/blog\/\"},{\"@type\":\"ListItem\",\"position\":2,\"name\":\"Stres &#8211; jak wp\u0142ywa na sk\u00f3r\u0119 i jak z\u0142agodzi\u0107 jego skutki\"}]},{\"@type\":\"WebSite\",\"@id\":\"https:\/\/www.bandi.pl\/blog\/#website\",\"url\":\"https:\/\/www.bandi.pl\/blog\/\",\"name\":\"Blog BANDI\",\"description\":\"Czarno na bia\u0142ym o kosmetykach\",\"publisher\":{\"@id\":\"https:\/\/www.bandi.pl\/blog\/#organization\"},\"potentialAction\":[{\"@type\":\"SearchAction\",\"target\":{\"@type\":\"EntryPoint\",\"urlTemplate\":\"https:\/\/www.bandi.pl\/blog\/?s={search_term_string}\"},\"query-input\":{\"@type\":\"PropertyValueSpecification\",\"valueRequired\":true,\"valueName\":\"search_term_string\"}}],\"inLanguage\":\"pl-PL\"},{\"@type\":\"Organization\",\"@id\":\"https:\/\/www.bandi.pl\/blog\/#organization\",\"name\":\"BANDI\",\"url\":\"https:\/\/www.bandi.pl\/blog\/\",\"logo\":{\"@type\":\"ImageObject\",\"inLanguage\":\"pl-PL\",\"@id\":\"https:\/\/www.bandi.pl\/blog\/#\/schema\/logo\/image\/\",\"url\":\"https:\/\/www.bandi.pl\/blog\/wp-content\/uploads\/2019\/06\/bandi-logo.png\",\"contentUrl\":\"https:\/\/www.bandi.pl\/blog\/wp-content\/uploads\/2019\/06\/bandi-logo.png\",\"width\":264,\"height\":111,\"caption\":\"BANDI\"},\"image\":{\"@id\":\"https:\/\/www.bandi.pl\/blog\/#\/schema\/logo\/image\/\"},\"sameAs\":[\"https:\/\/web.facebook.com\/BANDIcosmetics\",\"https:\/\/x.com\/bandi_cosmetics\",\"https:\/\/www.instagram.com\/bandi_cosmetics\/\",\"https:\/\/www.pinterest.com\/bandicosmetics\/\",\"https:\/\/www.youtube.com\/user\/BandiCosmeticsPolska\"]},{\"@type\":\"Person\",\"@id\":\"https:\/\/www.bandi.pl\/blog\/#\/schema\/person\/5ba05af1a18c58f1c31d4ae051ec9499\",\"name\":\"Ilona Kiraga\"}]}<\/script>\n<!-- \/ Yoast SEO plugin. -->","yoast_head_json":{"title":"Stres - jak wp\u0142ywa na sk\u00f3r\u0119 i jak z\u0142agodzi\u0107 jego skutki &#187; Blog BANDI","description":"Stres wywiera znacz\u0105cy wp\u0142yw na nasz\u0105 sk\u00f3r\u0119. Nie mo\u017cemy go zupe\u0142nie wyeliminowa\u0107 z \u017cycia, jednak poprzez odpowiedni styl \u017cycia i piel\u0119gnacj\u0119 mo\u017cemy ograniczy\u0107 jego negatywne skutki.","robots":{"index":"index","follow":"follow","max-snippet":"max-snippet:-1","max-image-preview":"max-image-preview:large","max-video-preview":"max-video-preview:-1"},"canonical":"https:\/\/www.bandi.pl\/blog\/stres-jak-wplywa-na-skore-i-jak-zlagodzic-jego-skutki\/","og_locale":"pl_PL","og_type":"article","og_title":"Stres - jak wp\u0142ywa na sk\u00f3r\u0119 i jak z\u0142agodzi\u0107 jego skutki &#187; Blog BANDI","og_description":"Stres wywiera znacz\u0105cy wp\u0142yw na nasz\u0105 sk\u00f3r\u0119. Nie mo\u017cemy go zupe\u0142nie wyeliminowa\u0107 z \u017cycia, jednak poprzez odpowiedni styl \u017cycia i piel\u0119gnacj\u0119 mo\u017cemy ograniczy\u0107 jego negatywne skutki.","og_url":"https:\/\/www.bandi.pl\/blog\/stres-jak-wplywa-na-skore-i-jak-zlagodzic-jego-skutki\/","og_site_name":"Blog BANDI","article_publisher":"https:\/\/web.facebook.com\/BANDIcosmetics","article_published_time":"2025-10-28T13:15:16+00:00","article_modified_time":"2025-10-28T13:15:17+00:00","og_image":[{"width":592,"height":420,"url":"https:\/\/www.bandi.pl\/blog\/wp-content\/uploads\/2025\/10\/Projekt-bez-nazwy-7-4-592x420.png","type":"image\/png"}],"author":"Ilona Kiraga","twitter_card":"summary_large_image","twitter_creator":"@bandi_cosmetics","twitter_site":"@bandi_cosmetics","twitter_misc":{"Napisane przez":"Ilona Kiraga","Szacowany czas czytania":"9 minut"},"schema":{"@context":"https:\/\/schema.org","@graph":[{"@type":"Article","@id":"https:\/\/www.bandi.pl\/blog\/stres-jak-wplywa-na-skore-i-jak-zlagodzic-jego-skutki\/#article","isPartOf":{"@id":"https:\/\/www.bandi.pl\/blog\/stres-jak-wplywa-na-skore-i-jak-zlagodzic-jego-skutki\/"},"author":{"name":"Ilona Kiraga","@id":"https:\/\/www.bandi.pl\/blog\/#\/schema\/person\/5ba05af1a18c58f1c31d4ae051ec9499"},"headline":"Stres &#8211; jak wp\u0142ywa na sk\u00f3r\u0119 i jak z\u0142agodzi\u0107 jego skutki","datePublished":"2025-10-28T13:15:16+00:00","dateModified":"2025-10-28T13:15:17+00:00","mainEntityOfPage":{"@id":"https:\/\/www.bandi.pl\/blog\/stres-jak-wplywa-na-skore-i-jak-zlagodzic-jego-skutki\/"},"wordCount":1963,"commentCount":0,"publisher":{"@id":"https:\/\/www.bandi.pl\/blog\/#organization"},"image":{"@id":"https:\/\/www.bandi.pl\/blog\/stres-jak-wplywa-na-skore-i-jak-zlagodzic-jego-skutki\/#primaryimage"},"thumbnailUrl":"https:\/\/www.bandi.pl\/blog\/wp-content\/uploads\/2025\/10\/Projekt-bez-nazwy-7-4.png","keywords":["anti glycation","antyoksydanty","azs","Bandi","choroby sk\u00f3ry","kortyzol","kortyzol a sk\u00f3ra","kosmetyki profesjonalne","krem nawil\u017cajacy","\u0142uszczyca","\u0142ysienie","nowo\u015b\u0107 bandi","piel\u0119gnacja profesjonalna","piel\u0119gnacja twarzy","SPF","starzenie si\u0119 sk\u00f3ry","stres oksydacyjny","tr\u0105dzik","witamina C"],"articleSection":["Katarzyna Pozna\u0144ska","Piel\u0119gnacja i kosmetyki"],"inLanguage":"pl-PL","potentialAction":[{"@type":"CommentAction","name":"Comment","target":["https:\/\/www.bandi.pl\/blog\/stres-jak-wplywa-na-skore-i-jak-zlagodzic-jego-skutki\/#respond"]}]},{"@type":"WebPage","@id":"https:\/\/www.bandi.pl\/blog\/stres-jak-wplywa-na-skore-i-jak-zlagodzic-jego-skutki\/","url":"https:\/\/www.bandi.pl\/blog\/stres-jak-wplywa-na-skore-i-jak-zlagodzic-jego-skutki\/","name":"Stres - jak wp\u0142ywa na sk\u00f3r\u0119 i jak z\u0142agodzi\u0107 jego skutki &#187; Blog BANDI","isPartOf":{"@id":"https:\/\/www.bandi.pl\/blog\/#website"},"primaryImageOfPage":{"@id":"https:\/\/www.bandi.pl\/blog\/stres-jak-wplywa-na-skore-i-jak-zlagodzic-jego-skutki\/#primaryimage"},"image":{"@id":"https:\/\/www.bandi.pl\/blog\/stres-jak-wplywa-na-skore-i-jak-zlagodzic-jego-skutki\/#primaryimage"},"thumbnailUrl":"https:\/\/www.bandi.pl\/blog\/wp-content\/uploads\/2025\/10\/Projekt-bez-nazwy-7-4.png","datePublished":"2025-10-28T13:15:16+00:00","dateModified":"2025-10-28T13:15:17+00:00","description":"Stres wywiera znacz\u0105cy wp\u0142yw na nasz\u0105 sk\u00f3r\u0119. Nie mo\u017cemy go zupe\u0142nie wyeliminowa\u0107 z \u017cycia, jednak poprzez odpowiedni styl \u017cycia i piel\u0119gnacj\u0119 mo\u017cemy ograniczy\u0107 jego negatywne skutki.","breadcrumb":{"@id":"https:\/\/www.bandi.pl\/blog\/stres-jak-wplywa-na-skore-i-jak-zlagodzic-jego-skutki\/#breadcrumb"},"inLanguage":"pl-PL","potentialAction":[{"@type":"ReadAction","target":["https:\/\/www.bandi.pl\/blog\/stres-jak-wplywa-na-skore-i-jak-zlagodzic-jego-skutki\/"]}]},{"@type":"ImageObject","inLanguage":"pl-PL","@id":"https:\/\/www.bandi.pl\/blog\/stres-jak-wplywa-na-skore-i-jak-zlagodzic-jego-skutki\/#primaryimage","url":"https:\/\/www.bandi.pl\/blog\/wp-content\/uploads\/2025\/10\/Projekt-bez-nazwy-7-4.png","contentUrl":"https:\/\/www.bandi.pl\/blog\/wp-content\/uploads\/2025\/10\/Projekt-bez-nazwy-7-4.png","width":1748,"height":1240,"caption":"stres"},{"@type":"BreadcrumbList","@id":"https:\/\/www.bandi.pl\/blog\/stres-jak-wplywa-na-skore-i-jak-zlagodzic-jego-skutki\/#breadcrumb","itemListElement":[{"@type":"ListItem","position":1,"name":"BANDI","item":"https:\/\/www.bandi.pl\/blog\/"},{"@type":"ListItem","position":2,"name":"Stres &#8211; jak wp\u0142ywa na sk\u00f3r\u0119 i jak z\u0142agodzi\u0107 jego skutki"}]},{"@type":"WebSite","@id":"https:\/\/www.bandi.pl\/blog\/#website","url":"https:\/\/www.bandi.pl\/blog\/","name":"Blog BANDI","description":"Czarno na bia\u0142ym o kosmetykach","publisher":{"@id":"https:\/\/www.bandi.pl\/blog\/#organization"},"potentialAction":[{"@type":"SearchAction","target":{"@type":"EntryPoint","urlTemplate":"https:\/\/www.bandi.pl\/blog\/?s={search_term_string}"},"query-input":{"@type":"PropertyValueSpecification","valueRequired":true,"valueName":"search_term_string"}}],"inLanguage":"pl-PL"},{"@type":"Organization","@id":"https:\/\/www.bandi.pl\/blog\/#organization","name":"BANDI","url":"https:\/\/www.bandi.pl\/blog\/","logo":{"@type":"ImageObject","inLanguage":"pl-PL","@id":"https:\/\/www.bandi.pl\/blog\/#\/schema\/logo\/image\/","url":"https:\/\/www.bandi.pl\/blog\/wp-content\/uploads\/2019\/06\/bandi-logo.png","contentUrl":"https:\/\/www.bandi.pl\/blog\/wp-content\/uploads\/2019\/06\/bandi-logo.png","width":264,"height":111,"caption":"BANDI"},"image":{"@id":"https:\/\/www.bandi.pl\/blog\/#\/schema\/logo\/image\/"},"sameAs":["https:\/\/web.facebook.com\/BANDIcosmetics","https:\/\/x.com\/bandi_cosmetics","https:\/\/www.instagram.com\/bandi_cosmetics\/","https:\/\/www.pinterest.com\/bandicosmetics\/","https:\/\/www.youtube.com\/user\/BandiCosmeticsPolska"]},{"@type":"Person","@id":"https:\/\/www.bandi.pl\/blog\/#\/schema\/person\/5ba05af1a18c58f1c31d4ae051ec9499","name":"Ilona Kiraga"}]}},"_links":{"self":[{"href":"https:\/\/www.bandi.pl\/blog\/wp-json\/wp\/v2\/posts\/21744","targetHints":{"allow":["GET"]}}],"collection":[{"href":"https:\/\/www.bandi.pl\/blog\/wp-json\/wp\/v2\/posts"}],"about":[{"href":"https:\/\/www.bandi.pl\/blog\/wp-json\/wp\/v2\/types\/post"}],"author":[{"embeddable":true,"href":"https:\/\/www.bandi.pl\/blog\/wp-json\/wp\/v2\/users\/13"}],"replies":[{"embeddable":true,"href":"https:\/\/www.bandi.pl\/blog\/wp-json\/wp\/v2\/comments?post=21744"}],"version-history":[{"count":17,"href":"https:\/\/www.bandi.pl\/blog\/wp-json\/wp\/v2\/posts\/21744\/revisions"}],"predecessor-version":[{"id":21868,"href":"https:\/\/www.bandi.pl\/blog\/wp-json\/wp\/v2\/posts\/21744\/revisions\/21868"}],"wp:featuredmedia":[{"embeddable":true,"href":"https:\/\/www.bandi.pl\/blog\/wp-json\/wp\/v2\/media\/21751"}],"wp:attachment":[{"href":"https:\/\/www.bandi.pl\/blog\/wp-json\/wp\/v2\/media?parent=21744"}],"wp:term":[{"taxonomy":"category","embeddable":true,"href":"https:\/\/www.bandi.pl\/blog\/wp-json\/wp\/v2\/categories?post=21744"},{"taxonomy":"post_tag","embeddable":true,"href":"https:\/\/www.bandi.pl\/blog\/wp-json\/wp\/v2\/tags?post=21744"}],"curies":[{"name":"wp","href":"https:\/\/api.w.org\/{rel}","templated":true}]}}