{"id":21736,"date":"2025-10-23T12:29:29","date_gmt":"2025-10-23T10:29:29","guid":{"rendered":"https:\/\/www.bandi.pl\/blog\/?p=21736"},"modified":"2025-10-23T12:29:30","modified_gmt":"2025-10-23T10:29:30","slug":"skoncentrowana-ampulka-dlaczego-warto-stosowac-ja-oprocz-kremu","status":"publish","type":"post","link":"https:\/\/www.bandi.pl\/blog\/skoncentrowana-ampulka-dlaczego-warto-stosowac-ja-oprocz-kremu\/","title":{"rendered":"Skoncentrowana ampu\u0142ka \u2013 dlaczego warto stosowa\u0107 j\u0105 opr\u00f3cz kremu?"},"content":{"rendered":"\n<p>W codziennej piel\u0119gnacji sk\u00f3ry krem jest bez w\u0105tpienia jednym z podstawowych kosmetyk\u00f3w. Dzia\u0142a na powierzchni sk\u00f3ry, chroni j\u0105 przed czynnikami zewn\u0119trznymi, nawil\u017ca i wzmacnia barier\u0119 hydrolipidow\u0105. Jednak aby piel\u0119gnacja by\u0142a naprawd\u0119 skuteczna i kompleksowa, warto si\u0119gn\u0105\u0107 po preparaty o wi\u0119kszym stopniu zaawansowania \u2013 takie jak ampu\u0142ka. To w\u0142a\u015bnie ten skoncentrowany kosmetyk mo\u017ce wynie\u015b\u0107 codzienn\u0105 rutyn\u0119 piel\u0119gnacyjn\u0105 na wy\u017cszy poziom i realnie wp\u0142yn\u0105\u0107 na kondycj\u0119 sk\u00f3ry.<\/p>\n\n\n\n<h2 class=\"wp-block-heading\">Czym jest ampu\u0142ka i jak dzia\u0142a?<\/h2>\n\n\n\n<p>Ampu\u0142ka to wysoko skoncentrowany preparat kosmetyczny, zawieraj\u0105cy silnie dzia\u0142aj\u0105ce sk\u0142adniki aktywne. Jej zadaniem jest intensywne wsparcie sk\u00f3ry w konkretnych problemach \u2013 takich jak np. oznaki starzenia, utrata j\u0119drno\u015bci, szary koloryt czy widoczne zm\u0119czenie. W odr\u00f3\u017cnieniu od kremu, kt\u00f3ry dzia\u0142a ochronnie i piel\u0119gnacyjnie, ampu\u0142ka penetruje g\u0142\u0119bsze warstwy nask\u00f3rka, dostarczaj\u0105c sk\u0142adnik\u00f3w w spos\u00f3b szybki i skuteczny. Stosowanie ampu\u0142ki pod krem pozwala uzyska\u0107 efekt synergii \u2013 czyli wzmocnienia dzia\u0142ania obu produkt\u00f3w.<\/p>\n\n\n\n<h2 class=\"wp-block-heading\">Dlaczego warto wprowadzi\u0107 ampu\u0142k\u0119 do codziennej rutyny?<\/h2>\n\n\n\n<p>Wiele os\u00f3b nadal traktuje ampu\u0142ki jako luksusowy dodatek lub stosuje je jedynie okazjonalnie. Tymczasem ich regularna aplikacja mo\u017ce znacz\u0105co poprawi\u0107 kondycj\u0119 sk\u00f3ry. Ampu\u0142ka, serum, booster to preparaty, kt\u00f3re dzia\u0142aj\u0105 intensywniej ni\u017c krem, szybciej przynosz\u0105 widoczne efekty i skutecznie wspieraj\u0105 sk\u00f3r\u0119 w walce z oznakami starzenia.<\/p>\n\n\n\n<div class=\"wp-block-media-text is-stacked-on-mobile\" style=\"grid-template-columns:44% auto\"><figure class=\"wp-block-media-text__media\"><a href=\"https:\/\/www.bandi.pl\/sklep\/ampulki\/skoncentrowana-ampulka-redukujaca-oznaki-zmeczenia-1180\/\"><img loading=\"lazy\" decoding=\"async\" width=\"387\" height=\"420\" src=\"https:\/\/www.bandi.pl\/blog\/wp-content\/uploads\/2025\/10\/antyglikacja-bandi-114-21-387x420.jpg\" alt=\"\" class=\"wp-image-21740 size-full\"\/><\/a><\/figure><div class=\"wp-block-media-text__content\">\n<p>\u015awietnym przyk\u0142adem skutecznej ampu\u0142ki jest nowo\u015b\u0107 z linii <a href=\"https:\/\/www.bandi.pl\/sklep\/katalog\/seria\/109_medical-anti-glycation\/\">Medica Expert Anti Glycation<\/a>. Jej zaawansowana formu\u0142a zosta\u0142a opracowana z my\u015bl\u0105 o osobach, kt\u00f3re chc\u0105 przeciwdzia\u0142a\u0107 skutkom glikacji \u2013 jednemu z g\u0142\u00f3wnych wewn\u0119trznych proces\u00f3w odpowiadaj\u0105cych za utrat\u0119 j\u0119drno\u015bci, elastyczno\u015bci sk\u00f3ry i pojawianie si\u0119 zmarszczek.<\/p>\n<\/div><\/div>\n\n\n\n<p><\/p>\n\n\n\n<p>W sk\u0142adzie ampu\u0142ki znajdziemy m.in. 3% ekstraktu z drzewa jedwabnego, kt\u00f3ry ma silne dzia\u0142anie przeciwutleniaj\u0105ce i regeneruj\u0105ce. Sk\u0142adnik ten pomaga redukowa\u0107 objawy zm\u0119czenia, poprawia napi\u0119cie sk\u00f3ry i przywraca jej promienny wygl\u0105d. W po\u0142\u0105czeniu z ro\u015blinnym sk\u0142adnikiem detoksykuj\u0105cym oraz karnozyn\u0105, ampu\u0142ka dzia\u0142a jak tarcza ochronna przeciwko stresowi oksydacyjnemu, niekorzystnym czynnikom \u015brodowiskowym oraz skutkom diety bogatej w cukier.<\/p>\n\n\n\n<p>Proces glikacji \u2013 czyli nieenzymatycznego \u0142\u0105czenia cukr\u00f3w z bia\u0142kami&nbsp; prowadzi do uszkodze\u0144 w\u0142\u00f3kien kolagenowych i elastynowych, co przyspiesza starzenie sk\u00f3ry. Skoncentrowana ampu\u0142ka redukuj\u0105ca oznaki zm\u0119czenia nie tylko spowalnia ten proces, ale r\u00f3wnie\u017c wspiera regeneracj\u0119 kom\u00f3rkow\u0105 i zwi\u0119ksza skuteczno\u015b\u0107 dzia\u0142ania krem\u00f3w stosowanych po jej aplikacji.<\/p>\n\n\n\n<h2 class=\"wp-block-heading\">Ampu\u0142ka + krem = duet idealny<\/h2>\n\n\n\n<p>Warto podkre\u015bli\u0107, \u017ce ampu\u0142ka nie zast\u0119puje kremu \u2013 oba produkty maj\u0105 inne zadania. Ampu\u0142ka dostarcza sk\u00f3rze skoncentrowanej dawki substancji aktywnych, podczas gdy krem uzupe\u0142nia jej dzia\u0142anie i chroni nask\u00f3rek przed utrat\u0105 wody oraz niekorzystnym wp\u0142ywem \u015brodowiska. Aplikowanie ampu\u0142ki pod krem na dzie\u0144 i na noc sprawia, \u017ce sk\u0142adniki aktywne s\u0105 lepiej przyswajane i mog\u0105 dzia\u0142a\u0107 g\u0142\u0119biej, a efekty piel\u0119gnacji s\u0105 szybciej zauwa\u017calne i bardziej trwa\u0142e.<\/p>\n\n\n\n<p>Wprowadzenie ampu\u0142ki do codziennej piel\u0119gnacji to krok w stron\u0119 \u015bwiadomego, zaawansowanego dbania o sk\u00f3r\u0119. Dzi\u0119ki niej mo\u017cna skutecznie przeciwdzia\u0142a\u0107 oznakom starzenia, poprawi\u0107 j\u0119drno\u015b\u0107, koloryt i struktur\u0119 sk\u00f3ry. Ampu\u0142ka z linii <a href=\"https:\/\/www.bandi.pl\/sklep\/katalog\/seria\/109_medical-anti-glycation\/\">Medical Expert Anti Glycation<\/a> to doskona\u0142y przyk\u0142ad nowoczesnego produktu, kt\u00f3ry odpowiada na potrzeby wsp\u00f3\u0142czesnych konsument\u00f3w: skutecznego i dopasowanego do rytmu biologicznego sk\u00f3ry. Stosuj\u0105c j\u0105 regularnie, nie tylko wzmacniamy dzia\u0142anie kremu, ale przede wszystkim dajemy sk\u00f3rze realne wsparcie w walce o m\u0142ody, promienny wygl\u0105d.<\/p>\n\n\n\n<div class=\"wp-block-divi-layout\">[et_pb_section fb_built=&#8221;1&#8243; theme_builder_area=&#8221;post_content&#8221; _builder_version=&#8221;4.27.4&#8243; _module_preset=&#8221;default&#8221;][\/et_pb_section][et_pb_section fb_built=&#8221;1&#8243; _builder_version=&#8221;4.16&#8243; top_divider_style=&#8221;arrow&#8221; top_divider_color=&#8221;rgba(255,166,168,0.75)&#8221; top_divider_height=&#8221;1px&#8221; bottom_divider_style=&#8221;arrow&#8221; bottom_divider_color=&#8221;rgba(255,166,168,0.75)&#8221; bottom_divider_height=&#8221;1px&#8221; global_colors_info=&#8221;{}&#8221; theme_builder_area=&#8221;post_content&#8221;][et_pb_row column_structure=&#8221;1_2,1_2&#8243; _builder_version=&#8221;4.16&#8243; width=&#8221;100%&#8221; module_alignment=&#8221;left&#8221; custom_margin=&#8221;||||false|false&#8221; global_colors_info=&#8221;{}&#8221; theme_builder_area=&#8221;post_content&#8221;][et_pb_column type=&#8221;1_2&#8243; _builder_version=&#8221;4.16&#8243; global_colors_info=&#8221;{}&#8221; theme_builder_area=&#8221;post_content&#8221;][et_pb_text _builder_version=&#8221;4.27.4&#8243; text_font=&#8221;Raleway Bold||||||||&#8221; text_text_color=&#8221;rgba(255,166,168,0.75)&#8221; text_font_size=&#8221;55px&#8221; text_letter_spacing=&#8221;9px&#8221; text_line_height=&#8221;1em&#8221; header_font_size=&#8221;39px&#8221; min_height=&#8221;23px&#8221; custom_margin=&#8221;40px||||false|false&#8221; link_option_url=&#8221;https:\/\/www.bandi.pl\/sklep\/katalog\/seria\/109_medical-anti-glycation\/&#8221; hover_enabled=&#8221;0&#8243; inline_fonts=&#8221;Raleway Bold&#8221; global_colors_info=&#8221;{}&#8221; theme_builder_area=&#8221;post_content&#8221; sticky_enabled=&#8221;0&#8243;]<p style=\"text-align: center;\"><span style=\"font-size: xx-large; font-family: inherit; font-weight: normal;\"><strong>ANTI GLYCATION<\/strong><\/span><\/p>\n<p style=\"text-align: center;\"><span style=\"font-size: xx-large; font-family: inherit; font-weight: normal;\"><strong><\/strong><\/span><\/p>[\/et_pb_text][et_pb_text _builder_version=&#8221;4.27.4&#8243; text_font=&#8221;Raleway Regular||||||||&#8221; text_text_color=&#8221;#b8b8b8&#8243; text_font_size=&#8221;22px&#8221; text_line_height=&#8221;1.5em&#8221; link_option_url=&#8221;https:\/\/www.bandi.pl\/sklep\/katalog\/seria\/109_medical-anti-glycation\/&#8221; hover_enabled=&#8221;0&#8243; global_colors_info=&#8221;{}&#8221; theme_builder_area=&#8221;post_content&#8221; sticky_enabled=&#8221;0&#8243;]<p style=\"text-align: center;\">Chro\u0144 sk\u00f3r\u0119 przed cukrowym starzeniem<\/p>[\/et_pb_text][et_pb_button button_url=&#8221;https:\/\/www.bandi.pl\/sklep\/katalog\/seria\/109_medical-anti-glycation\/&#8221; button_text=&#8221;ZOBACZ&#8221; button_alignment=&#8221;center&#8221; disabled_on=&#8221;off|off|off&#8221; _builder_version=&#8221;4.27.4&#8243; custom_button=&#8221;on&#8221; button_text_size=&#8221;20px&#8221; button_text_color=&#8221;#ffffff&#8221; button_border_radius=&#8221;25px&#8221; button_font=&#8221;Bree Serif||||||||&#8221; background_layout=&#8221;dark&#8221; custom_padding=&#8221;12px|30px|12px|30px|true|true&#8221; hover_transition_duration=&#8221;0ms&#8221; hover_enabled=&#8221;0&#8243; box_shadow_style=&#8221;preset3&#8243; global_colors_info=&#8221;{}&#8221; theme_builder_area=&#8221;post_content&#8221; sticky_enabled=&#8221;0&#8243;][\/et_pb_button][\/et_pb_column][et_pb_column type=&#8221;1_2&#8243; _builder_version=&#8221;4.16&#8243; global_colors_info=&#8221;{}&#8221; theme_builder_area=&#8221;post_content&#8221;][et_pb_image src=&#8221;https:\/\/www.bandi.pl\/blog\/wp-content\/uploads\/2025\/10\/GLX02_GLX03_GLX04_ME-ANTI-GLYCATION_KOMPOZYCJA_1_202509223-scaled.jpg&#8221; title_text=&#8221;GLX02_GLX03_GLX04_ME ANTI GLYCATION_KOMPOZYCJA_1_202509223&#8243; url=&#8221;https:\/\/www.bandi.pl\/sklep\/katalog\/seria\/109_medical-anti-glycation\/&#8221; align=&#8221;center&#8221; _builder_version=&#8221;4.27.4&#8243; width=&#8221;100%&#8221; hover_enabled=&#8221;0&#8243; global_colors_info=&#8221;{}&#8221; theme_builder_area=&#8221;post_content&#8221; alt=&#8221;krem z filtrem&#8221; sticky_enabled=&#8221;0&#8243;][\/et_pb_image][\/et_pb_column][\/et_pb_row][\/et_pb_section]<\/div>\n\n\n\n<div class=\"wp-block-divi-layout\">[et_pb_section admin_label=&#8221;section&#8221;][et_pb_row admin_label=&#8221;row&#8221;][\/et_pb_row][\/et_pb_section]<\/div>\n","protected":false},"excerpt":{"rendered":"<p>W codziennej piel\u0119gnacji sk\u00f3ry krem jest bez w\u0105tpienia jednym z podstawowych kosmetyk\u00f3w. Dzia\u0142a na powierzchni sk\u00f3ry, chroni j\u0105 przed czynnikami zewn\u0119trznymi, nawil\u017ca i wzmacnia barier\u0119 hydrolipidow\u0105. Jednak aby piel\u0119gnacja by\u0142a naprawd\u0119 skuteczna i kompleksowa, warto si\u0119gn\u0105\u0107 po preparaty o wi\u0119kszym stopniu zaawansowania \u2013 takie jak ampu\u0142ka. To w\u0142a\u015bnie ten skoncentrowany kosmetyk mo\u017ce wynie\u015b\u0107 codzienn\u0105 rutyn\u0119 [&hellip;]<\/p>\n","protected":false},"author":13,"featured_media":21742,"comment_status":"open","ping_status":"closed","sticky":false,"template":"","format":"standard","meta":{"_et_pb_use_builder":"off","_et_pb_old_content":"","_et_gb_content_width":"","footnotes":""},"categories":[6800,1817],"tags":[3445,6032,8868,3878,4232,4230,5868,6035,8869,4561,5937,8867,5274,8870],"class_list":["post-21736","post","type-post","status-publish","format-standard","has-post-thumbnail","hentry","category-agata-rybak","category-kategoria-pielegnacja-i-kosmetyki","tag-bandi","tag-booster","tag-jak-wzmocnic-dzialanie-kremu","tag-koncentrat","tag-kosmetyki-profesjonalne","tag-pielegnacja-profesjonalna","tag-pielegnacja-twarzy","tag-promienna-skora","tag-przeciw-starzeniu","tag-przeciw-zmarszczkom","tag-serum","tag-silnie-skoncentrowany-kosmetyk","tag-skuteczna-pielegnacja","tag-zmeczona-skora"],"yoast_head":"<!-- This site is optimized with the Yoast SEO plugin v27.1.1 - https:\/\/yoast.com\/product\/yoast-seo-wordpress\/ -->\n<title>Skoncentrowana ampu\u0142ka \u2013 dlaczego warto stosowa\u0107 j\u0105 opr\u00f3cz kremu? &#187; Blog BANDI<\/title>\n<meta name=\"description\" content=\"Ampu\u0142ka to wysoko skoncentrowany preparat kosmetyczny, zawieraj\u0105cy silnie dzia\u0142aj\u0105ce sk\u0142adniki aktywne. Jej zadaniem jest intensywne wsparcie sk\u00f3ry w konkretnych problemach.\" \/>\n<meta name=\"robots\" content=\"index, follow, max-snippet:-1, max-image-preview:large, max-video-preview:-1\" \/>\n<link rel=\"canonical\" href=\"https:\/\/www.bandi.pl\/blog\/skoncentrowana-ampulka-dlaczego-warto-stosowac-ja-oprocz-kremu\/\" \/>\n<meta property=\"og:locale\" content=\"pl_PL\" \/>\n<meta property=\"og:type\" content=\"article\" \/>\n<meta property=\"og:title\" content=\"Skoncentrowana ampu\u0142ka \u2013 dlaczego warto stosowa\u0107 j\u0105 opr\u00f3cz kremu? &#187; Blog BANDI\" \/>\n<meta property=\"og:description\" content=\"Ampu\u0142ka to wysoko skoncentrowany preparat kosmetyczny, zawieraj\u0105cy silnie dzia\u0142aj\u0105ce sk\u0142adniki aktywne. Jej zadaniem jest intensywne wsparcie sk\u00f3ry w konkretnych problemach.\" \/>\n<meta property=\"og:url\" content=\"https:\/\/www.bandi.pl\/blog\/skoncentrowana-ampulka-dlaczego-warto-stosowac-ja-oprocz-kremu\/\" \/>\n<meta property=\"og:site_name\" content=\"Blog BANDI\" \/>\n<meta property=\"article:publisher\" content=\"https:\/\/web.facebook.com\/BANDIcosmetics\" \/>\n<meta property=\"article:published_time\" content=\"2025-10-23T10:29:29+00:00\" \/>\n<meta property=\"article:modified_time\" content=\"2025-10-23T10:29:30+00:00\" \/>\n<meta property=\"og:image\" content=\"https:\/\/www.bandi.pl\/blog\/wp-content\/uploads\/2025\/10\/Projekt-bez-nazwy-7-3-592x420.png\" \/>\n\t<meta property=\"og:image:width\" content=\"592\" \/>\n\t<meta property=\"og:image:height\" content=\"420\" \/>\n\t<meta property=\"og:image:type\" content=\"image\/png\" \/>\n<meta name=\"author\" content=\"Ilona Kiraga\" \/>\n<meta name=\"twitter:card\" content=\"summary_large_image\" \/>\n<meta name=\"twitter:creator\" content=\"@bandi_cosmetics\" \/>\n<meta name=\"twitter:site\" content=\"@bandi_cosmetics\" \/>\n<meta name=\"twitter:label1\" content=\"Napisane przez\" \/>\n\t<meta name=\"twitter:data1\" content=\"Ilona Kiraga\" \/>\n\t<meta name=\"twitter:label2\" content=\"Szacowany czas czytania\" \/>\n\t<meta name=\"twitter:data2\" content=\"4 minuty\" \/>\n<script type=\"application\/ld+json\" class=\"yoast-schema-graph\">{\"@context\":\"https:\/\/schema.org\",\"@graph\":[{\"@type\":\"Article\",\"@id\":\"https:\/\/www.bandi.pl\/blog\/skoncentrowana-ampulka-dlaczego-warto-stosowac-ja-oprocz-kremu\/#article\",\"isPartOf\":{\"@id\":\"https:\/\/www.bandi.pl\/blog\/skoncentrowana-ampulka-dlaczego-warto-stosowac-ja-oprocz-kremu\/\"},\"author\":{\"name\":\"Ilona Kiraga\",\"@id\":\"https:\/\/www.bandi.pl\/blog\/#\/schema\/person\/5ba05af1a18c58f1c31d4ae051ec9499\"},\"headline\":\"Skoncentrowana ampu\u0142ka \u2013 dlaczego warto stosowa\u0107 j\u0105 opr\u00f3cz kremu?\",\"datePublished\":\"2025-10-23T10:29:29+00:00\",\"dateModified\":\"2025-10-23T10:29:30+00:00\",\"mainEntityOfPage\":{\"@id\":\"https:\/\/www.bandi.pl\/blog\/skoncentrowana-ampulka-dlaczego-warto-stosowac-ja-oprocz-kremu\/\"},\"wordCount\":1017,\"commentCount\":0,\"publisher\":{\"@id\":\"https:\/\/www.bandi.pl\/blog\/#organization\"},\"image\":{\"@id\":\"https:\/\/www.bandi.pl\/blog\/skoncentrowana-ampulka-dlaczego-warto-stosowac-ja-oprocz-kremu\/#primaryimage\"},\"thumbnailUrl\":\"https:\/\/www.bandi.pl\/blog\/wp-content\/uploads\/2025\/10\/Projekt-bez-nazwy-7-3.png\",\"keywords\":[\"Bandi\",\"booster\",\"jak wzmocni\u0107 dzia\u0142anie kremu\",\"koncentrat\",\"kosmetyki profesjonalne\",\"piel\u0119gnacja profesjonalna\",\"piel\u0119gnacja twarzy\",\"promienna sk\u00f3ra\",\"przeciw starzeniu\",\"przeciw zmarszczkom\",\"serum\",\"silnie skoncentrowany kosmetyk\",\"skuteczna piel\u0119gnacja\",\"zm\u0119czona sk\u00f3ra\"],\"articleSection\":[\"Agata Rybak\",\"Piel\u0119gnacja i kosmetyki\"],\"inLanguage\":\"pl-PL\",\"potentialAction\":[{\"@type\":\"CommentAction\",\"name\":\"Comment\",\"target\":[\"https:\/\/www.bandi.pl\/blog\/skoncentrowana-ampulka-dlaczego-warto-stosowac-ja-oprocz-kremu\/#respond\"]}]},{\"@type\":\"WebPage\",\"@id\":\"https:\/\/www.bandi.pl\/blog\/skoncentrowana-ampulka-dlaczego-warto-stosowac-ja-oprocz-kremu\/\",\"url\":\"https:\/\/www.bandi.pl\/blog\/skoncentrowana-ampulka-dlaczego-warto-stosowac-ja-oprocz-kremu\/\",\"name\":\"Skoncentrowana ampu\u0142ka \u2013 dlaczego warto stosowa\u0107 j\u0105 opr\u00f3cz kremu? &#187; Blog BANDI\",\"isPartOf\":{\"@id\":\"https:\/\/www.bandi.pl\/blog\/#website\"},\"primaryImageOfPage\":{\"@id\":\"https:\/\/www.bandi.pl\/blog\/skoncentrowana-ampulka-dlaczego-warto-stosowac-ja-oprocz-kremu\/#primaryimage\"},\"image\":{\"@id\":\"https:\/\/www.bandi.pl\/blog\/skoncentrowana-ampulka-dlaczego-warto-stosowac-ja-oprocz-kremu\/#primaryimage\"},\"thumbnailUrl\":\"https:\/\/www.bandi.pl\/blog\/wp-content\/uploads\/2025\/10\/Projekt-bez-nazwy-7-3.png\",\"datePublished\":\"2025-10-23T10:29:29+00:00\",\"dateModified\":\"2025-10-23T10:29:30+00:00\",\"description\":\"Ampu\u0142ka to wysoko skoncentrowany preparat kosmetyczny, zawieraj\u0105cy silnie dzia\u0142aj\u0105ce sk\u0142adniki aktywne. Jej zadaniem jest intensywne wsparcie sk\u00f3ry w konkretnych problemach.\",\"breadcrumb\":{\"@id\":\"https:\/\/www.bandi.pl\/blog\/skoncentrowana-ampulka-dlaczego-warto-stosowac-ja-oprocz-kremu\/#breadcrumb\"},\"inLanguage\":\"pl-PL\",\"potentialAction\":[{\"@type\":\"ReadAction\",\"target\":[\"https:\/\/www.bandi.pl\/blog\/skoncentrowana-ampulka-dlaczego-warto-stosowac-ja-oprocz-kremu\/\"]}]},{\"@type\":\"ImageObject\",\"inLanguage\":\"pl-PL\",\"@id\":\"https:\/\/www.bandi.pl\/blog\/skoncentrowana-ampulka-dlaczego-warto-stosowac-ja-oprocz-kremu\/#primaryimage\",\"url\":\"https:\/\/www.bandi.pl\/blog\/wp-content\/uploads\/2025\/10\/Projekt-bez-nazwy-7-3.png\",\"contentUrl\":\"https:\/\/www.bandi.pl\/blog\/wp-content\/uploads\/2025\/10\/Projekt-bez-nazwy-7-3.png\",\"width\":1748,\"height\":1240,\"caption\":\"ampu\u0142ka do twarzy\"},{\"@type\":\"BreadcrumbList\",\"@id\":\"https:\/\/www.bandi.pl\/blog\/skoncentrowana-ampulka-dlaczego-warto-stosowac-ja-oprocz-kremu\/#breadcrumb\",\"itemListElement\":[{\"@type\":\"ListItem\",\"position\":1,\"name\":\"BANDI\",\"item\":\"https:\/\/www.bandi.pl\/blog\/\"},{\"@type\":\"ListItem\",\"position\":2,\"name\":\"Skoncentrowana ampu\u0142ka \u2013 dlaczego warto stosowa\u0107 j\u0105 opr\u00f3cz kremu?\"}]},{\"@type\":\"WebSite\",\"@id\":\"https:\/\/www.bandi.pl\/blog\/#website\",\"url\":\"https:\/\/www.bandi.pl\/blog\/\",\"name\":\"Blog BANDI\",\"description\":\"Czarno na bia\u0142ym o kosmetykach\",\"publisher\":{\"@id\":\"https:\/\/www.bandi.pl\/blog\/#organization\"},\"potentialAction\":[{\"@type\":\"SearchAction\",\"target\":{\"@type\":\"EntryPoint\",\"urlTemplate\":\"https:\/\/www.bandi.pl\/blog\/?s={search_term_string}\"},\"query-input\":{\"@type\":\"PropertyValueSpecification\",\"valueRequired\":true,\"valueName\":\"search_term_string\"}}],\"inLanguage\":\"pl-PL\"},{\"@type\":\"Organization\",\"@id\":\"https:\/\/www.bandi.pl\/blog\/#organization\",\"name\":\"BANDI\",\"url\":\"https:\/\/www.bandi.pl\/blog\/\",\"logo\":{\"@type\":\"ImageObject\",\"inLanguage\":\"pl-PL\",\"@id\":\"https:\/\/www.bandi.pl\/blog\/#\/schema\/logo\/image\/\",\"url\":\"https:\/\/www.bandi.pl\/blog\/wp-content\/uploads\/2019\/06\/bandi-logo.png\",\"contentUrl\":\"https:\/\/www.bandi.pl\/blog\/wp-content\/uploads\/2019\/06\/bandi-logo.png\",\"width\":264,\"height\":111,\"caption\":\"BANDI\"},\"image\":{\"@id\":\"https:\/\/www.bandi.pl\/blog\/#\/schema\/logo\/image\/\"},\"sameAs\":[\"https:\/\/web.facebook.com\/BANDIcosmetics\",\"https:\/\/x.com\/bandi_cosmetics\",\"https:\/\/www.instagram.com\/bandi_cosmetics\/\",\"https:\/\/www.pinterest.com\/bandicosmetics\/\",\"https:\/\/www.youtube.com\/user\/BandiCosmeticsPolska\"]},{\"@type\":\"Person\",\"@id\":\"https:\/\/www.bandi.pl\/blog\/#\/schema\/person\/5ba05af1a18c58f1c31d4ae051ec9499\",\"name\":\"Ilona Kiraga\"}]}<\/script>\n<!-- \/ Yoast SEO plugin. -->","yoast_head_json":{"title":"Skoncentrowana ampu\u0142ka \u2013 dlaczego warto stosowa\u0107 j\u0105 opr\u00f3cz kremu? &#187; Blog BANDI","description":"Ampu\u0142ka to wysoko skoncentrowany preparat kosmetyczny, zawieraj\u0105cy silnie dzia\u0142aj\u0105ce sk\u0142adniki aktywne. Jej zadaniem jest intensywne wsparcie sk\u00f3ry w konkretnych problemach.","robots":{"index":"index","follow":"follow","max-snippet":"max-snippet:-1","max-image-preview":"max-image-preview:large","max-video-preview":"max-video-preview:-1"},"canonical":"https:\/\/www.bandi.pl\/blog\/skoncentrowana-ampulka-dlaczego-warto-stosowac-ja-oprocz-kremu\/","og_locale":"pl_PL","og_type":"article","og_title":"Skoncentrowana ampu\u0142ka \u2013 dlaczego warto stosowa\u0107 j\u0105 opr\u00f3cz kremu? &#187; Blog BANDI","og_description":"Ampu\u0142ka to wysoko skoncentrowany preparat kosmetyczny, zawieraj\u0105cy silnie dzia\u0142aj\u0105ce sk\u0142adniki aktywne. Jej zadaniem jest intensywne wsparcie sk\u00f3ry w konkretnych problemach.","og_url":"https:\/\/www.bandi.pl\/blog\/skoncentrowana-ampulka-dlaczego-warto-stosowac-ja-oprocz-kremu\/","og_site_name":"Blog BANDI","article_publisher":"https:\/\/web.facebook.com\/BANDIcosmetics","article_published_time":"2025-10-23T10:29:29+00:00","article_modified_time":"2025-10-23T10:29:30+00:00","og_image":[{"width":592,"height":420,"url":"https:\/\/www.bandi.pl\/blog\/wp-content\/uploads\/2025\/10\/Projekt-bez-nazwy-7-3-592x420.png","type":"image\/png"}],"author":"Ilona Kiraga","twitter_card":"summary_large_image","twitter_creator":"@bandi_cosmetics","twitter_site":"@bandi_cosmetics","twitter_misc":{"Napisane przez":"Ilona Kiraga","Szacowany czas czytania":"4 minuty"},"schema":{"@context":"https:\/\/schema.org","@graph":[{"@type":"Article","@id":"https:\/\/www.bandi.pl\/blog\/skoncentrowana-ampulka-dlaczego-warto-stosowac-ja-oprocz-kremu\/#article","isPartOf":{"@id":"https:\/\/www.bandi.pl\/blog\/skoncentrowana-ampulka-dlaczego-warto-stosowac-ja-oprocz-kremu\/"},"author":{"name":"Ilona Kiraga","@id":"https:\/\/www.bandi.pl\/blog\/#\/schema\/person\/5ba05af1a18c58f1c31d4ae051ec9499"},"headline":"Skoncentrowana ampu\u0142ka \u2013 dlaczego warto stosowa\u0107 j\u0105 opr\u00f3cz kremu?","datePublished":"2025-10-23T10:29:29+00:00","dateModified":"2025-10-23T10:29:30+00:00","mainEntityOfPage":{"@id":"https:\/\/www.bandi.pl\/blog\/skoncentrowana-ampulka-dlaczego-warto-stosowac-ja-oprocz-kremu\/"},"wordCount":1017,"commentCount":0,"publisher":{"@id":"https:\/\/www.bandi.pl\/blog\/#organization"},"image":{"@id":"https:\/\/www.bandi.pl\/blog\/skoncentrowana-ampulka-dlaczego-warto-stosowac-ja-oprocz-kremu\/#primaryimage"},"thumbnailUrl":"https:\/\/www.bandi.pl\/blog\/wp-content\/uploads\/2025\/10\/Projekt-bez-nazwy-7-3.png","keywords":["Bandi","booster","jak wzmocni\u0107 dzia\u0142anie kremu","koncentrat","kosmetyki profesjonalne","piel\u0119gnacja profesjonalna","piel\u0119gnacja twarzy","promienna sk\u00f3ra","przeciw starzeniu","przeciw zmarszczkom","serum","silnie skoncentrowany kosmetyk","skuteczna piel\u0119gnacja","zm\u0119czona sk\u00f3ra"],"articleSection":["Agata Rybak","Piel\u0119gnacja i kosmetyki"],"inLanguage":"pl-PL","potentialAction":[{"@type":"CommentAction","name":"Comment","target":["https:\/\/www.bandi.pl\/blog\/skoncentrowana-ampulka-dlaczego-warto-stosowac-ja-oprocz-kremu\/#respond"]}]},{"@type":"WebPage","@id":"https:\/\/www.bandi.pl\/blog\/skoncentrowana-ampulka-dlaczego-warto-stosowac-ja-oprocz-kremu\/","url":"https:\/\/www.bandi.pl\/blog\/skoncentrowana-ampulka-dlaczego-warto-stosowac-ja-oprocz-kremu\/","name":"Skoncentrowana ampu\u0142ka \u2013 dlaczego warto stosowa\u0107 j\u0105 opr\u00f3cz kremu? &#187; Blog BANDI","isPartOf":{"@id":"https:\/\/www.bandi.pl\/blog\/#website"},"primaryImageOfPage":{"@id":"https:\/\/www.bandi.pl\/blog\/skoncentrowana-ampulka-dlaczego-warto-stosowac-ja-oprocz-kremu\/#primaryimage"},"image":{"@id":"https:\/\/www.bandi.pl\/blog\/skoncentrowana-ampulka-dlaczego-warto-stosowac-ja-oprocz-kremu\/#primaryimage"},"thumbnailUrl":"https:\/\/www.bandi.pl\/blog\/wp-content\/uploads\/2025\/10\/Projekt-bez-nazwy-7-3.png","datePublished":"2025-10-23T10:29:29+00:00","dateModified":"2025-10-23T10:29:30+00:00","description":"Ampu\u0142ka to wysoko skoncentrowany preparat kosmetyczny, zawieraj\u0105cy silnie dzia\u0142aj\u0105ce sk\u0142adniki aktywne. Jej zadaniem jest intensywne wsparcie sk\u00f3ry w konkretnych problemach.","breadcrumb":{"@id":"https:\/\/www.bandi.pl\/blog\/skoncentrowana-ampulka-dlaczego-warto-stosowac-ja-oprocz-kremu\/#breadcrumb"},"inLanguage":"pl-PL","potentialAction":[{"@type":"ReadAction","target":["https:\/\/www.bandi.pl\/blog\/skoncentrowana-ampulka-dlaczego-warto-stosowac-ja-oprocz-kremu\/"]}]},{"@type":"ImageObject","inLanguage":"pl-PL","@id":"https:\/\/www.bandi.pl\/blog\/skoncentrowana-ampulka-dlaczego-warto-stosowac-ja-oprocz-kremu\/#primaryimage","url":"https:\/\/www.bandi.pl\/blog\/wp-content\/uploads\/2025\/10\/Projekt-bez-nazwy-7-3.png","contentUrl":"https:\/\/www.bandi.pl\/blog\/wp-content\/uploads\/2025\/10\/Projekt-bez-nazwy-7-3.png","width":1748,"height":1240,"caption":"ampu\u0142ka do twarzy"},{"@type":"BreadcrumbList","@id":"https:\/\/www.bandi.pl\/blog\/skoncentrowana-ampulka-dlaczego-warto-stosowac-ja-oprocz-kremu\/#breadcrumb","itemListElement":[{"@type":"ListItem","position":1,"name":"BANDI","item":"https:\/\/www.bandi.pl\/blog\/"},{"@type":"ListItem","position":2,"name":"Skoncentrowana ampu\u0142ka \u2013 dlaczego warto stosowa\u0107 j\u0105 opr\u00f3cz kremu?"}]},{"@type":"WebSite","@id":"https:\/\/www.bandi.pl\/blog\/#website","url":"https:\/\/www.bandi.pl\/blog\/","name":"Blog BANDI","description":"Czarno na bia\u0142ym o kosmetykach","publisher":{"@id":"https:\/\/www.bandi.pl\/blog\/#organization"},"potentialAction":[{"@type":"SearchAction","target":{"@type":"EntryPoint","urlTemplate":"https:\/\/www.bandi.pl\/blog\/?s={search_term_string}"},"query-input":{"@type":"PropertyValueSpecification","valueRequired":true,"valueName":"search_term_string"}}],"inLanguage":"pl-PL"},{"@type":"Organization","@id":"https:\/\/www.bandi.pl\/blog\/#organization","name":"BANDI","url":"https:\/\/www.bandi.pl\/blog\/","logo":{"@type":"ImageObject","inLanguage":"pl-PL","@id":"https:\/\/www.bandi.pl\/blog\/#\/schema\/logo\/image\/","url":"https:\/\/www.bandi.pl\/blog\/wp-content\/uploads\/2019\/06\/bandi-logo.png","contentUrl":"https:\/\/www.bandi.pl\/blog\/wp-content\/uploads\/2019\/06\/bandi-logo.png","width":264,"height":111,"caption":"BANDI"},"image":{"@id":"https:\/\/www.bandi.pl\/blog\/#\/schema\/logo\/image\/"},"sameAs":["https:\/\/web.facebook.com\/BANDIcosmetics","https:\/\/x.com\/bandi_cosmetics","https:\/\/www.instagram.com\/bandi_cosmetics\/","https:\/\/www.pinterest.com\/bandicosmetics\/","https:\/\/www.youtube.com\/user\/BandiCosmeticsPolska"]},{"@type":"Person","@id":"https:\/\/www.bandi.pl\/blog\/#\/schema\/person\/5ba05af1a18c58f1c31d4ae051ec9499","name":"Ilona Kiraga"}]}},"_links":{"self":[{"href":"https:\/\/www.bandi.pl\/blog\/wp-json\/wp\/v2\/posts\/21736","targetHints":{"allow":["GET"]}}],"collection":[{"href":"https:\/\/www.bandi.pl\/blog\/wp-json\/wp\/v2\/posts"}],"about":[{"href":"https:\/\/www.bandi.pl\/blog\/wp-json\/wp\/v2\/types\/post"}],"author":[{"embeddable":true,"href":"https:\/\/www.bandi.pl\/blog\/wp-json\/wp\/v2\/users\/13"}],"replies":[{"embeddable":true,"href":"https:\/\/www.bandi.pl\/blog\/wp-json\/wp\/v2\/comments?post=21736"}],"version-history":[{"count":6,"href":"https:\/\/www.bandi.pl\/blog\/wp-json\/wp\/v2\/posts\/21736\/revisions"}],"predecessor-version":[{"id":21765,"href":"https:\/\/www.bandi.pl\/blog\/wp-json\/wp\/v2\/posts\/21736\/revisions\/21765"}],"wp:featuredmedia":[{"embeddable":true,"href":"https:\/\/www.bandi.pl\/blog\/wp-json\/wp\/v2\/media\/21742"}],"wp:attachment":[{"href":"https:\/\/www.bandi.pl\/blog\/wp-json\/wp\/v2\/media?parent=21736"}],"wp:term":[{"taxonomy":"category","embeddable":true,"href":"https:\/\/www.bandi.pl\/blog\/wp-json\/wp\/v2\/categories?post=21736"},{"taxonomy":"post_tag","embeddable":true,"href":"https:\/\/www.bandi.pl\/blog\/wp-json\/wp\/v2\/tags?post=21736"}],"curies":[{"name":"wp","href":"https:\/\/api.w.org\/{rel}","templated":true}]}}