{"id":21655,"date":"2025-10-30T11:45:33","date_gmt":"2025-10-30T10:45:33","guid":{"rendered":"https:\/\/www.bandi.pl\/blog\/?p=21655"},"modified":"2025-10-30T11:45:33","modified_gmt":"2025-10-30T10:45:33","slug":"problemy-skory-w-okresie-okolomenopauzalnym","status":"publish","type":"post","link":"https:\/\/www.bandi.pl\/blog\/problemy-skory-w-okresie-okolomenopauzalnym\/","title":{"rendered":"Problemy sk\u00f3ry w okresie oko\u0142omenopauzalnym"},"content":{"rendered":"\n<p>Przed menopauz\u0105 organizm kobiety przechodzi wiele zmian, kt\u00f3re istotnie wp\u0142ywaj\u0105 na jego funkcjonowanie i na kondycj\u0119 sk\u00f3ry. Zmniejsza si\u0119 wydzielanie estrogen\u00f3w, progesteronu, ustaje miesi\u0105czkowanie. Na skutek tych zmian sk\u00f3ra staje si\u0119 cie\u0144sza, bardziej sucha, mniej elastyczna, sk\u0142onna do wiotczenia, obserwuje si\u0119 drobne zmarszczki, stopniowo pog\u0142\u0119biaj\u0105ce si\u0119, a przebarwienia dodaj\u0105 lat. Ulega zaburzeniu tak\u017ce bariera nask\u00f3rkowa, co sprzyja podra\u017cnieniom. Dlatego w tym okresie bardzo istotne znaczenie ma odpowiednia piel\u0119gnacja sk\u00f3ry, kt\u00f3ra mo\u017ce z\u0142agodzi\u0107 te niekorzystne objawy i utrzyma\u0107 w miar\u0119 dobr\u0105 jej kondycj\u0119.<\/p>\n\n\n\n<h2 class=\"wp-block-heading\">Zmiany w nask\u00f3rku i granicy sk\u00f3rno-nask\u00f3rkowej<\/h2>\n\n\n\n<p>W okresie oko\u0142omenopauzalnym nask\u00f3rek wolniej si\u0119 odnawia, jest cie\u0144szy.\u00a0Spada liczba melanocyt\u00f3w, jednak maj\u0105 one tendencj\u0119 do gromadzenia si\u0119. To sprawia, \u017ce na sk\u00f3rze widoczne staj\u0105 si\u0119 plamy pigmentacyjne. Wydzielanie \u0142oju zwykle jest mniejsze, cho\u0107 mo\u017ce niekiedy by\u0107 tak\u017ce zwi\u0119kszone. Os\u0142abieniu ulega bariera ochronna, nask\u00f3rek s\u0142abiej zatrzymuje wod\u0119, zwi\u0119ksza si\u0119 jej nadmierna transepidermalna utrata (TEWL). Sk\u00f3ra staje si\u0119 bardziej podatna na podra\u017cnienia, zmniejsza si\u0119 zdolno\u015b\u0107 do naprawy, a gojenie uszkodze\u0144 jest wolniejsze. Granica sk\u00f3rno-nask\u00f3rkowa zostaje wyg\u0142adzona, sople nask\u00f3rkowe s\u0105 kr\u00f3tsze, a brodawki sk\u00f3ry szersze. Kom\u00f3rki warstwy podstawnej s\u0142abiej przylegaj\u0105 do sk\u00f3ry w\u0142a\u015bciwej.<\/p>\n\n\n\n<h2 class=\"wp-block-heading\">Zmiany w sk\u00f3rze w\u0142a\u015bciwej i tkance podsk\u00f3rnej<\/h2>\n\n\n\n<p>Okres oko\u0142omenopauzalny to tak\u017ce czas du\u017cych zmian w sk\u00f3rze w\u0142a\u015bciwej i tkance podsk\u00f3rnej. Zmniejsza si\u0119 w\u00f3wczas  metabolizm kom\u00f3rkowy, spada aktywno\u015b\u0107 fibroblast\u00f3w i synteza kolagenu, dochodzi do szybkiej degradacji w\u0142\u00f3kien kolagenowych, kt\u00f3re staj\u0105 si\u0119 sztywne, mniej elastyczne. Utrata bia\u0142ka podporowego sk\u00f3ry przyczynia si\u0119 do jej wiotczenia, spadku j\u0119drno\u015bci, uwidaczniaj\u0105 si\u0119 zmarszczki. Mikrokr\u0105\u017cenie jest os\u0142abione, maleje liczba naczy\u0144 krwiono\u015bnych, a sk\u00f3ra jest gorzej od\u017cywiona. Zmniejsza si\u0119 r\u00f3wnie\u017c ilo\u015b\u0107 proteoglikan\u00f3w, kwasu hialuronowego, a sk\u00f3ra zdecydowanie s\u0142abiej \u201ezatrzymuje\u201d wod\u0119. Stopniowy zanik tkanki podsk\u00f3rnej prowadzi do zmiany owalu twarzy, a adipocyty s\u0105 mniej aktywne.<\/p>\n\n\n\n<h2 class=\"wp-block-heading\">Menopauza &#8211; objawy na sk\u00f3rze<\/h2>\n\n\n\n<p>Sk\u00f3ra jest cienka, delikatna, niekiedy atroficzna, ma\u0142o elastyczna, miejscami wiotka, a zmarszczki staj\u0105 si\u0119 na niej bardziej widoczne. Na powiekach jest jakby \u201eza du\u017co sk\u00f3ry\u201d, policzki nieco zapadaj\u0105 si\u0119, stopniowo zanika wyra\u017any owal twarzy, pojawiaj\u0105 si\u0119 tzw. chomiki. Du\u017cym problemem jest sucho\u015b\u0107 sk\u00f3ry, gorsze nawil\u017cenie, niekiedy z towarzysz\u0105cym uczuciem \u015bci\u0105gania, napi\u0119cia. Sk\u00f3ra ma os\u0142abion\u0105 barier\u0119 nask\u00f3rkow\u0105, jest bardziej wra\u017cliwa na r\u00f3\u017cne czynniki zewn\u0119trzne np. kosmetyki, \u0142atwiej ulega podra\u017cnieniom, zaczerwienieniu. Ma mniejsz\u0105 zdolno\u015b\u0107 do gojenia i regeneracji. Pojawiaj\u0105 si\u0119 brunatno-\u017c\u00f3\u0142te przebarwienia, widoczne najcz\u0119\u015bciej na sk\u00f3rze twarzy, grzbietach r\u0105k i dekolcie.<\/p>\n\n\n\n<h2 class=\"wp-block-heading\">Potrzeby sk\u00f3ry w okresie menopauzy<\/h2>\n\n\n\n<p>G\u0142\u00f3wne problemy sk\u00f3ry w okresie oko\u0142omenopauzalnym to: sucho\u015b\u0107, uczucie napi\u0119cia, zmarszczki, utrata j\u0119drno\u015bci, wiotko\u015b\u0107, zmiana owalu twarzy, zaburzona bariera nask\u00f3rkowa, zwi\u0119kszona wra\u017cliwo\u015b\u0107 i sk\u0142onno\u015b\u0107 do podra\u017cnie\u0144, przebarwienia. Cz\u0119sto te zmiany wyst\u0119puj\u0105 jednocze\u015bnie. Dlatego sk\u00f3ra w okresie menopauzy wymaga codziennej, prawid\u0142owej, wielokierunkowej piel\u0119gnacji. <\/p>\n\n\n\n<p>Oto kilka wskaz\u00f3wek:<\/p>\n\n\n\n<ul class=\"wp-block-list\">\n<li>chro\u0144 sk\u00f3r\u0119 przed niekorzystnym dzia\u0142aniem czynnik\u00f3w zewn\u0119trznych,<\/li>\n\n\n\n<li>stosuj fotoprotekcj\u0119,<\/li>\n\n\n\n<li>wzmacniaj barier\u0119 nask\u00f3rkow\u0105,<\/li>\n\n\n\n<li>niweluj przebarwienia,<\/li>\n\n\n\n<li>intensywnie nawil\u017caj,<\/li>\n\n\n\n<li>je\u015bli mo\u017cesz korzystaj z zabieg\u00f3w w gabinecie kosmetycznym\/medycyny estetycznej \u2013 nawil\u017caj\u0105cych, wzmacniaj\u0105cych barier\u0119 nask\u00f3rkow\u0105, stymuluj\u0105cych odnow\u0119, zmniejszaj\u0105cych przebarwienia, \u0142agodz\u0105cych podra\u017cnienia.<\/li>\n<\/ul>\n\n\n\n<p>A dodatkowo zadbaj o prawid\u0142owy styl \u017cycia:<\/p>\n\n\n\n<ul class=\"wp-block-list\">\n<li>unikaj czynnik\u00f3w przy\u015bpieszaj\u0105cych starzenie sk\u00f3ry (palenie papieros\u00f3w, ekspozycja na promieniowanie UV\u2026),<\/li>\n\n\n\n<li>zadbaj o diet\u0119: w\u0142\u0105cz \u201edobre t\u0142uszcze\u201d, warzywa, owoce,<\/li>\n\n\n\n<li>wysypiaj si\u0119,<\/li>\n\n\n\n<li>zadbaj o relaks i odpoczynek,<\/li>\n\n\n\n<li>badaj si\u0119! Korzystaj z bada\u0144 profilaktycznych (ginekolog, dermatolog, endokrynolog, lekarz rodzinny)<\/li>\n\n\n\n<li>zadbaj o prawid\u0142ow\u0105 mas\u0119 cia\u0142a,<\/li>\n\n\n\n<li>utrzymuj aktywno\u015b\u0107 ruchow\u0105 niezbyt obci\u0105\u017caj\u0105c\u0105.<\/li>\n<\/ul>\n","protected":false},"excerpt":{"rendered":"<p>Przed menopauz\u0105 organizm kobiety przechodzi wiele zmian, kt\u00f3re istotnie wp\u0142ywaj\u0105 na jego funkcjonowanie i na kondycj\u0119 sk\u00f3ry. Zmniejsza si\u0119 wydzielanie estrogen\u00f3w, progesteronu, ustaje miesi\u0105czkowanie. Na skutek tych zmian sk\u00f3ra staje si\u0119 cie\u0144sza, bardziej sucha, mniej elastyczna, sk\u0142onna do wiotczenia, obserwuje si\u0119 drobne zmarszczki, stopniowo pog\u0142\u0119biaj\u0105ce si\u0119, a przebarwienia dodaj\u0105 lat. Ulega zaburzeniu tak\u017ce bariera nask\u00f3rkowa, [&hellip;]<\/p>\n","protected":false},"author":13,"featured_media":21662,"comment_status":"open","ping_status":"closed","sticky":false,"template":"","format":"standard","meta":{"_et_pb_use_builder":"off","_et_pb_old_content":"","_et_gb_content_width":"","footnotes":""},"categories":[2050,1817],"tags":[3445,4232,4031,8146,8862,4230,5868,8410,8861,7494,114,8863],"class_list":["post-21655","post","type-post","status-publish","format-standard","has-post-thumbnail","hentry","category-magdalena-ciupinska","category-kategoria-pielegnacja-i-kosmetyki","tag-bandi","tag-kosmetyki-profesjonalne","tag-krem-nawilzajacy","tag-menopauza","tag-okres-okolomenopauzalny","tag-pielegnacja-profesjonalna","tag-pielegnacja-twarzy","tag-skora-dojrzala","tag-spadek-estrogenow","tag-wiotka-skora","tag-zmarszczki","tag-zmiany-w-skorze-pod-wplywem-hormonow"],"yoast_head":"<!-- This site is optimized with the Yoast SEO plugin v27.1.1 - https:\/\/yoast.com\/product\/yoast-seo-wordpress\/ -->\n<title>Problemy sk\u00f3ry w okresie oko\u0142omenopauzalnym &#187; Blog BANDI<\/title>\n<meta name=\"description\" content=\"Menopauza to okres du\u017cych zmian w organizmie kobiety, kt\u00f3re oddzia\u0142uj\u0105 tak\u017ce na sk\u00f3r\u0119. Dlatego piel\u0119gnacja w tym okresie powinna by\u0107 specjalistyczna i wielokierunkowa.\" \/>\n<meta name=\"robots\" content=\"index, follow, max-snippet:-1, max-image-preview:large, max-video-preview:-1\" \/>\n<link rel=\"canonical\" href=\"https:\/\/www.bandi.pl\/blog\/problemy-skory-w-okresie-okolomenopauzalnym\/\" \/>\n<meta property=\"og:locale\" content=\"pl_PL\" \/>\n<meta property=\"og:type\" content=\"article\" \/>\n<meta property=\"og:title\" content=\"Problemy sk\u00f3ry w okresie oko\u0142omenopauzalnym &#187; Blog BANDI\" \/>\n<meta property=\"og:description\" content=\"Menopauza to okres du\u017cych zmian w organizmie kobiety, kt\u00f3re oddzia\u0142uj\u0105 tak\u017ce na sk\u00f3r\u0119. Dlatego piel\u0119gnacja w tym okresie powinna by\u0107 specjalistyczna i wielokierunkowa.\" \/>\n<meta property=\"og:url\" content=\"https:\/\/www.bandi.pl\/blog\/problemy-skory-w-okresie-okolomenopauzalnym\/\" \/>\n<meta property=\"og:site_name\" content=\"Blog BANDI\" \/>\n<meta property=\"article:publisher\" content=\"https:\/\/web.facebook.com\/BANDIcosmetics\" \/>\n<meta property=\"article:published_time\" content=\"2025-10-30T10:45:33+00:00\" \/>\n<meta property=\"og:image\" content=\"https:\/\/www.bandi.pl\/blog\/wp-content\/uploads\/2025\/10\/Projekt-bez-nazwy-7-592x420.png\" \/>\n\t<meta property=\"og:image:width\" content=\"592\" \/>\n\t<meta property=\"og:image:height\" content=\"420\" \/>\n\t<meta property=\"og:image:type\" content=\"image\/png\" \/>\n<meta name=\"author\" content=\"Ilona Kiraga\" \/>\n<meta name=\"twitter:card\" content=\"summary_large_image\" \/>\n<meta name=\"twitter:creator\" content=\"@bandi_cosmetics\" \/>\n<meta name=\"twitter:site\" content=\"@bandi_cosmetics\" \/>\n<meta name=\"twitter:label1\" content=\"Napisane przez\" \/>\n\t<meta name=\"twitter:data1\" content=\"Ilona Kiraga\" \/>\n\t<meta name=\"twitter:label2\" content=\"Szacowany czas czytania\" \/>\n\t<meta name=\"twitter:data2\" content=\"4 minuty\" \/>\n<script type=\"application\/ld+json\" class=\"yoast-schema-graph\">{\"@context\":\"https:\/\/schema.org\",\"@graph\":[{\"@type\":\"Article\",\"@id\":\"https:\/\/www.bandi.pl\/blog\/problemy-skory-w-okresie-okolomenopauzalnym\/#article\",\"isPartOf\":{\"@id\":\"https:\/\/www.bandi.pl\/blog\/problemy-skory-w-okresie-okolomenopauzalnym\/\"},\"author\":{\"name\":\"Ilona Kiraga\",\"@id\":\"https:\/\/www.bandi.pl\/blog\/#\/schema\/person\/5ba05af1a18c58f1c31d4ae051ec9499\"},\"headline\":\"Problemy sk\u00f3ry w okresie oko\u0142omenopauzalnym\",\"datePublished\":\"2025-10-30T10:45:33+00:00\",\"mainEntityOfPage\":{\"@id\":\"https:\/\/www.bandi.pl\/blog\/problemy-skory-w-okresie-okolomenopauzalnym\/\"},\"wordCount\":664,\"commentCount\":0,\"publisher\":{\"@id\":\"https:\/\/www.bandi.pl\/blog\/#organization\"},\"image\":{\"@id\":\"https:\/\/www.bandi.pl\/blog\/problemy-skory-w-okresie-okolomenopauzalnym\/#primaryimage\"},\"thumbnailUrl\":\"https:\/\/www.bandi.pl\/blog\/wp-content\/uploads\/2025\/10\/Projekt-bez-nazwy-7.png\",\"keywords\":[\"Bandi\",\"kosmetyki profesjonalne\",\"krem nawil\u017cajacy\",\"menopauza\",\"okres oko\u0142omenopauzalny\",\"piel\u0119gnacja profesjonalna\",\"piel\u0119gnacja twarzy\",\"sk\u00f3ra dojrza\u0142a\",\"spadek estrogen\u00f3w\",\"wiotka sk\u00f3ra\",\"zmarszczki\",\"zmiany w sk\u00f3rze pod wp\u0142ywem hormon\u00f3w\"],\"articleSection\":[\"Magdalena Ciupi\u0144ska\",\"Piel\u0119gnacja i kosmetyki\"],\"inLanguage\":\"pl-PL\",\"potentialAction\":[{\"@type\":\"CommentAction\",\"name\":\"Comment\",\"target\":[\"https:\/\/www.bandi.pl\/blog\/problemy-skory-w-okresie-okolomenopauzalnym\/#respond\"]}]},{\"@type\":\"WebPage\",\"@id\":\"https:\/\/www.bandi.pl\/blog\/problemy-skory-w-okresie-okolomenopauzalnym\/\",\"url\":\"https:\/\/www.bandi.pl\/blog\/problemy-skory-w-okresie-okolomenopauzalnym\/\",\"name\":\"Problemy sk\u00f3ry w okresie oko\u0142omenopauzalnym &#187; Blog BANDI\",\"isPartOf\":{\"@id\":\"https:\/\/www.bandi.pl\/blog\/#website\"},\"primaryImageOfPage\":{\"@id\":\"https:\/\/www.bandi.pl\/blog\/problemy-skory-w-okresie-okolomenopauzalnym\/#primaryimage\"},\"image\":{\"@id\":\"https:\/\/www.bandi.pl\/blog\/problemy-skory-w-okresie-okolomenopauzalnym\/#primaryimage\"},\"thumbnailUrl\":\"https:\/\/www.bandi.pl\/blog\/wp-content\/uploads\/2025\/10\/Projekt-bez-nazwy-7.png\",\"datePublished\":\"2025-10-30T10:45:33+00:00\",\"description\":\"Menopauza to okres du\u017cych zmian w organizmie kobiety, kt\u00f3re oddzia\u0142uj\u0105 tak\u017ce na sk\u00f3r\u0119. Dlatego piel\u0119gnacja w tym okresie powinna by\u0107 specjalistyczna i wielokierunkowa.\",\"breadcrumb\":{\"@id\":\"https:\/\/www.bandi.pl\/blog\/problemy-skory-w-okresie-okolomenopauzalnym\/#breadcrumb\"},\"inLanguage\":\"pl-PL\",\"potentialAction\":[{\"@type\":\"ReadAction\",\"target\":[\"https:\/\/www.bandi.pl\/blog\/problemy-skory-w-okresie-okolomenopauzalnym\/\"]}]},{\"@type\":\"ImageObject\",\"inLanguage\":\"pl-PL\",\"@id\":\"https:\/\/www.bandi.pl\/blog\/problemy-skory-w-okresie-okolomenopauzalnym\/#primaryimage\",\"url\":\"https:\/\/www.bandi.pl\/blog\/wp-content\/uploads\/2025\/10\/Projekt-bez-nazwy-7.png\",\"contentUrl\":\"https:\/\/www.bandi.pl\/blog\/wp-content\/uploads\/2025\/10\/Projekt-bez-nazwy-7.png\",\"width\":1748,\"height\":1240,\"caption\":\"menopauza\"},{\"@type\":\"BreadcrumbList\",\"@id\":\"https:\/\/www.bandi.pl\/blog\/problemy-skory-w-okresie-okolomenopauzalnym\/#breadcrumb\",\"itemListElement\":[{\"@type\":\"ListItem\",\"position\":1,\"name\":\"BANDI\",\"item\":\"https:\/\/www.bandi.pl\/blog\/\"},{\"@type\":\"ListItem\",\"position\":2,\"name\":\"Problemy sk\u00f3ry w okresie oko\u0142omenopauzalnym\"}]},{\"@type\":\"WebSite\",\"@id\":\"https:\/\/www.bandi.pl\/blog\/#website\",\"url\":\"https:\/\/www.bandi.pl\/blog\/\",\"name\":\"Blog BANDI\",\"description\":\"Czarno na bia\u0142ym o kosmetykach\",\"publisher\":{\"@id\":\"https:\/\/www.bandi.pl\/blog\/#organization\"},\"potentialAction\":[{\"@type\":\"SearchAction\",\"target\":{\"@type\":\"EntryPoint\",\"urlTemplate\":\"https:\/\/www.bandi.pl\/blog\/?s={search_term_string}\"},\"query-input\":{\"@type\":\"PropertyValueSpecification\",\"valueRequired\":true,\"valueName\":\"search_term_string\"}}],\"inLanguage\":\"pl-PL\"},{\"@type\":\"Organization\",\"@id\":\"https:\/\/www.bandi.pl\/blog\/#organization\",\"name\":\"BANDI\",\"url\":\"https:\/\/www.bandi.pl\/blog\/\",\"logo\":{\"@type\":\"ImageObject\",\"inLanguage\":\"pl-PL\",\"@id\":\"https:\/\/www.bandi.pl\/blog\/#\/schema\/logo\/image\/\",\"url\":\"https:\/\/www.bandi.pl\/blog\/wp-content\/uploads\/2019\/06\/bandi-logo.png\",\"contentUrl\":\"https:\/\/www.bandi.pl\/blog\/wp-content\/uploads\/2019\/06\/bandi-logo.png\",\"width\":264,\"height\":111,\"caption\":\"BANDI\"},\"image\":{\"@id\":\"https:\/\/www.bandi.pl\/blog\/#\/schema\/logo\/image\/\"},\"sameAs\":[\"https:\/\/web.facebook.com\/BANDIcosmetics\",\"https:\/\/x.com\/bandi_cosmetics\",\"https:\/\/www.instagram.com\/bandi_cosmetics\/\",\"https:\/\/www.pinterest.com\/bandicosmetics\/\",\"https:\/\/www.youtube.com\/user\/BandiCosmeticsPolska\"]},{\"@type\":\"Person\",\"@id\":\"https:\/\/www.bandi.pl\/blog\/#\/schema\/person\/5ba05af1a18c58f1c31d4ae051ec9499\",\"name\":\"Ilona Kiraga\"}]}<\/script>\n<!-- \/ Yoast SEO plugin. -->","yoast_head_json":{"title":"Problemy sk\u00f3ry w okresie oko\u0142omenopauzalnym &#187; Blog BANDI","description":"Menopauza to okres du\u017cych zmian w organizmie kobiety, kt\u00f3re oddzia\u0142uj\u0105 tak\u017ce na sk\u00f3r\u0119. Dlatego piel\u0119gnacja w tym okresie powinna by\u0107 specjalistyczna i wielokierunkowa.","robots":{"index":"index","follow":"follow","max-snippet":"max-snippet:-1","max-image-preview":"max-image-preview:large","max-video-preview":"max-video-preview:-1"},"canonical":"https:\/\/www.bandi.pl\/blog\/problemy-skory-w-okresie-okolomenopauzalnym\/","og_locale":"pl_PL","og_type":"article","og_title":"Problemy sk\u00f3ry w okresie oko\u0142omenopauzalnym &#187; Blog BANDI","og_description":"Menopauza to okres du\u017cych zmian w organizmie kobiety, kt\u00f3re oddzia\u0142uj\u0105 tak\u017ce na sk\u00f3r\u0119. Dlatego piel\u0119gnacja w tym okresie powinna by\u0107 specjalistyczna i wielokierunkowa.","og_url":"https:\/\/www.bandi.pl\/blog\/problemy-skory-w-okresie-okolomenopauzalnym\/","og_site_name":"Blog BANDI","article_publisher":"https:\/\/web.facebook.com\/BANDIcosmetics","article_published_time":"2025-10-30T10:45:33+00:00","og_image":[{"width":592,"height":420,"url":"https:\/\/www.bandi.pl\/blog\/wp-content\/uploads\/2025\/10\/Projekt-bez-nazwy-7-592x420.png","type":"image\/png"}],"author":"Ilona Kiraga","twitter_card":"summary_large_image","twitter_creator":"@bandi_cosmetics","twitter_site":"@bandi_cosmetics","twitter_misc":{"Napisane przez":"Ilona Kiraga","Szacowany czas czytania":"4 minuty"},"schema":{"@context":"https:\/\/schema.org","@graph":[{"@type":"Article","@id":"https:\/\/www.bandi.pl\/blog\/problemy-skory-w-okresie-okolomenopauzalnym\/#article","isPartOf":{"@id":"https:\/\/www.bandi.pl\/blog\/problemy-skory-w-okresie-okolomenopauzalnym\/"},"author":{"name":"Ilona Kiraga","@id":"https:\/\/www.bandi.pl\/blog\/#\/schema\/person\/5ba05af1a18c58f1c31d4ae051ec9499"},"headline":"Problemy sk\u00f3ry w okresie oko\u0142omenopauzalnym","datePublished":"2025-10-30T10:45:33+00:00","mainEntityOfPage":{"@id":"https:\/\/www.bandi.pl\/blog\/problemy-skory-w-okresie-okolomenopauzalnym\/"},"wordCount":664,"commentCount":0,"publisher":{"@id":"https:\/\/www.bandi.pl\/blog\/#organization"},"image":{"@id":"https:\/\/www.bandi.pl\/blog\/problemy-skory-w-okresie-okolomenopauzalnym\/#primaryimage"},"thumbnailUrl":"https:\/\/www.bandi.pl\/blog\/wp-content\/uploads\/2025\/10\/Projekt-bez-nazwy-7.png","keywords":["Bandi","kosmetyki profesjonalne","krem nawil\u017cajacy","menopauza","okres oko\u0142omenopauzalny","piel\u0119gnacja profesjonalna","piel\u0119gnacja twarzy","sk\u00f3ra dojrza\u0142a","spadek estrogen\u00f3w","wiotka sk\u00f3ra","zmarszczki","zmiany w sk\u00f3rze pod wp\u0142ywem hormon\u00f3w"],"articleSection":["Magdalena Ciupi\u0144ska","Piel\u0119gnacja i kosmetyki"],"inLanguage":"pl-PL","potentialAction":[{"@type":"CommentAction","name":"Comment","target":["https:\/\/www.bandi.pl\/blog\/problemy-skory-w-okresie-okolomenopauzalnym\/#respond"]}]},{"@type":"WebPage","@id":"https:\/\/www.bandi.pl\/blog\/problemy-skory-w-okresie-okolomenopauzalnym\/","url":"https:\/\/www.bandi.pl\/blog\/problemy-skory-w-okresie-okolomenopauzalnym\/","name":"Problemy sk\u00f3ry w okresie oko\u0142omenopauzalnym &#187; Blog BANDI","isPartOf":{"@id":"https:\/\/www.bandi.pl\/blog\/#website"},"primaryImageOfPage":{"@id":"https:\/\/www.bandi.pl\/blog\/problemy-skory-w-okresie-okolomenopauzalnym\/#primaryimage"},"image":{"@id":"https:\/\/www.bandi.pl\/blog\/problemy-skory-w-okresie-okolomenopauzalnym\/#primaryimage"},"thumbnailUrl":"https:\/\/www.bandi.pl\/blog\/wp-content\/uploads\/2025\/10\/Projekt-bez-nazwy-7.png","datePublished":"2025-10-30T10:45:33+00:00","description":"Menopauza to okres du\u017cych zmian w organizmie kobiety, kt\u00f3re oddzia\u0142uj\u0105 tak\u017ce na sk\u00f3r\u0119. Dlatego piel\u0119gnacja w tym okresie powinna by\u0107 specjalistyczna i wielokierunkowa.","breadcrumb":{"@id":"https:\/\/www.bandi.pl\/blog\/problemy-skory-w-okresie-okolomenopauzalnym\/#breadcrumb"},"inLanguage":"pl-PL","potentialAction":[{"@type":"ReadAction","target":["https:\/\/www.bandi.pl\/blog\/problemy-skory-w-okresie-okolomenopauzalnym\/"]}]},{"@type":"ImageObject","inLanguage":"pl-PL","@id":"https:\/\/www.bandi.pl\/blog\/problemy-skory-w-okresie-okolomenopauzalnym\/#primaryimage","url":"https:\/\/www.bandi.pl\/blog\/wp-content\/uploads\/2025\/10\/Projekt-bez-nazwy-7.png","contentUrl":"https:\/\/www.bandi.pl\/blog\/wp-content\/uploads\/2025\/10\/Projekt-bez-nazwy-7.png","width":1748,"height":1240,"caption":"menopauza"},{"@type":"BreadcrumbList","@id":"https:\/\/www.bandi.pl\/blog\/problemy-skory-w-okresie-okolomenopauzalnym\/#breadcrumb","itemListElement":[{"@type":"ListItem","position":1,"name":"BANDI","item":"https:\/\/www.bandi.pl\/blog\/"},{"@type":"ListItem","position":2,"name":"Problemy sk\u00f3ry w okresie oko\u0142omenopauzalnym"}]},{"@type":"WebSite","@id":"https:\/\/www.bandi.pl\/blog\/#website","url":"https:\/\/www.bandi.pl\/blog\/","name":"Blog BANDI","description":"Czarno na bia\u0142ym o kosmetykach","publisher":{"@id":"https:\/\/www.bandi.pl\/blog\/#organization"},"potentialAction":[{"@type":"SearchAction","target":{"@type":"EntryPoint","urlTemplate":"https:\/\/www.bandi.pl\/blog\/?s={search_term_string}"},"query-input":{"@type":"PropertyValueSpecification","valueRequired":true,"valueName":"search_term_string"}}],"inLanguage":"pl-PL"},{"@type":"Organization","@id":"https:\/\/www.bandi.pl\/blog\/#organization","name":"BANDI","url":"https:\/\/www.bandi.pl\/blog\/","logo":{"@type":"ImageObject","inLanguage":"pl-PL","@id":"https:\/\/www.bandi.pl\/blog\/#\/schema\/logo\/image\/","url":"https:\/\/www.bandi.pl\/blog\/wp-content\/uploads\/2019\/06\/bandi-logo.png","contentUrl":"https:\/\/www.bandi.pl\/blog\/wp-content\/uploads\/2019\/06\/bandi-logo.png","width":264,"height":111,"caption":"BANDI"},"image":{"@id":"https:\/\/www.bandi.pl\/blog\/#\/schema\/logo\/image\/"},"sameAs":["https:\/\/web.facebook.com\/BANDIcosmetics","https:\/\/x.com\/bandi_cosmetics","https:\/\/www.instagram.com\/bandi_cosmetics\/","https:\/\/www.pinterest.com\/bandicosmetics\/","https:\/\/www.youtube.com\/user\/BandiCosmeticsPolska"]},{"@type":"Person","@id":"https:\/\/www.bandi.pl\/blog\/#\/schema\/person\/5ba05af1a18c58f1c31d4ae051ec9499","name":"Ilona Kiraga"}]}},"_links":{"self":[{"href":"https:\/\/www.bandi.pl\/blog\/wp-json\/wp\/v2\/posts\/21655","targetHints":{"allow":["GET"]}}],"collection":[{"href":"https:\/\/www.bandi.pl\/blog\/wp-json\/wp\/v2\/posts"}],"about":[{"href":"https:\/\/www.bandi.pl\/blog\/wp-json\/wp\/v2\/types\/post"}],"author":[{"embeddable":true,"href":"https:\/\/www.bandi.pl\/blog\/wp-json\/wp\/v2\/users\/13"}],"replies":[{"embeddable":true,"href":"https:\/\/www.bandi.pl\/blog\/wp-json\/wp\/v2\/comments?post=21655"}],"version-history":[{"count":7,"href":"https:\/\/www.bandi.pl\/blog\/wp-json\/wp\/v2\/posts\/21655\/revisions"}],"predecessor-version":[{"id":21664,"href":"https:\/\/www.bandi.pl\/blog\/wp-json\/wp\/v2\/posts\/21655\/revisions\/21664"}],"wp:featuredmedia":[{"embeddable":true,"href":"https:\/\/www.bandi.pl\/blog\/wp-json\/wp\/v2\/media\/21662"}],"wp:attachment":[{"href":"https:\/\/www.bandi.pl\/blog\/wp-json\/wp\/v2\/media?parent=21655"}],"wp:term":[{"taxonomy":"category","embeddable":true,"href":"https:\/\/www.bandi.pl\/blog\/wp-json\/wp\/v2\/categories?post=21655"},{"taxonomy":"post_tag","embeddable":true,"href":"https:\/\/www.bandi.pl\/blog\/wp-json\/wp\/v2\/tags?post=21655"}],"curies":[{"name":"wp","href":"https:\/\/api.w.org\/{rel}","templated":true}]}}