{"id":21629,"date":"2025-10-16T16:23:25","date_gmt":"2025-10-16T14:23:25","guid":{"rendered":"https:\/\/www.bandi.pl\/blog\/?p=21629"},"modified":"2025-10-16T16:23:26","modified_gmt":"2025-10-16T14:23:26","slug":"przebarwienia-po-lecie-jak-wyrownac-koloryt-skory","status":"publish","type":"post","link":"https:\/\/www.bandi.pl\/blog\/przebarwienia-po-lecie-jak-wyrownac-koloryt-skory\/","title":{"rendered":"Przebarwienia po lecie &#8211; jak wyr\u00f3wna\u0107 koloryt sk\u00f3ry?"},"content":{"rendered":"\n<p>Po lecie sk\u00f3ra cz\u0119sto traci jednolity koloryt i blask. D\u0142u\u017csza ekspozycja na s\u0142o\u0144ce, wysokie temperatury oraz stres oksydacyjny pobudzaj\u0105 melanocyty do wzmo\u017conej aktywno\u015bci, w konsekwencji doprowadzaj\u0105c do powstawania przebarwie\u0144.<br>Jesie\u0144 to idealny moment, by przywr\u00f3ci\u0107 cerze r\u00f3wnomierny koloryt \u2013 rozja\u015bni\u0107 przebarwienia, wyg\u0142adzi\u0107 struktur\u0119 sk\u00f3ry i zabezpieczy\u0107 j\u0105 przed ponownym powstawaniem nier\u00f3wnomiernego kolorytu. Kompleksowe podej\u015bcie, zgodne z fizjologi\u0105 sk\u00f3ry i zrozumieniem proces\u00f3w w niej zachodz\u0105cych, pozwala skutecznie wspiera\u0107 naturalne mechanizmy regeneracji, odnowy i ochrony, przywracaj\u0105c cerze jednolity, promienny wygl\u0105d.<\/p>\n\n\n\n<h2 class=\"wp-block-heading\">Dlaczego powstaj\u0105 przebarwienia?<\/h2>\n\n\n\n<p>Przebarwienia to efekt nadmiernej produkcji melaniny \u2013 barwnika, kt\u00f3ry naturalnie chroni sk\u00f3r\u0119 przed s\u0142o\u0144cem. Gdy jednak dzia\u0142anie promieni UV jest zbyt intensywne, melanocyty zaczynaj\u0105 pracowa\u0107 zbyt aktywnie i wytwarzaj\u0105 wi\u0119cej pigmentu, ni\u017c potrzeba. Melanina gromadzi si\u0119 miejscowo, tworz\u0105c ciemniejsze plamki na sk\u00f3rze. Z czasem utrwalaj\u0105 si\u0119 one i staj\u0105 bardziej widoczne, zw\u0142aszcza po okresie letnim. Do nasilenia przebarwie\u0144 mog\u0105 przyczynia\u0107 si\u0119 tak\u017ce czynniki hormonalne, stany zapalne (np. po tr\u0105dziku), stres oksydacyjny czy niekt\u00f3re leki i kosmetyki fotouczulaj\u0105ce.<\/p>\n\n\n\n<p>Kompleksowe dzia\u0142anie przeciw przebarwieniom opiera si\u0119 na pi\u0119ciu naukowo potwierdzonych filarach:<\/p>\n\n\n\n<ol start=\"1\" class=\"wp-block-list\">\n<li>Hamowanie aktywno\u015bci tyrozynazy czyli enzymu odpowiadaj\u0105cego za produkcj\u0119 melaniny<\/li>\n\n\n\n<li>Ograniczanie transportu melaniny do kom\u00f3rek<\/li>\n\n\n\n<li>Z\u0142uszczanie i odnowa nask\u00f3rka<\/li>\n\n\n\n<li>Ochrona przed stresem oksydacyjnym<\/li>\n\n\n\n<li>Codzienna fotoprotekcja szerokopasmowa<\/li>\n<\/ol>\n\n\n\n<p>Prawid\u0142owo dobrana piel\u0119gnacja pozwala nie tylko rozja\u015bni\u0107 przebarwienia, ale te\u017c skutecznie chroni\u0107 sk\u00f3r\u0119 przed ich nawrotem.<\/p>\n\n\n\n<h2 class=\"wp-block-heading\">Rutyna piel\u0119gnacyjna krok po kroku<\/h2>\n\n\n\n<h4 class=\"wp-block-heading\">Krok 1: Oczyszczanie i przygotowanie sk\u00f3ry<\/h4>\n\n\n\n<p>Oczyszczanie sk\u00f3ry to pierwszy i niezwykle wa\u017cny etap piel\u0119gnacji \u2013 powinno by\u0107 skuteczne, ale jednocze\u015bnie delikatne. Zbyt agresywne produkty mog\u0105 narusza\u0107 barier\u0119 hydrolipidow\u0105 i powodowa\u0107 mikropodra\u017cnienia, kt\u00f3re sprzyjaj\u0105 powstawaniu stan\u00f3w zapalnych i wt\u00f3rnych przebarwie\u0144. <\/p>\n\n\n\n<p><\/p>\n\n\n\n<div class=\"wp-block-media-text is-stacked-on-mobile\" style=\"grid-template-columns:44% auto\"><figure class=\"wp-block-media-text__media\"><a href=\"https:\/\/www.bandi.pl\/sklep\/zele\/rozjasniajacy-zel-do-oczyszczania-twarzy-1036\/\"><img loading=\"lazy\" decoding=\"async\" width=\"420\" height=\"420\" src=\"https:\/\/www.bandi.pl\/blog\/wp-content\/uploads\/2025\/10\/1-1-420x420.png\" alt=\"\u017cel na przebarwienia\" class=\"wp-image-21638 size-full\"\/><\/a><\/figure><div class=\"wp-block-media-text__content\">\n<p><a href=\"https:\/\/www.bandi.pl\/sklep\/zele\/rozjasniajacy-zel-do-oczyszczania-twarzy-1036\/\">Rozja\u015bniaj\u0105cy \u017cel do oczyszczania twarzy<\/a> delikatnie usuwa zanieczyszczenia i pozosta\u0142o\u015bci makija\u017cu, jednocze\u015bnie dbaj\u0105c o mikrobiom i prawid\u0142owe pH sk\u00f3ry. Zawarty w preparacie bioferment z bambusa wspiera naturalne procesy regeneracji i wzmacnia barier\u0119 nask\u00f3rkow\u0105, a niacynamid (witamina B3) rozja\u015bnia cer\u0119, \u0142agodzi podra\u017cnienia i redukuje zaczerwienienia. Dzi\u0119ki obecno\u015bci betainy, \u017cel nie przesusza sk\u00f3ry, pozostawiaj\u0105c j\u0105 od\u015bwie\u017con\u0105, mi\u0119kk\u0105 i g\u0142adk\u0105. Jest to produkt do codziennego stosowania.<\/p>\n<\/div><\/div>\n\n\n\n<p><\/p>\n\n\n\n<p><\/p>\n\n\n\n<h4 class=\"wp-block-heading\">Krok 2: Z\u0142uszczanie \u2013 aktywacja odnowy nask\u00f3rka<\/h4>\n\n\n\n<p>Aby sk\u0142adniki aktywne mog\u0142y dzia\u0142a\u0107 skuteczniej, niezb\u0119dne jest regularne z\u0142uszczanie.<\/p>\n\n\n\n<p><\/p>\n\n\n\n<div class=\"wp-block-media-text has-media-on-the-right is-stacked-on-mobile\" style=\"grid-template-columns:auto 44%\"><div class=\"wp-block-media-text__content\">\n<p><a href=\"https:\/\/www.bandi.pl\/sklep\/peelingi\/peeling-kwasowo-enzymatyczny-silnie-rozjasniajacy-1035\/\">Peeling kwasowo-enzymatyczny silnie rozja\u015bniaj\u0105cy<\/a> \u0142\u0105czy dzia\u0142anie kwasu traneksamowego i azeloglicyny, kt\u00f3re wsp\u00f3lnie wp\u0142ywaj\u0105 na r\u00f3wnomierny koloryt cery. Kwas traneksamowy hamuje nadmiern\u0105 aktywno\u015b\u0107 tyrozynazy i redukuje powstawanie melaniny, natomiast azeloglicyna rozja\u015bnia, \u0142agodzi i wspiera elastyczno\u015b\u0107 sk\u00f3ry. Zawarte w peelingu fermenty przyspieszaj\u0105 usuwanie przebarwionych kom\u00f3rek nask\u00f3rka, pozostawiaj\u0105c cer\u0119 g\u0142adsz\u0105 i promienn\u0105.<\/p>\n<\/div><figure class=\"wp-block-media-text__media\"><a href=\"https:\/\/www.bandi.pl\/sklep\/peelingi\/peeling-kwasowo-enzymatyczny-silnie-rozjasniajacy-1035\/\"><img loading=\"lazy\" decoding=\"async\" width=\"420\" height=\"420\" src=\"https:\/\/www.bandi.pl\/blog\/wp-content\/uploads\/2025\/10\/2-1-420x420.png\" alt=\"peeling na przebarwienia\" class=\"wp-image-21639 size-full\"\/><\/a><\/figure><\/div>\n\n\n\n<p><br>Peeling nale\u017cy stosowa\u0107 do 3 razy w tygodniu, co pozwala na przygotowanie sk\u00f3ry na maksymalne wykorzystanie dzia\u0142ania substancji aktywnych z innych produkt\u00f3w, a jednocze\u015bnie uzupe\u0142nienie ich dzia\u0142ania.<\/p>\n\n\n\n<h4 class=\"wp-block-heading\">Krok 3: Kuracja rozja\u015bniaj\u0105ca \u2013 dzia\u0142anie depigmentacyjne<\/h4>\n\n\n\n<p><\/p>\n\n\n\n<div class=\"wp-block-media-text is-stacked-on-mobile\" style=\"grid-template-columns:44% auto\"><figure class=\"wp-block-media-text__media\"><a href=\"https:\/\/www.bandi.pl\/sklep\/emulsje\/emulsja-silnie-rozjasniajaca-przebarwienia-1034\/\"><img loading=\"lazy\" decoding=\"async\" width=\"420\" height=\"420\" src=\"https:\/\/www.bandi.pl\/blog\/wp-content\/uploads\/2025\/10\/3-420x420.png\" alt=\"emulsja na przebarwienia\" class=\"wp-image-21640 size-full\"\/><\/a><\/figure><div class=\"wp-block-media-text__content\">\n<p>W walce z przebarwieniami kluczow\u0105 rol\u0119 odgrywa <a href=\"https:\/\/www.bandi.pl\/sklep\/emulsje\/emulsja-silnie-rozjasniajaca-przebarwienia-1034\/\">Emulsja silnie rozja\u015bniaj\u0105ca przebarwienia<\/a>, kt\u00f3ra \u0142\u0105czy kwas traneksamowy, niacynamid oraz melano-blokery ro\u015blinne, do stosowania w codziennej piel\u0119gnacji na dzie\u0144 i na noc. To formu\u0142a o udowodnionej skuteczno\u015bci w redukcji plam pigmentacyjnych \u2013 zar\u00f3wno pos\u0142onecznych, jak i potr\u0105dzikowych, a tak\u017ce wp\u0142ywaj\u0105ca korzystnie na zmniejszenie zaczerwienie\u0144 w przypadku cer naczynkowych.<\/p>\n<\/div><\/div>\n\n\n\n<p><\/p>\n\n\n\n<p>Kwas traneksamowy przeciwdzia\u0142a powstawaniu pigmentu, niacynamid ogranicza jego transport do kom\u00f3rek nask\u00f3rka, a melano-blokery wspomagaj\u0105 rozja\u015bnianie i ujednolicenie cery. Formu\u0142a zosta\u0142a wzbogacona o alantoin\u0119, d-pantenol, olej makadamia i skwalan, kt\u00f3re \u0142agodz\u0105, regeneruj\u0105 i przywracaj\u0105 komfort sk\u00f3rze. Efekt? Promienna, elastyczna cera bez oznak szaro\u015bci i zm\u0119czenia.<\/p>\n\n\n\n<h4 class=\"wp-block-heading\">Krok 4: Antyoksydacja i stabilna witamina C<\/h4>\n\n\n\n<p>Nie mniej istotnym elementem terapii przeciw przebarwieniom jest neutralizacja stresu oksydacyjnego czyli dzia\u0142anie antyoksydacyjne. <\/p>\n\n\n\n<p><\/p>\n\n\n\n<div class=\"wp-block-media-text has-media-on-the-right is-stacked-on-mobile\" style=\"grid-template-columns:auto 44%\"><div class=\"wp-block-media-text__content\">\n<p><a href=\"https:\/\/www.bandi.pl\/sklep\/koncentraty\/koncentrat-z-aktywna-witamina-c-701\/\">Koncentrat z aktywn\u0105 witamin\u0105 C<\/a> zawiera nowoczesn\u0105, stabiln\u0105 form\u0119 tej witaminy &#8211; [TETRA C], kt\u00f3ra zachowuje wysok\u0105 aktywno\u015b\u0107 biologiczn\u0105 i ma wysokie powinnowactwo do sk\u00f3ry.<\/p>\n<\/div><figure class=\"wp-block-media-text__media\"><a href=\"https:\/\/www.bandi.pl\/sklep\/koncentraty\/koncentrat-z-aktywna-witamina-c-701\/\"><img loading=\"lazy\" decoding=\"async\" width=\"420\" height=\"420\" src=\"https:\/\/www.bandi.pl\/blog\/wp-content\/uploads\/2025\/10\/Projekt-bez-nazwy-4-3-420x420.png\" alt=\"serum na przebarwienia\" class=\"wp-image-21642 size-full\"\/><\/a><\/figure><\/div>\n\n\n\n<p><\/p>\n\n\n\n<p>Witamina C nie tylko rozja\u015bnia przebarwienia i wyr\u00f3wnuje koloryt cery, ale r\u00f3wnie\u017c wp\u0142ywa na kolagen, poprawiaj\u0105c j\u0119drno\u015b\u0107 i elastyczno\u015b\u0107 sk\u00f3ry. Dzia\u0142a tak\u017ce protekcyjnie, chroni przed dzia\u0142aniem wolnych rodnik\u00f3w oraz stresem \u015brodowiskowym (anti-pollution). Jej dodatkowym atutem jest zdolno\u015b\u0107 do ograniczania utleniania sebum, co sprzyja redukcji niedoskona\u0142o\u015bci i poprawia kondycj\u0119 sk\u00f3ry mieszanej i t\u0142ustej. Dzi\u0119ki \u0142agodnej, niepodra\u017cniaj\u0105cej formule, koncentrat z witamin\u0105 C mo\u017ce by\u0107 stosowany przez ca\u0142y rok.<\/p>\n\n\n\n<h4 class=\"wp-block-heading\">Krok 5: Ochrona i utrwalenie efekt\u00f3w \u2013 fotoprotekcja<\/h4>\n\n\n\n<p>\u017badna terapia rozja\u015bniaj\u0105ca nie b\u0119dzie skuteczna bez codziennej ochrony przeciws\u0142onecznej.<\/p>\n\n\n\n<p><\/p>\n\n\n\n<div class=\"wp-block-media-text is-stacked-on-mobile\" style=\"grid-template-columns:44% auto\"><figure class=\"wp-block-media-text__media\"><a href=\"https:\/\/www.bandi.pl\/sklep\/kremy\/tonujacy-krem-spf-50-1037\/\"><img loading=\"lazy\" decoding=\"async\" width=\"420\" height=\"420\" src=\"https:\/\/www.bandi.pl\/blog\/wp-content\/uploads\/2025\/10\/4-420x420.png\" alt=\"krem na przebarwienia\" class=\"wp-image-21641 size-full\"\/><\/a><\/figure><div class=\"wp-block-media-text__content\">\n<p><a href=\"https:\/\/www.bandi.pl\/sklep\/kremy\/tonujacy-krem-spf-50-1037\/\">Tonuj\u0105cy krem SPF 50<\/a> to zaawansowana formu\u0142a, kt\u00f3ra chroni sk\u00f3r\u0119 przed promieniowaniem UVA, UVB, IR i HEV, a jednocze\u015bnie dzia\u0142a piel\u0119gnuj\u0105co. Zawarta w kremie karnozyna neutralizuje wolne rodniki i przeciwdzia\u0142a glikacji bia\u0142ek, wspieraj\u0105c zachowanie j\u0119drno\u015bci sk\u00f3ry. Niacynamid wspomaga wyr\u00f3wnanie kolorytu i ogranicza powstawanie nowych przebarwie\u0144.<\/p>\n<\/div><\/div>\n\n\n\n<p><\/p>\n\n\n\n<p>Niebiel\u0105ca, lekka formu\u0142a tonuj\u0105ca subtelnie wyr\u00f3wnuje koloryt, daj\u0105c efekt jednolitej, roz\u015bwietlonej sk\u00f3ry.<br>To ostatni, ale absolutnie kluczowy krok, kt\u00f3ry zabezpiecza sk\u00f3r\u0119 przed ponownym powstawaniem przebarwie\u0144 i przedwczesnym starzeniem. Produkt jest niekomedogenny, dzi\u0119ki czemu sprawdzi si\u0119 w przypadku cer problematycznych, ze sk\u0142onno\u015bci\u0105 do powstawania niedoskona\u0142o\u015bci.<\/p>\n\n\n\n<h2 class=\"wp-block-heading\">Skuteczna piel\u0119gnacja przeciw przebarwieniom<\/h2>\n\n\n\n<p>Oczyszczanie, z\u0142uszczanie, kuracja depigmentacyjna i fotoprotekcja tworz\u0105 rutyn\u0119 piel\u0119gnacyjn\u0105, dzia\u0142aj\u0105c\u0105 zar\u00f3wno prewencyjnie, jak i naprawczo. To nowoczesne podej\u015bcie do piel\u0119gnacji sk\u00f3ry z przebarwieniami \u2013 oparte na wiedzy dermatologicznej, badaniach klinicznych i skutecznych substancjach aktywnych.<\/p>\n\n\n\n<p>Jesie\u0144 to czas regeneracji sk\u00f3ry po intensywnym lecie. Dzi\u0119ki regularnie stosowanej piel\u0119gnacji opartej na skutecznych sk\u0142adnikach aktywnych mo\u017cliwe jest nie tylko rozja\u015bnienie istniej\u0105cych przebarwie\u0144, ale tak\u017ce wzmocnienie naturalnych mechanizm\u00f3w obronnych sk\u00f3ry. Po\u0142\u0105czenie odpowiednich sk\u0142adnik\u00f3w aktywnych pozwala uzyska\u0107 efekt r\u00f3wnomiernego kolorytu, promiennej cery i m\u0142odszego wygl\u0105du. To kompleksowe rozwi\u0105zanie, kt\u00f3re dzia\u0142a zar\u00f3wno na przyczyny, jak i skutki przebarwie\u0144, zapewniaj\u0105c sk\u00f3rze promienny i jednolity wygl\u0105d.<\/p>\n\n\n\n<div class=\"wp-block-divi-layout\">[et_pb_section fb_built=&#8221;1&#8243; _builder_version=&#8221;4.27.4&#8243; _module_preset=&#8221;default&#8221; global_colors_info=&#8221;{}&#8221;][\/et_pb_section][et_pb_section fb_built=&#8221;1&#8243; _builder_version=&#8221;4.16&#8243; top_divider_style=&#8221;arrow&#8221; top_divider_color=&#8221;rgba(255,166,168,0.75)&#8221; top_divider_height=&#8221;1px&#8221; bottom_divider_style=&#8221;arrow&#8221; bottom_divider_color=&#8221;rgba(255,166,168,0.75)&#8221; bottom_divider_height=&#8221;1px&#8221; global_colors_info=&#8221;{}&#8221;][et_pb_row column_structure=&#8221;1_2,1_2&#8243; _builder_version=&#8221;4.16&#8243; width=&#8221;100%&#8221; module_alignment=&#8221;left&#8221; custom_margin=&#8221;||||false|false&#8221; global_colors_info=&#8221;{}&#8221;][et_pb_column type=&#8221;1_2&#8243; _builder_version=&#8221;4.16&#8243; global_colors_info=&#8221;{}&#8221;][et_pb_text _builder_version=&#8221;4.27.4&#8243; text_font=&#8221;Raleway Bold||||||||&#8221; text_text_color=&#8221;rgba(255,166,168,0.75)&#8221; text_font_size=&#8221;55px&#8221; text_letter_spacing=&#8221;9px&#8221; text_line_height=&#8221;1em&#8221; header_font_size=&#8221;39px&#8221; min_height=&#8221;23px&#8221; custom_margin=&#8221;40px||||false|false&#8221; link_option_url=&#8221;https:\/\/www.bandi.pl\/sklep\/katalog\/seria\/103_medical-anti-dark-spot\/&#8221; inline_fonts=&#8221;Raleway Bold&#8221; global_colors_info=&#8221;{}&#8221;]<p style=\"text-align: center\"><span style=\"font-size: xx-large;font-family: inherit;font-weight: normal\"><strong>ANTI DARK SPOT<\/strong><\/span><\/p>\n<p style=\"text-align: center\"><span style=\"font-size: xx-large;font-family: inherit;font-weight: normal\"><strong><\/strong><\/span><\/p>[\/et_pb_text][et_pb_text _builder_version=&#8221;4.27.4&#8243; text_font=&#8221;Raleway Regular||||||||&#8221; text_text_color=&#8221;#b8b8b8&#8243; text_font_size=&#8221;22px&#8221; text_line_height=&#8221;1.5em&#8221; link_option_url=&#8221;https:\/\/www.bandi.pl\/sklep\/katalog\/seria\/103_medical-anti-dark-spot\/&#8221; global_colors_info=&#8221;{}&#8221;]<p style=\"text-align: center\">Skuteczne rozwi\u0105zanie na problem przebarwie\u0144<\/p>\n<p style=\"text-align: center\"><\/p>\n<p style=\"text-align: center\"><\/p>[\/et_pb_text][et_pb_button button_url=&#8221;https:\/\/www.bandi.pl\/sklep\/katalog\/seria\/103_medical-anti-dark-spot\/&#8221; button_text=&#8221;ZOBACZ&#8221; button_alignment=&#8221;center&#8221; disabled_on=&#8221;off|off|off&#8221; _builder_version=&#8221;4.27.4&#8243; custom_button=&#8221;on&#8221; button_text_size=&#8221;20px&#8221; button_text_color=&#8221;#ffffff&#8221; button_border_radius=&#8221;25px&#8221; button_font=&#8221;Bree Serif||||||||&#8221; background_layout=&#8221;dark&#8221; custom_padding=&#8221;12px|30px|12px|30px|true|true&#8221; hover_transition_duration=&#8221;0ms&#8221; box_shadow_style=&#8221;preset3&#8243; global_colors_info=&#8221;{}&#8221;][\/et_pb_button][\/et_pb_column][et_pb_column type=&#8221;1_2&#8243; _builder_version=&#8221;4.16&#8243; global_colors_info=&#8221;{}&#8221;][et_pb_image src=&#8221;https:\/\/www.bandi.pl\/blog\/wp-content\/uploads\/2025\/10\/NX32_NX33_NX34_NX35_ANTI-DARK-SPOT_KOMPOZYCJA_2_20240902.jpg&#8221; title_text=&#8221;NX32_NX33_NX34_NX35_ANTI DARK SPOT_KOMPOZYCJA_2_20240902&#8243; url=&#8221;https:\/\/www.bandi.pl\/sklep\/katalog\/seria\/103_medical-anti-dark-spot\/&#8221; align=&#8221;center&#8221; _builder_version=&#8221;4.27.4&#8243; width=&#8221;100%&#8221; hover_enabled=&#8221;0&#8243; global_colors_info=&#8221;{}&#8221; sticky_enabled=&#8221;0&#8243;][\/et_pb_image][\/et_pb_column][\/et_pb_row][\/et_pb_section]<\/div>\n\n\n\n<div class=\"wp-block-divi-layout\">[et_pb_section admin_label=&#8221;section&#8221;][et_pb_row admin_label=&#8221;row&#8221;][\/et_pb_row][\/et_pb_section]<\/div>\n","protected":false},"excerpt":{"rendered":"<p>Po lecie sk\u00f3ra cz\u0119sto traci jednolity koloryt i blask. D\u0142u\u017csza ekspozycja na s\u0142o\u0144ce, wysokie temperatury oraz stres oksydacyjny pobudzaj\u0105 melanocyty do wzmo\u017conej aktywno\u015bci, w konsekwencji doprowadzaj\u0105c do powstawania przebarwie\u0144.Jesie\u0144 to idealny moment, by przywr\u00f3ci\u0107 cerze r\u00f3wnomierny koloryt \u2013 rozja\u015bni\u0107 przebarwienia, wyg\u0142adzi\u0107 struktur\u0119 sk\u00f3ry i zabezpieczy\u0107 j\u0105 przed ponownym powstawaniem nier\u00f3wnomiernego kolorytu. Kompleksowe podej\u015bcie, zgodne z [&hellip;]<\/p>\n","protected":false},"author":13,"featured_media":21636,"comment_status":"open","ping_status":"closed","sticky":false,"template":"","format":"standard","meta":{"_et_pb_use_builder":"off","_et_pb_old_content":"","_et_gb_content_width":"","footnotes":""},"categories":[8598,1817],"tags":[3445,8859,8860,4232,7255,4834,4230,5868,8858,28],"class_list":["post-21629","post","type-post","status-publish","format-standard","has-post-thumbnail","hentry","category-anna-widera","category-kategoria-pielegnacja-i-kosmetyki","tag-bandi","tag-ciemne-plamy-na-skorze","tag-dark-spot","tag-kosmetyki-profesjonalne","tag-kwas-traneksamowy","tag-niacynamid","tag-pielegnacja-profesjonalna","tag-pielegnacja-twarzy","tag-plamy-na-twarzy","tag-witamina-c"],"yoast_head":"<!-- This site is optimized with the Yoast SEO plugin v27.1.1 - https:\/\/yoast.com\/product\/yoast-seo-wordpress\/ -->\n<title>Przebarwienia po lecie - jak wyr\u00f3wna\u0107 koloryt sk\u00f3ry? &#187; Blog BANDI<\/title>\n<meta name=\"robots\" content=\"index, follow, max-snippet:-1, max-image-preview:large, max-video-preview:-1\" \/>\n<link rel=\"canonical\" href=\"https:\/\/www.bandi.pl\/blog\/przebarwienia-po-lecie-jak-wyrownac-koloryt-skory\/\" \/>\n<meta property=\"og:locale\" content=\"pl_PL\" \/>\n<meta property=\"og:type\" content=\"article\" \/>\n<meta property=\"og:title\" content=\"Przebarwienia po lecie - jak wyr\u00f3wna\u0107 koloryt sk\u00f3ry? &#187; Blog BANDI\" \/>\n<meta property=\"og:description\" content=\"Po lecie sk\u00f3ra cz\u0119sto traci jednolity koloryt i blask. D\u0142u\u017csza ekspozycja na s\u0142o\u0144ce, wysokie temperatury oraz stres oksydacyjny pobudzaj\u0105 melanocyty do wzmo\u017conej aktywno\u015bci, w konsekwencji doprowadzaj\u0105c do powstawania przebarwie\u0144.Jesie\u0144 to idealny moment, by przywr\u00f3ci\u0107 cerze r\u00f3wnomierny koloryt \u2013 rozja\u015bni\u0107 przebarwienia, wyg\u0142adzi\u0107 struktur\u0119 sk\u00f3ry i zabezpieczy\u0107 j\u0105 przed ponownym powstawaniem nier\u00f3wnomiernego kolorytu. Kompleksowe podej\u015bcie, zgodne z [&hellip;]\" \/>\n<meta property=\"og:url\" content=\"https:\/\/www.bandi.pl\/blog\/przebarwienia-po-lecie-jak-wyrownac-koloryt-skory\/\" \/>\n<meta property=\"og:site_name\" content=\"Blog BANDI\" \/>\n<meta property=\"article:publisher\" content=\"https:\/\/web.facebook.com\/BANDIcosmetics\" \/>\n<meta property=\"article:published_time\" content=\"2025-10-16T14:23:25+00:00\" \/>\n<meta property=\"article:modified_time\" content=\"2025-10-16T14:23:26+00:00\" \/>\n<meta property=\"og:image\" content=\"https:\/\/www.bandi.pl\/blog\/wp-content\/uploads\/2025\/10\/Projekt-bez-nazwy-4-2.png\" \/>\n\t<meta property=\"og:image:width\" content=\"1748\" \/>\n\t<meta property=\"og:image:height\" content=\"1240\" \/>\n\t<meta property=\"og:image:type\" content=\"image\/png\" \/>\n<meta name=\"author\" content=\"Ilona Kiraga\" \/>\n<meta name=\"twitter:card\" content=\"summary_large_image\" \/>\n<meta name=\"twitter:creator\" content=\"@bandi_cosmetics\" \/>\n<meta name=\"twitter:site\" content=\"@bandi_cosmetics\" \/>\n<meta name=\"twitter:label1\" content=\"Napisane przez\" \/>\n\t<meta name=\"twitter:data1\" content=\"Ilona Kiraga\" \/>\n\t<meta name=\"twitter:label2\" content=\"Szacowany czas czytania\" \/>\n\t<meta name=\"twitter:data2\" content=\"7 minut\" \/>\n<script type=\"application\/ld+json\" class=\"yoast-schema-graph\">{\"@context\":\"https:\/\/schema.org\",\"@graph\":[{\"@type\":\"Article\",\"@id\":\"https:\/\/www.bandi.pl\/blog\/przebarwienia-po-lecie-jak-wyrownac-koloryt-skory\/#article\",\"isPartOf\":{\"@id\":\"https:\/\/www.bandi.pl\/blog\/przebarwienia-po-lecie-jak-wyrownac-koloryt-skory\/\"},\"author\":{\"name\":\"Ilona Kiraga\",\"@id\":\"https:\/\/www.bandi.pl\/blog\/#\/schema\/person\/5ba05af1a18c58f1c31d4ae051ec9499\"},\"headline\":\"Przebarwienia po lecie &#8211; jak wyr\u00f3wna\u0107 koloryt sk\u00f3ry?\",\"datePublished\":\"2025-10-16T14:23:25+00:00\",\"dateModified\":\"2025-10-16T14:23:26+00:00\",\"mainEntityOfPage\":{\"@id\":\"https:\/\/www.bandi.pl\/blog\/przebarwienia-po-lecie-jak-wyrownac-koloryt-skory\/\"},\"wordCount\":1395,\"commentCount\":0,\"publisher\":{\"@id\":\"https:\/\/www.bandi.pl\/blog\/#organization\"},\"image\":{\"@id\":\"https:\/\/www.bandi.pl\/blog\/przebarwienia-po-lecie-jak-wyrownac-koloryt-skory\/#primaryimage\"},\"thumbnailUrl\":\"https:\/\/www.bandi.pl\/blog\/wp-content\/uploads\/2025\/10\/Projekt-bez-nazwy-4-2.png\",\"keywords\":[\"Bandi\",\"ciemne plamy na sk\u00f3rze\",\"dark spot\",\"kosmetyki profesjonalne\",\"kwas traneksamowy\",\"niacynamid\",\"piel\u0119gnacja profesjonalna\",\"piel\u0119gnacja twarzy\",\"plamy na twarzy\",\"witamina C\"],\"articleSection\":[\"Anna Widera\",\"Piel\u0119gnacja i kosmetyki\"],\"inLanguage\":\"pl-PL\",\"potentialAction\":[{\"@type\":\"CommentAction\",\"name\":\"Comment\",\"target\":[\"https:\/\/www.bandi.pl\/blog\/przebarwienia-po-lecie-jak-wyrownac-koloryt-skory\/#respond\"]}]},{\"@type\":\"WebPage\",\"@id\":\"https:\/\/www.bandi.pl\/blog\/przebarwienia-po-lecie-jak-wyrownac-koloryt-skory\/\",\"url\":\"https:\/\/www.bandi.pl\/blog\/przebarwienia-po-lecie-jak-wyrownac-koloryt-skory\/\",\"name\":\"Przebarwienia po lecie - jak wyr\u00f3wna\u0107 koloryt sk\u00f3ry? &#187; Blog BANDI\",\"isPartOf\":{\"@id\":\"https:\/\/www.bandi.pl\/blog\/#website\"},\"primaryImageOfPage\":{\"@id\":\"https:\/\/www.bandi.pl\/blog\/przebarwienia-po-lecie-jak-wyrownac-koloryt-skory\/#primaryimage\"},\"image\":{\"@id\":\"https:\/\/www.bandi.pl\/blog\/przebarwienia-po-lecie-jak-wyrownac-koloryt-skory\/#primaryimage\"},\"thumbnailUrl\":\"https:\/\/www.bandi.pl\/blog\/wp-content\/uploads\/2025\/10\/Projekt-bez-nazwy-4-2.png\",\"datePublished\":\"2025-10-16T14:23:25+00:00\",\"dateModified\":\"2025-10-16T14:23:26+00:00\",\"breadcrumb\":{\"@id\":\"https:\/\/www.bandi.pl\/blog\/przebarwienia-po-lecie-jak-wyrownac-koloryt-skory\/#breadcrumb\"},\"inLanguage\":\"pl-PL\",\"potentialAction\":[{\"@type\":\"ReadAction\",\"target\":[\"https:\/\/www.bandi.pl\/blog\/przebarwienia-po-lecie-jak-wyrownac-koloryt-skory\/\"]}]},{\"@type\":\"ImageObject\",\"inLanguage\":\"pl-PL\",\"@id\":\"https:\/\/www.bandi.pl\/blog\/przebarwienia-po-lecie-jak-wyrownac-koloryt-skory\/#primaryimage\",\"url\":\"https:\/\/www.bandi.pl\/blog\/wp-content\/uploads\/2025\/10\/Projekt-bez-nazwy-4-2.png\",\"contentUrl\":\"https:\/\/www.bandi.pl\/blog\/wp-content\/uploads\/2025\/10\/Projekt-bez-nazwy-4-2.png\",\"width\":1748,\"height\":1240,\"caption\":\"przebarwienia\"},{\"@type\":\"BreadcrumbList\",\"@id\":\"https:\/\/www.bandi.pl\/blog\/przebarwienia-po-lecie-jak-wyrownac-koloryt-skory\/#breadcrumb\",\"itemListElement\":[{\"@type\":\"ListItem\",\"position\":1,\"name\":\"BANDI\",\"item\":\"https:\/\/www.bandi.pl\/blog\/\"},{\"@type\":\"ListItem\",\"position\":2,\"name\":\"Przebarwienia po lecie &#8211; jak wyr\u00f3wna\u0107 koloryt sk\u00f3ry?\"}]},{\"@type\":\"WebSite\",\"@id\":\"https:\/\/www.bandi.pl\/blog\/#website\",\"url\":\"https:\/\/www.bandi.pl\/blog\/\",\"name\":\"Blog BANDI\",\"description\":\"Czarno na bia\u0142ym o kosmetykach\",\"publisher\":{\"@id\":\"https:\/\/www.bandi.pl\/blog\/#organization\"},\"potentialAction\":[{\"@type\":\"SearchAction\",\"target\":{\"@type\":\"EntryPoint\",\"urlTemplate\":\"https:\/\/www.bandi.pl\/blog\/?s={search_term_string}\"},\"query-input\":{\"@type\":\"PropertyValueSpecification\",\"valueRequired\":true,\"valueName\":\"search_term_string\"}}],\"inLanguage\":\"pl-PL\"},{\"@type\":\"Organization\",\"@id\":\"https:\/\/www.bandi.pl\/blog\/#organization\",\"name\":\"BANDI\",\"url\":\"https:\/\/www.bandi.pl\/blog\/\",\"logo\":{\"@type\":\"ImageObject\",\"inLanguage\":\"pl-PL\",\"@id\":\"https:\/\/www.bandi.pl\/blog\/#\/schema\/logo\/image\/\",\"url\":\"https:\/\/www.bandi.pl\/blog\/wp-content\/uploads\/2019\/06\/bandi-logo.png\",\"contentUrl\":\"https:\/\/www.bandi.pl\/blog\/wp-content\/uploads\/2019\/06\/bandi-logo.png\",\"width\":264,\"height\":111,\"caption\":\"BANDI\"},\"image\":{\"@id\":\"https:\/\/www.bandi.pl\/blog\/#\/schema\/logo\/image\/\"},\"sameAs\":[\"https:\/\/web.facebook.com\/BANDIcosmetics\",\"https:\/\/x.com\/bandi_cosmetics\",\"https:\/\/www.instagram.com\/bandi_cosmetics\/\",\"https:\/\/www.pinterest.com\/bandicosmetics\/\",\"https:\/\/www.youtube.com\/user\/BandiCosmeticsPolska\"]},{\"@type\":\"Person\",\"@id\":\"https:\/\/www.bandi.pl\/blog\/#\/schema\/person\/5ba05af1a18c58f1c31d4ae051ec9499\",\"name\":\"Ilona Kiraga\"}]}<\/script>\n<!-- \/ Yoast SEO plugin. -->","yoast_head_json":{"title":"Przebarwienia po lecie - jak wyr\u00f3wna\u0107 koloryt sk\u00f3ry? &#187; Blog BANDI","robots":{"index":"index","follow":"follow","max-snippet":"max-snippet:-1","max-image-preview":"max-image-preview:large","max-video-preview":"max-video-preview:-1"},"canonical":"https:\/\/www.bandi.pl\/blog\/przebarwienia-po-lecie-jak-wyrownac-koloryt-skory\/","og_locale":"pl_PL","og_type":"article","og_title":"Przebarwienia po lecie - jak wyr\u00f3wna\u0107 koloryt sk\u00f3ry? &#187; Blog BANDI","og_description":"Po lecie sk\u00f3ra cz\u0119sto traci jednolity koloryt i blask. D\u0142u\u017csza ekspozycja na s\u0142o\u0144ce, wysokie temperatury oraz stres oksydacyjny pobudzaj\u0105 melanocyty do wzmo\u017conej aktywno\u015bci, w konsekwencji doprowadzaj\u0105c do powstawania przebarwie\u0144.Jesie\u0144 to idealny moment, by przywr\u00f3ci\u0107 cerze r\u00f3wnomierny koloryt \u2013 rozja\u015bni\u0107 przebarwienia, wyg\u0142adzi\u0107 struktur\u0119 sk\u00f3ry i zabezpieczy\u0107 j\u0105 przed ponownym powstawaniem nier\u00f3wnomiernego kolorytu. Kompleksowe podej\u015bcie, zgodne z [&hellip;]","og_url":"https:\/\/www.bandi.pl\/blog\/przebarwienia-po-lecie-jak-wyrownac-koloryt-skory\/","og_site_name":"Blog BANDI","article_publisher":"https:\/\/web.facebook.com\/BANDIcosmetics","article_published_time":"2025-10-16T14:23:25+00:00","article_modified_time":"2025-10-16T14:23:26+00:00","og_image":[{"width":1748,"height":1240,"url":"https:\/\/www.bandi.pl\/blog\/wp-content\/uploads\/2025\/10\/Projekt-bez-nazwy-4-2.png","type":"image\/png"}],"author":"Ilona Kiraga","twitter_card":"summary_large_image","twitter_creator":"@bandi_cosmetics","twitter_site":"@bandi_cosmetics","twitter_misc":{"Napisane przez":"Ilona Kiraga","Szacowany czas czytania":"7 minut"},"schema":{"@context":"https:\/\/schema.org","@graph":[{"@type":"Article","@id":"https:\/\/www.bandi.pl\/blog\/przebarwienia-po-lecie-jak-wyrownac-koloryt-skory\/#article","isPartOf":{"@id":"https:\/\/www.bandi.pl\/blog\/przebarwienia-po-lecie-jak-wyrownac-koloryt-skory\/"},"author":{"name":"Ilona Kiraga","@id":"https:\/\/www.bandi.pl\/blog\/#\/schema\/person\/5ba05af1a18c58f1c31d4ae051ec9499"},"headline":"Przebarwienia po lecie &#8211; jak wyr\u00f3wna\u0107 koloryt sk\u00f3ry?","datePublished":"2025-10-16T14:23:25+00:00","dateModified":"2025-10-16T14:23:26+00:00","mainEntityOfPage":{"@id":"https:\/\/www.bandi.pl\/blog\/przebarwienia-po-lecie-jak-wyrownac-koloryt-skory\/"},"wordCount":1395,"commentCount":0,"publisher":{"@id":"https:\/\/www.bandi.pl\/blog\/#organization"},"image":{"@id":"https:\/\/www.bandi.pl\/blog\/przebarwienia-po-lecie-jak-wyrownac-koloryt-skory\/#primaryimage"},"thumbnailUrl":"https:\/\/www.bandi.pl\/blog\/wp-content\/uploads\/2025\/10\/Projekt-bez-nazwy-4-2.png","keywords":["Bandi","ciemne plamy na sk\u00f3rze","dark spot","kosmetyki profesjonalne","kwas traneksamowy","niacynamid","piel\u0119gnacja profesjonalna","piel\u0119gnacja twarzy","plamy na twarzy","witamina C"],"articleSection":["Anna Widera","Piel\u0119gnacja i kosmetyki"],"inLanguage":"pl-PL","potentialAction":[{"@type":"CommentAction","name":"Comment","target":["https:\/\/www.bandi.pl\/blog\/przebarwienia-po-lecie-jak-wyrownac-koloryt-skory\/#respond"]}]},{"@type":"WebPage","@id":"https:\/\/www.bandi.pl\/blog\/przebarwienia-po-lecie-jak-wyrownac-koloryt-skory\/","url":"https:\/\/www.bandi.pl\/blog\/przebarwienia-po-lecie-jak-wyrownac-koloryt-skory\/","name":"Przebarwienia po lecie - jak wyr\u00f3wna\u0107 koloryt sk\u00f3ry? &#187; Blog BANDI","isPartOf":{"@id":"https:\/\/www.bandi.pl\/blog\/#website"},"primaryImageOfPage":{"@id":"https:\/\/www.bandi.pl\/blog\/przebarwienia-po-lecie-jak-wyrownac-koloryt-skory\/#primaryimage"},"image":{"@id":"https:\/\/www.bandi.pl\/blog\/przebarwienia-po-lecie-jak-wyrownac-koloryt-skory\/#primaryimage"},"thumbnailUrl":"https:\/\/www.bandi.pl\/blog\/wp-content\/uploads\/2025\/10\/Projekt-bez-nazwy-4-2.png","datePublished":"2025-10-16T14:23:25+00:00","dateModified":"2025-10-16T14:23:26+00:00","breadcrumb":{"@id":"https:\/\/www.bandi.pl\/blog\/przebarwienia-po-lecie-jak-wyrownac-koloryt-skory\/#breadcrumb"},"inLanguage":"pl-PL","potentialAction":[{"@type":"ReadAction","target":["https:\/\/www.bandi.pl\/blog\/przebarwienia-po-lecie-jak-wyrownac-koloryt-skory\/"]}]},{"@type":"ImageObject","inLanguage":"pl-PL","@id":"https:\/\/www.bandi.pl\/blog\/przebarwienia-po-lecie-jak-wyrownac-koloryt-skory\/#primaryimage","url":"https:\/\/www.bandi.pl\/blog\/wp-content\/uploads\/2025\/10\/Projekt-bez-nazwy-4-2.png","contentUrl":"https:\/\/www.bandi.pl\/blog\/wp-content\/uploads\/2025\/10\/Projekt-bez-nazwy-4-2.png","width":1748,"height":1240,"caption":"przebarwienia"},{"@type":"BreadcrumbList","@id":"https:\/\/www.bandi.pl\/blog\/przebarwienia-po-lecie-jak-wyrownac-koloryt-skory\/#breadcrumb","itemListElement":[{"@type":"ListItem","position":1,"name":"BANDI","item":"https:\/\/www.bandi.pl\/blog\/"},{"@type":"ListItem","position":2,"name":"Przebarwienia po lecie &#8211; jak wyr\u00f3wna\u0107 koloryt sk\u00f3ry?"}]},{"@type":"WebSite","@id":"https:\/\/www.bandi.pl\/blog\/#website","url":"https:\/\/www.bandi.pl\/blog\/","name":"Blog BANDI","description":"Czarno na bia\u0142ym o kosmetykach","publisher":{"@id":"https:\/\/www.bandi.pl\/blog\/#organization"},"potentialAction":[{"@type":"SearchAction","target":{"@type":"EntryPoint","urlTemplate":"https:\/\/www.bandi.pl\/blog\/?s={search_term_string}"},"query-input":{"@type":"PropertyValueSpecification","valueRequired":true,"valueName":"search_term_string"}}],"inLanguage":"pl-PL"},{"@type":"Organization","@id":"https:\/\/www.bandi.pl\/blog\/#organization","name":"BANDI","url":"https:\/\/www.bandi.pl\/blog\/","logo":{"@type":"ImageObject","inLanguage":"pl-PL","@id":"https:\/\/www.bandi.pl\/blog\/#\/schema\/logo\/image\/","url":"https:\/\/www.bandi.pl\/blog\/wp-content\/uploads\/2019\/06\/bandi-logo.png","contentUrl":"https:\/\/www.bandi.pl\/blog\/wp-content\/uploads\/2019\/06\/bandi-logo.png","width":264,"height":111,"caption":"BANDI"},"image":{"@id":"https:\/\/www.bandi.pl\/blog\/#\/schema\/logo\/image\/"},"sameAs":["https:\/\/web.facebook.com\/BANDIcosmetics","https:\/\/x.com\/bandi_cosmetics","https:\/\/www.instagram.com\/bandi_cosmetics\/","https:\/\/www.pinterest.com\/bandicosmetics\/","https:\/\/www.youtube.com\/user\/BandiCosmeticsPolska"]},{"@type":"Person","@id":"https:\/\/www.bandi.pl\/blog\/#\/schema\/person\/5ba05af1a18c58f1c31d4ae051ec9499","name":"Ilona Kiraga"}]}},"_links":{"self":[{"href":"https:\/\/www.bandi.pl\/blog\/wp-json\/wp\/v2\/posts\/21629","targetHints":{"allow":["GET"]}}],"collection":[{"href":"https:\/\/www.bandi.pl\/blog\/wp-json\/wp\/v2\/posts"}],"about":[{"href":"https:\/\/www.bandi.pl\/blog\/wp-json\/wp\/v2\/types\/post"}],"author":[{"embeddable":true,"href":"https:\/\/www.bandi.pl\/blog\/wp-json\/wp\/v2\/users\/13"}],"replies":[{"embeddable":true,"href":"https:\/\/www.bandi.pl\/blog\/wp-json\/wp\/v2\/comments?post=21629"}],"version-history":[{"count":16,"href":"https:\/\/www.bandi.pl\/blog\/wp-json\/wp\/v2\/posts\/21629\/revisions"}],"predecessor-version":[{"id":21654,"href":"https:\/\/www.bandi.pl\/blog\/wp-json\/wp\/v2\/posts\/21629\/revisions\/21654"}],"wp:featuredmedia":[{"embeddable":true,"href":"https:\/\/www.bandi.pl\/blog\/wp-json\/wp\/v2\/media\/21636"}],"wp:attachment":[{"href":"https:\/\/www.bandi.pl\/blog\/wp-json\/wp\/v2\/media?parent=21629"}],"wp:term":[{"taxonomy":"category","embeddable":true,"href":"https:\/\/www.bandi.pl\/blog\/wp-json\/wp\/v2\/categories?post=21629"},{"taxonomy":"post_tag","embeddable":true,"href":"https:\/\/www.bandi.pl\/blog\/wp-json\/wp\/v2\/tags?post=21629"}],"curies":[{"name":"wp","href":"https:\/\/api.w.org\/{rel}","templated":true}]}}