{"id":2137,"date":"2017-03-29T11:10:46","date_gmt":"2017-03-29T09:10:46","guid":{"rendered":"http:\/\/eksfoliacja.pl\/?p=2137"},"modified":"2019-11-21T16:48:30","modified_gmt":"2019-11-21T15:48:30","slug":"cosmoprof","status":"publish","type":"post","link":"https:\/\/www.bandi.pl\/blog\/cosmoprof\/","title":{"rendered":"2677 wystawc\u00f3w z 69 kraj\u00f3w w jednym miejscu!"},"content":{"rendered":"\n<p>Za nami jubileuszowa &#8211; 50-ta edycja najwi\u0119kszych targ\u00f3w bran\u017cy kosmetycznej na&nbsp;\u015bwiecie <a rel=\"noreferrer noopener\" aria-label=\"Cosmoprof\" href=\"https:\/\/www.cosmoprof.com\/\" target=\"_blank\">Cosmoprof<\/a> w&nbsp;Bolonii.&nbsp;Dla&nbsp;nas tegoroczna edycja by\u0142a szczeg\u00f3lnie wa\u017cna poniewa\u017c po&nbsp;raz pierwszy zaprezentowali\u015bmy na&nbsp;rynku globalnym nasz\u0105&nbsp;now\u0105 mark\u0119 <a href=\"http:\/\/www.cellandlab.pl\/\" target=\"_blank\" rel=\"noreferrer noopener\" aria-label=\"Cell&amp;Lab\">Cell&amp;Lab<\/a>.<\/p>\n\n\n\n<!--more-->\n\n\n\n<p>Poza wieloma ciekawymi spotkaniami wzi\u0119li\u015bmy udzia\u0142 w&nbsp;akcji charytatywnej prowadzonej przez&nbsp;organizator\u00f3w Cosmoprof&nbsp;&#8222;Boutique&#8221;. Nasz krem nawil\u017caj\u0105cy <a href=\"https:\/\/www.bandi.pl\/sklep\/katalog\/seria\/21_hydro-care\">HydroCare<\/a> cieszy\u0142 si\u0119&nbsp;tak du\u017cym&nbsp;powodzeniem, \u017ce&nbsp;organizatorzy nie&nbsp;nad\u0105\u017cali z&nbsp;dostarczaniem&nbsp;tego kosmetyku do&nbsp;gabloty wystawowej.<\/p>\n\n\n\n<p>Wracamy z nowymi&nbsp;inspiracjami, kt\u00f3re pomog\u0105 nie&nbsp;tylko w&nbsp;tworzeniu nowych&nbsp;trend\u00f3w w&nbsp;bran\u017cy kosmetycznej, ale r\u00f3wnie\u017c pomog\u0105 w pracy nad&nbsp;tak wa\u017cn\u0105 kwesti\u0105 jak materia\u0142y, z&nbsp;kt\u00f3rych mo\u017cna tworzy\u0107 lepsze&nbsp;opakowania &#8211; \u0142atwiejsze w&nbsp;u\u017cytkowaniu i&nbsp;zach\u0119caj\u0105ce pi\u0119knym&nbsp;wygl\u0105dem. Teraz wiemy te\u017c, w&nbsp;jakim kierunku rozwija\u0107 produkty dla&nbsp;Klient\u00f3w z&nbsp;rynk\u00f3w bliskowschodniego i&nbsp;azjatyckiego. Liczymy na&nbsp;owocn\u0105 wsp\u00f3\u0142prac\u0119 z&nbsp;nowo poznanymi Partnerami.<\/p>\n","protected":false},"excerpt":{"rendered":"<p>Za nami jubileuszowa &#8211; 50-ta edycja najwi\u0119kszych targ\u00f3w bran\u017cy kosmetycznej na&nbsp;\u015bwiecie Cosmoprof w&nbsp;Bolonii.&nbsp;Dla&nbsp;nas tegoroczna edycja by\u0142a szczeg\u00f3lnie wa\u017cna poniewa\u017c po&nbsp;raz pierwszy zaprezentowali\u015bmy na&nbsp;rynku globalnym nasz\u0105&nbsp;now\u0105 mark\u0119 Cell&amp;Lab.<\/p>\n","protected":false},"author":3,"featured_media":4404,"comment_status":"open","ping_status":"open","sticky":false,"template":"","format":"standard","meta":{"_et_pb_use_builder":"","_et_pb_old_content":"","_et_gb_content_width":"","footnotes":""},"categories":[1973,1741],"tags":[32,12],"class_list":["post-2137","post","type-post","status-publish","format-standard","has-post-thumbnail","hentry","category-kategoria-targi-kosmetyczne-szkolenia","category-kategoria-z-zycia-firmy","tag-cosmoprof","tag-targi"],"yoast_head":"<!-- This site is optimized with the Yoast SEO plugin v27.1.1 - https:\/\/yoast.com\/product\/yoast-seo-wordpress\/ -->\n<title>2677 wystawc\u00f3w z 69 kraj\u00f3w w jednym miejscu! &#187; Blog BANDI<\/title>\n<meta name=\"robots\" content=\"index, follow, max-snippet:-1, max-image-preview:large, max-video-preview:-1\" \/>\n<link rel=\"canonical\" href=\"https:\/\/www.bandi.pl\/blog\/cosmoprof\/\" \/>\n<meta property=\"og:locale\" content=\"pl_PL\" \/>\n<meta property=\"og:type\" content=\"article\" \/>\n<meta property=\"og:title\" content=\"2677 wystawc\u00f3w z 69 kraj\u00f3w w jednym miejscu! &#187; Blog BANDI\" \/>\n<meta property=\"og:description\" content=\"Za nami jubileuszowa &#8211; 50-ta edycja najwi\u0119kszych targ\u00f3w bran\u017cy kosmetycznej na&nbsp;\u015bwiecie Cosmoprof w&nbsp;Bolonii.&nbsp;Dla&nbsp;nas tegoroczna edycja by\u0142a szczeg\u00f3lnie wa\u017cna poniewa\u017c po&nbsp;raz pierwszy zaprezentowali\u015bmy na&nbsp;rynku globalnym nasz\u0105&nbsp;now\u0105 mark\u0119 Cell&amp;Lab.\" \/>\n<meta property=\"og:url\" content=\"https:\/\/www.bandi.pl\/blog\/cosmoprof\/\" \/>\n<meta property=\"og:site_name\" content=\"Blog BANDI\" \/>\n<meta property=\"article:publisher\" content=\"https:\/\/web.facebook.com\/BANDIcosmetics\" \/>\n<meta property=\"article:published_time\" content=\"2017-03-29T09:10:46+00:00\" \/>\n<meta property=\"article:modified_time\" content=\"2019-11-21T15:48:30+00:00\" \/>\n<meta property=\"og:image\" content=\"https:\/\/www.bandi.pl\/blog\/wp-content\/uploads\/2017\/03\/bandi-na-cosmoprof-2017.jpg\" \/>\n\t<meta property=\"og:image:width\" content=\"400\" \/>\n\t<meta property=\"og:image:height\" content=\"249\" \/>\n\t<meta property=\"og:image:type\" content=\"image\/jpeg\" \/>\n<meta name=\"author\" content=\"BANDI\" \/>\n<meta name=\"twitter:card\" content=\"summary_large_image\" \/>\n<meta name=\"twitter:creator\" content=\"@bandi_cosmetics\" \/>\n<meta name=\"twitter:site\" content=\"@bandi_cosmetics\" \/>\n<meta name=\"twitter:label1\" content=\"Napisane przez\" \/>\n\t<meta name=\"twitter:data1\" content=\"BANDI\" \/>\n\t<meta name=\"twitter:label2\" content=\"Szacowany czas czytania\" \/>\n\t<meta name=\"twitter:data2\" content=\"1 minuta\" \/>\n<script type=\"application\/ld+json\" class=\"yoast-schema-graph\">{\"@context\":\"https:\/\/schema.org\",\"@graph\":[{\"@type\":\"Article\",\"@id\":\"https:\/\/www.bandi.pl\/blog\/cosmoprof\/#article\",\"isPartOf\":{\"@id\":\"https:\/\/www.bandi.pl\/blog\/cosmoprof\/\"},\"author\":{\"name\":\"BANDI\",\"@id\":\"https:\/\/www.bandi.pl\/blog\/#\/schema\/person\/6905a8e1379d84df843b078d275c5aea\"},\"headline\":\"2677 wystawc\u00f3w z 69 kraj\u00f3w w jednym miejscu!\",\"datePublished\":\"2017-03-29T09:10:46+00:00\",\"dateModified\":\"2019-11-21T15:48:30+00:00\",\"mainEntityOfPage\":{\"@id\":\"https:\/\/www.bandi.pl\/blog\/cosmoprof\/\"},\"wordCount\":205,\"commentCount\":0,\"publisher\":{\"@id\":\"https:\/\/www.bandi.pl\/blog\/#organization\"},\"image\":{\"@id\":\"https:\/\/www.bandi.pl\/blog\/cosmoprof\/#primaryimage\"},\"thumbnailUrl\":\"https:\/\/www.bandi.pl\/blog\/wp-content\/uploads\/2017\/03\/bandi-na-cosmoprof-2017.jpg\",\"keywords\":[\"Cosmoprof\",\"targi\"],\"articleSection\":[\"Targi kosmetyczne, szkolenia...\",\"Z \u017cycia firmy\"],\"inLanguage\":\"pl-PL\",\"potentialAction\":[{\"@type\":\"CommentAction\",\"name\":\"Comment\",\"target\":[\"https:\/\/www.bandi.pl\/blog\/cosmoprof\/#respond\"]}]},{\"@type\":\"WebPage\",\"@id\":\"https:\/\/www.bandi.pl\/blog\/cosmoprof\/\",\"url\":\"https:\/\/www.bandi.pl\/blog\/cosmoprof\/\",\"name\":\"2677 wystawc\u00f3w z 69 kraj\u00f3w w jednym miejscu! &#187; Blog BANDI\",\"isPartOf\":{\"@id\":\"https:\/\/www.bandi.pl\/blog\/#website\"},\"primaryImageOfPage\":{\"@id\":\"https:\/\/www.bandi.pl\/blog\/cosmoprof\/#primaryimage\"},\"image\":{\"@id\":\"https:\/\/www.bandi.pl\/blog\/cosmoprof\/#primaryimage\"},\"thumbnailUrl\":\"https:\/\/www.bandi.pl\/blog\/wp-content\/uploads\/2017\/03\/bandi-na-cosmoprof-2017.jpg\",\"datePublished\":\"2017-03-29T09:10:46+00:00\",\"dateModified\":\"2019-11-21T15:48:30+00:00\",\"breadcrumb\":{\"@id\":\"https:\/\/www.bandi.pl\/blog\/cosmoprof\/#breadcrumb\"},\"inLanguage\":\"pl-PL\",\"potentialAction\":[{\"@type\":\"ReadAction\",\"target\":[\"https:\/\/www.bandi.pl\/blog\/cosmoprof\/\"]}]},{\"@type\":\"ImageObject\",\"inLanguage\":\"pl-PL\",\"@id\":\"https:\/\/www.bandi.pl\/blog\/cosmoprof\/#primaryimage\",\"url\":\"https:\/\/www.bandi.pl\/blog\/wp-content\/uploads\/2017\/03\/bandi-na-cosmoprof-2017.jpg\",\"contentUrl\":\"https:\/\/www.bandi.pl\/blog\/wp-content\/uploads\/2017\/03\/bandi-na-cosmoprof-2017.jpg\",\"width\":400,\"height\":249,\"caption\":\"BANDI na Cosmoprof 2017\"},{\"@type\":\"BreadcrumbList\",\"@id\":\"https:\/\/www.bandi.pl\/blog\/cosmoprof\/#breadcrumb\",\"itemListElement\":[{\"@type\":\"ListItem\",\"position\":1,\"name\":\"BANDI\",\"item\":\"https:\/\/www.bandi.pl\/blog\/\"},{\"@type\":\"ListItem\",\"position\":2,\"name\":\"2677 wystawc\u00f3w z 69 kraj\u00f3w w jednym miejscu!\"}]},{\"@type\":\"WebSite\",\"@id\":\"https:\/\/www.bandi.pl\/blog\/#website\",\"url\":\"https:\/\/www.bandi.pl\/blog\/\",\"name\":\"Blog BANDI\",\"description\":\"Czarno na bia\u0142ym o kosmetykach\",\"publisher\":{\"@id\":\"https:\/\/www.bandi.pl\/blog\/#organization\"},\"potentialAction\":[{\"@type\":\"SearchAction\",\"target\":{\"@type\":\"EntryPoint\",\"urlTemplate\":\"https:\/\/www.bandi.pl\/blog\/?s={search_term_string}\"},\"query-input\":{\"@type\":\"PropertyValueSpecification\",\"valueRequired\":true,\"valueName\":\"search_term_string\"}}],\"inLanguage\":\"pl-PL\"},{\"@type\":\"Organization\",\"@id\":\"https:\/\/www.bandi.pl\/blog\/#organization\",\"name\":\"BANDI\",\"url\":\"https:\/\/www.bandi.pl\/blog\/\",\"logo\":{\"@type\":\"ImageObject\",\"inLanguage\":\"pl-PL\",\"@id\":\"https:\/\/www.bandi.pl\/blog\/#\/schema\/logo\/image\/\",\"url\":\"https:\/\/www.bandi.pl\/blog\/wp-content\/uploads\/2019\/06\/bandi-logo.png\",\"contentUrl\":\"https:\/\/www.bandi.pl\/blog\/wp-content\/uploads\/2019\/06\/bandi-logo.png\",\"width\":264,\"height\":111,\"caption\":\"BANDI\"},\"image\":{\"@id\":\"https:\/\/www.bandi.pl\/blog\/#\/schema\/logo\/image\/\"},\"sameAs\":[\"https:\/\/web.facebook.com\/BANDIcosmetics\",\"https:\/\/x.com\/bandi_cosmetics\",\"https:\/\/www.instagram.com\/bandi_cosmetics\/\",\"https:\/\/www.pinterest.com\/bandicosmetics\/\",\"https:\/\/www.youtube.com\/user\/BandiCosmeticsPolska\"]},{\"@type\":\"Person\",\"@id\":\"https:\/\/www.bandi.pl\/blog\/#\/schema\/person\/6905a8e1379d84df843b078d275c5aea\",\"name\":\"BANDI\",\"sameAs\":[\"https:\/\/www.bandi.pl\/blog\"]}]}<\/script>\n<!-- \/ Yoast SEO plugin. -->","yoast_head_json":{"title":"2677 wystawc\u00f3w z 69 kraj\u00f3w w jednym miejscu! &#187; Blog BANDI","robots":{"index":"index","follow":"follow","max-snippet":"max-snippet:-1","max-image-preview":"max-image-preview:large","max-video-preview":"max-video-preview:-1"},"canonical":"https:\/\/www.bandi.pl\/blog\/cosmoprof\/","og_locale":"pl_PL","og_type":"article","og_title":"2677 wystawc\u00f3w z 69 kraj\u00f3w w jednym miejscu! &#187; Blog BANDI","og_description":"Za nami jubileuszowa &#8211; 50-ta edycja najwi\u0119kszych targ\u00f3w bran\u017cy kosmetycznej na&nbsp;\u015bwiecie Cosmoprof w&nbsp;Bolonii.&nbsp;Dla&nbsp;nas tegoroczna edycja by\u0142a szczeg\u00f3lnie wa\u017cna poniewa\u017c po&nbsp;raz pierwszy zaprezentowali\u015bmy na&nbsp;rynku globalnym nasz\u0105&nbsp;now\u0105 mark\u0119 Cell&amp;Lab.","og_url":"https:\/\/www.bandi.pl\/blog\/cosmoprof\/","og_site_name":"Blog BANDI","article_publisher":"https:\/\/web.facebook.com\/BANDIcosmetics","article_published_time":"2017-03-29T09:10:46+00:00","article_modified_time":"2019-11-21T15:48:30+00:00","og_image":[{"width":400,"height":249,"url":"https:\/\/www.bandi.pl\/blog\/wp-content\/uploads\/2017\/03\/bandi-na-cosmoprof-2017.jpg","type":"image\/jpeg"}],"author":"BANDI","twitter_card":"summary_large_image","twitter_creator":"@bandi_cosmetics","twitter_site":"@bandi_cosmetics","twitter_misc":{"Napisane przez":"BANDI","Szacowany czas czytania":"1 minuta"},"schema":{"@context":"https:\/\/schema.org","@graph":[{"@type":"Article","@id":"https:\/\/www.bandi.pl\/blog\/cosmoprof\/#article","isPartOf":{"@id":"https:\/\/www.bandi.pl\/blog\/cosmoprof\/"},"author":{"name":"BANDI","@id":"https:\/\/www.bandi.pl\/blog\/#\/schema\/person\/6905a8e1379d84df843b078d275c5aea"},"headline":"2677 wystawc\u00f3w z 69 kraj\u00f3w w jednym miejscu!","datePublished":"2017-03-29T09:10:46+00:00","dateModified":"2019-11-21T15:48:30+00:00","mainEntityOfPage":{"@id":"https:\/\/www.bandi.pl\/blog\/cosmoprof\/"},"wordCount":205,"commentCount":0,"publisher":{"@id":"https:\/\/www.bandi.pl\/blog\/#organization"},"image":{"@id":"https:\/\/www.bandi.pl\/blog\/cosmoprof\/#primaryimage"},"thumbnailUrl":"https:\/\/www.bandi.pl\/blog\/wp-content\/uploads\/2017\/03\/bandi-na-cosmoprof-2017.jpg","keywords":["Cosmoprof","targi"],"articleSection":["Targi kosmetyczne, szkolenia...","Z \u017cycia firmy"],"inLanguage":"pl-PL","potentialAction":[{"@type":"CommentAction","name":"Comment","target":["https:\/\/www.bandi.pl\/blog\/cosmoprof\/#respond"]}]},{"@type":"WebPage","@id":"https:\/\/www.bandi.pl\/blog\/cosmoprof\/","url":"https:\/\/www.bandi.pl\/blog\/cosmoprof\/","name":"2677 wystawc\u00f3w z 69 kraj\u00f3w w jednym miejscu! &#187; Blog BANDI","isPartOf":{"@id":"https:\/\/www.bandi.pl\/blog\/#website"},"primaryImageOfPage":{"@id":"https:\/\/www.bandi.pl\/blog\/cosmoprof\/#primaryimage"},"image":{"@id":"https:\/\/www.bandi.pl\/blog\/cosmoprof\/#primaryimage"},"thumbnailUrl":"https:\/\/www.bandi.pl\/blog\/wp-content\/uploads\/2017\/03\/bandi-na-cosmoprof-2017.jpg","datePublished":"2017-03-29T09:10:46+00:00","dateModified":"2019-11-21T15:48:30+00:00","breadcrumb":{"@id":"https:\/\/www.bandi.pl\/blog\/cosmoprof\/#breadcrumb"},"inLanguage":"pl-PL","potentialAction":[{"@type":"ReadAction","target":["https:\/\/www.bandi.pl\/blog\/cosmoprof\/"]}]},{"@type":"ImageObject","inLanguage":"pl-PL","@id":"https:\/\/www.bandi.pl\/blog\/cosmoprof\/#primaryimage","url":"https:\/\/www.bandi.pl\/blog\/wp-content\/uploads\/2017\/03\/bandi-na-cosmoprof-2017.jpg","contentUrl":"https:\/\/www.bandi.pl\/blog\/wp-content\/uploads\/2017\/03\/bandi-na-cosmoprof-2017.jpg","width":400,"height":249,"caption":"BANDI na Cosmoprof 2017"},{"@type":"BreadcrumbList","@id":"https:\/\/www.bandi.pl\/blog\/cosmoprof\/#breadcrumb","itemListElement":[{"@type":"ListItem","position":1,"name":"BANDI","item":"https:\/\/www.bandi.pl\/blog\/"},{"@type":"ListItem","position":2,"name":"2677 wystawc\u00f3w z 69 kraj\u00f3w w jednym miejscu!"}]},{"@type":"WebSite","@id":"https:\/\/www.bandi.pl\/blog\/#website","url":"https:\/\/www.bandi.pl\/blog\/","name":"Blog BANDI","description":"Czarno na bia\u0142ym o kosmetykach","publisher":{"@id":"https:\/\/www.bandi.pl\/blog\/#organization"},"potentialAction":[{"@type":"SearchAction","target":{"@type":"EntryPoint","urlTemplate":"https:\/\/www.bandi.pl\/blog\/?s={search_term_string}"},"query-input":{"@type":"PropertyValueSpecification","valueRequired":true,"valueName":"search_term_string"}}],"inLanguage":"pl-PL"},{"@type":"Organization","@id":"https:\/\/www.bandi.pl\/blog\/#organization","name":"BANDI","url":"https:\/\/www.bandi.pl\/blog\/","logo":{"@type":"ImageObject","inLanguage":"pl-PL","@id":"https:\/\/www.bandi.pl\/blog\/#\/schema\/logo\/image\/","url":"https:\/\/www.bandi.pl\/blog\/wp-content\/uploads\/2019\/06\/bandi-logo.png","contentUrl":"https:\/\/www.bandi.pl\/blog\/wp-content\/uploads\/2019\/06\/bandi-logo.png","width":264,"height":111,"caption":"BANDI"},"image":{"@id":"https:\/\/www.bandi.pl\/blog\/#\/schema\/logo\/image\/"},"sameAs":["https:\/\/web.facebook.com\/BANDIcosmetics","https:\/\/x.com\/bandi_cosmetics","https:\/\/www.instagram.com\/bandi_cosmetics\/","https:\/\/www.pinterest.com\/bandicosmetics\/","https:\/\/www.youtube.com\/user\/BandiCosmeticsPolska"]},{"@type":"Person","@id":"https:\/\/www.bandi.pl\/blog\/#\/schema\/person\/6905a8e1379d84df843b078d275c5aea","name":"BANDI","sameAs":["https:\/\/www.bandi.pl\/blog"]}]}},"_links":{"self":[{"href":"https:\/\/www.bandi.pl\/blog\/wp-json\/wp\/v2\/posts\/2137","targetHints":{"allow":["GET"]}}],"collection":[{"href":"https:\/\/www.bandi.pl\/blog\/wp-json\/wp\/v2\/posts"}],"about":[{"href":"https:\/\/www.bandi.pl\/blog\/wp-json\/wp\/v2\/types\/post"}],"author":[{"embeddable":true,"href":"https:\/\/www.bandi.pl\/blog\/wp-json\/wp\/v2\/users\/3"}],"replies":[{"embeddable":true,"href":"https:\/\/www.bandi.pl\/blog\/wp-json\/wp\/v2\/comments?post=2137"}],"version-history":[{"count":2,"href":"https:\/\/www.bandi.pl\/blog\/wp-json\/wp\/v2\/posts\/2137\/revisions"}],"predecessor-version":[{"id":4406,"href":"https:\/\/www.bandi.pl\/blog\/wp-json\/wp\/v2\/posts\/2137\/revisions\/4406"}],"wp:featuredmedia":[{"embeddable":true,"href":"https:\/\/www.bandi.pl\/blog\/wp-json\/wp\/v2\/media\/4404"}],"wp:attachment":[{"href":"https:\/\/www.bandi.pl\/blog\/wp-json\/wp\/v2\/media?parent=2137"}],"wp:term":[{"taxonomy":"category","embeddable":true,"href":"https:\/\/www.bandi.pl\/blog\/wp-json\/wp\/v2\/categories?post=2137"},{"taxonomy":"post_tag","embeddable":true,"href":"https:\/\/www.bandi.pl\/blog\/wp-json\/wp\/v2\/tags?post=2137"}],"curies":[{"name":"wp","href":"https:\/\/api.w.org\/{rel}","templated":true}]}}