{"id":21054,"date":"2025-07-08T10:00:00","date_gmt":"2025-07-08T08:00:00","guid":{"rendered":"https:\/\/www.bandi.pl\/blog\/?p=21054"},"modified":"2025-06-30T09:09:52","modified_gmt":"2025-06-30T07:09:52","slug":"indeks-uv-co-oznacza-i-dlaczego-warto-go-sledzic","status":"publish","type":"post","link":"https:\/\/www.bandi.pl\/blog\/indeks-uv-co-oznacza-i-dlaczego-warto-go-sledzic\/","title":{"rendered":"Indeks UV \u2013 co oznacza i dlaczego warto go \u015bledzi\u0107?"},"content":{"rendered":"\n<p>W dzisiejszych czasach coraz wi\u0119ksz\u0105 uwag\u0119 przyk\u0142adamy do dbania o zdrowie i wygl\u0105d sk\u00f3ry. Jednym z kluczowych czynnik\u00f3w, kt\u00f3re mog\u0105 wp\u0142ywa\u0107 na kondycj\u0119 naszej cery, jest promieniowanie ultrafioletowe. W tym kontek\u015bcie niezwykle istotny staje si\u0119 indeks UV \u2013 wska\u017anik, kt\u00f3ry pozwala nam oceni\u0107 ryzyko zwi\u0105zane z ekspozycj\u0105 na s\u0142o\u0144ce. Dlaczego warto go \u015bledzi\u0107 i jak mo\u017ce on wp\u0142yn\u0105\u0107 na nasze codzienne decyzje dotycz\u0105ce piel\u0119gnacji i ochrony sk\u00f3ry? O tym przeczytasz w poni\u017cszym artykule.<\/p>\n\n\n\n<h2 class=\"wp-block-heading\">Czym jest indeks UV?<\/h2>\n\n\n\n<p>Indeks UV to miara, kt\u00f3ra okre\u015bla poziom promieniowania ultrafioletowego docieraj\u0105cego do powierzchni Ziemi. Warto\u015b\u0107 tego wska\u017anika jest wyra\u017cana w skali od 0 do 11+. Wy\u017csze warto\u015bci oznaczaj\u0105 wi\u0119ksze ryzyko uszkodze\u0144 sk\u00f3ry i oczu pod wp\u0142ywem promieniowania UV. Indeks ten jest regularnie publikowany przez instytucje meteorologiczne oraz serwisy pogodowe, co pozwala nam na bie\u017c\u0105co monitorowa\u0107 potencjalne zagro\u017cenie.<\/p>\n\n\n\n<h2 class=\"wp-block-heading\">Dlaczego indeks UV jest wa\u017cny?<\/h2>\n\n\n\n<p>Promieniowanie UV jest g\u0142\u00f3wnym czynnikiem powoduj\u0105cym przedwczesne starzenie si\u0119 sk\u00f3ry, przebarwienia, a w najgorszym przypadku \u2013 nowotwory sk\u00f3ry. Wi\u0119cej na ten temat piszemy w artykule: <a href=\"https:\/\/www.bandi.pl\/blog\/promieniowanie-uv-dlaczego-jest-tak-grozne-dla-skory\/\">Promieniowanie UV \u2013 dlaczego jest tak gro\u017ane dla sk\u00f3ry? <\/a>Wysoki indeks UV oznacza, \u017ce promieniowanie jest silne i mo\u017ce szybko uszkodzi\u0107 sk\u00f3r\u0119, co wymaga odpowiednich \u015brodk\u00f3w ostro\u017cno\u015bci. Dlatego warto zna\u0107 aktualn\u0105 wysoko\u015b\u0107 tego wska\u017anika i dostosowa\u0107 do niego swoje post\u0119powanie podczas przebywania na zewn\u0105trz &#8211; to podstawa skutecznej ochrony.<\/p>\n\n\n\n<p>\u015aledzenie indeksu UV pozwala na planowanie aktywno\u015bci na \u015bwie\u017cym powietrzu. Przy niskim indeksie (0-2) mo\u017cna czu\u0107 si\u0119 &#8222;bezpieczniej&#8221;, stosuj\u0105c jedynie podstawow\u0105 ochron\u0119. Jednak przy \u015brednich warto\u015bciach (3-5) ju\u017c konieczne jest u\u017cycie krem\u00f3w z wysokim filtrem, nak\u0142adanie kapeluszy czy okular\u00f3w przeciws\u0142onecznych. Gdy indeks UV osi\u0105ga poziom 6 i wi\u0119cej, ryzyko uszkodze\u0144 sk\u00f3ry wzrasta. Z tego powodu zaleca si\u0119 ograniczenie czasu przebywania na s\u0142o\u0144cu oraz stosowanie wysokiego filtra UV i jego systematyczn\u0105 reaplikacj\u0119.<\/p>\n\n\n\n<h2 class=\"wp-block-heading\">Jak chroni\u0107 sk\u00f3r\u0119 przy wysokim indeksie UV?<\/h2>\n\n\n\n<p>W sytuacji, gdy indeks UV jest wysoki, kluczowe jest stosowanie odpowiednich \u015brodk\u00f3w ochrony. Nale\u017cy si\u0119ga\u0107 po kremy z wysokim SPF (co najmniej 30, a najlepiej 50+), nak\u0142ada\u0107 je co dwie godziny a tak\u017ce unika\u0107 opalania w godzinach po\u0142udniowych (11:00-15:00), gdy promieniowanie jest najsilniejsze. Nie mo\u017cna zapomina\u0107 o ochronie oczu, uszu i g\u0142owy \u2013 okulary przeciws\u0142oneczne i kapelusze to podstawa. Ponadto, warto pami\u0119ta\u0107, \u017ce promieniowanie UVA mo\u017ce przenika\u0107 przez chmury oraz szyby, dlatego nawet w pochmurne dni warto \u015bledzi\u0107 indeks UV.<\/p>\n\n\n\n<figure class=\"wp-block-gallery has-nested-images columns-default is-cropped wp-block-gallery-1 is-layout-flex wp-block-gallery-is-layout-flex\">\n<figure class=\"wp-block-image size-large\"><a href=\"https:\/\/www.bandi.pl\/sklep\/kremy\/pre-d3-zaawansowany-krem-nawilzajacy-spf-50-637\/\"><img loading=\"lazy\" decoding=\"async\" width=\"308\" height=\"420\" data-id=\"21067\" src=\"https:\/\/www.bandi.pl\/blog\/wp-content\/uploads\/2025\/06\/NI6A1242-Edytuj-308x420.jpg\" alt=\"krem SPF\" class=\"wp-image-21067\"\/><\/a><\/figure>\n\n\n\n<figure class=\"wp-block-image size-large\"><a href=\"https:\/\/www.bandi.pl\/sklep\/kremy\/przeciwzmarszczkowy-krem-spf-50-963\/\"><img loading=\"lazy\" decoding=\"async\" width=\"333\" height=\"420\" data-id=\"21068\" src=\"https:\/\/www.bandi.pl\/blog\/wp-content\/uploads\/2025\/06\/NX31-AGING-Przeciwzmarszczkowy-krem-SPF50-1-333x420.jpg\" alt=\"krem SPF\" class=\"wp-image-21068\"\/><\/a><\/figure>\n\n\n\n<figure class=\"wp-block-image size-large\"><a href=\"https:\/\/www.bandi.pl\/sklep\/kremy\/krem-spf30-probiotyczny-intensywnie-nawilzajacy-1125\/\"><img loading=\"lazy\" decoding=\"async\" width=\"280\" height=\"420\" data-id=\"21066\" src=\"https:\/\/www.bandi.pl\/blog\/wp-content\/uploads\/2025\/06\/NI6A0003-Edytuj-280x420.jpg\" alt=\"krem SPF\" class=\"wp-image-21066\"\/><\/a><\/figure>\n<\/figure>\n\n\n\n<p><\/p>\n\n\n\n<h2 class=\"wp-block-heading\">Indeks UV a planowanie zabieg\u00f3w kosmetologicznych<\/h2>\n\n\n\n<p>Dla os\u00f3b korzystaj\u0105cych z zabieg\u00f3w kosmetologicznych oraz stosuj\u0105cych substancje aktywne takie jak retinoidy i kwasy &#8211; wa\u017cne jest, aby dostosowa\u0107 harmonogram kuracji do warunk\u00f3w pogodowych. Przy wysokim indeksie UV zaleca si\u0119 unikanie intensywnych peeling\u00f3w czy innych procedur, kt\u00f3re mog\u0105 zwi\u0119kszy\u0107 wra\u017cliwo\u015b\u0107 sk\u00f3ry na promieniowanie UV. Z kolei po zabiegach cz\u0119sto konieczna jest szczeg\u00f3lna ochrona przed s\u0142o\u0144cem, aby zapobiec ewentualnym powik\u0142aniom i przyspieszy\u0107 regeneracj\u0119.<\/p>\n\n\n\n<p>Indeks UV to nie tylko liczba wy\u015bwietlana na stronie pogodowej \u2013 to istotny wska\u017anik, kt\u00f3ry pomaga nam chroni\u0107 sk\u00f3r\u0119 przed szkodliwym promieniowaniem ultrafioletowym. \u015aledzenie tego wska\u017anika pozwala na \u015bwiadome planowanie aktywno\u015bci na zewn\u0105trz, odpowiedni\u0105 piel\u0119gnacj\u0119 i zapobieganie problemom sk\u00f3rnym. Warto wi\u0119c regularnie sprawdza\u0107 indeks UV i dostosowywa\u0107 swoje zachowania, by cieszy\u0107 si\u0119 zdrow\u0105 i pi\u0119kn\u0105 sk\u00f3r\u0105 na d\u0142ugie lata. Pami\u0119tajmy, \u017ce odpowiednia ochrona to klucz do zachowania m\u0142odo\u015bci i zdrowia naszej sk\u00f3ry.<\/p>\n\n\n\n<div class=\"wp-block-divi-layout\">[et_pb_section fb_built=&#8221;1&#8243; theme_builder_area=&#8221;post_content&#8221; _builder_version=&#8221;4.22.2&#8243; _module_preset=&#8221;default&#8221;][\/et_pb_section][et_pb_section fb_built=&#8221;1&#8243; _builder_version=&#8221;4.16&#8243; top_divider_style=&#8221;arrow&#8221; top_divider_color=&#8221;rgba(255,166,168,0.75)&#8221; top_divider_height=&#8221;1px&#8221; bottom_divider_style=&#8221;arrow&#8221; bottom_divider_color=&#8221;rgba(255,166,168,0.75)&#8221; bottom_divider_height=&#8221;1px&#8221; global_colors_info=&#8221;{}&#8221; theme_builder_area=&#8221;post_content&#8221;][et_pb_row column_structure=&#8221;1_2,1_2&#8243; _builder_version=&#8221;4.16&#8243; width=&#8221;100%&#8221; module_alignment=&#8221;left&#8221; custom_margin=&#8221;||||false|false&#8221; global_colors_info=&#8221;{}&#8221; theme_builder_area=&#8221;post_content&#8221;][et_pb_column type=&#8221;1_2&#8243; _builder_version=&#8221;4.16&#8243; global_colors_info=&#8221;{}&#8221; theme_builder_area=&#8221;post_content&#8221;][et_pb_text _builder_version=&#8221;4.22.2&#8243; text_font=&#8221;Raleway Bold||||||||&#8221; text_text_color=&#8221;rgba(255,166,168,0.75)&#8221; text_font_size=&#8221;55px&#8221; text_letter_spacing=&#8221;9px&#8221; text_line_height=&#8221;1em&#8221; header_font_size=&#8221;39px&#8221; min_height=&#8221;23px&#8221; custom_margin=&#8221;40px||||false|false&#8221; link_option_url=&#8221;https:\/\/www.bandi.pl\/sklep\/katalog\/wyr\/spf\/&#8221; hover_enabled=&#8221;0&#8243; inline_fonts=&#8221;Raleway Bold&#8221; global_colors_info=&#8221;{}&#8221; theme_builder_area=&#8221;post_content&#8221; sticky_enabled=&#8221;0&#8243;]<p style=\"text-align: center;\"><span style=\"font-size: xx-large; font-family: inherit; font-weight: normal;\"><strong>KREM Z FILTREM<\/strong><\/span><\/p>\n<p style=\"text-align: center;\"><span style=\"font-size: xx-large; font-family: inherit; font-weight: normal;\"><strong><\/strong><\/span><\/p>[\/et_pb_text][et_pb_text _builder_version=&#8221;4.22.2&#8243; text_font=&#8221;Raleway Regular||||||||&#8221; text_text_color=&#8221;#b8b8b8&#8243; text_font_size=&#8221;22px&#8221; text_line_height=&#8221;1.5em&#8221; link_option_url=&#8221;https:\/\/www.bandi.pl\/sklep\/katalog\/wyr\/spf\/&#8221; hover_enabled=&#8221;0&#8243; global_colors_info=&#8221;{}&#8221; theme_builder_area=&#8221;post_content&#8221; sticky_enabled=&#8221;0&#8243;]<p style=\"text-align: center;\">Skuteczna ochrona dla zdrowej i pi\u0119knej sk\u00f3ry<\/p>[\/et_pb_text][et_pb_button button_url=&#8221;https:\/\/www.bandi.pl\/sklep\/katalog\/wyr\/spf\/&#8221; button_text=&#8221;ZOBACZ&#8221; button_alignment=&#8221;center&#8221; disabled_on=&#8221;off|off|off&#8221; _builder_version=&#8221;4.22.2&#8243; custom_button=&#8221;on&#8221; button_text_size=&#8221;20px&#8221; button_text_color=&#8221;#ffffff&#8221; button_border_radius=&#8221;25px&#8221; button_font=&#8221;Bree Serif||||||||&#8221; background_layout=&#8221;dark&#8221; custom_padding=&#8221;12px|30px|12px|30px|true|true&#8221; hover_transition_duration=&#8221;0ms&#8221; hover_enabled=&#8221;0&#8243; box_shadow_style=&#8221;preset3&#8243; global_colors_info=&#8221;{}&#8221; theme_builder_area=&#8221;post_content&#8221; sticky_enabled=&#8221;0&#8243;][\/et_pb_button][\/et_pb_column][et_pb_column type=&#8221;1_2&#8243; _builder_version=&#8221;4.16&#8243; global_colors_info=&#8221;{}&#8221; theme_builder_area=&#8221;post_content&#8221;][et_pb_image src=&#8221;https:\/\/www.bandi.pl\/blog\/wp-content\/uploads\/2025\/06\/bandi-kwiecien-256_tlo-scaled.jpg&#8221; title_text=&#8221;bandi-kwiecien-256_tlo&#8221; url=&#8221;https:\/\/www.bandi.pl\/sklep\/katalog\/wyr\/spf\/&#8221; align=&#8221;center&#8221; _builder_version=&#8221;4.22.2&#8243; width=&#8221;100%&#8221; hover_enabled=&#8221;0&#8243; global_colors_info=&#8221;{}&#8221; theme_builder_area=&#8221;post_content&#8221; alt=&#8221;wysoki indeks uv &#8211; ochrona SPF&#8221; sticky_enabled=&#8221;0&#8243;][\/et_pb_image][\/et_pb_column][\/et_pb_row][\/et_pb_section]<\/div>\n\n\n\n<div class=\"wp-block-divi-layout\">[et_pb_section admin_label=&#8221;section&#8221;][et_pb_row admin_label=&#8221;row&#8221;][\/et_pb_row][\/et_pb_section]<\/div>\n","protected":false},"excerpt":{"rendered":"<p>W dzisiejszych czasach coraz wi\u0119ksz\u0105 uwag\u0119 przyk\u0142adamy do dbania o zdrowie i wygl\u0105d sk\u00f3ry. Jednym z kluczowych czynnik\u00f3w, kt\u00f3re mog\u0105 wp\u0142ywa\u0107 na kondycj\u0119 naszej cery, jest promieniowanie ultrafioletowe. W tym kontek\u015bcie niezwykle istotny staje si\u0119 indeks UV \u2013 wska\u017anik, kt\u00f3ry pozwala nam oceni\u0107 ryzyko zwi\u0105zane z ekspozycj\u0105 na s\u0142o\u0144ce. Dlaczego warto go \u015bledzi\u0107 i jak [&hellip;]<\/p>\n","protected":false},"author":13,"featured_media":21063,"comment_status":"open","ping_status":"closed","sticky":false,"template":"","format":"standard","meta":{"_et_pb_use_builder":"off","_et_pb_old_content":"<!-- wp:paragraph -->\n<p>W dzisiejszych czasach coraz wi\u0119ksz\u0105 uwag\u0119 przyk\u0142adamy do dbania o zdrowie i wygl\u0105d sk\u00f3ry. Jednym z kluczowych czynnik\u00f3w, kt\u00f3re mog\u0105 wp\u0142ywa\u0107 na kondycj\u0119 naszej cery, jest promieniowanie ultrafioletowe. W tym kontek\u015bcie niezwykle istotny staje si\u0119 indeks UV \u2013 wska\u017anik, kt\u00f3ry pozwala nam oceni\u0107 ryzyko zwi\u0105zane z ekspozycj\u0105 na s\u0142o\u0144ce. Dlaczego warto go \u015bledzi\u0107 i jak mo\u017ce on wp\u0142yn\u0105\u0107 na nasze codzienne decyzje dotycz\u0105ce piel\u0119gnacji i ochrony sk\u00f3ry? O tym przeczytasz w poni\u017cszym artykule.<\/p>\n<!-- \/wp:paragraph -->\n\n<!-- wp:heading -->\n<h2 class=\"wp-block-heading\">Czym jest indeks UV?<\/h2>\n<!-- \/wp:heading -->\n\n<!-- wp:paragraph -->\n<p>Indeks UV to miara, kt\u00f3ra okre\u015bla poziom promieniowania ultrafioletowego docieraj\u0105cego do powierzchni Ziemi. Warto\u015b\u0107 tego wska\u017anika jest wyra\u017cana w skali od 0 do 11+. Wy\u017csze warto\u015bci oznaczaj\u0105 wi\u0119ksze ryzyko uszkodze\u0144 sk\u00f3ry i oczu pod wp\u0142ywem promieniowania UV. Indeks ten jest regularnie publikowany przez instytucje meteorologiczne oraz serwisy pogodowe, co pozwala nam na bie\u017c\u0105co monitorowa\u0107 potencjalne zagro\u017cenie.<\/p>\n<!-- \/wp:paragraph -->\n\n<!-- wp:heading -->\n<h2 class=\"wp-block-heading\">Dlaczego indeks UV jest wa\u017cny?<\/h2>\n<!-- \/wp:heading -->\n\n<!-- wp:paragraph -->\n<p>Promieniowanie UV jest g\u0142\u00f3wnym czynnikiem powoduj\u0105cym przedwczesne starzenie si\u0119 sk\u00f3ry, przebarwienia, a w najgorszym przypadku \u2013 nowotwory sk\u00f3ry. Wi\u0119cej na ten temat piszemy w artykule: <a href=\"https:\/\/www.bandi.pl\/blog\/promieniowanie-uv-dlaczego-jest-tak-grozne-dla-skory\/\">Promieniowanie UV \u2013 dlaczego jest tak gro\u017ane dla sk\u00f3ry? <\/a>Wysoki indeks UV oznacza, \u017ce promieniowanie jest silne i mo\u017ce szybko uszkodzi\u0107 sk\u00f3r\u0119, co wymaga odpowiednich \u015brodk\u00f3w ostro\u017cno\u015bci. Dlatego warto zna\u0107 aktualn\u0105 wysoko\u015b\u0107 tego wska\u017anika i dostosowa\u0107 do niego swoje post\u0119powanie podczas przebywania na zewn\u0105trz - to podstawa skutecznej ochrony.<\/p>\n<!-- \/wp:paragraph -->\n\n<!-- wp:paragraph -->\n<p>\u015aledzenie indeksu UV pozwala na planowanie aktywno\u015bci na \u015bwie\u017cym powietrzu. Przy niskim indeksie (0-2) mo\u017cna czu\u0107 si\u0119 bezpieczniej, stosuj\u0105c jedynie podstawow\u0105 ochron\u0119. Jednak przy \u015brednich warto\u015bciach (3-5) ju\u017c konieczne jest u\u017cycie krem\u00f3w z wysokim filtrem, nak\u0142adanie kapeluszy czy okular\u00f3w przeciws\u0142onecznych. Gdy indeks UV osi\u0105ga poziom 6 i wi\u0119cej, ryzyko uszkodze\u0144 sk\u00f3ry wzrasta. Z tego powodu zaleca si\u0119 ograniczenie czasu przebywania na s\u0142o\u0144cu oraz stosowanie wysokiego filtra UV i jego systematyczn\u0105 reaplikacj\u0119.<\/p>\n<!-- \/wp:paragraph -->\n\n<!-- wp:heading -->\n<h2 class=\"wp-block-heading\">Jak chroni\u0107 sk\u00f3r\u0119 przy wysokim indeksie UV?<\/h2>\n<!-- \/wp:heading -->\n\n<!-- wp:paragraph -->\n<p>W sytuacji, gdy indeks UV jest wysoki, kluczowe jest stosowanie odpowiednich \u015brodk\u00f3w ochrony. Nale\u017cy si\u0119ga\u0107 po kremy z wysokim SPF (co najmniej 30, a najlepiej 50+), nak\u0142ada\u0107 je co dwie godziny a tak\u017ce unika\u0107 opalania w godzinach po\u0142udniowych (11:00-15:00), gdy promieniowanie jest najsilniejsze. Nie mo\u017cna zapomina\u0107 o ochronie oczu, uszu i g\u0142owy \u2013 okulary przeciws\u0142oneczne i kapelusze to podstawa. Ponadto, warto pami\u0119ta\u0107, \u017ce promieniowanie UVA mo\u017ce przenika\u0107 przez chmury oraz szyby, dlatego nawet w pochmurne dni warto \u015bledzi\u0107 indeks UV.<\/p>\n<!-- \/wp:paragraph -->\n\n<!-- wp:gallery {\"linkTo\":\"none\"} -->\n<figure class=\"wp-block-gallery has-nested-images columns-default is-cropped\"><!-- wp:image {\"id\":21067,\"sizeSlug\":\"large\",\"linkDestination\":\"none\"} -->\n<figure class=\"wp-block-image size-large\"><img src=\"https:\/\/www.bandi.pl\/blog\/wp-content\/uploads\/2025\/06\/NI6A1242-Edytuj-308x420.jpg\" alt=\"krem SPF\" class=\"wp-image-21067\"\/><\/figure>\n<!-- \/wp:image -->\n\n<!-- wp:image {\"id\":21068,\"sizeSlug\":\"large\",\"linkDestination\":\"none\"} -->\n<figure class=\"wp-block-image size-large\"><img src=\"https:\/\/www.bandi.pl\/blog\/wp-content\/uploads\/2025\/06\/NX31-AGING-Przeciwzmarszczkowy-krem-SPF50-1-333x420.jpg\" alt=\"krem SPF\" class=\"wp-image-21068\"\/><\/figure>\n<!-- \/wp:image -->\n\n<!-- wp:image {\"id\":21066,\"sizeSlug\":\"large\",\"linkDestination\":\"none\"} -->\n<figure class=\"wp-block-image size-large\"><img src=\"https:\/\/www.bandi.pl\/blog\/wp-content\/uploads\/2025\/06\/NI6A0003-Edytuj-280x420.jpg\" alt=\"krem SPF\" class=\"wp-image-21066\"\/><\/figure>\n<!-- \/wp:image --><\/figure>\n<!-- \/wp:gallery -->\n\n<!-- wp:heading -->\n<h2 class=\"wp-block-heading\">Indeks UV a planowanie zabieg\u00f3w kosmetologicznych<\/h2>\n<!-- \/wp:heading -->\n\n<!-- wp:paragraph -->\n<p>Dla os\u00f3b korzystaj\u0105cych z zabieg\u00f3w kosmetologicznych oraz stosuj\u0105cych substancje aktywne takie jak retinoidy i kwasy - wa\u017cne jest, aby dostosowa\u0107 harmonogram kuracji do warunk\u00f3w pogodowych. Przy wysokim indeksie UV zaleca si\u0119 unikanie intensywnych peeling\u00f3w czy innych procedur, kt\u00f3re mog\u0105 zwi\u0119kszy\u0107 wra\u017cliwo\u015b\u0107 sk\u00f3ry na promieniowanie UV. Z kolei po zabiegach cz\u0119sto konieczna jest szczeg\u00f3lna ochrona przed s\u0142o\u0144cem, aby zapobiec ewentualnym powik\u0142aniom i przyspieszy\u0107 regeneracj\u0119.<\/p>\n<!-- \/wp:paragraph -->\n\n<!-- wp:paragraph -->\n<p>Indeks UV to nie tylko liczba wy\u015bwietlana na stronie pogodowej \u2013 to istotny wska\u017anik, kt\u00f3ry pomaga nam chroni\u0107 sk\u00f3r\u0119 przed szkodliwym promieniowaniem ultrafioletowym. \u015aledzenie tego wska\u017anika pozwala na \u015bwiadome planowanie aktywno\u015bci na zewn\u0105trz, odpowiedni\u0105 piel\u0119gnacj\u0119 i zapobieganie problemom sk\u00f3rnym. Warto wi\u0119c regularnie sprawdza\u0107 indeks UV i dostosowywa\u0107 swoje zachowania, by cieszy\u0107 si\u0119 zdrow\u0105 i pi\u0119kn\u0105 sk\u00f3r\u0105 na d\u0142ugie lata. Pami\u0119tajmy, \u017ce odpowiednia ochrona to klucz do zachowania m\u0142odo\u015bci i zdrowia naszej sk\u00f3ry.<\/p>\n<!-- \/wp:paragraph -->\n\n<!-- wp:divi\/layout -->\n<div class=\"wp-block-divi-layout\">[et_pb_section fb_built=\"1\" theme_builder_area=\"post_content\" _builder_version=\"4.22.2\" _module_preset=\"default\"][\/et_pb_section][et_pb_section fb_built=\"1\" _builder_version=\"4.16\" top_divider_style=\"arrow\" top_divider_color=\"rgba(255,166,168,0.75)\" top_divider_height=\"1px\" bottom_divider_style=\"arrow\" bottom_divider_color=\"rgba(255,166,168,0.75)\" bottom_divider_height=\"1px\" global_colors_info=\"{}\" theme_builder_area=\"post_content\"][et_pb_row column_structure=\"1_2,1_2\" _builder_version=\"4.16\" width=\"100%\" module_alignment=\"left\" custom_margin=\"||||false|false\" global_colors_info=\"{}\" theme_builder_area=\"post_content\"][et_pb_column type=\"1_2\" _builder_version=\"4.16\" global_colors_info=\"{}\" theme_builder_area=\"post_content\"][et_pb_text _builder_version=\"4.22.2\" text_font=\"Raleway Bold||||||||\" text_text_color=\"rgba(255,166,168,0.75)\" text_font_size=\"55px\" text_letter_spacing=\"9px\" text_line_height=\"1em\" header_font_size=\"39px\" min_height=\"23px\" custom_margin=\"40px||||false|false\" link_option_url=\"https:\/\/www.bandi.pl\/sklep\/katalog\/wyr\/spf\/\" hover_enabled=\"0\" inline_fonts=\"Raleway Bold\" global_colors_info=\"{}\" theme_builder_area=\"post_content\" sticky_enabled=\"0\"]<p style=\"text-align: center;\"><span style=\"font-size: xx-large; font-family: inherit; font-weight: normal;\"><strong>KREM Z FILTREM<\/strong><\/span><\/p>\n<p style=\"text-align: center;\"><span style=\"font-size: xx-large; font-family: inherit; font-weight: normal;\"><strong><\/strong><\/span><\/p>[\/et_pb_text][et_pb_text _builder_version=\"4.22.2\" text_font=\"Raleway Regular||||||||\" text_text_color=\"#b8b8b8\" text_font_size=\"22px\" text_line_height=\"1.5em\" link_option_url=\"https:\/\/www.bandi.pl\/sklep\/katalog\/wyr\/spf\/\" hover_enabled=\"0\" global_colors_info=\"{}\" theme_builder_area=\"post_content\" sticky_enabled=\"0\"]<p style=\"text-align: center;\">Skuteczna ochrona dla zdrowej i pi\u0119knej sk\u00f3ry<\/p>[\/et_pb_text][et_pb_button button_url=\"https:\/\/www.bandi.pl\/sklep\/katalog\/wyr\/spf\/\" button_text=\"ZOBACZ\" button_alignment=\"center\" disabled_on=\"off|off|off\" _builder_version=\"4.22.2\" custom_button=\"on\" button_text_size=\"20px\" button_text_color=\"#ffffff\" button_border_radius=\"25px\" button_font=\"Bree Serif||||||||\" background_layout=\"dark\" custom_padding=\"12px|30px|12px|30px|true|true\" hover_transition_duration=\"0ms\" hover_enabled=\"0\" box_shadow_style=\"preset3\" global_colors_info=\"{}\" theme_builder_area=\"post_content\" sticky_enabled=\"0\"][\/et_pb_button][\/et_pb_column][et_pb_column type=\"1_2\" _builder_version=\"4.16\" global_colors_info=\"{}\" theme_builder_area=\"post_content\"][et_pb_image src=\"https:\/\/www.bandi.pl\/blog\/wp-content\/uploads\/2025\/06\/bandi-kwiecien-256_tlo-scaled.jpg\" title_text=\"bandi-kwiecien-256_tlo\" url=\"https:\/\/www.bandi.pl\/sklep\/katalog\/wyr\/spf\/\" align=\"center\" _builder_version=\"4.22.2\" width=\"100%\" hover_enabled=\"0\" global_colors_info=\"{}\" theme_builder_area=\"post_content\" alt=\"wysoki indeks uv - ochrona SPF\" sticky_enabled=\"0\"][\/et_pb_image][\/et_pb_column][\/et_pb_row][\/et_pb_section]<\/div>\n<!-- \/wp:divi\/layout -->\n\n<!-- wp:divi\/layout -->\n<div class=\"wp-block-divi-layout\">[et_pb_section admin_label=\"section\"][et_pb_row admin_label=\"row\"][\/et_pb_row][\/et_pb_section]<\/div>\n<!-- \/wp:divi\/layout -->","_et_gb_content_width":"","footnotes":""},"categories":[6800,1817],"tags":[3445,4466,8791,4232,4105,6143,4230,5868,6161,3687,6150,6149,8792],"class_list":["post-21054","post","type-post","status-publish","format-standard","has-post-thumbnail","hentry","category-agata-rybak","category-kategoria-pielegnacja-i-kosmetyki","tag-bandi","tag-fotoprotekcja","tag-jak-chronic-skore-latem-2","tag-kosmetyki-profesjonalne","tag-krem-z-filtrem","tag-ochrona-przed-uv","tag-pielegnacja-profesjonalna","tag-pielegnacja-twarzy","tag-promieniowanie-uv","tag-spf","tag-spf30","tag-spf50","tag-wysoka-ochrona-przed-sloncem"],"yoast_head":"<!-- This site is optimized with the Yoast SEO plugin v27.1.1 - https:\/\/yoast.com\/product\/yoast-seo-wordpress\/ -->\n<title>Indeks UV \u2013 co oznacza i dlaczego warto go \u015bledzi\u0107? &#187; Blog BANDI<\/title>\n<meta name=\"description\" content=\"Indeks UV to nie tylko liczba wy\u015bwietlana na stronie pogodowej \u2013 to istotny wska\u017anik, kt\u00f3ry pomaga nam chroni\u0107 sk\u00f3r\u0119 przed szkodliwym promieniowaniem ultrafioletowym. \u015aledzenie tego wska\u017anika pozwala na \u015bwiadome planowanie aktywno\u015bci na zewn\u0105trz, odpowiedni\u0105 piel\u0119gnacj\u0119 i zapobieganie problemom sk\u00f3rnym.\" \/>\n<meta name=\"robots\" content=\"index, follow, max-snippet:-1, max-image-preview:large, max-video-preview:-1\" \/>\n<link rel=\"canonical\" href=\"https:\/\/www.bandi.pl\/blog\/indeks-uv-co-oznacza-i-dlaczego-warto-go-sledzic\/\" \/>\n<meta property=\"og:locale\" content=\"pl_PL\" \/>\n<meta property=\"og:type\" content=\"article\" \/>\n<meta property=\"og:title\" content=\"Indeks UV \u2013 co oznacza i dlaczego warto go \u015bledzi\u0107? &#187; Blog BANDI\" \/>\n<meta property=\"og:description\" content=\"Indeks UV to nie tylko liczba wy\u015bwietlana na stronie pogodowej \u2013 to istotny wska\u017anik, kt\u00f3ry pomaga nam chroni\u0107 sk\u00f3r\u0119 przed szkodliwym promieniowaniem ultrafioletowym. \u015aledzenie tego wska\u017anika pozwala na \u015bwiadome planowanie aktywno\u015bci na zewn\u0105trz, odpowiedni\u0105 piel\u0119gnacj\u0119 i zapobieganie problemom sk\u00f3rnym.\" \/>\n<meta property=\"og:url\" content=\"https:\/\/www.bandi.pl\/blog\/indeks-uv-co-oznacza-i-dlaczego-warto-go-sledzic\/\" \/>\n<meta property=\"og:site_name\" content=\"Blog BANDI\" \/>\n<meta property=\"article:publisher\" content=\"https:\/\/web.facebook.com\/BANDIcosmetics\" \/>\n<meta property=\"article:published_time\" content=\"2025-07-08T08:00:00+00:00\" \/>\n<meta property=\"og:image\" content=\"https:\/\/www.bandi.pl\/blog\/wp-content\/uploads\/2025\/06\/Projekt-bez-nazwy-4-5-592x420.png\" \/>\n\t<meta property=\"og:image:width\" content=\"592\" \/>\n\t<meta property=\"og:image:height\" content=\"420\" \/>\n\t<meta property=\"og:image:type\" content=\"image\/png\" \/>\n<meta name=\"author\" content=\"Ilona Kiraga\" \/>\n<meta name=\"twitter:card\" content=\"summary_large_image\" \/>\n<meta name=\"twitter:creator\" content=\"@bandi_cosmetics\" \/>\n<meta name=\"twitter:site\" content=\"@bandi_cosmetics\" \/>\n<meta name=\"twitter:label1\" content=\"Napisane przez\" \/>\n\t<meta name=\"twitter:data1\" content=\"Ilona Kiraga\" \/>\n\t<meta name=\"twitter:label2\" content=\"Szacowany czas czytania\" \/>\n\t<meta name=\"twitter:data2\" content=\"5 minut\" \/>\n<script type=\"application\/ld+json\" class=\"yoast-schema-graph\">{\"@context\":\"https:\/\/schema.org\",\"@graph\":[{\"@type\":\"Article\",\"@id\":\"https:\/\/www.bandi.pl\/blog\/indeks-uv-co-oznacza-i-dlaczego-warto-go-sledzic\/#article\",\"isPartOf\":{\"@id\":\"https:\/\/www.bandi.pl\/blog\/indeks-uv-co-oznacza-i-dlaczego-warto-go-sledzic\/\"},\"author\":{\"name\":\"Ilona Kiraga\",\"@id\":\"https:\/\/www.bandi.pl\/blog\/#\/schema\/person\/5ba05af1a18c58f1c31d4ae051ec9499\"},\"headline\":\"Indeks UV \u2013 co oznacza i dlaczego warto go \u015bledzi\u0107?\",\"datePublished\":\"2025-07-08T08:00:00+00:00\",\"mainEntityOfPage\":{\"@id\":\"https:\/\/www.bandi.pl\/blog\/indeks-uv-co-oznacza-i-dlaczego-warto-go-sledzic\/\"},\"wordCount\":1017,\"commentCount\":0,\"publisher\":{\"@id\":\"https:\/\/www.bandi.pl\/blog\/#organization\"},\"image\":{\"@id\":\"https:\/\/www.bandi.pl\/blog\/indeks-uv-co-oznacza-i-dlaczego-warto-go-sledzic\/#primaryimage\"},\"thumbnailUrl\":\"https:\/\/www.bandi.pl\/blog\/wp-content\/uploads\/2025\/06\/Projekt-bez-nazwy-4-5.png\",\"keywords\":[\"Bandi\",\"fotoprotekcja\",\"jak chroni\u0107 sk\u00f3r\u0119 latem\",\"kosmetyki profesjonalne\",\"krem z filtrem\",\"ochrona przed uv\",\"piel\u0119gnacja profesjonalna\",\"piel\u0119gnacja twarzy\",\"promieniowanie UV\",\"SPF\",\"spf30\",\"spf50\",\"wysoka ochrona przed s\u0142o\u0144cem\"],\"articleSection\":[\"Agata Rybak\",\"Piel\u0119gnacja i kosmetyki\"],\"inLanguage\":\"pl-PL\",\"potentialAction\":[{\"@type\":\"CommentAction\",\"name\":\"Comment\",\"target\":[\"https:\/\/www.bandi.pl\/blog\/indeks-uv-co-oznacza-i-dlaczego-warto-go-sledzic\/#respond\"]}]},{\"@type\":\"WebPage\",\"@id\":\"https:\/\/www.bandi.pl\/blog\/indeks-uv-co-oznacza-i-dlaczego-warto-go-sledzic\/\",\"url\":\"https:\/\/www.bandi.pl\/blog\/indeks-uv-co-oznacza-i-dlaczego-warto-go-sledzic\/\",\"name\":\"Indeks UV \u2013 co oznacza i dlaczego warto go \u015bledzi\u0107? &#187; Blog BANDI\",\"isPartOf\":{\"@id\":\"https:\/\/www.bandi.pl\/blog\/#website\"},\"primaryImageOfPage\":{\"@id\":\"https:\/\/www.bandi.pl\/blog\/indeks-uv-co-oznacza-i-dlaczego-warto-go-sledzic\/#primaryimage\"},\"image\":{\"@id\":\"https:\/\/www.bandi.pl\/blog\/indeks-uv-co-oznacza-i-dlaczego-warto-go-sledzic\/#primaryimage\"},\"thumbnailUrl\":\"https:\/\/www.bandi.pl\/blog\/wp-content\/uploads\/2025\/06\/Projekt-bez-nazwy-4-5.png\",\"datePublished\":\"2025-07-08T08:00:00+00:00\",\"description\":\"Indeks UV to nie tylko liczba wy\u015bwietlana na stronie pogodowej \u2013 to istotny wska\u017anik, kt\u00f3ry pomaga nam chroni\u0107 sk\u00f3r\u0119 przed szkodliwym promieniowaniem ultrafioletowym. \u015aledzenie tego wska\u017anika pozwala na \u015bwiadome planowanie aktywno\u015bci na zewn\u0105trz, odpowiedni\u0105 piel\u0119gnacj\u0119 i zapobieganie problemom sk\u00f3rnym.\",\"breadcrumb\":{\"@id\":\"https:\/\/www.bandi.pl\/blog\/indeks-uv-co-oznacza-i-dlaczego-warto-go-sledzic\/#breadcrumb\"},\"inLanguage\":\"pl-PL\",\"potentialAction\":[{\"@type\":\"ReadAction\",\"target\":[\"https:\/\/www.bandi.pl\/blog\/indeks-uv-co-oznacza-i-dlaczego-warto-go-sledzic\/\"]}]},{\"@type\":\"ImageObject\",\"inLanguage\":\"pl-PL\",\"@id\":\"https:\/\/www.bandi.pl\/blog\/indeks-uv-co-oznacza-i-dlaczego-warto-go-sledzic\/#primaryimage\",\"url\":\"https:\/\/www.bandi.pl\/blog\/wp-content\/uploads\/2025\/06\/Projekt-bez-nazwy-4-5.png\",\"contentUrl\":\"https:\/\/www.bandi.pl\/blog\/wp-content\/uploads\/2025\/06\/Projekt-bez-nazwy-4-5.png\",\"width\":1748,\"height\":1240,\"caption\":\"silne s\u0142o\u0144ce - wysoki index uv\"},{\"@type\":\"BreadcrumbList\",\"@id\":\"https:\/\/www.bandi.pl\/blog\/indeks-uv-co-oznacza-i-dlaczego-warto-go-sledzic\/#breadcrumb\",\"itemListElement\":[{\"@type\":\"ListItem\",\"position\":1,\"name\":\"BANDI\",\"item\":\"https:\/\/www.bandi.pl\/blog\/\"},{\"@type\":\"ListItem\",\"position\":2,\"name\":\"Indeks UV \u2013 co oznacza i dlaczego warto go \u015bledzi\u0107?\"}]},{\"@type\":\"WebSite\",\"@id\":\"https:\/\/www.bandi.pl\/blog\/#website\",\"url\":\"https:\/\/www.bandi.pl\/blog\/\",\"name\":\"Blog BANDI\",\"description\":\"Czarno na bia\u0142ym o kosmetykach\",\"publisher\":{\"@id\":\"https:\/\/www.bandi.pl\/blog\/#organization\"},\"potentialAction\":[{\"@type\":\"SearchAction\",\"target\":{\"@type\":\"EntryPoint\",\"urlTemplate\":\"https:\/\/www.bandi.pl\/blog\/?s={search_term_string}\"},\"query-input\":{\"@type\":\"PropertyValueSpecification\",\"valueRequired\":true,\"valueName\":\"search_term_string\"}}],\"inLanguage\":\"pl-PL\"},{\"@type\":\"Organization\",\"@id\":\"https:\/\/www.bandi.pl\/blog\/#organization\",\"name\":\"BANDI\",\"url\":\"https:\/\/www.bandi.pl\/blog\/\",\"logo\":{\"@type\":\"ImageObject\",\"inLanguage\":\"pl-PL\",\"@id\":\"https:\/\/www.bandi.pl\/blog\/#\/schema\/logo\/image\/\",\"url\":\"https:\/\/www.bandi.pl\/blog\/wp-content\/uploads\/2019\/06\/bandi-logo.png\",\"contentUrl\":\"https:\/\/www.bandi.pl\/blog\/wp-content\/uploads\/2019\/06\/bandi-logo.png\",\"width\":264,\"height\":111,\"caption\":\"BANDI\"},\"image\":{\"@id\":\"https:\/\/www.bandi.pl\/blog\/#\/schema\/logo\/image\/\"},\"sameAs\":[\"https:\/\/web.facebook.com\/BANDIcosmetics\",\"https:\/\/x.com\/bandi_cosmetics\",\"https:\/\/www.instagram.com\/bandi_cosmetics\/\",\"https:\/\/www.pinterest.com\/bandicosmetics\/\",\"https:\/\/www.youtube.com\/user\/BandiCosmeticsPolska\"]},{\"@type\":\"Person\",\"@id\":\"https:\/\/www.bandi.pl\/blog\/#\/schema\/person\/5ba05af1a18c58f1c31d4ae051ec9499\",\"name\":\"Ilona Kiraga\"}]}<\/script>\n<!-- \/ Yoast SEO plugin. -->","yoast_head_json":{"title":"Indeks UV \u2013 co oznacza i dlaczego warto go \u015bledzi\u0107? &#187; Blog BANDI","description":"Indeks UV to nie tylko liczba wy\u015bwietlana na stronie pogodowej \u2013 to istotny wska\u017anik, kt\u00f3ry pomaga nam chroni\u0107 sk\u00f3r\u0119 przed szkodliwym promieniowaniem ultrafioletowym. \u015aledzenie tego wska\u017anika pozwala na \u015bwiadome planowanie aktywno\u015bci na zewn\u0105trz, odpowiedni\u0105 piel\u0119gnacj\u0119 i zapobieganie problemom sk\u00f3rnym.","robots":{"index":"index","follow":"follow","max-snippet":"max-snippet:-1","max-image-preview":"max-image-preview:large","max-video-preview":"max-video-preview:-1"},"canonical":"https:\/\/www.bandi.pl\/blog\/indeks-uv-co-oznacza-i-dlaczego-warto-go-sledzic\/","og_locale":"pl_PL","og_type":"article","og_title":"Indeks UV \u2013 co oznacza i dlaczego warto go \u015bledzi\u0107? &#187; Blog BANDI","og_description":"Indeks UV to nie tylko liczba wy\u015bwietlana na stronie pogodowej \u2013 to istotny wska\u017anik, kt\u00f3ry pomaga nam chroni\u0107 sk\u00f3r\u0119 przed szkodliwym promieniowaniem ultrafioletowym. \u015aledzenie tego wska\u017anika pozwala na \u015bwiadome planowanie aktywno\u015bci na zewn\u0105trz, odpowiedni\u0105 piel\u0119gnacj\u0119 i zapobieganie problemom sk\u00f3rnym.","og_url":"https:\/\/www.bandi.pl\/blog\/indeks-uv-co-oznacza-i-dlaczego-warto-go-sledzic\/","og_site_name":"Blog BANDI","article_publisher":"https:\/\/web.facebook.com\/BANDIcosmetics","article_published_time":"2025-07-08T08:00:00+00:00","og_image":[{"width":592,"height":420,"url":"https:\/\/www.bandi.pl\/blog\/wp-content\/uploads\/2025\/06\/Projekt-bez-nazwy-4-5-592x420.png","type":"image\/png"}],"author":"Ilona Kiraga","twitter_card":"summary_large_image","twitter_creator":"@bandi_cosmetics","twitter_site":"@bandi_cosmetics","twitter_misc":{"Napisane przez":"Ilona Kiraga","Szacowany czas czytania":"5 minut"},"schema":{"@context":"https:\/\/schema.org","@graph":[{"@type":"Article","@id":"https:\/\/www.bandi.pl\/blog\/indeks-uv-co-oznacza-i-dlaczego-warto-go-sledzic\/#article","isPartOf":{"@id":"https:\/\/www.bandi.pl\/blog\/indeks-uv-co-oznacza-i-dlaczego-warto-go-sledzic\/"},"author":{"name":"Ilona Kiraga","@id":"https:\/\/www.bandi.pl\/blog\/#\/schema\/person\/5ba05af1a18c58f1c31d4ae051ec9499"},"headline":"Indeks UV \u2013 co oznacza i dlaczego warto go \u015bledzi\u0107?","datePublished":"2025-07-08T08:00:00+00:00","mainEntityOfPage":{"@id":"https:\/\/www.bandi.pl\/blog\/indeks-uv-co-oznacza-i-dlaczego-warto-go-sledzic\/"},"wordCount":1017,"commentCount":0,"publisher":{"@id":"https:\/\/www.bandi.pl\/blog\/#organization"},"image":{"@id":"https:\/\/www.bandi.pl\/blog\/indeks-uv-co-oznacza-i-dlaczego-warto-go-sledzic\/#primaryimage"},"thumbnailUrl":"https:\/\/www.bandi.pl\/blog\/wp-content\/uploads\/2025\/06\/Projekt-bez-nazwy-4-5.png","keywords":["Bandi","fotoprotekcja","jak chroni\u0107 sk\u00f3r\u0119 latem","kosmetyki profesjonalne","krem z filtrem","ochrona przed uv","piel\u0119gnacja profesjonalna","piel\u0119gnacja twarzy","promieniowanie UV","SPF","spf30","spf50","wysoka ochrona przed s\u0142o\u0144cem"],"articleSection":["Agata Rybak","Piel\u0119gnacja i kosmetyki"],"inLanguage":"pl-PL","potentialAction":[{"@type":"CommentAction","name":"Comment","target":["https:\/\/www.bandi.pl\/blog\/indeks-uv-co-oznacza-i-dlaczego-warto-go-sledzic\/#respond"]}]},{"@type":"WebPage","@id":"https:\/\/www.bandi.pl\/blog\/indeks-uv-co-oznacza-i-dlaczego-warto-go-sledzic\/","url":"https:\/\/www.bandi.pl\/blog\/indeks-uv-co-oznacza-i-dlaczego-warto-go-sledzic\/","name":"Indeks UV \u2013 co oznacza i dlaczego warto go \u015bledzi\u0107? &#187; Blog BANDI","isPartOf":{"@id":"https:\/\/www.bandi.pl\/blog\/#website"},"primaryImageOfPage":{"@id":"https:\/\/www.bandi.pl\/blog\/indeks-uv-co-oznacza-i-dlaczego-warto-go-sledzic\/#primaryimage"},"image":{"@id":"https:\/\/www.bandi.pl\/blog\/indeks-uv-co-oznacza-i-dlaczego-warto-go-sledzic\/#primaryimage"},"thumbnailUrl":"https:\/\/www.bandi.pl\/blog\/wp-content\/uploads\/2025\/06\/Projekt-bez-nazwy-4-5.png","datePublished":"2025-07-08T08:00:00+00:00","description":"Indeks UV to nie tylko liczba wy\u015bwietlana na stronie pogodowej \u2013 to istotny wska\u017anik, kt\u00f3ry pomaga nam chroni\u0107 sk\u00f3r\u0119 przed szkodliwym promieniowaniem ultrafioletowym. \u015aledzenie tego wska\u017anika pozwala na \u015bwiadome planowanie aktywno\u015bci na zewn\u0105trz, odpowiedni\u0105 piel\u0119gnacj\u0119 i zapobieganie problemom sk\u00f3rnym.","breadcrumb":{"@id":"https:\/\/www.bandi.pl\/blog\/indeks-uv-co-oznacza-i-dlaczego-warto-go-sledzic\/#breadcrumb"},"inLanguage":"pl-PL","potentialAction":[{"@type":"ReadAction","target":["https:\/\/www.bandi.pl\/blog\/indeks-uv-co-oznacza-i-dlaczego-warto-go-sledzic\/"]}]},{"@type":"ImageObject","inLanguage":"pl-PL","@id":"https:\/\/www.bandi.pl\/blog\/indeks-uv-co-oznacza-i-dlaczego-warto-go-sledzic\/#primaryimage","url":"https:\/\/www.bandi.pl\/blog\/wp-content\/uploads\/2025\/06\/Projekt-bez-nazwy-4-5.png","contentUrl":"https:\/\/www.bandi.pl\/blog\/wp-content\/uploads\/2025\/06\/Projekt-bez-nazwy-4-5.png","width":1748,"height":1240,"caption":"silne s\u0142o\u0144ce - wysoki index uv"},{"@type":"BreadcrumbList","@id":"https:\/\/www.bandi.pl\/blog\/indeks-uv-co-oznacza-i-dlaczego-warto-go-sledzic\/#breadcrumb","itemListElement":[{"@type":"ListItem","position":1,"name":"BANDI","item":"https:\/\/www.bandi.pl\/blog\/"},{"@type":"ListItem","position":2,"name":"Indeks UV \u2013 co oznacza i dlaczego warto go \u015bledzi\u0107?"}]},{"@type":"WebSite","@id":"https:\/\/www.bandi.pl\/blog\/#website","url":"https:\/\/www.bandi.pl\/blog\/","name":"Blog BANDI","description":"Czarno na bia\u0142ym o kosmetykach","publisher":{"@id":"https:\/\/www.bandi.pl\/blog\/#organization"},"potentialAction":[{"@type":"SearchAction","target":{"@type":"EntryPoint","urlTemplate":"https:\/\/www.bandi.pl\/blog\/?s={search_term_string}"},"query-input":{"@type":"PropertyValueSpecification","valueRequired":true,"valueName":"search_term_string"}}],"inLanguage":"pl-PL"},{"@type":"Organization","@id":"https:\/\/www.bandi.pl\/blog\/#organization","name":"BANDI","url":"https:\/\/www.bandi.pl\/blog\/","logo":{"@type":"ImageObject","inLanguage":"pl-PL","@id":"https:\/\/www.bandi.pl\/blog\/#\/schema\/logo\/image\/","url":"https:\/\/www.bandi.pl\/blog\/wp-content\/uploads\/2019\/06\/bandi-logo.png","contentUrl":"https:\/\/www.bandi.pl\/blog\/wp-content\/uploads\/2019\/06\/bandi-logo.png","width":264,"height":111,"caption":"BANDI"},"image":{"@id":"https:\/\/www.bandi.pl\/blog\/#\/schema\/logo\/image\/"},"sameAs":["https:\/\/web.facebook.com\/BANDIcosmetics","https:\/\/x.com\/bandi_cosmetics","https:\/\/www.instagram.com\/bandi_cosmetics\/","https:\/\/www.pinterest.com\/bandicosmetics\/","https:\/\/www.youtube.com\/user\/BandiCosmeticsPolska"]},{"@type":"Person","@id":"https:\/\/www.bandi.pl\/blog\/#\/schema\/person\/5ba05af1a18c58f1c31d4ae051ec9499","name":"Ilona Kiraga"}]}},"_links":{"self":[{"href":"https:\/\/www.bandi.pl\/blog\/wp-json\/wp\/v2\/posts\/21054","targetHints":{"allow":["GET"]}}],"collection":[{"href":"https:\/\/www.bandi.pl\/blog\/wp-json\/wp\/v2\/posts"}],"about":[{"href":"https:\/\/www.bandi.pl\/blog\/wp-json\/wp\/v2\/types\/post"}],"author":[{"embeddable":true,"href":"https:\/\/www.bandi.pl\/blog\/wp-json\/wp\/v2\/users\/13"}],"replies":[{"embeddable":true,"href":"https:\/\/www.bandi.pl\/blog\/wp-json\/wp\/v2\/comments?post=21054"}],"version-history":[{"count":18,"href":"https:\/\/www.bandi.pl\/blog\/wp-json\/wp\/v2\/posts\/21054\/revisions"}],"predecessor-version":[{"id":21078,"href":"https:\/\/www.bandi.pl\/blog\/wp-json\/wp\/v2\/posts\/21054\/revisions\/21078"}],"wp:featuredmedia":[{"embeddable":true,"href":"https:\/\/www.bandi.pl\/blog\/wp-json\/wp\/v2\/media\/21063"}],"wp:attachment":[{"href":"https:\/\/www.bandi.pl\/blog\/wp-json\/wp\/v2\/media?parent=21054"}],"wp:term":[{"taxonomy":"category","embeddable":true,"href":"https:\/\/www.bandi.pl\/blog\/wp-json\/wp\/v2\/categories?post=21054"},{"taxonomy":"post_tag","embeddable":true,"href":"https:\/\/www.bandi.pl\/blog\/wp-json\/wp\/v2\/tags?post=21054"}],"curies":[{"name":"wp","href":"https:\/\/api.w.org\/{rel}","templated":true}]}}