{"id":20992,"date":"2025-06-17T13:13:11","date_gmt":"2025-06-17T11:13:11","guid":{"rendered":"https:\/\/www.bandi.pl\/blog\/?p=20992"},"modified":"2025-06-17T13:13:12","modified_gmt":"2025-06-17T11:13:12","slug":"jak-dzialaja-proteiny-w-kosmetykach-do-wlosow","status":"publish","type":"post","link":"https:\/\/www.bandi.pl\/blog\/jak-dzialaja-proteiny-w-kosmetykach-do-wlosow\/","title":{"rendered":"Jak dzia\u0142aj\u0105 proteiny w kosmetykach do w\u0142os\u00f3w?"},"content":{"rendered":"\n<p>Proteiny, czyli inaczej bia\u0142ka s\u0105 jednymi z najbardziej wszechstronnych sk\u0142adnik\u00f3w aktywnych w kosmetykach do w\u0142os\u00f3w. Stanowi\u0105 jeden z element\u00f3w zasad kategoryzowania produkt\u00f3w kosmetycznych do w\u0142os\u00f3w pod wzgl\u0119dem PEH (proteiny, emolienty, humektanty). \u017beby w pe\u0142ni zrozumie\u0107 ich dzia\u0142anie, warto spojrze\u0107 g\u0142\u0119biej \u2013 na ich struktur\u0119 chemiczn\u0105, rozmiar cz\u0105steczek i kompatybilno\u015b\u0107 z keratyn\u0105 w\u0142osa.<\/p>\n\n\n\n<h2 class=\"wp-block-heading\">W\u0142osy a proteiny \u2013 powi\u0105zanie biologiczne<\/h2>\n\n\n\n<p>Trzon w\u0142osa (\u0142odyga) zbudowany jest g\u0142\u00f3wnie z keratyny, czyli fibrylarnego bia\u0142ka o wysokiej zawarto\u015bci cysteiny (aminokwasu zawieraj\u0105cego siark\u0119). To w\u0142a\u015bnie mostki dwusiarczkowe (\u2013S\u2013S\u2013) pomi\u0119dzy \u0142a\u0144cuchami cysteiny odpowiadaj\u0105 za wytrzyma\u0142o\u015b\u0107, elastyczno\u015b\u0107 i trwa\u0142o\u015b\u0107 w\u0142osa.<\/p>\n\n\n\n<p>Dlatego bia\u0142ka (proteiny) stosowane w kosmetykach dzia\u0142aj\u0105 na zasadzie biozgodno\u015bci strukturalnej \u2013 mog\u0105 si\u0119 wi\u0105za\u0107 z keratyn\u0105 poprzez wi\u0105zania wodorowe, jonowe, a w przypadku niekt\u00f3rych \u2013 r\u00f3wnie\u017c kowalencyjne (np. z utlenion\u0105 cystein\u0105).<\/p>\n\n\n\n<h2 class=\"wp-block-heading\">Struktura chemiczna i wielko\u015b\u0107 cz\u0105stek \u2013 klucz do dzia\u0142ania<\/h2>\n\n\n\n<p>Proteiny kosmetyczne r\u00f3\u017cni\u0105 si\u0119 wielko\u015bci\u0105 cz\u0105steczek, co bezpo\u015brednio wp\u0142ywa na spos\u00f3b ich oddzia\u0142ywania na w\u0142os.<\/p>\n\n\n\n<p>Wielkocz\u0105steczkowe proteiny (np. hydrolyzed wheat protein, kolagen):<\/p>\n\n\n\n<ul class=\"wp-block-list\">\n<li>masa cz\u0105steczkowa: &gt; 10 000 Da (dalton\u00f3w),<\/li>\n\n\n\n<li>dzia\u0142aj\u0105 powierzchniowo \u2013 tworz\u0105 film ochronny, wyg\u0142adzaj\u0105 \u0142uski w\u0142osa,<\/li>\n\n\n\n<li>nadaj\u0105 blask, obj\u0119to\u015b\u0107, chwilow\u0105 ochron\u0119 mechaniczn\u0105.<\/li>\n<\/ul>\n\n\n\n<p>Proteiny hydrolizowane (np. hydrolyzed keratin, hydrolyzed silk, hydrolyzed milk protein):<\/p>\n\n\n\n<ul class=\"wp-block-list\">\n<li>masa cz\u0105steczkowa: 1 000\u201310 000 Da,<\/li>\n\n\n\n<li>dzi\u0119ki procesowi hydrolizy s\u0105 bardziej kompatybilne z w\u0142\u00f3knem w\u0142osa \u2013 mog\u0105 penetrowa\u0107 w g\u0142\u0105b warstwy korowej (cortex),<\/li>\n\n\n\n<li>\u0142atwiej wi\u0105\u017c\u0105 si\u0119 z uszkodzeniami i uzupe\u0142niaj\u0105 ubytki strukturalne.<\/li>\n<\/ul>\n\n\n\n<p>3. Aminokwasy i oligopeptydy:<\/p>\n\n\n\n<ul class=\"wp-block-list\">\n<li>masa cz\u0105steczkowa: &lt;1 000 Da,<\/li>\n\n\n\n<li>najmniejsze cz\u0105steczki \u2013 wype\u0142niaj\u0105 uszkodzenia i bior\u0105 udzia\u0142 w procesach naprawczych,<\/li>\n\n\n\n<li>pe\u0142ni\u0105 funkcj\u0119 \u201ecegie\u0142ek\u201d do regeneracji uszkodzonej keratyny,<\/li>\n\n\n\n<li>przyk\u0142ad: arginina, cysteina, seryna, glicyna.<\/li>\n<\/ul>\n\n\n\n<h2 class=\"wp-block-heading\">Kompatybilno\u015b\u0107 z w\u0142\u00f3knem w\u0142osa<\/h2>\n\n\n\n<p>Im bardziej bia\u0142ko przypomina struktur\u0105 naturaln\u0105 keratyn\u0119 w\u0142osa, tym skuteczniej mo\u017ce wspiera\u0107 jego regeneracj\u0119. Tradycyjnie stosowane hydrolizaty keratyny czy jedwabiu s\u0105 biozgodne i tworz\u0105 trwa\u0142e wi\u0105zania z aminokwasami wewn\u0105trz w\u0142osa, jednak pochodz\u0105 z surowc\u00f3w odzwierz\u0119cych.<\/p>\n\n\n\n<p>Dla os\u00f3b poszukuj\u0105cych alternatywy wega\u0144skiej i cruelty-free, doskona\u0142ym wyborem s\u0105 proteiny ro\u015blinne \u2013 otrzymywane z pszenicy, soi, owsa czy groszku. Cho\u0107 r\u00f3\u017cni\u0105 si\u0119 \u017ar\u00f3d\u0142em, po odpowiedniej hydrolizie (enzymatycznej lub chemicznej) uzyskuj\u0105 niskocz\u0105steczkow\u0105 struktur\u0119, kt\u00f3ra umo\u017cliwia ich penetracj\u0119 do wn\u0119trza w\u0142osa.<\/p>\n\n\n\n<figure class=\"wp-block-image size-large\"><img loading=\"lazy\" decoding=\"async\" width=\"1050\" height=\"420\" src=\"https:\/\/www.bandi.pl\/blog\/wp-content\/uploads\/2025\/06\/Proteiny-1050x420.png\" alt=\"proteiny - wielko\u015b\u0107 cz\u0105steczki\" class=\"wp-image-20998\" srcset=\"https:\/\/www.bandi.pl\/blog\/wp-content\/uploads\/2025\/06\/Proteiny-980x392.png 980w, https:\/\/www.bandi.pl\/blog\/wp-content\/uploads\/2025\/06\/Proteiny-480x192.png 480w\" sizes=\"(min-width: 0px) and (max-width: 480px) 480px, (min-width: 481px) and (max-width: 980px) 980px, (min-width: 981px) 1050px, 100vw\" \/><\/figure>\n\n\n\n<p class=\"has-small-font-size\">Proteiny, kt\u00f3re mo\u017cemy znale\u017a\u0107 w sk\u0142adach kosmetyk\u00f3w: Hydrolyzed Keratin, Hydrolyzed Silk, Hyrolyzed Milk Protein oraz ro\u015blinne: Hydrolyzed Amaranth Protein, Hydrolyzed Wheat Protein, Oat Protein, Rice Protein, Pea (Pisum sativum) Protein, Soy Protein.<\/p>\n\n\n\n<p class=\"has-small-font-size\">Wersja hydrolizowana oznacza, \u017ce cz\u0105steczki zosta\u0142y rozbite do peptyd\u00f3w i aminokwas\u00f3w o niskiej masie cz\u0105steczkowej \u2013 dzi\u0119ki temu mog\u0105 \u0142atwo penetrowa\u0107 w\u0142osy.<\/p>\n\n\n\n<h2 class=\"wp-block-heading\">Proteiny z groszku<\/h2>\n\n\n\n<p>W nowoczesnych produktach do piel\u0119gnacji w\u0142os\u00f3w ostatnio mo\u017cemy znale\u017a\u0107: <a href=\"https:\/\/www.bandi.pl\/sklep\/katalog.php?wyr=Pisum+Sativum+%28Pea%29+Peptide\">proteiny z zielonego groszku (Pisum sativum)<\/a>. Co je wyr\u00f3\u017cnia?<\/p>\n\n\n\n<p>Proteiny z groszku (Pisum sativum) zawieraj\u0105 alfa-globuliny, a dok\u0142adniej:<\/p>\n\n\n\n<ul class=\"wp-block-list\">\n<li>globuliny \u2013 stanowi\u0105 oko\u0142o 65\u201380% wszystkich bia\u0142ek grochu,<\/li>\n\n\n\n<li>legumina (11S) \u2013 to w\u0142a\u015bnie ona jest alfa-globulin\u0105.<\/li>\n\n\n\n<li>vicilina (7S) \u2013 beta-globulina.<\/li>\n\n\n\n<li>albuminy \u2013 ~15\u201325%<\/li>\n\n\n\n<li>inne (np. gluteliny, prolaminy) \u2013 \u015bladowe ilo\u015bci<\/li>\n<\/ul>\n\n\n\n<p>Co to s\u0105 alfa-globuliny (11S Legumina)?<\/p>\n\n\n\n<p>To rezerwowe bia\u0142ka magazynowane w nasionach ro\u015blin str\u0105czkowych. S\u0105 bogate w aminokwasy egzogenne, w tym: arginin\u0119, lizyn\u0119, leucyn\u0119, a cz\u0119\u015bciowo te\u017c w siarkowe aminokwasy (chocia\u017c w mniejszych ilo\u015bciach ni\u017c np. keratyna). Maj\u0105 struktur\u0119 sferyczn\u0105 i du\u017c\u0105 mas\u0119 cz\u0105steczkow\u0105 (~320\u2013400 kDa), ale po hydrolizie enzymatycznej powstaj\u0105 mniejsze peptydy \u2013 idealne do zastosowania kosmetycznego.<\/p>\n\n\n\n<p>Hydrolizowane proteiny z groszku s\u0105 nowoczesnym, wega\u0144skim rozwi\u0105zaniem, gdy\u017c:<\/p>\n\n\n\n<ul class=\"wp-block-list\">\n<li>zawieraj\u0105 kompletne aminokwasy, w tym BCAA oraz lizyn\u0119 \u2013 bia\u0142ka jedne z najbli\u017cszych keratynie,<\/li>\n\n\n\n<li>hydrolizowana forma (peptydy ~750\u202fDa) \u2013 \u0142\u0105czy si\u0119 z keratyn\u0105 przez wi\u0105zania jonowe i wodorowe, wzmacniaj\u0105c w\u0142osy i zwi\u0119kszaj\u0105c ich spr\u0119\u017cysto\u015b\u0107,<\/li>\n\n\n\n<li>poprawia retencj\u0119 wilgoci \u2013 przez zdolno\u015b\u0107 wi\u0105zania wody i ochron\u0119 przed jej odparowaniem,<\/li>\n\n\n\n<li>zawieraj\u0105 alfa-globulin\u0119 (11S Legumin\u0119), kt\u00f3ra r\u00f3wnie\u017c ma zdolno\u015b\u0107 wi\u0105zania z keratyn\u0105 w\u0142osa (przez oddzia\u0142ywania jonowe\/wodorowe),<\/li>\n<\/ul>\n\n\n\n<h2 class=\"wp-block-heading\">Czy proteiny zawsze s\u0105 korzystne dla w\u0142osa?<\/h2>\n\n\n\n<p>Proteiny mog\u0105 wyra\u017anie poprawi\u0107 kondycj\u0119 i wygl\u0105d w\u0142os\u00f3w. Je\u015bli jednak w\u0142os nie ma ubytk\u00f3w strukturalnych, nadmiar protein mo\u017ce:<\/p>\n\n\n\n<ul class=\"wp-block-list\">\n<li>zaburzy\u0107 r\u00f3wnowag\u0119 elektrostatyczn\u0105 w\u0142\u00f3kna,<\/li>\n\n\n\n<li>prowadzi\u0107 do sztywno\u015bci i \u0142amliwo\u015bci (tzw. przeproteinowanie),<\/li>\n\n\n\n<li>zamiast wyg\u0142adzenia \u2013 da\u0107 efekt przesuszenia.<\/li>\n<\/ul>\n\n\n\n<div class=\"wp-block-divi-layout\">[et_pb_section fb_built=&#8221;1&#8243; theme_builder_area=&#8221;post_content&#8221; _builder_version=&#8221;4.22.2&#8243; _module_preset=&#8221;default&#8221;][\/et_pb_section][et_pb_section fb_built=&#8221;1&#8243; _builder_version=&#8221;4.16&#8243; top_divider_style=&#8221;arrow&#8221; top_divider_color=&#8221;rgba(255,166,168,0.75)&#8221; top_divider_height=&#8221;1px&#8221; bottom_divider_style=&#8221;arrow&#8221; bottom_divider_color=&#8221;rgba(255,166,168,0.75)&#8221; bottom_divider_height=&#8221;1px&#8221; global_colors_info=&#8221;{}&#8221; theme_builder_area=&#8221;post_content&#8221;][et_pb_row column_structure=&#8221;1_2,1_2&#8243; _builder_version=&#8221;4.16&#8243; width=&#8221;100%&#8221; module_alignment=&#8221;left&#8221; custom_margin=&#8221;||||false|false&#8221; global_colors_info=&#8221;{}&#8221; theme_builder_area=&#8221;post_content&#8221;][et_pb_column type=&#8221;1_2&#8243; _builder_version=&#8221;4.16&#8243; global_colors_info=&#8221;{}&#8221; theme_builder_area=&#8221;post_content&#8221;][et_pb_text _builder_version=&#8221;4.22.2&#8243; text_font=&#8221;Raleway Bold||||||||&#8221; text_text_color=&#8221;rgba(255,166,168,0.75)&#8221; text_font_size=&#8221;55px&#8221; text_letter_spacing=&#8221;9px&#8221; text_line_height=&#8221;1em&#8221; header_font_size=&#8221;39px&#8221; min_height=&#8221;23px&#8221; custom_margin=&#8221;40px||||false|false&#8221; link_option_url=&#8221;https:\/\/www.bandi.pl\/sklep\/katalog.php?wyr=Pisum+Sativum+%28Pea%29+Peptide&#8221; hover_enabled=&#8221;0&#8243; inline_fonts=&#8221;Raleway Bold&#8221; global_colors_info=&#8221;{}&#8221; theme_builder_area=&#8221;post_content&#8221; sticky_enabled=&#8221;0&#8243;]<p style=\"text-align: center;\"><span style=\"font-size: xx-large; font-family: inherit; font-weight: normal;\"><strong>TRICHO ESTHETIC<\/strong><\/span><\/p>\n<p style=\"text-align: center;\"><span style=\"font-size: xx-large; font-family: inherit; font-weight: normal;\"><strong><\/strong><\/span><\/p>[\/et_pb_text][et_pb_text _builder_version=&#8221;4.22.2&#8243; text_font=&#8221;Raleway Regular||||||||&#8221; text_text_color=&#8221;#b8b8b8&#8243; text_font_size=&#8221;22px&#8221; text_line_height=&#8221;1.5em&#8221; link_option_url=&#8221;https:\/\/www.bandi.pl\/sklep\/katalog.php?wyr=Pisum+Sativum+%28Pea%29+Peptide&#8221; hover_enabled=&#8221;0&#8243; global_colors_info=&#8221;{}&#8221; theme_builder_area=&#8221;post_content&#8221; sticky_enabled=&#8221;0&#8243;]<p style=\"text-align: center;\">W\u0142osy pe\u0142ne blasku i obj\u0119to\u015bci<\/p>[\/et_pb_text][et_pb_button button_url=&#8221;https:\/\/www.bandi.pl\/sklep\/katalog.php?wyr=Pisum+Sativum+%28Pea%29+Peptide&#8221; button_text=&#8221;ZOBACZ&#8221; button_alignment=&#8221;center&#8221; disabled_on=&#8221;off|off|off&#8221; _builder_version=&#8221;4.22.2&#8243; custom_button=&#8221;on&#8221; button_text_size=&#8221;20px&#8221; button_text_color=&#8221;#ffffff&#8221; button_border_radius=&#8221;25px&#8221; button_font=&#8221;Bree Serif||||||||&#8221; background_layout=&#8221;dark&#8221; custom_padding=&#8221;12px|30px|12px|30px|true|true&#8221; hover_transition_duration=&#8221;0ms&#8221; hover_enabled=&#8221;0&#8243; box_shadow_style=&#8221;preset3&#8243; global_colors_info=&#8221;{}&#8221; theme_builder_area=&#8221;post_content&#8221; sticky_enabled=&#8221;0&#8243;][\/et_pb_button][\/et_pb_column][et_pb_column type=&#8221;1_2&#8243; _builder_version=&#8221;4.16&#8243; global_colors_info=&#8221;{}&#8221; theme_builder_area=&#8221;post_content&#8221;][et_pb_image src=&#8221;https:\/\/www.bandi.pl\/blog\/wp-content\/uploads\/2025\/06\/bandi-luty-090-g-scaled.jpg&#8221; title_text=&#8221;bandi-luty-090-g&#8221; url=&#8221;https:\/\/www.bandi.pl\/sklep\/katalog.php?wyr=Pisum+Sativum+%28Pea%29+Peptide&#8221; align=&#8221;center&#8221; _builder_version=&#8221;4.22.2&#8243; width=&#8221;100%&#8221; hover_enabled=&#8221;0&#8243; global_colors_info=&#8221;{}&#8221; theme_builder_area=&#8221;post_content&#8221; sticky_enabled=&#8221;0&#8243;][\/et_pb_image][\/et_pb_column][\/et_pb_row][\/et_pb_section]<\/div>\n\n\n\n<div class=\"wp-block-divi-layout\">[et_pb_section admin_label=&#8221;section&#8221;][et_pb_row admin_label=&#8221;row&#8221;][\/et_pb_row][\/et_pb_section]<\/div>\n","protected":false},"excerpt":{"rendered":"<p>Proteiny, czyli inaczej bia\u0142ka s\u0105 jednymi z najbardziej wszechstronnych sk\u0142adnik\u00f3w aktywnych w kosmetykach do w\u0142os\u00f3w. Stanowi\u0105 jeden z element\u00f3w zasad kategoryzowania produkt\u00f3w kosmetycznych do w\u0142os\u00f3w pod wzgl\u0119dem PEH (proteiny, emolienty, humektanty). \u017beby w pe\u0142ni zrozumie\u0107 ich dzia\u0142anie, warto spojrze\u0107 g\u0142\u0119biej \u2013 na ich struktur\u0119 chemiczn\u0105, rozmiar cz\u0105steczek i kompatybilno\u015b\u0107 z keratyn\u0105 w\u0142osa. W\u0142osy a proteiny [&hellip;]<\/p>\n","protected":false},"author":13,"featured_media":21004,"comment_status":"open","ping_status":"closed","sticky":false,"template":"","format":"standard","meta":{"_et_pb_use_builder":"off","_et_pb_old_content":"","_et_gb_content_width":"","footnotes":""},"categories":[2051,1771],"tags":[3445,7093,4232,8785,8745,4230,8701,8783,8786,8377,8787,8784],"class_list":["post-20992","post","type-post","status-publish","format-standard","has-post-thumbnail","hentry","category-magdalena-dzienisik","category-kategoria-surowce-i-szczypta-chemii","tag-bandi","tag-kosmetyki-do-wlosow","tag-kosmetyki-profesjonalne","tag-naprawa-uszkodzen-wlosow","tag-peh","tag-pielegnacja-profesjonalna","tag-proteiny-z-groszku","tag-regeneracja-wlosow","tag-skladniki-kondycjonujace","tag-szampon-do-wlosow","tag-tricho-estheticodzywka-do-wlosow","tag-wzmocnienie-wlosow"],"yoast_head":"<!-- This site is optimized with the Yoast SEO plugin v27.1.1 - https:\/\/yoast.com\/product\/yoast-seo-wordpress\/ -->\n<title>Jak dzia\u0142aj\u0105 proteiny w kosmetykach do w\u0142os\u00f3w? &#187; Blog BANDI<\/title>\n<meta name=\"description\" content=\"Proteiny, czyli inaczej bia\u0142ka s\u0105 jednymi z najbardziej wszechstronnych sk\u0142adnik\u00f3w aktywnych w kosmetykach do w\u0142os\u00f3w. Stanowi\u0105 jeden z element\u00f3w zasad kategoryzowania produkt\u00f3w kosmetycznych do w\u0142os\u00f3w pod wzgl\u0119dem PEH.\" \/>\n<meta name=\"robots\" content=\"index, follow, max-snippet:-1, max-image-preview:large, max-video-preview:-1\" \/>\n<link rel=\"canonical\" href=\"https:\/\/www.bandi.pl\/blog\/jak-dzialaja-proteiny-w-kosmetykach-do-wlosow\/\" \/>\n<meta property=\"og:locale\" content=\"pl_PL\" \/>\n<meta property=\"og:type\" content=\"article\" \/>\n<meta property=\"og:title\" content=\"Jak dzia\u0142aj\u0105 proteiny w kosmetykach do w\u0142os\u00f3w? &#187; Blog BANDI\" \/>\n<meta property=\"og:description\" content=\"Proteiny, czyli inaczej bia\u0142ka s\u0105 jednymi z najbardziej wszechstronnych sk\u0142adnik\u00f3w aktywnych w kosmetykach do w\u0142os\u00f3w. Stanowi\u0105 jeden z element\u00f3w zasad kategoryzowania produkt\u00f3w kosmetycznych do w\u0142os\u00f3w pod wzgl\u0119dem PEH.\" \/>\n<meta property=\"og:url\" content=\"https:\/\/www.bandi.pl\/blog\/jak-dzialaja-proteiny-w-kosmetykach-do-wlosow\/\" \/>\n<meta property=\"og:site_name\" content=\"Blog BANDI\" \/>\n<meta property=\"article:publisher\" content=\"https:\/\/web.facebook.com\/BANDIcosmetics\" \/>\n<meta property=\"article:published_time\" content=\"2025-06-17T11:13:11+00:00\" \/>\n<meta property=\"article:modified_time\" content=\"2025-06-17T11:13:12+00:00\" \/>\n<meta property=\"og:image\" content=\"https:\/\/www.bandi.pl\/blog\/wp-content\/uploads\/2025\/06\/Projekt-bez-nazwy-4-2-592x420.png\" \/>\n\t<meta property=\"og:image:width\" content=\"592\" \/>\n\t<meta property=\"og:image:height\" content=\"420\" \/>\n\t<meta property=\"og:image:type\" content=\"image\/png\" \/>\n<meta name=\"author\" content=\"Ilona Kiraga\" \/>\n<meta name=\"twitter:card\" content=\"summary_large_image\" \/>\n<meta name=\"twitter:creator\" content=\"@bandi_cosmetics\" \/>\n<meta name=\"twitter:site\" content=\"@bandi_cosmetics\" \/>\n<meta name=\"twitter:label1\" content=\"Napisane przez\" \/>\n\t<meta name=\"twitter:data1\" content=\"Ilona Kiraga\" \/>\n\t<meta name=\"twitter:label2\" content=\"Szacowany czas czytania\" \/>\n\t<meta name=\"twitter:data2\" content=\"5 minut\" \/>\n<script type=\"application\/ld+json\" class=\"yoast-schema-graph\">{\"@context\":\"https:\/\/schema.org\",\"@graph\":[{\"@type\":\"Article\",\"@id\":\"https:\/\/www.bandi.pl\/blog\/jak-dzialaja-proteiny-w-kosmetykach-do-wlosow\/#article\",\"isPartOf\":{\"@id\":\"https:\/\/www.bandi.pl\/blog\/jak-dzialaja-proteiny-w-kosmetykach-do-wlosow\/\"},\"author\":{\"name\":\"Ilona Kiraga\",\"@id\":\"https:\/\/www.bandi.pl\/blog\/#\/schema\/person\/5ba05af1a18c58f1c31d4ae051ec9499\"},\"headline\":\"Jak dzia\u0142aj\u0105 proteiny w kosmetykach do w\u0142os\u00f3w?\",\"datePublished\":\"2025-06-17T11:13:11+00:00\",\"dateModified\":\"2025-06-17T11:13:12+00:00\",\"mainEntityOfPage\":{\"@id\":\"https:\/\/www.bandi.pl\/blog\/jak-dzialaja-proteiny-w-kosmetykach-do-wlosow\/\"},\"wordCount\":1151,\"commentCount\":0,\"publisher\":{\"@id\":\"https:\/\/www.bandi.pl\/blog\/#organization\"},\"image\":{\"@id\":\"https:\/\/www.bandi.pl\/blog\/jak-dzialaja-proteiny-w-kosmetykach-do-wlosow\/#primaryimage\"},\"thumbnailUrl\":\"https:\/\/www.bandi.pl\/blog\/wp-content\/uploads\/2025\/06\/Projekt-bez-nazwy-4-2.png\",\"keywords\":[\"Bandi\",\"kosmetyki do w\u0142os\u00f3w\",\"kosmetyki profesjonalne\",\"naprawa uszkodze\u0144 w\u0142os\u00f3w\",\"PEH\",\"piel\u0119gnacja profesjonalna\",\"proteiny z groszku\",\"regeneracja w\u0142os\u00f3w\",\"sk\u0142\u0105dniki kondycjonuj\u0105ce\",\"szampon do w\u0142os\u00f3w\",\"tricho-estheticod\u017cywka do w\u0142os\u00f3w\",\"wzmocnienie w\u0142os\u00f3w\"],\"articleSection\":[\"Magdalena Dzienisik\",\"Surowce i szczypta chemii\"],\"inLanguage\":\"pl-PL\",\"potentialAction\":[{\"@type\":\"CommentAction\",\"name\":\"Comment\",\"target\":[\"https:\/\/www.bandi.pl\/blog\/jak-dzialaja-proteiny-w-kosmetykach-do-wlosow\/#respond\"]}]},{\"@type\":\"WebPage\",\"@id\":\"https:\/\/www.bandi.pl\/blog\/jak-dzialaja-proteiny-w-kosmetykach-do-wlosow\/\",\"url\":\"https:\/\/www.bandi.pl\/blog\/jak-dzialaja-proteiny-w-kosmetykach-do-wlosow\/\",\"name\":\"Jak dzia\u0142aj\u0105 proteiny w kosmetykach do w\u0142os\u00f3w? &#187; Blog BANDI\",\"isPartOf\":{\"@id\":\"https:\/\/www.bandi.pl\/blog\/#website\"},\"primaryImageOfPage\":{\"@id\":\"https:\/\/www.bandi.pl\/blog\/jak-dzialaja-proteiny-w-kosmetykach-do-wlosow\/#primaryimage\"},\"image\":{\"@id\":\"https:\/\/www.bandi.pl\/blog\/jak-dzialaja-proteiny-w-kosmetykach-do-wlosow\/#primaryimage\"},\"thumbnailUrl\":\"https:\/\/www.bandi.pl\/blog\/wp-content\/uploads\/2025\/06\/Projekt-bez-nazwy-4-2.png\",\"datePublished\":\"2025-06-17T11:13:11+00:00\",\"dateModified\":\"2025-06-17T11:13:12+00:00\",\"description\":\"Proteiny, czyli inaczej bia\u0142ka s\u0105 jednymi z najbardziej wszechstronnych sk\u0142adnik\u00f3w aktywnych w kosmetykach do w\u0142os\u00f3w. Stanowi\u0105 jeden z element\u00f3w zasad kategoryzowania produkt\u00f3w kosmetycznych do w\u0142os\u00f3w pod wzgl\u0119dem PEH.\",\"breadcrumb\":{\"@id\":\"https:\/\/www.bandi.pl\/blog\/jak-dzialaja-proteiny-w-kosmetykach-do-wlosow\/#breadcrumb\"},\"inLanguage\":\"pl-PL\",\"potentialAction\":[{\"@type\":\"ReadAction\",\"target\":[\"https:\/\/www.bandi.pl\/blog\/jak-dzialaja-proteiny-w-kosmetykach-do-wlosow\/\"]}]},{\"@type\":\"ImageObject\",\"inLanguage\":\"pl-PL\",\"@id\":\"https:\/\/www.bandi.pl\/blog\/jak-dzialaja-proteiny-w-kosmetykach-do-wlosow\/#primaryimage\",\"url\":\"https:\/\/www.bandi.pl\/blog\/wp-content\/uploads\/2025\/06\/Projekt-bez-nazwy-4-2.png\",\"contentUrl\":\"https:\/\/www.bandi.pl\/blog\/wp-content\/uploads\/2025\/06\/Projekt-bez-nazwy-4-2.png\",\"width\":1748,\"height\":1240},{\"@type\":\"BreadcrumbList\",\"@id\":\"https:\/\/www.bandi.pl\/blog\/jak-dzialaja-proteiny-w-kosmetykach-do-wlosow\/#breadcrumb\",\"itemListElement\":[{\"@type\":\"ListItem\",\"position\":1,\"name\":\"BANDI\",\"item\":\"https:\/\/www.bandi.pl\/blog\/\"},{\"@type\":\"ListItem\",\"position\":2,\"name\":\"Jak dzia\u0142aj\u0105 proteiny w kosmetykach do w\u0142os\u00f3w?\"}]},{\"@type\":\"WebSite\",\"@id\":\"https:\/\/www.bandi.pl\/blog\/#website\",\"url\":\"https:\/\/www.bandi.pl\/blog\/\",\"name\":\"Blog BANDI\",\"description\":\"Czarno na bia\u0142ym o kosmetykach\",\"publisher\":{\"@id\":\"https:\/\/www.bandi.pl\/blog\/#organization\"},\"potentialAction\":[{\"@type\":\"SearchAction\",\"target\":{\"@type\":\"EntryPoint\",\"urlTemplate\":\"https:\/\/www.bandi.pl\/blog\/?s={search_term_string}\"},\"query-input\":{\"@type\":\"PropertyValueSpecification\",\"valueRequired\":true,\"valueName\":\"search_term_string\"}}],\"inLanguage\":\"pl-PL\"},{\"@type\":\"Organization\",\"@id\":\"https:\/\/www.bandi.pl\/blog\/#organization\",\"name\":\"BANDI\",\"url\":\"https:\/\/www.bandi.pl\/blog\/\",\"logo\":{\"@type\":\"ImageObject\",\"inLanguage\":\"pl-PL\",\"@id\":\"https:\/\/www.bandi.pl\/blog\/#\/schema\/logo\/image\/\",\"url\":\"https:\/\/www.bandi.pl\/blog\/wp-content\/uploads\/2019\/06\/bandi-logo.png\",\"contentUrl\":\"https:\/\/www.bandi.pl\/blog\/wp-content\/uploads\/2019\/06\/bandi-logo.png\",\"width\":264,\"height\":111,\"caption\":\"BANDI\"},\"image\":{\"@id\":\"https:\/\/www.bandi.pl\/blog\/#\/schema\/logo\/image\/\"},\"sameAs\":[\"https:\/\/web.facebook.com\/BANDIcosmetics\",\"https:\/\/x.com\/bandi_cosmetics\",\"https:\/\/www.instagram.com\/bandi_cosmetics\/\",\"https:\/\/www.pinterest.com\/bandicosmetics\/\",\"https:\/\/www.youtube.com\/user\/BandiCosmeticsPolska\"]},{\"@type\":\"Person\",\"@id\":\"https:\/\/www.bandi.pl\/blog\/#\/schema\/person\/5ba05af1a18c58f1c31d4ae051ec9499\",\"name\":\"Ilona Kiraga\"}]}<\/script>\n<!-- \/ Yoast SEO plugin. -->","yoast_head_json":{"title":"Jak dzia\u0142aj\u0105 proteiny w kosmetykach do w\u0142os\u00f3w? &#187; Blog BANDI","description":"Proteiny, czyli inaczej bia\u0142ka s\u0105 jednymi z najbardziej wszechstronnych sk\u0142adnik\u00f3w aktywnych w kosmetykach do w\u0142os\u00f3w. Stanowi\u0105 jeden z element\u00f3w zasad kategoryzowania produkt\u00f3w kosmetycznych do w\u0142os\u00f3w pod wzgl\u0119dem PEH.","robots":{"index":"index","follow":"follow","max-snippet":"max-snippet:-1","max-image-preview":"max-image-preview:large","max-video-preview":"max-video-preview:-1"},"canonical":"https:\/\/www.bandi.pl\/blog\/jak-dzialaja-proteiny-w-kosmetykach-do-wlosow\/","og_locale":"pl_PL","og_type":"article","og_title":"Jak dzia\u0142aj\u0105 proteiny w kosmetykach do w\u0142os\u00f3w? &#187; Blog BANDI","og_description":"Proteiny, czyli inaczej bia\u0142ka s\u0105 jednymi z najbardziej wszechstronnych sk\u0142adnik\u00f3w aktywnych w kosmetykach do w\u0142os\u00f3w. Stanowi\u0105 jeden z element\u00f3w zasad kategoryzowania produkt\u00f3w kosmetycznych do w\u0142os\u00f3w pod wzgl\u0119dem PEH.","og_url":"https:\/\/www.bandi.pl\/blog\/jak-dzialaja-proteiny-w-kosmetykach-do-wlosow\/","og_site_name":"Blog BANDI","article_publisher":"https:\/\/web.facebook.com\/BANDIcosmetics","article_published_time":"2025-06-17T11:13:11+00:00","article_modified_time":"2025-06-17T11:13:12+00:00","og_image":[{"width":592,"height":420,"url":"https:\/\/www.bandi.pl\/blog\/wp-content\/uploads\/2025\/06\/Projekt-bez-nazwy-4-2-592x420.png","type":"image\/png"}],"author":"Ilona Kiraga","twitter_card":"summary_large_image","twitter_creator":"@bandi_cosmetics","twitter_site":"@bandi_cosmetics","twitter_misc":{"Napisane przez":"Ilona Kiraga","Szacowany czas czytania":"5 minut"},"schema":{"@context":"https:\/\/schema.org","@graph":[{"@type":"Article","@id":"https:\/\/www.bandi.pl\/blog\/jak-dzialaja-proteiny-w-kosmetykach-do-wlosow\/#article","isPartOf":{"@id":"https:\/\/www.bandi.pl\/blog\/jak-dzialaja-proteiny-w-kosmetykach-do-wlosow\/"},"author":{"name":"Ilona Kiraga","@id":"https:\/\/www.bandi.pl\/blog\/#\/schema\/person\/5ba05af1a18c58f1c31d4ae051ec9499"},"headline":"Jak dzia\u0142aj\u0105 proteiny w kosmetykach do w\u0142os\u00f3w?","datePublished":"2025-06-17T11:13:11+00:00","dateModified":"2025-06-17T11:13:12+00:00","mainEntityOfPage":{"@id":"https:\/\/www.bandi.pl\/blog\/jak-dzialaja-proteiny-w-kosmetykach-do-wlosow\/"},"wordCount":1151,"commentCount":0,"publisher":{"@id":"https:\/\/www.bandi.pl\/blog\/#organization"},"image":{"@id":"https:\/\/www.bandi.pl\/blog\/jak-dzialaja-proteiny-w-kosmetykach-do-wlosow\/#primaryimage"},"thumbnailUrl":"https:\/\/www.bandi.pl\/blog\/wp-content\/uploads\/2025\/06\/Projekt-bez-nazwy-4-2.png","keywords":["Bandi","kosmetyki do w\u0142os\u00f3w","kosmetyki profesjonalne","naprawa uszkodze\u0144 w\u0142os\u00f3w","PEH","piel\u0119gnacja profesjonalna","proteiny z groszku","regeneracja w\u0142os\u00f3w","sk\u0142\u0105dniki kondycjonuj\u0105ce","szampon do w\u0142os\u00f3w","tricho-estheticod\u017cywka do w\u0142os\u00f3w","wzmocnienie w\u0142os\u00f3w"],"articleSection":["Magdalena Dzienisik","Surowce i szczypta chemii"],"inLanguage":"pl-PL","potentialAction":[{"@type":"CommentAction","name":"Comment","target":["https:\/\/www.bandi.pl\/blog\/jak-dzialaja-proteiny-w-kosmetykach-do-wlosow\/#respond"]}]},{"@type":"WebPage","@id":"https:\/\/www.bandi.pl\/blog\/jak-dzialaja-proteiny-w-kosmetykach-do-wlosow\/","url":"https:\/\/www.bandi.pl\/blog\/jak-dzialaja-proteiny-w-kosmetykach-do-wlosow\/","name":"Jak dzia\u0142aj\u0105 proteiny w kosmetykach do w\u0142os\u00f3w? &#187; Blog BANDI","isPartOf":{"@id":"https:\/\/www.bandi.pl\/blog\/#website"},"primaryImageOfPage":{"@id":"https:\/\/www.bandi.pl\/blog\/jak-dzialaja-proteiny-w-kosmetykach-do-wlosow\/#primaryimage"},"image":{"@id":"https:\/\/www.bandi.pl\/blog\/jak-dzialaja-proteiny-w-kosmetykach-do-wlosow\/#primaryimage"},"thumbnailUrl":"https:\/\/www.bandi.pl\/blog\/wp-content\/uploads\/2025\/06\/Projekt-bez-nazwy-4-2.png","datePublished":"2025-06-17T11:13:11+00:00","dateModified":"2025-06-17T11:13:12+00:00","description":"Proteiny, czyli inaczej bia\u0142ka s\u0105 jednymi z najbardziej wszechstronnych sk\u0142adnik\u00f3w aktywnych w kosmetykach do w\u0142os\u00f3w. Stanowi\u0105 jeden z element\u00f3w zasad kategoryzowania produkt\u00f3w kosmetycznych do w\u0142os\u00f3w pod wzgl\u0119dem PEH.","breadcrumb":{"@id":"https:\/\/www.bandi.pl\/blog\/jak-dzialaja-proteiny-w-kosmetykach-do-wlosow\/#breadcrumb"},"inLanguage":"pl-PL","potentialAction":[{"@type":"ReadAction","target":["https:\/\/www.bandi.pl\/blog\/jak-dzialaja-proteiny-w-kosmetykach-do-wlosow\/"]}]},{"@type":"ImageObject","inLanguage":"pl-PL","@id":"https:\/\/www.bandi.pl\/blog\/jak-dzialaja-proteiny-w-kosmetykach-do-wlosow\/#primaryimage","url":"https:\/\/www.bandi.pl\/blog\/wp-content\/uploads\/2025\/06\/Projekt-bez-nazwy-4-2.png","contentUrl":"https:\/\/www.bandi.pl\/blog\/wp-content\/uploads\/2025\/06\/Projekt-bez-nazwy-4-2.png","width":1748,"height":1240},{"@type":"BreadcrumbList","@id":"https:\/\/www.bandi.pl\/blog\/jak-dzialaja-proteiny-w-kosmetykach-do-wlosow\/#breadcrumb","itemListElement":[{"@type":"ListItem","position":1,"name":"BANDI","item":"https:\/\/www.bandi.pl\/blog\/"},{"@type":"ListItem","position":2,"name":"Jak dzia\u0142aj\u0105 proteiny w kosmetykach do w\u0142os\u00f3w?"}]},{"@type":"WebSite","@id":"https:\/\/www.bandi.pl\/blog\/#website","url":"https:\/\/www.bandi.pl\/blog\/","name":"Blog BANDI","description":"Czarno na bia\u0142ym o kosmetykach","publisher":{"@id":"https:\/\/www.bandi.pl\/blog\/#organization"},"potentialAction":[{"@type":"SearchAction","target":{"@type":"EntryPoint","urlTemplate":"https:\/\/www.bandi.pl\/blog\/?s={search_term_string}"},"query-input":{"@type":"PropertyValueSpecification","valueRequired":true,"valueName":"search_term_string"}}],"inLanguage":"pl-PL"},{"@type":"Organization","@id":"https:\/\/www.bandi.pl\/blog\/#organization","name":"BANDI","url":"https:\/\/www.bandi.pl\/blog\/","logo":{"@type":"ImageObject","inLanguage":"pl-PL","@id":"https:\/\/www.bandi.pl\/blog\/#\/schema\/logo\/image\/","url":"https:\/\/www.bandi.pl\/blog\/wp-content\/uploads\/2019\/06\/bandi-logo.png","contentUrl":"https:\/\/www.bandi.pl\/blog\/wp-content\/uploads\/2019\/06\/bandi-logo.png","width":264,"height":111,"caption":"BANDI"},"image":{"@id":"https:\/\/www.bandi.pl\/blog\/#\/schema\/logo\/image\/"},"sameAs":["https:\/\/web.facebook.com\/BANDIcosmetics","https:\/\/x.com\/bandi_cosmetics","https:\/\/www.instagram.com\/bandi_cosmetics\/","https:\/\/www.pinterest.com\/bandicosmetics\/","https:\/\/www.youtube.com\/user\/BandiCosmeticsPolska"]},{"@type":"Person","@id":"https:\/\/www.bandi.pl\/blog\/#\/schema\/person\/5ba05af1a18c58f1c31d4ae051ec9499","name":"Ilona Kiraga"}]}},"_links":{"self":[{"href":"https:\/\/www.bandi.pl\/blog\/wp-json\/wp\/v2\/posts\/20992","targetHints":{"allow":["GET"]}}],"collection":[{"href":"https:\/\/www.bandi.pl\/blog\/wp-json\/wp\/v2\/posts"}],"about":[{"href":"https:\/\/www.bandi.pl\/blog\/wp-json\/wp\/v2\/types\/post"}],"author":[{"embeddable":true,"href":"https:\/\/www.bandi.pl\/blog\/wp-json\/wp\/v2\/users\/13"}],"replies":[{"embeddable":true,"href":"https:\/\/www.bandi.pl\/blog\/wp-json\/wp\/v2\/comments?post=20992"}],"version-history":[{"count":11,"href":"https:\/\/www.bandi.pl\/blog\/wp-json\/wp\/v2\/posts\/20992\/revisions"}],"predecessor-version":[{"id":21006,"href":"https:\/\/www.bandi.pl\/blog\/wp-json\/wp\/v2\/posts\/20992\/revisions\/21006"}],"wp:featuredmedia":[{"embeddable":true,"href":"https:\/\/www.bandi.pl\/blog\/wp-json\/wp\/v2\/media\/21004"}],"wp:attachment":[{"href":"https:\/\/www.bandi.pl\/blog\/wp-json\/wp\/v2\/media?parent=20992"}],"wp:term":[{"taxonomy":"category","embeddable":true,"href":"https:\/\/www.bandi.pl\/blog\/wp-json\/wp\/v2\/categories?post=20992"},{"taxonomy":"post_tag","embeddable":true,"href":"https:\/\/www.bandi.pl\/blog\/wp-json\/wp\/v2\/tags?post=20992"}],"curies":[{"name":"wp","href":"https:\/\/api.w.org\/{rel}","templated":true}]}}