{"id":20951,"date":"2025-06-10T11:36:48","date_gmt":"2025-06-10T09:36:48","guid":{"rendered":"https:\/\/www.bandi.pl\/blog\/?p=20951"},"modified":"2025-06-10T11:36:49","modified_gmt":"2025-06-10T09:36:49","slug":"najlepszy-krem-dla-taty-podpowiedzi","status":"publish","type":"post","link":"https:\/\/www.bandi.pl\/blog\/najlepszy-krem-dla-taty-podpowiedzi\/","title":{"rendered":"Najlepszy krem dla Taty &#8211; podpowiedzi"},"content":{"rendered":"\n<p>Dzie\u0144 Matki ju\u017c za nami, ale przed nami Dzie\u0144 Ojca. To doskona\u0142a okazja, by sprawi\u0107 Tacie przyjemno\u015b\u0107. Co jednak podarowa\u0107 m\u0119\u017cczy\u017anie, kt\u00f3ry cz\u0119sto \u201ewszystko ju\u017c ma\u201d? Pomys\u0142\u00f3w jest wiele \u2013 od lotu balonem, przez gad\u017cet zwi\u0105zany z jego pasj\u0105, po ksi\u0105\u017ck\u0119. Mo\u017cna tak\u017ce zadba\u0107 o sk\u00f3r\u0119 taty ofiaruj\u0105c mu zestaw kosmetyk\u00f3w stworzonych z my\u015bl\u0105 o m\u0119\u017cczyznach. Zanim podpowiemy jaki krem b\u0119dzie dla Taty najlepszy kilka s\u0142\u00f3w o samym \u015bwi\u0119cie.<\/p>\n\n\n\n<h2 class=\"wp-block-heading\">Par\u0119 s\u0142\u00f3w historii<\/h2>\n\n\n\n<p>Obchody Dnia Ojca zapocz\u0105tkowane zosta\u0142y w Stanach Zjednoczonych, gdzie po sukcesie Dnia Matki pojawi\u0142y si\u0119 g\u0142osy, by ustanowi\u0107 \u015bwi\u0119ta r\u00f3wnie\u017c dla pozosta\u0142ych cz\u0142onk\u00f3w rodziny. Pierwsze obchody Dnia Ojca odby\u0142y si\u0119 19 czerwca 1910 roku w ma\u0142ym miasteczku w stanie Waszyngton za spraw\u0105 c\u00f3rki weterana wojny secesyjnej, kt\u00f3ra chcia\u0142a nagrodzi\u0107 ojca za trud samodzielnego wychowywania pi\u0119ciorga dzieci. Wydarzenie mia\u0142o jednak charakter lokalny i starania o wprowadzenie go na skal\u0119 krajow\u0105 nie powiod\u0142y si\u0119 przez kilka kolejnych dekad. Dopiero prezydent Nixon w 1972 roku oficjalnie ustanowi\u0142 Dzie\u0144 Ojca.<\/p>\n\n\n\n<p>W Polsce \u015bwi\u0119to to ustanowiono w 1965 roku za spraw\u0105 poety Jana Sztaudyngera, kt\u00f3ry zapytany o pomys\u0142 takiego dnia mia\u0142 powiedzie\u0107 \u201ePopieram z ca\u0142ego serca, a dzie\u0144 proponuj\u0119 23 czerwca. Jest to najkr\u00f3tsza noc roku, ojciec ma lab\u0119, wi\u0119c najwi\u0119ksze \u015bwi\u0119to\u201d I tak zosta\u0142o.<\/p>\n\n\n\n<p>Podobnie jak u nas w czerwcu Dzie\u0144 Ojca \u015bwi\u0119tuje si\u0119 na Litwie, w Austrii, Danii, Turcji, Francji, Holandii, Wielkiej Brytanii i na Ukrainie.<\/p>\n\n\n\n<h2 class=\"wp-block-heading\">M\u0119ska sk\u00f3ra \u2013 inne potrzeby<\/h2>\n\n\n\n<p>M\u0119ska sk\u00f3ra r\u00f3\u017cni si\u0119 jak wiadomo od kobiecej. Jest grubsza, mocniejsza, bardziej szorstka i odporna na zranienia. Mniej straszny jej wiatr, mr\u00f3z czy zimno. Mo\u017ce pochwali\u0107 si\u0119 lepszym dotlenieniem i od\u017cywieniem. Wolniej si\u0119 starzeje, ale bardziej poci i przet\u0142uszcza. Zmarszczki i bruzdy pojawiaj\u0105 si\u0119 na niej p\u00f3\u017aniej, ale s\u0105 zwykle bardziej widoczne. Czego potrzebuje? Nawil\u017cenia, ukojenia, cz\u0119sto ju\u017c odm\u0142odzenia i zawsze ochrony przed promieniowaniem UV.<\/p>\n\n\n\n<h2 class=\"wp-block-heading\">Najlepszy krem dla taty<\/h2>\n\n\n\n<p>Jaki b\u0119dzie, wobec tego najlepszy krem dla Taty? Na pewno nawil\u017caj\u0105cy, bo tego potrzebuje ka\u017cda sk\u00f3ra. Dobrze, aby posiada\u0142 tak\u017ce w\u0142a\u015bciwo\u015bci koj\u0105ce, gdy\u017c m\u0119ska sk\u00f3ra cz\u0119sto nara\u017cona jest na podra\u017cnienia podczas golenia.<\/p>\n\n\n\n<div class=\"wp-block-media-text is-stacked-on-mobile\" style=\"grid-template-columns:39% auto\"><figure class=\"wp-block-media-text__media\"><a href=\"https:\/\/www.bandi.pl\/sklep\/katalog\/seria\/105_4men-care\/\"><img loading=\"lazy\" decoding=\"async\" width=\"420\" height=\"420\" src=\"https:\/\/www.bandi.pl\/blog\/wp-content\/uploads\/2025\/06\/1-1-420x420.png\" alt=\"\" class=\"wp-image-20960 size-full\"\/><\/a><\/figure><div class=\"wp-block-media-text__content\">\n<p>Doskona\u0142ym wyborem na prezent dla Taty b\u0119dzie z pewno\u015bci\u0105 <a href=\"https:\/\/www.bandi.pl\/sklep\/kremy\/krem-do-twarzy-nawilzajaco-kojacy-1080\/\">Krem nawil\u017caj\u0105co\u2013koj\u0105cy<\/a>. To preparat bogaty w kwas hialuronowy, kt\u00f3ry pomaga zatrzyma\u0107 na d\u0142u\u017cej wod\u0119 w sk\u00f3rze, d-pantenol, alantoin\u0119 i awentramid o silnych w\u0142a\u015bciwo\u015bciach \u0142agodz\u0105cych i przyspieszaj\u0105cych regeneracj\u0119 nask\u00f3rka oraz wyg\u0142adzaj\u0105ce i od\u017cywcze estry mas\u0142a Shea. Regularne stosowanie tego kremu sprawi, \u017ce sk\u00f3ra b\u0119dzie g\u0142adka, mi\u0119kka i wypocz\u0119ta. Must have w m\u0119skiej kosmetyczce.<\/p>\n<\/div><\/div>\n\n\n\n<p><\/p>\n\n\n\n<p>Je\u015bli na licu Taty pojawi\u0142y si\u0119 ju\u017c zmarszczki, a zapewne si\u0119 pojawi\u0142y, warto mu podarowa\u0107 krem odm\u0142adzaj\u0105cy z peptydami, kt\u00f3re stymuluj\u0105 produkcj\u0119 kolagenu. I tu strza\u0142em w dziesi\u0105tk\u0119 b\u0119dzie <a href=\"https:\/\/www.bandi.pl\/sklep\/kremy\/krem-do-twarzy-przeciwzmarszczkowy-1082\/\">Krem przeciwzmarszczkowy<\/a>, kt\u00f3ry poza peptydami zawiera w sk\u0142adzie tak\u017ce kolagen ro\u015blinny, skwalan, selektywne kom\u00f3rki drozd\u017cy, olej makadamia i ektoin\u0119. Dzi\u0119ki temu wielokierunkowo piel\u0119gnuje sk\u00f3r\u0119. Krem czasu nie zatrzyma, ale mo\u017ce mu troch\u0119 przeszkodzi\u0107 i sk\u00f3r\u0119 Taty odm\u0142odzi\u0107.<\/p>\n\n\n\n<p>Ka\u017cdemu, nie tylko \u017ceglarzowi czy surferowi przyda si\u0119 krem z ochron\u0105 UV. A t\u0119 zapewni <a href=\"https:\/\/www.bandi.pl\/sklep\/kremy\/krem-do-twarzy-spf30-ochrona-uvb-i-uva-1140\/\">Krem do twarzy SPF 30<\/a>. To lekki, niebiel\u0105cy preparat ze stabilnym uk\u0142adem filtr\u00f3w UVA, UVB, HEV i IR oraz sk\u0142adnikami piel\u0119gnuj\u0105cymi sk\u00f3r\u0119, takimi jak: kwas hialuronowy, karnozyna, d-pantenol. Niezb\u0119dny na wakacje i nie tylko.<\/p>\n\n\n\n<div class=\"wp-block-media-text is-stacked-on-mobile\" style=\"grid-template-columns:39% auto\"><figure class=\"wp-block-media-text__media\"><img loading=\"lazy\" decoding=\"async\" width=\"420\" height=\"420\" src=\"https:\/\/www.bandi.pl\/blog\/wp-content\/uploads\/2025\/06\/2-2-420x420.png\" alt=\"\" class=\"wp-image-20961 size-full\"\/><\/figure><div class=\"wp-block-media-text__content\">\n<p>Nawet super bohaterzy czasem wygl\u0105daj\u0105 na zm\u0119czonych, zw\u0142aszcza po godzinach sp\u0119dzonych przy komputerze czy za kierownic\u0105. Dlatego warto podarowa\u0107 tacie tak\u017ce krem pod oczy. Ten z linii <a href=\"https:\/\/www.bandi.pl\/sklep\/kremy-pod-oczy\/krem-pod-oczy-cienie-i-opuchniecia-1081\/\">4 Men Care<\/a> zawiera w sk\u0142adzie kofein\u0119, kt\u00f3ra pobudza mikrokr\u0105\u017cenie, zmniejsza opuchni\u0119cia i cienie pod oczami oraz peptydy i dro\u017cd\u017ce, kt\u00f3re wspomagaj\u0105 regeneracj\u0119 kom\u00f3rek i redukuj\u0105 widoczno\u015b\u0107 zmarszczek. Po zastosowaniu kremu Tata szybko zauwa\u017cy, \u017ce jego spojrzenie jest bardziej wypocz\u0119te, sk\u00f3ra wok\u00f3\u0142 oczu g\u0142adsza i rozja\u015bniona.<\/p>\n<\/div><\/div>\n\n\n\n<p><\/p>\n\n\n\n<p>Dbanie o cer\u0119 to nie pr\u00f3\u017cno\u015b\u0107, tylko inwestycja w dobry wygl\u0105d i samopoczucie. A najlepszy Tata zas\u0142uguje na najlepsz\u0105 piel\u0119gnacj\u0119.<\/p>\n\n\n\n<div class=\"wp-block-divi-layout\">[et_pb_section fb_built=&#8221;1&#8243; _builder_version=&#8221;4.22.2&#8243; _module_preset=&#8221;default&#8221; global_colors_info=&#8221;{}&#8221;][\/et_pb_section][et_pb_section fb_built=&#8221;1&#8243; _builder_version=&#8221;4.16&#8243; top_divider_style=&#8221;arrow&#8221; top_divider_color=&#8221;rgba(255,166,168,0.75)&#8221; top_divider_height=&#8221;1px&#8221; bottom_divider_style=&#8221;arrow&#8221; bottom_divider_color=&#8221;rgba(255,166,168,0.75)&#8221; bottom_divider_height=&#8221;1px&#8221; global_colors_info=&#8221;{}&#8221;][et_pb_row column_structure=&#8221;1_2,1_2&#8243; _builder_version=&#8221;4.16&#8243; width=&#8221;100%&#8221; module_alignment=&#8221;left&#8221; custom_margin=&#8221;||||false|false&#8221; global_colors_info=&#8221;{}&#8221;][et_pb_column type=&#8221;1_2&#8243; _builder_version=&#8221;4.16&#8243; global_colors_info=&#8221;{}&#8221;][et_pb_text _builder_version=&#8221;4.22.2&#8243; text_font=&#8221;Raleway Bold||||||||&#8221; text_text_color=&#8221;rgba(255,166,168,0.75)&#8221; text_font_size=&#8221;55px&#8221; text_letter_spacing=&#8221;9px&#8221; text_line_height=&#8221;1em&#8221; header_font_size=&#8221;39px&#8221; min_height=&#8221;23px&#8221; custom_margin=&#8221;40px||||false|false&#8221; link_option_url=&#8221;https:\/\/www.bandi.pl\/sklep\/katalog\/seria\/105_4men-care\/&#8221; inline_fonts=&#8221;Raleway Bold&#8221; global_colors_info=&#8221;{}&#8221;]<p style=\"text-align: center\"><span style=\"font-size: xx-large;font-family: inherit;font-weight: normal\"><strong>4MEN CARE<\/strong><\/span><\/p>\n<p style=\"text-align: center\"><span style=\"font-size: xx-large;font-family: inherit;font-weight: normal\"><strong><\/strong><\/span><\/p>[\/et_pb_text][et_pb_text _builder_version=&#8221;4.22.2&#8243; text_font=&#8221;Raleway Regular||||||||&#8221; text_text_color=&#8221;#b8b8b8&#8243; text_font_size=&#8221;22px&#8221; text_line_height=&#8221;1.5em&#8221; link_option_url=&#8221;https:\/\/www.bandi.pl\/sklep\/katalog\/seria\/105_4men-care\/&#8221; hover_enabled=&#8221;0&#8243; global_colors_info=&#8221;{}&#8221; custom_padding=&#8221;||1px|||&#8221; sticky_enabled=&#8221;0&#8243;]<p style=\"text-align: center\">Najlepszy krem dla najlepszego Taty<\/p>[\/et_pb_text][et_pb_button button_url=&#8221;https:\/\/www.bandi.pl\/sklep\/katalog\/seria\/105_4men-care\/&#8221; button_text=&#8221;ZOBACZ&#8221; button_alignment=&#8221;center&#8221; disabled_on=&#8221;off|off|off&#8221; _builder_version=&#8221;4.22.2&#8243; custom_button=&#8221;on&#8221; button_text_size=&#8221;20px&#8221; button_text_color=&#8221;#ffffff&#8221; button_border_radius=&#8221;25px&#8221; button_font=&#8221;Bree Serif||||||||&#8221; background_layout=&#8221;dark&#8221; custom_padding=&#8221;12px|30px|12px|30px|true|true&#8221; hover_transition_duration=&#8221;0ms&#8221; box_shadow_style=&#8221;preset3&#8243; global_colors_info=&#8221;{}&#8221;][\/et_pb_button][\/et_pb_column][et_pb_column type=&#8221;1_2&#8243; _builder_version=&#8221;4.16&#8243; global_colors_info=&#8221;{}&#8221;][et_pb_image src=&#8221;https:\/\/www.bandi.pl\/blog\/wp-content\/uploads\/2025\/06\/6-10-men-P-44022.png&#8221; title_text=&#8221;6-10 men P-44022&#8243; url=&#8221;https:\/\/www.bandi.pl\/sklep\/katalog\/seria\/105_4men-care\/&#8221; align=&#8221;center&#8221; _builder_version=&#8221;4.22.2&#8243; width=&#8221;100%&#8221; global_colors_info=&#8221;{}&#8221;][\/et_pb_image][\/et_pb_column][\/et_pb_row][\/et_pb_section]<\/div>\n\n\n\n<div class=\"wp-block-divi-layout\">[et_pb_section admin_label=&#8221;section&#8221;][et_pb_row admin_label=&#8221;row&#8221;][\/et_pb_row][\/et_pb_section]<\/div>\n","protected":false},"excerpt":{"rendered":"<p>Dzie\u0144 Matki ju\u017c za nami, ale przed nami Dzie\u0144 Ojca. To doskona\u0142a okazja, by sprawi\u0107 Tacie przyjemno\u015b\u0107. Co jednak podarowa\u0107 m\u0119\u017cczy\u017anie, kt\u00f3ry cz\u0119sto \u201ewszystko ju\u017c ma\u201d? Pomys\u0142\u00f3w jest wiele \u2013 od lotu balonem, przez gad\u017cet zwi\u0105zany z jego pasj\u0105, po ksi\u0105\u017ck\u0119. Mo\u017cna tak\u017ce zadba\u0107 o sk\u00f3r\u0119 taty ofiaruj\u0105c mu zestaw kosmetyk\u00f3w stworzonych z my\u015bl\u0105 o [&hellip;]<\/p>\n","protected":false},"author":13,"featured_media":20953,"comment_status":"open","ping_status":"closed","sticky":false,"template":"","format":"standard","meta":{"_et_pb_use_builder":"off","_et_pb_old_content":"","_et_gb_content_width":"","footnotes":""},"categories":[2980,1817],"tags":[],"class_list":["post-20951","post","type-post","status-publish","format-standard","has-post-thumbnail","hentry","category-edyta-bilobran","category-kategoria-pielegnacja-i-kosmetyki"],"yoast_head":"<!-- This site is optimized with the Yoast SEO plugin v27.1.1 - https:\/\/yoast.com\/product\/yoast-seo-wordpress\/ -->\n<title>Najlepszy krem dla Taty - podpowiedzi &#187; Blog BANDI<\/title>\n<meta name=\"description\" content=\"Dbanie o cer\u0119 to nie pr\u00f3\u017cno\u015b\u0107, tylko inwestycja w dobry wygl\u0105d i samopoczucie A najlepszy Tata zas\u0142uguje na najlepszy krem.\" \/>\n<meta name=\"robots\" content=\"index, follow, max-snippet:-1, max-image-preview:large, max-video-preview:-1\" \/>\n<link rel=\"canonical\" href=\"https:\/\/www.bandi.pl\/blog\/najlepszy-krem-dla-taty-podpowiedzi\/\" \/>\n<meta property=\"og:locale\" content=\"pl_PL\" \/>\n<meta property=\"og:type\" content=\"article\" \/>\n<meta property=\"og:title\" content=\"Najlepszy krem dla Taty - podpowiedzi &#187; Blog BANDI\" \/>\n<meta property=\"og:description\" content=\"Dbanie o cer\u0119 to nie pr\u00f3\u017cno\u015b\u0107, tylko inwestycja w dobry wygl\u0105d i samopoczucie A najlepszy Tata zas\u0142uguje na najlepszy krem.\" \/>\n<meta property=\"og:url\" content=\"https:\/\/www.bandi.pl\/blog\/najlepszy-krem-dla-taty-podpowiedzi\/\" \/>\n<meta property=\"og:site_name\" content=\"Blog BANDI\" \/>\n<meta property=\"article:publisher\" content=\"https:\/\/web.facebook.com\/BANDIcosmetics\" \/>\n<meta property=\"article:published_time\" content=\"2025-06-10T09:36:48+00:00\" \/>\n<meta property=\"article:modified_time\" content=\"2025-06-10T09:36:49+00:00\" \/>\n<meta property=\"og:image\" content=\"https:\/\/www.bandi.pl\/blog\/wp-content\/uploads\/2025\/06\/krem-dla-taty-592x420.png\" \/>\n\t<meta property=\"og:image:width\" content=\"592\" \/>\n\t<meta property=\"og:image:height\" content=\"420\" \/>\n\t<meta property=\"og:image:type\" content=\"image\/png\" \/>\n<meta name=\"author\" content=\"Ilona Kiraga\" \/>\n<meta name=\"twitter:card\" content=\"summary_large_image\" \/>\n<meta name=\"twitter:creator\" content=\"@bandi_cosmetics\" \/>\n<meta name=\"twitter:site\" content=\"@bandi_cosmetics\" \/>\n<meta name=\"twitter:label1\" content=\"Napisane przez\" \/>\n\t<meta name=\"twitter:data1\" content=\"Ilona Kiraga\" \/>\n\t<meta name=\"twitter:label2\" content=\"Szacowany czas czytania\" \/>\n\t<meta name=\"twitter:data2\" content=\"5 minut\" \/>\n<script type=\"application\/ld+json\" class=\"yoast-schema-graph\">{\"@context\":\"https:\/\/schema.org\",\"@graph\":[{\"@type\":\"Article\",\"@id\":\"https:\/\/www.bandi.pl\/blog\/najlepszy-krem-dla-taty-podpowiedzi\/#article\",\"isPartOf\":{\"@id\":\"https:\/\/www.bandi.pl\/blog\/najlepszy-krem-dla-taty-podpowiedzi\/\"},\"author\":{\"name\":\"Ilona Kiraga\",\"@id\":\"https:\/\/www.bandi.pl\/blog\/#\/schema\/person\/5ba05af1a18c58f1c31d4ae051ec9499\"},\"headline\":\"Najlepszy krem dla Taty &#8211; podpowiedzi\",\"datePublished\":\"2025-06-10T09:36:48+00:00\",\"dateModified\":\"2025-06-10T09:36:49+00:00\",\"mainEntityOfPage\":{\"@id\":\"https:\/\/www.bandi.pl\/blog\/najlepszy-krem-dla-taty-podpowiedzi\/\"},\"wordCount\":1087,\"commentCount\":0,\"publisher\":{\"@id\":\"https:\/\/www.bandi.pl\/blog\/#organization\"},\"image\":{\"@id\":\"https:\/\/www.bandi.pl\/blog\/najlepszy-krem-dla-taty-podpowiedzi\/#primaryimage\"},\"thumbnailUrl\":\"https:\/\/www.bandi.pl\/blog\/wp-content\/uploads\/2025\/06\/krem-dla-taty.png\",\"articleSection\":[\"Edyta Bi\u0142obran\",\"Piel\u0119gnacja i kosmetyki\"],\"inLanguage\":\"pl-PL\",\"potentialAction\":[{\"@type\":\"CommentAction\",\"name\":\"Comment\",\"target\":[\"https:\/\/www.bandi.pl\/blog\/najlepszy-krem-dla-taty-podpowiedzi\/#respond\"]}]},{\"@type\":\"WebPage\",\"@id\":\"https:\/\/www.bandi.pl\/blog\/najlepszy-krem-dla-taty-podpowiedzi\/\",\"url\":\"https:\/\/www.bandi.pl\/blog\/najlepszy-krem-dla-taty-podpowiedzi\/\",\"name\":\"Najlepszy krem dla Taty - podpowiedzi &#187; Blog BANDI\",\"isPartOf\":{\"@id\":\"https:\/\/www.bandi.pl\/blog\/#website\"},\"primaryImageOfPage\":{\"@id\":\"https:\/\/www.bandi.pl\/blog\/najlepszy-krem-dla-taty-podpowiedzi\/#primaryimage\"},\"image\":{\"@id\":\"https:\/\/www.bandi.pl\/blog\/najlepszy-krem-dla-taty-podpowiedzi\/#primaryimage\"},\"thumbnailUrl\":\"https:\/\/www.bandi.pl\/blog\/wp-content\/uploads\/2025\/06\/krem-dla-taty.png\",\"datePublished\":\"2025-06-10T09:36:48+00:00\",\"dateModified\":\"2025-06-10T09:36:49+00:00\",\"description\":\"Dbanie o cer\u0119 to nie pr\u00f3\u017cno\u015b\u0107, tylko inwestycja w dobry wygl\u0105d i samopoczucie A najlepszy Tata zas\u0142uguje na najlepszy krem.\",\"breadcrumb\":{\"@id\":\"https:\/\/www.bandi.pl\/blog\/najlepszy-krem-dla-taty-podpowiedzi\/#breadcrumb\"},\"inLanguage\":\"pl-PL\",\"potentialAction\":[{\"@type\":\"ReadAction\",\"target\":[\"https:\/\/www.bandi.pl\/blog\/najlepszy-krem-dla-taty-podpowiedzi\/\"]}]},{\"@type\":\"ImageObject\",\"inLanguage\":\"pl-PL\",\"@id\":\"https:\/\/www.bandi.pl\/blog\/najlepszy-krem-dla-taty-podpowiedzi\/#primaryimage\",\"url\":\"https:\/\/www.bandi.pl\/blog\/wp-content\/uploads\/2025\/06\/krem-dla-taty.png\",\"contentUrl\":\"https:\/\/www.bandi.pl\/blog\/wp-content\/uploads\/2025\/06\/krem-dla-taty.png\",\"width\":1748,\"height\":1240,\"caption\":\"krem dla taty\"},{\"@type\":\"BreadcrumbList\",\"@id\":\"https:\/\/www.bandi.pl\/blog\/najlepszy-krem-dla-taty-podpowiedzi\/#breadcrumb\",\"itemListElement\":[{\"@type\":\"ListItem\",\"position\":1,\"name\":\"BANDI\",\"item\":\"https:\/\/www.bandi.pl\/blog\/\"},{\"@type\":\"ListItem\",\"position\":2,\"name\":\"Najlepszy krem dla Taty &#8211; podpowiedzi\"}]},{\"@type\":\"WebSite\",\"@id\":\"https:\/\/www.bandi.pl\/blog\/#website\",\"url\":\"https:\/\/www.bandi.pl\/blog\/\",\"name\":\"Blog BANDI\",\"description\":\"Czarno na bia\u0142ym o kosmetykach\",\"publisher\":{\"@id\":\"https:\/\/www.bandi.pl\/blog\/#organization\"},\"potentialAction\":[{\"@type\":\"SearchAction\",\"target\":{\"@type\":\"EntryPoint\",\"urlTemplate\":\"https:\/\/www.bandi.pl\/blog\/?s={search_term_string}\"},\"query-input\":{\"@type\":\"PropertyValueSpecification\",\"valueRequired\":true,\"valueName\":\"search_term_string\"}}],\"inLanguage\":\"pl-PL\"},{\"@type\":\"Organization\",\"@id\":\"https:\/\/www.bandi.pl\/blog\/#organization\",\"name\":\"BANDI\",\"url\":\"https:\/\/www.bandi.pl\/blog\/\",\"logo\":{\"@type\":\"ImageObject\",\"inLanguage\":\"pl-PL\",\"@id\":\"https:\/\/www.bandi.pl\/blog\/#\/schema\/logo\/image\/\",\"url\":\"https:\/\/www.bandi.pl\/blog\/wp-content\/uploads\/2019\/06\/bandi-logo.png\",\"contentUrl\":\"https:\/\/www.bandi.pl\/blog\/wp-content\/uploads\/2019\/06\/bandi-logo.png\",\"width\":264,\"height\":111,\"caption\":\"BANDI\"},\"image\":{\"@id\":\"https:\/\/www.bandi.pl\/blog\/#\/schema\/logo\/image\/\"},\"sameAs\":[\"https:\/\/web.facebook.com\/BANDIcosmetics\",\"https:\/\/x.com\/bandi_cosmetics\",\"https:\/\/www.instagram.com\/bandi_cosmetics\/\",\"https:\/\/www.pinterest.com\/bandicosmetics\/\",\"https:\/\/www.youtube.com\/user\/BandiCosmeticsPolska\"]},{\"@type\":\"Person\",\"@id\":\"https:\/\/www.bandi.pl\/blog\/#\/schema\/person\/5ba05af1a18c58f1c31d4ae051ec9499\",\"name\":\"Ilona Kiraga\"}]}<\/script>\n<!-- \/ Yoast SEO plugin. -->","yoast_head_json":{"title":"Najlepszy krem dla Taty - podpowiedzi &#187; Blog BANDI","description":"Dbanie o cer\u0119 to nie pr\u00f3\u017cno\u015b\u0107, tylko inwestycja w dobry wygl\u0105d i samopoczucie A najlepszy Tata zas\u0142uguje na najlepszy krem.","robots":{"index":"index","follow":"follow","max-snippet":"max-snippet:-1","max-image-preview":"max-image-preview:large","max-video-preview":"max-video-preview:-1"},"canonical":"https:\/\/www.bandi.pl\/blog\/najlepszy-krem-dla-taty-podpowiedzi\/","og_locale":"pl_PL","og_type":"article","og_title":"Najlepszy krem dla Taty - podpowiedzi &#187; Blog BANDI","og_description":"Dbanie o cer\u0119 to nie pr\u00f3\u017cno\u015b\u0107, tylko inwestycja w dobry wygl\u0105d i samopoczucie A najlepszy Tata zas\u0142uguje na najlepszy krem.","og_url":"https:\/\/www.bandi.pl\/blog\/najlepszy-krem-dla-taty-podpowiedzi\/","og_site_name":"Blog BANDI","article_publisher":"https:\/\/web.facebook.com\/BANDIcosmetics","article_published_time":"2025-06-10T09:36:48+00:00","article_modified_time":"2025-06-10T09:36:49+00:00","og_image":[{"width":592,"height":420,"url":"https:\/\/www.bandi.pl\/blog\/wp-content\/uploads\/2025\/06\/krem-dla-taty-592x420.png","type":"image\/png"}],"author":"Ilona Kiraga","twitter_card":"summary_large_image","twitter_creator":"@bandi_cosmetics","twitter_site":"@bandi_cosmetics","twitter_misc":{"Napisane przez":"Ilona Kiraga","Szacowany czas czytania":"5 minut"},"schema":{"@context":"https:\/\/schema.org","@graph":[{"@type":"Article","@id":"https:\/\/www.bandi.pl\/blog\/najlepszy-krem-dla-taty-podpowiedzi\/#article","isPartOf":{"@id":"https:\/\/www.bandi.pl\/blog\/najlepszy-krem-dla-taty-podpowiedzi\/"},"author":{"name":"Ilona Kiraga","@id":"https:\/\/www.bandi.pl\/blog\/#\/schema\/person\/5ba05af1a18c58f1c31d4ae051ec9499"},"headline":"Najlepszy krem dla Taty &#8211; podpowiedzi","datePublished":"2025-06-10T09:36:48+00:00","dateModified":"2025-06-10T09:36:49+00:00","mainEntityOfPage":{"@id":"https:\/\/www.bandi.pl\/blog\/najlepszy-krem-dla-taty-podpowiedzi\/"},"wordCount":1087,"commentCount":0,"publisher":{"@id":"https:\/\/www.bandi.pl\/blog\/#organization"},"image":{"@id":"https:\/\/www.bandi.pl\/blog\/najlepszy-krem-dla-taty-podpowiedzi\/#primaryimage"},"thumbnailUrl":"https:\/\/www.bandi.pl\/blog\/wp-content\/uploads\/2025\/06\/krem-dla-taty.png","articleSection":["Edyta Bi\u0142obran","Piel\u0119gnacja i kosmetyki"],"inLanguage":"pl-PL","potentialAction":[{"@type":"CommentAction","name":"Comment","target":["https:\/\/www.bandi.pl\/blog\/najlepszy-krem-dla-taty-podpowiedzi\/#respond"]}]},{"@type":"WebPage","@id":"https:\/\/www.bandi.pl\/blog\/najlepszy-krem-dla-taty-podpowiedzi\/","url":"https:\/\/www.bandi.pl\/blog\/najlepszy-krem-dla-taty-podpowiedzi\/","name":"Najlepszy krem dla Taty - podpowiedzi &#187; Blog BANDI","isPartOf":{"@id":"https:\/\/www.bandi.pl\/blog\/#website"},"primaryImageOfPage":{"@id":"https:\/\/www.bandi.pl\/blog\/najlepszy-krem-dla-taty-podpowiedzi\/#primaryimage"},"image":{"@id":"https:\/\/www.bandi.pl\/blog\/najlepszy-krem-dla-taty-podpowiedzi\/#primaryimage"},"thumbnailUrl":"https:\/\/www.bandi.pl\/blog\/wp-content\/uploads\/2025\/06\/krem-dla-taty.png","datePublished":"2025-06-10T09:36:48+00:00","dateModified":"2025-06-10T09:36:49+00:00","description":"Dbanie o cer\u0119 to nie pr\u00f3\u017cno\u015b\u0107, tylko inwestycja w dobry wygl\u0105d i samopoczucie A najlepszy Tata zas\u0142uguje na najlepszy krem.","breadcrumb":{"@id":"https:\/\/www.bandi.pl\/blog\/najlepszy-krem-dla-taty-podpowiedzi\/#breadcrumb"},"inLanguage":"pl-PL","potentialAction":[{"@type":"ReadAction","target":["https:\/\/www.bandi.pl\/blog\/najlepszy-krem-dla-taty-podpowiedzi\/"]}]},{"@type":"ImageObject","inLanguage":"pl-PL","@id":"https:\/\/www.bandi.pl\/blog\/najlepszy-krem-dla-taty-podpowiedzi\/#primaryimage","url":"https:\/\/www.bandi.pl\/blog\/wp-content\/uploads\/2025\/06\/krem-dla-taty.png","contentUrl":"https:\/\/www.bandi.pl\/blog\/wp-content\/uploads\/2025\/06\/krem-dla-taty.png","width":1748,"height":1240,"caption":"krem dla taty"},{"@type":"BreadcrumbList","@id":"https:\/\/www.bandi.pl\/blog\/najlepszy-krem-dla-taty-podpowiedzi\/#breadcrumb","itemListElement":[{"@type":"ListItem","position":1,"name":"BANDI","item":"https:\/\/www.bandi.pl\/blog\/"},{"@type":"ListItem","position":2,"name":"Najlepszy krem dla Taty &#8211; podpowiedzi"}]},{"@type":"WebSite","@id":"https:\/\/www.bandi.pl\/blog\/#website","url":"https:\/\/www.bandi.pl\/blog\/","name":"Blog BANDI","description":"Czarno na bia\u0142ym o kosmetykach","publisher":{"@id":"https:\/\/www.bandi.pl\/blog\/#organization"},"potentialAction":[{"@type":"SearchAction","target":{"@type":"EntryPoint","urlTemplate":"https:\/\/www.bandi.pl\/blog\/?s={search_term_string}"},"query-input":{"@type":"PropertyValueSpecification","valueRequired":true,"valueName":"search_term_string"}}],"inLanguage":"pl-PL"},{"@type":"Organization","@id":"https:\/\/www.bandi.pl\/blog\/#organization","name":"BANDI","url":"https:\/\/www.bandi.pl\/blog\/","logo":{"@type":"ImageObject","inLanguage":"pl-PL","@id":"https:\/\/www.bandi.pl\/blog\/#\/schema\/logo\/image\/","url":"https:\/\/www.bandi.pl\/blog\/wp-content\/uploads\/2019\/06\/bandi-logo.png","contentUrl":"https:\/\/www.bandi.pl\/blog\/wp-content\/uploads\/2019\/06\/bandi-logo.png","width":264,"height":111,"caption":"BANDI"},"image":{"@id":"https:\/\/www.bandi.pl\/blog\/#\/schema\/logo\/image\/"},"sameAs":["https:\/\/web.facebook.com\/BANDIcosmetics","https:\/\/x.com\/bandi_cosmetics","https:\/\/www.instagram.com\/bandi_cosmetics\/","https:\/\/www.pinterest.com\/bandicosmetics\/","https:\/\/www.youtube.com\/user\/BandiCosmeticsPolska"]},{"@type":"Person","@id":"https:\/\/www.bandi.pl\/blog\/#\/schema\/person\/5ba05af1a18c58f1c31d4ae051ec9499","name":"Ilona Kiraga"}]}},"_links":{"self":[{"href":"https:\/\/www.bandi.pl\/blog\/wp-json\/wp\/v2\/posts\/20951","targetHints":{"allow":["GET"]}}],"collection":[{"href":"https:\/\/www.bandi.pl\/blog\/wp-json\/wp\/v2\/posts"}],"about":[{"href":"https:\/\/www.bandi.pl\/blog\/wp-json\/wp\/v2\/types\/post"}],"author":[{"embeddable":true,"href":"https:\/\/www.bandi.pl\/blog\/wp-json\/wp\/v2\/users\/13"}],"replies":[{"embeddable":true,"href":"https:\/\/www.bandi.pl\/blog\/wp-json\/wp\/v2\/comments?post=20951"}],"version-history":[{"count":15,"href":"https:\/\/www.bandi.pl\/blog\/wp-json\/wp\/v2\/posts\/20951\/revisions"}],"predecessor-version":[{"id":20970,"href":"https:\/\/www.bandi.pl\/blog\/wp-json\/wp\/v2\/posts\/20951\/revisions\/20970"}],"wp:featuredmedia":[{"embeddable":true,"href":"https:\/\/www.bandi.pl\/blog\/wp-json\/wp\/v2\/media\/20953"}],"wp:attachment":[{"href":"https:\/\/www.bandi.pl\/blog\/wp-json\/wp\/v2\/media?parent=20951"}],"wp:term":[{"taxonomy":"category","embeddable":true,"href":"https:\/\/www.bandi.pl\/blog\/wp-json\/wp\/v2\/categories?post=20951"},{"taxonomy":"post_tag","embeddable":true,"href":"https:\/\/www.bandi.pl\/blog\/wp-json\/wp\/v2\/tags?post=20951"}],"curies":[{"name":"wp","href":"https:\/\/api.w.org\/{rel}","templated":true}]}}