{"id":20920,"date":"2025-06-05T11:05:43","date_gmt":"2025-06-05T09:05:43","guid":{"rendered":"https:\/\/www.bandi.pl\/blog\/?p=20920"},"modified":"2025-06-05T11:05:43","modified_gmt":"2025-06-05T09:05:43","slug":"podraznienia-po-goleniu-jak-je-ukoic","status":"publish","type":"post","link":"https:\/\/www.bandi.pl\/blog\/podraznienia-po-goleniu-jak-je-ukoic\/","title":{"rendered":"Podra\u017cnienia po goleniu &#8211; jak je ukoi\u0107?"},"content":{"rendered":"\n<p>Golenie, cho\u0107 jest jednym ze sta\u0142ych element\u00f3w piel\u0119gnacji u wielu m\u0119\u017cczyzn, potrafi by\u0107 r\u00f3wnie\u017c \u017ar\u00f3d\u0142em dyskomfortu. Zaczerwienienie, pieczenie, sucho\u015b\u0107 czy drobne krostki to mog\u0105 by\u0107 objawy podra\u017cnienia po goleniu. Jak ich unikn\u0105\u0107, a gdy ju\u017c si\u0119 pojawi\u0105 \u2013 jak je skutecznie z\u0142agodzi\u0107? Kluczowa jest odpowiednia technika golenia oraz piel\u0119gnacja sk\u00f3ry.<\/p>\n\n\n\n<h2 class=\"wp-block-heading\">Co powoduje podra\u017cnienia po goleniu?<\/h2>\n\n\n\n<p>Jedn\u0105 z najcz\u0119stszych przyczyn podra\u017cnie\u0144 sk\u00f3ry u m\u0119\u017cczyzn jest golenie \u201ena sucho\u201d lub u\u017cywanie urz\u0105dze\u0144 z t\u0119pymi ostrzami. Wp\u0142ywa to na powstawanie mikrouszkodze\u0144 nask\u00f3rka i naruszenie bariery ochronnej sk\u00f3ry. Niekorzystne s\u0105 r\u00f3wnie\u017c zbyt agresywne ruchy maszynk\u0105 i golenie pod w\u0142os. Podra\u017cnienia po goleniu mog\u0105 wywo\u0142a\u0107 r\u00f3wnie\u017c niew\u0142a\u015bciwie dobrane kosmetyki, szczeg\u00f3lnie te zawieraj\u0105ce alkohol i substancje zapachowe. Warto pami\u0119ta\u0107, \u017ce sk\u00f3ra twarzy \u2013 zw\u0142aszcza po kontakcie z ostrzem \u2013 wymaga piel\u0119gnacji ukierunkowanej na \u0142agodzenie, regeneracj\u0119 oraz ochron\u0119.<\/p>\n\n\n\n<h2 class=\"wp-block-heading\">Oczyszczanie sk\u00f3ry przed goleniem <\/h2>\n\n\n\n<p>Skuteczne oczyszczanie sk\u00f3ry to jeden z kluczowych etap\u00f3w przygotowania do golenia. Usuni\u0119cie zanieczyszcze\u0144, nadmiaru sebum i bakterii zmniejsza ryzyko powstawania stan\u00f3w zapalnych i wspiera proces regeneracji drobnych uszkodze\u0144. <\/p>\n\n\n\n<div class=\"wp-block-media-text is-stacked-on-mobile\" style=\"grid-template-columns:39% auto\"><figure class=\"wp-block-media-text__media\"><img loading=\"lazy\" decoding=\"async\" width=\"420\" height=\"420\" src=\"https:\/\/www.bandi.pl\/blog\/wp-content\/uploads\/2025\/06\/1-420x420.png\" alt=\"\u017cel do mycia twarzy i zarostu\" class=\"wp-image-20926 size-full\"\/><\/figure><div class=\"wp-block-media-text__content\">\n<p>Nale\u017cy robi\u0107 to w spos\u00f3b delikatny \u2013 nie naruszaj\u0105c bariery ochronnej sk\u00f3ry. Dobrze sprawdzi si\u0119 w tym przypadku <a href=\"https:\/\/www.bandi.pl\/sklep\/zele\/zel-do-mycia-twarzy-wlosow-i-zarostu-1079\/\">\u017bel do mycia twarzy, w\u0142os\u00f3w i zarostu<\/a>.<\/p>\n<\/div><\/div>\n\n\n\n<p><\/p>\n\n\n\n<h2 class=\"wp-block-heading\">Odpowiednie kosmetyki do golenia <\/h2>\n\n\n\n<p>\u017bele, pianki czy kremy do golenia pe\u0142ni\u0105 nie tylko funkcj\u0119 \u201epo\u015blizgow\u0105\u201d. Ich zadaniem jest r\u00f3wnie\u017c ochrona sk\u00f3ry przed tarciem, minimalizacja mikrouraz\u00f3w oraz nawil\u017cenie nask\u00f3rka. Zastosowanie odpowiednich preparat\u00f3w pomaga zapobiec podra\u017cnieniom po goleniu, a tak\u017ce wp\u0142ywa na \u0142atwo\u015b\u0107 prowadzenia ostrza po sk\u00f3rze.<\/p>\n\n\n\n<p>Nie bez znaczenia jest tak\u017ce jako\u015b\u0107 i czysto\u015b\u0107 maszynki. Regularna wymiana ostrzy oraz ich dezynfekowanie zapobiega namna\u017caniu bakterii i zmniejsza ryzyko infekcji.<\/p>\n\n\n\n<h2 class=\"wp-block-heading\">Jak piel\u0119gnowa\u0107 sk\u00f3r\u0119 po goleniu?<\/h2>\n\n\n\n<p>Po zako\u0144czeniu golenia sk\u00f3ra potrzebuje ukojenia i nawil\u017cenia. W\u0142a\u015bciwa piel\u0119gnacja to nie tylko komfort, ale i skuteczna regeneracja. Doskona\u0142ym rozwi\u0105zaniem jest <a href=\"https:\/\/www.bandi.pl\/sklep\/kremy\/krem-do-twarzy-nawilzajaco-kojacy-1080\/\">Krem do twarzy nawil\u017caj\u0105co-koj\u0105cy<\/a>, kt\u00f3ry \u0142\u0105czy funkcj\u0119 intensywnie nawil\u017caj\u0105cego kremu i koj\u0105cego balsamu po goleniu.<\/p>\n\n\n\n<div class=\"wp-block-media-text is-stacked-on-mobile\" style=\"grid-template-columns:39% auto\"><figure class=\"wp-block-media-text__media\"><img loading=\"lazy\" decoding=\"async\" width=\"420\" height=\"420\" src=\"https:\/\/www.bandi.pl\/blog\/wp-content\/uploads\/2025\/06\/2-420x420.png\" alt=\"krem po goleniu\" class=\"wp-image-20927 size-full\"\/><\/figure><div class=\"wp-block-media-text__content\">\n<p> W jego formule zastosowali\u015bmy kwas hialuronowy, kt\u00f3ry zapewnia natychmiastowe i d\u0142ugotrwa\u0142e nawodnienie sk\u00f3ry, unikalny koncentrat silnie koj\u0105cy Sensiextreme, kt\u00f3ry redukuje uczucie pieczenia, napi\u0119cia oraz sw\u0119dzenia, a przy tym wzmacnia naturaln\u0105 barier\u0119 ochronn\u0105 nask\u00f3rka, D-pantenol, alantoin\u0119 i beta-glukan &#8211; synergiczny kompleks \u0142agodz\u0105cy. W sk\u0142adzie kremu znalaz\u0142y si\u0119 r\u00f3wnie\u017c selektywne kom\u00f3rki dro\u017cd\u017cy, znane z w\u0142a\u015bciwo\u015bci stymuluj\u0105cych odnow\u0119 kom\u00f3rkow\u0105. Wspieraj\u0105 one procesy naprawcze, wzmacniaj\u0105 struktur\u0119 sk\u00f3ry i wspomagaj\u0105 jej r\u00f3wnowag\u0119 mikrobiologiczn\u0105. <\/p>\n<\/div><\/div>\n\n\n\n<p><\/p>\n\n\n\n<p>Krem sprawia, \u017ce sk\u00f3ra po goleniu szybciej odzyskuje zdrowy wygl\u0105d, staje si\u0119 mniej podatna na podra\u017cnienia i bardziej odporna na dzia\u0142anie czynnik\u00f3w zewn\u0119trznych.<\/p>\n\n\n\n<h2 class=\"wp-block-heading\">Nie zapominaj o SPF!<\/h2>\n\n\n\n<p>Sk\u00f3ra po goleniu jest bardziej podatna na dzia\u0142anie promieni UV, kt\u00f3re mog\u0105 nasila\u0107 rumie\u0144 i prowadzi\u0107 do powstawania przebarwie\u0144. Dlatego codzienne stosowanie kremu z filtrem to absolutna konieczno\u015b\u0107. Warto si\u0119gn\u0105\u0107 po <a href=\"https:\/\/www.bandi.pl\/sklep\/kremy\/krem-do-twarzy-spf30-ochrona-uvb-i-uva-1140\/\">Krem do twarzy SPF 30<\/a>, kt\u00f3ry zapewnia szerokopasmow\u0105 ochron\u0119 UVB i UVA, a przy tym ma lekk\u0105, nieobci\u0105\u017caj\u0105c\u0105 konsystencj\u0119. Formu\u0142a zawiera \u0142agodz\u0105cy D-pantenol, nawil\u017caj\u0105cy kwas hialuronowy, selektywne kom\u00f3rki dro\u017cd\u017cy, wspomagaj\u0105ce regeneracj\u0119 nask\u00f3rka oraz stabilne filtry nowej generacji. W sk\u0142adzie znajduje si\u0119 r\u00f3wnie\u017c karnozyna czyli peptyd o dzia\u0142aniu przeciwzmarszczkowym, przeciwwolnorodnikowym oraz wzmacniaj\u0105cym w\u0142a\u015bciwo\u015bci ochronne filtr\u00f3w przeciws\u0142onecznych. Dzi\u0119ki temu produkt idealnie sprawdza si\u0119 jako ostatni etap porannej piel\u0119gnacji \u2013 r\u00f3wnie\u017c po goleniu.<\/p>\n\n\n\n<h2 class=\"wp-block-heading\">Jak z\u0142agodzi\u0107 podra\u017cnienia po goleniu?<\/h2>\n\n\n\n<p>Je\u015bli podra\u017cnienia po goleniu ju\u017c si\u0119 pojawi\u0142y, najwa\u017cniejsze to pozwoli\u0107 sk\u00f3rze si\u0119 zregenerowa\u0107. Przede wszystkim nale\u017cy unika\u0107 ponownego golenia podra\u017cnionych miejsc i stosowania kosmetyk\u00f3w zawieraj\u0105cych alkohol, silne substancje zapachowe i agresywne detergenty. Zamiast tego warto skoncentrowa\u0107 si\u0119 na regeneracji i nawil\u017ceniu, wybieraj\u0105c produkty kt\u00f3re zawieraj\u0105 sk\u0142adniki koj\u0105ce, zmniejszaj\u0105ce zaczerwienienia i wspieraj\u0105ce odbudow\u0119 bariery nask\u00f3rkowej.<\/p>\n\n\n\n<h2 class=\"wp-block-heading\">Profilaktyka to podstawa<\/h2>\n\n\n\n<p>Cho\u0107 dora\u017ana pomoc w przypadku podra\u017cnie\u0144 jest wa\u017cna, kluczowe znaczenie ma profilaktyka. Oto zasady, kt\u00f3re warto wprowadzi\u0107 do codziennej rutyny:<\/p>\n\n\n\n<ul class=\"wp-block-list\">\n<li>nie g\u00f3l si\u0119 \u201ena sucho\u201d \u2013 zawsze stosuj \u017cel, piank\u0119 lub krem,<\/li>\n\n\n\n<li>nie dociskaj zbyt mocno ostrza \u2013 pozw\u00f3l mu g\u0142adko sun\u0105\u0107 po sk\u00f3rze,<\/li>\n\n\n\n<li>unikaj golenia pod w\u0142os, zw\u0142aszcza przy wra\u017cliwej sk\u00f3rze,<\/li>\n\n\n\n<li>wymieniaj ostrza regularnie i dezynfekuj je po ka\u017cdym u\u017cyciu,<\/li>\n\n\n\n<li>stosuj kosmetyki nawil\u017caj\u0105co\u2013koj\u0105ce oraz wspomagaj\u0105ce regeneracje,<\/li>\n\n\n\n<li>codziennie chro\u0144 sk\u00f3r\u0119 przed s\u0142o\u0144cem \u2013 promieniowanie UV mo\u017ce nasila\u0107 stany zapalne i podra\u017cnienia.<\/li>\n<\/ul>\n\n\n\n<div class=\"wp-block-divi-layout\">[et_pb_section fb_built=&#8221;1&#8243; _builder_version=&#8221;4.22.2&#8243; _module_preset=&#8221;default&#8221; global_colors_info=&#8221;{}&#8221;][\/et_pb_section][et_pb_section fb_built=&#8221;1&#8243; _builder_version=&#8221;4.16&#8243; top_divider_style=&#8221;arrow&#8221; top_divider_color=&#8221;rgba(255,166,168,0.75)&#8221; top_divider_height=&#8221;1px&#8221; bottom_divider_style=&#8221;arrow&#8221; bottom_divider_color=&#8221;rgba(255,166,168,0.75)&#8221; bottom_divider_height=&#8221;1px&#8221; global_colors_info=&#8221;{}&#8221;][et_pb_row column_structure=&#8221;1_2,1_2&#8243; _builder_version=&#8221;4.16&#8243; width=&#8221;100%&#8221; module_alignment=&#8221;left&#8221; custom_margin=&#8221;||||false|false&#8221; global_colors_info=&#8221;{}&#8221;][et_pb_column type=&#8221;1_2&#8243; _builder_version=&#8221;4.16&#8243; global_colors_info=&#8221;{}&#8221;][et_pb_text _builder_version=&#8221;4.22.2&#8243; text_font=&#8221;Raleway Bold||||||||&#8221; text_text_color=&#8221;rgba(255,166,168,0.75)&#8221; text_font_size=&#8221;55px&#8221; text_letter_spacing=&#8221;9px&#8221; text_line_height=&#8221;1em&#8221; header_font_size=&#8221;39px&#8221; min_height=&#8221;23px&#8221; custom_margin=&#8221;40px||||false|false&#8221; link_option_url=&#8221;https:\/\/www.bandi.pl\/sklep\/katalog\/seria\/105_4men-care\/&#8221; inline_fonts=&#8221;Raleway Bold&#8221; global_colors_info=&#8221;{}&#8221;]<p style=\"text-align: center\"><span style=\"font-size: xx-large;font-family: inherit;font-weight: normal\"><strong>4 MEN CARE<\/strong><\/span><\/p>\n<p style=\"text-align: center\"><span style=\"font-size: xx-large;font-family: inherit;font-weight: normal\"><strong><\/strong><\/span><\/p>[\/et_pb_text][et_pb_text _builder_version=&#8221;4.22.2&#8243; text_font=&#8221;Raleway Regular||||||||&#8221; text_text_color=&#8221;#b8b8b8&#8243; text_font_size=&#8221;22px&#8221; text_line_height=&#8221;1.5em&#8221; link_option_url=&#8221;https:\/\/www.bandi.pl\/sklep\/katalog\/seria\/105_4men-care\/&#8221; global_colors_info=&#8221;{}&#8221;]<p style=\"text-align: center\">Wiemy czego potrzebuje m\u0119ska sk\u00f3ra<\/p>[\/et_pb_text][et_pb_button button_url=&#8221;https:\/\/www.bandi.pl\/sklep\/katalog\/seria\/105_4men-care\/&#8221; button_text=&#8221;ZOBACZ&#8221; button_alignment=&#8221;center&#8221; disabled_on=&#8221;off|off|off&#8221; _builder_version=&#8221;4.22.2&#8243; custom_button=&#8221;on&#8221; button_text_size=&#8221;20px&#8221; button_text_color=&#8221;#ffffff&#8221; button_border_radius=&#8221;25px&#8221; button_font=&#8221;Bree Serif||||||||&#8221; background_layout=&#8221;dark&#8221; custom_padding=&#8221;12px|30px|12px|30px|true|true&#8221; hover_transition_duration=&#8221;0ms&#8221; box_shadow_style=&#8221;preset3&#8243; global_colors_info=&#8221;{}&#8221;][\/et_pb_button][\/et_pb_column][et_pb_column type=&#8221;1_2&#8243; _builder_version=&#8221;4.16&#8243; global_colors_info=&#8221;{}&#8221;][et_pb_image src=&#8221;https:\/\/www.bandi.pl\/blog\/wp-content\/uploads\/2025\/06\/bandi-man-1.png&#8221; title_text=&#8221;bandi man-1&#8243; url=&#8221;https:\/\/www.bandi.pl\/sklep\/katalog\/seria\/105_4men-care\/&#8221; align=&#8221;center&#8221; _builder_version=&#8221;4.22.2&#8243; width=&#8221;100%&#8221; hover_enabled=&#8221;0&#8243; global_colors_info=&#8221;{}&#8221; sticky_enabled=&#8221;0&#8243;][\/et_pb_image][\/et_pb_column][\/et_pb_row][\/et_pb_section]<\/div>\n\n\n\n<div class=\"wp-block-divi-layout\">[et_pb_section admin_label=&#8221;section&#8221;][et_pb_row admin_label=&#8221;row&#8221;][\/et_pb_row][\/et_pb_section]<\/div>\n","protected":false},"excerpt":{"rendered":"<p>Golenie, cho\u0107 jest jednym ze sta\u0142ych element\u00f3w piel\u0119gnacji u wielu m\u0119\u017cczyzn, potrafi by\u0107 r\u00f3wnie\u017c \u017ar\u00f3d\u0142em dyskomfortu. Zaczerwienienie, pieczenie, sucho\u015b\u0107 czy drobne krostki to mog\u0105 by\u0107 objawy podra\u017cnienia po goleniu. Jak ich unikn\u0105\u0107, a gdy ju\u017c si\u0119 pojawi\u0105 \u2013 jak je skutecznie z\u0142agodzi\u0107? Kluczowa jest odpowiednia technika golenia oraz piel\u0119gnacja sk\u00f3ry. Co powoduje podra\u017cnienia po goleniu? [&hellip;]<\/p>\n","protected":false},"author":13,"featured_media":20931,"comment_status":"open","ping_status":"closed","sticky":false,"template":"","format":"standard","meta":{"_et_pb_use_builder":"off","_et_pb_old_content":"","_et_gb_content_width":"","footnotes":""},"categories":[8598,1817],"tags":[3445,8775,7099,4232,4031,4105,58,8776,4230,5868,8774],"class_list":["post-20920","post","type-post","status-publish","format-standard","has-post-thumbnail","hentry","category-anna-widera","category-kategoria-pielegnacja-i-kosmetyki","tag-bandi","tag-golenie-zarostu","tag-kosmetyki-dla-mezczyzn","tag-kosmetyki-profesjonalne","tag-krem-nawilzajacy","tag-krem-z-filtrem","tag-kwas-hialuronowy","tag-meski-zarost","tag-pielegnacja-profesjonalna","tag-pielegnacja-twarzy","tag-po-goleniu"],"yoast_head":"<!-- This site is optimized with the Yoast SEO plugin v27.1.1 - https:\/\/yoast.com\/product\/yoast-seo-wordpress\/ -->\n<title>Podra\u017cnienia po goleniu - jak je ukoi\u0107? &#187; Blog BANDI<\/title>\n<meta name=\"description\" content=\"Podra\u017cnienia po goleniu to do\u015b\u0107 cz\u0119sto spotykany problem. Jak im przeciwdzia\u0142a\u0107? Co zrobi\u0107 kiedy ju\u017c si\u0119 pojawi\u0105? Wa\u017cna jest odpowiednia piel\u0119gnacja.\" \/>\n<meta name=\"robots\" content=\"index, follow, max-snippet:-1, max-image-preview:large, max-video-preview:-1\" \/>\n<link rel=\"canonical\" href=\"https:\/\/www.bandi.pl\/blog\/podraznienia-po-goleniu-jak-je-ukoic\/\" \/>\n<meta property=\"og:locale\" content=\"pl_PL\" \/>\n<meta property=\"og:type\" content=\"article\" \/>\n<meta property=\"og:title\" content=\"Podra\u017cnienia po goleniu - jak je ukoi\u0107? &#187; Blog BANDI\" \/>\n<meta property=\"og:description\" content=\"Podra\u017cnienia po goleniu to do\u015b\u0107 cz\u0119sto spotykany problem. Jak im przeciwdzia\u0142a\u0107? Co zrobi\u0107 kiedy ju\u017c si\u0119 pojawi\u0105? Wa\u017cna jest odpowiednia piel\u0119gnacja.\" \/>\n<meta property=\"og:url\" content=\"https:\/\/www.bandi.pl\/blog\/podraznienia-po-goleniu-jak-je-ukoic\/\" \/>\n<meta property=\"og:site_name\" content=\"Blog BANDI\" \/>\n<meta property=\"article:publisher\" content=\"https:\/\/web.facebook.com\/BANDIcosmetics\" \/>\n<meta property=\"article:published_time\" content=\"2025-06-05T09:05:43+00:00\" \/>\n<meta property=\"og:image\" content=\"https:\/\/www.bandi.pl\/blog\/wp-content\/uploads\/2025\/06\/Projekt-bez-nazwy-4-592x420.png\" \/>\n\t<meta property=\"og:image:width\" content=\"592\" \/>\n\t<meta property=\"og:image:height\" content=\"420\" \/>\n\t<meta property=\"og:image:type\" content=\"image\/png\" \/>\n<meta name=\"author\" content=\"Ilona Kiraga\" \/>\n<meta name=\"twitter:card\" content=\"summary_large_image\" \/>\n<meta name=\"twitter:creator\" content=\"@bandi_cosmetics\" \/>\n<meta name=\"twitter:site\" content=\"@bandi_cosmetics\" \/>\n<meta name=\"twitter:label1\" content=\"Napisane przez\" \/>\n\t<meta name=\"twitter:data1\" content=\"Ilona Kiraga\" \/>\n\t<meta name=\"twitter:label2\" content=\"Szacowany czas czytania\" \/>\n\t<meta name=\"twitter:data2\" content=\"5 minut\" \/>\n<script type=\"application\/ld+json\" class=\"yoast-schema-graph\">{\"@context\":\"https:\/\/schema.org\",\"@graph\":[{\"@type\":\"Article\",\"@id\":\"https:\/\/www.bandi.pl\/blog\/podraznienia-po-goleniu-jak-je-ukoic\/#article\",\"isPartOf\":{\"@id\":\"https:\/\/www.bandi.pl\/blog\/podraznienia-po-goleniu-jak-je-ukoic\/\"},\"author\":{\"name\":\"Ilona Kiraga\",\"@id\":\"https:\/\/www.bandi.pl\/blog\/#\/schema\/person\/5ba05af1a18c58f1c31d4ae051ec9499\"},\"headline\":\"Podra\u017cnienia po goleniu &#8211; jak je ukoi\u0107?\",\"datePublished\":\"2025-06-05T09:05:43+00:00\",\"mainEntityOfPage\":{\"@id\":\"https:\/\/www.bandi.pl\/blog\/podraznienia-po-goleniu-jak-je-ukoic\/\"},\"wordCount\":1146,\"commentCount\":0,\"publisher\":{\"@id\":\"https:\/\/www.bandi.pl\/blog\/#organization\"},\"image\":{\"@id\":\"https:\/\/www.bandi.pl\/blog\/podraznienia-po-goleniu-jak-je-ukoic\/#primaryimage\"},\"thumbnailUrl\":\"https:\/\/www.bandi.pl\/blog\/wp-content\/uploads\/2025\/06\/Projekt-bez-nazwy-4.png\",\"keywords\":[\"Bandi\",\"golenie zarostu\",\"kosmetyki dla m\u0119\u017cczyzn\",\"kosmetyki profesjonalne\",\"krem nawil\u017cajacy\",\"krem z filtrem\",\"kwas hialuronowy\",\"m\u0119ski zarost\",\"piel\u0119gnacja profesjonalna\",\"piel\u0119gnacja twarzy\",\"po goleniu\"],\"articleSection\":[\"Anna Widera\",\"Piel\u0119gnacja i kosmetyki\"],\"inLanguage\":\"pl-PL\",\"potentialAction\":[{\"@type\":\"CommentAction\",\"name\":\"Comment\",\"target\":[\"https:\/\/www.bandi.pl\/blog\/podraznienia-po-goleniu-jak-je-ukoic\/#respond\"]}]},{\"@type\":\"WebPage\",\"@id\":\"https:\/\/www.bandi.pl\/blog\/podraznienia-po-goleniu-jak-je-ukoic\/\",\"url\":\"https:\/\/www.bandi.pl\/blog\/podraznienia-po-goleniu-jak-je-ukoic\/\",\"name\":\"Podra\u017cnienia po goleniu - jak je ukoi\u0107? &#187; Blog BANDI\",\"isPartOf\":{\"@id\":\"https:\/\/www.bandi.pl\/blog\/#website\"},\"primaryImageOfPage\":{\"@id\":\"https:\/\/www.bandi.pl\/blog\/podraznienia-po-goleniu-jak-je-ukoic\/#primaryimage\"},\"image\":{\"@id\":\"https:\/\/www.bandi.pl\/blog\/podraznienia-po-goleniu-jak-je-ukoic\/#primaryimage\"},\"thumbnailUrl\":\"https:\/\/www.bandi.pl\/blog\/wp-content\/uploads\/2025\/06\/Projekt-bez-nazwy-4.png\",\"datePublished\":\"2025-06-05T09:05:43+00:00\",\"description\":\"Podra\u017cnienia po goleniu to do\u015b\u0107 cz\u0119sto spotykany problem. Jak im przeciwdzia\u0142a\u0107? Co zrobi\u0107 kiedy ju\u017c si\u0119 pojawi\u0105? Wa\u017cna jest odpowiednia piel\u0119gnacja.\",\"breadcrumb\":{\"@id\":\"https:\/\/www.bandi.pl\/blog\/podraznienia-po-goleniu-jak-je-ukoic\/#breadcrumb\"},\"inLanguage\":\"pl-PL\",\"potentialAction\":[{\"@type\":\"ReadAction\",\"target\":[\"https:\/\/www.bandi.pl\/blog\/podraznienia-po-goleniu-jak-je-ukoic\/\"]}]},{\"@type\":\"ImageObject\",\"inLanguage\":\"pl-PL\",\"@id\":\"https:\/\/www.bandi.pl\/blog\/podraznienia-po-goleniu-jak-je-ukoic\/#primaryimage\",\"url\":\"https:\/\/www.bandi.pl\/blog\/wp-content\/uploads\/2025\/06\/Projekt-bez-nazwy-4.png\",\"contentUrl\":\"https:\/\/www.bandi.pl\/blog\/wp-content\/uploads\/2025\/06\/Projekt-bez-nazwy-4.png\",\"width\":1748,\"height\":1240,\"caption\":\"podra\u017cnienia po goleniu\"},{\"@type\":\"BreadcrumbList\",\"@id\":\"https:\/\/www.bandi.pl\/blog\/podraznienia-po-goleniu-jak-je-ukoic\/#breadcrumb\",\"itemListElement\":[{\"@type\":\"ListItem\",\"position\":1,\"name\":\"BANDI\",\"item\":\"https:\/\/www.bandi.pl\/blog\/\"},{\"@type\":\"ListItem\",\"position\":2,\"name\":\"Podra\u017cnienia po goleniu &#8211; jak je ukoi\u0107?\"}]},{\"@type\":\"WebSite\",\"@id\":\"https:\/\/www.bandi.pl\/blog\/#website\",\"url\":\"https:\/\/www.bandi.pl\/blog\/\",\"name\":\"Blog BANDI\",\"description\":\"Czarno na bia\u0142ym o kosmetykach\",\"publisher\":{\"@id\":\"https:\/\/www.bandi.pl\/blog\/#organization\"},\"potentialAction\":[{\"@type\":\"SearchAction\",\"target\":{\"@type\":\"EntryPoint\",\"urlTemplate\":\"https:\/\/www.bandi.pl\/blog\/?s={search_term_string}\"},\"query-input\":{\"@type\":\"PropertyValueSpecification\",\"valueRequired\":true,\"valueName\":\"search_term_string\"}}],\"inLanguage\":\"pl-PL\"},{\"@type\":\"Organization\",\"@id\":\"https:\/\/www.bandi.pl\/blog\/#organization\",\"name\":\"BANDI\",\"url\":\"https:\/\/www.bandi.pl\/blog\/\",\"logo\":{\"@type\":\"ImageObject\",\"inLanguage\":\"pl-PL\",\"@id\":\"https:\/\/www.bandi.pl\/blog\/#\/schema\/logo\/image\/\",\"url\":\"https:\/\/www.bandi.pl\/blog\/wp-content\/uploads\/2019\/06\/bandi-logo.png\",\"contentUrl\":\"https:\/\/www.bandi.pl\/blog\/wp-content\/uploads\/2019\/06\/bandi-logo.png\",\"width\":264,\"height\":111,\"caption\":\"BANDI\"},\"image\":{\"@id\":\"https:\/\/www.bandi.pl\/blog\/#\/schema\/logo\/image\/\"},\"sameAs\":[\"https:\/\/web.facebook.com\/BANDIcosmetics\",\"https:\/\/x.com\/bandi_cosmetics\",\"https:\/\/www.instagram.com\/bandi_cosmetics\/\",\"https:\/\/www.pinterest.com\/bandicosmetics\/\",\"https:\/\/www.youtube.com\/user\/BandiCosmeticsPolska\"]},{\"@type\":\"Person\",\"@id\":\"https:\/\/www.bandi.pl\/blog\/#\/schema\/person\/5ba05af1a18c58f1c31d4ae051ec9499\",\"name\":\"Ilona Kiraga\"}]}<\/script>\n<!-- \/ Yoast SEO plugin. -->","yoast_head_json":{"title":"Podra\u017cnienia po goleniu - jak je ukoi\u0107? &#187; Blog BANDI","description":"Podra\u017cnienia po goleniu to do\u015b\u0107 cz\u0119sto spotykany problem. Jak im przeciwdzia\u0142a\u0107? Co zrobi\u0107 kiedy ju\u017c si\u0119 pojawi\u0105? Wa\u017cna jest odpowiednia piel\u0119gnacja.","robots":{"index":"index","follow":"follow","max-snippet":"max-snippet:-1","max-image-preview":"max-image-preview:large","max-video-preview":"max-video-preview:-1"},"canonical":"https:\/\/www.bandi.pl\/blog\/podraznienia-po-goleniu-jak-je-ukoic\/","og_locale":"pl_PL","og_type":"article","og_title":"Podra\u017cnienia po goleniu - jak je ukoi\u0107? &#187; Blog BANDI","og_description":"Podra\u017cnienia po goleniu to do\u015b\u0107 cz\u0119sto spotykany problem. Jak im przeciwdzia\u0142a\u0107? Co zrobi\u0107 kiedy ju\u017c si\u0119 pojawi\u0105? Wa\u017cna jest odpowiednia piel\u0119gnacja.","og_url":"https:\/\/www.bandi.pl\/blog\/podraznienia-po-goleniu-jak-je-ukoic\/","og_site_name":"Blog BANDI","article_publisher":"https:\/\/web.facebook.com\/BANDIcosmetics","article_published_time":"2025-06-05T09:05:43+00:00","og_image":[{"width":592,"height":420,"url":"https:\/\/www.bandi.pl\/blog\/wp-content\/uploads\/2025\/06\/Projekt-bez-nazwy-4-592x420.png","type":"image\/png"}],"author":"Ilona Kiraga","twitter_card":"summary_large_image","twitter_creator":"@bandi_cosmetics","twitter_site":"@bandi_cosmetics","twitter_misc":{"Napisane przez":"Ilona Kiraga","Szacowany czas czytania":"5 minut"},"schema":{"@context":"https:\/\/schema.org","@graph":[{"@type":"Article","@id":"https:\/\/www.bandi.pl\/blog\/podraznienia-po-goleniu-jak-je-ukoic\/#article","isPartOf":{"@id":"https:\/\/www.bandi.pl\/blog\/podraznienia-po-goleniu-jak-je-ukoic\/"},"author":{"name":"Ilona Kiraga","@id":"https:\/\/www.bandi.pl\/blog\/#\/schema\/person\/5ba05af1a18c58f1c31d4ae051ec9499"},"headline":"Podra\u017cnienia po goleniu &#8211; jak je ukoi\u0107?","datePublished":"2025-06-05T09:05:43+00:00","mainEntityOfPage":{"@id":"https:\/\/www.bandi.pl\/blog\/podraznienia-po-goleniu-jak-je-ukoic\/"},"wordCount":1146,"commentCount":0,"publisher":{"@id":"https:\/\/www.bandi.pl\/blog\/#organization"},"image":{"@id":"https:\/\/www.bandi.pl\/blog\/podraznienia-po-goleniu-jak-je-ukoic\/#primaryimage"},"thumbnailUrl":"https:\/\/www.bandi.pl\/blog\/wp-content\/uploads\/2025\/06\/Projekt-bez-nazwy-4.png","keywords":["Bandi","golenie zarostu","kosmetyki dla m\u0119\u017cczyzn","kosmetyki profesjonalne","krem nawil\u017cajacy","krem z filtrem","kwas hialuronowy","m\u0119ski zarost","piel\u0119gnacja profesjonalna","piel\u0119gnacja twarzy","po goleniu"],"articleSection":["Anna Widera","Piel\u0119gnacja i kosmetyki"],"inLanguage":"pl-PL","potentialAction":[{"@type":"CommentAction","name":"Comment","target":["https:\/\/www.bandi.pl\/blog\/podraznienia-po-goleniu-jak-je-ukoic\/#respond"]}]},{"@type":"WebPage","@id":"https:\/\/www.bandi.pl\/blog\/podraznienia-po-goleniu-jak-je-ukoic\/","url":"https:\/\/www.bandi.pl\/blog\/podraznienia-po-goleniu-jak-je-ukoic\/","name":"Podra\u017cnienia po goleniu - jak je ukoi\u0107? &#187; Blog BANDI","isPartOf":{"@id":"https:\/\/www.bandi.pl\/blog\/#website"},"primaryImageOfPage":{"@id":"https:\/\/www.bandi.pl\/blog\/podraznienia-po-goleniu-jak-je-ukoic\/#primaryimage"},"image":{"@id":"https:\/\/www.bandi.pl\/blog\/podraznienia-po-goleniu-jak-je-ukoic\/#primaryimage"},"thumbnailUrl":"https:\/\/www.bandi.pl\/blog\/wp-content\/uploads\/2025\/06\/Projekt-bez-nazwy-4.png","datePublished":"2025-06-05T09:05:43+00:00","description":"Podra\u017cnienia po goleniu to do\u015b\u0107 cz\u0119sto spotykany problem. Jak im przeciwdzia\u0142a\u0107? Co zrobi\u0107 kiedy ju\u017c si\u0119 pojawi\u0105? Wa\u017cna jest odpowiednia piel\u0119gnacja.","breadcrumb":{"@id":"https:\/\/www.bandi.pl\/blog\/podraznienia-po-goleniu-jak-je-ukoic\/#breadcrumb"},"inLanguage":"pl-PL","potentialAction":[{"@type":"ReadAction","target":["https:\/\/www.bandi.pl\/blog\/podraznienia-po-goleniu-jak-je-ukoic\/"]}]},{"@type":"ImageObject","inLanguage":"pl-PL","@id":"https:\/\/www.bandi.pl\/blog\/podraznienia-po-goleniu-jak-je-ukoic\/#primaryimage","url":"https:\/\/www.bandi.pl\/blog\/wp-content\/uploads\/2025\/06\/Projekt-bez-nazwy-4.png","contentUrl":"https:\/\/www.bandi.pl\/blog\/wp-content\/uploads\/2025\/06\/Projekt-bez-nazwy-4.png","width":1748,"height":1240,"caption":"podra\u017cnienia po goleniu"},{"@type":"BreadcrumbList","@id":"https:\/\/www.bandi.pl\/blog\/podraznienia-po-goleniu-jak-je-ukoic\/#breadcrumb","itemListElement":[{"@type":"ListItem","position":1,"name":"BANDI","item":"https:\/\/www.bandi.pl\/blog\/"},{"@type":"ListItem","position":2,"name":"Podra\u017cnienia po goleniu &#8211; jak je ukoi\u0107?"}]},{"@type":"WebSite","@id":"https:\/\/www.bandi.pl\/blog\/#website","url":"https:\/\/www.bandi.pl\/blog\/","name":"Blog BANDI","description":"Czarno na bia\u0142ym o kosmetykach","publisher":{"@id":"https:\/\/www.bandi.pl\/blog\/#organization"},"potentialAction":[{"@type":"SearchAction","target":{"@type":"EntryPoint","urlTemplate":"https:\/\/www.bandi.pl\/blog\/?s={search_term_string}"},"query-input":{"@type":"PropertyValueSpecification","valueRequired":true,"valueName":"search_term_string"}}],"inLanguage":"pl-PL"},{"@type":"Organization","@id":"https:\/\/www.bandi.pl\/blog\/#organization","name":"BANDI","url":"https:\/\/www.bandi.pl\/blog\/","logo":{"@type":"ImageObject","inLanguage":"pl-PL","@id":"https:\/\/www.bandi.pl\/blog\/#\/schema\/logo\/image\/","url":"https:\/\/www.bandi.pl\/blog\/wp-content\/uploads\/2019\/06\/bandi-logo.png","contentUrl":"https:\/\/www.bandi.pl\/blog\/wp-content\/uploads\/2019\/06\/bandi-logo.png","width":264,"height":111,"caption":"BANDI"},"image":{"@id":"https:\/\/www.bandi.pl\/blog\/#\/schema\/logo\/image\/"},"sameAs":["https:\/\/web.facebook.com\/BANDIcosmetics","https:\/\/x.com\/bandi_cosmetics","https:\/\/www.instagram.com\/bandi_cosmetics\/","https:\/\/www.pinterest.com\/bandicosmetics\/","https:\/\/www.youtube.com\/user\/BandiCosmeticsPolska"]},{"@type":"Person","@id":"https:\/\/www.bandi.pl\/blog\/#\/schema\/person\/5ba05af1a18c58f1c31d4ae051ec9499","name":"Ilona Kiraga"}]}},"_links":{"self":[{"href":"https:\/\/www.bandi.pl\/blog\/wp-json\/wp\/v2\/posts\/20920","targetHints":{"allow":["GET"]}}],"collection":[{"href":"https:\/\/www.bandi.pl\/blog\/wp-json\/wp\/v2\/posts"}],"about":[{"href":"https:\/\/www.bandi.pl\/blog\/wp-json\/wp\/v2\/types\/post"}],"author":[{"embeddable":true,"href":"https:\/\/www.bandi.pl\/blog\/wp-json\/wp\/v2\/users\/13"}],"replies":[{"embeddable":true,"href":"https:\/\/www.bandi.pl\/blog\/wp-json\/wp\/v2\/comments?post=20920"}],"version-history":[{"count":14,"href":"https:\/\/www.bandi.pl\/blog\/wp-json\/wp\/v2\/posts\/20920\/revisions"}],"predecessor-version":[{"id":20940,"href":"https:\/\/www.bandi.pl\/blog\/wp-json\/wp\/v2\/posts\/20920\/revisions\/20940"}],"wp:featuredmedia":[{"embeddable":true,"href":"https:\/\/www.bandi.pl\/blog\/wp-json\/wp\/v2\/media\/20931"}],"wp:attachment":[{"href":"https:\/\/www.bandi.pl\/blog\/wp-json\/wp\/v2\/media?parent=20920"}],"wp:term":[{"taxonomy":"category","embeddable":true,"href":"https:\/\/www.bandi.pl\/blog\/wp-json\/wp\/v2\/categories?post=20920"},{"taxonomy":"post_tag","embeddable":true,"href":"https:\/\/www.bandi.pl\/blog\/wp-json\/wp\/v2\/tags?post=20920"}],"curies":[{"name":"wp","href":"https:\/\/api.w.org\/{rel}","templated":true}]}}