{"id":20856,"date":"2025-05-29T11:13:42","date_gmt":"2025-05-29T09:13:42","guid":{"rendered":"https:\/\/www.bandi.pl\/blog\/?p=20856"},"modified":"2025-05-29T11:13:43","modified_gmt":"2025-05-29T09:13:43","slug":"jak-goi-sie-skora","status":"publish","type":"post","link":"https:\/\/www.bandi.pl\/blog\/jak-goi-sie-skora\/","title":{"rendered":"Jak goi si\u0119 sk\u00f3ra?"},"content":{"rendered":"\n<p>Sk\u00f3ra to najbardziej zewn\u0119trzny organ ludzkiego cia\u0142a. Oddziela organizm od otaczaj\u0105cego \u015bwiata, stanowi\u0105c swoist\u0105 barier\u0119. Chroni przed r\u00f3\u017cnymi czynnikami \u015brodowiska zewn\u0119trznego i dlatego jest nara\u017cona na urazy i uszkodzenia. Je\u015bli zostaje uszkodzona, przypadkowo czy w spos\u00f3b zamierzony, zagra\u017ca homeostazie. Przerwanie ci\u0105g\u0142o\u015bci sk\u00f3ry musi by\u0107 naprawione, a sk\u00f3ra ma takie mo\u017cliwo\u015bci. Gojenie mo\u017ce by\u0107 kilkudniowe, kilkunastodniowe lub d\u0142u\u017csze nawet przez wiele miesi\u0119cy. Ka\u017cde uszkodzenie sk\u00f3ry nale\u017cy zdezynfekowa\u0107, zabezpieczy\u0107 ja\u0142owym opatrunkiem, by nie dosz\u0142o do wtargni\u0119cia mikroorganizm\u00f3w.<\/p>\n\n\n\n<h2 class=\"wp-block-heading\">Sk\u00f3ra jako bariera<\/h2>\n\n\n\n<p>U ka\u017cdej osoby na sk\u00f3rze znajduj\u0105 si\u0119 r\u00f3\u017cne mikroorganizmy. Przy przerwaniu ci\u0105g\u0142o\u015bci sk\u00f3ry mog\u0105 one wnikn\u0105\u0107 i by\u0107 przyczyn\u0105 wielu schorze\u0144. Dlatego zawsze po uszkodzeniu sk\u00f3ry nale\u017cy j\u0105 zdezynfekowa\u0107 i za\u0142o\u017cy\u0107 ja\u0142owy opatrunek. W zale\u017cno\u015bci od rozleg\u0142o\u015bci, g\u0142\u0119boko\u015bci uszkodzenia, dolegliwo\u015bci b\u00f3lowych nale\u017cy rozwa\u017cy\u0107 wizyt\u0119 u lekarza.<\/p>\n\n\n\n<h2 class=\"wp-block-heading\">Przyczyny uszkodzenia sk\u00f3ry<\/h2>\n\n\n\n<p>Przerwania ci\u0105g\u0142o\u015bci sk\u00f3ry s\u0105 celowe, zamierzone lub niezamierzone, przypadkowe. Uszkodzenie sk\u00f3ry mo\u017ce powsta\u0107 w wyniku r\u00f3\u017cnych zabieg\u00f3w medycyny estetycznej (lasery, peelingi, przek\u0142uwanie np. p\u0142atk\u00f3w usznych, usuwanie r\u00f3\u017cnych zmian na sk\u00f3rze), interwencjach chirurgicznych, po szczepieniach, po ugryzieniach przez owady, po uszkodzeniach termicznych (oparzenie, odmro\u017cenie), po wykonaniu tatua\u017cu, a tak\u017ce w przebiegu ci\u0119\u017ckiej postaci tr\u0105dziku m\u0142odzie\u0144czego czy w innych schorzeniach, takich jak: opryszczka, p\u00f3\u0142pasiec czy ospa wietrzna. Choroby og\u00f3lnoustrojowe zwi\u0105zane z nieprawid\u0142owym kr\u0105\u017ceniem tak\u017ce mog\u0105 powodowa\u0107 powstawanie ran i trudno\u015bci w gojeniu. R\u00f3wnie\u017c sucha sk\u00f3ra, schorzenia sk\u00f3ry przebiegaj\u0105ce ze \u015bwi\u0105dem mog\u0105 przyczynia\u0107 si\u0119 do przerwania ci\u0105g\u0142o\u015bci sk\u00f3ry w wyniku drapania. Linijne uszkodzenia nask\u00f3rka nazywamy przeczosami. Najcz\u0119\u015bciej widoczne s\u0105 na karku, plecach, brzuchu, ale mog\u0105 wyst\u0119powa\u0107 w ka\u017cdej lokalizacji.<\/p>\n\n\n\n<h2 class=\"wp-block-heading\">Gojenie ran powierzchownych<\/h2>\n\n\n\n<p>U os\u00f3b zdrowych, je\u015bli rany nie zosta\u0142y zaka\u017cone, s\u0105 powierzchowne, w postaci otarcia zewn\u0119trznych warstw nask\u00f3rka goj\u0105 si\u0119 zazwyczaj w ci\u0105gu kilku, kilkunastu dni, pozostawiaj\u0105c niekiedy przebarwienie.<\/p>\n\n\n\n<h2 class=\"wp-block-heading\">Jak goi si\u0119 g\u0142\u0119bsze uszkodzenie?<\/h2>\n\n\n\n<p>Rany\/uszkodzenia mog\u0105 si\u0119ga\u0107 do sk\u00f3ry w\u0142a\u015bciwej, czy g\u0142\u0119biej do ni\u017cej le\u017c\u0105cych struktur. Gojenie to w\u00f3wczas proces z\u0142o\u017cony, przebiegaj\u0105cy w kilku fazach. <\/p>\n\n\n\n<p>Pocz\u0105tkowo dochodzi do skurczu naczy\u0144 krwiono\u015bnych, wytworzenia skrzepu (homeostaza). Jednocze\u015bnie nap\u0142ywaj\u0105 kom\u00f3rki uk\u0142adu odporno\u015bciowego (faza zapalenia), by ograniczy\u0107 odczyn zapalny i oczy\u015bci\u0107 ubytek, a na powierzchni sk\u00f3ry tworzy si\u0119 strup. Mi\u0119dzy 5 a 15 dniem od uszkodzenia pobudzone fibroblasty produkuj\u0105 kolagen wype\u0142niaj\u0105c tkank\u0105 \u0142\u0105czn\u0105 ubytek (proces proliferacji i migracji).&nbsp;Stopniowo kom\u00f3rki warstwy podstawnej nask\u00f3rka, kom\u00f3rki nab\u0142onkowe z mieszk\u00f3w w\u0142osowych zaczynaj\u0105 pokrywa\u0107 ubytek, jest to proces epitelizacji. Je\u015bli kom\u00f3rki \u201epokryj\u0105\u201d ca\u0142y ubytek dochodzi do przebudowy blizny. <\/p>\n\n\n\n<figure class=\"wp-block-pullquote has-medium-font-size\"><blockquote><p>Przebudowa blizny w niekt\u00f3rych przypadkach mo\u017ce trwa\u0107 kilka, kilkana\u015bcie miesi\u0119cy. W znacznych, rozleg\u0142ych uszkodzeniach sk\u00f3ry, chorobach og\u00f3lnoustrojowych proces zagojenia mo\u017ce by\u0107 trudny do uzyskania.<\/p><\/blockquote><\/figure>\n\n\n\n<h2 class=\"wp-block-heading\">Gojenie si\u0119 sk\u00f3ry a blizna<\/h2>\n\n\n\n<p>Blizna powstaje w wyniku gojenia ubytku sk\u00f3ry, czyli zast\u0119puje uszkodzona tkank\u0119. Blizna nie ma mieszk\u00f3w w\u0142osowych, gruczo\u0142\u00f3w \u0142ojowych, potowych, nie ma poletkowania sk\u00f3ry. &nbsp;Pocz\u0105tkowo jest nieelastyczna, r\u00f3\u017cowoczerwona, p\u00f3\u017aniej ja\u015bnieje, przyjmuj\u0105c porcelanowo bia\u0142y kolor, jest bardziej wra\u017cliwa na dzia\u0142anie promieniowania s\u0142onecznego i mo\u017ce ulega\u0107 przebarwieniu. Blizny mog\u0105 wyst\u0119powa\u0107 w poziomie sk\u00f3ry, ale mog\u0105 te\u017c by\u0107 powy\u017cej jej poziomu.<\/p>\n\n\n\n<p>Blizny przeros\u0142e, przero\u015bni\u0119te, hipertroficzne powstaj\u0105 w wyniku przed\u0142u\u017conego gojenia, ale stopniowo w ci\u0105gu 6-12 miesi\u0119cy mog\u0105 ulec sp\u0142aszczeniu do poziomu sk\u00f3ry. Jednak u cz\u0119\u015bci os\u00f3b blizny bardzo przerastaj\u0105, wykraczaj\u0105 powierzchni\u0105 poza granice uszkodzenia sk\u00f3ry, nie maj\u0105 tendencji do samoistnego ust\u0119powania.&nbsp;Takie zmiany nazywamy keloidami, bliznowcami. Keloidy s\u0105 twarde, spoiste, niekiedy bolesne, mog\u0105 nawraca\u0107 po usuni\u0119ciu chirurgicznym. Najcz\u0119stsza lokalizacja keloid\u00f3w to okolica mostkowa na klatce piersiowej i p\u0142atki uszne.<\/p>\n\n\n\n<p>U cz\u0119\u015bci os\u00f3b mog\u0105 by\u0107 blizny zanikowe, czyli poni\u017cej poziomu sk\u00f3ry, powstaj\u0105 wtedy, gdy ubytek nie zostanie ca\u0142kowicie wype\u0142niony tkank\u0105 \u0142\u0105czn\u0105 w trakcie gojenia. Blizny zanikowe obserwujemy np. w przebiegu tr\u0105dziku m\u0142odzie\u0144czego o ci\u0119\u017ckim przebiegu.<\/p>\n\n\n\n<figure class=\"wp-block-gallery has-nested-images columns-default is-cropped wp-block-gallery-1 is-layout-flex wp-block-gallery-is-layout-flex\">\n<figure class=\"wp-block-image size-large\"><img loading=\"lazy\" decoding=\"async\" width=\"500\" height=\"500\" data-id=\"20861\" src=\"https:\/\/www.bandi.pl\/blog\/wp-content\/uploads\/2025\/05\/1-2-500x500.png\" alt=\"\" class=\"wp-image-20861\"\/><\/figure>\n\n\n\n<figure class=\"wp-block-image size-large\"><img loading=\"lazy\" decoding=\"async\" width=\"500\" height=\"500\" data-id=\"20862\" src=\"https:\/\/www.bandi.pl\/blog\/wp-content\/uploads\/2025\/05\/2-2-500x500.png\" alt=\"\" class=\"wp-image-20862\"\/><\/figure>\n<\/figure>\n","protected":false},"excerpt":{"rendered":"<p>Sk\u00f3ra to najbardziej zewn\u0119trzny organ ludzkiego cia\u0142a. Oddziela organizm od otaczaj\u0105cego \u015bwiata, stanowi\u0105c swoist\u0105 barier\u0119. Chroni przed r\u00f3\u017cnymi czynnikami \u015brodowiska zewn\u0119trznego i dlatego jest nara\u017cona na urazy i uszkodzenia. Je\u015bli zostaje uszkodzona, przypadkowo czy w spos\u00f3b zamierzony, zagra\u017ca homeostazie. Przerwanie ci\u0105g\u0142o\u015bci sk\u00f3ry musi by\u0107 naprawione, a sk\u00f3ra ma takie mo\u017cliwo\u015bci. Gojenie mo\u017ce by\u0107 kilkudniowe, kilkunastodniowe [&hellip;]<\/p>\n","protected":false},"author":13,"featured_media":20860,"comment_status":"open","ping_status":"closed","sticky":false,"template":"","format":"standard","meta":{"_et_pb_use_builder":"off","_et_pb_old_content":"","_et_gb_content_width":"","footnotes":""},"categories":[2050,1817],"tags":[3445,8764,8768,8769,8767,8766,8770,4230,5868,8765,8763],"class_list":["post-20856","post","type-post","status-publish","format-standard","has-post-thumbnail","hentry","category-magdalena-ciupinska","category-kategoria-pielegnacja-i-kosmetyki","tag-bandi","tag-blizna","tag-blizna-przerosla","tag-blizna-zanikowa","tag-etapy-gojenia","tag-gojenie-ran","tag-kelloid","tag-pielegnacja-profesjonalna","tag-pielegnacja-twarzy","tag-proces-gojenia-ran","tag-rana"],"yoast_head":"<!-- This site is optimized with the Yoast SEO plugin v27.1.1 - https:\/\/yoast.com\/product\/yoast-seo-wordpress\/ -->\n<title>Jak goi si\u0119 sk\u00f3ra? &#187; Blog BANDI<\/title>\n<meta name=\"description\" content=\"Sk\u00f3ra goi si\u0119 odmiennie w zale\u017cno\u015bci od rodzaju i g\u0142\u0119boko\u015bci uszkodzenia. Proces ten mo\u017ce trwa\u0107 od kilku dni do kilkunastu miesi\u0119cy.\" \/>\n<meta name=\"robots\" content=\"index, follow, max-snippet:-1, max-image-preview:large, max-video-preview:-1\" \/>\n<link rel=\"canonical\" href=\"https:\/\/www.bandi.pl\/blog\/jak-goi-sie-skora\/\" \/>\n<meta property=\"og:locale\" content=\"pl_PL\" \/>\n<meta property=\"og:type\" content=\"article\" \/>\n<meta property=\"og:title\" content=\"Jak goi si\u0119 sk\u00f3ra? &#187; Blog BANDI\" \/>\n<meta property=\"og:description\" content=\"Sk\u00f3ra goi si\u0119 odmiennie w zale\u017cno\u015bci od rodzaju i g\u0142\u0119boko\u015bci uszkodzenia. Proces ten mo\u017ce trwa\u0107 od kilku dni do kilkunastu miesi\u0119cy.\" \/>\n<meta property=\"og:url\" content=\"https:\/\/www.bandi.pl\/blog\/jak-goi-sie-skora\/\" \/>\n<meta property=\"og:site_name\" content=\"Blog BANDI\" \/>\n<meta property=\"article:publisher\" content=\"https:\/\/web.facebook.com\/BANDIcosmetics\" \/>\n<meta property=\"article:published_time\" content=\"2025-05-29T09:13:42+00:00\" \/>\n<meta property=\"article:modified_time\" content=\"2025-05-29T09:13:43+00:00\" \/>\n<meta property=\"og:image\" content=\"https:\/\/www.bandi.pl\/blog\/wp-content\/uploads\/2025\/05\/goi-sie-skora-po-skaleczeniu.png\" \/>\n\t<meta property=\"og:image:width\" content=\"1748\" \/>\n\t<meta property=\"og:image:height\" content=\"1240\" \/>\n\t<meta property=\"og:image:type\" content=\"image\/png\" \/>\n<meta name=\"author\" content=\"Ilona Kiraga\" \/>\n<meta name=\"twitter:card\" content=\"summary_large_image\" \/>\n<meta name=\"twitter:creator\" content=\"@bandi_cosmetics\" \/>\n<meta name=\"twitter:site\" content=\"@bandi_cosmetics\" \/>\n<meta name=\"twitter:label1\" content=\"Napisane przez\" \/>\n\t<meta name=\"twitter:data1\" content=\"Ilona Kiraga\" \/>\n\t<meta name=\"twitter:label2\" content=\"Szacowany czas czytania\" \/>\n\t<meta name=\"twitter:data2\" content=\"4 minuty\" \/>\n<script type=\"application\/ld+json\" class=\"yoast-schema-graph\">{\"@context\":\"https:\/\/schema.org\",\"@graph\":[{\"@type\":\"Article\",\"@id\":\"https:\/\/www.bandi.pl\/blog\/jak-goi-sie-skora\/#article\",\"isPartOf\":{\"@id\":\"https:\/\/www.bandi.pl\/blog\/jak-goi-sie-skora\/\"},\"author\":{\"name\":\"Ilona Kiraga\",\"@id\":\"https:\/\/www.bandi.pl\/blog\/#\/schema\/person\/5ba05af1a18c58f1c31d4ae051ec9499\"},\"headline\":\"Jak goi si\u0119 sk\u00f3ra?\",\"datePublished\":\"2025-05-29T09:13:42+00:00\",\"dateModified\":\"2025-05-29T09:13:43+00:00\",\"mainEntityOfPage\":{\"@id\":\"https:\/\/www.bandi.pl\/blog\/jak-goi-sie-skora\/\"},\"wordCount\":759,\"commentCount\":0,\"publisher\":{\"@id\":\"https:\/\/www.bandi.pl\/blog\/#organization\"},\"image\":{\"@id\":\"https:\/\/www.bandi.pl\/blog\/jak-goi-sie-skora\/#primaryimage\"},\"thumbnailUrl\":\"https:\/\/www.bandi.pl\/blog\/wp-content\/uploads\/2025\/05\/goi-sie-skora-po-skaleczeniu.png\",\"keywords\":[\"Bandi\",\"blizna\",\"blizna przeros\u0142a\",\"blizna zanikowa\",\"etapy gojenia\",\"gojenie ran\",\"kelloid\",\"piel\u0119gnacja profesjonalna\",\"piel\u0119gnacja twarzy\",\"proces gojenia ran\",\"rana\"],\"articleSection\":[\"Magdalena Ciupi\u0144ska\",\"Piel\u0119gnacja i kosmetyki\"],\"inLanguage\":\"pl-PL\",\"potentialAction\":[{\"@type\":\"CommentAction\",\"name\":\"Comment\",\"target\":[\"https:\/\/www.bandi.pl\/blog\/jak-goi-sie-skora\/#respond\"]}]},{\"@type\":\"WebPage\",\"@id\":\"https:\/\/www.bandi.pl\/blog\/jak-goi-sie-skora\/\",\"url\":\"https:\/\/www.bandi.pl\/blog\/jak-goi-sie-skora\/\",\"name\":\"Jak goi si\u0119 sk\u00f3ra? &#187; Blog BANDI\",\"isPartOf\":{\"@id\":\"https:\/\/www.bandi.pl\/blog\/#website\"},\"primaryImageOfPage\":{\"@id\":\"https:\/\/www.bandi.pl\/blog\/jak-goi-sie-skora\/#primaryimage\"},\"image\":{\"@id\":\"https:\/\/www.bandi.pl\/blog\/jak-goi-sie-skora\/#primaryimage\"},\"thumbnailUrl\":\"https:\/\/www.bandi.pl\/blog\/wp-content\/uploads\/2025\/05\/goi-sie-skora-po-skaleczeniu.png\",\"datePublished\":\"2025-05-29T09:13:42+00:00\",\"dateModified\":\"2025-05-29T09:13:43+00:00\",\"description\":\"Sk\u00f3ra goi si\u0119 odmiennie w zale\u017cno\u015bci od rodzaju i g\u0142\u0119boko\u015bci uszkodzenia. Proces ten mo\u017ce trwa\u0107 od kilku dni do kilkunastu miesi\u0119cy.\",\"breadcrumb\":{\"@id\":\"https:\/\/www.bandi.pl\/blog\/jak-goi-sie-skora\/#breadcrumb\"},\"inLanguage\":\"pl-PL\",\"potentialAction\":[{\"@type\":\"ReadAction\",\"target\":[\"https:\/\/www.bandi.pl\/blog\/jak-goi-sie-skora\/\"]}]},{\"@type\":\"ImageObject\",\"inLanguage\":\"pl-PL\",\"@id\":\"https:\/\/www.bandi.pl\/blog\/jak-goi-sie-skora\/#primaryimage\",\"url\":\"https:\/\/www.bandi.pl\/blog\/wp-content\/uploads\/2025\/05\/goi-sie-skora-po-skaleczeniu.png\",\"contentUrl\":\"https:\/\/www.bandi.pl\/blog\/wp-content\/uploads\/2025\/05\/goi-sie-skora-po-skaleczeniu.png\",\"width\":1748,\"height\":1240,\"caption\":\"jak goi si\u0119 sk\u00f3ra\"},{\"@type\":\"BreadcrumbList\",\"@id\":\"https:\/\/www.bandi.pl\/blog\/jak-goi-sie-skora\/#breadcrumb\",\"itemListElement\":[{\"@type\":\"ListItem\",\"position\":1,\"name\":\"BANDI\",\"item\":\"https:\/\/www.bandi.pl\/blog\/\"},{\"@type\":\"ListItem\",\"position\":2,\"name\":\"Jak goi si\u0119 sk\u00f3ra?\"}]},{\"@type\":\"WebSite\",\"@id\":\"https:\/\/www.bandi.pl\/blog\/#website\",\"url\":\"https:\/\/www.bandi.pl\/blog\/\",\"name\":\"Blog BANDI\",\"description\":\"Czarno na bia\u0142ym o kosmetykach\",\"publisher\":{\"@id\":\"https:\/\/www.bandi.pl\/blog\/#organization\"},\"potentialAction\":[{\"@type\":\"SearchAction\",\"target\":{\"@type\":\"EntryPoint\",\"urlTemplate\":\"https:\/\/www.bandi.pl\/blog\/?s={search_term_string}\"},\"query-input\":{\"@type\":\"PropertyValueSpecification\",\"valueRequired\":true,\"valueName\":\"search_term_string\"}}],\"inLanguage\":\"pl-PL\"},{\"@type\":\"Organization\",\"@id\":\"https:\/\/www.bandi.pl\/blog\/#organization\",\"name\":\"BANDI\",\"url\":\"https:\/\/www.bandi.pl\/blog\/\",\"logo\":{\"@type\":\"ImageObject\",\"inLanguage\":\"pl-PL\",\"@id\":\"https:\/\/www.bandi.pl\/blog\/#\/schema\/logo\/image\/\",\"url\":\"https:\/\/www.bandi.pl\/blog\/wp-content\/uploads\/2019\/06\/bandi-logo.png\",\"contentUrl\":\"https:\/\/www.bandi.pl\/blog\/wp-content\/uploads\/2019\/06\/bandi-logo.png\",\"width\":264,\"height\":111,\"caption\":\"BANDI\"},\"image\":{\"@id\":\"https:\/\/www.bandi.pl\/blog\/#\/schema\/logo\/image\/\"},\"sameAs\":[\"https:\/\/web.facebook.com\/BANDIcosmetics\",\"https:\/\/x.com\/bandi_cosmetics\",\"https:\/\/www.instagram.com\/bandi_cosmetics\/\",\"https:\/\/www.pinterest.com\/bandicosmetics\/\",\"https:\/\/www.youtube.com\/user\/BandiCosmeticsPolska\"]},{\"@type\":\"Person\",\"@id\":\"https:\/\/www.bandi.pl\/blog\/#\/schema\/person\/5ba05af1a18c58f1c31d4ae051ec9499\",\"name\":\"Ilona Kiraga\"}]}<\/script>\n<!-- \/ Yoast SEO plugin. -->","yoast_head_json":{"title":"Jak goi si\u0119 sk\u00f3ra? &#187; Blog BANDI","description":"Sk\u00f3ra goi si\u0119 odmiennie w zale\u017cno\u015bci od rodzaju i g\u0142\u0119boko\u015bci uszkodzenia. Proces ten mo\u017ce trwa\u0107 od kilku dni do kilkunastu miesi\u0119cy.","robots":{"index":"index","follow":"follow","max-snippet":"max-snippet:-1","max-image-preview":"max-image-preview:large","max-video-preview":"max-video-preview:-1"},"canonical":"https:\/\/www.bandi.pl\/blog\/jak-goi-sie-skora\/","og_locale":"pl_PL","og_type":"article","og_title":"Jak goi si\u0119 sk\u00f3ra? &#187; Blog BANDI","og_description":"Sk\u00f3ra goi si\u0119 odmiennie w zale\u017cno\u015bci od rodzaju i g\u0142\u0119boko\u015bci uszkodzenia. Proces ten mo\u017ce trwa\u0107 od kilku dni do kilkunastu miesi\u0119cy.","og_url":"https:\/\/www.bandi.pl\/blog\/jak-goi-sie-skora\/","og_site_name":"Blog BANDI","article_publisher":"https:\/\/web.facebook.com\/BANDIcosmetics","article_published_time":"2025-05-29T09:13:42+00:00","article_modified_time":"2025-05-29T09:13:43+00:00","og_image":[{"width":1748,"height":1240,"url":"https:\/\/www.bandi.pl\/blog\/wp-content\/uploads\/2025\/05\/goi-sie-skora-po-skaleczeniu.png","type":"image\/png"}],"author":"Ilona Kiraga","twitter_card":"summary_large_image","twitter_creator":"@bandi_cosmetics","twitter_site":"@bandi_cosmetics","twitter_misc":{"Napisane przez":"Ilona Kiraga","Szacowany czas czytania":"4 minuty"},"schema":{"@context":"https:\/\/schema.org","@graph":[{"@type":"Article","@id":"https:\/\/www.bandi.pl\/blog\/jak-goi-sie-skora\/#article","isPartOf":{"@id":"https:\/\/www.bandi.pl\/blog\/jak-goi-sie-skora\/"},"author":{"name":"Ilona Kiraga","@id":"https:\/\/www.bandi.pl\/blog\/#\/schema\/person\/5ba05af1a18c58f1c31d4ae051ec9499"},"headline":"Jak goi si\u0119 sk\u00f3ra?","datePublished":"2025-05-29T09:13:42+00:00","dateModified":"2025-05-29T09:13:43+00:00","mainEntityOfPage":{"@id":"https:\/\/www.bandi.pl\/blog\/jak-goi-sie-skora\/"},"wordCount":759,"commentCount":0,"publisher":{"@id":"https:\/\/www.bandi.pl\/blog\/#organization"},"image":{"@id":"https:\/\/www.bandi.pl\/blog\/jak-goi-sie-skora\/#primaryimage"},"thumbnailUrl":"https:\/\/www.bandi.pl\/blog\/wp-content\/uploads\/2025\/05\/goi-sie-skora-po-skaleczeniu.png","keywords":["Bandi","blizna","blizna przeros\u0142a","blizna zanikowa","etapy gojenia","gojenie ran","kelloid","piel\u0119gnacja profesjonalna","piel\u0119gnacja twarzy","proces gojenia ran","rana"],"articleSection":["Magdalena Ciupi\u0144ska","Piel\u0119gnacja i kosmetyki"],"inLanguage":"pl-PL","potentialAction":[{"@type":"CommentAction","name":"Comment","target":["https:\/\/www.bandi.pl\/blog\/jak-goi-sie-skora\/#respond"]}]},{"@type":"WebPage","@id":"https:\/\/www.bandi.pl\/blog\/jak-goi-sie-skora\/","url":"https:\/\/www.bandi.pl\/blog\/jak-goi-sie-skora\/","name":"Jak goi si\u0119 sk\u00f3ra? &#187; Blog BANDI","isPartOf":{"@id":"https:\/\/www.bandi.pl\/blog\/#website"},"primaryImageOfPage":{"@id":"https:\/\/www.bandi.pl\/blog\/jak-goi-sie-skora\/#primaryimage"},"image":{"@id":"https:\/\/www.bandi.pl\/blog\/jak-goi-sie-skora\/#primaryimage"},"thumbnailUrl":"https:\/\/www.bandi.pl\/blog\/wp-content\/uploads\/2025\/05\/goi-sie-skora-po-skaleczeniu.png","datePublished":"2025-05-29T09:13:42+00:00","dateModified":"2025-05-29T09:13:43+00:00","description":"Sk\u00f3ra goi si\u0119 odmiennie w zale\u017cno\u015bci od rodzaju i g\u0142\u0119boko\u015bci uszkodzenia. Proces ten mo\u017ce trwa\u0107 od kilku dni do kilkunastu miesi\u0119cy.","breadcrumb":{"@id":"https:\/\/www.bandi.pl\/blog\/jak-goi-sie-skora\/#breadcrumb"},"inLanguage":"pl-PL","potentialAction":[{"@type":"ReadAction","target":["https:\/\/www.bandi.pl\/blog\/jak-goi-sie-skora\/"]}]},{"@type":"ImageObject","inLanguage":"pl-PL","@id":"https:\/\/www.bandi.pl\/blog\/jak-goi-sie-skora\/#primaryimage","url":"https:\/\/www.bandi.pl\/blog\/wp-content\/uploads\/2025\/05\/goi-sie-skora-po-skaleczeniu.png","contentUrl":"https:\/\/www.bandi.pl\/blog\/wp-content\/uploads\/2025\/05\/goi-sie-skora-po-skaleczeniu.png","width":1748,"height":1240,"caption":"jak goi si\u0119 sk\u00f3ra"},{"@type":"BreadcrumbList","@id":"https:\/\/www.bandi.pl\/blog\/jak-goi-sie-skora\/#breadcrumb","itemListElement":[{"@type":"ListItem","position":1,"name":"BANDI","item":"https:\/\/www.bandi.pl\/blog\/"},{"@type":"ListItem","position":2,"name":"Jak goi si\u0119 sk\u00f3ra?"}]},{"@type":"WebSite","@id":"https:\/\/www.bandi.pl\/blog\/#website","url":"https:\/\/www.bandi.pl\/blog\/","name":"Blog BANDI","description":"Czarno na bia\u0142ym o kosmetykach","publisher":{"@id":"https:\/\/www.bandi.pl\/blog\/#organization"},"potentialAction":[{"@type":"SearchAction","target":{"@type":"EntryPoint","urlTemplate":"https:\/\/www.bandi.pl\/blog\/?s={search_term_string}"},"query-input":{"@type":"PropertyValueSpecification","valueRequired":true,"valueName":"search_term_string"}}],"inLanguage":"pl-PL"},{"@type":"Organization","@id":"https:\/\/www.bandi.pl\/blog\/#organization","name":"BANDI","url":"https:\/\/www.bandi.pl\/blog\/","logo":{"@type":"ImageObject","inLanguage":"pl-PL","@id":"https:\/\/www.bandi.pl\/blog\/#\/schema\/logo\/image\/","url":"https:\/\/www.bandi.pl\/blog\/wp-content\/uploads\/2019\/06\/bandi-logo.png","contentUrl":"https:\/\/www.bandi.pl\/blog\/wp-content\/uploads\/2019\/06\/bandi-logo.png","width":264,"height":111,"caption":"BANDI"},"image":{"@id":"https:\/\/www.bandi.pl\/blog\/#\/schema\/logo\/image\/"},"sameAs":["https:\/\/web.facebook.com\/BANDIcosmetics","https:\/\/x.com\/bandi_cosmetics","https:\/\/www.instagram.com\/bandi_cosmetics\/","https:\/\/www.pinterest.com\/bandicosmetics\/","https:\/\/www.youtube.com\/user\/BandiCosmeticsPolska"]},{"@type":"Person","@id":"https:\/\/www.bandi.pl\/blog\/#\/schema\/person\/5ba05af1a18c58f1c31d4ae051ec9499","name":"Ilona Kiraga"}]}},"_links":{"self":[{"href":"https:\/\/www.bandi.pl\/blog\/wp-json\/wp\/v2\/posts\/20856","targetHints":{"allow":["GET"]}}],"collection":[{"href":"https:\/\/www.bandi.pl\/blog\/wp-json\/wp\/v2\/posts"}],"about":[{"href":"https:\/\/www.bandi.pl\/blog\/wp-json\/wp\/v2\/types\/post"}],"author":[{"embeddable":true,"href":"https:\/\/www.bandi.pl\/blog\/wp-json\/wp\/v2\/users\/13"}],"replies":[{"embeddable":true,"href":"https:\/\/www.bandi.pl\/blog\/wp-json\/wp\/v2\/comments?post=20856"}],"version-history":[{"count":12,"href":"https:\/\/www.bandi.pl\/blog\/wp-json\/wp\/v2\/posts\/20856\/revisions"}],"predecessor-version":[{"id":20889,"href":"https:\/\/www.bandi.pl\/blog\/wp-json\/wp\/v2\/posts\/20856\/revisions\/20889"}],"wp:featuredmedia":[{"embeddable":true,"href":"https:\/\/www.bandi.pl\/blog\/wp-json\/wp\/v2\/media\/20860"}],"wp:attachment":[{"href":"https:\/\/www.bandi.pl\/blog\/wp-json\/wp\/v2\/media?parent=20856"}],"wp:term":[{"taxonomy":"category","embeddable":true,"href":"https:\/\/www.bandi.pl\/blog\/wp-json\/wp\/v2\/categories?post=20856"},{"taxonomy":"post_tag","embeddable":true,"href":"https:\/\/www.bandi.pl\/blog\/wp-json\/wp\/v2\/tags?post=20856"}],"curies":[{"name":"wp","href":"https:\/\/api.w.org\/{rel}","templated":true}]}}