{"id":20842,"date":"2025-05-22T09:40:09","date_gmt":"2025-05-22T07:40:09","guid":{"rendered":"https:\/\/www.bandi.pl\/blog\/?p=20842"},"modified":"2026-01-28T15:33:47","modified_gmt":"2026-01-28T14:33:47","slug":"kosmetyki-dla-mamy-pelne-czulosci","status":"publish","type":"post","link":"https:\/\/www.bandi.pl\/blog\/kosmetyki-dla-mamy-pelne-czulosci\/","title":{"rendered":"Kosmetyki dla Mamy, pe\u0142ne czu\u0142o\u015bci"},"content":{"rendered":"\n<p>Dzie\u0144 Matki \u2013 \u015bwi\u0119to, w kt\u00f3rym ka\u017cdy chce podzi\u0119kowa\u0107 Mamie za jej bezwarunkow\u0105 mi\u0142o\u015b\u0107, codzienn\u0105 trosk\u0119 i nieustanne wsparcie. To dzie\u0144, w kt\u00f3rym serdecznym gestem, szczerym s\u0142owem chcemy wyrazi\u0107 nasze przywi\u0105zanie, szacunek i wdzi\u0119czno\u015b\u0107. To tak\u017ce doskona\u0142a okazja, aby podarowa\u0107 Mamie co\u015b, o czym marzy, co pozwoli jej odetchn\u0105\u0107 od codzienno\u015bci i poczu\u0107 si\u0119 wyj\u0105tkowo. Dlatego warto ws\u0142ucha\u0107 si\u0119 w jej potrzeby i pragnienia \u2013 zastanowi\u0107 si\u0119, co sprawi jej najwi\u0119ksz\u0105 rado\u015b\u0107. Mo\u017ce b\u0119dzie to wsp\u00f3lny spacer pe\u0142en rozm\u00f3w, czy w\u0142asnor\u0119cznie zrobiony upominek, udzia\u0142 w inspiruj\u0105cych warsztatach albo relaksuj\u0105cy wyjazd do SPA, a mo\u017ce kosmetyki, kt\u00f3rymi b\u0119dzie rozkoszowa\u0107 si\u0119 w domowym zaciszu.<\/p>\n\n\n\n<h2 class=\"wp-block-heading\">Jak wybra\u0107 kosmetyki dla Mamy?<\/h2>\n\n\n\n<p>Przygotowuj\u0105c kosmetyczny prezent dla Mamy nie skupiajmy si\u0119 na niedoskona\u0142o\u015bciach jej cery, zmarszczkach, przesuszeniach i przebarwieniach. Podarujmy po prostu kosmetyki, kt\u00f3rych stosowanie b\u0119dzie prawdziw\u0105 przyjemno\u015bci\u0105. A do takich nale\u017c\u0105 z pewno\u015bci\u0105 preparaty z linii <a href=\"https:\/\/www.bandi.pl\/sklep\/katalog\/seria\/101_well-aging\/\">Well aging<\/a> i <a href=\"https:\/\/www.bandi.pl\/sklep\/katalog\/seria\/35_gold-philosophy\/\">Gold Philosophy<\/a>.<\/p>\n\n\n\n<h4 class=\"wp-block-heading\">Well aging<\/h4>\n\n\n\n<p>Dla mam, kt\u00f3re ceni\u0105 harmoni\u0119 i pod\u0105\u017caj\u0105 za filozofi\u0105 holistycznego dbania o siebie, marz\u0105 o zachowaniu r\u00f3wnowagi mi\u0119dzy potrzebami cia\u0142a i umys\u0142u, mi\u0119dzy wyciszeniem, a aktywno\u015bci\u0105 idealny b\u0119dzie ultrakobiecy <a href=\"https:\/\/www.bandi.pl\/sklep\/zestawy\/zestaw-prezentowy-well-aging-1011\/\">zestaw Well aging<\/a>. Preparaty z tej linii piel\u0119gnuj\u0105 sk\u00f3r\u0119, odpr\u0119\u017caj\u0105 umys\u0142 i koj\u0105 zmys\u0142y. Wydobywaj\u0105 pi\u0119kno cery niezale\u017cnie od wieku. Sekret ich skuteczno\u015bci tkwi w sk\u0142adnikach aktywnych, takich jak: owoc d\u0142ugowieczno\u015bci, heksapeptyd biomimetyczny, czysty olej marula, kt\u00f3re zaspokajaj\u0105 potrzeby ka\u017cdej sk\u00f3ry, spowalniaj\u0105 proces starzenia, poprawiaj\u0105 poziom nawil\u017cenia, j\u0119drno\u015b\u0107 i koloryt. Relaksuj\u0105ce aromaty preparat\u00f3w, ich delikatne konsystencje pozwalaj\u0105 na uspokajaj\u0105ce rytua\u0142y pi\u0119kna i nie\u015bpieszne celebrowanie urodowej rutyny. <\/p>\n\n\n\n<p>Na dobry pocz\u0105tek dnia <a href=\"https:\/\/www.bandi.pl\/sklep\/emulsje\/emulsja-odmladzajaca-spf-50-1009\/\">Emulsja odm\u0142adzaj\u0105ca SPF 50,<\/a> kt\u00f3ra zapewni sk\u00f3rze energi\u0119, promienny wygl\u0105d, a jej zapach pobudzi do dzia\u0142ania. Emulsja chroni te\u017c przed promieniowaniem UVA, UVB, HEV (blue light) i IR, poprawia g\u0119sto\u015b\u0107, j\u0119drno\u015b\u0107 i elastyczno\u015b\u0107. Redukuje widoczno\u015b\u0107 zmarszczek, nawil\u017ca, przeciwdzia\u0142a powstawaniu przebarwie\u0144. Pod oczy ol\u015bnienie, czyli <a href=\"https:\/\/www.bandi.pl\/sklep\/kremy-pod-oczy\/rozswietlajacy-krem-pod-oczy-1007\/\">Roz\u015bwietlaj\u0105cy krem<\/a>, kt\u00f3ry przywr\u00f3ci spojrzeniu blask, wyra\u017anie wyg\u0142adzi i nawil\u017cy delikatn\u0105 sk\u00f3r\u0119 tych okolic. Zmniejszy tak\u017ce cienie i opuchni\u0119cia. Na wiecz\u00f3r odpr\u0119\u017cenie, czyli <a href=\"https:\/\/www.bandi.pl\/sklep\/olejki\/regenerujacy-olej-marula-100--1006\/\">Regeneruj\u0105cy olej marula 100%<\/a> &#8211; od\u017cywia, redukuje widoczno\u015b\u0107 zmarszczek, uj\u0119drnia. A stosowany podczas masa\u017cu pozwala zmniejszy\u0107 napi\u0119cie mi\u0119\u015bni i relaksuje. <\/p>\n\n\n\n<figure class=\"wp-block-embed is-type-video is-provider-youtube wp-block-embed-youtube wp-embed-aspect-16-9 wp-has-aspect-ratio\"><div class=\"wp-block-embed__wrapper\">\n<iframe loading=\"lazy\" title=\"Uj\u0119drniaj\u0105cy automasa\u017c twarzy d\u0142o\u0144mi\" width=\"1080\" height=\"608\" src=\"https:\/\/www.youtube.com\/embed\/Vmr06ngvCNU?start=58&#038;feature=oembed\"  allow=\"accelerometer; autoplay; clipboard-write; encrypted-media; gyroscope; picture-in-picture; web-share\" referrerpolicy=\"strict-origin-when-cross-origin\" allowfullscreen><\/iframe>\n<\/div><\/figure>\n\n\n\n<p>Na noc otulenie, czyli <a href=\"https:\/\/www.bandi.pl\/sklep\/kremy\/intensywna-kuracja-mlodosci-1010\/\">Intensywna kuracja m\u0142odo\u015bci<\/a>, dzia\u0142aj\u0105ca niczym subtelny odm\u0142adzaj\u0105cy dotyk, pod wp\u0142ywem kt\u00f3rego sk\u00f3ra staje si\u0119 wyra\u017anie m\u0142odsza, bardziej j\u0119drna, napi\u0119ta, o wyr\u00f3wnanym kolorycie i promiennym wygl\u0105dzie. Na ka\u017cd\u0105 por\u0119 dnia spe\u0142nienie, czyli <a href=\"https:\/\/www.bandi.pl\/sklep\/kremy\/krem-aksamitnie-nawilzajacy-1008\/\">Krem nawil\u017caj\u0105cy<\/a> o aksamitnej konsystencji i delikatnym aromacie, kt\u00f3ry d\u0142ugotrwale nawil\u017ca, wyg\u0142adza i przywraca promienny wygl\u0105d.<\/p>\n\n\n\n<h4 class=\"wp-block-heading\">Gold Philosophy<\/h4>\n\n\n\n<p>Dla mam, kt\u00f3re kochaj\u0105 luksus i klasyczn\u0105 elegancj\u0119 doskona\u0142ym wyborem b\u0119dzie <a href=\"https:\/\/www.bandi.pl\/sklep\/zestawy\/zestaw-prezentowy-gold-philosophy-987\/\">zestaw Gold Philosophy<\/a>. Wyrafinowana piel\u0119gnacja, \u0142\u0105cz\u0105ca w sobie skuteczno\u015b\u0107 z elegancj\u0105. Wytworne opakowania skrywaj\u0105 drogocenne sk\u0142adniki: odm\u0142adzaj\u0105ce peptydy, przeciwzmarszczkowe z\u0142oto i od\u017cywcze proteiny ry\u017cowe. A wszystko to w <a href=\"https:\/\/www.bandi.pl\/sklep\/kremy\/peptydowy-krem-odmladzajacy-do-twarzy-szyi-i-dekoltu-877\/\">kremie do twarzy, szyi i dekoltu<\/a>, <a href=\"https:\/\/www.bandi.pl\/sklep\/kremy-pod-oczy\/peptydowy-krem-odmladzajacy-pod-oczy-878\/\">kremie pod oczy<\/a>, <a href=\"https:\/\/www.bandi.pl\/sklep\/ampulki\/peptydowy-booster-redukujacy-zmarszczki-880\/\">boosterze przeciwzmarszczkowym<\/a> i idealnym pod makija\u017c <a href=\"https:\/\/www.bandi.pl\/sklep\/ampulki\/peptydowy-eliksir-odmladzajacy-879\/\">eliksirze<\/a>.<\/p>\n\n\n\n<div class=\"wp-block-media-text is-stacked-on-mobile\" style=\"grid-template-columns:39% auto\"><figure class=\"wp-block-media-text__media\"><img loading=\"lazy\" decoding=\"async\" width=\"333\" height=\"500\" src=\"https:\/\/www.bandi.pl\/blog\/wp-content\/uploads\/2025\/05\/IS_-7186-333x500.jpg\" alt=\"odm\u0142adzaj\u0105ce kosmetyki dla Mamy z linii Gold Philosophy\" class=\"wp-image-20849 size-full\"\/><\/figure><div class=\"wp-block-media-text__content\">\n<p>Dzi\u0119ki nim sk\u00f3ra odzyskuje j\u0119drno\u015b\u0107, elastyczno\u015b\u0107 i m\u0142odzie\u0144cz\u0105 spr\u0119\u017cysto\u015b\u0107. Zmarszczki staj\u0105 si\u0119 mniej widoczne, kontur twarzy ulega wyra\u017anemu uniesieniu, a spojrzenie nabiera \u015bwie\u017co\u015bci. Obdarowana Mama b\u0119dzie zachwycona i odm\u0142odzona.<\/p>\n<\/div><\/div>\n\n\n\n<p><\/p>\n\n\n\n<p>Zar\u00f3wno kosmetyki Well aging, jak i Gold Philosophy sprawi\u0105 Mamom rado\u015b\u0107. Pozwol\u0105 im zatrzyma\u0107 si\u0119 na moment, aby zadba\u0107 o siebie z czu\u0142o\u015bci\u0105.<\/p>\n\n\n\n<div class=\"wp-block-divi-layout\">[et_pb_section fb_built=&#8221;1&#8243; theme_builder_area=&#8221;post_content&#8221; _builder_version=&#8221;4.22.2&#8243; _module_preset=&#8221;default&#8221;][\/et_pb_section][et_pb_section fb_built=&#8221;1&#8243; _builder_version=&#8221;4.16&#8243; top_divider_style=&#8221;arrow&#8221; top_divider_color=&#8221;rgba(255,166,168,0.75)&#8221; top_divider_height=&#8221;1px&#8221; bottom_divider_style=&#8221;arrow&#8221; bottom_divider_color=&#8221;rgba(255,166,168,0.75)&#8221; bottom_divider_height=&#8221;1px&#8221; global_colors_info=&#8221;{}&#8221; theme_builder_area=&#8221;post_content&#8221;][et_pb_row column_structure=&#8221;1_2,1_2&#8243; _builder_version=&#8221;4.16&#8243; width=&#8221;100%&#8221; module_alignment=&#8221;left&#8221; custom_margin=&#8221;||||false|false&#8221; global_colors_info=&#8221;{}&#8221; theme_builder_area=&#8221;post_content&#8221;][et_pb_column type=&#8221;1_2&#8243; _builder_version=&#8221;4.16&#8243; global_colors_info=&#8221;{}&#8221; theme_builder_area=&#8221;post_content&#8221;][et_pb_text _builder_version=&#8221;4.22.2&#8243; text_font=&#8221;Raleway Bold||||||||&#8221; text_text_color=&#8221;rgba(255,166,168,0.75)&#8221; text_font_size=&#8221;55px&#8221; text_letter_spacing=&#8221;9px&#8221; text_line_height=&#8221;1em&#8221; header_font_size=&#8221;39px&#8221; min_height=&#8221;23px&#8221; custom_margin=&#8221;40px||||false|false&#8221; link_option_url=&#8221;https:\/\/www.bandi.pl\/sklep\/lp\/dzien-matki\/&#8221; hover_enabled=&#8221;0&#8243; inline_fonts=&#8221;Raleway Bold&#8221; global_colors_info=&#8221;{}&#8221; theme_builder_area=&#8221;post_content&#8221; sticky_enabled=&#8221;0&#8243;]<p style=\"text-align: center;\"><span style=\"font-size: xx-large; font-family: inherit; font-weight: normal;\"><strong>DZIE\u0143 MATKI<\/strong><\/span><\/p>\n<p style=\"text-align: center;\"><span style=\"font-size: xx-large; font-family: inherit; font-weight: normal;\"><strong><\/strong><\/span><\/p>[\/et_pb_text][et_pb_text _builder_version=&#8221;4.22.2&#8243; text_font=&#8221;Raleway Regular||||||||&#8221; text_text_color=&#8221;#b8b8b8&#8243; text_font_size=&#8221;22px&#8221; text_line_height=&#8221;1.5em&#8221; link_option_url=&#8221;https:\/\/www.bandi.pl\/sklep\/lp\/dzien-matki\/&#8221; hover_enabled=&#8221;0&#8243; global_colors_info=&#8221;{}&#8221; theme_builder_area=&#8221;post_content&#8221; sticky_enabled=&#8221;0&#8243;]<p style=\"text-align: center;\">Stw\u00f3rz zestaw i podaruj Mamie wyj\u0105tkowy prezent!<\/p>[\/et_pb_text][et_pb_button button_url=&#8221;https:\/\/www.bandi.pl\/sklep\/lp\/dzien-matki\/&#8221; button_text=&#8221;ZOBACZ&#8221; button_alignment=&#8221;center&#8221; disabled_on=&#8221;off|off|off&#8221; _builder_version=&#8221;4.22.2&#8243; custom_button=&#8221;on&#8221; button_text_size=&#8221;20px&#8221; button_text_color=&#8221;#ffffff&#8221; button_border_radius=&#8221;25px&#8221; button_font=&#8221;Bree Serif||||||||&#8221; background_layout=&#8221;dark&#8221; custom_padding=&#8221;12px|30px|12px|30px|true|true&#8221; hover_transition_duration=&#8221;0ms&#8221; hover_enabled=&#8221;0&#8243; box_shadow_style=&#8221;preset3&#8243; global_colors_info=&#8221;{}&#8221; theme_builder_area=&#8221;post_content&#8221; sticky_enabled=&#8221;0&#8243;][\/et_pb_button][\/et_pb_column][et_pb_column type=&#8221;1_2&#8243; _builder_version=&#8221;4.16&#8243; global_colors_info=&#8221;{}&#8221; theme_builder_area=&#8221;post_content&#8221;][et_pb_image src=&#8221;https:\/\/www.bandi.pl\/blog\/wp-content\/uploads\/2025\/05\/bandi-dzien-matki-050-scaled.jpg&#8221; title_text=&#8221;bandi dzien matki-050&#8243; url=&#8221;https:\/\/www.bandi.pl\/sklep\/lp\/dzien-matki\/&#8221; align=&#8221;center&#8221; _builder_version=&#8221;4.22.2&#8243; width=&#8221;100%&#8221; hover_enabled=&#8221;0&#8243; global_colors_info=&#8221;{}&#8221; theme_builder_area=&#8221;post_content&#8221; alt=&#8221;kosmetyki dla Mamy w zestawie&#8221; sticky_enabled=&#8221;0&#8243;][\/et_pb_image][\/et_pb_column][\/et_pb_row][\/et_pb_section]<\/div>\n\n\n\n<div class=\"wp-block-divi-layout\">[et_pb_section admin_label=&#8221;section&#8221;][et_pb_row admin_label=&#8221;row&#8221;][\/et_pb_row][\/et_pb_section]<\/div>\n","protected":false},"excerpt":{"rendered":"<p>Dzie\u0144 Matki \u2013 \u015bwi\u0119to, w kt\u00f3rym ka\u017cdy chce podzi\u0119kowa\u0107 Mamie za jej bezwarunkow\u0105 mi\u0142o\u015b\u0107, codzienn\u0105 trosk\u0119 i nieustanne wsparcie. To dzie\u0144, w kt\u00f3rym serdecznym gestem, szczerym s\u0142owem chcemy wyrazi\u0107 nasze przywi\u0105zanie, szacunek i wdzi\u0119czno\u015b\u0107. To tak\u017ce doskona\u0142a okazja, aby podarowa\u0107 Mamie co\u015b, o czym marzy, co pozwoli jej odetchn\u0105\u0107 od codzienno\u015bci i poczu\u0107 si\u0119 wyj\u0105tkowo. [&hellip;]<\/p>\n","protected":false},"author":13,"featured_media":20852,"comment_status":"open","ping_status":"closed","sticky":false,"template":"","format":"standard","meta":{"_et_pb_use_builder":"off","_et_pb_old_content":"","_et_gb_content_width":"","footnotes":""},"categories":[2980,1817],"tags":[3445,8762,6262,8759,4232,4031,4230,5868,8628,8760,8761,6874],"class_list":["post-20842","post","type-post","status-publish","format-standard","has-post-thumbnail","hentry","category-edyta-bilobran","category-kategoria-pielegnacja-i-kosmetyki","tag-bandi","tag-ciekawy-prezent","tag-dzien-matki","tag-kosmetyki-dla-kobiet","tag-kosmetyki-profesjonalne","tag-krem-nawilzajacy","tag-pielegnacja-profesjonalna","tag-pielegnacja-twarzy","tag-prezent-dla-mamy","tag-wyjatkowy-prezent","tag-wyszukany-prezent","tag-zestaw-kosmetykow"],"yoast_head":"<!-- This site is optimized with the Yoast SEO plugin v27.1.1 - https:\/\/yoast.com\/product\/yoast-seo-wordpress\/ -->\n<title>Kosmetyki dla Mamy, pe\u0142ne czu\u0142o\u015bci &#187; Blog BANDI<\/title>\n<meta name=\"description\" content=\"Wybierz odpowiednie kosmetyki i stw\u00f3rz dla Mamy wyj\u0105tkowy prezent - spersonalizowany zestaw piel\u0119gnacyjny.\" \/>\n<meta name=\"robots\" content=\"index, follow, max-snippet:-1, max-image-preview:large, max-video-preview:-1\" \/>\n<link rel=\"canonical\" href=\"https:\/\/www.bandi.pl\/blog\/kosmetyki-dla-mamy-pelne-czulosci\/\" \/>\n<meta property=\"og:locale\" content=\"pl_PL\" \/>\n<meta property=\"og:type\" content=\"article\" \/>\n<meta property=\"og:title\" content=\"Kosmetyki dla Mamy, pe\u0142ne czu\u0142o\u015bci &#187; Blog BANDI\" \/>\n<meta property=\"og:description\" content=\"Wybierz odpowiednie kosmetyki i stw\u00f3rz dla Mamy wyj\u0105tkowy prezent - spersonalizowany zestaw piel\u0119gnacyjny.\" \/>\n<meta property=\"og:url\" content=\"https:\/\/www.bandi.pl\/blog\/kosmetyki-dla-mamy-pelne-czulosci\/\" \/>\n<meta property=\"og:site_name\" content=\"Blog BANDI\" \/>\n<meta property=\"article:publisher\" content=\"https:\/\/web.facebook.com\/BANDIcosmetics\" \/>\n<meta property=\"article:published_time\" content=\"2025-05-22T07:40:09+00:00\" \/>\n<meta property=\"article:modified_time\" content=\"2026-01-28T14:33:47+00:00\" \/>\n<meta property=\"og:image\" content=\"https:\/\/www.bandi.pl\/blog\/wp-content\/uploads\/2025\/05\/Projekt-bez-nazwy-4-3.png\" \/>\n\t<meta property=\"og:image:width\" content=\"1748\" \/>\n\t<meta property=\"og:image:height\" content=\"1240\" \/>\n\t<meta property=\"og:image:type\" content=\"image\/png\" \/>\n<meta name=\"author\" content=\"Ilona Kiraga\" \/>\n<meta name=\"twitter:card\" content=\"summary_large_image\" \/>\n<meta name=\"twitter:creator\" content=\"@bandi_cosmetics\" \/>\n<meta name=\"twitter:site\" content=\"@bandi_cosmetics\" \/>\n<meta name=\"twitter:label1\" content=\"Napisane przez\" \/>\n\t<meta name=\"twitter:data1\" content=\"Ilona Kiraga\" \/>\n\t<meta name=\"twitter:label2\" content=\"Szacowany czas czytania\" \/>\n\t<meta name=\"twitter:data2\" content=\"5 minut\" \/>\n<script type=\"application\/ld+json\" class=\"yoast-schema-graph\">{\"@context\":\"https:\/\/schema.org\",\"@graph\":[{\"@type\":\"Article\",\"@id\":\"https:\/\/www.bandi.pl\/blog\/kosmetyki-dla-mamy-pelne-czulosci\/#article\",\"isPartOf\":{\"@id\":\"https:\/\/www.bandi.pl\/blog\/kosmetyki-dla-mamy-pelne-czulosci\/\"},\"author\":{\"name\":\"Ilona Kiraga\",\"@id\":\"https:\/\/www.bandi.pl\/blog\/#\/schema\/person\/5ba05af1a18c58f1c31d4ae051ec9499\"},\"headline\":\"Kosmetyki dla Mamy, pe\u0142ne czu\u0142o\u015bci\",\"datePublished\":\"2025-05-22T07:40:09+00:00\",\"dateModified\":\"2026-01-28T14:33:47+00:00\",\"mainEntityOfPage\":{\"@id\":\"https:\/\/www.bandi.pl\/blog\/kosmetyki-dla-mamy-pelne-czulosci\/\"},\"wordCount\":1046,\"commentCount\":0,\"publisher\":{\"@id\":\"https:\/\/www.bandi.pl\/blog\/#organization\"},\"image\":{\"@id\":\"https:\/\/www.bandi.pl\/blog\/kosmetyki-dla-mamy-pelne-czulosci\/#primaryimage\"},\"thumbnailUrl\":\"https:\/\/www.bandi.pl\/blog\/wp-content\/uploads\/2025\/05\/Projekt-bez-nazwy-4-3.png\",\"keywords\":[\"Bandi\",\"ciekawy prezent\",\"Dzie\u0144 Matki\",\"kosmetyki dla kobiet\",\"kosmetyki profesjonalne\",\"krem nawil\u017cajacy\",\"piel\u0119gnacja profesjonalna\",\"piel\u0119gnacja twarzy\",\"prezent dla mamy\",\"wyj\u0105tkowy prezent\",\"wyszukany prezent\",\"zestaw kosmetyk\u00f3w\"],\"articleSection\":[\"Edyta Bi\u0142obran\",\"Piel\u0119gnacja i kosmetyki\"],\"inLanguage\":\"pl-PL\",\"potentialAction\":[{\"@type\":\"CommentAction\",\"name\":\"Comment\",\"target\":[\"https:\/\/www.bandi.pl\/blog\/kosmetyki-dla-mamy-pelne-czulosci\/#respond\"]}]},{\"@type\":\"WebPage\",\"@id\":\"https:\/\/www.bandi.pl\/blog\/kosmetyki-dla-mamy-pelne-czulosci\/\",\"url\":\"https:\/\/www.bandi.pl\/blog\/kosmetyki-dla-mamy-pelne-czulosci\/\",\"name\":\"Kosmetyki dla Mamy, pe\u0142ne czu\u0142o\u015bci &#187; Blog BANDI\",\"isPartOf\":{\"@id\":\"https:\/\/www.bandi.pl\/blog\/#website\"},\"primaryImageOfPage\":{\"@id\":\"https:\/\/www.bandi.pl\/blog\/kosmetyki-dla-mamy-pelne-czulosci\/#primaryimage\"},\"image\":{\"@id\":\"https:\/\/www.bandi.pl\/blog\/kosmetyki-dla-mamy-pelne-czulosci\/#primaryimage\"},\"thumbnailUrl\":\"https:\/\/www.bandi.pl\/blog\/wp-content\/uploads\/2025\/05\/Projekt-bez-nazwy-4-3.png\",\"datePublished\":\"2025-05-22T07:40:09+00:00\",\"dateModified\":\"2026-01-28T14:33:47+00:00\",\"description\":\"Wybierz odpowiednie kosmetyki i stw\u00f3rz dla Mamy wyj\u0105tkowy prezent - spersonalizowany zestaw piel\u0119gnacyjny.\",\"breadcrumb\":{\"@id\":\"https:\/\/www.bandi.pl\/blog\/kosmetyki-dla-mamy-pelne-czulosci\/#breadcrumb\"},\"inLanguage\":\"pl-PL\",\"potentialAction\":[{\"@type\":\"ReadAction\",\"target\":[\"https:\/\/www.bandi.pl\/blog\/kosmetyki-dla-mamy-pelne-czulosci\/\"]}]},{\"@type\":\"ImageObject\",\"inLanguage\":\"pl-PL\",\"@id\":\"https:\/\/www.bandi.pl\/blog\/kosmetyki-dla-mamy-pelne-czulosci\/#primaryimage\",\"url\":\"https:\/\/www.bandi.pl\/blog\/wp-content\/uploads\/2025\/05\/Projekt-bez-nazwy-4-3.png\",\"contentUrl\":\"https:\/\/www.bandi.pl\/blog\/wp-content\/uploads\/2025\/05\/Projekt-bez-nazwy-4-3.png\",\"width\":1748,\"height\":1240,\"caption\":\"kosmetyki dla Mamy w wyj\u0105tkowym zestawie\"},{\"@type\":\"BreadcrumbList\",\"@id\":\"https:\/\/www.bandi.pl\/blog\/kosmetyki-dla-mamy-pelne-czulosci\/#breadcrumb\",\"itemListElement\":[{\"@type\":\"ListItem\",\"position\":1,\"name\":\"BANDI\",\"item\":\"https:\/\/www.bandi.pl\/blog\/\"},{\"@type\":\"ListItem\",\"position\":2,\"name\":\"Kosmetyki dla Mamy, pe\u0142ne czu\u0142o\u015bci\"}]},{\"@type\":\"WebSite\",\"@id\":\"https:\/\/www.bandi.pl\/blog\/#website\",\"url\":\"https:\/\/www.bandi.pl\/blog\/\",\"name\":\"Blog BANDI\",\"description\":\"Czarno na bia\u0142ym o kosmetykach\",\"publisher\":{\"@id\":\"https:\/\/www.bandi.pl\/blog\/#organization\"},\"potentialAction\":[{\"@type\":\"SearchAction\",\"target\":{\"@type\":\"EntryPoint\",\"urlTemplate\":\"https:\/\/www.bandi.pl\/blog\/?s={search_term_string}\"},\"query-input\":{\"@type\":\"PropertyValueSpecification\",\"valueRequired\":true,\"valueName\":\"search_term_string\"}}],\"inLanguage\":\"pl-PL\"},{\"@type\":\"Organization\",\"@id\":\"https:\/\/www.bandi.pl\/blog\/#organization\",\"name\":\"BANDI\",\"url\":\"https:\/\/www.bandi.pl\/blog\/\",\"logo\":{\"@type\":\"ImageObject\",\"inLanguage\":\"pl-PL\",\"@id\":\"https:\/\/www.bandi.pl\/blog\/#\/schema\/logo\/image\/\",\"url\":\"https:\/\/www.bandi.pl\/blog\/wp-content\/uploads\/2019\/06\/bandi-logo.png\",\"contentUrl\":\"https:\/\/www.bandi.pl\/blog\/wp-content\/uploads\/2019\/06\/bandi-logo.png\",\"width\":264,\"height\":111,\"caption\":\"BANDI\"},\"image\":{\"@id\":\"https:\/\/www.bandi.pl\/blog\/#\/schema\/logo\/image\/\"},\"sameAs\":[\"https:\/\/web.facebook.com\/BANDIcosmetics\",\"https:\/\/x.com\/bandi_cosmetics\",\"https:\/\/www.instagram.com\/bandi_cosmetics\/\",\"https:\/\/www.pinterest.com\/bandicosmetics\/\",\"https:\/\/www.youtube.com\/user\/BandiCosmeticsPolska\"]},{\"@type\":\"Person\",\"@id\":\"https:\/\/www.bandi.pl\/blog\/#\/schema\/person\/5ba05af1a18c58f1c31d4ae051ec9499\",\"name\":\"Ilona Kiraga\"}]}<\/script>\n<!-- \/ Yoast SEO plugin. -->","yoast_head_json":{"title":"Kosmetyki dla Mamy, pe\u0142ne czu\u0142o\u015bci &#187; Blog BANDI","description":"Wybierz odpowiednie kosmetyki i stw\u00f3rz dla Mamy wyj\u0105tkowy prezent - spersonalizowany zestaw piel\u0119gnacyjny.","robots":{"index":"index","follow":"follow","max-snippet":"max-snippet:-1","max-image-preview":"max-image-preview:large","max-video-preview":"max-video-preview:-1"},"canonical":"https:\/\/www.bandi.pl\/blog\/kosmetyki-dla-mamy-pelne-czulosci\/","og_locale":"pl_PL","og_type":"article","og_title":"Kosmetyki dla Mamy, pe\u0142ne czu\u0142o\u015bci &#187; Blog BANDI","og_description":"Wybierz odpowiednie kosmetyki i stw\u00f3rz dla Mamy wyj\u0105tkowy prezent - spersonalizowany zestaw piel\u0119gnacyjny.","og_url":"https:\/\/www.bandi.pl\/blog\/kosmetyki-dla-mamy-pelne-czulosci\/","og_site_name":"Blog BANDI","article_publisher":"https:\/\/web.facebook.com\/BANDIcosmetics","article_published_time":"2025-05-22T07:40:09+00:00","article_modified_time":"2026-01-28T14:33:47+00:00","og_image":[{"width":1748,"height":1240,"url":"https:\/\/www.bandi.pl\/blog\/wp-content\/uploads\/2025\/05\/Projekt-bez-nazwy-4-3.png","type":"image\/png"}],"author":"Ilona Kiraga","twitter_card":"summary_large_image","twitter_creator":"@bandi_cosmetics","twitter_site":"@bandi_cosmetics","twitter_misc":{"Napisane przez":"Ilona Kiraga","Szacowany czas czytania":"5 minut"},"schema":{"@context":"https:\/\/schema.org","@graph":[{"@type":"Article","@id":"https:\/\/www.bandi.pl\/blog\/kosmetyki-dla-mamy-pelne-czulosci\/#article","isPartOf":{"@id":"https:\/\/www.bandi.pl\/blog\/kosmetyki-dla-mamy-pelne-czulosci\/"},"author":{"name":"Ilona Kiraga","@id":"https:\/\/www.bandi.pl\/blog\/#\/schema\/person\/5ba05af1a18c58f1c31d4ae051ec9499"},"headline":"Kosmetyki dla Mamy, pe\u0142ne czu\u0142o\u015bci","datePublished":"2025-05-22T07:40:09+00:00","dateModified":"2026-01-28T14:33:47+00:00","mainEntityOfPage":{"@id":"https:\/\/www.bandi.pl\/blog\/kosmetyki-dla-mamy-pelne-czulosci\/"},"wordCount":1046,"commentCount":0,"publisher":{"@id":"https:\/\/www.bandi.pl\/blog\/#organization"},"image":{"@id":"https:\/\/www.bandi.pl\/blog\/kosmetyki-dla-mamy-pelne-czulosci\/#primaryimage"},"thumbnailUrl":"https:\/\/www.bandi.pl\/blog\/wp-content\/uploads\/2025\/05\/Projekt-bez-nazwy-4-3.png","keywords":["Bandi","ciekawy prezent","Dzie\u0144 Matki","kosmetyki dla kobiet","kosmetyki profesjonalne","krem nawil\u017cajacy","piel\u0119gnacja profesjonalna","piel\u0119gnacja twarzy","prezent dla mamy","wyj\u0105tkowy prezent","wyszukany prezent","zestaw kosmetyk\u00f3w"],"articleSection":["Edyta Bi\u0142obran","Piel\u0119gnacja i kosmetyki"],"inLanguage":"pl-PL","potentialAction":[{"@type":"CommentAction","name":"Comment","target":["https:\/\/www.bandi.pl\/blog\/kosmetyki-dla-mamy-pelne-czulosci\/#respond"]}]},{"@type":"WebPage","@id":"https:\/\/www.bandi.pl\/blog\/kosmetyki-dla-mamy-pelne-czulosci\/","url":"https:\/\/www.bandi.pl\/blog\/kosmetyki-dla-mamy-pelne-czulosci\/","name":"Kosmetyki dla Mamy, pe\u0142ne czu\u0142o\u015bci &#187; Blog BANDI","isPartOf":{"@id":"https:\/\/www.bandi.pl\/blog\/#website"},"primaryImageOfPage":{"@id":"https:\/\/www.bandi.pl\/blog\/kosmetyki-dla-mamy-pelne-czulosci\/#primaryimage"},"image":{"@id":"https:\/\/www.bandi.pl\/blog\/kosmetyki-dla-mamy-pelne-czulosci\/#primaryimage"},"thumbnailUrl":"https:\/\/www.bandi.pl\/blog\/wp-content\/uploads\/2025\/05\/Projekt-bez-nazwy-4-3.png","datePublished":"2025-05-22T07:40:09+00:00","dateModified":"2026-01-28T14:33:47+00:00","description":"Wybierz odpowiednie kosmetyki i stw\u00f3rz dla Mamy wyj\u0105tkowy prezent - spersonalizowany zestaw piel\u0119gnacyjny.","breadcrumb":{"@id":"https:\/\/www.bandi.pl\/blog\/kosmetyki-dla-mamy-pelne-czulosci\/#breadcrumb"},"inLanguage":"pl-PL","potentialAction":[{"@type":"ReadAction","target":["https:\/\/www.bandi.pl\/blog\/kosmetyki-dla-mamy-pelne-czulosci\/"]}]},{"@type":"ImageObject","inLanguage":"pl-PL","@id":"https:\/\/www.bandi.pl\/blog\/kosmetyki-dla-mamy-pelne-czulosci\/#primaryimage","url":"https:\/\/www.bandi.pl\/blog\/wp-content\/uploads\/2025\/05\/Projekt-bez-nazwy-4-3.png","contentUrl":"https:\/\/www.bandi.pl\/blog\/wp-content\/uploads\/2025\/05\/Projekt-bez-nazwy-4-3.png","width":1748,"height":1240,"caption":"kosmetyki dla Mamy w wyj\u0105tkowym zestawie"},{"@type":"BreadcrumbList","@id":"https:\/\/www.bandi.pl\/blog\/kosmetyki-dla-mamy-pelne-czulosci\/#breadcrumb","itemListElement":[{"@type":"ListItem","position":1,"name":"BANDI","item":"https:\/\/www.bandi.pl\/blog\/"},{"@type":"ListItem","position":2,"name":"Kosmetyki dla Mamy, pe\u0142ne czu\u0142o\u015bci"}]},{"@type":"WebSite","@id":"https:\/\/www.bandi.pl\/blog\/#website","url":"https:\/\/www.bandi.pl\/blog\/","name":"Blog BANDI","description":"Czarno na bia\u0142ym o kosmetykach","publisher":{"@id":"https:\/\/www.bandi.pl\/blog\/#organization"},"potentialAction":[{"@type":"SearchAction","target":{"@type":"EntryPoint","urlTemplate":"https:\/\/www.bandi.pl\/blog\/?s={search_term_string}"},"query-input":{"@type":"PropertyValueSpecification","valueRequired":true,"valueName":"search_term_string"}}],"inLanguage":"pl-PL"},{"@type":"Organization","@id":"https:\/\/www.bandi.pl\/blog\/#organization","name":"BANDI","url":"https:\/\/www.bandi.pl\/blog\/","logo":{"@type":"ImageObject","inLanguage":"pl-PL","@id":"https:\/\/www.bandi.pl\/blog\/#\/schema\/logo\/image\/","url":"https:\/\/www.bandi.pl\/blog\/wp-content\/uploads\/2019\/06\/bandi-logo.png","contentUrl":"https:\/\/www.bandi.pl\/blog\/wp-content\/uploads\/2019\/06\/bandi-logo.png","width":264,"height":111,"caption":"BANDI"},"image":{"@id":"https:\/\/www.bandi.pl\/blog\/#\/schema\/logo\/image\/"},"sameAs":["https:\/\/web.facebook.com\/BANDIcosmetics","https:\/\/x.com\/bandi_cosmetics","https:\/\/www.instagram.com\/bandi_cosmetics\/","https:\/\/www.pinterest.com\/bandicosmetics\/","https:\/\/www.youtube.com\/user\/BandiCosmeticsPolska"]},{"@type":"Person","@id":"https:\/\/www.bandi.pl\/blog\/#\/schema\/person\/5ba05af1a18c58f1c31d4ae051ec9499","name":"Ilona Kiraga"}]}},"_links":{"self":[{"href":"https:\/\/www.bandi.pl\/blog\/wp-json\/wp\/v2\/posts\/20842","targetHints":{"allow":["GET"]}}],"collection":[{"href":"https:\/\/www.bandi.pl\/blog\/wp-json\/wp\/v2\/posts"}],"about":[{"href":"https:\/\/www.bandi.pl\/blog\/wp-json\/wp\/v2\/types\/post"}],"author":[{"embeddable":true,"href":"https:\/\/www.bandi.pl\/blog\/wp-json\/wp\/v2\/users\/13"}],"replies":[{"embeddable":true,"href":"https:\/\/www.bandi.pl\/blog\/wp-json\/wp\/v2\/comments?post=20842"}],"version-history":[{"count":11,"href":"https:\/\/www.bandi.pl\/blog\/wp-json\/wp\/v2\/posts\/20842\/revisions"}],"predecessor-version":[{"id":22433,"href":"https:\/\/www.bandi.pl\/blog\/wp-json\/wp\/v2\/posts\/20842\/revisions\/22433"}],"wp:featuredmedia":[{"embeddable":true,"href":"https:\/\/www.bandi.pl\/blog\/wp-json\/wp\/v2\/media\/20852"}],"wp:attachment":[{"href":"https:\/\/www.bandi.pl\/blog\/wp-json\/wp\/v2\/media?parent=20842"}],"wp:term":[{"taxonomy":"category","embeddable":true,"href":"https:\/\/www.bandi.pl\/blog\/wp-json\/wp\/v2\/categories?post=20842"},{"taxonomy":"post_tag","embeddable":true,"href":"https:\/\/www.bandi.pl\/blog\/wp-json\/wp\/v2\/tags?post=20842"}],"curies":[{"name":"wp","href":"https:\/\/api.w.org\/{rel}","templated":true}]}}