{"id":20791,"date":"2025-05-15T14:52:15","date_gmt":"2025-05-15T12:52:15","guid":{"rendered":"https:\/\/www.bandi.pl\/blog\/?p=20791"},"modified":"2025-05-15T14:52:16","modified_gmt":"2025-05-15T12:52:16","slug":"trzy-koncentraty-po-ktore-warto-siegnac-wiosna","status":"publish","type":"post","link":"https:\/\/www.bandi.pl\/blog\/trzy-koncentraty-po-ktore-warto-siegnac-wiosna\/","title":{"rendered":"Trzy koncentraty po kt\u00f3re warto si\u0119gn\u0105\u0107 wiosn\u0105"},"content":{"rendered":"\n<p>Wraz z nadej\u015bciem wiosny nasza sk\u00f3ra potrzebuje od\u015bwie\u017cenia i wsparcia, aby dobrze radzi\u0107 sobie z codziennymi wyzwaniami oraz zmieniaj\u0105cymi si\u0119 warunkami atmosferycznymi. W tym okresie w piel\u0119gnacji szczeg\u00f3lnie sprawdz\u0105 si\u0119 preparaty o wysokiej zawarto\u015bci sk\u0142adnik\u00f3w aktywnych, takie jak koncentraty czy boostery. <\/p>\n\n\n\n<h2 class=\"wp-block-heading\">Koncentrat z witamin\u0105 C \u2013 roz\u015bwietlenie i wyr\u00f3wnanie kolorytu<\/h2>\n\n\n\n<p>Witamina C od dawna jest jednym z najpopularniejszych sk\u0142adnik\u00f3w w kosmetologii, szczeg\u00f3lnie cenionych za swoje w\u0142a\u015bciwo\u015bci antyoksydacyjne i roz\u015bwietlaj\u0105ce. <\/p>\n\n\n\n<div class=\"wp-block-media-text is-stacked-on-mobile\" style=\"grid-template-columns:39% auto\"><figure class=\"wp-block-media-text__media\"><a href=\"https:\/\/www.bandi.pl\/sklep\/koncentraty\/koncentrat-z-aktywna-witamina-c-701\/\"><img loading=\"lazy\" decoding=\"async\" width=\"500\" height=\"500\" src=\"https:\/\/www.bandi.pl\/blog\/wp-content\/uploads\/2025\/05\/1-500x500.png\" alt=\"Koncentrat z witamin\u0105 C\" class=\"wp-image-20799 size-full\"\/><\/a><\/figure><div class=\"wp-block-media-text__content\">\n<p><a href=\"https:\/\/www.bandi.pl\/sklep\/koncentraty\/koncentrat-z-aktywna-witamina-c-701\/\">Koncentrat z witamin\u0105 C z linii Boost Care<\/a> to prawdziwy pogromca wolnych rodnik\u00f3w. Pomaga zwalczy\u0107 oznaki zm\u0119czenia, poprawi\u0107 koloryt sk\u00f3ry i rozja\u015bni\u0107 przebarwienia. Wiosn\u0105, kiedy sk\u00f3ra nara\u017cona jest na dzia\u0142anie promieniowania UV i zanieczyszcze\u0144, taki koncentrat dzia\u0142a jak tarcza ochronna. Wspomaga kondycj\u0119 naczy\u0144 i op\u00f3\u017ania procesy starzenia.<\/p>\n<\/div><\/div>\n\n\n\n<p><\/p>\n\n\n\n<p>Stosuj\u0105c koncentrat z witamin\u0105 C, mo\u017cna oczekiwa\u0107 widocznego roz\u015bwietlenia sk\u00f3ry a tak\u017ce zwi\u0119kszenia jej j\u0119drno\u015bci oraz poprawy elastyczno\u015bci. Warto wybiera\u0107 produkty ze stabiln\u0105 form\u0105 witaminy C, aby zapewni\u0107 skuteczno\u015b\u0107 i d\u0142ugotrwa\u0142e efekty. Tetraizopalmitynian askorbylu zawarty w koncentracie jest ca\u0142oroczn\u0105, stabiln\u0105 form\u0105 witaminy C. Ma niski potencja\u0142 dra\u017cni\u0105cy przy jednocze\u015bnie najwy\u017cszej skuteczno\u015bci dzia\u0142ania.<\/p>\n\n\n\n<h2 class=\"wp-block-heading\">Koncentrat z czynnikami wzrostu \u2013 regeneracja i odnowa<\/h2>\n\n\n\n<p>Czynniki wzrostu to naturalne polipeptydy, kt\u00f3re stymuluj\u0105 kom\u00f3rki do szybszej regeneracji, odnowy i tworzenia autogennego kolagenu. <\/p>\n\n\n\n<div class=\"wp-block-media-text is-stacked-on-mobile\" style=\"grid-template-columns:39% auto\"><figure class=\"wp-block-media-text__media\"><a href=\"https:\/\/www.bandi.pl\/sklep\/boostery\/silnie-odmladzajacy-booster-z-czynnikami-wzrostu-komorkowego-1095\/\"><img loading=\"lazy\" decoding=\"async\" width=\"500\" height=\"500\" src=\"https:\/\/www.bandi.pl\/blog\/wp-content\/uploads\/2025\/05\/2-500x500.png\" alt=\"Koncentrat z czynnikami wzrostu\" class=\"wp-image-20800 size-full\"\/><\/a><\/figure><div class=\"wp-block-media-text__content\">\n<p><a href=\"https:\/\/www.bandi.pl\/sklep\/boostery\/silnie-odmladzajacy-booster-z-czynnikami-wzrostu-komorkowego-1095\/\">Booster z linii Biostimulate Lift Care<\/a> z czynnikami wzrostu to idealny preparat dla sk\u00f3ry, kt\u00f3ra potrzebuje intensywnej odbudowy po zimie oraz wzmocnienia przed niesprzyjaj\u0105cymi letnimi warunkami atmosferycznymi. Koncentrat dzia\u0142a na poziomie kom\u00f3rkowym, pobudzaj\u0105c procesy naprawcze i poprawiaj\u0105c j\u0119drno\u015b\u0107 sk\u00f3ry. Efektem jest wyg\u0142adzenie drobnych zmarszczek, zwi\u0119kszenie elastyczno\u015bci sk\u00f3ry oraz jej wi\u0119ksza odporno\u015b\u0107 na wp\u0142yw czynnik\u00f3w zewn\u0119trznych.<\/p>\n<\/div><\/div>\n\n\n\n<p><\/p>\n\n\n\n<h2 class=\"wp-block-heading\">Koncentrat nawil\u017caj\u0105cy z pre- i probiotykami \u2013 wsparcie mikrobiomu sk\u00f3ry<\/h2>\n\n\n\n<p>W ostatnich latach coraz wi\u0119ksz\u0105 uwag\u0119 zwraca si\u0119 na rol\u0119 mikrobiomu sk\u00f3ry w utrzymaniu jej dobrego stanu. <a href=\"https:\/\/www.bandi.pl\/sklep\/koncentraty\/koncentrat-s-o-s-gleboko-nawilzajacy-1124\/\">Koncentrat nawil\u017caj\u0105cy z pre- i probiotykami z linii Microbiome Care<\/a> to prawdziwa moc, kt\u00f3ra wspiera naturaln\u0105 r\u00f3wnowag\u0119 mikroflory sk\u00f3ry. Wzmacnia jej barier\u0119 nask\u00f3rkow\u0105 i chroni przed szkodliwymi czynnikami zewn\u0119trznymi.<\/p>\n\n\n\n<div class=\"wp-block-media-text is-stacked-on-mobile\" style=\"grid-template-columns:39% auto\"><figure class=\"wp-block-media-text__media\"><a href=\"https:\/\/www.bandi.pl\/sklep\/koncentraty\/koncentrat-s-o-s-gleboko-nawilzajacy-1124\/\"><img loading=\"lazy\" decoding=\"async\" width=\"500\" height=\"500\" src=\"https:\/\/www.bandi.pl\/blog\/wp-content\/uploads\/2025\/05\/3-500x500.png\" alt=\"Koncentrat z probiotykami wzmacniaj\u0105cy mikrobiom\" class=\"wp-image-20801 size-full\"\/><\/a><\/figure><div class=\"wp-block-media-text__content\">\n<p>Koncentrat \u0142\u0105czy moc sk\u0142adnik\u00f3w nawil\u017caj\u0105cych, takich jak: kwas hialuronowy, trehaloza. Zawiera w sk\u0142adzie r\u00f3wnie\u017c biofermenty, probiotyki, kt\u00f3re oddzia\u0142uj\u0105 na mikrobiom oraz prebiotyki, kt\u00f3re &#8222;od\u017cywiaj\u0105&#8221; korzystne bakterie. W efekcie sk\u00f3ra staje si\u0119 bardziej odporna, lepiej nawil\u017cona i mniej podatna na podra\u017cnienia. To idealny wyb\u00f3r dla ka\u017cdego rodzaju sk\u00f3ry, ze szczeg\u00f3lnym uwzgl\u0119dnieniem os\u00f3b z cer\u0105 wra\u017cliw\u0105 lub z tendencj\u0105 do \u0142uszczenia si\u0119 i przesuszenia.<\/p>\n<\/div><\/div>\n\n\n\n<p><\/p>\n\n\n\n<p>Wiosn\u0105 warto si\u0119gn\u0105\u0107 po koncentraty, kt\u00f3re dodadz\u0105 sk\u00f3rze energii i przygotuj\u0105 j\u0105 na nadchodz\u0105ce wyzwania. Koncentrat z witamin\u0105 C roz\u015bwietli cer\u0119 i poprawi jej koloryt. Koncentrat z czynnikami wzrostu zadba o intensywny anti aging, a koncentrat z pre- i probiotykami pomo\u017ce utrzyma\u0107 r\u00f3wnowag\u0119 mikrobiomu i optymalne nawil\u017cenie. <\/p>\n\n\n\n<p>Kt\u00f3ry z nich b\u0119dzie najlepszy dla Twojej sk\u00f3ry?<\/p>\n\n\n\n<div class=\"wp-block-divi-layout\">[et_pb_section fb_built=&#8221;1&#8243; theme_builder_area=&#8221;post_content&#8221; _builder_version=&#8221;4.22.2&#8243; _module_preset=&#8221;default&#8221;][\/et_pb_section][et_pb_section fb_built=&#8221;1&#8243; _builder_version=&#8221;4.16&#8243; top_divider_style=&#8221;arrow&#8221; top_divider_color=&#8221;rgba(255,166,168,0.75)&#8221; top_divider_height=&#8221;1px&#8221; bottom_divider_style=&#8221;arrow&#8221; bottom_divider_color=&#8221;rgba(255,166,168,0.75)&#8221; bottom_divider_height=&#8221;1px&#8221; global_colors_info=&#8221;{}&#8221; theme_builder_area=&#8221;post_content&#8221;][et_pb_row column_structure=&#8221;1_2,1_2&#8243; _builder_version=&#8221;4.16&#8243; width=&#8221;100%&#8221; module_alignment=&#8221;left&#8221; custom_margin=&#8221;||||false|false&#8221; global_colors_info=&#8221;{}&#8221; theme_builder_area=&#8221;post_content&#8221;][et_pb_column type=&#8221;1_2&#8243; _builder_version=&#8221;4.16&#8243; global_colors_info=&#8221;{}&#8221; theme_builder_area=&#8221;post_content&#8221;][et_pb_text _builder_version=&#8221;4.22.2&#8243; text_font=&#8221;Raleway Bold||||||||&#8221; text_text_color=&#8221;rgba(255,166,168,0.75)&#8221; text_font_size=&#8221;55px&#8221; text_letter_spacing=&#8221;9px&#8221; text_line_height=&#8221;1em&#8221; header_font_size=&#8221;39px&#8221; min_height=&#8221;23px&#8221; custom_margin=&#8221;40px||||false|false&#8221; link_option_url=&#8221;https:\/\/www.bandi.pl\/sklep\/katalog\/wyr\/koncentrat\/&#8221; hover_enabled=&#8221;0&#8243; inline_fonts=&#8221;Raleway Bold&#8221; global_colors_info=&#8221;{}&#8221; theme_builder_area=&#8221;post_content&#8221; sticky_enabled=&#8221;0&#8243;]<p style=\"text-align: center;\"><span style=\"font-size: xx-large; font-family: inherit; font-weight: normal;\"><strong>BOOSTER<\/strong><\/span><\/p>\n<p style=\"text-align: center;\"><span style=\"font-size: xx-large; font-family: inherit; font-weight: normal;\"><strong><\/strong><\/span><\/p>[\/et_pb_text][et_pb_text _builder_version=&#8221;4.22.2&#8243; text_font=&#8221;Raleway Regular||||||||&#8221; text_text_color=&#8221;#b8b8b8&#8243; text_font_size=&#8221;22px&#8221; text_line_height=&#8221;1.5em&#8221; link_option_url=&#8221;https:\/\/www.bandi.pl\/sklep\/katalog\/wyr\/koncentrat\/&#8221; hover_enabled=&#8221;0&#8243; global_colors_info=&#8221;{}&#8221; theme_builder_area=&#8221;post_content&#8221; sticky_enabled=&#8221;0&#8243;]<p style=\"text-align: center;\">Si\u0119gnij po silnie skoncentrowane kosmetyki i dodaj sk\u00f3rze energii na wiosn\u0119!<\/p>[\/et_pb_text][et_pb_button button_url=&#8221;https:\/\/www.bandi.pl\/sklep\/katalog\/wyr\/koncentrat\/&#8221; button_text=&#8221;ZOBACZ&#8221; button_alignment=&#8221;center&#8221; disabled_on=&#8221;off|off|off&#8221; _builder_version=&#8221;4.22.2&#8243; custom_button=&#8221;on&#8221; button_text_size=&#8221;20px&#8221; button_text_color=&#8221;#ffffff&#8221; button_border_radius=&#8221;25px&#8221; button_font=&#8221;Bree Serif||||||||&#8221; background_layout=&#8221;dark&#8221; custom_padding=&#8221;12px|30px|12px|30px|true|true&#8221; hover_transition_duration=&#8221;0ms&#8221; hover_enabled=&#8221;0&#8243; box_shadow_style=&#8221;preset3&#8243; global_colors_info=&#8221;{}&#8221; theme_builder_area=&#8221;post_content&#8221; sticky_enabled=&#8221;0&#8243;][\/et_pb_button][\/et_pb_column][et_pb_column type=&#8221;1_2&#8243; _builder_version=&#8221;4.16&#8243; global_colors_info=&#8221;{}&#8221; theme_builder_area=&#8221;post_content&#8221;][et_pb_image src=&#8221;https:\/\/www.bandi.pl\/blog\/wp-content\/uploads\/2025\/05\/bandi-boost-care-1251-scaled.jpg&#8221; title_text=&#8221;bandi boost care-1251&#8243; url=&#8221;https:\/\/www.bandi.pl\/sklep\/katalog\/wyr\/koncentrat\/&#8221; align=&#8221;center&#8221; _builder_version=&#8221;4.22.2&#8243; width=&#8221;100%&#8221; hover_enabled=&#8221;0&#8243; global_colors_info=&#8221;{}&#8221; theme_builder_area=&#8221;post_content&#8221; sticky_enabled=&#8221;0&#8243;][\/et_pb_image][\/et_pb_column][\/et_pb_row][\/et_pb_section]<\/div>\n\n\n\n<div class=\"wp-block-divi-layout\">[et_pb_section admin_label=&#8221;section&#8221;][et_pb_row admin_label=&#8221;row&#8221;][\/et_pb_row][\/et_pb_section]<\/div>\n","protected":false},"excerpt":{"rendered":"<p>Wraz z nadej\u015bciem wiosny nasza sk\u00f3ra potrzebuje od\u015bwie\u017cenia i wsparcia, aby dobrze radzi\u0107 sobie z codziennymi wyzwaniami oraz zmieniaj\u0105cymi si\u0119 warunkami atmosferycznymi. W tym okresie w piel\u0119gnacji szczeg\u00f3lnie sprawdz\u0105 si\u0119 preparaty o wysokiej zawarto\u015bci sk\u0142adnik\u00f3w aktywnych, takie jak koncentraty czy boostery. Koncentrat z witamin\u0105 C \u2013 roz\u015bwietlenie i wyr\u00f3wnanie kolorytu Witamina C od dawna jest [&hellip;]<\/p>\n","protected":false},"author":13,"featured_media":20805,"comment_status":"open","ping_status":"closed","sticky":false,"template":"","format":"standard","meta":{"_et_pb_use_builder":"off","_et_pb_old_content":"","_et_gb_content_width":"","footnotes":""},"categories":[6800,1817],"tags":[8752,3445,6032,8615,8130,8741,8753,4232,58,5851,4230,5868,4648,5894,6292,7693,5275,28],"class_list":["post-20791","post","type-post","status-publish","format-standard","has-post-thumbnail","hentry","category-agata-rybak","category-kategoria-pielegnacja-i-kosmetyki","tag-antyoksydacja","tag-bandi","tag-booster","tag-booster-nawilzajacy","tag-czynniki-wzrostu","tag-gestosc-skory","tag-jedrnosc-skory","tag-kosmetyki-profesjonalne","tag-kwas-hialuronowy","tag-mikrobiom-skory","tag-pielegnacja-profesjonalna","tag-pielegnacja-twarzy","tag-probiotyki","tag-rozswietlenie-skory","tag-skoncentrowane-kosmetyki","tag-stabilna-witamina-c","tag-tetraizopalmitynian-askorbylu","tag-witamina-c"],"yoast_head":"<!-- This site is optimized with the Yoast SEO plugin v27.1.1 - https:\/\/yoast.com\/product\/yoast-seo-wordpress\/ -->\n<title>Trzy koncentraty po kt\u00f3re warto si\u0119gn\u0105\u0107 wiosn\u0105 &#187; Blog BANDI<\/title>\n<meta name=\"description\" content=\"Wiosn\u0105 warto do piel\u0119gnacji wprowadzi\u0107 koncentraty o wysokiej zawarto\u015bci sk\u0142adnik\u00f3w aktywnych, takich jak: witamina C, kwas hialuronowy, czynniki wzrostu, probiotyki.\" \/>\n<meta name=\"robots\" content=\"index, follow, max-snippet:-1, max-image-preview:large, max-video-preview:-1\" \/>\n<link rel=\"canonical\" href=\"https:\/\/www.bandi.pl\/blog\/trzy-koncentraty-po-ktore-warto-siegnac-wiosna\/\" \/>\n<meta property=\"og:locale\" content=\"pl_PL\" \/>\n<meta property=\"og:type\" content=\"article\" \/>\n<meta property=\"og:title\" content=\"Trzy koncentraty po kt\u00f3re warto si\u0119gn\u0105\u0107 wiosn\u0105 &#187; Blog BANDI\" \/>\n<meta property=\"og:description\" content=\"Wiosn\u0105 warto do piel\u0119gnacji wprowadzi\u0107 koncentraty o wysokiej zawarto\u015bci sk\u0142adnik\u00f3w aktywnych, takich jak: witamina C, kwas hialuronowy, czynniki wzrostu, probiotyki.\" \/>\n<meta property=\"og:url\" content=\"https:\/\/www.bandi.pl\/blog\/trzy-koncentraty-po-ktore-warto-siegnac-wiosna\/\" \/>\n<meta property=\"og:site_name\" content=\"Blog BANDI\" \/>\n<meta property=\"article:publisher\" content=\"https:\/\/web.facebook.com\/BANDIcosmetics\" \/>\n<meta property=\"article:published_time\" content=\"2025-05-15T12:52:15+00:00\" \/>\n<meta property=\"article:modified_time\" content=\"2025-05-15T12:52:16+00:00\" \/>\n<meta property=\"og:image\" content=\"https:\/\/www.bandi.pl\/blog\/wp-content\/uploads\/2025\/05\/Projekt-bez-nazwy-4-2.png\" \/>\n\t<meta property=\"og:image:width\" content=\"1748\" \/>\n\t<meta property=\"og:image:height\" content=\"1240\" \/>\n\t<meta property=\"og:image:type\" content=\"image\/png\" \/>\n<meta name=\"author\" content=\"Ilona Kiraga\" \/>\n<meta name=\"twitter:card\" content=\"summary_large_image\" \/>\n<meta name=\"twitter:creator\" content=\"@bandi_cosmetics\" \/>\n<meta name=\"twitter:site\" content=\"@bandi_cosmetics\" \/>\n<meta name=\"twitter:label1\" content=\"Napisane przez\" \/>\n\t<meta name=\"twitter:data1\" content=\"Ilona Kiraga\" \/>\n\t<meta name=\"twitter:label2\" content=\"Szacowany czas czytania\" \/>\n\t<meta name=\"twitter:data2\" content=\"4 minuty\" \/>\n<script type=\"application\/ld+json\" class=\"yoast-schema-graph\">{\"@context\":\"https:\/\/schema.org\",\"@graph\":[{\"@type\":\"Article\",\"@id\":\"https:\/\/www.bandi.pl\/blog\/trzy-koncentraty-po-ktore-warto-siegnac-wiosna\/#article\",\"isPartOf\":{\"@id\":\"https:\/\/www.bandi.pl\/blog\/trzy-koncentraty-po-ktore-warto-siegnac-wiosna\/\"},\"author\":{\"name\":\"Ilona Kiraga\",\"@id\":\"https:\/\/www.bandi.pl\/blog\/#\/schema\/person\/5ba05af1a18c58f1c31d4ae051ec9499\"},\"headline\":\"Trzy koncentraty po kt\u00f3re warto si\u0119gn\u0105\u0107 wiosn\u0105\",\"datePublished\":\"2025-05-15T12:52:15+00:00\",\"dateModified\":\"2025-05-15T12:52:16+00:00\",\"mainEntityOfPage\":{\"@id\":\"https:\/\/www.bandi.pl\/blog\/trzy-koncentraty-po-ktore-warto-siegnac-wiosna\/\"},\"wordCount\":930,\"commentCount\":0,\"publisher\":{\"@id\":\"https:\/\/www.bandi.pl\/blog\/#organization\"},\"image\":{\"@id\":\"https:\/\/www.bandi.pl\/blog\/trzy-koncentraty-po-ktore-warto-siegnac-wiosna\/#primaryimage\"},\"thumbnailUrl\":\"https:\/\/www.bandi.pl\/blog\/wp-content\/uploads\/2025\/05\/Projekt-bez-nazwy-4-2.png\",\"keywords\":[\"antyoksydacja\",\"Bandi\",\"booster\",\"booster nawil\u017caj\u0105cy\",\"czynniki wzrostu\",\"g\u0119sto\u015b\u0107 sk\u00f3ry\",\"j\u0119drno\u015b\u0107 sk\u00f3ry\",\"kosmetyki profesjonalne\",\"kwas hialuronowy\",\"mikrobiom sk\u00f3ry\",\"piel\u0119gnacja profesjonalna\",\"piel\u0119gnacja twarzy\",\"probiotyki\",\"roz\u015bwietlenie sk\u00f3ry\",\"skoncentrowane kosmetyki\",\"stabilna witamina c\",\"tetraizopalmitynian askorbylu\",\"witamina C\"],\"articleSection\":[\"Agata Rybak\",\"Piel\u0119gnacja i kosmetyki\"],\"inLanguage\":\"pl-PL\",\"potentialAction\":[{\"@type\":\"CommentAction\",\"name\":\"Comment\",\"target\":[\"https:\/\/www.bandi.pl\/blog\/trzy-koncentraty-po-ktore-warto-siegnac-wiosna\/#respond\"]}]},{\"@type\":\"WebPage\",\"@id\":\"https:\/\/www.bandi.pl\/blog\/trzy-koncentraty-po-ktore-warto-siegnac-wiosna\/\",\"url\":\"https:\/\/www.bandi.pl\/blog\/trzy-koncentraty-po-ktore-warto-siegnac-wiosna\/\",\"name\":\"Trzy koncentraty po kt\u00f3re warto si\u0119gn\u0105\u0107 wiosn\u0105 &#187; Blog BANDI\",\"isPartOf\":{\"@id\":\"https:\/\/www.bandi.pl\/blog\/#website\"},\"primaryImageOfPage\":{\"@id\":\"https:\/\/www.bandi.pl\/blog\/trzy-koncentraty-po-ktore-warto-siegnac-wiosna\/#primaryimage\"},\"image\":{\"@id\":\"https:\/\/www.bandi.pl\/blog\/trzy-koncentraty-po-ktore-warto-siegnac-wiosna\/#primaryimage\"},\"thumbnailUrl\":\"https:\/\/www.bandi.pl\/blog\/wp-content\/uploads\/2025\/05\/Projekt-bez-nazwy-4-2.png\",\"datePublished\":\"2025-05-15T12:52:15+00:00\",\"dateModified\":\"2025-05-15T12:52:16+00:00\",\"description\":\"Wiosn\u0105 warto do piel\u0119gnacji wprowadzi\u0107 koncentraty o wysokiej zawarto\u015bci sk\u0142adnik\u00f3w aktywnych, takich jak: witamina C, kwas hialuronowy, czynniki wzrostu, probiotyki.\",\"breadcrumb\":{\"@id\":\"https:\/\/www.bandi.pl\/blog\/trzy-koncentraty-po-ktore-warto-siegnac-wiosna\/#breadcrumb\"},\"inLanguage\":\"pl-PL\",\"potentialAction\":[{\"@type\":\"ReadAction\",\"target\":[\"https:\/\/www.bandi.pl\/blog\/trzy-koncentraty-po-ktore-warto-siegnac-wiosna\/\"]}]},{\"@type\":\"ImageObject\",\"inLanguage\":\"pl-PL\",\"@id\":\"https:\/\/www.bandi.pl\/blog\/trzy-koncentraty-po-ktore-warto-siegnac-wiosna\/#primaryimage\",\"url\":\"https:\/\/www.bandi.pl\/blog\/wp-content\/uploads\/2025\/05\/Projekt-bez-nazwy-4-2.png\",\"contentUrl\":\"https:\/\/www.bandi.pl\/blog\/wp-content\/uploads\/2025\/05\/Projekt-bez-nazwy-4-2.png\",\"width\":1748,\"height\":1240,\"caption\":\"koncentraty do sk\u00f3ry odpowiednie na wiosn\u0119\"},{\"@type\":\"BreadcrumbList\",\"@id\":\"https:\/\/www.bandi.pl\/blog\/trzy-koncentraty-po-ktore-warto-siegnac-wiosna\/#breadcrumb\",\"itemListElement\":[{\"@type\":\"ListItem\",\"position\":1,\"name\":\"BANDI\",\"item\":\"https:\/\/www.bandi.pl\/blog\/\"},{\"@type\":\"ListItem\",\"position\":2,\"name\":\"Trzy koncentraty po kt\u00f3re warto si\u0119gn\u0105\u0107 wiosn\u0105\"}]},{\"@type\":\"WebSite\",\"@id\":\"https:\/\/www.bandi.pl\/blog\/#website\",\"url\":\"https:\/\/www.bandi.pl\/blog\/\",\"name\":\"Blog BANDI\",\"description\":\"Czarno na bia\u0142ym o kosmetykach\",\"publisher\":{\"@id\":\"https:\/\/www.bandi.pl\/blog\/#organization\"},\"potentialAction\":[{\"@type\":\"SearchAction\",\"target\":{\"@type\":\"EntryPoint\",\"urlTemplate\":\"https:\/\/www.bandi.pl\/blog\/?s={search_term_string}\"},\"query-input\":{\"@type\":\"PropertyValueSpecification\",\"valueRequired\":true,\"valueName\":\"search_term_string\"}}],\"inLanguage\":\"pl-PL\"},{\"@type\":\"Organization\",\"@id\":\"https:\/\/www.bandi.pl\/blog\/#organization\",\"name\":\"BANDI\",\"url\":\"https:\/\/www.bandi.pl\/blog\/\",\"logo\":{\"@type\":\"ImageObject\",\"inLanguage\":\"pl-PL\",\"@id\":\"https:\/\/www.bandi.pl\/blog\/#\/schema\/logo\/image\/\",\"url\":\"https:\/\/www.bandi.pl\/blog\/wp-content\/uploads\/2019\/06\/bandi-logo.png\",\"contentUrl\":\"https:\/\/www.bandi.pl\/blog\/wp-content\/uploads\/2019\/06\/bandi-logo.png\",\"width\":264,\"height\":111,\"caption\":\"BANDI\"},\"image\":{\"@id\":\"https:\/\/www.bandi.pl\/blog\/#\/schema\/logo\/image\/\"},\"sameAs\":[\"https:\/\/web.facebook.com\/BANDIcosmetics\",\"https:\/\/x.com\/bandi_cosmetics\",\"https:\/\/www.instagram.com\/bandi_cosmetics\/\",\"https:\/\/www.pinterest.com\/bandicosmetics\/\",\"https:\/\/www.youtube.com\/user\/BandiCosmeticsPolska\"]},{\"@type\":\"Person\",\"@id\":\"https:\/\/www.bandi.pl\/blog\/#\/schema\/person\/5ba05af1a18c58f1c31d4ae051ec9499\",\"name\":\"Ilona Kiraga\"}]}<\/script>\n<!-- \/ Yoast SEO plugin. -->","yoast_head_json":{"title":"Trzy koncentraty po kt\u00f3re warto si\u0119gn\u0105\u0107 wiosn\u0105 &#187; Blog BANDI","description":"Wiosn\u0105 warto do piel\u0119gnacji wprowadzi\u0107 koncentraty o wysokiej zawarto\u015bci sk\u0142adnik\u00f3w aktywnych, takich jak: witamina C, kwas hialuronowy, czynniki wzrostu, probiotyki.","robots":{"index":"index","follow":"follow","max-snippet":"max-snippet:-1","max-image-preview":"max-image-preview:large","max-video-preview":"max-video-preview:-1"},"canonical":"https:\/\/www.bandi.pl\/blog\/trzy-koncentraty-po-ktore-warto-siegnac-wiosna\/","og_locale":"pl_PL","og_type":"article","og_title":"Trzy koncentraty po kt\u00f3re warto si\u0119gn\u0105\u0107 wiosn\u0105 &#187; Blog BANDI","og_description":"Wiosn\u0105 warto do piel\u0119gnacji wprowadzi\u0107 koncentraty o wysokiej zawarto\u015bci sk\u0142adnik\u00f3w aktywnych, takich jak: witamina C, kwas hialuronowy, czynniki wzrostu, probiotyki.","og_url":"https:\/\/www.bandi.pl\/blog\/trzy-koncentraty-po-ktore-warto-siegnac-wiosna\/","og_site_name":"Blog BANDI","article_publisher":"https:\/\/web.facebook.com\/BANDIcosmetics","article_published_time":"2025-05-15T12:52:15+00:00","article_modified_time":"2025-05-15T12:52:16+00:00","og_image":[{"width":1748,"height":1240,"url":"https:\/\/www.bandi.pl\/blog\/wp-content\/uploads\/2025\/05\/Projekt-bez-nazwy-4-2.png","type":"image\/png"}],"author":"Ilona Kiraga","twitter_card":"summary_large_image","twitter_creator":"@bandi_cosmetics","twitter_site":"@bandi_cosmetics","twitter_misc":{"Napisane przez":"Ilona Kiraga","Szacowany czas czytania":"4 minuty"},"schema":{"@context":"https:\/\/schema.org","@graph":[{"@type":"Article","@id":"https:\/\/www.bandi.pl\/blog\/trzy-koncentraty-po-ktore-warto-siegnac-wiosna\/#article","isPartOf":{"@id":"https:\/\/www.bandi.pl\/blog\/trzy-koncentraty-po-ktore-warto-siegnac-wiosna\/"},"author":{"name":"Ilona Kiraga","@id":"https:\/\/www.bandi.pl\/blog\/#\/schema\/person\/5ba05af1a18c58f1c31d4ae051ec9499"},"headline":"Trzy koncentraty po kt\u00f3re warto si\u0119gn\u0105\u0107 wiosn\u0105","datePublished":"2025-05-15T12:52:15+00:00","dateModified":"2025-05-15T12:52:16+00:00","mainEntityOfPage":{"@id":"https:\/\/www.bandi.pl\/blog\/trzy-koncentraty-po-ktore-warto-siegnac-wiosna\/"},"wordCount":930,"commentCount":0,"publisher":{"@id":"https:\/\/www.bandi.pl\/blog\/#organization"},"image":{"@id":"https:\/\/www.bandi.pl\/blog\/trzy-koncentraty-po-ktore-warto-siegnac-wiosna\/#primaryimage"},"thumbnailUrl":"https:\/\/www.bandi.pl\/blog\/wp-content\/uploads\/2025\/05\/Projekt-bez-nazwy-4-2.png","keywords":["antyoksydacja","Bandi","booster","booster nawil\u017caj\u0105cy","czynniki wzrostu","g\u0119sto\u015b\u0107 sk\u00f3ry","j\u0119drno\u015b\u0107 sk\u00f3ry","kosmetyki profesjonalne","kwas hialuronowy","mikrobiom sk\u00f3ry","piel\u0119gnacja profesjonalna","piel\u0119gnacja twarzy","probiotyki","roz\u015bwietlenie sk\u00f3ry","skoncentrowane kosmetyki","stabilna witamina c","tetraizopalmitynian askorbylu","witamina C"],"articleSection":["Agata Rybak","Piel\u0119gnacja i kosmetyki"],"inLanguage":"pl-PL","potentialAction":[{"@type":"CommentAction","name":"Comment","target":["https:\/\/www.bandi.pl\/blog\/trzy-koncentraty-po-ktore-warto-siegnac-wiosna\/#respond"]}]},{"@type":"WebPage","@id":"https:\/\/www.bandi.pl\/blog\/trzy-koncentraty-po-ktore-warto-siegnac-wiosna\/","url":"https:\/\/www.bandi.pl\/blog\/trzy-koncentraty-po-ktore-warto-siegnac-wiosna\/","name":"Trzy koncentraty po kt\u00f3re warto si\u0119gn\u0105\u0107 wiosn\u0105 &#187; Blog BANDI","isPartOf":{"@id":"https:\/\/www.bandi.pl\/blog\/#website"},"primaryImageOfPage":{"@id":"https:\/\/www.bandi.pl\/blog\/trzy-koncentraty-po-ktore-warto-siegnac-wiosna\/#primaryimage"},"image":{"@id":"https:\/\/www.bandi.pl\/blog\/trzy-koncentraty-po-ktore-warto-siegnac-wiosna\/#primaryimage"},"thumbnailUrl":"https:\/\/www.bandi.pl\/blog\/wp-content\/uploads\/2025\/05\/Projekt-bez-nazwy-4-2.png","datePublished":"2025-05-15T12:52:15+00:00","dateModified":"2025-05-15T12:52:16+00:00","description":"Wiosn\u0105 warto do piel\u0119gnacji wprowadzi\u0107 koncentraty o wysokiej zawarto\u015bci sk\u0142adnik\u00f3w aktywnych, takich jak: witamina C, kwas hialuronowy, czynniki wzrostu, probiotyki.","breadcrumb":{"@id":"https:\/\/www.bandi.pl\/blog\/trzy-koncentraty-po-ktore-warto-siegnac-wiosna\/#breadcrumb"},"inLanguage":"pl-PL","potentialAction":[{"@type":"ReadAction","target":["https:\/\/www.bandi.pl\/blog\/trzy-koncentraty-po-ktore-warto-siegnac-wiosna\/"]}]},{"@type":"ImageObject","inLanguage":"pl-PL","@id":"https:\/\/www.bandi.pl\/blog\/trzy-koncentraty-po-ktore-warto-siegnac-wiosna\/#primaryimage","url":"https:\/\/www.bandi.pl\/blog\/wp-content\/uploads\/2025\/05\/Projekt-bez-nazwy-4-2.png","contentUrl":"https:\/\/www.bandi.pl\/blog\/wp-content\/uploads\/2025\/05\/Projekt-bez-nazwy-4-2.png","width":1748,"height":1240,"caption":"koncentraty do sk\u00f3ry odpowiednie na wiosn\u0119"},{"@type":"BreadcrumbList","@id":"https:\/\/www.bandi.pl\/blog\/trzy-koncentraty-po-ktore-warto-siegnac-wiosna\/#breadcrumb","itemListElement":[{"@type":"ListItem","position":1,"name":"BANDI","item":"https:\/\/www.bandi.pl\/blog\/"},{"@type":"ListItem","position":2,"name":"Trzy koncentraty po kt\u00f3re warto si\u0119gn\u0105\u0107 wiosn\u0105"}]},{"@type":"WebSite","@id":"https:\/\/www.bandi.pl\/blog\/#website","url":"https:\/\/www.bandi.pl\/blog\/","name":"Blog BANDI","description":"Czarno na bia\u0142ym o kosmetykach","publisher":{"@id":"https:\/\/www.bandi.pl\/blog\/#organization"},"potentialAction":[{"@type":"SearchAction","target":{"@type":"EntryPoint","urlTemplate":"https:\/\/www.bandi.pl\/blog\/?s={search_term_string}"},"query-input":{"@type":"PropertyValueSpecification","valueRequired":true,"valueName":"search_term_string"}}],"inLanguage":"pl-PL"},{"@type":"Organization","@id":"https:\/\/www.bandi.pl\/blog\/#organization","name":"BANDI","url":"https:\/\/www.bandi.pl\/blog\/","logo":{"@type":"ImageObject","inLanguage":"pl-PL","@id":"https:\/\/www.bandi.pl\/blog\/#\/schema\/logo\/image\/","url":"https:\/\/www.bandi.pl\/blog\/wp-content\/uploads\/2019\/06\/bandi-logo.png","contentUrl":"https:\/\/www.bandi.pl\/blog\/wp-content\/uploads\/2019\/06\/bandi-logo.png","width":264,"height":111,"caption":"BANDI"},"image":{"@id":"https:\/\/www.bandi.pl\/blog\/#\/schema\/logo\/image\/"},"sameAs":["https:\/\/web.facebook.com\/BANDIcosmetics","https:\/\/x.com\/bandi_cosmetics","https:\/\/www.instagram.com\/bandi_cosmetics\/","https:\/\/www.pinterest.com\/bandicosmetics\/","https:\/\/www.youtube.com\/user\/BandiCosmeticsPolska"]},{"@type":"Person","@id":"https:\/\/www.bandi.pl\/blog\/#\/schema\/person\/5ba05af1a18c58f1c31d4ae051ec9499","name":"Ilona Kiraga"}]}},"_links":{"self":[{"href":"https:\/\/www.bandi.pl\/blog\/wp-json\/wp\/v2\/posts\/20791","targetHints":{"allow":["GET"]}}],"collection":[{"href":"https:\/\/www.bandi.pl\/blog\/wp-json\/wp\/v2\/posts"}],"about":[{"href":"https:\/\/www.bandi.pl\/blog\/wp-json\/wp\/v2\/types\/post"}],"author":[{"embeddable":true,"href":"https:\/\/www.bandi.pl\/blog\/wp-json\/wp\/v2\/users\/13"}],"replies":[{"embeddable":true,"href":"https:\/\/www.bandi.pl\/blog\/wp-json\/wp\/v2\/comments?post=20791"}],"version-history":[{"count":16,"href":"https:\/\/www.bandi.pl\/blog\/wp-json\/wp\/v2\/posts\/20791\/revisions"}],"predecessor-version":[{"id":20812,"href":"https:\/\/www.bandi.pl\/blog\/wp-json\/wp\/v2\/posts\/20791\/revisions\/20812"}],"wp:featuredmedia":[{"embeddable":true,"href":"https:\/\/www.bandi.pl\/blog\/wp-json\/wp\/v2\/media\/20805"}],"wp:attachment":[{"href":"https:\/\/www.bandi.pl\/blog\/wp-json\/wp\/v2\/media?parent=20791"}],"wp:term":[{"taxonomy":"category","embeddable":true,"href":"https:\/\/www.bandi.pl\/blog\/wp-json\/wp\/v2\/categories?post=20791"},{"taxonomy":"post_tag","embeddable":true,"href":"https:\/\/www.bandi.pl\/blog\/wp-json\/wp\/v2\/tags?post=20791"}],"curies":[{"name":"wp","href":"https:\/\/api.w.org\/{rel}","templated":true}]}}