{"id":20679,"date":"2025-04-24T12:01:26","date_gmt":"2025-04-24T10:01:26","guid":{"rendered":"https:\/\/www.bandi.pl\/blog\/?p=20679"},"modified":"2025-04-24T12:01:27","modified_gmt":"2025-04-24T10:01:27","slug":"spf50-ktory-zabrac-na-majowke","status":"publish","type":"post","link":"https:\/\/www.bandi.pl\/blog\/spf50-ktory-zabrac-na-majowke\/","title":{"rendered":"SPF50 &#8211; kt\u00f3ry zabra\u0107 na maj\u00f3wk\u0119?"},"content":{"rendered":"\n<p>Maj\u00f3wka to doskona\u0142a okazja, by sp\u0119dza\u0107 czas na \u015bwie\u017cym powietrzu i cieszy\u0107 si\u0119 pierwszymi promieniami s\u0142o\u0144ca. Wiosenne s\u0142o\u0144ce bywa jednak bardzo zdradliwe i cho\u0107 wydaje si\u0119 delikatne mo\u017ce oddzia\u0142ywa\u0107 na sk\u00f3r\u0119 bardzo intensywnie. Dlatego zanim wybierzecie si\u0119 na spacer czy wypad za miasto koniecznie zadbajcie o odpowiedni\u0105 ochron\u0119 sk\u00f3ry przed szkodliwym promieniowaniem UV. Wysokiej jako\u015bci kremy z filtrem SPF50 to must-have w maj\u00f3wkowej kosmetyczce.<\/p>\n\n\n\n<h2 class=\"wp-block-heading\">Dlaczego warto stosowa\u0107 krem SPF50?<\/h2>\n\n\n\n<p>Ochrona przeciws\u0142oneczna to kluczowy element codziennej piel\u0119gnacji sk\u00f3ry. Filtr SPF50 zapewnia bardzo wysok\u0105 ochron\u0119 przed promieniowaniem UVB, kt\u00f3re przyczynia si\u0119 do wyst\u0119powania poparze\u0144 po zbyt d\u0142ugiej ekspozycji. Na nasz\u0105 sk\u00f3r\u0119 niekorzystnie oddzia\u0142uje jednak tak\u017ce promieniowanie UVA, kt\u00f3re powoduje wyst\u0119powanie objaw\u00f3w tzw. fotostarzenia. Dlatego dobry krem z filtrem powinien chroni\u0107 tak\u017ce przed tym typem promieniowania. Sam symbol SPF50 na opakowaniu kosmetyku nie daje jednak gwarancji odpowiedniej ochrony przed UVA. Dlatego warto szuka\u0107 dodatkowych oznacze\u0144.<\/p>\n\n\n\n<p>Zgodnie z zaleceniami Komisji Europejskiej na opakowaniu kosmetyku, kt\u00f3ry chroni sk\u00f3r\u0119 nie tylko przed promieniowaniem UVB, ale tak\u017ce zapewnia wysok\u0105 ochron\u0119 przed UVA powinien znale\u017a\u0107 si\u0119 symbol UVA w k\u00f3\u0142ku. Do dodatkowe oznaczenie, kt\u00f3rym mog\u0105 pos\u0142ugiwa\u0107 si\u0119 producenci po wykonaniu wcze\u015bniejszych bada\u0144 potwierdzaj\u0105cych, \u017ce krem zapewnia ochron\u0119 przed UVA w wysoko\u015bci minimum 1\/3 deklarowanej ochrony przed UVB.<\/p>\n\n\n\n<p>Na naszych kremach z SPF50 znajdziecie dodatkowy symbol UVA w k\u00f3\u0142ku. Dzi\u0119ki temu mo\u017cecie mie\u0107 pewno\u015b\u0107, \u017ce Wasza sk\u00f3ra jest szerokopasmowo chroniona przed promieniowaniem s\u0142onecznym.<\/p>\n\n\n\n<h2 class=\"wp-block-heading\">Kt\u00f3ry krem SPF50 wybra\u0107?<\/h2>\n\n\n\n<p><strong>Pre-D3 Zaawansowany krem nawil\u017caj\u0105cy SPF50<\/strong><\/p>\n\n\n\n<p>To bardzo uniwersalny krem, kt\u00f3ry sprawdzi si\u0119 w piel\u0119gnacji ka\u017cdego typu cery. Nie tylko skutecznie chroni przed wp\u0142ywem promieniowania UVB i UVA, ale tak\u017ce dba o prawid\u0142owe nawil\u017cenie sk\u00f3ry.<\/p>\n\n\n\n<p><\/p>\n\n\n\n<div class=\"wp-block-media-text is-stacked-on-mobile\" style=\"grid-template-columns:43% auto\"><figure class=\"wp-block-media-text__media\"><a href=\"https:\/\/www.bandi.pl\/sklep\/kremy\/pre-d3-zaawansowany-krem-nawilzajacy-spf-50-637\/\"><img loading=\"lazy\" decoding=\"async\" width=\"500\" height=\"500\" src=\"https:\/\/www.bandi.pl\/blog\/wp-content\/uploads\/2025\/04\/2-500x500.png\" alt=\"spf50\" class=\"wp-image-20682 size-full\"\/><\/a><\/figure><div class=\"wp-block-media-text__content\">\n<p>To zas\u0142uga zawartej w nim ektoiny \u2013 substancji, kt\u00f3ra przyci\u0105gaj\u0105c cz\u0105steczki wody tworzy tzw. kompleksy ektoinowe, kt\u00f3re d\u0142ugotrwale chroni\u0105 nawil\u017cenie sk\u00f3ry, szybko \u0142agodz\u0105c nawet intensywne przesuszenie nask\u00f3rka. Dodatkowo &#8222;ustawiaj\u0105 si\u0119&#8221; wok\u00f3\u0142 wa\u017cnych struktur kom\u00f3rkowych, tworz\u0105c naturaln\u0105 barier\u0119 fizyczn\u0105 zapobiegaj\u0105c\u0105 oddzia\u0142ywaniu szkodliwych czynnik\u00f3w zewn\u0119trznych. Wiosn\u0105, kosmetyki z ektoin\u0105 s\u0105 szczeg\u00f3lnie pomocne w utrzymaniu dobrej kondycji sk\u00f3ry. Z jednej strony chroni\u0105 j\u0105 przed przesuszeniem, a z drugiej ograniczaj\u0105 wp\u0142yw niekorzystnych czynnik\u00f3w zewn\u0119trznych, takich jak promieniowanie UV.<\/p>\n<\/div><\/div>\n\n\n\n<p><\/p>\n\n\n\n<p><strong>Tonuj\u0105cy Krem SPF50<\/strong><\/p>\n\n\n\n<p>To krem idealny dla os\u00f3b z problemem przebarwie\u0144 i nier\u00f3wnomiernego kolorytu sk\u00f3ry.<\/p>\n\n\n\n<p><\/p>\n\n\n\n<div class=\"wp-block-media-text is-stacked-on-mobile\" style=\"grid-template-columns:43% auto\"><figure class=\"wp-block-media-text__media\"><a href=\"https:\/\/www.bandi.pl\/sklep\/kremy\/tonujacy-krem-spf-50-1037\/\"><img loading=\"lazy\" decoding=\"async\" width=\"500\" height=\"500\" src=\"https:\/\/www.bandi.pl\/blog\/wp-content\/uploads\/2025\/04\/3-500x500.png\" alt=\"spf50\" class=\"wp-image-20683 size-full\"\/><\/a><\/figure><div class=\"wp-block-media-text__content\">\n<p>Poza stabilnym uk\u0142adem filtr\u00f3w zawiera tak\u017ce 2% niacynamidu i karnozyn\u0119. Dzi\u0119ki temu nie tylko chroni przed powstawaniem przebarwie\u0144, ale tak\u017ce sprzyja ich redukcji. Ogranicza r\u00f3wnie\u017c wyst\u0119powanie innych objaw\u00f3w fotostarzenia. Tonuj\u0105cy krem SPF50 ma lekk\u0105 niebiel\u0105ca formu\u0142\u0119 wzbogacon\u0105 dodatkowo o pigment, kt\u00f3ry ujednolica koloryt sk\u00f3ry. Mo\u017ce by\u0107 stosowany samodzielnie lub jako baza pod makija\u017c.<\/p>\n<\/div><\/div>\n\n\n\n<p><\/p>\n\n\n\n<p><strong>Emulsja odm\u0142adzaj\u0105ca SPF50<\/strong><\/p>\n\n\n\n<p>Dla os\u00f3b, kt\u00f3re przy u\u017cyciu jednego kremu chc\u0105 nie tylko chroni\u0107 sk\u00f3r\u0119 przed przyspieszonym starzeniem, ale tak\u017ce redukowa\u0107 ju\u017c widoczne objawy tego procesu polecamy Emulsj\u0119 odm\u0142adzaj\u0105c\u0105 SPF50.<\/p>\n\n\n\n<p><\/p>\n\n\n\n<div class=\"wp-block-media-text is-stacked-on-mobile\" style=\"grid-template-columns:42% auto\"><figure class=\"wp-block-media-text__media\"><a href=\"https:\/\/www.bandi.pl\/sklep\/emulsje\/emulsja-odmladzajaca-spf-50-1009\/\"><img loading=\"lazy\" decoding=\"async\" width=\"500\" height=\"500\" src=\"https:\/\/www.bandi.pl\/blog\/wp-content\/uploads\/2025\/04\/1-500x500.png\" alt=\"spf50\" class=\"wp-image-20681 size-full\"\/><\/a><\/figure><div class=\"wp-block-media-text__content\">\n<p>W jej sk\u0142adzie zastosowali\u015bmy kolagen ro\u015blinny i owoc d\u0142ugowieczno\u015bci, kt\u00f3re sprzyjaj\u0105 poprawie nawil\u017cenia, elastyczno\u015bci i j\u0119drno\u015bci sk\u00f3ry oraz redukcji widoczno\u015bci zmarszczek. Dzi\u0119ki antyoksydantom krem chroni sk\u00f3r\u0119 r\u00f3wnie\u017c przed uszkodzeniami powodowanymi przez wolne rodniki.<\/p>\n<\/div><\/div>\n\n\n\n<p><\/p>\n\n\n\n<h2 class=\"wp-block-heading\">O tym tak\u017ce pami\u0119taj<\/h2>\n\n\n\n<p>Wyb\u00f3r wysokiej jako\u015bci kremu z filtrem SPF50 i potwierdzon\u0105 ochron\u0105 przed promieniowaniem UVA to inwestycja w dobr\u0105 kondycj\u0119 i m\u0142ody wygl\u0105d sk\u00f3ry na d\u0142u\u017cej. R\u00f3wnie wa\u017cna jest jednak technika stosowania i aplikacja odpowiedniej ilo\u015bci preparatu promieniochronnego, kt\u00f3ra powinna wynosi\u0107 2mg na ka\u017cdy cm2 sk\u00f3ry. Osoba doros\u0142a powinna zatem zu\u017cy\u0107 oko\u0142o 30 do 35 ml kremu przeciws\u0142onecznego na ca\u0142e cia\u0142o, co odpowiada mniej wi\u0119cej sze\u015bciu \u0142y\u017ceczkom do herbaty. W przypadku samej twarzy i szyi zaleca si\u0119 zastosowanie jednej \u0142y\u017ceczki, czyli oko\u0142o 1 do 1,5 ml produktu. Filtr nale\u017cy rozprowadza\u0107 r\u00f3wnomiernie, staraj\u0105c si\u0119 nie pomija\u0107 takich miejsc jak uszy, kark, grzbiety d\u0142oni, st\u00f3p. Wskazana jest r\u00f3wnie\u017c technika aplikacji warstwowej, polegaj\u0105ca na na\u0142o\u017ceniu filtra w dw\u00f3ch cienkich warstwach w odst\u0119pie kilku minut. Produkt powinien by\u0107 zaaplikowany na sk\u00f3r\u0119 minimum 20 do 30 minut przed ekspozycj\u0105 na s\u0142o\u0144ce.<\/p>\n\n\n\n<figure class=\"wp-block-pullquote has-small-font-size\"><blockquote><p>Pami\u0119taj, aby stosowa\u0107 kremy przeciws\u0142oneczne codziennie, nawet w pochmurne dni, oraz regularnie je reaplikowa\u0107, zw\u0142aszcza po kontakcie z wod\u0105 czy intensywnym poceniu si\u0119.\u200b<\/p><\/blockquote><\/figure>\n\n\n\n<p><\/p>\n\n\n\n<p>Cho\u0107 wypoczynek i maj\u00f3wkowe wyjazdy sprzyjaj\u0105 oderwaniu si\u0119 od codziennych obowi\u0105zk\u00f3w, to o prawid\u0142owej piel\u0119gnacji sk\u00f3ry nie warto zapomina\u0107. Jej podstaw\u0105 jest stosowanie ka\u017cdego dnia kremu z filtrem o szerokopasmowej, wysokiej ochronie przed promieniowaniem UVB i UVA.<\/p>\n\n\n\n<div class=\"wp-block-divi-layout\">[et_pb_section fb_built=&#8221;1&#8243; _builder_version=&#8221;4.22.2&#8243; _module_preset=&#8221;default&#8221; global_colors_info=&#8221;{}&#8221;][\/et_pb_section][et_pb_section fb_built=&#8221;1&#8243; _builder_version=&#8221;4.16&#8243; top_divider_style=&#8221;arrow&#8221; top_divider_color=&#8221;rgba(255,166,168,0.75)&#8221; top_divider_height=&#8221;1px&#8221; bottom_divider_style=&#8221;arrow&#8221; bottom_divider_color=&#8221;rgba(255,166,168,0.75)&#8221; bottom_divider_height=&#8221;1px&#8221; global_colors_info=&#8221;{}&#8221;][et_pb_row column_structure=&#8221;1_2,1_2&#8243; _builder_version=&#8221;4.16&#8243; width=&#8221;100%&#8221; module_alignment=&#8221;left&#8221; custom_margin=&#8221;||||false|false&#8221; global_colors_info=&#8221;{}&#8221;][et_pb_column type=&#8221;1_2&#8243; _builder_version=&#8221;4.16&#8243; global_colors_info=&#8221;{}&#8221;][et_pb_text _builder_version=&#8221;4.22.2&#8243; text_font=&#8221;Raleway Bold||||||||&#8221; text_text_color=&#8221;rgba(255,166,168,0.75)&#8221; text_font_size=&#8221;55px&#8221; text_letter_spacing=&#8221;9px&#8221; text_line_height=&#8221;1em&#8221; header_font_size=&#8221;39px&#8221; min_height=&#8221;23px&#8221; custom_margin=&#8221;40px||||false|false&#8221; link_option_url=&#8221;https:\/\/www.bandi.pl\/sklep\/katalog\/wyr\/spf-50\/&#8221; inline_fonts=&#8221;Raleway Bold&#8221; global_colors_info=&#8221;{}&#8221;]<p style=\"text-align: center\"><span style=\"font-size: xx-large;font-family: inherit;font-weight: normal\"><strong>KREM SPF50<\/strong><\/span><\/p>\n<p style=\"text-align: center\"><span style=\"font-size: xx-large;font-family: inherit;font-weight: normal\"><strong><\/strong><\/span><\/p>[\/et_pb_text][et_pb_text _builder_version=&#8221;4.22.2&#8243; text_font=&#8221;Raleway Regular||||||||&#8221; text_text_color=&#8221;#b8b8b8&#8243; text_font_size=&#8221;22px&#8221; text_line_height=&#8221;1.5em&#8221; link_option_url=&#8221;https:\/\/www.bandi.pl\/sklep\/katalog\/wyr\/spf-50\/&#8221; global_colors_info=&#8221;{}&#8221;]<p style=\"text-align: center\">Nie zapomnij zabra\u0107 go na maj\u00f3wk\u0119<\/p>[\/et_pb_text][et_pb_button button_url=&#8221;https:\/\/www.bandi.pl\/sklep\/katalog\/wyr\/spf-50\/&#8221; button_text=&#8221;ZOBACZ&#8221; button_alignment=&#8221;center&#8221; disabled_on=&#8221;off|off|off&#8221; _builder_version=&#8221;4.22.2&#8243; custom_button=&#8221;on&#8221; button_text_size=&#8221;20px&#8221; button_text_color=&#8221;#ffffff&#8221; button_border_radius=&#8221;25px&#8221; button_font=&#8221;Bree Serif||||||||&#8221; background_layout=&#8221;dark&#8221; custom_padding=&#8221;12px|30px|12px|30px|true|true&#8221; hover_transition_duration=&#8221;0ms&#8221; box_shadow_style=&#8221;preset3&#8243; global_colors_info=&#8221;{}&#8221;][\/et_pb_button][\/et_pb_column][et_pb_column type=&#8221;1_2&#8243; _builder_version=&#8221;4.16&#8243; global_colors_info=&#8221;{}&#8221;][et_pb_image src=&#8221;https:\/\/www.bandi.pl\/blog\/wp-content\/uploads\/2025\/04\/NI6A1242-Edytuj9-scaled.jpg&#8221; alt=&#8221;spf50&#8243; title_text=&#8221;NI6A1242-Edytuj9&#8243; url=&#8221;https:\/\/www.bandi.pl\/sklep\/katalog\/wyr\/spf-50\/&#8221; align=&#8221;center&#8221; _builder_version=&#8221;4.22.2&#8243; width=&#8221;100%&#8221; hover_enabled=&#8221;0&#8243; global_colors_info=&#8221;{}&#8221; sticky_enabled=&#8221;0&#8243;][\/et_pb_image][\/et_pb_column][\/et_pb_row][\/et_pb_section]<\/div>\n\n\n\n<div class=\"wp-block-divi-layout\">[et_pb_section admin_label=&#8221;section&#8221;][et_pb_row admin_label=&#8221;row&#8221;][\/et_pb_row][\/et_pb_section]<\/div>\n","protected":false},"excerpt":{"rendered":"<p>Maj\u00f3wka to doskona\u0142a okazja, by sp\u0119dza\u0107 czas na \u015bwie\u017cym powietrzu i cieszy\u0107 si\u0119 pierwszymi promieniami s\u0142o\u0144ca. Wiosenne s\u0142o\u0144ce bywa jednak bardzo zdradliwe i cho\u0107 wydaje si\u0119 delikatne mo\u017ce oddzia\u0142ywa\u0107 na sk\u00f3r\u0119 bardzo intensywnie. Dlatego zanim wybierzecie si\u0119 na spacer czy wypad za miasto koniecznie zadbajcie o odpowiedni\u0105 ochron\u0119 sk\u00f3ry przed szkodliwym promieniowaniem UV. Wysokiej jako\u015bci [&hellip;]<\/p>\n","protected":false},"author":13,"featured_media":20692,"comment_status":"open","ping_status":"closed","sticky":false,"template":"","format":"standard","meta":{"_et_pb_use_builder":"off","_et_pb_old_content":"<!-- wp:paragraph -->\n<p>Maj\u00f3wka to doskona\u0142a okazja, by sp\u0119dza\u0107 czas na \u015bwie\u017cym powietrzu i cieszy\u0107 si\u0119 pierwszymi promieniami s\u0142o\u0144ca. Wiosenne s\u0142o\u0144ce bywa jednak bardzo zdradliwe i cho\u0107 wydaje si\u0119 delikatne mo\u017ce oddzia\u0142ywa\u0107 na sk\u00f3r\u0119 bardzo intensywnie. Dlatego zanim wybierzecie si\u0119 na spacer czy wypad za miasto koniecznie zadbajcie o odpowiedni\u0105 ochron\u0119 sk\u00f3ry przed szkodliwym promieniowaniem UV. Wysokiej jako\u015bci kremy z filtrem SPF50 to must-have w maj\u00f3wkowej kosmetyczce.<\/p>\n<!-- \/wp:paragraph -->\n\n<!-- wp:heading -->\n<h2 class=\"wp-block-heading\">Dlaczego warto stosowa\u0107 krem SPF50?<\/h2>\n<!-- \/wp:heading -->\n\n<!-- wp:paragraph -->\n<p>Ochrona przeciws\u0142oneczna to kluczowy element codziennej piel\u0119gnacji sk\u00f3ry. Filtr SPF50 zapewnia bardzo wysok\u0105 ochron\u0119 przed promieniowaniem UVB, kt\u00f3re przyczynia si\u0119 do wyst\u0119powania poparze\u0144 po zbyt d\u0142ugiej ekspozycji. Na nasz\u0105 sk\u00f3r\u0119 niekorzystnie oddzia\u0142uje jednak tak\u017ce promieniowanie UVA, kt\u00f3re powoduje wyst\u0119powanie objaw\u00f3w tzw. fotostarzenia. Dlatego dobry krem z filtrem powinien chroni\u0107 tak\u017ce przed tym typem promieniowania. Sam symbol SPF50 na opakowaniu kosmetyku nie daje jednak gwarancji odpowiedniej ochrony przed UVA. Dlatego warto szuka\u0107 dodatkowych oznacze\u0144.<\/p>\n<!-- \/wp:paragraph -->\n\n<!-- wp:paragraph -->\n<p>Zgodnie z zaleceniami Komisji Europejskiej na opakowaniu kosmetyku, kt\u00f3ry chroni sk\u00f3r\u0119 nie tylko przed promieniowaniem UVB, ale tak\u017ce zapewnia wysok\u0105 ochron\u0119 przed UVA powinien znale\u017a\u0107 si\u0119 symbol UVA w k\u00f3\u0142ku. Do dodatkowe oznaczenie, kt\u00f3rym mog\u0105 pos\u0142ugiwa\u0107 si\u0119 producenci po wykonaniu wcze\u015bniejszych bada\u0144 potwierdzaj\u0105cych, \u017ce krem zapewnia ochron\u0119 przed UVA w wysoko\u015bci minimum 1\/3 deklarowanej ochrony przed UVB.<\/p>\n<!-- \/wp:paragraph -->\n\n<!-- wp:paragraph -->\n<p>Na naszych kremach z SPF50 znajdziecie dodatkowy symbol UVA w k\u00f3\u0142ku. Dzi\u0119ki temu mo\u017cecie mie\u0107 pewno\u015b\u0107, \u017ce Wasza sk\u00f3ra jest szerokopasmowo chroniona przed promieniowaniem s\u0142onecznym.<\/p>\n<!-- \/wp:paragraph -->\n\n<!-- wp:heading -->\n<h2 class=\"wp-block-heading\">Kt\u00f3ry krem SPF50 wybra\u0107?<\/h2>\n<!-- \/wp:heading -->\n\n<!-- wp:paragraph -->\n<p><strong>Pre-D3 Zaawansowany krem nawil\u017caj\u0105cy SPF50<\/strong><\/p>\n<!-- \/wp:paragraph -->\n\n<!-- wp:paragraph -->\n<p>To bardzo uniwersalny krem, kt\u00f3ry sprawdzi si\u0119 w piel\u0119gnacji ka\u017cdego typu cery. Nie tylko skutecznie chroni przed wp\u0142ywem promieniowania UVB i UVA ale tak\u017ce dba o prawid\u0142owe nawil\u017cenie sk\u00f3ry.<\/p>\n<!-- \/wp:paragraph -->\n\n<!-- wp:paragraph -->\n<p><\/p>\n<!-- \/wp:paragraph -->\n\n<!-- wp:media-text {\"mediaId\":20682,\"mediaLink\":\"https:\/\/www.bandi.pl\/blog\/2-26\/\",\"mediaType\":\"image\",\"mediaWidth\":43} -->\n<div class=\"wp-block-media-text is-stacked-on-mobile\" style=\"grid-template-columns:43% auto\"><figure class=\"wp-block-media-text__media\"><img src=\"https:\/\/www.bandi.pl\/blog\/wp-content\/uploads\/2025\/04\/2-500x500.png\" alt=\"spf50\" class=\"wp-image-20682 size-full\"\/><\/figure><div class=\"wp-block-media-text__content\"><!-- wp:paragraph {\"placeholder\":\"Tre\u015b\u0107\u2026\"} -->\n<p> To zas\u0142uga zawartej w nim ektoiny \u2013 substancji, kt\u00f3ra przyci\u0105gaj\u0105c cz\u0105steczki wody tworzy tzw. kompleksy ektoinowe, kt\u00f3re d\u0142ugotrwale chroni\u0105 nawil\u017cenie sk\u00f3ry, szybko \u0142agodz\u0105c nawet intensywne przesuszenie nask\u00f3rka. Dodatkowo \"ustawiaj\u0105 si\u0119\" wok\u00f3\u0142 wa\u017cnych struktur kom\u00f3rkowych, tworz\u0105c naturaln\u0105 barier\u0119 fizyczn\u0105 zapobiegaj\u0105c\u0105 oddzia\u0142ywaniu szkodliwych czynnik\u00f3w zewn\u0119trznych. Wiosn\u0105, kosmetyki z ektoin\u0105 s\u0105 szczeg\u00f3lnie pomocne w utrzymaniu dobrej kondycji sk\u00f3ry. Z jednej strony chroni\u0105 j\u0105 przed przesuszenie, a z drugiej ograniczaj\u0105 wp\u0142yw niekorzystnych czynnik\u00f3w zewn\u0119trznych, takich jak promieniowanie UV.<\/p>\n<!-- \/wp:paragraph --><\/div><\/div>\n<!-- \/wp:media-text -->\n\n<!-- wp:paragraph -->\n<p><\/p>\n<!-- \/wp:paragraph -->\n\n<!-- wp:paragraph -->\n<p><strong>Tonuj\u0105cy Krem SPF50<\/strong><\/p>\n<!-- \/wp:paragraph -->\n\n<!-- wp:paragraph -->\n<p>To krem idealny dla os\u00f3bb z problemem przebarwie\u0144 i nier\u00f3wnomiernego kolorytu sk\u00f3ry. Poza stabilnym uk\u0142adem filtr\u00f3w zawiera tak\u017ce 2% niacynamidu i karnozyn\u0119. Dzi\u0119ki temu nie tylko chroni przed powstawaniem przebarwie\u0144, ale tak\u017ce sprzyja ich redukcji. Ogranicza r\u00f3wnie\u017c wyst\u0119powanie innych objaw\u00f3w fotostarzenia. Tonuj\u0105cy krem SPF50 ma lekk\u0105 niebiel\u0105ca formu\u0142\u0119 wzbogacon\u0105 dodatkowo o pigment, kt\u00f3ry ujednolica koloryt sk\u00f3ry. Mo\u017ce by\u0107 stosowany samodzielnie lub jako baza pod makija\u017c.<\/p>\n<!-- \/wp:paragraph -->\n\n<!-- wp:paragraph -->\n<p><strong>Emulsja odm\u0142adzaj\u0105ca SPF 50<\/strong><\/p>\n<!-- \/wp:paragraph -->\n\n<!-- wp:paragraph -->\n<p>Dla os\u00f3b, kt\u00f3re przy u\u017cyciu jednego kremu chc\u0105 nie tylko chroni\u0107 sk\u00f3r\u0119 przed przyspieszonym starzeniem, ale tak\u017ce redukowa\u0107 ju\u017c widoczne objawy tego procesu polecamy Emulsj\u0119 odm\u0142adzaj\u0105c\u0105 SPF50. W jej sk\u0142adzie zastosowali\u015bmy kolagen ro\u015blinny i owoc d\u0142ugowieczno\u015bci, kt\u00f3re sprzyjaj\u0105 poprawie nawil\u017cenia, elastyczno\u015bci i j\u0119drno\u015bci sk\u00f3ry oraz redukcji widoczno\u015bci zmarszczek. Dzi\u0119ki antyoksydantom krem chroni sk\u00f3r\u0119 r\u00f3wnie\u017c przed uszkodzeniami powodowanymi przez wolne rodniki.<\/p>\n<!-- \/wp:paragraph -->\n\n<!-- wp:heading -->\n<h2 class=\"wp-block-heading\">O tym tak\u017ce pami\u0119taj<\/h2>\n<!-- \/wp:heading -->\n\n<!-- wp:paragraph -->\n<p>Wyb\u00f3r wysokiej jako\u015bci kremu z filtrem SPF50 i potwierdzon\u0105 ochron\u0105 przed promieniowaniem UVA to inwestycja w dobr\u0105 kondycj\u0119 i m\u0142ody wygl\u0105d sk\u00f3ry na d\u0142u\u017cej. R\u00f3wnie wa\u017cna jest jednak technika stosowania i aplikacja odpowiedniej ilo\u015bci preparatu promieniochronnego, kt\u00f3ra powinna wynosi\u0107 2mg na ka\u017cdy cm2 sk\u00f3ry. Osoba doros\u0142a powinna zatem zu\u017cy\u0107 oko\u0142o 30 do 35 ml kremu przeciws\u0142onecznego na ca\u0142e cia\u0142o, co odpowiada mniej wi\u0119cej sze\u015bciu \u0142y\u017ceczkom do herbaty. W przypadku samej twarzy i szyi zaleca si\u0119 zastosowanie jednej \u0142y\u017ceczki, czyli oko\u0142o 1 do 1,5 ml produktu. Filtr nale\u017cy rozprowadza\u0107 r\u00f3wnomiernie, staraj\u0105c si\u0119 nie pomija\u0107 takich miejsc jak uszy, kark, grzbiety d\u0142oni, st\u00f3p. Wskazana jest r\u00f3wnie\u017c technika aplikacji warstwowej, polegaj\u0105ca na na\u0142o\u017ceniu filtra w dw\u00f3ch cienkich warstwach w odst\u0119pie kilku minut. Produkt powinien by\u0107 zaaplikowany na sk\u00f3r\u0119 minimum 20 do 30 minut przed ekspozycj\u0105 na s\u0142o\u0144ce.<\/p>\n<!-- \/wp:paragraph -->\n\n<!-- wp:paragraph -->\n<p>Pami\u0119taj, aby aplikowa\u0107 kremy przeciws\u0142oneczne codziennie, nawet w pochmurne dni, oraz regularnie je reaplikowa\u0107, zw\u0142aszcza po kontakcie z wod\u0105 czy intensywnym poceniu si\u0119.\u200b<\/p>\n<!-- \/wp:paragraph -->\n\n<!-- wp:paragraph -->\n<p>Cho\u0107 wypoczynek i maj\u00f3wkowe wyjazdy sprzyjaj\u0105 oderwaniu si\u0119 od codziennych obowi\u0105zk\u00f3w, to o prawid\u0142owej piel\u0119gnacji sk\u00f3ry nie warto zapomina\u0107. Jej podstaw\u0105 jest stosowanie ka\u017cdego dnia. kremu z filtrem o szerokopasmowej, wysokiej ochronie przed promieniowaniem UVB i UVA.<\/p>\n<!-- \/wp:paragraph -->","_et_gb_content_width":"","footnotes":""},"categories":[2775,1817],"tags":[3445,8726,4466,8729,8728,6590,4232,4032,4105,7146,4230,5868,4211,8725,8727,4107,4108],"class_list":["post-20679","post","type-post","status-publish","format-standard","has-post-thumbnail","hentry","category-ilona-kiraga","category-kategoria-pielegnacja-i-kosmetyki","tag-bandi","tag-co-zabrac-na-majowke","tag-fotoprotekcja","tag-ile-kremu-z-filtrem-nalozyc","tag-jak-stosowac-krem-z-filtrem","tag-jaki-krem-z-filtrem-wybrac","tag-kosmetyki-profesjonalne","tag-krem-nawilzajacy-2","tag-krem-z-filtrem","tag-ochrona-skory-przed-sloncem","tag-pielegnacja-profesjonalna","tag-pielegnacja-twarzy","tag-przeciw-przebarwieniom","tag-przygotowania-do-majowki","tag-symbole-na-opakowaniu-kremu-z-filtrem","tag-uva","tag-uvb"],"yoast_head":"<!-- This site is optimized with the Yoast SEO plugin v27.1.1 - https:\/\/yoast.com\/product\/yoast-seo-wordpress\/ -->\n<title>SPF50 - kt\u00f3ry zabra\u0107 na maj\u00f3wk\u0119? &#187; Blog BANDI<\/title>\n<meta name=\"robots\" content=\"index, follow, max-snippet:-1, max-image-preview:large, max-video-preview:-1\" \/>\n<link rel=\"canonical\" href=\"https:\/\/www.bandi.pl\/blog\/spf50-ktory-zabrac-na-majowke\/\" \/>\n<meta property=\"og:locale\" content=\"pl_PL\" \/>\n<meta property=\"og:type\" content=\"article\" \/>\n<meta property=\"og:title\" content=\"SPF50 - kt\u00f3ry zabra\u0107 na maj\u00f3wk\u0119? &#187; Blog BANDI\" \/>\n<meta property=\"og:description\" content=\"Maj\u00f3wka to doskona\u0142a okazja, by sp\u0119dza\u0107 czas na \u015bwie\u017cym powietrzu i cieszy\u0107 si\u0119 pierwszymi promieniami s\u0142o\u0144ca. Wiosenne s\u0142o\u0144ce bywa jednak bardzo zdradliwe i cho\u0107 wydaje si\u0119 delikatne mo\u017ce oddzia\u0142ywa\u0107 na sk\u00f3r\u0119 bardzo intensywnie. Dlatego zanim wybierzecie si\u0119 na spacer czy wypad za miasto koniecznie zadbajcie o odpowiedni\u0105 ochron\u0119 sk\u00f3ry przed szkodliwym promieniowaniem UV. Wysokiej jako\u015bci [&hellip;]\" \/>\n<meta property=\"og:url\" content=\"https:\/\/www.bandi.pl\/blog\/spf50-ktory-zabrac-na-majowke\/\" \/>\n<meta property=\"og:site_name\" content=\"Blog BANDI\" \/>\n<meta property=\"article:publisher\" content=\"https:\/\/web.facebook.com\/BANDIcosmetics\" \/>\n<meta property=\"article:published_time\" content=\"2025-04-24T10:01:26+00:00\" \/>\n<meta property=\"article:modified_time\" content=\"2025-04-24T10:01:27+00:00\" \/>\n<meta property=\"og:image\" content=\"https:\/\/www.bandi.pl\/blog\/wp-content\/uploads\/2025\/04\/Projekt-bez-nazwy-4-9-705x500.png\" \/>\n\t<meta property=\"og:image:width\" content=\"705\" \/>\n\t<meta property=\"og:image:height\" content=\"500\" \/>\n\t<meta property=\"og:image:type\" content=\"image\/png\" \/>\n<meta name=\"author\" content=\"Ilona Kiraga\" \/>\n<meta name=\"twitter:card\" content=\"summary_large_image\" \/>\n<meta name=\"twitter:creator\" content=\"@bandi_cosmetics\" \/>\n<meta name=\"twitter:site\" content=\"@bandi_cosmetics\" \/>\n<meta name=\"twitter:label1\" content=\"Napisane przez\" \/>\n\t<meta name=\"twitter:data1\" content=\"Ilona Kiraga\" \/>\n\t<meta name=\"twitter:label2\" content=\"Szacowany czas czytania\" \/>\n\t<meta name=\"twitter:data2\" content=\"6 minut\" \/>\n<script type=\"application\/ld+json\" class=\"yoast-schema-graph\">{\"@context\":\"https:\/\/schema.org\",\"@graph\":[{\"@type\":\"Article\",\"@id\":\"https:\/\/www.bandi.pl\/blog\/spf50-ktory-zabrac-na-majowke\/#article\",\"isPartOf\":{\"@id\":\"https:\/\/www.bandi.pl\/blog\/spf50-ktory-zabrac-na-majowke\/\"},\"author\":{\"name\":\"Ilona Kiraga\",\"@id\":\"https:\/\/www.bandi.pl\/blog\/#\/schema\/person\/5ba05af1a18c58f1c31d4ae051ec9499\"},\"headline\":\"SPF50 &#8211; kt\u00f3ry zabra\u0107 na maj\u00f3wk\u0119?\",\"datePublished\":\"2025-04-24T10:01:26+00:00\",\"dateModified\":\"2025-04-24T10:01:27+00:00\",\"mainEntityOfPage\":{\"@id\":\"https:\/\/www.bandi.pl\/blog\/spf50-ktory-zabrac-na-majowke\/\"},\"wordCount\":1170,\"commentCount\":0,\"publisher\":{\"@id\":\"https:\/\/www.bandi.pl\/blog\/#organization\"},\"image\":{\"@id\":\"https:\/\/www.bandi.pl\/blog\/spf50-ktory-zabrac-na-majowke\/#primaryimage\"},\"thumbnailUrl\":\"https:\/\/www.bandi.pl\/blog\/wp-content\/uploads\/2025\/04\/Projekt-bez-nazwy-4-9.png\",\"keywords\":[\"Bandi\",\"co zabra\u0107 na maj\u00f3wk\u0119\",\"fotoprotekcja\",\"ile kremu z filtrem na\u0142o\u017cy\u0107\",\"jak stosowa\u0107 krem z filtrem\",\"jaki krem z filtrem wybra\u0107\",\"kosmetyki profesjonalne\",\"krem nawil\u017caj\u0105cy\",\"krem z filtrem\",\"ochrona sk\u00f3ry przed s\u0142o\u0144cem\",\"piel\u0119gnacja profesjonalna\",\"piel\u0119gnacja twarzy\",\"przeciw przebarwieniom\",\"przygotowania do maj\u00f3wki\",\"symbole na opakowaniu kremu z filtrem\",\"UVA\",\"UVB\"],\"articleSection\":[\"Ilona Kiraga\",\"Piel\u0119gnacja i kosmetyki\"],\"inLanguage\":\"pl-PL\",\"potentialAction\":[{\"@type\":\"CommentAction\",\"name\":\"Comment\",\"target\":[\"https:\/\/www.bandi.pl\/blog\/spf50-ktory-zabrac-na-majowke\/#respond\"]}]},{\"@type\":\"WebPage\",\"@id\":\"https:\/\/www.bandi.pl\/blog\/spf50-ktory-zabrac-na-majowke\/\",\"url\":\"https:\/\/www.bandi.pl\/blog\/spf50-ktory-zabrac-na-majowke\/\",\"name\":\"SPF50 - kt\u00f3ry zabra\u0107 na maj\u00f3wk\u0119? &#187; Blog BANDI\",\"isPartOf\":{\"@id\":\"https:\/\/www.bandi.pl\/blog\/#website\"},\"primaryImageOfPage\":{\"@id\":\"https:\/\/www.bandi.pl\/blog\/spf50-ktory-zabrac-na-majowke\/#primaryimage\"},\"image\":{\"@id\":\"https:\/\/www.bandi.pl\/blog\/spf50-ktory-zabrac-na-majowke\/#primaryimage\"},\"thumbnailUrl\":\"https:\/\/www.bandi.pl\/blog\/wp-content\/uploads\/2025\/04\/Projekt-bez-nazwy-4-9.png\",\"datePublished\":\"2025-04-24T10:01:26+00:00\",\"dateModified\":\"2025-04-24T10:01:27+00:00\",\"breadcrumb\":{\"@id\":\"https:\/\/www.bandi.pl\/blog\/spf50-ktory-zabrac-na-majowke\/#breadcrumb\"},\"inLanguage\":\"pl-PL\",\"potentialAction\":[{\"@type\":\"ReadAction\",\"target\":[\"https:\/\/www.bandi.pl\/blog\/spf50-ktory-zabrac-na-majowke\/\"]}]},{\"@type\":\"ImageObject\",\"inLanguage\":\"pl-PL\",\"@id\":\"https:\/\/www.bandi.pl\/blog\/spf50-ktory-zabrac-na-majowke\/#primaryimage\",\"url\":\"https:\/\/www.bandi.pl\/blog\/wp-content\/uploads\/2025\/04\/Projekt-bez-nazwy-4-9.png\",\"contentUrl\":\"https:\/\/www.bandi.pl\/blog\/wp-content\/uploads\/2025\/04\/Projekt-bez-nazwy-4-9.png\",\"width\":1748,\"height\":1240,\"caption\":\"maj\u00f3wka spf\"},{\"@type\":\"BreadcrumbList\",\"@id\":\"https:\/\/www.bandi.pl\/blog\/spf50-ktory-zabrac-na-majowke\/#breadcrumb\",\"itemListElement\":[{\"@type\":\"ListItem\",\"position\":1,\"name\":\"BANDI\",\"item\":\"https:\/\/www.bandi.pl\/blog\/\"},{\"@type\":\"ListItem\",\"position\":2,\"name\":\"SPF50 &#8211; kt\u00f3ry zabra\u0107 na maj\u00f3wk\u0119?\"}]},{\"@type\":\"WebSite\",\"@id\":\"https:\/\/www.bandi.pl\/blog\/#website\",\"url\":\"https:\/\/www.bandi.pl\/blog\/\",\"name\":\"Blog BANDI\",\"description\":\"Czarno na bia\u0142ym o kosmetykach\",\"publisher\":{\"@id\":\"https:\/\/www.bandi.pl\/blog\/#organization\"},\"potentialAction\":[{\"@type\":\"SearchAction\",\"target\":{\"@type\":\"EntryPoint\",\"urlTemplate\":\"https:\/\/www.bandi.pl\/blog\/?s={search_term_string}\"},\"query-input\":{\"@type\":\"PropertyValueSpecification\",\"valueRequired\":true,\"valueName\":\"search_term_string\"}}],\"inLanguage\":\"pl-PL\"},{\"@type\":\"Organization\",\"@id\":\"https:\/\/www.bandi.pl\/blog\/#organization\",\"name\":\"BANDI\",\"url\":\"https:\/\/www.bandi.pl\/blog\/\",\"logo\":{\"@type\":\"ImageObject\",\"inLanguage\":\"pl-PL\",\"@id\":\"https:\/\/www.bandi.pl\/blog\/#\/schema\/logo\/image\/\",\"url\":\"https:\/\/www.bandi.pl\/blog\/wp-content\/uploads\/2019\/06\/bandi-logo.png\",\"contentUrl\":\"https:\/\/www.bandi.pl\/blog\/wp-content\/uploads\/2019\/06\/bandi-logo.png\",\"width\":264,\"height\":111,\"caption\":\"BANDI\"},\"image\":{\"@id\":\"https:\/\/www.bandi.pl\/blog\/#\/schema\/logo\/image\/\"},\"sameAs\":[\"https:\/\/web.facebook.com\/BANDIcosmetics\",\"https:\/\/x.com\/bandi_cosmetics\",\"https:\/\/www.instagram.com\/bandi_cosmetics\/\",\"https:\/\/www.pinterest.com\/bandicosmetics\/\",\"https:\/\/www.youtube.com\/user\/BandiCosmeticsPolska\"]},{\"@type\":\"Person\",\"@id\":\"https:\/\/www.bandi.pl\/blog\/#\/schema\/person\/5ba05af1a18c58f1c31d4ae051ec9499\",\"name\":\"Ilona Kiraga\"}]}<\/script>\n<!-- \/ Yoast SEO plugin. -->","yoast_head_json":{"title":"SPF50 - kt\u00f3ry zabra\u0107 na maj\u00f3wk\u0119? &#187; Blog BANDI","robots":{"index":"index","follow":"follow","max-snippet":"max-snippet:-1","max-image-preview":"max-image-preview:large","max-video-preview":"max-video-preview:-1"},"canonical":"https:\/\/www.bandi.pl\/blog\/spf50-ktory-zabrac-na-majowke\/","og_locale":"pl_PL","og_type":"article","og_title":"SPF50 - kt\u00f3ry zabra\u0107 na maj\u00f3wk\u0119? &#187; Blog BANDI","og_description":"Maj\u00f3wka to doskona\u0142a okazja, by sp\u0119dza\u0107 czas na \u015bwie\u017cym powietrzu i cieszy\u0107 si\u0119 pierwszymi promieniami s\u0142o\u0144ca. Wiosenne s\u0142o\u0144ce bywa jednak bardzo zdradliwe i cho\u0107 wydaje si\u0119 delikatne mo\u017ce oddzia\u0142ywa\u0107 na sk\u00f3r\u0119 bardzo intensywnie. Dlatego zanim wybierzecie si\u0119 na spacer czy wypad za miasto koniecznie zadbajcie o odpowiedni\u0105 ochron\u0119 sk\u00f3ry przed szkodliwym promieniowaniem UV. Wysokiej jako\u015bci [&hellip;]","og_url":"https:\/\/www.bandi.pl\/blog\/spf50-ktory-zabrac-na-majowke\/","og_site_name":"Blog BANDI","article_publisher":"https:\/\/web.facebook.com\/BANDIcosmetics","article_published_time":"2025-04-24T10:01:26+00:00","article_modified_time":"2025-04-24T10:01:27+00:00","og_image":[{"width":705,"height":500,"url":"https:\/\/www.bandi.pl\/blog\/wp-content\/uploads\/2025\/04\/Projekt-bez-nazwy-4-9-705x500.png","type":"image\/png"}],"author":"Ilona Kiraga","twitter_card":"summary_large_image","twitter_creator":"@bandi_cosmetics","twitter_site":"@bandi_cosmetics","twitter_misc":{"Napisane przez":"Ilona Kiraga","Szacowany czas czytania":"6 minut"},"schema":{"@context":"https:\/\/schema.org","@graph":[{"@type":"Article","@id":"https:\/\/www.bandi.pl\/blog\/spf50-ktory-zabrac-na-majowke\/#article","isPartOf":{"@id":"https:\/\/www.bandi.pl\/blog\/spf50-ktory-zabrac-na-majowke\/"},"author":{"name":"Ilona Kiraga","@id":"https:\/\/www.bandi.pl\/blog\/#\/schema\/person\/5ba05af1a18c58f1c31d4ae051ec9499"},"headline":"SPF50 &#8211; kt\u00f3ry zabra\u0107 na maj\u00f3wk\u0119?","datePublished":"2025-04-24T10:01:26+00:00","dateModified":"2025-04-24T10:01:27+00:00","mainEntityOfPage":{"@id":"https:\/\/www.bandi.pl\/blog\/spf50-ktory-zabrac-na-majowke\/"},"wordCount":1170,"commentCount":0,"publisher":{"@id":"https:\/\/www.bandi.pl\/blog\/#organization"},"image":{"@id":"https:\/\/www.bandi.pl\/blog\/spf50-ktory-zabrac-na-majowke\/#primaryimage"},"thumbnailUrl":"https:\/\/www.bandi.pl\/blog\/wp-content\/uploads\/2025\/04\/Projekt-bez-nazwy-4-9.png","keywords":["Bandi","co zabra\u0107 na maj\u00f3wk\u0119","fotoprotekcja","ile kremu z filtrem na\u0142o\u017cy\u0107","jak stosowa\u0107 krem z filtrem","jaki krem z filtrem wybra\u0107","kosmetyki profesjonalne","krem nawil\u017caj\u0105cy","krem z filtrem","ochrona sk\u00f3ry przed s\u0142o\u0144cem","piel\u0119gnacja profesjonalna","piel\u0119gnacja twarzy","przeciw przebarwieniom","przygotowania do maj\u00f3wki","symbole na opakowaniu kremu z filtrem","UVA","UVB"],"articleSection":["Ilona Kiraga","Piel\u0119gnacja i kosmetyki"],"inLanguage":"pl-PL","potentialAction":[{"@type":"CommentAction","name":"Comment","target":["https:\/\/www.bandi.pl\/blog\/spf50-ktory-zabrac-na-majowke\/#respond"]}]},{"@type":"WebPage","@id":"https:\/\/www.bandi.pl\/blog\/spf50-ktory-zabrac-na-majowke\/","url":"https:\/\/www.bandi.pl\/blog\/spf50-ktory-zabrac-na-majowke\/","name":"SPF50 - kt\u00f3ry zabra\u0107 na maj\u00f3wk\u0119? &#187; Blog BANDI","isPartOf":{"@id":"https:\/\/www.bandi.pl\/blog\/#website"},"primaryImageOfPage":{"@id":"https:\/\/www.bandi.pl\/blog\/spf50-ktory-zabrac-na-majowke\/#primaryimage"},"image":{"@id":"https:\/\/www.bandi.pl\/blog\/spf50-ktory-zabrac-na-majowke\/#primaryimage"},"thumbnailUrl":"https:\/\/www.bandi.pl\/blog\/wp-content\/uploads\/2025\/04\/Projekt-bez-nazwy-4-9.png","datePublished":"2025-04-24T10:01:26+00:00","dateModified":"2025-04-24T10:01:27+00:00","breadcrumb":{"@id":"https:\/\/www.bandi.pl\/blog\/spf50-ktory-zabrac-na-majowke\/#breadcrumb"},"inLanguage":"pl-PL","potentialAction":[{"@type":"ReadAction","target":["https:\/\/www.bandi.pl\/blog\/spf50-ktory-zabrac-na-majowke\/"]}]},{"@type":"ImageObject","inLanguage":"pl-PL","@id":"https:\/\/www.bandi.pl\/blog\/spf50-ktory-zabrac-na-majowke\/#primaryimage","url":"https:\/\/www.bandi.pl\/blog\/wp-content\/uploads\/2025\/04\/Projekt-bez-nazwy-4-9.png","contentUrl":"https:\/\/www.bandi.pl\/blog\/wp-content\/uploads\/2025\/04\/Projekt-bez-nazwy-4-9.png","width":1748,"height":1240,"caption":"maj\u00f3wka spf"},{"@type":"BreadcrumbList","@id":"https:\/\/www.bandi.pl\/blog\/spf50-ktory-zabrac-na-majowke\/#breadcrumb","itemListElement":[{"@type":"ListItem","position":1,"name":"BANDI","item":"https:\/\/www.bandi.pl\/blog\/"},{"@type":"ListItem","position":2,"name":"SPF50 &#8211; kt\u00f3ry zabra\u0107 na maj\u00f3wk\u0119?"}]},{"@type":"WebSite","@id":"https:\/\/www.bandi.pl\/blog\/#website","url":"https:\/\/www.bandi.pl\/blog\/","name":"Blog BANDI","description":"Czarno na bia\u0142ym o kosmetykach","publisher":{"@id":"https:\/\/www.bandi.pl\/blog\/#organization"},"potentialAction":[{"@type":"SearchAction","target":{"@type":"EntryPoint","urlTemplate":"https:\/\/www.bandi.pl\/blog\/?s={search_term_string}"},"query-input":{"@type":"PropertyValueSpecification","valueRequired":true,"valueName":"search_term_string"}}],"inLanguage":"pl-PL"},{"@type":"Organization","@id":"https:\/\/www.bandi.pl\/blog\/#organization","name":"BANDI","url":"https:\/\/www.bandi.pl\/blog\/","logo":{"@type":"ImageObject","inLanguage":"pl-PL","@id":"https:\/\/www.bandi.pl\/blog\/#\/schema\/logo\/image\/","url":"https:\/\/www.bandi.pl\/blog\/wp-content\/uploads\/2019\/06\/bandi-logo.png","contentUrl":"https:\/\/www.bandi.pl\/blog\/wp-content\/uploads\/2019\/06\/bandi-logo.png","width":264,"height":111,"caption":"BANDI"},"image":{"@id":"https:\/\/www.bandi.pl\/blog\/#\/schema\/logo\/image\/"},"sameAs":["https:\/\/web.facebook.com\/BANDIcosmetics","https:\/\/x.com\/bandi_cosmetics","https:\/\/www.instagram.com\/bandi_cosmetics\/","https:\/\/www.pinterest.com\/bandicosmetics\/","https:\/\/www.youtube.com\/user\/BandiCosmeticsPolska"]},{"@type":"Person","@id":"https:\/\/www.bandi.pl\/blog\/#\/schema\/person\/5ba05af1a18c58f1c31d4ae051ec9499","name":"Ilona Kiraga"}]}},"_links":{"self":[{"href":"https:\/\/www.bandi.pl\/blog\/wp-json\/wp\/v2\/posts\/20679","targetHints":{"allow":["GET"]}}],"collection":[{"href":"https:\/\/www.bandi.pl\/blog\/wp-json\/wp\/v2\/posts"}],"about":[{"href":"https:\/\/www.bandi.pl\/blog\/wp-json\/wp\/v2\/types\/post"}],"author":[{"embeddable":true,"href":"https:\/\/www.bandi.pl\/blog\/wp-json\/wp\/v2\/users\/13"}],"replies":[{"embeddable":true,"href":"https:\/\/www.bandi.pl\/blog\/wp-json\/wp\/v2\/comments?post=20679"}],"version-history":[{"count":13,"href":"https:\/\/www.bandi.pl\/blog\/wp-json\/wp\/v2\/posts\/20679\/revisions"}],"predecessor-version":[{"id":20698,"href":"https:\/\/www.bandi.pl\/blog\/wp-json\/wp\/v2\/posts\/20679\/revisions\/20698"}],"wp:featuredmedia":[{"embeddable":true,"href":"https:\/\/www.bandi.pl\/blog\/wp-json\/wp\/v2\/media\/20692"}],"wp:attachment":[{"href":"https:\/\/www.bandi.pl\/blog\/wp-json\/wp\/v2\/media?parent=20679"}],"wp:term":[{"taxonomy":"category","embeddable":true,"href":"https:\/\/www.bandi.pl\/blog\/wp-json\/wp\/v2\/categories?post=20679"},{"taxonomy":"post_tag","embeddable":true,"href":"https:\/\/www.bandi.pl\/blog\/wp-json\/wp\/v2\/tags?post=20679"}],"curies":[{"name":"wp","href":"https:\/\/api.w.org\/{rel}","templated":true}]}}