{"id":20307,"date":"2025-03-06T12:46:38","date_gmt":"2025-03-06T11:46:38","guid":{"rendered":"https:\/\/www.bandi.pl\/blog\/?p=20307"},"modified":"2025-03-06T12:46:39","modified_gmt":"2025-03-06T11:46:39","slug":"jaki-powinien-byc-krem-dla-mezczyzny","status":"publish","type":"post","link":"https:\/\/www.bandi.pl\/blog\/jaki-powinien-byc-krem-dla-mezczyzny\/","title":{"rendered":"Jaki powinien by\u0107 krem dla m\u0119\u017cczyzny?"},"content":{"rendered":"\n<p>W ostatnim czasie temat piel\u0119gnacji m\u0119skiej sk\u00f3ry zdecydowanie zyska\u0142 na popularno\u015bci. Coraz wi\u0119cej m\u0119\u017cczyzn zacz\u0119\u0142o zauwa\u017ca\u0107 jak wa\u017cna jest odpowiednia troska o sk\u00f3r\u0119 i jak wiele korzy\u015bci mo\u017ce przynie\u015b\u0107. Jednocze\u015bnie panowie nadal pozostali minimalistami w tym zakresie. Ilo\u015b\u0107 stosowanych przez nich na co dzie\u0144 preparat\u00f3w jest zdecydowanie mniejsza ni\u017c w przypadku kobiet. Dlatego tak wa\u017cne jest aby by\u0142y prawid\u0142owo dobrane. W artykule podpowiadamy jaki krem b\u0119dzie najlepszy dla m\u0119\u017cczyzny.<\/p>\n\n\n\n<h2 class=\"wp-block-heading\">Rodzaj cery m\u0119\u017cczyzny a wyb\u00f3r kremu<\/h2>\n\n\n\n<p>Najwa\u017cniejszym czynnikiem decyduj\u0105cym o wyborze kremu dla m\u0119\u017cczyzny powinno by\u0107 okre\u015blenie rodzaju cery. M\u0119ska sk\u00f3ra charakteryzuj\u0119 si\u0119 wi\u0119ksz\u0105 grubo\u015bci\u0105 i wytrzyma\u0142o\u015bci\u0105 od kobiecej. Podobnie jednak do niej mo\u017ce boryka\u0107 si\u0119 z r\u00f3\u017cnymi problemami, takimi jak: przesuszenie, \u0142ojotok, niedoskona\u0142o\u015bci, naczynka, przebarwienia czy sk\u0142onno\u015b\u0107 do podra\u017cnie\u0144. Krem dla m\u0119\u017cczyzny powinien by\u0107 zatem dobrany w taki spos\u00f3b aby odpowiada\u0107 na aktualne potrzeby sk\u00f3ry.<\/p>\n\n\n\n<h4 class=\"wp-block-heading\">Kremy nawil\u017caj\u0105ce<\/h4>\n\n\n\n<p>Nawil\u017canie jest podstaw\u0105 piel\u0119gnacji ka\u017cdej sk\u00f3ry, tak\u017ce m\u0119skiej. Dlatego najbardziej <a href=\"https:\/\/www.bandi.pl\/sklep\/kremy\/krem-do-twarzy-nawilzajaco-kojacy-1080\/\">uniwersalny krem dla m\u0119\u017cczyzn<\/a> to preparat zawieraj\u0105cy w sk\u0142adzie substancje pomagaj\u0105ce zatrzyma\u0107 wod\u0119 w sk\u00f3rze. Sk\u0142adniki te mo\u017cna podzieli\u0107 na dwa rodzaje: humektanty o w\u0142a\u015bciwo\u015bciach higroskopijnych, czyli wi\u0105\u017c\u0105cych wod\u0119 (np. kwas hialuronowy) i emolienty, kt\u00f3re tworz\u0105 na powierzchni nask\u00f3rka ochronn\u0105 warstw\u0119 zapobiegaj\u0105c\u0105 nadmiernej utracie wilgoci. &nbsp;<\/p>\n\n\n\n<h4 class=\"wp-block-heading\">Krem do twarzy z SPF<\/h4>\n\n\n\n<p>Promieniowanie UV jest jednym z g\u0142\u00f3wnych czynnik\u00f3w przyspieszaj\u0105cych starzenie si\u0119 sk\u00f3ry i predysponuj\u0105cych do powstawania przebarwie\u0144. Negatywnie oddzia\u0142uje r\u00f3wnie\u017c na kondycj\u0119 naczy\u0144 i stopie\u0144 nawil\u017cenia sk\u00f3ry. Dlatego dobry krem dla m\u0119\u017cczyzny powinien zawiera\u0107 r\u00f3wnie\u017c <a href=\"https:\/\/www.bandi.pl\/sklep\/kremy\/krem-do-twarzy-spf30-ochrona-uvb-i-uva-1140\/\">filtr przeciws\u0142oneczny<\/a>. Wa\u017cne aby dzia\u0142a\u0142 on zar\u00f3wno w zakresie UVB, jak i UVA. Dodatkowo powinien mie\u0107 przyjemn\u0105 w stosowaniu lekk\u0105, niet\u0142ust\u0105 konsystencj\u0119, gdy\u017c m\u0119\u017cczy\u017ani takie preferuj\u0105.<\/p>\n\n\n\n<h4 class=\"wp-block-heading\">Kremy przeciwzmarszczkowe<\/h4>\n\n\n\n<p>U m\u0119\u017cczyzn, ze wzgl\u0119du na r\u00f3\u017cnice w budowie sk\u00f3ry, oznaki starzenia pojawiaj\u0105 si\u0119 zwykle p\u00f3\u017aniej ni\u017c u kobiet. Zmarszczki s\u0105 jednak g\u0142\u0119bsze i bardziej widoczne, dlatego tak wa\u017cne jest by poprzez odpowiedni\u0105 piel\u0119gnacj\u0119 im przeciwdzia\u0142a\u0107. W <a href=\"https:\/\/www.bandi.pl\/sklep\/kremy\/krem-do-twarzy-przeciwzmarszczkowy-1082\/\">kremie dla m\u0119\u017cczyzny przeciwzmarszczkowym<\/a> warto szuka\u0107 sprawdzonych i skutecznych sk\u0142adnik\u00f3w aktywnych, takich jak: peptydy, kolagen ro\u015blinny, retinol, witamina C. Okolic\u0105 twarzy, na kt\u00f3rej zmarszczki s\u0105 najszybciej widoczne jest sk\u00f3ra wok\u00f3\u0142 oczu. Dlatego istotnym elementem piel\u0119gnacji anti aging jest tak\u017ce regularne stosowanie <a href=\"https:\/\/www.bandi.pl\/sklep\/kremy-pod-oczy\/krem-pod-oczy-cienie-i-opuchniecia-1081\/\">kremu pod oczy<\/a>.<\/p>\n\n\n\n<figure class=\"wp-block-image size-large is-resized\"><a href=\"https:\/\/www.bandi.pl\/sklep\/katalog.php?wyr=4men+przeciwzmarszczkowy\"><img loading=\"lazy\" decoding=\"async\" width=\"750\" height=\"500\" src=\"https:\/\/www.bandi.pl\/blog\/wp-content\/uploads\/2025\/03\/20231005-20231005-5-10-4291-\u2014-kopia-750x500.png\" alt=\"\" class=\"wp-image-20311\" style=\"width:507px;height:auto\" srcset=\"https:\/\/www.bandi.pl\/blog\/wp-content\/uploads\/2025\/03\/20231005-20231005-5-10-4291-\u2014-kopia-750x500.png 750w, https:\/\/www.bandi.pl\/blog\/wp-content\/uploads\/2025\/03\/20231005-20231005-5-10-4291-\u2014-kopia-300x200.png 300w, https:\/\/www.bandi.pl\/blog\/wp-content\/uploads\/2025\/03\/20231005-20231005-5-10-4291-\u2014-kopia-768x512.png 768w, https:\/\/www.bandi.pl\/blog\/wp-content\/uploads\/2025\/03\/20231005-20231005-5-10-4291-\u2014-kopia-1536x1024.png 1536w, https:\/\/www.bandi.pl\/blog\/wp-content\/uploads\/2025\/03\/20231005-20231005-5-10-4291-\u2014-kopia-2048x1365.png 2048w, https:\/\/www.bandi.pl\/blog\/wp-content\/uploads\/2025\/03\/20231005-20231005-5-10-4291-\u2014-kopia-1080x720.png 1080w, https:\/\/www.bandi.pl\/blog\/wp-content\/uploads\/2025\/03\/20231005-20231005-5-10-4291-\u2014-kopia-1280x853.png 1280w, https:\/\/www.bandi.pl\/blog\/wp-content\/uploads\/2025\/03\/20231005-20231005-5-10-4291-\u2014-kopia-980x653.png 980w, https:\/\/www.bandi.pl\/blog\/wp-content\/uploads\/2025\/03\/20231005-20231005-5-10-4291-\u2014-kopia-480x320.png 480w\" sizes=\"(max-width: 750px) 100vw, 750px\" \/><\/a><\/figure>\n\n\n\n<h4 class=\"wp-block-heading\">Kremy po goleniu<\/h4>\n\n\n\n<p>Sk\u00f3ra m\u0119\u017cczyzn, ze wzgl\u0119du na regularne golenie, jest szczeg\u00f3lnie nara\u017cona na podra\u017cnienia. Dlatego codzienna piel\u0119gnacja powinna opiera\u0107 si\u0119 r\u00f3wnie\u017c o <a href=\"https:\/\/www.bandi.pl\/sklep\/kremy\/krem-do-twarzy-nawilzajaco-kojacy-1080\/\">kosmetyki o w\u0142a\u015bciwo\u015bciach koj\u0105cych<\/a>, redukuj\u0105cych zaczerwienienia. W sk\u0142adzie preparat\u00f3w warto szuka\u0107 sk\u0142adnik\u00f3w, takich jak: awenantramidy, d-pantenol, alantoina, kt\u00f3re \u0142agodz\u0105 podra\u017cnienia i przyspieszaj\u0105 regeneracj\u0119 nask\u00f3rka. Krem po goleniu powinien tak\u017ce wykazywa\u0107 w\u0142a\u015bciwo\u015bci nawil\u017caj\u0105ce i odbudowuj\u0105ce barier\u0119 ochronn\u0105 sk\u00f3ry.&nbsp;<\/p>\n\n\n\n<p>Najlepszy krem dla m\u0119\u017cczyzny to taki, kt\u00f3ry b\u0119dzie dobrze dobrany do stanu i aktualnych potrzeb sk\u00f3ry. Pewne w\u0142a\u015bciwo\u015bci preparat\u00f3w piel\u0119gnacyjnych s\u0105 jednak niezb\u0119dne niezale\u017cnie od rodzaju cery. Nale\u017cy do nich nawil\u017canie, ochrona przeciws\u0142oneczna i profilaktyka przeciwstarzeniowa.<\/p>\n\n\n\n<div class=\"wp-block-divi-layout\">[et_pb_section fb_built=&#8221;1&#8243; theme_builder_area=&#8221;post_content&#8221; _builder_version=&#8221;4.22.2&#8243; _module_preset=&#8221;default&#8221;][\/et_pb_section][et_pb_section fb_built=&#8221;1&#8243; _builder_version=&#8221;4.16&#8243; top_divider_style=&#8221;arrow&#8221; top_divider_color=&#8221;rgba(255,166,168,0.75)&#8221; top_divider_height=&#8221;1px&#8221; bottom_divider_style=&#8221;arrow&#8221; bottom_divider_color=&#8221;rgba(255,166,168,0.75)&#8221; bottom_divider_height=&#8221;1px&#8221; global_colors_info=&#8221;{}&#8221; theme_builder_area=&#8221;post_content&#8221;][et_pb_row column_structure=&#8221;1_2,1_2&#8243; _builder_version=&#8221;4.16&#8243; width=&#8221;100%&#8221; module_alignment=&#8221;left&#8221; custom_margin=&#8221;||||false|false&#8221; global_colors_info=&#8221;{}&#8221; theme_builder_area=&#8221;post_content&#8221;][et_pb_column type=&#8221;1_2&#8243; _builder_version=&#8221;4.16&#8243; global_colors_info=&#8221;{}&#8221; theme_builder_area=&#8221;post_content&#8221;][et_pb_text _builder_version=&#8221;4.22.2&#8243; text_font=&#8221;Raleway Bold||||||||&#8221; text_text_color=&#8221;rgba(255,166,168,0.75)&#8221; text_font_size=&#8221;55px&#8221; text_letter_spacing=&#8221;9px&#8221; text_line_height=&#8221;1em&#8221; header_font_size=&#8221;39px&#8221; min_height=&#8221;23px&#8221; custom_margin=&#8221;40px||||false|false&#8221; link_option_url=&#8221;https:\/\/www.bandi.pl\/sklep\/katalog\/seria\/105_4men-care\/&#8221; hover_enabled=&#8221;0&#8243; inline_fonts=&#8221;Raleway Bold&#8221; global_colors_info=&#8221;{}&#8221; theme_builder_area=&#8221;post_content&#8221; sticky_enabled=&#8221;0&#8243;]<p style=\"text-align: center;\"><span style=\"font-size: xx-large; font-family: inherit; font-weight: normal;\"><strong>4MEN CARE<\/strong><\/span><\/p>\n<p style=\"text-align: center;\"><span style=\"font-size: xx-large; font-family: inherit; font-weight: normal;\"><strong><\/strong><\/span><\/p>[\/et_pb_text][et_pb_text _builder_version=&#8221;4.22.2&#8243; text_font=&#8221;Raleway Regular||||||||&#8221; text_text_color=&#8221;#b8b8b8&#8243; text_font_size=&#8221;22px&#8221; text_line_height=&#8221;1.5em&#8221; link_option_url=&#8221;https:\/\/www.bandi.pl\/sklep\/katalog\/seria\/105_4men-care\/&#8221; hover_enabled=&#8221;0&#8243; global_colors_info=&#8221;{}&#8221; theme_builder_area=&#8221;post_content&#8221; sticky_enabled=&#8221;0&#8243;]<p style=\"text-align: center;\">Prosta i skuteczna piel\u0119gnacja m\u0119skiej sk\u00f3ry<\/p>\n<p style=\"text-align: center;\"><\/p>\n<p style=\"text-align: center;\"><\/p>[\/et_pb_text][et_pb_button button_url=&#8221;https:\/\/www.bandi.pl\/sklep\/katalog\/seria\/105_4men-care\/&#8221; button_text=&#8221;ZOBACZ&#8221; button_alignment=&#8221;center&#8221; disabled_on=&#8221;off|off|off&#8221; _builder_version=&#8221;4.22.2&#8243; custom_button=&#8221;on&#8221; button_text_size=&#8221;20px&#8221; button_text_color=&#8221;#ffffff&#8221; button_border_radius=&#8221;25px&#8221; button_font=&#8221;Bree Serif||||||||&#8221; background_layout=&#8221;dark&#8221; custom_padding=&#8221;12px|30px|12px|30px|true|true&#8221; hover_transition_duration=&#8221;0ms&#8221; hover_enabled=&#8221;0&#8243; box_shadow_style=&#8221;preset3&#8243; global_colors_info=&#8221;{}&#8221; theme_builder_area=&#8221;post_content&#8221; sticky_enabled=&#8221;0&#8243;][\/et_pb_button][\/et_pb_column][et_pb_column type=&#8221;1_2&#8243; _builder_version=&#8221;4.16&#8243; global_colors_info=&#8221;{}&#8221; theme_builder_area=&#8221;post_content&#8221;][et_pb_image src=&#8221;https:\/\/www.bandi.pl\/blog\/wp-content\/uploads\/2025\/03\/men_flat_caly_kosmetyczka999.png&#8221; title_text=&#8221;men_flat_ca\u0142y_kosmetyczka999&#8243; url=&#8221;https:\/\/www.bandi.pl\/sklep\/katalog\/seria\/105_4men-care\/&#8221; align=&#8221;center&#8221; _builder_version=&#8221;4.22.2&#8243; width=&#8221;100%&#8221; hover_enabled=&#8221;0&#8243; global_colors_info=&#8221;{}&#8221; theme_builder_area=&#8221;post_content&#8221; sticky_enabled=&#8221;0&#8243;][\/et_pb_image][\/et_pb_column][\/et_pb_row][\/et_pb_section]<\/div>\n\n\n\n<div class=\"wp-block-divi-layout\">[et_pb_section admin_label=&#8221;section&#8221;][et_pb_row admin_label=&#8221;row&#8221;][\/et_pb_row][\/et_pb_section]<\/div>\n","protected":false},"excerpt":{"rendered":"<p>W ostatnim czasie temat piel\u0119gnacji m\u0119skiej sk\u00f3ry zdecydowanie zyska\u0142 na popularno\u015bci. Coraz wi\u0119cej m\u0119\u017cczyzn zacz\u0119\u0142o zauwa\u017ca\u0107 jak wa\u017cna jest odpowiednia troska o sk\u00f3r\u0119 i jak wiele korzy\u015bci mo\u017ce przynie\u015b\u0107. Jednocze\u015bnie panowie nadal pozostali minimalistami w tym zakresie. Ilo\u015b\u0107 stosowanych przez nich na co dzie\u0144 preparat\u00f3w jest zdecydowanie mniejsza ni\u017c w przypadku kobiet. Dlatego tak wa\u017cne [&hellip;]<\/p>\n","protected":false},"author":13,"featured_media":20314,"comment_status":"open","ping_status":"closed","sticky":false,"template":"","format":"standard","meta":{"_et_pb_use_builder":"off","_et_pb_old_content":"","_et_gb_content_width":"","footnotes":""},"categories":[2775,1817],"tags":[3445,7099,4232,4031,8675,3875,4105,5929,6880,4230,8674,5868,3687],"class_list":["post-20307","post","type-post","status-publish","format-standard","has-post-thumbnail","hentry","category-ilona-kiraga","category-kategoria-pielegnacja-i-kosmetyki","tag-bandi","tag-kosmetyki-dla-mezczyzn","tag-kosmetyki-profesjonalne","tag-krem-nawilzajacy","tag-krem-po-goleniu","tag-krem-pod-oczy","tag-krem-z-filtrem","tag-meska-pielegnacja","tag-minimalistyczna-pielegnacja","tag-pielegnacja-profesjonalna","tag-pielegnacja-skory-mezczyzn","tag-pielegnacja-twarzy","tag-spf"],"yoast_head":"<!-- This site is optimized with the Yoast SEO plugin v27.1.1 - https:\/\/yoast.com\/product\/yoast-seo-wordpress\/ -->\n<title>Jaki powinien by\u0107 krem dla m\u0119\u017cczyzny? &#187; Blog BANDI<\/title>\n<meta name=\"description\" content=\"Najlepszy krem dla m\u0119\u017cczyzny to taki, kt\u00f3ry b\u0119dzie dobrze dobrany do stanu i aktualnych potrzeb sk\u00f3ry. Pewne w\u0142a\u015bciwo\u015bci preparat\u00f3w piel\u0119gnacyjnych s\u0105 jednak istotne niezale\u017cnie od rodzaju cery. Nale\u017cy do nich nawil\u017canie, ochrona przeciws\u0142oneczna i profilaktyka przeciwstarzeniowa.\" \/>\n<meta name=\"robots\" content=\"index, follow, max-snippet:-1, max-image-preview:large, max-video-preview:-1\" \/>\n<link rel=\"canonical\" href=\"https:\/\/www.bandi.pl\/blog\/jaki-powinien-byc-krem-dla-mezczyzny\/\" \/>\n<meta property=\"og:locale\" content=\"pl_PL\" \/>\n<meta property=\"og:type\" content=\"article\" \/>\n<meta property=\"og:title\" content=\"Jaki powinien by\u0107 krem dla m\u0119\u017cczyzny? &#187; Blog BANDI\" \/>\n<meta property=\"og:description\" content=\"Najlepszy krem dla m\u0119\u017cczyzny to taki, kt\u00f3ry b\u0119dzie dobrze dobrany do stanu i aktualnych potrzeb sk\u00f3ry. Pewne w\u0142a\u015bciwo\u015bci preparat\u00f3w piel\u0119gnacyjnych s\u0105 jednak istotne niezale\u017cnie od rodzaju cery. Nale\u017cy do nich nawil\u017canie, ochrona przeciws\u0142oneczna i profilaktyka przeciwstarzeniowa.\" \/>\n<meta property=\"og:url\" content=\"https:\/\/www.bandi.pl\/blog\/jaki-powinien-byc-krem-dla-mezczyzny\/\" \/>\n<meta property=\"og:site_name\" content=\"Blog BANDI\" \/>\n<meta property=\"article:publisher\" content=\"https:\/\/web.facebook.com\/BANDIcosmetics\" \/>\n<meta property=\"article:published_time\" content=\"2025-03-06T11:46:38+00:00\" \/>\n<meta property=\"article:modified_time\" content=\"2025-03-06T11:46:39+00:00\" \/>\n<meta property=\"og:image\" content=\"https:\/\/www.bandi.pl\/blog\/wp-content\/uploads\/2025\/03\/Projekt-bez-nazwy-4-1-705x500.png\" \/>\n\t<meta property=\"og:image:width\" content=\"705\" \/>\n\t<meta property=\"og:image:height\" content=\"500\" \/>\n\t<meta property=\"og:image:type\" content=\"image\/png\" \/>\n<meta name=\"author\" content=\"Ilona Kiraga\" \/>\n<meta name=\"twitter:card\" content=\"summary_large_image\" \/>\n<meta name=\"twitter:creator\" content=\"@bandi_cosmetics\" \/>\n<meta name=\"twitter:site\" content=\"@bandi_cosmetics\" \/>\n<meta name=\"twitter:label1\" content=\"Napisane przez\" \/>\n\t<meta name=\"twitter:data1\" content=\"Ilona Kiraga\" \/>\n\t<meta name=\"twitter:label2\" content=\"Szacowany czas czytania\" \/>\n\t<meta name=\"twitter:data2\" content=\"4 minuty\" \/>\n<script type=\"application\/ld+json\" class=\"yoast-schema-graph\">{\"@context\":\"https:\/\/schema.org\",\"@graph\":[{\"@type\":\"Article\",\"@id\":\"https:\/\/www.bandi.pl\/blog\/jaki-powinien-byc-krem-dla-mezczyzny\/#article\",\"isPartOf\":{\"@id\":\"https:\/\/www.bandi.pl\/blog\/jaki-powinien-byc-krem-dla-mezczyzny\/\"},\"author\":{\"name\":\"Ilona Kiraga\",\"@id\":\"https:\/\/www.bandi.pl\/blog\/#\/schema\/person\/5ba05af1a18c58f1c31d4ae051ec9499\"},\"headline\":\"Jaki powinien by\u0107 krem dla m\u0119\u017cczyzny?\",\"datePublished\":\"2025-03-06T11:46:38+00:00\",\"dateModified\":\"2025-03-06T11:46:39+00:00\",\"mainEntityOfPage\":{\"@id\":\"https:\/\/www.bandi.pl\/blog\/jaki-powinien-byc-krem-dla-mezczyzny\/\"},\"wordCount\":979,\"commentCount\":0,\"publisher\":{\"@id\":\"https:\/\/www.bandi.pl\/blog\/#organization\"},\"image\":{\"@id\":\"https:\/\/www.bandi.pl\/blog\/jaki-powinien-byc-krem-dla-mezczyzny\/#primaryimage\"},\"thumbnailUrl\":\"https:\/\/www.bandi.pl\/blog\/wp-content\/uploads\/2025\/03\/Projekt-bez-nazwy-4-1.png\",\"keywords\":[\"Bandi\",\"kosmetyki dla m\u0119\u017cczyzn\",\"kosmetyki profesjonalne\",\"krem nawil\u017cajacy\",\"krem po goleniu\",\"krem pod oczy\",\"krem z filtrem\",\"m\u0119ska piel\u0119gnacja\",\"minimalistyczna piel\u0119gnacja\",\"piel\u0119gnacja profesjonalna\",\"piel\u0119gnacja sk\u00f3ry m\u0119\u017cczyzn\",\"piel\u0119gnacja twarzy\",\"SPF\"],\"articleSection\":[\"Ilona Kiraga\",\"Piel\u0119gnacja i kosmetyki\"],\"inLanguage\":\"pl-PL\",\"potentialAction\":[{\"@type\":\"CommentAction\",\"name\":\"Comment\",\"target\":[\"https:\/\/www.bandi.pl\/blog\/jaki-powinien-byc-krem-dla-mezczyzny\/#respond\"]}]},{\"@type\":\"WebPage\",\"@id\":\"https:\/\/www.bandi.pl\/blog\/jaki-powinien-byc-krem-dla-mezczyzny\/\",\"url\":\"https:\/\/www.bandi.pl\/blog\/jaki-powinien-byc-krem-dla-mezczyzny\/\",\"name\":\"Jaki powinien by\u0107 krem dla m\u0119\u017cczyzny? &#187; Blog BANDI\",\"isPartOf\":{\"@id\":\"https:\/\/www.bandi.pl\/blog\/#website\"},\"primaryImageOfPage\":{\"@id\":\"https:\/\/www.bandi.pl\/blog\/jaki-powinien-byc-krem-dla-mezczyzny\/#primaryimage\"},\"image\":{\"@id\":\"https:\/\/www.bandi.pl\/blog\/jaki-powinien-byc-krem-dla-mezczyzny\/#primaryimage\"},\"thumbnailUrl\":\"https:\/\/www.bandi.pl\/blog\/wp-content\/uploads\/2025\/03\/Projekt-bez-nazwy-4-1.png\",\"datePublished\":\"2025-03-06T11:46:38+00:00\",\"dateModified\":\"2025-03-06T11:46:39+00:00\",\"description\":\"Najlepszy krem dla m\u0119\u017cczyzny to taki, kt\u00f3ry b\u0119dzie dobrze dobrany do stanu i aktualnych potrzeb sk\u00f3ry. Pewne w\u0142a\u015bciwo\u015bci preparat\u00f3w piel\u0119gnacyjnych s\u0105 jednak istotne niezale\u017cnie od rodzaju cery. Nale\u017cy do nich nawil\u017canie, ochrona przeciws\u0142oneczna i profilaktyka przeciwstarzeniowa.\",\"breadcrumb\":{\"@id\":\"https:\/\/www.bandi.pl\/blog\/jaki-powinien-byc-krem-dla-mezczyzny\/#breadcrumb\"},\"inLanguage\":\"pl-PL\",\"potentialAction\":[{\"@type\":\"ReadAction\",\"target\":[\"https:\/\/www.bandi.pl\/blog\/jaki-powinien-byc-krem-dla-mezczyzny\/\"]}]},{\"@type\":\"ImageObject\",\"inLanguage\":\"pl-PL\",\"@id\":\"https:\/\/www.bandi.pl\/blog\/jaki-powinien-byc-krem-dla-mezczyzny\/#primaryimage\",\"url\":\"https:\/\/www.bandi.pl\/blog\/wp-content\/uploads\/2025\/03\/Projekt-bez-nazwy-4-1.png\",\"contentUrl\":\"https:\/\/www.bandi.pl\/blog\/wp-content\/uploads\/2025\/03\/Projekt-bez-nazwy-4-1.png\",\"width\":1748,\"height\":1240,\"caption\":\"krem dla m\u0119\u017cczyzny\"},{\"@type\":\"BreadcrumbList\",\"@id\":\"https:\/\/www.bandi.pl\/blog\/jaki-powinien-byc-krem-dla-mezczyzny\/#breadcrumb\",\"itemListElement\":[{\"@type\":\"ListItem\",\"position\":1,\"name\":\"BANDI\",\"item\":\"https:\/\/www.bandi.pl\/blog\/\"},{\"@type\":\"ListItem\",\"position\":2,\"name\":\"Jaki powinien by\u0107 krem dla m\u0119\u017cczyzny?\"}]},{\"@type\":\"WebSite\",\"@id\":\"https:\/\/www.bandi.pl\/blog\/#website\",\"url\":\"https:\/\/www.bandi.pl\/blog\/\",\"name\":\"Blog BANDI\",\"description\":\"Czarno na bia\u0142ym o kosmetykach\",\"publisher\":{\"@id\":\"https:\/\/www.bandi.pl\/blog\/#organization\"},\"potentialAction\":[{\"@type\":\"SearchAction\",\"target\":{\"@type\":\"EntryPoint\",\"urlTemplate\":\"https:\/\/www.bandi.pl\/blog\/?s={search_term_string}\"},\"query-input\":{\"@type\":\"PropertyValueSpecification\",\"valueRequired\":true,\"valueName\":\"search_term_string\"}}],\"inLanguage\":\"pl-PL\"},{\"@type\":\"Organization\",\"@id\":\"https:\/\/www.bandi.pl\/blog\/#organization\",\"name\":\"BANDI\",\"url\":\"https:\/\/www.bandi.pl\/blog\/\",\"logo\":{\"@type\":\"ImageObject\",\"inLanguage\":\"pl-PL\",\"@id\":\"https:\/\/www.bandi.pl\/blog\/#\/schema\/logo\/image\/\",\"url\":\"https:\/\/www.bandi.pl\/blog\/wp-content\/uploads\/2019\/06\/bandi-logo.png\",\"contentUrl\":\"https:\/\/www.bandi.pl\/blog\/wp-content\/uploads\/2019\/06\/bandi-logo.png\",\"width\":264,\"height\":111,\"caption\":\"BANDI\"},\"image\":{\"@id\":\"https:\/\/www.bandi.pl\/blog\/#\/schema\/logo\/image\/\"},\"sameAs\":[\"https:\/\/web.facebook.com\/BANDIcosmetics\",\"https:\/\/x.com\/bandi_cosmetics\",\"https:\/\/www.instagram.com\/bandi_cosmetics\/\",\"https:\/\/www.pinterest.com\/bandicosmetics\/\",\"https:\/\/www.youtube.com\/user\/BandiCosmeticsPolska\"]},{\"@type\":\"Person\",\"@id\":\"https:\/\/www.bandi.pl\/blog\/#\/schema\/person\/5ba05af1a18c58f1c31d4ae051ec9499\",\"name\":\"Ilona Kiraga\"}]}<\/script>\n<!-- \/ Yoast SEO plugin. -->","yoast_head_json":{"title":"Jaki powinien by\u0107 krem dla m\u0119\u017cczyzny? &#187; Blog BANDI","description":"Najlepszy krem dla m\u0119\u017cczyzny to taki, kt\u00f3ry b\u0119dzie dobrze dobrany do stanu i aktualnych potrzeb sk\u00f3ry. Pewne w\u0142a\u015bciwo\u015bci preparat\u00f3w piel\u0119gnacyjnych s\u0105 jednak istotne niezale\u017cnie od rodzaju cery. Nale\u017cy do nich nawil\u017canie, ochrona przeciws\u0142oneczna i profilaktyka przeciwstarzeniowa.","robots":{"index":"index","follow":"follow","max-snippet":"max-snippet:-1","max-image-preview":"max-image-preview:large","max-video-preview":"max-video-preview:-1"},"canonical":"https:\/\/www.bandi.pl\/blog\/jaki-powinien-byc-krem-dla-mezczyzny\/","og_locale":"pl_PL","og_type":"article","og_title":"Jaki powinien by\u0107 krem dla m\u0119\u017cczyzny? &#187; Blog BANDI","og_description":"Najlepszy krem dla m\u0119\u017cczyzny to taki, kt\u00f3ry b\u0119dzie dobrze dobrany do stanu i aktualnych potrzeb sk\u00f3ry. Pewne w\u0142a\u015bciwo\u015bci preparat\u00f3w piel\u0119gnacyjnych s\u0105 jednak istotne niezale\u017cnie od rodzaju cery. Nale\u017cy do nich nawil\u017canie, ochrona przeciws\u0142oneczna i profilaktyka przeciwstarzeniowa.","og_url":"https:\/\/www.bandi.pl\/blog\/jaki-powinien-byc-krem-dla-mezczyzny\/","og_site_name":"Blog BANDI","article_publisher":"https:\/\/web.facebook.com\/BANDIcosmetics","article_published_time":"2025-03-06T11:46:38+00:00","article_modified_time":"2025-03-06T11:46:39+00:00","og_image":[{"width":705,"height":500,"url":"https:\/\/www.bandi.pl\/blog\/wp-content\/uploads\/2025\/03\/Projekt-bez-nazwy-4-1-705x500.png","type":"image\/png"}],"author":"Ilona Kiraga","twitter_card":"summary_large_image","twitter_creator":"@bandi_cosmetics","twitter_site":"@bandi_cosmetics","twitter_misc":{"Napisane przez":"Ilona Kiraga","Szacowany czas czytania":"4 minuty"},"schema":{"@context":"https:\/\/schema.org","@graph":[{"@type":"Article","@id":"https:\/\/www.bandi.pl\/blog\/jaki-powinien-byc-krem-dla-mezczyzny\/#article","isPartOf":{"@id":"https:\/\/www.bandi.pl\/blog\/jaki-powinien-byc-krem-dla-mezczyzny\/"},"author":{"name":"Ilona Kiraga","@id":"https:\/\/www.bandi.pl\/blog\/#\/schema\/person\/5ba05af1a18c58f1c31d4ae051ec9499"},"headline":"Jaki powinien by\u0107 krem dla m\u0119\u017cczyzny?","datePublished":"2025-03-06T11:46:38+00:00","dateModified":"2025-03-06T11:46:39+00:00","mainEntityOfPage":{"@id":"https:\/\/www.bandi.pl\/blog\/jaki-powinien-byc-krem-dla-mezczyzny\/"},"wordCount":979,"commentCount":0,"publisher":{"@id":"https:\/\/www.bandi.pl\/blog\/#organization"},"image":{"@id":"https:\/\/www.bandi.pl\/blog\/jaki-powinien-byc-krem-dla-mezczyzny\/#primaryimage"},"thumbnailUrl":"https:\/\/www.bandi.pl\/blog\/wp-content\/uploads\/2025\/03\/Projekt-bez-nazwy-4-1.png","keywords":["Bandi","kosmetyki dla m\u0119\u017cczyzn","kosmetyki profesjonalne","krem nawil\u017cajacy","krem po goleniu","krem pod oczy","krem z filtrem","m\u0119ska piel\u0119gnacja","minimalistyczna piel\u0119gnacja","piel\u0119gnacja profesjonalna","piel\u0119gnacja sk\u00f3ry m\u0119\u017cczyzn","piel\u0119gnacja twarzy","SPF"],"articleSection":["Ilona Kiraga","Piel\u0119gnacja i kosmetyki"],"inLanguage":"pl-PL","potentialAction":[{"@type":"CommentAction","name":"Comment","target":["https:\/\/www.bandi.pl\/blog\/jaki-powinien-byc-krem-dla-mezczyzny\/#respond"]}]},{"@type":"WebPage","@id":"https:\/\/www.bandi.pl\/blog\/jaki-powinien-byc-krem-dla-mezczyzny\/","url":"https:\/\/www.bandi.pl\/blog\/jaki-powinien-byc-krem-dla-mezczyzny\/","name":"Jaki powinien by\u0107 krem dla m\u0119\u017cczyzny? &#187; Blog BANDI","isPartOf":{"@id":"https:\/\/www.bandi.pl\/blog\/#website"},"primaryImageOfPage":{"@id":"https:\/\/www.bandi.pl\/blog\/jaki-powinien-byc-krem-dla-mezczyzny\/#primaryimage"},"image":{"@id":"https:\/\/www.bandi.pl\/blog\/jaki-powinien-byc-krem-dla-mezczyzny\/#primaryimage"},"thumbnailUrl":"https:\/\/www.bandi.pl\/blog\/wp-content\/uploads\/2025\/03\/Projekt-bez-nazwy-4-1.png","datePublished":"2025-03-06T11:46:38+00:00","dateModified":"2025-03-06T11:46:39+00:00","description":"Najlepszy krem dla m\u0119\u017cczyzny to taki, kt\u00f3ry b\u0119dzie dobrze dobrany do stanu i aktualnych potrzeb sk\u00f3ry. Pewne w\u0142a\u015bciwo\u015bci preparat\u00f3w piel\u0119gnacyjnych s\u0105 jednak istotne niezale\u017cnie od rodzaju cery. Nale\u017cy do nich nawil\u017canie, ochrona przeciws\u0142oneczna i profilaktyka przeciwstarzeniowa.","breadcrumb":{"@id":"https:\/\/www.bandi.pl\/blog\/jaki-powinien-byc-krem-dla-mezczyzny\/#breadcrumb"},"inLanguage":"pl-PL","potentialAction":[{"@type":"ReadAction","target":["https:\/\/www.bandi.pl\/blog\/jaki-powinien-byc-krem-dla-mezczyzny\/"]}]},{"@type":"ImageObject","inLanguage":"pl-PL","@id":"https:\/\/www.bandi.pl\/blog\/jaki-powinien-byc-krem-dla-mezczyzny\/#primaryimage","url":"https:\/\/www.bandi.pl\/blog\/wp-content\/uploads\/2025\/03\/Projekt-bez-nazwy-4-1.png","contentUrl":"https:\/\/www.bandi.pl\/blog\/wp-content\/uploads\/2025\/03\/Projekt-bez-nazwy-4-1.png","width":1748,"height":1240,"caption":"krem dla m\u0119\u017cczyzny"},{"@type":"BreadcrumbList","@id":"https:\/\/www.bandi.pl\/blog\/jaki-powinien-byc-krem-dla-mezczyzny\/#breadcrumb","itemListElement":[{"@type":"ListItem","position":1,"name":"BANDI","item":"https:\/\/www.bandi.pl\/blog\/"},{"@type":"ListItem","position":2,"name":"Jaki powinien by\u0107 krem dla m\u0119\u017cczyzny?"}]},{"@type":"WebSite","@id":"https:\/\/www.bandi.pl\/blog\/#website","url":"https:\/\/www.bandi.pl\/blog\/","name":"Blog BANDI","description":"Czarno na bia\u0142ym o kosmetykach","publisher":{"@id":"https:\/\/www.bandi.pl\/blog\/#organization"},"potentialAction":[{"@type":"SearchAction","target":{"@type":"EntryPoint","urlTemplate":"https:\/\/www.bandi.pl\/blog\/?s={search_term_string}"},"query-input":{"@type":"PropertyValueSpecification","valueRequired":true,"valueName":"search_term_string"}}],"inLanguage":"pl-PL"},{"@type":"Organization","@id":"https:\/\/www.bandi.pl\/blog\/#organization","name":"BANDI","url":"https:\/\/www.bandi.pl\/blog\/","logo":{"@type":"ImageObject","inLanguage":"pl-PL","@id":"https:\/\/www.bandi.pl\/blog\/#\/schema\/logo\/image\/","url":"https:\/\/www.bandi.pl\/blog\/wp-content\/uploads\/2019\/06\/bandi-logo.png","contentUrl":"https:\/\/www.bandi.pl\/blog\/wp-content\/uploads\/2019\/06\/bandi-logo.png","width":264,"height":111,"caption":"BANDI"},"image":{"@id":"https:\/\/www.bandi.pl\/blog\/#\/schema\/logo\/image\/"},"sameAs":["https:\/\/web.facebook.com\/BANDIcosmetics","https:\/\/x.com\/bandi_cosmetics","https:\/\/www.instagram.com\/bandi_cosmetics\/","https:\/\/www.pinterest.com\/bandicosmetics\/","https:\/\/www.youtube.com\/user\/BandiCosmeticsPolska"]},{"@type":"Person","@id":"https:\/\/www.bandi.pl\/blog\/#\/schema\/person\/5ba05af1a18c58f1c31d4ae051ec9499","name":"Ilona Kiraga"}]}},"_links":{"self":[{"href":"https:\/\/www.bandi.pl\/blog\/wp-json\/wp\/v2\/posts\/20307","targetHints":{"allow":["GET"]}}],"collection":[{"href":"https:\/\/www.bandi.pl\/blog\/wp-json\/wp\/v2\/posts"}],"about":[{"href":"https:\/\/www.bandi.pl\/blog\/wp-json\/wp\/v2\/types\/post"}],"author":[{"embeddable":true,"href":"https:\/\/www.bandi.pl\/blog\/wp-json\/wp\/v2\/users\/13"}],"replies":[{"embeddable":true,"href":"https:\/\/www.bandi.pl\/blog\/wp-json\/wp\/v2\/comments?post=20307"}],"version-history":[{"count":6,"href":"https:\/\/www.bandi.pl\/blog\/wp-json\/wp\/v2\/posts\/20307\/revisions"}],"predecessor-version":[{"id":20316,"href":"https:\/\/www.bandi.pl\/blog\/wp-json\/wp\/v2\/posts\/20307\/revisions\/20316"}],"wp:featuredmedia":[{"embeddable":true,"href":"https:\/\/www.bandi.pl\/blog\/wp-json\/wp\/v2\/media\/20314"}],"wp:attachment":[{"href":"https:\/\/www.bandi.pl\/blog\/wp-json\/wp\/v2\/media?parent=20307"}],"wp:term":[{"taxonomy":"category","embeddable":true,"href":"https:\/\/www.bandi.pl\/blog\/wp-json\/wp\/v2\/categories?post=20307"},{"taxonomy":"post_tag","embeddable":true,"href":"https:\/\/www.bandi.pl\/blog\/wp-json\/wp\/v2\/tags?post=20307"}],"curies":[{"name":"wp","href":"https:\/\/api.w.org\/{rel}","templated":true}]}}