{"id":20241,"date":"2025-02-25T10:54:30","date_gmt":"2025-02-25T09:54:30","guid":{"rendered":"https:\/\/www.bandi.pl\/blog\/?p=20241"},"modified":"2025-02-25T10:54:30","modified_gmt":"2025-02-25T09:54:30","slug":"niezwykla-kobieta-druga-edycja-wydarzenia","status":"publish","type":"post","link":"https:\/\/www.bandi.pl\/blog\/niezwykla-kobieta-druga-edycja-wydarzenia\/","title":{"rendered":"nieZWYK\u0141A KOBIETA &#8211; druga edycja wydarzenia"},"content":{"rendered":"\n<p>Przed nami druga edycja wydarzenia &#8222;nieZWYK\u0141A KOBIETA&#8221;! <\/p>\n\n\n\n<p>Ju\u017c 7 i 8 marca 2025 spotkamy si\u0119 w CH Westfield Arkadia w Warszawie, by wsp\u00f3lnie celebrowa\u0107 kobieco\u015b\u0107. To b\u0119d\u0105 dwa dni pe\u0142ne wspania\u0142ej atmosfery, inspiruj\u0105cych spotka\u0144, <a href=\"https:\/\/www.niezwyklakobieta.pl\/\">ciekawych warsztat\u00f3w<\/a>, wyj\u0105tkowych go\u015bci i licznych niespodzianek&#8230;<\/p>\n\n\n\n<h2 class=\"wp-block-heading\">Warsztaty z Ekspertami<\/h2>\n\n\n\n<p>W tym roku oferta warsztat\u00f3w, kt\u00f3re dla Was przygotowali\u015bmy jest bardzo szeroka. Podczas spotkania porozmawiamy o piel\u0119gnacji sk\u00f3ry, najskuteczniejszych sk\u0142adnikach aktywnych, mocnych i l\u015bni\u0105cych w\u0142osach, naturalnych metodach odm\u0142adzania, analizie kolorystycznej i wiele, wiele wi\u0119cej. B\u0119dzie te\u017c mo\u017cna samodzielnie wykona\u0107 sw\u00f3j pierwszy w\u0142asny krem. A to wszystko pod okiem naszych specjalist\u00f3w i wyj\u0105tkowych, znanych go\u015bci.<\/p>\n\n\n\n<p><\/p>\n\n\n\n<h4 class=\"wp-block-heading\">Warsztaty piel\u0119gnacji sk\u00f3ry twarzy<\/h4>\n\n\n\n<p><\/p>\n\n\n\n<div class=\"wp-block-media-text is-stacked-on-mobile\" style=\"grid-template-columns:39% auto\"><figure class=\"wp-block-media-text__media\"><a href=\"https:\/\/www.niezwyklakobieta.pl\/zapis.php?w=w3\"><img loading=\"lazy\" decoding=\"async\" width=\"500\" height=\"500\" src=\"https:\/\/www.bandi.pl\/blog\/wp-content\/uploads\/2025\/02\/w3-500x500.png\" alt=\"\" class=\"wp-image-20246 size-full\"\/><\/a><\/figure><div class=\"wp-block-media-text__content\">\n<p><strong>Modne czy skuteczne &#8211; najlepsze sk\u0142adniki w kosmetologii<\/strong>.<\/p>\n\n\n\n<p>Tysi\u0105ce kosmetyk\u00f3w na p\u00f3\u0142kach drogeryjnych przyprawiaj\u0105 Ci\u0119 o zawr\u00f3t g\u0142owy? Kt\u00f3re produkty s\u0105 szczeg\u00f3lnie warte uwagi? Jak wybra\u0107 najlepsze kosmetyki? Co decyduje o skuteczno\u015bci w piel\u0119gnacji? Kt\u00f3re sk\u0142adniki aktywne s\u0105 szczeg\u00f3lnie cenne?<br>B\u0119dzie mowa o: peptydzie miedziowym, retinoidach, kwasach, odbudowie naturalnej bariery ochronnej sk\u00f3ry i wielu innych!<\/p>\n<\/div><\/div>\n\n\n\n<div class=\"wp-block-media-text has-media-on-the-right is-stacked-on-mobile\" style=\"grid-template-columns:auto 39%\"><div class=\"wp-block-media-text__content\">\n<p><strong>Zadzia\u0142aj skuteczniej &#8211; jak u\u0142o\u017cy\u0107 piel\u0119gnacj\u0119?<\/strong><\/p>\n\n\n\n<p>Poznaj kluczowe etapy piel\u0119gnacji sk\u00f3ry. Dowiedz si\u0119: kiedy stosowa\u0107 jednoetapowe, a kiedy dwuetapowe oczyszczanie sk\u00f3ry, dlaczego antyoksydanty s\u0105 tak wa\u017cne i gdzie umie\u015bci\u0107 je w rutynie piel\u0119gnacyjnej, na co zwr\u00f3ci\u0107 uwag\u0119 przy wyborze kosmetyku z SPF, jakie sk\u0142adniki najskuteczniej nawil\u017caj\u0105, na czym polega regeneracja bariery nask\u00f3rkowej, jak ratowa\u0107 sk\u00f3r\u0119 gdy piel\u0119gnacja oka\u017ce si\u0119 zbyt mocna? I wiele, wiele wi\u0119cej! <\/p>\n<\/div><figure class=\"wp-block-media-text__media\"><a href=\"https:\/\/www.niezwyklakobieta.pl\/zapis.php?w=w2\"><img loading=\"lazy\" decoding=\"async\" width=\"500\" height=\"500\" src=\"https:\/\/www.bandi.pl\/blog\/wp-content\/uploads\/2025\/02\/w2-500x500.png\" alt=\"\" class=\"wp-image-20245 size-full\"\/><\/a><\/figure><\/div>\n\n\n\n<div class=\"wp-block-media-text is-stacked-on-mobile\" style=\"grid-template-columns:39% auto\"><figure class=\"wp-block-media-text__media\"><a href=\"https:\/\/www.niezwyklakobieta.pl\/zapis.php?w=w4\"><img loading=\"lazy\" decoding=\"async\" width=\"500\" height=\"500\" src=\"https:\/\/www.bandi.pl\/blog\/wp-content\/uploads\/2025\/02\/w4-500x500.png\" alt=\"\" class=\"wp-image-20247 size-full\"\/><\/a><\/figure><div class=\"wp-block-media-text__content\">\n<p><strong>Idealna sk\u00f3ra zaczyna si\u0119 noc\u0105.<\/strong><\/p>\n\n\n\n<p>Czym&nbsp;r\u00f3\u017cni si\u0119 piel\u0119gnacja nocna od dziennej? W czasie warsztatu b\u0119dzie mowa m.in. o tym:&nbsp;dlaczego sk\u00f3ra najlepiej regeneruje si\u0119 w nocy i jakie procesy zachodz\u0105 podczas snu<strong>, <\/strong>doborze odpowiednich kosmetyk\u00f3w, jak skutecznie oczy\u015bci\u0107 i nawil\u017cy\u0107 sk\u00f3r\u0119 przed snem, najcz\u0119stszych b\u0142\u0119dach w nocnej piel\u0119gnacji, wp\u0142ywie snu i stylu \u017cycia na kondycj\u0119 sk\u00f3ry.<\/p>\n<\/div><\/div>\n\n\n\n<div class=\"wp-block-media-text has-media-on-the-right is-stacked-on-mobile\" style=\"grid-template-columns:auto 39%\"><div class=\"wp-block-media-text__content\">\n<p><strong>Skin minimalizm. Jak dba\u0107 o sk\u00f3r\u0119 bez przeci\u0105\u017cania?<\/strong><\/p>\n\n\n\n<p>Chcesz zadba\u0107 o sk\u00f3r\u0119, ale nie wiesz, od czego zacz\u0105\u0107? Minimalizm w piel\u0119gnacji to podej\u015bcie, kt\u00f3re k\u0142adzie nacisk na prostot\u0119 i skuteczno\u015b\u0107. W czasie warsztat\u00f3w dowiesz si\u0119, jak stworzy\u0107 piel\u0119gnacyjn\u0105 rutyn\u0119, kt\u00f3ra jest skuteczna, a jednocze\u015bnie szybka i przyjemna. Poznasz kosmetyki, kt\u00f3re warto mie\u0107 w swojej codziennej piel\u0119gnacji i jak je odpowiednio aplikowa\u0107, aby sk\u00f3ra wygl\u0105da\u0142a zdrowo i promienie.<\/p>\n<\/div><figure class=\"wp-block-media-text__media\"><a href=\"https:\/\/www.niezwyklakobieta.pl\/zapis.php?w=w1\"><img loading=\"lazy\" decoding=\"async\" width=\"500\" height=\"500\" src=\"https:\/\/www.bandi.pl\/blog\/wp-content\/uploads\/2025\/02\/w1-500x500.png\" alt=\"\" class=\"wp-image-20244 size-full\"\/><\/a><\/figure><\/div>\n\n\n\n<p><\/p>\n\n\n\n<h4 class=\"wp-block-heading\">Warsztaty trychologiczne<\/h4>\n\n\n\n<p><\/p>\n\n\n\n<div class=\"wp-block-media-text is-stacked-on-mobile\" style=\"grid-template-columns:39% auto\"><figure class=\"wp-block-media-text__media\"><a href=\"https:\/\/www.niezwyklakobieta.pl\/zapis.php?w=w7\"><img loading=\"lazy\" decoding=\"async\" width=\"500\" height=\"500\" src=\"https:\/\/www.bandi.pl\/blog\/wp-content\/uploads\/2025\/02\/w7-500x500.png\" alt=\"\" class=\"wp-image-20250 size-full\"\/><\/a><\/figure><div class=\"wp-block-media-text__content\">\n<p><strong>Fakty i mity &#8211; piel\u0119gnacja w\u0142os\u00f3w.<\/strong><\/p>\n\n\n\n<p>W czasie warsztat\u00f3w b\u0119dzie poruszonych mn\u00f3stwo ciekawostek. Dowiesz si\u0119 m.in.: czy cz\u0119ste mycie wp\u0142ywa na przet\u0142uszczanie si\u0119 w\u0142os\u00f3w, o co chodzi z porowato\u015bci\u0105 w\u0142os\u00f3w, czy suszarka niszczy w\u0142osy? Dodatkowo zobaczysz analiz\u0119 sk\u00f3ry g\u0142owy i w\u0142os\u00f3w z u\u017cyciem trichoskopu.<\/p>\n<\/div><\/div>\n\n\n\n<div class=\"wp-block-media-text has-media-on-the-right is-stacked-on-mobile\" style=\"grid-template-columns:auto 39%\"><div class=\"wp-block-media-text__content\">\n<p><strong>Mocna, l\u015bni\u0105ce w\u0142osy &#8211; niezawodne sposoby.<\/strong><\/p>\n\n\n\n<p>Jak mie\u0107 l\u015bni\u0105ce, mocne w\u0142osy? Co zrobi\u0107 by nie wypada\u0142y w nadmiarze? Po co i jak cz\u0119sto stosowa\u0107 wcierki, peeling na sk\u00f3r\u0119 g\u0142owy? Dowiesz si\u0119, kt\u00f3re kosmetyki wybiera\u0107, aby w\u0142osy nie by\u0142y nadmiernie obci\u0105\u017cone, albo pusz\u0105ce si\u0119. Poznasz fakty o piel\u0119gnacji sk\u00f3ry g\u0142owy i w\u0142os\u00f3w, kt\u00f3re pomog\u0105 w uzyskaniu wymarzonego wygl\u0105du w\u0142os\u00f3w. Te warsztaty to wyj\u0105tkowa okazja, by zada\u0107 na \u017cywo pytania ekspertowi z dziedziny trychologii.<\/p>\n<\/div><figure class=\"wp-block-media-text__media\"><a href=\"https:\/\/www.niezwyklakobieta.pl\/zapis.php?w=w6\"><img loading=\"lazy\" decoding=\"async\" width=\"500\" height=\"500\" src=\"https:\/\/www.bandi.pl\/blog\/wp-content\/uploads\/2025\/02\/w6-500x500.png\" alt=\"\" class=\"wp-image-20249 size-full\"\/><\/a><\/figure><\/div>\n\n\n\n<div class=\"wp-block-media-text is-stacked-on-mobile\" style=\"grid-template-columns:39% auto\"><figure class=\"wp-block-media-text__media\"><a href=\"https:\/\/www.niezwyklakobieta.pl\/zapis.php?w=w5\"><img loading=\"lazy\" decoding=\"async\" width=\"500\" height=\"500\" src=\"https:\/\/www.bandi.pl\/blog\/wp-content\/uploads\/2025\/02\/w5-500x500.png\" alt=\"\" class=\"wp-image-20248 size-full\"\/><\/a><\/figure><div class=\"wp-block-media-text__content\">\n<p><strong>Nadmierne wypadanie w\u0142os\u00f3w.<\/strong><\/p>\n\n\n\n<p>Warsztaty pomog\u0105 zrozumie\u0107 w\u0142os i to od czego zale\u017cy jego dobra kondycja. Odpowiedz\u0105 na takie pytania jak: dlaczego nie mog\u0119 zapu\u015bci\u0107 w\u0142os\u00f3w do pasa, jak czynniki zewn\u0105trzpochodne i wewn\u0105trzpochodne wp\u0142ywaj\u0105 na kondycj\u0119 w\u0142os\u00f3w, kiedy warto uda\u0107 si\u0119 do trychologa z problemem wypadania w\u0142os\u00f3w, co je\u015b\u0107, by cieszy\u0107 si\u0119 pi\u0119knymi w\u0142osami, czy masa\u017c sk\u00f3ry g\u0142owy naprawd\u0119 dzia\u0142a, jak poprawnie go wykona\u0107?<\/p>\n<\/div><\/div>\n\n\n\n<p><\/p>\n\n\n\n<h4 class=\"wp-block-heading\">Warsztaty z robienia w\u0142asnych kosmetyk\u00f3w<\/h4>\n\n\n\n<p><\/p>\n\n\n\n<div class=\"wp-block-media-text has-media-on-the-right is-stacked-on-mobile\" style=\"grid-template-columns:auto 39%\"><div class=\"wp-block-media-text__content\">\n<p><strong>NieZWYK\u0141AY KREM &#8211; stw\u00f3rz w\u0142asny krem pod okiem technolog\u00f3w BANDI<\/strong>.<\/p>\n\n\n\n<p>Celem warsztatu jest nie tylko stworzenie wyj\u0105tkowego produktu, ale tak\u017ce g\u0142\u0119bsze zrozumienie procesu produkcji kosmetyk\u00f3w. Poznasz, jak dobierane s\u0105 sk\u0142adniki aktywne, jak \u0142\u0105czy si\u0119 je w formu\u0142\u0119 i jakie technologie stosowane s\u0105 w procesie produkcji, by krem by\u0142 zar\u00f3wno skuteczny, jak i bezpieczny dla sk\u00f3ry. Po warsztacie zabierzesz ze sob\u0105 w\u0142asnor\u0119cznie stworzony krem, dopasowany do Twoich indywidualnych potrzeb.<\/p>\n<\/div><figure class=\"wp-block-media-text__media\"><a href=\"https:\/\/www.niezwyklakobieta.pl\/zapis.php?w=w11\"><img loading=\"lazy\" decoding=\"async\" width=\"500\" height=\"500\" src=\"https:\/\/www.bandi.pl\/blog\/wp-content\/uploads\/2025\/02\/w11-500x500.png\" alt=\"\" class=\"wp-image-20254 size-full\"\/><\/a><\/figure><\/div>\n\n\n\n<p><\/p>\n\n\n\n<h4 class=\"wp-block-heading\">Warsztaty z odm\u0142adzania wygl\u0105du twarzy<\/h4>\n\n\n\n<p><\/p>\n\n\n\n<div class=\"wp-block-media-text is-stacked-on-mobile\" style=\"grid-template-columns:39% auto\"><figure class=\"wp-block-media-text__media\"><a href=\"https:\/\/www.niezwyklakobieta.pl\/zapis.php?w=w10\"><img loading=\"lazy\" decoding=\"async\" width=\"500\" height=\"500\" src=\"https:\/\/www.bandi.pl\/blog\/wp-content\/uploads\/2025\/02\/w10-500x500.png\" alt=\"\" class=\"wp-image-20253 size-full\"\/><\/a><\/figure><div class=\"wp-block-media-text__content\">\n<p><strong>Naturalny lifting twarzy &#8211; automasa\u017c<\/strong>.<\/p>\n\n\n\n<p>Chcesz wygl\u0105da\u0107 m\u0142odziej? A co powiesz na spotkanie z certyfikowan\u0105 terapeutk\u0105 odnowy biologicznej twarzy, kt\u00f3ra pokarze Ci techniki daj\u0105ce efekt bezinwazyjnego liftingu twarzy?<\/p>\n\n\n\n<p>Zapraszamy! Przyjd\u017a, usi\u0105d\u017a wygodnie i pozw\u00f3l, \u017ce o Ciebie zadbamy.<\/p>\n<\/div><\/div>\n\n\n\n<div class=\"wp-block-media-text has-media-on-the-right is-stacked-on-mobile\" style=\"grid-template-columns:auto 39%\"><div class=\"wp-block-media-text__content\">\n<p><strong>Joga twarzy &#8211; poprawa owalu twarzy, modelowanie policzk\u00f3w i nie tylko!<\/strong><\/p>\n\n\n\n<p>Chcia\u0142aby\u015b naturalnie poprawi\u0107 wygl\u0105d swojej sk\u00f3ry i zmniejszy\u0107 widoczno\u015b\u0107 zmarszczek? Podczas warsztatu nauczysz si\u0119 prostych technik, kt\u00f3re mo\u017cesz wykonywa\u0107 w domu, aby poprawi\u0107 owal twarzy, wyg\u0142adzi\u0107 sk\u00f3r\u0119 i uzyska\u0107 naturalny lifting.<\/p>\n<\/div><figure class=\"wp-block-media-text__media\"><a href=\"https:\/\/www.niezwyklakobieta.pl\/zapis.php?w=w9\"><img loading=\"lazy\" decoding=\"async\" width=\"500\" height=\"500\" src=\"https:\/\/www.bandi.pl\/blog\/wp-content\/uploads\/2025\/02\/w9-500x500.png\" alt=\"\" class=\"wp-image-20252 size-full\"\/><\/a><\/figure><\/div>\n\n\n\n<div class=\"wp-block-media-text is-stacked-on-mobile\" style=\"grid-template-columns:39% auto\"><figure class=\"wp-block-media-text__media\"><a href=\"https:\/\/www.niezwyklakobieta.pl\/zapis.php?w=w8\"><img loading=\"lazy\" decoding=\"async\" width=\"500\" height=\"500\" src=\"https:\/\/www.bandi.pl\/blog\/wp-content\/uploads\/2025\/02\/w8-500x500.png\" alt=\"\" class=\"wp-image-20251 size-full\"\/><\/a><\/figure><div class=\"wp-block-media-text__content\">\n<p><strong>Odm\u0142adzanie bez skalpela. Trzy filary m\u0142odego wygl\u0105du twarzy<\/strong>: <strong>piel\u0119gnacja, masa\u017ce, \u0107wiczenia mi\u0119\u015bni twarzy<\/strong>.<\/p>\n\n\n\n<p>Chcesz zredukowa\u0107 zmarszczki, poprawi\u0107 owal twarzy, a mo\u017ce dowiedzie\u0107 si\u0119 jak zachowa\u0107 m\u0142ody wygl\u0105d na d\u0142u\u017cej? Przygotowali\u015bmy dla Ciebie przegl\u0105d tego co najskuteczniejsze! Dowiesz si\u0119, kt\u00f3re zmiany w wygl\u0105dzie twarzy naprawd\u0119 dodaj\u0105 lat (bo nie s\u0105 to tylko zmarszczki). Rozwiejemy mity o odm\u0142adzaniu, poznasz skuteczne sk\u0142adniki aktywne, konkretne kosmetyki oraz wybrane \u0107wiczenia i masa\u017ce mi\u0119\u015bni twarzy, kt\u00f3re skutecznie odm\u0142adzaj\u0105 wygl\u0105d twarzy!<\/p>\n<\/div><\/div>\n\n\n\n<p><\/p>\n\n\n\n<h4 class=\"wp-block-heading\">Warsztaty z podstaw analizy kolorystycznej<\/h4>\n\n\n\n<p><\/p>\n\n\n\n<div class=\"wp-block-media-text has-media-on-the-right is-stacked-on-mobile\" style=\"grid-template-columns:auto 39%\"><div class=\"wp-block-media-text__content\">\n<p><strong>Analiza kolorystyczna &#8211; w jakim kolorze Ci do twarzy?<\/strong><\/p>\n\n\n\n<p>Zastanawia\u0142a\u015b si\u0119 kiedy\u015b, kt\u00f3re kolory s\u0105 dla Ciebie odpowiednie? Czas by odkry\u0107 barwy podkre\u015blaj\u0105ce Tw\u00f3j naturalny blask! Podczas tych warsztat\u00f3w dowiesz si\u0119, kt\u00f3re kolory s\u0105 dla Ciebie stworzone, a kt\u00f3re lepiej omija\u0107 szerokim \u0142ukiem. Co Ci\u0119 czeka? Zabawa kolorem, dzi\u0119ki kt\u00f3rej okre\u015blisz sw\u00f3j typ urody. Dowiesz si\u0119 jakie kolory w makija\u017cu i codziennych stylizacjach b\u0119d\u0105 dla Ciebie odpowiednie. <\/p>\n<\/div><figure class=\"wp-block-media-text__media\"><a href=\"https:\/\/www.niezwyklakobieta.pl\/zapis.php?w=w12\"><img loading=\"lazy\" decoding=\"async\" width=\"500\" height=\"500\" src=\"https:\/\/www.bandi.pl\/blog\/wp-content\/uploads\/2025\/02\/w12-500x500.png\" alt=\"\" class=\"wp-image-20255 size-full\"\/><\/a><\/figure><\/div>\n\n\n\n<p><\/p>\n\n\n\n<h2 class=\"wp-block-heading\">Trening pe\u0142en endorfin!<\/h2>\n\n\n\n<p>Do\u0142\u0105cz do treningu z QCZAJ&#8217;em, kt\u00f3ry z sercem i pasj\u0105 wspiera kobiety w d\u0105\u017ceniu do jeszcze lepszej wersji siebie. QCZAJ to nie tylko tryskaj\u0105cy energi\u0105 i humorem trener \u2013 to motywator, kt\u00f3ry wierzy w ka\u017cd\u0105 z nas, bez wzgl\u0119du na to, na jakim etapie \u017cycia jeste\u015bmy. Jego misj\u0105 jest inspirowanie kobiet do tego, by uwierzy\u0142y w swoje mo\u017cliwo\u015bci, przekracza\u0142y w\u0142asne granice i odkry\u0142y, jak wielk\u0105 si\u0142\u0119 w sobie nosz\u0105!<\/p>\n\n\n\n<p><\/p>\n\n\n\n<figure class=\"wp-block-image size-large\"><a href=\"https:\/\/www.niezwyklakobieta.pl\/zapis.php?w=w13\"><img loading=\"lazy\" decoding=\"async\" width=\"1024\" height=\"341\" src=\"https:\/\/www.bandi.pl\/blog\/wp-content\/uploads\/2025\/02\/DESKTOP-1980X660-1024x341.png\" alt=\"\" class=\"wp-image-20278\" srcset=\"https:\/\/www.bandi.pl\/blog\/wp-content\/uploads\/2025\/02\/DESKTOP-1980X660-980x327.png 980w, https:\/\/www.bandi.pl\/blog\/wp-content\/uploads\/2025\/02\/DESKTOP-1980X660-480x160.png 480w\" sizes=\"(min-width: 0px) and (max-width: 480px) 480px, (min-width: 481px) and (max-width: 980px) 980px, (min-width: 981px) 1024px, 100vw\" \/><\/a><\/figure>\n\n\n\n<p><\/p>\n\n\n\n<h2 class=\"wp-block-heading\">Konsultacje kosmetologiczne<\/h2>\n\n\n\n<p>W czasie eventu b\u0119dziesz mog\u0142a skorzysta\u0107 tak\u017ce z bezp\u0142atnych, profesjonalnych konsultacji kosmetologicznych, podczas kt\u00f3rych nasze ekspertki przeprowadz\u0105 z Tob\u0105 wywiad i dopasuj\u0105 plan piel\u0119gnacyjny dopasowany do Twoich potrzeb.<\/p>\n\n\n\n<p>Czekamy na Ciebie nieZWYK\u0141A KOBIETO! <\/p>\n\n\n\n<p>Do zobaczenia \ud83d\ude42<\/p>\n","protected":false},"excerpt":{"rendered":"<p>Przed nami druga edycja wydarzenia &#8222;nieZWYK\u0141A KOBIETA&#8221;! Ju\u017c 7 i 8 marca 2025 spotkamy si\u0119 w CH Westfield Arkadia w Warszawie, by wsp\u00f3lnie celebrowa\u0107 kobieco\u015b\u0107. To b\u0119d\u0105 dwa dni pe\u0142ne wspania\u0142ej atmosfery, inspiruj\u0105cych spotka\u0144, ciekawych warsztat\u00f3w, wyj\u0105tkowych go\u015bci i licznych niespodzianek&#8230; Warsztaty z Ekspertami W tym roku oferta warsztat\u00f3w, kt\u00f3re dla Was przygotowali\u015bmy jest bardzo [&hellip;]<\/p>\n","protected":false},"author":13,"featured_media":20284,"comment_status":"open","ping_status":"closed","sticky":false,"template":"","format":"standard","meta":{"_et_pb_use_builder":"off","_et_pb_old_content":"<!-- wp:paragraph -->\n<p>Przed nami druga edycja wydarzenia \"nieZWYK\u0141A KOBIETA\"! <\/p>\n<!-- \/wp:paragraph -->\n\n<!-- wp:paragraph -->\n<p>Ju\u017c 7 i 8 marca 2025 spotkamy si\u0119 w CH Westfield Arkadia w Warszawie, by wsp\u00f3lnie celebrowa\u0107 kobieco\u015b\u0107. To b\u0119d\u0105 dwa dni pe\u0142ne wspania\u0142ej atmosfery, inspiruj\u0105cych spotka\u0144, ciekawych warsztat\u00f3w, wyj\u0105tkowych go\u015bci i licznych niespodzianek...<\/p>\n<!-- \/wp:paragraph -->\n\n<!-- wp:heading -->\n<h2 class=\"wp-block-heading\">Warsztaty z Ekspertami<\/h2>\n<!-- \/wp:heading -->\n\n<!-- wp:paragraph -->\n<p>W tym roku oferta warsztat\u00f3w, kt\u00f3re dla Was przygotowali\u015bmy jest bardzo szeroka. Podczas spotkania porozmawiamy o piel\u0119gnacji sk\u00f3ry, najskuteczniejszych sk\u0142adnikach aktywnych, mocnych i l\u015bni\u0105cych w\u0142osach, naturalnych metodach odm\u0142adzania, analizie kolorystycznej i wiele, wiele wi\u0119cej. B\u0119dzie te\u017c mo\u017cna samodzielnie wykona\u0107 sw\u00f3j pierwszy w\u0142asny krem. A to wszystko pod okiem naszych specjalist\u00f3w i wyj\u0105tkowych, znanych go\u015bci.<\/p>\n<!-- \/wp:paragraph -->\n\n<!-- wp:heading {\"level\":4} -->\n<h4 class=\"wp-block-heading\">Warsztaty piel\u0119gnacji sk\u00f3ry twarzy<\/h4>\n<!-- \/wp:heading -->\n\n<!-- wp:media-text {\"mediaId\":20246,\"mediaLink\":\"https:\/\/www.bandi.pl\/blog\/w3\/\",\"linkDestination\":\"custom\",\"mediaType\":\"image\",\"mediaWidth\":39} -->\n<div class=\"wp-block-media-text is-stacked-on-mobile\" style=\"grid-template-columns:39% auto\"><figure class=\"wp-block-media-text__media\"><a href=\"https:\/\/www.niezwyklakobieta.pl\/zapis.php?w=w3\"><img src=\"https:\/\/www.bandi.pl\/blog\/wp-content\/uploads\/2025\/02\/w3-500x500.png\" alt=\"\" class=\"wp-image-20246 size-full\"\/><\/a><\/figure><div class=\"wp-block-media-text__content\"><!-- wp:paragraph {\"placeholder\":\"Tre\u015b\u0107\u2026\"} -->\n<p><strong>Modne czy skuteczne - najlepsze sk\u0142adniki w kosmetologii<\/strong>.<\/p>\n<!-- \/wp:paragraph -->\n\n<!-- wp:paragraph -->\n<p>Tysi\u0105ce kosmetyk\u00f3w na p\u00f3\u0142kach drogeryjnych przyprawiaj\u0105 Ci\u0119 o zawr\u00f3t g\u0142owy? Kt\u00f3re produkty s\u0105 szczeg\u00f3lnie warte uwagi? Jak wybra\u0107 najlepsze kosmetyki? Co decyduje o skuteczno\u015bci w piel\u0119gnacji? Kt\u00f3re sk\u0142adniki aktywne s\u0105 szczeg\u00f3lnie cenne?<br>B\u0119dzie mowa o: peptydzie miedziowym, retinoidach, kwasach, odbudowie naturalnej bariery ochronnej sk\u00f3ry i wielu innych!<\/p>\n<!-- \/wp:paragraph --><\/div><\/div>\n<!-- \/wp:media-text -->\n\n<!-- wp:media-text {\"mediaId\":20245,\"mediaLink\":\"https:\/\/www.bandi.pl\/blog\/w2\/\",\"linkDestination\":\"custom\",\"mediaType\":\"image\",\"mediaWidth\":39} -->\n<div class=\"wp-block-media-text is-stacked-on-mobile\" style=\"grid-template-columns:39% auto\"><figure class=\"wp-block-media-text__media\"><a href=\"https:\/\/www.niezwyklakobieta.pl\/zapis.php?w=w2\"><img src=\"https:\/\/www.bandi.pl\/blog\/wp-content\/uploads\/2025\/02\/w2-500x500.png\" alt=\"\" class=\"wp-image-20245 size-full\"\/><\/a><\/figure><div class=\"wp-block-media-text__content\"><!-- wp:paragraph {\"placeholder\":\"Tre\u015b\u0107\u2026\"} -->\n<p><strong>Zadzia\u0142aj skuteczniej - jak u\u0142o\u017cy\u0107 piel\u0119gnacj\u0119?<\/strong><\/p>\n<!-- \/wp:paragraph -->\n\n<!-- wp:paragraph -->\n<p>Poznaj kluczowe etapy piel\u0119gnacji sk\u00f3ry. Dowiedz si\u0119: kiedy stosowa\u0107 jednoetapowe, a kiedy dwuetapowe oczyszczanie sk\u00f3ry, dlaczego antyoksydanty s\u0105 tak wa\u017cne i gdzie umie\u015bci\u0107 je w rutynie piel\u0119gnacyjnej, na co zwr\u00f3ci\u0107 uwag\u0119 przy wyborze kosmetyku z SPF, jakie sk\u0142adniki najskuteczniej nawil\u017caj\u0105, na czym polega regeneracja bariery nask\u00f3rkowej, jak ratowa\u0107 sk\u00f3r\u0119 gdy piel\u0119gnacja oka\u017ce si\u0119 zbyt mocna? I wiele, wiele wi\u0119cej! <\/p>\n<!-- \/wp:paragraph --><\/div><\/div>\n<!-- \/wp:media-text -->\n\n<!-- wp:media-text {\"mediaId\":20247,\"mediaLink\":\"https:\/\/www.bandi.pl\/blog\/w4\/\",\"linkDestination\":\"custom\",\"mediaType\":\"image\",\"mediaWidth\":39} -->\n<div class=\"wp-block-media-text is-stacked-on-mobile\" style=\"grid-template-columns:39% auto\"><figure class=\"wp-block-media-text__media\"><a href=\"https:\/\/www.niezwyklakobieta.pl\/zapis.php?w=w4\"><img src=\"https:\/\/www.bandi.pl\/blog\/wp-content\/uploads\/2025\/02\/w4-500x500.png\" alt=\"\" class=\"wp-image-20247 size-full\"\/><\/a><\/figure><div class=\"wp-block-media-text__content\"><!-- wp:paragraph {\"placeholder\":\"Tre\u015b\u0107\u2026\"} -->\n<p><strong>Idealna sk\u00f3ra zaczyna si\u0119 noc\u0105.<\/strong><\/p>\n<!-- \/wp:paragraph -->\n\n<!-- wp:paragraph -->\n<p>Czym&nbsp;r\u00f3\u017cni si\u0119 piel\u0119gnacja nocna od dziennej? W czasie warsztatu b\u0119dzie mowa m.in. o tym:&nbsp;dlaczego sk\u00f3ra najlepiej regeneruje si\u0119 w nocy i jakie procesy zachodz\u0105 podczas snu<strong>, <\/strong>doborze odpowiednich kosmetyk\u00f3w, jak skutecznie oczy\u015bci\u0107 i nawil\u017cy\u0107 sk\u00f3r\u0119 przed snem, najcz\u0119stszych b\u0142\u0119dach w nocnej piel\u0119gnacji, wp\u0142ywie snu i stylu \u017cycia na kondycj\u0119 sk\u00f3ry.<\/p>\n<!-- \/wp:paragraph --><\/div><\/div>\n<!-- \/wp:media-text -->\n\n<!-- wp:media-text {\"mediaId\":20244,\"mediaLink\":\"https:\/\/www.bandi.pl\/blog\/w1\/\",\"linkDestination\":\"custom\",\"mediaType\":\"image\",\"mediaWidth\":39} -->\n<div class=\"wp-block-media-text is-stacked-on-mobile\" style=\"grid-template-columns:39% auto\"><figure class=\"wp-block-media-text__media\"><a href=\"https:\/\/www.niezwyklakobieta.pl\/zapis.php?w=w1\"><img src=\"https:\/\/www.bandi.pl\/blog\/wp-content\/uploads\/2025\/02\/w1-500x500.png\" alt=\"\" class=\"wp-image-20244 size-full\"\/><\/a><\/figure><div class=\"wp-block-media-text__content\"><!-- wp:paragraph {\"placeholder\":\"Tre\u015b\u0107\u2026\"} -->\n<p><strong>Skin minimalizm. Jak dba\u0107 o sk\u00f3r\u0119 bez przeci\u0105\u017cania?<\/strong><\/p>\n<!-- \/wp:paragraph -->\n\n<!-- wp:paragraph -->\n<p>Chcesz zadba\u0107 o sk\u00f3r\u0119, ale nie wiesz, od czego zacz\u0105\u0107? Minimalizm w piel\u0119gnacji to podej\u015bcie, kt\u00f3re k\u0142adzie nacisk na prostot\u0119 i skuteczno\u015b\u0107. W czasie warsztat\u00f3w dowiesz si\u0119, jak stworzy\u0107 piel\u0119gnacyjn\u0105 rutyn\u0119, kt\u00f3ra jest skuteczna, a jednocze\u015bnie szybka i przyjemna. Poznasz kosmetyki, kt\u00f3re warto mie\u0107 w swojej codziennej piel\u0119gnacji i jak je odpowiednio aplikowa\u0107, aby sk\u00f3ra wygl\u0105da\u0142a zdrowo i promienie.<\/p>\n<!-- \/wp:paragraph --><\/div><\/div>\n<!-- \/wp:media-text -->\n\n<!-- wp:heading {\"level\":4} -->\n<h4 class=\"wp-block-heading\">Warsztaty trychologiczne<\/h4>\n<!-- \/wp:heading -->\n\n<!-- wp:media-text {\"mediaId\":20250,\"mediaLink\":\"https:\/\/www.bandi.pl\/blog\/w7\/\",\"linkDestination\":\"custom\",\"mediaType\":\"image\",\"mediaWidth\":39} -->\n<div class=\"wp-block-media-text is-stacked-on-mobile\" style=\"grid-template-columns:39% auto\"><figure class=\"wp-block-media-text__media\"><a href=\"https:\/\/www.niezwyklakobieta.pl\/zapis.php?w=w7\"><img src=\"https:\/\/www.bandi.pl\/blog\/wp-content\/uploads\/2025\/02\/w7-500x500.png\" alt=\"\" class=\"wp-image-20250 size-full\"\/><\/a><\/figure><div class=\"wp-block-media-text__content\"><!-- wp:paragraph {\"placeholder\":\"Tre\u015b\u0107\u2026\"} -->\n<p><strong>Fakty i mity - piel\u0119gnacja w\u0142os\u00f3w.<\/strong><\/p>\n<!-- \/wp:paragraph -->\n\n<!-- wp:paragraph -->\n<p>W czasie warsztat\u00f3w b\u0119dzie poruszonych mn\u00f3stwo ciekawostek. Dowiesz si\u0119 m.in.: czy cz\u0119ste mycie wp\u0142ywa na przet\u0142uszczanie si\u0119 w\u0142os\u00f3w, o co chodzi z porowato\u015bci\u0105 w\u0142os\u00f3w, czy suszarka niszczy w\u0142osy? Dodatkowo zobaczysz analiz\u0119 sk\u00f3ry g\u0142owy i w\u0142os\u00f3w z u\u017cyciem trichoskopu.<\/p>\n<!-- \/wp:paragraph --><\/div><\/div>\n<!-- \/wp:media-text -->\n\n<!-- wp:media-text {\"mediaId\":20249,\"mediaLink\":\"https:\/\/www.bandi.pl\/blog\/w6\/\",\"linkDestination\":\"custom\",\"mediaType\":\"image\",\"mediaWidth\":39} -->\n<div class=\"wp-block-media-text is-stacked-on-mobile\" style=\"grid-template-columns:39% auto\"><figure class=\"wp-block-media-text__media\"><a href=\"https:\/\/www.niezwyklakobieta.pl\/zapis.php?w=w6\"><img src=\"https:\/\/www.bandi.pl\/blog\/wp-content\/uploads\/2025\/02\/w6-500x500.png\" alt=\"\" class=\"wp-image-20249 size-full\"\/><\/a><\/figure><div class=\"wp-block-media-text__content\"><!-- wp:paragraph {\"placeholder\":\"Tre\u015b\u0107\u2026\"} -->\n<p><strong>Mocna, l\u015bni\u0105ce w\u0142osy - niezawodne sposoby.<\/strong><\/p>\n<!-- \/wp:paragraph -->\n\n<!-- wp:paragraph -->\n<p>Jak mie\u0107 l\u015bni\u0105ce, mocne w\u0142osy? Co zrobi\u0107 by nie wypada\u0142y w nadmiarze? Po co i jak cz\u0119sto stosowa\u0107 wcierki, peeling na sk\u00f3r\u0119 g\u0142owy? Dowiesz si\u0119, kt\u00f3re kosmetyki wybiera\u0107, aby w\u0142osy nie by\u0142y nadmiernie obci\u0105\u017cone, albo pusz\u0105ce si\u0119. Poznasz fakty o piel\u0119gnacji sk\u00f3ry g\u0142owy i w\u0142os\u00f3w, kt\u00f3re pomog\u0105 w uzyskaniu wymarzonego wygl\u0105du w\u0142os\u00f3w. Te warsztaty wyj\u0105tkowa okazja, by zada\u0107 na \u017cywo pytania ekspertowi z dziedziny trychologii.<\/p>\n<!-- \/wp:paragraph --><\/div><\/div>\n<!-- \/wp:media-text -->\n\n<!-- wp:media-text {\"mediaId\":20248,\"mediaLink\":\"https:\/\/www.bandi.pl\/blog\/w5\/\",\"mediaType\":\"image\",\"mediaWidth\":39} -->\n<div class=\"wp-block-media-text is-stacked-on-mobile\" style=\"grid-template-columns:39% auto\"><figure class=\"wp-block-media-text__media\"><img src=\"https:\/\/www.bandi.pl\/blog\/wp-content\/uploads\/2025\/02\/w5-500x500.png\" alt=\"\" class=\"wp-image-20248 size-full\"\/><\/figure><div class=\"wp-block-media-text__content\"><!-- wp:paragraph {\"placeholder\":\"Tre\u015b\u0107\u2026\"} -->\n<p><strong>Nadmierne wypadanie w\u0142os\u00f3w.<\/strong><\/p>\n<!-- \/wp:paragraph -->\n\n<!-- wp:paragraph -->\n<p>Te warsztaty pomog\u0105 zrozumie\u0107 w\u0142os i to od czego zale\u017cy jego dobra kondycja. Odpowiedz\u0105 na takie pytania jak: dlaczego nie mog\u0119 zapu\u015bci\u0107 w\u0142os\u00f3w do pasa, jak czynniki zewn\u0105trzpochodne i wewn\u0119trzpochodne wp\u0142ywaj\u0105 na kondycj\u0119 w\u0142os\u00f3w, kiedy warto uda\u0107 si\u0119 do trychologa z problemem wypadania w\u0142os\u00f3w, co je\u015b\u0107, by cieszy\u0107 si\u0119 pi\u0119knymi w\u0142osami, czy masa\u017c sk\u00f3ry g\u0142owy naprawd\u0119 dzia\u0142a, jak poprawnie go wykona\u0107?<\/p>\n<!-- \/wp:paragraph --><\/div><\/div>\n<!-- \/wp:media-text -->","_et_gb_content_width":"","footnotes":""},"categories":[2055,1973,1741],"tags":[3445,8669,8303,8668,8672,4232,4230,5868,8670,8671],"class_list":["post-20241","post","type-post","status-publish","format-standard","has-post-thumbnail","hentry","category-bandi","category-kategoria-targi-kosmetyczne-szkolenia","category-kategoria-z-zycia-firmy","tag-bandi","tag-bandi-dla-kobiet","tag-dzien-kobiet","tag-event-bandi","tag-konsultacje-kosmetologiczne","tag-kosmetyki-profesjonalne","tag-pielegnacja-profesjonalna","tag-pielegnacja-twarzy","tag-warsztaty-dla-kobiet","tag-warsztaty-pielegnacyjne"],"yoast_head":"<!-- This site is optimized with the Yoast SEO plugin v27.1.1 - https:\/\/yoast.com\/product\/yoast-seo-wordpress\/ -->\n<title>nieZWYK\u0141A KOBIETA - druga edycja wydarzenia &#187; Blog BANDI<\/title>\n<meta name=\"description\" content=\"Przed nami druga edycja wydarzenia &quot;nieZWYK\u0141A KOBIETA&quot;!Ju\u017c 7 i 8 marca 2025 spotkamy si\u0119 w CH Westfield Arkadia w Warszawie, by wsp\u00f3lnie celebrowa\u0107 kobieco\u015b\u0107.\" \/>\n<meta name=\"robots\" content=\"index, follow, max-snippet:-1, max-image-preview:large, max-video-preview:-1\" \/>\n<link rel=\"canonical\" href=\"https:\/\/www.bandi.pl\/blog\/niezwykla-kobieta-druga-edycja-wydarzenia\/\" \/>\n<meta property=\"og:locale\" content=\"pl_PL\" \/>\n<meta property=\"og:type\" content=\"article\" \/>\n<meta property=\"og:title\" content=\"nieZWYK\u0141A KOBIETA - druga edycja wydarzenia &#187; Blog BANDI\" \/>\n<meta property=\"og:description\" content=\"Przed nami druga edycja wydarzenia &quot;nieZWYK\u0141A KOBIETA&quot;!Ju\u017c 7 i 8 marca 2025 spotkamy si\u0119 w CH Westfield Arkadia w Warszawie, by wsp\u00f3lnie celebrowa\u0107 kobieco\u015b\u0107.\" \/>\n<meta property=\"og:url\" content=\"https:\/\/www.bandi.pl\/blog\/niezwykla-kobieta-druga-edycja-wydarzenia\/\" \/>\n<meta property=\"og:site_name\" content=\"Blog BANDI\" \/>\n<meta property=\"article:publisher\" content=\"https:\/\/web.facebook.com\/BANDIcosmetics\" \/>\n<meta property=\"article:published_time\" content=\"2025-02-25T09:54:30+00:00\" \/>\n<meta property=\"og:image\" content=\"https:\/\/www.bandi.pl\/blog\/wp-content\/uploads\/2025\/02\/Baner-GRUPA-FB-1640-x-856-px-\u2013-kopia-1.png\" \/>\n\t<meta property=\"og:image:width\" content=\"1640\" \/>\n\t<meta property=\"og:image:height\" content=\"856\" \/>\n\t<meta property=\"og:image:type\" content=\"image\/png\" \/>\n<meta name=\"author\" content=\"Ilona Kiraga\" \/>\n<meta name=\"twitter:card\" content=\"summary_large_image\" \/>\n<meta name=\"twitter:creator\" content=\"@bandi_cosmetics\" \/>\n<meta name=\"twitter:site\" content=\"@bandi_cosmetics\" \/>\n<meta name=\"twitter:label1\" content=\"Napisane przez\" \/>\n\t<meta name=\"twitter:data1\" content=\"Ilona Kiraga\" \/>\n\t<meta name=\"twitter:label2\" content=\"Szacowany czas czytania\" \/>\n\t<meta name=\"twitter:data2\" content=\"9 minut\" \/>\n<script type=\"application\/ld+json\" class=\"yoast-schema-graph\">{\"@context\":\"https:\/\/schema.org\",\"@graph\":[{\"@type\":\"Article\",\"@id\":\"https:\/\/www.bandi.pl\/blog\/niezwykla-kobieta-druga-edycja-wydarzenia\/#article\",\"isPartOf\":{\"@id\":\"https:\/\/www.bandi.pl\/blog\/niezwykla-kobieta-druga-edycja-wydarzenia\/\"},\"author\":{\"name\":\"Ilona Kiraga\",\"@id\":\"https:\/\/www.bandi.pl\/blog\/#\/schema\/person\/5ba05af1a18c58f1c31d4ae051ec9499\"},\"headline\":\"nieZWYK\u0141A KOBIETA &#8211; druga edycja wydarzenia\",\"datePublished\":\"2025-02-25T09:54:30+00:00\",\"mainEntityOfPage\":{\"@id\":\"https:\/\/www.bandi.pl\/blog\/niezwykla-kobieta-druga-edycja-wydarzenia\/\"},\"wordCount\":1192,\"commentCount\":0,\"publisher\":{\"@id\":\"https:\/\/www.bandi.pl\/blog\/#organization\"},\"image\":{\"@id\":\"https:\/\/www.bandi.pl\/blog\/niezwykla-kobieta-druga-edycja-wydarzenia\/#primaryimage\"},\"thumbnailUrl\":\"https:\/\/www.bandi.pl\/blog\/wp-content\/uploads\/2025\/02\/Baner-GRUPA-FB-1640-x-856-px-\u2013-kopia-1.png\",\"keywords\":[\"Bandi\",\"Bandi dla kobiet\",\"dzie\u0144 kobiet\",\"event BANDI\",\"konsultacje kosmetologiczne\",\"kosmetyki profesjonalne\",\"piel\u0119gnacja profesjonalna\",\"piel\u0119gnacja twarzy\",\"warsztaty dla kobiet\",\"warsztaty piel\u0119gnacyjne\"],\"articleSection\":[\"BANDI\",\"Targi kosmetyczne, szkolenia...\",\"Z \u017cycia firmy\"],\"inLanguage\":\"pl-PL\",\"potentialAction\":[{\"@type\":\"CommentAction\",\"name\":\"Comment\",\"target\":[\"https:\/\/www.bandi.pl\/blog\/niezwykla-kobieta-druga-edycja-wydarzenia\/#respond\"]}]},{\"@type\":\"WebPage\",\"@id\":\"https:\/\/www.bandi.pl\/blog\/niezwykla-kobieta-druga-edycja-wydarzenia\/\",\"url\":\"https:\/\/www.bandi.pl\/blog\/niezwykla-kobieta-druga-edycja-wydarzenia\/\",\"name\":\"nieZWYK\u0141A KOBIETA - druga edycja wydarzenia &#187; Blog BANDI\",\"isPartOf\":{\"@id\":\"https:\/\/www.bandi.pl\/blog\/#website\"},\"primaryImageOfPage\":{\"@id\":\"https:\/\/www.bandi.pl\/blog\/niezwykla-kobieta-druga-edycja-wydarzenia\/#primaryimage\"},\"image\":{\"@id\":\"https:\/\/www.bandi.pl\/blog\/niezwykla-kobieta-druga-edycja-wydarzenia\/#primaryimage\"},\"thumbnailUrl\":\"https:\/\/www.bandi.pl\/blog\/wp-content\/uploads\/2025\/02\/Baner-GRUPA-FB-1640-x-856-px-\u2013-kopia-1.png\",\"datePublished\":\"2025-02-25T09:54:30+00:00\",\"description\":\"Przed nami druga edycja wydarzenia \\\"nieZWYK\u0141A KOBIETA\\\"!Ju\u017c 7 i 8 marca 2025 spotkamy si\u0119 w CH Westfield Arkadia w Warszawie, by wsp\u00f3lnie celebrowa\u0107 kobieco\u015b\u0107.\",\"breadcrumb\":{\"@id\":\"https:\/\/www.bandi.pl\/blog\/niezwykla-kobieta-druga-edycja-wydarzenia\/#breadcrumb\"},\"inLanguage\":\"pl-PL\",\"potentialAction\":[{\"@type\":\"ReadAction\",\"target\":[\"https:\/\/www.bandi.pl\/blog\/niezwykla-kobieta-druga-edycja-wydarzenia\/\"]}]},{\"@type\":\"ImageObject\",\"inLanguage\":\"pl-PL\",\"@id\":\"https:\/\/www.bandi.pl\/blog\/niezwykla-kobieta-druga-edycja-wydarzenia\/#primaryimage\",\"url\":\"https:\/\/www.bandi.pl\/blog\/wp-content\/uploads\/2025\/02\/Baner-GRUPA-FB-1640-x-856-px-\u2013-kopia-1.png\",\"contentUrl\":\"https:\/\/www.bandi.pl\/blog\/wp-content\/uploads\/2025\/02\/Baner-GRUPA-FB-1640-x-856-px-\u2013-kopia-1.png\",\"width\":1640,\"height\":856,\"caption\":\"nieZWYK\u0141A KOBIETA\"},{\"@type\":\"BreadcrumbList\",\"@id\":\"https:\/\/www.bandi.pl\/blog\/niezwykla-kobieta-druga-edycja-wydarzenia\/#breadcrumb\",\"itemListElement\":[{\"@type\":\"ListItem\",\"position\":1,\"name\":\"BANDI\",\"item\":\"https:\/\/www.bandi.pl\/blog\/\"},{\"@type\":\"ListItem\",\"position\":2,\"name\":\"nieZWYK\u0141A KOBIETA &#8211; druga edycja wydarzenia\"}]},{\"@type\":\"WebSite\",\"@id\":\"https:\/\/www.bandi.pl\/blog\/#website\",\"url\":\"https:\/\/www.bandi.pl\/blog\/\",\"name\":\"Blog BANDI\",\"description\":\"Czarno na bia\u0142ym o kosmetykach\",\"publisher\":{\"@id\":\"https:\/\/www.bandi.pl\/blog\/#organization\"},\"potentialAction\":[{\"@type\":\"SearchAction\",\"target\":{\"@type\":\"EntryPoint\",\"urlTemplate\":\"https:\/\/www.bandi.pl\/blog\/?s={search_term_string}\"},\"query-input\":{\"@type\":\"PropertyValueSpecification\",\"valueRequired\":true,\"valueName\":\"search_term_string\"}}],\"inLanguage\":\"pl-PL\"},{\"@type\":\"Organization\",\"@id\":\"https:\/\/www.bandi.pl\/blog\/#organization\",\"name\":\"BANDI\",\"url\":\"https:\/\/www.bandi.pl\/blog\/\",\"logo\":{\"@type\":\"ImageObject\",\"inLanguage\":\"pl-PL\",\"@id\":\"https:\/\/www.bandi.pl\/blog\/#\/schema\/logo\/image\/\",\"url\":\"https:\/\/www.bandi.pl\/blog\/wp-content\/uploads\/2019\/06\/bandi-logo.png\",\"contentUrl\":\"https:\/\/www.bandi.pl\/blog\/wp-content\/uploads\/2019\/06\/bandi-logo.png\",\"width\":264,\"height\":111,\"caption\":\"BANDI\"},\"image\":{\"@id\":\"https:\/\/www.bandi.pl\/blog\/#\/schema\/logo\/image\/\"},\"sameAs\":[\"https:\/\/web.facebook.com\/BANDIcosmetics\",\"https:\/\/x.com\/bandi_cosmetics\",\"https:\/\/www.instagram.com\/bandi_cosmetics\/\",\"https:\/\/www.pinterest.com\/bandicosmetics\/\",\"https:\/\/www.youtube.com\/user\/BandiCosmeticsPolska\"]},{\"@type\":\"Person\",\"@id\":\"https:\/\/www.bandi.pl\/blog\/#\/schema\/person\/5ba05af1a18c58f1c31d4ae051ec9499\",\"name\":\"Ilona Kiraga\"}]}<\/script>\n<!-- \/ Yoast SEO plugin. -->","yoast_head_json":{"title":"nieZWYK\u0141A KOBIETA - druga edycja wydarzenia &#187; Blog BANDI","description":"Przed nami druga edycja wydarzenia \"nieZWYK\u0141A KOBIETA\"!Ju\u017c 7 i 8 marca 2025 spotkamy si\u0119 w CH Westfield Arkadia w Warszawie, by wsp\u00f3lnie celebrowa\u0107 kobieco\u015b\u0107.","robots":{"index":"index","follow":"follow","max-snippet":"max-snippet:-1","max-image-preview":"max-image-preview:large","max-video-preview":"max-video-preview:-1"},"canonical":"https:\/\/www.bandi.pl\/blog\/niezwykla-kobieta-druga-edycja-wydarzenia\/","og_locale":"pl_PL","og_type":"article","og_title":"nieZWYK\u0141A KOBIETA - druga edycja wydarzenia &#187; Blog BANDI","og_description":"Przed nami druga edycja wydarzenia \"nieZWYK\u0141A KOBIETA\"!Ju\u017c 7 i 8 marca 2025 spotkamy si\u0119 w CH Westfield Arkadia w Warszawie, by wsp\u00f3lnie celebrowa\u0107 kobieco\u015b\u0107.","og_url":"https:\/\/www.bandi.pl\/blog\/niezwykla-kobieta-druga-edycja-wydarzenia\/","og_site_name":"Blog BANDI","article_publisher":"https:\/\/web.facebook.com\/BANDIcosmetics","article_published_time":"2025-02-25T09:54:30+00:00","og_image":[{"width":1640,"height":856,"url":"https:\/\/www.bandi.pl\/blog\/wp-content\/uploads\/2025\/02\/Baner-GRUPA-FB-1640-x-856-px-\u2013-kopia-1.png","type":"image\/png"}],"author":"Ilona Kiraga","twitter_card":"summary_large_image","twitter_creator":"@bandi_cosmetics","twitter_site":"@bandi_cosmetics","twitter_misc":{"Napisane przez":"Ilona Kiraga","Szacowany czas czytania":"9 minut"},"schema":{"@context":"https:\/\/schema.org","@graph":[{"@type":"Article","@id":"https:\/\/www.bandi.pl\/blog\/niezwykla-kobieta-druga-edycja-wydarzenia\/#article","isPartOf":{"@id":"https:\/\/www.bandi.pl\/blog\/niezwykla-kobieta-druga-edycja-wydarzenia\/"},"author":{"name":"Ilona Kiraga","@id":"https:\/\/www.bandi.pl\/blog\/#\/schema\/person\/5ba05af1a18c58f1c31d4ae051ec9499"},"headline":"nieZWYK\u0141A KOBIETA &#8211; druga edycja wydarzenia","datePublished":"2025-02-25T09:54:30+00:00","mainEntityOfPage":{"@id":"https:\/\/www.bandi.pl\/blog\/niezwykla-kobieta-druga-edycja-wydarzenia\/"},"wordCount":1192,"commentCount":0,"publisher":{"@id":"https:\/\/www.bandi.pl\/blog\/#organization"},"image":{"@id":"https:\/\/www.bandi.pl\/blog\/niezwykla-kobieta-druga-edycja-wydarzenia\/#primaryimage"},"thumbnailUrl":"https:\/\/www.bandi.pl\/blog\/wp-content\/uploads\/2025\/02\/Baner-GRUPA-FB-1640-x-856-px-\u2013-kopia-1.png","keywords":["Bandi","Bandi dla kobiet","dzie\u0144 kobiet","event BANDI","konsultacje kosmetologiczne","kosmetyki profesjonalne","piel\u0119gnacja profesjonalna","piel\u0119gnacja twarzy","warsztaty dla kobiet","warsztaty piel\u0119gnacyjne"],"articleSection":["BANDI","Targi kosmetyczne, szkolenia...","Z \u017cycia firmy"],"inLanguage":"pl-PL","potentialAction":[{"@type":"CommentAction","name":"Comment","target":["https:\/\/www.bandi.pl\/blog\/niezwykla-kobieta-druga-edycja-wydarzenia\/#respond"]}]},{"@type":"WebPage","@id":"https:\/\/www.bandi.pl\/blog\/niezwykla-kobieta-druga-edycja-wydarzenia\/","url":"https:\/\/www.bandi.pl\/blog\/niezwykla-kobieta-druga-edycja-wydarzenia\/","name":"nieZWYK\u0141A KOBIETA - druga edycja wydarzenia &#187; Blog BANDI","isPartOf":{"@id":"https:\/\/www.bandi.pl\/blog\/#website"},"primaryImageOfPage":{"@id":"https:\/\/www.bandi.pl\/blog\/niezwykla-kobieta-druga-edycja-wydarzenia\/#primaryimage"},"image":{"@id":"https:\/\/www.bandi.pl\/blog\/niezwykla-kobieta-druga-edycja-wydarzenia\/#primaryimage"},"thumbnailUrl":"https:\/\/www.bandi.pl\/blog\/wp-content\/uploads\/2025\/02\/Baner-GRUPA-FB-1640-x-856-px-\u2013-kopia-1.png","datePublished":"2025-02-25T09:54:30+00:00","description":"Przed nami druga edycja wydarzenia \"nieZWYK\u0141A KOBIETA\"!Ju\u017c 7 i 8 marca 2025 spotkamy si\u0119 w CH Westfield Arkadia w Warszawie, by wsp\u00f3lnie celebrowa\u0107 kobieco\u015b\u0107.","breadcrumb":{"@id":"https:\/\/www.bandi.pl\/blog\/niezwykla-kobieta-druga-edycja-wydarzenia\/#breadcrumb"},"inLanguage":"pl-PL","potentialAction":[{"@type":"ReadAction","target":["https:\/\/www.bandi.pl\/blog\/niezwykla-kobieta-druga-edycja-wydarzenia\/"]}]},{"@type":"ImageObject","inLanguage":"pl-PL","@id":"https:\/\/www.bandi.pl\/blog\/niezwykla-kobieta-druga-edycja-wydarzenia\/#primaryimage","url":"https:\/\/www.bandi.pl\/blog\/wp-content\/uploads\/2025\/02\/Baner-GRUPA-FB-1640-x-856-px-\u2013-kopia-1.png","contentUrl":"https:\/\/www.bandi.pl\/blog\/wp-content\/uploads\/2025\/02\/Baner-GRUPA-FB-1640-x-856-px-\u2013-kopia-1.png","width":1640,"height":856,"caption":"nieZWYK\u0141A KOBIETA"},{"@type":"BreadcrumbList","@id":"https:\/\/www.bandi.pl\/blog\/niezwykla-kobieta-druga-edycja-wydarzenia\/#breadcrumb","itemListElement":[{"@type":"ListItem","position":1,"name":"BANDI","item":"https:\/\/www.bandi.pl\/blog\/"},{"@type":"ListItem","position":2,"name":"nieZWYK\u0141A KOBIETA &#8211; druga edycja wydarzenia"}]},{"@type":"WebSite","@id":"https:\/\/www.bandi.pl\/blog\/#website","url":"https:\/\/www.bandi.pl\/blog\/","name":"Blog BANDI","description":"Czarno na bia\u0142ym o kosmetykach","publisher":{"@id":"https:\/\/www.bandi.pl\/blog\/#organization"},"potentialAction":[{"@type":"SearchAction","target":{"@type":"EntryPoint","urlTemplate":"https:\/\/www.bandi.pl\/blog\/?s={search_term_string}"},"query-input":{"@type":"PropertyValueSpecification","valueRequired":true,"valueName":"search_term_string"}}],"inLanguage":"pl-PL"},{"@type":"Organization","@id":"https:\/\/www.bandi.pl\/blog\/#organization","name":"BANDI","url":"https:\/\/www.bandi.pl\/blog\/","logo":{"@type":"ImageObject","inLanguage":"pl-PL","@id":"https:\/\/www.bandi.pl\/blog\/#\/schema\/logo\/image\/","url":"https:\/\/www.bandi.pl\/blog\/wp-content\/uploads\/2019\/06\/bandi-logo.png","contentUrl":"https:\/\/www.bandi.pl\/blog\/wp-content\/uploads\/2019\/06\/bandi-logo.png","width":264,"height":111,"caption":"BANDI"},"image":{"@id":"https:\/\/www.bandi.pl\/blog\/#\/schema\/logo\/image\/"},"sameAs":["https:\/\/web.facebook.com\/BANDIcosmetics","https:\/\/x.com\/bandi_cosmetics","https:\/\/www.instagram.com\/bandi_cosmetics\/","https:\/\/www.pinterest.com\/bandicosmetics\/","https:\/\/www.youtube.com\/user\/BandiCosmeticsPolska"]},{"@type":"Person","@id":"https:\/\/www.bandi.pl\/blog\/#\/schema\/person\/5ba05af1a18c58f1c31d4ae051ec9499","name":"Ilona Kiraga"}]}},"_links":{"self":[{"href":"https:\/\/www.bandi.pl\/blog\/wp-json\/wp\/v2\/posts\/20241","targetHints":{"allow":["GET"]}}],"collection":[{"href":"https:\/\/www.bandi.pl\/blog\/wp-json\/wp\/v2\/posts"}],"about":[{"href":"https:\/\/www.bandi.pl\/blog\/wp-json\/wp\/v2\/types\/post"}],"author":[{"embeddable":true,"href":"https:\/\/www.bandi.pl\/blog\/wp-json\/wp\/v2\/users\/13"}],"replies":[{"embeddable":true,"href":"https:\/\/www.bandi.pl\/blog\/wp-json\/wp\/v2\/comments?post=20241"}],"version-history":[{"count":32,"href":"https:\/\/www.bandi.pl\/blog\/wp-json\/wp\/v2\/posts\/20241\/revisions"}],"predecessor-version":[{"id":20287,"href":"https:\/\/www.bandi.pl\/blog\/wp-json\/wp\/v2\/posts\/20241\/revisions\/20287"}],"wp:featuredmedia":[{"embeddable":true,"href":"https:\/\/www.bandi.pl\/blog\/wp-json\/wp\/v2\/media\/20284"}],"wp:attachment":[{"href":"https:\/\/www.bandi.pl\/blog\/wp-json\/wp\/v2\/media?parent=20241"}],"wp:term":[{"taxonomy":"category","embeddable":true,"href":"https:\/\/www.bandi.pl\/blog\/wp-json\/wp\/v2\/categories?post=20241"},{"taxonomy":"post_tag","embeddable":true,"href":"https:\/\/www.bandi.pl\/blog\/wp-json\/wp\/v2\/tags?post=20241"}],"curies":[{"name":"wp","href":"https:\/\/api.w.org\/{rel}","templated":true}]}}