{"id":20227,"date":"2025-01-11T10:00:00","date_gmt":"2025-01-11T09:00:00","guid":{"rendered":"https:\/\/www.bandi.pl\/blog\/?p=20227"},"modified":"2025-02-24T08:53:08","modified_gmt":"2025-02-24T07:53:08","slug":"swiateczny-dobry-kalendarz-fundacji-ernesta-2024","status":"publish","type":"post","link":"https:\/\/www.bandi.pl\/blog\/swiateczny-dobry-kalendarz-fundacji-ernesta-2024\/","title":{"rendered":"\u015awi\u0105teczny Dobry Kalendarz Fundacji Ernesta 2024"},"content":{"rendered":"\n<p>Z dum\u0105 wspieramy inicjatywy charytatywne. W tym roku do\u0142\u0105czyli\u015bmy do listopadowej akcji Fundacji Ernesta, kt\u00f3rej inicjatywa \u201eDobry Kalendarz\u201d zmienia \u017cycie kobiet w trudnych sytuacjach \u017cyciowych. \u201eDobry Kalendarz\u201d to projekt, kt\u00f3ry \u0142\u0105czy pomoc charytatywn\u0105 z promowaniem aktywno\u015bci, zdrowego stylu \u017cycia i dbania o siebie. W ramach tej wsp\u00f3\u0142pracy przekazali\u015bmy swoje profesjonalne produkty kosmetyczne, kt\u00f3re stanowi\u0105 symbol dbania o siebie i w\u0142asne zdrowie \u2013 tak wa\u017cne w procesie odzyskiwania si\u0142 po trudnych do\u015bwiadczeniach.<\/p>\n","protected":false},"excerpt":{"rendered":"<p>Z dum\u0105 wspieramy inicjatywy charytatywne. W tym roku do\u0142\u0105czyli\u015bmy do listopadowej akcji Fundacji Ernesta, kt\u00f3rej inicjatywa \u201eDobry Kalendarz\u201d zmienia \u017cycie kobiet w trudnych sytuacjach \u017cyciowych. \u201eDobry Kalendarz\u201d to projekt, kt\u00f3ry \u0142\u0105czy pomoc charytatywn\u0105 z promowaniem aktywno\u015bci, zdrowego stylu \u017cycia i dbania o siebie. W ramach tej wsp\u00f3\u0142pracy przekazali\u015bmy swoje profesjonalne produkty kosmetyczne, kt\u00f3re stanowi\u0105 symbol [&hellip;]<\/p>\n","protected":false},"author":13,"featured_media":20230,"comment_status":"open","ping_status":"closed","sticky":false,"template":"","format":"standard","meta":{"_et_pb_use_builder":"off","_et_pb_old_content":"","_et_gb_content_width":"","footnotes":""},"categories":[1],"tags":[8667,3445,4634,4232,4230,5868],"class_list":["post-20227","post","type-post","status-publish","format-standard","has-post-thumbnail","hentry","category-kategoria-bandi-wspiera","tag-akcje-charytatywne","tag-bandi","tag-bandi-wspiera","tag-kosmetyki-profesjonalne","tag-pielegnacja-profesjonalna","tag-pielegnacja-twarzy"],"yoast_head":"<!-- This site is optimized with the Yoast SEO plugin v27.1.1 - https:\/\/yoast.com\/product\/yoast-seo-wordpress\/ -->\n<title>\u015awi\u0105teczny Dobry Kalendarz Fundacji Ernesta 2024 &#187; Blog BANDI<\/title>\n<meta name=\"robots\" content=\"index, follow, max-snippet:-1, max-image-preview:large, max-video-preview:-1\" \/>\n<link rel=\"canonical\" href=\"https:\/\/www.bandi.pl\/blog\/swiateczny-dobry-kalendarz-fundacji-ernesta-2024\/\" \/>\n<meta property=\"og:locale\" content=\"pl_PL\" \/>\n<meta property=\"og:type\" content=\"article\" \/>\n<meta property=\"og:title\" content=\"\u015awi\u0105teczny Dobry Kalendarz Fundacji Ernesta 2024 &#187; Blog BANDI\" \/>\n<meta property=\"og:description\" content=\"Z dum\u0105 wspieramy inicjatywy charytatywne. W tym roku do\u0142\u0105czyli\u015bmy do listopadowej akcji Fundacji Ernesta, kt\u00f3rej inicjatywa \u201eDobry Kalendarz\u201d zmienia \u017cycie kobiet w trudnych sytuacjach \u017cyciowych. \u201eDobry Kalendarz\u201d to projekt, kt\u00f3ry \u0142\u0105czy pomoc charytatywn\u0105 z promowaniem aktywno\u015bci, zdrowego stylu \u017cycia i dbania o siebie. W ramach tej wsp\u00f3\u0142pracy przekazali\u015bmy swoje profesjonalne produkty kosmetyczne, kt\u00f3re stanowi\u0105 symbol [&hellip;]\" \/>\n<meta property=\"og:url\" content=\"https:\/\/www.bandi.pl\/blog\/swiateczny-dobry-kalendarz-fundacji-ernesta-2024\/\" \/>\n<meta property=\"og:site_name\" content=\"Blog BANDI\" \/>\n<meta property=\"article:publisher\" content=\"https:\/\/web.facebook.com\/BANDIcosmetics\" \/>\n<meta property=\"article:published_time\" content=\"2025-01-11T09:00:00+00:00\" \/>\n<meta property=\"article:modified_time\" content=\"2025-02-24T07:53:08+00:00\" \/>\n<meta property=\"og:image\" content=\"https:\/\/www.bandi.pl\/blog\/wp-content\/uploads\/2025\/02\/Projekt-bez-nazwy-4-6-596x500.png\" \/>\n\t<meta property=\"og:image:width\" content=\"596\" \/>\n\t<meta property=\"og:image:height\" content=\"500\" \/>\n\t<meta property=\"og:image:type\" content=\"image\/png\" \/>\n<meta name=\"author\" content=\"Ilona Kiraga\" \/>\n<meta name=\"twitter:card\" content=\"summary_large_image\" \/>\n<meta name=\"twitter:creator\" content=\"@bandi_cosmetics\" \/>\n<meta name=\"twitter:site\" content=\"@bandi_cosmetics\" \/>\n<meta name=\"twitter:label1\" content=\"Napisane przez\" \/>\n\t<meta name=\"twitter:data1\" content=\"Ilona Kiraga\" \/>\n\t<meta name=\"twitter:label2\" content=\"Szacowany czas czytania\" \/>\n\t<meta name=\"twitter:data2\" content=\"1 minuta\" \/>\n<script type=\"application\/ld+json\" class=\"yoast-schema-graph\">{\"@context\":\"https:\/\/schema.org\",\"@graph\":[{\"@type\":\"Article\",\"@id\":\"https:\/\/www.bandi.pl\/blog\/swiateczny-dobry-kalendarz-fundacji-ernesta-2024\/#article\",\"isPartOf\":{\"@id\":\"https:\/\/www.bandi.pl\/blog\/swiateczny-dobry-kalendarz-fundacji-ernesta-2024\/\"},\"author\":{\"name\":\"Ilona Kiraga\",\"@id\":\"https:\/\/www.bandi.pl\/blog\/#\/schema\/person\/5ba05af1a18c58f1c31d4ae051ec9499\"},\"headline\":\"\u015awi\u0105teczny Dobry Kalendarz Fundacji Ernesta 2024\",\"datePublished\":\"2025-01-11T09:00:00+00:00\",\"dateModified\":\"2025-02-24T07:53:08+00:00\",\"mainEntityOfPage\":{\"@id\":\"https:\/\/www.bandi.pl\/blog\/swiateczny-dobry-kalendarz-fundacji-ernesta-2024\/\"},\"wordCount\":87,\"commentCount\":0,\"publisher\":{\"@id\":\"https:\/\/www.bandi.pl\/blog\/#organization\"},\"image\":{\"@id\":\"https:\/\/www.bandi.pl\/blog\/swiateczny-dobry-kalendarz-fundacji-ernesta-2024\/#primaryimage\"},\"thumbnailUrl\":\"https:\/\/www.bandi.pl\/blog\/wp-content\/uploads\/2025\/02\/Projekt-bez-nazwy-4-6.png\",\"keywords\":[\"akcje charytatywne\",\"Bandi\",\"Bandi wspiera\",\"kosmetyki profesjonalne\",\"piel\u0119gnacja profesjonalna\",\"piel\u0119gnacja twarzy\"],\"articleSection\":[\"BANDI wspiera\"],\"inLanguage\":\"pl-PL\",\"potentialAction\":[{\"@type\":\"CommentAction\",\"name\":\"Comment\",\"target\":[\"https:\/\/www.bandi.pl\/blog\/swiateczny-dobry-kalendarz-fundacji-ernesta-2024\/#respond\"]}]},{\"@type\":\"WebPage\",\"@id\":\"https:\/\/www.bandi.pl\/blog\/swiateczny-dobry-kalendarz-fundacji-ernesta-2024\/\",\"url\":\"https:\/\/www.bandi.pl\/blog\/swiateczny-dobry-kalendarz-fundacji-ernesta-2024\/\",\"name\":\"\u015awi\u0105teczny Dobry Kalendarz Fundacji Ernesta 2024 &#187; Blog BANDI\",\"isPartOf\":{\"@id\":\"https:\/\/www.bandi.pl\/blog\/#website\"},\"primaryImageOfPage\":{\"@id\":\"https:\/\/www.bandi.pl\/blog\/swiateczny-dobry-kalendarz-fundacji-ernesta-2024\/#primaryimage\"},\"image\":{\"@id\":\"https:\/\/www.bandi.pl\/blog\/swiateczny-dobry-kalendarz-fundacji-ernesta-2024\/#primaryimage\"},\"thumbnailUrl\":\"https:\/\/www.bandi.pl\/blog\/wp-content\/uploads\/2025\/02\/Projekt-bez-nazwy-4-6.png\",\"datePublished\":\"2025-01-11T09:00:00+00:00\",\"dateModified\":\"2025-02-24T07:53:08+00:00\",\"breadcrumb\":{\"@id\":\"https:\/\/www.bandi.pl\/blog\/swiateczny-dobry-kalendarz-fundacji-ernesta-2024\/#breadcrumb\"},\"inLanguage\":\"pl-PL\",\"potentialAction\":[{\"@type\":\"ReadAction\",\"target\":[\"https:\/\/www.bandi.pl\/blog\/swiateczny-dobry-kalendarz-fundacji-ernesta-2024\/\"]}]},{\"@type\":\"ImageObject\",\"inLanguage\":\"pl-PL\",\"@id\":\"https:\/\/www.bandi.pl\/blog\/swiateczny-dobry-kalendarz-fundacji-ernesta-2024\/#primaryimage\",\"url\":\"https:\/\/www.bandi.pl\/blog\/wp-content\/uploads\/2025\/02\/Projekt-bez-nazwy-4-6.png\",\"contentUrl\":\"https:\/\/www.bandi.pl\/blog\/wp-content\/uploads\/2025\/02\/Projekt-bez-nazwy-4-6.png\",\"width\":2938,\"height\":2463,\"caption\":\"dobry kalendarz\"},{\"@type\":\"BreadcrumbList\",\"@id\":\"https:\/\/www.bandi.pl\/blog\/swiateczny-dobry-kalendarz-fundacji-ernesta-2024\/#breadcrumb\",\"itemListElement\":[{\"@type\":\"ListItem\",\"position\":1,\"name\":\"BANDI\",\"item\":\"https:\/\/www.bandi.pl\/blog\/\"},{\"@type\":\"ListItem\",\"position\":2,\"name\":\"\u015awi\u0105teczny Dobry Kalendarz Fundacji Ernesta 2024\"}]},{\"@type\":\"WebSite\",\"@id\":\"https:\/\/www.bandi.pl\/blog\/#website\",\"url\":\"https:\/\/www.bandi.pl\/blog\/\",\"name\":\"Blog BANDI\",\"description\":\"Czarno na bia\u0142ym o kosmetykach\",\"publisher\":{\"@id\":\"https:\/\/www.bandi.pl\/blog\/#organization\"},\"potentialAction\":[{\"@type\":\"SearchAction\",\"target\":{\"@type\":\"EntryPoint\",\"urlTemplate\":\"https:\/\/www.bandi.pl\/blog\/?s={search_term_string}\"},\"query-input\":{\"@type\":\"PropertyValueSpecification\",\"valueRequired\":true,\"valueName\":\"search_term_string\"}}],\"inLanguage\":\"pl-PL\"},{\"@type\":\"Organization\",\"@id\":\"https:\/\/www.bandi.pl\/blog\/#organization\",\"name\":\"BANDI\",\"url\":\"https:\/\/www.bandi.pl\/blog\/\",\"logo\":{\"@type\":\"ImageObject\",\"inLanguage\":\"pl-PL\",\"@id\":\"https:\/\/www.bandi.pl\/blog\/#\/schema\/logo\/image\/\",\"url\":\"https:\/\/www.bandi.pl\/blog\/wp-content\/uploads\/2019\/06\/bandi-logo.png\",\"contentUrl\":\"https:\/\/www.bandi.pl\/blog\/wp-content\/uploads\/2019\/06\/bandi-logo.png\",\"width\":264,\"height\":111,\"caption\":\"BANDI\"},\"image\":{\"@id\":\"https:\/\/www.bandi.pl\/blog\/#\/schema\/logo\/image\/\"},\"sameAs\":[\"https:\/\/web.facebook.com\/BANDIcosmetics\",\"https:\/\/x.com\/bandi_cosmetics\",\"https:\/\/www.instagram.com\/bandi_cosmetics\/\",\"https:\/\/www.pinterest.com\/bandicosmetics\/\",\"https:\/\/www.youtube.com\/user\/BandiCosmeticsPolska\"]},{\"@type\":\"Person\",\"@id\":\"https:\/\/www.bandi.pl\/blog\/#\/schema\/person\/5ba05af1a18c58f1c31d4ae051ec9499\",\"name\":\"Ilona Kiraga\"}]}<\/script>\n<!-- \/ Yoast SEO plugin. -->","yoast_head_json":{"title":"\u015awi\u0105teczny Dobry Kalendarz Fundacji Ernesta 2024 &#187; Blog BANDI","robots":{"index":"index","follow":"follow","max-snippet":"max-snippet:-1","max-image-preview":"max-image-preview:large","max-video-preview":"max-video-preview:-1"},"canonical":"https:\/\/www.bandi.pl\/blog\/swiateczny-dobry-kalendarz-fundacji-ernesta-2024\/","og_locale":"pl_PL","og_type":"article","og_title":"\u015awi\u0105teczny Dobry Kalendarz Fundacji Ernesta 2024 &#187; Blog BANDI","og_description":"Z dum\u0105 wspieramy inicjatywy charytatywne. W tym roku do\u0142\u0105czyli\u015bmy do listopadowej akcji Fundacji Ernesta, kt\u00f3rej inicjatywa \u201eDobry Kalendarz\u201d zmienia \u017cycie kobiet w trudnych sytuacjach \u017cyciowych. \u201eDobry Kalendarz\u201d to projekt, kt\u00f3ry \u0142\u0105czy pomoc charytatywn\u0105 z promowaniem aktywno\u015bci, zdrowego stylu \u017cycia i dbania o siebie. W ramach tej wsp\u00f3\u0142pracy przekazali\u015bmy swoje profesjonalne produkty kosmetyczne, kt\u00f3re stanowi\u0105 symbol [&hellip;]","og_url":"https:\/\/www.bandi.pl\/blog\/swiateczny-dobry-kalendarz-fundacji-ernesta-2024\/","og_site_name":"Blog BANDI","article_publisher":"https:\/\/web.facebook.com\/BANDIcosmetics","article_published_time":"2025-01-11T09:00:00+00:00","article_modified_time":"2025-02-24T07:53:08+00:00","og_image":[{"width":596,"height":500,"url":"https:\/\/www.bandi.pl\/blog\/wp-content\/uploads\/2025\/02\/Projekt-bez-nazwy-4-6-596x500.png","type":"image\/png"}],"author":"Ilona Kiraga","twitter_card":"summary_large_image","twitter_creator":"@bandi_cosmetics","twitter_site":"@bandi_cosmetics","twitter_misc":{"Napisane przez":"Ilona Kiraga","Szacowany czas czytania":"1 minuta"},"schema":{"@context":"https:\/\/schema.org","@graph":[{"@type":"Article","@id":"https:\/\/www.bandi.pl\/blog\/swiateczny-dobry-kalendarz-fundacji-ernesta-2024\/#article","isPartOf":{"@id":"https:\/\/www.bandi.pl\/blog\/swiateczny-dobry-kalendarz-fundacji-ernesta-2024\/"},"author":{"name":"Ilona Kiraga","@id":"https:\/\/www.bandi.pl\/blog\/#\/schema\/person\/5ba05af1a18c58f1c31d4ae051ec9499"},"headline":"\u015awi\u0105teczny Dobry Kalendarz Fundacji Ernesta 2024","datePublished":"2025-01-11T09:00:00+00:00","dateModified":"2025-02-24T07:53:08+00:00","mainEntityOfPage":{"@id":"https:\/\/www.bandi.pl\/blog\/swiateczny-dobry-kalendarz-fundacji-ernesta-2024\/"},"wordCount":87,"commentCount":0,"publisher":{"@id":"https:\/\/www.bandi.pl\/blog\/#organization"},"image":{"@id":"https:\/\/www.bandi.pl\/blog\/swiateczny-dobry-kalendarz-fundacji-ernesta-2024\/#primaryimage"},"thumbnailUrl":"https:\/\/www.bandi.pl\/blog\/wp-content\/uploads\/2025\/02\/Projekt-bez-nazwy-4-6.png","keywords":["akcje charytatywne","Bandi","Bandi wspiera","kosmetyki profesjonalne","piel\u0119gnacja profesjonalna","piel\u0119gnacja twarzy"],"articleSection":["BANDI wspiera"],"inLanguage":"pl-PL","potentialAction":[{"@type":"CommentAction","name":"Comment","target":["https:\/\/www.bandi.pl\/blog\/swiateczny-dobry-kalendarz-fundacji-ernesta-2024\/#respond"]}]},{"@type":"WebPage","@id":"https:\/\/www.bandi.pl\/blog\/swiateczny-dobry-kalendarz-fundacji-ernesta-2024\/","url":"https:\/\/www.bandi.pl\/blog\/swiateczny-dobry-kalendarz-fundacji-ernesta-2024\/","name":"\u015awi\u0105teczny Dobry Kalendarz Fundacji Ernesta 2024 &#187; Blog BANDI","isPartOf":{"@id":"https:\/\/www.bandi.pl\/blog\/#website"},"primaryImageOfPage":{"@id":"https:\/\/www.bandi.pl\/blog\/swiateczny-dobry-kalendarz-fundacji-ernesta-2024\/#primaryimage"},"image":{"@id":"https:\/\/www.bandi.pl\/blog\/swiateczny-dobry-kalendarz-fundacji-ernesta-2024\/#primaryimage"},"thumbnailUrl":"https:\/\/www.bandi.pl\/blog\/wp-content\/uploads\/2025\/02\/Projekt-bez-nazwy-4-6.png","datePublished":"2025-01-11T09:00:00+00:00","dateModified":"2025-02-24T07:53:08+00:00","breadcrumb":{"@id":"https:\/\/www.bandi.pl\/blog\/swiateczny-dobry-kalendarz-fundacji-ernesta-2024\/#breadcrumb"},"inLanguage":"pl-PL","potentialAction":[{"@type":"ReadAction","target":["https:\/\/www.bandi.pl\/blog\/swiateczny-dobry-kalendarz-fundacji-ernesta-2024\/"]}]},{"@type":"ImageObject","inLanguage":"pl-PL","@id":"https:\/\/www.bandi.pl\/blog\/swiateczny-dobry-kalendarz-fundacji-ernesta-2024\/#primaryimage","url":"https:\/\/www.bandi.pl\/blog\/wp-content\/uploads\/2025\/02\/Projekt-bez-nazwy-4-6.png","contentUrl":"https:\/\/www.bandi.pl\/blog\/wp-content\/uploads\/2025\/02\/Projekt-bez-nazwy-4-6.png","width":2938,"height":2463,"caption":"dobry kalendarz"},{"@type":"BreadcrumbList","@id":"https:\/\/www.bandi.pl\/blog\/swiateczny-dobry-kalendarz-fundacji-ernesta-2024\/#breadcrumb","itemListElement":[{"@type":"ListItem","position":1,"name":"BANDI","item":"https:\/\/www.bandi.pl\/blog\/"},{"@type":"ListItem","position":2,"name":"\u015awi\u0105teczny Dobry Kalendarz Fundacji Ernesta 2024"}]},{"@type":"WebSite","@id":"https:\/\/www.bandi.pl\/blog\/#website","url":"https:\/\/www.bandi.pl\/blog\/","name":"Blog BANDI","description":"Czarno na bia\u0142ym o kosmetykach","publisher":{"@id":"https:\/\/www.bandi.pl\/blog\/#organization"},"potentialAction":[{"@type":"SearchAction","target":{"@type":"EntryPoint","urlTemplate":"https:\/\/www.bandi.pl\/blog\/?s={search_term_string}"},"query-input":{"@type":"PropertyValueSpecification","valueRequired":true,"valueName":"search_term_string"}}],"inLanguage":"pl-PL"},{"@type":"Organization","@id":"https:\/\/www.bandi.pl\/blog\/#organization","name":"BANDI","url":"https:\/\/www.bandi.pl\/blog\/","logo":{"@type":"ImageObject","inLanguage":"pl-PL","@id":"https:\/\/www.bandi.pl\/blog\/#\/schema\/logo\/image\/","url":"https:\/\/www.bandi.pl\/blog\/wp-content\/uploads\/2019\/06\/bandi-logo.png","contentUrl":"https:\/\/www.bandi.pl\/blog\/wp-content\/uploads\/2019\/06\/bandi-logo.png","width":264,"height":111,"caption":"BANDI"},"image":{"@id":"https:\/\/www.bandi.pl\/blog\/#\/schema\/logo\/image\/"},"sameAs":["https:\/\/web.facebook.com\/BANDIcosmetics","https:\/\/x.com\/bandi_cosmetics","https:\/\/www.instagram.com\/bandi_cosmetics\/","https:\/\/www.pinterest.com\/bandicosmetics\/","https:\/\/www.youtube.com\/user\/BandiCosmeticsPolska"]},{"@type":"Person","@id":"https:\/\/www.bandi.pl\/blog\/#\/schema\/person\/5ba05af1a18c58f1c31d4ae051ec9499","name":"Ilona Kiraga"}]}},"_links":{"self":[{"href":"https:\/\/www.bandi.pl\/blog\/wp-json\/wp\/v2\/posts\/20227","targetHints":{"allow":["GET"]}}],"collection":[{"href":"https:\/\/www.bandi.pl\/blog\/wp-json\/wp\/v2\/posts"}],"about":[{"href":"https:\/\/www.bandi.pl\/blog\/wp-json\/wp\/v2\/types\/post"}],"author":[{"embeddable":true,"href":"https:\/\/www.bandi.pl\/blog\/wp-json\/wp\/v2\/users\/13"}],"replies":[{"embeddable":true,"href":"https:\/\/www.bandi.pl\/blog\/wp-json\/wp\/v2\/comments?post=20227"}],"version-history":[{"count":3,"href":"https:\/\/www.bandi.pl\/blog\/wp-json\/wp\/v2\/posts\/20227\/revisions"}],"predecessor-version":[{"id":20231,"href":"https:\/\/www.bandi.pl\/blog\/wp-json\/wp\/v2\/posts\/20227\/revisions\/20231"}],"wp:featuredmedia":[{"embeddable":true,"href":"https:\/\/www.bandi.pl\/blog\/wp-json\/wp\/v2\/media\/20230"}],"wp:attachment":[{"href":"https:\/\/www.bandi.pl\/blog\/wp-json\/wp\/v2\/media?parent=20227"}],"wp:term":[{"taxonomy":"category","embeddable":true,"href":"https:\/\/www.bandi.pl\/blog\/wp-json\/wp\/v2\/categories?post=20227"},{"taxonomy":"post_tag","embeddable":true,"href":"https:\/\/www.bandi.pl\/blog\/wp-json\/wp\/v2\/tags?post=20227"}],"curies":[{"name":"wp","href":"https:\/\/api.w.org\/{rel}","templated":true}]}}